{"id":73034,"date":"2024-11-21T23:00:01","date_gmt":"2024-11-21T21:00:01","guid":{"rendered":"https:\/\/now-news.de\/de\/deutschland\/saluschny-zu-drittem-weltkrieg-willkommen-er-hat-begonnen\/"},"modified":"2024-11-21T23:00:01","modified_gmt":"2024-11-21T21:00:01","slug":"saluschny-zu-drittem-weltkrieg-willkommen-er-hat-begonnen","status":"publish","type":"post","link":"https:\/\/now-news.de\/de\/deutschland\/saluschny-zu-drittem-weltkrieg-willkommen-er-hat-begonnen\/","title":{"rendered":"Saluschny zu Drittem Weltkrieg: &quot;Willkommen \u2013 er hat begonnen&quot;"},"content":{"rendered":"<p><img decoding=\"async\" src=\"https:\/\/now-news.de\/de\/wp-content\/uploads\/sites\/3\/2024\/11\/673f67efb480cc0a6c300528.jpg\" \/><\/p>\n<div class=\"Text-root Text-type_1 \">\n                Der Dritte Weltkrieg habe bereits begonnen, behauptet der Ex-Oberkommandierende der ukrainischen Truppen Waleri Saluschny. Er f\u00fchrte dies darauf zur\u00fcck, dass Russland von anderen Staaten unterst\u00fctzt werde. Der Kreml betonte, dass Moskau \u00fcber ein eigenes Potenzial verf\u00fcge.\n            <\/div>\n<p><\/p>\n<div class=\"Text-root Text-type_5 ArticleView-text ViewText-root \">\n<p>Nach Ansicht des ukrainischen Botschafters in Gro\u00dfbritannien und ehemaligen Chefs der ukrainischen Streitkr\u00e4fte (von Juli\u00a02021 bis Februar\u00a02024) Waleri Saluschny hat der Dritte Weltkrieg bereits begonnen. Seine Worte werden von der Zeitung <em>Ukrainskaja Prawda<\/em> zitiert:<\/p>\n<blockquote>\n<p><em>&#8220;Daher glaube ich, dass der Weltkrieg, willkommen \u2013 er hat begonnen.&#8221;<\/em><\/p>\n<\/blockquote>\n<p>Laut Saluschny ist dies darauf zur\u00fcckzuf\u00fchren, dass Russland von anderen L\u00e4ndern\u00a0\u2013 etwa der DVRK\u00a0und dem Iran\u00a0\u2013 unterst\u00fctzt werde. Er behauptete ferner:<\/p>\n<blockquote>\n<p><em>&#8220;Es ist immer noch m\u00f6glich, alles genau hier, auf dem Territorium der Ukraine, zu stoppen. Aber unsere Partner wollen das aus irgendeinem Grund nicht begreifen. Offensichtlich hat die Ukraine bereits zu viele Feinde.&#8221;<\/em><\/p>\n<\/blockquote>\n<p>Moskau und Pj\u00f6ngjang best\u00e4tigten die Entsendung von Milit\u00e4rangeh\u00f6rigen aus DVRK nach Russland bisher nicht offiziell. Russland und die DVRK schlossen 2024 den Vertrag \u00fcber eine umfassende strategische Partnerschaft. In Artikel\u00a04 dieses Dokuments hei\u00dft es: &#8220;Befindet sich eine der Vertragsparteien aufgrund eines bewaffneten Angriffs durch einen oder mehrere Staaten im Kriegszustand, wird die andere Partei ihr unverz\u00fcglich mit allen ihr zur Verf\u00fcgung stehenden Mitteln milit\u00e4rischen Beistand leisten.&#8221;<\/p>\n<p>Russland bestritt wiederholt die Lieferung von Waffen aus dem Iran und der DVRK. Im September forderte Russlands St\u00e4ndiger Vertreter bei den Vereinten Nationen Wassili Nebensja auf einer Sitzung des Sicherheitsrates, dass die USA und Gro\u00dfbritannien Beweise f\u00fcr solche Lieferungen vorlegen. Er wies darauf hin, dass zu den Beweisen weder Ver\u00f6ffentlichungen in westlichen Medien noch Vermutungen oder Kommentare von Beamten geh\u00f6rten.<\/p>\n<p>Russland habe andere Staaten nicht um Hilfe bei der milit\u00e4rischen Sonderoperation in der Ukraine gebeten, das Land habe ein unabh\u00e4ngiges Potenzial, weiterzuk\u00e4mpfen, betonte Pr\u00e4sidentensprecher Dmitri Peskow.<strong><\/strong><\/p>\n<p><strong>Mehr zum Thema<\/strong> \u2013 <a rel=\"nofollow noopener\" target=\"_blank\" href=\"https:\/\/freedert.online\/international\/225674-gegenseitige-hilfe-bei-angriff-nordkorea\/\">Gegenseitige Hilfe bei Angriff: DVRK ratifiziert wegweisenden Vertrag mit Russland<\/a><\/p>\n<div class=\"EmbedBlock-root EmbedBlock-externalVideo EmbedBlock-rumble\">\n<div class=\"VkEmbed\"><iframe class=\"lazyload\" data-src=\"https:\/\/rumble.com\/embed\/v5pfk0k\" frameborder=\"0\" width=\"853\" height=\"480\" allowfullscreen><\/iframe><\/div>\n<\/div>\n<\/div>\n<p><br \/>\n<br \/><a href=\"https:\/\/de.rt.com\/international\/226811-saluschny-zu-drittem-weltkrieg-willkommen-er-hat-begonnen\/\">Source link <\/a><\/p>\n","protected":false},"excerpt":{"rendered":"<p>Der Dritte Weltkrieg habe bereits begonnen, behauptet der Ex-Oberkommandierende der ukrainischen Truppen Waleri Saluschny. Er f\u00fchrte dies darauf zur\u00fcck, dass Russland von anderen Staaten unterst\u00fctzt werde. Der Kreml betonte, dass Moskau \u00fcber ein eigenes Potenzial verf\u00fcge. Nach Ansicht des ukrainischen Botschafters in Gro\u00dfbritannien und ehemaligen Chefs der ukrainischen Streitkr\u00e4fte (von Juli\u00a02021 bis Februar\u00a02024) Waleri Saluschny [&hellip;]<\/p>\n","protected":false},"author":3,"featured_media":73035,"comment_status":"open","ping_status":"open","sticky":false,"template":"","format":"standard","meta":{"_yoast_indexnow_last_ping":["1732223734"],"wp_automatic_camp":["217"],"febe11f1477b926e2c7229656626f581":["Saluschny zu Drittem Weltkrieg: &quot;Willkommen \u2013 er hat begonnen&quot;"],"original_link":["https:\/\/de.rt.com\/international\/226811-saluschny-zu-drittem-weltkrieg-willkommen-er-hat-begonnen\/"],"_thumbnail_id":["73035"],"_wptgpro_p2tg_sent2tg":["a:1:{i:23737;s:19:\"2024-11-21 23:16:35\";}"],"jnews_social_counter_last_update":["1777342593"]},"categories":[19,23],"tags":[37719,13677,423,55772,38976,3226],"yoast_head":"<!-- This site is optimized with the Yoast SEO Premium plugin v22.7 (Yoast SEO v22.7) - https:\/\/yoast.com\/wordpress\/plugins\/seo\/ -->\n<title>Saluschny zu Drittem Weltkrieg: &quot;Willkommen \u2013 er hat begonnen&quot; - just-now.NEWS Deutschland<\/title>\n<meta name=\"robots\" content=\"index, follow, max-snippet:-1, max-image-preview:large, max-video-preview:-1\" \/>\n<link rel=\"canonical\" href=\"https:\/\/now-news.de\/de\/deutschland\/saluschny-zu-drittem-weltkrieg-willkommen-er-hat-begonnen\/\" \/>\n<meta property=\"og:locale\" content=\"de_DE\" \/>\n<meta property=\"og:type\" content=\"article\" \/>\n<meta property=\"og:title\" content=\"Saluschny zu Drittem Weltkrieg: &quot;Willkommen \u2013 er hat begonnen&quot;\" \/>\n<meta property=\"og:description\" content=\"Der Dritte Weltkrieg habe bereits begonnen, behauptet der Ex-Oberkommandierende der ukrainischen Truppen Waleri Saluschny. Er f\u00fchrte dies darauf zur\u00fcck, dass Russland von anderen Staaten unterst\u00fctzt werde. Der Kreml betonte, dass Moskau \u00fcber ein eigenes Potenzial verf\u00fcge. Nach Ansicht des ukrainischen Botschafters in Gro\u00dfbritannien und ehemaligen Chefs der ukrainischen Streitkr\u00e4fte (von Juli\u00a02021 bis Februar\u00a02024) Waleri Saluschny [&hellip;]\" \/>\n<meta property=\"og:url\" content=\"https:\/\/now-news.de\/de\/deutschland\/saluschny-zu-drittem-weltkrieg-willkommen-er-hat-begonnen\/\" \/>\n<meta property=\"og:site_name\" content=\"just-now.NEWS Deutschland\" \/>\n<meta property=\"article:publisher\" content=\"https:\/\/www.facebook.com\/wirmachenauf\" \/>\n<meta property=\"article:published_time\" content=\"2024-11-21T21:00:01+00:00\" \/>\n<meta property=\"og:image\" content=\"https:\/\/now-news.de\/de\/wp-content\/uploads\/sites\/3\/2024\/11\/673f67efb480cc0a6c300528.jpg\" \/>\n<meta name=\"author\" content=\"rtnews\" \/>\n<meta name=\"twitter:card\" content=\"summary_large_image\" \/>\n<meta name=\"twitter:creator\" content=\"@WirMachenAuf_de\" \/>\n<meta name=\"twitter:site\" content=\"@WirMachenAuf_de\" \/>\n<meta name=\"twitter:label1\" content=\"Verfasst von\" \/>\n\t<meta name=\"twitter:data1\" content=\"rtnews\" \/>\n\t<meta name=\"twitter:label2\" content=\"Gesch\u00e4tzte Lesezeit\" \/>\n\t<meta name=\"twitter:data2\" content=\"2\u00a0Minuten\" \/>\n<script type=\"application\/ld+json\" class=\"yoast-schema-graph\">{\"@context\":\"https:\/\/schema.org\",\"@graph\":[{\"@type\":\"Article\",\"@id\":\"https:\/\/now-news.de\/de\/deutschland\/saluschny-zu-drittem-weltkrieg-willkommen-er-hat-begonnen\/#article\",\"isPartOf\":{\"@id\":\"https:\/\/now-news.de\/de\/deutschland\/saluschny-zu-drittem-weltkrieg-willkommen-er-hat-begonnen\/\"},\"author\":{\"name\":\"rtnews\",\"@id\":\"https:\/\/now-news.de\/de\/#\/schema\/person\/fb534a4e865501d8b3285208df34a9b5\"},\"headline\":\"Saluschny zu Drittem Weltkrieg: &quot;Willkommen \u2013 er hat begonnen&quot;\",\"datePublished\":\"2024-11-21T21:00:01+00:00\",\"dateModified\":\"2024-11-21T21:00:01+00:00\",\"mainEntityOfPage\":{\"@id\":\"https:\/\/now-news.de\/de\/deutschland\/saluschny-zu-drittem-weltkrieg-willkommen-er-hat-begonnen\/\"},\"wordCount\":340,\"commentCount\":0,\"publisher\":{\"@id\":\"https:\/\/now-news.de\/de\/#organization\"},\"image\":{\"@id\":\"https:\/\/now-news.de\/de\/deutschland\/saluschny-zu-drittem-weltkrieg-willkommen-er-hat-begonnen\/#primaryimage\"},\"thumbnailUrl\":\"https:\/\/now-news.de\/de\/wp-content\/uploads\/sites\/3\/2024\/11\/Saluschny-zu-Drittem-Weltkrieg-quotWillkommen-\u2013-er-hat-begonnenquot.jpg\",\"keywords\":[\"begonnenquot\",\"Drittem\",\"hat\",\"quotWillkommen\",\"Saluschny\",\"Weltkrieg\"],\"articleSection\":[\"Deutschland\",\"Russland\"],\"inLanguage\":\"de\",\"potentialAction\":[{\"@type\":\"CommentAction\",\"name\":\"Comment\",\"target\":[\"https:\/\/now-news.de\/de\/deutschland\/saluschny-zu-drittem-weltkrieg-willkommen-er-hat-begonnen\/#respond\"]}]},{\"@type\":\"WebPage\",\"@id\":\"https:\/\/now-news.de\/de\/deutschland\/saluschny-zu-drittem-weltkrieg-willkommen-er-hat-begonnen\/\",\"url\":\"https:\/\/now-news.de\/de\/deutschland\/saluschny-zu-drittem-weltkrieg-willkommen-er-hat-begonnen\/\",\"name\":\"Saluschny zu Drittem Weltkrieg: &quot;Willkommen \u2013 er hat begonnen&quot; - just-now.NEWS Deutschland\",\"isPartOf\":{\"@id\":\"https:\/\/now-news.de\/de\/#website\"},\"primaryImageOfPage\":{\"@id\":\"https:\/\/now-news.de\/de\/deutschland\/saluschny-zu-drittem-weltkrieg-willkommen-er-hat-begonnen\/#primaryimage\"},\"image\":{\"@id\":\"https:\/\/now-news.de\/de\/deutschland\/saluschny-zu-drittem-weltkrieg-willkommen-er-hat-begonnen\/#primaryimage\"},\"thumbnailUrl\":\"https:\/\/now-news.de\/de\/wp-content\/uploads\/sites\/3\/2024\/11\/Saluschny-zu-Drittem-Weltkrieg-quotWillkommen-\u2013-er-hat-begonnenquot.jpg\",\"datePublished\":\"2024-11-21T21:00:01+00:00\",\"dateModified\":\"2024-11-21T21:00:01+00:00\",\"breadcrumb\":{\"@id\":\"https:\/\/now-news.de\/de\/deutschland\/saluschny-zu-drittem-weltkrieg-willkommen-er-hat-begonnen\/#breadcrumb\"},\"inLanguage\":\"de\",\"potentialAction\":[{\"@type\":\"ReadAction\",\"target\":[\"https:\/\/now-news.de\/de\/deutschland\/saluschny-zu-drittem-weltkrieg-willkommen-er-hat-begonnen\/\"]}]},{\"@type\":\"ImageObject\",\"inLanguage\":\"de\",\"@id\":\"https:\/\/now-news.de\/de\/deutschland\/saluschny-zu-drittem-weltkrieg-willkommen-er-hat-begonnen\/#primaryimage\",\"url\":\"https:\/\/now-news.de\/de\/wp-content\/uploads\/sites\/3\/2024\/11\/Saluschny-zu-Drittem-Weltkrieg-quotWillkommen-\u2013-er-hat-begonnenquot.jpg\",\"contentUrl\":\"https:\/\/now-news.de\/de\/wp-content\/uploads\/sites\/3\/2024\/11\/Saluschny-zu-Drittem-Weltkrieg-quotWillkommen-\u2013-er-hat-begonnenquot.jpg\",\"width\":460,\"height\":259,\"caption\":\"Saluschny zu Drittem Weltkrieg: &quot;Willkommen \u2013 er hat begonnen&quot;\"},{\"@type\":\"BreadcrumbList\",\"@id\":\"https:\/\/now-news.de\/de\/deutschland\/saluschny-zu-drittem-weltkrieg-willkommen-er-hat-begonnen\/#breadcrumb\",\"itemListElement\":[{\"@type\":\"ListItem\",\"position\":1,\"name\":\"Home\",\"item\":\"https:\/\/now-news.de\/de\/\"},{\"@type\":\"ListItem\",\"position\":2,\"name\":\"Saluschny zu Drittem Weltkrieg: &quot;Willkommen \u2013 er hat begonnen&quot;\"}]},{\"@type\":\"WebSite\",\"@id\":\"https:\/\/now-news.de\/de\/#website\",\"url\":\"https:\/\/now-news.de\/de\/\",\"name\":\"just-now.NEWS Deutschland\",\"description\":\"Das Portal f\u00fcr unzensierte Nachrichten aus der Welt\",\"publisher\":{\"@id\":\"https:\/\/now-news.de\/de\/#organization\"},\"potentialAction\":[{\"@type\":\"SearchAction\",\"target\":{\"@type\":\"EntryPoint\",\"urlTemplate\":\"https:\/\/now-news.de\/de\/?s={search_term_string}\"},\"query-input\":\"required name=search_term_string\"}],\"inLanguage\":\"de\"},{\"@type\":\"Organization\",\"@id\":\"https:\/\/now-news.de\/de\/#organization\",\"name\":\"Just Now News\",\"url\":\"https:\/\/now-news.de\/de\/\",\"logo\":{\"@type\":\"ImageObject\",\"inLanguage\":\"de\",\"@id\":\"https:\/\/now-news.de\/de\/#\/schema\/logo\/image\/\",\"url\":\"http:\/\/just-now.news\/de\/wp-content\/uploads\/sites\/3\/2022\/04\/logo500x500.jpg\",\"contentUrl\":\"http:\/\/just-now.news\/de\/wp-content\/uploads\/sites\/3\/2022\/04\/logo500x500.jpg\",\"width\":500,\"height\":500,\"caption\":\"Just Now News\"},\"image\":{\"@id\":\"https:\/\/now-news.de\/de\/#\/schema\/logo\/image\/\"},\"sameAs\":[\"https:\/\/www.facebook.com\/wirmachenauf\",\"https:\/\/x.com\/WirMachenAuf_de\"]},{\"@type\":\"Person\",\"@id\":\"https:\/\/now-news.de\/de\/#\/schema\/person\/fb534a4e865501d8b3285208df34a9b5\",\"name\":\"rtnews\",\"image\":{\"@type\":\"ImageObject\",\"inLanguage\":\"de\",\"@id\":\"https:\/\/now-news.de\/de\/#\/schema\/person\/image\/\",\"url\":\"https:\/\/secure.gravatar.com\/avatar\/82aafea7d8127119dd649515f56e2117?s=96&d=mm&r=g\",\"contentUrl\":\"https:\/\/secure.gravatar.com\/avatar\/82aafea7d8127119dd649515f56e2117?s=96&d=mm&r=g\",\"caption\":\"rtnews\"},\"url\":\"https:\/\/now-news.de\/de\/author\/rnews\/\"}]}<\/script>\n<!-- \/ Yoast SEO Premium plugin. -->","yoast_head_json":{"title":"Saluschny zu Drittem Weltkrieg: &quot;Willkommen \u2013 er hat begonnen&quot; - just-now.NEWS Deutschland","robots":{"index":"index","follow":"follow","max-snippet":"max-snippet:-1","max-image-preview":"max-image-preview:large","max-video-preview":"max-video-preview:-1"},"canonical":"https:\/\/now-news.de\/de\/deutschland\/saluschny-zu-drittem-weltkrieg-willkommen-er-hat-begonnen\/","og_locale":"de_DE","og_type":"article","og_title":"Saluschny zu Drittem Weltkrieg: &quot;Willkommen \u2013 er hat begonnen&quot;","og_description":"Der Dritte Weltkrieg habe bereits begonnen, behauptet der Ex-Oberkommandierende der ukrainischen Truppen Waleri Saluschny. Er f\u00fchrte dies darauf zur\u00fcck, dass Russland von anderen Staaten unterst\u00fctzt werde. Der Kreml betonte, dass Moskau \u00fcber ein eigenes Potenzial verf\u00fcge. Nach Ansicht des ukrainischen Botschafters in Gro\u00dfbritannien und ehemaligen Chefs der ukrainischen Streitkr\u00e4fte (von Juli\u00a02021 bis Februar\u00a02024) Waleri Saluschny [&hellip;]","og_url":"https:\/\/now-news.de\/de\/deutschland\/saluschny-zu-drittem-weltkrieg-willkommen-er-hat-begonnen\/","og_site_name":"just-now.NEWS Deutschland","article_publisher":"https:\/\/www.facebook.com\/wirmachenauf","article_published_time":"2024-11-21T21:00:01+00:00","og_image":[{"url":"https:\/\/now-news.de\/de\/wp-content\/uploads\/sites\/3\/2024\/11\/673f67efb480cc0a6c300528.jpg"}],"author":"rtnews","twitter_card":"summary_large_image","twitter_creator":"@WirMachenAuf_de","twitter_site":"@WirMachenAuf_de","twitter_misc":{"Verfasst von":"rtnews","Gesch\u00e4tzte Lesezeit":"2\u00a0Minuten"},"schema":{"@context":"https:\/\/schema.org","@graph":[{"@type":"Article","@id":"https:\/\/now-news.de\/de\/deutschland\/saluschny-zu-drittem-weltkrieg-willkommen-er-hat-begonnen\/#article","isPartOf":{"@id":"https:\/\/now-news.de\/de\/deutschland\/saluschny-zu-drittem-weltkrieg-willkommen-er-hat-begonnen\/"},"author":{"name":"rtnews","@id":"https:\/\/now-news.de\/de\/#\/schema\/person\/fb534a4e865501d8b3285208df34a9b5"},"headline":"Saluschny zu Drittem Weltkrieg: &quot;Willkommen \u2013 er hat begonnen&quot;","datePublished":"2024-11-21T21:00:01+00:00","dateModified":"2024-11-21T21:00:01+00:00","mainEntityOfPage":{"@id":"https:\/\/now-news.de\/de\/deutschland\/saluschny-zu-drittem-weltkrieg-willkommen-er-hat-begonnen\/"},"wordCount":340,"commentCount":0,"publisher":{"@id":"https:\/\/now-news.de\/de\/#organization"},"image":{"@id":"https:\/\/now-news.de\/de\/deutschland\/saluschny-zu-drittem-weltkrieg-willkommen-er-hat-begonnen\/#primaryimage"},"thumbnailUrl":"https:\/\/now-news.de\/de\/wp-content\/uploads\/sites\/3\/2024\/11\/Saluschny-zu-Drittem-Weltkrieg-quotWillkommen-\u2013-er-hat-begonnenquot.jpg","keywords":["begonnenquot","Drittem","hat","quotWillkommen","Saluschny","Weltkrieg"],"articleSection":["Deutschland","Russland"],"inLanguage":"de","potentialAction":[{"@type":"CommentAction","name":"Comment","target":["https:\/\/now-news.de\/de\/deutschland\/saluschny-zu-drittem-weltkrieg-willkommen-er-hat-begonnen\/#respond"]}]},{"@type":"WebPage","@id":"https:\/\/now-news.de\/de\/deutschland\/saluschny-zu-drittem-weltkrieg-willkommen-er-hat-begonnen\/","url":"https:\/\/now-news.de\/de\/deutschland\/saluschny-zu-drittem-weltkrieg-willkommen-er-hat-begonnen\/","name":"Saluschny zu Drittem Weltkrieg: &quot;Willkommen \u2013 er hat begonnen&quot; - just-now.NEWS Deutschland","isPartOf":{"@id":"https:\/\/now-news.de\/de\/#website"},"primaryImageOfPage":{"@id":"https:\/\/now-news.de\/de\/deutschland\/saluschny-zu-drittem-weltkrieg-willkommen-er-hat-begonnen\/#primaryimage"},"image":{"@id":"https:\/\/now-news.de\/de\/deutschland\/saluschny-zu-drittem-weltkrieg-willkommen-er-hat-begonnen\/#primaryimage"},"thumbnailUrl":"https:\/\/now-news.de\/de\/wp-content\/uploads\/sites\/3\/2024\/11\/Saluschny-zu-Drittem-Weltkrieg-quotWillkommen-\u2013-er-hat-begonnenquot.jpg","datePublished":"2024-11-21T21:00:01+00:00","dateModified":"2024-11-21T21:00:01+00:00","breadcrumb":{"@id":"https:\/\/now-news.de\/de\/deutschland\/saluschny-zu-drittem-weltkrieg-willkommen-er-hat-begonnen\/#breadcrumb"},"inLanguage":"de","potentialAction":[{"@type":"ReadAction","target":["https:\/\/now-news.de\/de\/deutschland\/saluschny-zu-drittem-weltkrieg-willkommen-er-hat-begonnen\/"]}]},{"@type":"ImageObject","inLanguage":"de","@id":"https:\/\/now-news.de\/de\/deutschland\/saluschny-zu-drittem-weltkrieg-willkommen-er-hat-begonnen\/#primaryimage","url":"https:\/\/now-news.de\/de\/wp-content\/uploads\/sites\/3\/2024\/11\/Saluschny-zu-Drittem-Weltkrieg-quotWillkommen-\u2013-er-hat-begonnenquot.jpg","contentUrl":"https:\/\/now-news.de\/de\/wp-content\/uploads\/sites\/3\/2024\/11\/Saluschny-zu-Drittem-Weltkrieg-quotWillkommen-\u2013-er-hat-begonnenquot.jpg","width":460,"height":259,"caption":"Saluschny zu Drittem Weltkrieg: &quot;Willkommen \u2013 er hat begonnen&quot;"},{"@type":"BreadcrumbList","@id":"https:\/\/now-news.de\/de\/deutschland\/saluschny-zu-drittem-weltkrieg-willkommen-er-hat-begonnen\/#breadcrumb","itemListElement":[{"@type":"ListItem","position":1,"name":"Home","item":"https:\/\/now-news.de\/de\/"},{"@type":"ListItem","position":2,"name":"Saluschny zu Drittem Weltkrieg: &quot;Willkommen \u2013 er hat begonnen&quot;"}]},{"@type":"WebSite","@id":"https:\/\/now-news.de\/de\/#website","url":"https:\/\/now-news.de\/de\/","name":"just-now.NEWS Deutschland","description":"Das Portal f\u00fcr unzensierte Nachrichten aus der Welt","publisher":{"@id":"https:\/\/now-news.de\/de\/#organization"},"potentialAction":[{"@type":"SearchAction","target":{"@type":"EntryPoint","urlTemplate":"https:\/\/now-news.de\/de\/?s={search_term_string}"},"query-input":"required name=search_term_string"}],"inLanguage":"de"},{"@type":"Organization","@id":"https:\/\/now-news.de\/de\/#organization","name":"Just Now News","url":"https:\/\/now-news.de\/de\/","logo":{"@type":"ImageObject","inLanguage":"de","@id":"https:\/\/now-news.de\/de\/#\/schema\/logo\/image\/","url":"http:\/\/just-now.news\/de\/wp-content\/uploads\/sites\/3\/2022\/04\/logo500x500.jpg","contentUrl":"http:\/\/just-now.news\/de\/wp-content\/uploads\/sites\/3\/2022\/04\/logo500x500.jpg","width":500,"height":500,"caption":"Just Now News"},"image":{"@id":"https:\/\/now-news.de\/de\/#\/schema\/logo\/image\/"},"sameAs":["https:\/\/www.facebook.com\/wirmachenauf","https:\/\/x.com\/WirMachenAuf_de"]},{"@type":"Person","@id":"https:\/\/now-news.de\/de\/#\/schema\/person\/fb534a4e865501d8b3285208df34a9b5","name":"rtnews","image":{"@type":"ImageObject","inLanguage":"de","@id":"https:\/\/now-news.de\/de\/#\/schema\/person\/image\/","url":"https:\/\/secure.gravatar.com\/avatar\/82aafea7d8127119dd649515f56e2117?s=96&d=mm&r=g","contentUrl":"https:\/\/secure.gravatar.com\/avatar\/82aafea7d8127119dd649515f56e2117?s=96&d=mm&r=g","caption":"rtnews"},"url":"https:\/\/now-news.de\/de\/author\/rnews\/"}]}},"_links":{"self":[{"href":"https:\/\/now-news.de\/de\/wp-json\/wp\/v2\/posts\/73034"}],"collection":[{"href":"https:\/\/now-news.de\/de\/wp-json\/wp\/v2\/posts"}],"about":[{"href":"https:\/\/now-news.de\/de\/wp-json\/wp\/v2\/types\/post"}],"author":[{"embeddable":true,"href":"https:\/\/now-news.de\/de\/wp-json\/wp\/v2\/users\/3"}],"replies":[{"embeddable":true,"href":"https:\/\/now-news.de\/de\/wp-json\/wp\/v2\/comments?post=73034"}],"version-history":[{"count":0,"href":"https:\/\/now-news.de\/de\/wp-json\/wp\/v2\/posts\/73034\/revisions"}],"wp:featuredmedia":[{"embeddable":true,"href":"https:\/\/now-news.de\/de\/wp-json\/wp\/v2\/media\/73035"}],"wp:attachment":[{"href":"https:\/\/now-news.de\/de\/wp-json\/wp\/v2\/media?parent=73034"}],"wp:term":[{"taxonomy":"category","embeddable":true,"href":"https:\/\/now-news.de\/de\/wp-json\/wp\/v2\/categories?post=73034"},{"taxonomy":"post_tag","embeddable":true,"href":"https:\/\/now-news.de\/de\/wp-json\/wp\/v2\/tags?post=73034"}],"curies":[{"name":"wp","href":"https:\/\/api.w.org\/{rel}","templated":true}]}}