{"id":73010,"date":"2024-11-21T18:00:57","date_gmt":"2024-11-21T16:00:57","guid":{"rendered":"https:\/\/now-news.de\/de\/deutschland\/nach-erfolg-in-der-schweiz-rt-de-startet-spezielle-rubrik-fuer-oesterreich\/"},"modified":"2024-11-21T18:00:57","modified_gmt":"2024-11-21T16:00:57","slug":"nach-erfolg-in-der-schweiz-rt-de-startet-spezielle-rubrik-fuer-oesterreich","status":"publish","type":"post","link":"https:\/\/now-news.de\/de\/deutschland\/nach-erfolg-in-der-schweiz-rt-de-startet-spezielle-rubrik-fuer-oesterreich\/","title":{"rendered":"Nach Erfolg in der Schweiz: RT DE startet spezielle Rubrik f\u00fcr \u00d6sterreich"},"content":{"rendered":"<p><img decoding=\"async\" src=\"https:\/\/now-news.de\/de\/wp-content\/uploads\/sites\/3\/2024\/11\/673f564848fbef683a113fdb.png\" \/><\/p>\n<div class=\"Text-root Text-type_1 \">\n                Weil die Ampelkoalition in Deutschland wackelt und die Schweizer Liberalen uns nicht ganz einordnen k\u00f6nnen, setzen wir unseren n\u00e4chsten Schritt ins Alpenland, die Heimat von Sebastian Kurz und FP\u00d6, von Falco und Mozart.<\/p>\n<p>Servus \u00d6sterreich!<\/p>\n<p>RT\u00a0DE ist jetzt da \u2013 herzlich willkommen!\n            <\/p><\/div>\n<p><\/p>\n<div class=\"Text-root Text-type_5 ArticleView-text ViewText-root \">\n<p>Aufgrund des gro\u00dfen Interesses unserer Leser aus \u00d6sterreich erweitert <em>RT\u00a0DE<\/em> seine Berichterstattung und startet ab sofort eine eigene Rubrik f\u00fcr das Alpenland.<\/p>\n<p>Ob die Rolle der FP\u00d6, Fragen rund um die Energieversorgung oder die hei\u00df diskutierten Themen, die \u00d6sterreich aktuell bewegen\u00a0\u2013 wir sind f\u00fcr Sie vor Ort, mit einem Ohr am Puls der Nation. Mit spannenden Reportagen, pointierten Meinungen und exklusiven Einblicken liefern wir alles, was Sie interessiert\u00a0\u2013 von Bregenz bis Wien, von Salzburg bis Graz.<\/p>\n<p><strong>Servus, \u00d6sterreich!<\/strong><\/p>\n<p>Unsere neue Rubrik &#8220;\u00d6sterreich&#8221; finden Sie ab sofort prominent auf unserer Seite, gleich neben dem &#8220;Schweiz&#8221;-Knopf. Damit bringen wir die wichtigsten Nachrichten und Hintergr\u00fcnde direkt zu Ihnen \u2013 kritisch, pr\u00e4zise und auf den Punkt.<\/p>\n<p><strong>RT\u00a0DE \u2013 jetzt n\u00e4her dran, auch in \u00d6sterreich!<\/strong><\/p>\n<\/div>\n<p><br \/>\n<br \/><a href=\"https:\/\/de.rt.com\/oesterreich\/226804-nach-erfolg-in-der-schweiz-rt-de-startet-spezielle-rubrik-fuer-oesterreich\/\">Source link <\/a><\/p>\n","protected":false},"excerpt":{"rendered":"<p>Weil die Ampelkoalition in Deutschland wackelt und die Schweizer Liberalen uns nicht ganz einordnen k\u00f6nnen, setzen wir unseren n\u00e4chsten Schritt ins Alpenland, die Heimat von Sebastian Kurz und FP\u00d6, von Falco und Mozart. Servus \u00d6sterreich! RT\u00a0DE ist jetzt da \u2013 herzlich willkommen! Aufgrund des gro\u00dfen Interesses unserer Leser aus \u00d6sterreich erweitert RT\u00a0DE seine Berichterstattung und [&hellip;]<\/p>\n","protected":false},"author":3,"featured_media":73011,"comment_status":"open","ping_status":"open","sticky":false,"template":"","format":"standard","meta":{"_yoast_indexnow_last_ping":["1732205438"],"wp_automatic_camp":["217"],"7f57b3325b40ebd511c1cdac6c915d69":["Nach Erfolg in der Schweiz: RT DE startet spezielle Rubrik f\u00fcr \u00d6sterreich"],"original_link":["https:\/\/de.rt.com\/oesterreich\/226804-nach-erfolg-in-der-schweiz-rt-de-startet-spezielle-rubrik-fuer-oesterreich\/"],"_thumbnail_id":["73011"],"jnews_social_counter_last_update":["1777199995"],"_wptgpro_p2tg_sent2tg":["a:1:{i:23737;s:19:\"2024-11-21 18:11:52\";}"]},"categories":[19,23],"tags":[82,591,221,979,7290,51630,4207,276,1338],"yoast_head":"<!-- This site is optimized with the Yoast SEO Premium plugin v22.7 (Yoast SEO v22.7) - https:\/\/yoast.com\/wordpress\/plugins\/seo\/ -->\n<title>Nach Erfolg in der Schweiz: RT DE startet spezielle Rubrik f\u00fcr \u00d6sterreich - just-now.NEWS Deutschland<\/title>\n<meta name=\"robots\" content=\"index, follow, max-snippet:-1, max-image-preview:large, max-video-preview:-1\" \/>\n<link rel=\"canonical\" href=\"https:\/\/now-news.de\/de\/deutschland\/nach-erfolg-in-der-schweiz-rt-de-startet-spezielle-rubrik-fuer-oesterreich\/\" \/>\n<meta property=\"og:locale\" content=\"de_DE\" \/>\n<meta property=\"og:type\" content=\"article\" \/>\n<meta property=\"og:title\" content=\"Nach Erfolg in der Schweiz: RT DE startet spezielle Rubrik f\u00fcr \u00d6sterreich\" \/>\n<meta property=\"og:description\" content=\"Weil die Ampelkoalition in Deutschland wackelt und die Schweizer Liberalen uns nicht ganz einordnen k\u00f6nnen, setzen wir unseren n\u00e4chsten Schritt ins Alpenland, die Heimat von Sebastian Kurz und FP\u00d6, von Falco und Mozart. Servus \u00d6sterreich! RT\u00a0DE ist jetzt da \u2013 herzlich willkommen! Aufgrund des gro\u00dfen Interesses unserer Leser aus \u00d6sterreich erweitert RT\u00a0DE seine Berichterstattung und [&hellip;]\" \/>\n<meta property=\"og:url\" content=\"https:\/\/now-news.de\/de\/deutschland\/nach-erfolg-in-der-schweiz-rt-de-startet-spezielle-rubrik-fuer-oesterreich\/\" \/>\n<meta property=\"og:site_name\" content=\"just-now.NEWS Deutschland\" \/>\n<meta property=\"article:publisher\" content=\"https:\/\/www.facebook.com\/wirmachenauf\" \/>\n<meta property=\"article:published_time\" content=\"2024-11-21T16:00:57+00:00\" \/>\n<meta property=\"og:image\" content=\"https:\/\/now-news.de\/de\/wp-content\/uploads\/sites\/3\/2024\/11\/673f564848fbef683a113fdb.png\" \/>\n<meta name=\"author\" content=\"rtnews\" \/>\n<meta name=\"twitter:card\" content=\"summary_large_image\" \/>\n<meta name=\"twitter:creator\" content=\"@WirMachenAuf_de\" \/>\n<meta name=\"twitter:site\" content=\"@WirMachenAuf_de\" \/>\n<meta name=\"twitter:label1\" content=\"Verfasst von\" \/>\n\t<meta name=\"twitter:data1\" content=\"rtnews\" \/>\n\t<meta name=\"twitter:label2\" content=\"Gesch\u00e4tzte Lesezeit\" \/>\n\t<meta name=\"twitter:data2\" content=\"1\u00a0Minute\" \/>\n<script type=\"application\/ld+json\" class=\"yoast-schema-graph\">{\"@context\":\"https:\/\/schema.org\",\"@graph\":[{\"@type\":\"Article\",\"@id\":\"https:\/\/now-news.de\/de\/deutschland\/nach-erfolg-in-der-schweiz-rt-de-startet-spezielle-rubrik-fuer-oesterreich\/#article\",\"isPartOf\":{\"@id\":\"https:\/\/now-news.de\/de\/deutschland\/nach-erfolg-in-der-schweiz-rt-de-startet-spezielle-rubrik-fuer-oesterreich\/\"},\"author\":{\"name\":\"rtnews\",\"@id\":\"https:\/\/now-news.de\/de\/#\/schema\/person\/fb534a4e865501d8b3285208df34a9b5\"},\"headline\":\"Nach Erfolg in der Schweiz: RT DE startet spezielle Rubrik f\u00fcr \u00d6sterreich\",\"datePublished\":\"2024-11-21T16:00:57+00:00\",\"dateModified\":\"2024-11-21T16:00:57+00:00\",\"mainEntityOfPage\":{\"@id\":\"https:\/\/now-news.de\/de\/deutschland\/nach-erfolg-in-der-schweiz-rt-de-startet-spezielle-rubrik-fuer-oesterreich\/\"},\"wordCount\":187,\"commentCount\":0,\"publisher\":{\"@id\":\"https:\/\/now-news.de\/de\/#organization\"},\"image\":{\"@id\":\"https:\/\/now-news.de\/de\/deutschland\/nach-erfolg-in-der-schweiz-rt-de-startet-spezielle-rubrik-fuer-oesterreich\/#primaryimage\"},\"thumbnailUrl\":\"https:\/\/now-news.de\/de\/wp-content\/uploads\/sites\/3\/2024\/11\/Nach-Erfolg-in-der-Schweiz-RT-DE-startet-spezielle-Rubrik.png\",\"keywords\":[\"der\",\"Erfolg\",\"f\u00fcr\",\"nach\",\"\u00d6sterreich\",\"Rubrik\",\"schweiz\",\"spezielle\",\"startet\"],\"articleSection\":[\"Deutschland\",\"Russland\"],\"inLanguage\":\"de\",\"potentialAction\":[{\"@type\":\"CommentAction\",\"name\":\"Comment\",\"target\":[\"https:\/\/now-news.de\/de\/deutschland\/nach-erfolg-in-der-schweiz-rt-de-startet-spezielle-rubrik-fuer-oesterreich\/#respond\"]}]},{\"@type\":\"WebPage\",\"@id\":\"https:\/\/now-news.de\/de\/deutschland\/nach-erfolg-in-der-schweiz-rt-de-startet-spezielle-rubrik-fuer-oesterreich\/\",\"url\":\"https:\/\/now-news.de\/de\/deutschland\/nach-erfolg-in-der-schweiz-rt-de-startet-spezielle-rubrik-fuer-oesterreich\/\",\"name\":\"Nach Erfolg in der Schweiz: RT DE startet spezielle Rubrik f\u00fcr \u00d6sterreich - just-now.NEWS Deutschland\",\"isPartOf\":{\"@id\":\"https:\/\/now-news.de\/de\/#website\"},\"primaryImageOfPage\":{\"@id\":\"https:\/\/now-news.de\/de\/deutschland\/nach-erfolg-in-der-schweiz-rt-de-startet-spezielle-rubrik-fuer-oesterreich\/#primaryimage\"},\"image\":{\"@id\":\"https:\/\/now-news.de\/de\/deutschland\/nach-erfolg-in-der-schweiz-rt-de-startet-spezielle-rubrik-fuer-oesterreich\/#primaryimage\"},\"thumbnailUrl\":\"https:\/\/now-news.de\/de\/wp-content\/uploads\/sites\/3\/2024\/11\/Nach-Erfolg-in-der-Schweiz-RT-DE-startet-spezielle-Rubrik.png\",\"datePublished\":\"2024-11-21T16:00:57+00:00\",\"dateModified\":\"2024-11-21T16:00:57+00:00\",\"breadcrumb\":{\"@id\":\"https:\/\/now-news.de\/de\/deutschland\/nach-erfolg-in-der-schweiz-rt-de-startet-spezielle-rubrik-fuer-oesterreich\/#breadcrumb\"},\"inLanguage\":\"de\",\"potentialAction\":[{\"@type\":\"ReadAction\",\"target\":[\"https:\/\/now-news.de\/de\/deutschland\/nach-erfolg-in-der-schweiz-rt-de-startet-spezielle-rubrik-fuer-oesterreich\/\"]}]},{\"@type\":\"ImageObject\",\"inLanguage\":\"de\",\"@id\":\"https:\/\/now-news.de\/de\/deutschland\/nach-erfolg-in-der-schweiz-rt-de-startet-spezielle-rubrik-fuer-oesterreich\/#primaryimage\",\"url\":\"https:\/\/now-news.de\/de\/wp-content\/uploads\/sites\/3\/2024\/11\/Nach-Erfolg-in-der-Schweiz-RT-DE-startet-spezielle-Rubrik.png\",\"contentUrl\":\"https:\/\/now-news.de\/de\/wp-content\/uploads\/sites\/3\/2024\/11\/Nach-Erfolg-in-der-Schweiz-RT-DE-startet-spezielle-Rubrik.png\",\"width\":460,\"height\":259,\"caption\":\"Nach Erfolg in der Schweiz: RT DE startet spezielle Rubrik f\u00fcr \u00d6sterreich\"},{\"@type\":\"BreadcrumbList\",\"@id\":\"https:\/\/now-news.de\/de\/deutschland\/nach-erfolg-in-der-schweiz-rt-de-startet-spezielle-rubrik-fuer-oesterreich\/#breadcrumb\",\"itemListElement\":[{\"@type\":\"ListItem\",\"position\":1,\"name\":\"Home\",\"item\":\"https:\/\/now-news.de\/de\/\"},{\"@type\":\"ListItem\",\"position\":2,\"name\":\"Nach Erfolg in der Schweiz: RT DE startet spezielle Rubrik f\u00fcr \u00d6sterreich\"}]},{\"@type\":\"WebSite\",\"@id\":\"https:\/\/now-news.de\/de\/#website\",\"url\":\"https:\/\/now-news.de\/de\/\",\"name\":\"just-now.NEWS Deutschland\",\"description\":\"Das Portal f\u00fcr unzensierte Nachrichten aus der Welt\",\"publisher\":{\"@id\":\"https:\/\/now-news.de\/de\/#organization\"},\"potentialAction\":[{\"@type\":\"SearchAction\",\"target\":{\"@type\":\"EntryPoint\",\"urlTemplate\":\"https:\/\/now-news.de\/de\/?s={search_term_string}\"},\"query-input\":\"required name=search_term_string\"}],\"inLanguage\":\"de\"},{\"@type\":\"Organization\",\"@id\":\"https:\/\/now-news.de\/de\/#organization\",\"name\":\"Just Now News\",\"url\":\"https:\/\/now-news.de\/de\/\",\"logo\":{\"@type\":\"ImageObject\",\"inLanguage\":\"de\",\"@id\":\"https:\/\/now-news.de\/de\/#\/schema\/logo\/image\/\",\"url\":\"http:\/\/just-now.news\/de\/wp-content\/uploads\/sites\/3\/2022\/04\/logo500x500.jpg\",\"contentUrl\":\"http:\/\/just-now.news\/de\/wp-content\/uploads\/sites\/3\/2022\/04\/logo500x500.jpg\",\"width\":500,\"height\":500,\"caption\":\"Just Now News\"},\"image\":{\"@id\":\"https:\/\/now-news.de\/de\/#\/schema\/logo\/image\/\"},\"sameAs\":[\"https:\/\/www.facebook.com\/wirmachenauf\",\"https:\/\/x.com\/WirMachenAuf_de\"]},{\"@type\":\"Person\",\"@id\":\"https:\/\/now-news.de\/de\/#\/schema\/person\/fb534a4e865501d8b3285208df34a9b5\",\"name\":\"rtnews\",\"image\":{\"@type\":\"ImageObject\",\"inLanguage\":\"de\",\"@id\":\"https:\/\/now-news.de\/de\/#\/schema\/person\/image\/\",\"url\":\"https:\/\/secure.gravatar.com\/avatar\/82aafea7d8127119dd649515f56e2117?s=96&d=mm&r=g\",\"contentUrl\":\"https:\/\/secure.gravatar.com\/avatar\/82aafea7d8127119dd649515f56e2117?s=96&d=mm&r=g\",\"caption\":\"rtnews\"},\"url\":\"https:\/\/now-news.de\/de\/author\/rnews\/\"}]}<\/script>\n<!-- \/ Yoast SEO Premium plugin. -->","yoast_head_json":{"title":"Nach Erfolg in der Schweiz: RT DE startet spezielle Rubrik f\u00fcr \u00d6sterreich - just-now.NEWS Deutschland","robots":{"index":"index","follow":"follow","max-snippet":"max-snippet:-1","max-image-preview":"max-image-preview:large","max-video-preview":"max-video-preview:-1"},"canonical":"https:\/\/now-news.de\/de\/deutschland\/nach-erfolg-in-der-schweiz-rt-de-startet-spezielle-rubrik-fuer-oesterreich\/","og_locale":"de_DE","og_type":"article","og_title":"Nach Erfolg in der Schweiz: RT DE startet spezielle Rubrik f\u00fcr \u00d6sterreich","og_description":"Weil die Ampelkoalition in Deutschland wackelt und die Schweizer Liberalen uns nicht ganz einordnen k\u00f6nnen, setzen wir unseren n\u00e4chsten Schritt ins Alpenland, die Heimat von Sebastian Kurz und FP\u00d6, von Falco und Mozart. Servus \u00d6sterreich! RT\u00a0DE ist jetzt da \u2013 herzlich willkommen! Aufgrund des gro\u00dfen Interesses unserer Leser aus \u00d6sterreich erweitert RT\u00a0DE seine Berichterstattung und [&hellip;]","og_url":"https:\/\/now-news.de\/de\/deutschland\/nach-erfolg-in-der-schweiz-rt-de-startet-spezielle-rubrik-fuer-oesterreich\/","og_site_name":"just-now.NEWS Deutschland","article_publisher":"https:\/\/www.facebook.com\/wirmachenauf","article_published_time":"2024-11-21T16:00:57+00:00","og_image":[{"url":"https:\/\/now-news.de\/de\/wp-content\/uploads\/sites\/3\/2024\/11\/673f564848fbef683a113fdb.png"}],"author":"rtnews","twitter_card":"summary_large_image","twitter_creator":"@WirMachenAuf_de","twitter_site":"@WirMachenAuf_de","twitter_misc":{"Verfasst von":"rtnews","Gesch\u00e4tzte Lesezeit":"1\u00a0Minute"},"schema":{"@context":"https:\/\/schema.org","@graph":[{"@type":"Article","@id":"https:\/\/now-news.de\/de\/deutschland\/nach-erfolg-in-der-schweiz-rt-de-startet-spezielle-rubrik-fuer-oesterreich\/#article","isPartOf":{"@id":"https:\/\/now-news.de\/de\/deutschland\/nach-erfolg-in-der-schweiz-rt-de-startet-spezielle-rubrik-fuer-oesterreich\/"},"author":{"name":"rtnews","@id":"https:\/\/now-news.de\/de\/#\/schema\/person\/fb534a4e865501d8b3285208df34a9b5"},"headline":"Nach Erfolg in der Schweiz: RT DE startet spezielle Rubrik f\u00fcr \u00d6sterreich","datePublished":"2024-11-21T16:00:57+00:00","dateModified":"2024-11-21T16:00:57+00:00","mainEntityOfPage":{"@id":"https:\/\/now-news.de\/de\/deutschland\/nach-erfolg-in-der-schweiz-rt-de-startet-spezielle-rubrik-fuer-oesterreich\/"},"wordCount":187,"commentCount":0,"publisher":{"@id":"https:\/\/now-news.de\/de\/#organization"},"image":{"@id":"https:\/\/now-news.de\/de\/deutschland\/nach-erfolg-in-der-schweiz-rt-de-startet-spezielle-rubrik-fuer-oesterreich\/#primaryimage"},"thumbnailUrl":"https:\/\/now-news.de\/de\/wp-content\/uploads\/sites\/3\/2024\/11\/Nach-Erfolg-in-der-Schweiz-RT-DE-startet-spezielle-Rubrik.png","keywords":["der","Erfolg","f\u00fcr","nach","\u00d6sterreich","Rubrik","schweiz","spezielle","startet"],"articleSection":["Deutschland","Russland"],"inLanguage":"de","potentialAction":[{"@type":"CommentAction","name":"Comment","target":["https:\/\/now-news.de\/de\/deutschland\/nach-erfolg-in-der-schweiz-rt-de-startet-spezielle-rubrik-fuer-oesterreich\/#respond"]}]},{"@type":"WebPage","@id":"https:\/\/now-news.de\/de\/deutschland\/nach-erfolg-in-der-schweiz-rt-de-startet-spezielle-rubrik-fuer-oesterreich\/","url":"https:\/\/now-news.de\/de\/deutschland\/nach-erfolg-in-der-schweiz-rt-de-startet-spezielle-rubrik-fuer-oesterreich\/","name":"Nach Erfolg in der Schweiz: RT DE startet spezielle Rubrik f\u00fcr \u00d6sterreich - just-now.NEWS Deutschland","isPartOf":{"@id":"https:\/\/now-news.de\/de\/#website"},"primaryImageOfPage":{"@id":"https:\/\/now-news.de\/de\/deutschland\/nach-erfolg-in-der-schweiz-rt-de-startet-spezielle-rubrik-fuer-oesterreich\/#primaryimage"},"image":{"@id":"https:\/\/now-news.de\/de\/deutschland\/nach-erfolg-in-der-schweiz-rt-de-startet-spezielle-rubrik-fuer-oesterreich\/#primaryimage"},"thumbnailUrl":"https:\/\/now-news.de\/de\/wp-content\/uploads\/sites\/3\/2024\/11\/Nach-Erfolg-in-der-Schweiz-RT-DE-startet-spezielle-Rubrik.png","datePublished":"2024-11-21T16:00:57+00:00","dateModified":"2024-11-21T16:00:57+00:00","breadcrumb":{"@id":"https:\/\/now-news.de\/de\/deutschland\/nach-erfolg-in-der-schweiz-rt-de-startet-spezielle-rubrik-fuer-oesterreich\/#breadcrumb"},"inLanguage":"de","potentialAction":[{"@type":"ReadAction","target":["https:\/\/now-news.de\/de\/deutschland\/nach-erfolg-in-der-schweiz-rt-de-startet-spezielle-rubrik-fuer-oesterreich\/"]}]},{"@type":"ImageObject","inLanguage":"de","@id":"https:\/\/now-news.de\/de\/deutschland\/nach-erfolg-in-der-schweiz-rt-de-startet-spezielle-rubrik-fuer-oesterreich\/#primaryimage","url":"https:\/\/now-news.de\/de\/wp-content\/uploads\/sites\/3\/2024\/11\/Nach-Erfolg-in-der-Schweiz-RT-DE-startet-spezielle-Rubrik.png","contentUrl":"https:\/\/now-news.de\/de\/wp-content\/uploads\/sites\/3\/2024\/11\/Nach-Erfolg-in-der-Schweiz-RT-DE-startet-spezielle-Rubrik.png","width":460,"height":259,"caption":"Nach Erfolg in der Schweiz: RT DE startet spezielle Rubrik f\u00fcr \u00d6sterreich"},{"@type":"BreadcrumbList","@id":"https:\/\/now-news.de\/de\/deutschland\/nach-erfolg-in-der-schweiz-rt-de-startet-spezielle-rubrik-fuer-oesterreich\/#breadcrumb","itemListElement":[{"@type":"ListItem","position":1,"name":"Home","item":"https:\/\/now-news.de\/de\/"},{"@type":"ListItem","position":2,"name":"Nach Erfolg in der Schweiz: RT DE startet spezielle Rubrik f\u00fcr \u00d6sterreich"}]},{"@type":"WebSite","@id":"https:\/\/now-news.de\/de\/#website","url":"https:\/\/now-news.de\/de\/","name":"just-now.NEWS Deutschland","description":"Das Portal f\u00fcr unzensierte Nachrichten aus der Welt","publisher":{"@id":"https:\/\/now-news.de\/de\/#organization"},"potentialAction":[{"@type":"SearchAction","target":{"@type":"EntryPoint","urlTemplate":"https:\/\/now-news.de\/de\/?s={search_term_string}"},"query-input":"required name=search_term_string"}],"inLanguage":"de"},{"@type":"Organization","@id":"https:\/\/now-news.de\/de\/#organization","name":"Just Now News","url":"https:\/\/now-news.de\/de\/","logo":{"@type":"ImageObject","inLanguage":"de","@id":"https:\/\/now-news.de\/de\/#\/schema\/logo\/image\/","url":"http:\/\/just-now.news\/de\/wp-content\/uploads\/sites\/3\/2022\/04\/logo500x500.jpg","contentUrl":"http:\/\/just-now.news\/de\/wp-content\/uploads\/sites\/3\/2022\/04\/logo500x500.jpg","width":500,"height":500,"caption":"Just Now News"},"image":{"@id":"https:\/\/now-news.de\/de\/#\/schema\/logo\/image\/"},"sameAs":["https:\/\/www.facebook.com\/wirmachenauf","https:\/\/x.com\/WirMachenAuf_de"]},{"@type":"Person","@id":"https:\/\/now-news.de\/de\/#\/schema\/person\/fb534a4e865501d8b3285208df34a9b5","name":"rtnews","image":{"@type":"ImageObject","inLanguage":"de","@id":"https:\/\/now-news.de\/de\/#\/schema\/person\/image\/","url":"https:\/\/secure.gravatar.com\/avatar\/82aafea7d8127119dd649515f56e2117?s=96&d=mm&r=g","contentUrl":"https:\/\/secure.gravatar.com\/avatar\/82aafea7d8127119dd649515f56e2117?s=96&d=mm&r=g","caption":"rtnews"},"url":"https:\/\/now-news.de\/de\/author\/rnews\/"}]}},"_links":{"self":[{"href":"https:\/\/now-news.de\/de\/wp-json\/wp\/v2\/posts\/73010"}],"collection":[{"href":"https:\/\/now-news.de\/de\/wp-json\/wp\/v2\/posts"}],"about":[{"href":"https:\/\/now-news.de\/de\/wp-json\/wp\/v2\/types\/post"}],"author":[{"embeddable":true,"href":"https:\/\/now-news.de\/de\/wp-json\/wp\/v2\/users\/3"}],"replies":[{"embeddable":true,"href":"https:\/\/now-news.de\/de\/wp-json\/wp\/v2\/comments?post=73010"}],"version-history":[{"count":0,"href":"https:\/\/now-news.de\/de\/wp-json\/wp\/v2\/posts\/73010\/revisions"}],"wp:featuredmedia":[{"embeddable":true,"href":"https:\/\/now-news.de\/de\/wp-json\/wp\/v2\/media\/73011"}],"wp:attachment":[{"href":"https:\/\/now-news.de\/de\/wp-json\/wp\/v2\/media?parent=73010"}],"wp:term":[{"taxonomy":"category","embeddable":true,"href":"https:\/\/now-news.de\/de\/wp-json\/wp\/v2\/categories?post=73010"},{"taxonomy":"post_tag","embeddable":true,"href":"https:\/\/now-news.de\/de\/wp-json\/wp\/v2\/tags?post=73010"}],"curies":[{"name":"wp","href":"https:\/\/api.w.org\/{rel}","templated":true}]}}