{"id":7300,"date":"2022-05-10T15:30:00","date_gmt":"2022-05-10T13:30:00","guid":{"rendered":"http:\/\/just-now.news\/de\/deutschland\/liveticker-zum-ukraine-krieg-nicht-nur-pck-schwedt-auch-bulgarien-warnt-vor-oel-embargo\/"},"modified":"2022-05-10T15:30:00","modified_gmt":"2022-05-10T13:30:00","slug":"liveticker-zum-ukraine-krieg-nicht-nur-pck-schwedt-auch-bulgarien-warnt-vor-oel-embargo","status":"publish","type":"post","link":"https:\/\/now-news.de\/de\/deutschland\/liveticker-zum-ukraine-krieg-nicht-nur-pck-schwedt-auch-bulgarien-warnt-vor-oel-embargo\/","title":{"rendered":"Liveticker zum Ukraine-Krieg: Nicht nur PCK Schwedt \u2013 auch Bulgarien warnt vor \u00d6l-Embargo"},"content":{"rendered":"<div class=\"ArticleView-liveUpdates\">\n<div class=\"LiveUpdates-root\">\n<div class=\"LiveUpdates-content\">\n<ul class=\"LiveUpdates-list Listing-root\" data-listing=\"LiveUpdates\" data-count=\"10\">\n<li class=\"LiveUpdates-item Listing-item\">\n<div class=\"LiveUpdates-date\">\n<p class=\"HeaderNews-root HeaderNews-type_2 \">\n                10.05.2022 17:30 Uhr\n            <\/p>\n<\/div>\n<div class=\"LiveUpdate-root\">\n<div class=\"LiveUpdate-date\">\n<p class=\"HeaderNews-root HeaderNews-type_6 \">\n                17:30 Uhr\n            <\/p>\n<\/div>\n<div class=\"LiveUpdate-content\">\n<div class=\"LiveUpdate-text\">\n<div class=\"Text-root Text-type_5 ViewText-root\">\n<h4>Ukraine-Krieg: UN meldet rund acht Millionen Binnenfl\u00fcchtlinge\u00a0<\/h4>\n<figure class=\"RTImage-root\">\n<div class=\"RTImage-image RTImage-original\"><picture class=\"Picture-root Picture-original\"><!--[if IE 9]><video style=\"display: none;\"><![endif]--><source media=\"(-webkit-min-device-pixel-ratio: 2) and (min-resolution: 120dpi)\" data-srcset=\" \nhttp:\/\/just-now.news\/de\/wp-content\/uploads\/sites\/3\/2022\/05\/Liveticker-zum-Ukraine-Krieg-Nicht-nur-PCK-Schwedt-\u2013-auch-Bulgarien.jpg 850w,\n                http:\/\/just-now.news\/de\/wp-content\/uploads\/sites\/3\/2022\/05\/Liveticker-zum-Ukraine-Krieg-Nicht-nur-PCK-Schwedt-\u2013-auch-Bulgarien.jpg 1960w,\n            \" ><source data-srcset=\" \nhttp:\/\/just-now.news\/de\/wp-content\/uploads\/sites\/3\/2022\/05\/Liveticker-zum-Ukraine-Krieg-Nicht-nur-PCK-Schwedt-\u2013-auch-Bulgarien.jpg 460w,\n              http:\/\/just-now.news\/de\/wp-content\/uploads\/sites\/3\/2022\/05\/Liveticker-zum-Ukraine-Krieg-Nicht-nur-PCK-Schwedt-\u2013-auch-Bulgarien.jpg 980w,\n            \" ><!--[if IE 9]><\/video><![endif]--><\/source><\/source><\/picture><!-- noscript pattern --><noscript><img decoding=\"async\" src=\"http:\/\/just-now.news\/de\/wp-content\/uploads\/sites\/3\/2022\/05\/Liveticker-zum-Ukraine-Krieg-Nicht-nur-PCK-Schwedt-\u2013-auch-Bulgarien.jpg\" alt=\"\"><\/noscript><\/div><figcaption class=\"RTImage-footer\"><span class=\"RTImage-caption\"><span class=\"RTImage-captionItem\">Viele Menschen sind in der Ukraine auf der Flucht vor dem Krieg.<\/span><\/span><span class=\"RTImage-source\"><span class=\"RTImage-captionItem\">SOPA Images<\/span><span class=\"RTImage-captionItem\"> \/ Gettyimages.ru<\/span><\/span><\/figcaption><\/figure>\n<p>Infolge des Kriegs in der Ukraine\u00a0sind innerhalb des Landes inzwischen etwa acht Millionen Menschen\u00a0auf der Flucht. Dies ergeben Zahlen der Migrationsagentur der Vereinten Nationen (UN). Wegen des Ausma\u00dfes des Krieges z\u00f6gen 44 Prozent der Binnenfl\u00fcchtlinge einer Umfrage zufolge zudem eine weitere Umsiedelung in Betracht. Vor Beginn des Krieges lebten rund 44 Millionen Menschen in der Ukraine. Millionen sind ins Ausland geflohen. Die meisten Fl\u00fcchtlinge flohen demnach nach\u00a0Polen\u00a0\u2013 genauer gesagt: zwei Drittel aller Menschen, die die Ukraine bislang verlassen haben.<\/p>\n<\/div>\n<\/div>\n<\/div>\n<\/div>\n<\/li>\n<li class=\"LiveUpdates-item Listing-item\">\n<div class=\"LiveUpdate-root\">\n<div class=\"LiveUpdate-date\">\n<p class=\"HeaderNews-root HeaderNews-type_6 \">\n                17:00 Uhr\n            <\/p>\n<\/div>\n<div class=\"LiveUpdate-content\">\n<div class=\"LiveUpdate-text\">\n<div class=\"Text-root Text-type_5 ViewText-root\">\n<p><strong>Baerbock dekretiert in der Ukraine: Abkehr Deutschlands von russischer Energie &#8220;f\u00fcr immer&#8221;<\/strong><\/p>\n<figure class=\"RTImage-root\">\n<div class=\"RTImage-image RTImage-original\"><picture class=\"Picture-root Picture-original\"><!--[if IE 9]><video style=\"display: none;\"><![endif]--><source media=\"(-webkit-min-device-pixel-ratio: 2) and (min-resolution: 120dpi)\" data-srcset=\" \nhttp:\/\/just-now.news\/de\/wp-content\/uploads\/sites\/3\/2022\/05\/1652197637_823_Liveticker-zum-Ukraine-Krieg-Nicht-nur-PCK-Schwedt-\u2013-auch-Bulgarien.jpg 850w,\n                http:\/\/just-now.news\/de\/wp-content\/uploads\/sites\/3\/2022\/05\/1652197638_470_Liveticker-zum-Ukraine-Krieg-Nicht-nur-PCK-Schwedt-\u2013-auch-Bulgarien.jpg 1960w,\n            \" ><source data-srcset=\" \nhttp:\/\/just-now.news\/de\/wp-content\/uploads\/sites\/3\/2022\/05\/1652197637_823_Liveticker-zum-Ukraine-Krieg-Nicht-nur-PCK-Schwedt-\u2013-auch-Bulgarien.jpg 460w,\n              http:\/\/just-now.news\/de\/wp-content\/uploads\/sites\/3\/2022\/05\/1652197638_470_Liveticker-zum-Ukraine-Krieg-Nicht-nur-PCK-Schwedt-\u2013-auch-Bulgarien.jpg 980w,\n            \" ><!--[if IE 9]><\/video><![endif]--><img decoding=\"async\" data- src=\"data:image\/png;base64,iVBORw0KGgoAAAANSUhEUgAAABAAAAAJCAQAAACRI2S5AAAAEElEQVR42mNkIAAYRxWAAQAG9gAKqv6+AwAAAABJRU5ErkJggg==\" class=\"Picture-root Picture-original lazyload\" data-src=\"http:\/\/just-now.news\/de\/wp-content\/uploads\/sites\/3\/2022\/05\/1652197637_823_Liveticker-zum-Ukraine-Krieg-Nicht-nur-PCK-Schwedt-\u2013-auch-Bulgarien.jpg\" alt=\"\"><\/source><\/source><\/picture><!-- noscript pattern --><noscript><img decoding=\"async\" src=\"http:\/\/just-now.news\/de\/wp-content\/uploads\/sites\/3\/2022\/05\/1652197638_470_Liveticker-zum-Ukraine-Krieg-Nicht-nur-PCK-Schwedt-\u2013-auch-Bulgarien.jpg\" alt=\"\"><\/noscript><\/div><figcaption class=\"RTImage-footer\"><span class=\"RTImage-caption\"><span class=\"RTImage-captionItem\">Au\u00dfenministerin Annalena Baerbock bei der Pressekonferenz mit ihrem ukrainischen Amtkollegen Dmitri Kuleba in Kiew, 10. Mai 2022<\/span><\/span><span class=\"RTImage-source\"><span class=\"RTImage-captionItem\">IMAGO\/Florian Gaertner via www.imago-images.de<\/span><span class=\"RTImage-captionItem\"> \/ www.globallookpress.com<\/span><\/span><\/figcaption><\/figure>\n<p>Wie die\u00a0<em>dpa<\/em> berichtet, hat Au\u00dfenministerin Annalena Baerbock (Gr\u00fcne) bei ihrem Besuch in Kiew erkl\u00e4rt, dass Deutschland k\u00fcnftig komplett ohne Energie des angeblichen &#8220;Aggressors&#8221; Russland auskommen wolle. &#8220;Deshalb reduzieren wir mit aller Konsequenz unsere Abh\u00e4ngigkeit von russischer Energie auf Null \u2013 und zwar f\u00fcr immer&#8221;, meinte die Ministerin am Dienstag in Kiew bei einer Pressekonferenz mit ihrem Kollegen Dmitri Kuleba.<\/p>\n<p>Deutschland ist bislang vor allem von russischem Gas abh\u00e4ngig. Russland sei ein &#8220;Aggressor&#8221;, der keine Regeln achte und Kriegsverbrechen begehe, behauptete Baerbock. Es k\u00f6nne daher k\u00fcnftig keine Verst\u00e4ndigung mit diesem Land mehr geben, \u00fcber die K\u00f6pfe der Ukrainer hinweg. Deutschland stehe in dieser Zeit ohne Zweifel unverr\u00fcckbar an der Seite der Ukraine, betonte Baerbock.<\/p>\n<\/div>\n<\/div>\n<\/div>\n<\/div>\n<\/li>\n<li class=\"LiveUpdates-item Listing-item\">\n<div class=\"LiveUpdate-root\">\n<div class=\"LiveUpdate-date\">\n<p class=\"HeaderNews-root HeaderNews-type_6 \">\n                16:30 Uhr\n            <\/p>\n<\/div>\n<div class=\"LiveUpdate-content\">\n<div class=\"LiveUpdate-text\">\n<div class=\"Text-root Text-type_5 ViewText-root\">\n<h4>Baerbock k\u00fcndigt Wiederer\u00f6ffnung der deutschen Botschaft in Kiew an\u00a0<\/h4>\n<figure class=\"RTImage-root\">\n<div class=\"RTImage-image RTImage-original\"><picture class=\"Picture-root Picture-original\"><!--[if IE 9]><video style=\"display: none;\"><![endif]--><source media=\"(-webkit-min-device-pixel-ratio: 2) and (min-resolution: 120dpi)\" data-srcset=\" \nhttp:\/\/just-now.news\/de\/wp-content\/uploads\/sites\/3\/2022\/05\/1652197638_736_Liveticker-zum-Ukraine-Krieg-Nicht-nur-PCK-Schwedt-\u2013-auch-Bulgarien.jpg 850w,\n                http:\/\/just-now.news\/de\/wp-content\/uploads\/sites\/3\/2022\/05\/1652197638_736_Liveticker-zum-Ukraine-Krieg-Nicht-nur-PCK-Schwedt-\u2013-auch-Bulgarien.jpg 1960w,\n            \" ><source data-srcset=\" \nhttp:\/\/just-now.news\/de\/wp-content\/uploads\/sites\/3\/2022\/05\/1652197638_736_Liveticker-zum-Ukraine-Krieg-Nicht-nur-PCK-Schwedt-\u2013-auch-Bulgarien.jpg 460w,\n              http:\/\/just-now.news\/de\/wp-content\/uploads\/sites\/3\/2022\/05\/1652197638_736_Liveticker-zum-Ukraine-Krieg-Nicht-nur-PCK-Schwedt-\u2013-auch-Bulgarien.jpg 980w,\n            \" ><!--[if IE 9]><\/video><![endif]--><img decoding=\"async\" data- src=\"data:image\/png;base64,iVBORw0KGgoAAAANSUhEUgAAABAAAAAJCAQAAACRI2S5AAAAEElEQVR42mNkIAAYRxWAAQAG9gAKqv6+AwAAAABJRU5ErkJggg==\" class=\"Picture-root Picture-original lazyload\" data-src=\"http:\/\/just-now.news\/de\/wp-content\/uploads\/sites\/3\/2022\/05\/1652197638_736_Liveticker-zum-Ukraine-Krieg-Nicht-nur-PCK-Schwedt-\u2013-auch-Bulgarien.jpg\" alt=\"\"><\/source><\/source><\/picture><!-- noscript pattern --><noscript><img decoding=\"async\" src=\"http:\/\/just-now.news\/de\/wp-content\/uploads\/sites\/3\/2022\/05\/1652197638_736_Liveticker-zum-Ukraine-Krieg-Nicht-nur-PCK-Schwedt-\u2013-auch-Bulgarien.jpg\" alt=\"\"><\/noscript><\/div><figcaption class=\"RTImage-footer\"><span class=\"RTImage-caption\"><span class=\"RTImage-captionItem\">Bundesau\u00dfenministerin Annalena Baerbock bei ihrem Besuch in Kiew.<\/span><\/span><span class=\"RTImage-source\"><span class=\"RTImage-captionItem\">picture alliance<\/span><span class=\"RTImage-captionItem\"> \/ Gettyimages.ru<\/span><\/span><\/figcaption><\/figure>\n<p>W\u00e4hrend ihres Besuchs in Kiew hat Au\u00dfenministerin Annalena Baerbock (B\u00fcndnis 90\/Die Gr\u00fcnen) die Wiederer\u00f6ffnung der Mitte Februar geschlossenen deutschen Botschaft in der ukrainischen Hauptstadt angek\u00fcndigt. Noch am Dienstag werde die Arbeit der Botschaft wieder aufgenommen, erkl\u00e4rte die Gr\u00fcnen-Politikerin in einer gemeinsamen Pressekonferenz mit ihrem ukrainischen Amtskollegen Dmytro Kuleba in Kiew. Allerdings werde es in der Botschaft zun\u00e4chst nur einen eingeschr\u00e4nkten Betrieb geben, erg\u00e4nzte sie.\u00a0<\/p>\n<\/div>\n<\/div>\n<\/div>\n<\/div>\n<\/li>\n<li class=\"LiveUpdates-item Listing-item\">\n<div class=\"LiveUpdate-root\">\n<div class=\"LiveUpdate-date\">\n<p class=\"HeaderNews-root HeaderNews-type_6 \">\n                16:00 Uhr\n            <\/p>\n<\/div>\n<div class=\"LiveUpdate-content\">\n<div class=\"LiveUpdate-text\">\n<div class=\"Text-root Text-type_5 ViewText-root\">\n<h4>Finnlands Verteidigungsausschuss empfiehlt NATO-Beitritt<\/h4>\n<figure class=\"RTImage-root\">\n<div class=\"RTImage-image RTImage-original\"><picture class=\"Picture-root Picture-original\"><!--[if IE 9]><video style=\"display: none;\"><![endif]--><source media=\"(-webkit-min-device-pixel-ratio: 2) and (min-resolution: 120dpi)\" data-srcset=\" \nhttp:\/\/just-now.news\/de\/wp-content\/uploads\/sites\/3\/2022\/05\/1652197638_146_Liveticker-zum-Ukraine-Krieg-Nicht-nur-PCK-Schwedt-\u2013-auch-Bulgarien.jpg 850w,\n                http:\/\/just-now.news\/de\/wp-content\/uploads\/sites\/3\/2022\/05\/1652197638_146_Liveticker-zum-Ukraine-Krieg-Nicht-nur-PCK-Schwedt-\u2013-auch-Bulgarien.jpg 1960w,\n            \" ><source data-srcset=\" \nhttp:\/\/just-now.news\/de\/wp-content\/uploads\/sites\/3\/2022\/05\/1652197638_146_Liveticker-zum-Ukraine-Krieg-Nicht-nur-PCK-Schwedt-\u2013-auch-Bulgarien.jpg 460w,\n              http:\/\/just-now.news\/de\/wp-content\/uploads\/sites\/3\/2022\/05\/1652197638_146_Liveticker-zum-Ukraine-Krieg-Nicht-nur-PCK-Schwedt-\u2013-auch-Bulgarien.jpg 980w,\n            \" ><!--[if IE 9]><\/video><![endif]--><img decoding=\"async\" data- src=\"data:image\/png;base64,iVBORw0KGgoAAAANSUhEUgAAABAAAAAJCAQAAACRI2S5AAAAEElEQVR42mNkIAAYRxWAAQAG9gAKqv6+AwAAAABJRU5ErkJggg==\" class=\"Picture-root Picture-original lazyload\" data-src=\"http:\/\/just-now.news\/de\/wp-content\/uploads\/sites\/3\/2022\/05\/1652197638_146_Liveticker-zum-Ukraine-Krieg-Nicht-nur-PCK-Schwedt-\u2013-auch-Bulgarien.jpg\" alt=\"\"><\/source><\/source><\/picture><!-- noscript pattern --><noscript><img decoding=\"async\" src=\"http:\/\/just-now.news\/de\/wp-content\/uploads\/sites\/3\/2022\/05\/1652197638_146_Liveticker-zum-Ukraine-Krieg-Nicht-nur-PCK-Schwedt-\u2013-auch-Bulgarien.jpg\" alt=\"\"><\/noscript><\/div><figcaption class=\"RTImage-footer\"><span class=\"RTImage-caption\"><span class=\"RTImage-captionItem\">Finnland k\u00f6nnte schon bald zum 41. Mitglied der NATO werden.<\/span><\/span><span class=\"RTImage-source\"><span class=\"RTImage-captionItem\">picture alliance<\/span><span class=\"RTImage-captionItem\"> \/ Gettyimages.ru<\/span><\/span><\/figcaption><\/figure>\n<p>Die Mitglieder des Verteidigungsausschuss im finnischen Parlament haben den Beitritt des Landes zur NATO empfohlen. Dieser Schritt sei die beste M\u00f6glichkeit, die nationale Sicherheit zu gew\u00e4hrleisten, hei\u00dft es zur Begr\u00fcndung.<\/p>\n<p>Finnland ist zwar ein enger NATO-Partner, bislang jedoch kein Mitglied des Milit\u00e4rb\u00fcndnisses.\u00a0Die Entscheidung dar\u00fcber, ob Finnland einen Antrag auf Aufnahme in das Milit\u00e4rb\u00fcndnis stellt, wird in den kommenden Tagen erwartet. Wenn das Aufnahmeverfahren abgeschlossen ist, m\u00fcssen die Beitrittsprotokolle noch von allen NATO-Staaten ratifiziert werden. In Deutschland muss der Bundestag der Aufnahme zustimmen.<\/p>\n<\/div>\n<\/div>\n<\/div>\n<\/div>\n<\/li>\n<li class=\"LiveUpdates-item Listing-item\">\n<div class=\"LiveUpdate-root\">\n<div class=\"LiveUpdate-date\">\n<p class=\"HeaderNews-root HeaderNews-type_6 \">\n                15:30 Uhr\n            <\/p>\n<\/div>\n<div class=\"LiveUpdate-content\">\n<div class=\"LiveUpdate-text\">\n<div class=\"Text-root Text-type_5 ViewText-root\">\n<h4>Bulgarien warnt vor \u00d6l-Embargo gegen Russland\u00a0<\/h4>\n<p>Der\u00a0bulgarische Pr\u00e4sident Rumen Radew hat vor den wirtschaftlichen Folgen eines \u00d6l-Embargos gegen Russland f\u00fcr die einzelnen EU-Mitgliedsstaaten gewarnt. &#8220;Wir d\u00fcrfen es nicht zulassen, dass die Sanktionen unseren eigenen sozialen und wirtschaftlichen Systemen schaden&#8221;, forderte er nach einem Treffen mit seinem tschechischen Kollegen Milo\u0161 Zeman am Dienstag in Prag. Bei einer solch tiefgreifenden Ma\u00dfnahme gelte es, vorher die Besonderheiten der einzelnen EU-Mitgliedsl\u00e4nder zu ber\u00fccksichtigen.<\/p>\n<p>Bulgarien hatte als viertes Land nach Ungarn, der Slowakei und Tschechien zuvor Ausnahmen bei dem geplanten \u00d6l-Embargo der EU gefordert. Andernfalls werde Bulgarien sein Veto einlegen, sagte der Vize-Ministerpr\u00e4sident Assen Wassilew am Sonntagabend dem bulgarischen Sender <em>BNT.\u00a0<\/em><\/p>\n<\/p>\n<\/div>\n<\/div>\n<\/div>\n<\/div>\n<\/li>\n<li class=\"LiveUpdates-item Listing-item\">\n<div class=\"LiveUpdate-root\">\n<div class=\"LiveUpdate-date\">\n<p class=\"HeaderNews-root HeaderNews-type_6 \">\n                14:55 Uhr\n            <\/p>\n<\/div>\n<div class=\"LiveUpdate-content\">\n<div class=\"LiveUpdate-text\">\n<div class=\"Text-root Text-type_5 ViewText-root\">\n<h4>Polens Grenzschutz: Fast 3,3 Millionen Einreisen aus der Ukraine\u00a0<\/h4>\n<div class=\"EmbedBlock-root EmbedBlock-twitter\">\n<div class=\"TwitterEmbed\">\n<blockquote class=\"twitter-tweet lazyload\" data-twitter=\"twitter-tweet\">\n<p lang=\"pl\" dir=\"ltr\"><a rel=\"nofollow noopener\" target=\"_blank\" href=\"https:\/\/twitter.com\/hashtag\/Pomagamy?src=hash&amp;ref_src=twsrc%5Etfw\">#Pomagamy<\/a>????????Od 24.02 <a rel=\"nofollow noopener\" target=\"_blank\" href=\"https:\/\/twitter.com\/hashtag\/funkcjonariuszeSG?src=hash&amp;ref_src=twsrc%5Etfw\">#funkcjonariuszeSG<\/a> odprawili w przej\u015bciach granicznych na kierunku z????????do????????3,275 mln os.Wczoraj tj.09.05\u27a1\ufe0f17 tys. spadek o 28% (w dn.08.05-23,6 tys.).Dzi\u015b do godz.07.00\u27a1\ufe0f3,7 tys. spadek o 25%.W dn.09.05 z????????do????????odprawiono 15 tys.os., od 24.02-1,138 mln os. <a rel=\"nofollow noopener\" target=\"_blank\" href=\"https:\/\/t.co\/Mq0ZZywpAU\">pic.twitter.com\/Mq0ZZywpAU<\/a><\/p>\n<p>\u2014 Stra\u017c Graniczna (@Straz_Graniczna) <a rel=\"nofollow noopener\" target=\"_blank\" href=\"https:\/\/twitter.com\/Straz_Graniczna\/status\/1523913917294161930?ref_src=twsrc%5Etfw\">May 10, 2022<\/a><\/p><\/blockquote>\n<\/div>\n<\/div>\n<p>Seit Beginn des Ukraine-Kriegs haben sich insgesamt 3,275 Millionen Menschen aus der Ukraine ins Nachbarland Polen in Sicherheit gebracht. Das teilte der polnische Grenzschutz am Dienstag auf Twitter mit. Am Montag \u00fcberquerten rund 17.000 Fl\u00fcchtlinge die Grenze zu Polen.\u00a0<\/p>\n<p>In Richtung Ukraine reisten am selben Tag etwa 15.000 Menschen. Dabei handelte es sich nach Angaben der Beh\u00f6rden zum Gro\u00dfteil um ukrainische Staatsb\u00fcrger. Sie reisen meist in Gebiete, die von der ukrainische Armee zur\u00fcckerobert wurden. \u00c4hnlich wie in Deutschland gibt es auch von den polnischen Beh\u00f6rden keine offiziellen Erhebungen, wie viele der Kriegsfl\u00fcchtlinge in Polen geblieben und wie viele in andere EU-Staaten weitergereist sind.<\/p>\n<\/div>\n<\/div>\n<\/div>\n<\/div>\n<\/li>\n<li class=\"LiveUpdates-item Listing-item\">\n<div class=\"LiveUpdate-root\">\n<div class=\"LiveUpdate-date\">\n<p class=\"HeaderNews-root HeaderNews-type_6 \">\n                14:35 Uhr\n            <\/p>\n<\/div>\n<div class=\"LiveUpdate-content\">\n<div class=\"LiveUpdate-text\">\n<div class=\"Text-root Text-type_5 ViewText-root\">\n<h4>Niederl\u00e4ndischer Au\u00dfenminister \u00fcberraschend mit Baerbock in die Ukraine gereist<\/h4>\n<div class=\"EmbedBlock-root EmbedBlock-twitter\">\n<div class=\"TwitterEmbed\">\n<blockquote class=\"twitter-tweet lazyload\" data-twitter=\"twitter-tweet\">\n<p lang=\"nl\" dir=\"ltr\">Vanmorgen samen met <a rel=\"nofollow noopener\" target=\"_blank\" href=\"https:\/\/twitter.com\/ABaerbock?ref_src=twsrc%5Etfw\">@ABaerbock<\/a> in <a rel=\"nofollow noopener\" target=\"_blank\" href=\"https:\/\/twitter.com\/hashtag\/Kyiv?src=hash&amp;ref_src=twsrc%5Etfw\">#Kyiv<\/a> gearriveerd voor gesprekken met leden van de Oekra\u00efense regering. Ik ben mijn bezoek vanochtend in Irpin begonnen, een voorstad van Kyiv. 1\/3 <a rel=\"nofollow noopener\" target=\"_blank\" href=\"https:\/\/t.co\/Tv9QmfD3RE\">pic.twitter.com\/Tv9QmfD3RE<\/a><\/p>\n<p>\u2014 Wopke Hoekstra (@WBHoekstra) <a rel=\"nofollow noopener\" target=\"_blank\" href=\"https:\/\/twitter.com\/WBHoekstra\/status\/1523960043561013248?ref_src=twsrc%5Etfw\">May 10, 2022<\/a><\/p><\/blockquote>\n<\/div>\n<\/div>\n<p>Neben Bundesau\u00dfenministerin Annalena Baerbock (B\u00fcndnis 90\/Die Gr\u00fcnen) ist auch ihr niederl\u00e4ndischer Amtskollege Wopke Hoekstra zu einem Besuch in der Ukraine eingetroffen. Hoekstra war am Morgen gemeinsam mit Baerbock nach Kiew gereist, teilte das niederl\u00e4ndische Au\u00dfenministerium am Dienstag auf Twitter mit.\u00a0<\/p>\n<p>Demnach soll Hoekstra im Laufe seines Aufenthalts auch mit dem ukrainischen Pr\u00e4sidenten Wladimir Selenskij sowie Abgeordneten des ukrainischen Parlaments zusammentreffen. Am Morgen hatte sich Hoekstra bei einem Besuch der Kiewer Vorstadt Irpin bereits zutiefst ersch\u00fcttert \u00fcber das Ausma\u00df der Verw\u00fcstung in der Stadt gezeigt. &#8220;Dies kann nicht ungestraft bleiben&#8221;, sagte er.<\/p>\n<\/div>\n<\/div>\n<\/div>\n<\/div>\n<\/li>\n<li class=\"LiveUpdates-item Listing-item\">\n<div class=\"LiveUpdate-root\">\n<div class=\"LiveUpdate-date\">\n<p class=\"HeaderNews-root HeaderNews-type_6 \">\n                14:15 Uhr\n            <\/p>\n<\/div>\n<div class=\"LiveUpdate-content\">\n<div class=\"LiveUpdate-text\">\n<div class=\"Text-root Text-type_5 ViewText-root\">\n<h4>Ukraine-Krieg verursacht deutschen Haushalten Mehrkosten von rund 3.000 Euro im Jahr\u00a0<\/h4>\n<figure class=\"RTImage-root\">\n<div class=\"RTImage-image RTImage-original\"><picture class=\"Picture-root Picture-original\"><!--[if IE 9]><video style=\"display: none;\"><![endif]--><source media=\"(-webkit-min-device-pixel-ratio: 2) and (min-resolution: 120dpi)\" data-srcset=\" \nhttp:\/\/just-now.news\/de\/wp-content\/uploads\/sites\/3\/2022\/05\/1652197638_43_Liveticker-zum-Ukraine-Krieg-Nicht-nur-PCK-Schwedt-\u2013-auch-Bulgarien.jpg 850w,\n                http:\/\/just-now.news\/de\/wp-content\/uploads\/sites\/3\/2022\/05\/1652197638_43_Liveticker-zum-Ukraine-Krieg-Nicht-nur-PCK-Schwedt-\u2013-auch-Bulgarien.jpg 1960w,\n            \" ><source data-srcset=\" \nhttp:\/\/just-now.news\/de\/wp-content\/uploads\/sites\/3\/2022\/05\/1652197638_43_Liveticker-zum-Ukraine-Krieg-Nicht-nur-PCK-Schwedt-\u2013-auch-Bulgarien.jpg 460w,\n              http:\/\/just-now.news\/de\/wp-content\/uploads\/sites\/3\/2022\/05\/1652197638_43_Liveticker-zum-Ukraine-Krieg-Nicht-nur-PCK-Schwedt-\u2013-auch-Bulgarien.jpg 980w,\n            \" ><!--[if IE 9]><\/video><![endif]--><img decoding=\"async\" data- src=\"data:image\/png;base64,iVBORw0KGgoAAAANSUhEUgAAABAAAAAJCAQAAACRI2S5AAAAEElEQVR42mNkIAAYRxWAAQAG9gAKqv6+AwAAAABJRU5ErkJggg==\" class=\"Picture-root Picture-original lazyload\" data-src=\"http:\/\/just-now.news\/de\/wp-content\/uploads\/sites\/3\/2022\/05\/1652197638_43_Liveticker-zum-Ukraine-Krieg-Nicht-nur-PCK-Schwedt-\u2013-auch-Bulgarien.jpg\" alt=\"\"><\/source><\/source><\/picture><!-- noscript pattern --><noscript><img decoding=\"async\" src=\"http:\/\/just-now.news\/de\/wp-content\/uploads\/sites\/3\/2022\/05\/1652197638_43_Liveticker-zum-Ukraine-Krieg-Nicht-nur-PCK-Schwedt-\u2013-auch-Bulgarien.jpg\" alt=\"\"><\/noscript><\/div><figcaption class=\"RTImage-footer\"><span class=\"RTImage-caption\"><span class=\"RTImage-captionItem\">Verbraucher m\u00fcssen in diesem Jahr f\u00fcr Lebensmittel- und Energieprodukte tief in die Tasche greifen.<\/span><\/span><span class=\"RTImage-source\"><span class=\"RTImage-captionItem\">Hannibal Hanschke<\/span><span class=\"RTImage-captionItem\"> \/ Gettyimages.ru<\/span><\/span><\/figcaption><\/figure>\n<p>Die Inflation infolge des Ukraine-Kriegs wird bei durchschnittlichen deutschen Haushalten in diesem Jahr laut einer Studie f\u00fcr Mehrkosten in H\u00f6he von knapp 3.000 Euro sorgen. Wie der Wirtschaftspr\u00fcfungs- und Beratungskonzern PWC in einer Studie ermittelte, hat eine vierk\u00f6pfige Familie wegen der Preissteigerungen nun mit zus\u00e4tzlichen Ausgaben von\u00a0rund 242 Euro im Monat zu rechnen.<\/p>\n<p>Davon entfallen allein 65 Euro auf Lebensmittel. Steigende Kosten\u00a0f\u00fcr Strom, Gas und Heiz\u00f6l schlagen mit etwa 89 Euro zu Buche und f\u00fcr steigende Verkehrsausgaben werden demnach 40 Euro f\u00e4llig. Die weiteren Mehrkosten ergeben sich der Studie zufolge aus den Inflationsauswirkungen auf die \u00fcbrigen Warengruppen.<\/p>\n<\/div>\n<\/div>\n<\/div>\n<\/div>\n<\/li>\n<li class=\"LiveUpdates-item Listing-item\">\n<div class=\"LiveUpdate-root\">\n<div class=\"LiveUpdate-date\">\n<p class=\"HeaderNews-root HeaderNews-type_6 \">\n                13:50 Uhr\n            <\/p>\n<\/div>\n<div class=\"LiveUpdate-content\">\n<div class=\"LiveUpdate-text\">\n<div class=\"Text-root Text-type_5 ViewText-root\">\n<h4>Ukraine-Krieg: Heil ruft zu langfristiger &#8220;Willkommenskultur&#8221; f\u00fcr Fl\u00fcchtlinge auf<br \/><em><\/em><\/h4>\n<figure class=\"RTImage-root\">\n<div class=\"RTImage-image RTImage-original\"><picture class=\"Picture-root Picture-original\"><!--[if IE 9]><video style=\"display: none;\"><![endif]--><source media=\"(-webkit-min-device-pixel-ratio: 2) and (min-resolution: 120dpi)\" data-srcset=\" \nhttp:\/\/just-now.news\/de\/wp-content\/uploads\/sites\/3\/2022\/05\/1652197639_346_Liveticker-zum-Ukraine-Krieg-Nicht-nur-PCK-Schwedt-\u2013-auch-Bulgarien.jpg 850w,\n                http:\/\/just-now.news\/de\/wp-content\/uploads\/sites\/3\/2022\/05\/1652197639_346_Liveticker-zum-Ukraine-Krieg-Nicht-nur-PCK-Schwedt-\u2013-auch-Bulgarien.jpg 1960w,\n            \" ><source data-srcset=\" \nhttp:\/\/just-now.news\/de\/wp-content\/uploads\/sites\/3\/2022\/05\/1652197639_346_Liveticker-zum-Ukraine-Krieg-Nicht-nur-PCK-Schwedt-\u2013-auch-Bulgarien.jpg 460w,\n              http:\/\/just-now.news\/de\/wp-content\/uploads\/sites\/3\/2022\/05\/1652197639_346_Liveticker-zum-Ukraine-Krieg-Nicht-nur-PCK-Schwedt-\u2013-auch-Bulgarien.jpg 980w,\n            \" ><!--[if IE 9]><\/video><![endif]--><img decoding=\"async\" data- src=\"data:image\/png;base64,iVBORw0KGgoAAAANSUhEUgAAABAAAAAJCAQAAACRI2S5AAAAEElEQVR42mNkIAAYRxWAAQAG9gAKqv6+AwAAAABJRU5ErkJggg==\" class=\"Picture-root Picture-original lazyload\" data-src=\"http:\/\/just-now.news\/de\/wp-content\/uploads\/sites\/3\/2022\/05\/1652197639_346_Liveticker-zum-Ukraine-Krieg-Nicht-nur-PCK-Schwedt-\u2013-auch-Bulgarien.jpg\" alt=\"\"><\/source><\/source><\/picture><!-- noscript pattern --><noscript><img decoding=\"async\" src=\"http:\/\/just-now.news\/de\/wp-content\/uploads\/sites\/3\/2022\/05\/1652197639_346_Liveticker-zum-Ukraine-Krieg-Nicht-nur-PCK-Schwedt-\u2013-auch-Bulgarien.jpg\" alt=\"\"><\/noscript><\/div><figcaption class=\"RTImage-footer\"><span class=\"RTImage-caption\"><span class=\"RTImage-captionItem\">Bundesarbeitsminister Hubertus Heil (Mitte) im Gespr\u00e4ch mit der Bev\u00f6lkerung.<\/span><\/span><span class=\"RTImage-source\"><span class=\"RTImage-captionItem\">Uwe Anspach<\/span><span class=\"RTImage-captionItem\"> \/ www.globallookpress.com<\/span><\/span><\/figcaption><\/figure>\n<p>F\u00fcr Fl\u00fcchtlinge aus der Ukraine soll es in Deutschland nach den Pl\u00e4nen von Bundesarbeitsminister Hubertus Heil (SPD) eine &#8220;langfristige Willkommenskultur&#8221; geben. &#8220;Es ist Zeit, gro\u00dfherzig zu sein \u2013 und das nicht nur drei Tage, sondern l\u00e4nger&#8221;, sagte Heil am Dienstag auf dem Bundeskongress des Deutschen Gewerkschaftsbundes (DGB) in Berlin. Die Bundesrepublik m\u00fcsse angesichts des Ukraine-Kriegs zeigen, dass in Deutschland nicht nur kurzfristig Willkommenskultur herrsche, so Heil.<\/p>\n<p>Ein Abflauen dieser habe das Land &#8220;schon mal erlebt&#8221;, sagte der Arbeitsminister mit Blick auf die Fl\u00fcchtlingskrise infolge des Syrien-Kriegs, bei der es unter der deutschen Bev\u00f6lkerung nach 2015 zunehmend zu einer negativen Einstellung gegen\u00fcber Fl\u00fcchtlingen aus Syrien aufgrund auff\u00e4llig vieler Straftaten dieser kam. Die ukrainischen Fl\u00fcchtlinge sollen demnach\u00a0Zugang zum Arbeitsmarkt, zu Sprachkursen und zur Grundsicherung nach dem Sozialgesetzbuch II (SGB II) bekommen, bekr\u00e4ftigte Heil:<\/p>\n<blockquote>\n<p><em>&#8220;Wir m\u00fcssen den Menschen beistehen, auch wenn sie hier sind.&#8221;<\/em><\/p>\n<\/blockquote>\n<\/div>\n<\/div>\n<\/div>\n<\/div>\n<\/li>\n<li class=\"LiveUpdates-item Listing-item\">\n<div class=\"LiveUpdate-root\">\n<div class=\"LiveUpdate-date\">\n<p class=\"HeaderNews-root HeaderNews-type_6 \">\n                13:35 Uhr\n            <\/p>\n<\/div>\n<div class=\"LiveUpdate-content\">\n<div class=\"LiveUpdate-text\">\n<div class=\"Text-root Text-type_5 ViewText-root\">\n<p><strong>DVR: Ukrainische Armee hat Mehrfachraketenwerfersystem Uragan gegen die Stadt Donezk eingesetzt<\/strong><\/p>\n<figure class=\"RTImage-root\">\n<div class=\"RTImage-image RTImage-original\"><picture class=\"Picture-root Picture-original\"><!--[if IE 9]><video style=\"display: none;\"><![endif]--><source media=\"(-webkit-min-device-pixel-ratio: 2) and (min-resolution: 120dpi)\" data-srcset=\" \nhttp:\/\/just-now.news\/de\/wp-content\/uploads\/sites\/3\/2022\/05\/1652197639_538_Liveticker-zum-Ukraine-Krieg-Nicht-nur-PCK-Schwedt-\u2013-auch-Bulgarien.jpg 850w,\n                http:\/\/just-now.news\/de\/wp-content\/uploads\/sites\/3\/2022\/05\/1652197639_538_Liveticker-zum-Ukraine-Krieg-Nicht-nur-PCK-Schwedt-\u2013-auch-Bulgarien.jpg 1960w,\n            \" ><source data-srcset=\" \nhttp:\/\/just-now.news\/de\/wp-content\/uploads\/sites\/3\/2022\/05\/1652197639_538_Liveticker-zum-Ukraine-Krieg-Nicht-nur-PCK-Schwedt-\u2013-auch-Bulgarien.jpg 460w,\n              http:\/\/just-now.news\/de\/wp-content\/uploads\/sites\/3\/2022\/05\/1652197639_538_Liveticker-zum-Ukraine-Krieg-Nicht-nur-PCK-Schwedt-\u2013-auch-Bulgarien.jpg 980w,\n            \" ><!--[if IE 9]><\/video><![endif]--><img decoding=\"async\" data- src=\"data:image\/png;base64,iVBORw0KGgoAAAANSUhEUgAAABAAAAAJCAQAAACRI2S5AAAAEElEQVR42mNkIAAYRxWAAQAG9gAKqv6+AwAAAABJRU5ErkJggg==\" class=\"Picture-root Picture-original lazyload\" data-src=\"http:\/\/just-now.news\/de\/wp-content\/uploads\/sites\/3\/2022\/05\/1652197639_538_Liveticker-zum-Ukraine-Krieg-Nicht-nur-PCK-Schwedt-\u2013-auch-Bulgarien.jpg\" alt=\"\"><\/source><\/source><\/picture><!-- noscript pattern --><noscript><img decoding=\"async\" src=\"http:\/\/just-now.news\/de\/wp-content\/uploads\/sites\/3\/2022\/05\/1652197639_538_Liveticker-zum-Ukraine-Krieg-Nicht-nur-PCK-Schwedt-\u2013-auch-Bulgarien.jpg\" alt=\"\"><\/noscript><\/div><figcaption class=\"RTImage-footer\"><span class=\"RTImage-caption\"><span class=\"RTImage-captionItem\">Auf dem Bild: Ein Teil eines Uragan-Raketensystem-Geschosses nach einem Beschuss durch die ukrainische Armee an einer Bus-Haltestelle in Donezk im Jahr 2014. (Archivbild)<\/span><\/span><span class=\"RTImage-source\"><span class=\"RTImage-captionItem\">Gennadi Dubowoi<\/span><span class=\"RTImage-captionItem\"> \/ Sputnik<\/span><\/span><\/figcaption><\/figure>\n<p>Ukrainische Truppen haben den Stadtteil Kirowski von Donezk am Dienstag mit einem Mehrfachraketenwerfer vom Typ BM-27-Uragan beschossen. Dies <a rel=\"nofollow noopener\" target=\"_blank\" href=\"https:\/\/tass.ru\/mezhdunarodnaya-panorama\/14586805\">teilte<\/a> die Vertretung der Volksrepublik Donezk im Gemeinsamen Zentrum f\u00fcr die Kontrolle und Koordinierung des Waffenstillstandsregimes laut <em>TASS<\/em> mit.<\/p>\n<p>Das B\u00fcro f\u00fcgte hinzu, dass es vorl\u00e4ufigen Berichten zufolge Verletzte gegeben habe. In der Petrowski-Stra\u00dfe sei es aufgrund des Beschusses zu Br\u00e4nden in Mehrfamilienh\u00e4usern sowie in Gewerbezelten gekommen.<\/p>\n<p>Laut dem Hauptquartier der Territorialen Verteidigung der Donezker Volksrepublik seien zwei Menschen durch den Beschuss verletzt wurden.<\/p>\n<\/div>\n<\/div>\n<\/div>\n<\/div>\n<\/li>\n<\/ul>\n<div class=\"Listing-isReact\" data-rtmodule=\"Listing\" onload=\"return {\n                page: '1',\n                limit: '10',\n                listing: '\/listing\/parent.6209f961b480cc2c7e35341b\/noprepare\/liveupdates\/10\/1',\n            };\"><\/div>\n<\/div>\n<\/div>\n<\/div>\n<p><script async src=\"https:\/\/platform.twitter.com\/widgets.js\" charset=\"utf-8\"><\/script><br \/>\n<br \/><br \/>\n<br \/><a href=\"https:\/\/de.rt.com\/international\/131481-liveticker-zum-ukraine-krieg-nicht\/\">Source link <\/a><\/p>\n","protected":false},"excerpt":{"rendered":"<p>10.05.2022 17:30 Uhr 17:30 Uhr Ukraine-Krieg: UN meldet rund acht Millionen Binnenfl\u00fcchtlinge\u00a0 Viele Menschen sind in der Ukraine auf der Flucht vor dem Krieg.SOPA Images \/ Gettyimages.ru Infolge des Kriegs in der Ukraine\u00a0sind innerhalb des Landes inzwischen etwa acht Millionen Menschen\u00a0auf der Flucht. Dies ergeben Zahlen der Migrationsagentur der Vereinten Nationen (UN). Wegen des Ausma\u00dfes [&hellip;]<\/p>\n","protected":false},"author":3,"featured_media":7301,"comment_status":"open","ping_status":"open","sticky":false,"template":"","format":"standard","meta":{"wp_automatic_camp":["217"],"a0ba75a272bd3b295214a382875c8610":["Liveticker zum Ukraine-Krieg: Nicht nur PCK Schwedt \u2013 auch Bulgarien warnt vor \u00d6l-Embargo"],"original_link":["https:\/\/de.rt.com\/international\/131481-liveticker-zum-ukraine-krieg-nicht\/"],"_thumbnail_id":["7301"],"wp_automatic_remove_first_image":["yes"],"_wptg_p2tg_sent2tg":["2022-05-10 17:48:51"],"jnews_social_counter_last_update":["1777172186"]},"categories":[19,23],"tags":[1475,10878,564,800,4230,18567,19519,19520,566,320,912,565],"yoast_head":"<!-- This site is optimized with the Yoast SEO Premium plugin v22.7 (Yoast SEO v22.7) - https:\/\/yoast.com\/wordpress\/plugins\/seo\/ -->\n<title>Liveticker zum Ukraine-Krieg: Nicht nur PCK Schwedt \u2013 auch Bulgarien warnt vor \u00d6l-Embargo - just-now.NEWS Deutschland<\/title>\n<meta name=\"robots\" content=\"index, follow, max-snippet:-1, max-image-preview:large, max-video-preview:-1\" \/>\n<link rel=\"canonical\" href=\"https:\/\/now-news.de\/de\/deutschland\/liveticker-zum-ukraine-krieg-nicht-nur-pck-schwedt-auch-bulgarien-warnt-vor-oel-embargo\/\" \/>\n<meta property=\"og:locale\" content=\"de_DE\" \/>\n<meta property=\"og:type\" content=\"article\" \/>\n<meta property=\"og:title\" content=\"Liveticker zum Ukraine-Krieg: Nicht nur PCK Schwedt \u2013 auch Bulgarien warnt vor \u00d6l-Embargo\" \/>\n<meta property=\"og:description\" content=\"10.05.2022 17:30 Uhr 17:30 Uhr Ukraine-Krieg: UN meldet rund acht Millionen Binnenfl\u00fcchtlinge\u00a0 Viele Menschen sind in der Ukraine auf der Flucht vor dem Krieg.SOPA Images \/ Gettyimages.ru Infolge des Kriegs in der Ukraine\u00a0sind innerhalb des Landes inzwischen etwa acht Millionen Menschen\u00a0auf der Flucht. Dies ergeben Zahlen der Migrationsagentur der Vereinten Nationen (UN). Wegen des Ausma\u00dfes [&hellip;]\" \/>\n<meta property=\"og:url\" content=\"https:\/\/now-news.de\/de\/deutschland\/liveticker-zum-ukraine-krieg-nicht-nur-pck-schwedt-auch-bulgarien-warnt-vor-oel-embargo\/\" \/>\n<meta property=\"og:site_name\" content=\"just-now.NEWS Deutschland\" \/>\n<meta property=\"article:publisher\" content=\"https:\/\/www.facebook.com\/wirmachenauf\" \/>\n<meta property=\"article:published_time\" content=\"2022-05-10T13:30:00+00:00\" \/>\n<meta property=\"og:image\" content=\"https:\/\/now-news.de\/de\/wp-content\/uploads\/sites\/3\/2022\/05\/Liveticker-zum-Ukraine-Krieg-Nicht-nur-PCK-Schwedt-\u2013-auch-Bulgarien.jpg\" \/>\n\t<meta property=\"og:image:width\" content=\"1620\" \/>\n\t<meta property=\"og:image:height\" content=\"1080\" \/>\n\t<meta property=\"og:image:type\" content=\"image\/jpeg\" \/>\n<meta name=\"author\" content=\"rtnews\" \/>\n<meta name=\"twitter:card\" content=\"summary_large_image\" \/>\n<meta name=\"twitter:creator\" content=\"@WirMachenAuf_de\" \/>\n<meta name=\"twitter:site\" content=\"@WirMachenAuf_de\" \/>\n<meta name=\"twitter:label1\" content=\"Verfasst von\" \/>\n\t<meta name=\"twitter:data1\" content=\"rtnews\" \/>\n\t<meta name=\"twitter:label2\" content=\"Gesch\u00e4tzte Lesezeit\" \/>\n\t<meta name=\"twitter:data2\" content=\"7\u00a0Minuten\" \/>\n<script type=\"application\/ld+json\" class=\"yoast-schema-graph\">{\"@context\":\"https:\/\/schema.org\",\"@graph\":[{\"@type\":\"Article\",\"@id\":\"https:\/\/now-news.de\/de\/deutschland\/liveticker-zum-ukraine-krieg-nicht-nur-pck-schwedt-auch-bulgarien-warnt-vor-oel-embargo\/#article\",\"isPartOf\":{\"@id\":\"https:\/\/now-news.de\/de\/deutschland\/liveticker-zum-ukraine-krieg-nicht-nur-pck-schwedt-auch-bulgarien-warnt-vor-oel-embargo\/\"},\"author\":{\"name\":\"rtnews\",\"@id\":\"https:\/\/now-news.de\/de\/#\/schema\/person\/fb534a4e865501d8b3285208df34a9b5\"},\"headline\":\"Liveticker zum Ukraine-Krieg: Nicht nur PCK Schwedt \u2013 auch Bulgarien warnt vor \u00d6l-Embargo\",\"datePublished\":\"2022-05-10T13:30:00+00:00\",\"dateModified\":\"2022-05-10T13:30:00+00:00\",\"mainEntityOfPage\":{\"@id\":\"https:\/\/now-news.de\/de\/deutschland\/liveticker-zum-ukraine-krieg-nicht-nur-pck-schwedt-auch-bulgarien-warnt-vor-oel-embargo\/\"},\"wordCount\":1376,\"commentCount\":0,\"publisher\":{\"@id\":\"https:\/\/now-news.de\/de\/#organization\"},\"image\":{\"@id\":\"https:\/\/now-news.de\/de\/deutschland\/liveticker-zum-ukraine-krieg-nicht-nur-pck-schwedt-auch-bulgarien-warnt-vor-oel-embargo\/#primaryimage\"},\"thumbnailUrl\":\"https:\/\/now-news.de\/de\/wp-content\/uploads\/sites\/3\/2022\/05\/Liveticker-zum-Ukraine-Krieg-Nicht-nur-PCK-Schwedt-\u2013-auch-Bulgarien.jpg\",\"keywords\":[\"auch\",\"Bulgarien\",\"Liveticker\",\"nicht\",\"NUR\",\"\u00d6lEmbargo\",\"PCK\",\"Schwedt\",\"UkraineKrieg\",\"vor\",\"warnt\",\"zum\"],\"articleSection\":[\"Deutschland\",\"Russland\"],\"inLanguage\":\"de\",\"potentialAction\":[{\"@type\":\"CommentAction\",\"name\":\"Comment\",\"target\":[\"https:\/\/now-news.de\/de\/deutschland\/liveticker-zum-ukraine-krieg-nicht-nur-pck-schwedt-auch-bulgarien-warnt-vor-oel-embargo\/#respond\"]}]},{\"@type\":\"WebPage\",\"@id\":\"https:\/\/now-news.de\/de\/deutschland\/liveticker-zum-ukraine-krieg-nicht-nur-pck-schwedt-auch-bulgarien-warnt-vor-oel-embargo\/\",\"url\":\"https:\/\/now-news.de\/de\/deutschland\/liveticker-zum-ukraine-krieg-nicht-nur-pck-schwedt-auch-bulgarien-warnt-vor-oel-embargo\/\",\"name\":\"Liveticker zum Ukraine-Krieg: Nicht nur PCK Schwedt \u2013 auch Bulgarien warnt vor \u00d6l-Embargo - just-now.NEWS Deutschland\",\"isPartOf\":{\"@id\":\"https:\/\/now-news.de\/de\/#website\"},\"primaryImageOfPage\":{\"@id\":\"https:\/\/now-news.de\/de\/deutschland\/liveticker-zum-ukraine-krieg-nicht-nur-pck-schwedt-auch-bulgarien-warnt-vor-oel-embargo\/#primaryimage\"},\"image\":{\"@id\":\"https:\/\/now-news.de\/de\/deutschland\/liveticker-zum-ukraine-krieg-nicht-nur-pck-schwedt-auch-bulgarien-warnt-vor-oel-embargo\/#primaryimage\"},\"thumbnailUrl\":\"https:\/\/now-news.de\/de\/wp-content\/uploads\/sites\/3\/2022\/05\/Liveticker-zum-Ukraine-Krieg-Nicht-nur-PCK-Schwedt-\u2013-auch-Bulgarien.jpg\",\"datePublished\":\"2022-05-10T13:30:00+00:00\",\"dateModified\":\"2022-05-10T13:30:00+00:00\",\"breadcrumb\":{\"@id\":\"https:\/\/now-news.de\/de\/deutschland\/liveticker-zum-ukraine-krieg-nicht-nur-pck-schwedt-auch-bulgarien-warnt-vor-oel-embargo\/#breadcrumb\"},\"inLanguage\":\"de\",\"potentialAction\":[{\"@type\":\"ReadAction\",\"target\":[\"https:\/\/now-news.de\/de\/deutschland\/liveticker-zum-ukraine-krieg-nicht-nur-pck-schwedt-auch-bulgarien-warnt-vor-oel-embargo\/\"]}]},{\"@type\":\"ImageObject\",\"inLanguage\":\"de\",\"@id\":\"https:\/\/now-news.de\/de\/deutschland\/liveticker-zum-ukraine-krieg-nicht-nur-pck-schwedt-auch-bulgarien-warnt-vor-oel-embargo\/#primaryimage\",\"url\":\"https:\/\/now-news.de\/de\/wp-content\/uploads\/sites\/3\/2022\/05\/Liveticker-zum-Ukraine-Krieg-Nicht-nur-PCK-Schwedt-\u2013-auch-Bulgarien.jpg\",\"contentUrl\":\"https:\/\/now-news.de\/de\/wp-content\/uploads\/sites\/3\/2022\/05\/Liveticker-zum-Ukraine-Krieg-Nicht-nur-PCK-Schwedt-\u2013-auch-Bulgarien.jpg\",\"width\":1620,\"height\":1080},{\"@type\":\"BreadcrumbList\",\"@id\":\"https:\/\/now-news.de\/de\/deutschland\/liveticker-zum-ukraine-krieg-nicht-nur-pck-schwedt-auch-bulgarien-warnt-vor-oel-embargo\/#breadcrumb\",\"itemListElement\":[{\"@type\":\"ListItem\",\"position\":1,\"name\":\"Home\",\"item\":\"https:\/\/now-news.de\/de\/\"},{\"@type\":\"ListItem\",\"position\":2,\"name\":\"Liveticker zum Ukraine-Krieg: Nicht nur PCK Schwedt \u2013 auch Bulgarien warnt vor \u00d6l-Embargo\"}]},{\"@type\":\"WebSite\",\"@id\":\"https:\/\/now-news.de\/de\/#website\",\"url\":\"https:\/\/now-news.de\/de\/\",\"name\":\"just-now.NEWS Deutschland\",\"description\":\"Das Portal f\u00fcr unzensierte Nachrichten aus der Welt\",\"publisher\":{\"@id\":\"https:\/\/now-news.de\/de\/#organization\"},\"potentialAction\":[{\"@type\":\"SearchAction\",\"target\":{\"@type\":\"EntryPoint\",\"urlTemplate\":\"https:\/\/now-news.de\/de\/?s={search_term_string}\"},\"query-input\":\"required name=search_term_string\"}],\"inLanguage\":\"de\"},{\"@type\":\"Organization\",\"@id\":\"https:\/\/now-news.de\/de\/#organization\",\"name\":\"Just Now News\",\"url\":\"https:\/\/now-news.de\/de\/\",\"logo\":{\"@type\":\"ImageObject\",\"inLanguage\":\"de\",\"@id\":\"https:\/\/now-news.de\/de\/#\/schema\/logo\/image\/\",\"url\":\"http:\/\/just-now.news\/de\/wp-content\/uploads\/sites\/3\/2022\/04\/logo500x500.jpg\",\"contentUrl\":\"http:\/\/just-now.news\/de\/wp-content\/uploads\/sites\/3\/2022\/04\/logo500x500.jpg\",\"width\":500,\"height\":500,\"caption\":\"Just Now News\"},\"image\":{\"@id\":\"https:\/\/now-news.de\/de\/#\/schema\/logo\/image\/\"},\"sameAs\":[\"https:\/\/www.facebook.com\/wirmachenauf\",\"https:\/\/x.com\/WirMachenAuf_de\"]},{\"@type\":\"Person\",\"@id\":\"https:\/\/now-news.de\/de\/#\/schema\/person\/fb534a4e865501d8b3285208df34a9b5\",\"name\":\"rtnews\",\"image\":{\"@type\":\"ImageObject\",\"inLanguage\":\"de\",\"@id\":\"https:\/\/now-news.de\/de\/#\/schema\/person\/image\/\",\"url\":\"https:\/\/secure.gravatar.com\/avatar\/82aafea7d8127119dd649515f56e2117?s=96&d=mm&r=g\",\"contentUrl\":\"https:\/\/secure.gravatar.com\/avatar\/82aafea7d8127119dd649515f56e2117?s=96&d=mm&r=g\",\"caption\":\"rtnews\"},\"url\":\"https:\/\/now-news.de\/de\/author\/rnews\/\"}]}<\/script>\n<!-- \/ Yoast SEO Premium plugin. -->","yoast_head_json":{"title":"Liveticker zum Ukraine-Krieg: Nicht nur PCK Schwedt \u2013 auch Bulgarien warnt vor \u00d6l-Embargo - just-now.NEWS Deutschland","robots":{"index":"index","follow":"follow","max-snippet":"max-snippet:-1","max-image-preview":"max-image-preview:large","max-video-preview":"max-video-preview:-1"},"canonical":"https:\/\/now-news.de\/de\/deutschland\/liveticker-zum-ukraine-krieg-nicht-nur-pck-schwedt-auch-bulgarien-warnt-vor-oel-embargo\/","og_locale":"de_DE","og_type":"article","og_title":"Liveticker zum Ukraine-Krieg: Nicht nur PCK Schwedt \u2013 auch Bulgarien warnt vor \u00d6l-Embargo","og_description":"10.05.2022 17:30 Uhr 17:30 Uhr Ukraine-Krieg: UN meldet rund acht Millionen Binnenfl\u00fcchtlinge\u00a0 Viele Menschen sind in der Ukraine auf der Flucht vor dem Krieg.SOPA Images \/ Gettyimages.ru Infolge des Kriegs in der Ukraine\u00a0sind innerhalb des Landes inzwischen etwa acht Millionen Menschen\u00a0auf der Flucht. Dies ergeben Zahlen der Migrationsagentur der Vereinten Nationen (UN). Wegen des Ausma\u00dfes [&hellip;]","og_url":"https:\/\/now-news.de\/de\/deutschland\/liveticker-zum-ukraine-krieg-nicht-nur-pck-schwedt-auch-bulgarien-warnt-vor-oel-embargo\/","og_site_name":"just-now.NEWS Deutschland","article_publisher":"https:\/\/www.facebook.com\/wirmachenauf","article_published_time":"2022-05-10T13:30:00+00:00","og_image":[{"width":1620,"height":1080,"url":"https:\/\/now-news.de\/de\/wp-content\/uploads\/sites\/3\/2022\/05\/Liveticker-zum-Ukraine-Krieg-Nicht-nur-PCK-Schwedt-\u2013-auch-Bulgarien.jpg","type":"image\/jpeg"}],"author":"rtnews","twitter_card":"summary_large_image","twitter_creator":"@WirMachenAuf_de","twitter_site":"@WirMachenAuf_de","twitter_misc":{"Verfasst von":"rtnews","Gesch\u00e4tzte Lesezeit":"7\u00a0Minuten"},"schema":{"@context":"https:\/\/schema.org","@graph":[{"@type":"Article","@id":"https:\/\/now-news.de\/de\/deutschland\/liveticker-zum-ukraine-krieg-nicht-nur-pck-schwedt-auch-bulgarien-warnt-vor-oel-embargo\/#article","isPartOf":{"@id":"https:\/\/now-news.de\/de\/deutschland\/liveticker-zum-ukraine-krieg-nicht-nur-pck-schwedt-auch-bulgarien-warnt-vor-oel-embargo\/"},"author":{"name":"rtnews","@id":"https:\/\/now-news.de\/de\/#\/schema\/person\/fb534a4e865501d8b3285208df34a9b5"},"headline":"Liveticker zum Ukraine-Krieg: Nicht nur PCK Schwedt \u2013 auch Bulgarien warnt vor \u00d6l-Embargo","datePublished":"2022-05-10T13:30:00+00:00","dateModified":"2022-05-10T13:30:00+00:00","mainEntityOfPage":{"@id":"https:\/\/now-news.de\/de\/deutschland\/liveticker-zum-ukraine-krieg-nicht-nur-pck-schwedt-auch-bulgarien-warnt-vor-oel-embargo\/"},"wordCount":1376,"commentCount":0,"publisher":{"@id":"https:\/\/now-news.de\/de\/#organization"},"image":{"@id":"https:\/\/now-news.de\/de\/deutschland\/liveticker-zum-ukraine-krieg-nicht-nur-pck-schwedt-auch-bulgarien-warnt-vor-oel-embargo\/#primaryimage"},"thumbnailUrl":"https:\/\/now-news.de\/de\/wp-content\/uploads\/sites\/3\/2022\/05\/Liveticker-zum-Ukraine-Krieg-Nicht-nur-PCK-Schwedt-\u2013-auch-Bulgarien.jpg","keywords":["auch","Bulgarien","Liveticker","nicht","NUR","\u00d6lEmbargo","PCK","Schwedt","UkraineKrieg","vor","warnt","zum"],"articleSection":["Deutschland","Russland"],"inLanguage":"de","potentialAction":[{"@type":"CommentAction","name":"Comment","target":["https:\/\/now-news.de\/de\/deutschland\/liveticker-zum-ukraine-krieg-nicht-nur-pck-schwedt-auch-bulgarien-warnt-vor-oel-embargo\/#respond"]}]},{"@type":"WebPage","@id":"https:\/\/now-news.de\/de\/deutschland\/liveticker-zum-ukraine-krieg-nicht-nur-pck-schwedt-auch-bulgarien-warnt-vor-oel-embargo\/","url":"https:\/\/now-news.de\/de\/deutschland\/liveticker-zum-ukraine-krieg-nicht-nur-pck-schwedt-auch-bulgarien-warnt-vor-oel-embargo\/","name":"Liveticker zum Ukraine-Krieg: Nicht nur PCK Schwedt \u2013 auch Bulgarien warnt vor \u00d6l-Embargo - just-now.NEWS Deutschland","isPartOf":{"@id":"https:\/\/now-news.de\/de\/#website"},"primaryImageOfPage":{"@id":"https:\/\/now-news.de\/de\/deutschland\/liveticker-zum-ukraine-krieg-nicht-nur-pck-schwedt-auch-bulgarien-warnt-vor-oel-embargo\/#primaryimage"},"image":{"@id":"https:\/\/now-news.de\/de\/deutschland\/liveticker-zum-ukraine-krieg-nicht-nur-pck-schwedt-auch-bulgarien-warnt-vor-oel-embargo\/#primaryimage"},"thumbnailUrl":"https:\/\/now-news.de\/de\/wp-content\/uploads\/sites\/3\/2022\/05\/Liveticker-zum-Ukraine-Krieg-Nicht-nur-PCK-Schwedt-\u2013-auch-Bulgarien.jpg","datePublished":"2022-05-10T13:30:00+00:00","dateModified":"2022-05-10T13:30:00+00:00","breadcrumb":{"@id":"https:\/\/now-news.de\/de\/deutschland\/liveticker-zum-ukraine-krieg-nicht-nur-pck-schwedt-auch-bulgarien-warnt-vor-oel-embargo\/#breadcrumb"},"inLanguage":"de","potentialAction":[{"@type":"ReadAction","target":["https:\/\/now-news.de\/de\/deutschland\/liveticker-zum-ukraine-krieg-nicht-nur-pck-schwedt-auch-bulgarien-warnt-vor-oel-embargo\/"]}]},{"@type":"ImageObject","inLanguage":"de","@id":"https:\/\/now-news.de\/de\/deutschland\/liveticker-zum-ukraine-krieg-nicht-nur-pck-schwedt-auch-bulgarien-warnt-vor-oel-embargo\/#primaryimage","url":"https:\/\/now-news.de\/de\/wp-content\/uploads\/sites\/3\/2022\/05\/Liveticker-zum-Ukraine-Krieg-Nicht-nur-PCK-Schwedt-\u2013-auch-Bulgarien.jpg","contentUrl":"https:\/\/now-news.de\/de\/wp-content\/uploads\/sites\/3\/2022\/05\/Liveticker-zum-Ukraine-Krieg-Nicht-nur-PCK-Schwedt-\u2013-auch-Bulgarien.jpg","width":1620,"height":1080},{"@type":"BreadcrumbList","@id":"https:\/\/now-news.de\/de\/deutschland\/liveticker-zum-ukraine-krieg-nicht-nur-pck-schwedt-auch-bulgarien-warnt-vor-oel-embargo\/#breadcrumb","itemListElement":[{"@type":"ListItem","position":1,"name":"Home","item":"https:\/\/now-news.de\/de\/"},{"@type":"ListItem","position":2,"name":"Liveticker zum Ukraine-Krieg: Nicht nur PCK Schwedt \u2013 auch Bulgarien warnt vor \u00d6l-Embargo"}]},{"@type":"WebSite","@id":"https:\/\/now-news.de\/de\/#website","url":"https:\/\/now-news.de\/de\/","name":"just-now.NEWS Deutschland","description":"Das Portal f\u00fcr unzensierte Nachrichten aus der Welt","publisher":{"@id":"https:\/\/now-news.de\/de\/#organization"},"potentialAction":[{"@type":"SearchAction","target":{"@type":"EntryPoint","urlTemplate":"https:\/\/now-news.de\/de\/?s={search_term_string}"},"query-input":"required name=search_term_string"}],"inLanguage":"de"},{"@type":"Organization","@id":"https:\/\/now-news.de\/de\/#organization","name":"Just Now News","url":"https:\/\/now-news.de\/de\/","logo":{"@type":"ImageObject","inLanguage":"de","@id":"https:\/\/now-news.de\/de\/#\/schema\/logo\/image\/","url":"http:\/\/just-now.news\/de\/wp-content\/uploads\/sites\/3\/2022\/04\/logo500x500.jpg","contentUrl":"http:\/\/just-now.news\/de\/wp-content\/uploads\/sites\/3\/2022\/04\/logo500x500.jpg","width":500,"height":500,"caption":"Just Now News"},"image":{"@id":"https:\/\/now-news.de\/de\/#\/schema\/logo\/image\/"},"sameAs":["https:\/\/www.facebook.com\/wirmachenauf","https:\/\/x.com\/WirMachenAuf_de"]},{"@type":"Person","@id":"https:\/\/now-news.de\/de\/#\/schema\/person\/fb534a4e865501d8b3285208df34a9b5","name":"rtnews","image":{"@type":"ImageObject","inLanguage":"de","@id":"https:\/\/now-news.de\/de\/#\/schema\/person\/image\/","url":"https:\/\/secure.gravatar.com\/avatar\/82aafea7d8127119dd649515f56e2117?s=96&d=mm&r=g","contentUrl":"https:\/\/secure.gravatar.com\/avatar\/82aafea7d8127119dd649515f56e2117?s=96&d=mm&r=g","caption":"rtnews"},"url":"https:\/\/now-news.de\/de\/author\/rnews\/"}]}},"_links":{"self":[{"href":"https:\/\/now-news.de\/de\/wp-json\/wp\/v2\/posts\/7300"}],"collection":[{"href":"https:\/\/now-news.de\/de\/wp-json\/wp\/v2\/posts"}],"about":[{"href":"https:\/\/now-news.de\/de\/wp-json\/wp\/v2\/types\/post"}],"author":[{"embeddable":true,"href":"https:\/\/now-news.de\/de\/wp-json\/wp\/v2\/users\/3"}],"replies":[{"embeddable":true,"href":"https:\/\/now-news.de\/de\/wp-json\/wp\/v2\/comments?post=7300"}],"version-history":[{"count":0,"href":"https:\/\/now-news.de\/de\/wp-json\/wp\/v2\/posts\/7300\/revisions"}],"wp:featuredmedia":[{"embeddable":true,"href":"https:\/\/now-news.de\/de\/wp-json\/wp\/v2\/media\/7301"}],"wp:attachment":[{"href":"https:\/\/now-news.de\/de\/wp-json\/wp\/v2\/media?parent=7300"}],"wp:term":[{"taxonomy":"category","embeddable":true,"href":"https:\/\/now-news.de\/de\/wp-json\/wp\/v2\/categories?post=7300"},{"taxonomy":"post_tag","embeddable":true,"href":"https:\/\/now-news.de\/de\/wp-json\/wp\/v2\/tags?post=7300"}],"curies":[{"name":"wp","href":"https:\/\/api.w.org\/{rel}","templated":true}]}}