{"id":72994,"date":"2024-11-21T15:03:47","date_gmt":"2024-11-21T13:03:47","guid":{"rendered":"https:\/\/now-news.de\/de\/deutschland\/eskalation-zum-atomkrieg-us-general-a-d-flynn-fordert-dringende-absetzung-von-biden\/"},"modified":"2024-11-21T15:03:47","modified_gmt":"2024-11-21T13:03:47","slug":"eskalation-zum-atomkrieg-us-general-a-d-flynn-fordert-dringende-absetzung-von-biden","status":"publish","type":"post","link":"https:\/\/now-news.de\/de\/deutschland\/eskalation-zum-atomkrieg-us-general-a-d-flynn-fordert-dringende-absetzung-von-biden\/","title":{"rendered":"Eskalation zum Atomkrieg: US-General a.D. Flynn fordert &quot;dringende&quot; Absetzung von Biden"},"content":{"rendered":"<p><img decoding=\"async\" src=\"https:\/\/now-news.de\/de\/wp-content\/uploads\/sites\/3\/2024\/11\/673f129bb480cc3c6a5dd46b.jpg\" \/><\/p>\n<div class=\"Text-root Text-type_1 \">\n                Donald Trumps ehemaliger nationaler Sicherheitsberater Michael Flynn will &#8220;den Wahnsinn stoppen, bevor der Dritte Weltkrieg unumkehrbar ist&#8221;. Die Lage hat sich erheblich zugespitzt, seit Washington den Einsatz von ATACMS gegen das Territorium der Russischen F\u00f6deration genehmigt hat.\n            <\/div>\n<p><\/p>\n<div class=\"Text-root Text-type_5 ArticleView-text ViewText-root \">\n<p>Michael Flynn, Generalleutnant der US-Armee im Ruhestand, hat US-Vizepr\u00e4sidentin Kamala Harris aufgefordert, sich auf den 25. Verfassungszusatz zu berufen, um zu verhindern, dass US-Pr\u00e4sident Joe Biden in einen dritten Weltkrieg\u00a0<em>&#8220;schlafwandelnd&#8221; <\/em>ausl\u00f6st, nachdem er der Ukraine erlaubt hat, ATACMS-Raketen einzusetzen, um tief in russisches Territorium einzudringen.<\/p>\n<p>W\u00e4hrend Washington diese Erlaubnis nicht offiziell best\u00e4tigt hat, hat das russische Verteidigungsministerium erkl\u00e4rt, dass Kiew die von den USA gelieferten Raketen bereits eingesetzt hat, um die russische Region Brjansk anzugreifen. Au\u00dferdem hat Biden diese Woche beschlossen, der Ukraine Antipersonenminen zu liefern und damit sein Versprechen von 2022 gebrochen, deren Einsatz einzuschr\u00e4nken.<\/p>\n<p><em>&#8220;Das derzeitige Repr\u00e4sentantenhaus muss Biden wegen Gef\u00e4hrdung der Vereinigten Staaten anklagen&#8221;<\/em>, schrieb Flynn in einem Beitrag auf\u00a0<em>X<\/em>\u00a0und argumentierte, dass sein fr\u00fcherer Chef wegen viel weniger angeklagt wurde.\u00a0<em>&#8220;Harris sollte sich sofort auf den 25. Verfassungszusatz berufen und Biden absetzen &#8211; er f\u00fchrt uns schlafwandlerisch in den Dritten Weltkrieg. Lasst uns zumindest verfassungsrechtlichen Druck auf Harris aus\u00fcben, denn Joes schlechtes Ged\u00e4chtnis macht ihn unberechenbar.&#8221;<\/em><\/p>\n<p>In der Zwischenzeit sollten die Verb\u00fcndeten und potenziellen Kandidaten von designiertem US-Pr\u00e4sidenten Donald Trump, wie der ehemalige US-Kongressabgeordnete Matt Gaetz, der f\u00fcr das Amt des US-Justizministers vorgesehen ist, nicht schweigen und\u00a0<em>&#8220;die Identit\u00e4t der Deep State-Agenten aufdecken, die die F\u00e4den der Pr\u00e4sidentschaft ziehen und Biden zu r\u00fccksichtslosem Handeln dr\u00e4ngen&#8221;<\/em>, so Flynn.<\/p>\n<p><em>&#8220;Die kommenden US-Beamten m\u00fcssen mit [dem russischen Pr\u00e4sidenten Wladimir] Putin Kontakt aufnehmen, um die Situation zu deeskalieren&#8221;<\/em>, f\u00fcgte er hinzu und zog Parallelen zu seinem eigenen Gespr\u00e4ch mit einem ehemaligen russischen Botschafter, das ihn zu einer der Schl\u00fcsselfiguren in der &#8220;Russiagate&#8221;-Verschw\u00f6rung machte.\u00a0<em>&#8220;Andere Umst\u00e4nde, aber dasselbe Ergebnis &#8211; Deeskalation&#8221;,<\/em>\u00a0bemerkte er.<\/p>\n<p>Trump ernannte Flynn kurz nach seinem Amtsantritt im Januar 2017 zum Berater. Weniger als einen Monat sp\u00e4ter musste Flynn jedoch zur\u00fccktreten, nachdem er beschuldigt wurde, die Beh\u00f6rden \u00fcber ein Telefongespr\u00e4ch mit Sergej Kisljak, dem damaligen russischen Botschafter in den USA, get\u00e4uscht zu haben. Die Kontroverse f\u00fcgte sich in die weitreichenden Vorw\u00fcrfe ein, dass die Trump-Kampagne mit Moskau konspiriert habe, um die Wahl zu gewinnen &#8211; eine Anschuldigung, die Trump vehement zur\u00fcckwies und die Demokraten beschuldigte, eine\u00a0<em>&#8220;Hexenjagd&#8221;<\/em>\u00a0zu veranstalten<em>.<\/em><\/p>\n<p>2017 bekannte sich Flynn schuldig, das FBI \u00fcber sein Telefonat mit Kisljak belogen zu haben, zog sein Gest\u00e4ndnis aber sp\u00e4ter zur\u00fcck und behauptete, die Regierung habe versucht, ihm etwas anzuh\u00e4ngen. Das Justizministerium lie\u00df die Anklage gegen Flynn im Jahr 2020 fallen und Trump begnadigte ihn noch im selben Jahr.<\/p>\n<p><strong>Mehr zum Thema<\/strong> &#8211;\u00a0<a rel=\"nofollow noopener\" target=\"_blank\" href=\"https:\/\/freedert.online\/international\/131481-liveticker-ukraine-krieg\/\">Liveticker Ukraine-Krieg<\/a><\/p>\n<div class=\"EmbedBlock-root EmbedBlock-externalVideo EmbedBlock-rumble\">\n<div class=\"VkEmbed\"><iframe class=\"lazyload\" data-src=\"https:\/\/rumble.com\/embed\/v5orh98\" frameborder=\"0\" width=\"853\" height=\"480\" allowfullscreen><\/iframe><\/div>\n<\/div>\n<\/div>\n<p><br \/>\n<br \/><a href=\"https:\/\/de.rt.com\/nordamerika\/226702-us-general-ad-flynna-fordert\/\">Source link <\/a><\/p>\n","protected":false},"excerpt":{"rendered":"<p>Donald Trumps ehemaliger nationaler Sicherheitsberater Michael Flynn will &#8220;den Wahnsinn stoppen, bevor der Dritte Weltkrieg unumkehrbar ist&#8221;. Die Lage hat sich erheblich zugespitzt, seit Washington den Einsatz von ATACMS gegen das Territorium der Russischen F\u00f6deration genehmigt hat. Michael Flynn, Generalleutnant der US-Armee im Ruhestand, hat US-Vizepr\u00e4sidentin Kamala Harris aufgefordert, sich auf den 25. Verfassungszusatz zu [&hellip;]<\/p>\n","protected":false},"author":3,"featured_media":72995,"comment_status":"open","ping_status":"open","sticky":false,"template":"","format":"standard","meta":{"_yoast_indexnow_last_ping":["1732194693"],"wp_automatic_camp":["217"],"97781d4b5eef880c179cf45a610109fc":["Eskalation zum Atomkrieg: US-General a.D. Flynn fordert &quot;dringende&quot; Absetzung von Biden"],"original_link":["https:\/\/de.rt.com\/nordamerika\/226702-us-general-ad-flynna-fordert\/"],"_thumbnail_id":["72995"],"_wptgpro_p2tg_sent2tg":["a:1:{i:23737;s:19:\"2024-11-21 15:12:35\";}"],"jnews_social_counter_last_update":["1777382548"],"_cmplz_scanned_post":["1"]},"categories":[19,23],"tags":[40147,53031,131,1348,582,20936,355,60405,11767,50,565],"yoast_head":"<!-- This site is optimized with the Yoast SEO Premium plugin v22.7 (Yoast SEO v22.7) - https:\/\/yoast.com\/wordpress\/plugins\/seo\/ -->\n<title>Eskalation zum Atomkrieg: US-General a.D. Flynn fordert &quot;dringende&quot; Absetzung von Biden - just-now.NEWS Deutschland<\/title>\n<meta name=\"robots\" content=\"index, follow, max-snippet:-1, max-image-preview:large, max-video-preview:-1\" \/>\n<link rel=\"canonical\" href=\"https:\/\/now-news.de\/de\/deutschland\/eskalation-zum-atomkrieg-us-general-a-d-flynn-fordert-dringende-absetzung-von-biden\/\" \/>\n<meta property=\"og:locale\" content=\"de_DE\" \/>\n<meta property=\"og:type\" content=\"article\" \/>\n<meta property=\"og:title\" content=\"Eskalation zum Atomkrieg: US-General a.D. Flynn fordert &quot;dringende&quot; Absetzung von Biden\" \/>\n<meta property=\"og:description\" content=\"Donald Trumps ehemaliger nationaler Sicherheitsberater Michael Flynn will &#8220;den Wahnsinn stoppen, bevor der Dritte Weltkrieg unumkehrbar ist&#8221;. Die Lage hat sich erheblich zugespitzt, seit Washington den Einsatz von ATACMS gegen das Territorium der Russischen F\u00f6deration genehmigt hat. Michael Flynn, Generalleutnant der US-Armee im Ruhestand, hat US-Vizepr\u00e4sidentin Kamala Harris aufgefordert, sich auf den 25. Verfassungszusatz zu [&hellip;]\" \/>\n<meta property=\"og:url\" content=\"https:\/\/now-news.de\/de\/deutschland\/eskalation-zum-atomkrieg-us-general-a-d-flynn-fordert-dringende-absetzung-von-biden\/\" \/>\n<meta property=\"og:site_name\" content=\"just-now.NEWS Deutschland\" \/>\n<meta property=\"article:publisher\" content=\"https:\/\/www.facebook.com\/wirmachenauf\" \/>\n<meta property=\"article:published_time\" content=\"2024-11-21T13:03:47+00:00\" \/>\n<meta property=\"og:image\" content=\"https:\/\/now-news.de\/de\/wp-content\/uploads\/sites\/3\/2024\/11\/673f129bb480cc3c6a5dd46b.jpg\" \/>\n<meta name=\"author\" content=\"rtnews\" \/>\n<meta name=\"twitter:card\" content=\"summary_large_image\" \/>\n<meta name=\"twitter:creator\" content=\"@WirMachenAuf_de\" \/>\n<meta name=\"twitter:site\" content=\"@WirMachenAuf_de\" \/>\n<meta name=\"twitter:label1\" content=\"Verfasst von\" \/>\n\t<meta name=\"twitter:data1\" content=\"rtnews\" \/>\n\t<meta name=\"twitter:label2\" content=\"Gesch\u00e4tzte Lesezeit\" \/>\n\t<meta name=\"twitter:data2\" content=\"2\u00a0Minuten\" \/>\n<script type=\"application\/ld+json\" class=\"yoast-schema-graph\">{\"@context\":\"https:\/\/schema.org\",\"@graph\":[{\"@type\":\"Article\",\"@id\":\"https:\/\/now-news.de\/de\/deutschland\/eskalation-zum-atomkrieg-us-general-a-d-flynn-fordert-dringende-absetzung-von-biden\/#article\",\"isPartOf\":{\"@id\":\"https:\/\/now-news.de\/de\/deutschland\/eskalation-zum-atomkrieg-us-general-a-d-flynn-fordert-dringende-absetzung-von-biden\/\"},\"author\":{\"name\":\"rtnews\",\"@id\":\"https:\/\/now-news.de\/de\/#\/schema\/person\/fb534a4e865501d8b3285208df34a9b5\"},\"headline\":\"Eskalation zum Atomkrieg: US-General a.D. Flynn fordert &quot;dringende&quot; Absetzung von Biden\",\"datePublished\":\"2024-11-21T13:03:47+00:00\",\"dateModified\":\"2024-11-21T13:03:47+00:00\",\"mainEntityOfPage\":{\"@id\":\"https:\/\/now-news.de\/de\/deutschland\/eskalation-zum-atomkrieg-us-general-a-d-flynn-fordert-dringende-absetzung-von-biden\/\"},\"wordCount\":489,\"commentCount\":0,\"publisher\":{\"@id\":\"https:\/\/now-news.de\/de\/#organization\"},\"image\":{\"@id\":\"https:\/\/now-news.de\/de\/deutschland\/eskalation-zum-atomkrieg-us-general-a-d-flynn-fordert-dringende-absetzung-von-biden\/#primaryimage\"},\"thumbnailUrl\":\"https:\/\/now-news.de\/de\/wp-content\/uploads\/sites\/3\/2024\/11\/Eskalation-zum-Atomkrieg-US-General-aD-Flynn-fordert-quotdringendequot-Absetzung-von.jpg\",\"keywords\":[\"a.D\",\"Absetzung\",\"atomkrieg\",\"Biden\",\"Eskalation\",\"Flynn\",\"fordert\",\"quotdringendequot\",\"USGeneral\",\"von\",\"zum\"],\"articleSection\":[\"Deutschland\",\"Russland\"],\"inLanguage\":\"de\",\"potentialAction\":[{\"@type\":\"CommentAction\",\"name\":\"Comment\",\"target\":[\"https:\/\/now-news.de\/de\/deutschland\/eskalation-zum-atomkrieg-us-general-a-d-flynn-fordert-dringende-absetzung-von-biden\/#respond\"]}]},{\"@type\":\"WebPage\",\"@id\":\"https:\/\/now-news.de\/de\/deutschland\/eskalation-zum-atomkrieg-us-general-a-d-flynn-fordert-dringende-absetzung-von-biden\/\",\"url\":\"https:\/\/now-news.de\/de\/deutschland\/eskalation-zum-atomkrieg-us-general-a-d-flynn-fordert-dringende-absetzung-von-biden\/\",\"name\":\"Eskalation zum Atomkrieg: US-General a.D. Flynn fordert &quot;dringende&quot; Absetzung von Biden - just-now.NEWS Deutschland\",\"isPartOf\":{\"@id\":\"https:\/\/now-news.de\/de\/#website\"},\"primaryImageOfPage\":{\"@id\":\"https:\/\/now-news.de\/de\/deutschland\/eskalation-zum-atomkrieg-us-general-a-d-flynn-fordert-dringende-absetzung-von-biden\/#primaryimage\"},\"image\":{\"@id\":\"https:\/\/now-news.de\/de\/deutschland\/eskalation-zum-atomkrieg-us-general-a-d-flynn-fordert-dringende-absetzung-von-biden\/#primaryimage\"},\"thumbnailUrl\":\"https:\/\/now-news.de\/de\/wp-content\/uploads\/sites\/3\/2024\/11\/Eskalation-zum-Atomkrieg-US-General-aD-Flynn-fordert-quotdringendequot-Absetzung-von.jpg\",\"datePublished\":\"2024-11-21T13:03:47+00:00\",\"dateModified\":\"2024-11-21T13:03:47+00:00\",\"breadcrumb\":{\"@id\":\"https:\/\/now-news.de\/de\/deutschland\/eskalation-zum-atomkrieg-us-general-a-d-flynn-fordert-dringende-absetzung-von-biden\/#breadcrumb\"},\"inLanguage\":\"de\",\"potentialAction\":[{\"@type\":\"ReadAction\",\"target\":[\"https:\/\/now-news.de\/de\/deutschland\/eskalation-zum-atomkrieg-us-general-a-d-flynn-fordert-dringende-absetzung-von-biden\/\"]}]},{\"@type\":\"ImageObject\",\"inLanguage\":\"de\",\"@id\":\"https:\/\/now-news.de\/de\/deutschland\/eskalation-zum-atomkrieg-us-general-a-d-flynn-fordert-dringende-absetzung-von-biden\/#primaryimage\",\"url\":\"https:\/\/now-news.de\/de\/wp-content\/uploads\/sites\/3\/2024\/11\/Eskalation-zum-Atomkrieg-US-General-aD-Flynn-fordert-quotdringendequot-Absetzung-von.jpg\",\"contentUrl\":\"https:\/\/now-news.de\/de\/wp-content\/uploads\/sites\/3\/2024\/11\/Eskalation-zum-Atomkrieg-US-General-aD-Flynn-fordert-quotdringendequot-Absetzung-von.jpg\",\"width\":460,\"height\":259,\"caption\":\"Eskalation zum Atomkrieg: US-General a.D. Flynn fordert &quot;dringende&quot; Absetzung von Biden\"},{\"@type\":\"BreadcrumbList\",\"@id\":\"https:\/\/now-news.de\/de\/deutschland\/eskalation-zum-atomkrieg-us-general-a-d-flynn-fordert-dringende-absetzung-von-biden\/#breadcrumb\",\"itemListElement\":[{\"@type\":\"ListItem\",\"position\":1,\"name\":\"Home\",\"item\":\"https:\/\/now-news.de\/de\/\"},{\"@type\":\"ListItem\",\"position\":2,\"name\":\"Eskalation zum Atomkrieg: US-General a.D. Flynn fordert &quot;dringende&quot; Absetzung von Biden\"}]},{\"@type\":\"WebSite\",\"@id\":\"https:\/\/now-news.de\/de\/#website\",\"url\":\"https:\/\/now-news.de\/de\/\",\"name\":\"just-now.NEWS Deutschland\",\"description\":\"Das Portal f\u00fcr unzensierte Nachrichten aus der Welt\",\"publisher\":{\"@id\":\"https:\/\/now-news.de\/de\/#organization\"},\"potentialAction\":[{\"@type\":\"SearchAction\",\"target\":{\"@type\":\"EntryPoint\",\"urlTemplate\":\"https:\/\/now-news.de\/de\/?s={search_term_string}\"},\"query-input\":\"required name=search_term_string\"}],\"inLanguage\":\"de\"},{\"@type\":\"Organization\",\"@id\":\"https:\/\/now-news.de\/de\/#organization\",\"name\":\"Just Now News\",\"url\":\"https:\/\/now-news.de\/de\/\",\"logo\":{\"@type\":\"ImageObject\",\"inLanguage\":\"de\",\"@id\":\"https:\/\/now-news.de\/de\/#\/schema\/logo\/image\/\",\"url\":\"http:\/\/just-now.news\/de\/wp-content\/uploads\/sites\/3\/2022\/04\/logo500x500.jpg\",\"contentUrl\":\"http:\/\/just-now.news\/de\/wp-content\/uploads\/sites\/3\/2022\/04\/logo500x500.jpg\",\"width\":500,\"height\":500,\"caption\":\"Just Now News\"},\"image\":{\"@id\":\"https:\/\/now-news.de\/de\/#\/schema\/logo\/image\/\"},\"sameAs\":[\"https:\/\/www.facebook.com\/wirmachenauf\",\"https:\/\/x.com\/WirMachenAuf_de\"]},{\"@type\":\"Person\",\"@id\":\"https:\/\/now-news.de\/de\/#\/schema\/person\/fb534a4e865501d8b3285208df34a9b5\",\"name\":\"rtnews\",\"image\":{\"@type\":\"ImageObject\",\"inLanguage\":\"de\",\"@id\":\"https:\/\/now-news.de\/de\/#\/schema\/person\/image\/\",\"url\":\"https:\/\/secure.gravatar.com\/avatar\/82aafea7d8127119dd649515f56e2117?s=96&d=mm&r=g\",\"contentUrl\":\"https:\/\/secure.gravatar.com\/avatar\/82aafea7d8127119dd649515f56e2117?s=96&d=mm&r=g\",\"caption\":\"rtnews\"},\"url\":\"https:\/\/now-news.de\/de\/author\/rnews\/\"}]}<\/script>\n<!-- \/ Yoast SEO Premium plugin. -->","yoast_head_json":{"title":"Eskalation zum Atomkrieg: US-General a.D. Flynn fordert &quot;dringende&quot; Absetzung von Biden - just-now.NEWS Deutschland","robots":{"index":"index","follow":"follow","max-snippet":"max-snippet:-1","max-image-preview":"max-image-preview:large","max-video-preview":"max-video-preview:-1"},"canonical":"https:\/\/now-news.de\/de\/deutschland\/eskalation-zum-atomkrieg-us-general-a-d-flynn-fordert-dringende-absetzung-von-biden\/","og_locale":"de_DE","og_type":"article","og_title":"Eskalation zum Atomkrieg: US-General a.D. Flynn fordert &quot;dringende&quot; Absetzung von Biden","og_description":"Donald Trumps ehemaliger nationaler Sicherheitsberater Michael Flynn will &#8220;den Wahnsinn stoppen, bevor der Dritte Weltkrieg unumkehrbar ist&#8221;. Die Lage hat sich erheblich zugespitzt, seit Washington den Einsatz von ATACMS gegen das Territorium der Russischen F\u00f6deration genehmigt hat. Michael Flynn, Generalleutnant der US-Armee im Ruhestand, hat US-Vizepr\u00e4sidentin Kamala Harris aufgefordert, sich auf den 25. Verfassungszusatz zu [&hellip;]","og_url":"https:\/\/now-news.de\/de\/deutschland\/eskalation-zum-atomkrieg-us-general-a-d-flynn-fordert-dringende-absetzung-von-biden\/","og_site_name":"just-now.NEWS Deutschland","article_publisher":"https:\/\/www.facebook.com\/wirmachenauf","article_published_time":"2024-11-21T13:03:47+00:00","og_image":[{"url":"https:\/\/now-news.de\/de\/wp-content\/uploads\/sites\/3\/2024\/11\/673f129bb480cc3c6a5dd46b.jpg"}],"author":"rtnews","twitter_card":"summary_large_image","twitter_creator":"@WirMachenAuf_de","twitter_site":"@WirMachenAuf_de","twitter_misc":{"Verfasst von":"rtnews","Gesch\u00e4tzte Lesezeit":"2\u00a0Minuten"},"schema":{"@context":"https:\/\/schema.org","@graph":[{"@type":"Article","@id":"https:\/\/now-news.de\/de\/deutschland\/eskalation-zum-atomkrieg-us-general-a-d-flynn-fordert-dringende-absetzung-von-biden\/#article","isPartOf":{"@id":"https:\/\/now-news.de\/de\/deutschland\/eskalation-zum-atomkrieg-us-general-a-d-flynn-fordert-dringende-absetzung-von-biden\/"},"author":{"name":"rtnews","@id":"https:\/\/now-news.de\/de\/#\/schema\/person\/fb534a4e865501d8b3285208df34a9b5"},"headline":"Eskalation zum Atomkrieg: US-General a.D. Flynn fordert &quot;dringende&quot; Absetzung von Biden","datePublished":"2024-11-21T13:03:47+00:00","dateModified":"2024-11-21T13:03:47+00:00","mainEntityOfPage":{"@id":"https:\/\/now-news.de\/de\/deutschland\/eskalation-zum-atomkrieg-us-general-a-d-flynn-fordert-dringende-absetzung-von-biden\/"},"wordCount":489,"commentCount":0,"publisher":{"@id":"https:\/\/now-news.de\/de\/#organization"},"image":{"@id":"https:\/\/now-news.de\/de\/deutschland\/eskalation-zum-atomkrieg-us-general-a-d-flynn-fordert-dringende-absetzung-von-biden\/#primaryimage"},"thumbnailUrl":"https:\/\/now-news.de\/de\/wp-content\/uploads\/sites\/3\/2024\/11\/Eskalation-zum-Atomkrieg-US-General-aD-Flynn-fordert-quotdringendequot-Absetzung-von.jpg","keywords":["a.D","Absetzung","atomkrieg","Biden","Eskalation","Flynn","fordert","quotdringendequot","USGeneral","von","zum"],"articleSection":["Deutschland","Russland"],"inLanguage":"de","potentialAction":[{"@type":"CommentAction","name":"Comment","target":["https:\/\/now-news.de\/de\/deutschland\/eskalation-zum-atomkrieg-us-general-a-d-flynn-fordert-dringende-absetzung-von-biden\/#respond"]}]},{"@type":"WebPage","@id":"https:\/\/now-news.de\/de\/deutschland\/eskalation-zum-atomkrieg-us-general-a-d-flynn-fordert-dringende-absetzung-von-biden\/","url":"https:\/\/now-news.de\/de\/deutschland\/eskalation-zum-atomkrieg-us-general-a-d-flynn-fordert-dringende-absetzung-von-biden\/","name":"Eskalation zum Atomkrieg: US-General a.D. Flynn fordert &quot;dringende&quot; Absetzung von Biden - just-now.NEWS Deutschland","isPartOf":{"@id":"https:\/\/now-news.de\/de\/#website"},"primaryImageOfPage":{"@id":"https:\/\/now-news.de\/de\/deutschland\/eskalation-zum-atomkrieg-us-general-a-d-flynn-fordert-dringende-absetzung-von-biden\/#primaryimage"},"image":{"@id":"https:\/\/now-news.de\/de\/deutschland\/eskalation-zum-atomkrieg-us-general-a-d-flynn-fordert-dringende-absetzung-von-biden\/#primaryimage"},"thumbnailUrl":"https:\/\/now-news.de\/de\/wp-content\/uploads\/sites\/3\/2024\/11\/Eskalation-zum-Atomkrieg-US-General-aD-Flynn-fordert-quotdringendequot-Absetzung-von.jpg","datePublished":"2024-11-21T13:03:47+00:00","dateModified":"2024-11-21T13:03:47+00:00","breadcrumb":{"@id":"https:\/\/now-news.de\/de\/deutschland\/eskalation-zum-atomkrieg-us-general-a-d-flynn-fordert-dringende-absetzung-von-biden\/#breadcrumb"},"inLanguage":"de","potentialAction":[{"@type":"ReadAction","target":["https:\/\/now-news.de\/de\/deutschland\/eskalation-zum-atomkrieg-us-general-a-d-flynn-fordert-dringende-absetzung-von-biden\/"]}]},{"@type":"ImageObject","inLanguage":"de","@id":"https:\/\/now-news.de\/de\/deutschland\/eskalation-zum-atomkrieg-us-general-a-d-flynn-fordert-dringende-absetzung-von-biden\/#primaryimage","url":"https:\/\/now-news.de\/de\/wp-content\/uploads\/sites\/3\/2024\/11\/Eskalation-zum-Atomkrieg-US-General-aD-Flynn-fordert-quotdringendequot-Absetzung-von.jpg","contentUrl":"https:\/\/now-news.de\/de\/wp-content\/uploads\/sites\/3\/2024\/11\/Eskalation-zum-Atomkrieg-US-General-aD-Flynn-fordert-quotdringendequot-Absetzung-von.jpg","width":460,"height":259,"caption":"Eskalation zum Atomkrieg: US-General a.D. Flynn fordert &quot;dringende&quot; Absetzung von Biden"},{"@type":"BreadcrumbList","@id":"https:\/\/now-news.de\/de\/deutschland\/eskalation-zum-atomkrieg-us-general-a-d-flynn-fordert-dringende-absetzung-von-biden\/#breadcrumb","itemListElement":[{"@type":"ListItem","position":1,"name":"Home","item":"https:\/\/now-news.de\/de\/"},{"@type":"ListItem","position":2,"name":"Eskalation zum Atomkrieg: US-General a.D. Flynn fordert &quot;dringende&quot; Absetzung von Biden"}]},{"@type":"WebSite","@id":"https:\/\/now-news.de\/de\/#website","url":"https:\/\/now-news.de\/de\/","name":"just-now.NEWS Deutschland","description":"Das Portal f\u00fcr unzensierte Nachrichten aus der Welt","publisher":{"@id":"https:\/\/now-news.de\/de\/#organization"},"potentialAction":[{"@type":"SearchAction","target":{"@type":"EntryPoint","urlTemplate":"https:\/\/now-news.de\/de\/?s={search_term_string}"},"query-input":"required name=search_term_string"}],"inLanguage":"de"},{"@type":"Organization","@id":"https:\/\/now-news.de\/de\/#organization","name":"Just Now News","url":"https:\/\/now-news.de\/de\/","logo":{"@type":"ImageObject","inLanguage":"de","@id":"https:\/\/now-news.de\/de\/#\/schema\/logo\/image\/","url":"http:\/\/just-now.news\/de\/wp-content\/uploads\/sites\/3\/2022\/04\/logo500x500.jpg","contentUrl":"http:\/\/just-now.news\/de\/wp-content\/uploads\/sites\/3\/2022\/04\/logo500x500.jpg","width":500,"height":500,"caption":"Just Now News"},"image":{"@id":"https:\/\/now-news.de\/de\/#\/schema\/logo\/image\/"},"sameAs":["https:\/\/www.facebook.com\/wirmachenauf","https:\/\/x.com\/WirMachenAuf_de"]},{"@type":"Person","@id":"https:\/\/now-news.de\/de\/#\/schema\/person\/fb534a4e865501d8b3285208df34a9b5","name":"rtnews","image":{"@type":"ImageObject","inLanguage":"de","@id":"https:\/\/now-news.de\/de\/#\/schema\/person\/image\/","url":"https:\/\/secure.gravatar.com\/avatar\/82aafea7d8127119dd649515f56e2117?s=96&d=mm&r=g","contentUrl":"https:\/\/secure.gravatar.com\/avatar\/82aafea7d8127119dd649515f56e2117?s=96&d=mm&r=g","caption":"rtnews"},"url":"https:\/\/now-news.de\/de\/author\/rnews\/"}]}},"_links":{"self":[{"href":"https:\/\/now-news.de\/de\/wp-json\/wp\/v2\/posts\/72994"}],"collection":[{"href":"https:\/\/now-news.de\/de\/wp-json\/wp\/v2\/posts"}],"about":[{"href":"https:\/\/now-news.de\/de\/wp-json\/wp\/v2\/types\/post"}],"author":[{"embeddable":true,"href":"https:\/\/now-news.de\/de\/wp-json\/wp\/v2\/users\/3"}],"replies":[{"embeddable":true,"href":"https:\/\/now-news.de\/de\/wp-json\/wp\/v2\/comments?post=72994"}],"version-history":[{"count":0,"href":"https:\/\/now-news.de\/de\/wp-json\/wp\/v2\/posts\/72994\/revisions"}],"wp:featuredmedia":[{"embeddable":true,"href":"https:\/\/now-news.de\/de\/wp-json\/wp\/v2\/media\/72995"}],"wp:attachment":[{"href":"https:\/\/now-news.de\/de\/wp-json\/wp\/v2\/media?parent=72994"}],"wp:term":[{"taxonomy":"category","embeddable":true,"href":"https:\/\/now-news.de\/de\/wp-json\/wp\/v2\/categories?post=72994"},{"taxonomy":"post_tag","embeddable":true,"href":"https:\/\/now-news.de\/de\/wp-json\/wp\/v2\/tags?post=72994"}],"curies":[{"name":"wp","href":"https:\/\/api.w.org\/{rel}","templated":true}]}}