{"id":72990,"date":"2024-11-21T13:52:29","date_gmt":"2024-11-21T11:52:29","guid":{"rendered":"https:\/\/now-news.de\/de\/deutschland\/ungarn-stationiert-flugabwehr-nahe-der-grenze-zur-ukraine\/"},"modified":"2024-11-21T13:52:29","modified_gmt":"2024-11-21T11:52:29","slug":"ungarn-stationiert-flugabwehr-nahe-der-grenze-zur-ukraine","status":"publish","type":"post","link":"https:\/\/now-news.de\/de\/deutschland\/ungarn-stationiert-flugabwehr-nahe-der-grenze-zur-ukraine\/","title":{"rendered":"Ungarn stationiert Flugabwehr nahe der Grenze zur Ukraine"},"content":{"rendered":"<p><img decoding=\"async\" src=\"https:\/\/now-news.de\/de\/wp-content\/uploads\/sites\/3\/2024\/11\/673f137448fbef64917b8d8d.jpg\" \/><\/p>\n<div class=\"Text-root Text-type_1 \">\n                Ungarns Verteidigungsminister Krist\u00f3f Szalay-Bobrovniczky ordnet an, Luftabwehrsysteme im Nordosten des Landes an der Grenze zur Ukraine zu stationieren. Die Entscheidung sei auf die drohende Eskalation des Konflikts in der Ukraine zur\u00fcckzuf\u00fchren.\n            <\/div>\n<p><\/p>\n<div class=\"Text-root Text-type_5 ArticleView-text ViewText-root \">\n<p>In einer in den sozialen Netzwerken ver\u00f6ffentlichten Videobotschaft betont Ungarns Verteidigungsminister Krist\u00f3f Szalay-Bobrovniczky, dass das &#8220;Ausma\u00df des russisch-ukrainischen Krieges gr\u00f6\u00dfer ist als je zuvor und der Krieg in seine gef\u00e4hrlichste Phase eingetreten ist&#8221;. Aus diesem Grund wolle Budapest die Flugabwehr nahe der Grenze zu der Ukraine verst\u00e4rken, um f\u00fcr alle m\u00f6glichen Vorf\u00e4lle gewappnet zu sein. In dem Zusammenhang schreibt Szalay-Bobrovniczky auf Facebook:<\/p>\n<blockquote>\n<p><em>&#8220;Wir hoffen weiterhin, dass der Frieden so schnell wie m\u00f6glich erreicht wird, und zwar auf diplomatischem Weg und nicht mit milit\u00e4rischen Mitteln. Aber f\u00fcr alle F\u00e4lle habe ich den Einsatz k\u00fcrzlich erworbener Luft\u00fcberwachungs- und Flugabwehrsysteme und der darauf aufgebauten F\u00e4higkeiten im Nordosten des Landes angeordnet.&#8221;<\/em><\/p>\n<\/blockquote>\n<p>Wie es hei\u00dft, wurde diese Ma\u00dfnahme ergriffen, nachdem die Ukraine die Erlaubnis erhalten hatte, vom Westen gelieferte Raketen f\u00fcr Angriffe tief auf russischem Staatsgebiet einzusetzen. Hinzu komme auch, dass Russland seine Atomdoktrin erweitert habe.<\/p>\n<p>Laut dem Minister werde die Stationierung der Flugabwehr an der ungarisch-ukrainischen Grenze es erm\u00f6glichen, die Genauigkeit der Luftraum\u00fcberwachung zu erh\u00f6hen und die Reaktionszeit zu verk\u00fcrzen. Bei Einheiten der ungarischen Streitkr\u00e4fte, die f\u00fcr die Luftraum\u00fcberwachung zust\u00e4ndig seien, sei die h\u00f6chste Kampfbereitschaft angeordnet worden, gibt Szalay-Bobrovniczky bekannt. &#8220;Wir werden die Sicherheit Ungarns und des ungarischen Volkes mit aller Kraft und mit allen Mitteln verteidigen&#8221;, betont er.<\/p>\n<p>In der aktualisierten Fassung der Atomdoktrin Russlands wird eine erweiterte Anzahl milit\u00e4rischer Bedrohungen ber\u00fccksichtigt. Unter anderem hei\u00dft es in dem Dokument, dass eine Aggression gegen Russland durch einen Staat ohne Atomwaffen, an der eine Atommacht beteiligt ist oder die eine solche Aggression unterst\u00fctzt, als gemeinsamer Angriff auf das Land gelten und eine nukleare Antwort Russlands zur Folge haben k\u00f6nnte.<\/p>\n<p><strong>Mehr zum Thema<\/strong> &#8211; <a rel=\"nofollow noopener\" target=\"_blank\" href=\"https:\/\/freedert.online\/international\/220852-peskow-ueber-nukleare-doktrin-russland\/\">Peskow \u00fcber Nukleardoktrin: Russland muss zu Entscheidungen bereit sein<\/a><\/p>\n<\/div>\n<p><br \/>\n<br \/><a href=\"https:\/\/de.rt.com\/international\/226703-ungarn-stationiert-flugabwehr-nahe-grenze\/\">Source link <\/a><\/p>\n","protected":false},"excerpt":{"rendered":"<p>Ungarns Verteidigungsminister Krist\u00f3f Szalay-Bobrovniczky ordnet an, Luftabwehrsysteme im Nordosten des Landes an der Grenze zur Ukraine zu stationieren. Die Entscheidung sei auf die drohende Eskalation des Konflikts in der Ukraine zur\u00fcckzuf\u00fchren. In einer in den sozialen Netzwerken ver\u00f6ffentlichten Videobotschaft betont Ungarns Verteidigungsminister Krist\u00f3f Szalay-Bobrovniczky, dass das &#8220;Ausma\u00df des russisch-ukrainischen Krieges gr\u00f6\u00dfer ist als je zuvor [&hellip;]<\/p>\n","protected":false},"author":3,"featured_media":72991,"comment_status":"open","ping_status":"open","sticky":false,"template":"","format":"standard","meta":{"_yoast_indexnow_last_ping":["1732192782"],"wp_automatic_camp":["217"],"5218d7012bac036faebe58c420d67074":["Ungarn stationiert Flugabwehr nahe der Grenze zur Ukraine"],"original_link":["https:\/\/de.rt.com\/international\/226703-ungarn-stationiert-flugabwehr-nahe-grenze\/"],"_thumbnail_id":["72991"],"jnews_social_counter_last_update":["1776690270"],"_wptgpro_p2tg_sent2tg":["a:1:{i:23737;s:19:\"2024-11-21 14:40:53\";}"]},"categories":[19,23],"tags":[82,30726,366,1817,3741,127,11664,581],"yoast_head":"<!-- This site is optimized with the Yoast SEO Premium plugin v22.7 (Yoast SEO v22.7) - https:\/\/yoast.com\/wordpress\/plugins\/seo\/ -->\n<title>Ungarn stationiert Flugabwehr nahe der Grenze zur Ukraine - just-now.NEWS Deutschland<\/title>\n<meta name=\"robots\" content=\"index, follow, max-snippet:-1, max-image-preview:large, max-video-preview:-1\" \/>\n<link rel=\"canonical\" href=\"https:\/\/now-news.de\/de\/deutschland\/ungarn-stationiert-flugabwehr-nahe-der-grenze-zur-ukraine\/\" \/>\n<meta property=\"og:locale\" content=\"de_DE\" \/>\n<meta property=\"og:type\" content=\"article\" \/>\n<meta property=\"og:title\" content=\"Ungarn stationiert Flugabwehr nahe der Grenze zur Ukraine\" \/>\n<meta property=\"og:description\" content=\"Ungarns Verteidigungsminister Krist\u00f3f Szalay-Bobrovniczky ordnet an, Luftabwehrsysteme im Nordosten des Landes an der Grenze zur Ukraine zu stationieren. Die Entscheidung sei auf die drohende Eskalation des Konflikts in der Ukraine zur\u00fcckzuf\u00fchren. In einer in den sozialen Netzwerken ver\u00f6ffentlichten Videobotschaft betont Ungarns Verteidigungsminister Krist\u00f3f Szalay-Bobrovniczky, dass das &#8220;Ausma\u00df des russisch-ukrainischen Krieges gr\u00f6\u00dfer ist als je zuvor [&hellip;]\" \/>\n<meta property=\"og:url\" content=\"https:\/\/now-news.de\/de\/deutschland\/ungarn-stationiert-flugabwehr-nahe-der-grenze-zur-ukraine\/\" \/>\n<meta property=\"og:site_name\" content=\"just-now.NEWS Deutschland\" \/>\n<meta property=\"article:publisher\" content=\"https:\/\/www.facebook.com\/wirmachenauf\" \/>\n<meta property=\"article:published_time\" content=\"2024-11-21T11:52:29+00:00\" \/>\n<meta property=\"og:image\" content=\"https:\/\/now-news.de\/de\/wp-content\/uploads\/sites\/3\/2024\/11\/673f137448fbef64917b8d8d.jpg\" \/>\n<meta name=\"author\" content=\"rtnews\" \/>\n<meta name=\"twitter:card\" content=\"summary_large_image\" \/>\n<meta name=\"twitter:creator\" content=\"@WirMachenAuf_de\" \/>\n<meta name=\"twitter:site\" content=\"@WirMachenAuf_de\" \/>\n<meta name=\"twitter:label1\" content=\"Verfasst von\" \/>\n\t<meta name=\"twitter:data1\" content=\"rtnews\" \/>\n\t<meta name=\"twitter:label2\" content=\"Gesch\u00e4tzte Lesezeit\" \/>\n\t<meta name=\"twitter:data2\" content=\"2\u00a0Minuten\" \/>\n<script type=\"application\/ld+json\" class=\"yoast-schema-graph\">{\"@context\":\"https:\/\/schema.org\",\"@graph\":[{\"@type\":\"Article\",\"@id\":\"https:\/\/now-news.de\/de\/deutschland\/ungarn-stationiert-flugabwehr-nahe-der-grenze-zur-ukraine\/#article\",\"isPartOf\":{\"@id\":\"https:\/\/now-news.de\/de\/deutschland\/ungarn-stationiert-flugabwehr-nahe-der-grenze-zur-ukraine\/\"},\"author\":{\"name\":\"rtnews\",\"@id\":\"https:\/\/now-news.de\/de\/#\/schema\/person\/fb534a4e865501d8b3285208df34a9b5\"},\"headline\":\"Ungarn stationiert Flugabwehr nahe der Grenze zur Ukraine\",\"datePublished\":\"2024-11-21T11:52:29+00:00\",\"dateModified\":\"2024-11-21T11:52:29+00:00\",\"mainEntityOfPage\":{\"@id\":\"https:\/\/now-news.de\/de\/deutschland\/ungarn-stationiert-flugabwehr-nahe-der-grenze-zur-ukraine\/\"},\"wordCount\":354,\"commentCount\":0,\"publisher\":{\"@id\":\"https:\/\/now-news.de\/de\/#organization\"},\"image\":{\"@id\":\"https:\/\/now-news.de\/de\/deutschland\/ungarn-stationiert-flugabwehr-nahe-der-grenze-zur-ukraine\/#primaryimage\"},\"thumbnailUrl\":\"https:\/\/now-news.de\/de\/wp-content\/uploads\/sites\/3\/2024\/11\/Ungarn-stationiert-Flugabwehr-nahe-der-Grenze-zur-Ukraine.jpg\",\"keywords\":[\"der\",\"Flugabwehr\",\"Grenze\",\"nahe\",\"stationiert\",\"ukraine\",\"Ungarn\",\"zur\"],\"articleSection\":[\"Deutschland\",\"Russland\"],\"inLanguage\":\"de\",\"potentialAction\":[{\"@type\":\"CommentAction\",\"name\":\"Comment\",\"target\":[\"https:\/\/now-news.de\/de\/deutschland\/ungarn-stationiert-flugabwehr-nahe-der-grenze-zur-ukraine\/#respond\"]}]},{\"@type\":\"WebPage\",\"@id\":\"https:\/\/now-news.de\/de\/deutschland\/ungarn-stationiert-flugabwehr-nahe-der-grenze-zur-ukraine\/\",\"url\":\"https:\/\/now-news.de\/de\/deutschland\/ungarn-stationiert-flugabwehr-nahe-der-grenze-zur-ukraine\/\",\"name\":\"Ungarn stationiert Flugabwehr nahe der Grenze zur Ukraine - just-now.NEWS Deutschland\",\"isPartOf\":{\"@id\":\"https:\/\/now-news.de\/de\/#website\"},\"primaryImageOfPage\":{\"@id\":\"https:\/\/now-news.de\/de\/deutschland\/ungarn-stationiert-flugabwehr-nahe-der-grenze-zur-ukraine\/#primaryimage\"},\"image\":{\"@id\":\"https:\/\/now-news.de\/de\/deutschland\/ungarn-stationiert-flugabwehr-nahe-der-grenze-zur-ukraine\/#primaryimage\"},\"thumbnailUrl\":\"https:\/\/now-news.de\/de\/wp-content\/uploads\/sites\/3\/2024\/11\/Ungarn-stationiert-Flugabwehr-nahe-der-Grenze-zur-Ukraine.jpg\",\"datePublished\":\"2024-11-21T11:52:29+00:00\",\"dateModified\":\"2024-11-21T11:52:29+00:00\",\"breadcrumb\":{\"@id\":\"https:\/\/now-news.de\/de\/deutschland\/ungarn-stationiert-flugabwehr-nahe-der-grenze-zur-ukraine\/#breadcrumb\"},\"inLanguage\":\"de\",\"potentialAction\":[{\"@type\":\"ReadAction\",\"target\":[\"https:\/\/now-news.de\/de\/deutschland\/ungarn-stationiert-flugabwehr-nahe-der-grenze-zur-ukraine\/\"]}]},{\"@type\":\"ImageObject\",\"inLanguage\":\"de\",\"@id\":\"https:\/\/now-news.de\/de\/deutschland\/ungarn-stationiert-flugabwehr-nahe-der-grenze-zur-ukraine\/#primaryimage\",\"url\":\"https:\/\/now-news.de\/de\/wp-content\/uploads\/sites\/3\/2024\/11\/Ungarn-stationiert-Flugabwehr-nahe-der-Grenze-zur-Ukraine.jpg\",\"contentUrl\":\"https:\/\/now-news.de\/de\/wp-content\/uploads\/sites\/3\/2024\/11\/Ungarn-stationiert-Flugabwehr-nahe-der-Grenze-zur-Ukraine.jpg\",\"width\":460,\"height\":259,\"caption\":\"Ungarn stationiert Flugabwehr nahe der Grenze zur Ukraine\"},{\"@type\":\"BreadcrumbList\",\"@id\":\"https:\/\/now-news.de\/de\/deutschland\/ungarn-stationiert-flugabwehr-nahe-der-grenze-zur-ukraine\/#breadcrumb\",\"itemListElement\":[{\"@type\":\"ListItem\",\"position\":1,\"name\":\"Home\",\"item\":\"https:\/\/now-news.de\/de\/\"},{\"@type\":\"ListItem\",\"position\":2,\"name\":\"Ungarn stationiert Flugabwehr nahe der Grenze zur Ukraine\"}]},{\"@type\":\"WebSite\",\"@id\":\"https:\/\/now-news.de\/de\/#website\",\"url\":\"https:\/\/now-news.de\/de\/\",\"name\":\"just-now.NEWS Deutschland\",\"description\":\"Das Portal f\u00fcr unzensierte Nachrichten aus der Welt\",\"publisher\":{\"@id\":\"https:\/\/now-news.de\/de\/#organization\"},\"potentialAction\":[{\"@type\":\"SearchAction\",\"target\":{\"@type\":\"EntryPoint\",\"urlTemplate\":\"https:\/\/now-news.de\/de\/?s={search_term_string}\"},\"query-input\":\"required name=search_term_string\"}],\"inLanguage\":\"de\"},{\"@type\":\"Organization\",\"@id\":\"https:\/\/now-news.de\/de\/#organization\",\"name\":\"Just Now News\",\"url\":\"https:\/\/now-news.de\/de\/\",\"logo\":{\"@type\":\"ImageObject\",\"inLanguage\":\"de\",\"@id\":\"https:\/\/now-news.de\/de\/#\/schema\/logo\/image\/\",\"url\":\"http:\/\/just-now.news\/de\/wp-content\/uploads\/sites\/3\/2022\/04\/logo500x500.jpg\",\"contentUrl\":\"http:\/\/just-now.news\/de\/wp-content\/uploads\/sites\/3\/2022\/04\/logo500x500.jpg\",\"width\":500,\"height\":500,\"caption\":\"Just Now News\"},\"image\":{\"@id\":\"https:\/\/now-news.de\/de\/#\/schema\/logo\/image\/\"},\"sameAs\":[\"https:\/\/www.facebook.com\/wirmachenauf\",\"https:\/\/x.com\/WirMachenAuf_de\"]},{\"@type\":\"Person\",\"@id\":\"https:\/\/now-news.de\/de\/#\/schema\/person\/fb534a4e865501d8b3285208df34a9b5\",\"name\":\"rtnews\",\"image\":{\"@type\":\"ImageObject\",\"inLanguage\":\"de\",\"@id\":\"https:\/\/now-news.de\/de\/#\/schema\/person\/image\/\",\"url\":\"https:\/\/secure.gravatar.com\/avatar\/82aafea7d8127119dd649515f56e2117?s=96&d=mm&r=g\",\"contentUrl\":\"https:\/\/secure.gravatar.com\/avatar\/82aafea7d8127119dd649515f56e2117?s=96&d=mm&r=g\",\"caption\":\"rtnews\"},\"url\":\"https:\/\/now-news.de\/de\/author\/rnews\/\"}]}<\/script>\n<!-- \/ Yoast SEO Premium plugin. -->","yoast_head_json":{"title":"Ungarn stationiert Flugabwehr nahe der Grenze zur Ukraine - just-now.NEWS Deutschland","robots":{"index":"index","follow":"follow","max-snippet":"max-snippet:-1","max-image-preview":"max-image-preview:large","max-video-preview":"max-video-preview:-1"},"canonical":"https:\/\/now-news.de\/de\/deutschland\/ungarn-stationiert-flugabwehr-nahe-der-grenze-zur-ukraine\/","og_locale":"de_DE","og_type":"article","og_title":"Ungarn stationiert Flugabwehr nahe der Grenze zur Ukraine","og_description":"Ungarns Verteidigungsminister Krist\u00f3f Szalay-Bobrovniczky ordnet an, Luftabwehrsysteme im Nordosten des Landes an der Grenze zur Ukraine zu stationieren. Die Entscheidung sei auf die drohende Eskalation des Konflikts in der Ukraine zur\u00fcckzuf\u00fchren. In einer in den sozialen Netzwerken ver\u00f6ffentlichten Videobotschaft betont Ungarns Verteidigungsminister Krist\u00f3f Szalay-Bobrovniczky, dass das &#8220;Ausma\u00df des russisch-ukrainischen Krieges gr\u00f6\u00dfer ist als je zuvor [&hellip;]","og_url":"https:\/\/now-news.de\/de\/deutschland\/ungarn-stationiert-flugabwehr-nahe-der-grenze-zur-ukraine\/","og_site_name":"just-now.NEWS Deutschland","article_publisher":"https:\/\/www.facebook.com\/wirmachenauf","article_published_time":"2024-11-21T11:52:29+00:00","og_image":[{"url":"https:\/\/now-news.de\/de\/wp-content\/uploads\/sites\/3\/2024\/11\/673f137448fbef64917b8d8d.jpg"}],"author":"rtnews","twitter_card":"summary_large_image","twitter_creator":"@WirMachenAuf_de","twitter_site":"@WirMachenAuf_de","twitter_misc":{"Verfasst von":"rtnews","Gesch\u00e4tzte Lesezeit":"2\u00a0Minuten"},"schema":{"@context":"https:\/\/schema.org","@graph":[{"@type":"Article","@id":"https:\/\/now-news.de\/de\/deutschland\/ungarn-stationiert-flugabwehr-nahe-der-grenze-zur-ukraine\/#article","isPartOf":{"@id":"https:\/\/now-news.de\/de\/deutschland\/ungarn-stationiert-flugabwehr-nahe-der-grenze-zur-ukraine\/"},"author":{"name":"rtnews","@id":"https:\/\/now-news.de\/de\/#\/schema\/person\/fb534a4e865501d8b3285208df34a9b5"},"headline":"Ungarn stationiert Flugabwehr nahe der Grenze zur Ukraine","datePublished":"2024-11-21T11:52:29+00:00","dateModified":"2024-11-21T11:52:29+00:00","mainEntityOfPage":{"@id":"https:\/\/now-news.de\/de\/deutschland\/ungarn-stationiert-flugabwehr-nahe-der-grenze-zur-ukraine\/"},"wordCount":354,"commentCount":0,"publisher":{"@id":"https:\/\/now-news.de\/de\/#organization"},"image":{"@id":"https:\/\/now-news.de\/de\/deutschland\/ungarn-stationiert-flugabwehr-nahe-der-grenze-zur-ukraine\/#primaryimage"},"thumbnailUrl":"https:\/\/now-news.de\/de\/wp-content\/uploads\/sites\/3\/2024\/11\/Ungarn-stationiert-Flugabwehr-nahe-der-Grenze-zur-Ukraine.jpg","keywords":["der","Flugabwehr","Grenze","nahe","stationiert","ukraine","Ungarn","zur"],"articleSection":["Deutschland","Russland"],"inLanguage":"de","potentialAction":[{"@type":"CommentAction","name":"Comment","target":["https:\/\/now-news.de\/de\/deutschland\/ungarn-stationiert-flugabwehr-nahe-der-grenze-zur-ukraine\/#respond"]}]},{"@type":"WebPage","@id":"https:\/\/now-news.de\/de\/deutschland\/ungarn-stationiert-flugabwehr-nahe-der-grenze-zur-ukraine\/","url":"https:\/\/now-news.de\/de\/deutschland\/ungarn-stationiert-flugabwehr-nahe-der-grenze-zur-ukraine\/","name":"Ungarn stationiert Flugabwehr nahe der Grenze zur Ukraine - just-now.NEWS Deutschland","isPartOf":{"@id":"https:\/\/now-news.de\/de\/#website"},"primaryImageOfPage":{"@id":"https:\/\/now-news.de\/de\/deutschland\/ungarn-stationiert-flugabwehr-nahe-der-grenze-zur-ukraine\/#primaryimage"},"image":{"@id":"https:\/\/now-news.de\/de\/deutschland\/ungarn-stationiert-flugabwehr-nahe-der-grenze-zur-ukraine\/#primaryimage"},"thumbnailUrl":"https:\/\/now-news.de\/de\/wp-content\/uploads\/sites\/3\/2024\/11\/Ungarn-stationiert-Flugabwehr-nahe-der-Grenze-zur-Ukraine.jpg","datePublished":"2024-11-21T11:52:29+00:00","dateModified":"2024-11-21T11:52:29+00:00","breadcrumb":{"@id":"https:\/\/now-news.de\/de\/deutschland\/ungarn-stationiert-flugabwehr-nahe-der-grenze-zur-ukraine\/#breadcrumb"},"inLanguage":"de","potentialAction":[{"@type":"ReadAction","target":["https:\/\/now-news.de\/de\/deutschland\/ungarn-stationiert-flugabwehr-nahe-der-grenze-zur-ukraine\/"]}]},{"@type":"ImageObject","inLanguage":"de","@id":"https:\/\/now-news.de\/de\/deutschland\/ungarn-stationiert-flugabwehr-nahe-der-grenze-zur-ukraine\/#primaryimage","url":"https:\/\/now-news.de\/de\/wp-content\/uploads\/sites\/3\/2024\/11\/Ungarn-stationiert-Flugabwehr-nahe-der-Grenze-zur-Ukraine.jpg","contentUrl":"https:\/\/now-news.de\/de\/wp-content\/uploads\/sites\/3\/2024\/11\/Ungarn-stationiert-Flugabwehr-nahe-der-Grenze-zur-Ukraine.jpg","width":460,"height":259,"caption":"Ungarn stationiert Flugabwehr nahe der Grenze zur Ukraine"},{"@type":"BreadcrumbList","@id":"https:\/\/now-news.de\/de\/deutschland\/ungarn-stationiert-flugabwehr-nahe-der-grenze-zur-ukraine\/#breadcrumb","itemListElement":[{"@type":"ListItem","position":1,"name":"Home","item":"https:\/\/now-news.de\/de\/"},{"@type":"ListItem","position":2,"name":"Ungarn stationiert Flugabwehr nahe der Grenze zur Ukraine"}]},{"@type":"WebSite","@id":"https:\/\/now-news.de\/de\/#website","url":"https:\/\/now-news.de\/de\/","name":"just-now.NEWS Deutschland","description":"Das Portal f\u00fcr unzensierte Nachrichten aus der Welt","publisher":{"@id":"https:\/\/now-news.de\/de\/#organization"},"potentialAction":[{"@type":"SearchAction","target":{"@type":"EntryPoint","urlTemplate":"https:\/\/now-news.de\/de\/?s={search_term_string}"},"query-input":"required name=search_term_string"}],"inLanguage":"de"},{"@type":"Organization","@id":"https:\/\/now-news.de\/de\/#organization","name":"Just Now News","url":"https:\/\/now-news.de\/de\/","logo":{"@type":"ImageObject","inLanguage":"de","@id":"https:\/\/now-news.de\/de\/#\/schema\/logo\/image\/","url":"http:\/\/just-now.news\/de\/wp-content\/uploads\/sites\/3\/2022\/04\/logo500x500.jpg","contentUrl":"http:\/\/just-now.news\/de\/wp-content\/uploads\/sites\/3\/2022\/04\/logo500x500.jpg","width":500,"height":500,"caption":"Just Now News"},"image":{"@id":"https:\/\/now-news.de\/de\/#\/schema\/logo\/image\/"},"sameAs":["https:\/\/www.facebook.com\/wirmachenauf","https:\/\/x.com\/WirMachenAuf_de"]},{"@type":"Person","@id":"https:\/\/now-news.de\/de\/#\/schema\/person\/fb534a4e865501d8b3285208df34a9b5","name":"rtnews","image":{"@type":"ImageObject","inLanguage":"de","@id":"https:\/\/now-news.de\/de\/#\/schema\/person\/image\/","url":"https:\/\/secure.gravatar.com\/avatar\/82aafea7d8127119dd649515f56e2117?s=96&d=mm&r=g","contentUrl":"https:\/\/secure.gravatar.com\/avatar\/82aafea7d8127119dd649515f56e2117?s=96&d=mm&r=g","caption":"rtnews"},"url":"https:\/\/now-news.de\/de\/author\/rnews\/"}]}},"_links":{"self":[{"href":"https:\/\/now-news.de\/de\/wp-json\/wp\/v2\/posts\/72990"}],"collection":[{"href":"https:\/\/now-news.de\/de\/wp-json\/wp\/v2\/posts"}],"about":[{"href":"https:\/\/now-news.de\/de\/wp-json\/wp\/v2\/types\/post"}],"author":[{"embeddable":true,"href":"https:\/\/now-news.de\/de\/wp-json\/wp\/v2\/users\/3"}],"replies":[{"embeddable":true,"href":"https:\/\/now-news.de\/de\/wp-json\/wp\/v2\/comments?post=72990"}],"version-history":[{"count":0,"href":"https:\/\/now-news.de\/de\/wp-json\/wp\/v2\/posts\/72990\/revisions"}],"wp:featuredmedia":[{"embeddable":true,"href":"https:\/\/now-news.de\/de\/wp-json\/wp\/v2\/media\/72991"}],"wp:attachment":[{"href":"https:\/\/now-news.de\/de\/wp-json\/wp\/v2\/media?parent=72990"}],"wp:term":[{"taxonomy":"category","embeddable":true,"href":"https:\/\/now-news.de\/de\/wp-json\/wp\/v2\/categories?post=72990"},{"taxonomy":"post_tag","embeddable":true,"href":"https:\/\/now-news.de\/de\/wp-json\/wp\/v2\/tags?post=72990"}],"curies":[{"name":"wp","href":"https:\/\/api.w.org\/{rel}","templated":true}]}}