{"id":72988,"date":"2024-11-21T14:23:30","date_gmt":"2024-11-21T12:23:30","guid":{"rendered":"https:\/\/now-news.de\/de\/deutschland\/evangelische-kirche-schliesst-afd-mitglieder-von-der-mitarbeit-in-kirchenraeten-aus\/"},"modified":"2024-11-21T14:23:30","modified_gmt":"2024-11-21T12:23:30","slug":"evangelische-kirche-schliesst-afd-mitglieder-von-der-mitarbeit-in-kirchenraeten-aus","status":"publish","type":"post","link":"https:\/\/now-news.de\/de\/deutschland\/evangelische-kirche-schliesst-afd-mitglieder-von-der-mitarbeit-in-kirchenraeten-aus\/","title":{"rendered":"Evangelische Kirche schlie\u00dft AfD-Mitglieder von der Mitarbeit in Kirchenr\u00e4ten aus"},"content":{"rendered":"<p><img decoding=\"async\" src=\"https:\/\/now-news.de\/de\/wp-content\/uploads\/sites\/3\/2024\/11\/673f1e38b480cc3c006d00f3.jpg\" \/><\/p>\n<div class=\"Text-root Text-type_1 \">\n                Die Evangelische Kirche Mitteldeutschland schlie\u00dft AfD-Mitglieder von der Mitarbeit in Kirchenr\u00e4ten aus. Sie begr\u00fcndet die offene Diskriminierung mit der angeblichen Unvereinbarkeit einer AfD-Mitgliedschaft mit der christlichen Lehre.  Das Verbot sieht keine Einzelfallpr\u00fcfung vor.\n            <\/div>\n<p><\/p>\n<div class=\"Text-root Text-type_5 ArticleView-text ViewText-root \">\n<p>Der Landeskirchenrat der Evangelischen Kirche Mitteldeutschland hat beschlossen, AfD-Mitgliedern Funktionen in Kirchenr\u00e4ten zu verwehren. Landesbischof Friedrich Kramer best\u00e4tigte nun die offen diskriminierende Regelung. Auf der Er\u00f6ffnung der Herbstsynode in Erfurt sagte Kramer,\u00a0<em>&#8220;Menschenverachtende, fremdenfeindliche und antikirchliche Positionen vertragen sich nicht mit der \u00dcbernahme eines Amtes im Gemeindekirchenrat oder an einer anderen Leitungsstelle in unserer Kirche.&#8221;<\/em><\/p>\n<p>Kramer folgt damit der pauschalen und undifferenzierten Verurteilung aller AfD-Mitglieder, wie sie auch vom Landeskirchenrat vorgenommen wird. AfD-Mitglieder werden pauschal ausgeschlossen, eine \u00dcberpr\u00fcfung im Einzelfall ist nicht vorgesehen.<\/p>\n<p>Sowohl Kramer als auch der Landeskirchenrat \u00fcbersehen, dass von ihnen gebrandmarkte Positionen innerhalb der AfD auch in anderen Parteien diskutiert werden. So zitieren sie beispielsweise in ihrer Begr\u00fcndung zum Verbot unter anderem den libert\u00e4ren Crash-Propheten Markus Krall, der auf einem Vortrag auf einer AfD-Veranstaltung die These vertrat, das Wahlrecht solle nur Leistungserbringern vorbehalten sein. Krall ist jedoch kein Mitglied der AfD. Nach einer kurzen Mitgliedschaft der CDU-Abspaltung &#8220;Werteunion&#8221; ist er nun in der Partei B\u00fcndnis Deutschland aktiv.\u00a0<\/p>\n<p>Mit der Diskussion dar\u00fcber, das Wahlrecht an Bedingungen zu kn\u00fcpfen, ist die AfD nicht allein. Auch die FDP diskutiert regelm\u00e4\u00dfig dar\u00fcber, ob die Empf\u00e4nger staatlicher Leistungen von Wahlen ausgeschlossen werden sollen. \u00c4hnliches findet sich auch bei der CDU. Im Umfeld der Gr\u00fcnen glaubt man dagegen, der Ausschluss von alten Menschen von Wahlen diene dem Schutz des Klimas. Weil alte Menschen ohnehin bald sterben, w\u00e4hlen sie eher Parteien, die den Klimaschutz hintenan stellen, ist die These, mit der Fridays for Future und Co. aus dem allgemeinen Wahlrecht ein Exklusivrecht machen wollen. \u00dcber deren Ausschluss von Kirchen\u00e4mtern diskutiert die evangelische Kirche Mitteldeutschland jedoch nicht.\u00a0<\/p>\n<p>Die vollst\u00e4ndige \u00dcbersicht der Begr\u00fcndungen f\u00fcr den Ausschluss von AfD-Mitgliedern aus den Kirchenr\u00e4ten findet sich\u00a0<a rel=\"nofollow noopener\" target=\"_blank\" href=\"https:\/\/www.ekmd.de\/asset\/VOJoJ_o5RRipanpTuvUugA\/hintergrund-keine-afd-mitglieder-im-gkr.pdf\">hier<\/a>.\u00a0<\/p>\n<p><strong>Mehr zum Thema<\/strong>\u00a0\u2013 <a rel=\"nofollow noopener\" target=\"_blank\" href=\"https:\/\/freedert.online\/inland\/225936-afd-verbot-wird-sich-deutschland-diese-bloesse-geben\/\">AfD-Verbot: Wird sich Deutschland diese Bl\u00f6\u00dfe geben?<\/a><\/p>\n<div class=\"EmbedBlock-root EmbedBlock-externalVideo EmbedBlock-rumble\">\n<div class=\"VkEmbed\"><iframe class=\"lazyload\" data-src=\"https:\/\/rumble.com\/embed\/v5p0wrq\" frameborder=\"0\" width=\"853\" height=\"480\" allowfullscreen><\/iframe><\/div>\n<\/div>\n<\/div>\n<p><br \/>\n<br \/><a href=\"https:\/\/de.rt.com\/inland\/226714-evangelische-kirche-schliesst-afd-mitglieder\/\">Source link <\/a><\/p>\n","protected":false},"excerpt":{"rendered":"<p>Die Evangelische Kirche Mitteldeutschland schlie\u00dft AfD-Mitglieder von der Mitarbeit in Kirchenr\u00e4ten aus. Sie begr\u00fcndet die offene Diskriminierung mit der angeblichen Unvereinbarkeit einer AfD-Mitgliedschaft mit der christlichen Lehre. Das Verbot sieht keine Einzelfallpr\u00fcfung vor. Der Landeskirchenrat der Evangelischen Kirche Mitteldeutschland hat beschlossen, AfD-Mitgliedern Funktionen in Kirchenr\u00e4ten zu verwehren. Landesbischof Friedrich Kramer best\u00e4tigte nun die offen diskriminierende [&hellip;]<\/p>\n","protected":false},"author":3,"featured_media":72989,"comment_status":"open","ping_status":"open","sticky":false,"template":"","format":"standard","meta":{"_yoast_indexnow_last_ping":["1732191829"],"wp_automatic_camp":["217"],"a3b1cab5a923b2211f9dfe8cae1203a7":["Evangelische Kirche schlie\u00dft AfD-Mitglieder von der Mitarbeit in Kirchenr\u00e4ten aus"],"original_link":["https:\/\/de.rt.com\/inland\/226714-evangelische-kirche-schliesst-afd-mitglieder\/"],"_thumbnail_id":["72989"],"_wptgpro_p2tg_sent2tg":["a:1:{i:23737;s:19:\"2024-11-21 14:25:09\";}"],"jnews_social_counter_last_update":["1777007709"],"_cmplz_scanned_post":["1"]},"categories":[19,23],"tags":[36601,679,82,60401,910,60403,60402,870,50],"yoast_head":"<!-- This site is optimized with the Yoast SEO Premium plugin v22.7 (Yoast SEO v22.7) - https:\/\/yoast.com\/wordpress\/plugins\/seo\/ -->\n<title>Evangelische Kirche schlie\u00dft AfD-Mitglieder von der Mitarbeit in Kirchenr\u00e4ten aus - just-now.NEWS Deutschland<\/title>\n<meta name=\"robots\" content=\"index, follow, max-snippet:-1, max-image-preview:large, max-video-preview:-1\" \/>\n<link rel=\"canonical\" href=\"https:\/\/now-news.de\/de\/deutschland\/evangelische-kirche-schliesst-afd-mitglieder-von-der-mitarbeit-in-kirchenraeten-aus\/\" \/>\n<meta property=\"og:locale\" content=\"de_DE\" \/>\n<meta property=\"og:type\" content=\"article\" \/>\n<meta property=\"og:title\" content=\"Evangelische Kirche schlie\u00dft AfD-Mitglieder von der Mitarbeit in Kirchenr\u00e4ten aus\" \/>\n<meta property=\"og:description\" content=\"Die Evangelische Kirche Mitteldeutschland schlie\u00dft AfD-Mitglieder von der Mitarbeit in Kirchenr\u00e4ten aus. Sie begr\u00fcndet die offene Diskriminierung mit der angeblichen Unvereinbarkeit einer AfD-Mitgliedschaft mit der christlichen Lehre. Das Verbot sieht keine Einzelfallpr\u00fcfung vor. Der Landeskirchenrat der Evangelischen Kirche Mitteldeutschland hat beschlossen, AfD-Mitgliedern Funktionen in Kirchenr\u00e4ten zu verwehren. Landesbischof Friedrich Kramer best\u00e4tigte nun die offen diskriminierende [&hellip;]\" \/>\n<meta property=\"og:url\" content=\"https:\/\/now-news.de\/de\/deutschland\/evangelische-kirche-schliesst-afd-mitglieder-von-der-mitarbeit-in-kirchenraeten-aus\/\" \/>\n<meta property=\"og:site_name\" content=\"just-now.NEWS Deutschland\" \/>\n<meta property=\"article:publisher\" content=\"https:\/\/www.facebook.com\/wirmachenauf\" \/>\n<meta property=\"article:published_time\" content=\"2024-11-21T12:23:30+00:00\" \/>\n<meta property=\"og:image\" content=\"https:\/\/now-news.de\/de\/wp-content\/uploads\/sites\/3\/2024\/11\/673f1e38b480cc3c006d00f3.jpg\" \/>\n<meta name=\"author\" content=\"rtnews\" \/>\n<meta name=\"twitter:card\" content=\"summary_large_image\" \/>\n<meta name=\"twitter:creator\" content=\"@WirMachenAuf_de\" \/>\n<meta name=\"twitter:site\" content=\"@WirMachenAuf_de\" \/>\n<meta name=\"twitter:label1\" content=\"Verfasst von\" \/>\n\t<meta name=\"twitter:data1\" content=\"rtnews\" \/>\n\t<meta name=\"twitter:label2\" content=\"Gesch\u00e4tzte Lesezeit\" \/>\n\t<meta name=\"twitter:data2\" content=\"2\u00a0Minuten\" \/>\n<script type=\"application\/ld+json\" class=\"yoast-schema-graph\">{\"@context\":\"https:\/\/schema.org\",\"@graph\":[{\"@type\":\"Article\",\"@id\":\"https:\/\/now-news.de\/de\/deutschland\/evangelische-kirche-schliesst-afd-mitglieder-von-der-mitarbeit-in-kirchenraeten-aus\/#article\",\"isPartOf\":{\"@id\":\"https:\/\/now-news.de\/de\/deutschland\/evangelische-kirche-schliesst-afd-mitglieder-von-der-mitarbeit-in-kirchenraeten-aus\/\"},\"author\":{\"name\":\"rtnews\",\"@id\":\"https:\/\/now-news.de\/de\/#\/schema\/person\/fb534a4e865501d8b3285208df34a9b5\"},\"headline\":\"Evangelische Kirche schlie\u00dft AfD-Mitglieder von der Mitarbeit in Kirchenr\u00e4ten aus\",\"datePublished\":\"2024-11-21T12:23:30+00:00\",\"dateModified\":\"2024-11-21T12:23:30+00:00\",\"mainEntityOfPage\":{\"@id\":\"https:\/\/now-news.de\/de\/deutschland\/evangelische-kirche-schliesst-afd-mitglieder-von-der-mitarbeit-in-kirchenraeten-aus\/\"},\"wordCount\":360,\"commentCount\":0,\"publisher\":{\"@id\":\"https:\/\/now-news.de\/de\/#organization\"},\"image\":{\"@id\":\"https:\/\/now-news.de\/de\/deutschland\/evangelische-kirche-schliesst-afd-mitglieder-von-der-mitarbeit-in-kirchenraeten-aus\/#primaryimage\"},\"thumbnailUrl\":\"https:\/\/now-news.de\/de\/wp-content\/uploads\/sites\/3\/2024\/11\/Evangelische-Kirche-schliesst-AfD-Mitglieder-von-der-Mitarbeit-in-Kirchenraeten-aus.jpg\",\"keywords\":[\"AfDMitglieder\",\"aus\",\"der\",\"Evangelische\",\"Kirche\",\"Kirchenr\u00e4ten\",\"Mitarbeit\",\"schlie\u00dft\",\"von\"],\"articleSection\":[\"Deutschland\",\"Russland\"],\"inLanguage\":\"de\",\"potentialAction\":[{\"@type\":\"CommentAction\",\"name\":\"Comment\",\"target\":[\"https:\/\/now-news.de\/de\/deutschland\/evangelische-kirche-schliesst-afd-mitglieder-von-der-mitarbeit-in-kirchenraeten-aus\/#respond\"]}]},{\"@type\":\"WebPage\",\"@id\":\"https:\/\/now-news.de\/de\/deutschland\/evangelische-kirche-schliesst-afd-mitglieder-von-der-mitarbeit-in-kirchenraeten-aus\/\",\"url\":\"https:\/\/now-news.de\/de\/deutschland\/evangelische-kirche-schliesst-afd-mitglieder-von-der-mitarbeit-in-kirchenraeten-aus\/\",\"name\":\"Evangelische Kirche schlie\u00dft AfD-Mitglieder von der Mitarbeit in Kirchenr\u00e4ten aus - just-now.NEWS Deutschland\",\"isPartOf\":{\"@id\":\"https:\/\/now-news.de\/de\/#website\"},\"primaryImageOfPage\":{\"@id\":\"https:\/\/now-news.de\/de\/deutschland\/evangelische-kirche-schliesst-afd-mitglieder-von-der-mitarbeit-in-kirchenraeten-aus\/#primaryimage\"},\"image\":{\"@id\":\"https:\/\/now-news.de\/de\/deutschland\/evangelische-kirche-schliesst-afd-mitglieder-von-der-mitarbeit-in-kirchenraeten-aus\/#primaryimage\"},\"thumbnailUrl\":\"https:\/\/now-news.de\/de\/wp-content\/uploads\/sites\/3\/2024\/11\/Evangelische-Kirche-schliesst-AfD-Mitglieder-von-der-Mitarbeit-in-Kirchenraeten-aus.jpg\",\"datePublished\":\"2024-11-21T12:23:30+00:00\",\"dateModified\":\"2024-11-21T12:23:30+00:00\",\"breadcrumb\":{\"@id\":\"https:\/\/now-news.de\/de\/deutschland\/evangelische-kirche-schliesst-afd-mitglieder-von-der-mitarbeit-in-kirchenraeten-aus\/#breadcrumb\"},\"inLanguage\":\"de\",\"potentialAction\":[{\"@type\":\"ReadAction\",\"target\":[\"https:\/\/now-news.de\/de\/deutschland\/evangelische-kirche-schliesst-afd-mitglieder-von-der-mitarbeit-in-kirchenraeten-aus\/\"]}]},{\"@type\":\"ImageObject\",\"inLanguage\":\"de\",\"@id\":\"https:\/\/now-news.de\/de\/deutschland\/evangelische-kirche-schliesst-afd-mitglieder-von-der-mitarbeit-in-kirchenraeten-aus\/#primaryimage\",\"url\":\"https:\/\/now-news.de\/de\/wp-content\/uploads\/sites\/3\/2024\/11\/Evangelische-Kirche-schliesst-AfD-Mitglieder-von-der-Mitarbeit-in-Kirchenraeten-aus.jpg\",\"contentUrl\":\"https:\/\/now-news.de\/de\/wp-content\/uploads\/sites\/3\/2024\/11\/Evangelische-Kirche-schliesst-AfD-Mitglieder-von-der-Mitarbeit-in-Kirchenraeten-aus.jpg\",\"width\":460,\"height\":259,\"caption\":\"Evangelische Kirche schlie\u00dft AfD-Mitglieder von der Mitarbeit in Kirchenr\u00e4ten aus\"},{\"@type\":\"BreadcrumbList\",\"@id\":\"https:\/\/now-news.de\/de\/deutschland\/evangelische-kirche-schliesst-afd-mitglieder-von-der-mitarbeit-in-kirchenraeten-aus\/#breadcrumb\",\"itemListElement\":[{\"@type\":\"ListItem\",\"position\":1,\"name\":\"Home\",\"item\":\"https:\/\/now-news.de\/de\/\"},{\"@type\":\"ListItem\",\"position\":2,\"name\":\"Evangelische Kirche schlie\u00dft AfD-Mitglieder von der Mitarbeit in Kirchenr\u00e4ten aus\"}]},{\"@type\":\"WebSite\",\"@id\":\"https:\/\/now-news.de\/de\/#website\",\"url\":\"https:\/\/now-news.de\/de\/\",\"name\":\"just-now.NEWS Deutschland\",\"description\":\"Das Portal f\u00fcr unzensierte Nachrichten aus der Welt\",\"publisher\":{\"@id\":\"https:\/\/now-news.de\/de\/#organization\"},\"potentialAction\":[{\"@type\":\"SearchAction\",\"target\":{\"@type\":\"EntryPoint\",\"urlTemplate\":\"https:\/\/now-news.de\/de\/?s={search_term_string}\"},\"query-input\":\"required name=search_term_string\"}],\"inLanguage\":\"de\"},{\"@type\":\"Organization\",\"@id\":\"https:\/\/now-news.de\/de\/#organization\",\"name\":\"Just Now News\",\"url\":\"https:\/\/now-news.de\/de\/\",\"logo\":{\"@type\":\"ImageObject\",\"inLanguage\":\"de\",\"@id\":\"https:\/\/now-news.de\/de\/#\/schema\/logo\/image\/\",\"url\":\"http:\/\/just-now.news\/de\/wp-content\/uploads\/sites\/3\/2022\/04\/logo500x500.jpg\",\"contentUrl\":\"http:\/\/just-now.news\/de\/wp-content\/uploads\/sites\/3\/2022\/04\/logo500x500.jpg\",\"width\":500,\"height\":500,\"caption\":\"Just Now News\"},\"image\":{\"@id\":\"https:\/\/now-news.de\/de\/#\/schema\/logo\/image\/\"},\"sameAs\":[\"https:\/\/www.facebook.com\/wirmachenauf\",\"https:\/\/x.com\/WirMachenAuf_de\"]},{\"@type\":\"Person\",\"@id\":\"https:\/\/now-news.de\/de\/#\/schema\/person\/fb534a4e865501d8b3285208df34a9b5\",\"name\":\"rtnews\",\"image\":{\"@type\":\"ImageObject\",\"inLanguage\":\"de\",\"@id\":\"https:\/\/now-news.de\/de\/#\/schema\/person\/image\/\",\"url\":\"https:\/\/secure.gravatar.com\/avatar\/82aafea7d8127119dd649515f56e2117?s=96&d=mm&r=g\",\"contentUrl\":\"https:\/\/secure.gravatar.com\/avatar\/82aafea7d8127119dd649515f56e2117?s=96&d=mm&r=g\",\"caption\":\"rtnews\"},\"url\":\"https:\/\/now-news.de\/de\/author\/rnews\/\"}]}<\/script>\n<!-- \/ Yoast SEO Premium plugin. -->","yoast_head_json":{"title":"Evangelische Kirche schlie\u00dft AfD-Mitglieder von der Mitarbeit in Kirchenr\u00e4ten aus - just-now.NEWS Deutschland","robots":{"index":"index","follow":"follow","max-snippet":"max-snippet:-1","max-image-preview":"max-image-preview:large","max-video-preview":"max-video-preview:-1"},"canonical":"https:\/\/now-news.de\/de\/deutschland\/evangelische-kirche-schliesst-afd-mitglieder-von-der-mitarbeit-in-kirchenraeten-aus\/","og_locale":"de_DE","og_type":"article","og_title":"Evangelische Kirche schlie\u00dft AfD-Mitglieder von der Mitarbeit in Kirchenr\u00e4ten aus","og_description":"Die Evangelische Kirche Mitteldeutschland schlie\u00dft AfD-Mitglieder von der Mitarbeit in Kirchenr\u00e4ten aus. Sie begr\u00fcndet die offene Diskriminierung mit der angeblichen Unvereinbarkeit einer AfD-Mitgliedschaft mit der christlichen Lehre. Das Verbot sieht keine Einzelfallpr\u00fcfung vor. Der Landeskirchenrat der Evangelischen Kirche Mitteldeutschland hat beschlossen, AfD-Mitgliedern Funktionen in Kirchenr\u00e4ten zu verwehren. Landesbischof Friedrich Kramer best\u00e4tigte nun die offen diskriminierende [&hellip;]","og_url":"https:\/\/now-news.de\/de\/deutschland\/evangelische-kirche-schliesst-afd-mitglieder-von-der-mitarbeit-in-kirchenraeten-aus\/","og_site_name":"just-now.NEWS Deutschland","article_publisher":"https:\/\/www.facebook.com\/wirmachenauf","article_published_time":"2024-11-21T12:23:30+00:00","og_image":[{"url":"https:\/\/now-news.de\/de\/wp-content\/uploads\/sites\/3\/2024\/11\/673f1e38b480cc3c006d00f3.jpg"}],"author":"rtnews","twitter_card":"summary_large_image","twitter_creator":"@WirMachenAuf_de","twitter_site":"@WirMachenAuf_de","twitter_misc":{"Verfasst von":"rtnews","Gesch\u00e4tzte Lesezeit":"2\u00a0Minuten"},"schema":{"@context":"https:\/\/schema.org","@graph":[{"@type":"Article","@id":"https:\/\/now-news.de\/de\/deutschland\/evangelische-kirche-schliesst-afd-mitglieder-von-der-mitarbeit-in-kirchenraeten-aus\/#article","isPartOf":{"@id":"https:\/\/now-news.de\/de\/deutschland\/evangelische-kirche-schliesst-afd-mitglieder-von-der-mitarbeit-in-kirchenraeten-aus\/"},"author":{"name":"rtnews","@id":"https:\/\/now-news.de\/de\/#\/schema\/person\/fb534a4e865501d8b3285208df34a9b5"},"headline":"Evangelische Kirche schlie\u00dft AfD-Mitglieder von der Mitarbeit in Kirchenr\u00e4ten aus","datePublished":"2024-11-21T12:23:30+00:00","dateModified":"2024-11-21T12:23:30+00:00","mainEntityOfPage":{"@id":"https:\/\/now-news.de\/de\/deutschland\/evangelische-kirche-schliesst-afd-mitglieder-von-der-mitarbeit-in-kirchenraeten-aus\/"},"wordCount":360,"commentCount":0,"publisher":{"@id":"https:\/\/now-news.de\/de\/#organization"},"image":{"@id":"https:\/\/now-news.de\/de\/deutschland\/evangelische-kirche-schliesst-afd-mitglieder-von-der-mitarbeit-in-kirchenraeten-aus\/#primaryimage"},"thumbnailUrl":"https:\/\/now-news.de\/de\/wp-content\/uploads\/sites\/3\/2024\/11\/Evangelische-Kirche-schliesst-AfD-Mitglieder-von-der-Mitarbeit-in-Kirchenraeten-aus.jpg","keywords":["AfDMitglieder","aus","der","Evangelische","Kirche","Kirchenr\u00e4ten","Mitarbeit","schlie\u00dft","von"],"articleSection":["Deutschland","Russland"],"inLanguage":"de","potentialAction":[{"@type":"CommentAction","name":"Comment","target":["https:\/\/now-news.de\/de\/deutschland\/evangelische-kirche-schliesst-afd-mitglieder-von-der-mitarbeit-in-kirchenraeten-aus\/#respond"]}]},{"@type":"WebPage","@id":"https:\/\/now-news.de\/de\/deutschland\/evangelische-kirche-schliesst-afd-mitglieder-von-der-mitarbeit-in-kirchenraeten-aus\/","url":"https:\/\/now-news.de\/de\/deutschland\/evangelische-kirche-schliesst-afd-mitglieder-von-der-mitarbeit-in-kirchenraeten-aus\/","name":"Evangelische Kirche schlie\u00dft AfD-Mitglieder von der Mitarbeit in Kirchenr\u00e4ten aus - just-now.NEWS Deutschland","isPartOf":{"@id":"https:\/\/now-news.de\/de\/#website"},"primaryImageOfPage":{"@id":"https:\/\/now-news.de\/de\/deutschland\/evangelische-kirche-schliesst-afd-mitglieder-von-der-mitarbeit-in-kirchenraeten-aus\/#primaryimage"},"image":{"@id":"https:\/\/now-news.de\/de\/deutschland\/evangelische-kirche-schliesst-afd-mitglieder-von-der-mitarbeit-in-kirchenraeten-aus\/#primaryimage"},"thumbnailUrl":"https:\/\/now-news.de\/de\/wp-content\/uploads\/sites\/3\/2024\/11\/Evangelische-Kirche-schliesst-AfD-Mitglieder-von-der-Mitarbeit-in-Kirchenraeten-aus.jpg","datePublished":"2024-11-21T12:23:30+00:00","dateModified":"2024-11-21T12:23:30+00:00","breadcrumb":{"@id":"https:\/\/now-news.de\/de\/deutschland\/evangelische-kirche-schliesst-afd-mitglieder-von-der-mitarbeit-in-kirchenraeten-aus\/#breadcrumb"},"inLanguage":"de","potentialAction":[{"@type":"ReadAction","target":["https:\/\/now-news.de\/de\/deutschland\/evangelische-kirche-schliesst-afd-mitglieder-von-der-mitarbeit-in-kirchenraeten-aus\/"]}]},{"@type":"ImageObject","inLanguage":"de","@id":"https:\/\/now-news.de\/de\/deutschland\/evangelische-kirche-schliesst-afd-mitglieder-von-der-mitarbeit-in-kirchenraeten-aus\/#primaryimage","url":"https:\/\/now-news.de\/de\/wp-content\/uploads\/sites\/3\/2024\/11\/Evangelische-Kirche-schliesst-AfD-Mitglieder-von-der-Mitarbeit-in-Kirchenraeten-aus.jpg","contentUrl":"https:\/\/now-news.de\/de\/wp-content\/uploads\/sites\/3\/2024\/11\/Evangelische-Kirche-schliesst-AfD-Mitglieder-von-der-Mitarbeit-in-Kirchenraeten-aus.jpg","width":460,"height":259,"caption":"Evangelische Kirche schlie\u00dft AfD-Mitglieder von der Mitarbeit in Kirchenr\u00e4ten aus"},{"@type":"BreadcrumbList","@id":"https:\/\/now-news.de\/de\/deutschland\/evangelische-kirche-schliesst-afd-mitglieder-von-der-mitarbeit-in-kirchenraeten-aus\/#breadcrumb","itemListElement":[{"@type":"ListItem","position":1,"name":"Home","item":"https:\/\/now-news.de\/de\/"},{"@type":"ListItem","position":2,"name":"Evangelische Kirche schlie\u00dft AfD-Mitglieder von der Mitarbeit in Kirchenr\u00e4ten aus"}]},{"@type":"WebSite","@id":"https:\/\/now-news.de\/de\/#website","url":"https:\/\/now-news.de\/de\/","name":"just-now.NEWS Deutschland","description":"Das Portal f\u00fcr unzensierte Nachrichten aus der Welt","publisher":{"@id":"https:\/\/now-news.de\/de\/#organization"},"potentialAction":[{"@type":"SearchAction","target":{"@type":"EntryPoint","urlTemplate":"https:\/\/now-news.de\/de\/?s={search_term_string}"},"query-input":"required name=search_term_string"}],"inLanguage":"de"},{"@type":"Organization","@id":"https:\/\/now-news.de\/de\/#organization","name":"Just Now News","url":"https:\/\/now-news.de\/de\/","logo":{"@type":"ImageObject","inLanguage":"de","@id":"https:\/\/now-news.de\/de\/#\/schema\/logo\/image\/","url":"http:\/\/just-now.news\/de\/wp-content\/uploads\/sites\/3\/2022\/04\/logo500x500.jpg","contentUrl":"http:\/\/just-now.news\/de\/wp-content\/uploads\/sites\/3\/2022\/04\/logo500x500.jpg","width":500,"height":500,"caption":"Just Now News"},"image":{"@id":"https:\/\/now-news.de\/de\/#\/schema\/logo\/image\/"},"sameAs":["https:\/\/www.facebook.com\/wirmachenauf","https:\/\/x.com\/WirMachenAuf_de"]},{"@type":"Person","@id":"https:\/\/now-news.de\/de\/#\/schema\/person\/fb534a4e865501d8b3285208df34a9b5","name":"rtnews","image":{"@type":"ImageObject","inLanguage":"de","@id":"https:\/\/now-news.de\/de\/#\/schema\/person\/image\/","url":"https:\/\/secure.gravatar.com\/avatar\/82aafea7d8127119dd649515f56e2117?s=96&d=mm&r=g","contentUrl":"https:\/\/secure.gravatar.com\/avatar\/82aafea7d8127119dd649515f56e2117?s=96&d=mm&r=g","caption":"rtnews"},"url":"https:\/\/now-news.de\/de\/author\/rnews\/"}]}},"_links":{"self":[{"href":"https:\/\/now-news.de\/de\/wp-json\/wp\/v2\/posts\/72988"}],"collection":[{"href":"https:\/\/now-news.de\/de\/wp-json\/wp\/v2\/posts"}],"about":[{"href":"https:\/\/now-news.de\/de\/wp-json\/wp\/v2\/types\/post"}],"author":[{"embeddable":true,"href":"https:\/\/now-news.de\/de\/wp-json\/wp\/v2\/users\/3"}],"replies":[{"embeddable":true,"href":"https:\/\/now-news.de\/de\/wp-json\/wp\/v2\/comments?post=72988"}],"version-history":[{"count":0,"href":"https:\/\/now-news.de\/de\/wp-json\/wp\/v2\/posts\/72988\/revisions"}],"wp:featuredmedia":[{"embeddable":true,"href":"https:\/\/now-news.de\/de\/wp-json\/wp\/v2\/media\/72989"}],"wp:attachment":[{"href":"https:\/\/now-news.de\/de\/wp-json\/wp\/v2\/media?parent=72988"}],"wp:term":[{"taxonomy":"category","embeddable":true,"href":"https:\/\/now-news.de\/de\/wp-json\/wp\/v2\/categories?post=72988"},{"taxonomy":"post_tag","embeddable":true,"href":"https:\/\/now-news.de\/de\/wp-json\/wp\/v2\/tags?post=72988"}],"curies":[{"name":"wp","href":"https:\/\/api.w.org\/{rel}","templated":true}]}}