{"id":72969,"date":"2024-11-21T10:33:57","date_gmt":"2024-11-21T08:33:57","guid":{"rendered":"https:\/\/now-news.de\/de\/deutschland\/putins-frage-und-pressestunde-fuer-dezember-geplant\/"},"modified":"2024-11-21T10:33:57","modified_gmt":"2024-11-21T08:33:57","slug":"putins-frage-und-pressestunde-fuer-dezember-geplant","status":"publish","type":"post","link":"https:\/\/now-news.de\/de\/deutschland\/putins-frage-und-pressestunde-fuer-dezember-geplant\/","title":{"rendered":"Putins Frage- und Pressestunde f\u00fcr Dezember geplant"},"content":{"rendered":"<p><img decoding=\"async\" src=\"https:\/\/now-news.de\/de\/wp-content\/uploads\/sites\/3\/2024\/11\/673eeb83b480cc5a772f2c76.jpg\" \/><\/p>\n<div class=\"Text-root Text-type_1 \">\n                Die gro\u00dfe Pressekonferenz von Wladimir Putin findet im Dezember statt, voraussichtlich an einem Donnerstag. Sie wird wieder in einem kombinierten Format stattfinden, bei dem auch Journalisten aus unfreundlichen L\u00e4ndern zugelassen sind.\n            <\/div>\n<p><\/p>\n<div class=\"Text-root Text-type_5 ArticleView-text ViewText-root \">\n<p>Die gro\u00dfe Presse- und Fragestunde mit dem russischen Pr\u00e4sidenten Wladimir Putin findet im Dezember statt. Wie Kremlsprecher Dmitri Peskow mitteilte, wird die Veranstaltung voraussichtlich an einem Donnerstag in einem kombinierten Format stattfinden. Auch Journalisten aus unfreundlichen L\u00e4ndern seien zugelassen. Der Nachrichtenagentur <em>TASS<\/em> erkl\u00e4rte Peskow:<\/p>\n<p>&#8220;Es wird im Dezember stattfinden, ja, an einem Donnerstag, wie immer.&#8221;<\/p>\n<p>&#8220;Wir werden die Details noch bekannt geben.&#8221;<\/p>\n<p>Im Jahr 2023 fand die Veranstaltung am 14. Dezember statt. Das Format war ebenfalls hybrid. Neben den Fragen der B\u00fcrger, die im Vorfeld eingereicht worden waren, konnten auch Journalisten ihre Fragen stellen. W\u00e4hrend der mehr als vierst\u00fcndigen Konferenz beantwortete Putin 67 Fragen, insgesamt\u00a0waren zwei\u00a0Millionen Fragen eingereicht worden.<\/p>\n<p><strong>Mehr zum Thema<\/strong> &#8211; <a rel=\"nofollow noopener\" target=\"_blank\" href=\"https:\/\/freedert.online\/russland\/189979-dutzende-kritische-fragen-an-putin-bildschirmen-was-hat-sich\/\">Dutzende kritischer Fragen an Putin flimmerten auf Bildschirmen \u2013 was hatte es damit auf sich?<\/a><\/p>\n<div class=\"EmbedBlock-root EmbedBlock-externalVideo EmbedBlock-rumble\">\n<div class=\"VkEmbed\"><iframe class=\"lazyload\" data-src=\"https:\/\/rumble.com\/embed\/v5pbe4q\" frameborder=\"0\" width=\"853\" height=\"480\" allowfullscreen><\/iframe><\/div>\n<\/div>\n<\/div>\n<p><br \/>\n<br \/><a href=\"https:\/\/de.rt.com\/russland\/226680-putins-frage-und-pressestunde-fuer\/\">Source link <\/a><\/p>\n","protected":false},"excerpt":{"rendered":"<p>Die gro\u00dfe Pressekonferenz von Wladimir Putin findet im Dezember statt, voraussichtlich an einem Donnerstag. Sie wird wieder in einem kombinierten Format stattfinden, bei dem auch Journalisten aus unfreundlichen L\u00e4ndern zugelassen sind. Die gro\u00dfe Presse- und Fragestunde mit dem russischen Pr\u00e4sidenten Wladimir Putin findet im Dezember statt. Wie Kremlsprecher Dmitri Peskow mitteilte, wird die Veranstaltung voraussichtlich [&hellip;]<\/p>\n","protected":false},"author":3,"featured_media":72970,"comment_status":"open","ping_status":"open","sticky":false,"template":"","format":"standard","meta":{"_yoast_indexnow_last_ping":["1732178075"],"wp_automatic_camp":["217"],"bb84aa31e071065912a821303d46205a":["Putins Frage- und Pressestunde f\u00fcr Dezember geplant"],"original_link":["https:\/\/de.rt.com\/russland\/226680-putins-frage-und-pressestunde-fuer\/"],"_thumbnail_id":["72970"],"jnews_social_counter_last_update":["1777355884"],"_wptgpro_p2tg_sent2tg":["a:1:{i:23737;s:19:\"2024-11-21 10:35:37\";}"]},"categories":[19,23],"tags":[27170,16962,221,1312,50535,23746,140],"yoast_head":"<!-- This site is optimized with the Yoast SEO Premium plugin v22.7 (Yoast SEO v22.7) - https:\/\/yoast.com\/wordpress\/plugins\/seo\/ -->\n<title>Putins Frage- und Pressestunde f\u00fcr Dezember geplant - just-now.NEWS Deutschland<\/title>\n<meta name=\"robots\" content=\"index, follow, max-snippet:-1, max-image-preview:large, max-video-preview:-1\" \/>\n<link rel=\"canonical\" href=\"https:\/\/now-news.de\/de\/deutschland\/putins-frage-und-pressestunde-fuer-dezember-geplant\/\" \/>\n<meta property=\"og:locale\" content=\"de_DE\" \/>\n<meta property=\"og:type\" content=\"article\" \/>\n<meta property=\"og:title\" content=\"Putins Frage- und Pressestunde f\u00fcr Dezember geplant\" \/>\n<meta property=\"og:description\" content=\"Die gro\u00dfe Pressekonferenz von Wladimir Putin findet im Dezember statt, voraussichtlich an einem Donnerstag. Sie wird wieder in einem kombinierten Format stattfinden, bei dem auch Journalisten aus unfreundlichen L\u00e4ndern zugelassen sind. Die gro\u00dfe Presse- und Fragestunde mit dem russischen Pr\u00e4sidenten Wladimir Putin findet im Dezember statt. Wie Kremlsprecher Dmitri Peskow mitteilte, wird die Veranstaltung voraussichtlich [&hellip;]\" \/>\n<meta property=\"og:url\" content=\"https:\/\/now-news.de\/de\/deutschland\/putins-frage-und-pressestunde-fuer-dezember-geplant\/\" \/>\n<meta property=\"og:site_name\" content=\"just-now.NEWS Deutschland\" \/>\n<meta property=\"article:publisher\" content=\"https:\/\/www.facebook.com\/wirmachenauf\" \/>\n<meta property=\"article:published_time\" content=\"2024-11-21T08:33:57+00:00\" \/>\n<meta property=\"og:image\" content=\"https:\/\/now-news.de\/de\/wp-content\/uploads\/sites\/3\/2024\/11\/673eeb83b480cc5a772f2c76.jpg\" \/>\n<meta name=\"author\" content=\"rtnews\" \/>\n<meta name=\"twitter:card\" content=\"summary_large_image\" \/>\n<meta name=\"twitter:creator\" content=\"@WirMachenAuf_de\" \/>\n<meta name=\"twitter:site\" content=\"@WirMachenAuf_de\" \/>\n<meta name=\"twitter:label1\" content=\"Verfasst von\" \/>\n\t<meta name=\"twitter:data1\" content=\"rtnews\" \/>\n\t<meta name=\"twitter:label2\" content=\"Gesch\u00e4tzte Lesezeit\" \/>\n\t<meta name=\"twitter:data2\" content=\"1\u00a0Minute\" \/>\n<script type=\"application\/ld+json\" class=\"yoast-schema-graph\">{\"@context\":\"https:\/\/schema.org\",\"@graph\":[{\"@type\":\"Article\",\"@id\":\"https:\/\/now-news.de\/de\/deutschland\/putins-frage-und-pressestunde-fuer-dezember-geplant\/#article\",\"isPartOf\":{\"@id\":\"https:\/\/now-news.de\/de\/deutschland\/putins-frage-und-pressestunde-fuer-dezember-geplant\/\"},\"author\":{\"name\":\"rtnews\",\"@id\":\"https:\/\/now-news.de\/de\/#\/schema\/person\/fb534a4e865501d8b3285208df34a9b5\"},\"headline\":\"Putins Frage- und Pressestunde f\u00fcr Dezember geplant\",\"datePublished\":\"2024-11-21T08:33:57+00:00\",\"dateModified\":\"2024-11-21T08:33:57+00:00\",\"mainEntityOfPage\":{\"@id\":\"https:\/\/now-news.de\/de\/deutschland\/putins-frage-und-pressestunde-fuer-dezember-geplant\/\"},\"wordCount\":177,\"commentCount\":0,\"publisher\":{\"@id\":\"https:\/\/now-news.de\/de\/#organization\"},\"image\":{\"@id\":\"https:\/\/now-news.de\/de\/deutschland\/putins-frage-und-pressestunde-fuer-dezember-geplant\/#primaryimage\"},\"thumbnailUrl\":\"https:\/\/now-news.de\/de\/wp-content\/uploads\/sites\/3\/2024\/11\/Putins-Frage-und-Pressestunde-fuer-Dezember-geplant.jpg\",\"keywords\":[\"Dezember\",\"Frage\",\"f\u00fcr\",\"geplant\",\"Pressestunde\",\"Putins\",\"und\"],\"articleSection\":[\"Deutschland\",\"Russland\"],\"inLanguage\":\"de\",\"potentialAction\":[{\"@type\":\"CommentAction\",\"name\":\"Comment\",\"target\":[\"https:\/\/now-news.de\/de\/deutschland\/putins-frage-und-pressestunde-fuer-dezember-geplant\/#respond\"]}]},{\"@type\":\"WebPage\",\"@id\":\"https:\/\/now-news.de\/de\/deutschland\/putins-frage-und-pressestunde-fuer-dezember-geplant\/\",\"url\":\"https:\/\/now-news.de\/de\/deutschland\/putins-frage-und-pressestunde-fuer-dezember-geplant\/\",\"name\":\"Putins Frage- und Pressestunde f\u00fcr Dezember geplant - just-now.NEWS Deutschland\",\"isPartOf\":{\"@id\":\"https:\/\/now-news.de\/de\/#website\"},\"primaryImageOfPage\":{\"@id\":\"https:\/\/now-news.de\/de\/deutschland\/putins-frage-und-pressestunde-fuer-dezember-geplant\/#primaryimage\"},\"image\":{\"@id\":\"https:\/\/now-news.de\/de\/deutschland\/putins-frage-und-pressestunde-fuer-dezember-geplant\/#primaryimage\"},\"thumbnailUrl\":\"https:\/\/now-news.de\/de\/wp-content\/uploads\/sites\/3\/2024\/11\/Putins-Frage-und-Pressestunde-fuer-Dezember-geplant.jpg\",\"datePublished\":\"2024-11-21T08:33:57+00:00\",\"dateModified\":\"2024-11-21T08:33:57+00:00\",\"breadcrumb\":{\"@id\":\"https:\/\/now-news.de\/de\/deutschland\/putins-frage-und-pressestunde-fuer-dezember-geplant\/#breadcrumb\"},\"inLanguage\":\"de\",\"potentialAction\":[{\"@type\":\"ReadAction\",\"target\":[\"https:\/\/now-news.de\/de\/deutschland\/putins-frage-und-pressestunde-fuer-dezember-geplant\/\"]}]},{\"@type\":\"ImageObject\",\"inLanguage\":\"de\",\"@id\":\"https:\/\/now-news.de\/de\/deutschland\/putins-frage-und-pressestunde-fuer-dezember-geplant\/#primaryimage\",\"url\":\"https:\/\/now-news.de\/de\/wp-content\/uploads\/sites\/3\/2024\/11\/Putins-Frage-und-Pressestunde-fuer-Dezember-geplant.jpg\",\"contentUrl\":\"https:\/\/now-news.de\/de\/wp-content\/uploads\/sites\/3\/2024\/11\/Putins-Frage-und-Pressestunde-fuer-Dezember-geplant.jpg\",\"width\":460,\"height\":259,\"caption\":\"Putins Frage- und Pressestunde f\u00fcr Dezember geplant\"},{\"@type\":\"BreadcrumbList\",\"@id\":\"https:\/\/now-news.de\/de\/deutschland\/putins-frage-und-pressestunde-fuer-dezember-geplant\/#breadcrumb\",\"itemListElement\":[{\"@type\":\"ListItem\",\"position\":1,\"name\":\"Home\",\"item\":\"https:\/\/now-news.de\/de\/\"},{\"@type\":\"ListItem\",\"position\":2,\"name\":\"Putins Frage- und Pressestunde f\u00fcr Dezember geplant\"}]},{\"@type\":\"WebSite\",\"@id\":\"https:\/\/now-news.de\/de\/#website\",\"url\":\"https:\/\/now-news.de\/de\/\",\"name\":\"just-now.NEWS Deutschland\",\"description\":\"Das Portal f\u00fcr unzensierte Nachrichten aus der Welt\",\"publisher\":{\"@id\":\"https:\/\/now-news.de\/de\/#organization\"},\"potentialAction\":[{\"@type\":\"SearchAction\",\"target\":{\"@type\":\"EntryPoint\",\"urlTemplate\":\"https:\/\/now-news.de\/de\/?s={search_term_string}\"},\"query-input\":\"required name=search_term_string\"}],\"inLanguage\":\"de\"},{\"@type\":\"Organization\",\"@id\":\"https:\/\/now-news.de\/de\/#organization\",\"name\":\"Just Now News\",\"url\":\"https:\/\/now-news.de\/de\/\",\"logo\":{\"@type\":\"ImageObject\",\"inLanguage\":\"de\",\"@id\":\"https:\/\/now-news.de\/de\/#\/schema\/logo\/image\/\",\"url\":\"http:\/\/just-now.news\/de\/wp-content\/uploads\/sites\/3\/2022\/04\/logo500x500.jpg\",\"contentUrl\":\"http:\/\/just-now.news\/de\/wp-content\/uploads\/sites\/3\/2022\/04\/logo500x500.jpg\",\"width\":500,\"height\":500,\"caption\":\"Just Now News\"},\"image\":{\"@id\":\"https:\/\/now-news.de\/de\/#\/schema\/logo\/image\/\"},\"sameAs\":[\"https:\/\/www.facebook.com\/wirmachenauf\",\"https:\/\/x.com\/WirMachenAuf_de\"]},{\"@type\":\"Person\",\"@id\":\"https:\/\/now-news.de\/de\/#\/schema\/person\/fb534a4e865501d8b3285208df34a9b5\",\"name\":\"rtnews\",\"image\":{\"@type\":\"ImageObject\",\"inLanguage\":\"de\",\"@id\":\"https:\/\/now-news.de\/de\/#\/schema\/person\/image\/\",\"url\":\"https:\/\/secure.gravatar.com\/avatar\/82aafea7d8127119dd649515f56e2117?s=96&d=mm&r=g\",\"contentUrl\":\"https:\/\/secure.gravatar.com\/avatar\/82aafea7d8127119dd649515f56e2117?s=96&d=mm&r=g\",\"caption\":\"rtnews\"},\"url\":\"https:\/\/now-news.de\/de\/author\/rnews\/\"}]}<\/script>\n<!-- \/ Yoast SEO Premium plugin. -->","yoast_head_json":{"title":"Putins Frage- und Pressestunde f\u00fcr Dezember geplant - just-now.NEWS Deutschland","robots":{"index":"index","follow":"follow","max-snippet":"max-snippet:-1","max-image-preview":"max-image-preview:large","max-video-preview":"max-video-preview:-1"},"canonical":"https:\/\/now-news.de\/de\/deutschland\/putins-frage-und-pressestunde-fuer-dezember-geplant\/","og_locale":"de_DE","og_type":"article","og_title":"Putins Frage- und Pressestunde f\u00fcr Dezember geplant","og_description":"Die gro\u00dfe Pressekonferenz von Wladimir Putin findet im Dezember statt, voraussichtlich an einem Donnerstag. Sie wird wieder in einem kombinierten Format stattfinden, bei dem auch Journalisten aus unfreundlichen L\u00e4ndern zugelassen sind. Die gro\u00dfe Presse- und Fragestunde mit dem russischen Pr\u00e4sidenten Wladimir Putin findet im Dezember statt. Wie Kremlsprecher Dmitri Peskow mitteilte, wird die Veranstaltung voraussichtlich [&hellip;]","og_url":"https:\/\/now-news.de\/de\/deutschland\/putins-frage-und-pressestunde-fuer-dezember-geplant\/","og_site_name":"just-now.NEWS Deutschland","article_publisher":"https:\/\/www.facebook.com\/wirmachenauf","article_published_time":"2024-11-21T08:33:57+00:00","og_image":[{"url":"https:\/\/now-news.de\/de\/wp-content\/uploads\/sites\/3\/2024\/11\/673eeb83b480cc5a772f2c76.jpg"}],"author":"rtnews","twitter_card":"summary_large_image","twitter_creator":"@WirMachenAuf_de","twitter_site":"@WirMachenAuf_de","twitter_misc":{"Verfasst von":"rtnews","Gesch\u00e4tzte Lesezeit":"1\u00a0Minute"},"schema":{"@context":"https:\/\/schema.org","@graph":[{"@type":"Article","@id":"https:\/\/now-news.de\/de\/deutschland\/putins-frage-und-pressestunde-fuer-dezember-geplant\/#article","isPartOf":{"@id":"https:\/\/now-news.de\/de\/deutschland\/putins-frage-und-pressestunde-fuer-dezember-geplant\/"},"author":{"name":"rtnews","@id":"https:\/\/now-news.de\/de\/#\/schema\/person\/fb534a4e865501d8b3285208df34a9b5"},"headline":"Putins Frage- und Pressestunde f\u00fcr Dezember geplant","datePublished":"2024-11-21T08:33:57+00:00","dateModified":"2024-11-21T08:33:57+00:00","mainEntityOfPage":{"@id":"https:\/\/now-news.de\/de\/deutschland\/putins-frage-und-pressestunde-fuer-dezember-geplant\/"},"wordCount":177,"commentCount":0,"publisher":{"@id":"https:\/\/now-news.de\/de\/#organization"},"image":{"@id":"https:\/\/now-news.de\/de\/deutschland\/putins-frage-und-pressestunde-fuer-dezember-geplant\/#primaryimage"},"thumbnailUrl":"https:\/\/now-news.de\/de\/wp-content\/uploads\/sites\/3\/2024\/11\/Putins-Frage-und-Pressestunde-fuer-Dezember-geplant.jpg","keywords":["Dezember","Frage","f\u00fcr","geplant","Pressestunde","Putins","und"],"articleSection":["Deutschland","Russland"],"inLanguage":"de","potentialAction":[{"@type":"CommentAction","name":"Comment","target":["https:\/\/now-news.de\/de\/deutschland\/putins-frage-und-pressestunde-fuer-dezember-geplant\/#respond"]}]},{"@type":"WebPage","@id":"https:\/\/now-news.de\/de\/deutschland\/putins-frage-und-pressestunde-fuer-dezember-geplant\/","url":"https:\/\/now-news.de\/de\/deutschland\/putins-frage-und-pressestunde-fuer-dezember-geplant\/","name":"Putins Frage- und Pressestunde f\u00fcr Dezember geplant - just-now.NEWS Deutschland","isPartOf":{"@id":"https:\/\/now-news.de\/de\/#website"},"primaryImageOfPage":{"@id":"https:\/\/now-news.de\/de\/deutschland\/putins-frage-und-pressestunde-fuer-dezember-geplant\/#primaryimage"},"image":{"@id":"https:\/\/now-news.de\/de\/deutschland\/putins-frage-und-pressestunde-fuer-dezember-geplant\/#primaryimage"},"thumbnailUrl":"https:\/\/now-news.de\/de\/wp-content\/uploads\/sites\/3\/2024\/11\/Putins-Frage-und-Pressestunde-fuer-Dezember-geplant.jpg","datePublished":"2024-11-21T08:33:57+00:00","dateModified":"2024-11-21T08:33:57+00:00","breadcrumb":{"@id":"https:\/\/now-news.de\/de\/deutschland\/putins-frage-und-pressestunde-fuer-dezember-geplant\/#breadcrumb"},"inLanguage":"de","potentialAction":[{"@type":"ReadAction","target":["https:\/\/now-news.de\/de\/deutschland\/putins-frage-und-pressestunde-fuer-dezember-geplant\/"]}]},{"@type":"ImageObject","inLanguage":"de","@id":"https:\/\/now-news.de\/de\/deutschland\/putins-frage-und-pressestunde-fuer-dezember-geplant\/#primaryimage","url":"https:\/\/now-news.de\/de\/wp-content\/uploads\/sites\/3\/2024\/11\/Putins-Frage-und-Pressestunde-fuer-Dezember-geplant.jpg","contentUrl":"https:\/\/now-news.de\/de\/wp-content\/uploads\/sites\/3\/2024\/11\/Putins-Frage-und-Pressestunde-fuer-Dezember-geplant.jpg","width":460,"height":259,"caption":"Putins Frage- und Pressestunde f\u00fcr Dezember geplant"},{"@type":"BreadcrumbList","@id":"https:\/\/now-news.de\/de\/deutschland\/putins-frage-und-pressestunde-fuer-dezember-geplant\/#breadcrumb","itemListElement":[{"@type":"ListItem","position":1,"name":"Home","item":"https:\/\/now-news.de\/de\/"},{"@type":"ListItem","position":2,"name":"Putins Frage- und Pressestunde f\u00fcr Dezember geplant"}]},{"@type":"WebSite","@id":"https:\/\/now-news.de\/de\/#website","url":"https:\/\/now-news.de\/de\/","name":"just-now.NEWS Deutschland","description":"Das Portal f\u00fcr unzensierte Nachrichten aus der Welt","publisher":{"@id":"https:\/\/now-news.de\/de\/#organization"},"potentialAction":[{"@type":"SearchAction","target":{"@type":"EntryPoint","urlTemplate":"https:\/\/now-news.de\/de\/?s={search_term_string}"},"query-input":"required name=search_term_string"}],"inLanguage":"de"},{"@type":"Organization","@id":"https:\/\/now-news.de\/de\/#organization","name":"Just Now News","url":"https:\/\/now-news.de\/de\/","logo":{"@type":"ImageObject","inLanguage":"de","@id":"https:\/\/now-news.de\/de\/#\/schema\/logo\/image\/","url":"http:\/\/just-now.news\/de\/wp-content\/uploads\/sites\/3\/2022\/04\/logo500x500.jpg","contentUrl":"http:\/\/just-now.news\/de\/wp-content\/uploads\/sites\/3\/2022\/04\/logo500x500.jpg","width":500,"height":500,"caption":"Just Now News"},"image":{"@id":"https:\/\/now-news.de\/de\/#\/schema\/logo\/image\/"},"sameAs":["https:\/\/www.facebook.com\/wirmachenauf","https:\/\/x.com\/WirMachenAuf_de"]},{"@type":"Person","@id":"https:\/\/now-news.de\/de\/#\/schema\/person\/fb534a4e865501d8b3285208df34a9b5","name":"rtnews","image":{"@type":"ImageObject","inLanguage":"de","@id":"https:\/\/now-news.de\/de\/#\/schema\/person\/image\/","url":"https:\/\/secure.gravatar.com\/avatar\/82aafea7d8127119dd649515f56e2117?s=96&d=mm&r=g","contentUrl":"https:\/\/secure.gravatar.com\/avatar\/82aafea7d8127119dd649515f56e2117?s=96&d=mm&r=g","caption":"rtnews"},"url":"https:\/\/now-news.de\/de\/author\/rnews\/"}]}},"_links":{"self":[{"href":"https:\/\/now-news.de\/de\/wp-json\/wp\/v2\/posts\/72969"}],"collection":[{"href":"https:\/\/now-news.de\/de\/wp-json\/wp\/v2\/posts"}],"about":[{"href":"https:\/\/now-news.de\/de\/wp-json\/wp\/v2\/types\/post"}],"author":[{"embeddable":true,"href":"https:\/\/now-news.de\/de\/wp-json\/wp\/v2\/users\/3"}],"replies":[{"embeddable":true,"href":"https:\/\/now-news.de\/de\/wp-json\/wp\/v2\/comments?post=72969"}],"version-history":[{"count":0,"href":"https:\/\/now-news.de\/de\/wp-json\/wp\/v2\/posts\/72969\/revisions"}],"wp:featuredmedia":[{"embeddable":true,"href":"https:\/\/now-news.de\/de\/wp-json\/wp\/v2\/media\/72970"}],"wp:attachment":[{"href":"https:\/\/now-news.de\/de\/wp-json\/wp\/v2\/media?parent=72969"}],"wp:term":[{"taxonomy":"category","embeddable":true,"href":"https:\/\/now-news.de\/de\/wp-json\/wp\/v2\/categories?post=72969"},{"taxonomy":"post_tag","embeddable":true,"href":"https:\/\/now-news.de\/de\/wp-json\/wp\/v2\/tags?post=72969"}],"curies":[{"name":"wp","href":"https:\/\/api.w.org\/{rel}","templated":true}]}}