{"id":7291,"date":"2022-05-10T16:23:21","date_gmt":"2022-05-10T14:23:21","guid":{"rendered":"http:\/\/just-now.news\/de\/deutschland\/innenministerium-in-kiew-ukrainischer-whistleblower-getoetet\/"},"modified":"2022-05-10T17:49:08","modified_gmt":"2022-05-10T15:49:08","slug":"innenministerium-in-kiew-ukrainischer-whistleblower-getoetet","status":"publish","type":"post","link":"https:\/\/now-news.de\/de\/deutschland\/innenministerium-in-kiew-ukrainischer-whistleblower-getoetet\/","title":{"rendered":"Innenministerium in Kiew: Ukrainischer Whistleblower get\u00f6tet"},"content":{"rendered":"<div class=\"Text-root Text-type_5 ArticleView-text ViewText-root \">\n<p>Der Berater des ukrainischen Innenministeriums Anton Geraschtschenko twitterte am 9. Mai etwas,\u00a0das in seiner Darstellung wie eine Erfolgsmeldung klingt: Der langj\u00e4hrige Abgeordnete des ukrainischen Parlamentes David Schwanija soll bei einem Artilleriebeschuss in der sogenannten &#8220;grauen Zone&#8221; in der Region Saporoschje get\u00f6tet worden sein.<\/p>\n<div class=\"ReadMore-root Section-root Section-is1to3-xs_is1to1\" data-widgets=\"ReadMore\" data-has-alias=\"\">\n<div class=\"Section-container Section-isRow-isTop-isWrap\">\n<article class=\"Card-root Card-is1to1 \">\n<div class=\"Card-imageWrap\">\n<div class=\"Card-picture\">\n<picture class=\"Picture-root Picture-default\"><!-- [if IE 9]><video style=\"display: none;\"><![endif]--><source media=\"(-webkit-min-device-pixel-ratio: 2) and (min-resolution: 120dpi)\" data-srcset=\" http:\/\/just-now.news\/de\/wp-content\/uploads\/sites\/3\/2022\/05\/Innenministerium-in-Kiew-Ukrainischer-Whistleblower-getoetet.jpg 850w, http:\/\/just-now.news\/de\/wp-content\/uploads\/sites\/3\/2022\/04\/Millionenvermoegen-von-Wladimir-Selenskij-\u2013-quotWoher-kommt-das-Geldquot.jpg 1960w, \" \/><source data-srcset=\" http:\/\/just-now.news\/de\/wp-content\/uploads\/sites\/3\/2022\/05\/Innenministerium-in-Kiew-Ukrainischer-Whistleblower-getoetet.jpg 460w, http:\/\/just-now.news\/de\/wp-content\/uploads\/sites\/3\/2022\/04\/Millionenvermoegen-von-Wladimir-Selenskij-\u2013-quotWoher-kommt-das-Geldquot.jpg 980w, \" \/><!-- [if IE 9]><\/video><![endif]--><\/picture><!-- noscript pattern --><noscript><img decoding=\"async\" src=\"http:\/\/just-now.news\/de\/wp-content\/uploads\/sites\/3\/2022\/04\/Millionenvermoegen-von-Wladimir-Selenskij-\u2013-quotWoher-kommt-das-Geldquot.jpg\" alt='Millionenverm\u00f6gen von Wladimir Selenskij \u2013 \"Woher kommt das Geld?\"'><\/noscript><\/p>\n<\/div>\n<\/div>\n<div class=\"Card-contentWrap\">\n<div class=\"Card-content\">\n<div class=\"Card-title\">\n<div class=\"HeaderNews-root HeaderNews-type_6 \">\n<p><a class=\"Link-root Link-isFullCard \" href=\"https:\/\/de.rt.com\/europa\/137040-niederlaendische-partei-hinterfragt-millionenvermoegen-von-selenskij\/\" target=\"_blank\" rel=\"nofollow noopener\"><br \/>\nMillionenverm\u00f6gen von Wladimir Selenskij \u2013 &#8220;Woher kommt das Geld?&#8221;<br \/>\n<\/a><\/p>\n<\/div>\n<\/div>\n<\/div>\n<\/div>\n<\/article>\n<\/div>\n<\/div>\n<p>Die behaupteten Umst\u00e4nde des Vorfalls werfen Fragen auf, wie Geraschtschenko in seinem Tweet selbst zugibt: Der Artilleriebeschuss soll den Politiker an einem russischen Kontrollpunkt nahe des Dorfes Nowopokrowka getroffen haben. Das Dorf liegt zwischen den Frontlinien und wird von keiner der Konfliktparteien kontrolliert, was im Begriff &#8220;graue Zone&#8221; zum Ausdruck kommt. Dazu steht die Behauptung im Widerspruch, dass der Artilleriebeschuss einem russischen Kontrollpunkt gegolten haben soll. Au\u00dferdem ist v\u00f6llig unklar, warum Schwanija sich zwischen die Frontlinien begeben haben soll und wie die ukrainische Seite seinen Tod au\u00dferhalb des eigenen Kontrollbereiches festgestellt haben will.<\/p>\n<p>In ukrainischen Medien werden weitere Einzelheiten des angeblichen Vorfalls berichtet: Schwanija habe sich\u00a0zum Zeitpunkt des Artilleriebeschusses zusammen mit einer weiteren Person, die Jahrgang 1972 sein soll, in einem Pkw der Marke VW aufgehalten. Schwanija soll sofort tot gewesen sein, die andere Person habe den Treffer aber \u00fcberlebt. Der Leichnam des Ex-Ministers soll sich nun auf dem russisch kontrollierten Gebiet befinden.<\/p>\n<p>Eine unabh\u00e4ngige Best\u00e4tigung steht noch aus.<\/p>\n<p>Der 1967 in Tiflis, Georgien, geborene Politiker war Promaidan-Kr\u00e4ften seit L\u00e4ngerem ein Dorn im Auge und gilt ihnen als Verr\u00e4ter. Nachdem er 1999 die ukrainische Staatsangeh\u00f6rigkeit erworben hatte, engagierte er sich auf Seiten der proeurop\u00e4ischen und nationalistischen Kr\u00e4fte in der &#8220;Orangenen Revolution&#8221; des Jahres 2004 und w\u00e4hrend des &#8220;Euromaidan&#8221; der Jahre 2013 und 2014. Zwischen 2002 und 2014 war er Abgeordneter des ukrainischen Parlamentes und kurzzeitig Minister f\u00fcr Katastrophenhilfe im Kabinett\u00a0von Julia Timoschenko. Seine politische Anbindung wechselte und brachte ihn 2010 sogar als Parteilosen in die Fraktion von Janukowitschs Regionenpartei, mit der er jedoch nach Beginn des Euromaidan im Herbst 2013 wieder brach.<\/p>\n<div class=\"ReadMore-root Section-root Section-is1to3-xs_is1to1\" data-widgets=\"ReadMore\" data-has-alias=\"\">\n<div class=\"Section-container Section-isRow-isTop-isWrap\">\n<article class=\"Card-root Card-is1to1 \">\n<div class=\"Card-imageWrap\">\n<div class=\"Card-picture\">\n<picture class=\"Picture-root Picture-default\"><!-- [if IE 9]><video style=\"display: none;\"><![endif]--><source media=\"(-webkit-min-device-pixel-ratio: 2) and (min-resolution: 120dpi)\" data-srcset=\" http:\/\/just-now.news\/de\/wp-content\/uploads\/sites\/3\/2022\/05\/Innenministerium-in-Kiew-Ukrainischer-Whistleblower-getoetet.JPG 850w, http:\/\/just-now.news\/de\/wp-content\/uploads\/sites\/3\/2022\/05\/1652193598_641_Innenministerium-in-Kiew-Ukrainischer-Whistleblower-getoetet.JPG 1960w, \" \/><source data-srcset=\" http:\/\/just-now.news\/de\/wp-content\/uploads\/sites\/3\/2022\/05\/Innenministerium-in-Kiew-Ukrainischer-Whistleblower-getoetet.JPG 460w, http:\/\/just-now.news\/de\/wp-content\/uploads\/sites\/3\/2022\/05\/1652193598_641_Innenministerium-in-Kiew-Ukrainischer-Whistleblower-getoetet.JPG 980w, \" \/><!-- [if IE 9]><\/video><![endif]--><img decoding=\"async\" class=\"Picture-root Picture-default lazyload\" src=\"data:image\/png;base64,iVBORw0KGgoAAAANSUhEUgAAABAAAAAJCAQAAACRI2S5AAAAEElEQVR42mNkIAAYRxWAAQAG9gAKqv6+AwAAAABJRU5ErkJggg==\" alt=\"Die Jagd auf &quot;Kreml-Kritiker&quot; und Ex-Spione: Russlands &quot;S\u00fcndenregister&quot; im Faktencheck\" data-=\"\" data-src=\"http:\/\/just-now.news\/de\/wp-content\/uploads\/sites\/3\/2022\/05\/Innenministerium-in-Kiew-Ukrainischer-Whistleblower-getoetet.JPG\" \/><\/picture><!-- noscript pattern --><noscript><img decoding=\"async\" src=\"http:\/\/just-now.news\/de\/wp-content\/uploads\/sites\/3\/2022\/05\/1652193598_641_Innenministerium-in-Kiew-Ukrainischer-Whistleblower-getoetet.JPG\" alt='Die Jagd auf \"Kreml-Kritiker\" und Ex-Spione: Russlands \"S\u00fcndenregister\" im Faktencheck'><\/noscript><\/p>\n<\/div>\n<\/div>\n<div class=\"Card-contentWrap\">\n<div class=\"Card-label\"><span class=\"Label-root\"><br \/>\nMeinung<br \/>\n<\/span><\/div>\n<div class=\"Card-content\">\n<div class=\"Card-title\">\n<div class=\"HeaderNews-root HeaderNews-type_6 \">\n<p><a class=\"Link-root Link-isFullCard \" href=\"https:\/\/de.rt.com\/meinung\/105946-jagd-auf-kreml-kritiker-und-ex-spione-russlands-suendenregister-im-faktencheck\/\" target=\"_blank\" rel=\"nofollow noopener\"><br \/>\nDie Jagd auf &#8220;Kreml-Kritiker&#8221; und Ex-Spione: Russlands &#8220;S\u00fcndenregister&#8221; im Faktencheck<br \/>\n<\/a><\/p>\n<\/div>\n<\/div>\n<\/div>\n<\/div>\n<\/article>\n<\/div>\n<\/div>\n<p>Zwischenzeitlich hatte Schwanija auch\u00a0<a href=\"https:\/\/de.rt.com\/meinung\/105946-jagd-auf-kreml-kritiker-und-ex-spione-russlands-suendenregister-im-faktencheck\/\" target=\"_blank\" rel=\"nofollow noopener\">behauptet<\/a>, dass die angebliche Vergiftung des damaligen Pr\u00e4sidentschaftskandidaten und Profiteurs der &#8220;Orangenen Revolution&#8221; des Jahres 2004, Wiktor Juschtschenko, von Maidan-Kr\u00e4ften inszeniert gewesen sei.<\/p>\n<p>Wieder von sich reden machte Schwanija im Jahr 2020, als er in mehreren Videoauftritten die Hintergr\u00fcnde und Strukturen der Euromaidan-Bewegung offenlegte. Er erstattete Selbstanzeige wegen Beteiligung an einem Staatsumsturz in der Ukraine und in europ\u00e4ischen L\u00e4ndern und bezichtigte Poroschenko, den Staatsstreich organisiert und finanziert zu haben. Unter anderem behauptete er, dass deutsche und europ\u00e4ische Politiker, die er der deutschen Staatsanwaltschaft namentlich nennen wollte, Bestechungsgelder von Poroschenko erhalten h\u00e4tten, um Entscheidungen zugunsten der Ukraine auf europ\u00e4ischer und nationaler Ebene herbeizuf\u00fchren.<\/p>\n<p>Die ukrainische Generalstaatsanwaltschaft ignorierte die Strafanzeigen von Schwanija. Ob die deutschen Staatsanwaltschaften auf diese Hinweise hin Ermittlungen aufgenommen haben, ist derzeit nicht bekannt.<\/p>\n<p><strong>Mehr zum Thema<\/strong> &#8211; <a href=\"https:\/\/de.rt.com\/europa\/136430-oppositionellem-journalisten-und-rapper-gelingt-flucht\/\" target=\"_blank\" rel=\"nofollow noopener\">Oppositionellem Journalisten und Rapper gelingt Flucht aus Kiew<\/a><\/p>\n<\/div>\n\n<p><a href=\"https:\/\/de.rt.com\/europa\/138083-innenministerium-in-kiew-ukrainischer-whistleblower-tot\/\">Source link <\/a><\/p>\n","protected":false},"excerpt":{"rendered":"<p>Der Berater des ukrainischen Innenministeriums Anton Geraschtschenko twitterte am 9. Mai etwas,\u00a0das in seiner Darstellung wie eine Erfolgsmeldung klingt: Der langj\u00e4hrige Abgeordnete des ukrainischen Parlamentes David Schwanija soll bei einem Artilleriebeschuss in der sogenannten &#8220;grauen Zone&#8221; in der Region Saporoschje get\u00f6tet worden sein. Millionenverm\u00f6gen von Wladimir Selenskij \u2013 &#8220;Woher kommt das Geld?&#8221; Die behaupteten Umst\u00e4nde [&hellip;]<\/p>\n","protected":false},"author":3,"featured_media":7292,"comment_status":"open","ping_status":"open","sticky":false,"template":"","format":"standard","meta":{"wp_automatic_camp":["217"],"61cef12b7f22c9ee4fc88a07b9dbf5d0":["Innenministerium in Kiew: Ukrainischer Whistleblower get\u00f6tet"],"original_link":["https:\/\/de.rt.com\/europa\/138083-innenministerium-in-kiew-ukrainischer-whistleblower-tot\/"],"_thumbnail_id":["7292"],"wp_automatic_remove_first_image":["yes"],"_wptg_p2tg_sent2tg":["2022-05-10 16:41:05"],"jnews_social_counter_last_update":["1777622054"],"_edit_lock":["1652197789:1"],"_format_video_embed":[""],"_edit_last":["1"],"post_subtitle":[""],"post_subtitle_flag":[""],"onesignal_meta_box_present":["1"],"onesignal_send_notification":[""],"onesignal_modify_title_and_content":[""],"onesignal_notification_custom_heading":[null],"onesignal_notification_custom_content":[null],"_mi_skip_tracking":["0"],"_wpb_vc_js_status":["false"],"_format_gallery_images":["a:0:{}"],"jnews_override_bookmark_settings":["a:2:{s:24:\"override_bookmark_button\";s:1:\"0\";s:29:\"override_show_bookmark_button\";s:1:\"0\";}"],"jnews_override_counter":["a:8:{s:21:\"override_view_counter\";s:1:\"0\";s:19:\"view_counter_number\";s:1:\"0\";s:22:\"override_share_counter\";s:1:\"0\";s:20:\"share_counter_number\";s:1:\"0\";s:21:\"override_like_counter\";s:1:\"0\";s:19:\"like_counter_number\";s:1:\"0\";s:24:\"override_dislike_counter\";s:1:\"0\";s:22:\"dislike_counter_number\";s:1:\"0\";}"],"jnews_single_post":["a:19:{s:11:\"source_name\";s:0:\"\";s:10:\"source_url\";s:0:\"\";s:8:\"via_name\";s:0:\"\";s:7:\"via_url\";s:0:\"\";s:17:\"override_template\";s:1:\"0\";s:8:\"override\";a:1:{i:0;a:32:{s:8:\"template\";s:1:\"6\";s:18:\"single_blog_custom\";s:0:\"\";s:8:\"parallax\";s:1:\"1\";s:10:\"fullscreen\";s:1:\"1\";s:6:\"layout\";s:13:\"right-sidebar\";s:7:\"sidebar\";s:15:\"default-sidebar\";s:14:\"second_sidebar\";s:15:\"default-sidebar\";s:14:\"sticky_sidebar\";s:1:\"1\";s:14:\"share_position\";s:3:\"top\";s:17:\"share_float_style\";s:16:\"share-monocrhome\";s:18:\"show_share_counter\";s:1:\"1\";s:17:\"show_view_counter\";s:1:\"1\";s:13:\"show_featured\";s:1:\"1\";s:14:\"show_post_meta\";s:1:\"1\";s:16:\"show_post_author\";s:1:\"1\";s:22:\"show_post_author_image\";s:1:\"1\";s:14:\"show_post_date\";s:1:\"1\";s:16:\"post_date_format\";s:7:\"default\";s:23:\"post_date_format_custom\";s:5:\"Y\/m\/d\";s:18:\"show_post_category\";s:1:\"0\";s:22:\"show_post_reading_time\";s:1:\"1\";s:21:\"post_reading_time_wpm\";s:3:\"300\";s:16:\"show_zoom_button\";s:1:\"0\";s:20:\"zoom_button_out_step\";s:1:\"2\";s:19:\"zoom_button_in_step\";s:1:\"3\";s:13:\"show_post_tag\";s:1:\"1\";s:19:\"show_prev_next_post\";s:1:\"0\";s:15:\"show_popup_post\";s:1:\"1\";s:17:\"number_popup_post\";s:1:\"2\";s:15:\"show_author_box\";s:1:\"1\";s:17:\"show_post_related\";s:1:\"1\";s:24:\"show_inline_post_related\";s:1:\"0\";}}s:19:\"override_image_size\";s:1:\"0\";s:14:\"image_override\";a:1:{i:0;a:2:{s:26:\"single_post_thumbnail_size\";s:8:\"crop-715\";s:24:\"single_post_gallery_size\";s:8:\"crop-500\";}}s:13:\"trending_post\";s:1:\"0\";s:22:\"trending_post_position\";s:4:\"meta\";s:19:\"trending_post_label\";s:8:\"Trending\";s:14:\"sponsored_post\";s:1:\"0\";s:20:\"sponsored_post_label\";s:12:\"Sponsored by\";s:19:\"sponsored_post_name\";s:0:\"\";s:18:\"sponsored_post_url\";s:0:\"\";s:26:\"sponsored_post_logo_enable\";s:1:\"0\";s:19:\"sponsored_post_logo\";s:0:\"\";s:19:\"sponsored_post_desc\";s:0:\"\";s:10:\"disable_ad\";s:1:\"0\";}"],"jnews_primary_category":["a:1:{s:2:\"id\";s:0:\"\";}"],"_yoast_wpseo_content_score":["30"],"_yoast_wpseo_focuskeywords":["[]"],"_yoast_wpseo_keywordsynonyms":["[\"\"]"],"_yoast_wpseo_estimated-reading-time-minutes":[""],"_yoast_wpseo_opengraph-image":["http:\/\/just-now.news\/de\/wp-content\/uploads\/sites\/3\/2022\/05\/Innenministerium-in-Kiew-Ukrainischer-Whistleblower-getoetet.jpg"],"_yoast_wpseo_opengraph-image-id":["7292"],"cmplz_hide_cookiebanner":[""]},"categories":[19,23],"tags":[367,19506,1025,488,19507],"yoast_head":"<!-- This site is optimized with the Yoast SEO Premium plugin v22.7 (Yoast SEO v22.7) - https:\/\/yoast.com\/wordpress\/plugins\/seo\/ -->\n<title>Innenministerium in Kiew: Ukrainischer Whistleblower get\u00f6tet - just-now.NEWS Deutschland<\/title>\n<meta name=\"robots\" content=\"index, follow, max-snippet:-1, max-image-preview:large, max-video-preview:-1\" \/>\n<link rel=\"canonical\" href=\"https:\/\/now-news.de\/de\/deutschland\/innenministerium-in-kiew-ukrainischer-whistleblower-getoetet\/\" \/>\n<meta property=\"og:locale\" content=\"de_DE\" \/>\n<meta property=\"og:type\" content=\"article\" \/>\n<meta property=\"og:title\" content=\"Innenministerium in Kiew: Ukrainischer Whistleblower get\u00f6tet\" \/>\n<meta property=\"og:description\" content=\"Der Berater des ukrainischen Innenministeriums Anton Geraschtschenko twitterte am 9. Mai etwas,\u00a0das in seiner Darstellung wie eine Erfolgsmeldung klingt: Der langj\u00e4hrige Abgeordnete des ukrainischen Parlamentes David Schwanija soll bei einem Artilleriebeschuss in der sogenannten &#8220;grauen Zone&#8221; in der Region Saporoschje get\u00f6tet worden sein. Millionenverm\u00f6gen von Wladimir Selenskij \u2013 &#8220;Woher kommt das Geld?&#8221; Die behaupteten Umst\u00e4nde [&hellip;]\" \/>\n<meta property=\"og:url\" content=\"https:\/\/now-news.de\/de\/deutschland\/innenministerium-in-kiew-ukrainischer-whistleblower-getoetet\/\" \/>\n<meta property=\"og:site_name\" content=\"just-now.NEWS Deutschland\" \/>\n<meta property=\"article:publisher\" content=\"https:\/\/www.facebook.com\/wirmachenauf\" \/>\n<meta property=\"article:published_time\" content=\"2022-05-10T14:23:21+00:00\" \/>\n<meta property=\"article:modified_time\" content=\"2022-05-10T15:49:08+00:00\" \/>\n<meta property=\"og:image\" content=\"https:\/\/now-news.de\/de\/wp-content\/uploads\/sites\/3\/2022\/05\/Innenministerium-in-Kiew-Ukrainischer-Whistleblower-getoetet.jpg\" \/>\n\t<meta property=\"og:image:width\" content=\"460\" \/>\n\t<meta property=\"og:image:height\" content=\"259\" \/>\n\t<meta property=\"og:image:type\" content=\"image\/jpeg\" \/>\n<meta name=\"author\" content=\"rtnews\" \/>\n<meta name=\"twitter:card\" content=\"summary_large_image\" \/>\n<meta name=\"twitter:creator\" content=\"@WirMachenAuf_de\" \/>\n<meta name=\"twitter:site\" content=\"@WirMachenAuf_de\" \/>\n<meta name=\"twitter:label1\" content=\"Verfasst von\" \/>\n\t<meta name=\"twitter:data1\" content=\"rtnews\" \/>\n\t<meta name=\"twitter:label2\" content=\"Gesch\u00e4tzte Lesezeit\" \/>\n\t<meta name=\"twitter:data2\" content=\"2\u00a0Minuten\" \/>\n<script type=\"application\/ld+json\" class=\"yoast-schema-graph\">{\"@context\":\"https:\/\/schema.org\",\"@graph\":[{\"@type\":\"Article\",\"@id\":\"https:\/\/now-news.de\/de\/deutschland\/innenministerium-in-kiew-ukrainischer-whistleblower-getoetet\/#article\",\"isPartOf\":{\"@id\":\"https:\/\/now-news.de\/de\/deutschland\/innenministerium-in-kiew-ukrainischer-whistleblower-getoetet\/\"},\"author\":{\"name\":\"rtnews\",\"@id\":\"https:\/\/now-news.de\/de\/#\/schema\/person\/fb534a4e865501d8b3285208df34a9b5\"},\"headline\":\"Innenministerium in Kiew: Ukrainischer Whistleblower get\u00f6tet\",\"datePublished\":\"2022-05-10T14:23:21+00:00\",\"dateModified\":\"2022-05-10T15:49:08+00:00\",\"mainEntityOfPage\":{\"@id\":\"https:\/\/now-news.de\/de\/deutschland\/innenministerium-in-kiew-ukrainischer-whistleblower-getoetet\/\"},\"wordCount\":492,\"commentCount\":0,\"publisher\":{\"@id\":\"https:\/\/now-news.de\/de\/#organization\"},\"image\":{\"@id\":\"https:\/\/now-news.de\/de\/deutschland\/innenministerium-in-kiew-ukrainischer-whistleblower-getoetet\/#primaryimage\"},\"thumbnailUrl\":\"https:\/\/now-news.de\/de\/wp-content\/uploads\/sites\/3\/2022\/05\/Innenministerium-in-Kiew-Ukrainischer-Whistleblower-getoetet.jpg\",\"keywords\":[\"get\u00f6tet\",\"Innenministerium\",\"Kiew\",\"Ukrainischer\",\"Whistleblower\"],\"articleSection\":[\"Deutschland\",\"Russland\"],\"inLanguage\":\"de\",\"potentialAction\":[{\"@type\":\"CommentAction\",\"name\":\"Comment\",\"target\":[\"https:\/\/now-news.de\/de\/deutschland\/innenministerium-in-kiew-ukrainischer-whistleblower-getoetet\/#respond\"]}]},{\"@type\":\"WebPage\",\"@id\":\"https:\/\/now-news.de\/de\/deutschland\/innenministerium-in-kiew-ukrainischer-whistleblower-getoetet\/\",\"url\":\"https:\/\/now-news.de\/de\/deutschland\/innenministerium-in-kiew-ukrainischer-whistleblower-getoetet\/\",\"name\":\"Innenministerium in Kiew: Ukrainischer Whistleblower get\u00f6tet - just-now.NEWS Deutschland\",\"isPartOf\":{\"@id\":\"https:\/\/now-news.de\/de\/#website\"},\"primaryImageOfPage\":{\"@id\":\"https:\/\/now-news.de\/de\/deutschland\/innenministerium-in-kiew-ukrainischer-whistleblower-getoetet\/#primaryimage\"},\"image\":{\"@id\":\"https:\/\/now-news.de\/de\/deutschland\/innenministerium-in-kiew-ukrainischer-whistleblower-getoetet\/#primaryimage\"},\"thumbnailUrl\":\"https:\/\/now-news.de\/de\/wp-content\/uploads\/sites\/3\/2022\/05\/Innenministerium-in-Kiew-Ukrainischer-Whistleblower-getoetet.jpg\",\"datePublished\":\"2022-05-10T14:23:21+00:00\",\"dateModified\":\"2022-05-10T15:49:08+00:00\",\"breadcrumb\":{\"@id\":\"https:\/\/now-news.de\/de\/deutschland\/innenministerium-in-kiew-ukrainischer-whistleblower-getoetet\/#breadcrumb\"},\"inLanguage\":\"de\",\"potentialAction\":[{\"@type\":\"ReadAction\",\"target\":[\"https:\/\/now-news.de\/de\/deutschland\/innenministerium-in-kiew-ukrainischer-whistleblower-getoetet\/\"]}]},{\"@type\":\"ImageObject\",\"inLanguage\":\"de\",\"@id\":\"https:\/\/now-news.de\/de\/deutschland\/innenministerium-in-kiew-ukrainischer-whistleblower-getoetet\/#primaryimage\",\"url\":\"https:\/\/now-news.de\/de\/wp-content\/uploads\/sites\/3\/2022\/05\/Innenministerium-in-Kiew-Ukrainischer-Whistleblower-getoetet.jpg\",\"contentUrl\":\"https:\/\/now-news.de\/de\/wp-content\/uploads\/sites\/3\/2022\/05\/Innenministerium-in-Kiew-Ukrainischer-Whistleblower-getoetet.jpg\",\"width\":460,\"height\":259},{\"@type\":\"BreadcrumbList\",\"@id\":\"https:\/\/now-news.de\/de\/deutschland\/innenministerium-in-kiew-ukrainischer-whistleblower-getoetet\/#breadcrumb\",\"itemListElement\":[{\"@type\":\"ListItem\",\"position\":1,\"name\":\"Home\",\"item\":\"https:\/\/now-news.de\/de\/\"},{\"@type\":\"ListItem\",\"position\":2,\"name\":\"Innenministerium in Kiew: Ukrainischer Whistleblower get\u00f6tet\"}]},{\"@type\":\"WebSite\",\"@id\":\"https:\/\/now-news.de\/de\/#website\",\"url\":\"https:\/\/now-news.de\/de\/\",\"name\":\"just-now.NEWS Deutschland\",\"description\":\"Das Portal f\u00fcr unzensierte Nachrichten aus der Welt\",\"publisher\":{\"@id\":\"https:\/\/now-news.de\/de\/#organization\"},\"potentialAction\":[{\"@type\":\"SearchAction\",\"target\":{\"@type\":\"EntryPoint\",\"urlTemplate\":\"https:\/\/now-news.de\/de\/?s={search_term_string}\"},\"query-input\":\"required name=search_term_string\"}],\"inLanguage\":\"de\"},{\"@type\":\"Organization\",\"@id\":\"https:\/\/now-news.de\/de\/#organization\",\"name\":\"Just Now News\",\"url\":\"https:\/\/now-news.de\/de\/\",\"logo\":{\"@type\":\"ImageObject\",\"inLanguage\":\"de\",\"@id\":\"https:\/\/now-news.de\/de\/#\/schema\/logo\/image\/\",\"url\":\"http:\/\/just-now.news\/de\/wp-content\/uploads\/sites\/3\/2022\/04\/logo500x500.jpg\",\"contentUrl\":\"http:\/\/just-now.news\/de\/wp-content\/uploads\/sites\/3\/2022\/04\/logo500x500.jpg\",\"width\":500,\"height\":500,\"caption\":\"Just Now News\"},\"image\":{\"@id\":\"https:\/\/now-news.de\/de\/#\/schema\/logo\/image\/\"},\"sameAs\":[\"https:\/\/www.facebook.com\/wirmachenauf\",\"https:\/\/x.com\/WirMachenAuf_de\"]},{\"@type\":\"Person\",\"@id\":\"https:\/\/now-news.de\/de\/#\/schema\/person\/fb534a4e865501d8b3285208df34a9b5\",\"name\":\"rtnews\",\"image\":{\"@type\":\"ImageObject\",\"inLanguage\":\"de\",\"@id\":\"https:\/\/now-news.de\/de\/#\/schema\/person\/image\/\",\"url\":\"https:\/\/secure.gravatar.com\/avatar\/82aafea7d8127119dd649515f56e2117?s=96&d=mm&r=g\",\"contentUrl\":\"https:\/\/secure.gravatar.com\/avatar\/82aafea7d8127119dd649515f56e2117?s=96&d=mm&r=g\",\"caption\":\"rtnews\"},\"url\":\"https:\/\/now-news.de\/de\/author\/rnews\/\"}]}<\/script>\n<!-- \/ Yoast SEO Premium plugin. -->","yoast_head_json":{"title":"Innenministerium in Kiew: Ukrainischer Whistleblower get\u00f6tet - just-now.NEWS Deutschland","robots":{"index":"index","follow":"follow","max-snippet":"max-snippet:-1","max-image-preview":"max-image-preview:large","max-video-preview":"max-video-preview:-1"},"canonical":"https:\/\/now-news.de\/de\/deutschland\/innenministerium-in-kiew-ukrainischer-whistleblower-getoetet\/","og_locale":"de_DE","og_type":"article","og_title":"Innenministerium in Kiew: Ukrainischer Whistleblower get\u00f6tet","og_description":"Der Berater des ukrainischen Innenministeriums Anton Geraschtschenko twitterte am 9. Mai etwas,\u00a0das in seiner Darstellung wie eine Erfolgsmeldung klingt: Der langj\u00e4hrige Abgeordnete des ukrainischen Parlamentes David Schwanija soll bei einem Artilleriebeschuss in der sogenannten &#8220;grauen Zone&#8221; in der Region Saporoschje get\u00f6tet worden sein. Millionenverm\u00f6gen von Wladimir Selenskij \u2013 &#8220;Woher kommt das Geld?&#8221; Die behaupteten Umst\u00e4nde [&hellip;]","og_url":"https:\/\/now-news.de\/de\/deutschland\/innenministerium-in-kiew-ukrainischer-whistleblower-getoetet\/","og_site_name":"just-now.NEWS Deutschland","article_publisher":"https:\/\/www.facebook.com\/wirmachenauf","article_published_time":"2022-05-10T14:23:21+00:00","article_modified_time":"2022-05-10T15:49:08+00:00","og_image":[{"width":460,"height":259,"url":"https:\/\/now-news.de\/de\/wp-content\/uploads\/sites\/3\/2022\/05\/Innenministerium-in-Kiew-Ukrainischer-Whistleblower-getoetet.jpg","type":"image\/jpeg"}],"author":"rtnews","twitter_card":"summary_large_image","twitter_creator":"@WirMachenAuf_de","twitter_site":"@WirMachenAuf_de","twitter_misc":{"Verfasst von":"rtnews","Gesch\u00e4tzte Lesezeit":"2\u00a0Minuten"},"schema":{"@context":"https:\/\/schema.org","@graph":[{"@type":"Article","@id":"https:\/\/now-news.de\/de\/deutschland\/innenministerium-in-kiew-ukrainischer-whistleblower-getoetet\/#article","isPartOf":{"@id":"https:\/\/now-news.de\/de\/deutschland\/innenministerium-in-kiew-ukrainischer-whistleblower-getoetet\/"},"author":{"name":"rtnews","@id":"https:\/\/now-news.de\/de\/#\/schema\/person\/fb534a4e865501d8b3285208df34a9b5"},"headline":"Innenministerium in Kiew: Ukrainischer Whistleblower get\u00f6tet","datePublished":"2022-05-10T14:23:21+00:00","dateModified":"2022-05-10T15:49:08+00:00","mainEntityOfPage":{"@id":"https:\/\/now-news.de\/de\/deutschland\/innenministerium-in-kiew-ukrainischer-whistleblower-getoetet\/"},"wordCount":492,"commentCount":0,"publisher":{"@id":"https:\/\/now-news.de\/de\/#organization"},"image":{"@id":"https:\/\/now-news.de\/de\/deutschland\/innenministerium-in-kiew-ukrainischer-whistleblower-getoetet\/#primaryimage"},"thumbnailUrl":"https:\/\/now-news.de\/de\/wp-content\/uploads\/sites\/3\/2022\/05\/Innenministerium-in-Kiew-Ukrainischer-Whistleblower-getoetet.jpg","keywords":["get\u00f6tet","Innenministerium","Kiew","Ukrainischer","Whistleblower"],"articleSection":["Deutschland","Russland"],"inLanguage":"de","potentialAction":[{"@type":"CommentAction","name":"Comment","target":["https:\/\/now-news.de\/de\/deutschland\/innenministerium-in-kiew-ukrainischer-whistleblower-getoetet\/#respond"]}]},{"@type":"WebPage","@id":"https:\/\/now-news.de\/de\/deutschland\/innenministerium-in-kiew-ukrainischer-whistleblower-getoetet\/","url":"https:\/\/now-news.de\/de\/deutschland\/innenministerium-in-kiew-ukrainischer-whistleblower-getoetet\/","name":"Innenministerium in Kiew: Ukrainischer Whistleblower get\u00f6tet - just-now.NEWS Deutschland","isPartOf":{"@id":"https:\/\/now-news.de\/de\/#website"},"primaryImageOfPage":{"@id":"https:\/\/now-news.de\/de\/deutschland\/innenministerium-in-kiew-ukrainischer-whistleblower-getoetet\/#primaryimage"},"image":{"@id":"https:\/\/now-news.de\/de\/deutschland\/innenministerium-in-kiew-ukrainischer-whistleblower-getoetet\/#primaryimage"},"thumbnailUrl":"https:\/\/now-news.de\/de\/wp-content\/uploads\/sites\/3\/2022\/05\/Innenministerium-in-Kiew-Ukrainischer-Whistleblower-getoetet.jpg","datePublished":"2022-05-10T14:23:21+00:00","dateModified":"2022-05-10T15:49:08+00:00","breadcrumb":{"@id":"https:\/\/now-news.de\/de\/deutschland\/innenministerium-in-kiew-ukrainischer-whistleblower-getoetet\/#breadcrumb"},"inLanguage":"de","potentialAction":[{"@type":"ReadAction","target":["https:\/\/now-news.de\/de\/deutschland\/innenministerium-in-kiew-ukrainischer-whistleblower-getoetet\/"]}]},{"@type":"ImageObject","inLanguage":"de","@id":"https:\/\/now-news.de\/de\/deutschland\/innenministerium-in-kiew-ukrainischer-whistleblower-getoetet\/#primaryimage","url":"https:\/\/now-news.de\/de\/wp-content\/uploads\/sites\/3\/2022\/05\/Innenministerium-in-Kiew-Ukrainischer-Whistleblower-getoetet.jpg","contentUrl":"https:\/\/now-news.de\/de\/wp-content\/uploads\/sites\/3\/2022\/05\/Innenministerium-in-Kiew-Ukrainischer-Whistleblower-getoetet.jpg","width":460,"height":259},{"@type":"BreadcrumbList","@id":"https:\/\/now-news.de\/de\/deutschland\/innenministerium-in-kiew-ukrainischer-whistleblower-getoetet\/#breadcrumb","itemListElement":[{"@type":"ListItem","position":1,"name":"Home","item":"https:\/\/now-news.de\/de\/"},{"@type":"ListItem","position":2,"name":"Innenministerium in Kiew: Ukrainischer Whistleblower get\u00f6tet"}]},{"@type":"WebSite","@id":"https:\/\/now-news.de\/de\/#website","url":"https:\/\/now-news.de\/de\/","name":"just-now.NEWS Deutschland","description":"Das Portal f\u00fcr unzensierte Nachrichten aus der Welt","publisher":{"@id":"https:\/\/now-news.de\/de\/#organization"},"potentialAction":[{"@type":"SearchAction","target":{"@type":"EntryPoint","urlTemplate":"https:\/\/now-news.de\/de\/?s={search_term_string}"},"query-input":"required name=search_term_string"}],"inLanguage":"de"},{"@type":"Organization","@id":"https:\/\/now-news.de\/de\/#organization","name":"Just Now News","url":"https:\/\/now-news.de\/de\/","logo":{"@type":"ImageObject","inLanguage":"de","@id":"https:\/\/now-news.de\/de\/#\/schema\/logo\/image\/","url":"http:\/\/just-now.news\/de\/wp-content\/uploads\/sites\/3\/2022\/04\/logo500x500.jpg","contentUrl":"http:\/\/just-now.news\/de\/wp-content\/uploads\/sites\/3\/2022\/04\/logo500x500.jpg","width":500,"height":500,"caption":"Just Now News"},"image":{"@id":"https:\/\/now-news.de\/de\/#\/schema\/logo\/image\/"},"sameAs":["https:\/\/www.facebook.com\/wirmachenauf","https:\/\/x.com\/WirMachenAuf_de"]},{"@type":"Person","@id":"https:\/\/now-news.de\/de\/#\/schema\/person\/fb534a4e865501d8b3285208df34a9b5","name":"rtnews","image":{"@type":"ImageObject","inLanguage":"de","@id":"https:\/\/now-news.de\/de\/#\/schema\/person\/image\/","url":"https:\/\/secure.gravatar.com\/avatar\/82aafea7d8127119dd649515f56e2117?s=96&d=mm&r=g","contentUrl":"https:\/\/secure.gravatar.com\/avatar\/82aafea7d8127119dd649515f56e2117?s=96&d=mm&r=g","caption":"rtnews"},"url":"https:\/\/now-news.de\/de\/author\/rnews\/"}]}},"_links":{"self":[{"href":"https:\/\/now-news.de\/de\/wp-json\/wp\/v2\/posts\/7291"}],"collection":[{"href":"https:\/\/now-news.de\/de\/wp-json\/wp\/v2\/posts"}],"about":[{"href":"https:\/\/now-news.de\/de\/wp-json\/wp\/v2\/types\/post"}],"author":[{"embeddable":true,"href":"https:\/\/now-news.de\/de\/wp-json\/wp\/v2\/users\/3"}],"replies":[{"embeddable":true,"href":"https:\/\/now-news.de\/de\/wp-json\/wp\/v2\/comments?post=7291"}],"version-history":[{"count":1,"href":"https:\/\/now-news.de\/de\/wp-json\/wp\/v2\/posts\/7291\/revisions"}],"predecessor-version":[{"id":7303,"href":"https:\/\/now-news.de\/de\/wp-json\/wp\/v2\/posts\/7291\/revisions\/7303"}],"wp:featuredmedia":[{"embeddable":true,"href":"https:\/\/now-news.de\/de\/wp-json\/wp\/v2\/media\/7292"}],"wp:attachment":[{"href":"https:\/\/now-news.de\/de\/wp-json\/wp\/v2\/media?parent=7291"}],"wp:term":[{"taxonomy":"category","embeddable":true,"href":"https:\/\/now-news.de\/de\/wp-json\/wp\/v2\/categories?post=7291"},{"taxonomy":"post_tag","embeddable":true,"href":"https:\/\/now-news.de\/de\/wp-json\/wp\/v2\/tags?post=7291"}],"curies":[{"name":"wp","href":"https:\/\/api.w.org\/{rel}","templated":true}]}}