{"id":72869,"date":"2024-11-19T19:02:32","date_gmt":"2024-11-19T17:02:32","guid":{"rendered":"https:\/\/now-news.de\/de\/deutschland\/abchasiens-parlament-erkennt-ruecktritt-des-praesidenten-an\/"},"modified":"2024-11-19T19:02:32","modified_gmt":"2024-11-19T17:02:32","slug":"abchasiens-parlament-erkennt-ruecktritt-des-praesidenten-an","status":"publish","type":"post","link":"https:\/\/now-news.de\/de\/deutschland\/abchasiens-parlament-erkennt-ruecktritt-des-praesidenten-an\/","title":{"rendered":"Abchasiens Parlament erkennt R\u00fccktritt des Pr\u00e4sidenten an"},"content":{"rendered":"<p><img decoding=\"async\" src=\"https:\/\/now-news.de\/de\/wp-content\/uploads\/sites\/3\/2024\/11\/673ca712b480cc0f4c744431.jpg\" \/><\/p>\n<div class=\"Text-root Text-type_1 \">\n                Das Parlament Abchasiens hat den R\u00fccktritt des Pr\u00e4sidenten angenommen. Dem Land stehen nun vorgezogene Neuwahlen bevor. Zuvor hatte das abchasische Staatsoberhaupt Aslan Bschania seinen R\u00fccktritt eingereicht, angesichts der Proteste wegen eines Abkommens mit Moskau.\n            <\/div>\n<p><\/p>\n<div class=\"Text-root Text-type_5 ArticleView-text ViewText-root \">\n<p>Die Volksversammlung (das Parlament) Abchasiens hat den R\u00fccktritt des Pr\u00e4sidenten Aslan Bschania angenommen. Dies berichtet die lokale Zeitung <em>Apsnypress<\/em>. Vizepr\u00e4sident Badra Gunba \u00fcbernimmt nun vor\u00fcbergehend das Amt des Staatsoberhauptes.<\/p>\n<p>Die Opposition war zun\u00e4chst dagegen, dass Gunba das Amt des Pr\u00e4sidenten \u00fcbernimmt und forderte auch seinen R\u00fccktritt. Jedoch \u00fcbernimmt gem\u00e4\u00df der Verfassung der Vizepr\u00e4sident im Falle eines R\u00fccktritts\u00a0des Pr\u00e4sidenten das Amt des Staatsoberhauptes.<\/p>\n<p>Auch Premierminister Alexander Ankwab und der Chef der Beh\u00f6rde f\u00fcr die Sicherheit hochrangiger Staatsbeamter, Dmitri Dbar, werden demnach zur\u00fccktreten. Neuer Regierungschef wird voraussichtlich der von der Opposition vorgeschlagene Kandidat sein.<\/p>\n<p>Bschania reichte seinen R\u00fccktritt im Einklang mit den Vereinbarungen ein, die bei den Verhandlungen zwischen Regierungsvertretern und Opposition getroffen worden waren. Im Gegenzug versprachen die Demonstranten, die von ihnen besetzten Regierungsgeb\u00e4ude wieder zu verlassen.<\/p>\n<p>Die Proteste in Abchasien begannen vor etwa einer Woche, aus Unmut \u00fcber das abchasische Investitionsabkommen mit Russland. Den Demonstranten zufolge lehnten sie die Beziehungen zu Moskau nicht ab, sie h\u00e4tten jedoch Bedenken bez\u00fcglich des Vorgehens russischer Oligarchen und der Ausnutzung des Abkommens\u00a0durch Bschania &#8220;f\u00fcr eigenn\u00fctzige Zwecke&#8221;.<\/p>\n<p>Als Reaktion auf die Festnahme einer Reihe von Oppositionellen\u00a0hatten\u00a0Demonstranten einen Geb\u00e4udekomplex der Regierung besetzt, darunter die Volksversammlung, und den R\u00fccktritt des Pr\u00e4sidenten gefordert. Bschania versprach, an den n\u00e4chsten Wahlen teilnehmen zu wollen, um zu erfahren, wen die multiethnische Bev\u00f6lkerung Abchasiens als ihren politischen Anf\u00fchrer w\u00e4hlen werde.<\/p>\n<p>Russland setze sich f\u00fcr eine z\u00fcgige Normalisierung der Lage in Abchasien ein, kommentierte der russische Pr\u00e4sidentensprecher Dmitri Peskow das Geschehen.<\/p>\n<p><strong>Mehr zum Thema<\/strong> \u2013 <a rel=\"nofollow noopener\" target=\"_blank\" href=\"https:\/\/freedert.online\/international\/215008-abchasien-dementiert-plaene-zur-eroeffnung-eines-russischen-marinestuetzpunkts\/\">Abchasien dementiert Pl\u00e4ne zur Er\u00f6ffnung eines russischen Marinest\u00fctzpunkts<\/a><\/p>\n<div class=\"EmbedBlock-root EmbedBlock-externalVideo EmbedBlock-rumble\">\n<div class=\"VkEmbed\"><iframe class=\"lazyload\" data-src=\"https:\/\/rumble.com\/embed\/v5ocfl8\" frameborder=\"0\" width=\"853\" height=\"480\" allowfullscreen><\/iframe><\/div>\n<\/div>\n<\/div>\n<p><br \/>\n<br \/><a href=\"https:\/\/de.rt.com\/international\/226546-abchasiens-parlament-erkennt-ruecktritt-praesidenten\/\">Source link <\/a><\/p>\n","protected":false},"excerpt":{"rendered":"<p>Das Parlament Abchasiens hat den R\u00fccktritt des Pr\u00e4sidenten angenommen. Dem Land stehen nun vorgezogene Neuwahlen bevor. Zuvor hatte das abchasische Staatsoberhaupt Aslan Bschania seinen R\u00fccktritt eingereicht, angesichts der Proteste wegen eines Abkommens mit Moskau. Die Volksversammlung (das Parlament) Abchasiens hat den R\u00fccktritt des Pr\u00e4sidenten Aslan Bschania angenommen. Dies berichtet die lokale Zeitung Apsnypress. Vizepr\u00e4sident Badra [&hellip;]<\/p>\n","protected":false},"author":3,"featured_media":72870,"comment_status":"open","ping_status":"open","sticky":false,"template":"","format":"standard","meta":{"_yoast_indexnow_last_ping":["1732036504"],"wp_automatic_camp":["217"],"8909090a30c87ad2ca58953057307c1a":["Abchasiens Parlament erkennt R\u00fccktritt des Pr\u00e4sidenten an"],"original_link":["https:\/\/de.rt.com\/international\/226546-abchasiens-parlament-erkennt-ruecktritt-praesidenten\/"],"_thumbnail_id":["72870"],"jnews_social_counter_last_update":["1776866197"],"_wptgpro_p2tg_sent2tg":["a:1:{i:23737;s:19:\"2024-11-19 19:17:19\";}"]},"categories":[19,23],"tags":[60353,583,19697,3832,8462,11411],"yoast_head":"<!-- This site is optimized with the Yoast SEO Premium plugin v22.7 (Yoast SEO v22.7) - https:\/\/yoast.com\/wordpress\/plugins\/seo\/ -->\n<title>Abchasiens Parlament erkennt R\u00fccktritt des Pr\u00e4sidenten an - just-now.NEWS Deutschland<\/title>\n<meta name=\"robots\" content=\"index, follow, max-snippet:-1, max-image-preview:large, max-video-preview:-1\" \/>\n<link rel=\"canonical\" href=\"https:\/\/now-news.de\/de\/deutschland\/abchasiens-parlament-erkennt-ruecktritt-des-praesidenten-an\/\" \/>\n<meta property=\"og:locale\" content=\"de_DE\" \/>\n<meta property=\"og:type\" content=\"article\" \/>\n<meta property=\"og:title\" content=\"Abchasiens Parlament erkennt R\u00fccktritt des Pr\u00e4sidenten an\" \/>\n<meta property=\"og:description\" content=\"Das Parlament Abchasiens hat den R\u00fccktritt des Pr\u00e4sidenten angenommen. Dem Land stehen nun vorgezogene Neuwahlen bevor. Zuvor hatte das abchasische Staatsoberhaupt Aslan Bschania seinen R\u00fccktritt eingereicht, angesichts der Proteste wegen eines Abkommens mit Moskau. Die Volksversammlung (das Parlament) Abchasiens hat den R\u00fccktritt des Pr\u00e4sidenten Aslan Bschania angenommen. Dies berichtet die lokale Zeitung Apsnypress. Vizepr\u00e4sident Badra [&hellip;]\" \/>\n<meta property=\"og:url\" content=\"https:\/\/now-news.de\/de\/deutschland\/abchasiens-parlament-erkennt-ruecktritt-des-praesidenten-an\/\" \/>\n<meta property=\"og:site_name\" content=\"just-now.NEWS Deutschland\" \/>\n<meta property=\"article:publisher\" content=\"https:\/\/www.facebook.com\/wirmachenauf\" \/>\n<meta property=\"article:published_time\" content=\"2024-11-19T17:02:32+00:00\" \/>\n<meta property=\"og:image\" content=\"https:\/\/now-news.de\/de\/wp-content\/uploads\/sites\/3\/2024\/11\/673ca712b480cc0f4c744431.jpg\" \/>\n<meta name=\"author\" content=\"rtnews\" \/>\n<meta name=\"twitter:card\" content=\"summary_large_image\" \/>\n<meta name=\"twitter:creator\" content=\"@WirMachenAuf_de\" \/>\n<meta name=\"twitter:site\" content=\"@WirMachenAuf_de\" \/>\n<meta name=\"twitter:label1\" content=\"Verfasst von\" \/>\n\t<meta name=\"twitter:data1\" content=\"rtnews\" \/>\n\t<meta name=\"twitter:label2\" content=\"Gesch\u00e4tzte Lesezeit\" \/>\n\t<meta name=\"twitter:data2\" content=\"2\u00a0Minuten\" \/>\n<script type=\"application\/ld+json\" class=\"yoast-schema-graph\">{\"@context\":\"https:\/\/schema.org\",\"@graph\":[{\"@type\":\"Article\",\"@id\":\"https:\/\/now-news.de\/de\/deutschland\/abchasiens-parlament-erkennt-ruecktritt-des-praesidenten-an\/#article\",\"isPartOf\":{\"@id\":\"https:\/\/now-news.de\/de\/deutschland\/abchasiens-parlament-erkennt-ruecktritt-des-praesidenten-an\/\"},\"author\":{\"name\":\"rtnews\",\"@id\":\"https:\/\/now-news.de\/de\/#\/schema\/person\/fb534a4e865501d8b3285208df34a9b5\"},\"headline\":\"Abchasiens Parlament erkennt R\u00fccktritt des Pr\u00e4sidenten an\",\"datePublished\":\"2024-11-19T17:02:32+00:00\",\"dateModified\":\"2024-11-19T17:02:32+00:00\",\"mainEntityOfPage\":{\"@id\":\"https:\/\/now-news.de\/de\/deutschland\/abchasiens-parlament-erkennt-ruecktritt-des-praesidenten-an\/\"},\"wordCount\":334,\"commentCount\":0,\"publisher\":{\"@id\":\"https:\/\/now-news.de\/de\/#organization\"},\"image\":{\"@id\":\"https:\/\/now-news.de\/de\/deutschland\/abchasiens-parlament-erkennt-ruecktritt-des-praesidenten-an\/#primaryimage\"},\"thumbnailUrl\":\"https:\/\/now-news.de\/de\/wp-content\/uploads\/sites\/3\/2024\/11\/Abchasiens-Parlament-erkennt-Ruecktritt-des-Praesidenten-an.jpg\",\"keywords\":[\"Abchasiens\",\"des\",\"erkennt\",\"Parlament\",\"Pr\u00e4sidenten\",\"R\u00fccktritt\"],\"articleSection\":[\"Deutschland\",\"Russland\"],\"inLanguage\":\"de\",\"potentialAction\":[{\"@type\":\"CommentAction\",\"name\":\"Comment\",\"target\":[\"https:\/\/now-news.de\/de\/deutschland\/abchasiens-parlament-erkennt-ruecktritt-des-praesidenten-an\/#respond\"]}]},{\"@type\":\"WebPage\",\"@id\":\"https:\/\/now-news.de\/de\/deutschland\/abchasiens-parlament-erkennt-ruecktritt-des-praesidenten-an\/\",\"url\":\"https:\/\/now-news.de\/de\/deutschland\/abchasiens-parlament-erkennt-ruecktritt-des-praesidenten-an\/\",\"name\":\"Abchasiens Parlament erkennt R\u00fccktritt des Pr\u00e4sidenten an - just-now.NEWS Deutschland\",\"isPartOf\":{\"@id\":\"https:\/\/now-news.de\/de\/#website\"},\"primaryImageOfPage\":{\"@id\":\"https:\/\/now-news.de\/de\/deutschland\/abchasiens-parlament-erkennt-ruecktritt-des-praesidenten-an\/#primaryimage\"},\"image\":{\"@id\":\"https:\/\/now-news.de\/de\/deutschland\/abchasiens-parlament-erkennt-ruecktritt-des-praesidenten-an\/#primaryimage\"},\"thumbnailUrl\":\"https:\/\/now-news.de\/de\/wp-content\/uploads\/sites\/3\/2024\/11\/Abchasiens-Parlament-erkennt-Ruecktritt-des-Praesidenten-an.jpg\",\"datePublished\":\"2024-11-19T17:02:32+00:00\",\"dateModified\":\"2024-11-19T17:02:32+00:00\",\"breadcrumb\":{\"@id\":\"https:\/\/now-news.de\/de\/deutschland\/abchasiens-parlament-erkennt-ruecktritt-des-praesidenten-an\/#breadcrumb\"},\"inLanguage\":\"de\",\"potentialAction\":[{\"@type\":\"ReadAction\",\"target\":[\"https:\/\/now-news.de\/de\/deutschland\/abchasiens-parlament-erkennt-ruecktritt-des-praesidenten-an\/\"]}]},{\"@type\":\"ImageObject\",\"inLanguage\":\"de\",\"@id\":\"https:\/\/now-news.de\/de\/deutschland\/abchasiens-parlament-erkennt-ruecktritt-des-praesidenten-an\/#primaryimage\",\"url\":\"https:\/\/now-news.de\/de\/wp-content\/uploads\/sites\/3\/2024\/11\/Abchasiens-Parlament-erkennt-Ruecktritt-des-Praesidenten-an.jpg\",\"contentUrl\":\"https:\/\/now-news.de\/de\/wp-content\/uploads\/sites\/3\/2024\/11\/Abchasiens-Parlament-erkennt-Ruecktritt-des-Praesidenten-an.jpg\",\"width\":460,\"height\":259,\"caption\":\"Abchasiens Parlament erkennt R\u00fccktritt des Pr\u00e4sidenten an\"},{\"@type\":\"BreadcrumbList\",\"@id\":\"https:\/\/now-news.de\/de\/deutschland\/abchasiens-parlament-erkennt-ruecktritt-des-praesidenten-an\/#breadcrumb\",\"itemListElement\":[{\"@type\":\"ListItem\",\"position\":1,\"name\":\"Home\",\"item\":\"https:\/\/now-news.de\/de\/\"},{\"@type\":\"ListItem\",\"position\":2,\"name\":\"Abchasiens Parlament erkennt R\u00fccktritt des Pr\u00e4sidenten an\"}]},{\"@type\":\"WebSite\",\"@id\":\"https:\/\/now-news.de\/de\/#website\",\"url\":\"https:\/\/now-news.de\/de\/\",\"name\":\"just-now.NEWS Deutschland\",\"description\":\"Das Portal f\u00fcr unzensierte Nachrichten aus der Welt\",\"publisher\":{\"@id\":\"https:\/\/now-news.de\/de\/#organization\"},\"potentialAction\":[{\"@type\":\"SearchAction\",\"target\":{\"@type\":\"EntryPoint\",\"urlTemplate\":\"https:\/\/now-news.de\/de\/?s={search_term_string}\"},\"query-input\":\"required name=search_term_string\"}],\"inLanguage\":\"de\"},{\"@type\":\"Organization\",\"@id\":\"https:\/\/now-news.de\/de\/#organization\",\"name\":\"Just Now News\",\"url\":\"https:\/\/now-news.de\/de\/\",\"logo\":{\"@type\":\"ImageObject\",\"inLanguage\":\"de\",\"@id\":\"https:\/\/now-news.de\/de\/#\/schema\/logo\/image\/\",\"url\":\"http:\/\/just-now.news\/de\/wp-content\/uploads\/sites\/3\/2022\/04\/logo500x500.jpg\",\"contentUrl\":\"http:\/\/just-now.news\/de\/wp-content\/uploads\/sites\/3\/2022\/04\/logo500x500.jpg\",\"width\":500,\"height\":500,\"caption\":\"Just Now News\"},\"image\":{\"@id\":\"https:\/\/now-news.de\/de\/#\/schema\/logo\/image\/\"},\"sameAs\":[\"https:\/\/www.facebook.com\/wirmachenauf\",\"https:\/\/x.com\/WirMachenAuf_de\"]},{\"@type\":\"Person\",\"@id\":\"https:\/\/now-news.de\/de\/#\/schema\/person\/fb534a4e865501d8b3285208df34a9b5\",\"name\":\"rtnews\",\"image\":{\"@type\":\"ImageObject\",\"inLanguage\":\"de\",\"@id\":\"https:\/\/now-news.de\/de\/#\/schema\/person\/image\/\",\"url\":\"https:\/\/secure.gravatar.com\/avatar\/82aafea7d8127119dd649515f56e2117?s=96&d=mm&r=g\",\"contentUrl\":\"https:\/\/secure.gravatar.com\/avatar\/82aafea7d8127119dd649515f56e2117?s=96&d=mm&r=g\",\"caption\":\"rtnews\"},\"url\":\"https:\/\/now-news.de\/de\/author\/rnews\/\"}]}<\/script>\n<!-- \/ Yoast SEO Premium plugin. -->","yoast_head_json":{"title":"Abchasiens Parlament erkennt R\u00fccktritt des Pr\u00e4sidenten an - just-now.NEWS Deutschland","robots":{"index":"index","follow":"follow","max-snippet":"max-snippet:-1","max-image-preview":"max-image-preview:large","max-video-preview":"max-video-preview:-1"},"canonical":"https:\/\/now-news.de\/de\/deutschland\/abchasiens-parlament-erkennt-ruecktritt-des-praesidenten-an\/","og_locale":"de_DE","og_type":"article","og_title":"Abchasiens Parlament erkennt R\u00fccktritt des Pr\u00e4sidenten an","og_description":"Das Parlament Abchasiens hat den R\u00fccktritt des Pr\u00e4sidenten angenommen. Dem Land stehen nun vorgezogene Neuwahlen bevor. Zuvor hatte das abchasische Staatsoberhaupt Aslan Bschania seinen R\u00fccktritt eingereicht, angesichts der Proteste wegen eines Abkommens mit Moskau. Die Volksversammlung (das Parlament) Abchasiens hat den R\u00fccktritt des Pr\u00e4sidenten Aslan Bschania angenommen. Dies berichtet die lokale Zeitung Apsnypress. Vizepr\u00e4sident Badra [&hellip;]","og_url":"https:\/\/now-news.de\/de\/deutschland\/abchasiens-parlament-erkennt-ruecktritt-des-praesidenten-an\/","og_site_name":"just-now.NEWS Deutschland","article_publisher":"https:\/\/www.facebook.com\/wirmachenauf","article_published_time":"2024-11-19T17:02:32+00:00","og_image":[{"url":"https:\/\/now-news.de\/de\/wp-content\/uploads\/sites\/3\/2024\/11\/673ca712b480cc0f4c744431.jpg"}],"author":"rtnews","twitter_card":"summary_large_image","twitter_creator":"@WirMachenAuf_de","twitter_site":"@WirMachenAuf_de","twitter_misc":{"Verfasst von":"rtnews","Gesch\u00e4tzte Lesezeit":"2\u00a0Minuten"},"schema":{"@context":"https:\/\/schema.org","@graph":[{"@type":"Article","@id":"https:\/\/now-news.de\/de\/deutschland\/abchasiens-parlament-erkennt-ruecktritt-des-praesidenten-an\/#article","isPartOf":{"@id":"https:\/\/now-news.de\/de\/deutschland\/abchasiens-parlament-erkennt-ruecktritt-des-praesidenten-an\/"},"author":{"name":"rtnews","@id":"https:\/\/now-news.de\/de\/#\/schema\/person\/fb534a4e865501d8b3285208df34a9b5"},"headline":"Abchasiens Parlament erkennt R\u00fccktritt des Pr\u00e4sidenten an","datePublished":"2024-11-19T17:02:32+00:00","dateModified":"2024-11-19T17:02:32+00:00","mainEntityOfPage":{"@id":"https:\/\/now-news.de\/de\/deutschland\/abchasiens-parlament-erkennt-ruecktritt-des-praesidenten-an\/"},"wordCount":334,"commentCount":0,"publisher":{"@id":"https:\/\/now-news.de\/de\/#organization"},"image":{"@id":"https:\/\/now-news.de\/de\/deutschland\/abchasiens-parlament-erkennt-ruecktritt-des-praesidenten-an\/#primaryimage"},"thumbnailUrl":"https:\/\/now-news.de\/de\/wp-content\/uploads\/sites\/3\/2024\/11\/Abchasiens-Parlament-erkennt-Ruecktritt-des-Praesidenten-an.jpg","keywords":["Abchasiens","des","erkennt","Parlament","Pr\u00e4sidenten","R\u00fccktritt"],"articleSection":["Deutschland","Russland"],"inLanguage":"de","potentialAction":[{"@type":"CommentAction","name":"Comment","target":["https:\/\/now-news.de\/de\/deutschland\/abchasiens-parlament-erkennt-ruecktritt-des-praesidenten-an\/#respond"]}]},{"@type":"WebPage","@id":"https:\/\/now-news.de\/de\/deutschland\/abchasiens-parlament-erkennt-ruecktritt-des-praesidenten-an\/","url":"https:\/\/now-news.de\/de\/deutschland\/abchasiens-parlament-erkennt-ruecktritt-des-praesidenten-an\/","name":"Abchasiens Parlament erkennt R\u00fccktritt des Pr\u00e4sidenten an - just-now.NEWS Deutschland","isPartOf":{"@id":"https:\/\/now-news.de\/de\/#website"},"primaryImageOfPage":{"@id":"https:\/\/now-news.de\/de\/deutschland\/abchasiens-parlament-erkennt-ruecktritt-des-praesidenten-an\/#primaryimage"},"image":{"@id":"https:\/\/now-news.de\/de\/deutschland\/abchasiens-parlament-erkennt-ruecktritt-des-praesidenten-an\/#primaryimage"},"thumbnailUrl":"https:\/\/now-news.de\/de\/wp-content\/uploads\/sites\/3\/2024\/11\/Abchasiens-Parlament-erkennt-Ruecktritt-des-Praesidenten-an.jpg","datePublished":"2024-11-19T17:02:32+00:00","dateModified":"2024-11-19T17:02:32+00:00","breadcrumb":{"@id":"https:\/\/now-news.de\/de\/deutschland\/abchasiens-parlament-erkennt-ruecktritt-des-praesidenten-an\/#breadcrumb"},"inLanguage":"de","potentialAction":[{"@type":"ReadAction","target":["https:\/\/now-news.de\/de\/deutschland\/abchasiens-parlament-erkennt-ruecktritt-des-praesidenten-an\/"]}]},{"@type":"ImageObject","inLanguage":"de","@id":"https:\/\/now-news.de\/de\/deutschland\/abchasiens-parlament-erkennt-ruecktritt-des-praesidenten-an\/#primaryimage","url":"https:\/\/now-news.de\/de\/wp-content\/uploads\/sites\/3\/2024\/11\/Abchasiens-Parlament-erkennt-Ruecktritt-des-Praesidenten-an.jpg","contentUrl":"https:\/\/now-news.de\/de\/wp-content\/uploads\/sites\/3\/2024\/11\/Abchasiens-Parlament-erkennt-Ruecktritt-des-Praesidenten-an.jpg","width":460,"height":259,"caption":"Abchasiens Parlament erkennt R\u00fccktritt des Pr\u00e4sidenten an"},{"@type":"BreadcrumbList","@id":"https:\/\/now-news.de\/de\/deutschland\/abchasiens-parlament-erkennt-ruecktritt-des-praesidenten-an\/#breadcrumb","itemListElement":[{"@type":"ListItem","position":1,"name":"Home","item":"https:\/\/now-news.de\/de\/"},{"@type":"ListItem","position":2,"name":"Abchasiens Parlament erkennt R\u00fccktritt des Pr\u00e4sidenten an"}]},{"@type":"WebSite","@id":"https:\/\/now-news.de\/de\/#website","url":"https:\/\/now-news.de\/de\/","name":"just-now.NEWS Deutschland","description":"Das Portal f\u00fcr unzensierte Nachrichten aus der Welt","publisher":{"@id":"https:\/\/now-news.de\/de\/#organization"},"potentialAction":[{"@type":"SearchAction","target":{"@type":"EntryPoint","urlTemplate":"https:\/\/now-news.de\/de\/?s={search_term_string}"},"query-input":"required name=search_term_string"}],"inLanguage":"de"},{"@type":"Organization","@id":"https:\/\/now-news.de\/de\/#organization","name":"Just Now News","url":"https:\/\/now-news.de\/de\/","logo":{"@type":"ImageObject","inLanguage":"de","@id":"https:\/\/now-news.de\/de\/#\/schema\/logo\/image\/","url":"http:\/\/just-now.news\/de\/wp-content\/uploads\/sites\/3\/2022\/04\/logo500x500.jpg","contentUrl":"http:\/\/just-now.news\/de\/wp-content\/uploads\/sites\/3\/2022\/04\/logo500x500.jpg","width":500,"height":500,"caption":"Just Now News"},"image":{"@id":"https:\/\/now-news.de\/de\/#\/schema\/logo\/image\/"},"sameAs":["https:\/\/www.facebook.com\/wirmachenauf","https:\/\/x.com\/WirMachenAuf_de"]},{"@type":"Person","@id":"https:\/\/now-news.de\/de\/#\/schema\/person\/fb534a4e865501d8b3285208df34a9b5","name":"rtnews","image":{"@type":"ImageObject","inLanguage":"de","@id":"https:\/\/now-news.de\/de\/#\/schema\/person\/image\/","url":"https:\/\/secure.gravatar.com\/avatar\/82aafea7d8127119dd649515f56e2117?s=96&d=mm&r=g","contentUrl":"https:\/\/secure.gravatar.com\/avatar\/82aafea7d8127119dd649515f56e2117?s=96&d=mm&r=g","caption":"rtnews"},"url":"https:\/\/now-news.de\/de\/author\/rnews\/"}]}},"_links":{"self":[{"href":"https:\/\/now-news.de\/de\/wp-json\/wp\/v2\/posts\/72869"}],"collection":[{"href":"https:\/\/now-news.de\/de\/wp-json\/wp\/v2\/posts"}],"about":[{"href":"https:\/\/now-news.de\/de\/wp-json\/wp\/v2\/types\/post"}],"author":[{"embeddable":true,"href":"https:\/\/now-news.de\/de\/wp-json\/wp\/v2\/users\/3"}],"replies":[{"embeddable":true,"href":"https:\/\/now-news.de\/de\/wp-json\/wp\/v2\/comments?post=72869"}],"version-history":[{"count":0,"href":"https:\/\/now-news.de\/de\/wp-json\/wp\/v2\/posts\/72869\/revisions"}],"wp:featuredmedia":[{"embeddable":true,"href":"https:\/\/now-news.de\/de\/wp-json\/wp\/v2\/media\/72870"}],"wp:attachment":[{"href":"https:\/\/now-news.de\/de\/wp-json\/wp\/v2\/media?parent=72869"}],"wp:term":[{"taxonomy":"category","embeddable":true,"href":"https:\/\/now-news.de\/de\/wp-json\/wp\/v2\/categories?post=72869"},{"taxonomy":"post_tag","embeddable":true,"href":"https:\/\/now-news.de\/de\/wp-json\/wp\/v2\/tags?post=72869"}],"curies":[{"name":"wp","href":"https:\/\/api.w.org\/{rel}","templated":true}]}}