{"id":7283,"date":"2022-05-10T14:07:58","date_gmt":"2022-05-10T12:07:58","guid":{"rendered":"http:\/\/just-now.news\/de\/deutschland\/politisch-motivierte-kriminalitaet-in-deutschland-nimmt-zu\/"},"modified":"2022-05-10T14:07:58","modified_gmt":"2022-05-10T12:07:58","slug":"politisch-motivierte-kriminalitaet-in-deutschland-nimmt-zu","status":"publish","type":"post","link":"https:\/\/now-news.de\/de\/deutschland\/politisch-motivierte-kriminalitaet-in-deutschland-nimmt-zu\/","title":{"rendered":"Politisch motivierte Kriminalit\u00e4t in Deutschland nimmt zu"},"content":{"rendered":"<p><\/p>\n<p>Die Zahl der politisch motivierten Straftaten in Deutschland hat im vergangenen Jahr noch deutlicher zugenommen als erwartet. Wie aus der am Dienstag ver\u00f6ffentlichten <a rel=\"nofollow noopener\" target=\"_blank\" href=\"https:\/\/www.bka.de\/SharedDocs\/Kurzmeldungen\/DE\/Kurzmeldungen\/220510_PMK_PK.html\">Statistik des Bundeskriminalamtes<\/a> (BKA) f\u00fcr 2021 hervorgeht, wurden im Jahresverlauf 55 048 Straftaten mit politischem Hintergrund gez\u00e4hlt. Das waren gut 23 Prozent mehr als im Jahr 2020.<\/p>\n<p>Mit einem Plus von mehr als 147 Prozent war der Anstieg bei solchen Straftaten, die von der Polizei keiner speziellen Ideologie zugeordnet wurden, am gr\u00f6\u00dften. Auf Tatverd\u00e4chtige, die weder als Rechte, Linke, Islamisten oder Anh\u00e4nger einer ausl\u00e4ndischen Ideologie verortet wurden, entfielen den Angaben zufolge 21 339 Delikte.<\/p>\n<p>Experten sehen hier unter anderem einen Zusammenhang mit den Protesten gegen die staatlichen &#8220;Ma\u00dfnahmen zur Eind\u00e4mmung der Corona-Pandemie&#8221;. Dazu passt, dass auch die Zahl der Straftaten gegen den Staat und seine Vertreter noch einmal stark zugenommen hat im vergangenen Jahr. Mehr als 14 000 Straftaten hat die Polizei hier registriert &#8211; ein Plus von knapp 51 Prozent. Knapp drei Viertel der Taten, die sich gegen Amts- oder Mandatstr\u00e4ger richteten, betrafen Tatverd\u00e4chtige, die von der Polizei ideologisch keiner bestimmten Ideologie zugeordnet werden konnten.<\/p>\n<p>Insgesamt wurden laut BKA die meisten Straftaten von rechts motivierten T\u00e4tern ver\u00fcbt. Die Polizei z\u00e4hlte hier knapp 22 000 Straftaten &#8211; ein R\u00fcckgang um knapp sieben Prozent. Rund 10 000 Straftaten wurden Linken zugeordnet &#8211; auch hier waren es rund 7,8 Prozent weniger als im Vorjahr.<\/p>\n<p>Dass im vergangenen Jahr so viele Straftaten mit politischem Hintergrund ver\u00fcbt wurden wie in den vergangenen 20 Jahren nicht, war schon im Januar durch eine parlamentarische Anfrage bekanntgeworden, die exakten Zahlen waren damals aber noch unklar.<\/p>\n<p>Bei einer gemeinsamen Pressekonferenz am Dienstag, in der die Statistik vorgestellt wurde, betonte Bundesinnenministerin Nancy Faeser (SPD), dass\u00a0Rechtsextremismus die gr\u00f6\u00dfte Bedrohung f\u00fcr die Demokratie und gr\u00f6\u00dfte Gefahr f\u00fcr die Menschen im Land sei. 40 Prozent aller Opfer politisch motivierter Gewalttaten seien 2021 auf Rechtsextremisten zur\u00fcckzuf\u00fchren, sagte sie.\u00a0<\/p>\n<p><strong>Mehr zum Thema<\/strong> &#8211; <a rel=\"nofollow noopener\" target=\"_blank\" href=\"https:\/\/de.rt.com\/inland\/114184-kriminalitatsstatistik-in-bayern-zeigt-237\/\">Kriminalit\u00e4tsstatistik in Bayern zeigt: 23,7 Prozent mehr Sexualdelikte zu Corona-Zeit<\/a><\/p>\n<p><em>rt de \/ dpa<\/em>\u00a0<\/p>\n<p><br \/>\n<br \/><a href=\"https:\/\/de.rt.com\/inland\/138101-politisch-motivierte-kriminalitat-in-deutschland-gestiegen\/\">Source link <\/a><\/p>\n","protected":false},"excerpt":{"rendered":"<p>Die Zahl der politisch motivierten Straftaten in Deutschland hat im vergangenen Jahr noch deutlicher zugenommen als erwartet. Wie aus der am Dienstag ver\u00f6ffentlichten Statistik des Bundeskriminalamtes (BKA) f\u00fcr 2021 hervorgeht, wurden im Jahresverlauf 55 048 Straftaten mit politischem Hintergrund gez\u00e4hlt. Das waren gut 23 Prozent mehr als im Jahr 2020. Mit einem Plus von mehr [&hellip;]<\/p>\n","protected":false},"author":3,"featured_media":7284,"comment_status":"open","ping_status":"open","sticky":false,"template":"","format":"standard","meta":{"wp_automatic_camp":["217"],"e31f80c0e79d75afac98c680af810903":["Politisch motivierte Kriminalit\u00e4t in Deutschland nimmt zu"],"original_link":["https:\/\/de.rt.com\/inland\/138101-politisch-motivierte-kriminalitat-in-deutschland-gestiegen\/"],"_thumbnail_id":["7284"],"wp_automatic_remove_first_image":["yes"],"_wptg_p2tg_sent2tg":["2022-05-10 14:17:31"],"jnews_social_counter_last_update":["1777628968"]},"categories":[19,23],"tags":[179,19480,19479,5233,10036],"yoast_head":"<!-- This site is optimized with the Yoast SEO Premium plugin v22.7 (Yoast SEO v22.7) - https:\/\/yoast.com\/wordpress\/plugins\/seo\/ -->\n<title>Politisch motivierte Kriminalit\u00e4t in Deutschland nimmt zu - just-now.NEWS Deutschland<\/title>\n<meta name=\"robots\" content=\"index, follow, max-snippet:-1, max-image-preview:large, max-video-preview:-1\" \/>\n<link rel=\"canonical\" href=\"https:\/\/now-news.de\/de\/deutschland\/politisch-motivierte-kriminalitaet-in-deutschland-nimmt-zu\/\" \/>\n<meta property=\"og:locale\" content=\"de_DE\" \/>\n<meta property=\"og:type\" content=\"article\" \/>\n<meta property=\"og:title\" content=\"Politisch motivierte Kriminalit\u00e4t in Deutschland nimmt zu\" \/>\n<meta property=\"og:description\" content=\"Die Zahl der politisch motivierten Straftaten in Deutschland hat im vergangenen Jahr noch deutlicher zugenommen als erwartet. Wie aus der am Dienstag ver\u00f6ffentlichten Statistik des Bundeskriminalamtes (BKA) f\u00fcr 2021 hervorgeht, wurden im Jahresverlauf 55 048 Straftaten mit politischem Hintergrund gez\u00e4hlt. Das waren gut 23 Prozent mehr als im Jahr 2020. Mit einem Plus von mehr [&hellip;]\" \/>\n<meta property=\"og:url\" content=\"https:\/\/now-news.de\/de\/deutschland\/politisch-motivierte-kriminalitaet-in-deutschland-nimmt-zu\/\" \/>\n<meta property=\"og:site_name\" content=\"just-now.NEWS Deutschland\" \/>\n<meta property=\"article:publisher\" content=\"https:\/\/www.facebook.com\/wirmachenauf\" \/>\n<meta property=\"article:published_time\" content=\"2022-05-10T12:07:58+00:00\" \/>\n<meta property=\"og:image\" content=\"https:\/\/now-news.de\/de\/wp-content\/uploads\/sites\/3\/2022\/05\/Politisch-motivierte-Kriminalitaet-in-Deutschland-nimmt-zu.jpg\" \/>\n\t<meta property=\"og:image:width\" content=\"460\" \/>\n\t<meta property=\"og:image:height\" content=\"259\" \/>\n\t<meta property=\"og:image:type\" content=\"image\/jpeg\" \/>\n<meta name=\"author\" content=\"rtnews\" \/>\n<meta name=\"twitter:card\" content=\"summary_large_image\" \/>\n<meta name=\"twitter:creator\" content=\"@WirMachenAuf_de\" \/>\n<meta name=\"twitter:site\" content=\"@WirMachenAuf_de\" \/>\n<meta name=\"twitter:label1\" content=\"Verfasst von\" \/>\n\t<meta name=\"twitter:data1\" content=\"rtnews\" \/>\n\t<meta name=\"twitter:label2\" content=\"Gesch\u00e4tzte Lesezeit\" \/>\n\t<meta name=\"twitter:data2\" content=\"2\u00a0Minuten\" \/>\n<script type=\"application\/ld+json\" class=\"yoast-schema-graph\">{\"@context\":\"https:\/\/schema.org\",\"@graph\":[{\"@type\":\"Article\",\"@id\":\"https:\/\/now-news.de\/de\/deutschland\/politisch-motivierte-kriminalitaet-in-deutschland-nimmt-zu\/#article\",\"isPartOf\":{\"@id\":\"https:\/\/now-news.de\/de\/deutschland\/politisch-motivierte-kriminalitaet-in-deutschland-nimmt-zu\/\"},\"author\":{\"name\":\"rtnews\",\"@id\":\"https:\/\/now-news.de\/de\/#\/schema\/person\/fb534a4e865501d8b3285208df34a9b5\"},\"headline\":\"Politisch motivierte Kriminalit\u00e4t in Deutschland nimmt zu\",\"datePublished\":\"2022-05-10T12:07:58+00:00\",\"dateModified\":\"2022-05-10T12:07:58+00:00\",\"mainEntityOfPage\":{\"@id\":\"https:\/\/now-news.de\/de\/deutschland\/politisch-motivierte-kriminalitaet-in-deutschland-nimmt-zu\/\"},\"wordCount\":340,\"commentCount\":0,\"publisher\":{\"@id\":\"https:\/\/now-news.de\/de\/#organization\"},\"image\":{\"@id\":\"https:\/\/now-news.de\/de\/deutschland\/politisch-motivierte-kriminalitaet-in-deutschland-nimmt-zu\/#primaryimage\"},\"thumbnailUrl\":\"https:\/\/now-news.de\/de\/wp-content\/uploads\/sites\/3\/2022\/05\/Politisch-motivierte-Kriminalitaet-in-Deutschland-nimmt-zu.jpg\",\"keywords\":[\"Deutschland\",\"Kriminalit\u00e4t\",\"motivierte\",\"nimmt\",\"politisch\"],\"articleSection\":[\"Deutschland\",\"Russland\"],\"inLanguage\":\"de\",\"potentialAction\":[{\"@type\":\"CommentAction\",\"name\":\"Comment\",\"target\":[\"https:\/\/now-news.de\/de\/deutschland\/politisch-motivierte-kriminalitaet-in-deutschland-nimmt-zu\/#respond\"]}]},{\"@type\":\"WebPage\",\"@id\":\"https:\/\/now-news.de\/de\/deutschland\/politisch-motivierte-kriminalitaet-in-deutschland-nimmt-zu\/\",\"url\":\"https:\/\/now-news.de\/de\/deutschland\/politisch-motivierte-kriminalitaet-in-deutschland-nimmt-zu\/\",\"name\":\"Politisch motivierte Kriminalit\u00e4t in Deutschland nimmt zu - just-now.NEWS Deutschland\",\"isPartOf\":{\"@id\":\"https:\/\/now-news.de\/de\/#website\"},\"primaryImageOfPage\":{\"@id\":\"https:\/\/now-news.de\/de\/deutschland\/politisch-motivierte-kriminalitaet-in-deutschland-nimmt-zu\/#primaryimage\"},\"image\":{\"@id\":\"https:\/\/now-news.de\/de\/deutschland\/politisch-motivierte-kriminalitaet-in-deutschland-nimmt-zu\/#primaryimage\"},\"thumbnailUrl\":\"https:\/\/now-news.de\/de\/wp-content\/uploads\/sites\/3\/2022\/05\/Politisch-motivierte-Kriminalitaet-in-Deutschland-nimmt-zu.jpg\",\"datePublished\":\"2022-05-10T12:07:58+00:00\",\"dateModified\":\"2022-05-10T12:07:58+00:00\",\"breadcrumb\":{\"@id\":\"https:\/\/now-news.de\/de\/deutschland\/politisch-motivierte-kriminalitaet-in-deutschland-nimmt-zu\/#breadcrumb\"},\"inLanguage\":\"de\",\"potentialAction\":[{\"@type\":\"ReadAction\",\"target\":[\"https:\/\/now-news.de\/de\/deutschland\/politisch-motivierte-kriminalitaet-in-deutschland-nimmt-zu\/\"]}]},{\"@type\":\"ImageObject\",\"inLanguage\":\"de\",\"@id\":\"https:\/\/now-news.de\/de\/deutschland\/politisch-motivierte-kriminalitaet-in-deutschland-nimmt-zu\/#primaryimage\",\"url\":\"https:\/\/now-news.de\/de\/wp-content\/uploads\/sites\/3\/2022\/05\/Politisch-motivierte-Kriminalitaet-in-Deutschland-nimmt-zu.jpg\",\"contentUrl\":\"https:\/\/now-news.de\/de\/wp-content\/uploads\/sites\/3\/2022\/05\/Politisch-motivierte-Kriminalitaet-in-Deutschland-nimmt-zu.jpg\",\"width\":460,\"height\":259},{\"@type\":\"BreadcrumbList\",\"@id\":\"https:\/\/now-news.de\/de\/deutschland\/politisch-motivierte-kriminalitaet-in-deutschland-nimmt-zu\/#breadcrumb\",\"itemListElement\":[{\"@type\":\"ListItem\",\"position\":1,\"name\":\"Home\",\"item\":\"https:\/\/now-news.de\/de\/\"},{\"@type\":\"ListItem\",\"position\":2,\"name\":\"Politisch motivierte Kriminalit\u00e4t in Deutschland nimmt zu\"}]},{\"@type\":\"WebSite\",\"@id\":\"https:\/\/now-news.de\/de\/#website\",\"url\":\"https:\/\/now-news.de\/de\/\",\"name\":\"just-now.NEWS Deutschland\",\"description\":\"Das Portal f\u00fcr unzensierte Nachrichten aus der Welt\",\"publisher\":{\"@id\":\"https:\/\/now-news.de\/de\/#organization\"},\"potentialAction\":[{\"@type\":\"SearchAction\",\"target\":{\"@type\":\"EntryPoint\",\"urlTemplate\":\"https:\/\/now-news.de\/de\/?s={search_term_string}\"},\"query-input\":\"required name=search_term_string\"}],\"inLanguage\":\"de\"},{\"@type\":\"Organization\",\"@id\":\"https:\/\/now-news.de\/de\/#organization\",\"name\":\"Just Now News\",\"url\":\"https:\/\/now-news.de\/de\/\",\"logo\":{\"@type\":\"ImageObject\",\"inLanguage\":\"de\",\"@id\":\"https:\/\/now-news.de\/de\/#\/schema\/logo\/image\/\",\"url\":\"http:\/\/just-now.news\/de\/wp-content\/uploads\/sites\/3\/2022\/04\/logo500x500.jpg\",\"contentUrl\":\"http:\/\/just-now.news\/de\/wp-content\/uploads\/sites\/3\/2022\/04\/logo500x500.jpg\",\"width\":500,\"height\":500,\"caption\":\"Just Now News\"},\"image\":{\"@id\":\"https:\/\/now-news.de\/de\/#\/schema\/logo\/image\/\"},\"sameAs\":[\"https:\/\/www.facebook.com\/wirmachenauf\",\"https:\/\/x.com\/WirMachenAuf_de\"]},{\"@type\":\"Person\",\"@id\":\"https:\/\/now-news.de\/de\/#\/schema\/person\/fb534a4e865501d8b3285208df34a9b5\",\"name\":\"rtnews\",\"image\":{\"@type\":\"ImageObject\",\"inLanguage\":\"de\",\"@id\":\"https:\/\/now-news.de\/de\/#\/schema\/person\/image\/\",\"url\":\"https:\/\/secure.gravatar.com\/avatar\/82aafea7d8127119dd649515f56e2117?s=96&d=mm&r=g\",\"contentUrl\":\"https:\/\/secure.gravatar.com\/avatar\/82aafea7d8127119dd649515f56e2117?s=96&d=mm&r=g\",\"caption\":\"rtnews\"},\"url\":\"https:\/\/now-news.de\/de\/author\/rnews\/\"}]}<\/script>\n<!-- \/ Yoast SEO Premium plugin. -->","yoast_head_json":{"title":"Politisch motivierte Kriminalit\u00e4t in Deutschland nimmt zu - just-now.NEWS Deutschland","robots":{"index":"index","follow":"follow","max-snippet":"max-snippet:-1","max-image-preview":"max-image-preview:large","max-video-preview":"max-video-preview:-1"},"canonical":"https:\/\/now-news.de\/de\/deutschland\/politisch-motivierte-kriminalitaet-in-deutschland-nimmt-zu\/","og_locale":"de_DE","og_type":"article","og_title":"Politisch motivierte Kriminalit\u00e4t in Deutschland nimmt zu","og_description":"Die Zahl der politisch motivierten Straftaten in Deutschland hat im vergangenen Jahr noch deutlicher zugenommen als erwartet. Wie aus der am Dienstag ver\u00f6ffentlichten Statistik des Bundeskriminalamtes (BKA) f\u00fcr 2021 hervorgeht, wurden im Jahresverlauf 55 048 Straftaten mit politischem Hintergrund gez\u00e4hlt. Das waren gut 23 Prozent mehr als im Jahr 2020. Mit einem Plus von mehr [&hellip;]","og_url":"https:\/\/now-news.de\/de\/deutschland\/politisch-motivierte-kriminalitaet-in-deutschland-nimmt-zu\/","og_site_name":"just-now.NEWS Deutschland","article_publisher":"https:\/\/www.facebook.com\/wirmachenauf","article_published_time":"2022-05-10T12:07:58+00:00","og_image":[{"width":460,"height":259,"url":"https:\/\/now-news.de\/de\/wp-content\/uploads\/sites\/3\/2022\/05\/Politisch-motivierte-Kriminalitaet-in-Deutschland-nimmt-zu.jpg","type":"image\/jpeg"}],"author":"rtnews","twitter_card":"summary_large_image","twitter_creator":"@WirMachenAuf_de","twitter_site":"@WirMachenAuf_de","twitter_misc":{"Verfasst von":"rtnews","Gesch\u00e4tzte Lesezeit":"2\u00a0Minuten"},"schema":{"@context":"https:\/\/schema.org","@graph":[{"@type":"Article","@id":"https:\/\/now-news.de\/de\/deutschland\/politisch-motivierte-kriminalitaet-in-deutschland-nimmt-zu\/#article","isPartOf":{"@id":"https:\/\/now-news.de\/de\/deutschland\/politisch-motivierte-kriminalitaet-in-deutschland-nimmt-zu\/"},"author":{"name":"rtnews","@id":"https:\/\/now-news.de\/de\/#\/schema\/person\/fb534a4e865501d8b3285208df34a9b5"},"headline":"Politisch motivierte Kriminalit\u00e4t in Deutschland nimmt zu","datePublished":"2022-05-10T12:07:58+00:00","dateModified":"2022-05-10T12:07:58+00:00","mainEntityOfPage":{"@id":"https:\/\/now-news.de\/de\/deutschland\/politisch-motivierte-kriminalitaet-in-deutschland-nimmt-zu\/"},"wordCount":340,"commentCount":0,"publisher":{"@id":"https:\/\/now-news.de\/de\/#organization"},"image":{"@id":"https:\/\/now-news.de\/de\/deutschland\/politisch-motivierte-kriminalitaet-in-deutschland-nimmt-zu\/#primaryimage"},"thumbnailUrl":"https:\/\/now-news.de\/de\/wp-content\/uploads\/sites\/3\/2022\/05\/Politisch-motivierte-Kriminalitaet-in-Deutschland-nimmt-zu.jpg","keywords":["Deutschland","Kriminalit\u00e4t","motivierte","nimmt","politisch"],"articleSection":["Deutschland","Russland"],"inLanguage":"de","potentialAction":[{"@type":"CommentAction","name":"Comment","target":["https:\/\/now-news.de\/de\/deutschland\/politisch-motivierte-kriminalitaet-in-deutschland-nimmt-zu\/#respond"]}]},{"@type":"WebPage","@id":"https:\/\/now-news.de\/de\/deutschland\/politisch-motivierte-kriminalitaet-in-deutschland-nimmt-zu\/","url":"https:\/\/now-news.de\/de\/deutschland\/politisch-motivierte-kriminalitaet-in-deutschland-nimmt-zu\/","name":"Politisch motivierte Kriminalit\u00e4t in Deutschland nimmt zu - just-now.NEWS Deutschland","isPartOf":{"@id":"https:\/\/now-news.de\/de\/#website"},"primaryImageOfPage":{"@id":"https:\/\/now-news.de\/de\/deutschland\/politisch-motivierte-kriminalitaet-in-deutschland-nimmt-zu\/#primaryimage"},"image":{"@id":"https:\/\/now-news.de\/de\/deutschland\/politisch-motivierte-kriminalitaet-in-deutschland-nimmt-zu\/#primaryimage"},"thumbnailUrl":"https:\/\/now-news.de\/de\/wp-content\/uploads\/sites\/3\/2022\/05\/Politisch-motivierte-Kriminalitaet-in-Deutschland-nimmt-zu.jpg","datePublished":"2022-05-10T12:07:58+00:00","dateModified":"2022-05-10T12:07:58+00:00","breadcrumb":{"@id":"https:\/\/now-news.de\/de\/deutschland\/politisch-motivierte-kriminalitaet-in-deutschland-nimmt-zu\/#breadcrumb"},"inLanguage":"de","potentialAction":[{"@type":"ReadAction","target":["https:\/\/now-news.de\/de\/deutschland\/politisch-motivierte-kriminalitaet-in-deutschland-nimmt-zu\/"]}]},{"@type":"ImageObject","inLanguage":"de","@id":"https:\/\/now-news.de\/de\/deutschland\/politisch-motivierte-kriminalitaet-in-deutschland-nimmt-zu\/#primaryimage","url":"https:\/\/now-news.de\/de\/wp-content\/uploads\/sites\/3\/2022\/05\/Politisch-motivierte-Kriminalitaet-in-Deutschland-nimmt-zu.jpg","contentUrl":"https:\/\/now-news.de\/de\/wp-content\/uploads\/sites\/3\/2022\/05\/Politisch-motivierte-Kriminalitaet-in-Deutschland-nimmt-zu.jpg","width":460,"height":259},{"@type":"BreadcrumbList","@id":"https:\/\/now-news.de\/de\/deutschland\/politisch-motivierte-kriminalitaet-in-deutschland-nimmt-zu\/#breadcrumb","itemListElement":[{"@type":"ListItem","position":1,"name":"Home","item":"https:\/\/now-news.de\/de\/"},{"@type":"ListItem","position":2,"name":"Politisch motivierte Kriminalit\u00e4t in Deutschland nimmt zu"}]},{"@type":"WebSite","@id":"https:\/\/now-news.de\/de\/#website","url":"https:\/\/now-news.de\/de\/","name":"just-now.NEWS Deutschland","description":"Das Portal f\u00fcr unzensierte Nachrichten aus der Welt","publisher":{"@id":"https:\/\/now-news.de\/de\/#organization"},"potentialAction":[{"@type":"SearchAction","target":{"@type":"EntryPoint","urlTemplate":"https:\/\/now-news.de\/de\/?s={search_term_string}"},"query-input":"required name=search_term_string"}],"inLanguage":"de"},{"@type":"Organization","@id":"https:\/\/now-news.de\/de\/#organization","name":"Just Now News","url":"https:\/\/now-news.de\/de\/","logo":{"@type":"ImageObject","inLanguage":"de","@id":"https:\/\/now-news.de\/de\/#\/schema\/logo\/image\/","url":"http:\/\/just-now.news\/de\/wp-content\/uploads\/sites\/3\/2022\/04\/logo500x500.jpg","contentUrl":"http:\/\/just-now.news\/de\/wp-content\/uploads\/sites\/3\/2022\/04\/logo500x500.jpg","width":500,"height":500,"caption":"Just Now News"},"image":{"@id":"https:\/\/now-news.de\/de\/#\/schema\/logo\/image\/"},"sameAs":["https:\/\/www.facebook.com\/wirmachenauf","https:\/\/x.com\/WirMachenAuf_de"]},{"@type":"Person","@id":"https:\/\/now-news.de\/de\/#\/schema\/person\/fb534a4e865501d8b3285208df34a9b5","name":"rtnews","image":{"@type":"ImageObject","inLanguage":"de","@id":"https:\/\/now-news.de\/de\/#\/schema\/person\/image\/","url":"https:\/\/secure.gravatar.com\/avatar\/82aafea7d8127119dd649515f56e2117?s=96&d=mm&r=g","contentUrl":"https:\/\/secure.gravatar.com\/avatar\/82aafea7d8127119dd649515f56e2117?s=96&d=mm&r=g","caption":"rtnews"},"url":"https:\/\/now-news.de\/de\/author\/rnews\/"}]}},"_links":{"self":[{"href":"https:\/\/now-news.de\/de\/wp-json\/wp\/v2\/posts\/7283"}],"collection":[{"href":"https:\/\/now-news.de\/de\/wp-json\/wp\/v2\/posts"}],"about":[{"href":"https:\/\/now-news.de\/de\/wp-json\/wp\/v2\/types\/post"}],"author":[{"embeddable":true,"href":"https:\/\/now-news.de\/de\/wp-json\/wp\/v2\/users\/3"}],"replies":[{"embeddable":true,"href":"https:\/\/now-news.de\/de\/wp-json\/wp\/v2\/comments?post=7283"}],"version-history":[{"count":0,"href":"https:\/\/now-news.de\/de\/wp-json\/wp\/v2\/posts\/7283\/revisions"}],"wp:featuredmedia":[{"embeddable":true,"href":"https:\/\/now-news.de\/de\/wp-json\/wp\/v2\/media\/7284"}],"wp:attachment":[{"href":"https:\/\/now-news.de\/de\/wp-json\/wp\/v2\/media?parent=7283"}],"wp:term":[{"taxonomy":"category","embeddable":true,"href":"https:\/\/now-news.de\/de\/wp-json\/wp\/v2\/categories?post=7283"},{"taxonomy":"post_tag","embeddable":true,"href":"https:\/\/now-news.de\/de\/wp-json\/wp\/v2\/tags?post=7283"}],"curies":[{"name":"wp","href":"https:\/\/api.w.org\/{rel}","templated":true}]}}