{"id":72813,"date":"2024-11-18T21:40:09","date_gmt":"2024-11-18T19:40:09","guid":{"rendered":"https:\/\/now-news.de\/de\/deutschland\/lawrow-beim-g20-gipfel-in-rio-empfangen\/"},"modified":"2024-11-18T21:40:09","modified_gmt":"2024-11-18T19:40:09","slug":"lawrow-beim-g20-gipfel-in-rio-empfangen","status":"publish","type":"post","link":"https:\/\/now-news.de\/de\/deutschland\/lawrow-beim-g20-gipfel-in-rio-empfangen\/","title":{"rendered":"Lawrow beim G20-Gipfel in Rio empfangen"},"content":{"rendered":"<p><img decoding=\"async\" src=\"https:\/\/now-news.de\/de\/wp-content\/uploads\/sites\/3\/2024\/11\/673b50bf48fbef51a571fd0a.jpg\" \/><\/p>\n<div class=\"Text-root Text-type_1 \">\n                Russlands Au\u00dfenminister Sergei Lawrow nimmt am G20-Gipfel in Rio de Janeiro teil. Pr\u00e4sident Lula begr\u00fc\u00dfte ihn pers\u00f6nlich. Themen wie globale Ungleichheit und Reformen stehen im Fokus. Zudem sind bilaterale Gespr\u00e4che und Verhandlungen geplant.\n            <\/div>\n<p><\/p>\n<div class=\"Text-root Text-type_5 ArticleView-text ViewText-root \">\n<p>Sergei Lawrow,\u00a0der russische Au\u00dfenminister, ist zum G20-Gipfel in Rio de Janeiro eingetroffen. Der Minister schritt \u00fcber den roten Teppich zum Museum f\u00fcr Moderne Kunst, wo die zentralen Veranstaltungen des Gipfels stattfinden. Dort wurde er vom brasilianischen Pr\u00e4sidenten Luiz In\u00e1cio Lula da Silva pers\u00f6nlich empfangen, berichtete die Nachrichtenagentur <em>TASS<\/em> und ver\u00f6ffentlichte dazu ein <a rel=\"nofollow noopener\" target=\"_blank\" href=\"https:\/\/tass.ru\/politika\/22433269\">Video<\/a>.<\/p>\n<p>Vor Beginn des Gipfels tauschten sich Sergei\u00a0Lawrow und der t\u00fcrkische Pr\u00e4sident Recep Tayyip Erdo\u011fan kurz aus. Die beiden f\u00fchrten einen pr\u00e4gnanten Dialog, bevor die erste Sitzung des Gipfels begann, die dem Globalen B\u00fcndnis zur Bek\u00e4mpfung von Hunger und Armut gewidmet war.<\/p>\n<p>Wie die Sprecherin des russischen Au\u00dfenministeriums, Maria Sacharowa, mitteilte, wird Lawrow an Sitzungen zum Kampf gegen Ungleichheit, Hunger und Armut sowie zur Reform globaler Institutionen teilnehmen. Am Rande des Gipfels seien zudem mehrere bilaterale Gespr\u00e4che und Kontakte geplant.\u00a0<\/p>\n<p>Zuvor hatte der Sprecher der Bundesregierung, Wolfgang B\u00fcchner, mitgeteilt, dass er nach eigenen Angaben keine Informationen \u00fcber m\u00f6gliche Kontakte zwischen Vertretern Russlands und Deutschlands beim G20-Gipfel in Brasilien habe: &#8220;Mir sind jedenfalls keine bilateralen Treffen oder deren Planung bekannt&#8221;, sagte er vor Journalisten bei einer Pressekonferenz in Berlin.<\/p>\n<p>Am Gipfel nehmen unter anderem US-Pr\u00e4sident Joe Biden, der t\u00fcrkische Pr\u00e4sident Recep Tayyip Erdo\u011fan, Frankreichs Pr\u00e4sident Emmanuel Macron, S\u00fcdafrikas Pr\u00e4sident Cyril Ramaphosa, EU-Kommissionspr\u00e4sidentin Ursula von der Leyen, Chinas Staatschef Xi Jinping, Deutschlands Bundeskanzler Olaf Scholz und weitere Spitzenpolitiker teil.\u00a0Insgesamt beteiligen sich 42 L\u00e4nder an der Veranstaltung.<\/p>\n<p>Wie es hei\u00dft, soll die Abschlusserkl\u00e4rung des aktuellen Gipfels nach brasilianischen Angaben eine Botschaft f\u00fcr die friedliche L\u00f6sung globaler Konflikte enthalten, insbesondere in Bezug auf die Krisen in der Ukraine und im Nahen Osten. Die brasilianische Zeitung <em>Folha de S.Paulo<\/em> berichtete jedoch, dass die Verhandlungen \u00fcber die Erkl\u00e4rung aufgrund von Differenzen zwischen den westlichen Staaten und dem Globalen S\u00fcden ins Stocken geraten seien.<\/p>\n<p>W\u00e4hrend die USA und ihre Verb\u00fcndeten auf eine Verurteilung Russlands wegen der Ukraine-Krise dr\u00e4ngen, fordern einige Vertreter des Globalen S\u00fcdens die Aufnahme von Passagen, die das Vorgehen Israels im Gazastreifen kritisieren.<\/p>\n<p>G20 (The Group of Twenty) ist ein 1999 gegr\u00fcndetes informelles Forum der wichtigsten Industrie- und Schwellenl\u00e4nder. Sie dient als zentrale Diskussionsplattform f\u00fcr makro\u00f6konomische Strategien, Finanzregulierung und andere weltwirtschaftliche Themen. Die G20 arbeitet eng mit den Institutionen des Bretton-Woods-Systems wie dem Internationalen W\u00e4hrungsfonds (IWF) und der Weltbank zusammen.\u00a0Zu den Mitgliedern z\u00e4hlen\u00a019 Staaten \u2012 darunter Russland, China, die USA und Deutschland \u2012 sowie zwei regionale Organisationen: die Europ\u00e4ische Union und seit 2023 die Afrikanische Union.<\/p>\n<p>Der G20-Gipfel findet am 18. und 19. November in Rio de Janeiro statt. Lawrow leitet die russische Delegation im Auftrag von Pr\u00e4sident Wladimir Putin.<\/p>\n<p><strong>Mehr zum Thema <\/strong>\u2013 <a rel=\"nofollow noopener\" target=\"_blank\" href=\"https:\/\/freedert.online\/international\/213768-medienbericht-g20-scheitert-an-einigung\/\">Medienbericht: G20 scheitert an gemeinsamer Einigung \u00fcber globale Milliard\u00e4rssteuer<\/a><\/p>\n<\/div>\n<p><br \/>\n<br \/><a href=\"https:\/\/de.rt.com\/russland\/226420-lawrow-beim-g20-gipfel-in-rio-empfangen\/\">Source link <\/a><\/p>\n","protected":false},"excerpt":{"rendered":"<p>Russlands Au\u00dfenminister Sergei Lawrow nimmt am G20-Gipfel in Rio de Janeiro teil. Pr\u00e4sident Lula begr\u00fc\u00dfte ihn pers\u00f6nlich. Themen wie globale Ungleichheit und Reformen stehen im Fokus. Zudem sind bilaterale Gespr\u00e4che und Verhandlungen geplant. Sergei Lawrow,\u00a0der russische Au\u00dfenminister, ist zum G20-Gipfel in Rio de Janeiro eingetroffen. Der Minister schritt \u00fcber den roten Teppich zum Museum f\u00fcr [&hellip;]<\/p>\n","protected":false},"author":3,"featured_media":72814,"comment_status":"open","ping_status":"open","sticky":false,"template":"","format":"standard","meta":{"_yoast_indexnow_last_ping":["1731959089"],"wp_automatic_camp":["217"],"c08dcfb85212539c7a6a8660a55ff186":["Lawrow beim G20-Gipfel in Rio empfangen"],"original_link":["https:\/\/de.rt.com\/russland\/226420-lawrow-beim-g20-gipfel-in-rio-empfangen\/"],"_thumbnail_id":["72814"],"_wptgpro_p2tg_sent2tg":["a:1:{i:23737;s:19:\"2024-11-18 21:45:58\";}"],"jnews_social_counter_last_update":["1777268290"]},"categories":[19,23],"tags":[1814,37224,4838,1018,7461],"yoast_head":"<!-- This site is optimized with the Yoast SEO Premium plugin v22.7 (Yoast SEO v22.7) - https:\/\/yoast.com\/wordpress\/plugins\/seo\/ -->\n<title>Lawrow beim G20-Gipfel in Rio empfangen - just-now.NEWS Deutschland<\/title>\n<meta name=\"robots\" content=\"index, follow, max-snippet:-1, max-image-preview:large, max-video-preview:-1\" \/>\n<link rel=\"canonical\" href=\"https:\/\/now-news.de\/de\/deutschland\/lawrow-beim-g20-gipfel-in-rio-empfangen\/\" \/>\n<meta property=\"og:locale\" content=\"de_DE\" \/>\n<meta property=\"og:type\" content=\"article\" \/>\n<meta property=\"og:title\" content=\"Lawrow beim G20-Gipfel in Rio empfangen\" \/>\n<meta property=\"og:description\" content=\"Russlands Au\u00dfenminister Sergei Lawrow nimmt am G20-Gipfel in Rio de Janeiro teil. Pr\u00e4sident Lula begr\u00fc\u00dfte ihn pers\u00f6nlich. Themen wie globale Ungleichheit und Reformen stehen im Fokus. Zudem sind bilaterale Gespr\u00e4che und Verhandlungen geplant. Sergei Lawrow,\u00a0der russische Au\u00dfenminister, ist zum G20-Gipfel in Rio de Janeiro eingetroffen. Der Minister schritt \u00fcber den roten Teppich zum Museum f\u00fcr [&hellip;]\" \/>\n<meta property=\"og:url\" content=\"https:\/\/now-news.de\/de\/deutschland\/lawrow-beim-g20-gipfel-in-rio-empfangen\/\" \/>\n<meta property=\"og:site_name\" content=\"just-now.NEWS Deutschland\" \/>\n<meta property=\"article:publisher\" content=\"https:\/\/www.facebook.com\/wirmachenauf\" \/>\n<meta property=\"article:published_time\" content=\"2024-11-18T19:40:09+00:00\" \/>\n<meta property=\"og:image\" content=\"https:\/\/now-news.de\/de\/wp-content\/uploads\/sites\/3\/2024\/11\/673b50bf48fbef51a571fd0a.jpg\" \/>\n<meta name=\"author\" content=\"rtnews\" \/>\n<meta name=\"twitter:card\" content=\"summary_large_image\" \/>\n<meta name=\"twitter:creator\" content=\"@WirMachenAuf_de\" \/>\n<meta name=\"twitter:site\" content=\"@WirMachenAuf_de\" \/>\n<meta name=\"twitter:label1\" content=\"Verfasst von\" \/>\n\t<meta name=\"twitter:data1\" content=\"rtnews\" \/>\n\t<meta name=\"twitter:label2\" content=\"Gesch\u00e4tzte Lesezeit\" \/>\n\t<meta name=\"twitter:data2\" content=\"3\u00a0Minuten\" \/>\n<script type=\"application\/ld+json\" class=\"yoast-schema-graph\">{\"@context\":\"https:\/\/schema.org\",\"@graph\":[{\"@type\":\"Article\",\"@id\":\"https:\/\/now-news.de\/de\/deutschland\/lawrow-beim-g20-gipfel-in-rio-empfangen\/#article\",\"isPartOf\":{\"@id\":\"https:\/\/now-news.de\/de\/deutschland\/lawrow-beim-g20-gipfel-in-rio-empfangen\/\"},\"author\":{\"name\":\"rtnews\",\"@id\":\"https:\/\/now-news.de\/de\/#\/schema\/person\/fb534a4e865501d8b3285208df34a9b5\"},\"headline\":\"Lawrow beim G20-Gipfel in Rio empfangen\",\"datePublished\":\"2024-11-18T19:40:09+00:00\",\"dateModified\":\"2024-11-18T19:40:09+00:00\",\"mainEntityOfPage\":{\"@id\":\"https:\/\/now-news.de\/de\/deutschland\/lawrow-beim-g20-gipfel-in-rio-empfangen\/\"},\"wordCount\":524,\"commentCount\":0,\"publisher\":{\"@id\":\"https:\/\/now-news.de\/de\/#organization\"},\"image\":{\"@id\":\"https:\/\/now-news.de\/de\/deutschland\/lawrow-beim-g20-gipfel-in-rio-empfangen\/#primaryimage\"},\"thumbnailUrl\":\"https:\/\/now-news.de\/de\/wp-content\/uploads\/sites\/3\/2024\/11\/Lawrow-beim-G20-Gipfel-in-Rio-empfangen.jpg\",\"keywords\":[\"beim\",\"empfangen\",\"G20Gipfel\",\"Lawrow\",\"Rio\"],\"articleSection\":[\"Deutschland\",\"Russland\"],\"inLanguage\":\"de\",\"potentialAction\":[{\"@type\":\"CommentAction\",\"name\":\"Comment\",\"target\":[\"https:\/\/now-news.de\/de\/deutschland\/lawrow-beim-g20-gipfel-in-rio-empfangen\/#respond\"]}]},{\"@type\":\"WebPage\",\"@id\":\"https:\/\/now-news.de\/de\/deutschland\/lawrow-beim-g20-gipfel-in-rio-empfangen\/\",\"url\":\"https:\/\/now-news.de\/de\/deutschland\/lawrow-beim-g20-gipfel-in-rio-empfangen\/\",\"name\":\"Lawrow beim G20-Gipfel in Rio empfangen - just-now.NEWS Deutschland\",\"isPartOf\":{\"@id\":\"https:\/\/now-news.de\/de\/#website\"},\"primaryImageOfPage\":{\"@id\":\"https:\/\/now-news.de\/de\/deutschland\/lawrow-beim-g20-gipfel-in-rio-empfangen\/#primaryimage\"},\"image\":{\"@id\":\"https:\/\/now-news.de\/de\/deutschland\/lawrow-beim-g20-gipfel-in-rio-empfangen\/#primaryimage\"},\"thumbnailUrl\":\"https:\/\/now-news.de\/de\/wp-content\/uploads\/sites\/3\/2024\/11\/Lawrow-beim-G20-Gipfel-in-Rio-empfangen.jpg\",\"datePublished\":\"2024-11-18T19:40:09+00:00\",\"dateModified\":\"2024-11-18T19:40:09+00:00\",\"breadcrumb\":{\"@id\":\"https:\/\/now-news.de\/de\/deutschland\/lawrow-beim-g20-gipfel-in-rio-empfangen\/#breadcrumb\"},\"inLanguage\":\"de\",\"potentialAction\":[{\"@type\":\"ReadAction\",\"target\":[\"https:\/\/now-news.de\/de\/deutschland\/lawrow-beim-g20-gipfel-in-rio-empfangen\/\"]}]},{\"@type\":\"ImageObject\",\"inLanguage\":\"de\",\"@id\":\"https:\/\/now-news.de\/de\/deutschland\/lawrow-beim-g20-gipfel-in-rio-empfangen\/#primaryimage\",\"url\":\"https:\/\/now-news.de\/de\/wp-content\/uploads\/sites\/3\/2024\/11\/Lawrow-beim-G20-Gipfel-in-Rio-empfangen.jpg\",\"contentUrl\":\"https:\/\/now-news.de\/de\/wp-content\/uploads\/sites\/3\/2024\/11\/Lawrow-beim-G20-Gipfel-in-Rio-empfangen.jpg\",\"width\":460,\"height\":259,\"caption\":\"Lawrow beim G20-Gipfel in Rio empfangen\"},{\"@type\":\"BreadcrumbList\",\"@id\":\"https:\/\/now-news.de\/de\/deutschland\/lawrow-beim-g20-gipfel-in-rio-empfangen\/#breadcrumb\",\"itemListElement\":[{\"@type\":\"ListItem\",\"position\":1,\"name\":\"Home\",\"item\":\"https:\/\/now-news.de\/de\/\"},{\"@type\":\"ListItem\",\"position\":2,\"name\":\"Lawrow beim G20-Gipfel in Rio empfangen\"}]},{\"@type\":\"WebSite\",\"@id\":\"https:\/\/now-news.de\/de\/#website\",\"url\":\"https:\/\/now-news.de\/de\/\",\"name\":\"just-now.NEWS Deutschland\",\"description\":\"Das Portal f\u00fcr unzensierte Nachrichten aus der Welt\",\"publisher\":{\"@id\":\"https:\/\/now-news.de\/de\/#organization\"},\"potentialAction\":[{\"@type\":\"SearchAction\",\"target\":{\"@type\":\"EntryPoint\",\"urlTemplate\":\"https:\/\/now-news.de\/de\/?s={search_term_string}\"},\"query-input\":\"required name=search_term_string\"}],\"inLanguage\":\"de\"},{\"@type\":\"Organization\",\"@id\":\"https:\/\/now-news.de\/de\/#organization\",\"name\":\"Just Now News\",\"url\":\"https:\/\/now-news.de\/de\/\",\"logo\":{\"@type\":\"ImageObject\",\"inLanguage\":\"de\",\"@id\":\"https:\/\/now-news.de\/de\/#\/schema\/logo\/image\/\",\"url\":\"http:\/\/just-now.news\/de\/wp-content\/uploads\/sites\/3\/2022\/04\/logo500x500.jpg\",\"contentUrl\":\"http:\/\/just-now.news\/de\/wp-content\/uploads\/sites\/3\/2022\/04\/logo500x500.jpg\",\"width\":500,\"height\":500,\"caption\":\"Just Now News\"},\"image\":{\"@id\":\"https:\/\/now-news.de\/de\/#\/schema\/logo\/image\/\"},\"sameAs\":[\"https:\/\/www.facebook.com\/wirmachenauf\",\"https:\/\/x.com\/WirMachenAuf_de\"]},{\"@type\":\"Person\",\"@id\":\"https:\/\/now-news.de\/de\/#\/schema\/person\/fb534a4e865501d8b3285208df34a9b5\",\"name\":\"rtnews\",\"image\":{\"@type\":\"ImageObject\",\"inLanguage\":\"de\",\"@id\":\"https:\/\/now-news.de\/de\/#\/schema\/person\/image\/\",\"url\":\"https:\/\/secure.gravatar.com\/avatar\/82aafea7d8127119dd649515f56e2117?s=96&d=mm&r=g\",\"contentUrl\":\"https:\/\/secure.gravatar.com\/avatar\/82aafea7d8127119dd649515f56e2117?s=96&d=mm&r=g\",\"caption\":\"rtnews\"},\"url\":\"https:\/\/now-news.de\/de\/author\/rnews\/\"}]}<\/script>\n<!-- \/ Yoast SEO Premium plugin. -->","yoast_head_json":{"title":"Lawrow beim G20-Gipfel in Rio empfangen - just-now.NEWS Deutschland","robots":{"index":"index","follow":"follow","max-snippet":"max-snippet:-1","max-image-preview":"max-image-preview:large","max-video-preview":"max-video-preview:-1"},"canonical":"https:\/\/now-news.de\/de\/deutschland\/lawrow-beim-g20-gipfel-in-rio-empfangen\/","og_locale":"de_DE","og_type":"article","og_title":"Lawrow beim G20-Gipfel in Rio empfangen","og_description":"Russlands Au\u00dfenminister Sergei Lawrow nimmt am G20-Gipfel in Rio de Janeiro teil. Pr\u00e4sident Lula begr\u00fc\u00dfte ihn pers\u00f6nlich. Themen wie globale Ungleichheit und Reformen stehen im Fokus. Zudem sind bilaterale Gespr\u00e4che und Verhandlungen geplant. Sergei Lawrow,\u00a0der russische Au\u00dfenminister, ist zum G20-Gipfel in Rio de Janeiro eingetroffen. Der Minister schritt \u00fcber den roten Teppich zum Museum f\u00fcr [&hellip;]","og_url":"https:\/\/now-news.de\/de\/deutschland\/lawrow-beim-g20-gipfel-in-rio-empfangen\/","og_site_name":"just-now.NEWS Deutschland","article_publisher":"https:\/\/www.facebook.com\/wirmachenauf","article_published_time":"2024-11-18T19:40:09+00:00","og_image":[{"url":"https:\/\/now-news.de\/de\/wp-content\/uploads\/sites\/3\/2024\/11\/673b50bf48fbef51a571fd0a.jpg"}],"author":"rtnews","twitter_card":"summary_large_image","twitter_creator":"@WirMachenAuf_de","twitter_site":"@WirMachenAuf_de","twitter_misc":{"Verfasst von":"rtnews","Gesch\u00e4tzte Lesezeit":"3\u00a0Minuten"},"schema":{"@context":"https:\/\/schema.org","@graph":[{"@type":"Article","@id":"https:\/\/now-news.de\/de\/deutschland\/lawrow-beim-g20-gipfel-in-rio-empfangen\/#article","isPartOf":{"@id":"https:\/\/now-news.de\/de\/deutschland\/lawrow-beim-g20-gipfel-in-rio-empfangen\/"},"author":{"name":"rtnews","@id":"https:\/\/now-news.de\/de\/#\/schema\/person\/fb534a4e865501d8b3285208df34a9b5"},"headline":"Lawrow beim G20-Gipfel in Rio empfangen","datePublished":"2024-11-18T19:40:09+00:00","dateModified":"2024-11-18T19:40:09+00:00","mainEntityOfPage":{"@id":"https:\/\/now-news.de\/de\/deutschland\/lawrow-beim-g20-gipfel-in-rio-empfangen\/"},"wordCount":524,"commentCount":0,"publisher":{"@id":"https:\/\/now-news.de\/de\/#organization"},"image":{"@id":"https:\/\/now-news.de\/de\/deutschland\/lawrow-beim-g20-gipfel-in-rio-empfangen\/#primaryimage"},"thumbnailUrl":"https:\/\/now-news.de\/de\/wp-content\/uploads\/sites\/3\/2024\/11\/Lawrow-beim-G20-Gipfel-in-Rio-empfangen.jpg","keywords":["beim","empfangen","G20Gipfel","Lawrow","Rio"],"articleSection":["Deutschland","Russland"],"inLanguage":"de","potentialAction":[{"@type":"CommentAction","name":"Comment","target":["https:\/\/now-news.de\/de\/deutschland\/lawrow-beim-g20-gipfel-in-rio-empfangen\/#respond"]}]},{"@type":"WebPage","@id":"https:\/\/now-news.de\/de\/deutschland\/lawrow-beim-g20-gipfel-in-rio-empfangen\/","url":"https:\/\/now-news.de\/de\/deutschland\/lawrow-beim-g20-gipfel-in-rio-empfangen\/","name":"Lawrow beim G20-Gipfel in Rio empfangen - just-now.NEWS Deutschland","isPartOf":{"@id":"https:\/\/now-news.de\/de\/#website"},"primaryImageOfPage":{"@id":"https:\/\/now-news.de\/de\/deutschland\/lawrow-beim-g20-gipfel-in-rio-empfangen\/#primaryimage"},"image":{"@id":"https:\/\/now-news.de\/de\/deutschland\/lawrow-beim-g20-gipfel-in-rio-empfangen\/#primaryimage"},"thumbnailUrl":"https:\/\/now-news.de\/de\/wp-content\/uploads\/sites\/3\/2024\/11\/Lawrow-beim-G20-Gipfel-in-Rio-empfangen.jpg","datePublished":"2024-11-18T19:40:09+00:00","dateModified":"2024-11-18T19:40:09+00:00","breadcrumb":{"@id":"https:\/\/now-news.de\/de\/deutschland\/lawrow-beim-g20-gipfel-in-rio-empfangen\/#breadcrumb"},"inLanguage":"de","potentialAction":[{"@type":"ReadAction","target":["https:\/\/now-news.de\/de\/deutschland\/lawrow-beim-g20-gipfel-in-rio-empfangen\/"]}]},{"@type":"ImageObject","inLanguage":"de","@id":"https:\/\/now-news.de\/de\/deutschland\/lawrow-beim-g20-gipfel-in-rio-empfangen\/#primaryimage","url":"https:\/\/now-news.de\/de\/wp-content\/uploads\/sites\/3\/2024\/11\/Lawrow-beim-G20-Gipfel-in-Rio-empfangen.jpg","contentUrl":"https:\/\/now-news.de\/de\/wp-content\/uploads\/sites\/3\/2024\/11\/Lawrow-beim-G20-Gipfel-in-Rio-empfangen.jpg","width":460,"height":259,"caption":"Lawrow beim G20-Gipfel in Rio empfangen"},{"@type":"BreadcrumbList","@id":"https:\/\/now-news.de\/de\/deutschland\/lawrow-beim-g20-gipfel-in-rio-empfangen\/#breadcrumb","itemListElement":[{"@type":"ListItem","position":1,"name":"Home","item":"https:\/\/now-news.de\/de\/"},{"@type":"ListItem","position":2,"name":"Lawrow beim G20-Gipfel in Rio empfangen"}]},{"@type":"WebSite","@id":"https:\/\/now-news.de\/de\/#website","url":"https:\/\/now-news.de\/de\/","name":"just-now.NEWS Deutschland","description":"Das Portal f\u00fcr unzensierte Nachrichten aus der Welt","publisher":{"@id":"https:\/\/now-news.de\/de\/#organization"},"potentialAction":[{"@type":"SearchAction","target":{"@type":"EntryPoint","urlTemplate":"https:\/\/now-news.de\/de\/?s={search_term_string}"},"query-input":"required name=search_term_string"}],"inLanguage":"de"},{"@type":"Organization","@id":"https:\/\/now-news.de\/de\/#organization","name":"Just Now News","url":"https:\/\/now-news.de\/de\/","logo":{"@type":"ImageObject","inLanguage":"de","@id":"https:\/\/now-news.de\/de\/#\/schema\/logo\/image\/","url":"http:\/\/just-now.news\/de\/wp-content\/uploads\/sites\/3\/2022\/04\/logo500x500.jpg","contentUrl":"http:\/\/just-now.news\/de\/wp-content\/uploads\/sites\/3\/2022\/04\/logo500x500.jpg","width":500,"height":500,"caption":"Just Now News"},"image":{"@id":"https:\/\/now-news.de\/de\/#\/schema\/logo\/image\/"},"sameAs":["https:\/\/www.facebook.com\/wirmachenauf","https:\/\/x.com\/WirMachenAuf_de"]},{"@type":"Person","@id":"https:\/\/now-news.de\/de\/#\/schema\/person\/fb534a4e865501d8b3285208df34a9b5","name":"rtnews","image":{"@type":"ImageObject","inLanguage":"de","@id":"https:\/\/now-news.de\/de\/#\/schema\/person\/image\/","url":"https:\/\/secure.gravatar.com\/avatar\/82aafea7d8127119dd649515f56e2117?s=96&d=mm&r=g","contentUrl":"https:\/\/secure.gravatar.com\/avatar\/82aafea7d8127119dd649515f56e2117?s=96&d=mm&r=g","caption":"rtnews"},"url":"https:\/\/now-news.de\/de\/author\/rnews\/"}]}},"_links":{"self":[{"href":"https:\/\/now-news.de\/de\/wp-json\/wp\/v2\/posts\/72813"}],"collection":[{"href":"https:\/\/now-news.de\/de\/wp-json\/wp\/v2\/posts"}],"about":[{"href":"https:\/\/now-news.de\/de\/wp-json\/wp\/v2\/types\/post"}],"author":[{"embeddable":true,"href":"https:\/\/now-news.de\/de\/wp-json\/wp\/v2\/users\/3"}],"replies":[{"embeddable":true,"href":"https:\/\/now-news.de\/de\/wp-json\/wp\/v2\/comments?post=72813"}],"version-history":[{"count":0,"href":"https:\/\/now-news.de\/de\/wp-json\/wp\/v2\/posts\/72813\/revisions"}],"wp:featuredmedia":[{"embeddable":true,"href":"https:\/\/now-news.de\/de\/wp-json\/wp\/v2\/media\/72814"}],"wp:attachment":[{"href":"https:\/\/now-news.de\/de\/wp-json\/wp\/v2\/media?parent=72813"}],"wp:term":[{"taxonomy":"category","embeddable":true,"href":"https:\/\/now-news.de\/de\/wp-json\/wp\/v2\/categories?post=72813"},{"taxonomy":"post_tag","embeddable":true,"href":"https:\/\/now-news.de\/de\/wp-json\/wp\/v2\/tags?post=72813"}],"curies":[{"name":"wp","href":"https:\/\/api.w.org\/{rel}","templated":true}]}}