{"id":72765,"date":"2024-11-18T07:15:00","date_gmt":"2024-11-18T05:15:00","guid":{"rendered":"https:\/\/now-news.de\/de\/deutschland\/warum-die-arbeiterklasse-im-westen-fuer-politiker-wie-trump-stimmt\/"},"modified":"2024-11-18T07:15:00","modified_gmt":"2024-11-18T05:15:00","slug":"warum-die-arbeiterklasse-im-westen-fuer-politiker-wie-trump-stimmt","status":"publish","type":"post","link":"https:\/\/now-news.de\/de\/deutschland\/warum-die-arbeiterklasse-im-westen-fuer-politiker-wie-trump-stimmt\/","title":{"rendered":"Warum die Arbeiterklasse im Westen f\u00fcr Politiker wie Trump stimmt"},"content":{"rendered":"<p><img decoding=\"async\" src=\"https:\/\/now-news.de\/de\/wp-content\/uploads\/sites\/3\/2024\/11\/673477a2b480cc6366349764.jpg\" \/><\/p>\n<div class=\"Text-root Text-type_1 \">\n                An proletarischen US-Staaten wie West Virginia und Pennsylvania sieht man es: Die Arbeiter haben sich von den Demokraten abgewendet und stimmen mit deutlichen Mehrheiten f\u00fcr Donald Trump und seine Republikaner. \u00c4hnlich wie den US-Demokraten ergeht es traditionellen &#8220;Arbeiter&#8221;-Parteien anderswo. Woran liegt das?\n            <\/div>\n<p><\/p>\n<div class=\"Text-root Text-type_5 ArticleView-text ViewText-root \">\n<p><em>Von Graham Hryce<\/em><\/p>\n<p>W\u00e4hrend Keir Starmer um eine glaubw\u00fcrdige Erkl\u00e4rung daf\u00fcr ringt, dass er Geschenke im Wert von \u00fcber 100.000 Pfund (128.860 US-Dollar) von dem \u00fcberaus gro\u00dfz\u00fcgigen Lord Waheed Alli eingesteckt hat, hat ein \u00e4hnlicher Skandal k\u00fcrzlich den australischen Labor-Premierminister Anthony Albanese eingeholt.<\/p>\n<p>Es sollte nicht \u00fcberraschen, dass Geschichten wie diese Aufsehen erregen. Beide Regierungschefs machen viel Aufhebens um\u00a0ihre Herkunft aus der Arbeiterklasse:\u00a0 Starmer verweist st\u00e4ndig auf seinen Vater, der Werkzeugmacher war, und Albanese spricht bei jeder Gelegenheit davon, dass er in einer mit \u00f6ffentlichen Mitteln subventionierten Siedlung aufgewachsen ist. Beide Premierminister und die von ihnen gef\u00fchrten Parteien haben jedoch schon lange aufgeh\u00f6rt, im Interesse der britischen oder australischen Arbeiterklasse zu handeln.<\/p>\n<p>Ein klares Indiz daf\u00fcr ist, dass sowohl Starmer als auch Albanese mit Begeisterung und Gier die Geschenke annehmen, mit denen sie von den globalen Eliten \u00fcbersch\u00fcttet werden, deren Interessen sie und ihre Parteien so r\u00fccksichtslos sch\u00fctzen. Um Albanese gegen\u00fcber fair zu sein, muss man sagen, dass das Ausma\u00df der Betr\u00fcgereien, die er begangen hat, nicht einmal ansatzweise an das von Starmer heranreicht.<\/p>\n<p>Dennoch wurde Albanese k\u00fcrzlich beschuldigt, seine enge Freundschaft mit dem inzwischen in Ungnade gefallenen ehemaligen CEO der Fluggesellschaft Qantas, Alan Joyce, ausgenutzt zu haben, um \u00fcber einen Zeitraum von Jahrzehnten regelm\u00e4\u00dfige Upgrades in die 1. Klasse f\u00fcr sich und seine Familie zu erhalten. Der Wert dieser Upgrades addiert sich auf etwa 10.000 Dollar \u2013 Kleingeld im Vergleich zu Starmers Beuteb\u00fcndel.<\/p>\n<p>Albanese erwirkte auch eine kostenlose Mitgliedschaft in der Chairman&#8217;s Lounge f\u00fcr seinen kleinen Sohn. Zugegebenerma\u00dfen eine Kleinigkeit im Vergleich zu der Luxusunterkunft, die Starmer seinem Sohn f\u00fcr dessen Studium besorgt hat.<\/p>\n<p>Das Verhalten von Albanese und Starmer steht in starkem Kontrast zu dem des ehemaligen Labour-Chefs Gordon Brown, als dieser Premierminister des Vereinigten K\u00f6nigreichs war. Brown weigerte sich, Geschenke anzunehmen, und bezahlte alle seine pers\u00f6nlichen Ausgaben selbst, solange er in der Downing Street 10 residierte.<\/p>\n<p>Brown verlie\u00df sein Amt offenbar verschuldet \u2012 ein Schicksal, das weder Starmer noch Albanese ereilen d\u00fcrfte.<\/p>\n<p>Ein merkw\u00fcrdiger Aspekt der Vorliebe von Starmer und Albanese f\u00fcr die Annahme von Geschenken ist ihre gemeinsame Besessenheit von Taylor Swift \u2013 beide sind offenbar begeisterte &#8220;Swifties&#8221;, Freikarten f\u00fcr ihre Konzerte stehen ganz oben auf der Liste der Beute, die beide in letzter Zeit ergattert haben.<\/p>\n<p>Die Tatsache, dass zwei prominente Politiker sich zu einem so nichtssagenden Popstar bekennen, ist sicherlich ein Indiz f\u00fcr ein ausgepr\u00e4gtes Spie\u00dfb\u00fcrgertum und eine Kapitulation vor der nichtssagenden und wertlosen Popkultur, die den Westen gegenw\u00e4rtig durchdringt.<\/p>\n<p>Schamlose Gier, Spie\u00dfb\u00fcrgertum und eine seltsame Faszination f\u00fcr Taylor Swift sind nicht alles, was Starmer und Albanese gemeinsam haben \u2013 sie sind beide hoffnungslos unf\u00e4hige Politiker.<\/p>\n<p>Starmers Popularit\u00e4t und Glaubw\u00fcrdigkeit sind nur wenige Monate nach dem Gewinn einer sehr gro\u00dfen parlamentarischen Mehrheit auf dem Tiefpunkt angelangt.\u00a0Er kann vom Gl\u00fcck reden, dass\u00a0er den Zorn der britischen W\u00e4hler erst in f\u00fcnf Jahren zu sp\u00fcren bekommen wird.<\/p>\n<p>Die erste Amtszeit von Albanese \u2013 er wurde 2022 gew\u00e4hlt \u2013 war ein Desaster. Sein Referendum \u00fcber die Stimme der Eingeborenen erlitt eine vernichtende Niederlage, und seine Regierung hat nichts unternommen, um die Lebenshaltungskosten und die Wohnungsnot zu lindern, die die Australier derzeit verarmen lassen. Albanese wird es schwer haben, sich bei den Wahlen im n\u00e4chsten Jahr im Amt zu halten.<\/p>\n<p>Vor einigen Wochen haben zwei ehemalige prominente Labor-F\u00fchrer Albaneses Labor-Partei \u00f6ffentlich verurteilt, weil sie die australische Arbeiterklasse im Stich gelassen hat.<\/p>\n<p>In seinen Memoiren &#8220;A Long March&#8221; (&#8220;Ein langer Marsch&#8221;) brandmarkte der ehemalige Labor-Senator und -Minister Kim Carr die Partei als &#8220;elit\u00e4r und weltfremd&#8221;. Er behauptete, die Partei habe &#8220;ihre W\u00e4hlerschaft aus Arbeitern und Geringverdienern im Stich gelassen&#8221;, w\u00e4hrend sie sich der Identit\u00e4tspolitik verschrieben habe und im Interesse wohlhabender Eliten in den Innenst\u00e4dten handle.<\/p>\n<p>Carr sagte, die Labor-Partei sei zu einer Partei des &#8220;politischen Kummers&#8221; geworden, w\u00e4hrend sie &#8220;diejenigen, die es schwer haben&#8221;, verachte. Er warf Albanese und der Parteif\u00fchrung politische Unf\u00e4higkeit vor, das Fehlen einer &#8220;aktiven Agenda und einer kontinuierlichen Politikgestaltung&#8221;\u00a0und den &#8220;Verrat an der Tradition, eine mutige reformistische Partei zu sein&#8221;.<\/p>\n<p>Carrs Kritik wurde vom ehemaligen Sekret\u00e4r des australischen Gewerkschaftsrates, Bill Kelty, aufgegriffen, der zugab, dass &#8220;der linke Fl\u00fcgel der Labor Party schon vor langer Zeit ausgestorben ist&#8221;. Kelty erkl\u00e4rte, dass die Albanese-Regierung die W\u00e4hler aus der Arbeiterklasse verprelle, es vers\u00e4umt habe, die Arbeitnehmer mit niedrigem Einkommen zu vertreten, und dass sie &#8220;eine inspirierende Politik&#8221; formulieren m\u00fcsse, wenn sie eine drohende Niederlage bei den Wahlen im n\u00e4chsten Jahr vermeiden wolle.<\/p>\n<p>Die Kritik von Carr und Kelty ist zweifellos zutreffend, aber es ist unwahrscheinlich, dass Starmer und Albanese \u00fcber solche Themen gesprochen haben, als sie sich k\u00fcrzlich auf dem Treffen der Staats- und Regierungschefs des Commonwealth in Samoa trafen und endlose gemeinsame Fototermine wahrnahmen.<\/p>\n<p>Das Hauptthema des Gespr\u00e4chs zwischen den beiden Premierministern war der Klimawandel. &#8220;Wir haben eine F\u00fchrungsrolle beim Klimawandel&#8221;, verk\u00fcndete Albanese nach ihrem Treffen. Vielleicht fanden sie auch Zeit, \u00fcber Taylor Swift zu sprechen.<\/p>\n<p>Wie dem auch sei, zum Leidwesen von Starmer und Albanese sind die politischen Folgen der &#8220;Gentrifizierung&#8221; der Labor-Parteien im Vereinigten K\u00f6nigreich und in Australien (die, um fair zu sein, lange vor ihrer Wahl zum Parteivorsitzenden einsetzte) bereits deutlich zu erkennen, und sie verhei\u00dfen nichts Gutes f\u00fcr die Zukunft.<\/p>\n<p>Die Erststimmen beider Parteien, die sich derzeit in Wahlumfragen um die 30 Prozent bewegen, befinden sich seit einigen Jahren im freien Fall, und in Zukunft wird es f\u00fcr sie immer schwieriger werden, Mehrheitsregierungen zu bilden.<\/p>\n<p>Selbst wenn sie an der Macht sind, werden Labor-Regierungen nicht in der Lage sein, auch nur eines der vielen dr\u00e4ngenden Probleme zu l\u00f6sen, mit denen die westlichen liberalen Demokratien heute konfrontiert sind.<\/p>\n<p>Das liegt daran, dass ihr starres Festhalten an den Ideologien der globalen Eliten (einschlie\u00dflich des Narrativs des &#8220;katastrophalen Klimawandels&#8221; und der Identit\u00e4tspolitik) und die politische Unf\u00e4higkeit ihrer F\u00fchrer es ihnen praktisch unm\u00f6glich machen, die wirklichen Probleme auch nur ansatzweise zu l\u00f6sen.<\/p>\n<p>Die politische Instabilit\u00e4t kann sich daher nur noch verst\u00e4rken, da sich die Gruppen, die weiterhin von den globalen Eliten wirtschaftlich und kulturell verdr\u00e4ngt werden \u2013 vor allem die traditionelle Arbeiterklasse \u2013 weiterhin populistischen Parteien zuwenden, die versprechen, ihre Verdr\u00e4ngung r\u00fcckg\u00e4ngig zu machen, sei es von rechts oder von links.<\/p>\n<p>Die Reformpartei von Nigel Farage hat bei den j\u00fcngsten Wahlen im Vereinigten K\u00f6nigreich Sitze im Parlament gewonnen, und in Australien haben die Gr\u00fcnen vor kurzem politische Ma\u00dfnahmen zur Bew\u00e4ltigung der Lebenshaltungskosten- und Wohnungskrise vorgeschlagen, darunter Preiskontrollen, Mietobergrenzen, die Zerschlagung von Monopolen und h\u00f6here Steuern f\u00fcr Gro\u00dfunternehmen, um sich als quasi populistische Partei neu zu erfinden.<\/p>\n<p>Diese Entwicklungen k\u00f6nnen die chronische politische Instabilit\u00e4t, die zu ihnen gef\u00fchrt hat, nur noch verschlimmern, denn die britische und die australische Labor-Regierung lehnen nach wie vor jede Art von echten Wirtschaftsreformen entschieden ab.<\/p>\n<p>Dies ist das zentrale interne Dilemma, mit dem die liberalen Demokratien im Westen derzeit konfrontiert sind. Es kann nicht von unf\u00e4higen politischen F\u00fchrern wie Starmer und Albanese aufgel\u00f6st werden, die pers\u00f6nlich von den globalen Eliten kompromittiert wurden, deren Interessen sie um jeden Preis zu sch\u00fctzen entschlossen sind.<\/p>\n<p>Diese Analyse wurde durch den Sieg von Donald Trump bei den Pr\u00e4sidentschaftswahlen in Amerika best\u00e4tigt.<\/p>\n<p>Die Demokratische Partei hat ebenso wie die Labor-Parteien im Vereinigten K\u00f6nigreich und in Australien schon vor langer Zeit aufgeh\u00f6rt, die Interessen der amerikanischen Arbeiterklasse \u2013 ob nun Wei\u00dfe, Schwarze und Latinos \u2013 zu vertreten, und Trump hat f\u00fcr eine dramatische Verschiebung der W\u00e4hlerstimmen der Arbeiterklasse von den Demokraten zur von ihm populistisch neu aufgestellten Republikanischen Partei gesorgt.<\/p>\n<p>Die amerikanische W\u00e4hlerschaft lehnte Kamala Harris \u2013 eine klassische &#8220;Diversity&#8221;-Kandidatin \u2013 entschieden ab, die zehn Millionen Stimmen weniger erhielt als Joe Biden im Jahr 2020, und selbst im demokratischen New York erreichte Trump in einigen traditionellen Wohnbezirken der Arbeiterklasse W\u00e4hlerwanderungen von \u00fcber zehn Prozent zu seinen Gunsten.<\/p>\n<p>Bernie Sanders erkl\u00e4rte Harris&#8217; Niederlage kurz und b\u00fcndig wie folgt:<\/p>\n<blockquote>\n<p><em>&#8220;Es sollte keine gro\u00dfe \u00dcberraschung sein, dass eine Demokratische Partei, die die Arbeiterklasse im Stich gelassen hat, nun feststellen muss, dass die Arbeiterklasse sie im Stich l\u00e4sst.&#8221;<\/em><\/p>\n<\/blockquote>\n<p>Es ist sch\u00f6n und gut, wenn Starmer und Albanese gegen Nigel Farage und die Gr\u00fcnen wettern und Kamala Harris Trump als &#8220;Faschisten&#8221; brandmarkt, aber es ist ihre hartn\u00e4ckige Weigerung, echte Wirtschaftsreformen ins Auge zu fassen, die zu der populistischen politischen Gegenreaktion gef\u00fchrt hat, die Starmer, Albanese und Harris so vehement verurteilen, aber \u00fcberhaupt nicht verstehen.<\/p>\n<p>Wenn die Labor-Parteien im Vereinigten K\u00f6nigreich und in Australien sowie die Demokratische Partei in den USA in Zukunft als wirksame stabilisierende Kr\u00e4fte fungieren sollen \u2013 wie sie es im vergangenen Jahrhundert getan haben \u2013, m\u00fcssen sie die elit\u00e4ren Ideologien, denen sie derzeit verpflichtet sind, ablegen und, um es mit Kim Carrs Worten zu sagen, &#8220;mutige Reformparteien&#8221; werden.<\/p>\n<p>Und ein guter Ausgangspunkt k\u00f6nnte sein, dass die F\u00fchrer dieser Parteien eine gewisse pers\u00f6nliche Integrit\u00e4t entwickeln und aufh\u00f6ren, gro\u00dfz\u00fcgige Geschenke von den globalen Eliten anzunehmen: pers\u00f6nlich kompromittierte F\u00fchrer sind selten, wenn \u00fcberhaupt, zu mutigen Reformen f\u00e4hig.<\/p>\n<p>Wie ein altes spanisches Sprichwort sagt:<\/p>\n<blockquote>\n<p><em>&#8220;Ehre und Geld k\u00f6nnen nicht im selben Geldbeutel leben.&#8221;<\/em><\/p>\n<\/blockquote>\n<p><em>\u00dcbersetzt aus dem <a rel=\"nofollow noopener\" target=\"_blank\" href=\"https:\/\/swentr.site\/news\/607472-western-working-class-votes-trump\/\">Englischen<\/a><\/em>.<\/p>\n<p><strong>Mehr zum Thema<\/strong>\u00a0\u2012 <a rel=\"nofollow noopener\" target=\"_blank\" href=\"https:\/\/freedert.online\/meinung\/205102-klassenkampf-ohne-klassenbewusstsein\/\">Klassenkampf ohne Klassenbewusstsein<\/a><\/p>\n<\/div>\n<p><br \/>\n<br \/><a href=\"https:\/\/de.rt.com\/international\/225731-warum-arbeiterklasse-im-westen-fuer-trump-stimmt\/\">Source link <\/a><\/p>\n","protected":false},"excerpt":{"rendered":"<p>An proletarischen US-Staaten wie West Virginia und Pennsylvania sieht man es: Die Arbeiter haben sich von den Demokraten abgewendet und stimmen mit deutlichen Mehrheiten f\u00fcr Donald Trump und seine Republikaner. \u00c4hnlich wie den US-Demokraten ergeht es traditionellen &#8220;Arbeiter&#8221;-Parteien anderswo. Woran liegt das? Von Graham Hryce W\u00e4hrend Keir Starmer um eine glaubw\u00fcrdige Erkl\u00e4rung daf\u00fcr ringt, dass [&hellip;]<\/p>\n","protected":false},"author":3,"featured_media":72766,"comment_status":"open","ping_status":"open","sticky":false,"template":"","format":"standard","meta":{"_yoast_indexnow_last_ping":["1731907119"],"wp_automatic_camp":["217"],"e5295d5fd8bc3422130eee839943e11c":["Warum die Arbeiterklasse im Westen f\u00fcr Politiker wie Trump stimmt"],"original_link":["https:\/\/de.rt.com\/international\/225731-warum-arbeiterklasse-im-westen-fuer-trump-stimmt\/"],"_thumbnail_id":["72766"],"_wptgpro_p2tg_sent2tg":["a:1:{i:23737;s:19:\"2024-11-18 07:19:39\";}"],"jnews_social_counter_last_update":["1777552942"]},"categories":[19,23],"tags":[15683,45,221,5679,12453,1639,1289,378,579],"yoast_head":"<!-- This site is optimized with the Yoast SEO Premium plugin v22.7 (Yoast SEO v22.7) - https:\/\/yoast.com\/wordpress\/plugins\/seo\/ -->\n<title>Warum die Arbeiterklasse im Westen f\u00fcr Politiker wie Trump stimmt - just-now.NEWS Deutschland<\/title>\n<meta name=\"robots\" content=\"index, follow, max-snippet:-1, max-image-preview:large, max-video-preview:-1\" \/>\n<link rel=\"canonical\" href=\"https:\/\/now-news.de\/de\/deutschland\/warum-die-arbeiterklasse-im-westen-fuer-politiker-wie-trump-stimmt\/\" \/>\n<meta property=\"og:locale\" content=\"de_DE\" \/>\n<meta property=\"og:type\" content=\"article\" \/>\n<meta property=\"og:title\" content=\"Warum die Arbeiterklasse im Westen f\u00fcr Politiker wie Trump stimmt\" \/>\n<meta property=\"og:description\" content=\"An proletarischen US-Staaten wie West Virginia und Pennsylvania sieht man es: Die Arbeiter haben sich von den Demokraten abgewendet und stimmen mit deutlichen Mehrheiten f\u00fcr Donald Trump und seine Republikaner. \u00c4hnlich wie den US-Demokraten ergeht es traditionellen &#8220;Arbeiter&#8221;-Parteien anderswo. Woran liegt das? Von Graham Hryce W\u00e4hrend Keir Starmer um eine glaubw\u00fcrdige Erkl\u00e4rung daf\u00fcr ringt, dass [&hellip;]\" \/>\n<meta property=\"og:url\" content=\"https:\/\/now-news.de\/de\/deutschland\/warum-die-arbeiterklasse-im-westen-fuer-politiker-wie-trump-stimmt\/\" \/>\n<meta property=\"og:site_name\" content=\"just-now.NEWS Deutschland\" \/>\n<meta property=\"article:publisher\" content=\"https:\/\/www.facebook.com\/wirmachenauf\" \/>\n<meta property=\"article:published_time\" content=\"2024-11-18T05:15:00+00:00\" \/>\n<meta property=\"og:image\" content=\"https:\/\/now-news.de\/de\/wp-content\/uploads\/sites\/3\/2024\/11\/673477a2b480cc6366349764.jpg\" \/>\n<meta name=\"author\" content=\"rtnews\" \/>\n<meta name=\"twitter:card\" content=\"summary_large_image\" \/>\n<meta name=\"twitter:creator\" content=\"@WirMachenAuf_de\" \/>\n<meta name=\"twitter:site\" content=\"@WirMachenAuf_de\" \/>\n<meta name=\"twitter:label1\" content=\"Verfasst von\" \/>\n\t<meta name=\"twitter:data1\" content=\"rtnews\" \/>\n\t<meta name=\"twitter:label2\" content=\"Gesch\u00e4tzte Lesezeit\" \/>\n\t<meta name=\"twitter:data2\" content=\"8\u00a0Minuten\" \/>\n<script type=\"application\/ld+json\" class=\"yoast-schema-graph\">{\"@context\":\"https:\/\/schema.org\",\"@graph\":[{\"@type\":\"Article\",\"@id\":\"https:\/\/now-news.de\/de\/deutschland\/warum-die-arbeiterklasse-im-westen-fuer-politiker-wie-trump-stimmt\/#article\",\"isPartOf\":{\"@id\":\"https:\/\/now-news.de\/de\/deutschland\/warum-die-arbeiterklasse-im-westen-fuer-politiker-wie-trump-stimmt\/\"},\"author\":{\"name\":\"rtnews\",\"@id\":\"https:\/\/now-news.de\/de\/#\/schema\/person\/fb534a4e865501d8b3285208df34a9b5\"},\"headline\":\"Warum die Arbeiterklasse im Westen f\u00fcr Politiker wie Trump stimmt\",\"datePublished\":\"2024-11-18T05:15:00+00:00\",\"dateModified\":\"2024-11-18T05:15:00+00:00\",\"mainEntityOfPage\":{\"@id\":\"https:\/\/now-news.de\/de\/deutschland\/warum-die-arbeiterklasse-im-westen-fuer-politiker-wie-trump-stimmt\/\"},\"wordCount\":1642,\"commentCount\":0,\"publisher\":{\"@id\":\"https:\/\/now-news.de\/de\/#organization\"},\"image\":{\"@id\":\"https:\/\/now-news.de\/de\/deutschland\/warum-die-arbeiterklasse-im-westen-fuer-politiker-wie-trump-stimmt\/#primaryimage\"},\"thumbnailUrl\":\"https:\/\/now-news.de\/de\/wp-content\/uploads\/sites\/3\/2024\/11\/Warum-die-Arbeiterklasse-im-Westen-fuer-Politiker-wie-Trump-stimmt.jpg\",\"keywords\":[\"Arbeiterklasse\",\"die\",\"f\u00fcr\",\"Politiker\",\"stimmt\",\"trump\",\"Warum\",\"Westen\",\"Wie\"],\"articleSection\":[\"Deutschland\",\"Russland\"],\"inLanguage\":\"de\",\"potentialAction\":[{\"@type\":\"CommentAction\",\"name\":\"Comment\",\"target\":[\"https:\/\/now-news.de\/de\/deutschland\/warum-die-arbeiterklasse-im-westen-fuer-politiker-wie-trump-stimmt\/#respond\"]}]},{\"@type\":\"WebPage\",\"@id\":\"https:\/\/now-news.de\/de\/deutschland\/warum-die-arbeiterklasse-im-westen-fuer-politiker-wie-trump-stimmt\/\",\"url\":\"https:\/\/now-news.de\/de\/deutschland\/warum-die-arbeiterklasse-im-westen-fuer-politiker-wie-trump-stimmt\/\",\"name\":\"Warum die Arbeiterklasse im Westen f\u00fcr Politiker wie Trump stimmt - just-now.NEWS Deutschland\",\"isPartOf\":{\"@id\":\"https:\/\/now-news.de\/de\/#website\"},\"primaryImageOfPage\":{\"@id\":\"https:\/\/now-news.de\/de\/deutschland\/warum-die-arbeiterklasse-im-westen-fuer-politiker-wie-trump-stimmt\/#primaryimage\"},\"image\":{\"@id\":\"https:\/\/now-news.de\/de\/deutschland\/warum-die-arbeiterklasse-im-westen-fuer-politiker-wie-trump-stimmt\/#primaryimage\"},\"thumbnailUrl\":\"https:\/\/now-news.de\/de\/wp-content\/uploads\/sites\/3\/2024\/11\/Warum-die-Arbeiterklasse-im-Westen-fuer-Politiker-wie-Trump-stimmt.jpg\",\"datePublished\":\"2024-11-18T05:15:00+00:00\",\"dateModified\":\"2024-11-18T05:15:00+00:00\",\"breadcrumb\":{\"@id\":\"https:\/\/now-news.de\/de\/deutschland\/warum-die-arbeiterklasse-im-westen-fuer-politiker-wie-trump-stimmt\/#breadcrumb\"},\"inLanguage\":\"de\",\"potentialAction\":[{\"@type\":\"ReadAction\",\"target\":[\"https:\/\/now-news.de\/de\/deutschland\/warum-die-arbeiterklasse-im-westen-fuer-politiker-wie-trump-stimmt\/\"]}]},{\"@type\":\"ImageObject\",\"inLanguage\":\"de\",\"@id\":\"https:\/\/now-news.de\/de\/deutschland\/warum-die-arbeiterklasse-im-westen-fuer-politiker-wie-trump-stimmt\/#primaryimage\",\"url\":\"https:\/\/now-news.de\/de\/wp-content\/uploads\/sites\/3\/2024\/11\/Warum-die-Arbeiterklasse-im-Westen-fuer-Politiker-wie-Trump-stimmt.jpg\",\"contentUrl\":\"https:\/\/now-news.de\/de\/wp-content\/uploads\/sites\/3\/2024\/11\/Warum-die-Arbeiterklasse-im-Westen-fuer-Politiker-wie-Trump-stimmt.jpg\",\"width\":460,\"height\":259,\"caption\":\"Warum die Arbeiterklasse im Westen f\u00fcr Politiker wie Trump stimmt\"},{\"@type\":\"BreadcrumbList\",\"@id\":\"https:\/\/now-news.de\/de\/deutschland\/warum-die-arbeiterklasse-im-westen-fuer-politiker-wie-trump-stimmt\/#breadcrumb\",\"itemListElement\":[{\"@type\":\"ListItem\",\"position\":1,\"name\":\"Home\",\"item\":\"https:\/\/now-news.de\/de\/\"},{\"@type\":\"ListItem\",\"position\":2,\"name\":\"Warum die Arbeiterklasse im Westen f\u00fcr Politiker wie Trump stimmt\"}]},{\"@type\":\"WebSite\",\"@id\":\"https:\/\/now-news.de\/de\/#website\",\"url\":\"https:\/\/now-news.de\/de\/\",\"name\":\"just-now.NEWS Deutschland\",\"description\":\"Das Portal f\u00fcr unzensierte Nachrichten aus der Welt\",\"publisher\":{\"@id\":\"https:\/\/now-news.de\/de\/#organization\"},\"potentialAction\":[{\"@type\":\"SearchAction\",\"target\":{\"@type\":\"EntryPoint\",\"urlTemplate\":\"https:\/\/now-news.de\/de\/?s={search_term_string}\"},\"query-input\":\"required name=search_term_string\"}],\"inLanguage\":\"de\"},{\"@type\":\"Organization\",\"@id\":\"https:\/\/now-news.de\/de\/#organization\",\"name\":\"Just Now News\",\"url\":\"https:\/\/now-news.de\/de\/\",\"logo\":{\"@type\":\"ImageObject\",\"inLanguage\":\"de\",\"@id\":\"https:\/\/now-news.de\/de\/#\/schema\/logo\/image\/\",\"url\":\"http:\/\/just-now.news\/de\/wp-content\/uploads\/sites\/3\/2022\/04\/logo500x500.jpg\",\"contentUrl\":\"http:\/\/just-now.news\/de\/wp-content\/uploads\/sites\/3\/2022\/04\/logo500x500.jpg\",\"width\":500,\"height\":500,\"caption\":\"Just Now News\"},\"image\":{\"@id\":\"https:\/\/now-news.de\/de\/#\/schema\/logo\/image\/\"},\"sameAs\":[\"https:\/\/www.facebook.com\/wirmachenauf\",\"https:\/\/x.com\/WirMachenAuf_de\"]},{\"@type\":\"Person\",\"@id\":\"https:\/\/now-news.de\/de\/#\/schema\/person\/fb534a4e865501d8b3285208df34a9b5\",\"name\":\"rtnews\",\"image\":{\"@type\":\"ImageObject\",\"inLanguage\":\"de\",\"@id\":\"https:\/\/now-news.de\/de\/#\/schema\/person\/image\/\",\"url\":\"https:\/\/secure.gravatar.com\/avatar\/82aafea7d8127119dd649515f56e2117?s=96&d=mm&r=g\",\"contentUrl\":\"https:\/\/secure.gravatar.com\/avatar\/82aafea7d8127119dd649515f56e2117?s=96&d=mm&r=g\",\"caption\":\"rtnews\"},\"url\":\"https:\/\/now-news.de\/de\/author\/rnews\/\"}]}<\/script>\n<!-- \/ Yoast SEO Premium plugin. -->","yoast_head_json":{"title":"Warum die Arbeiterklasse im Westen f\u00fcr Politiker wie Trump stimmt - just-now.NEWS Deutschland","robots":{"index":"index","follow":"follow","max-snippet":"max-snippet:-1","max-image-preview":"max-image-preview:large","max-video-preview":"max-video-preview:-1"},"canonical":"https:\/\/now-news.de\/de\/deutschland\/warum-die-arbeiterklasse-im-westen-fuer-politiker-wie-trump-stimmt\/","og_locale":"de_DE","og_type":"article","og_title":"Warum die Arbeiterklasse im Westen f\u00fcr Politiker wie Trump stimmt","og_description":"An proletarischen US-Staaten wie West Virginia und Pennsylvania sieht man es: Die Arbeiter haben sich von den Demokraten abgewendet und stimmen mit deutlichen Mehrheiten f\u00fcr Donald Trump und seine Republikaner. \u00c4hnlich wie den US-Demokraten ergeht es traditionellen &#8220;Arbeiter&#8221;-Parteien anderswo. Woran liegt das? Von Graham Hryce W\u00e4hrend Keir Starmer um eine glaubw\u00fcrdige Erkl\u00e4rung daf\u00fcr ringt, dass [&hellip;]","og_url":"https:\/\/now-news.de\/de\/deutschland\/warum-die-arbeiterklasse-im-westen-fuer-politiker-wie-trump-stimmt\/","og_site_name":"just-now.NEWS Deutschland","article_publisher":"https:\/\/www.facebook.com\/wirmachenauf","article_published_time":"2024-11-18T05:15:00+00:00","og_image":[{"url":"https:\/\/now-news.de\/de\/wp-content\/uploads\/sites\/3\/2024\/11\/673477a2b480cc6366349764.jpg"}],"author":"rtnews","twitter_card":"summary_large_image","twitter_creator":"@WirMachenAuf_de","twitter_site":"@WirMachenAuf_de","twitter_misc":{"Verfasst von":"rtnews","Gesch\u00e4tzte Lesezeit":"8\u00a0Minuten"},"schema":{"@context":"https:\/\/schema.org","@graph":[{"@type":"Article","@id":"https:\/\/now-news.de\/de\/deutschland\/warum-die-arbeiterklasse-im-westen-fuer-politiker-wie-trump-stimmt\/#article","isPartOf":{"@id":"https:\/\/now-news.de\/de\/deutschland\/warum-die-arbeiterklasse-im-westen-fuer-politiker-wie-trump-stimmt\/"},"author":{"name":"rtnews","@id":"https:\/\/now-news.de\/de\/#\/schema\/person\/fb534a4e865501d8b3285208df34a9b5"},"headline":"Warum die Arbeiterklasse im Westen f\u00fcr Politiker wie Trump stimmt","datePublished":"2024-11-18T05:15:00+00:00","dateModified":"2024-11-18T05:15:00+00:00","mainEntityOfPage":{"@id":"https:\/\/now-news.de\/de\/deutschland\/warum-die-arbeiterklasse-im-westen-fuer-politiker-wie-trump-stimmt\/"},"wordCount":1642,"commentCount":0,"publisher":{"@id":"https:\/\/now-news.de\/de\/#organization"},"image":{"@id":"https:\/\/now-news.de\/de\/deutschland\/warum-die-arbeiterklasse-im-westen-fuer-politiker-wie-trump-stimmt\/#primaryimage"},"thumbnailUrl":"https:\/\/now-news.de\/de\/wp-content\/uploads\/sites\/3\/2024\/11\/Warum-die-Arbeiterklasse-im-Westen-fuer-Politiker-wie-Trump-stimmt.jpg","keywords":["Arbeiterklasse","die","f\u00fcr","Politiker","stimmt","trump","Warum","Westen","Wie"],"articleSection":["Deutschland","Russland"],"inLanguage":"de","potentialAction":[{"@type":"CommentAction","name":"Comment","target":["https:\/\/now-news.de\/de\/deutschland\/warum-die-arbeiterklasse-im-westen-fuer-politiker-wie-trump-stimmt\/#respond"]}]},{"@type":"WebPage","@id":"https:\/\/now-news.de\/de\/deutschland\/warum-die-arbeiterklasse-im-westen-fuer-politiker-wie-trump-stimmt\/","url":"https:\/\/now-news.de\/de\/deutschland\/warum-die-arbeiterklasse-im-westen-fuer-politiker-wie-trump-stimmt\/","name":"Warum die Arbeiterklasse im Westen f\u00fcr Politiker wie Trump stimmt - just-now.NEWS Deutschland","isPartOf":{"@id":"https:\/\/now-news.de\/de\/#website"},"primaryImageOfPage":{"@id":"https:\/\/now-news.de\/de\/deutschland\/warum-die-arbeiterklasse-im-westen-fuer-politiker-wie-trump-stimmt\/#primaryimage"},"image":{"@id":"https:\/\/now-news.de\/de\/deutschland\/warum-die-arbeiterklasse-im-westen-fuer-politiker-wie-trump-stimmt\/#primaryimage"},"thumbnailUrl":"https:\/\/now-news.de\/de\/wp-content\/uploads\/sites\/3\/2024\/11\/Warum-die-Arbeiterklasse-im-Westen-fuer-Politiker-wie-Trump-stimmt.jpg","datePublished":"2024-11-18T05:15:00+00:00","dateModified":"2024-11-18T05:15:00+00:00","breadcrumb":{"@id":"https:\/\/now-news.de\/de\/deutschland\/warum-die-arbeiterklasse-im-westen-fuer-politiker-wie-trump-stimmt\/#breadcrumb"},"inLanguage":"de","potentialAction":[{"@type":"ReadAction","target":["https:\/\/now-news.de\/de\/deutschland\/warum-die-arbeiterklasse-im-westen-fuer-politiker-wie-trump-stimmt\/"]}]},{"@type":"ImageObject","inLanguage":"de","@id":"https:\/\/now-news.de\/de\/deutschland\/warum-die-arbeiterklasse-im-westen-fuer-politiker-wie-trump-stimmt\/#primaryimage","url":"https:\/\/now-news.de\/de\/wp-content\/uploads\/sites\/3\/2024\/11\/Warum-die-Arbeiterklasse-im-Westen-fuer-Politiker-wie-Trump-stimmt.jpg","contentUrl":"https:\/\/now-news.de\/de\/wp-content\/uploads\/sites\/3\/2024\/11\/Warum-die-Arbeiterklasse-im-Westen-fuer-Politiker-wie-Trump-stimmt.jpg","width":460,"height":259,"caption":"Warum die Arbeiterklasse im Westen f\u00fcr Politiker wie Trump stimmt"},{"@type":"BreadcrumbList","@id":"https:\/\/now-news.de\/de\/deutschland\/warum-die-arbeiterklasse-im-westen-fuer-politiker-wie-trump-stimmt\/#breadcrumb","itemListElement":[{"@type":"ListItem","position":1,"name":"Home","item":"https:\/\/now-news.de\/de\/"},{"@type":"ListItem","position":2,"name":"Warum die Arbeiterklasse im Westen f\u00fcr Politiker wie Trump stimmt"}]},{"@type":"WebSite","@id":"https:\/\/now-news.de\/de\/#website","url":"https:\/\/now-news.de\/de\/","name":"just-now.NEWS Deutschland","description":"Das Portal f\u00fcr unzensierte Nachrichten aus der Welt","publisher":{"@id":"https:\/\/now-news.de\/de\/#organization"},"potentialAction":[{"@type":"SearchAction","target":{"@type":"EntryPoint","urlTemplate":"https:\/\/now-news.de\/de\/?s={search_term_string}"},"query-input":"required name=search_term_string"}],"inLanguage":"de"},{"@type":"Organization","@id":"https:\/\/now-news.de\/de\/#organization","name":"Just Now News","url":"https:\/\/now-news.de\/de\/","logo":{"@type":"ImageObject","inLanguage":"de","@id":"https:\/\/now-news.de\/de\/#\/schema\/logo\/image\/","url":"http:\/\/just-now.news\/de\/wp-content\/uploads\/sites\/3\/2022\/04\/logo500x500.jpg","contentUrl":"http:\/\/just-now.news\/de\/wp-content\/uploads\/sites\/3\/2022\/04\/logo500x500.jpg","width":500,"height":500,"caption":"Just Now News"},"image":{"@id":"https:\/\/now-news.de\/de\/#\/schema\/logo\/image\/"},"sameAs":["https:\/\/www.facebook.com\/wirmachenauf","https:\/\/x.com\/WirMachenAuf_de"]},{"@type":"Person","@id":"https:\/\/now-news.de\/de\/#\/schema\/person\/fb534a4e865501d8b3285208df34a9b5","name":"rtnews","image":{"@type":"ImageObject","inLanguage":"de","@id":"https:\/\/now-news.de\/de\/#\/schema\/person\/image\/","url":"https:\/\/secure.gravatar.com\/avatar\/82aafea7d8127119dd649515f56e2117?s=96&d=mm&r=g","contentUrl":"https:\/\/secure.gravatar.com\/avatar\/82aafea7d8127119dd649515f56e2117?s=96&d=mm&r=g","caption":"rtnews"},"url":"https:\/\/now-news.de\/de\/author\/rnews\/"}]}},"_links":{"self":[{"href":"https:\/\/now-news.de\/de\/wp-json\/wp\/v2\/posts\/72765"}],"collection":[{"href":"https:\/\/now-news.de\/de\/wp-json\/wp\/v2\/posts"}],"about":[{"href":"https:\/\/now-news.de\/de\/wp-json\/wp\/v2\/types\/post"}],"author":[{"embeddable":true,"href":"https:\/\/now-news.de\/de\/wp-json\/wp\/v2\/users\/3"}],"replies":[{"embeddable":true,"href":"https:\/\/now-news.de\/de\/wp-json\/wp\/v2\/comments?post=72765"}],"version-history":[{"count":0,"href":"https:\/\/now-news.de\/de\/wp-json\/wp\/v2\/posts\/72765\/revisions"}],"wp:featuredmedia":[{"embeddable":true,"href":"https:\/\/now-news.de\/de\/wp-json\/wp\/v2\/media\/72766"}],"wp:attachment":[{"href":"https:\/\/now-news.de\/de\/wp-json\/wp\/v2\/media?parent=72765"}],"wp:term":[{"taxonomy":"category","embeddable":true,"href":"https:\/\/now-news.de\/de\/wp-json\/wp\/v2\/categories?post=72765"},{"taxonomy":"post_tag","embeddable":true,"href":"https:\/\/now-news.de\/de\/wp-json\/wp\/v2\/tags?post=72765"}],"curies":[{"name":"wp","href":"https:\/\/api.w.org\/{rel}","templated":true}]}}