{"id":7275,"date":"2022-05-10T12:26:00","date_gmt":"2022-05-10T10:26:00","guid":{"rendered":"http:\/\/just-now.news\/de\/usa\/bidens-neuer-pressesprecher-im-weissen-haus-behauptete-trump-habe-die-wahl-2016-gestohlen\/"},"modified":"2022-05-10T12:26:00","modified_gmt":"2022-05-10T10:26:00","slug":"bidens-neuer-pressesprecher-im-weissen-haus-behauptete-trump-habe-die-wahl-2016-gestohlen","status":"publish","type":"post","link":"https:\/\/now-news.de\/de\/usa\/bidens-neuer-pressesprecher-im-weissen-haus-behauptete-trump-habe-die-wahl-2016-gestohlen\/","title":{"rendered":"Bidens neuer Pressesprecher im Wei\u00dfen Haus behauptete, Trump habe die Wahl 2016 gestohlen"},"content":{"rendered":"<div class=\"entry-content\">\n<p><\/p>\n<p>Demokraten und Medien haben deutlich gemacht, dass niemand die Integrit\u00e4t der Wahl 2020 in Frage stellen darf.<\/p>\n<p>Dies kann sogar dazu f\u00fchren, dass Sie von Social-Media-Plattformen ausgeschlossen werden.<\/p>\n<div id=\"IC1-ad\" class=\"sponsor IC1\">\n<p class=\"ad-notice flipboard-remove\" fl:fl-noexcerpt=\"true\">Werbung \u2013 die Geschichte geht unten weiter<\/p>\n<div id=\"IC1\">\n<script>\n\t\t\t\t\tif( FFADS.units.IC1 && FFADS.units.IC1.ad_type == 'custom' && FFADS.units.IC1.custom_ads && ! getCookie( 'ff_subbed' ) ) {\n\t\t\t\t\t\tdocument.getElementById( 'IC1' ).innerHTML = FFADS.units.IC1.custom_ads[0].code;\n\t\t\t\t\t\tif( ! FFADS.units.IC1.lazy_load ) eval( FFADS.units.IC1.custom_ads[0].rendering_script );\n\t\t\t\t\t}\n\t\t\t\t\telse if( FFADS.units.IC1 && ! getCookie( 'ff_subbed' ) ) {\n\t\t\t\t\t\tif( 'IC' != 'SB' && 'IC' != 'SA' && FFADS.use_fixed_containers ) {\n\t\t\t\t\t\t\tlet max_wh = firefly_size_list_to_max_wh( FFADS.units.IC1.sizes );\n\t\t\t\t\t\t\tlet el = document.querySelector( '#IC1' );\n\t\t\t\t\t\t\tif( 'IC' != 'SA' && FFADS.slide_pixels ) {\n\t\t\t\t\t\t\t\tmax_wh[1] += parseInt( FFADS.slide_pixels );\n\t\t\t\t\t\t\t\tel.classList.add( 'sliding' );\n\t\t\t\t\t\t\t}\n\t\t\t\t\t\t\tel.style.width = max_wh[0] + 'px';\n\t\t\t\t\t\t\tel.style.height = max_wh[1] + 'px';\n\t\t\t\t\t\t\tel.classList.add( 'fixed-size' );\n\t\t\t\t\t\t}\n\t\t\t\t\t\tgoogletag.cmd.push( function() {\n\t\t\t\t\t\t\tFFADS.debug( 'googletag.displaying IC1' );\n\t\t\t\t\t\t\tgoogletag.display( 'IC1' );\n\t\t\t\t\t\t} );\n\t\t\t\t\t}\n\t\t\t\t\telse {\n\t\t\t\t\t\tdocument.querySelector( '#IC1-ad' ).style.display = 'none';}\n\t\t\t\t<\/script><\/div>\n<\/div>\n<p>Doch Joe Bidens neue Pressesprecherin im Wei\u00dfen Haus, Karine Jean-Pierre, behauptete, Trump habe die Wahlen 2016 gestohlen.<\/p>\n<p>Wie ist das anders?<\/p>\n<p><script>\n\t\t\t\t\tif( ! getCookie( 'ff_subbed' ) ) if( typeof FFADS.replace_ict != 'undefined' ) if( FFADS.replace_ict ) eval( FFADS.replace_ict );\n\t\t\t\t<\/script><\/p>\n<p>FOX News berichtet:<\/p>\n<p><em><strong>Bidens neuer WH-Pressesprecher behauptete, Trump, Ga. Gouverneur Kemp habe die Wahlen \u201egestohlen\u201c.<\/strong><\/em><\/p>\n<div id=\"IC2-ad\" class=\"sponsor IC2\">\n<p class=\"ad-notice flipboard-remove\" fl:fl-noexcerpt=\"true\">Werbung \u2013 die Geschichte geht unten weiter<\/p>\n<div id=\"IC2\">\n<script>\n\t\t\t\t\tif( FFADS.units.IC2 && FFADS.units.IC2.ad_type == 'custom' && FFADS.units.IC2.custom_ads && ! getCookie( 'ff_subbed' ) ) {\n\t\t\t\t\t\tdocument.getElementById( 'IC2' ).innerHTML = FFADS.units.IC2.custom_ads[0].code;\n\t\t\t\t\t\tif( ! FFADS.units.IC2.lazy_load ) eval( FFADS.units.IC2.custom_ads[0].rendering_script );\n\t\t\t\t\t}\n\t\t\t\t\telse if( FFADS.units.IC2 && ! getCookie( 'ff_subbed' ) ) {\n\t\t\t\t\t\tif( 'IC' != 'SB' && 'IC' != 'SA' && FFADS.use_fixed_containers ) {\n\t\t\t\t\t\t\tlet max_wh = firefly_size_list_to_max_wh( FFADS.units.IC2.sizes );\n\t\t\t\t\t\t\tlet el = document.querySelector( '#IC2' );\n\t\t\t\t\t\t\tif( 'IC' != 'SA' && FFADS.slide_pixels ) {\n\t\t\t\t\t\t\t\tmax_wh[1] += parseInt( FFADS.slide_pixels );\n\t\t\t\t\t\t\t\tel.classList.add( 'sliding' );\n\t\t\t\t\t\t\t}\n\t\t\t\t\t\t\tel.style.width = max_wh[0] + 'px';\n\t\t\t\t\t\t\tel.style.height = max_wh[1] + 'px';\n\t\t\t\t\t\t\tel.classList.add( 'fixed-size' );\n\t\t\t\t\t\t}\n\t\t\t\t\t\tgoogletag.cmd.push( function() {\n\t\t\t\t\t\t\tFFADS.debug( 'googletag.displaying IC2' );\n\t\t\t\t\t\t\tgoogletag.display( 'IC2' );\n\t\t\t\t\t\t} );\n\t\t\t\t\t}\n\t\t\t\t\telse {\n\t\t\t\t\t\tdocument.querySelector( '#IC2-ad' ).style.display = 'none';}\n\t\t\t\t<\/script><\/div>\n<\/div>\n<p><em>Der neue Pressesprecher des Wei\u00dfen Hauses von Pr\u00e4sident Biden hat zuvor behauptet, die Pr\u00e4sidentschaftswahlen von 2016 seien Hillary Clinton \u201egestohlen\u201c worden und der republikanische Gouverneur von Georgia, Brian Kemp, habe die Gouverneurswahlen von 2018 von Stacey Abrams \u201egestohlen\u201c.<\/em><\/p>\n<p><em>\u201eGestohlene E-Mails, gestohlene Drohne, gestohlene Wahlen \u2026..willkommen in der Welt von #unpresided Trump\u201c, twitterte Karine Jean-Pierre nach dem Pr\u00e4sidentschaftssieg des ehemaligen Pr\u00e4sidenten Donald Trump im Jahr 2016 und wiederholte damit Clintons Behauptungen, Trump sei unrechtm\u00e4\u00dfig gew\u00e4hlt worden.<\/em><\/p>\n<p><em>\u201eErinnerung: Brian Kemp hat den Georgiern und Stacey Abrams die Gouverneurswahl gestohlen\u201c, twitterte Jean-Pierre am 2. April 2020 und reagierte auf eine Nachricht \u00fcber Kemp, in der er sagte, er habe gerade erst erfahren, dass asymptomatische Menschen COVID-19 verbreiten k\u00f6nnen.<\/em><\/p>\n<p><em>Abrams, die im Dezember angek\u00fcndigt hatte, dass sie einen weiteren Versuch unternehmen w\u00fcrde, f\u00fcr das Amt des Gouverneurs von Georgia zu kandidieren, hat wiederholt behauptet, dass die Wahl den W\u00e4hlern von Georgia \u201egestohlen\u201c worden sei, und hat ihre Niederlage gegen\u00fcber Kemp nie einger\u00e4umt.<\/em><\/p>\n<p><strong>Siehe die folgenden Tweets:<\/strong><\/p>\n<div id=\"IC3-ad\" class=\"sponsor IC3\">\n<p class=\"ad-notice flipboard-remove\" fl:fl-noexcerpt=\"true\">Werbung \u2013 die Geschichte geht unten weiter<\/p>\n<div id=\"IC3\">\n<script>\n\t\t\t\t\tif( FFADS.units.IC3 && FFADS.units.IC3.ad_type == 'custom' && FFADS.units.IC3.custom_ads && ! getCookie( 'ff_subbed' ) ) {\n\t\t\t\t\t\tdocument.getElementById( 'IC3' ).innerHTML = FFADS.units.IC3.custom_ads[0].code;\n\t\t\t\t\t\tif( ! FFADS.units.IC3.lazy_load ) eval( FFADS.units.IC3.custom_ads[0].rendering_script );\n\t\t\t\t\t}\n\t\t\t\t\telse if( FFADS.units.IC3 && ! getCookie( 'ff_subbed' ) ) {\n\t\t\t\t\t\tif( 'IC' != 'SB' && 'IC' != 'SA' && FFADS.use_fixed_containers ) {\n\t\t\t\t\t\t\tlet max_wh = firefly_size_list_to_max_wh( FFADS.units.IC3.sizes );\n\t\t\t\t\t\t\tlet el = document.querySelector( '#IC3' );\n\t\t\t\t\t\t\tif( 'IC' != 'SA' && FFADS.slide_pixels ) {\n\t\t\t\t\t\t\t\tmax_wh[1] += parseInt( FFADS.slide_pixels );\n\t\t\t\t\t\t\t\tel.classList.add( 'sliding' );\n\t\t\t\t\t\t\t}\n\t\t\t\t\t\t\tel.style.width = max_wh[0] + 'px';\n\t\t\t\t\t\t\tel.style.height = max_wh[1] + 'px';\n\t\t\t\t\t\t\tel.classList.add( 'fixed-size' );\n\t\t\t\t\t\t}\n\t\t\t\t\t\tgoogletag.cmd.push( function() {\n\t\t\t\t\t\t\tFFADS.debug( 'googletag.displaying IC3' );\n\t\t\t\t\t\t\tgoogletag.display( 'IC3' );\n\t\t\t\t\t\t} );\n\t\t\t\t\t}\n\t\t\t\t\telse {\n\t\t\t\t\t\tdocument.querySelector( '#IC3-ad' ).style.display = 'none';}\n\t\t\t\t<\/script><\/div>\n<\/div>\n<blockquote class=\"twitter-tweet\">\n<p lang=\"en\" dir=\"ltr\">Gestohlene E-Mails, gestohlene Drohne, gestohlene Wahl \u2026..Willkommen in der Welt von <a rel=\"nofollow noopener\" target=\"_blank\" href=\"https:\/\/twitter.com\/hashtag\/unpresidented?src=hash&amp;ref_src=twsrc%5Etfw\">#ohne Pr\u00e4sident<\/a> Trump https:\/\/t.co\/NI7vqPV6cu<\/p>\n<p>\u2013 Karine Jean-Pierre (@K_JeanPierre) <a rel=\"nofollow noopener\" target=\"_blank\" href=\"https:\/\/twitter.com\/K_JeanPierre\/status\/810294911815847936\">18. Dezember 2016<\/a><\/p>\n<\/blockquote>\n<p> <script async src=\"https:\/\/platform.twitter.com\/widgets.js\" charset=\"utf-8\"><\/script><\/p>\n<blockquote class=\"twitter-tweet\">\n<p lang=\"en\" dir=\"ltr\">Zur Erinnerung: Brian Kemp hat den Georgiern und Stacey Abrams die Gouverneurswahl gestohlen. https:\/\/t.co\/ZIKGTd6U1v<\/p>\n<p>\u2013 Karine Jean-Pierre (@K_JeanPierre) <a rel=\"nofollow noopener\" target=\"_blank\" href=\"https:\/\/twitter.com\/K_JeanPierre\/status\/1245752237353308160\">2. April 2020<\/a><\/p>\n<\/blockquote>\n<p> <script async src=\"https:\/\/platform.twitter.com\/widgets.js\" charset=\"utf-8\"><\/script><\/p>\n<div id=\"IC4-ad\" class=\"sponsor IC4\">\n<p class=\"ad-notice flipboard-remove\" fl:fl-noexcerpt=\"true\">Werbung \u2013 die Geschichte geht unten weiter<\/p>\n<div id=\"IC4\">\n<script>\n\t\t\t\t\tif( FFADS.units.IC4 && FFADS.units.IC4.ad_type == 'custom' && FFADS.units.IC4.custom_ads && ! getCookie( 'ff_subbed' ) ) {\n\t\t\t\t\t\tdocument.getElementById( 'IC4' ).innerHTML = FFADS.units.IC4.custom_ads[0].code;\n\t\t\t\t\t\tif( ! FFADS.units.IC4.lazy_load ) eval( FFADS.units.IC4.custom_ads[0].rendering_script );\n\t\t\t\t\t}\n\t\t\t\t\telse if( FFADS.units.IC4 && ! getCookie( 'ff_subbed' ) ) {\n\t\t\t\t\t\tif( 'IC' != 'SB' && 'IC' != 'SA' && FFADS.use_fixed_containers ) {\n\t\t\t\t\t\t\tlet max_wh = firefly_size_list_to_max_wh( FFADS.units.IC4.sizes );\n\t\t\t\t\t\t\tlet el = document.querySelector( '#IC4' );\n\t\t\t\t\t\t\tif( 'IC' != 'SA' && FFADS.slide_pixels ) {\n\t\t\t\t\t\t\t\tmax_wh[1] += parseInt( FFADS.slide_pixels );\n\t\t\t\t\t\t\t\tel.classList.add( 'sliding' );\n\t\t\t\t\t\t\t}\n\t\t\t\t\t\t\tel.style.width = max_wh[0] + 'px';\n\t\t\t\t\t\t\tel.style.height = max_wh[1] + 'px';\n\t\t\t\t\t\t\tel.classList.add( 'fixed-size' );\n\t\t\t\t\t\t}\n\t\t\t\t\t\tgoogletag.cmd.push( function() {\n\t\t\t\t\t\t\tFFADS.debug( 'googletag.displaying IC4' );\n\t\t\t\t\t\t\tgoogletag.display( 'IC4' );\n\t\t\t\t\t\t} );\n\t\t\t\t\t}\n\t\t\t\t\telse {\n\t\t\t\t\t\tdocument.querySelector( '#IC4-ad' ).style.display = 'none';}\n\t\t\t\t<\/script><\/div>\n<\/div>\n<p><strong>Dieser Tweet hat sie mit einer Bildschirmabdeckung versehen, falls sie sie l\u00f6scht.<\/strong><\/p>\n<blockquote class=\"twitter-tweet\">\n<p lang=\"en\" dir=\"ltr\">Laut dem neuen Pressesprecher des Wei\u00dfen Hauses wurden sowohl die Wahlen von 2016 als auch die Gouverneurswahlen von 2018 in Georgia gestohlen <a rel=\"nofollow noopener\" target=\"_blank\" href=\"https:\/\/t.co\/Ex8QyjHjZh\">pic.twitter.com\/Ex8QyjHjZh<\/a><\/p>\n<p>\u2014 Greg Price (@greg_price11) <a rel=\"nofollow noopener\" target=\"_blank\" href=\"https:\/\/twitter.com\/greg_price11\/status\/1523729948434780162\">9. Mai 2022<\/a><\/p>\n<\/blockquote>\n<p> <script async src=\"https:\/\/platform.twitter.com\/widgets.js\" charset=\"utf-8\"><\/script><\/p>\n<p><strong>Sie hat auch den Russland-Scherz verbreitet:<\/strong><\/p>\n<div id=\"REP_0-ad\" class=\"sponsor REP\">\n<p class=\"ad-notice flipboard-remove\" fl:fl-noexcerpt=\"true\">Werbung \u2013 die Geschichte geht unten weiter<\/p>\n<div id=\"REP_0\">\n<script>\n\t\t\t\t\tif( FFADS.units.IC5 && FFADS.units.IC5.ad_type == 'custom' && FFADS.units.IC5.custom_ads && ! getCookie( 'ff_subbed' ) ) {\n\t\t\t\t\t\tdocument.getElementById( 'REP_0' ).innerHTML = FFADS.units.IC5.custom_ads[0].code;\n\t\t\t\t\t\tif( ! FFADS.units.IC5.lazy_load ) eval( FFADS.units.IC5.custom_ads[0].rendering_script );\n\t\t\t\t\t}\n\t\t\t\t\telse if( FFADS.units.IC5 && ! getCookie( 'ff_subbed' ) ) {\n\t\t\t\t\t\tif( 'RE' != 'SB' && 'RE' != 'SA' && FFADS.use_fixed_containers ) {\n\t\t\t\t\t\t\tlet max_wh = firefly_size_list_to_max_wh( FFADS.units.IC5.sizes );\n\t\t\t\t\t\t\tlet el = document.querySelector( '#REP_0' );\n\t\t\t\t\t\t\tif( 'RE' != 'SA' && FFADS.slide_pixels ) {\n\t\t\t\t\t\t\t\tmax_wh[1] += parseInt( FFADS.slide_pixels );\n\t\t\t\t\t\t\t\tel.classList.add( 'sliding' );\n\t\t\t\t\t\t\t}\n\t\t\t\t\t\t\tel.style.width = max_wh[0] + 'px';\n\t\t\t\t\t\t\tel.style.height = max_wh[1] + 'px';\n\t\t\t\t\t\t\tel.classList.add( 'fixed-size' );\n\t\t\t\t\t\t}\n\t\t\t\t\t\tgoogletag.cmd.push( function() {\n\t\t\t\t\t\t\tFFADS.debug( 'googletag.displaying REP_0' );\n\t\t\t\t\t\t\tgoogletag.display( 'REP_0' );\n\t\t\t\t\t\t} );\n\t\t\t\t\t}\n\t\t\t\t\telse {\n\t\t\t\t\t\tdocument.querySelector( '#REP_0-ad' ).style.display = 'none';}\n\t\t\t\t<\/script><\/div>\n<\/div>\n<blockquote class=\"twitter-tweet\">\n<p lang=\"en\" dir=\"ltr\">Sie ist eine durch und durch Russland-Trutherin https:\/\/t.co\/3zcPWB9yCK <a rel=\"nofollow noopener\" target=\"_blank\" href=\"https:\/\/t.co\/olVW4S89yl\">pic.twitter.com\/olVW4S89yl<\/a><\/p>\n<p>\u2014 Drew Holden (@DrewHolden360) <a rel=\"nofollow noopener\" target=\"_blank\" href=\"https:\/\/twitter.com\/DrewHolden360\/status\/1523755409877598208\">9. Mai 2022<\/a><\/p>\n<\/blockquote>\n<p> <script async src=\"https:\/\/platform.twitter.com\/widgets.js\" charset=\"utf-8\"><\/script><\/p>\n<p><strong>Glauben Sie, irgendjemand im Pressekorps des Wei\u00dfen Hauses wird ihr irgendwelche Fragen dazu stellen?<\/strong><\/p>\n<p>Kreuz gepostet von American Lookout.<\/p>\n<p class=\"article-ask\"><span class=\"ask\"><script>\n  if( getParameterByName( \"utm_source\" ) == \"testpage\" ) {\n    !function(e,t,a,n,g){e[n]=e[n]||[],e[n].push({\"gtm.start\":(new Date).getTime(),event:\"gtm.js\"});var m=t.getElementsByTagName(a)[0],r=t.createElement(a);r.async=!0,r.src=\"https:\/\/www.googletagmanager.com\/gtm.js?id=GTM-PL4PD49\",m.parentNode.insertBefore(r,m)}(window.parent,window.parent.document,\"script\",\"dataLayer\");\n    var iframe=window.parent.document.createElement(\"iframe\");iframe.src=\"https:\/\/www.googletagmanager.com\/ns.html?id=GTM-PL4PD49\";iframe.height=\"0\";iframe.width=\"0\";iframe.style=\"display:none;visibility:hidden\";window.parent.document.body.appendChild(iframe);\n    window.parent[\"$$mm-analytics\"] = window.parent[\"$$mm-analytics\"] || {};if (typeof window.parent[\"$$mm-analytics\"].firstEmbed === \"undefined\") {window.parent[\"$$mm-analytics\"].firstEmbed = Date.now();}\n    let as1 = document.createElement( \"script\" );\n    as1.src = \"https:\/\/bucket1.mm-syringe.com\/prod\/configs\/ee2300c8-43d2-7f0b-dac0-40aaf31c9d3d.js\";\n    document.body.appendChild( as1 );\n    let as2 = document.createElement( \"script\" );\n    as2.src = \"https:\/\/bucket1.mm-syringe.com\/prod\/injector\/injector.1.5.3.js\";\n    document.body.appendChild( as2 );\n  }\n<\/script><\/p>\n<div class=\"apester-media\" data-token=\"5f10a39f94902bc81d3d59a7\" data-context=\"true\" data-tags=\"\" data-fallback=\"true\" height=\"350\"><\/div>\n<p><script id=\"apester_script\" src=\"https:\/\/static.apester.com\/js\/sdk\/latest\/apester-sdk.js\" async><\/script><script async src=\"https:\/\/www.googletagmanager.com\/gtag\/js?id=G-EFE91RJVSQ\"><\/script><script>\n  window.dataLayer = window.dataLayer || [];\n  function gtag(){dataLayer.push(arguments);}\n  gtag(\\'js\\', new Date());\n  gtag(\\'config\\', \\'G-EFE91RJVSQ\\');\n<\/script><\/span><\/p>\n<\/div>\n<p><br \/>\n<br \/><a href=\"https:\/\/www.thegatewaypundit.com\/2022\/05\/bidens-new-white-house-press-secretary-claimed-trump-stole-2016-election\/\">Source link <\/a><\/p>\n","protected":false},"excerpt":{"rendered":"<p>Demokraten und Medien haben deutlich gemacht, dass niemand die Integrit\u00e4t der Wahl 2020 in Frage stellen darf. Dies kann sogar dazu f\u00fchren, dass Sie von Social-Media-Plattformen ausgeschlossen werden. Werbung \u2013 die Geschichte geht unten weiter Doch Joe Bidens neue Pressesprecherin im Wei\u00dfen Haus, Karine Jean-Pierre, behauptete, Trump habe die Wahlen 2016 gestohlen. Wie ist das [&hellip;]<\/p>\n","protected":false},"author":5,"featured_media":7276,"comment_status":"open","ping_status":"open","sticky":false,"template":"","format":"standard","meta":{"wp_automatic_camp":["1161"],"7c42273eee5f351483e5f0095daec58d":["Bidens neuer Pressesprecher im Wei\u00dfen Haus behauptete, Trump habe die Wahl 2016 gestohlen\n"],"original_link":["https:\/\/www.thegatewaypundit.com\/2022\/05\/bidens-new-white-house-press-secretary-claimed-trump-stole-2016-election\/"],"_thumbnail_id":["7276"],"wp_automatic_remove_first_image":["yes"],"jnews_social_counter_last_update":["1777283470"]},"categories":[25],"tags":[19475,670,45,8657,9899,3356,956,19474,1639,4351,3306],"yoast_head":"<!-- This site is optimized with the Yoast SEO Premium plugin v22.7 (Yoast SEO v22.7) - https:\/\/yoast.com\/wordpress\/plugins\/seo\/ -->\n<title>Bidens neuer Pressesprecher im Wei\u00dfen Haus behauptete, Trump habe die Wahl 2016 gestohlen - just-now.NEWS Deutschland<\/title>\n<meta name=\"robots\" content=\"index, follow, max-snippet:-1, max-image-preview:large, max-video-preview:-1\" \/>\n<link rel=\"canonical\" href=\"https:\/\/now-news.de\/de\/usa\/bidens-neuer-pressesprecher-im-weissen-haus-behauptete-trump-habe-die-wahl-2016-gestohlen\/\" \/>\n<meta property=\"og:locale\" content=\"de_DE\" \/>\n<meta property=\"og:type\" content=\"article\" \/>\n<meta property=\"og:title\" content=\"Bidens neuer Pressesprecher im Wei\u00dfen Haus behauptete, Trump habe die Wahl 2016 gestohlen\" \/>\n<meta property=\"og:description\" content=\"Demokraten und Medien haben deutlich gemacht, dass niemand die Integrit\u00e4t der Wahl 2020 in Frage stellen darf. Dies kann sogar dazu f\u00fchren, dass Sie von Social-Media-Plattformen ausgeschlossen werden. Werbung \u2013 die Geschichte geht unten weiter Doch Joe Bidens neue Pressesprecherin im Wei\u00dfen Haus, Karine Jean-Pierre, behauptete, Trump habe die Wahlen 2016 gestohlen. Wie ist das [&hellip;]\" \/>\n<meta property=\"og:url\" content=\"https:\/\/now-news.de\/de\/usa\/bidens-neuer-pressesprecher-im-weissen-haus-behauptete-trump-habe-die-wahl-2016-gestohlen\/\" \/>\n<meta property=\"og:site_name\" content=\"just-now.NEWS Deutschland\" \/>\n<meta property=\"article:publisher\" content=\"https:\/\/www.facebook.com\/wirmachenauf\" \/>\n<meta property=\"article:published_time\" content=\"2022-05-10T10:26:00+00:00\" \/>\n<meta property=\"og:image\" content=\"https:\/\/now-news.de\/de\/wp-content\/uploads\/sites\/3\/2022\/05\/Bidens-neuer-Pressesprecher-im-Weissen-Haus-behauptete-Trump-habe-die.jpg\" \/>\n\t<meta property=\"og:image:width\" content=\"618\" \/>\n\t<meta property=\"og:image:height\" content=\"424\" \/>\n\t<meta property=\"og:image:type\" content=\"image\/jpeg\" \/>\n<meta name=\"author\" content=\"greatreset\" \/>\n<meta name=\"twitter:card\" content=\"summary_large_image\" \/>\n<meta name=\"twitter:creator\" content=\"@WirMachenAuf_de\" \/>\n<meta name=\"twitter:site\" content=\"@WirMachenAuf_de\" \/>\n<meta name=\"twitter:label1\" content=\"Verfasst von\" \/>\n\t<meta name=\"twitter:data1\" content=\"greatreset\" \/>\n\t<meta name=\"twitter:label2\" content=\"Gesch\u00e4tzte Lesezeit\" \/>\n\t<meta name=\"twitter:data2\" content=\"2\u00a0Minuten\" \/>\n<script type=\"application\/ld+json\" class=\"yoast-schema-graph\">{\"@context\":\"https:\/\/schema.org\",\"@graph\":[{\"@type\":\"Article\",\"@id\":\"https:\/\/now-news.de\/de\/usa\/bidens-neuer-pressesprecher-im-weissen-haus-behauptete-trump-habe-die-wahl-2016-gestohlen\/#article\",\"isPartOf\":{\"@id\":\"https:\/\/now-news.de\/de\/usa\/bidens-neuer-pressesprecher-im-weissen-haus-behauptete-trump-habe-die-wahl-2016-gestohlen\/\"},\"author\":{\"name\":\"greatreset\",\"@id\":\"https:\/\/now-news.de\/de\/#\/schema\/person\/8afb4cd92b68572db7902c13a349ffcb\"},\"headline\":\"Bidens neuer Pressesprecher im Wei\u00dfen Haus behauptete, Trump habe die Wahl 2016 gestohlen\",\"datePublished\":\"2022-05-10T10:26:00+00:00\",\"dateModified\":\"2022-05-10T10:26:00+00:00\",\"mainEntityOfPage\":{\"@id\":\"https:\/\/now-news.de\/de\/usa\/bidens-neuer-pressesprecher-im-weissen-haus-behauptete-trump-habe-die-wahl-2016-gestohlen\/\"},\"wordCount\":424,\"commentCount\":0,\"publisher\":{\"@id\":\"https:\/\/now-news.de\/de\/#organization\"},\"image\":{\"@id\":\"https:\/\/now-news.de\/de\/usa\/bidens-neuer-pressesprecher-im-weissen-haus-behauptete-trump-habe-die-wahl-2016-gestohlen\/#primaryimage\"},\"thumbnailUrl\":\"https:\/\/now-news.de\/de\/wp-content\/uploads\/sites\/3\/2022\/05\/Bidens-neuer-Pressesprecher-im-Weissen-Haus-behauptete-Trump-habe-die.jpg\",\"keywords\":[\"behauptete\",\"Bidens\",\"die\",\"gestohlen\",\"habe\",\"Haus\",\"Neuer\",\"Pressesprecher\",\"trump\",\"Wahl\",\"Wei\u00dfen\"],\"articleSection\":[\"USA\"],\"inLanguage\":\"de\",\"potentialAction\":[{\"@type\":\"CommentAction\",\"name\":\"Comment\",\"target\":[\"https:\/\/now-news.de\/de\/usa\/bidens-neuer-pressesprecher-im-weissen-haus-behauptete-trump-habe-die-wahl-2016-gestohlen\/#respond\"]}]},{\"@type\":\"WebPage\",\"@id\":\"https:\/\/now-news.de\/de\/usa\/bidens-neuer-pressesprecher-im-weissen-haus-behauptete-trump-habe-die-wahl-2016-gestohlen\/\",\"url\":\"https:\/\/now-news.de\/de\/usa\/bidens-neuer-pressesprecher-im-weissen-haus-behauptete-trump-habe-die-wahl-2016-gestohlen\/\",\"name\":\"Bidens neuer Pressesprecher im Wei\u00dfen Haus behauptete, Trump habe die Wahl 2016 gestohlen - just-now.NEWS Deutschland\",\"isPartOf\":{\"@id\":\"https:\/\/now-news.de\/de\/#website\"},\"primaryImageOfPage\":{\"@id\":\"https:\/\/now-news.de\/de\/usa\/bidens-neuer-pressesprecher-im-weissen-haus-behauptete-trump-habe-die-wahl-2016-gestohlen\/#primaryimage\"},\"image\":{\"@id\":\"https:\/\/now-news.de\/de\/usa\/bidens-neuer-pressesprecher-im-weissen-haus-behauptete-trump-habe-die-wahl-2016-gestohlen\/#primaryimage\"},\"thumbnailUrl\":\"https:\/\/now-news.de\/de\/wp-content\/uploads\/sites\/3\/2022\/05\/Bidens-neuer-Pressesprecher-im-Weissen-Haus-behauptete-Trump-habe-die.jpg\",\"datePublished\":\"2022-05-10T10:26:00+00:00\",\"dateModified\":\"2022-05-10T10:26:00+00:00\",\"breadcrumb\":{\"@id\":\"https:\/\/now-news.de\/de\/usa\/bidens-neuer-pressesprecher-im-weissen-haus-behauptete-trump-habe-die-wahl-2016-gestohlen\/#breadcrumb\"},\"inLanguage\":\"de\",\"potentialAction\":[{\"@type\":\"ReadAction\",\"target\":[\"https:\/\/now-news.de\/de\/usa\/bidens-neuer-pressesprecher-im-weissen-haus-behauptete-trump-habe-die-wahl-2016-gestohlen\/\"]}]},{\"@type\":\"ImageObject\",\"inLanguage\":\"de\",\"@id\":\"https:\/\/now-news.de\/de\/usa\/bidens-neuer-pressesprecher-im-weissen-haus-behauptete-trump-habe-die-wahl-2016-gestohlen\/#primaryimage\",\"url\":\"https:\/\/now-news.de\/de\/wp-content\/uploads\/sites\/3\/2022\/05\/Bidens-neuer-Pressesprecher-im-Weissen-Haus-behauptete-Trump-habe-die.jpg\",\"contentUrl\":\"https:\/\/now-news.de\/de\/wp-content\/uploads\/sites\/3\/2022\/05\/Bidens-neuer-Pressesprecher-im-Weissen-Haus-behauptete-Trump-habe-die.jpg\",\"width\":618,\"height\":424},{\"@type\":\"BreadcrumbList\",\"@id\":\"https:\/\/now-news.de\/de\/usa\/bidens-neuer-pressesprecher-im-weissen-haus-behauptete-trump-habe-die-wahl-2016-gestohlen\/#breadcrumb\",\"itemListElement\":[{\"@type\":\"ListItem\",\"position\":1,\"name\":\"Home\",\"item\":\"https:\/\/now-news.de\/de\/\"},{\"@type\":\"ListItem\",\"position\":2,\"name\":\"Bidens neuer Pressesprecher im Wei\u00dfen Haus behauptete, Trump habe die Wahl 2016 gestohlen\"}]},{\"@type\":\"WebSite\",\"@id\":\"https:\/\/now-news.de\/de\/#website\",\"url\":\"https:\/\/now-news.de\/de\/\",\"name\":\"just-now.NEWS Deutschland\",\"description\":\"Das Portal f\u00fcr unzensierte Nachrichten aus der Welt\",\"publisher\":{\"@id\":\"https:\/\/now-news.de\/de\/#organization\"},\"potentialAction\":[{\"@type\":\"SearchAction\",\"target\":{\"@type\":\"EntryPoint\",\"urlTemplate\":\"https:\/\/now-news.de\/de\/?s={search_term_string}\"},\"query-input\":\"required name=search_term_string\"}],\"inLanguage\":\"de\"},{\"@type\":\"Organization\",\"@id\":\"https:\/\/now-news.de\/de\/#organization\",\"name\":\"Just Now News\",\"url\":\"https:\/\/now-news.de\/de\/\",\"logo\":{\"@type\":\"ImageObject\",\"inLanguage\":\"de\",\"@id\":\"https:\/\/now-news.de\/de\/#\/schema\/logo\/image\/\",\"url\":\"http:\/\/just-now.news\/de\/wp-content\/uploads\/sites\/3\/2022\/04\/logo500x500.jpg\",\"contentUrl\":\"http:\/\/just-now.news\/de\/wp-content\/uploads\/sites\/3\/2022\/04\/logo500x500.jpg\",\"width\":500,\"height\":500,\"caption\":\"Just Now News\"},\"image\":{\"@id\":\"https:\/\/now-news.de\/de\/#\/schema\/logo\/image\/\"},\"sameAs\":[\"https:\/\/www.facebook.com\/wirmachenauf\",\"https:\/\/x.com\/WirMachenAuf_de\"]},{\"@type\":\"Person\",\"@id\":\"https:\/\/now-news.de\/de\/#\/schema\/person\/8afb4cd92b68572db7902c13a349ffcb\",\"name\":\"greatreset\",\"image\":{\"@type\":\"ImageObject\",\"inLanguage\":\"de\",\"@id\":\"https:\/\/now-news.de\/de\/#\/schema\/person\/image\/\",\"url\":\"https:\/\/secure.gravatar.com\/avatar\/a088df625d49991c090e78c8b9542592?s=96&d=mm&r=g\",\"contentUrl\":\"https:\/\/secure.gravatar.com\/avatar\/a088df625d49991c090e78c8b9542592?s=96&d=mm&r=g\",\"caption\":\"greatreset\"},\"url\":\"https:\/\/now-news.de\/de\/author\/greatreset\/\"}]}<\/script>\n<!-- \/ Yoast SEO Premium plugin. -->","yoast_head_json":{"title":"Bidens neuer Pressesprecher im Wei\u00dfen Haus behauptete, Trump habe die Wahl 2016 gestohlen - just-now.NEWS Deutschland","robots":{"index":"index","follow":"follow","max-snippet":"max-snippet:-1","max-image-preview":"max-image-preview:large","max-video-preview":"max-video-preview:-1"},"canonical":"https:\/\/now-news.de\/de\/usa\/bidens-neuer-pressesprecher-im-weissen-haus-behauptete-trump-habe-die-wahl-2016-gestohlen\/","og_locale":"de_DE","og_type":"article","og_title":"Bidens neuer Pressesprecher im Wei\u00dfen Haus behauptete, Trump habe die Wahl 2016 gestohlen","og_description":"Demokraten und Medien haben deutlich gemacht, dass niemand die Integrit\u00e4t der Wahl 2020 in Frage stellen darf. Dies kann sogar dazu f\u00fchren, dass Sie von Social-Media-Plattformen ausgeschlossen werden. Werbung \u2013 die Geschichte geht unten weiter Doch Joe Bidens neue Pressesprecherin im Wei\u00dfen Haus, Karine Jean-Pierre, behauptete, Trump habe die Wahlen 2016 gestohlen. Wie ist das [&hellip;]","og_url":"https:\/\/now-news.de\/de\/usa\/bidens-neuer-pressesprecher-im-weissen-haus-behauptete-trump-habe-die-wahl-2016-gestohlen\/","og_site_name":"just-now.NEWS Deutschland","article_publisher":"https:\/\/www.facebook.com\/wirmachenauf","article_published_time":"2022-05-10T10:26:00+00:00","og_image":[{"width":618,"height":424,"url":"https:\/\/now-news.de\/de\/wp-content\/uploads\/sites\/3\/2022\/05\/Bidens-neuer-Pressesprecher-im-Weissen-Haus-behauptete-Trump-habe-die.jpg","type":"image\/jpeg"}],"author":"greatreset","twitter_card":"summary_large_image","twitter_creator":"@WirMachenAuf_de","twitter_site":"@WirMachenAuf_de","twitter_misc":{"Verfasst von":"greatreset","Gesch\u00e4tzte Lesezeit":"2\u00a0Minuten"},"schema":{"@context":"https:\/\/schema.org","@graph":[{"@type":"Article","@id":"https:\/\/now-news.de\/de\/usa\/bidens-neuer-pressesprecher-im-weissen-haus-behauptete-trump-habe-die-wahl-2016-gestohlen\/#article","isPartOf":{"@id":"https:\/\/now-news.de\/de\/usa\/bidens-neuer-pressesprecher-im-weissen-haus-behauptete-trump-habe-die-wahl-2016-gestohlen\/"},"author":{"name":"greatreset","@id":"https:\/\/now-news.de\/de\/#\/schema\/person\/8afb4cd92b68572db7902c13a349ffcb"},"headline":"Bidens neuer Pressesprecher im Wei\u00dfen Haus behauptete, Trump habe die Wahl 2016 gestohlen","datePublished":"2022-05-10T10:26:00+00:00","dateModified":"2022-05-10T10:26:00+00:00","mainEntityOfPage":{"@id":"https:\/\/now-news.de\/de\/usa\/bidens-neuer-pressesprecher-im-weissen-haus-behauptete-trump-habe-die-wahl-2016-gestohlen\/"},"wordCount":424,"commentCount":0,"publisher":{"@id":"https:\/\/now-news.de\/de\/#organization"},"image":{"@id":"https:\/\/now-news.de\/de\/usa\/bidens-neuer-pressesprecher-im-weissen-haus-behauptete-trump-habe-die-wahl-2016-gestohlen\/#primaryimage"},"thumbnailUrl":"https:\/\/now-news.de\/de\/wp-content\/uploads\/sites\/3\/2022\/05\/Bidens-neuer-Pressesprecher-im-Weissen-Haus-behauptete-Trump-habe-die.jpg","keywords":["behauptete","Bidens","die","gestohlen","habe","Haus","Neuer","Pressesprecher","trump","Wahl","Wei\u00dfen"],"articleSection":["USA"],"inLanguage":"de","potentialAction":[{"@type":"CommentAction","name":"Comment","target":["https:\/\/now-news.de\/de\/usa\/bidens-neuer-pressesprecher-im-weissen-haus-behauptete-trump-habe-die-wahl-2016-gestohlen\/#respond"]}]},{"@type":"WebPage","@id":"https:\/\/now-news.de\/de\/usa\/bidens-neuer-pressesprecher-im-weissen-haus-behauptete-trump-habe-die-wahl-2016-gestohlen\/","url":"https:\/\/now-news.de\/de\/usa\/bidens-neuer-pressesprecher-im-weissen-haus-behauptete-trump-habe-die-wahl-2016-gestohlen\/","name":"Bidens neuer Pressesprecher im Wei\u00dfen Haus behauptete, Trump habe die Wahl 2016 gestohlen - just-now.NEWS Deutschland","isPartOf":{"@id":"https:\/\/now-news.de\/de\/#website"},"primaryImageOfPage":{"@id":"https:\/\/now-news.de\/de\/usa\/bidens-neuer-pressesprecher-im-weissen-haus-behauptete-trump-habe-die-wahl-2016-gestohlen\/#primaryimage"},"image":{"@id":"https:\/\/now-news.de\/de\/usa\/bidens-neuer-pressesprecher-im-weissen-haus-behauptete-trump-habe-die-wahl-2016-gestohlen\/#primaryimage"},"thumbnailUrl":"https:\/\/now-news.de\/de\/wp-content\/uploads\/sites\/3\/2022\/05\/Bidens-neuer-Pressesprecher-im-Weissen-Haus-behauptete-Trump-habe-die.jpg","datePublished":"2022-05-10T10:26:00+00:00","dateModified":"2022-05-10T10:26:00+00:00","breadcrumb":{"@id":"https:\/\/now-news.de\/de\/usa\/bidens-neuer-pressesprecher-im-weissen-haus-behauptete-trump-habe-die-wahl-2016-gestohlen\/#breadcrumb"},"inLanguage":"de","potentialAction":[{"@type":"ReadAction","target":["https:\/\/now-news.de\/de\/usa\/bidens-neuer-pressesprecher-im-weissen-haus-behauptete-trump-habe-die-wahl-2016-gestohlen\/"]}]},{"@type":"ImageObject","inLanguage":"de","@id":"https:\/\/now-news.de\/de\/usa\/bidens-neuer-pressesprecher-im-weissen-haus-behauptete-trump-habe-die-wahl-2016-gestohlen\/#primaryimage","url":"https:\/\/now-news.de\/de\/wp-content\/uploads\/sites\/3\/2022\/05\/Bidens-neuer-Pressesprecher-im-Weissen-Haus-behauptete-Trump-habe-die.jpg","contentUrl":"https:\/\/now-news.de\/de\/wp-content\/uploads\/sites\/3\/2022\/05\/Bidens-neuer-Pressesprecher-im-Weissen-Haus-behauptete-Trump-habe-die.jpg","width":618,"height":424},{"@type":"BreadcrumbList","@id":"https:\/\/now-news.de\/de\/usa\/bidens-neuer-pressesprecher-im-weissen-haus-behauptete-trump-habe-die-wahl-2016-gestohlen\/#breadcrumb","itemListElement":[{"@type":"ListItem","position":1,"name":"Home","item":"https:\/\/now-news.de\/de\/"},{"@type":"ListItem","position":2,"name":"Bidens neuer Pressesprecher im Wei\u00dfen Haus behauptete, Trump habe die Wahl 2016 gestohlen"}]},{"@type":"WebSite","@id":"https:\/\/now-news.de\/de\/#website","url":"https:\/\/now-news.de\/de\/","name":"just-now.NEWS Deutschland","description":"Das Portal f\u00fcr unzensierte Nachrichten aus der Welt","publisher":{"@id":"https:\/\/now-news.de\/de\/#organization"},"potentialAction":[{"@type":"SearchAction","target":{"@type":"EntryPoint","urlTemplate":"https:\/\/now-news.de\/de\/?s={search_term_string}"},"query-input":"required name=search_term_string"}],"inLanguage":"de"},{"@type":"Organization","@id":"https:\/\/now-news.de\/de\/#organization","name":"Just Now News","url":"https:\/\/now-news.de\/de\/","logo":{"@type":"ImageObject","inLanguage":"de","@id":"https:\/\/now-news.de\/de\/#\/schema\/logo\/image\/","url":"http:\/\/just-now.news\/de\/wp-content\/uploads\/sites\/3\/2022\/04\/logo500x500.jpg","contentUrl":"http:\/\/just-now.news\/de\/wp-content\/uploads\/sites\/3\/2022\/04\/logo500x500.jpg","width":500,"height":500,"caption":"Just Now News"},"image":{"@id":"https:\/\/now-news.de\/de\/#\/schema\/logo\/image\/"},"sameAs":["https:\/\/www.facebook.com\/wirmachenauf","https:\/\/x.com\/WirMachenAuf_de"]},{"@type":"Person","@id":"https:\/\/now-news.de\/de\/#\/schema\/person\/8afb4cd92b68572db7902c13a349ffcb","name":"greatreset","image":{"@type":"ImageObject","inLanguage":"de","@id":"https:\/\/now-news.de\/de\/#\/schema\/person\/image\/","url":"https:\/\/secure.gravatar.com\/avatar\/a088df625d49991c090e78c8b9542592?s=96&d=mm&r=g","contentUrl":"https:\/\/secure.gravatar.com\/avatar\/a088df625d49991c090e78c8b9542592?s=96&d=mm&r=g","caption":"greatreset"},"url":"https:\/\/now-news.de\/de\/author\/greatreset\/"}]}},"_links":{"self":[{"href":"https:\/\/now-news.de\/de\/wp-json\/wp\/v2\/posts\/7275"}],"collection":[{"href":"https:\/\/now-news.de\/de\/wp-json\/wp\/v2\/posts"}],"about":[{"href":"https:\/\/now-news.de\/de\/wp-json\/wp\/v2\/types\/post"}],"author":[{"embeddable":true,"href":"https:\/\/now-news.de\/de\/wp-json\/wp\/v2\/users\/5"}],"replies":[{"embeddable":true,"href":"https:\/\/now-news.de\/de\/wp-json\/wp\/v2\/comments?post=7275"}],"version-history":[{"count":0,"href":"https:\/\/now-news.de\/de\/wp-json\/wp\/v2\/posts\/7275\/revisions"}],"wp:featuredmedia":[{"embeddable":true,"href":"https:\/\/now-news.de\/de\/wp-json\/wp\/v2\/media\/7276"}],"wp:attachment":[{"href":"https:\/\/now-news.de\/de\/wp-json\/wp\/v2\/media?parent=7275"}],"wp:term":[{"taxonomy":"category","embeddable":true,"href":"https:\/\/now-news.de\/de\/wp-json\/wp\/v2\/categories?post=7275"},{"taxonomy":"post_tag","embeddable":true,"href":"https:\/\/now-news.de\/de\/wp-json\/wp\/v2\/tags?post=7275"}],"curies":[{"name":"wp","href":"https:\/\/api.w.org\/{rel}","templated":true}]}}