{"id":72741,"date":"2024-11-17T13:59:29","date_gmt":"2024-11-17T11:59:29","guid":{"rendered":"https:\/\/now-news.de\/de\/deutschland\/leistungslos-reich-trotz-krise-fuehrungspersonal-des-deutschen-kapitals-kassiert-ab\/"},"modified":"2024-11-17T13:59:29","modified_gmt":"2024-11-17T11:59:29","slug":"leistungslos-reich-trotz-krise-fuehrungspersonal-des-deutschen-kapitals-kassiert-ab","status":"publish","type":"post","link":"https:\/\/now-news.de\/de\/deutschland\/leistungslos-reich-trotz-krise-fuehrungspersonal-des-deutschen-kapitals-kassiert-ab\/","title":{"rendered":"Leistungslos reich trotz Krise: F\u00fchrungspersonal des deutschen Kapitals kassiert ab"},"content":{"rendered":"<p><img decoding=\"async\" src=\"https:\/\/now-news.de\/de\/wp-content\/uploads\/sites\/3\/2024\/11\/673647e8b480cc4b987ef0e1.jpg\" \/><\/p>\n<div class=\"Text-root Text-type_1 \">\n                Die Geh\u00e4lter deutscher Manager sind wieder einmal kr\u00e4ftig angestiegen. Obwohl die Masse der Bev\u00f6lkerung unter Wirtschaftskrise, Inflation und Reallohnverlust leidet, kassierte das Spitzenpersonal der DAX-Konzerne 2023 so viel wie nie zuvor. Leistung spielte dabei keine Rolle.\n            <\/div>\n<p><\/p>\n<div class=\"Text-root Text-type_5 ArticleView-text ViewText-root \">\n<p><em>Von Susan Bonath<\/em><\/p>\n<p>Wirtschaftskrise, Teuerung, Jobabbau, Lohn- und Sozialk\u00fcrzungen machen der deutschen Normalbev\u00f6lkerung zu schaffen. Die Masse wird \u00e4rmer, ihr Leben unsicherer. Sie soll, so t\u00f6nt es penetrant von &#8220;oben&#8221;, den G\u00fcrtel immer enger schnallen. Das Spitzenpersonal des deutschen Kapitals betrifft das aber nicht. Im Gegenteil: Die Manager der Dax-Konzerne strichen zuletzt so viel Geld ein wie nie zuvor.<\/p>\n<p><strong>Millionengeh\u00e4lter auch ohne Leistung <\/strong><\/p>\n<p>Wie das Beratungsunternehmen EY in dieser Woche mitteilte,\u00a0<a rel=\"nofollow noopener\" target=\"_blank\" href=\"https:\/\/www.ey.com\/de_de\/newsroom\/2024\/11\/ey-mixed-compensation-barometer-2024\">stiegen<\/a> die Verg\u00fctungen des Spitzenpersonals der deutschen DAX-Konzerne um rund elf Prozent auf durchschnittlich 2,65 Millionen Euro Jahresgehalt. Vorstandschefs kassierten sogar 16 Prozent mehr als im Vorjahr, im Schnitt 3,7 Millionen Euro. Gesch\u00e4ftsf\u00fchrer kamen sogar auf rund 5,7 Millionen Euro.<\/p>\n<p>EY hatte die Geh\u00e4lter in den Chefetagen der Unternehmen im deutschen Aktienindex DAX (40 Gro\u00dfkonzere), im MDax (rund 50 mittelgro\u00dfe Konzerne) und SDax (zirka 70 kleinere Unternehmen) ermittelt und staunte offensichtlich selbst \u00fcber den deutlichen Anstieg. &#8220;Die sehr positive Gehaltsentwicklung vieler Vorst\u00e4nde im vergangenen Jahr mag auf den ersten Blick erstaunen, da die DAX-Unternehmen insgesamt eher stagnierende Ums\u00e4tze und Gewinne verzeichneten&#8221;, sagte Jens Massmann von EY.<\/p>\n<p><strong>Marketing mit Moralin <\/strong><\/p>\n<p>Das W\u00f6rtchen &#8220;Krise&#8221; vermeidet der Gro\u00dfkapitalberater dabei so geflissentlich, wie das Benennen der Verm\u00f6genszuw\u00e4chse bei den Eigent\u00fcmern der Konzerne. Stattdessen betreibt er Marketing mit bekannten, inhaltsleeren Moralspr\u00fcchen, zum Beispiel aus der Rubrik b\u00fcrgerlicher &#8220;Feminismus&#8221;: Frauen in Chefetagen verdienten demnach sogar etwas mehr als M\u00e4nner \u2013 auch wenn sie weitaus weniger vertreten sind und ihre Geh\u00e4lter von 2022 zu 2023 weit weniger stiegen als die der m\u00e4nnlichen Mehrheit.<\/p>\n<p>Um Leistung, die Politiker von Lohnabh\u00e4ngigen best\u00e4ndig fordern, geht es dabei offenkundig nicht. Laut EY m\u00fcsse &#8220;eine schwache Entwicklung bei Umsatz, Gewinn- oder Aktienkurs&#8221; \u2013 manche nennen es Deindustrialisierung Deutschlands \u2013 &#8220;nicht zwangsl\u00e4ufig zu Gehaltsr\u00fcckg\u00e4ngen in der Vorstandsetage f\u00fchren&#8221;. &#8220;Tempor\u00e4re Einbu\u00dfen&#8221; lie\u00dfen sich leider nicht vermeiden, hei\u00dft es weiter. Und: F\u00fcr ein sattes Gehaltsplus gen\u00fcgt es demnach, sehr miese Prognosen mit etwas weniger miesen Ergebnissen zu begegnen.<\/p>\n<p>Die Leistung der hochbezahlten Topmanager bestand im Ganzen dann auch vor allem darin, Deutschland zum Schlusslicht beim Wachstum der Wirtschaftsleistung und bei der Entwicklung des Bruttoinlandsprodukts (BIP) zu machen. Erst k\u00fcrzlich <a rel=\"nofollow noopener\" target=\"_blank\" href=\"https:\/\/www.zdf.de\/nachrichten\/wirtschaft\/iwf-weltwirtschaft-konjunktur-deutschland-100.html\">senkte<\/a> der Internationale W\u00e4hrungsfonds (IWF) seine Wachstumsprognose auf Null.\u00a0 Auch die sogenannten &#8220;Wirtschaftsweisen&#8221; <a rel=\"nofollow noopener\" target=\"_blank\" href=\"https:\/\/www.tagesschau.de\/wirtschaft\/konjunktur\/wirtschaftsweisen-prognose-100.html\">bliesen<\/a> in dieser Woche entsprechend Tr\u00fcbsal.\u00a0<\/p>\n<p><strong>Lohnverlust und Sozialabbau f\u00fcr die Massen<\/strong><\/p>\n<p>Von Lohnzuw\u00e4chsen von elf oder 16 Prozent k\u00f6nnen deutsche Normalverdiener derweil nur tr\u00e4umen. Die letzten Jahre bedeuteten f\u00fcr sie massive Reallohnverluste, die auch einige neuere Tarifabschl\u00fcsse, etwa in der Metallindustrie, <a rel=\"nofollow noopener\" target=\"_blank\" href=\"https:\/\/www.destatis.de\/DE\/Themen\/Arbeit\/Verdienste\/Realloehne-Nettoverdienste\/_inhalt.html\">nicht kompensieren<\/a> konnten.\u00a0 Wie die Hans-B\u00f6ckler-Stiftung\u00a0<a rel=\"nofollow noopener\" target=\"_blank\" href=\"https:\/\/www.tagesschau.de\/wirtschaft\/verbraucher\/kaufkraft-lohnwachstum-beschaeftigte-inflation-konjunktur-reallohn-nominallohn-100.htm\">ermittelte<\/a> , b\u00fc\u00dften Arbeitnehmer in der ganzen Europ\u00e4ischen Union (EU) vergangenes Jahr erneut an Kaufkraft ein.<\/p>\n<p>Insgesamt wird die Lage der Lohnabh\u00e4ngigen in Deutschland immer prek\u00e4rer. W\u00e4hrend die Industrie abwandert und Arbeitspl\u00e4tze abbaut, hat die inzwischen zerfallene Ampel das soziale Auffangnetz f\u00fcr Rausgefallene zuletzt wieder massiv ausged\u00fcnnt. So sollen etwa B\u00fcrgergeldbezieher trotz anhaltend hoher Preise f\u00fcr Energie und Lebensmittel 2025 eine <a rel=\"nofollow noopener\" target=\"_blank\" href=\"https:\/\/www.merkur.de\/verbraucher\/buergergeld-ab-januar-2025-die-regelsaetze-fuer-das-naechste-jahr-experte-spricht-klartext-93408266.html\">Nullrunde<\/a> in Kauf nehmen.<\/p>\n<p>Wer als Arbeitsloser ungehorsam oder und nicht bereit ist, jeden Dumpingjob anzunehmen, den d\u00fcrfen Jobcenter schon jetzt wieder h\u00e4rter sanktionieren, in bestimmten F\u00e4llen \u2013 wom\u00f6glich verfassungswidrig \u2013 auch auf Null. Mit Friedrich Merz als wahrscheinlich neuem CDU-Kanzler droht Betroffenen noch <a rel=\"nofollow noopener\" target=\"_blank\" href=\"https:\/\/www.suedkurier.de\/ueberregional\/wirtschaft\/geld-finanzen\/aenderungen-beim-buergergeld-das-kommt-auf-empfaenger-zu-wenn-friedrich-merz-kanzler-wird-14-11-24;art1373668,12185953\">Schlimmeres<\/a>.<\/p>\n<p><strong>Milliarden f\u00fcr den Krieg, Maulkorb f\u00fcrs Volk<\/strong><\/p>\n<p>Das Ausd\u00fcnnen des sozialen Netzes ist fester Bestandteil neoliberaler Politik. Das Ziel dahinter ist es nicht zuletzt, allen Lohnabh\u00e4ngigen im unteren und mittleren Einkommensbereich einen Maulkorb zu verpassen. Wenn nach einer K\u00fcndigung der soziale Totalabsturz droht, werden Besch\u00e4ftigte sich dreimal \u00fcberlegen, ob sie gegen miserable Arbeitsbedingungen und niedrige L\u00f6hne aufbegehren. Das Volk muss schlie\u00dflich klein gehalten werden.<\/p>\n<p>Anders als die R\u00fcstungsindustrie: Kurz vor ihrem Abgang will die Resteampel unter dem Beifall der Unionsparteien CDU und CSU noch einmal kr\u00e4ftig neue Schulden aufnehmen: Ein zweites Sonderverm\u00f6gen von bis zu 200 Milliarden Euro soll in den Milit\u00e4rhaushalt gepumpt werden und am Ende auf den Konten der R\u00fcstungsindustrie <a rel=\"nofollow noopener\" target=\"_blank\" href=\"https:\/\/www.sueddeutsche.de\/wirtschaft\/deutschland-bundeswehr-trump-verteidigungspolitik-sondervermoegen-robert-habeck-lux.Dy7yktQitA79c9FFRKe9qH?reduced=true\">landen<\/a>.\u00a0<\/p>\n<p>Derweil schr\u00f6pft sie den Sozialstaat nicht nur beim B\u00fcrgergeld, sondern an allen Ecken und Enden. Betroffen sind Einrichtungen f\u00fcr Kinder, Jugendliche und Senioren, das Gesundheitswesen, die Pflege, die Sozialberatung, die Obdachlosenhilfe \u2013 eigentlich fast alles.<\/p>\n<p><strong>NRW: Zehntausende gegen Sozialabbau<\/strong><\/p>\n<p>Im nordrhein-westf\u00e4lischen D\u00fcsseldorf sorgten entsprechende K\u00fcrzungspl\u00e4ne immerhin f\u00fcr Protest in einer Gr\u00f6\u00dfenordnung, wie es sie schon lange nicht mehr gab. Am 14. November <a rel=\"nofollow noopener\" target=\"_blank\" href=\"https:\/\/www.jungewelt.de\/artikel\/487799.32-000-demonstranten-gegen-sozialabbau.html\">demonstrierten<\/a> mehr als 30.000 Menschen in D\u00fcsseldorf gegen Sozialabbau. Sie waren einem Aufruf von Sozialverb\u00e4nden und Gewerkschaften gefolgt.<\/p>\n<p>Man k\u00f6nne &#8220;soziale Sicherheit nicht an- und ausknipsen wie eine Ampel&#8221;, sagte die NRW-Vorsitzende des Deutschen Gewerkschaftsbundes (DGB) gegen\u00fcber der Berliner Zeitung <em>junge Welt<\/em>. Der Sozialverband VdK in Deutschlands gr\u00f6\u00dftem Bundesland <a rel=\"nofollow noopener\" target=\"_blank\" href=\"https:\/\/nrw.vdk.de\/presse\/pressemitteilungen\/pressemitteilung\/vdk-warnt-vor-dramatischen-folgen-der-haushaltskuerzungen\/\">warnt<\/a> dazu in einer Mitteilung vor &#8220;dramatischen Folgen der anvisierten Haushaltsk\u00fcrzungen&#8221;.<\/p>\n<p><strong>Umverteilung l\u00e4uft<\/strong><\/p>\n<p>Diese Plagen der Normalbev\u00f6lkerung k\u00fcmmern die DAX-Konzernvorst\u00e4nde vermutlich \u00e4hnlich wenig wie f\u00fchrende Politiker. Der Inflation, der Wirtschaftskrise und allem Klagen und Jammern (etwa gegen Forderungen nach einer Verm\u00f6genssteuer) zum Trotz: Den Superreichen in Deutschland und ihrem Spitzenpersonal geht es anscheinend <a rel=\"nofollow noopener\" target=\"_blank\" href=\"https:\/\/www.ardmediathek.de\/video\/monitor-studiom\/deutschland-steuerparadies-fuer-superreiche\/wdr\/Y3JpZDovL3dkci5kZS9CZWl0cmFnLXNvcGhvcmEtNWRmNTUxNDQtYjU0OC00YTBlLTgyNzYtZjAwMjM5MGYwMzA2\">pr\u00e4chtig<\/a>:<\/p>\n<p>Die Umverteilung von unten nach oben l\u00e4uft demnach bestens. W\u00e4hrend die <em>Bild<\/em> in Dauerschleife gegen B\u00fcrgergeldbezieher\u00a0<a rel=\"nofollow noopener\" target=\"_blank\" href=\"https:\/\/www.bild.de\/politik\/inland\/andrea-nahles-verhaengt-haertere-jobcenter-strafen-ab-sofort-buergergeld-knaller-fuer-termin-schwaenzer-672496f4c405ee3e7e216d35\">hetzt<\/a> und kranke Arbeitnehmer schon mal zu Faulenzern\u00a0<a rel=\"nofollow noopener\" target=\"_blank\" href=\"https:\/\/www.bild.de\/leben-wissen\/deutschland-kraenker-denn-je-rekord-krankenstand-im-jahr-2024-66ea99156afad031304b7c2a\">erkl\u00e4rt<\/a>, knallen in den h\u00f6chsten Konzernetagen wohl wieder die Champagnerkorken.<\/p>\n<div class=\"EmbedBlock-root EmbedBlock-externalVideo EmbedBlock-rumble\">\n<div class=\"VkEmbed\"><iframe class=\"lazyload\" data-src=\"https:\/\/rumble.com\/embed\/v5n2h2b\" frameborder=\"0\" width=\"853\" height=\"480\" allowfullscreen><\/iframe><\/div>\n<\/div>\n<p>Ansto\u00dfen werden die CEOs, Vorst\u00e4nde und Aufsichtsr\u00e4te vermutlich auch auf einen ihrer besten Lobbyisten: <a rel=\"nofollow noopener\" target=\"_blank\" href=\"https:\/\/www.n-tv.de\/politik\/Merz-Hoehere-Steuern-fuer-Reiche-das-geht-doch-nicht-auf-article25288932.html\">Friedrich Merz<\/a>. Der wird die Superreichen ganz sicher nicht im Stich lassen \u2013 und \u00fcbt sich derweil schon mal in der Kanzlerpose.<\/p>\n<p><strong>Mehr zum Thema<\/strong> &#8211; <a rel=\"nofollow noopener\" target=\"_blank\" href=\"https:\/\/dert.site\/meinung\/225773-scholz-und-lindners-showdown-kampf\/\">Scholz&#8217; und Lindners Showdown: Ein Kampf um Schulden und die Zukunft der deutschen Wirtschaft<\/a><\/p>\n<\/div>\n<p><br \/>\n<br \/><a href=\"https:\/\/de.rt.com\/gesellschaft\/225969-leistungslos-reich-trotz-krise-fuehrungspersonal\/\">Source link <\/a><\/p>\n","protected":false},"excerpt":{"rendered":"<p>Die Geh\u00e4lter deutscher Manager sind wieder einmal kr\u00e4ftig angestiegen. Obwohl die Masse der Bev\u00f6lkerung unter Wirtschaftskrise, Inflation und Reallohnverlust leidet, kassierte das Spitzenpersonal der DAX-Konzerne 2023 so viel wie nie zuvor. Leistung spielte dabei keine Rolle. Von Susan Bonath Wirtschaftskrise, Teuerung, Jobabbau, Lohn- und Sozialk\u00fcrzungen machen der deutschen Normalbev\u00f6lkerung zu schaffen. Die Masse wird \u00e4rmer, [&hellip;]<\/p>\n","protected":false},"author":3,"featured_media":72742,"comment_status":"open","ping_status":"open","sticky":false,"template":"","format":"standard","meta":{"_yoast_indexnow_last_ping":["1731845136"],"wp_automatic_camp":["217"],"1297c780c411fd1ea9c3a805fe9f15fb":["Leistungslos reich trotz Krise: F\u00fchrungspersonal des deutschen Kapitals kassiert ab"],"original_link":["https:\/\/de.rt.com\/gesellschaft\/225969-leistungslos-reich-trotz-krise-fuehrungspersonal\/"],"_thumbnail_id":["72742"],"_wptgpro_p2tg_sent2tg":["a:1:{i:23737;s:19:\"2024-11-17 14:06:46\";}"],"jnews_social_counter_last_update":["1777607382"]},"categories":[19,23],"tags":[583,577,43301,43163,33602,861,32208,6107,1381],"yoast_head":"<!-- This site is optimized with the Yoast SEO Premium plugin v22.7 (Yoast SEO v22.7) - https:\/\/yoast.com\/wordpress\/plugins\/seo\/ -->\n<title>Leistungslos reich trotz Krise: F\u00fchrungspersonal des deutschen Kapitals kassiert ab - just-now.NEWS Deutschland<\/title>\n<meta name=\"robots\" content=\"index, follow, max-snippet:-1, max-image-preview:large, max-video-preview:-1\" \/>\n<link rel=\"canonical\" href=\"https:\/\/now-news.de\/de\/deutschland\/leistungslos-reich-trotz-krise-fuehrungspersonal-des-deutschen-kapitals-kassiert-ab\/\" \/>\n<meta property=\"og:locale\" content=\"de_DE\" \/>\n<meta property=\"og:type\" content=\"article\" \/>\n<meta property=\"og:title\" content=\"Leistungslos reich trotz Krise: F\u00fchrungspersonal des deutschen Kapitals kassiert ab\" \/>\n<meta property=\"og:description\" content=\"Die Geh\u00e4lter deutscher Manager sind wieder einmal kr\u00e4ftig angestiegen. Obwohl die Masse der Bev\u00f6lkerung unter Wirtschaftskrise, Inflation und Reallohnverlust leidet, kassierte das Spitzenpersonal der DAX-Konzerne 2023 so viel wie nie zuvor. Leistung spielte dabei keine Rolle. Von Susan Bonath Wirtschaftskrise, Teuerung, Jobabbau, Lohn- und Sozialk\u00fcrzungen machen der deutschen Normalbev\u00f6lkerung zu schaffen. Die Masse wird \u00e4rmer, [&hellip;]\" \/>\n<meta property=\"og:url\" content=\"https:\/\/now-news.de\/de\/deutschland\/leistungslos-reich-trotz-krise-fuehrungspersonal-des-deutschen-kapitals-kassiert-ab\/\" \/>\n<meta property=\"og:site_name\" content=\"just-now.NEWS Deutschland\" \/>\n<meta property=\"article:publisher\" content=\"https:\/\/www.facebook.com\/wirmachenauf\" \/>\n<meta property=\"article:published_time\" content=\"2024-11-17T11:59:29+00:00\" \/>\n<meta property=\"og:image\" content=\"https:\/\/now-news.de\/de\/wp-content\/uploads\/sites\/3\/2024\/11\/673647e8b480cc4b987ef0e1.jpg\" \/>\n<meta name=\"author\" content=\"rtnews\" \/>\n<meta name=\"twitter:card\" content=\"summary_large_image\" \/>\n<meta name=\"twitter:creator\" content=\"@WirMachenAuf_de\" \/>\n<meta name=\"twitter:site\" content=\"@WirMachenAuf_de\" \/>\n<meta name=\"twitter:label1\" content=\"Verfasst von\" \/>\n\t<meta name=\"twitter:data1\" content=\"rtnews\" \/>\n\t<meta name=\"twitter:label2\" content=\"Gesch\u00e4tzte Lesezeit\" \/>\n\t<meta name=\"twitter:data2\" content=\"5\u00a0Minuten\" \/>\n<script type=\"application\/ld+json\" class=\"yoast-schema-graph\">{\"@context\":\"https:\/\/schema.org\",\"@graph\":[{\"@type\":\"Article\",\"@id\":\"https:\/\/now-news.de\/de\/deutschland\/leistungslos-reich-trotz-krise-fuehrungspersonal-des-deutschen-kapitals-kassiert-ab\/#article\",\"isPartOf\":{\"@id\":\"https:\/\/now-news.de\/de\/deutschland\/leistungslos-reich-trotz-krise-fuehrungspersonal-des-deutschen-kapitals-kassiert-ab\/\"},\"author\":{\"name\":\"rtnews\",\"@id\":\"https:\/\/now-news.de\/de\/#\/schema\/person\/fb534a4e865501d8b3285208df34a9b5\"},\"headline\":\"Leistungslos reich trotz Krise: F\u00fchrungspersonal des deutschen Kapitals kassiert ab\",\"datePublished\":\"2024-11-17T11:59:29+00:00\",\"dateModified\":\"2024-11-17T11:59:29+00:00\",\"mainEntityOfPage\":{\"@id\":\"https:\/\/now-news.de\/de\/deutschland\/leistungslos-reich-trotz-krise-fuehrungspersonal-des-deutschen-kapitals-kassiert-ab\/\"},\"wordCount\":1011,\"commentCount\":0,\"publisher\":{\"@id\":\"https:\/\/now-news.de\/de\/#organization\"},\"image\":{\"@id\":\"https:\/\/now-news.de\/de\/deutschland\/leistungslos-reich-trotz-krise-fuehrungspersonal-des-deutschen-kapitals-kassiert-ab\/#primaryimage\"},\"thumbnailUrl\":\"https:\/\/now-news.de\/de\/wp-content\/uploads\/sites\/3\/2024\/11\/Leistungslos-reich-trotz-Krise-Fuehrungspersonal-des-deutschen-Kapitals-kassiert-ab.jpg\",\"keywords\":[\"des\",\"Deutschen\",\"F\u00fchrungspersonal\",\"Kapitals\",\"kassiert\",\"krise\",\"leistungslos\",\"Reich\",\"Trotz\"],\"articleSection\":[\"Deutschland\",\"Russland\"],\"inLanguage\":\"de\",\"potentialAction\":[{\"@type\":\"CommentAction\",\"name\":\"Comment\",\"target\":[\"https:\/\/now-news.de\/de\/deutschland\/leistungslos-reich-trotz-krise-fuehrungspersonal-des-deutschen-kapitals-kassiert-ab\/#respond\"]}]},{\"@type\":\"WebPage\",\"@id\":\"https:\/\/now-news.de\/de\/deutschland\/leistungslos-reich-trotz-krise-fuehrungspersonal-des-deutschen-kapitals-kassiert-ab\/\",\"url\":\"https:\/\/now-news.de\/de\/deutschland\/leistungslos-reich-trotz-krise-fuehrungspersonal-des-deutschen-kapitals-kassiert-ab\/\",\"name\":\"Leistungslos reich trotz Krise: F\u00fchrungspersonal des deutschen Kapitals kassiert ab - just-now.NEWS Deutschland\",\"isPartOf\":{\"@id\":\"https:\/\/now-news.de\/de\/#website\"},\"primaryImageOfPage\":{\"@id\":\"https:\/\/now-news.de\/de\/deutschland\/leistungslos-reich-trotz-krise-fuehrungspersonal-des-deutschen-kapitals-kassiert-ab\/#primaryimage\"},\"image\":{\"@id\":\"https:\/\/now-news.de\/de\/deutschland\/leistungslos-reich-trotz-krise-fuehrungspersonal-des-deutschen-kapitals-kassiert-ab\/#primaryimage\"},\"thumbnailUrl\":\"https:\/\/now-news.de\/de\/wp-content\/uploads\/sites\/3\/2024\/11\/Leistungslos-reich-trotz-Krise-Fuehrungspersonal-des-deutschen-Kapitals-kassiert-ab.jpg\",\"datePublished\":\"2024-11-17T11:59:29+00:00\",\"dateModified\":\"2024-11-17T11:59:29+00:00\",\"breadcrumb\":{\"@id\":\"https:\/\/now-news.de\/de\/deutschland\/leistungslos-reich-trotz-krise-fuehrungspersonal-des-deutschen-kapitals-kassiert-ab\/#breadcrumb\"},\"inLanguage\":\"de\",\"potentialAction\":[{\"@type\":\"ReadAction\",\"target\":[\"https:\/\/now-news.de\/de\/deutschland\/leistungslos-reich-trotz-krise-fuehrungspersonal-des-deutschen-kapitals-kassiert-ab\/\"]}]},{\"@type\":\"ImageObject\",\"inLanguage\":\"de\",\"@id\":\"https:\/\/now-news.de\/de\/deutschland\/leistungslos-reich-trotz-krise-fuehrungspersonal-des-deutschen-kapitals-kassiert-ab\/#primaryimage\",\"url\":\"https:\/\/now-news.de\/de\/wp-content\/uploads\/sites\/3\/2024\/11\/Leistungslos-reich-trotz-Krise-Fuehrungspersonal-des-deutschen-Kapitals-kassiert-ab.jpg\",\"contentUrl\":\"https:\/\/now-news.de\/de\/wp-content\/uploads\/sites\/3\/2024\/11\/Leistungslos-reich-trotz-Krise-Fuehrungspersonal-des-deutschen-Kapitals-kassiert-ab.jpg\",\"width\":460,\"height\":259,\"caption\":\"Leistungslos reich trotz Krise: F\u00fchrungspersonal des deutschen Kapitals kassiert ab\"},{\"@type\":\"BreadcrumbList\",\"@id\":\"https:\/\/now-news.de\/de\/deutschland\/leistungslos-reich-trotz-krise-fuehrungspersonal-des-deutschen-kapitals-kassiert-ab\/#breadcrumb\",\"itemListElement\":[{\"@type\":\"ListItem\",\"position\":1,\"name\":\"Home\",\"item\":\"https:\/\/now-news.de\/de\/\"},{\"@type\":\"ListItem\",\"position\":2,\"name\":\"Leistungslos reich trotz Krise: F\u00fchrungspersonal des deutschen Kapitals kassiert ab\"}]},{\"@type\":\"WebSite\",\"@id\":\"https:\/\/now-news.de\/de\/#website\",\"url\":\"https:\/\/now-news.de\/de\/\",\"name\":\"just-now.NEWS Deutschland\",\"description\":\"Das Portal f\u00fcr unzensierte Nachrichten aus der Welt\",\"publisher\":{\"@id\":\"https:\/\/now-news.de\/de\/#organization\"},\"potentialAction\":[{\"@type\":\"SearchAction\",\"target\":{\"@type\":\"EntryPoint\",\"urlTemplate\":\"https:\/\/now-news.de\/de\/?s={search_term_string}\"},\"query-input\":\"required name=search_term_string\"}],\"inLanguage\":\"de\"},{\"@type\":\"Organization\",\"@id\":\"https:\/\/now-news.de\/de\/#organization\",\"name\":\"Just Now News\",\"url\":\"https:\/\/now-news.de\/de\/\",\"logo\":{\"@type\":\"ImageObject\",\"inLanguage\":\"de\",\"@id\":\"https:\/\/now-news.de\/de\/#\/schema\/logo\/image\/\",\"url\":\"http:\/\/just-now.news\/de\/wp-content\/uploads\/sites\/3\/2022\/04\/logo500x500.jpg\",\"contentUrl\":\"http:\/\/just-now.news\/de\/wp-content\/uploads\/sites\/3\/2022\/04\/logo500x500.jpg\",\"width\":500,\"height\":500,\"caption\":\"Just Now News\"},\"image\":{\"@id\":\"https:\/\/now-news.de\/de\/#\/schema\/logo\/image\/\"},\"sameAs\":[\"https:\/\/www.facebook.com\/wirmachenauf\",\"https:\/\/x.com\/WirMachenAuf_de\"]},{\"@type\":\"Person\",\"@id\":\"https:\/\/now-news.de\/de\/#\/schema\/person\/fb534a4e865501d8b3285208df34a9b5\",\"name\":\"rtnews\",\"image\":{\"@type\":\"ImageObject\",\"inLanguage\":\"de\",\"@id\":\"https:\/\/now-news.de\/de\/#\/schema\/person\/image\/\",\"url\":\"https:\/\/secure.gravatar.com\/avatar\/82aafea7d8127119dd649515f56e2117?s=96&d=mm&r=g\",\"contentUrl\":\"https:\/\/secure.gravatar.com\/avatar\/82aafea7d8127119dd649515f56e2117?s=96&d=mm&r=g\",\"caption\":\"rtnews\"},\"url\":\"https:\/\/now-news.de\/de\/author\/rnews\/\"}]}<\/script>\n<!-- \/ Yoast SEO Premium plugin. -->","yoast_head_json":{"title":"Leistungslos reich trotz Krise: F\u00fchrungspersonal des deutschen Kapitals kassiert ab - just-now.NEWS Deutschland","robots":{"index":"index","follow":"follow","max-snippet":"max-snippet:-1","max-image-preview":"max-image-preview:large","max-video-preview":"max-video-preview:-1"},"canonical":"https:\/\/now-news.de\/de\/deutschland\/leistungslos-reich-trotz-krise-fuehrungspersonal-des-deutschen-kapitals-kassiert-ab\/","og_locale":"de_DE","og_type":"article","og_title":"Leistungslos reich trotz Krise: F\u00fchrungspersonal des deutschen Kapitals kassiert ab","og_description":"Die Geh\u00e4lter deutscher Manager sind wieder einmal kr\u00e4ftig angestiegen. Obwohl die Masse der Bev\u00f6lkerung unter Wirtschaftskrise, Inflation und Reallohnverlust leidet, kassierte das Spitzenpersonal der DAX-Konzerne 2023 so viel wie nie zuvor. Leistung spielte dabei keine Rolle. Von Susan Bonath Wirtschaftskrise, Teuerung, Jobabbau, Lohn- und Sozialk\u00fcrzungen machen der deutschen Normalbev\u00f6lkerung zu schaffen. Die Masse wird \u00e4rmer, [&hellip;]","og_url":"https:\/\/now-news.de\/de\/deutschland\/leistungslos-reich-trotz-krise-fuehrungspersonal-des-deutschen-kapitals-kassiert-ab\/","og_site_name":"just-now.NEWS Deutschland","article_publisher":"https:\/\/www.facebook.com\/wirmachenauf","article_published_time":"2024-11-17T11:59:29+00:00","og_image":[{"url":"https:\/\/now-news.de\/de\/wp-content\/uploads\/sites\/3\/2024\/11\/673647e8b480cc4b987ef0e1.jpg"}],"author":"rtnews","twitter_card":"summary_large_image","twitter_creator":"@WirMachenAuf_de","twitter_site":"@WirMachenAuf_de","twitter_misc":{"Verfasst von":"rtnews","Gesch\u00e4tzte Lesezeit":"5\u00a0Minuten"},"schema":{"@context":"https:\/\/schema.org","@graph":[{"@type":"Article","@id":"https:\/\/now-news.de\/de\/deutschland\/leistungslos-reich-trotz-krise-fuehrungspersonal-des-deutschen-kapitals-kassiert-ab\/#article","isPartOf":{"@id":"https:\/\/now-news.de\/de\/deutschland\/leistungslos-reich-trotz-krise-fuehrungspersonal-des-deutschen-kapitals-kassiert-ab\/"},"author":{"name":"rtnews","@id":"https:\/\/now-news.de\/de\/#\/schema\/person\/fb534a4e865501d8b3285208df34a9b5"},"headline":"Leistungslos reich trotz Krise: F\u00fchrungspersonal des deutschen Kapitals kassiert ab","datePublished":"2024-11-17T11:59:29+00:00","dateModified":"2024-11-17T11:59:29+00:00","mainEntityOfPage":{"@id":"https:\/\/now-news.de\/de\/deutschland\/leistungslos-reich-trotz-krise-fuehrungspersonal-des-deutschen-kapitals-kassiert-ab\/"},"wordCount":1011,"commentCount":0,"publisher":{"@id":"https:\/\/now-news.de\/de\/#organization"},"image":{"@id":"https:\/\/now-news.de\/de\/deutschland\/leistungslos-reich-trotz-krise-fuehrungspersonal-des-deutschen-kapitals-kassiert-ab\/#primaryimage"},"thumbnailUrl":"https:\/\/now-news.de\/de\/wp-content\/uploads\/sites\/3\/2024\/11\/Leistungslos-reich-trotz-Krise-Fuehrungspersonal-des-deutschen-Kapitals-kassiert-ab.jpg","keywords":["des","Deutschen","F\u00fchrungspersonal","Kapitals","kassiert","krise","leistungslos","Reich","Trotz"],"articleSection":["Deutschland","Russland"],"inLanguage":"de","potentialAction":[{"@type":"CommentAction","name":"Comment","target":["https:\/\/now-news.de\/de\/deutschland\/leistungslos-reich-trotz-krise-fuehrungspersonal-des-deutschen-kapitals-kassiert-ab\/#respond"]}]},{"@type":"WebPage","@id":"https:\/\/now-news.de\/de\/deutschland\/leistungslos-reich-trotz-krise-fuehrungspersonal-des-deutschen-kapitals-kassiert-ab\/","url":"https:\/\/now-news.de\/de\/deutschland\/leistungslos-reich-trotz-krise-fuehrungspersonal-des-deutschen-kapitals-kassiert-ab\/","name":"Leistungslos reich trotz Krise: F\u00fchrungspersonal des deutschen Kapitals kassiert ab - just-now.NEWS Deutschland","isPartOf":{"@id":"https:\/\/now-news.de\/de\/#website"},"primaryImageOfPage":{"@id":"https:\/\/now-news.de\/de\/deutschland\/leistungslos-reich-trotz-krise-fuehrungspersonal-des-deutschen-kapitals-kassiert-ab\/#primaryimage"},"image":{"@id":"https:\/\/now-news.de\/de\/deutschland\/leistungslos-reich-trotz-krise-fuehrungspersonal-des-deutschen-kapitals-kassiert-ab\/#primaryimage"},"thumbnailUrl":"https:\/\/now-news.de\/de\/wp-content\/uploads\/sites\/3\/2024\/11\/Leistungslos-reich-trotz-Krise-Fuehrungspersonal-des-deutschen-Kapitals-kassiert-ab.jpg","datePublished":"2024-11-17T11:59:29+00:00","dateModified":"2024-11-17T11:59:29+00:00","breadcrumb":{"@id":"https:\/\/now-news.de\/de\/deutschland\/leistungslos-reich-trotz-krise-fuehrungspersonal-des-deutschen-kapitals-kassiert-ab\/#breadcrumb"},"inLanguage":"de","potentialAction":[{"@type":"ReadAction","target":["https:\/\/now-news.de\/de\/deutschland\/leistungslos-reich-trotz-krise-fuehrungspersonal-des-deutschen-kapitals-kassiert-ab\/"]}]},{"@type":"ImageObject","inLanguage":"de","@id":"https:\/\/now-news.de\/de\/deutschland\/leistungslos-reich-trotz-krise-fuehrungspersonal-des-deutschen-kapitals-kassiert-ab\/#primaryimage","url":"https:\/\/now-news.de\/de\/wp-content\/uploads\/sites\/3\/2024\/11\/Leistungslos-reich-trotz-Krise-Fuehrungspersonal-des-deutschen-Kapitals-kassiert-ab.jpg","contentUrl":"https:\/\/now-news.de\/de\/wp-content\/uploads\/sites\/3\/2024\/11\/Leistungslos-reich-trotz-Krise-Fuehrungspersonal-des-deutschen-Kapitals-kassiert-ab.jpg","width":460,"height":259,"caption":"Leistungslos reich trotz Krise: F\u00fchrungspersonal des deutschen Kapitals kassiert ab"},{"@type":"BreadcrumbList","@id":"https:\/\/now-news.de\/de\/deutschland\/leistungslos-reich-trotz-krise-fuehrungspersonal-des-deutschen-kapitals-kassiert-ab\/#breadcrumb","itemListElement":[{"@type":"ListItem","position":1,"name":"Home","item":"https:\/\/now-news.de\/de\/"},{"@type":"ListItem","position":2,"name":"Leistungslos reich trotz Krise: F\u00fchrungspersonal des deutschen Kapitals kassiert ab"}]},{"@type":"WebSite","@id":"https:\/\/now-news.de\/de\/#website","url":"https:\/\/now-news.de\/de\/","name":"just-now.NEWS Deutschland","description":"Das Portal f\u00fcr unzensierte Nachrichten aus der Welt","publisher":{"@id":"https:\/\/now-news.de\/de\/#organization"},"potentialAction":[{"@type":"SearchAction","target":{"@type":"EntryPoint","urlTemplate":"https:\/\/now-news.de\/de\/?s={search_term_string}"},"query-input":"required name=search_term_string"}],"inLanguage":"de"},{"@type":"Organization","@id":"https:\/\/now-news.de\/de\/#organization","name":"Just Now News","url":"https:\/\/now-news.de\/de\/","logo":{"@type":"ImageObject","inLanguage":"de","@id":"https:\/\/now-news.de\/de\/#\/schema\/logo\/image\/","url":"http:\/\/just-now.news\/de\/wp-content\/uploads\/sites\/3\/2022\/04\/logo500x500.jpg","contentUrl":"http:\/\/just-now.news\/de\/wp-content\/uploads\/sites\/3\/2022\/04\/logo500x500.jpg","width":500,"height":500,"caption":"Just Now News"},"image":{"@id":"https:\/\/now-news.de\/de\/#\/schema\/logo\/image\/"},"sameAs":["https:\/\/www.facebook.com\/wirmachenauf","https:\/\/x.com\/WirMachenAuf_de"]},{"@type":"Person","@id":"https:\/\/now-news.de\/de\/#\/schema\/person\/fb534a4e865501d8b3285208df34a9b5","name":"rtnews","image":{"@type":"ImageObject","inLanguage":"de","@id":"https:\/\/now-news.de\/de\/#\/schema\/person\/image\/","url":"https:\/\/secure.gravatar.com\/avatar\/82aafea7d8127119dd649515f56e2117?s=96&d=mm&r=g","contentUrl":"https:\/\/secure.gravatar.com\/avatar\/82aafea7d8127119dd649515f56e2117?s=96&d=mm&r=g","caption":"rtnews"},"url":"https:\/\/now-news.de\/de\/author\/rnews\/"}]}},"_links":{"self":[{"href":"https:\/\/now-news.de\/de\/wp-json\/wp\/v2\/posts\/72741"}],"collection":[{"href":"https:\/\/now-news.de\/de\/wp-json\/wp\/v2\/posts"}],"about":[{"href":"https:\/\/now-news.de\/de\/wp-json\/wp\/v2\/types\/post"}],"author":[{"embeddable":true,"href":"https:\/\/now-news.de\/de\/wp-json\/wp\/v2\/users\/3"}],"replies":[{"embeddable":true,"href":"https:\/\/now-news.de\/de\/wp-json\/wp\/v2\/comments?post=72741"}],"version-history":[{"count":0,"href":"https:\/\/now-news.de\/de\/wp-json\/wp\/v2\/posts\/72741\/revisions"}],"wp:featuredmedia":[{"embeddable":true,"href":"https:\/\/now-news.de\/de\/wp-json\/wp\/v2\/media\/72742"}],"wp:attachment":[{"href":"https:\/\/now-news.de\/de\/wp-json\/wp\/v2\/media?parent=72741"}],"wp:term":[{"taxonomy":"category","embeddable":true,"href":"https:\/\/now-news.de\/de\/wp-json\/wp\/v2\/categories?post=72741"},{"taxonomy":"post_tag","embeddable":true,"href":"https:\/\/now-news.de\/de\/wp-json\/wp\/v2\/tags?post=72741"}],"curies":[{"name":"wp","href":"https:\/\/api.w.org\/{rel}","templated":true}]}}