{"id":72725,"date":"2024-11-16T23:00:02","date_gmt":"2024-11-16T21:00:02","guid":{"rendered":"https:\/\/now-news.de\/de\/deutschland\/leiter-der-russischen-apec-delegation-mitgliedsstaaten-gegen-protektionismus-im-globalen-handel\/"},"modified":"2024-11-16T23:00:02","modified_gmt":"2024-11-16T21:00:02","slug":"leiter-der-russischen-apec-delegation-mitgliedsstaaten-gegen-protektionismus-im-globalen-handel","status":"publish","type":"post","link":"https:\/\/now-news.de\/de\/deutschland\/leiter-der-russischen-apec-delegation-mitgliedsstaaten-gegen-protektionismus-im-globalen-handel\/","title":{"rendered":"Leiter der russischen APEC-Delegation: Mitgliedsstaaten gegen Protektionismus im globalen Handel"},"content":{"rendered":"<p><img decoding=\"async\" src=\"https:\/\/now-news.de\/de\/wp-content\/uploads\/sites\/3\/2024\/11\/67387e31b480cc1688568c48.jpg\" \/><\/p>\n<div class=\"Text-root Text-type_1 \">\n                In dieser Woche haben die Vertreter der 21 Mitglieder der Asiatisch-Pazifischen Wirtschaftsgemeinschaft (APEC) in Peru \u00fcber ein breites Spektrum von Themen diskutiert. Zahlreiche Staaten \u00e4u\u00dferten Sorgen wegen des zunehmenden Protektionismus im globalen Handel.\n            <\/div>\n<p><\/p>\n<div class=\"Text-root Text-type_5 ArticleView-text ViewText-root \">\n<p>Am Samstag geht in Peru das j\u00e4hrliche Gipfeltreffen der Asiatisch-Pazifischen Wirtschaftsgemeinschaft (APEC) zu Ende. An den Sitzungen der Gruppe hat auch eine hochrangige russische Delegation um Vize-Regierungschef Alexei Owertschuk teilgenommen. Im Gespr\u00e4ch mit Journalisten schilderte er den Themenkreis des diesj\u00e4hrigen Gipfels. Demnach seien unter anderem die Abschaffung von Handelsbarrieren und die Entwicklung von Transportrouten zur Sprache gekommen. Man habe dabei festgestellt, dass die wirtschaftliche Zersplitterung heute voranschreite. Die Nachrichtenagentur <em>Interfax<\/em> zitierte Owertschuk mit den Worten:<\/p>\n<blockquote>\n<p><em>&#8220;Es wurde die gro\u00dfe Sorge zum Ausdruck gebracht, dass die Wirtschaften allm\u00e4hlich beginnen, sich voreinander zu sch\u00fctzen, indem sie protektionistische Ma\u00dfnahmen einf\u00fchren, was seinerseits den Abbruch der etablierten globalen Wertsch\u00f6pfungsketten nach sich zieht.&#8221;<\/em><\/p>\n<\/blockquote>\n<p>Das hochrangige Mitglied der russischen Regierung erkl\u00e4rte, dass der zunehmende Protektionismus die Leistungsf\u00e4higkeit der Wirtschaft und die Arbeitsproduktivit\u00e4t beeintr\u00e4chtige. Dies f\u00fchre wiederum zu einem gr\u00f6\u00dferen Gef\u00e4lle zwischen Arm und Reich.<\/p>\n<blockquote>\n<p><em>&#8220;Die Diskussion\u00a0hat\u00a0sich gr\u00f6\u00dftenteils um die Frage entfaltet, wie die Vorteile, welche die Globalisierung mit sich bringt, zum Wachstum des menschlichen Wohlstandes verwendet werden k\u00f6nnen.&#8221;<\/em><\/p>\n<\/blockquote>\n<p>Owertschuk zeigte sich dar\u00fcber erfreut, dass die APEC-Gruppe eine unpolitische Plattform zur Er\u00f6rterung von Wirtschaftsfragen der Region bleibe. Dar\u00fcber hinaus habe man die Notwendigkeit er\u00f6rtert, einen offenen und transparenten Dialog zwischen den Staaten aufrechtzuerhalten. Als Beispiel f\u00fcr einen solchen Dialog nannte der russische Vize-Ministerpr\u00e4sident die BRICS-Gruppe, deren Gipfel in diesem Herbst in der russischen Stadt Kasan stattgefunden hatte.<\/p>\n<p>Die APEC-Gruppe war im Jahr 1989 auf Initiative von Australien, Japan und den USA gegr\u00fcndet worden. In den vergangenen Jahren stieg die Zahl der Mitglieder auf 21. Russland trat der Gemeinschaft zusammen mit Vietnam und Peru im Jahr 1998 bei.<\/p>\n<p><strong>Mehr zum Thema<\/strong> &#8211; <a rel=\"nofollow noopener\" target=\"_blank\" href=\"https:\/\/freedert.online\/amerika\/226020-neue-seidenstrasse-xi-eroeffnet-mega\/\">Direkte Routen nach Asien: Xi er\u00f6ffnet Mega-Hafen in Peru<\/a><\/p>\n<\/div>\n<p><br \/>\n<br \/><a href=\"https:\/\/de.rt.com\/wirtschaft\/226125-leiter-russischen-apec-delegation-mitgliedsstaaten\/\">Source link <\/a><\/p>\n","protected":false},"excerpt":{"rendered":"<p>In dieser Woche haben die Vertreter der 21 Mitglieder der Asiatisch-Pazifischen Wirtschaftsgemeinschaft (APEC) in Peru \u00fcber ein breites Spektrum von Themen diskutiert. Zahlreiche Staaten \u00e4u\u00dferten Sorgen wegen des zunehmenden Protektionismus im globalen Handel. Am Samstag geht in Peru das j\u00e4hrliche Gipfeltreffen der Asiatisch-Pazifischen Wirtschaftsgemeinschaft (APEC) zu Ende. An den Sitzungen der Gruppe hat auch eine [&hellip;]<\/p>\n","protected":false},"author":3,"featured_media":72726,"comment_status":"open","ping_status":"open","sticky":false,"template":"","format":"standard","meta":{"_yoast_indexnow_last_ping":["1731791073"],"wp_automatic_camp":["217"],"2a18243088a6dc334fc1ddfd992eb436":["Leiter der russischen APEC-Delegation: Mitgliedsstaaten gegen Protektionismus im globalen Handel"],"original_link":["https:\/\/de.rt.com\/wirtschaft\/226125-leiter-russischen-apec-delegation-mitgliedsstaaten\/"],"_thumbnail_id":["72726"],"_wptgpro_p2tg_sent2tg":["a:1:{i:23737;s:19:\"2024-11-16 23:05:33\";}"],"jnews_social_counter_last_update":["1777348583"]},"categories":[19,23],"tags":[60308,82,278,7126,4325,9414,36367,60309,973],"yoast_head":"<!-- This site is optimized with the Yoast SEO Premium plugin v22.7 (Yoast SEO v22.7) - https:\/\/yoast.com\/wordpress\/plugins\/seo\/ -->\n<title>Leiter der russischen APEC-Delegation: Mitgliedsstaaten gegen Protektionismus im globalen Handel - just-now.NEWS Deutschland<\/title>\n<meta name=\"robots\" content=\"index, follow, max-snippet:-1, max-image-preview:large, max-video-preview:-1\" \/>\n<link rel=\"canonical\" href=\"https:\/\/now-news.de\/de\/deutschland\/leiter-der-russischen-apec-delegation-mitgliedsstaaten-gegen-protektionismus-im-globalen-handel\/\" \/>\n<meta property=\"og:locale\" content=\"de_DE\" \/>\n<meta property=\"og:type\" content=\"article\" \/>\n<meta property=\"og:title\" content=\"Leiter der russischen APEC-Delegation: Mitgliedsstaaten gegen Protektionismus im globalen Handel\" \/>\n<meta property=\"og:description\" content=\"In dieser Woche haben die Vertreter der 21 Mitglieder der Asiatisch-Pazifischen Wirtschaftsgemeinschaft (APEC) in Peru \u00fcber ein breites Spektrum von Themen diskutiert. Zahlreiche Staaten \u00e4u\u00dferten Sorgen wegen des zunehmenden Protektionismus im globalen Handel. Am Samstag geht in Peru das j\u00e4hrliche Gipfeltreffen der Asiatisch-Pazifischen Wirtschaftsgemeinschaft (APEC) zu Ende. An den Sitzungen der Gruppe hat auch eine [&hellip;]\" \/>\n<meta property=\"og:url\" content=\"https:\/\/now-news.de\/de\/deutschland\/leiter-der-russischen-apec-delegation-mitgliedsstaaten-gegen-protektionismus-im-globalen-handel\/\" \/>\n<meta property=\"og:site_name\" content=\"just-now.NEWS Deutschland\" \/>\n<meta property=\"article:publisher\" content=\"https:\/\/www.facebook.com\/wirmachenauf\" \/>\n<meta property=\"article:published_time\" content=\"2024-11-16T21:00:02+00:00\" \/>\n<meta property=\"og:image\" content=\"https:\/\/now-news.de\/de\/wp-content\/uploads\/sites\/3\/2024\/11\/67387e31b480cc1688568c48.jpg\" \/>\n<meta name=\"author\" content=\"rtnews\" \/>\n<meta name=\"twitter:card\" content=\"summary_large_image\" \/>\n<meta name=\"twitter:creator\" content=\"@WirMachenAuf_de\" \/>\n<meta name=\"twitter:site\" content=\"@WirMachenAuf_de\" \/>\n<meta name=\"twitter:label1\" content=\"Verfasst von\" \/>\n\t<meta name=\"twitter:data1\" content=\"rtnews\" \/>\n\t<meta name=\"twitter:label2\" content=\"Gesch\u00e4tzte Lesezeit\" \/>\n\t<meta name=\"twitter:data2\" content=\"2\u00a0Minuten\" \/>\n<script type=\"application\/ld+json\" class=\"yoast-schema-graph\">{\"@context\":\"https:\/\/schema.org\",\"@graph\":[{\"@type\":\"Article\",\"@id\":\"https:\/\/now-news.de\/de\/deutschland\/leiter-der-russischen-apec-delegation-mitgliedsstaaten-gegen-protektionismus-im-globalen-handel\/#article\",\"isPartOf\":{\"@id\":\"https:\/\/now-news.de\/de\/deutschland\/leiter-der-russischen-apec-delegation-mitgliedsstaaten-gegen-protektionismus-im-globalen-handel\/\"},\"author\":{\"name\":\"rtnews\",\"@id\":\"https:\/\/now-news.de\/de\/#\/schema\/person\/fb534a4e865501d8b3285208df34a9b5\"},\"headline\":\"Leiter der russischen APEC-Delegation: Mitgliedsstaaten gegen Protektionismus im globalen Handel\",\"datePublished\":\"2024-11-16T21:00:02+00:00\",\"dateModified\":\"2024-11-16T21:00:02+00:00\",\"mainEntityOfPage\":{\"@id\":\"https:\/\/now-news.de\/de\/deutschland\/leiter-der-russischen-apec-delegation-mitgliedsstaaten-gegen-protektionismus-im-globalen-handel\/\"},\"wordCount\":344,\"commentCount\":0,\"publisher\":{\"@id\":\"https:\/\/now-news.de\/de\/#organization\"},\"image\":{\"@id\":\"https:\/\/now-news.de\/de\/deutschland\/leiter-der-russischen-apec-delegation-mitgliedsstaaten-gegen-protektionismus-im-globalen-handel\/#primaryimage\"},\"thumbnailUrl\":\"https:\/\/now-news.de\/de\/wp-content\/uploads\/sites\/3\/2024\/11\/Leiter-der-russischen-APEC-Delegation-Mitgliedsstaaten-gegen-Protektionismus-im-globalen-Handel.jpg\",\"keywords\":[\"APECDelegation\",\"der\",\"gegen\",\"globalen\",\"Handel\",\"Leiter\",\"Mitgliedsstaaten\",\"Protektionismus\",\"russischen\"],\"articleSection\":[\"Deutschland\",\"Russland\"],\"inLanguage\":\"de\",\"potentialAction\":[{\"@type\":\"CommentAction\",\"name\":\"Comment\",\"target\":[\"https:\/\/now-news.de\/de\/deutschland\/leiter-der-russischen-apec-delegation-mitgliedsstaaten-gegen-protektionismus-im-globalen-handel\/#respond\"]}]},{\"@type\":\"WebPage\",\"@id\":\"https:\/\/now-news.de\/de\/deutschland\/leiter-der-russischen-apec-delegation-mitgliedsstaaten-gegen-protektionismus-im-globalen-handel\/\",\"url\":\"https:\/\/now-news.de\/de\/deutschland\/leiter-der-russischen-apec-delegation-mitgliedsstaaten-gegen-protektionismus-im-globalen-handel\/\",\"name\":\"Leiter der russischen APEC-Delegation: Mitgliedsstaaten gegen Protektionismus im globalen Handel - just-now.NEWS Deutschland\",\"isPartOf\":{\"@id\":\"https:\/\/now-news.de\/de\/#website\"},\"primaryImageOfPage\":{\"@id\":\"https:\/\/now-news.de\/de\/deutschland\/leiter-der-russischen-apec-delegation-mitgliedsstaaten-gegen-protektionismus-im-globalen-handel\/#primaryimage\"},\"image\":{\"@id\":\"https:\/\/now-news.de\/de\/deutschland\/leiter-der-russischen-apec-delegation-mitgliedsstaaten-gegen-protektionismus-im-globalen-handel\/#primaryimage\"},\"thumbnailUrl\":\"https:\/\/now-news.de\/de\/wp-content\/uploads\/sites\/3\/2024\/11\/Leiter-der-russischen-APEC-Delegation-Mitgliedsstaaten-gegen-Protektionismus-im-globalen-Handel.jpg\",\"datePublished\":\"2024-11-16T21:00:02+00:00\",\"dateModified\":\"2024-11-16T21:00:02+00:00\",\"breadcrumb\":{\"@id\":\"https:\/\/now-news.de\/de\/deutschland\/leiter-der-russischen-apec-delegation-mitgliedsstaaten-gegen-protektionismus-im-globalen-handel\/#breadcrumb\"},\"inLanguage\":\"de\",\"potentialAction\":[{\"@type\":\"ReadAction\",\"target\":[\"https:\/\/now-news.de\/de\/deutschland\/leiter-der-russischen-apec-delegation-mitgliedsstaaten-gegen-protektionismus-im-globalen-handel\/\"]}]},{\"@type\":\"ImageObject\",\"inLanguage\":\"de\",\"@id\":\"https:\/\/now-news.de\/de\/deutschland\/leiter-der-russischen-apec-delegation-mitgliedsstaaten-gegen-protektionismus-im-globalen-handel\/#primaryimage\",\"url\":\"https:\/\/now-news.de\/de\/wp-content\/uploads\/sites\/3\/2024\/11\/Leiter-der-russischen-APEC-Delegation-Mitgliedsstaaten-gegen-Protektionismus-im-globalen-Handel.jpg\",\"contentUrl\":\"https:\/\/now-news.de\/de\/wp-content\/uploads\/sites\/3\/2024\/11\/Leiter-der-russischen-APEC-Delegation-Mitgliedsstaaten-gegen-Protektionismus-im-globalen-Handel.jpg\",\"width\":460,\"height\":259,\"caption\":\"Leiter der russischen APEC-Delegation: Mitgliedsstaaten gegen Protektionismus im globalen Handel\"},{\"@type\":\"BreadcrumbList\",\"@id\":\"https:\/\/now-news.de\/de\/deutschland\/leiter-der-russischen-apec-delegation-mitgliedsstaaten-gegen-protektionismus-im-globalen-handel\/#breadcrumb\",\"itemListElement\":[{\"@type\":\"ListItem\",\"position\":1,\"name\":\"Home\",\"item\":\"https:\/\/now-news.de\/de\/\"},{\"@type\":\"ListItem\",\"position\":2,\"name\":\"Leiter der russischen APEC-Delegation: Mitgliedsstaaten gegen Protektionismus im globalen Handel\"}]},{\"@type\":\"WebSite\",\"@id\":\"https:\/\/now-news.de\/de\/#website\",\"url\":\"https:\/\/now-news.de\/de\/\",\"name\":\"just-now.NEWS Deutschland\",\"description\":\"Das Portal f\u00fcr unzensierte Nachrichten aus der Welt\",\"publisher\":{\"@id\":\"https:\/\/now-news.de\/de\/#organization\"},\"potentialAction\":[{\"@type\":\"SearchAction\",\"target\":{\"@type\":\"EntryPoint\",\"urlTemplate\":\"https:\/\/now-news.de\/de\/?s={search_term_string}\"},\"query-input\":\"required name=search_term_string\"}],\"inLanguage\":\"de\"},{\"@type\":\"Organization\",\"@id\":\"https:\/\/now-news.de\/de\/#organization\",\"name\":\"Just Now News\",\"url\":\"https:\/\/now-news.de\/de\/\",\"logo\":{\"@type\":\"ImageObject\",\"inLanguage\":\"de\",\"@id\":\"https:\/\/now-news.de\/de\/#\/schema\/logo\/image\/\",\"url\":\"http:\/\/just-now.news\/de\/wp-content\/uploads\/sites\/3\/2022\/04\/logo500x500.jpg\",\"contentUrl\":\"http:\/\/just-now.news\/de\/wp-content\/uploads\/sites\/3\/2022\/04\/logo500x500.jpg\",\"width\":500,\"height\":500,\"caption\":\"Just Now News\"},\"image\":{\"@id\":\"https:\/\/now-news.de\/de\/#\/schema\/logo\/image\/\"},\"sameAs\":[\"https:\/\/www.facebook.com\/wirmachenauf\",\"https:\/\/x.com\/WirMachenAuf_de\"]},{\"@type\":\"Person\",\"@id\":\"https:\/\/now-news.de\/de\/#\/schema\/person\/fb534a4e865501d8b3285208df34a9b5\",\"name\":\"rtnews\",\"image\":{\"@type\":\"ImageObject\",\"inLanguage\":\"de\",\"@id\":\"https:\/\/now-news.de\/de\/#\/schema\/person\/image\/\",\"url\":\"https:\/\/secure.gravatar.com\/avatar\/82aafea7d8127119dd649515f56e2117?s=96&d=mm&r=g\",\"contentUrl\":\"https:\/\/secure.gravatar.com\/avatar\/82aafea7d8127119dd649515f56e2117?s=96&d=mm&r=g\",\"caption\":\"rtnews\"},\"url\":\"https:\/\/now-news.de\/de\/author\/rnews\/\"}]}<\/script>\n<!-- \/ Yoast SEO Premium plugin. -->","yoast_head_json":{"title":"Leiter der russischen APEC-Delegation: Mitgliedsstaaten gegen Protektionismus im globalen Handel - just-now.NEWS Deutschland","robots":{"index":"index","follow":"follow","max-snippet":"max-snippet:-1","max-image-preview":"max-image-preview:large","max-video-preview":"max-video-preview:-1"},"canonical":"https:\/\/now-news.de\/de\/deutschland\/leiter-der-russischen-apec-delegation-mitgliedsstaaten-gegen-protektionismus-im-globalen-handel\/","og_locale":"de_DE","og_type":"article","og_title":"Leiter der russischen APEC-Delegation: Mitgliedsstaaten gegen Protektionismus im globalen Handel","og_description":"In dieser Woche haben die Vertreter der 21 Mitglieder der Asiatisch-Pazifischen Wirtschaftsgemeinschaft (APEC) in Peru \u00fcber ein breites Spektrum von Themen diskutiert. Zahlreiche Staaten \u00e4u\u00dferten Sorgen wegen des zunehmenden Protektionismus im globalen Handel. Am Samstag geht in Peru das j\u00e4hrliche Gipfeltreffen der Asiatisch-Pazifischen Wirtschaftsgemeinschaft (APEC) zu Ende. An den Sitzungen der Gruppe hat auch eine [&hellip;]","og_url":"https:\/\/now-news.de\/de\/deutschland\/leiter-der-russischen-apec-delegation-mitgliedsstaaten-gegen-protektionismus-im-globalen-handel\/","og_site_name":"just-now.NEWS Deutschland","article_publisher":"https:\/\/www.facebook.com\/wirmachenauf","article_published_time":"2024-11-16T21:00:02+00:00","og_image":[{"url":"https:\/\/now-news.de\/de\/wp-content\/uploads\/sites\/3\/2024\/11\/67387e31b480cc1688568c48.jpg"}],"author":"rtnews","twitter_card":"summary_large_image","twitter_creator":"@WirMachenAuf_de","twitter_site":"@WirMachenAuf_de","twitter_misc":{"Verfasst von":"rtnews","Gesch\u00e4tzte Lesezeit":"2\u00a0Minuten"},"schema":{"@context":"https:\/\/schema.org","@graph":[{"@type":"Article","@id":"https:\/\/now-news.de\/de\/deutschland\/leiter-der-russischen-apec-delegation-mitgliedsstaaten-gegen-protektionismus-im-globalen-handel\/#article","isPartOf":{"@id":"https:\/\/now-news.de\/de\/deutschland\/leiter-der-russischen-apec-delegation-mitgliedsstaaten-gegen-protektionismus-im-globalen-handel\/"},"author":{"name":"rtnews","@id":"https:\/\/now-news.de\/de\/#\/schema\/person\/fb534a4e865501d8b3285208df34a9b5"},"headline":"Leiter der russischen APEC-Delegation: Mitgliedsstaaten gegen Protektionismus im globalen Handel","datePublished":"2024-11-16T21:00:02+00:00","dateModified":"2024-11-16T21:00:02+00:00","mainEntityOfPage":{"@id":"https:\/\/now-news.de\/de\/deutschland\/leiter-der-russischen-apec-delegation-mitgliedsstaaten-gegen-protektionismus-im-globalen-handel\/"},"wordCount":344,"commentCount":0,"publisher":{"@id":"https:\/\/now-news.de\/de\/#organization"},"image":{"@id":"https:\/\/now-news.de\/de\/deutschland\/leiter-der-russischen-apec-delegation-mitgliedsstaaten-gegen-protektionismus-im-globalen-handel\/#primaryimage"},"thumbnailUrl":"https:\/\/now-news.de\/de\/wp-content\/uploads\/sites\/3\/2024\/11\/Leiter-der-russischen-APEC-Delegation-Mitgliedsstaaten-gegen-Protektionismus-im-globalen-Handel.jpg","keywords":["APECDelegation","der","gegen","globalen","Handel","Leiter","Mitgliedsstaaten","Protektionismus","russischen"],"articleSection":["Deutschland","Russland"],"inLanguage":"de","potentialAction":[{"@type":"CommentAction","name":"Comment","target":["https:\/\/now-news.de\/de\/deutschland\/leiter-der-russischen-apec-delegation-mitgliedsstaaten-gegen-protektionismus-im-globalen-handel\/#respond"]}]},{"@type":"WebPage","@id":"https:\/\/now-news.de\/de\/deutschland\/leiter-der-russischen-apec-delegation-mitgliedsstaaten-gegen-protektionismus-im-globalen-handel\/","url":"https:\/\/now-news.de\/de\/deutschland\/leiter-der-russischen-apec-delegation-mitgliedsstaaten-gegen-protektionismus-im-globalen-handel\/","name":"Leiter der russischen APEC-Delegation: Mitgliedsstaaten gegen Protektionismus im globalen Handel - just-now.NEWS Deutschland","isPartOf":{"@id":"https:\/\/now-news.de\/de\/#website"},"primaryImageOfPage":{"@id":"https:\/\/now-news.de\/de\/deutschland\/leiter-der-russischen-apec-delegation-mitgliedsstaaten-gegen-protektionismus-im-globalen-handel\/#primaryimage"},"image":{"@id":"https:\/\/now-news.de\/de\/deutschland\/leiter-der-russischen-apec-delegation-mitgliedsstaaten-gegen-protektionismus-im-globalen-handel\/#primaryimage"},"thumbnailUrl":"https:\/\/now-news.de\/de\/wp-content\/uploads\/sites\/3\/2024\/11\/Leiter-der-russischen-APEC-Delegation-Mitgliedsstaaten-gegen-Protektionismus-im-globalen-Handel.jpg","datePublished":"2024-11-16T21:00:02+00:00","dateModified":"2024-11-16T21:00:02+00:00","breadcrumb":{"@id":"https:\/\/now-news.de\/de\/deutschland\/leiter-der-russischen-apec-delegation-mitgliedsstaaten-gegen-protektionismus-im-globalen-handel\/#breadcrumb"},"inLanguage":"de","potentialAction":[{"@type":"ReadAction","target":["https:\/\/now-news.de\/de\/deutschland\/leiter-der-russischen-apec-delegation-mitgliedsstaaten-gegen-protektionismus-im-globalen-handel\/"]}]},{"@type":"ImageObject","inLanguage":"de","@id":"https:\/\/now-news.de\/de\/deutschland\/leiter-der-russischen-apec-delegation-mitgliedsstaaten-gegen-protektionismus-im-globalen-handel\/#primaryimage","url":"https:\/\/now-news.de\/de\/wp-content\/uploads\/sites\/3\/2024\/11\/Leiter-der-russischen-APEC-Delegation-Mitgliedsstaaten-gegen-Protektionismus-im-globalen-Handel.jpg","contentUrl":"https:\/\/now-news.de\/de\/wp-content\/uploads\/sites\/3\/2024\/11\/Leiter-der-russischen-APEC-Delegation-Mitgliedsstaaten-gegen-Protektionismus-im-globalen-Handel.jpg","width":460,"height":259,"caption":"Leiter der russischen APEC-Delegation: Mitgliedsstaaten gegen Protektionismus im globalen Handel"},{"@type":"BreadcrumbList","@id":"https:\/\/now-news.de\/de\/deutschland\/leiter-der-russischen-apec-delegation-mitgliedsstaaten-gegen-protektionismus-im-globalen-handel\/#breadcrumb","itemListElement":[{"@type":"ListItem","position":1,"name":"Home","item":"https:\/\/now-news.de\/de\/"},{"@type":"ListItem","position":2,"name":"Leiter der russischen APEC-Delegation: Mitgliedsstaaten gegen Protektionismus im globalen Handel"}]},{"@type":"WebSite","@id":"https:\/\/now-news.de\/de\/#website","url":"https:\/\/now-news.de\/de\/","name":"just-now.NEWS Deutschland","description":"Das Portal f\u00fcr unzensierte Nachrichten aus der Welt","publisher":{"@id":"https:\/\/now-news.de\/de\/#organization"},"potentialAction":[{"@type":"SearchAction","target":{"@type":"EntryPoint","urlTemplate":"https:\/\/now-news.de\/de\/?s={search_term_string}"},"query-input":"required name=search_term_string"}],"inLanguage":"de"},{"@type":"Organization","@id":"https:\/\/now-news.de\/de\/#organization","name":"Just Now News","url":"https:\/\/now-news.de\/de\/","logo":{"@type":"ImageObject","inLanguage":"de","@id":"https:\/\/now-news.de\/de\/#\/schema\/logo\/image\/","url":"http:\/\/just-now.news\/de\/wp-content\/uploads\/sites\/3\/2022\/04\/logo500x500.jpg","contentUrl":"http:\/\/just-now.news\/de\/wp-content\/uploads\/sites\/3\/2022\/04\/logo500x500.jpg","width":500,"height":500,"caption":"Just Now News"},"image":{"@id":"https:\/\/now-news.de\/de\/#\/schema\/logo\/image\/"},"sameAs":["https:\/\/www.facebook.com\/wirmachenauf","https:\/\/x.com\/WirMachenAuf_de"]},{"@type":"Person","@id":"https:\/\/now-news.de\/de\/#\/schema\/person\/fb534a4e865501d8b3285208df34a9b5","name":"rtnews","image":{"@type":"ImageObject","inLanguage":"de","@id":"https:\/\/now-news.de\/de\/#\/schema\/person\/image\/","url":"https:\/\/secure.gravatar.com\/avatar\/82aafea7d8127119dd649515f56e2117?s=96&d=mm&r=g","contentUrl":"https:\/\/secure.gravatar.com\/avatar\/82aafea7d8127119dd649515f56e2117?s=96&d=mm&r=g","caption":"rtnews"},"url":"https:\/\/now-news.de\/de\/author\/rnews\/"}]}},"_links":{"self":[{"href":"https:\/\/now-news.de\/de\/wp-json\/wp\/v2\/posts\/72725"}],"collection":[{"href":"https:\/\/now-news.de\/de\/wp-json\/wp\/v2\/posts"}],"about":[{"href":"https:\/\/now-news.de\/de\/wp-json\/wp\/v2\/types\/post"}],"author":[{"embeddable":true,"href":"https:\/\/now-news.de\/de\/wp-json\/wp\/v2\/users\/3"}],"replies":[{"embeddable":true,"href":"https:\/\/now-news.de\/de\/wp-json\/wp\/v2\/comments?post=72725"}],"version-history":[{"count":0,"href":"https:\/\/now-news.de\/de\/wp-json\/wp\/v2\/posts\/72725\/revisions"}],"wp:featuredmedia":[{"embeddable":true,"href":"https:\/\/now-news.de\/de\/wp-json\/wp\/v2\/media\/72726"}],"wp:attachment":[{"href":"https:\/\/now-news.de\/de\/wp-json\/wp\/v2\/media?parent=72725"}],"wp:term":[{"taxonomy":"category","embeddable":true,"href":"https:\/\/now-news.de\/de\/wp-json\/wp\/v2\/categories?post=72725"},{"taxonomy":"post_tag","embeddable":true,"href":"https:\/\/now-news.de\/de\/wp-json\/wp\/v2\/tags?post=72725"}],"curies":[{"name":"wp","href":"https:\/\/api.w.org\/{rel}","templated":true}]}}