{"id":72721,"date":"2024-11-16T22:18:51","date_gmt":"2024-11-16T20:18:51","guid":{"rendered":"https:\/\/now-news.de\/de\/deutschland\/genozid-und-kriegsverbrechen-eu-weiter-uneins-ueber-haltung-zu-israel\/"},"modified":"2024-11-16T22:18:51","modified_gmt":"2024-11-16T20:18:51","slug":"genozid-und-kriegsverbrechen-eu-weiter-uneins-ueber-haltung-zu-israel","status":"publish","type":"post","link":"https:\/\/now-news.de\/de\/deutschland\/genozid-und-kriegsverbrechen-eu-weiter-uneins-ueber-haltung-zu-israel\/","title":{"rendered":"Genozid und Kriegsverbrechen: EU weiter uneins \u00fcber Haltung zu Israel"},"content":{"rendered":"<p><img decoding=\"async\" src=\"https:\/\/now-news.de\/de\/wp-content\/uploads\/sites\/3\/2024\/11\/67389095b480cc16827bde65.jpg\" \/><\/p>\n<div class=\"Text-root Text-type_1 \">\n                Trotz eines Urteils des IGH und zahlreicher Berichte \u00fcber Kriegsverbrechen und einen beabsichtigten Genozid an den Pal\u00e4stinensern findet die EU weiterhin keine gemeinsame Haltung zu Israel. Vor allem Deutschland blockiert konkrete Schritte. Die EU verliert dadurch rapide an Ansehen und Glaubw\u00fcrdigkeit.\n            <\/div>\n<p><\/p>\n<div class=\"Text-root Text-type_5 ArticleView-text ViewText-root \">\n<p>Die EU ist in ihrer Haltung zu Israel tief gespalten. Der scheidende EU-Au\u00dfenbeauftragte Josep Borrell hat angesichts der Situation in Gaza den Abbruch des Dialogs mit Israel ins Spiel gebracht. Die deutsche Au\u00dfenministerin Annalena Baerbock (B\u00fcndnis 90\/Die Gr\u00fcnen) lehnt dies ab. <em>#EuropeUnited<\/em> bleibt damit weiterhin eine Floskel ohne konkreten Inhalt. Baerbock hatte unter dem Hashtag auf die Wahl von Donald Trump reagiert. Die Antwort auf &#8220;America First&#8221; sei der Zusammenhalt innerhalb der EU, erkl\u00e4rte die deutsche Au\u00dfenministerin. Unter anderem in der Frage einer gemeinsamen Haltung ist die EU von diesem Zusammenhalt allerdings weit entfernt. Treibende Kraft hinter der Spaltung ist ausgerechnet Baerbock.\u00a0<\/p>\n<div class=\"EmbedBlock-root EmbedBlock-twitter\">\n<div class=\"TwitterEmbed\">\n<blockquote class=\"twitter-tweet lazyload\" data-twitter=\"twitter-tweet\">\n<p lang=\"de\" dir=\"ltr\">Unsere Antwort auf \u201eAmerica first\u201c hei\u00dft: <a rel=\"nofollow noopener\" target=\"_blank\" href=\"https:\/\/twitter.com\/hashtag\/EuropeUnited?src=hash&amp;ref_src=twsrc%5Etfw\">#EuropeUnited<\/a>. Es ist unser ureigenes wirtschaftspolitisches Interesse, jetzt noch mehr Klimainvestitionen auf den Weg zu bringen zum Schutz unserer europ\u00e4ischen Wirtschaft &amp; als Anreiz f\u00fcr Investitionen in unseren Standort. <a rel=\"nofollow noopener\" target=\"_blank\" href=\"https:\/\/twitter.com\/hashtag\/COP29?src=hash&amp;ref_src=twsrc%5Etfw\">#COP29<\/a><\/p>\n<p>\u2014 Au\u00dfenministerin Annalena Baerbock (@ABaerbock) <a rel=\"nofollow noopener\" target=\"_blank\" href=\"https:\/\/twitter.com\/ABaerbock\/status\/1857075300737139198?ref_src=twsrc%5Etfw\">November 14, 2024<\/a><\/p><\/blockquote>\n<\/div>\n<\/div>\n<p>Trotz immer umfassenderer und schwerwiegenderer Anschuldigungen gegen\u00fcber Israel bleibt eine Verurteilung Israels durch die EU bisher aus. Zuletzt legte die UN einen Bericht vor, in dem Israel schwerste Kriegsverbrechen und Genozid-Absichten nachgewiesen werden. Die Staatengemeinschaft wird darin zudem aufgerufen, gemeinsam Anstrengungen zur Beendigung der israelischen Verst\u00f6\u00dfe gegen das V\u00f6lkerrecht zu unternehmen.\u00a0<\/p>\n<p>Die deutsche Au\u00dfenministerin und mit ihr die Bundesregierung ignorierten derartige Berichte bisher. F\u00fcr die israelischen Massaker unter den Pal\u00e4stinensern macht Baerbock die Hamas verantwortlich. Die Organisation benutze Zivilisten als Schutzschild, behauptet Baerbock und st\u00fctzt sich dabei auf Aussagen des israelischen Milit\u00e4rs. Israel habe jedes Recht, sich selbst zu verteidigen, so die Haltung der Regierung in Berlin.<\/p>\n<p>Zur Verteidigung des verlustreichen Vorgehens gegen die Zivilbev\u00f6lkerung f\u00fchrt Israel an, Kommandozentralen der Hamas seien in zivilen Einrichtungen untergebracht. Derartige Berichte von Kommandozentralen unter Krankenh\u00e4usern und Fl\u00fcchtlingslagern haben sich bisher allerdings nicht best\u00e4tigt. Zu einer grunds\u00e4tzlichen \u00c4nderung in der Haltung Deutschlands zum israelischen Vorgehen f\u00fchrte das v\u00f6llige Fehlen von Belegen der israelischen Behauptungen nicht.\u00a0<\/p>\n<p>Auch \u00fcber den Umgang mit einem Urteil des Internationalen Gerichtshofs (IGH) ist sich die EU uneins. Das Gericht verurteilte Israel zum umgehenden R\u00fcckzug aus den besetzten Gebieten. Bei einer Abstimmung \u00fcber eine UN-Resolution, die von Israel die Umsetzung des Urteils fordert, enthielt sich Deutschland mit der Begr\u00fcndung, die in der Resolution anberaumte Frist von zw\u00f6lf Monaten zum R\u00fcckzug sei zu kurz.\u00a0<\/p>\n<p>Im Streit um eine gemeinsame Haltung der EU schlug Baerbock nun vor, einzelne israelische Minister zu sanktionieren, die das V\u00f6lkerrecht brechen. In der Bundespressekonferenz vertritt das Ausw\u00e4rtige Amt jedoch die Haltung, vor einer verbalen Verurteilung Israels durch die Bundesregierung m\u00fcssten die israelischen Verbrechen von einem internationalen Gericht juristisch abgeurteilt worden sein. Derartige Prozesse dauern oftmals Jahre. Daher liegt der Verdacht nahe, dass Baerbock auf Zeit spielen will. <\/p>\n<p>Wegen des Fehlens einer klaren, v\u00f6lkerrechtskonformen Haltung der EU zum israelischen Vorgehen verliert die EU im Nahen Osten rapide an Einfluss. Der EU-Sonderbeauftragte f\u00fcr den Nahost-Friedensprozess, Sven Koopmans, warnt, die EU b\u00fc\u00dfe an Vertrauen und Glaubw\u00fcrdigkeit ein.\u00a0<\/p>\n<p>Auf dem EU-Au\u00dfenministertreffen in der kommenden Woche soll der Vorschlag Borrells diskutiert werden. Dass die EU-Staaten eine gemeinsame Haltung gegen\u00fcber Israel finden, ist jedoch unwahrscheinlich. Jeder Schritt, der in Richtung konkreter Ma\u00dfnahmen geht, wird absehbar von Deutschland blockiert. <em>#EuropeUnited<\/em> ist eben nur ein Hashtag.\u00a0<\/p>\n<p><strong>Mehr zum Thema<\/strong>\u00a0\u2013\u00a0<a rel=\"nofollow noopener\" target=\"_blank\" href=\"https:\/\/freedert.online\/meinung\/223638-auswaertige-amt-voelkerrecht-und-verfolgung\/\">V\u00f6lkerrecht? Das Ausw\u00e4rtige Amt und die Verfolgung Unschuldiger<\/a><\/p>\n<div class=\"EmbedBlock-root EmbedBlock-externalVideo EmbedBlock-rumble\">\n<div class=\"VkEmbed\"><iframe class=\"lazyload\" data-src=\"https:\/\/rumble.com\/embed\/v5ndmgq\" frameborder=\"0\" width=\"853\" height=\"480\" allowfullscreen><\/iframe><\/div>\n<\/div>\n<\/div>\n<p><script async src=\"https:\/\/platform.twitter.com\/widgets.js\" charset=\"utf-8\"><\/script><br \/>\n<br \/><br \/>\n<br \/><a href=\"https:\/\/de.rt.com\/europa\/226133-genozid-und-kriegsverbrechen-eu-weiter\/\">Source link <\/a><\/p>\n","protected":false},"excerpt":{"rendered":"<p>Trotz eines Urteils des IGH und zahlreicher Berichte \u00fcber Kriegsverbrechen und einen beabsichtigten Genozid an den Pal\u00e4stinensern findet die EU weiterhin keine gemeinsame Haltung zu Israel. Vor allem Deutschland blockiert konkrete Schritte. Die EU verliert dadurch rapide an Ansehen und Glaubw\u00fcrdigkeit. Die EU ist in ihrer Haltung zu Israel tief gespalten. Der scheidende EU-Au\u00dfenbeauftragte Josep [&hellip;]<\/p>\n","protected":false},"author":3,"featured_media":72722,"comment_status":"open","ping_status":"open","sticky":false,"template":"","format":"standard","meta":{"_yoast_indexnow_last_ping":["1731789154"],"wp_automatic_camp":["217"],"ddf12e97daed3cb0974bdf8c1f150e46":["Genozid und Kriegsverbrechen: EU weiter uneins \u00fcber Haltung zu Israel"],"original_link":["https:\/\/de.rt.com\/europa\/226133-genozid-und-kriegsverbrechen-eu-weiter\/"],"_thumbnail_id":["72722"],"_wptgpro_p2tg_sent2tg":["a:1:{i:23737;s:19:\"2024-11-16 22:33:44\";}"],"jnews_social_counter_last_update":["1777327339"]},"categories":[19,23],"tags":[36493,11704,432,9041,139,140,20909,601],"yoast_head":"<!-- This site is optimized with the Yoast SEO Premium plugin v22.7 (Yoast SEO v22.7) - https:\/\/yoast.com\/wordpress\/plugins\/seo\/ -->\n<title>Genozid und Kriegsverbrechen: EU weiter uneins \u00fcber Haltung zu Israel - just-now.NEWS Deutschland<\/title>\n<meta name=\"robots\" content=\"index, follow, max-snippet:-1, max-image-preview:large, max-video-preview:-1\" \/>\n<link rel=\"canonical\" href=\"https:\/\/now-news.de\/de\/deutschland\/genozid-und-kriegsverbrechen-eu-weiter-uneins-ueber-haltung-zu-israel\/\" \/>\n<meta property=\"og:locale\" content=\"de_DE\" \/>\n<meta property=\"og:type\" content=\"article\" \/>\n<meta property=\"og:title\" content=\"Genozid und Kriegsverbrechen: EU weiter uneins \u00fcber Haltung zu Israel\" \/>\n<meta property=\"og:description\" content=\"Trotz eines Urteils des IGH und zahlreicher Berichte \u00fcber Kriegsverbrechen und einen beabsichtigten Genozid an den Pal\u00e4stinensern findet die EU weiterhin keine gemeinsame Haltung zu Israel. Vor allem Deutschland blockiert konkrete Schritte. Die EU verliert dadurch rapide an Ansehen und Glaubw\u00fcrdigkeit. Die EU ist in ihrer Haltung zu Israel tief gespalten. Der scheidende EU-Au\u00dfenbeauftragte Josep [&hellip;]\" \/>\n<meta property=\"og:url\" content=\"https:\/\/now-news.de\/de\/deutschland\/genozid-und-kriegsverbrechen-eu-weiter-uneins-ueber-haltung-zu-israel\/\" \/>\n<meta property=\"og:site_name\" content=\"just-now.NEWS Deutschland\" \/>\n<meta property=\"article:publisher\" content=\"https:\/\/www.facebook.com\/wirmachenauf\" \/>\n<meta property=\"article:published_time\" content=\"2024-11-16T20:18:51+00:00\" \/>\n<meta property=\"og:image\" content=\"https:\/\/now-news.de\/de\/wp-content\/uploads\/sites\/3\/2024\/11\/67389095b480cc16827bde65.jpg\" \/>\n<meta name=\"author\" content=\"rtnews\" \/>\n<meta name=\"twitter:card\" content=\"summary_large_image\" \/>\n<meta name=\"twitter:creator\" content=\"@WirMachenAuf_de\" \/>\n<meta name=\"twitter:site\" content=\"@WirMachenAuf_de\" \/>\n<meta name=\"twitter:label1\" content=\"Verfasst von\" \/>\n\t<meta name=\"twitter:data1\" content=\"rtnews\" \/>\n\t<meta name=\"twitter:label2\" content=\"Gesch\u00e4tzte Lesezeit\" \/>\n\t<meta name=\"twitter:data2\" content=\"3\u00a0Minuten\" \/>\n<script type=\"application\/ld+json\" class=\"yoast-schema-graph\">{\"@context\":\"https:\/\/schema.org\",\"@graph\":[{\"@type\":\"Article\",\"@id\":\"https:\/\/now-news.de\/de\/deutschland\/genozid-und-kriegsverbrechen-eu-weiter-uneins-ueber-haltung-zu-israel\/#article\",\"isPartOf\":{\"@id\":\"https:\/\/now-news.de\/de\/deutschland\/genozid-und-kriegsverbrechen-eu-weiter-uneins-ueber-haltung-zu-israel\/\"},\"author\":{\"name\":\"rtnews\",\"@id\":\"https:\/\/now-news.de\/de\/#\/schema\/person\/fb534a4e865501d8b3285208df34a9b5\"},\"headline\":\"Genozid und Kriegsverbrechen: EU weiter uneins \u00fcber Haltung zu Israel\",\"datePublished\":\"2024-11-16T20:18:51+00:00\",\"dateModified\":\"2024-11-16T20:18:51+00:00\",\"mainEntityOfPage\":{\"@id\":\"https:\/\/now-news.de\/de\/deutschland\/genozid-und-kriegsverbrechen-eu-weiter-uneins-ueber-haltung-zu-israel\/\"},\"wordCount\":622,\"commentCount\":0,\"publisher\":{\"@id\":\"https:\/\/now-news.de\/de\/#organization\"},\"image\":{\"@id\":\"https:\/\/now-news.de\/de\/deutschland\/genozid-und-kriegsverbrechen-eu-weiter-uneins-ueber-haltung-zu-israel\/#primaryimage\"},\"thumbnailUrl\":\"https:\/\/now-news.de\/de\/wp-content\/uploads\/sites\/3\/2024\/11\/Genozid-und-Kriegsverbrechen-EU-weiter-uneins-ueber-Haltung-zu-Israel.jpg\",\"keywords\":[\"Genozid\",\"Haltung\",\"Israel\",\"Kriegsverbrechen\",\"\u00fcber\",\"und\",\"uneins\",\"weiter\"],\"articleSection\":[\"Deutschland\",\"Russland\"],\"inLanguage\":\"de\",\"potentialAction\":[{\"@type\":\"CommentAction\",\"name\":\"Comment\",\"target\":[\"https:\/\/now-news.de\/de\/deutschland\/genozid-und-kriegsverbrechen-eu-weiter-uneins-ueber-haltung-zu-israel\/#respond\"]}]},{\"@type\":\"WebPage\",\"@id\":\"https:\/\/now-news.de\/de\/deutschland\/genozid-und-kriegsverbrechen-eu-weiter-uneins-ueber-haltung-zu-israel\/\",\"url\":\"https:\/\/now-news.de\/de\/deutschland\/genozid-und-kriegsverbrechen-eu-weiter-uneins-ueber-haltung-zu-israel\/\",\"name\":\"Genozid und Kriegsverbrechen: EU weiter uneins \u00fcber Haltung zu Israel - just-now.NEWS Deutschland\",\"isPartOf\":{\"@id\":\"https:\/\/now-news.de\/de\/#website\"},\"primaryImageOfPage\":{\"@id\":\"https:\/\/now-news.de\/de\/deutschland\/genozid-und-kriegsverbrechen-eu-weiter-uneins-ueber-haltung-zu-israel\/#primaryimage\"},\"image\":{\"@id\":\"https:\/\/now-news.de\/de\/deutschland\/genozid-und-kriegsverbrechen-eu-weiter-uneins-ueber-haltung-zu-israel\/#primaryimage\"},\"thumbnailUrl\":\"https:\/\/now-news.de\/de\/wp-content\/uploads\/sites\/3\/2024\/11\/Genozid-und-Kriegsverbrechen-EU-weiter-uneins-ueber-Haltung-zu-Israel.jpg\",\"datePublished\":\"2024-11-16T20:18:51+00:00\",\"dateModified\":\"2024-11-16T20:18:51+00:00\",\"breadcrumb\":{\"@id\":\"https:\/\/now-news.de\/de\/deutschland\/genozid-und-kriegsverbrechen-eu-weiter-uneins-ueber-haltung-zu-israel\/#breadcrumb\"},\"inLanguage\":\"de\",\"potentialAction\":[{\"@type\":\"ReadAction\",\"target\":[\"https:\/\/now-news.de\/de\/deutschland\/genozid-und-kriegsverbrechen-eu-weiter-uneins-ueber-haltung-zu-israel\/\"]}]},{\"@type\":\"ImageObject\",\"inLanguage\":\"de\",\"@id\":\"https:\/\/now-news.de\/de\/deutschland\/genozid-und-kriegsverbrechen-eu-weiter-uneins-ueber-haltung-zu-israel\/#primaryimage\",\"url\":\"https:\/\/now-news.de\/de\/wp-content\/uploads\/sites\/3\/2024\/11\/Genozid-und-Kriegsverbrechen-EU-weiter-uneins-ueber-Haltung-zu-Israel.jpg\",\"contentUrl\":\"https:\/\/now-news.de\/de\/wp-content\/uploads\/sites\/3\/2024\/11\/Genozid-und-Kriegsverbrechen-EU-weiter-uneins-ueber-Haltung-zu-Israel.jpg\",\"width\":460,\"height\":259,\"caption\":\"Genozid und Kriegsverbrechen: EU weiter uneins \u00fcber Haltung zu Israel\"},{\"@type\":\"BreadcrumbList\",\"@id\":\"https:\/\/now-news.de\/de\/deutschland\/genozid-und-kriegsverbrechen-eu-weiter-uneins-ueber-haltung-zu-israel\/#breadcrumb\",\"itemListElement\":[{\"@type\":\"ListItem\",\"position\":1,\"name\":\"Home\",\"item\":\"https:\/\/now-news.de\/de\/\"},{\"@type\":\"ListItem\",\"position\":2,\"name\":\"Genozid und Kriegsverbrechen: EU weiter uneins \u00fcber Haltung zu Israel\"}]},{\"@type\":\"WebSite\",\"@id\":\"https:\/\/now-news.de\/de\/#website\",\"url\":\"https:\/\/now-news.de\/de\/\",\"name\":\"just-now.NEWS Deutschland\",\"description\":\"Das Portal f\u00fcr unzensierte Nachrichten aus der Welt\",\"publisher\":{\"@id\":\"https:\/\/now-news.de\/de\/#organization\"},\"potentialAction\":[{\"@type\":\"SearchAction\",\"target\":{\"@type\":\"EntryPoint\",\"urlTemplate\":\"https:\/\/now-news.de\/de\/?s={search_term_string}\"},\"query-input\":\"required name=search_term_string\"}],\"inLanguage\":\"de\"},{\"@type\":\"Organization\",\"@id\":\"https:\/\/now-news.de\/de\/#organization\",\"name\":\"Just Now News\",\"url\":\"https:\/\/now-news.de\/de\/\",\"logo\":{\"@type\":\"ImageObject\",\"inLanguage\":\"de\",\"@id\":\"https:\/\/now-news.de\/de\/#\/schema\/logo\/image\/\",\"url\":\"http:\/\/just-now.news\/de\/wp-content\/uploads\/sites\/3\/2022\/04\/logo500x500.jpg\",\"contentUrl\":\"http:\/\/just-now.news\/de\/wp-content\/uploads\/sites\/3\/2022\/04\/logo500x500.jpg\",\"width\":500,\"height\":500,\"caption\":\"Just Now News\"},\"image\":{\"@id\":\"https:\/\/now-news.de\/de\/#\/schema\/logo\/image\/\"},\"sameAs\":[\"https:\/\/www.facebook.com\/wirmachenauf\",\"https:\/\/x.com\/WirMachenAuf_de\"]},{\"@type\":\"Person\",\"@id\":\"https:\/\/now-news.de\/de\/#\/schema\/person\/fb534a4e865501d8b3285208df34a9b5\",\"name\":\"rtnews\",\"image\":{\"@type\":\"ImageObject\",\"inLanguage\":\"de\",\"@id\":\"https:\/\/now-news.de\/de\/#\/schema\/person\/image\/\",\"url\":\"https:\/\/secure.gravatar.com\/avatar\/82aafea7d8127119dd649515f56e2117?s=96&d=mm&r=g\",\"contentUrl\":\"https:\/\/secure.gravatar.com\/avatar\/82aafea7d8127119dd649515f56e2117?s=96&d=mm&r=g\",\"caption\":\"rtnews\"},\"url\":\"https:\/\/now-news.de\/de\/author\/rnews\/\"}]}<\/script>\n<!-- \/ Yoast SEO Premium plugin. -->","yoast_head_json":{"title":"Genozid und Kriegsverbrechen: EU weiter uneins \u00fcber Haltung zu Israel - just-now.NEWS Deutschland","robots":{"index":"index","follow":"follow","max-snippet":"max-snippet:-1","max-image-preview":"max-image-preview:large","max-video-preview":"max-video-preview:-1"},"canonical":"https:\/\/now-news.de\/de\/deutschland\/genozid-und-kriegsverbrechen-eu-weiter-uneins-ueber-haltung-zu-israel\/","og_locale":"de_DE","og_type":"article","og_title":"Genozid und Kriegsverbrechen: EU weiter uneins \u00fcber Haltung zu Israel","og_description":"Trotz eines Urteils des IGH und zahlreicher Berichte \u00fcber Kriegsverbrechen und einen beabsichtigten Genozid an den Pal\u00e4stinensern findet die EU weiterhin keine gemeinsame Haltung zu Israel. Vor allem Deutschland blockiert konkrete Schritte. Die EU verliert dadurch rapide an Ansehen und Glaubw\u00fcrdigkeit. Die EU ist in ihrer Haltung zu Israel tief gespalten. Der scheidende EU-Au\u00dfenbeauftragte Josep [&hellip;]","og_url":"https:\/\/now-news.de\/de\/deutschland\/genozid-und-kriegsverbrechen-eu-weiter-uneins-ueber-haltung-zu-israel\/","og_site_name":"just-now.NEWS Deutschland","article_publisher":"https:\/\/www.facebook.com\/wirmachenauf","article_published_time":"2024-11-16T20:18:51+00:00","og_image":[{"url":"https:\/\/now-news.de\/de\/wp-content\/uploads\/sites\/3\/2024\/11\/67389095b480cc16827bde65.jpg"}],"author":"rtnews","twitter_card":"summary_large_image","twitter_creator":"@WirMachenAuf_de","twitter_site":"@WirMachenAuf_de","twitter_misc":{"Verfasst von":"rtnews","Gesch\u00e4tzte Lesezeit":"3\u00a0Minuten"},"schema":{"@context":"https:\/\/schema.org","@graph":[{"@type":"Article","@id":"https:\/\/now-news.de\/de\/deutschland\/genozid-und-kriegsverbrechen-eu-weiter-uneins-ueber-haltung-zu-israel\/#article","isPartOf":{"@id":"https:\/\/now-news.de\/de\/deutschland\/genozid-und-kriegsverbrechen-eu-weiter-uneins-ueber-haltung-zu-israel\/"},"author":{"name":"rtnews","@id":"https:\/\/now-news.de\/de\/#\/schema\/person\/fb534a4e865501d8b3285208df34a9b5"},"headline":"Genozid und Kriegsverbrechen: EU weiter uneins \u00fcber Haltung zu Israel","datePublished":"2024-11-16T20:18:51+00:00","dateModified":"2024-11-16T20:18:51+00:00","mainEntityOfPage":{"@id":"https:\/\/now-news.de\/de\/deutschland\/genozid-und-kriegsverbrechen-eu-weiter-uneins-ueber-haltung-zu-israel\/"},"wordCount":622,"commentCount":0,"publisher":{"@id":"https:\/\/now-news.de\/de\/#organization"},"image":{"@id":"https:\/\/now-news.de\/de\/deutschland\/genozid-und-kriegsverbrechen-eu-weiter-uneins-ueber-haltung-zu-israel\/#primaryimage"},"thumbnailUrl":"https:\/\/now-news.de\/de\/wp-content\/uploads\/sites\/3\/2024\/11\/Genozid-und-Kriegsverbrechen-EU-weiter-uneins-ueber-Haltung-zu-Israel.jpg","keywords":["Genozid","Haltung","Israel","Kriegsverbrechen","\u00fcber","und","uneins","weiter"],"articleSection":["Deutschland","Russland"],"inLanguage":"de","potentialAction":[{"@type":"CommentAction","name":"Comment","target":["https:\/\/now-news.de\/de\/deutschland\/genozid-und-kriegsverbrechen-eu-weiter-uneins-ueber-haltung-zu-israel\/#respond"]}]},{"@type":"WebPage","@id":"https:\/\/now-news.de\/de\/deutschland\/genozid-und-kriegsverbrechen-eu-weiter-uneins-ueber-haltung-zu-israel\/","url":"https:\/\/now-news.de\/de\/deutschland\/genozid-und-kriegsverbrechen-eu-weiter-uneins-ueber-haltung-zu-israel\/","name":"Genozid und Kriegsverbrechen: EU weiter uneins \u00fcber Haltung zu Israel - just-now.NEWS Deutschland","isPartOf":{"@id":"https:\/\/now-news.de\/de\/#website"},"primaryImageOfPage":{"@id":"https:\/\/now-news.de\/de\/deutschland\/genozid-und-kriegsverbrechen-eu-weiter-uneins-ueber-haltung-zu-israel\/#primaryimage"},"image":{"@id":"https:\/\/now-news.de\/de\/deutschland\/genozid-und-kriegsverbrechen-eu-weiter-uneins-ueber-haltung-zu-israel\/#primaryimage"},"thumbnailUrl":"https:\/\/now-news.de\/de\/wp-content\/uploads\/sites\/3\/2024\/11\/Genozid-und-Kriegsverbrechen-EU-weiter-uneins-ueber-Haltung-zu-Israel.jpg","datePublished":"2024-11-16T20:18:51+00:00","dateModified":"2024-11-16T20:18:51+00:00","breadcrumb":{"@id":"https:\/\/now-news.de\/de\/deutschland\/genozid-und-kriegsverbrechen-eu-weiter-uneins-ueber-haltung-zu-israel\/#breadcrumb"},"inLanguage":"de","potentialAction":[{"@type":"ReadAction","target":["https:\/\/now-news.de\/de\/deutschland\/genozid-und-kriegsverbrechen-eu-weiter-uneins-ueber-haltung-zu-israel\/"]}]},{"@type":"ImageObject","inLanguage":"de","@id":"https:\/\/now-news.de\/de\/deutschland\/genozid-und-kriegsverbrechen-eu-weiter-uneins-ueber-haltung-zu-israel\/#primaryimage","url":"https:\/\/now-news.de\/de\/wp-content\/uploads\/sites\/3\/2024\/11\/Genozid-und-Kriegsverbrechen-EU-weiter-uneins-ueber-Haltung-zu-Israel.jpg","contentUrl":"https:\/\/now-news.de\/de\/wp-content\/uploads\/sites\/3\/2024\/11\/Genozid-und-Kriegsverbrechen-EU-weiter-uneins-ueber-Haltung-zu-Israel.jpg","width":460,"height":259,"caption":"Genozid und Kriegsverbrechen: EU weiter uneins \u00fcber Haltung zu Israel"},{"@type":"BreadcrumbList","@id":"https:\/\/now-news.de\/de\/deutschland\/genozid-und-kriegsverbrechen-eu-weiter-uneins-ueber-haltung-zu-israel\/#breadcrumb","itemListElement":[{"@type":"ListItem","position":1,"name":"Home","item":"https:\/\/now-news.de\/de\/"},{"@type":"ListItem","position":2,"name":"Genozid und Kriegsverbrechen: EU weiter uneins \u00fcber Haltung zu Israel"}]},{"@type":"WebSite","@id":"https:\/\/now-news.de\/de\/#website","url":"https:\/\/now-news.de\/de\/","name":"just-now.NEWS Deutschland","description":"Das Portal f\u00fcr unzensierte Nachrichten aus der Welt","publisher":{"@id":"https:\/\/now-news.de\/de\/#organization"},"potentialAction":[{"@type":"SearchAction","target":{"@type":"EntryPoint","urlTemplate":"https:\/\/now-news.de\/de\/?s={search_term_string}"},"query-input":"required name=search_term_string"}],"inLanguage":"de"},{"@type":"Organization","@id":"https:\/\/now-news.de\/de\/#organization","name":"Just Now News","url":"https:\/\/now-news.de\/de\/","logo":{"@type":"ImageObject","inLanguage":"de","@id":"https:\/\/now-news.de\/de\/#\/schema\/logo\/image\/","url":"http:\/\/just-now.news\/de\/wp-content\/uploads\/sites\/3\/2022\/04\/logo500x500.jpg","contentUrl":"http:\/\/just-now.news\/de\/wp-content\/uploads\/sites\/3\/2022\/04\/logo500x500.jpg","width":500,"height":500,"caption":"Just Now News"},"image":{"@id":"https:\/\/now-news.de\/de\/#\/schema\/logo\/image\/"},"sameAs":["https:\/\/www.facebook.com\/wirmachenauf","https:\/\/x.com\/WirMachenAuf_de"]},{"@type":"Person","@id":"https:\/\/now-news.de\/de\/#\/schema\/person\/fb534a4e865501d8b3285208df34a9b5","name":"rtnews","image":{"@type":"ImageObject","inLanguage":"de","@id":"https:\/\/now-news.de\/de\/#\/schema\/person\/image\/","url":"https:\/\/secure.gravatar.com\/avatar\/82aafea7d8127119dd649515f56e2117?s=96&d=mm&r=g","contentUrl":"https:\/\/secure.gravatar.com\/avatar\/82aafea7d8127119dd649515f56e2117?s=96&d=mm&r=g","caption":"rtnews"},"url":"https:\/\/now-news.de\/de\/author\/rnews\/"}]}},"_links":{"self":[{"href":"https:\/\/now-news.de\/de\/wp-json\/wp\/v2\/posts\/72721"}],"collection":[{"href":"https:\/\/now-news.de\/de\/wp-json\/wp\/v2\/posts"}],"about":[{"href":"https:\/\/now-news.de\/de\/wp-json\/wp\/v2\/types\/post"}],"author":[{"embeddable":true,"href":"https:\/\/now-news.de\/de\/wp-json\/wp\/v2\/users\/3"}],"replies":[{"embeddable":true,"href":"https:\/\/now-news.de\/de\/wp-json\/wp\/v2\/comments?post=72721"}],"version-history":[{"count":0,"href":"https:\/\/now-news.de\/de\/wp-json\/wp\/v2\/posts\/72721\/revisions"}],"wp:featuredmedia":[{"embeddable":true,"href":"https:\/\/now-news.de\/de\/wp-json\/wp\/v2\/media\/72722"}],"wp:attachment":[{"href":"https:\/\/now-news.de\/de\/wp-json\/wp\/v2\/media?parent=72721"}],"wp:term":[{"taxonomy":"category","embeddable":true,"href":"https:\/\/now-news.de\/de\/wp-json\/wp\/v2\/categories?post=72721"},{"taxonomy":"post_tag","embeddable":true,"href":"https:\/\/now-news.de\/de\/wp-json\/wp\/v2\/tags?post=72721"}],"curies":[{"name":"wp","href":"https:\/\/api.w.org\/{rel}","templated":true}]}}