{"id":72678,"date":"2024-11-15T22:46:57","date_gmt":"2024-11-15T20:46:57","guid":{"rendered":"https:\/\/now-news.de\/de\/deutschland\/antikolonialistische-aktion-bismarck-denkmal-in-frankfurt-geschaendet-und-gestuerzt\/"},"modified":"2024-11-15T22:46:57","modified_gmt":"2024-11-15T20:46:57","slug":"antikolonialistische-aktion-bismarck-denkmal-in-frankfurt-geschaendet-und-gestuerzt","status":"publish","type":"post","link":"https:\/\/now-news.de\/de\/deutschland\/antikolonialistische-aktion-bismarck-denkmal-in-frankfurt-geschaendet-und-gestuerzt\/","title":{"rendered":"&quot;Antikolonialistische Aktion&quot;: Bismarck-Denkmal in Frankfurt gesch\u00e4ndet und gest\u00fcrzt"},"content":{"rendered":"<p><img decoding=\"async\" src=\"https:\/\/now-news.de\/de\/wp-content\/uploads\/sites\/3\/2024\/11\/6737a424b480cc29c83f0c16.jpeg\" \/><\/p>\n<div class=\"Text-root Text-type_1 \">\n                Unbekannte haben das Denkmal von Otto von Bismarck in\u00a0Frankfurt-H\u00f6chst\u00a0demoliert. In der Dunkelheit wurde es anges\u00e4gt, und die Bronzestatue fiel vom Sockel, erkl\u00e4rte die Polizei.\n            <\/div>\n<p><\/p>\n<div class=\"Text-root Text-type_5 ArticleView-text ViewText-root \">\n<p>Ein Otto-von-Bismarck-Denkmal in Frankfurt wurde von bislang unbekannten T\u00e4tern zerst\u00f6rt. Es sei in der Nacht anges\u00e4gt worden, dann sei die Bronzestatue vom Sockel gest\u00fcrzt worden, teilte die Polizei am Freitag mit. Au\u00dferdem seien Schriftz\u00fcge angebracht worden, die auf eine politisch motivierte Tat schlie\u00dfen lie\u00dfen. Sie h\u00e4tten einen Bezug zu der Rolle Bismarcks in der Kolonialzeit. Der Staatsschutz ermittelt wegen gemeinsch\u00e4dlicher Sachbesch\u00e4digung, es werden Zeugen gesucht.<\/p>\n<p>Welchen Schriftzug die T\u00e4ter auf dem Denkmal hinterlie\u00dfen, l\u00e4sst sich anhand\u00a0der in den sozialen Medien geposteten\u00a0Fotos feststellen: Das Denkmal wurde am &#8220;K\u00f6rper&#8221; des gest\u00fcrzten Reichskanzlers mit dem Schriftzug &#8220;Colonizer&#8221; beschmiert, zus\u00e4tzlich dazu wird am Sockel mit wei\u00dfem Farbspray mitgeteilt, dass es sich um eine &#8220;Antikoloniale Aktion&#8221; handelt.<\/p>\n<p>Der AfD-Abgeordnete Frank Grobe schrieb die Tat &#8220;Linksextremisten&#8221; zu. &#8220;Das ist Teil des linksextremen Kulturkampfes und ein Anschlag auf unsere Geschichte und Identit\u00e4t. Stoppt endlich die Cancel Culture!&#8221;, schieb er auf X und postete das Foto der demolierten Bismarck-Statue.<\/p>\n<div class=\"EmbedBlock-root EmbedBlock-twitter\">\n<div class=\"TwitterEmbed\">\n<blockquote class=\"twitter-tweet lazyload\" data-twitter=\"twitter-tweet\">\n<p lang=\"de\" dir=\"ltr\"><a rel=\"nofollow noopener\" target=\"_blank\" href=\"https:\/\/twitter.com\/hashtag\/Linksextremisten?src=hash&amp;ref_src=twsrc%5Etfw\">#Linksextremisten<\/a> haben die <a rel=\"nofollow noopener\" target=\"_blank\" href=\"https:\/\/twitter.com\/hashtag\/Bismarck?src=hash&amp;ref_src=twsrc%5Etfw\">#Bismarck<\/a>-Statue in Frankfurt beschmiert und umgesto\u00dfen. Das ist Teil des linksextremen <a rel=\"nofollow noopener\" target=\"_blank\" href=\"https:\/\/twitter.com\/hashtag\/Kulturkampfes?src=hash&amp;ref_src=twsrc%5Etfw\">#Kulturkampfes<\/a> und ein Anschlag auf unsere <a rel=\"nofollow noopener\" target=\"_blank\" href=\"https:\/\/twitter.com\/hashtag\/Geschichte?src=hash&amp;ref_src=twsrc%5Etfw\">#Geschichte<\/a> und <a rel=\"nofollow noopener\" target=\"_blank\" href=\"https:\/\/twitter.com\/hashtag\/Identit%C3%A4t?src=hash&amp;ref_src=twsrc%5Etfw\">#Identit\u00e4t<\/a>. Stoppt endlich die <a rel=\"nofollow noopener\" target=\"_blank\" href=\"https:\/\/twitter.com\/hashtag\/CancelCulture?src=hash&amp;ref_src=twsrc%5Etfw\">#CancelCulture<\/a>! <a rel=\"nofollow noopener\" target=\"_blank\" href=\"https:\/\/t.co\/pZBbaYQ7kz\">pic.twitter.com\/pZBbaYQ7kz<\/a><\/p>\n<p>\u2014 Dr. Frank Grobe (@GrobeDrFrank) <a rel=\"nofollow noopener\" target=\"_blank\" href=\"https:\/\/twitter.com\/GrobeDrFrank\/status\/1857425704104739301?ref_src=twsrc%5Etfw\">November 15, 2024<\/a><\/p><\/blockquote>\n<\/div>\n<\/div>\n<p>M\u00f6gliche Einzelheiten zum Motiv lieferte ein Facebook-Profil in der lokalen Gruppe <a rel=\"nofollow noopener\" target=\"_blank\" href=\"https:\/\/www.facebook.com\/pages\/Frankfurt-H%C3%B6chst\/106123482751254\">Frankfurt-H\u00f6chst<\/a>. Es brachte die Tat mit der am 15.\u00a0November stattfindenden &#8220;Dekolonialen Berliner Afrika-Konferenz&#8221;. Der Nutzer schieb:<\/p>\n<blockquote>\n<p><em>&#8220;Genau vor 140\u00a0Jahren gab es die Afrika-Konferenz in Berlin 1884\/85, die Bismarck einberufen hat. Darin waren ausschlie\u00dflich europ\u00e4ische und westliche M\u00e4chte eingeladen, die sich beim &#8216;Wettlauf um Afrika&#8217; ein St\u00fcck sichern wollten.&#8221;<\/em><\/p>\n<\/blockquote>\n<p>Ein anderer Facebook-Nutzer wies darauf hin, dass das Denkmal schon letzte Woche &#8220;wiederholt&#8221; mit Farbe beschmiert worden war. Schon im Jahre 2020 war die Bismarck-Statue in Frankfurt-H\u00f6chst mit roter Farbe \u00fcbergossen worden.<\/p>\n<p>Der Streit, ob der erste deutsche Reichskanzler ein &#8220;Kolonialist&#8221; war, rei\u00dft nicht ab. Im Jahre 2020 wurde beispielsweise im Zuge der BLM-Bewegung der Vorschlag des Afrika-Historikers J\u00fcrgen Zimmerer <a rel=\"nofollow noopener\" target=\"_blank\" href=\"https:\/\/www.zeit.de\/politik\/2020-07\/kolonialismus-deutschland-geschichte-bismarck-denkmal-rassismus-black-lives-matter\">diskutiert<\/a>, die Bismarck-Riesenstatue in Hamburg zu &#8220;entheroisieren&#8221; indem man die Granitstatue oberhalb der Landungsbr\u00fccken\u00a0auf den Kopf stellen, hinlegen oder halb eingraben k\u00f6nnte.<\/p>\n<p>Seine Begr\u00fcndung:\u00a0Bismarck\u00a0war Monarchist, antidemokratisch und antimodern und habe Deutschland zur Kolonialmacht gemacht. Damit sei indirekt f\u00fcr den ersten V\u00f6lkermord des 20.\u00a0Jahrhunderts gegen die Herero und Nama in Deutsch-S\u00fcdwestafrika\u00a0verantwortlich gewesen.<\/p>\n<p>Dazu lieferte die Bundeszentrale f\u00fcr politische Bildung (bpb) noch im Jahre 2015 eine <a rel=\"nofollow noopener\" target=\"_blank\" href=\"https:\/\/www.bpb.de\/shop\/zeitschriften\/apuz\/202989\/bismarck-und-der-kolonialismus\/#footnote-target-3\">Klarstellung<\/a>: Die deutsche Teilnahme am Kolonialwettstreit des ausgehenden 19.\u00a0Jahrhunderts lehnte Bismarck zun\u00e4chst ab.\u00a0&#8220;Solange ich Reichskanzler bin, treiben wir keine Kolonialpolitik&#8221;, schrieb er im Jahre 1881.\u00a0Die besagte Afrika-Konferenz in den Jahren\u00a01884\/85 (&#8220;Balgerei um Afrika&#8221;) habe er viel eher aus innen- und au\u00dfenpolitischen &#8220;Prestige-Gr\u00fcnden&#8221; veranstaltet. Auch im Hinblick auf sp\u00e4ter viel kritisierte Konferenz gilt laut der bpb:<\/p>\n<blockquote>\n<p><em>&#8220;Seine Interessen waren auf Europa konzentriert, auf die Vermeidung von Spannungen mit den anderen Gro\u00dfm\u00e4chten, wobei er die M\u00f6glichkeit, \u00fcber koloniale Gef\u00e4lligkeiten sein B\u00fcndnissystem zu stabilisieren, gerne ergriff. Von der wachsenden Kolonialbegeisterung im Deutschen Reich lie\u00df er sich nicht anstecken, und dass er vom Kolonialismus \u00f6konomische Wunder erwartete, ist nicht bekannt.&#8221;<\/em><\/p>\n<\/blockquote>\n<p><strong>Mehr zum Thema \u2013\u00a0<\/strong><a rel=\"nofollow noopener\" target=\"_blank\" href=\"https:\/\/freedert.online\/inland\/224564-aussenpolitischer-sprecher-afd-moosdorf-kann-wegen-honorarprofessur-moskau-abgesetzt-werden\/\">Wegen Honorarprofessur in Moskau \u2013 Au\u00dfenpolitischem Sprecher der AfD droht Absetzung<\/a><\/p>\n<\/div>\n<p><script async src=\"https:\/\/platform.twitter.com\/widgets.js\" charset=\"utf-8\"><\/script><br \/>\n<br \/><br \/>\n<br \/><a href=\"https:\/\/de.rt.com\/gesellschaft\/226087-antikolonialistische-aktion-bismarck-denkmal-in-bismarck-denkmal-frankfurt-geschaendet\/\">Source link <\/a><\/p>\n","protected":false},"excerpt":{"rendered":"<p>Unbekannte haben das Denkmal von Otto von Bismarck in\u00a0Frankfurt-H\u00f6chst\u00a0demoliert. In der Dunkelheit wurde es anges\u00e4gt, und die Bronzestatue fiel vom Sockel, erkl\u00e4rte die Polizei. Ein Otto-von-Bismarck-Denkmal in Frankfurt wurde von bislang unbekannten T\u00e4tern zerst\u00f6rt. Es sei in der Nacht anges\u00e4gt worden, dann sei die Bronzestatue vom Sockel gest\u00fcrzt worden, teilte die Polizei am Freitag mit. [&hellip;]<\/p>\n","protected":false},"author":3,"featured_media":72679,"comment_status":"open","ping_status":"open","sticky":false,"template":"","format":"standard","meta":{"_yoast_indexnow_last_ping":["1731704076"],"wp_automatic_camp":["217"],"f917b739c529eb215aa060801bac7847":["&quot;Antikolonialistische Aktion&quot;: Bismarck-Denkmal in Frankfurt gesch\u00e4ndet und gest\u00fcrzt"],"original_link":["https:\/\/de.rt.com\/gesellschaft\/226087-antikolonialistische-aktion-bismarck-denkmal-in-bismarck-denkmal-frankfurt-geschaendet\/"],"_thumbnail_id":["72679"],"_wptgpro_p2tg_sent2tg":["a:1:{i:23737;s:19:\"2024-11-15 22:55:45\";}"],"jnews_social_counter_last_update":["1777369129"]},"categories":[19,23],"tags":[50244,60289,29272,2637,25776,60288,140],"yoast_head":"<!-- This site is optimized with the Yoast SEO Premium plugin v22.7 (Yoast SEO v22.7) - https:\/\/yoast.com\/wordpress\/plugins\/seo\/ -->\n<title>&quot;Antikolonialistische Aktion&quot;: Bismarck-Denkmal in Frankfurt gesch\u00e4ndet und gest\u00fcrzt - just-now.NEWS Deutschland<\/title>\n<meta name=\"robots\" content=\"index, follow, max-snippet:-1, max-image-preview:large, max-video-preview:-1\" \/>\n<link rel=\"canonical\" href=\"https:\/\/now-news.de\/de\/deutschland\/antikolonialistische-aktion-bismarck-denkmal-in-frankfurt-geschaendet-und-gestuerzt\/\" \/>\n<meta property=\"og:locale\" content=\"de_DE\" \/>\n<meta property=\"og:type\" content=\"article\" \/>\n<meta property=\"og:title\" content=\"&quot;Antikolonialistische Aktion&quot;: Bismarck-Denkmal in Frankfurt gesch\u00e4ndet und gest\u00fcrzt\" \/>\n<meta property=\"og:description\" content=\"Unbekannte haben das Denkmal von Otto von Bismarck in\u00a0Frankfurt-H\u00f6chst\u00a0demoliert. In der Dunkelheit wurde es anges\u00e4gt, und die Bronzestatue fiel vom Sockel, erkl\u00e4rte die Polizei. Ein Otto-von-Bismarck-Denkmal in Frankfurt wurde von bislang unbekannten T\u00e4tern zerst\u00f6rt. Es sei in der Nacht anges\u00e4gt worden, dann sei die Bronzestatue vom Sockel gest\u00fcrzt worden, teilte die Polizei am Freitag mit. [&hellip;]\" \/>\n<meta property=\"og:url\" content=\"https:\/\/now-news.de\/de\/deutschland\/antikolonialistische-aktion-bismarck-denkmal-in-frankfurt-geschaendet-und-gestuerzt\/\" \/>\n<meta property=\"og:site_name\" content=\"just-now.NEWS Deutschland\" \/>\n<meta property=\"article:publisher\" content=\"https:\/\/www.facebook.com\/wirmachenauf\" \/>\n<meta property=\"article:published_time\" content=\"2024-11-15T20:46:57+00:00\" \/>\n<meta property=\"og:image\" content=\"https:\/\/now-news.de\/de\/wp-content\/uploads\/sites\/3\/2024\/11\/6737a424b480cc29c83f0c16.jpeg\" \/>\n<meta name=\"author\" content=\"rtnews\" \/>\n<meta name=\"twitter:card\" content=\"summary_large_image\" \/>\n<meta name=\"twitter:creator\" content=\"@WirMachenAuf_de\" \/>\n<meta name=\"twitter:site\" content=\"@WirMachenAuf_de\" \/>\n<meta name=\"twitter:label1\" content=\"Verfasst von\" \/>\n\t<meta name=\"twitter:data1\" content=\"rtnews\" \/>\n\t<meta name=\"twitter:label2\" content=\"Gesch\u00e4tzte Lesezeit\" \/>\n\t<meta name=\"twitter:data2\" content=\"3\u00a0Minuten\" \/>\n<script type=\"application\/ld+json\" class=\"yoast-schema-graph\">{\"@context\":\"https:\/\/schema.org\",\"@graph\":[{\"@type\":\"Article\",\"@id\":\"https:\/\/now-news.de\/de\/deutschland\/antikolonialistische-aktion-bismarck-denkmal-in-frankfurt-geschaendet-und-gestuerzt\/#article\",\"isPartOf\":{\"@id\":\"https:\/\/now-news.de\/de\/deutschland\/antikolonialistische-aktion-bismarck-denkmal-in-frankfurt-geschaendet-und-gestuerzt\/\"},\"author\":{\"name\":\"rtnews\",\"@id\":\"https:\/\/now-news.de\/de\/#\/schema\/person\/fb534a4e865501d8b3285208df34a9b5\"},\"headline\":\"&quot;Antikolonialistische Aktion&quot;: Bismarck-Denkmal in Frankfurt gesch\u00e4ndet und gest\u00fcrzt\",\"datePublished\":\"2024-11-15T20:46:57+00:00\",\"dateModified\":\"2024-11-15T20:46:57+00:00\",\"mainEntityOfPage\":{\"@id\":\"https:\/\/now-news.de\/de\/deutschland\/antikolonialistische-aktion-bismarck-denkmal-in-frankfurt-geschaendet-und-gestuerzt\/\"},\"wordCount\":584,\"commentCount\":0,\"publisher\":{\"@id\":\"https:\/\/now-news.de\/de\/#organization\"},\"image\":{\"@id\":\"https:\/\/now-news.de\/de\/deutschland\/antikolonialistische-aktion-bismarck-denkmal-in-frankfurt-geschaendet-und-gestuerzt\/#primaryimage\"},\"thumbnailUrl\":\"https:\/\/now-news.de\/de\/wp-content\/uploads\/sites\/3\/2024\/11\/quotAntikolonialistische-Aktionquot-Bismarck-Denkmal-in-Frankfurt-geschaendet-und-gestuerzt.jpeg\",\"keywords\":[\"Aktionquot\",\"BismarckDenkmal\",\"Frankfurt\",\"gesch\u00e4ndet\",\"gest\u00fcrzt\",\"quotAntikolonialistische\",\"und\"],\"articleSection\":[\"Deutschland\",\"Russland\"],\"inLanguage\":\"de\",\"potentialAction\":[{\"@type\":\"CommentAction\",\"name\":\"Comment\",\"target\":[\"https:\/\/now-news.de\/de\/deutschland\/antikolonialistische-aktion-bismarck-denkmal-in-frankfurt-geschaendet-und-gestuerzt\/#respond\"]}]},{\"@type\":\"WebPage\",\"@id\":\"https:\/\/now-news.de\/de\/deutschland\/antikolonialistische-aktion-bismarck-denkmal-in-frankfurt-geschaendet-und-gestuerzt\/\",\"url\":\"https:\/\/now-news.de\/de\/deutschland\/antikolonialistische-aktion-bismarck-denkmal-in-frankfurt-geschaendet-und-gestuerzt\/\",\"name\":\"&quot;Antikolonialistische Aktion&quot;: Bismarck-Denkmal in Frankfurt gesch\u00e4ndet und gest\u00fcrzt - just-now.NEWS Deutschland\",\"isPartOf\":{\"@id\":\"https:\/\/now-news.de\/de\/#website\"},\"primaryImageOfPage\":{\"@id\":\"https:\/\/now-news.de\/de\/deutschland\/antikolonialistische-aktion-bismarck-denkmal-in-frankfurt-geschaendet-und-gestuerzt\/#primaryimage\"},\"image\":{\"@id\":\"https:\/\/now-news.de\/de\/deutschland\/antikolonialistische-aktion-bismarck-denkmal-in-frankfurt-geschaendet-und-gestuerzt\/#primaryimage\"},\"thumbnailUrl\":\"https:\/\/now-news.de\/de\/wp-content\/uploads\/sites\/3\/2024\/11\/quotAntikolonialistische-Aktionquot-Bismarck-Denkmal-in-Frankfurt-geschaendet-und-gestuerzt.jpeg\",\"datePublished\":\"2024-11-15T20:46:57+00:00\",\"dateModified\":\"2024-11-15T20:46:57+00:00\",\"breadcrumb\":{\"@id\":\"https:\/\/now-news.de\/de\/deutschland\/antikolonialistische-aktion-bismarck-denkmal-in-frankfurt-geschaendet-und-gestuerzt\/#breadcrumb\"},\"inLanguage\":\"de\",\"potentialAction\":[{\"@type\":\"ReadAction\",\"target\":[\"https:\/\/now-news.de\/de\/deutschland\/antikolonialistische-aktion-bismarck-denkmal-in-frankfurt-geschaendet-und-gestuerzt\/\"]}]},{\"@type\":\"ImageObject\",\"inLanguage\":\"de\",\"@id\":\"https:\/\/now-news.de\/de\/deutschland\/antikolonialistische-aktion-bismarck-denkmal-in-frankfurt-geschaendet-und-gestuerzt\/#primaryimage\",\"url\":\"https:\/\/now-news.de\/de\/wp-content\/uploads\/sites\/3\/2024\/11\/quotAntikolonialistische-Aktionquot-Bismarck-Denkmal-in-Frankfurt-geschaendet-und-gestuerzt.jpeg\",\"contentUrl\":\"https:\/\/now-news.de\/de\/wp-content\/uploads\/sites\/3\/2024\/11\/quotAntikolonialistische-Aktionquot-Bismarck-Denkmal-in-Frankfurt-geschaendet-und-gestuerzt.jpeg\",\"width\":460,\"height\":259,\"caption\":\"&quot;Antikolonialistische Aktion&quot;: Bismarck-Denkmal in Frankfurt gesch\u00e4ndet und gest\u00fcrzt\"},{\"@type\":\"BreadcrumbList\",\"@id\":\"https:\/\/now-news.de\/de\/deutschland\/antikolonialistische-aktion-bismarck-denkmal-in-frankfurt-geschaendet-und-gestuerzt\/#breadcrumb\",\"itemListElement\":[{\"@type\":\"ListItem\",\"position\":1,\"name\":\"Home\",\"item\":\"https:\/\/now-news.de\/de\/\"},{\"@type\":\"ListItem\",\"position\":2,\"name\":\"&quot;Antikolonialistische Aktion&quot;: Bismarck-Denkmal in Frankfurt gesch\u00e4ndet und gest\u00fcrzt\"}]},{\"@type\":\"WebSite\",\"@id\":\"https:\/\/now-news.de\/de\/#website\",\"url\":\"https:\/\/now-news.de\/de\/\",\"name\":\"just-now.NEWS Deutschland\",\"description\":\"Das Portal f\u00fcr unzensierte Nachrichten aus der Welt\",\"publisher\":{\"@id\":\"https:\/\/now-news.de\/de\/#organization\"},\"potentialAction\":[{\"@type\":\"SearchAction\",\"target\":{\"@type\":\"EntryPoint\",\"urlTemplate\":\"https:\/\/now-news.de\/de\/?s={search_term_string}\"},\"query-input\":\"required name=search_term_string\"}],\"inLanguage\":\"de\"},{\"@type\":\"Organization\",\"@id\":\"https:\/\/now-news.de\/de\/#organization\",\"name\":\"Just Now News\",\"url\":\"https:\/\/now-news.de\/de\/\",\"logo\":{\"@type\":\"ImageObject\",\"inLanguage\":\"de\",\"@id\":\"https:\/\/now-news.de\/de\/#\/schema\/logo\/image\/\",\"url\":\"http:\/\/just-now.news\/de\/wp-content\/uploads\/sites\/3\/2022\/04\/logo500x500.jpg\",\"contentUrl\":\"http:\/\/just-now.news\/de\/wp-content\/uploads\/sites\/3\/2022\/04\/logo500x500.jpg\",\"width\":500,\"height\":500,\"caption\":\"Just Now News\"},\"image\":{\"@id\":\"https:\/\/now-news.de\/de\/#\/schema\/logo\/image\/\"},\"sameAs\":[\"https:\/\/www.facebook.com\/wirmachenauf\",\"https:\/\/x.com\/WirMachenAuf_de\"]},{\"@type\":\"Person\",\"@id\":\"https:\/\/now-news.de\/de\/#\/schema\/person\/fb534a4e865501d8b3285208df34a9b5\",\"name\":\"rtnews\",\"image\":{\"@type\":\"ImageObject\",\"inLanguage\":\"de\",\"@id\":\"https:\/\/now-news.de\/de\/#\/schema\/person\/image\/\",\"url\":\"https:\/\/secure.gravatar.com\/avatar\/82aafea7d8127119dd649515f56e2117?s=96&d=mm&r=g\",\"contentUrl\":\"https:\/\/secure.gravatar.com\/avatar\/82aafea7d8127119dd649515f56e2117?s=96&d=mm&r=g\",\"caption\":\"rtnews\"},\"url\":\"https:\/\/now-news.de\/de\/author\/rnews\/\"}]}<\/script>\n<!-- \/ Yoast SEO Premium plugin. -->","yoast_head_json":{"title":"&quot;Antikolonialistische Aktion&quot;: Bismarck-Denkmal in Frankfurt gesch\u00e4ndet und gest\u00fcrzt - just-now.NEWS Deutschland","robots":{"index":"index","follow":"follow","max-snippet":"max-snippet:-1","max-image-preview":"max-image-preview:large","max-video-preview":"max-video-preview:-1"},"canonical":"https:\/\/now-news.de\/de\/deutschland\/antikolonialistische-aktion-bismarck-denkmal-in-frankfurt-geschaendet-und-gestuerzt\/","og_locale":"de_DE","og_type":"article","og_title":"&quot;Antikolonialistische Aktion&quot;: Bismarck-Denkmal in Frankfurt gesch\u00e4ndet und gest\u00fcrzt","og_description":"Unbekannte haben das Denkmal von Otto von Bismarck in\u00a0Frankfurt-H\u00f6chst\u00a0demoliert. In der Dunkelheit wurde es anges\u00e4gt, und die Bronzestatue fiel vom Sockel, erkl\u00e4rte die Polizei. Ein Otto-von-Bismarck-Denkmal in Frankfurt wurde von bislang unbekannten T\u00e4tern zerst\u00f6rt. Es sei in der Nacht anges\u00e4gt worden, dann sei die Bronzestatue vom Sockel gest\u00fcrzt worden, teilte die Polizei am Freitag mit. [&hellip;]","og_url":"https:\/\/now-news.de\/de\/deutschland\/antikolonialistische-aktion-bismarck-denkmal-in-frankfurt-geschaendet-und-gestuerzt\/","og_site_name":"just-now.NEWS Deutschland","article_publisher":"https:\/\/www.facebook.com\/wirmachenauf","article_published_time":"2024-11-15T20:46:57+00:00","og_image":[{"url":"https:\/\/now-news.de\/de\/wp-content\/uploads\/sites\/3\/2024\/11\/6737a424b480cc29c83f0c16.jpeg"}],"author":"rtnews","twitter_card":"summary_large_image","twitter_creator":"@WirMachenAuf_de","twitter_site":"@WirMachenAuf_de","twitter_misc":{"Verfasst von":"rtnews","Gesch\u00e4tzte Lesezeit":"3\u00a0Minuten"},"schema":{"@context":"https:\/\/schema.org","@graph":[{"@type":"Article","@id":"https:\/\/now-news.de\/de\/deutschland\/antikolonialistische-aktion-bismarck-denkmal-in-frankfurt-geschaendet-und-gestuerzt\/#article","isPartOf":{"@id":"https:\/\/now-news.de\/de\/deutschland\/antikolonialistische-aktion-bismarck-denkmal-in-frankfurt-geschaendet-und-gestuerzt\/"},"author":{"name":"rtnews","@id":"https:\/\/now-news.de\/de\/#\/schema\/person\/fb534a4e865501d8b3285208df34a9b5"},"headline":"&quot;Antikolonialistische Aktion&quot;: Bismarck-Denkmal in Frankfurt gesch\u00e4ndet und gest\u00fcrzt","datePublished":"2024-11-15T20:46:57+00:00","dateModified":"2024-11-15T20:46:57+00:00","mainEntityOfPage":{"@id":"https:\/\/now-news.de\/de\/deutschland\/antikolonialistische-aktion-bismarck-denkmal-in-frankfurt-geschaendet-und-gestuerzt\/"},"wordCount":584,"commentCount":0,"publisher":{"@id":"https:\/\/now-news.de\/de\/#organization"},"image":{"@id":"https:\/\/now-news.de\/de\/deutschland\/antikolonialistische-aktion-bismarck-denkmal-in-frankfurt-geschaendet-und-gestuerzt\/#primaryimage"},"thumbnailUrl":"https:\/\/now-news.de\/de\/wp-content\/uploads\/sites\/3\/2024\/11\/quotAntikolonialistische-Aktionquot-Bismarck-Denkmal-in-Frankfurt-geschaendet-und-gestuerzt.jpeg","keywords":["Aktionquot","BismarckDenkmal","Frankfurt","gesch\u00e4ndet","gest\u00fcrzt","quotAntikolonialistische","und"],"articleSection":["Deutschland","Russland"],"inLanguage":"de","potentialAction":[{"@type":"CommentAction","name":"Comment","target":["https:\/\/now-news.de\/de\/deutschland\/antikolonialistische-aktion-bismarck-denkmal-in-frankfurt-geschaendet-und-gestuerzt\/#respond"]}]},{"@type":"WebPage","@id":"https:\/\/now-news.de\/de\/deutschland\/antikolonialistische-aktion-bismarck-denkmal-in-frankfurt-geschaendet-und-gestuerzt\/","url":"https:\/\/now-news.de\/de\/deutschland\/antikolonialistische-aktion-bismarck-denkmal-in-frankfurt-geschaendet-und-gestuerzt\/","name":"&quot;Antikolonialistische Aktion&quot;: Bismarck-Denkmal in Frankfurt gesch\u00e4ndet und gest\u00fcrzt - just-now.NEWS Deutschland","isPartOf":{"@id":"https:\/\/now-news.de\/de\/#website"},"primaryImageOfPage":{"@id":"https:\/\/now-news.de\/de\/deutschland\/antikolonialistische-aktion-bismarck-denkmal-in-frankfurt-geschaendet-und-gestuerzt\/#primaryimage"},"image":{"@id":"https:\/\/now-news.de\/de\/deutschland\/antikolonialistische-aktion-bismarck-denkmal-in-frankfurt-geschaendet-und-gestuerzt\/#primaryimage"},"thumbnailUrl":"https:\/\/now-news.de\/de\/wp-content\/uploads\/sites\/3\/2024\/11\/quotAntikolonialistische-Aktionquot-Bismarck-Denkmal-in-Frankfurt-geschaendet-und-gestuerzt.jpeg","datePublished":"2024-11-15T20:46:57+00:00","dateModified":"2024-11-15T20:46:57+00:00","breadcrumb":{"@id":"https:\/\/now-news.de\/de\/deutschland\/antikolonialistische-aktion-bismarck-denkmal-in-frankfurt-geschaendet-und-gestuerzt\/#breadcrumb"},"inLanguage":"de","potentialAction":[{"@type":"ReadAction","target":["https:\/\/now-news.de\/de\/deutschland\/antikolonialistische-aktion-bismarck-denkmal-in-frankfurt-geschaendet-und-gestuerzt\/"]}]},{"@type":"ImageObject","inLanguage":"de","@id":"https:\/\/now-news.de\/de\/deutschland\/antikolonialistische-aktion-bismarck-denkmal-in-frankfurt-geschaendet-und-gestuerzt\/#primaryimage","url":"https:\/\/now-news.de\/de\/wp-content\/uploads\/sites\/3\/2024\/11\/quotAntikolonialistische-Aktionquot-Bismarck-Denkmal-in-Frankfurt-geschaendet-und-gestuerzt.jpeg","contentUrl":"https:\/\/now-news.de\/de\/wp-content\/uploads\/sites\/3\/2024\/11\/quotAntikolonialistische-Aktionquot-Bismarck-Denkmal-in-Frankfurt-geschaendet-und-gestuerzt.jpeg","width":460,"height":259,"caption":"&quot;Antikolonialistische Aktion&quot;: Bismarck-Denkmal in Frankfurt gesch\u00e4ndet und gest\u00fcrzt"},{"@type":"BreadcrumbList","@id":"https:\/\/now-news.de\/de\/deutschland\/antikolonialistische-aktion-bismarck-denkmal-in-frankfurt-geschaendet-und-gestuerzt\/#breadcrumb","itemListElement":[{"@type":"ListItem","position":1,"name":"Home","item":"https:\/\/now-news.de\/de\/"},{"@type":"ListItem","position":2,"name":"&quot;Antikolonialistische Aktion&quot;: Bismarck-Denkmal in Frankfurt gesch\u00e4ndet und gest\u00fcrzt"}]},{"@type":"WebSite","@id":"https:\/\/now-news.de\/de\/#website","url":"https:\/\/now-news.de\/de\/","name":"just-now.NEWS Deutschland","description":"Das Portal f\u00fcr unzensierte Nachrichten aus der Welt","publisher":{"@id":"https:\/\/now-news.de\/de\/#organization"},"potentialAction":[{"@type":"SearchAction","target":{"@type":"EntryPoint","urlTemplate":"https:\/\/now-news.de\/de\/?s={search_term_string}"},"query-input":"required name=search_term_string"}],"inLanguage":"de"},{"@type":"Organization","@id":"https:\/\/now-news.de\/de\/#organization","name":"Just Now News","url":"https:\/\/now-news.de\/de\/","logo":{"@type":"ImageObject","inLanguage":"de","@id":"https:\/\/now-news.de\/de\/#\/schema\/logo\/image\/","url":"http:\/\/just-now.news\/de\/wp-content\/uploads\/sites\/3\/2022\/04\/logo500x500.jpg","contentUrl":"http:\/\/just-now.news\/de\/wp-content\/uploads\/sites\/3\/2022\/04\/logo500x500.jpg","width":500,"height":500,"caption":"Just Now News"},"image":{"@id":"https:\/\/now-news.de\/de\/#\/schema\/logo\/image\/"},"sameAs":["https:\/\/www.facebook.com\/wirmachenauf","https:\/\/x.com\/WirMachenAuf_de"]},{"@type":"Person","@id":"https:\/\/now-news.de\/de\/#\/schema\/person\/fb534a4e865501d8b3285208df34a9b5","name":"rtnews","image":{"@type":"ImageObject","inLanguage":"de","@id":"https:\/\/now-news.de\/de\/#\/schema\/person\/image\/","url":"https:\/\/secure.gravatar.com\/avatar\/82aafea7d8127119dd649515f56e2117?s=96&d=mm&r=g","contentUrl":"https:\/\/secure.gravatar.com\/avatar\/82aafea7d8127119dd649515f56e2117?s=96&d=mm&r=g","caption":"rtnews"},"url":"https:\/\/now-news.de\/de\/author\/rnews\/"}]}},"_links":{"self":[{"href":"https:\/\/now-news.de\/de\/wp-json\/wp\/v2\/posts\/72678"}],"collection":[{"href":"https:\/\/now-news.de\/de\/wp-json\/wp\/v2\/posts"}],"about":[{"href":"https:\/\/now-news.de\/de\/wp-json\/wp\/v2\/types\/post"}],"author":[{"embeddable":true,"href":"https:\/\/now-news.de\/de\/wp-json\/wp\/v2\/users\/3"}],"replies":[{"embeddable":true,"href":"https:\/\/now-news.de\/de\/wp-json\/wp\/v2\/comments?post=72678"}],"version-history":[{"count":0,"href":"https:\/\/now-news.de\/de\/wp-json\/wp\/v2\/posts\/72678\/revisions"}],"wp:featuredmedia":[{"embeddable":true,"href":"https:\/\/now-news.de\/de\/wp-json\/wp\/v2\/media\/72679"}],"wp:attachment":[{"href":"https:\/\/now-news.de\/de\/wp-json\/wp\/v2\/media?parent=72678"}],"wp:term":[{"taxonomy":"category","embeddable":true,"href":"https:\/\/now-news.de\/de\/wp-json\/wp\/v2\/categories?post=72678"},{"taxonomy":"post_tag","embeddable":true,"href":"https:\/\/now-news.de\/de\/wp-json\/wp\/v2\/tags?post=72678"}],"curies":[{"name":"wp","href":"https:\/\/api.w.org\/{rel}","templated":true}]}}