{"id":7267,"date":"2022-05-10T11:37:15","date_gmt":"2022-05-10T09:37:15","guid":{"rendered":"http:\/\/just-now.news\/de\/deutschland\/skandal-im-regierungsviertel-erweiterungsbau-des-bundestages-wird-zum-ber-desaster-2-0\/"},"modified":"2022-05-10T11:37:15","modified_gmt":"2022-05-10T09:37:15","slug":"skandal-im-regierungsviertel-erweiterungsbau-des-bundestages-wird-zum-ber-desaster-2-0","status":"publish","type":"post","link":"https:\/\/now-news.de\/de\/deutschland\/skandal-im-regierungsviertel-erweiterungsbau-des-bundestages-wird-zum-ber-desaster-2-0\/","title":{"rendered":"Skandal im Regierungsviertel: Erweiterungsbau des Bundestages wird zum BER-Desaster 2.0"},"content":{"rendered":"<p><\/p>\n<p>Bislang galt der Pannen-Flughafen BER in Berlin als die bekannteste Problem-Baustelle des Landes. Nun r\u00fcckt ein weiterer Bau der Bundeshauptstadt in den Fokus der Medien, das im Regierungsviertel liegende\u00a0Marie-Elisabeth-L\u00fcders-Haus. Im Rahmen der Erweiterung sollen 300 neue Abgeordnetenb\u00fcros geschaffen werden, sowie, mit Blick auf den Reichstag, ein\u00a0Bistro mit Au\u00dfengastronomie zur Spreeseite.<\/p>\n<p>Baubeginn war im Jahre 2010. Die Fertigstellung sollte bei erster Zielsetzung 2014 erfolgen. Verz\u00f6gerungen durch &#8220;<a rel=\"nofollow noopener\" target=\"_blank\" href=\"https:\/\/www.berliner-zeitung.de\/mensch-metropole\/kostenexplosion-anbau-von-marie-elisabeth-lueders-haus-in-berlin-bereits-60-millionen-teurer-als-geplant-li.21800\">Baupfusch<\/a>&#8220;, Kostenexplosionen und die\u00a044. Bundes-Immissionsschutzverordnung r\u00fccken einen Termin &#8220;wohl nicht vor 2024&#8221; in Sichtweite, um die Baustelle besenrein zu \u00fcbergeben, so die Einsch\u00e4tzung von\u00a0Bundestagspr\u00e4sidentin B\u00e4rbel Bas (SPD). Bundestagsvizepr\u00e4sident\u00a0Wolfgang Kubicki\u00a0(FDP) \u00e4u\u00dferte sich dieser Tage gegen\u00fcber der\u00a0<em>S\u00fcddeutschen Zeitung<\/em>\u00a0mit der Prognose: &#8220;Definitiv nicht vor 2024.&#8221;\u00a0Schon letztes Jahr wurde die Zielmarke &#8220;Bundestagswahl 2021&#8221; eindeutig gerissen.<\/p>\n<p>Eine Sprecherin des Bundesamtes f\u00fcr Bauwesen und Raumordnung (BBR) <a rel=\"nofollow noopener\" target=\"_blank\" href=\"https:\/\/www.rnd.de\/politik\/abgeordnetengebaeude-des-bundestags-bund-der-steuerzahler-warnt-vor-kostenexplosion-DOQ6HGG2KVC2NDW5RNILLUHRCQ.html\">teilte<\/a> dem <em>Redaktionsnetzwerk Deutschland<\/em> (<em>RND<\/em>) nun mit, dass sich die Gesamtkosten &#8220;nach jetzigem Stand auf 332 Millionen Euro&#8221; belaufen. Urspr\u00fcnglich sollten sie bei 190 Millionen Euro liegen. 2017 war von 223 Millionen Euro die Rede.\u00a0Der Pr\u00e4sident des\u00a0Bundes der Steuerzahler, Reiner Holznagel, warnt derweil\u00a0vor weiteren Kostensteigerungen und teilte dem <em>RND<\/em> noch eine\u00a0andere Bef\u00fcrchtung mit:<\/p>\n<blockquote>\n<p><em>&#8220;Die Dauerbaustelle des Erweiterungsbaus gleicht bisher einem Trauerspiel.\u00a0Es bleibt zu hoffen, dass es f\u00fcr die Steuerzahler nicht in einer Misere endet und der Bau unvollendet wieder abgerissen werden muss.&#8221;<\/em><\/p>\n<\/blockquote>\n<p>Der\u00a0Vorsitzende der Bau- und Raumkommission des Bundestags, Kubicki, wird von der <em>S\u00fcddeutschen Zeitung<\/em>\u00a0(<em>SZ<\/em>) mit den Worten <a rel=\"nofollow noopener\" target=\"_blank\" href=\"https:\/\/www.sueddeutsche.de\/politik\/bundestag-marie-elisabeth-lueders-haus-1.5580517#:~:text=Alles%20zusammen%20kostet%20332%20Millionen%20Euro%20%2D%20bisher&amp;text=Also%20bis%20sp%C3%A4testens%202033.,von%20223%20Millionen%20die%20Rede.\">zitiert<\/a>:<\/p>\n<blockquote>\n<p><em>&#8220;Jedes Mal, wenn wir ein Problem l\u00f6sen, taucht ein neues auf.\u00a0Wir k\u00f6nnen jetzt nur beten&#8230;dann wird es abgerissen werden m\u00fcssen.&#8221;<\/em><\/p>\n<\/blockquote>\n<p>Achillesverse der Baustelle ist aktuell die\u00a0im Sommer 2019 in Kraft getretene 44. Bundes-Immissionsschutzverordnung. Die dar\u00fcber nun geltenden versch\u00e4rften Umweltstandards, unter anderem f\u00fcr Heizungen und Brandschutztechnik, bewirkten, dass die zuvor frisch installierte Anlage im\u00a0Marie-Elisabeth-L\u00fcders-Erweiterungsbau f\u00fcr Millionen Euro wieder ausgetauscht, bzw. erg\u00e4nzt werden musste. Die <em>SZ<\/em> schreibt dazu:<\/p>\n<blockquote>\n<p><em>&#8220;Das, was urspr\u00fcnglich in die Erweiterung des L\u00fcders-Hauses eingebaut wurde, entspricht damit nicht mehr den gesetzlichen Auflagen. Deshalb muss die Haustechnik nun teilweise erneuert und teilweise neu zertifiziert werden.&#8221;<\/em><\/p>\n<\/blockquote>\n<p>Die neuen\u00a0Anlagen m\u00fcssen nun bis sp\u00e4testens Herbst 2022 eine Zertifizierungs-Pr\u00fcfung \u00fcberstehen, ansonsten droht neues Ungemach, bis hin zum angedeuteten &#8220;Abriss&#8221;.\u00a0Im L\u00fcders-Haupthaus befindet sich die Bundestags-Bibliothek, die in einer gro\u00dfen Rotunde untergebracht ist, sowie das Parlamentsarchiv.\u00a0Des Weiteren sind dort Sitzungsr\u00e4ume und 600 B\u00fcros sowie eine Sporthalle zu finden. In dem Erweiterungsbau sollen weitere 300 B\u00fcros, ein Bereich f\u00fcr Kunstausstellungen, das Bistro und weitere Fl\u00e4chen f\u00fcr das Parlamentsarchiv entstehen. Im\u00a0Februar 2022 wurde deshalb der Luisenblock-West bezogen, bezogen auf die Adresse Luisenstra\u00dfe, ein \u00dcbergangs-Modulbau,\u00a0wodurch das Platzproblem des Bundestags zumindest kurzfristig gelindert werden soll.<\/p>\n<p><strong>Mehr zum Thema &#8211;<\/strong>\u00a0<a rel=\"nofollow noopener\" target=\"_blank\" href=\"https:\/\/de.rt.com\/wirtschaft\/137749-us-firma-tesla-will-weitere\/\">Tesla-Gr\u00fcnheide will expandieren: Weitere 100 Hektar Land auf der Wunschliste<\/a><\/p>\n<p><br \/>\n<br \/><a href=\"https:\/\/de.rt.com\/inland\/138074-regierungsviertel-berlin-erweiterung-marie-elisabeth\/\">Source link <\/a><\/p>\n","protected":false},"excerpt":{"rendered":"<p>Bislang galt der Pannen-Flughafen BER in Berlin als die bekannteste Problem-Baustelle des Landes. Nun r\u00fcckt ein weiterer Bau der Bundeshauptstadt in den Fokus der Medien, das im Regierungsviertel liegende\u00a0Marie-Elisabeth-L\u00fcders-Haus. Im Rahmen der Erweiterung sollen 300 neue Abgeordnetenb\u00fcros geschaffen werden, sowie, mit Blick auf den Reichstag, ein\u00a0Bistro mit Au\u00dfengastronomie zur Spreeseite. Baubeginn war im Jahre 2010. [&hellip;]<\/p>\n","protected":false},"author":3,"featured_media":7268,"comment_status":"open","ping_status":"open","sticky":false,"template":"","format":"standard","meta":{"wp_automatic_camp":["217"],"29aff905403bd3543eb2a91dc372c14a":["Skandal im Regierungsviertel: Erweiterungsbau des Bundestages wird zum BER-Desaster 2.0"],"original_link":["https:\/\/de.rt.com\/inland\/138074-regierungsviertel-berlin-erweiterung-marie-elisabeth\/"],"_thumbnail_id":["7268"],"wp_automatic_remove_first_image":["yes"],"_wptg_p2tg_sent2tg":["2022-05-10 11:53:18"],"jnews_social_counter_last_update":["1777132329"]},"categories":[19,23],"tags":[19466,19465,583,19464,19463,10744,374,565],"yoast_head":"<!-- This site is optimized with the Yoast SEO Premium plugin v22.7 (Yoast SEO v22.7) - https:\/\/yoast.com\/wordpress\/plugins\/seo\/ -->\n<title>Skandal im Regierungsviertel: Erweiterungsbau des Bundestages wird zum BER-Desaster 2.0 - just-now.NEWS Deutschland<\/title>\n<meta name=\"robots\" content=\"index, follow, max-snippet:-1, max-image-preview:large, max-video-preview:-1\" \/>\n<link rel=\"canonical\" href=\"https:\/\/now-news.de\/de\/deutschland\/skandal-im-regierungsviertel-erweiterungsbau-des-bundestages-wird-zum-ber-desaster-2-0\/\" \/>\n<meta property=\"og:locale\" content=\"de_DE\" \/>\n<meta property=\"og:type\" content=\"article\" \/>\n<meta property=\"og:title\" content=\"Skandal im Regierungsviertel: Erweiterungsbau des Bundestages wird zum BER-Desaster 2.0\" \/>\n<meta property=\"og:description\" content=\"Bislang galt der Pannen-Flughafen BER in Berlin als die bekannteste Problem-Baustelle des Landes. Nun r\u00fcckt ein weiterer Bau der Bundeshauptstadt in den Fokus der Medien, das im Regierungsviertel liegende\u00a0Marie-Elisabeth-L\u00fcders-Haus. Im Rahmen der Erweiterung sollen 300 neue Abgeordnetenb\u00fcros geschaffen werden, sowie, mit Blick auf den Reichstag, ein\u00a0Bistro mit Au\u00dfengastronomie zur Spreeseite. Baubeginn war im Jahre 2010. [&hellip;]\" \/>\n<meta property=\"og:url\" content=\"https:\/\/now-news.de\/de\/deutschland\/skandal-im-regierungsviertel-erweiterungsbau-des-bundestages-wird-zum-ber-desaster-2-0\/\" \/>\n<meta property=\"og:site_name\" content=\"just-now.NEWS Deutschland\" \/>\n<meta property=\"article:publisher\" content=\"https:\/\/www.facebook.com\/wirmachenauf\" \/>\n<meta property=\"article:published_time\" content=\"2022-05-10T09:37:15+00:00\" \/>\n<meta property=\"og:image\" content=\"https:\/\/now-news.de\/de\/wp-content\/uploads\/sites\/3\/2022\/05\/Skandal-im-Regierungsviertel-Erweiterungsbau-des-Bundestages-wird-zum-BER-Desaster-20.jpg\" \/>\n\t<meta property=\"og:image:width\" content=\"460\" \/>\n\t<meta property=\"og:image:height\" content=\"259\" \/>\n\t<meta property=\"og:image:type\" content=\"image\/jpeg\" \/>\n<meta name=\"author\" content=\"rtnews\" \/>\n<meta name=\"twitter:card\" content=\"summary_large_image\" \/>\n<meta name=\"twitter:creator\" content=\"@WirMachenAuf_de\" \/>\n<meta name=\"twitter:site\" content=\"@WirMachenAuf_de\" \/>\n<meta name=\"twitter:label1\" content=\"Verfasst von\" \/>\n\t<meta name=\"twitter:data1\" content=\"rtnews\" \/>\n\t<meta name=\"twitter:label2\" content=\"Gesch\u00e4tzte Lesezeit\" \/>\n\t<meta name=\"twitter:data2\" content=\"2\u00a0Minuten\" \/>\n<script type=\"application\/ld+json\" class=\"yoast-schema-graph\">{\"@context\":\"https:\/\/schema.org\",\"@graph\":[{\"@type\":\"Article\",\"@id\":\"https:\/\/now-news.de\/de\/deutschland\/skandal-im-regierungsviertel-erweiterungsbau-des-bundestages-wird-zum-ber-desaster-2-0\/#article\",\"isPartOf\":{\"@id\":\"https:\/\/now-news.de\/de\/deutschland\/skandal-im-regierungsviertel-erweiterungsbau-des-bundestages-wird-zum-ber-desaster-2-0\/\"},\"author\":{\"name\":\"rtnews\",\"@id\":\"https:\/\/now-news.de\/de\/#\/schema\/person\/fb534a4e865501d8b3285208df34a9b5\"},\"headline\":\"Skandal im Regierungsviertel: Erweiterungsbau des Bundestages wird zum BER-Desaster 2.0\",\"datePublished\":\"2022-05-10T09:37:15+00:00\",\"dateModified\":\"2022-05-10T09:37:15+00:00\",\"mainEntityOfPage\":{\"@id\":\"https:\/\/now-news.de\/de\/deutschland\/skandal-im-regierungsviertel-erweiterungsbau-des-bundestages-wird-zum-ber-desaster-2-0\/\"},\"wordCount\":485,\"commentCount\":0,\"publisher\":{\"@id\":\"https:\/\/now-news.de\/de\/#organization\"},\"image\":{\"@id\":\"https:\/\/now-news.de\/de\/deutschland\/skandal-im-regierungsviertel-erweiterungsbau-des-bundestages-wird-zum-ber-desaster-2-0\/#primaryimage\"},\"thumbnailUrl\":\"https:\/\/now-news.de\/de\/wp-content\/uploads\/sites\/3\/2022\/05\/Skandal-im-Regierungsviertel-Erweiterungsbau-des-Bundestages-wird-zum-BER-Desaster-20.jpg\",\"keywords\":[\"BERDesaster\",\"Bundestages\",\"des\",\"Erweiterungsbau\",\"Regierungsviertel\",\"skandal\",\"wird\",\"zum\"],\"articleSection\":[\"Deutschland\",\"Russland\"],\"inLanguage\":\"de\",\"potentialAction\":[{\"@type\":\"CommentAction\",\"name\":\"Comment\",\"target\":[\"https:\/\/now-news.de\/de\/deutschland\/skandal-im-regierungsviertel-erweiterungsbau-des-bundestages-wird-zum-ber-desaster-2-0\/#respond\"]}]},{\"@type\":\"WebPage\",\"@id\":\"https:\/\/now-news.de\/de\/deutschland\/skandal-im-regierungsviertel-erweiterungsbau-des-bundestages-wird-zum-ber-desaster-2-0\/\",\"url\":\"https:\/\/now-news.de\/de\/deutschland\/skandal-im-regierungsviertel-erweiterungsbau-des-bundestages-wird-zum-ber-desaster-2-0\/\",\"name\":\"Skandal im Regierungsviertel: Erweiterungsbau des Bundestages wird zum BER-Desaster 2.0 - just-now.NEWS Deutschland\",\"isPartOf\":{\"@id\":\"https:\/\/now-news.de\/de\/#website\"},\"primaryImageOfPage\":{\"@id\":\"https:\/\/now-news.de\/de\/deutschland\/skandal-im-regierungsviertel-erweiterungsbau-des-bundestages-wird-zum-ber-desaster-2-0\/#primaryimage\"},\"image\":{\"@id\":\"https:\/\/now-news.de\/de\/deutschland\/skandal-im-regierungsviertel-erweiterungsbau-des-bundestages-wird-zum-ber-desaster-2-0\/#primaryimage\"},\"thumbnailUrl\":\"https:\/\/now-news.de\/de\/wp-content\/uploads\/sites\/3\/2022\/05\/Skandal-im-Regierungsviertel-Erweiterungsbau-des-Bundestages-wird-zum-BER-Desaster-20.jpg\",\"datePublished\":\"2022-05-10T09:37:15+00:00\",\"dateModified\":\"2022-05-10T09:37:15+00:00\",\"breadcrumb\":{\"@id\":\"https:\/\/now-news.de\/de\/deutschland\/skandal-im-regierungsviertel-erweiterungsbau-des-bundestages-wird-zum-ber-desaster-2-0\/#breadcrumb\"},\"inLanguage\":\"de\",\"potentialAction\":[{\"@type\":\"ReadAction\",\"target\":[\"https:\/\/now-news.de\/de\/deutschland\/skandal-im-regierungsviertel-erweiterungsbau-des-bundestages-wird-zum-ber-desaster-2-0\/\"]}]},{\"@type\":\"ImageObject\",\"inLanguage\":\"de\",\"@id\":\"https:\/\/now-news.de\/de\/deutschland\/skandal-im-regierungsviertel-erweiterungsbau-des-bundestages-wird-zum-ber-desaster-2-0\/#primaryimage\",\"url\":\"https:\/\/now-news.de\/de\/wp-content\/uploads\/sites\/3\/2022\/05\/Skandal-im-Regierungsviertel-Erweiterungsbau-des-Bundestages-wird-zum-BER-Desaster-20.jpg\",\"contentUrl\":\"https:\/\/now-news.de\/de\/wp-content\/uploads\/sites\/3\/2022\/05\/Skandal-im-Regierungsviertel-Erweiterungsbau-des-Bundestages-wird-zum-BER-Desaster-20.jpg\",\"width\":460,\"height\":259},{\"@type\":\"BreadcrumbList\",\"@id\":\"https:\/\/now-news.de\/de\/deutschland\/skandal-im-regierungsviertel-erweiterungsbau-des-bundestages-wird-zum-ber-desaster-2-0\/#breadcrumb\",\"itemListElement\":[{\"@type\":\"ListItem\",\"position\":1,\"name\":\"Home\",\"item\":\"https:\/\/now-news.de\/de\/\"},{\"@type\":\"ListItem\",\"position\":2,\"name\":\"Skandal im Regierungsviertel: Erweiterungsbau des Bundestages wird zum BER-Desaster 2.0\"}]},{\"@type\":\"WebSite\",\"@id\":\"https:\/\/now-news.de\/de\/#website\",\"url\":\"https:\/\/now-news.de\/de\/\",\"name\":\"just-now.NEWS Deutschland\",\"description\":\"Das Portal f\u00fcr unzensierte Nachrichten aus der Welt\",\"publisher\":{\"@id\":\"https:\/\/now-news.de\/de\/#organization\"},\"potentialAction\":[{\"@type\":\"SearchAction\",\"target\":{\"@type\":\"EntryPoint\",\"urlTemplate\":\"https:\/\/now-news.de\/de\/?s={search_term_string}\"},\"query-input\":\"required name=search_term_string\"}],\"inLanguage\":\"de\"},{\"@type\":\"Organization\",\"@id\":\"https:\/\/now-news.de\/de\/#organization\",\"name\":\"Just Now News\",\"url\":\"https:\/\/now-news.de\/de\/\",\"logo\":{\"@type\":\"ImageObject\",\"inLanguage\":\"de\",\"@id\":\"https:\/\/now-news.de\/de\/#\/schema\/logo\/image\/\",\"url\":\"http:\/\/just-now.news\/de\/wp-content\/uploads\/sites\/3\/2022\/04\/logo500x500.jpg\",\"contentUrl\":\"http:\/\/just-now.news\/de\/wp-content\/uploads\/sites\/3\/2022\/04\/logo500x500.jpg\",\"width\":500,\"height\":500,\"caption\":\"Just Now News\"},\"image\":{\"@id\":\"https:\/\/now-news.de\/de\/#\/schema\/logo\/image\/\"},\"sameAs\":[\"https:\/\/www.facebook.com\/wirmachenauf\",\"https:\/\/x.com\/WirMachenAuf_de\"]},{\"@type\":\"Person\",\"@id\":\"https:\/\/now-news.de\/de\/#\/schema\/person\/fb534a4e865501d8b3285208df34a9b5\",\"name\":\"rtnews\",\"image\":{\"@type\":\"ImageObject\",\"inLanguage\":\"de\",\"@id\":\"https:\/\/now-news.de\/de\/#\/schema\/person\/image\/\",\"url\":\"https:\/\/secure.gravatar.com\/avatar\/82aafea7d8127119dd649515f56e2117?s=96&d=mm&r=g\",\"contentUrl\":\"https:\/\/secure.gravatar.com\/avatar\/82aafea7d8127119dd649515f56e2117?s=96&d=mm&r=g\",\"caption\":\"rtnews\"},\"url\":\"https:\/\/now-news.de\/de\/author\/rnews\/\"}]}<\/script>\n<!-- \/ Yoast SEO Premium plugin. -->","yoast_head_json":{"title":"Skandal im Regierungsviertel: Erweiterungsbau des Bundestages wird zum BER-Desaster 2.0 - just-now.NEWS Deutschland","robots":{"index":"index","follow":"follow","max-snippet":"max-snippet:-1","max-image-preview":"max-image-preview:large","max-video-preview":"max-video-preview:-1"},"canonical":"https:\/\/now-news.de\/de\/deutschland\/skandal-im-regierungsviertel-erweiterungsbau-des-bundestages-wird-zum-ber-desaster-2-0\/","og_locale":"de_DE","og_type":"article","og_title":"Skandal im Regierungsviertel: Erweiterungsbau des Bundestages wird zum BER-Desaster 2.0","og_description":"Bislang galt der Pannen-Flughafen BER in Berlin als die bekannteste Problem-Baustelle des Landes. Nun r\u00fcckt ein weiterer Bau der Bundeshauptstadt in den Fokus der Medien, das im Regierungsviertel liegende\u00a0Marie-Elisabeth-L\u00fcders-Haus. Im Rahmen der Erweiterung sollen 300 neue Abgeordnetenb\u00fcros geschaffen werden, sowie, mit Blick auf den Reichstag, ein\u00a0Bistro mit Au\u00dfengastronomie zur Spreeseite. Baubeginn war im Jahre 2010. [&hellip;]","og_url":"https:\/\/now-news.de\/de\/deutschland\/skandal-im-regierungsviertel-erweiterungsbau-des-bundestages-wird-zum-ber-desaster-2-0\/","og_site_name":"just-now.NEWS Deutschland","article_publisher":"https:\/\/www.facebook.com\/wirmachenauf","article_published_time":"2022-05-10T09:37:15+00:00","og_image":[{"width":460,"height":259,"url":"https:\/\/now-news.de\/de\/wp-content\/uploads\/sites\/3\/2022\/05\/Skandal-im-Regierungsviertel-Erweiterungsbau-des-Bundestages-wird-zum-BER-Desaster-20.jpg","type":"image\/jpeg"}],"author":"rtnews","twitter_card":"summary_large_image","twitter_creator":"@WirMachenAuf_de","twitter_site":"@WirMachenAuf_de","twitter_misc":{"Verfasst von":"rtnews","Gesch\u00e4tzte Lesezeit":"2\u00a0Minuten"},"schema":{"@context":"https:\/\/schema.org","@graph":[{"@type":"Article","@id":"https:\/\/now-news.de\/de\/deutschland\/skandal-im-regierungsviertel-erweiterungsbau-des-bundestages-wird-zum-ber-desaster-2-0\/#article","isPartOf":{"@id":"https:\/\/now-news.de\/de\/deutschland\/skandal-im-regierungsviertel-erweiterungsbau-des-bundestages-wird-zum-ber-desaster-2-0\/"},"author":{"name":"rtnews","@id":"https:\/\/now-news.de\/de\/#\/schema\/person\/fb534a4e865501d8b3285208df34a9b5"},"headline":"Skandal im Regierungsviertel: Erweiterungsbau des Bundestages wird zum BER-Desaster 2.0","datePublished":"2022-05-10T09:37:15+00:00","dateModified":"2022-05-10T09:37:15+00:00","mainEntityOfPage":{"@id":"https:\/\/now-news.de\/de\/deutschland\/skandal-im-regierungsviertel-erweiterungsbau-des-bundestages-wird-zum-ber-desaster-2-0\/"},"wordCount":485,"commentCount":0,"publisher":{"@id":"https:\/\/now-news.de\/de\/#organization"},"image":{"@id":"https:\/\/now-news.de\/de\/deutschland\/skandal-im-regierungsviertel-erweiterungsbau-des-bundestages-wird-zum-ber-desaster-2-0\/#primaryimage"},"thumbnailUrl":"https:\/\/now-news.de\/de\/wp-content\/uploads\/sites\/3\/2022\/05\/Skandal-im-Regierungsviertel-Erweiterungsbau-des-Bundestages-wird-zum-BER-Desaster-20.jpg","keywords":["BERDesaster","Bundestages","des","Erweiterungsbau","Regierungsviertel","skandal","wird","zum"],"articleSection":["Deutschland","Russland"],"inLanguage":"de","potentialAction":[{"@type":"CommentAction","name":"Comment","target":["https:\/\/now-news.de\/de\/deutschland\/skandal-im-regierungsviertel-erweiterungsbau-des-bundestages-wird-zum-ber-desaster-2-0\/#respond"]}]},{"@type":"WebPage","@id":"https:\/\/now-news.de\/de\/deutschland\/skandal-im-regierungsviertel-erweiterungsbau-des-bundestages-wird-zum-ber-desaster-2-0\/","url":"https:\/\/now-news.de\/de\/deutschland\/skandal-im-regierungsviertel-erweiterungsbau-des-bundestages-wird-zum-ber-desaster-2-0\/","name":"Skandal im Regierungsviertel: Erweiterungsbau des Bundestages wird zum BER-Desaster 2.0 - just-now.NEWS Deutschland","isPartOf":{"@id":"https:\/\/now-news.de\/de\/#website"},"primaryImageOfPage":{"@id":"https:\/\/now-news.de\/de\/deutschland\/skandal-im-regierungsviertel-erweiterungsbau-des-bundestages-wird-zum-ber-desaster-2-0\/#primaryimage"},"image":{"@id":"https:\/\/now-news.de\/de\/deutschland\/skandal-im-regierungsviertel-erweiterungsbau-des-bundestages-wird-zum-ber-desaster-2-0\/#primaryimage"},"thumbnailUrl":"https:\/\/now-news.de\/de\/wp-content\/uploads\/sites\/3\/2022\/05\/Skandal-im-Regierungsviertel-Erweiterungsbau-des-Bundestages-wird-zum-BER-Desaster-20.jpg","datePublished":"2022-05-10T09:37:15+00:00","dateModified":"2022-05-10T09:37:15+00:00","breadcrumb":{"@id":"https:\/\/now-news.de\/de\/deutschland\/skandal-im-regierungsviertel-erweiterungsbau-des-bundestages-wird-zum-ber-desaster-2-0\/#breadcrumb"},"inLanguage":"de","potentialAction":[{"@type":"ReadAction","target":["https:\/\/now-news.de\/de\/deutschland\/skandal-im-regierungsviertel-erweiterungsbau-des-bundestages-wird-zum-ber-desaster-2-0\/"]}]},{"@type":"ImageObject","inLanguage":"de","@id":"https:\/\/now-news.de\/de\/deutschland\/skandal-im-regierungsviertel-erweiterungsbau-des-bundestages-wird-zum-ber-desaster-2-0\/#primaryimage","url":"https:\/\/now-news.de\/de\/wp-content\/uploads\/sites\/3\/2022\/05\/Skandal-im-Regierungsviertel-Erweiterungsbau-des-Bundestages-wird-zum-BER-Desaster-20.jpg","contentUrl":"https:\/\/now-news.de\/de\/wp-content\/uploads\/sites\/3\/2022\/05\/Skandal-im-Regierungsviertel-Erweiterungsbau-des-Bundestages-wird-zum-BER-Desaster-20.jpg","width":460,"height":259},{"@type":"BreadcrumbList","@id":"https:\/\/now-news.de\/de\/deutschland\/skandal-im-regierungsviertel-erweiterungsbau-des-bundestages-wird-zum-ber-desaster-2-0\/#breadcrumb","itemListElement":[{"@type":"ListItem","position":1,"name":"Home","item":"https:\/\/now-news.de\/de\/"},{"@type":"ListItem","position":2,"name":"Skandal im Regierungsviertel: Erweiterungsbau des Bundestages wird zum BER-Desaster 2.0"}]},{"@type":"WebSite","@id":"https:\/\/now-news.de\/de\/#website","url":"https:\/\/now-news.de\/de\/","name":"just-now.NEWS Deutschland","description":"Das Portal f\u00fcr unzensierte Nachrichten aus der Welt","publisher":{"@id":"https:\/\/now-news.de\/de\/#organization"},"potentialAction":[{"@type":"SearchAction","target":{"@type":"EntryPoint","urlTemplate":"https:\/\/now-news.de\/de\/?s={search_term_string}"},"query-input":"required name=search_term_string"}],"inLanguage":"de"},{"@type":"Organization","@id":"https:\/\/now-news.de\/de\/#organization","name":"Just Now News","url":"https:\/\/now-news.de\/de\/","logo":{"@type":"ImageObject","inLanguage":"de","@id":"https:\/\/now-news.de\/de\/#\/schema\/logo\/image\/","url":"http:\/\/just-now.news\/de\/wp-content\/uploads\/sites\/3\/2022\/04\/logo500x500.jpg","contentUrl":"http:\/\/just-now.news\/de\/wp-content\/uploads\/sites\/3\/2022\/04\/logo500x500.jpg","width":500,"height":500,"caption":"Just Now News"},"image":{"@id":"https:\/\/now-news.de\/de\/#\/schema\/logo\/image\/"},"sameAs":["https:\/\/www.facebook.com\/wirmachenauf","https:\/\/x.com\/WirMachenAuf_de"]},{"@type":"Person","@id":"https:\/\/now-news.de\/de\/#\/schema\/person\/fb534a4e865501d8b3285208df34a9b5","name":"rtnews","image":{"@type":"ImageObject","inLanguage":"de","@id":"https:\/\/now-news.de\/de\/#\/schema\/person\/image\/","url":"https:\/\/secure.gravatar.com\/avatar\/82aafea7d8127119dd649515f56e2117?s=96&d=mm&r=g","contentUrl":"https:\/\/secure.gravatar.com\/avatar\/82aafea7d8127119dd649515f56e2117?s=96&d=mm&r=g","caption":"rtnews"},"url":"https:\/\/now-news.de\/de\/author\/rnews\/"}]}},"_links":{"self":[{"href":"https:\/\/now-news.de\/de\/wp-json\/wp\/v2\/posts\/7267"}],"collection":[{"href":"https:\/\/now-news.de\/de\/wp-json\/wp\/v2\/posts"}],"about":[{"href":"https:\/\/now-news.de\/de\/wp-json\/wp\/v2\/types\/post"}],"author":[{"embeddable":true,"href":"https:\/\/now-news.de\/de\/wp-json\/wp\/v2\/users\/3"}],"replies":[{"embeddable":true,"href":"https:\/\/now-news.de\/de\/wp-json\/wp\/v2\/comments?post=7267"}],"version-history":[{"count":0,"href":"https:\/\/now-news.de\/de\/wp-json\/wp\/v2\/posts\/7267\/revisions"}],"wp:featuredmedia":[{"embeddable":true,"href":"https:\/\/now-news.de\/de\/wp-json\/wp\/v2\/media\/7268"}],"wp:attachment":[{"href":"https:\/\/now-news.de\/de\/wp-json\/wp\/v2\/media?parent=7267"}],"wp:term":[{"taxonomy":"category","embeddable":true,"href":"https:\/\/now-news.de\/de\/wp-json\/wp\/v2\/categories?post=7267"},{"taxonomy":"post_tag","embeddable":true,"href":"https:\/\/now-news.de\/de\/wp-json\/wp\/v2\/tags?post=7267"}],"curies":[{"name":"wp","href":"https:\/\/api.w.org\/{rel}","templated":true}]}}