{"id":72587,"date":"2024-11-14T14:10:31","date_gmt":"2024-11-14T12:10:31","guid":{"rendered":"https:\/\/now-news.de\/de\/deutschland\/eu-chefdiplomat-sollten-regelmaessigen-dialog-mit-israel-aussetzen\/"},"modified":"2024-11-14T14:10:31","modified_gmt":"2024-11-14T12:10:31","slug":"eu-chefdiplomat-sollten-regelmaessigen-dialog-mit-israel-aussetzen","status":"publish","type":"post","link":"https:\/\/now-news.de\/de\/deutschland\/eu-chefdiplomat-sollten-regelmaessigen-dialog-mit-israel-aussetzen\/","title":{"rendered":"EU-Chefdiplomat: Sollten regelm\u00e4\u00dfigen Dialog mit Israel aussetzen"},"content":{"rendered":"<p><img decoding=\"async\" src=\"https:\/\/now-news.de\/de\/wp-content\/uploads\/sites\/3\/2024\/11\/6735d4f4b480cc7ab9597c63.jpg\" \/><\/p>\n<div class=\"Text-root Text-type_1 \">\n                Der scheidende EU-Au\u00dfenbeauftragte Borrrell schl\u00e4gt vor, den regelm\u00e4\u00dfigen politischen Dialog mit Israel auszusetzen. Die frisch designierte EU-Au\u00dfenbeauftragte setzt beim Thema Nahost allerdings die Akzente etwas anders.\n            <\/div>\n<p><\/p>\n<div class=\"Text-root Text-type_5 ArticleView-text ViewText-root \">\n<p>Als Reaktion auf die israelische Kriegsf\u00fchrung im Gazastreifen und im Libanon will EU-Chefdiplomat\u00a0Josep Borrell\u00a0den regelm\u00e4\u00dfigen politischen Dialog mit Israel aussetzen. Diesen Vorschlag werde er beim Au\u00dfenministertreffen am kommenden Montag den Mitgliedstaaten der Europ\u00e4ischen Union unterbreiten, erfuhr die <em>Deutsche Presse-Agentur<\/em> in Br\u00fcssel von EU-Beamten.<\/p>\n<p>Hintergrund seien Berichte unabh\u00e4ngiger internationaler Organisationen, die den Schluss nahelegten, dass Israel Menschenrechte und internationales humanit\u00e4res V\u00f6lkerrecht verletze. Dass Borrells Vorschlag die notwendige einstimmige Zustimmung findet, gilt indes als unwahrscheinlich.<\/p>\n<p>Der politische Dialog der EU mit\u00a0Israel\u00a0wird \u00fcber ein sogenanntes Assoziationsabkommen aus dem Jahr 2000 geregelt. Er sieht unter anderem einen regelm\u00e4\u00dfigen Austausch zur St\u00e4rkung der Beziehungen und zur Weiterentwicklung der Partnerschaft vor. Festgehalten ist dort auch, dass die Beziehungen zwischen den Vertragsparteien auf der Achtung der Menschenrechte und den Grunds\u00e4tzen der Demokratie beruhen.<\/p>\n<p>Die frisch designierte EU-Au\u00dfenbeauftragte Kaja Kallas setzt mit Blick auf das Thema Nahost die Akzente allerdings etwas anders. Zwar hob sie am Dienstag bei einer Anh\u00f6rung zu ihrer Nominierung im Europaparlament\u00a0hervor, dass das humanit\u00e4re V\u00f6lkerrecht auch f\u00fcr Israel gelte. Doch sprach sie sich f\u00fcr eine h\u00e4rtere Linie gegen\u00fcber Iran aus, und f\u00fcr die Unterst\u00fctzung Israels im Krieg gegen Hamas und Hisbollah.<\/p>\n<p><strong>Mehr zum Thema<\/strong> &#8211; <a rel=\"nofollow noopener\" target=\"_blank\" href=\"https:\/\/freedert.online\/asien\/225798-nach-trump-sieg-teheran-stellt\/\">Nach Trump-Sieg: Teheran stellt sich auf harte US-\u00d6lsanktionen gegen Iran ein<\/a><\/p>\n<div class=\"EmbedBlock-root EmbedBlock-externalVideo EmbedBlock-vk\">\n<div class=\"VkEmbed\"><iframe class=\"lazyload\" data-src=\"https:\/\/vk.com\/video_ext.php?oid=-134310637&amp;id=456281107\" frameborder=\"0\" width=\"853\" height=\"480\" allowfullscreen><\/iframe><\/div>\n<\/div>\n<\/div>\n<p><br \/>\n<br \/><a href=\"https:\/\/de.rt.com\/europa\/225887-eu-chefdiplomat-will-offenbar-dialog\/\">Source link <\/a><\/p>\n","protected":false},"excerpt":{"rendered":"<p>Der scheidende EU-Au\u00dfenbeauftragte Borrrell schl\u00e4gt vor, den regelm\u00e4\u00dfigen politischen Dialog mit Israel auszusetzen. Die frisch designierte EU-Au\u00dfenbeauftragte setzt beim Thema Nahost allerdings die Akzente etwas anders. Als Reaktion auf die israelische Kriegsf\u00fchrung im Gazastreifen und im Libanon will EU-Chefdiplomat\u00a0Josep Borrell\u00a0den regelm\u00e4\u00dfigen politischen Dialog mit Israel aussetzen. Diesen Vorschlag werde er beim Au\u00dfenministertreffen am kommenden Montag [&hellip;]<\/p>\n","protected":false},"author":3,"featured_media":72588,"comment_status":"open","ping_status":"open","sticky":false,"template":"","format":"standard","meta":{"_yoast_indexnow_last_ping":["1731586453"],"wp_automatic_camp":["217"],"cec883bbedfe7b60c5396988b3b0ad5a":["EU-Chefdiplomat: Sollten regelm\u00e4\u00dfigen Dialog mit Israel aussetzen"],"original_link":["https:\/\/de.rt.com\/europa\/225887-eu-chefdiplomat-will-offenbar-dialog\/"],"_thumbnail_id":["72588"],"jnews_social_counter_last_update":["1777396157"],"_wptgpro_p2tg_sent2tg":["a:1:{i:23737;s:19:\"2024-11-14 14:15:17\";}"]},"categories":[19,23],"tags":[21997,18494,27582,432,419,60248,4275],"yoast_head":"<!-- This site is optimized with the Yoast SEO Premium plugin v22.7 (Yoast SEO v22.7) - https:\/\/yoast.com\/wordpress\/plugins\/seo\/ -->\n<title>EU-Chefdiplomat: Sollten regelm\u00e4\u00dfigen Dialog mit Israel aussetzen - just-now.NEWS Deutschland<\/title>\n<meta name=\"robots\" content=\"index, follow, max-snippet:-1, max-image-preview:large, max-video-preview:-1\" \/>\n<link rel=\"canonical\" href=\"https:\/\/now-news.de\/de\/deutschland\/eu-chefdiplomat-sollten-regelmaessigen-dialog-mit-israel-aussetzen\/\" \/>\n<meta property=\"og:locale\" content=\"de_DE\" \/>\n<meta property=\"og:type\" content=\"article\" \/>\n<meta property=\"og:title\" content=\"EU-Chefdiplomat: Sollten regelm\u00e4\u00dfigen Dialog mit Israel aussetzen\" \/>\n<meta property=\"og:description\" content=\"Der scheidende EU-Au\u00dfenbeauftragte Borrrell schl\u00e4gt vor, den regelm\u00e4\u00dfigen politischen Dialog mit Israel auszusetzen. Die frisch designierte EU-Au\u00dfenbeauftragte setzt beim Thema Nahost allerdings die Akzente etwas anders. Als Reaktion auf die israelische Kriegsf\u00fchrung im Gazastreifen und im Libanon will EU-Chefdiplomat\u00a0Josep Borrell\u00a0den regelm\u00e4\u00dfigen politischen Dialog mit Israel aussetzen. Diesen Vorschlag werde er beim Au\u00dfenministertreffen am kommenden Montag [&hellip;]\" \/>\n<meta property=\"og:url\" content=\"https:\/\/now-news.de\/de\/deutschland\/eu-chefdiplomat-sollten-regelmaessigen-dialog-mit-israel-aussetzen\/\" \/>\n<meta property=\"og:site_name\" content=\"just-now.NEWS Deutschland\" \/>\n<meta property=\"article:publisher\" content=\"https:\/\/www.facebook.com\/wirmachenauf\" \/>\n<meta property=\"article:published_time\" content=\"2024-11-14T12:10:31+00:00\" \/>\n<meta property=\"og:image\" content=\"https:\/\/now-news.de\/de\/wp-content\/uploads\/sites\/3\/2024\/11\/6735d4f4b480cc7ab9597c63.jpg\" \/>\n<meta name=\"author\" content=\"rtnews\" \/>\n<meta name=\"twitter:card\" content=\"summary_large_image\" \/>\n<meta name=\"twitter:creator\" content=\"@WirMachenAuf_de\" \/>\n<meta name=\"twitter:site\" content=\"@WirMachenAuf_de\" \/>\n<meta name=\"twitter:label1\" content=\"Verfasst von\" \/>\n\t<meta name=\"twitter:data1\" content=\"rtnews\" \/>\n\t<meta name=\"twitter:label2\" content=\"Gesch\u00e4tzte Lesezeit\" \/>\n\t<meta name=\"twitter:data2\" content=\"1\u00a0Minute\" \/>\n<script type=\"application\/ld+json\" class=\"yoast-schema-graph\">{\"@context\":\"https:\/\/schema.org\",\"@graph\":[{\"@type\":\"Article\",\"@id\":\"https:\/\/now-news.de\/de\/deutschland\/eu-chefdiplomat-sollten-regelmaessigen-dialog-mit-israel-aussetzen\/#article\",\"isPartOf\":{\"@id\":\"https:\/\/now-news.de\/de\/deutschland\/eu-chefdiplomat-sollten-regelmaessigen-dialog-mit-israel-aussetzen\/\"},\"author\":{\"name\":\"rtnews\",\"@id\":\"https:\/\/now-news.de\/de\/#\/schema\/person\/fb534a4e865501d8b3285208df34a9b5\"},\"headline\":\"EU-Chefdiplomat: Sollten regelm\u00e4\u00dfigen Dialog mit Israel aussetzen\",\"datePublished\":\"2024-11-14T12:10:31+00:00\",\"dateModified\":\"2024-11-14T12:10:31+00:00\",\"mainEntityOfPage\":{\"@id\":\"https:\/\/now-news.de\/de\/deutschland\/eu-chefdiplomat-sollten-regelmaessigen-dialog-mit-israel-aussetzen\/\"},\"wordCount\":269,\"commentCount\":0,\"publisher\":{\"@id\":\"https:\/\/now-news.de\/de\/#organization\"},\"image\":{\"@id\":\"https:\/\/now-news.de\/de\/deutschland\/eu-chefdiplomat-sollten-regelmaessigen-dialog-mit-israel-aussetzen\/#primaryimage\"},\"thumbnailUrl\":\"https:\/\/now-news.de\/de\/wp-content\/uploads\/sites\/3\/2024\/11\/EU-Chefdiplomat-Sollten-regelmaessigen-Dialog-mit-Israel-aussetzen.jpg\",\"keywords\":[\"Aussetzen\",\"Dialog\",\"EUChefdiplomat\",\"Israel\",\"mit\",\"regelm\u00e4\u00dfigen\",\"sollten\"],\"articleSection\":[\"Deutschland\",\"Russland\"],\"inLanguage\":\"de\",\"potentialAction\":[{\"@type\":\"CommentAction\",\"name\":\"Comment\",\"target\":[\"https:\/\/now-news.de\/de\/deutschland\/eu-chefdiplomat-sollten-regelmaessigen-dialog-mit-israel-aussetzen\/#respond\"]}]},{\"@type\":\"WebPage\",\"@id\":\"https:\/\/now-news.de\/de\/deutschland\/eu-chefdiplomat-sollten-regelmaessigen-dialog-mit-israel-aussetzen\/\",\"url\":\"https:\/\/now-news.de\/de\/deutschland\/eu-chefdiplomat-sollten-regelmaessigen-dialog-mit-israel-aussetzen\/\",\"name\":\"EU-Chefdiplomat: Sollten regelm\u00e4\u00dfigen Dialog mit Israel aussetzen - just-now.NEWS Deutschland\",\"isPartOf\":{\"@id\":\"https:\/\/now-news.de\/de\/#website\"},\"primaryImageOfPage\":{\"@id\":\"https:\/\/now-news.de\/de\/deutschland\/eu-chefdiplomat-sollten-regelmaessigen-dialog-mit-israel-aussetzen\/#primaryimage\"},\"image\":{\"@id\":\"https:\/\/now-news.de\/de\/deutschland\/eu-chefdiplomat-sollten-regelmaessigen-dialog-mit-israel-aussetzen\/#primaryimage\"},\"thumbnailUrl\":\"https:\/\/now-news.de\/de\/wp-content\/uploads\/sites\/3\/2024\/11\/EU-Chefdiplomat-Sollten-regelmaessigen-Dialog-mit-Israel-aussetzen.jpg\",\"datePublished\":\"2024-11-14T12:10:31+00:00\",\"dateModified\":\"2024-11-14T12:10:31+00:00\",\"breadcrumb\":{\"@id\":\"https:\/\/now-news.de\/de\/deutschland\/eu-chefdiplomat-sollten-regelmaessigen-dialog-mit-israel-aussetzen\/#breadcrumb\"},\"inLanguage\":\"de\",\"potentialAction\":[{\"@type\":\"ReadAction\",\"target\":[\"https:\/\/now-news.de\/de\/deutschland\/eu-chefdiplomat-sollten-regelmaessigen-dialog-mit-israel-aussetzen\/\"]}]},{\"@type\":\"ImageObject\",\"inLanguage\":\"de\",\"@id\":\"https:\/\/now-news.de\/de\/deutschland\/eu-chefdiplomat-sollten-regelmaessigen-dialog-mit-israel-aussetzen\/#primaryimage\",\"url\":\"https:\/\/now-news.de\/de\/wp-content\/uploads\/sites\/3\/2024\/11\/EU-Chefdiplomat-Sollten-regelmaessigen-Dialog-mit-Israel-aussetzen.jpg\",\"contentUrl\":\"https:\/\/now-news.de\/de\/wp-content\/uploads\/sites\/3\/2024\/11\/EU-Chefdiplomat-Sollten-regelmaessigen-Dialog-mit-Israel-aussetzen.jpg\",\"width\":460,\"height\":259,\"caption\":\"EU-Chefdiplomat: Sollten regelm\u00e4\u00dfigen Dialog mit Israel aussetzen\"},{\"@type\":\"BreadcrumbList\",\"@id\":\"https:\/\/now-news.de\/de\/deutschland\/eu-chefdiplomat-sollten-regelmaessigen-dialog-mit-israel-aussetzen\/#breadcrumb\",\"itemListElement\":[{\"@type\":\"ListItem\",\"position\":1,\"name\":\"Home\",\"item\":\"https:\/\/now-news.de\/de\/\"},{\"@type\":\"ListItem\",\"position\":2,\"name\":\"EU-Chefdiplomat: Sollten regelm\u00e4\u00dfigen Dialog mit Israel aussetzen\"}]},{\"@type\":\"WebSite\",\"@id\":\"https:\/\/now-news.de\/de\/#website\",\"url\":\"https:\/\/now-news.de\/de\/\",\"name\":\"just-now.NEWS Deutschland\",\"description\":\"Das Portal f\u00fcr unzensierte Nachrichten aus der Welt\",\"publisher\":{\"@id\":\"https:\/\/now-news.de\/de\/#organization\"},\"potentialAction\":[{\"@type\":\"SearchAction\",\"target\":{\"@type\":\"EntryPoint\",\"urlTemplate\":\"https:\/\/now-news.de\/de\/?s={search_term_string}\"},\"query-input\":\"required name=search_term_string\"}],\"inLanguage\":\"de\"},{\"@type\":\"Organization\",\"@id\":\"https:\/\/now-news.de\/de\/#organization\",\"name\":\"Just Now News\",\"url\":\"https:\/\/now-news.de\/de\/\",\"logo\":{\"@type\":\"ImageObject\",\"inLanguage\":\"de\",\"@id\":\"https:\/\/now-news.de\/de\/#\/schema\/logo\/image\/\",\"url\":\"http:\/\/just-now.news\/de\/wp-content\/uploads\/sites\/3\/2022\/04\/logo500x500.jpg\",\"contentUrl\":\"http:\/\/just-now.news\/de\/wp-content\/uploads\/sites\/3\/2022\/04\/logo500x500.jpg\",\"width\":500,\"height\":500,\"caption\":\"Just Now News\"},\"image\":{\"@id\":\"https:\/\/now-news.de\/de\/#\/schema\/logo\/image\/\"},\"sameAs\":[\"https:\/\/www.facebook.com\/wirmachenauf\",\"https:\/\/x.com\/WirMachenAuf_de\"]},{\"@type\":\"Person\",\"@id\":\"https:\/\/now-news.de\/de\/#\/schema\/person\/fb534a4e865501d8b3285208df34a9b5\",\"name\":\"rtnews\",\"image\":{\"@type\":\"ImageObject\",\"inLanguage\":\"de\",\"@id\":\"https:\/\/now-news.de\/de\/#\/schema\/person\/image\/\",\"url\":\"https:\/\/secure.gravatar.com\/avatar\/82aafea7d8127119dd649515f56e2117?s=96&d=mm&r=g\",\"contentUrl\":\"https:\/\/secure.gravatar.com\/avatar\/82aafea7d8127119dd649515f56e2117?s=96&d=mm&r=g\",\"caption\":\"rtnews\"},\"url\":\"https:\/\/now-news.de\/de\/author\/rnews\/\"}]}<\/script>\n<!-- \/ Yoast SEO Premium plugin. -->","yoast_head_json":{"title":"EU-Chefdiplomat: Sollten regelm\u00e4\u00dfigen Dialog mit Israel aussetzen - just-now.NEWS Deutschland","robots":{"index":"index","follow":"follow","max-snippet":"max-snippet:-1","max-image-preview":"max-image-preview:large","max-video-preview":"max-video-preview:-1"},"canonical":"https:\/\/now-news.de\/de\/deutschland\/eu-chefdiplomat-sollten-regelmaessigen-dialog-mit-israel-aussetzen\/","og_locale":"de_DE","og_type":"article","og_title":"EU-Chefdiplomat: Sollten regelm\u00e4\u00dfigen Dialog mit Israel aussetzen","og_description":"Der scheidende EU-Au\u00dfenbeauftragte Borrrell schl\u00e4gt vor, den regelm\u00e4\u00dfigen politischen Dialog mit Israel auszusetzen. Die frisch designierte EU-Au\u00dfenbeauftragte setzt beim Thema Nahost allerdings die Akzente etwas anders. Als Reaktion auf die israelische Kriegsf\u00fchrung im Gazastreifen und im Libanon will EU-Chefdiplomat\u00a0Josep Borrell\u00a0den regelm\u00e4\u00dfigen politischen Dialog mit Israel aussetzen. Diesen Vorschlag werde er beim Au\u00dfenministertreffen am kommenden Montag [&hellip;]","og_url":"https:\/\/now-news.de\/de\/deutschland\/eu-chefdiplomat-sollten-regelmaessigen-dialog-mit-israel-aussetzen\/","og_site_name":"just-now.NEWS Deutschland","article_publisher":"https:\/\/www.facebook.com\/wirmachenauf","article_published_time":"2024-11-14T12:10:31+00:00","og_image":[{"url":"https:\/\/now-news.de\/de\/wp-content\/uploads\/sites\/3\/2024\/11\/6735d4f4b480cc7ab9597c63.jpg"}],"author":"rtnews","twitter_card":"summary_large_image","twitter_creator":"@WirMachenAuf_de","twitter_site":"@WirMachenAuf_de","twitter_misc":{"Verfasst von":"rtnews","Gesch\u00e4tzte Lesezeit":"1\u00a0Minute"},"schema":{"@context":"https:\/\/schema.org","@graph":[{"@type":"Article","@id":"https:\/\/now-news.de\/de\/deutschland\/eu-chefdiplomat-sollten-regelmaessigen-dialog-mit-israel-aussetzen\/#article","isPartOf":{"@id":"https:\/\/now-news.de\/de\/deutschland\/eu-chefdiplomat-sollten-regelmaessigen-dialog-mit-israel-aussetzen\/"},"author":{"name":"rtnews","@id":"https:\/\/now-news.de\/de\/#\/schema\/person\/fb534a4e865501d8b3285208df34a9b5"},"headline":"EU-Chefdiplomat: Sollten regelm\u00e4\u00dfigen Dialog mit Israel aussetzen","datePublished":"2024-11-14T12:10:31+00:00","dateModified":"2024-11-14T12:10:31+00:00","mainEntityOfPage":{"@id":"https:\/\/now-news.de\/de\/deutschland\/eu-chefdiplomat-sollten-regelmaessigen-dialog-mit-israel-aussetzen\/"},"wordCount":269,"commentCount":0,"publisher":{"@id":"https:\/\/now-news.de\/de\/#organization"},"image":{"@id":"https:\/\/now-news.de\/de\/deutschland\/eu-chefdiplomat-sollten-regelmaessigen-dialog-mit-israel-aussetzen\/#primaryimage"},"thumbnailUrl":"https:\/\/now-news.de\/de\/wp-content\/uploads\/sites\/3\/2024\/11\/EU-Chefdiplomat-Sollten-regelmaessigen-Dialog-mit-Israel-aussetzen.jpg","keywords":["Aussetzen","Dialog","EUChefdiplomat","Israel","mit","regelm\u00e4\u00dfigen","sollten"],"articleSection":["Deutschland","Russland"],"inLanguage":"de","potentialAction":[{"@type":"CommentAction","name":"Comment","target":["https:\/\/now-news.de\/de\/deutschland\/eu-chefdiplomat-sollten-regelmaessigen-dialog-mit-israel-aussetzen\/#respond"]}]},{"@type":"WebPage","@id":"https:\/\/now-news.de\/de\/deutschland\/eu-chefdiplomat-sollten-regelmaessigen-dialog-mit-israel-aussetzen\/","url":"https:\/\/now-news.de\/de\/deutschland\/eu-chefdiplomat-sollten-regelmaessigen-dialog-mit-israel-aussetzen\/","name":"EU-Chefdiplomat: Sollten regelm\u00e4\u00dfigen Dialog mit Israel aussetzen - just-now.NEWS Deutschland","isPartOf":{"@id":"https:\/\/now-news.de\/de\/#website"},"primaryImageOfPage":{"@id":"https:\/\/now-news.de\/de\/deutschland\/eu-chefdiplomat-sollten-regelmaessigen-dialog-mit-israel-aussetzen\/#primaryimage"},"image":{"@id":"https:\/\/now-news.de\/de\/deutschland\/eu-chefdiplomat-sollten-regelmaessigen-dialog-mit-israel-aussetzen\/#primaryimage"},"thumbnailUrl":"https:\/\/now-news.de\/de\/wp-content\/uploads\/sites\/3\/2024\/11\/EU-Chefdiplomat-Sollten-regelmaessigen-Dialog-mit-Israel-aussetzen.jpg","datePublished":"2024-11-14T12:10:31+00:00","dateModified":"2024-11-14T12:10:31+00:00","breadcrumb":{"@id":"https:\/\/now-news.de\/de\/deutschland\/eu-chefdiplomat-sollten-regelmaessigen-dialog-mit-israel-aussetzen\/#breadcrumb"},"inLanguage":"de","potentialAction":[{"@type":"ReadAction","target":["https:\/\/now-news.de\/de\/deutschland\/eu-chefdiplomat-sollten-regelmaessigen-dialog-mit-israel-aussetzen\/"]}]},{"@type":"ImageObject","inLanguage":"de","@id":"https:\/\/now-news.de\/de\/deutschland\/eu-chefdiplomat-sollten-regelmaessigen-dialog-mit-israel-aussetzen\/#primaryimage","url":"https:\/\/now-news.de\/de\/wp-content\/uploads\/sites\/3\/2024\/11\/EU-Chefdiplomat-Sollten-regelmaessigen-Dialog-mit-Israel-aussetzen.jpg","contentUrl":"https:\/\/now-news.de\/de\/wp-content\/uploads\/sites\/3\/2024\/11\/EU-Chefdiplomat-Sollten-regelmaessigen-Dialog-mit-Israel-aussetzen.jpg","width":460,"height":259,"caption":"EU-Chefdiplomat: Sollten regelm\u00e4\u00dfigen Dialog mit Israel aussetzen"},{"@type":"BreadcrumbList","@id":"https:\/\/now-news.de\/de\/deutschland\/eu-chefdiplomat-sollten-regelmaessigen-dialog-mit-israel-aussetzen\/#breadcrumb","itemListElement":[{"@type":"ListItem","position":1,"name":"Home","item":"https:\/\/now-news.de\/de\/"},{"@type":"ListItem","position":2,"name":"EU-Chefdiplomat: Sollten regelm\u00e4\u00dfigen Dialog mit Israel aussetzen"}]},{"@type":"WebSite","@id":"https:\/\/now-news.de\/de\/#website","url":"https:\/\/now-news.de\/de\/","name":"just-now.NEWS Deutschland","description":"Das Portal f\u00fcr unzensierte Nachrichten aus der Welt","publisher":{"@id":"https:\/\/now-news.de\/de\/#organization"},"potentialAction":[{"@type":"SearchAction","target":{"@type":"EntryPoint","urlTemplate":"https:\/\/now-news.de\/de\/?s={search_term_string}"},"query-input":"required name=search_term_string"}],"inLanguage":"de"},{"@type":"Organization","@id":"https:\/\/now-news.de\/de\/#organization","name":"Just Now News","url":"https:\/\/now-news.de\/de\/","logo":{"@type":"ImageObject","inLanguage":"de","@id":"https:\/\/now-news.de\/de\/#\/schema\/logo\/image\/","url":"http:\/\/just-now.news\/de\/wp-content\/uploads\/sites\/3\/2022\/04\/logo500x500.jpg","contentUrl":"http:\/\/just-now.news\/de\/wp-content\/uploads\/sites\/3\/2022\/04\/logo500x500.jpg","width":500,"height":500,"caption":"Just Now News"},"image":{"@id":"https:\/\/now-news.de\/de\/#\/schema\/logo\/image\/"},"sameAs":["https:\/\/www.facebook.com\/wirmachenauf","https:\/\/x.com\/WirMachenAuf_de"]},{"@type":"Person","@id":"https:\/\/now-news.de\/de\/#\/schema\/person\/fb534a4e865501d8b3285208df34a9b5","name":"rtnews","image":{"@type":"ImageObject","inLanguage":"de","@id":"https:\/\/now-news.de\/de\/#\/schema\/person\/image\/","url":"https:\/\/secure.gravatar.com\/avatar\/82aafea7d8127119dd649515f56e2117?s=96&d=mm&r=g","contentUrl":"https:\/\/secure.gravatar.com\/avatar\/82aafea7d8127119dd649515f56e2117?s=96&d=mm&r=g","caption":"rtnews"},"url":"https:\/\/now-news.de\/de\/author\/rnews\/"}]}},"_links":{"self":[{"href":"https:\/\/now-news.de\/de\/wp-json\/wp\/v2\/posts\/72587"}],"collection":[{"href":"https:\/\/now-news.de\/de\/wp-json\/wp\/v2\/posts"}],"about":[{"href":"https:\/\/now-news.de\/de\/wp-json\/wp\/v2\/types\/post"}],"author":[{"embeddable":true,"href":"https:\/\/now-news.de\/de\/wp-json\/wp\/v2\/users\/3"}],"replies":[{"embeddable":true,"href":"https:\/\/now-news.de\/de\/wp-json\/wp\/v2\/comments?post=72587"}],"version-history":[{"count":0,"href":"https:\/\/now-news.de\/de\/wp-json\/wp\/v2\/posts\/72587\/revisions"}],"wp:featuredmedia":[{"embeddable":true,"href":"https:\/\/now-news.de\/de\/wp-json\/wp\/v2\/media\/72588"}],"wp:attachment":[{"href":"https:\/\/now-news.de\/de\/wp-json\/wp\/v2\/media?parent=72587"}],"wp:term":[{"taxonomy":"category","embeddable":true,"href":"https:\/\/now-news.de\/de\/wp-json\/wp\/v2\/categories?post=72587"},{"taxonomy":"post_tag","embeddable":true,"href":"https:\/\/now-news.de\/de\/wp-json\/wp\/v2\/tags?post=72587"}],"curies":[{"name":"wp","href":"https:\/\/api.w.org\/{rel}","templated":true}]}}