{"id":72579,"date":"2024-11-14T12:22:57","date_gmt":"2024-11-14T10:22:57","guid":{"rendered":"https:\/\/now-news.de\/de\/deutschland\/medienbericht-deutschland-soll-fluechtlinge-als-soeldner-fuer-israel-rekrutiert-haben\/"},"modified":"2024-11-14T12:22:57","modified_gmt":"2024-11-14T10:22:57","slug":"medienbericht-deutschland-soll-fluechtlinge-als-soeldner-fuer-israel-rekrutiert-haben","status":"publish","type":"post","link":"https:\/\/now-news.de\/de\/deutschland\/medienbericht-deutschland-soll-fluechtlinge-als-soeldner-fuer-israel-rekrutiert-haben\/","title":{"rendered":"Medienbericht: Deutschland soll Fl\u00fcchtlinge als S\u00f6ldner f\u00fcr Israel rekrutiert haben"},"content":{"rendered":"<p><img decoding=\"async\" src=\"https:\/\/now-news.de\/de\/wp-content\/uploads\/sites\/3\/2024\/11\/6735cf7048fbef6fdd424e81.jpg\" \/><\/p>\n<div class=\"Text-root Text-type_1 \">\n                Deutsche Geheimdienste sollen Fl\u00fcchtlinge aus kriegsgebeutelten L\u00e4ndern als S\u00f6ldner f\u00fcr Israel rekrutiert haben. Ihnen soll ein schnelles Verfahren zum Erwerb der deutscher Staatsb\u00fcrgerschaft angeboten worden sein.\n            <\/div>\n<p><\/p>\n<div class=\"Text-root Text-type_5 ArticleView-text ViewText-root \">\n<p>Deutsche Geheimdienste haben\u00a0nach Darstellung des iranischen Senders\u00a0<em>Press TV\u00a0<\/em>in enger Abstimmung mit der Regierung in Tel Aviv Fl\u00fcchtlinge aus kriegsgebeutelten L\u00e4ndern als S\u00f6ldner f\u00fcr Israel rekrutiert.<\/p>\n<p>In den vergangenen sieben Monaten\u00a0h\u00e4tten die Werte-Initiative e.V. und die Deutsch-Israelische Gesellschaft (DIG) daran gearbeitet, die Fl\u00fcchtlinge aus Afghanistan, Libyen und Syrien anzuwerben.<\/p>\n<p>Ihnen\u00a0sollen monatliche Geh\u00e4lter von 4.000 bis 5.000 Euro und ein beschleunigtes Verfahren zum Erwerb der deutschen Staatsb\u00fcrgerschaft angeboten worden sein. Viele h\u00e4tten sich dem israelischen V\u00f6lkermord im Gazastreifen und der Invasion im Libanon angeschlossen.<\/p>\n<p>Dem Bericht\u00a0zufolge\u00a0sollen angeblich allein zwischen September und Oktober fast 4.000 Fl\u00fcchtlinge eingeb\u00fcrgert worden sein.\u00a0<\/p>\n<p>Deutschlands Politik der Unterst\u00fctzung des V\u00f6lkermords in Gaza und des Terrors im Libanon wurde von Au\u00dfenministerin Annalena Baerbock bei ihrem j\u00fcngsten Besuch im Libanon erneut zum Ausdruck gebracht.<\/p>\n<p>Die offene Unterst\u00fctzung der deutschen Regierung gehe \u00fcber politische Erkl\u00e4rungen hinaus und werde von dem Wunsch getrieben, &#8220;seine Nazi-Vergangenheit wiedergutzumachen&#8221;, so Baerbock.<\/p>\n<p>Im vergangenen Monat berichtete die israelische Zeitung <em>HaMakom<\/em>, dass immer mehr Soldaten den Befehl zur R\u00fcckkehr auf das Schlachtfeld aufgrund der Kriegsm\u00fcdigkeit unter den Soldaten und vor allem den Reservisten verweigerten.<\/p>\n<p>Das Milit\u00e4rb\u00fcndnis und die Rolle Deutschlands bei der mutma\u00dflichen Sammlung von Informationen zur Abwehr von Raketenangriffen der libanesischen Hisbollah haben die Unterst\u00fctzung Berlins f\u00fcr Tel Aviv\u00a0bereits gefestigt.<\/p>\n<p>Die israelischen Seestreitkr\u00e4fte\u00a0hatten vor Kurzem im Nordlibanon einen Hisbollah-K\u00e4mpfer entf\u00fchrt. Unter dem Deckmantel der Interimstruppe der Vereinten Nationen im Libanon (UNIFIL) soll die deutsche Marine bei der Operation mitgewirkt haben.<\/p>\n<p><strong>Mehr zum Thema<\/strong> &#8211; <a rel=\"nofollow noopener\" target=\"_blank\" href=\"https:\/\/freedert.online\/der-nahe-osten\/224598-unter-mitwirkung-deutschlands-hisbollah-offizier\/\">Unter Mitwirkung Deutschlands: Hisbollah-Offizier von israelischem Kommando im Libanon entf\u00fchrt<\/a><\/p>\n<div class=\"EmbedBlock-root EmbedBlock-externalVideo EmbedBlock-rumble\">\n<div class=\"VkEmbed\"><iframe class=\"lazyload\" data-src=\"https:\/\/rumble.com\/embed\/v5mo2hk\" frameborder=\"0\" width=\"853\" height=\"480\" allowfullscreen><\/iframe><\/div>\n<\/div>\n<\/div>\n<p><br \/>\n<br \/><a href=\"https:\/\/de.rt.com\/der-nahe-osten\/225879-bericht-deutschland-soll-fluechtlinge-als\/\">Source link <\/a><\/p>\n","protected":false},"excerpt":{"rendered":"<p>Deutsche Geheimdienste sollen Fl\u00fcchtlinge aus kriegsgebeutelten L\u00e4ndern als S\u00f6ldner f\u00fcr Israel rekrutiert haben. Ihnen soll ein schnelles Verfahren zum Erwerb der deutscher Staatsb\u00fcrgerschaft angeboten worden sein. Deutsche Geheimdienste haben\u00a0nach Darstellung des iranischen Senders\u00a0Press TV\u00a0in enger Abstimmung mit der Regierung in Tel Aviv Fl\u00fcchtlinge aus kriegsgebeutelten L\u00e4ndern als S\u00f6ldner f\u00fcr Israel rekrutiert. In den vergangenen sieben [&hellip;]<\/p>\n","protected":false},"author":3,"featured_media":72580,"comment_status":"open","ping_status":"open","sticky":false,"template":"","format":"standard","meta":{"_yoast_indexnow_last_ping":["1731580576"],"wp_automatic_camp":["217"],"0373bec584713f829a8e19207e096e28":["Medienbericht: Deutschland soll Fl\u00fcchtlinge als S\u00f6ldner f\u00fcr Israel rekrutiert haben"],"original_link":["https:\/\/de.rt.com\/der-nahe-osten\/225879-bericht-deutschland-soll-fluechtlinge-als\/"],"_thumbnail_id":["72580"],"jnews_social_counter_last_update":["1777613728"],"_wptgpro_p2tg_sent2tg":["a:1:{i:23737;s:19:\"2024-11-14 12:37:13\";}"]},"categories":[19,23],"tags":[273,179,7572,221,771,432,869,29307,1086,766],"yoast_head":"<!-- This site is optimized with the Yoast SEO Premium plugin v22.7 (Yoast SEO v22.7) - https:\/\/yoast.com\/wordpress\/plugins\/seo\/ -->\n<title>Medienbericht: Deutschland soll Fl\u00fcchtlinge als S\u00f6ldner f\u00fcr Israel rekrutiert haben - just-now.NEWS Deutschland<\/title>\n<meta name=\"robots\" content=\"index, follow, max-snippet:-1, max-image-preview:large, max-video-preview:-1\" \/>\n<link rel=\"canonical\" href=\"https:\/\/now-news.de\/de\/deutschland\/medienbericht-deutschland-soll-fluechtlinge-als-soeldner-fuer-israel-rekrutiert-haben\/\" \/>\n<meta property=\"og:locale\" content=\"de_DE\" \/>\n<meta property=\"og:type\" content=\"article\" \/>\n<meta property=\"og:title\" content=\"Medienbericht: Deutschland soll Fl\u00fcchtlinge als S\u00f6ldner f\u00fcr Israel rekrutiert haben\" \/>\n<meta property=\"og:description\" content=\"Deutsche Geheimdienste sollen Fl\u00fcchtlinge aus kriegsgebeutelten L\u00e4ndern als S\u00f6ldner f\u00fcr Israel rekrutiert haben. Ihnen soll ein schnelles Verfahren zum Erwerb der deutscher Staatsb\u00fcrgerschaft angeboten worden sein. Deutsche Geheimdienste haben\u00a0nach Darstellung des iranischen Senders\u00a0Press TV\u00a0in enger Abstimmung mit der Regierung in Tel Aviv Fl\u00fcchtlinge aus kriegsgebeutelten L\u00e4ndern als S\u00f6ldner f\u00fcr Israel rekrutiert. In den vergangenen sieben [&hellip;]\" \/>\n<meta property=\"og:url\" content=\"https:\/\/now-news.de\/de\/deutschland\/medienbericht-deutschland-soll-fluechtlinge-als-soeldner-fuer-israel-rekrutiert-haben\/\" \/>\n<meta property=\"og:site_name\" content=\"just-now.NEWS Deutschland\" \/>\n<meta property=\"article:publisher\" content=\"https:\/\/www.facebook.com\/wirmachenauf\" \/>\n<meta property=\"article:published_time\" content=\"2024-11-14T10:22:57+00:00\" \/>\n<meta property=\"og:image\" content=\"https:\/\/now-news.de\/de\/wp-content\/uploads\/sites\/3\/2024\/11\/6735cf7048fbef6fdd424e81.jpg\" \/>\n<meta name=\"author\" content=\"rtnews\" \/>\n<meta name=\"twitter:card\" content=\"summary_large_image\" \/>\n<meta name=\"twitter:creator\" content=\"@WirMachenAuf_de\" \/>\n<meta name=\"twitter:site\" content=\"@WirMachenAuf_de\" \/>\n<meta name=\"twitter:label1\" content=\"Verfasst von\" \/>\n\t<meta name=\"twitter:data1\" content=\"rtnews\" \/>\n\t<meta name=\"twitter:label2\" content=\"Gesch\u00e4tzte Lesezeit\" \/>\n\t<meta name=\"twitter:data2\" content=\"2\u00a0Minuten\" \/>\n<script type=\"application\/ld+json\" class=\"yoast-schema-graph\">{\"@context\":\"https:\/\/schema.org\",\"@graph\":[{\"@type\":\"Article\",\"@id\":\"https:\/\/now-news.de\/de\/deutschland\/medienbericht-deutschland-soll-fluechtlinge-als-soeldner-fuer-israel-rekrutiert-haben\/#article\",\"isPartOf\":{\"@id\":\"https:\/\/now-news.de\/de\/deutschland\/medienbericht-deutschland-soll-fluechtlinge-als-soeldner-fuer-israel-rekrutiert-haben\/\"},\"author\":{\"name\":\"rtnews\",\"@id\":\"https:\/\/now-news.de\/de\/#\/schema\/person\/fb534a4e865501d8b3285208df34a9b5\"},\"headline\":\"Medienbericht: Deutschland soll Fl\u00fcchtlinge als S\u00f6ldner f\u00fcr Israel rekrutiert haben\",\"datePublished\":\"2024-11-14T10:22:57+00:00\",\"dateModified\":\"2024-11-14T10:22:57+00:00\",\"mainEntityOfPage\":{\"@id\":\"https:\/\/now-news.de\/de\/deutschland\/medienbericht-deutschland-soll-fluechtlinge-als-soeldner-fuer-israel-rekrutiert-haben\/\"},\"wordCount\":331,\"commentCount\":0,\"publisher\":{\"@id\":\"https:\/\/now-news.de\/de\/#organization\"},\"image\":{\"@id\":\"https:\/\/now-news.de\/de\/deutschland\/medienbericht-deutschland-soll-fluechtlinge-als-soeldner-fuer-israel-rekrutiert-haben\/#primaryimage\"},\"thumbnailUrl\":\"https:\/\/now-news.de\/de\/wp-content\/uploads\/sites\/3\/2024\/11\/Medienbericht-Deutschland-soll-Fluechtlinge-als-Soeldner-fuer-Israel-rekrutiert-haben.jpg\",\"keywords\":[\"als\",\"Deutschland\",\"Fl\u00fcchtlinge\",\"f\u00fcr\",\"haben\",\"Israel\",\"Medienbericht\",\"rekrutiert\",\"S\u00f6ldner\",\"soll\"],\"articleSection\":[\"Deutschland\",\"Russland\"],\"inLanguage\":\"de\",\"potentialAction\":[{\"@type\":\"CommentAction\",\"name\":\"Comment\",\"target\":[\"https:\/\/now-news.de\/de\/deutschland\/medienbericht-deutschland-soll-fluechtlinge-als-soeldner-fuer-israel-rekrutiert-haben\/#respond\"]}]},{\"@type\":\"WebPage\",\"@id\":\"https:\/\/now-news.de\/de\/deutschland\/medienbericht-deutschland-soll-fluechtlinge-als-soeldner-fuer-israel-rekrutiert-haben\/\",\"url\":\"https:\/\/now-news.de\/de\/deutschland\/medienbericht-deutschland-soll-fluechtlinge-als-soeldner-fuer-israel-rekrutiert-haben\/\",\"name\":\"Medienbericht: Deutschland soll Fl\u00fcchtlinge als S\u00f6ldner f\u00fcr Israel rekrutiert haben - just-now.NEWS Deutschland\",\"isPartOf\":{\"@id\":\"https:\/\/now-news.de\/de\/#website\"},\"primaryImageOfPage\":{\"@id\":\"https:\/\/now-news.de\/de\/deutschland\/medienbericht-deutschland-soll-fluechtlinge-als-soeldner-fuer-israel-rekrutiert-haben\/#primaryimage\"},\"image\":{\"@id\":\"https:\/\/now-news.de\/de\/deutschland\/medienbericht-deutschland-soll-fluechtlinge-als-soeldner-fuer-israel-rekrutiert-haben\/#primaryimage\"},\"thumbnailUrl\":\"https:\/\/now-news.de\/de\/wp-content\/uploads\/sites\/3\/2024\/11\/Medienbericht-Deutschland-soll-Fluechtlinge-als-Soeldner-fuer-Israel-rekrutiert-haben.jpg\",\"datePublished\":\"2024-11-14T10:22:57+00:00\",\"dateModified\":\"2024-11-14T10:22:57+00:00\",\"breadcrumb\":{\"@id\":\"https:\/\/now-news.de\/de\/deutschland\/medienbericht-deutschland-soll-fluechtlinge-als-soeldner-fuer-israel-rekrutiert-haben\/#breadcrumb\"},\"inLanguage\":\"de\",\"potentialAction\":[{\"@type\":\"ReadAction\",\"target\":[\"https:\/\/now-news.de\/de\/deutschland\/medienbericht-deutschland-soll-fluechtlinge-als-soeldner-fuer-israel-rekrutiert-haben\/\"]}]},{\"@type\":\"ImageObject\",\"inLanguage\":\"de\",\"@id\":\"https:\/\/now-news.de\/de\/deutschland\/medienbericht-deutschland-soll-fluechtlinge-als-soeldner-fuer-israel-rekrutiert-haben\/#primaryimage\",\"url\":\"https:\/\/now-news.de\/de\/wp-content\/uploads\/sites\/3\/2024\/11\/Medienbericht-Deutschland-soll-Fluechtlinge-als-Soeldner-fuer-Israel-rekrutiert-haben.jpg\",\"contentUrl\":\"https:\/\/now-news.de\/de\/wp-content\/uploads\/sites\/3\/2024\/11\/Medienbericht-Deutschland-soll-Fluechtlinge-als-Soeldner-fuer-Israel-rekrutiert-haben.jpg\",\"width\":460,\"height\":259,\"caption\":\"Medienbericht: Deutschland soll Fl\u00fcchtlinge als S\u00f6ldner f\u00fcr Israel rekrutiert haben\"},{\"@type\":\"BreadcrumbList\",\"@id\":\"https:\/\/now-news.de\/de\/deutschland\/medienbericht-deutschland-soll-fluechtlinge-als-soeldner-fuer-israel-rekrutiert-haben\/#breadcrumb\",\"itemListElement\":[{\"@type\":\"ListItem\",\"position\":1,\"name\":\"Home\",\"item\":\"https:\/\/now-news.de\/de\/\"},{\"@type\":\"ListItem\",\"position\":2,\"name\":\"Medienbericht: Deutschland soll Fl\u00fcchtlinge als S\u00f6ldner f\u00fcr Israel rekrutiert haben\"}]},{\"@type\":\"WebSite\",\"@id\":\"https:\/\/now-news.de\/de\/#website\",\"url\":\"https:\/\/now-news.de\/de\/\",\"name\":\"just-now.NEWS Deutschland\",\"description\":\"Das Portal f\u00fcr unzensierte Nachrichten aus der Welt\",\"publisher\":{\"@id\":\"https:\/\/now-news.de\/de\/#organization\"},\"potentialAction\":[{\"@type\":\"SearchAction\",\"target\":{\"@type\":\"EntryPoint\",\"urlTemplate\":\"https:\/\/now-news.de\/de\/?s={search_term_string}\"},\"query-input\":\"required name=search_term_string\"}],\"inLanguage\":\"de\"},{\"@type\":\"Organization\",\"@id\":\"https:\/\/now-news.de\/de\/#organization\",\"name\":\"Just Now News\",\"url\":\"https:\/\/now-news.de\/de\/\",\"logo\":{\"@type\":\"ImageObject\",\"inLanguage\":\"de\",\"@id\":\"https:\/\/now-news.de\/de\/#\/schema\/logo\/image\/\",\"url\":\"http:\/\/just-now.news\/de\/wp-content\/uploads\/sites\/3\/2022\/04\/logo500x500.jpg\",\"contentUrl\":\"http:\/\/just-now.news\/de\/wp-content\/uploads\/sites\/3\/2022\/04\/logo500x500.jpg\",\"width\":500,\"height\":500,\"caption\":\"Just Now News\"},\"image\":{\"@id\":\"https:\/\/now-news.de\/de\/#\/schema\/logo\/image\/\"},\"sameAs\":[\"https:\/\/www.facebook.com\/wirmachenauf\",\"https:\/\/x.com\/WirMachenAuf_de\"]},{\"@type\":\"Person\",\"@id\":\"https:\/\/now-news.de\/de\/#\/schema\/person\/fb534a4e865501d8b3285208df34a9b5\",\"name\":\"rtnews\",\"image\":{\"@type\":\"ImageObject\",\"inLanguage\":\"de\",\"@id\":\"https:\/\/now-news.de\/de\/#\/schema\/person\/image\/\",\"url\":\"https:\/\/secure.gravatar.com\/avatar\/82aafea7d8127119dd649515f56e2117?s=96&d=mm&r=g\",\"contentUrl\":\"https:\/\/secure.gravatar.com\/avatar\/82aafea7d8127119dd649515f56e2117?s=96&d=mm&r=g\",\"caption\":\"rtnews\"},\"url\":\"https:\/\/now-news.de\/de\/author\/rnews\/\"}]}<\/script>\n<!-- \/ Yoast SEO Premium plugin. -->","yoast_head_json":{"title":"Medienbericht: Deutschland soll Fl\u00fcchtlinge als S\u00f6ldner f\u00fcr Israel rekrutiert haben - just-now.NEWS Deutschland","robots":{"index":"index","follow":"follow","max-snippet":"max-snippet:-1","max-image-preview":"max-image-preview:large","max-video-preview":"max-video-preview:-1"},"canonical":"https:\/\/now-news.de\/de\/deutschland\/medienbericht-deutschland-soll-fluechtlinge-als-soeldner-fuer-israel-rekrutiert-haben\/","og_locale":"de_DE","og_type":"article","og_title":"Medienbericht: Deutschland soll Fl\u00fcchtlinge als S\u00f6ldner f\u00fcr Israel rekrutiert haben","og_description":"Deutsche Geheimdienste sollen Fl\u00fcchtlinge aus kriegsgebeutelten L\u00e4ndern als S\u00f6ldner f\u00fcr Israel rekrutiert haben. Ihnen soll ein schnelles Verfahren zum Erwerb der deutscher Staatsb\u00fcrgerschaft angeboten worden sein. Deutsche Geheimdienste haben\u00a0nach Darstellung des iranischen Senders\u00a0Press TV\u00a0in enger Abstimmung mit der Regierung in Tel Aviv Fl\u00fcchtlinge aus kriegsgebeutelten L\u00e4ndern als S\u00f6ldner f\u00fcr Israel rekrutiert. In den vergangenen sieben [&hellip;]","og_url":"https:\/\/now-news.de\/de\/deutschland\/medienbericht-deutschland-soll-fluechtlinge-als-soeldner-fuer-israel-rekrutiert-haben\/","og_site_name":"just-now.NEWS Deutschland","article_publisher":"https:\/\/www.facebook.com\/wirmachenauf","article_published_time":"2024-11-14T10:22:57+00:00","og_image":[{"url":"https:\/\/now-news.de\/de\/wp-content\/uploads\/sites\/3\/2024\/11\/6735cf7048fbef6fdd424e81.jpg"}],"author":"rtnews","twitter_card":"summary_large_image","twitter_creator":"@WirMachenAuf_de","twitter_site":"@WirMachenAuf_de","twitter_misc":{"Verfasst von":"rtnews","Gesch\u00e4tzte Lesezeit":"2\u00a0Minuten"},"schema":{"@context":"https:\/\/schema.org","@graph":[{"@type":"Article","@id":"https:\/\/now-news.de\/de\/deutschland\/medienbericht-deutschland-soll-fluechtlinge-als-soeldner-fuer-israel-rekrutiert-haben\/#article","isPartOf":{"@id":"https:\/\/now-news.de\/de\/deutschland\/medienbericht-deutschland-soll-fluechtlinge-als-soeldner-fuer-israel-rekrutiert-haben\/"},"author":{"name":"rtnews","@id":"https:\/\/now-news.de\/de\/#\/schema\/person\/fb534a4e865501d8b3285208df34a9b5"},"headline":"Medienbericht: Deutschland soll Fl\u00fcchtlinge als S\u00f6ldner f\u00fcr Israel rekrutiert haben","datePublished":"2024-11-14T10:22:57+00:00","dateModified":"2024-11-14T10:22:57+00:00","mainEntityOfPage":{"@id":"https:\/\/now-news.de\/de\/deutschland\/medienbericht-deutschland-soll-fluechtlinge-als-soeldner-fuer-israel-rekrutiert-haben\/"},"wordCount":331,"commentCount":0,"publisher":{"@id":"https:\/\/now-news.de\/de\/#organization"},"image":{"@id":"https:\/\/now-news.de\/de\/deutschland\/medienbericht-deutschland-soll-fluechtlinge-als-soeldner-fuer-israel-rekrutiert-haben\/#primaryimage"},"thumbnailUrl":"https:\/\/now-news.de\/de\/wp-content\/uploads\/sites\/3\/2024\/11\/Medienbericht-Deutschland-soll-Fluechtlinge-als-Soeldner-fuer-Israel-rekrutiert-haben.jpg","keywords":["als","Deutschland","Fl\u00fcchtlinge","f\u00fcr","haben","Israel","Medienbericht","rekrutiert","S\u00f6ldner","soll"],"articleSection":["Deutschland","Russland"],"inLanguage":"de","potentialAction":[{"@type":"CommentAction","name":"Comment","target":["https:\/\/now-news.de\/de\/deutschland\/medienbericht-deutschland-soll-fluechtlinge-als-soeldner-fuer-israel-rekrutiert-haben\/#respond"]}]},{"@type":"WebPage","@id":"https:\/\/now-news.de\/de\/deutschland\/medienbericht-deutschland-soll-fluechtlinge-als-soeldner-fuer-israel-rekrutiert-haben\/","url":"https:\/\/now-news.de\/de\/deutschland\/medienbericht-deutschland-soll-fluechtlinge-als-soeldner-fuer-israel-rekrutiert-haben\/","name":"Medienbericht: Deutschland soll Fl\u00fcchtlinge als S\u00f6ldner f\u00fcr Israel rekrutiert haben - just-now.NEWS Deutschland","isPartOf":{"@id":"https:\/\/now-news.de\/de\/#website"},"primaryImageOfPage":{"@id":"https:\/\/now-news.de\/de\/deutschland\/medienbericht-deutschland-soll-fluechtlinge-als-soeldner-fuer-israel-rekrutiert-haben\/#primaryimage"},"image":{"@id":"https:\/\/now-news.de\/de\/deutschland\/medienbericht-deutschland-soll-fluechtlinge-als-soeldner-fuer-israel-rekrutiert-haben\/#primaryimage"},"thumbnailUrl":"https:\/\/now-news.de\/de\/wp-content\/uploads\/sites\/3\/2024\/11\/Medienbericht-Deutschland-soll-Fluechtlinge-als-Soeldner-fuer-Israel-rekrutiert-haben.jpg","datePublished":"2024-11-14T10:22:57+00:00","dateModified":"2024-11-14T10:22:57+00:00","breadcrumb":{"@id":"https:\/\/now-news.de\/de\/deutschland\/medienbericht-deutschland-soll-fluechtlinge-als-soeldner-fuer-israel-rekrutiert-haben\/#breadcrumb"},"inLanguage":"de","potentialAction":[{"@type":"ReadAction","target":["https:\/\/now-news.de\/de\/deutschland\/medienbericht-deutschland-soll-fluechtlinge-als-soeldner-fuer-israel-rekrutiert-haben\/"]}]},{"@type":"ImageObject","inLanguage":"de","@id":"https:\/\/now-news.de\/de\/deutschland\/medienbericht-deutschland-soll-fluechtlinge-als-soeldner-fuer-israel-rekrutiert-haben\/#primaryimage","url":"https:\/\/now-news.de\/de\/wp-content\/uploads\/sites\/3\/2024\/11\/Medienbericht-Deutschland-soll-Fluechtlinge-als-Soeldner-fuer-Israel-rekrutiert-haben.jpg","contentUrl":"https:\/\/now-news.de\/de\/wp-content\/uploads\/sites\/3\/2024\/11\/Medienbericht-Deutschland-soll-Fluechtlinge-als-Soeldner-fuer-Israel-rekrutiert-haben.jpg","width":460,"height":259,"caption":"Medienbericht: Deutschland soll Fl\u00fcchtlinge als S\u00f6ldner f\u00fcr Israel rekrutiert haben"},{"@type":"BreadcrumbList","@id":"https:\/\/now-news.de\/de\/deutschland\/medienbericht-deutschland-soll-fluechtlinge-als-soeldner-fuer-israel-rekrutiert-haben\/#breadcrumb","itemListElement":[{"@type":"ListItem","position":1,"name":"Home","item":"https:\/\/now-news.de\/de\/"},{"@type":"ListItem","position":2,"name":"Medienbericht: Deutschland soll Fl\u00fcchtlinge als S\u00f6ldner f\u00fcr Israel rekrutiert haben"}]},{"@type":"WebSite","@id":"https:\/\/now-news.de\/de\/#website","url":"https:\/\/now-news.de\/de\/","name":"just-now.NEWS Deutschland","description":"Das Portal f\u00fcr unzensierte Nachrichten aus der Welt","publisher":{"@id":"https:\/\/now-news.de\/de\/#organization"},"potentialAction":[{"@type":"SearchAction","target":{"@type":"EntryPoint","urlTemplate":"https:\/\/now-news.de\/de\/?s={search_term_string}"},"query-input":"required name=search_term_string"}],"inLanguage":"de"},{"@type":"Organization","@id":"https:\/\/now-news.de\/de\/#organization","name":"Just Now News","url":"https:\/\/now-news.de\/de\/","logo":{"@type":"ImageObject","inLanguage":"de","@id":"https:\/\/now-news.de\/de\/#\/schema\/logo\/image\/","url":"http:\/\/just-now.news\/de\/wp-content\/uploads\/sites\/3\/2022\/04\/logo500x500.jpg","contentUrl":"http:\/\/just-now.news\/de\/wp-content\/uploads\/sites\/3\/2022\/04\/logo500x500.jpg","width":500,"height":500,"caption":"Just Now News"},"image":{"@id":"https:\/\/now-news.de\/de\/#\/schema\/logo\/image\/"},"sameAs":["https:\/\/www.facebook.com\/wirmachenauf","https:\/\/x.com\/WirMachenAuf_de"]},{"@type":"Person","@id":"https:\/\/now-news.de\/de\/#\/schema\/person\/fb534a4e865501d8b3285208df34a9b5","name":"rtnews","image":{"@type":"ImageObject","inLanguage":"de","@id":"https:\/\/now-news.de\/de\/#\/schema\/person\/image\/","url":"https:\/\/secure.gravatar.com\/avatar\/82aafea7d8127119dd649515f56e2117?s=96&d=mm&r=g","contentUrl":"https:\/\/secure.gravatar.com\/avatar\/82aafea7d8127119dd649515f56e2117?s=96&d=mm&r=g","caption":"rtnews"},"url":"https:\/\/now-news.de\/de\/author\/rnews\/"}]}},"_links":{"self":[{"href":"https:\/\/now-news.de\/de\/wp-json\/wp\/v2\/posts\/72579"}],"collection":[{"href":"https:\/\/now-news.de\/de\/wp-json\/wp\/v2\/posts"}],"about":[{"href":"https:\/\/now-news.de\/de\/wp-json\/wp\/v2\/types\/post"}],"author":[{"embeddable":true,"href":"https:\/\/now-news.de\/de\/wp-json\/wp\/v2\/users\/3"}],"replies":[{"embeddable":true,"href":"https:\/\/now-news.de\/de\/wp-json\/wp\/v2\/comments?post=72579"}],"version-history":[{"count":0,"href":"https:\/\/now-news.de\/de\/wp-json\/wp\/v2\/posts\/72579\/revisions"}],"wp:featuredmedia":[{"embeddable":true,"href":"https:\/\/now-news.de\/de\/wp-json\/wp\/v2\/media\/72580"}],"wp:attachment":[{"href":"https:\/\/now-news.de\/de\/wp-json\/wp\/v2\/media?parent=72579"}],"wp:term":[{"taxonomy":"category","embeddable":true,"href":"https:\/\/now-news.de\/de\/wp-json\/wp\/v2\/categories?post=72579"},{"taxonomy":"post_tag","embeddable":true,"href":"https:\/\/now-news.de\/de\/wp-json\/wp\/v2\/tags?post=72579"}],"curies":[{"name":"wp","href":"https:\/\/api.w.org\/{rel}","templated":true}]}}