{"id":72530,"date":"2024-11-13T14:53:02","date_gmt":"2024-11-13T12:53:02","guid":{"rendered":"https:\/\/now-news.de\/de\/deutschland\/oesterreichisches-bundesheer-verstaerkt-nato-ausbildungsmission-im-irak\/"},"modified":"2024-11-13T14:53:02","modified_gmt":"2024-11-13T12:53:02","slug":"oesterreichisches-bundesheer-verstaerkt-nato-ausbildungsmission-im-irak","status":"publish","type":"post","link":"https:\/\/now-news.de\/de\/deutschland\/oesterreichisches-bundesheer-verstaerkt-nato-ausbildungsmission-im-irak\/","title":{"rendered":"\u00d6sterreichisches Bundesheer verst\u00e4rkt NATO-Ausbildungsmission im Irak"},"content":{"rendered":"<p><img decoding=\"async\" src=\"https:\/\/now-news.de\/de\/wp-content\/uploads\/sites\/3\/2024\/11\/67349464b480cc63d37a08ab.jpg\" \/><\/p>\n<div class=\"Text-root Text-type_1 \">\n                \u00d6sterreich sendet in den kommenden Tagen Soldaten zur Teilnahme an einer NATO-Ausbildungsmission in den Irak. Die Entscheidung, die im Rahmen des Ministerrats getroffen wurde, unterstreicht das Engagement des Landes f\u00fcr internationale Friedenssicherung und Stabilit\u00e4t im Nahen Osten\n            <\/div>\n<p><\/p>\n<div class=\"Text-root Text-type_5 ArticleView-text ViewText-root \">\n<p>Das \u00f6sterreichische Bundesheer sendet in den kommenden Tagen vier Soldaten in den Irak, um an einer NATO-Ausbildungsmission teilzunehmen. Diese Entscheidung, die von Verteidigungsministerin Klaudia Tanner und Au\u00dfenminister Alexander Schallenberg unterst\u00fctzt wird, markiert einen wichtigen Schritt im \u00f6sterreichischen Engagement zur internationalen Friedenssicherung. Mit der Entsendung von zwei Offizieren und zwei Unteroffizieren soll die St\u00e4rkung irakischer Sicherheitskr\u00e4fte und Institutionen vorangetrieben werden, um so langfristige Stabilit\u00e4t in der Region zu f\u00f6rdern.<\/p>\n<blockquote>\n<p>&#8220;Die fragile Sicherheitslage und die instabilen staatlichen Institutionen tragen zur Zunahme von Terrorismus, illegaler Migration und Menschenhandel bei. Es ist wichtig zu beachten, dass diese Entwicklungen auch Auswirkungen auf Europa haben. Durch unsere Trainings- und Ausbildungsmission k\u00f6nnen wir einen wirksamen Beitrag zur Verbesserung der Situation leisten&#8221;, betonte Verteidigungsministerin Tanner.<\/p>\n<\/blockquote>\n<p>\u00d6sterreich k\u00f6nne durch diese Mission zur Stabilisierung im Irak beitragen und so pr\u00e4ventiv gegen m\u00f6gliche Sicherheitsrisiken und Migrationsstr\u00f6me nach Europa wirken.<\/p>\n<p>Au\u00dfenminister Schallenberg erg\u00e4nzte, dass das Engagement \u00d6sterreichs im Rahmen der NATO-Mission &#8220;unmittelbare Auswirkungen f\u00fcr unsere Sicherheit\u201c habe, insbesondere im Hinblick auf neue Migrationswellen, die Europa betreffen k\u00f6nnten.<\/p>\n<p>Seit der Gr\u00fcndung der &#8220;Partnerschaft f\u00fcr den Frieden&#8221; im Jahr 1994 hat sich das \u00f6sterreichische Bundesheer als zuverl\u00e4ssiger NATO-Partner etabliert.<\/p>\n<p>Die Mission im Irak reiht sich in eine lange Tradition ein, in der das Bundesheer auf Einladung der Vereinten Nationen und der NATO immer wieder zu internationalen Friedensmissionen beitr\u00e4gt. Die rechtliche Grundlage f\u00fcr die Mission bildet die Resolution 2249 des UNO-Sicherheitsrats, die Staaten dazu auffordert, gegen terroristische Aktivit\u00e4ten im Irak vorzugehen. \u00d6sterreich setzt damit ein weiteres Zeichen seines Engagements in Krisenregionen.<\/p>\n<p>Das Ziel der NATO-Ausbildungsmission ist, den Aufbau nachhaltiger und transparenter Sicherheitsinstitutionen im Irak zu unterst\u00fctzen und die Effektivit\u00e4t der irakischen Streitkr\u00e4fte zu erh\u00f6hen. Durch diese St\u00e4rkung sollen die Kr\u00e4fte des Islamischen Staats endg\u00fcltig zur\u00fcckgedr\u00e4ngt und die R\u00fcckkehr des Extremismus verhindert werden. \u00d6sterreichs Einsatz ist zun\u00e4chst auf sechs Monate beschr\u00e4nkt und wird als Testphase betrachtet, um die Wirksamkeit und die Fortschritte der Mission zu bewerten.<\/p>\n<p>Durch diese Mission demonstriert \u00d6sterreich erneut seine Rolle als aktiver und verl\u00e4sslicher Partner in der internationalen Friedenssicherung, wobei der Fokus sowohl auf der Stabilit\u00e4t im Nahen Osten als auch auf der inneren Sicherheit Europas liegt.<\/p>\n<p><strong>Mehr zum Thema \u2013\u00a0<\/strong><a rel=\"nofollow noopener\" target=\"_blank\" href=\"https:\/\/freedert.online\/oesterreich\/224420-viktor-orban-dieser-krieg-ist-fuer-die-ukraine-verloren\/\">Viktor Orb\u00e1n: &#8220;Dieser Krieg ist f\u00fcr die Ukraine verloren!&#8221;<\/a><\/p>\n<div class=\"EmbedBlock-root EmbedBlock-externalVideo EmbedBlock-rumble\">\n<div class=\"VkEmbed\"><iframe class=\"lazyload\" data-src=\"https:\/\/rumble.com\/embed\/v5jndd2\" frameborder=\"0\" width=\"853\" height=\"480\" allowfullscreen><\/iframe><\/div>\n<\/div>\n<\/div>\n<p><br \/>\n<br \/><a href=\"https:\/\/de.rt.com\/oesterreich\/225791-oesterreichisches-bundesheer-verstaerkt-nato-ausbildungsmission\/\">Source link <\/a><\/p>\n","protected":false},"excerpt":{"rendered":"<p>\u00d6sterreich sendet in den kommenden Tagen Soldaten zur Teilnahme an einer NATO-Ausbildungsmission in den Irak. Die Entscheidung, die im Rahmen des Ministerrats getroffen wurde, unterstreicht das Engagement des Landes f\u00fcr internationale Friedenssicherung und Stabilit\u00e4t im Nahen Osten Das \u00f6sterreichische Bundesheer sendet in den kommenden Tagen vier Soldaten in den Irak, um an einer NATO-Ausbildungsmission teilzunehmen. [&hellip;]<\/p>\n","protected":false},"author":3,"featured_media":72531,"comment_status":"open","ping_status":"open","sticky":false,"template":"","format":"standard","meta":{"_yoast_indexnow_last_ping":["1731502573"],"wp_automatic_camp":["217"],"757ad3aeb8df92453ec0a0d524a45610":["\u00d6sterreichisches Bundesheer verst\u00e4rkt NATO-Ausbildungsmission im Irak"],"original_link":["https:\/\/de.rt.com\/oesterreich\/225791-oesterreichisches-bundesheer-verstaerkt-nato-ausbildungsmission\/"],"_thumbnail_id":["72531"],"_wptgpro_p2tg_sent2tg":["a:1:{i:23737;s:19:\"2024-11-13 14:57:18\";}"],"jnews_social_counter_last_update":["1777260065"]},"categories":[19,23],"tags":[56024,16849,60220,42063,10898],"yoast_head":"<!-- This site is optimized with the Yoast SEO Premium plugin v22.7 (Yoast SEO v22.7) - https:\/\/yoast.com\/wordpress\/plugins\/seo\/ -->\n<title>\u00d6sterreichisches Bundesheer verst\u00e4rkt NATO-Ausbildungsmission im Irak - just-now.NEWS Deutschland<\/title>\n<meta name=\"robots\" content=\"index, follow, max-snippet:-1, max-image-preview:large, max-video-preview:-1\" \/>\n<link rel=\"canonical\" href=\"https:\/\/now-news.de\/de\/deutschland\/oesterreichisches-bundesheer-verstaerkt-nato-ausbildungsmission-im-irak\/\" \/>\n<meta property=\"og:locale\" content=\"de_DE\" \/>\n<meta property=\"og:type\" content=\"article\" \/>\n<meta property=\"og:title\" content=\"\u00d6sterreichisches Bundesheer verst\u00e4rkt NATO-Ausbildungsmission im Irak\" \/>\n<meta property=\"og:description\" content=\"\u00d6sterreich sendet in den kommenden Tagen Soldaten zur Teilnahme an einer NATO-Ausbildungsmission in den Irak. Die Entscheidung, die im Rahmen des Ministerrats getroffen wurde, unterstreicht das Engagement des Landes f\u00fcr internationale Friedenssicherung und Stabilit\u00e4t im Nahen Osten Das \u00f6sterreichische Bundesheer sendet in den kommenden Tagen vier Soldaten in den Irak, um an einer NATO-Ausbildungsmission teilzunehmen. [&hellip;]\" \/>\n<meta property=\"og:url\" content=\"https:\/\/now-news.de\/de\/deutschland\/oesterreichisches-bundesheer-verstaerkt-nato-ausbildungsmission-im-irak\/\" \/>\n<meta property=\"og:site_name\" content=\"just-now.NEWS Deutschland\" \/>\n<meta property=\"article:publisher\" content=\"https:\/\/www.facebook.com\/wirmachenauf\" \/>\n<meta property=\"article:published_time\" content=\"2024-11-13T12:53:02+00:00\" \/>\n<meta property=\"og:image\" content=\"https:\/\/now-news.de\/de\/wp-content\/uploads\/sites\/3\/2024\/11\/67349464b480cc63d37a08ab.jpg\" \/>\n<meta name=\"author\" content=\"rtnews\" \/>\n<meta name=\"twitter:card\" content=\"summary_large_image\" \/>\n<meta name=\"twitter:creator\" content=\"@WirMachenAuf_de\" \/>\n<meta name=\"twitter:site\" content=\"@WirMachenAuf_de\" \/>\n<meta name=\"twitter:label1\" content=\"Verfasst von\" \/>\n\t<meta name=\"twitter:data1\" content=\"rtnews\" \/>\n\t<meta name=\"twitter:label2\" content=\"Gesch\u00e4tzte Lesezeit\" \/>\n\t<meta name=\"twitter:data2\" content=\"2\u00a0Minuten\" \/>\n<script type=\"application\/ld+json\" class=\"yoast-schema-graph\">{\"@context\":\"https:\/\/schema.org\",\"@graph\":[{\"@type\":\"Article\",\"@id\":\"https:\/\/now-news.de\/de\/deutschland\/oesterreichisches-bundesheer-verstaerkt-nato-ausbildungsmission-im-irak\/#article\",\"isPartOf\":{\"@id\":\"https:\/\/now-news.de\/de\/deutschland\/oesterreichisches-bundesheer-verstaerkt-nato-ausbildungsmission-im-irak\/\"},\"author\":{\"name\":\"rtnews\",\"@id\":\"https:\/\/now-news.de\/de\/#\/schema\/person\/fb534a4e865501d8b3285208df34a9b5\"},\"headline\":\"\u00d6sterreichisches Bundesheer verst\u00e4rkt NATO-Ausbildungsmission im Irak\",\"datePublished\":\"2024-11-13T12:53:02+00:00\",\"dateModified\":\"2024-11-13T12:53:02+00:00\",\"mainEntityOfPage\":{\"@id\":\"https:\/\/now-news.de\/de\/deutschland\/oesterreichisches-bundesheer-verstaerkt-nato-ausbildungsmission-im-irak\/\"},\"wordCount\":441,\"commentCount\":0,\"publisher\":{\"@id\":\"https:\/\/now-news.de\/de\/#organization\"},\"image\":{\"@id\":\"https:\/\/now-news.de\/de\/deutschland\/oesterreichisches-bundesheer-verstaerkt-nato-ausbildungsmission-im-irak\/#primaryimage\"},\"thumbnailUrl\":\"https:\/\/now-news.de\/de\/wp-content\/uploads\/sites\/3\/2024\/11\/Oesterreichisches-Bundesheer-verstaerkt-NATO-Ausbildungsmission-im-Irak.jpg\",\"keywords\":[\"Bundesheer\",\"Irak\",\"NATOAusbildungsmission\",\"\u00f6sterreichisches\",\"verst\u00e4rkt\"],\"articleSection\":[\"Deutschland\",\"Russland\"],\"inLanguage\":\"de\",\"potentialAction\":[{\"@type\":\"CommentAction\",\"name\":\"Comment\",\"target\":[\"https:\/\/now-news.de\/de\/deutschland\/oesterreichisches-bundesheer-verstaerkt-nato-ausbildungsmission-im-irak\/#respond\"]}]},{\"@type\":\"WebPage\",\"@id\":\"https:\/\/now-news.de\/de\/deutschland\/oesterreichisches-bundesheer-verstaerkt-nato-ausbildungsmission-im-irak\/\",\"url\":\"https:\/\/now-news.de\/de\/deutschland\/oesterreichisches-bundesheer-verstaerkt-nato-ausbildungsmission-im-irak\/\",\"name\":\"\u00d6sterreichisches Bundesheer verst\u00e4rkt NATO-Ausbildungsmission im Irak - just-now.NEWS Deutschland\",\"isPartOf\":{\"@id\":\"https:\/\/now-news.de\/de\/#website\"},\"primaryImageOfPage\":{\"@id\":\"https:\/\/now-news.de\/de\/deutschland\/oesterreichisches-bundesheer-verstaerkt-nato-ausbildungsmission-im-irak\/#primaryimage\"},\"image\":{\"@id\":\"https:\/\/now-news.de\/de\/deutschland\/oesterreichisches-bundesheer-verstaerkt-nato-ausbildungsmission-im-irak\/#primaryimage\"},\"thumbnailUrl\":\"https:\/\/now-news.de\/de\/wp-content\/uploads\/sites\/3\/2024\/11\/Oesterreichisches-Bundesheer-verstaerkt-NATO-Ausbildungsmission-im-Irak.jpg\",\"datePublished\":\"2024-11-13T12:53:02+00:00\",\"dateModified\":\"2024-11-13T12:53:02+00:00\",\"breadcrumb\":{\"@id\":\"https:\/\/now-news.de\/de\/deutschland\/oesterreichisches-bundesheer-verstaerkt-nato-ausbildungsmission-im-irak\/#breadcrumb\"},\"inLanguage\":\"de\",\"potentialAction\":[{\"@type\":\"ReadAction\",\"target\":[\"https:\/\/now-news.de\/de\/deutschland\/oesterreichisches-bundesheer-verstaerkt-nato-ausbildungsmission-im-irak\/\"]}]},{\"@type\":\"ImageObject\",\"inLanguage\":\"de\",\"@id\":\"https:\/\/now-news.de\/de\/deutschland\/oesterreichisches-bundesheer-verstaerkt-nato-ausbildungsmission-im-irak\/#primaryimage\",\"url\":\"https:\/\/now-news.de\/de\/wp-content\/uploads\/sites\/3\/2024\/11\/Oesterreichisches-Bundesheer-verstaerkt-NATO-Ausbildungsmission-im-Irak.jpg\",\"contentUrl\":\"https:\/\/now-news.de\/de\/wp-content\/uploads\/sites\/3\/2024\/11\/Oesterreichisches-Bundesheer-verstaerkt-NATO-Ausbildungsmission-im-Irak.jpg\",\"width\":460,\"height\":259,\"caption\":\"\u00d6sterreichisches Bundesheer verst\u00e4rkt NATO-Ausbildungsmission im Irak\"},{\"@type\":\"BreadcrumbList\",\"@id\":\"https:\/\/now-news.de\/de\/deutschland\/oesterreichisches-bundesheer-verstaerkt-nato-ausbildungsmission-im-irak\/#breadcrumb\",\"itemListElement\":[{\"@type\":\"ListItem\",\"position\":1,\"name\":\"Home\",\"item\":\"https:\/\/now-news.de\/de\/\"},{\"@type\":\"ListItem\",\"position\":2,\"name\":\"\u00d6sterreichisches Bundesheer verst\u00e4rkt NATO-Ausbildungsmission im Irak\"}]},{\"@type\":\"WebSite\",\"@id\":\"https:\/\/now-news.de\/de\/#website\",\"url\":\"https:\/\/now-news.de\/de\/\",\"name\":\"just-now.NEWS Deutschland\",\"description\":\"Das Portal f\u00fcr unzensierte Nachrichten aus der Welt\",\"publisher\":{\"@id\":\"https:\/\/now-news.de\/de\/#organization\"},\"potentialAction\":[{\"@type\":\"SearchAction\",\"target\":{\"@type\":\"EntryPoint\",\"urlTemplate\":\"https:\/\/now-news.de\/de\/?s={search_term_string}\"},\"query-input\":\"required name=search_term_string\"}],\"inLanguage\":\"de\"},{\"@type\":\"Organization\",\"@id\":\"https:\/\/now-news.de\/de\/#organization\",\"name\":\"Just Now News\",\"url\":\"https:\/\/now-news.de\/de\/\",\"logo\":{\"@type\":\"ImageObject\",\"inLanguage\":\"de\",\"@id\":\"https:\/\/now-news.de\/de\/#\/schema\/logo\/image\/\",\"url\":\"http:\/\/just-now.news\/de\/wp-content\/uploads\/sites\/3\/2022\/04\/logo500x500.jpg\",\"contentUrl\":\"http:\/\/just-now.news\/de\/wp-content\/uploads\/sites\/3\/2022\/04\/logo500x500.jpg\",\"width\":500,\"height\":500,\"caption\":\"Just Now News\"},\"image\":{\"@id\":\"https:\/\/now-news.de\/de\/#\/schema\/logo\/image\/\"},\"sameAs\":[\"https:\/\/www.facebook.com\/wirmachenauf\",\"https:\/\/x.com\/WirMachenAuf_de\"]},{\"@type\":\"Person\",\"@id\":\"https:\/\/now-news.de\/de\/#\/schema\/person\/fb534a4e865501d8b3285208df34a9b5\",\"name\":\"rtnews\",\"image\":{\"@type\":\"ImageObject\",\"inLanguage\":\"de\",\"@id\":\"https:\/\/now-news.de\/de\/#\/schema\/person\/image\/\",\"url\":\"https:\/\/secure.gravatar.com\/avatar\/82aafea7d8127119dd649515f56e2117?s=96&d=mm&r=g\",\"contentUrl\":\"https:\/\/secure.gravatar.com\/avatar\/82aafea7d8127119dd649515f56e2117?s=96&d=mm&r=g\",\"caption\":\"rtnews\"},\"url\":\"https:\/\/now-news.de\/de\/author\/rnews\/\"}]}<\/script>\n<!-- \/ Yoast SEO Premium plugin. -->","yoast_head_json":{"title":"\u00d6sterreichisches Bundesheer verst\u00e4rkt NATO-Ausbildungsmission im Irak - just-now.NEWS Deutschland","robots":{"index":"index","follow":"follow","max-snippet":"max-snippet:-1","max-image-preview":"max-image-preview:large","max-video-preview":"max-video-preview:-1"},"canonical":"https:\/\/now-news.de\/de\/deutschland\/oesterreichisches-bundesheer-verstaerkt-nato-ausbildungsmission-im-irak\/","og_locale":"de_DE","og_type":"article","og_title":"\u00d6sterreichisches Bundesheer verst\u00e4rkt NATO-Ausbildungsmission im Irak","og_description":"\u00d6sterreich sendet in den kommenden Tagen Soldaten zur Teilnahme an einer NATO-Ausbildungsmission in den Irak. Die Entscheidung, die im Rahmen des Ministerrats getroffen wurde, unterstreicht das Engagement des Landes f\u00fcr internationale Friedenssicherung und Stabilit\u00e4t im Nahen Osten Das \u00f6sterreichische Bundesheer sendet in den kommenden Tagen vier Soldaten in den Irak, um an einer NATO-Ausbildungsmission teilzunehmen. [&hellip;]","og_url":"https:\/\/now-news.de\/de\/deutschland\/oesterreichisches-bundesheer-verstaerkt-nato-ausbildungsmission-im-irak\/","og_site_name":"just-now.NEWS Deutschland","article_publisher":"https:\/\/www.facebook.com\/wirmachenauf","article_published_time":"2024-11-13T12:53:02+00:00","og_image":[{"url":"https:\/\/now-news.de\/de\/wp-content\/uploads\/sites\/3\/2024\/11\/67349464b480cc63d37a08ab.jpg"}],"author":"rtnews","twitter_card":"summary_large_image","twitter_creator":"@WirMachenAuf_de","twitter_site":"@WirMachenAuf_de","twitter_misc":{"Verfasst von":"rtnews","Gesch\u00e4tzte Lesezeit":"2\u00a0Minuten"},"schema":{"@context":"https:\/\/schema.org","@graph":[{"@type":"Article","@id":"https:\/\/now-news.de\/de\/deutschland\/oesterreichisches-bundesheer-verstaerkt-nato-ausbildungsmission-im-irak\/#article","isPartOf":{"@id":"https:\/\/now-news.de\/de\/deutschland\/oesterreichisches-bundesheer-verstaerkt-nato-ausbildungsmission-im-irak\/"},"author":{"name":"rtnews","@id":"https:\/\/now-news.de\/de\/#\/schema\/person\/fb534a4e865501d8b3285208df34a9b5"},"headline":"\u00d6sterreichisches Bundesheer verst\u00e4rkt NATO-Ausbildungsmission im Irak","datePublished":"2024-11-13T12:53:02+00:00","dateModified":"2024-11-13T12:53:02+00:00","mainEntityOfPage":{"@id":"https:\/\/now-news.de\/de\/deutschland\/oesterreichisches-bundesheer-verstaerkt-nato-ausbildungsmission-im-irak\/"},"wordCount":441,"commentCount":0,"publisher":{"@id":"https:\/\/now-news.de\/de\/#organization"},"image":{"@id":"https:\/\/now-news.de\/de\/deutschland\/oesterreichisches-bundesheer-verstaerkt-nato-ausbildungsmission-im-irak\/#primaryimage"},"thumbnailUrl":"https:\/\/now-news.de\/de\/wp-content\/uploads\/sites\/3\/2024\/11\/Oesterreichisches-Bundesheer-verstaerkt-NATO-Ausbildungsmission-im-Irak.jpg","keywords":["Bundesheer","Irak","NATOAusbildungsmission","\u00f6sterreichisches","verst\u00e4rkt"],"articleSection":["Deutschland","Russland"],"inLanguage":"de","potentialAction":[{"@type":"CommentAction","name":"Comment","target":["https:\/\/now-news.de\/de\/deutschland\/oesterreichisches-bundesheer-verstaerkt-nato-ausbildungsmission-im-irak\/#respond"]}]},{"@type":"WebPage","@id":"https:\/\/now-news.de\/de\/deutschland\/oesterreichisches-bundesheer-verstaerkt-nato-ausbildungsmission-im-irak\/","url":"https:\/\/now-news.de\/de\/deutschland\/oesterreichisches-bundesheer-verstaerkt-nato-ausbildungsmission-im-irak\/","name":"\u00d6sterreichisches Bundesheer verst\u00e4rkt NATO-Ausbildungsmission im Irak - just-now.NEWS Deutschland","isPartOf":{"@id":"https:\/\/now-news.de\/de\/#website"},"primaryImageOfPage":{"@id":"https:\/\/now-news.de\/de\/deutschland\/oesterreichisches-bundesheer-verstaerkt-nato-ausbildungsmission-im-irak\/#primaryimage"},"image":{"@id":"https:\/\/now-news.de\/de\/deutschland\/oesterreichisches-bundesheer-verstaerkt-nato-ausbildungsmission-im-irak\/#primaryimage"},"thumbnailUrl":"https:\/\/now-news.de\/de\/wp-content\/uploads\/sites\/3\/2024\/11\/Oesterreichisches-Bundesheer-verstaerkt-NATO-Ausbildungsmission-im-Irak.jpg","datePublished":"2024-11-13T12:53:02+00:00","dateModified":"2024-11-13T12:53:02+00:00","breadcrumb":{"@id":"https:\/\/now-news.de\/de\/deutschland\/oesterreichisches-bundesheer-verstaerkt-nato-ausbildungsmission-im-irak\/#breadcrumb"},"inLanguage":"de","potentialAction":[{"@type":"ReadAction","target":["https:\/\/now-news.de\/de\/deutschland\/oesterreichisches-bundesheer-verstaerkt-nato-ausbildungsmission-im-irak\/"]}]},{"@type":"ImageObject","inLanguage":"de","@id":"https:\/\/now-news.de\/de\/deutschland\/oesterreichisches-bundesheer-verstaerkt-nato-ausbildungsmission-im-irak\/#primaryimage","url":"https:\/\/now-news.de\/de\/wp-content\/uploads\/sites\/3\/2024\/11\/Oesterreichisches-Bundesheer-verstaerkt-NATO-Ausbildungsmission-im-Irak.jpg","contentUrl":"https:\/\/now-news.de\/de\/wp-content\/uploads\/sites\/3\/2024\/11\/Oesterreichisches-Bundesheer-verstaerkt-NATO-Ausbildungsmission-im-Irak.jpg","width":460,"height":259,"caption":"\u00d6sterreichisches Bundesheer verst\u00e4rkt NATO-Ausbildungsmission im Irak"},{"@type":"BreadcrumbList","@id":"https:\/\/now-news.de\/de\/deutschland\/oesterreichisches-bundesheer-verstaerkt-nato-ausbildungsmission-im-irak\/#breadcrumb","itemListElement":[{"@type":"ListItem","position":1,"name":"Home","item":"https:\/\/now-news.de\/de\/"},{"@type":"ListItem","position":2,"name":"\u00d6sterreichisches Bundesheer verst\u00e4rkt NATO-Ausbildungsmission im Irak"}]},{"@type":"WebSite","@id":"https:\/\/now-news.de\/de\/#website","url":"https:\/\/now-news.de\/de\/","name":"just-now.NEWS Deutschland","description":"Das Portal f\u00fcr unzensierte Nachrichten aus der Welt","publisher":{"@id":"https:\/\/now-news.de\/de\/#organization"},"potentialAction":[{"@type":"SearchAction","target":{"@type":"EntryPoint","urlTemplate":"https:\/\/now-news.de\/de\/?s={search_term_string}"},"query-input":"required name=search_term_string"}],"inLanguage":"de"},{"@type":"Organization","@id":"https:\/\/now-news.de\/de\/#organization","name":"Just Now News","url":"https:\/\/now-news.de\/de\/","logo":{"@type":"ImageObject","inLanguage":"de","@id":"https:\/\/now-news.de\/de\/#\/schema\/logo\/image\/","url":"http:\/\/just-now.news\/de\/wp-content\/uploads\/sites\/3\/2022\/04\/logo500x500.jpg","contentUrl":"http:\/\/just-now.news\/de\/wp-content\/uploads\/sites\/3\/2022\/04\/logo500x500.jpg","width":500,"height":500,"caption":"Just Now News"},"image":{"@id":"https:\/\/now-news.de\/de\/#\/schema\/logo\/image\/"},"sameAs":["https:\/\/www.facebook.com\/wirmachenauf","https:\/\/x.com\/WirMachenAuf_de"]},{"@type":"Person","@id":"https:\/\/now-news.de\/de\/#\/schema\/person\/fb534a4e865501d8b3285208df34a9b5","name":"rtnews","image":{"@type":"ImageObject","inLanguage":"de","@id":"https:\/\/now-news.de\/de\/#\/schema\/person\/image\/","url":"https:\/\/secure.gravatar.com\/avatar\/82aafea7d8127119dd649515f56e2117?s=96&d=mm&r=g","contentUrl":"https:\/\/secure.gravatar.com\/avatar\/82aafea7d8127119dd649515f56e2117?s=96&d=mm&r=g","caption":"rtnews"},"url":"https:\/\/now-news.de\/de\/author\/rnews\/"}]}},"_links":{"self":[{"href":"https:\/\/now-news.de\/de\/wp-json\/wp\/v2\/posts\/72530"}],"collection":[{"href":"https:\/\/now-news.de\/de\/wp-json\/wp\/v2\/posts"}],"about":[{"href":"https:\/\/now-news.de\/de\/wp-json\/wp\/v2\/types\/post"}],"author":[{"embeddable":true,"href":"https:\/\/now-news.de\/de\/wp-json\/wp\/v2\/users\/3"}],"replies":[{"embeddable":true,"href":"https:\/\/now-news.de\/de\/wp-json\/wp\/v2\/comments?post=72530"}],"version-history":[{"count":0,"href":"https:\/\/now-news.de\/de\/wp-json\/wp\/v2\/posts\/72530\/revisions"}],"wp:featuredmedia":[{"embeddable":true,"href":"https:\/\/now-news.de\/de\/wp-json\/wp\/v2\/media\/72531"}],"wp:attachment":[{"href":"https:\/\/now-news.de\/de\/wp-json\/wp\/v2\/media?parent=72530"}],"wp:term":[{"taxonomy":"category","embeddable":true,"href":"https:\/\/now-news.de\/de\/wp-json\/wp\/v2\/categories?post=72530"},{"taxonomy":"post_tag","embeddable":true,"href":"https:\/\/now-news.de\/de\/wp-json\/wp\/v2\/tags?post=72530"}],"curies":[{"name":"wp","href":"https:\/\/api.w.org\/{rel}","templated":true}]}}