{"id":72447,"date":"2024-11-12T12:43:25","date_gmt":"2024-11-12T10:43:25","guid":{"rendered":"https:\/\/now-news.de\/de\/deutschland\/thyssenkrupp-chef-attackiert-habeck-politik-solar-und-wind-energie-nie-wettbewerbsfaehig\/"},"modified":"2024-11-12T12:43:25","modified_gmt":"2024-11-12T10:43:25","slug":"thyssenkrupp-chef-attackiert-habeck-politik-solar-und-wind-energie-nie-wettbewerbsfaehig","status":"publish","type":"post","link":"https:\/\/now-news.de\/de\/deutschland\/thyssenkrupp-chef-attackiert-habeck-politik-solar-und-wind-energie-nie-wettbewerbsfaehig\/","title":{"rendered":"Thyssenkrupp-Chef attackiert Habeck-Politik: &quot;Solar- und Wind-Energie nie wettbewerbsf\u00e4hig&quot;"},"content":{"rendered":"<p><img decoding=\"async\" src=\"https:\/\/now-news.de\/de\/wp-content\/uploads\/sites\/3\/2024\/11\/6733308348fbef7cbc00d1dc.jpg\" \/><\/p>\n<div class=\"Text-root Text-type_1 \">\n                Thyssenkrupp-Chef Miguel L\u00f3pez kann laut Focus-Interview der politisch eingeforderten Energiewende und dem diesbez\u00fcglichen Agieren der Bundespolitik wenig abgewinnen. So w\u00fcrde sich Solar in Deutschland schlicht nicht rechnen und ben\u00f6tigte Windanlagen auch in Zukunft nicht ausreichend zur Verf\u00fcgung stehen.\n            <\/div>\n<p><\/p>\n<div class=\"Text-root Text-type_5 ArticleView-text ViewText-root \">\n<p>Thyssenkrupp-Chef Miguel L\u00f3pez, seit Juni 2023 in seinem Amt, erkl\u00e4rte gegen\u00fcber dem\u00a0<em>Focus<\/em>-Magazin seine Bedenken zur aktuellen Solar- und Wind-Energie der Bundesregierung. Diese werde in Deutschland &#8220;nie wettbewerbsf\u00e4hig sein&#8221;, so der Konzernchef im\u00a0<a rel=\"nofollow noopener\" target=\"_blank\" href=\"https:\/\/www.focus.de\/politik\/briefing\/solar-und-wind-rechnen-sich-in-deutschland-nie-thyssenkrupp-chef-lopez-rechnet-mit-deutscher-energiewende-ab-jeder-cent-steuergeld-fuer-solar-und-wind-ist-rausgeworfenes-geld_id_260471868.html\">Interview<\/a>.<\/p>\n<p>L\u00f3pez erkl\u00e4rt einleitend zum Thema der Wettbewerbsf\u00e4higkeit seitens politisch\u00a0forcierter Energiegaranten f\u00fcr Deutschland.<\/p>\n<p><em>&#8220;Wenn wir \u00fcber wettbewerbsf\u00e4higen Gr\u00fcnstrom reden, kann eigentlich nur von Skandinavien oder der iberischen Halbinsel die Rede sein. Ich habe bislang noch keine L\u00f6sung gesehen, mit der in Mitteleuropa gr\u00fcner Strom wettbewerbsf\u00e4hig produziert werden kann. Und das hat nichts damit zu tun, dass ich einen spanischen Pass habe.&#8221;<\/em><\/p>\n<p>Ausgehend von der schlichten Tatsache, dass in Norwegen und Schweden die anfallenden Kosten f\u00fcr gr\u00fcnen Strom &#8220;immer geringer sein werden als in Deutschland&#8221;, so\u00a0L\u00f3pez, res\u00fcmiert der\u00a0Thyssenkrupp-Chef:<\/p>\n<p><em>&#8220;Dort gibt es schlicht mehr Wasser, mehr Wind und mehr Platz f\u00fcr Offshore-Windparks. Ich sehe nicht, wie gr\u00fcne Energieerzeugung in der n\u00f6tigen Gr\u00f6\u00dfenordnung in Deutschland jemals zu wettbewerbsf\u00e4higen Preisen realisiert werden kann.&#8221;<\/em><\/p>\n<p>Diesbez\u00fcglich erkl\u00e4rte Robert Habeck, der zust\u00e4ndige Klima- und Wirtschaftsminister, vor wenigen\u00a0Tagen den Zuschauern im\u00a0<em>ZDF<\/em>:<\/p>\n<p>&#8220;<em>&#8220;Wir haben jetzt im Moment, in diesen Tagen, ja keine besonders gute Windlage. Das passiert immer mal wieder im November, das ist quasi normal und schon \u2013 sind die Strompreise hoch. Weil die Erneuerbaren nicht da sind, wenn die Erneuerbaren wieder (sic!) da sind, gehen sie runter. Stoppen wir den Ausbau, werden tendenziell die Strompreise h\u00f6her (&#8230;)&#8221;<\/em><\/p>\n<div class=\"EmbedBlock-root EmbedBlock-twitter\">\n<div class=\"TwitterEmbed\">\n<blockquote class=\"twitter-tweet lazyload\" data-twitter=\"twitter-tweet\" data-media-max-width=\"560\">\n<p lang=\"de\" dir=\"ltr\">&#8220;Wir brauchen mehr Windm\u00fchlen, weil der Wind nicht weht.&#8221;<a rel=\"nofollow noopener\" target=\"_blank\" href=\"https:\/\/twitter.com\/roberthabeck?ref_src=twsrc%5Etfw\">@roberthabeck<\/a>, Kinderbuchautor und Wirtschaftsminister <a rel=\"nofollow noopener\" target=\"_blank\" href=\"https:\/\/t.co\/ZFBEORQbOD\">pic.twitter.com\/ZFBEORQbOD<\/a><\/p>\n<p>\u2014 Hirnschluckauf (@Hirnschluckauf) <a rel=\"nofollow noopener\" target=\"_blank\" href=\"https:\/\/twitter.com\/Hirnschluckauf\/status\/1854661686835171821?ref_src=twsrc%5Etfw\">November 7, 2024<\/a><\/p><\/blockquote>\n<\/div>\n<\/div>\n<p>Im\u00a0<em>Focus<\/em>-Interview fiel dabei nicht einmal der Name eines verantwortlichen Politikers.\u00a0L\u00f3pez erkl\u00e4rte jedoch unmissverst\u00e4ndlich die Regierungsstrategie kritisierend:<\/p>\n<p><em>&#8220;Solar rechnet sich in Deutschland nicht und Windanlagen werden wir bei uns nicht in ausreichenden Mengen zur Verf\u00fcgung haben.&#8221;<\/em><\/p>\n<p>Ein weiterer wesentlicher Punkt, die Kosten von gr\u00fcnem Strom &#8220;in Schweden, Norwegen, auf der iberischen Halbinsel oder in den USA&#8221; werden im Vergleich immer g\u00fcnstiger sein als die in Deutschland.<\/p>\n<p>Der Prozess der offensichtlichen Deindustrialisierung im Land h\u00e4tte bereits begonnen &#8220;und da m\u00fcssen wir unbedingt gegensteuern, denn die St\u00e4rke der deutschen Wirtschaft war immer die Industrie&#8221;, so L\u00f3pez. Der Manager mahnt an:<\/p>\n<p><em>&#8220;Noch ist der Standort f\u00fcr Fabriken nicht verloren. Noch haben wir eine Chance, wenn wir uns wieder auf die Bed\u00fcrfnisse der Industrie konzentrieren.\u00a0Es gibt viele gute Modelle weltweit, die wir uns anschauen und kopieren sollten, um den Standort Deutschland attraktiv zu machen.&#8221;<\/em><\/p>\n<p>Der\u00a0Konzernchef nennt als Beispiel &#8220;Steuervorteile f\u00fcr Arbeitnehmer&#8221;, die dann in entsprechende Regionen ziehen k\u00f6nnten, um die dortige Industrie zu unterst\u00fctzen, so ein aktuelles Ma\u00dfnahmenbeispiel aus Gro\u00dfbritannien.<\/p>\n<p>Es brauche daher laut L\u00f3pez aktuell dringend Anreize, &#8220;nicht nur f\u00fcr Unternehmen, sondern auch f\u00fcr Arbeitnehmer aus dem Ausland. Dann hat unsere Industrie eine Zukunft&#8221;.<\/p>\n<p><strong>Mehr zum Thema &#8211;<\/strong>\u00a0<a rel=\"nofollow noopener\" target=\"_blank\" href=\"https:\/\/freedert.online\/inland\/225479-ist-blanker-hohn-gemeinde-binz\/\">&#8220;Das ist blanker Hohn&#8221; \u2013 Gemeinde Binz verklagt Habecks LNG-Terminal in Mukran<\/a><\/p>\n<\/p>\n<\/div>\n<p><script async src=\"https:\/\/platform.twitter.com\/widgets.js\" charset=\"utf-8\"><\/script><br \/>\n<br \/><br \/>\n<br \/><a href=\"https:\/\/de.rt.com\/inland\/225660-thyssenkrupp-chef-attackiert-habeck-politik\/\">Source link <\/a><\/p>\n","protected":false},"excerpt":{"rendered":"<p>Thyssenkrupp-Chef Miguel L\u00f3pez kann laut Focus-Interview der politisch eingeforderten Energiewende und dem diesbez\u00fcglichen Agieren der Bundespolitik wenig abgewinnen. So w\u00fcrde sich Solar in Deutschland schlicht nicht rechnen und ben\u00f6tigte Windanlagen auch in Zukunft nicht ausreichend zur Verf\u00fcgung stehen. Thyssenkrupp-Chef Miguel L\u00f3pez, seit Juni 2023 in seinem Amt, erkl\u00e4rte gegen\u00fcber dem\u00a0Focus-Magazin seine Bedenken zur aktuellen Solar- [&hellip;]<\/p>\n","protected":false},"author":3,"featured_media":72448,"comment_status":"open","ping_status":"open","sticky":false,"template":"","format":"standard","meta":{"_yoast_indexnow_last_ping":["1731408251"],"wp_automatic_camp":["217"],"98600fa3a6d958b9f4798e85f6299279":["Thyssenkrupp-Chef attackiert Habeck-Politik: &quot;Solar- und Wind-Energie nie wettbewerbsf\u00e4hig&quot;"],"original_link":["https:\/\/de.rt.com\/inland\/225660-thyssenkrupp-chef-attackiert-habeck-politik\/"],"_thumbnail_id":["72448"],"_wptgpro_p2tg_sent2tg":["a:1:{i:23737;s:19:\"2024-11-12 12:45:14\";}"],"jnews_social_counter_last_update":["1777271923"]},"categories":[19,23],"tags":[19082,60177,10730,60178,60176,140,60179,48802],"yoast_head":"<!-- This site is optimized with the Yoast SEO Premium plugin v22.7 (Yoast SEO v22.7) - https:\/\/yoast.com\/wordpress\/plugins\/seo\/ -->\n<title>Thyssenkrupp-Chef attackiert Habeck-Politik: &quot;Solar- und Wind-Energie nie wettbewerbsf\u00e4hig&quot; - just-now.NEWS Deutschland<\/title>\n<meta name=\"robots\" content=\"index, follow, max-snippet:-1, max-image-preview:large, max-video-preview:-1\" \/>\n<link rel=\"canonical\" href=\"https:\/\/now-news.de\/de\/deutschland\/thyssenkrupp-chef-attackiert-habeck-politik-solar-und-wind-energie-nie-wettbewerbsfaehig\/\" \/>\n<meta property=\"og:locale\" content=\"de_DE\" \/>\n<meta property=\"og:type\" content=\"article\" \/>\n<meta property=\"og:title\" content=\"Thyssenkrupp-Chef attackiert Habeck-Politik: &quot;Solar- und Wind-Energie nie wettbewerbsf\u00e4hig&quot;\" \/>\n<meta property=\"og:description\" content=\"Thyssenkrupp-Chef Miguel L\u00f3pez kann laut Focus-Interview der politisch eingeforderten Energiewende und dem diesbez\u00fcglichen Agieren der Bundespolitik wenig abgewinnen. So w\u00fcrde sich Solar in Deutschland schlicht nicht rechnen und ben\u00f6tigte Windanlagen auch in Zukunft nicht ausreichend zur Verf\u00fcgung stehen. Thyssenkrupp-Chef Miguel L\u00f3pez, seit Juni 2023 in seinem Amt, erkl\u00e4rte gegen\u00fcber dem\u00a0Focus-Magazin seine Bedenken zur aktuellen Solar- [&hellip;]\" \/>\n<meta property=\"og:url\" content=\"https:\/\/now-news.de\/de\/deutschland\/thyssenkrupp-chef-attackiert-habeck-politik-solar-und-wind-energie-nie-wettbewerbsfaehig\/\" \/>\n<meta property=\"og:site_name\" content=\"just-now.NEWS Deutschland\" \/>\n<meta property=\"article:publisher\" content=\"https:\/\/www.facebook.com\/wirmachenauf\" \/>\n<meta property=\"article:published_time\" content=\"2024-11-12T10:43:25+00:00\" \/>\n<meta property=\"og:image\" content=\"https:\/\/now-news.de\/de\/wp-content\/uploads\/sites\/3\/2024\/11\/6733308348fbef7cbc00d1dc.jpg\" \/>\n<meta name=\"author\" content=\"rtnews\" \/>\n<meta name=\"twitter:card\" content=\"summary_large_image\" \/>\n<meta name=\"twitter:creator\" content=\"@WirMachenAuf_de\" \/>\n<meta name=\"twitter:site\" content=\"@WirMachenAuf_de\" \/>\n<meta name=\"twitter:label1\" content=\"Verfasst von\" \/>\n\t<meta name=\"twitter:data1\" content=\"rtnews\" \/>\n\t<meta name=\"twitter:label2\" content=\"Gesch\u00e4tzte Lesezeit\" \/>\n\t<meta name=\"twitter:data2\" content=\"3\u00a0Minuten\" \/>\n<script type=\"application\/ld+json\" class=\"yoast-schema-graph\">{\"@context\":\"https:\/\/schema.org\",\"@graph\":[{\"@type\":\"Article\",\"@id\":\"https:\/\/now-news.de\/de\/deutschland\/thyssenkrupp-chef-attackiert-habeck-politik-solar-und-wind-energie-nie-wettbewerbsfaehig\/#article\",\"isPartOf\":{\"@id\":\"https:\/\/now-news.de\/de\/deutschland\/thyssenkrupp-chef-attackiert-habeck-politik-solar-und-wind-energie-nie-wettbewerbsfaehig\/\"},\"author\":{\"name\":\"rtnews\",\"@id\":\"https:\/\/now-news.de\/de\/#\/schema\/person\/fb534a4e865501d8b3285208df34a9b5\"},\"headline\":\"Thyssenkrupp-Chef attackiert Habeck-Politik: &quot;Solar- und Wind-Energie nie wettbewerbsf\u00e4hig&quot;\",\"datePublished\":\"2024-11-12T10:43:25+00:00\",\"dateModified\":\"2024-11-12T10:43:25+00:00\",\"mainEntityOfPage\":{\"@id\":\"https:\/\/now-news.de\/de\/deutschland\/thyssenkrupp-chef-attackiert-habeck-politik-solar-und-wind-energie-nie-wettbewerbsfaehig\/\"},\"wordCount\":558,\"commentCount\":0,\"publisher\":{\"@id\":\"https:\/\/now-news.de\/de\/#organization\"},\"image\":{\"@id\":\"https:\/\/now-news.de\/de\/deutschland\/thyssenkrupp-chef-attackiert-habeck-politik-solar-und-wind-energie-nie-wettbewerbsfaehig\/#primaryimage\"},\"thumbnailUrl\":\"https:\/\/now-news.de\/de\/wp-content\/uploads\/sites\/3\/2024\/11\/Thyssenkrupp-Chef-attackiert-Habeck-Politik-quotSolar-und-Wind-Energie-nie-wettbewerbsfaehigquot.jpg\",\"keywords\":[\"attackiert\",\"HabeckPolitik\",\"nie\",\"quotSolar\",\"ThyssenkruppChef\",\"und\",\"wettbewerbsf\u00e4higquot\",\"Windenergie\"],\"articleSection\":[\"Deutschland\",\"Russland\"],\"inLanguage\":\"de\",\"potentialAction\":[{\"@type\":\"CommentAction\",\"name\":\"Comment\",\"target\":[\"https:\/\/now-news.de\/de\/deutschland\/thyssenkrupp-chef-attackiert-habeck-politik-solar-und-wind-energie-nie-wettbewerbsfaehig\/#respond\"]}]},{\"@type\":\"WebPage\",\"@id\":\"https:\/\/now-news.de\/de\/deutschland\/thyssenkrupp-chef-attackiert-habeck-politik-solar-und-wind-energie-nie-wettbewerbsfaehig\/\",\"url\":\"https:\/\/now-news.de\/de\/deutschland\/thyssenkrupp-chef-attackiert-habeck-politik-solar-und-wind-energie-nie-wettbewerbsfaehig\/\",\"name\":\"Thyssenkrupp-Chef attackiert Habeck-Politik: &quot;Solar- und Wind-Energie nie wettbewerbsf\u00e4hig&quot; - just-now.NEWS Deutschland\",\"isPartOf\":{\"@id\":\"https:\/\/now-news.de\/de\/#website\"},\"primaryImageOfPage\":{\"@id\":\"https:\/\/now-news.de\/de\/deutschland\/thyssenkrupp-chef-attackiert-habeck-politik-solar-und-wind-energie-nie-wettbewerbsfaehig\/#primaryimage\"},\"image\":{\"@id\":\"https:\/\/now-news.de\/de\/deutschland\/thyssenkrupp-chef-attackiert-habeck-politik-solar-und-wind-energie-nie-wettbewerbsfaehig\/#primaryimage\"},\"thumbnailUrl\":\"https:\/\/now-news.de\/de\/wp-content\/uploads\/sites\/3\/2024\/11\/Thyssenkrupp-Chef-attackiert-Habeck-Politik-quotSolar-und-Wind-Energie-nie-wettbewerbsfaehigquot.jpg\",\"datePublished\":\"2024-11-12T10:43:25+00:00\",\"dateModified\":\"2024-11-12T10:43:25+00:00\",\"breadcrumb\":{\"@id\":\"https:\/\/now-news.de\/de\/deutschland\/thyssenkrupp-chef-attackiert-habeck-politik-solar-und-wind-energie-nie-wettbewerbsfaehig\/#breadcrumb\"},\"inLanguage\":\"de\",\"potentialAction\":[{\"@type\":\"ReadAction\",\"target\":[\"https:\/\/now-news.de\/de\/deutschland\/thyssenkrupp-chef-attackiert-habeck-politik-solar-und-wind-energie-nie-wettbewerbsfaehig\/\"]}]},{\"@type\":\"ImageObject\",\"inLanguage\":\"de\",\"@id\":\"https:\/\/now-news.de\/de\/deutschland\/thyssenkrupp-chef-attackiert-habeck-politik-solar-und-wind-energie-nie-wettbewerbsfaehig\/#primaryimage\",\"url\":\"https:\/\/now-news.de\/de\/wp-content\/uploads\/sites\/3\/2024\/11\/Thyssenkrupp-Chef-attackiert-Habeck-Politik-quotSolar-und-Wind-Energie-nie-wettbewerbsfaehigquot.jpg\",\"contentUrl\":\"https:\/\/now-news.de\/de\/wp-content\/uploads\/sites\/3\/2024\/11\/Thyssenkrupp-Chef-attackiert-Habeck-Politik-quotSolar-und-Wind-Energie-nie-wettbewerbsfaehigquot.jpg\",\"width\":460,\"height\":259,\"caption\":\"Thyssenkrupp-Chef attackiert Habeck-Politik: &quot;Solar- und Wind-Energie nie wettbewerbsf\u00e4hig&quot;\"},{\"@type\":\"BreadcrumbList\",\"@id\":\"https:\/\/now-news.de\/de\/deutschland\/thyssenkrupp-chef-attackiert-habeck-politik-solar-und-wind-energie-nie-wettbewerbsfaehig\/#breadcrumb\",\"itemListElement\":[{\"@type\":\"ListItem\",\"position\":1,\"name\":\"Home\",\"item\":\"https:\/\/now-news.de\/de\/\"},{\"@type\":\"ListItem\",\"position\":2,\"name\":\"Thyssenkrupp-Chef attackiert Habeck-Politik: &quot;Solar- und Wind-Energie nie wettbewerbsf\u00e4hig&quot;\"}]},{\"@type\":\"WebSite\",\"@id\":\"https:\/\/now-news.de\/de\/#website\",\"url\":\"https:\/\/now-news.de\/de\/\",\"name\":\"just-now.NEWS Deutschland\",\"description\":\"Das Portal f\u00fcr unzensierte Nachrichten aus der Welt\",\"publisher\":{\"@id\":\"https:\/\/now-news.de\/de\/#organization\"},\"potentialAction\":[{\"@type\":\"SearchAction\",\"target\":{\"@type\":\"EntryPoint\",\"urlTemplate\":\"https:\/\/now-news.de\/de\/?s={search_term_string}\"},\"query-input\":\"required name=search_term_string\"}],\"inLanguage\":\"de\"},{\"@type\":\"Organization\",\"@id\":\"https:\/\/now-news.de\/de\/#organization\",\"name\":\"Just Now News\",\"url\":\"https:\/\/now-news.de\/de\/\",\"logo\":{\"@type\":\"ImageObject\",\"inLanguage\":\"de\",\"@id\":\"https:\/\/now-news.de\/de\/#\/schema\/logo\/image\/\",\"url\":\"http:\/\/just-now.news\/de\/wp-content\/uploads\/sites\/3\/2022\/04\/logo500x500.jpg\",\"contentUrl\":\"http:\/\/just-now.news\/de\/wp-content\/uploads\/sites\/3\/2022\/04\/logo500x500.jpg\",\"width\":500,\"height\":500,\"caption\":\"Just Now News\"},\"image\":{\"@id\":\"https:\/\/now-news.de\/de\/#\/schema\/logo\/image\/\"},\"sameAs\":[\"https:\/\/www.facebook.com\/wirmachenauf\",\"https:\/\/x.com\/WirMachenAuf_de\"]},{\"@type\":\"Person\",\"@id\":\"https:\/\/now-news.de\/de\/#\/schema\/person\/fb534a4e865501d8b3285208df34a9b5\",\"name\":\"rtnews\",\"image\":{\"@type\":\"ImageObject\",\"inLanguage\":\"de\",\"@id\":\"https:\/\/now-news.de\/de\/#\/schema\/person\/image\/\",\"url\":\"https:\/\/secure.gravatar.com\/avatar\/82aafea7d8127119dd649515f56e2117?s=96&d=mm&r=g\",\"contentUrl\":\"https:\/\/secure.gravatar.com\/avatar\/82aafea7d8127119dd649515f56e2117?s=96&d=mm&r=g\",\"caption\":\"rtnews\"},\"url\":\"https:\/\/now-news.de\/de\/author\/rnews\/\"}]}<\/script>\n<!-- \/ Yoast SEO Premium plugin. -->","yoast_head_json":{"title":"Thyssenkrupp-Chef attackiert Habeck-Politik: &quot;Solar- und Wind-Energie nie wettbewerbsf\u00e4hig&quot; - just-now.NEWS Deutschland","robots":{"index":"index","follow":"follow","max-snippet":"max-snippet:-1","max-image-preview":"max-image-preview:large","max-video-preview":"max-video-preview:-1"},"canonical":"https:\/\/now-news.de\/de\/deutschland\/thyssenkrupp-chef-attackiert-habeck-politik-solar-und-wind-energie-nie-wettbewerbsfaehig\/","og_locale":"de_DE","og_type":"article","og_title":"Thyssenkrupp-Chef attackiert Habeck-Politik: &quot;Solar- und Wind-Energie nie wettbewerbsf\u00e4hig&quot;","og_description":"Thyssenkrupp-Chef Miguel L\u00f3pez kann laut Focus-Interview der politisch eingeforderten Energiewende und dem diesbez\u00fcglichen Agieren der Bundespolitik wenig abgewinnen. So w\u00fcrde sich Solar in Deutschland schlicht nicht rechnen und ben\u00f6tigte Windanlagen auch in Zukunft nicht ausreichend zur Verf\u00fcgung stehen. Thyssenkrupp-Chef Miguel L\u00f3pez, seit Juni 2023 in seinem Amt, erkl\u00e4rte gegen\u00fcber dem\u00a0Focus-Magazin seine Bedenken zur aktuellen Solar- [&hellip;]","og_url":"https:\/\/now-news.de\/de\/deutschland\/thyssenkrupp-chef-attackiert-habeck-politik-solar-und-wind-energie-nie-wettbewerbsfaehig\/","og_site_name":"just-now.NEWS Deutschland","article_publisher":"https:\/\/www.facebook.com\/wirmachenauf","article_published_time":"2024-11-12T10:43:25+00:00","og_image":[{"url":"https:\/\/now-news.de\/de\/wp-content\/uploads\/sites\/3\/2024\/11\/6733308348fbef7cbc00d1dc.jpg"}],"author":"rtnews","twitter_card":"summary_large_image","twitter_creator":"@WirMachenAuf_de","twitter_site":"@WirMachenAuf_de","twitter_misc":{"Verfasst von":"rtnews","Gesch\u00e4tzte Lesezeit":"3\u00a0Minuten"},"schema":{"@context":"https:\/\/schema.org","@graph":[{"@type":"Article","@id":"https:\/\/now-news.de\/de\/deutschland\/thyssenkrupp-chef-attackiert-habeck-politik-solar-und-wind-energie-nie-wettbewerbsfaehig\/#article","isPartOf":{"@id":"https:\/\/now-news.de\/de\/deutschland\/thyssenkrupp-chef-attackiert-habeck-politik-solar-und-wind-energie-nie-wettbewerbsfaehig\/"},"author":{"name":"rtnews","@id":"https:\/\/now-news.de\/de\/#\/schema\/person\/fb534a4e865501d8b3285208df34a9b5"},"headline":"Thyssenkrupp-Chef attackiert Habeck-Politik: &quot;Solar- und Wind-Energie nie wettbewerbsf\u00e4hig&quot;","datePublished":"2024-11-12T10:43:25+00:00","dateModified":"2024-11-12T10:43:25+00:00","mainEntityOfPage":{"@id":"https:\/\/now-news.de\/de\/deutschland\/thyssenkrupp-chef-attackiert-habeck-politik-solar-und-wind-energie-nie-wettbewerbsfaehig\/"},"wordCount":558,"commentCount":0,"publisher":{"@id":"https:\/\/now-news.de\/de\/#organization"},"image":{"@id":"https:\/\/now-news.de\/de\/deutschland\/thyssenkrupp-chef-attackiert-habeck-politik-solar-und-wind-energie-nie-wettbewerbsfaehig\/#primaryimage"},"thumbnailUrl":"https:\/\/now-news.de\/de\/wp-content\/uploads\/sites\/3\/2024\/11\/Thyssenkrupp-Chef-attackiert-Habeck-Politik-quotSolar-und-Wind-Energie-nie-wettbewerbsfaehigquot.jpg","keywords":["attackiert","HabeckPolitik","nie","quotSolar","ThyssenkruppChef","und","wettbewerbsf\u00e4higquot","Windenergie"],"articleSection":["Deutschland","Russland"],"inLanguage":"de","potentialAction":[{"@type":"CommentAction","name":"Comment","target":["https:\/\/now-news.de\/de\/deutschland\/thyssenkrupp-chef-attackiert-habeck-politik-solar-und-wind-energie-nie-wettbewerbsfaehig\/#respond"]}]},{"@type":"WebPage","@id":"https:\/\/now-news.de\/de\/deutschland\/thyssenkrupp-chef-attackiert-habeck-politik-solar-und-wind-energie-nie-wettbewerbsfaehig\/","url":"https:\/\/now-news.de\/de\/deutschland\/thyssenkrupp-chef-attackiert-habeck-politik-solar-und-wind-energie-nie-wettbewerbsfaehig\/","name":"Thyssenkrupp-Chef attackiert Habeck-Politik: &quot;Solar- und Wind-Energie nie wettbewerbsf\u00e4hig&quot; - just-now.NEWS Deutschland","isPartOf":{"@id":"https:\/\/now-news.de\/de\/#website"},"primaryImageOfPage":{"@id":"https:\/\/now-news.de\/de\/deutschland\/thyssenkrupp-chef-attackiert-habeck-politik-solar-und-wind-energie-nie-wettbewerbsfaehig\/#primaryimage"},"image":{"@id":"https:\/\/now-news.de\/de\/deutschland\/thyssenkrupp-chef-attackiert-habeck-politik-solar-und-wind-energie-nie-wettbewerbsfaehig\/#primaryimage"},"thumbnailUrl":"https:\/\/now-news.de\/de\/wp-content\/uploads\/sites\/3\/2024\/11\/Thyssenkrupp-Chef-attackiert-Habeck-Politik-quotSolar-und-Wind-Energie-nie-wettbewerbsfaehigquot.jpg","datePublished":"2024-11-12T10:43:25+00:00","dateModified":"2024-11-12T10:43:25+00:00","breadcrumb":{"@id":"https:\/\/now-news.de\/de\/deutschland\/thyssenkrupp-chef-attackiert-habeck-politik-solar-und-wind-energie-nie-wettbewerbsfaehig\/#breadcrumb"},"inLanguage":"de","potentialAction":[{"@type":"ReadAction","target":["https:\/\/now-news.de\/de\/deutschland\/thyssenkrupp-chef-attackiert-habeck-politik-solar-und-wind-energie-nie-wettbewerbsfaehig\/"]}]},{"@type":"ImageObject","inLanguage":"de","@id":"https:\/\/now-news.de\/de\/deutschland\/thyssenkrupp-chef-attackiert-habeck-politik-solar-und-wind-energie-nie-wettbewerbsfaehig\/#primaryimage","url":"https:\/\/now-news.de\/de\/wp-content\/uploads\/sites\/3\/2024\/11\/Thyssenkrupp-Chef-attackiert-Habeck-Politik-quotSolar-und-Wind-Energie-nie-wettbewerbsfaehigquot.jpg","contentUrl":"https:\/\/now-news.de\/de\/wp-content\/uploads\/sites\/3\/2024\/11\/Thyssenkrupp-Chef-attackiert-Habeck-Politik-quotSolar-und-Wind-Energie-nie-wettbewerbsfaehigquot.jpg","width":460,"height":259,"caption":"Thyssenkrupp-Chef attackiert Habeck-Politik: &quot;Solar- und Wind-Energie nie wettbewerbsf\u00e4hig&quot;"},{"@type":"BreadcrumbList","@id":"https:\/\/now-news.de\/de\/deutschland\/thyssenkrupp-chef-attackiert-habeck-politik-solar-und-wind-energie-nie-wettbewerbsfaehig\/#breadcrumb","itemListElement":[{"@type":"ListItem","position":1,"name":"Home","item":"https:\/\/now-news.de\/de\/"},{"@type":"ListItem","position":2,"name":"Thyssenkrupp-Chef attackiert Habeck-Politik: &quot;Solar- und Wind-Energie nie wettbewerbsf\u00e4hig&quot;"}]},{"@type":"WebSite","@id":"https:\/\/now-news.de\/de\/#website","url":"https:\/\/now-news.de\/de\/","name":"just-now.NEWS Deutschland","description":"Das Portal f\u00fcr unzensierte Nachrichten aus der Welt","publisher":{"@id":"https:\/\/now-news.de\/de\/#organization"},"potentialAction":[{"@type":"SearchAction","target":{"@type":"EntryPoint","urlTemplate":"https:\/\/now-news.de\/de\/?s={search_term_string}"},"query-input":"required name=search_term_string"}],"inLanguage":"de"},{"@type":"Organization","@id":"https:\/\/now-news.de\/de\/#organization","name":"Just Now News","url":"https:\/\/now-news.de\/de\/","logo":{"@type":"ImageObject","inLanguage":"de","@id":"https:\/\/now-news.de\/de\/#\/schema\/logo\/image\/","url":"http:\/\/just-now.news\/de\/wp-content\/uploads\/sites\/3\/2022\/04\/logo500x500.jpg","contentUrl":"http:\/\/just-now.news\/de\/wp-content\/uploads\/sites\/3\/2022\/04\/logo500x500.jpg","width":500,"height":500,"caption":"Just Now News"},"image":{"@id":"https:\/\/now-news.de\/de\/#\/schema\/logo\/image\/"},"sameAs":["https:\/\/www.facebook.com\/wirmachenauf","https:\/\/x.com\/WirMachenAuf_de"]},{"@type":"Person","@id":"https:\/\/now-news.de\/de\/#\/schema\/person\/fb534a4e865501d8b3285208df34a9b5","name":"rtnews","image":{"@type":"ImageObject","inLanguage":"de","@id":"https:\/\/now-news.de\/de\/#\/schema\/person\/image\/","url":"https:\/\/secure.gravatar.com\/avatar\/82aafea7d8127119dd649515f56e2117?s=96&d=mm&r=g","contentUrl":"https:\/\/secure.gravatar.com\/avatar\/82aafea7d8127119dd649515f56e2117?s=96&d=mm&r=g","caption":"rtnews"},"url":"https:\/\/now-news.de\/de\/author\/rnews\/"}]}},"_links":{"self":[{"href":"https:\/\/now-news.de\/de\/wp-json\/wp\/v2\/posts\/72447"}],"collection":[{"href":"https:\/\/now-news.de\/de\/wp-json\/wp\/v2\/posts"}],"about":[{"href":"https:\/\/now-news.de\/de\/wp-json\/wp\/v2\/types\/post"}],"author":[{"embeddable":true,"href":"https:\/\/now-news.de\/de\/wp-json\/wp\/v2\/users\/3"}],"replies":[{"embeddable":true,"href":"https:\/\/now-news.de\/de\/wp-json\/wp\/v2\/comments?post=72447"}],"version-history":[{"count":0,"href":"https:\/\/now-news.de\/de\/wp-json\/wp\/v2\/posts\/72447\/revisions"}],"wp:featuredmedia":[{"embeddable":true,"href":"https:\/\/now-news.de\/de\/wp-json\/wp\/v2\/media\/72448"}],"wp:attachment":[{"href":"https:\/\/now-news.de\/de\/wp-json\/wp\/v2\/media?parent=72447"}],"wp:term":[{"taxonomy":"category","embeddable":true,"href":"https:\/\/now-news.de\/de\/wp-json\/wp\/v2\/categories?post=72447"},{"taxonomy":"post_tag","embeddable":true,"href":"https:\/\/now-news.de\/de\/wp-json\/wp\/v2\/tags?post=72447"}],"curies":[{"name":"wp","href":"https:\/\/api.w.org\/{rel}","templated":true}]}}