{"id":7241,"date":"2022-05-10T06:30:22","date_gmt":"2022-05-10T04:30:22","guid":{"rendered":"http:\/\/just-now.news\/de\/deutschland\/irische-eu-abgeordnete-sanktionen-gegen-russland-funktionieren-nicht\/"},"modified":"2022-05-10T06:30:22","modified_gmt":"2022-05-10T04:30:22","slug":"irische-eu-abgeordnete-sanktionen-gegen-russland-funktionieren-nicht","status":"publish","type":"post","link":"https:\/\/now-news.de\/de\/deutschland\/irische-eu-abgeordnete-sanktionen-gegen-russland-funktionieren-nicht\/","title":{"rendered":"Irische EU-Abgeordnete: Sanktionen gegen Russland &quot;funktionieren nicht&quot;"},"content":{"rendered":"<div class=\"Text-root Text-type_5 ArticleView-text ViewText-root \">\n<p>Ein Embargo auf russisches \u00d6l werde den Krieg in der Ukraine nicht beenden und auch keine Menschenleben retten, sagte die irische Europaabgeordnete Clare Daly in einer <a rel=\"nofollow noopener\" target=\"_blank\" href=\"https:\/\/twitter.com\/ClareDalyMEP\/status\/1522944079008612354\">Rede<\/a>\u00a0am vergangenen Freitag. Die Zeitung\u00a0<em>Irish Independent<\/em> zitierte die Politikerin mit den Worten:\u00a0<\/p>\n<blockquote>\n<p><em>&#8220;Nicht weil ich Mitleid mit Russland habe, nicht weil ich auf der Gehaltsliste von Putin stehe, sondern weil Sanktionen nicht funktionieren. Sie haben noch nie einen Krieg verhindert.&#8221;\u00a0<\/em><\/p>\n<\/blockquote>\n<p>Daly, die der linken irischen Partei &#8220;Independents 4 Change&#8221; (zu Deutsch: &#8220;Unabh\u00e4ngige f\u00fcr den Wandel&#8221;) angeh\u00f6rt,\u00a0argumentierte, dass mit dem EU-Embargo auf russisches \u00d6l &#8220;nicht ein einziges ukrainisches Leben gerettet&#8221; werde. Nur 30 von 195 Staaten weltweit h\u00e4tten Sanktionen gegen Russland verh\u00e4ngt und\u00a0das Land w\u00fcrde anderswo Handel treiben. Die 54-J\u00e4hrige f\u00fchrte an:\u00a0<\/p>\n<blockquote>\n<p><em>&#8220;Wenn Europa es nicht kauft, wird es jemand anderes tun. Die einfachen Menschen in Europa werden den Preis daf\u00fcr zahlen.&#8221;<\/em><\/p>\n<\/blockquote>\n<div class=\"ReadMore-root Section-root Section-is1to3-xs_is1to1\" data-widgets=\"ReadMore\" data-has-alias>\n<div class=\"Section-container Section-isRow-isTop-isWrap\">\n<article class=\"Card-root Card-is1to1 \">\n<div class=\"Card-imageWrap\">\n<div class=\"Card-picture\">\n<picture class=\"Picture-root Picture-default\"><!--[if IE 9]><video style=\"display: none;\"><![endif]--><source media=\"(-webkit-min-device-pixel-ratio: 2) and (min-resolution: 120dpi)\" data-srcset=\" \nhttp:\/\/just-now.news\/de\/wp-content\/uploads\/sites\/3\/2022\/05\/Irische-EU-Abgeordnete-Sanktionen-gegen-Russland-quotfunktionieren-nichtquot.jpg 850w,\n                http:\/\/just-now.news\/de\/wp-content\/uploads\/sites\/3\/2022\/05\/Serdar-Somuncu-quotDeutschland-sollte-in-diesen-Krieg-nicht-einsteigenquot.jpg 1960w,\n            \" ><source data-srcset=\" \nhttp:\/\/just-now.news\/de\/wp-content\/uploads\/sites\/3\/2022\/05\/Irische-EU-Abgeordnete-Sanktionen-gegen-Russland-quotfunktionieren-nichtquot.jpg 460w,\n              http:\/\/just-now.news\/de\/wp-content\/uploads\/sites\/3\/2022\/05\/Serdar-Somuncu-quotDeutschland-sollte-in-diesen-Krieg-nicht-einsteigenquot.jpg 980w,\n            \" ><!--[if IE 9]><\/video><![endif]--><\/source><\/source><\/picture><!-- noscript pattern --><noscript><img decoding=\"async\" src=\"http:\/\/just-now.news\/de\/wp-content\/uploads\/sites\/3\/2022\/05\/Serdar-Somuncu-quotDeutschland-sollte-in-diesen-Krieg-nicht-einsteigenquot.jpg\" alt='Serdar Somuncu: \"Deutschland sollte in diesen Krieg nicht einsteigen\"'><\/noscript>    <\/div><\/div>\n<div class=\"Card-contentWrap\">\n<div class=\"Card-content\">\n<div class=\"Card-title\">\n<div class=\"HeaderNews-root HeaderNews-type_6 \">\n<p>            <a rel=\"nofollow noopener\" target=\"_blank\" href=\"https:\/\/de.rt.com\/inland\/137945-serdar-somuncu-deutschland-sollte-in-diesen-krieg-nicht-einsteigen\/\" class=\"Link-root Link-isFullCard \"><br \/>\n                Serdar Somuncu: &#8220;Deutschland sollte in diesen Krieg nicht einsteigen&#8221;<br \/>\n            <\/a><\/p><\/div><\/div><\/div><\/div>\n<\/article>\n<\/div><\/div>\n<p>Die EU hat\u00a0k\u00fcrzlich den Beschluss gefasst, russisches \u00d6l bis zum Ende dieses Jahres nicht mehr zu importieren. Berichten zufolge hat Br\u00fcssel Ausnahmen f\u00fcr Ungarn und die Slowakei vorgesehen, deren Wirtschaft stark von russischen Energielieferungen abh\u00e4ngt.<\/p>\n<p>Daly sagte, Russland trage &#8220;zweifellos&#8221; die Verantwortung f\u00fcr die Todesopfer in der Ukraine und die Fl\u00fcchtlingswelle aus dem Land. Gleichzeitig wies sie darauf hin, dass auch der Westen zu dem Konflikt beigetragen habe.<\/p>\n<blockquote>\n<p><em>&#8220;Aber wir k\u00f6nnen die Rolle der EU und der USA nicht ignorieren. Das soll keine Entschuldigung f\u00fcr Russland sein. Es geht einfach darum zu erkl\u00e4ren, dass man ein Problem nicht l\u00f6sen kann, wenn man nicht versteht, wo es seinen Ursprung hat.&#8221;<\/em><\/p>\n<\/blockquote>\n<p>Daly erinnerte daran, dass Papst Franziskus vor wenigen Tagen angedeutet hatte, dass die NATO-Osterweiterung Russlands Milit\u00e4rkampagne in der Ukraine, die Ende Februar begonnen hatte, &#8220;vielleicht beg\u00fcnstigt&#8221; habe.<\/p>\n<p>&#8220;Das Erste, was ich dachte, war: &#8216;Hat er meine Notizen gestohlen?&#8217; Das Zweite, was ich dachte, war, dass der Papst beschuldigt werden w\u00fcrde, eine Marionette Putins zu sein oder eine Peinlichkeit und Schande&#8221;, sagte Daly. Sie f\u00fcgte hinzu, dass die EU und die irische Regierung mit der Entsendung weiterer Waffen nach Kiew &#8220;im Grunde genommen den Krieg eskalieren lassen und daf\u00fcr sorgen, dass er weitergeht&#8221;.<\/p>\n<div class=\"ReadMore-root Section-root Section-is1to3-xs_is1to1\" data-widgets=\"ReadMore\" data-has-alias>\n<div class=\"Section-container Section-isRow-isTop-isWrap\">\n<article class=\"Card-root Card-is1to1 \">\n<div class=\"Card-imageWrap\">\n<div class=\"Card-picture\">\n<picture class=\"Picture-root Picture-default\"><!--[if IE 9]><video style=\"display: none;\"><![endif]--><source media=\"(-webkit-min-device-pixel-ratio: 2) and (min-resolution: 120dpi)\" data-srcset=\" \nhttp:\/\/just-now.news\/de\/wp-content\/uploads\/sites\/3\/2022\/05\/1652157942_147_Irische-EU-Abgeordnete-Sanktionen-gegen-Russland-quotfunktionieren-nichtquot.jpg 850w,\n                http:\/\/just-now.news\/de\/wp-content\/uploads\/sites\/3\/2022\/05\/1652157943_312_Irische-EU-Abgeordnete-Sanktionen-gegen-Russland-quotfunktionieren-nichtquot.jpg 1960w,\n            \" ><source data-srcset=\" \nhttp:\/\/just-now.news\/de\/wp-content\/uploads\/sites\/3\/2022\/05\/1652157942_147_Irische-EU-Abgeordnete-Sanktionen-gegen-Russland-quotfunktionieren-nichtquot.jpg 460w,\n              http:\/\/just-now.news\/de\/wp-content\/uploads\/sites\/3\/2022\/05\/1652157943_312_Irische-EU-Abgeordnete-Sanktionen-gegen-Russland-quotfunktionieren-nichtquot.jpg 980w,\n            \" ><!--[if IE 9]><\/video><![endif]--><img decoding=\"async\" data- src=\"data:image\/png;base64,iVBORw0KGgoAAAANSUhEUgAAABAAAAAJCAQAAACRI2S5AAAAEElEQVR42mNkIAAYRxWAAQAG9gAKqv6+AwAAAABJRU5ErkJggg==\" class=\"Picture-root Picture-default lazyload\" data-src=\"http:\/\/just-now.news\/de\/wp-content\/uploads\/sites\/3\/2022\/05\/1652157942_147_Irische-EU-Abgeordnete-Sanktionen-gegen-Russland-quotfunktionieren-nichtquot.jpg\" alt=\"Gysi nach Ukraine-Reise gegen deutsche Waffenlieferungen\"><\/source><\/source><\/picture><!-- noscript pattern --><noscript><img decoding=\"async\" src=\"http:\/\/just-now.news\/de\/wp-content\/uploads\/sites\/3\/2022\/05\/1652157943_312_Irische-EU-Abgeordnete-Sanktionen-gegen-Russland-quotfunktionieren-nichtquot.jpg\" alt=\"Gysi nach Ukraine-Reise gegen deutsche Waffenlieferungen\"><\/noscript>    <\/div><\/div>\n<div class=\"Card-contentWrap\">\n<div class=\"Card-content\">\n<div class=\"Card-title\">\n<div class=\"HeaderNews-root HeaderNews-type_6 \">\n<p>            <a rel=\"nofollow noopener\" target=\"_blank\" href=\"https:\/\/de.rt.com\/inland\/137958-gysi-nach-ukraine-reise-gegen-waffenlieferungen\/\" class=\"Link-root Link-isFullCard \"><br \/>\n                Gysi nach Ukraine-Reise gegen deutsche Waffenlieferungen<br \/>\n            <\/a><\/p><\/div><\/div><\/div><\/div>\n<\/article>\n<\/div><\/div>\n<p>Gro\u00dfbritannien hat der Ukraine am Samstag zus\u00e4tzliche 1,3 Milliarden Pfund (1,6 Milliarden Dollar) an milit\u00e4rischer Unterst\u00fctzung und Hilfe zugesagt. Der Schritt wurde einen Tag nach der Zusage der USA bekannt gegeben, Kiew weitere 150 Millionen Dollar an <a rel=\"nofollow noopener\" target=\"_blank\" href=\"https:\/\/de.rt.com\/international\/137957-biden-kundigt-neue-waffenlieferungen-an\/\">Milit\u00e4rhilfe zukommen<\/a> zu lassen. Moskau warf dem Westen unterdessen vor, das Land mit Waffen zu &#8220;\u00fcberschwemmen&#8221;.<\/p>\n<p>Russland\u00a0ist in seinen Nachbarstaat einmarschiert, nachdem die Ukraine die 2014 unterzeichneten Minsker Abkommen nicht umgesetzt und Moskau die Donbass-Republiken Donezk und Lugansk schlie\u00dflich anerkannt hatte. Mit den von Deutschland und Frankreich vermittelten Vereinbarungen sollte den abtr\u00fcnnigen Regionen ein Sonderstatus innerhalb des ukrainischen Staates verliehen werden.\u00a0Der Kreml hat seitdem gefordert, dass die Ukraine sich offiziell als neutrales Land erkl\u00e4rt, das niemals der von den USA gef\u00fchrten NATO-Milit\u00e4rallianz beitreten wird. Kiew beharrt darauf, dass die russische Offensive v\u00f6llig unprovoziert war, und hat Behauptungen zur\u00fcckgewiesen, es plane, die beiden Republiken mit Gewalt zur\u00fcckzuerobern.<\/p>\n<p><strong>Mehr zum Thema<\/strong> &#8211; <a rel=\"nofollow noopener\" target=\"_blank\" href=\"https:\/\/rtde.site\/meinung\/137971-rede-zum-8-mai-bundeskanzler\/\">Rede zum 8. Mai: Bundeskanzler Scholz instrumentalisiert das Verm\u00e4chtnis<\/a><\/p>\n<\/div>\n<p><script async src=\"https:\/\/platform.twitter.com\/widgets.js\" charset=\"utf-8\"><\/script><br \/>\n<br \/><br \/>\n<br \/><a href=\"https:\/\/de.rt.com\/international\/138007-irische-eu-abgeordnete-sanktionen-gegen\/\">Source link <\/a><\/p>\n","protected":false},"excerpt":{"rendered":"<p>Ein Embargo auf russisches \u00d6l werde den Krieg in der Ukraine nicht beenden und auch keine Menschenleben retten, sagte die irische Europaabgeordnete Clare Daly in einer Rede\u00a0am vergangenen Freitag. Die Zeitung\u00a0Irish Independent zitierte die Politikerin mit den Worten:\u00a0 &#8220;Nicht weil ich Mitleid mit Russland habe, nicht weil ich auf der Gehaltsliste von Putin stehe, sondern [&hellip;]<\/p>\n","protected":false},"author":3,"featured_media":7242,"comment_status":"open","ping_status":"open","sticky":false,"template":"","format":"standard","meta":{"wp_automatic_camp":["217"],"2264a503ce8d602faae6e0d590bff7b4":["Irische EU-Abgeordnete: Sanktionen gegen Russland &quot;funktionieren nicht&quot;"],"original_link":["https:\/\/de.rt.com\/international\/138007-irische-eu-abgeordnete-sanktionen-gegen\/"],"_thumbnail_id":["7242"],"wp_automatic_remove_first_image":["yes"],"_wptg_p2tg_sent2tg":["2022-05-10 06:46:57"],"jnews_social_counter_last_update":["1777256220"]},"categories":[19,23],"tags":[19432,278,19431,19434,19433,126,713],"yoast_head":"<!-- This site is optimized with the Yoast SEO Premium plugin v22.7 (Yoast SEO v22.7) - https:\/\/yoast.com\/wordpress\/plugins\/seo\/ -->\n<title>Irische EU-Abgeordnete: Sanktionen gegen Russland &quot;funktionieren nicht&quot; - just-now.NEWS Deutschland<\/title>\n<meta name=\"robots\" content=\"index, follow, max-snippet:-1, max-image-preview:large, max-video-preview:-1\" \/>\n<link rel=\"canonical\" href=\"https:\/\/now-news.de\/de\/deutschland\/irische-eu-abgeordnete-sanktionen-gegen-russland-funktionieren-nicht\/\" \/>\n<meta property=\"og:locale\" content=\"de_DE\" \/>\n<meta property=\"og:type\" content=\"article\" \/>\n<meta property=\"og:title\" content=\"Irische EU-Abgeordnete: Sanktionen gegen Russland &quot;funktionieren nicht&quot;\" \/>\n<meta property=\"og:description\" content=\"Ein Embargo auf russisches \u00d6l werde den Krieg in der Ukraine nicht beenden und auch keine Menschenleben retten, sagte die irische Europaabgeordnete Clare Daly in einer Rede\u00a0am vergangenen Freitag. Die Zeitung\u00a0Irish Independent zitierte die Politikerin mit den Worten:\u00a0 &#8220;Nicht weil ich Mitleid mit Russland habe, nicht weil ich auf der Gehaltsliste von Putin stehe, sondern [&hellip;]\" \/>\n<meta property=\"og:url\" content=\"https:\/\/now-news.de\/de\/deutschland\/irische-eu-abgeordnete-sanktionen-gegen-russland-funktionieren-nicht\/\" \/>\n<meta property=\"og:site_name\" content=\"just-now.NEWS Deutschland\" \/>\n<meta property=\"article:publisher\" content=\"https:\/\/www.facebook.com\/wirmachenauf\" \/>\n<meta property=\"article:published_time\" content=\"2022-05-10T04:30:22+00:00\" \/>\n<meta property=\"og:image\" content=\"https:\/\/now-news.de\/de\/wp-content\/uploads\/sites\/3\/2022\/05\/Irische-EU-Abgeordnete-Sanktionen-gegen-Russland-quotfunktionieren-nichtquot.jpg\" \/>\n\t<meta property=\"og:image:width\" content=\"460\" \/>\n\t<meta property=\"og:image:height\" content=\"259\" \/>\n\t<meta property=\"og:image:type\" content=\"image\/jpeg\" \/>\n<meta name=\"author\" content=\"rtnews\" \/>\n<meta name=\"twitter:card\" content=\"summary_large_image\" \/>\n<meta name=\"twitter:creator\" content=\"@WirMachenAuf_de\" \/>\n<meta name=\"twitter:site\" content=\"@WirMachenAuf_de\" \/>\n<meta name=\"twitter:label1\" content=\"Verfasst von\" \/>\n\t<meta name=\"twitter:data1\" content=\"rtnews\" \/>\n\t<meta name=\"twitter:label2\" content=\"Gesch\u00e4tzte Lesezeit\" \/>\n\t<meta name=\"twitter:data2\" content=\"3\u00a0Minuten\" \/>\n<script type=\"application\/ld+json\" class=\"yoast-schema-graph\">{\"@context\":\"https:\/\/schema.org\",\"@graph\":[{\"@type\":\"Article\",\"@id\":\"https:\/\/now-news.de\/de\/deutschland\/irische-eu-abgeordnete-sanktionen-gegen-russland-funktionieren-nicht\/#article\",\"isPartOf\":{\"@id\":\"https:\/\/now-news.de\/de\/deutschland\/irische-eu-abgeordnete-sanktionen-gegen-russland-funktionieren-nicht\/\"},\"author\":{\"name\":\"rtnews\",\"@id\":\"https:\/\/now-news.de\/de\/#\/schema\/person\/fb534a4e865501d8b3285208df34a9b5\"},\"headline\":\"Irische EU-Abgeordnete: Sanktionen gegen Russland &quot;funktionieren nicht&quot;\",\"datePublished\":\"2022-05-10T04:30:22+00:00\",\"dateModified\":\"2022-05-10T04:30:22+00:00\",\"mainEntityOfPage\":{\"@id\":\"https:\/\/now-news.de\/de\/deutschland\/irische-eu-abgeordnete-sanktionen-gegen-russland-funktionieren-nicht\/\"},\"wordCount\":558,\"commentCount\":0,\"publisher\":{\"@id\":\"https:\/\/now-news.de\/de\/#organization\"},\"image\":{\"@id\":\"https:\/\/now-news.de\/de\/deutschland\/irische-eu-abgeordnete-sanktionen-gegen-russland-funktionieren-nicht\/#primaryimage\"},\"thumbnailUrl\":\"https:\/\/now-news.de\/de\/wp-content\/uploads\/sites\/3\/2022\/05\/Irische-EU-Abgeordnete-Sanktionen-gegen-Russland-quotfunktionieren-nichtquot.jpg\",\"keywords\":[\"EUAbgeordnete\",\"gegen\",\"Irische\",\"nichtquot\",\"quotfunktionieren\",\"russland\",\"Sanktionen\"],\"articleSection\":[\"Deutschland\",\"Russland\"],\"inLanguage\":\"de\",\"potentialAction\":[{\"@type\":\"CommentAction\",\"name\":\"Comment\",\"target\":[\"https:\/\/now-news.de\/de\/deutschland\/irische-eu-abgeordnete-sanktionen-gegen-russland-funktionieren-nicht\/#respond\"]}]},{\"@type\":\"WebPage\",\"@id\":\"https:\/\/now-news.de\/de\/deutschland\/irische-eu-abgeordnete-sanktionen-gegen-russland-funktionieren-nicht\/\",\"url\":\"https:\/\/now-news.de\/de\/deutschland\/irische-eu-abgeordnete-sanktionen-gegen-russland-funktionieren-nicht\/\",\"name\":\"Irische EU-Abgeordnete: Sanktionen gegen Russland &quot;funktionieren nicht&quot; - just-now.NEWS Deutschland\",\"isPartOf\":{\"@id\":\"https:\/\/now-news.de\/de\/#website\"},\"primaryImageOfPage\":{\"@id\":\"https:\/\/now-news.de\/de\/deutschland\/irische-eu-abgeordnete-sanktionen-gegen-russland-funktionieren-nicht\/#primaryimage\"},\"image\":{\"@id\":\"https:\/\/now-news.de\/de\/deutschland\/irische-eu-abgeordnete-sanktionen-gegen-russland-funktionieren-nicht\/#primaryimage\"},\"thumbnailUrl\":\"https:\/\/now-news.de\/de\/wp-content\/uploads\/sites\/3\/2022\/05\/Irische-EU-Abgeordnete-Sanktionen-gegen-Russland-quotfunktionieren-nichtquot.jpg\",\"datePublished\":\"2022-05-10T04:30:22+00:00\",\"dateModified\":\"2022-05-10T04:30:22+00:00\",\"breadcrumb\":{\"@id\":\"https:\/\/now-news.de\/de\/deutschland\/irische-eu-abgeordnete-sanktionen-gegen-russland-funktionieren-nicht\/#breadcrumb\"},\"inLanguage\":\"de\",\"potentialAction\":[{\"@type\":\"ReadAction\",\"target\":[\"https:\/\/now-news.de\/de\/deutschland\/irische-eu-abgeordnete-sanktionen-gegen-russland-funktionieren-nicht\/\"]}]},{\"@type\":\"ImageObject\",\"inLanguage\":\"de\",\"@id\":\"https:\/\/now-news.de\/de\/deutschland\/irische-eu-abgeordnete-sanktionen-gegen-russland-funktionieren-nicht\/#primaryimage\",\"url\":\"https:\/\/now-news.de\/de\/wp-content\/uploads\/sites\/3\/2022\/05\/Irische-EU-Abgeordnete-Sanktionen-gegen-Russland-quotfunktionieren-nichtquot.jpg\",\"contentUrl\":\"https:\/\/now-news.de\/de\/wp-content\/uploads\/sites\/3\/2022\/05\/Irische-EU-Abgeordnete-Sanktionen-gegen-Russland-quotfunktionieren-nichtquot.jpg\",\"width\":460,\"height\":259},{\"@type\":\"BreadcrumbList\",\"@id\":\"https:\/\/now-news.de\/de\/deutschland\/irische-eu-abgeordnete-sanktionen-gegen-russland-funktionieren-nicht\/#breadcrumb\",\"itemListElement\":[{\"@type\":\"ListItem\",\"position\":1,\"name\":\"Home\",\"item\":\"https:\/\/now-news.de\/de\/\"},{\"@type\":\"ListItem\",\"position\":2,\"name\":\"Irische EU-Abgeordnete: Sanktionen gegen Russland &quot;funktionieren nicht&quot;\"}]},{\"@type\":\"WebSite\",\"@id\":\"https:\/\/now-news.de\/de\/#website\",\"url\":\"https:\/\/now-news.de\/de\/\",\"name\":\"just-now.NEWS Deutschland\",\"description\":\"Das Portal f\u00fcr unzensierte Nachrichten aus der Welt\",\"publisher\":{\"@id\":\"https:\/\/now-news.de\/de\/#organization\"},\"potentialAction\":[{\"@type\":\"SearchAction\",\"target\":{\"@type\":\"EntryPoint\",\"urlTemplate\":\"https:\/\/now-news.de\/de\/?s={search_term_string}\"},\"query-input\":\"required name=search_term_string\"}],\"inLanguage\":\"de\"},{\"@type\":\"Organization\",\"@id\":\"https:\/\/now-news.de\/de\/#organization\",\"name\":\"Just Now News\",\"url\":\"https:\/\/now-news.de\/de\/\",\"logo\":{\"@type\":\"ImageObject\",\"inLanguage\":\"de\",\"@id\":\"https:\/\/now-news.de\/de\/#\/schema\/logo\/image\/\",\"url\":\"http:\/\/just-now.news\/de\/wp-content\/uploads\/sites\/3\/2022\/04\/logo500x500.jpg\",\"contentUrl\":\"http:\/\/just-now.news\/de\/wp-content\/uploads\/sites\/3\/2022\/04\/logo500x500.jpg\",\"width\":500,\"height\":500,\"caption\":\"Just Now News\"},\"image\":{\"@id\":\"https:\/\/now-news.de\/de\/#\/schema\/logo\/image\/\"},\"sameAs\":[\"https:\/\/www.facebook.com\/wirmachenauf\",\"https:\/\/x.com\/WirMachenAuf_de\"]},{\"@type\":\"Person\",\"@id\":\"https:\/\/now-news.de\/de\/#\/schema\/person\/fb534a4e865501d8b3285208df34a9b5\",\"name\":\"rtnews\",\"image\":{\"@type\":\"ImageObject\",\"inLanguage\":\"de\",\"@id\":\"https:\/\/now-news.de\/de\/#\/schema\/person\/image\/\",\"url\":\"https:\/\/secure.gravatar.com\/avatar\/82aafea7d8127119dd649515f56e2117?s=96&d=mm&r=g\",\"contentUrl\":\"https:\/\/secure.gravatar.com\/avatar\/82aafea7d8127119dd649515f56e2117?s=96&d=mm&r=g\",\"caption\":\"rtnews\"},\"url\":\"https:\/\/now-news.de\/de\/author\/rnews\/\"}]}<\/script>\n<!-- \/ Yoast SEO Premium plugin. -->","yoast_head_json":{"title":"Irische EU-Abgeordnete: Sanktionen gegen Russland &quot;funktionieren nicht&quot; - just-now.NEWS Deutschland","robots":{"index":"index","follow":"follow","max-snippet":"max-snippet:-1","max-image-preview":"max-image-preview:large","max-video-preview":"max-video-preview:-1"},"canonical":"https:\/\/now-news.de\/de\/deutschland\/irische-eu-abgeordnete-sanktionen-gegen-russland-funktionieren-nicht\/","og_locale":"de_DE","og_type":"article","og_title":"Irische EU-Abgeordnete: Sanktionen gegen Russland &quot;funktionieren nicht&quot;","og_description":"Ein Embargo auf russisches \u00d6l werde den Krieg in der Ukraine nicht beenden und auch keine Menschenleben retten, sagte die irische Europaabgeordnete Clare Daly in einer Rede\u00a0am vergangenen Freitag. Die Zeitung\u00a0Irish Independent zitierte die Politikerin mit den Worten:\u00a0 &#8220;Nicht weil ich Mitleid mit Russland habe, nicht weil ich auf der Gehaltsliste von Putin stehe, sondern [&hellip;]","og_url":"https:\/\/now-news.de\/de\/deutschland\/irische-eu-abgeordnete-sanktionen-gegen-russland-funktionieren-nicht\/","og_site_name":"just-now.NEWS Deutschland","article_publisher":"https:\/\/www.facebook.com\/wirmachenauf","article_published_time":"2022-05-10T04:30:22+00:00","og_image":[{"width":460,"height":259,"url":"https:\/\/now-news.de\/de\/wp-content\/uploads\/sites\/3\/2022\/05\/Irische-EU-Abgeordnete-Sanktionen-gegen-Russland-quotfunktionieren-nichtquot.jpg","type":"image\/jpeg"}],"author":"rtnews","twitter_card":"summary_large_image","twitter_creator":"@WirMachenAuf_de","twitter_site":"@WirMachenAuf_de","twitter_misc":{"Verfasst von":"rtnews","Gesch\u00e4tzte Lesezeit":"3\u00a0Minuten"},"schema":{"@context":"https:\/\/schema.org","@graph":[{"@type":"Article","@id":"https:\/\/now-news.de\/de\/deutschland\/irische-eu-abgeordnete-sanktionen-gegen-russland-funktionieren-nicht\/#article","isPartOf":{"@id":"https:\/\/now-news.de\/de\/deutschland\/irische-eu-abgeordnete-sanktionen-gegen-russland-funktionieren-nicht\/"},"author":{"name":"rtnews","@id":"https:\/\/now-news.de\/de\/#\/schema\/person\/fb534a4e865501d8b3285208df34a9b5"},"headline":"Irische EU-Abgeordnete: Sanktionen gegen Russland &quot;funktionieren nicht&quot;","datePublished":"2022-05-10T04:30:22+00:00","dateModified":"2022-05-10T04:30:22+00:00","mainEntityOfPage":{"@id":"https:\/\/now-news.de\/de\/deutschland\/irische-eu-abgeordnete-sanktionen-gegen-russland-funktionieren-nicht\/"},"wordCount":558,"commentCount":0,"publisher":{"@id":"https:\/\/now-news.de\/de\/#organization"},"image":{"@id":"https:\/\/now-news.de\/de\/deutschland\/irische-eu-abgeordnete-sanktionen-gegen-russland-funktionieren-nicht\/#primaryimage"},"thumbnailUrl":"https:\/\/now-news.de\/de\/wp-content\/uploads\/sites\/3\/2022\/05\/Irische-EU-Abgeordnete-Sanktionen-gegen-Russland-quotfunktionieren-nichtquot.jpg","keywords":["EUAbgeordnete","gegen","Irische","nichtquot","quotfunktionieren","russland","Sanktionen"],"articleSection":["Deutschland","Russland"],"inLanguage":"de","potentialAction":[{"@type":"CommentAction","name":"Comment","target":["https:\/\/now-news.de\/de\/deutschland\/irische-eu-abgeordnete-sanktionen-gegen-russland-funktionieren-nicht\/#respond"]}]},{"@type":"WebPage","@id":"https:\/\/now-news.de\/de\/deutschland\/irische-eu-abgeordnete-sanktionen-gegen-russland-funktionieren-nicht\/","url":"https:\/\/now-news.de\/de\/deutschland\/irische-eu-abgeordnete-sanktionen-gegen-russland-funktionieren-nicht\/","name":"Irische EU-Abgeordnete: Sanktionen gegen Russland &quot;funktionieren nicht&quot; - just-now.NEWS Deutschland","isPartOf":{"@id":"https:\/\/now-news.de\/de\/#website"},"primaryImageOfPage":{"@id":"https:\/\/now-news.de\/de\/deutschland\/irische-eu-abgeordnete-sanktionen-gegen-russland-funktionieren-nicht\/#primaryimage"},"image":{"@id":"https:\/\/now-news.de\/de\/deutschland\/irische-eu-abgeordnete-sanktionen-gegen-russland-funktionieren-nicht\/#primaryimage"},"thumbnailUrl":"https:\/\/now-news.de\/de\/wp-content\/uploads\/sites\/3\/2022\/05\/Irische-EU-Abgeordnete-Sanktionen-gegen-Russland-quotfunktionieren-nichtquot.jpg","datePublished":"2022-05-10T04:30:22+00:00","dateModified":"2022-05-10T04:30:22+00:00","breadcrumb":{"@id":"https:\/\/now-news.de\/de\/deutschland\/irische-eu-abgeordnete-sanktionen-gegen-russland-funktionieren-nicht\/#breadcrumb"},"inLanguage":"de","potentialAction":[{"@type":"ReadAction","target":["https:\/\/now-news.de\/de\/deutschland\/irische-eu-abgeordnete-sanktionen-gegen-russland-funktionieren-nicht\/"]}]},{"@type":"ImageObject","inLanguage":"de","@id":"https:\/\/now-news.de\/de\/deutschland\/irische-eu-abgeordnete-sanktionen-gegen-russland-funktionieren-nicht\/#primaryimage","url":"https:\/\/now-news.de\/de\/wp-content\/uploads\/sites\/3\/2022\/05\/Irische-EU-Abgeordnete-Sanktionen-gegen-Russland-quotfunktionieren-nichtquot.jpg","contentUrl":"https:\/\/now-news.de\/de\/wp-content\/uploads\/sites\/3\/2022\/05\/Irische-EU-Abgeordnete-Sanktionen-gegen-Russland-quotfunktionieren-nichtquot.jpg","width":460,"height":259},{"@type":"BreadcrumbList","@id":"https:\/\/now-news.de\/de\/deutschland\/irische-eu-abgeordnete-sanktionen-gegen-russland-funktionieren-nicht\/#breadcrumb","itemListElement":[{"@type":"ListItem","position":1,"name":"Home","item":"https:\/\/now-news.de\/de\/"},{"@type":"ListItem","position":2,"name":"Irische EU-Abgeordnete: Sanktionen gegen Russland &quot;funktionieren nicht&quot;"}]},{"@type":"WebSite","@id":"https:\/\/now-news.de\/de\/#website","url":"https:\/\/now-news.de\/de\/","name":"just-now.NEWS Deutschland","description":"Das Portal f\u00fcr unzensierte Nachrichten aus der Welt","publisher":{"@id":"https:\/\/now-news.de\/de\/#organization"},"potentialAction":[{"@type":"SearchAction","target":{"@type":"EntryPoint","urlTemplate":"https:\/\/now-news.de\/de\/?s={search_term_string}"},"query-input":"required name=search_term_string"}],"inLanguage":"de"},{"@type":"Organization","@id":"https:\/\/now-news.de\/de\/#organization","name":"Just Now News","url":"https:\/\/now-news.de\/de\/","logo":{"@type":"ImageObject","inLanguage":"de","@id":"https:\/\/now-news.de\/de\/#\/schema\/logo\/image\/","url":"http:\/\/just-now.news\/de\/wp-content\/uploads\/sites\/3\/2022\/04\/logo500x500.jpg","contentUrl":"http:\/\/just-now.news\/de\/wp-content\/uploads\/sites\/3\/2022\/04\/logo500x500.jpg","width":500,"height":500,"caption":"Just Now News"},"image":{"@id":"https:\/\/now-news.de\/de\/#\/schema\/logo\/image\/"},"sameAs":["https:\/\/www.facebook.com\/wirmachenauf","https:\/\/x.com\/WirMachenAuf_de"]},{"@type":"Person","@id":"https:\/\/now-news.de\/de\/#\/schema\/person\/fb534a4e865501d8b3285208df34a9b5","name":"rtnews","image":{"@type":"ImageObject","inLanguage":"de","@id":"https:\/\/now-news.de\/de\/#\/schema\/person\/image\/","url":"https:\/\/secure.gravatar.com\/avatar\/82aafea7d8127119dd649515f56e2117?s=96&d=mm&r=g","contentUrl":"https:\/\/secure.gravatar.com\/avatar\/82aafea7d8127119dd649515f56e2117?s=96&d=mm&r=g","caption":"rtnews"},"url":"https:\/\/now-news.de\/de\/author\/rnews\/"}]}},"_links":{"self":[{"href":"https:\/\/now-news.de\/de\/wp-json\/wp\/v2\/posts\/7241"}],"collection":[{"href":"https:\/\/now-news.de\/de\/wp-json\/wp\/v2\/posts"}],"about":[{"href":"https:\/\/now-news.de\/de\/wp-json\/wp\/v2\/types\/post"}],"author":[{"embeddable":true,"href":"https:\/\/now-news.de\/de\/wp-json\/wp\/v2\/users\/3"}],"replies":[{"embeddable":true,"href":"https:\/\/now-news.de\/de\/wp-json\/wp\/v2\/comments?post=7241"}],"version-history":[{"count":0,"href":"https:\/\/now-news.de\/de\/wp-json\/wp\/v2\/posts\/7241\/revisions"}],"wp:featuredmedia":[{"embeddable":true,"href":"https:\/\/now-news.de\/de\/wp-json\/wp\/v2\/media\/7242"}],"wp:attachment":[{"href":"https:\/\/now-news.de\/de\/wp-json\/wp\/v2\/media?parent=7241"}],"wp:term":[{"taxonomy":"category","embeddable":true,"href":"https:\/\/now-news.de\/de\/wp-json\/wp\/v2\/categories?post=7241"},{"taxonomy":"post_tag","embeddable":true,"href":"https:\/\/now-news.de\/de\/wp-json\/wp\/v2\/tags?post=7241"}],"curies":[{"name":"wp","href":"https:\/\/api.w.org\/{rel}","templated":true}]}}