{"id":72381,"date":"2024-11-11T13:45:14","date_gmt":"2024-11-11T11:45:14","guid":{"rendered":"https:\/\/now-news.de\/de\/deutschland\/politische-wende-in-deutschland-scholz-diskutiert-finnlandisierung-der-ukraine\/"},"modified":"2024-11-11T13:45:14","modified_gmt":"2024-11-11T11:45:14","slug":"politische-wende-in-deutschland-scholz-diskutiert-finnlandisierung-der-ukraine","status":"publish","type":"post","link":"https:\/\/now-news.de\/de\/deutschland\/politische-wende-in-deutschland-scholz-diskutiert-finnlandisierung-der-ukraine\/","title":{"rendered":"Politische Wende in Deutschland? \u2013 Scholz diskutiert &quot;Finnlandisierung&quot; der Ukraine"},"content":{"rendered":"<p><img decoding=\"async\" src=\"https:\/\/now-news.de\/de\/wp-content\/uploads\/sites\/3\/2024\/11\/6731dcdc48fbef0dd7035282.jpg\" \/><\/p>\n<div class=\"Text-root Text-type_1 \">\n                In Gespr\u00e4chen mit NATO-Generalsekret\u00e4r Rutte macht Bundeskanzler Scholz den Vorschlag einer &#8220;Finnlandisierung&#8221; der Ukraine. Die Idee k\u00f6nnte zu direkten Verhandlungen mit Russland f\u00fchren und zeigt einen Wandel in der politischen Stimmung in Europa und Deutschland.\n            <\/div>\n<p><\/p>\n<div class=\"Text-root Text-type_5 ArticleView-text ViewText-root \">\n<p>Bei einem Treffen mit\u00a0NATO-Generalsekret\u00e4r Mark Rutte hat Bundeskanzler Olaf Scholz die Idee einer &#8220;Finnlandisierung&#8221; der Ukraine vorgeschlagen, berichtet die Nachrichtenagentur <em>Responsible Statecraft. <\/em>Dieses Modell sieht den Verzicht der Ukraine auf eine NATO-Mitgliedschaft vor, \u00e4hnlich dem neutralen Status Finnlands w\u00e4hrend des Kalten Krieges.<\/p>\n<p>In der Publikation hei\u00dft es, die Diskussion \u00fcber eine &#8220;Finnlandisierung&#8221; zeige, wie weit sich die europ\u00e4ische Debatte von der fr\u00fcheren Maxime &#8220;alles f\u00fcr den Sieg der Ukraine&#8221; hin zu einer n\u00fcchternen Einsch\u00e4tzung der Lage vor Ort entwickelt habe. Die Agentur zitiert:\u00a0<\/p>\n<p><em>&#8220;Bundeskanzler Scholz bringt seit Monaten Ideen ins Spiel, die bis vor kurzem noch als Tabu galten \u2013 allen voran den Vorschlag direkter Verhandlungen mit Russland auf dem n\u00e4chsten Ukraine-Friedensgipfel.&#8221;<\/em><\/p>\n<p>\u00dcberdies\u00a0weist der Autor auf eine tiefe Krise im politischen Leben Deutschlands hin, da unter den gro\u00dfen deutschen Parteien eine Spaltung in der Haltung zum Ukraine-Konflikt zu beobachten sei. Das Fazit des Artikels lautet:<\/p>\n<p><em>&#8220;Selbst wenn die &#8216;Finnlandisierung&#8217; der Ukraine zur offiziellen Linie der neuen deutschen Regierung werden sollte, k\u00f6nnte der Zeitpunkt f\u00fcr ein Ende der Kampfhandlungen bereits verpasst sein.&#8221;<\/em><\/p>\n<p>Zuvor hatte Scholz mit dem designierten US-Pr\u00e4sidenten Donald Trump \u00fcber geopolitische Herausforderungen und die bilateralen Beziehungen telefoniert. Dies berichtet die Nachrichtenagentur <em>Reuters<\/em> unter Berufung auf einen Sprecher der Bundesregierung.<\/p>\n<p>Ferner betonte Scholz die Bereitschaft der Bundesregierung, die jahrzehntelange erfolgreiche Zusammenarbeit beider L\u00e4nder fortzusetzen. Man habe sich auch darauf verst\u00e4ndigt, gemeinsam an der Wiederherstellung des Friedens in Europa zu arbeiten, so der Regierungssprecher.<\/p>\n<p><strong>Mehr zum Thema <\/strong>\u2013 <a rel=\"nofollow noopener\" target=\"_blank\" href=\"https:\/\/freedert.online\/meinung\/225377-europa-wird-gezwungen-sein-sich\/\">Europa wird gezwungen sein, sich Russland zu ergeben<\/a><\/p>\n<\/div>\n<p><br \/>\n<br \/><a href=\"https:\/\/de.rt.com\/inland\/225544-politische-wende-in-deutschland-scholz-diskutiert-finnlandisierung-der-ukraine\/\">Source link <\/a><\/p>\n","protected":false},"excerpt":{"rendered":"<p>In Gespr\u00e4chen mit NATO-Generalsekret\u00e4r Rutte macht Bundeskanzler Scholz den Vorschlag einer &#8220;Finnlandisierung&#8221; der Ukraine. Die Idee k\u00f6nnte zu direkten Verhandlungen mit Russland f\u00fchren und zeigt einen Wandel in der politischen Stimmung in Europa und Deutschland. Bei einem Treffen mit\u00a0NATO-Generalsekret\u00e4r Mark Rutte hat Bundeskanzler Olaf Scholz die Idee einer &#8220;Finnlandisierung&#8221; der Ukraine vorgeschlagen, berichtet die Nachrichtenagentur [&hellip;]<\/p>\n","protected":false},"author":3,"featured_media":72382,"comment_status":"open","ping_status":"open","sticky":false,"template":"","format":"standard","meta":{"_yoast_indexnow_last_ping":["1731325752"],"wp_automatic_camp":["217"],"040a08c3e18fb249047e4ec87538ba76":["Politische Wende in Deutschland? \u2013 Scholz diskutiert &quot;Finnlandisierung&quot; der Ukraine"],"original_link":["https:\/\/de.rt.com\/inland\/225544-politische-wende-in-deutschland-scholz-diskutiert-finnlandisierung-der-ukraine\/"],"_thumbnail_id":["72382"],"_wptgpro_p2tg_sent2tg":["a:1:{i:23737;s:19:\"2024-11-11 13:50:11\";}"],"jnews_social_counter_last_update":["1777574606"]},"categories":[19,23],"tags":[82,179,20437,4434,60150,1001,127,33090],"yoast_head":"<!-- This site is optimized with the Yoast SEO Premium plugin v22.7 (Yoast SEO v22.7) - https:\/\/yoast.com\/wordpress\/plugins\/seo\/ -->\n<title>Politische Wende in Deutschland? \u2013 Scholz diskutiert &quot;Finnlandisierung&quot; der Ukraine - just-now.NEWS Deutschland<\/title>\n<meta name=\"robots\" content=\"index, follow, max-snippet:-1, max-image-preview:large, max-video-preview:-1\" \/>\n<link rel=\"canonical\" href=\"https:\/\/now-news.de\/de\/deutschland\/politische-wende-in-deutschland-scholz-diskutiert-finnlandisierung-der-ukraine\/\" \/>\n<meta property=\"og:locale\" content=\"de_DE\" \/>\n<meta property=\"og:type\" content=\"article\" \/>\n<meta property=\"og:title\" content=\"Politische Wende in Deutschland? \u2013 Scholz diskutiert &quot;Finnlandisierung&quot; der Ukraine\" \/>\n<meta property=\"og:description\" content=\"In Gespr\u00e4chen mit NATO-Generalsekret\u00e4r Rutte macht Bundeskanzler Scholz den Vorschlag einer &#8220;Finnlandisierung&#8221; der Ukraine. Die Idee k\u00f6nnte zu direkten Verhandlungen mit Russland f\u00fchren und zeigt einen Wandel in der politischen Stimmung in Europa und Deutschland. Bei einem Treffen mit\u00a0NATO-Generalsekret\u00e4r Mark Rutte hat Bundeskanzler Olaf Scholz die Idee einer &#8220;Finnlandisierung&#8221; der Ukraine vorgeschlagen, berichtet die Nachrichtenagentur [&hellip;]\" \/>\n<meta property=\"og:url\" content=\"https:\/\/now-news.de\/de\/deutschland\/politische-wende-in-deutschland-scholz-diskutiert-finnlandisierung-der-ukraine\/\" \/>\n<meta property=\"og:site_name\" content=\"just-now.NEWS Deutschland\" \/>\n<meta property=\"article:publisher\" content=\"https:\/\/www.facebook.com\/wirmachenauf\" \/>\n<meta property=\"article:published_time\" content=\"2024-11-11T11:45:14+00:00\" \/>\n<meta property=\"og:image\" content=\"https:\/\/now-news.de\/de\/wp-content\/uploads\/sites\/3\/2024\/11\/6731dcdc48fbef0dd7035282.jpg\" \/>\n<meta name=\"author\" content=\"rtnews\" \/>\n<meta name=\"twitter:card\" content=\"summary_large_image\" \/>\n<meta name=\"twitter:creator\" content=\"@WirMachenAuf_de\" \/>\n<meta name=\"twitter:site\" content=\"@WirMachenAuf_de\" \/>\n<meta name=\"twitter:label1\" content=\"Verfasst von\" \/>\n\t<meta name=\"twitter:data1\" content=\"rtnews\" \/>\n\t<meta name=\"twitter:label2\" content=\"Gesch\u00e4tzte Lesezeit\" \/>\n\t<meta name=\"twitter:data2\" content=\"2\u00a0Minuten\" \/>\n<script type=\"application\/ld+json\" class=\"yoast-schema-graph\">{\"@context\":\"https:\/\/schema.org\",\"@graph\":[{\"@type\":\"Article\",\"@id\":\"https:\/\/now-news.de\/de\/deutschland\/politische-wende-in-deutschland-scholz-diskutiert-finnlandisierung-der-ukraine\/#article\",\"isPartOf\":{\"@id\":\"https:\/\/now-news.de\/de\/deutschland\/politische-wende-in-deutschland-scholz-diskutiert-finnlandisierung-der-ukraine\/\"},\"author\":{\"name\":\"rtnews\",\"@id\":\"https:\/\/now-news.de\/de\/#\/schema\/person\/fb534a4e865501d8b3285208df34a9b5\"},\"headline\":\"Politische Wende in Deutschland? \u2013 Scholz diskutiert &quot;Finnlandisierung&quot; der Ukraine\",\"datePublished\":\"2024-11-11T11:45:14+00:00\",\"dateModified\":\"2024-11-11T11:45:14+00:00\",\"mainEntityOfPage\":{\"@id\":\"https:\/\/now-news.de\/de\/deutschland\/politische-wende-in-deutschland-scholz-diskutiert-finnlandisierung-der-ukraine\/\"},\"wordCount\":313,\"commentCount\":0,\"publisher\":{\"@id\":\"https:\/\/now-news.de\/de\/#organization\"},\"image\":{\"@id\":\"https:\/\/now-news.de\/de\/deutschland\/politische-wende-in-deutschland-scholz-diskutiert-finnlandisierung-der-ukraine\/#primaryimage\"},\"thumbnailUrl\":\"https:\/\/now-news.de\/de\/wp-content\/uploads\/sites\/3\/2024\/11\/Politische-Wende-in-Deutschland-\u2013-Scholz-diskutiert-quotFinnlandisierungquot-der-Ukraine.jpg\",\"keywords\":[\"der\",\"Deutschland\",\"diskutiert\",\"politische\",\"quotFinnlandisierungquot\",\"Scholz\",\"ukraine\",\"Wende\"],\"articleSection\":[\"Deutschland\",\"Russland\"],\"inLanguage\":\"de\",\"potentialAction\":[{\"@type\":\"CommentAction\",\"name\":\"Comment\",\"target\":[\"https:\/\/now-news.de\/de\/deutschland\/politische-wende-in-deutschland-scholz-diskutiert-finnlandisierung-der-ukraine\/#respond\"]}]},{\"@type\":\"WebPage\",\"@id\":\"https:\/\/now-news.de\/de\/deutschland\/politische-wende-in-deutschland-scholz-diskutiert-finnlandisierung-der-ukraine\/\",\"url\":\"https:\/\/now-news.de\/de\/deutschland\/politische-wende-in-deutschland-scholz-diskutiert-finnlandisierung-der-ukraine\/\",\"name\":\"Politische Wende in Deutschland? \u2013 Scholz diskutiert &quot;Finnlandisierung&quot; der Ukraine - just-now.NEWS Deutschland\",\"isPartOf\":{\"@id\":\"https:\/\/now-news.de\/de\/#website\"},\"primaryImageOfPage\":{\"@id\":\"https:\/\/now-news.de\/de\/deutschland\/politische-wende-in-deutschland-scholz-diskutiert-finnlandisierung-der-ukraine\/#primaryimage\"},\"image\":{\"@id\":\"https:\/\/now-news.de\/de\/deutschland\/politische-wende-in-deutschland-scholz-diskutiert-finnlandisierung-der-ukraine\/#primaryimage\"},\"thumbnailUrl\":\"https:\/\/now-news.de\/de\/wp-content\/uploads\/sites\/3\/2024\/11\/Politische-Wende-in-Deutschland-\u2013-Scholz-diskutiert-quotFinnlandisierungquot-der-Ukraine.jpg\",\"datePublished\":\"2024-11-11T11:45:14+00:00\",\"dateModified\":\"2024-11-11T11:45:14+00:00\",\"breadcrumb\":{\"@id\":\"https:\/\/now-news.de\/de\/deutschland\/politische-wende-in-deutschland-scholz-diskutiert-finnlandisierung-der-ukraine\/#breadcrumb\"},\"inLanguage\":\"de\",\"potentialAction\":[{\"@type\":\"ReadAction\",\"target\":[\"https:\/\/now-news.de\/de\/deutschland\/politische-wende-in-deutschland-scholz-diskutiert-finnlandisierung-der-ukraine\/\"]}]},{\"@type\":\"ImageObject\",\"inLanguage\":\"de\",\"@id\":\"https:\/\/now-news.de\/de\/deutschland\/politische-wende-in-deutschland-scholz-diskutiert-finnlandisierung-der-ukraine\/#primaryimage\",\"url\":\"https:\/\/now-news.de\/de\/wp-content\/uploads\/sites\/3\/2024\/11\/Politische-Wende-in-Deutschland-\u2013-Scholz-diskutiert-quotFinnlandisierungquot-der-Ukraine.jpg\",\"contentUrl\":\"https:\/\/now-news.de\/de\/wp-content\/uploads\/sites\/3\/2024\/11\/Politische-Wende-in-Deutschland-\u2013-Scholz-diskutiert-quotFinnlandisierungquot-der-Ukraine.jpg\",\"width\":460,\"height\":259,\"caption\":\"Politische Wende in Deutschland? \u2013 Scholz diskutiert &quot;Finnlandisierung&quot; der Ukraine\"},{\"@type\":\"BreadcrumbList\",\"@id\":\"https:\/\/now-news.de\/de\/deutschland\/politische-wende-in-deutschland-scholz-diskutiert-finnlandisierung-der-ukraine\/#breadcrumb\",\"itemListElement\":[{\"@type\":\"ListItem\",\"position\":1,\"name\":\"Home\",\"item\":\"https:\/\/now-news.de\/de\/\"},{\"@type\":\"ListItem\",\"position\":2,\"name\":\"Politische Wende in Deutschland? \u2013 Scholz diskutiert &quot;Finnlandisierung&quot; der Ukraine\"}]},{\"@type\":\"WebSite\",\"@id\":\"https:\/\/now-news.de\/de\/#website\",\"url\":\"https:\/\/now-news.de\/de\/\",\"name\":\"just-now.NEWS Deutschland\",\"description\":\"Das Portal f\u00fcr unzensierte Nachrichten aus der Welt\",\"publisher\":{\"@id\":\"https:\/\/now-news.de\/de\/#organization\"},\"potentialAction\":[{\"@type\":\"SearchAction\",\"target\":{\"@type\":\"EntryPoint\",\"urlTemplate\":\"https:\/\/now-news.de\/de\/?s={search_term_string}\"},\"query-input\":\"required name=search_term_string\"}],\"inLanguage\":\"de\"},{\"@type\":\"Organization\",\"@id\":\"https:\/\/now-news.de\/de\/#organization\",\"name\":\"Just Now News\",\"url\":\"https:\/\/now-news.de\/de\/\",\"logo\":{\"@type\":\"ImageObject\",\"inLanguage\":\"de\",\"@id\":\"https:\/\/now-news.de\/de\/#\/schema\/logo\/image\/\",\"url\":\"http:\/\/just-now.news\/de\/wp-content\/uploads\/sites\/3\/2022\/04\/logo500x500.jpg\",\"contentUrl\":\"http:\/\/just-now.news\/de\/wp-content\/uploads\/sites\/3\/2022\/04\/logo500x500.jpg\",\"width\":500,\"height\":500,\"caption\":\"Just Now News\"},\"image\":{\"@id\":\"https:\/\/now-news.de\/de\/#\/schema\/logo\/image\/\"},\"sameAs\":[\"https:\/\/www.facebook.com\/wirmachenauf\",\"https:\/\/x.com\/WirMachenAuf_de\"]},{\"@type\":\"Person\",\"@id\":\"https:\/\/now-news.de\/de\/#\/schema\/person\/fb534a4e865501d8b3285208df34a9b5\",\"name\":\"rtnews\",\"image\":{\"@type\":\"ImageObject\",\"inLanguage\":\"de\",\"@id\":\"https:\/\/now-news.de\/de\/#\/schema\/person\/image\/\",\"url\":\"https:\/\/secure.gravatar.com\/avatar\/82aafea7d8127119dd649515f56e2117?s=96&d=mm&r=g\",\"contentUrl\":\"https:\/\/secure.gravatar.com\/avatar\/82aafea7d8127119dd649515f56e2117?s=96&d=mm&r=g\",\"caption\":\"rtnews\"},\"url\":\"https:\/\/now-news.de\/de\/author\/rnews\/\"}]}<\/script>\n<!-- \/ Yoast SEO Premium plugin. -->","yoast_head_json":{"title":"Politische Wende in Deutschland? \u2013 Scholz diskutiert &quot;Finnlandisierung&quot; der Ukraine - just-now.NEWS Deutschland","robots":{"index":"index","follow":"follow","max-snippet":"max-snippet:-1","max-image-preview":"max-image-preview:large","max-video-preview":"max-video-preview:-1"},"canonical":"https:\/\/now-news.de\/de\/deutschland\/politische-wende-in-deutschland-scholz-diskutiert-finnlandisierung-der-ukraine\/","og_locale":"de_DE","og_type":"article","og_title":"Politische Wende in Deutschland? \u2013 Scholz diskutiert &quot;Finnlandisierung&quot; der Ukraine","og_description":"In Gespr\u00e4chen mit NATO-Generalsekret\u00e4r Rutte macht Bundeskanzler Scholz den Vorschlag einer &#8220;Finnlandisierung&#8221; der Ukraine. Die Idee k\u00f6nnte zu direkten Verhandlungen mit Russland f\u00fchren und zeigt einen Wandel in der politischen Stimmung in Europa und Deutschland. Bei einem Treffen mit\u00a0NATO-Generalsekret\u00e4r Mark Rutte hat Bundeskanzler Olaf Scholz die Idee einer &#8220;Finnlandisierung&#8221; der Ukraine vorgeschlagen, berichtet die Nachrichtenagentur [&hellip;]","og_url":"https:\/\/now-news.de\/de\/deutschland\/politische-wende-in-deutschland-scholz-diskutiert-finnlandisierung-der-ukraine\/","og_site_name":"just-now.NEWS Deutschland","article_publisher":"https:\/\/www.facebook.com\/wirmachenauf","article_published_time":"2024-11-11T11:45:14+00:00","og_image":[{"url":"https:\/\/now-news.de\/de\/wp-content\/uploads\/sites\/3\/2024\/11\/6731dcdc48fbef0dd7035282.jpg"}],"author":"rtnews","twitter_card":"summary_large_image","twitter_creator":"@WirMachenAuf_de","twitter_site":"@WirMachenAuf_de","twitter_misc":{"Verfasst von":"rtnews","Gesch\u00e4tzte Lesezeit":"2\u00a0Minuten"},"schema":{"@context":"https:\/\/schema.org","@graph":[{"@type":"Article","@id":"https:\/\/now-news.de\/de\/deutschland\/politische-wende-in-deutschland-scholz-diskutiert-finnlandisierung-der-ukraine\/#article","isPartOf":{"@id":"https:\/\/now-news.de\/de\/deutschland\/politische-wende-in-deutschland-scholz-diskutiert-finnlandisierung-der-ukraine\/"},"author":{"name":"rtnews","@id":"https:\/\/now-news.de\/de\/#\/schema\/person\/fb534a4e865501d8b3285208df34a9b5"},"headline":"Politische Wende in Deutschland? \u2013 Scholz diskutiert &quot;Finnlandisierung&quot; der Ukraine","datePublished":"2024-11-11T11:45:14+00:00","dateModified":"2024-11-11T11:45:14+00:00","mainEntityOfPage":{"@id":"https:\/\/now-news.de\/de\/deutschland\/politische-wende-in-deutschland-scholz-diskutiert-finnlandisierung-der-ukraine\/"},"wordCount":313,"commentCount":0,"publisher":{"@id":"https:\/\/now-news.de\/de\/#organization"},"image":{"@id":"https:\/\/now-news.de\/de\/deutschland\/politische-wende-in-deutschland-scholz-diskutiert-finnlandisierung-der-ukraine\/#primaryimage"},"thumbnailUrl":"https:\/\/now-news.de\/de\/wp-content\/uploads\/sites\/3\/2024\/11\/Politische-Wende-in-Deutschland-\u2013-Scholz-diskutiert-quotFinnlandisierungquot-der-Ukraine.jpg","keywords":["der","Deutschland","diskutiert","politische","quotFinnlandisierungquot","Scholz","ukraine","Wende"],"articleSection":["Deutschland","Russland"],"inLanguage":"de","potentialAction":[{"@type":"CommentAction","name":"Comment","target":["https:\/\/now-news.de\/de\/deutschland\/politische-wende-in-deutschland-scholz-diskutiert-finnlandisierung-der-ukraine\/#respond"]}]},{"@type":"WebPage","@id":"https:\/\/now-news.de\/de\/deutschland\/politische-wende-in-deutschland-scholz-diskutiert-finnlandisierung-der-ukraine\/","url":"https:\/\/now-news.de\/de\/deutschland\/politische-wende-in-deutschland-scholz-diskutiert-finnlandisierung-der-ukraine\/","name":"Politische Wende in Deutschland? \u2013 Scholz diskutiert &quot;Finnlandisierung&quot; der Ukraine - just-now.NEWS Deutschland","isPartOf":{"@id":"https:\/\/now-news.de\/de\/#website"},"primaryImageOfPage":{"@id":"https:\/\/now-news.de\/de\/deutschland\/politische-wende-in-deutschland-scholz-diskutiert-finnlandisierung-der-ukraine\/#primaryimage"},"image":{"@id":"https:\/\/now-news.de\/de\/deutschland\/politische-wende-in-deutschland-scholz-diskutiert-finnlandisierung-der-ukraine\/#primaryimage"},"thumbnailUrl":"https:\/\/now-news.de\/de\/wp-content\/uploads\/sites\/3\/2024\/11\/Politische-Wende-in-Deutschland-\u2013-Scholz-diskutiert-quotFinnlandisierungquot-der-Ukraine.jpg","datePublished":"2024-11-11T11:45:14+00:00","dateModified":"2024-11-11T11:45:14+00:00","breadcrumb":{"@id":"https:\/\/now-news.de\/de\/deutschland\/politische-wende-in-deutschland-scholz-diskutiert-finnlandisierung-der-ukraine\/#breadcrumb"},"inLanguage":"de","potentialAction":[{"@type":"ReadAction","target":["https:\/\/now-news.de\/de\/deutschland\/politische-wende-in-deutschland-scholz-diskutiert-finnlandisierung-der-ukraine\/"]}]},{"@type":"ImageObject","inLanguage":"de","@id":"https:\/\/now-news.de\/de\/deutschland\/politische-wende-in-deutschland-scholz-diskutiert-finnlandisierung-der-ukraine\/#primaryimage","url":"https:\/\/now-news.de\/de\/wp-content\/uploads\/sites\/3\/2024\/11\/Politische-Wende-in-Deutschland-\u2013-Scholz-diskutiert-quotFinnlandisierungquot-der-Ukraine.jpg","contentUrl":"https:\/\/now-news.de\/de\/wp-content\/uploads\/sites\/3\/2024\/11\/Politische-Wende-in-Deutschland-\u2013-Scholz-diskutiert-quotFinnlandisierungquot-der-Ukraine.jpg","width":460,"height":259,"caption":"Politische Wende in Deutschland? \u2013 Scholz diskutiert &quot;Finnlandisierung&quot; der Ukraine"},{"@type":"BreadcrumbList","@id":"https:\/\/now-news.de\/de\/deutschland\/politische-wende-in-deutschland-scholz-diskutiert-finnlandisierung-der-ukraine\/#breadcrumb","itemListElement":[{"@type":"ListItem","position":1,"name":"Home","item":"https:\/\/now-news.de\/de\/"},{"@type":"ListItem","position":2,"name":"Politische Wende in Deutschland? \u2013 Scholz diskutiert &quot;Finnlandisierung&quot; der Ukraine"}]},{"@type":"WebSite","@id":"https:\/\/now-news.de\/de\/#website","url":"https:\/\/now-news.de\/de\/","name":"just-now.NEWS Deutschland","description":"Das Portal f\u00fcr unzensierte Nachrichten aus der Welt","publisher":{"@id":"https:\/\/now-news.de\/de\/#organization"},"potentialAction":[{"@type":"SearchAction","target":{"@type":"EntryPoint","urlTemplate":"https:\/\/now-news.de\/de\/?s={search_term_string}"},"query-input":"required name=search_term_string"}],"inLanguage":"de"},{"@type":"Organization","@id":"https:\/\/now-news.de\/de\/#organization","name":"Just Now News","url":"https:\/\/now-news.de\/de\/","logo":{"@type":"ImageObject","inLanguage":"de","@id":"https:\/\/now-news.de\/de\/#\/schema\/logo\/image\/","url":"http:\/\/just-now.news\/de\/wp-content\/uploads\/sites\/3\/2022\/04\/logo500x500.jpg","contentUrl":"http:\/\/just-now.news\/de\/wp-content\/uploads\/sites\/3\/2022\/04\/logo500x500.jpg","width":500,"height":500,"caption":"Just Now News"},"image":{"@id":"https:\/\/now-news.de\/de\/#\/schema\/logo\/image\/"},"sameAs":["https:\/\/www.facebook.com\/wirmachenauf","https:\/\/x.com\/WirMachenAuf_de"]},{"@type":"Person","@id":"https:\/\/now-news.de\/de\/#\/schema\/person\/fb534a4e865501d8b3285208df34a9b5","name":"rtnews","image":{"@type":"ImageObject","inLanguage":"de","@id":"https:\/\/now-news.de\/de\/#\/schema\/person\/image\/","url":"https:\/\/secure.gravatar.com\/avatar\/82aafea7d8127119dd649515f56e2117?s=96&d=mm&r=g","contentUrl":"https:\/\/secure.gravatar.com\/avatar\/82aafea7d8127119dd649515f56e2117?s=96&d=mm&r=g","caption":"rtnews"},"url":"https:\/\/now-news.de\/de\/author\/rnews\/"}]}},"_links":{"self":[{"href":"https:\/\/now-news.de\/de\/wp-json\/wp\/v2\/posts\/72381"}],"collection":[{"href":"https:\/\/now-news.de\/de\/wp-json\/wp\/v2\/posts"}],"about":[{"href":"https:\/\/now-news.de\/de\/wp-json\/wp\/v2\/types\/post"}],"author":[{"embeddable":true,"href":"https:\/\/now-news.de\/de\/wp-json\/wp\/v2\/users\/3"}],"replies":[{"embeddable":true,"href":"https:\/\/now-news.de\/de\/wp-json\/wp\/v2\/comments?post=72381"}],"version-history":[{"count":0,"href":"https:\/\/now-news.de\/de\/wp-json\/wp\/v2\/posts\/72381\/revisions"}],"wp:featuredmedia":[{"embeddable":true,"href":"https:\/\/now-news.de\/de\/wp-json\/wp\/v2\/media\/72382"}],"wp:attachment":[{"href":"https:\/\/now-news.de\/de\/wp-json\/wp\/v2\/media?parent=72381"}],"wp:term":[{"taxonomy":"category","embeddable":true,"href":"https:\/\/now-news.de\/de\/wp-json\/wp\/v2\/categories?post=72381"},{"taxonomy":"post_tag","embeddable":true,"href":"https:\/\/now-news.de\/de\/wp-json\/wp\/v2\/tags?post=72381"}],"curies":[{"name":"wp","href":"https:\/\/api.w.org\/{rel}","templated":true}]}}