{"id":72356,"date":"2024-11-11T08:43:04","date_gmt":"2024-11-11T06:43:04","guid":{"rendered":"https:\/\/now-news.de\/de\/deutschland\/kalter-schweiss-in-bruessel-trumps-wahlsieg-sorgt-in-europa-fuer-panik\/"},"modified":"2024-11-11T08:43:04","modified_gmt":"2024-11-11T06:43:04","slug":"kalter-schweiss-in-bruessel-trumps-wahlsieg-sorgt-in-europa-fuer-panik","status":"publish","type":"post","link":"https:\/\/now-news.de\/de\/deutschland\/kalter-schweiss-in-bruessel-trumps-wahlsieg-sorgt-in-europa-fuer-panik\/","title":{"rendered":"Kalter Schwei\u00df in Br\u00fcssel: Trumps Wahlsieg sorgt in Europa f\u00fcr Panik"},"content":{"rendered":"<p><img decoding=\"async\" src=\"https:\/\/now-news.de\/de\/wp-content\/uploads\/sites\/3\/2024\/11\/6730eeeab480cc70c54bcaf9.jpg\" \/><\/p>\n<div class=\"Text-root Text-type_1 \">\n                Nach dem Wahlsieg Donald Trumps stehen die Regierungschefs der EU-Staaten vor einem doppelten Problem: Zum einen will Trump die Milit\u00e4rhilfe f\u00fcr die Ukraine beenden, zum anderen l\u00e4uft es auf einen Handelskrieg hinaus &#8211; nicht nur gegen\u00fcber China, sondern auch gegen\u00fcber der EU.\n            <\/div>\n<p><\/p>\n<div class=\"Text-root Text-type_5 ArticleView-text ViewText-root \">\n<p><em>Von Pierre L\u00e9vy<\/em><\/p>\n<p>F\u00fcr sie war es ein Schock. Die europ\u00e4ischen F\u00fchrer, die am 7. und 8. November in Budapest zu zwei aufeinanderfolgenden Gipfeltreffen zusammenkamen, hatten gerade erfahren, dass Donald Trump die US-Wahlen am 5. November gewonnen hatte. Die meisten von ihnen hatten M\u00fche, ihre Verwirrung, ihre Fassungslosigkeit und sogar ihre Angst zu verbergen.<\/p>\n<p>Sicherlich war dieses Ereignis nicht unvorhersehbar. Aber das Ausma\u00df des Triumphs des republikanischen Kandidaten, der seine Rivalin um f\u00fcnf Millionen Stimmen \u00fcbertraf, und die Mehrheit, die er dar\u00fcber hinaus in beiden Kammern des Parlaments eroberte, haben ein Szenario gezeichnet, das ihre schlimmsten Albtr\u00e4ume \u00fcbertraf.<\/p>\n<p>Ab Januar n\u00e4chsten Jahres wird also ein Mann im Wei\u00dfen Haus sitzen, der noch mehr als im Jahr 2016 damit droht, die westlichen F\u00fchrer und ihre Ideologie auf dem falschen Fu\u00df zu erwischen. Das gilt unter anderem f\u00fcr die Rolle und Zukunft der NATO, f\u00fcr die Haltung zu Umwelt und Klima sowie f\u00fcr den wirtschaftlichen und politischen Liberalismus. Kurzfristig verursachen zwei Dossiers kalten Schwei\u00df in den europ\u00e4ischen Hauptst\u00e4dten: die massive Milit\u00e4rhilfe f\u00fcr Kiew, die Trump angek\u00fcndigt hat, beenden zu wollen; und der Handelskrieg, den dieser nicht nur gegen\u00fcber China, sondern auch gegen\u00fcber der EU f\u00fchren will.<\/p>\n<p>Auch wenn der k\u00fcnftige Pr\u00e4sident teilweise unberechenbar ist, so ist es kaum wahrscheinlich, dass er diese beiden Absichten aufgeben wird, es sei denn, er will als schwach dastehen \u2013 was nicht gerade seine Art ist. Dies f\u00fchrte zu dem anonymen Kommentar eines hochrangigen Diplomaten in Br\u00fcssel:<\/p>\n<p><em>&#8220;Wir sitzen in einem Boot, das einem gewaltigen Sturm ausgesetzt sein wird<\/em>.<em>&#8221; <\/em><\/p>\n<p>Einer seiner Kollegen, der von der Website <em>Euractiv<\/em> zitiert wurde, best\u00e4tigte dies auf seine Weise:<\/p>\n<p><em>&#8220;Wir sind relativ ruhig und konzentriert und haben bis Januar Zeit, um uns so gut wie m\u00f6glich vorzubereiten.&#8221;<\/em><\/p>\n<p>Die bittere Ironie: Der Gastgeber der beiden Gipfel war kein anderer als der ungarische Premierminister.<em><\/em>Viktor Orb\u00e1n war der einzige unter seinen EU-Kollegen, der offen eine gegenteilige Meinung vertrat: Er hatte verk\u00fcndet, dass er die Champagnerflasche \u00f6ffnen w\u00fcrde, wenn sein Freund Donald Trump die Pr\u00e4sidentschaftswahl gewinnt.<em><\/em>In j\u00fcngster Zeit hatte er bereits vermehrt Dinge getan, die seine Amtskollegen als Provokationen empfanden, unter anderem bei seinen Treffen mit Wladimir Putin und Xi Jinping.<em><\/em>Einige Tage vor dem Wahlsieg von Donald Trump brachte Orb\u00e1n seine Kollegen sogar zur Wei\u00dfglut, als er meinte, dass Europa, &#8220;wenn Amerika f\u00fcr den Frieden (in der Ukraine) ist, nicht weiter Krieg f\u00fchren kann&#8221;.<\/p>\n<p>Am 7. November hatte er also den Vorsitz beim Gipfeltreffen der &#8220;Europ\u00e4ischen Politischen Gemeinschaft&#8221; (EPG) inne. Diese seltsame Institution, die 2022 auf Initiative des franz\u00f6sischen Pr\u00e4sidenten ins Leben gerufen wurde, vereint 47 europ\u00e4ische Staaten, das hei\u00dft alle L\u00e4nder des alten Kontinents, mit Ausnahme von Russland und Wei\u00dfrussland, eine doppelte Ausnahme, die implizit ihren Geist definiert. Was ihre Daseinsberechtigung angeht, so scheint nur der franz\u00f6sische Pr\u00e4sident von ihr \u00fcberzeugt zu sein, selbst nach vier Gipfeltreffen seit ihrer Gr\u00fcndung.<\/p>\n<p>Diesmal wiederholten zahlreiche Staats- und Regierungschefs \u2013 je nach Redner mehr oder weniger glaubw\u00fcrdig \u2013 im Wesentlichen dieselbe Parole: Da die USA offenbar von ihrer atlantischen Verankerung abr\u00fccken wollen, bietet sich Europa hier die gro\u00dfe Chance, seine &#8220;strategische Autonomie&#8221; zu st\u00e4rken. Ein Thema, das der franz\u00f6sische Europaminister Benjamin Haddad so zusammenfasste:<\/p>\n<p><em>&#8220;Dies muss die Stunde des strategischen Erwachens der Europ\u00e4er sein. \u2026 Es ist der beste Weg, um unser Schicksal in die Hand zu nehmen.&#8221;<\/em><\/p>\n<p>In der Rede vor seinen Amtskollegen am 7. November machte sich Emmanuel Macron mit seinem Pl\u00e4doyer zum Vorreiter der &#8220;europ\u00e4ischen Souver\u00e4nit\u00e4t&#8221;.<em><\/em>Und legte nach:<em><\/em><\/p>\n<p><em>&#8220;Donald Trump wurde vom amerikanischen Volk gew\u00e4hlt und er wird das Interesse der Amerikaner verteidigen. \u2026 Sind wir bereit, das Interesse der Europ\u00e4er zu verteidigen? &#8220;<\/em><\/p>\n<p>In Bezug auf die Ukraine stellte der Herr des \u00c9lys\u00e9e-Palasts klar: &#8220;Unser Interesse ist es, dass Russland diesen Krieg nicht gewinnt.&#8221; Macron pl\u00e4dierte daf\u00fcr, dass Europa &#8220;eine v\u00f6llig unabh\u00e4ngige Macht&#8221; werden solle, und schloss mit folgendem Bild:<\/p>\n<p><em>&#8220;Die Welt besteht aus Pflanzenfressern und Fleischfressern.\u00a0Wenn wir uns entscheiden, Pflanzenfresser zu bleiben, werden die Fleischfresser gewinnen und wir werden ein Markt f\u00fcr sie sein.&#8221;<\/em><\/p>\n<p>Der griechische Premierminister Kyriakos Mitsotakis polterte: &#8220;Es ist an der Zeit, dass wir aus unserer geopolitischen Naivit\u00e4t aufwachen und uns zus\u00e4tzliche Mittel an die Hand geben, um (unsere) Wettbewerbs- und Verteidigungsprobleme\u00a0zu l\u00f6sen.&#8221; Sein polnischer Amtskollege\u00a0Donald Tusk forderte Europa auf, &#8220;endlich zu wachsen und an seine eigene St\u00e4rke zu glauben&#8221;. Der Pr\u00e4sident des Europ\u00e4ischen Rates, Charles Michel, meinte gar: &#8220;Es ist eine Minute vor Mitternacht, wir m\u00fcssen jetzt handeln.&#8221;<\/p>\n<p>Die Pr\u00e4sidentin der Europ\u00e4ischen Kommission, Ursula von der Leyen, wollte dem nat\u00fcrlich nicht nachstehen:<\/p>\n<p><em>&#8220;Die Zukunft Europas liegt in unseren H\u00e4nden, wir m\u00fcssen jetzt handeln. <\/em>\u2026 <em>Kein Mitgliedstaat ist in der Lage, allein auf die globalen Herausforderungen zu reagieren.&#8221;<\/em><\/p>\n<p>Die europ\u00e4ischen F\u00fchrer stehen jedoch vor einem doppelten Problem. Einerseits durchziehen Mahnungen wie &#8220;Wir m\u00fcssen unser Schicksal selbst in die Hand nehmen, jetzt oder nie&#8221; seit Langem die offiziellen Reden. Das war zum Beispiel schon der Fall, als Donald Trump vor acht Jahren zum ersten Mal gew\u00e4hlt wurde. Eigentlich ist diese Tonlage noch viel \u00e4lter. Schon bei den Referenden in Frankreich und den Niederlanden 1992 \u00fcber den Vertrag von Maastricht riefen die Ja-Sager dazu auf, &#8220;ein von den USA unabh\u00e4ngiges Europa zu erm\u00f6glichen&#8221;.<\/p>\n<p>Andererseits setzt der Mythos eines &#8220;unabh\u00e4ngigen Europas&#8221; implizit voraus, dass die Interessen der Mitgliedsstaaten identisch oder zumindest konvergent sind. Dies ist nicht der Fall, weder in der Vergangenheit noch heute. Um nur eines von tausend Beispielen zu nennen: Selbst zwischen Frankreich und Deutschland sind die Wirtschaftsstrukturen so unterschiedlich (etwa das Gewicht der Exporte, der Industrie, der Landwirtschaft), dass sich Paris und Berlin in zahlreichen Fragen, etwa den Handelsbeziehungen mit China oder dem Freihandelsabkommen mit den Mercosur-Staaten, gegen\u00fcberstehen. Man k\u00f6nnte auch die politische Geschichte anf\u00fchren, die auf beiden Seiten des Rheins zu einem unterschiedlichen Verst\u00e4ndnis der transatlantischen Beziehungen gef\u00fchrt hat.<\/p>\n<p>Beim zweiten Gipfeltreffen am 8. November handelte es sich um einen informellen Europ\u00e4ischen Rat, an dem also nur die 27 Staats- und Regierungschefs der EU teilnahmen. Diese hatten beschlossen, sich auf die &#8220;Wettbewerbsf\u00e4higkeit&#8221; des Blocks zu konzentrieren \u2013 ein Thema, das ihnen gro\u00dfe Sorgen bereitet. Insbesondere seit Mario Draghi, der ehemalige italienische Ministerpr\u00e4sident, im September einen Bericht zu diesem Thema vorgelegt hatte.<\/p>\n<p>Der ehemalige Pr\u00e4sident der Europ\u00e4ischen Zentralbank schlug Alarm: Der EU drohe eine &#8220;langsame Agonie&#8221;, wenn nicht bald Reformen (beispielsweise in Bezug auf den Binnenmarkt, den Kapitalmarkt, die Energiepolitik oder regulatorische Auflagen) eingeleitet w\u00fcrden.<\/p>\n<p>Das Treffen brachte eine &#8220;Budapester Erkl\u00e4rung&#8221; hervor, die als &#8220;neuer europ\u00e4ischer Pakt f\u00fcr Wettbewerbsf\u00e4higkeit&#8221; bezeichnet wird und die Warnungen Draghis aufgreift und best\u00e4tigt. Aber auch hier werden die Interessengegens\u00e4tze viele der Vorschl\u00e4ge des Berichterstatters blockieren, angefangen bei der Mobilisierung von 800 Milliarden Euro \u2013 einer gigantischen Summe \u2013 f\u00fcr Investitionen in den digitalen Sektor, die &#8220;gr\u00fcne Transformation&#8221; und die R\u00fcstungsindustrie.<\/p>\n<p>Die 27 EU-Staaten haben die Europ\u00e4ische Kommission beauftragt, eine Reihe von &#8220;Road Maps&#8221; f\u00fcr diese Bereiche vorzulegen. Die Bef\u00fcrworter der europ\u00e4ischen Integration haben aber wirklich viel Pech. Sie sto\u00dfen nicht nur auf strukturelle Widerspr\u00fcche, sondern die beiden gr\u00f6\u00dften EU-L\u00e4nder sind derzeit auch mit interner politischer Instabilit\u00e4t konfrontiert. Die deutsche Regierung hat keine parlamentarische Mehrheit mehr; das Land steuert auf vorgezogene Neuwahlen zu. Und in Paris ist die Regierung durch ein beispielloses Chaos in der Nationalversammlung gel\u00e4hmt; eine Situation, die den Staatschef erheblich schw\u00e4cht. Man k\u00f6nnte hinzuf\u00fcgen, dass auch in Spanien, der viertgr\u00f6\u00dften Volkswirtschaft der Eurozone, der Ministerpr\u00e4sident kaum noch eine Mehrheit hat.<\/p>\n<p>Im Gegensatz dazu verf\u00fcgt die ungarische Regierung \u00fcber eine sehr breite parlamentarische Unterst\u00fctzung. Kein Grund zur Beruhigung f\u00fcr Br\u00fcssel.<\/p>\n<p><strong>Mehr zum Thema<\/strong> &#8211; <a rel=\"nofollow noopener\" target=\"_blank\" href=\"https:\/\/freedert.online\/europa\/212132-falsche-hoffnungen-beitritt-ukraine-wuerde\/\">Falsche Hoffnungen: Ein Beitritt der Ukraine w\u00fcrde diese EU zerrei\u00dfen<\/a><\/p>\n<div class=\"EmbedBlock-root EmbedBlock-externalVideo EmbedBlock-rumble\">\n<div class=\"VkEmbed\"><iframe class=\"lazyload\" data-src=\"https:\/\/rumble.com\/embed\/v5kjnnk\" frameborder=\"0\" width=\"853\" height=\"480\" allowfullscreen><\/iframe><\/div>\n<\/div>\n<\/div>\n<p><br \/>\n<br \/><a href=\"https:\/\/de.rt.com\/europa\/225480-kalter-schweiss-in-bruessel-trumps\/\">Source link <\/a><\/p>\n","protected":false},"excerpt":{"rendered":"<p>Nach dem Wahlsieg Donald Trumps stehen die Regierungschefs der EU-Staaten vor einem doppelten Problem: Zum einen will Trump die Milit\u00e4rhilfe f\u00fcr die Ukraine beenden, zum anderen l\u00e4uft es auf einen Handelskrieg hinaus &#8211; nicht nur gegen\u00fcber China, sondern auch gegen\u00fcber der EU. Von Pierre L\u00e9vy F\u00fcr sie war es ein Schock. Die europ\u00e4ischen F\u00fchrer, die [&hellip;]<\/p>\n","protected":false},"author":3,"featured_media":72357,"comment_status":"open","ping_status":"open","sticky":false,"template":"","format":"standard","meta":{"_yoast_indexnow_last_ping":["1731308364"],"wp_automatic_camp":["217"],"18ba71adca02da2ce99a7d273d58ba17":["Kalter Schwei\u00df in Br\u00fcssel: Trumps Wahlsieg sorgt in Europa f\u00fcr Panik"],"original_link":["https:\/\/de.rt.com\/europa\/225480-kalter-schweiss-in-bruessel-trumps\/"],"_thumbnail_id":["72357"],"_wptgpro_p2tg_sent2tg":["a:1:{i:23737;s:19:\"2024-11-11 09:00:27\";}"],"jnews_social_counter_last_update":["1777182943"]},"categories":[19,23],"tags":[17026,1370,221,1806,3379,60140,23727,317,9971],"yoast_head":"<!-- This site is optimized with the Yoast SEO Premium plugin v22.7 (Yoast SEO v22.7) - https:\/\/yoast.com\/wordpress\/plugins\/seo\/ -->\n<title>Kalter Schwei\u00df in Br\u00fcssel: Trumps Wahlsieg sorgt in Europa f\u00fcr Panik - just-now.NEWS Deutschland<\/title>\n<meta name=\"robots\" content=\"index, follow, max-snippet:-1, max-image-preview:large, max-video-preview:-1\" \/>\n<link rel=\"canonical\" href=\"https:\/\/now-news.de\/de\/deutschland\/kalter-schweiss-in-bruessel-trumps-wahlsieg-sorgt-in-europa-fuer-panik\/\" \/>\n<meta property=\"og:locale\" content=\"de_DE\" \/>\n<meta property=\"og:type\" content=\"article\" \/>\n<meta property=\"og:title\" content=\"Kalter Schwei\u00df in Br\u00fcssel: Trumps Wahlsieg sorgt in Europa f\u00fcr Panik\" \/>\n<meta property=\"og:description\" content=\"Nach dem Wahlsieg Donald Trumps stehen die Regierungschefs der EU-Staaten vor einem doppelten Problem: Zum einen will Trump die Milit\u00e4rhilfe f\u00fcr die Ukraine beenden, zum anderen l\u00e4uft es auf einen Handelskrieg hinaus &#8211; nicht nur gegen\u00fcber China, sondern auch gegen\u00fcber der EU. Von Pierre L\u00e9vy F\u00fcr sie war es ein Schock. Die europ\u00e4ischen F\u00fchrer, die [&hellip;]\" \/>\n<meta property=\"og:url\" content=\"https:\/\/now-news.de\/de\/deutschland\/kalter-schweiss-in-bruessel-trumps-wahlsieg-sorgt-in-europa-fuer-panik\/\" \/>\n<meta property=\"og:site_name\" content=\"just-now.NEWS Deutschland\" \/>\n<meta property=\"article:publisher\" content=\"https:\/\/www.facebook.com\/wirmachenauf\" \/>\n<meta property=\"article:published_time\" content=\"2024-11-11T06:43:04+00:00\" \/>\n<meta property=\"og:image\" content=\"https:\/\/now-news.de\/de\/wp-content\/uploads\/sites\/3\/2024\/11\/6730eeeab480cc70c54bcaf9.jpg\" \/>\n<meta name=\"author\" content=\"rtnews\" \/>\n<meta name=\"twitter:card\" content=\"summary_large_image\" \/>\n<meta name=\"twitter:creator\" content=\"@WirMachenAuf_de\" \/>\n<meta name=\"twitter:site\" content=\"@WirMachenAuf_de\" \/>\n<meta name=\"twitter:label1\" content=\"Verfasst von\" \/>\n\t<meta name=\"twitter:data1\" content=\"rtnews\" \/>\n\t<meta name=\"twitter:label2\" content=\"Gesch\u00e4tzte Lesezeit\" \/>\n\t<meta name=\"twitter:data2\" content=\"7\u00a0Minuten\" \/>\n<script type=\"application\/ld+json\" class=\"yoast-schema-graph\">{\"@context\":\"https:\/\/schema.org\",\"@graph\":[{\"@type\":\"Article\",\"@id\":\"https:\/\/now-news.de\/de\/deutschland\/kalter-schweiss-in-bruessel-trumps-wahlsieg-sorgt-in-europa-fuer-panik\/#article\",\"isPartOf\":{\"@id\":\"https:\/\/now-news.de\/de\/deutschland\/kalter-schweiss-in-bruessel-trumps-wahlsieg-sorgt-in-europa-fuer-panik\/\"},\"author\":{\"name\":\"rtnews\",\"@id\":\"https:\/\/now-news.de\/de\/#\/schema\/person\/fb534a4e865501d8b3285208df34a9b5\"},\"headline\":\"Kalter Schwei\u00df in Br\u00fcssel: Trumps Wahlsieg sorgt in Europa f\u00fcr Panik\",\"datePublished\":\"2024-11-11T06:43:04+00:00\",\"dateModified\":\"2024-11-11T06:43:04+00:00\",\"mainEntityOfPage\":{\"@id\":\"https:\/\/now-news.de\/de\/deutschland\/kalter-schweiss-in-bruessel-trumps-wahlsieg-sorgt-in-europa-fuer-panik\/\"},\"wordCount\":1404,\"commentCount\":0,\"publisher\":{\"@id\":\"https:\/\/now-news.de\/de\/#organization\"},\"image\":{\"@id\":\"https:\/\/now-news.de\/de\/deutschland\/kalter-schweiss-in-bruessel-trumps-wahlsieg-sorgt-in-europa-fuer-panik\/#primaryimage\"},\"thumbnailUrl\":\"https:\/\/now-news.de\/de\/wp-content\/uploads\/sites\/3\/2024\/11\/Kalter-Schweiss-in-Bruessel-Trumps-Wahlsieg-sorgt-in-Europa-fuer.jpg\",\"keywords\":[\"Br\u00fcssel\",\"Europa\",\"f\u00fcr\",\"Kalter\",\"Panik\",\"Schwei\u00df\",\"sorgt\",\"Trumps\",\"Wahlsieg\"],\"articleSection\":[\"Deutschland\",\"Russland\"],\"inLanguage\":\"de\",\"potentialAction\":[{\"@type\":\"CommentAction\",\"name\":\"Comment\",\"target\":[\"https:\/\/now-news.de\/de\/deutschland\/kalter-schweiss-in-bruessel-trumps-wahlsieg-sorgt-in-europa-fuer-panik\/#respond\"]}]},{\"@type\":\"WebPage\",\"@id\":\"https:\/\/now-news.de\/de\/deutschland\/kalter-schweiss-in-bruessel-trumps-wahlsieg-sorgt-in-europa-fuer-panik\/\",\"url\":\"https:\/\/now-news.de\/de\/deutschland\/kalter-schweiss-in-bruessel-trumps-wahlsieg-sorgt-in-europa-fuer-panik\/\",\"name\":\"Kalter Schwei\u00df in Br\u00fcssel: Trumps Wahlsieg sorgt in Europa f\u00fcr Panik - just-now.NEWS Deutschland\",\"isPartOf\":{\"@id\":\"https:\/\/now-news.de\/de\/#website\"},\"primaryImageOfPage\":{\"@id\":\"https:\/\/now-news.de\/de\/deutschland\/kalter-schweiss-in-bruessel-trumps-wahlsieg-sorgt-in-europa-fuer-panik\/#primaryimage\"},\"image\":{\"@id\":\"https:\/\/now-news.de\/de\/deutschland\/kalter-schweiss-in-bruessel-trumps-wahlsieg-sorgt-in-europa-fuer-panik\/#primaryimage\"},\"thumbnailUrl\":\"https:\/\/now-news.de\/de\/wp-content\/uploads\/sites\/3\/2024\/11\/Kalter-Schweiss-in-Bruessel-Trumps-Wahlsieg-sorgt-in-Europa-fuer.jpg\",\"datePublished\":\"2024-11-11T06:43:04+00:00\",\"dateModified\":\"2024-11-11T06:43:04+00:00\",\"breadcrumb\":{\"@id\":\"https:\/\/now-news.de\/de\/deutschland\/kalter-schweiss-in-bruessel-trumps-wahlsieg-sorgt-in-europa-fuer-panik\/#breadcrumb\"},\"inLanguage\":\"de\",\"potentialAction\":[{\"@type\":\"ReadAction\",\"target\":[\"https:\/\/now-news.de\/de\/deutschland\/kalter-schweiss-in-bruessel-trumps-wahlsieg-sorgt-in-europa-fuer-panik\/\"]}]},{\"@type\":\"ImageObject\",\"inLanguage\":\"de\",\"@id\":\"https:\/\/now-news.de\/de\/deutschland\/kalter-schweiss-in-bruessel-trumps-wahlsieg-sorgt-in-europa-fuer-panik\/#primaryimage\",\"url\":\"https:\/\/now-news.de\/de\/wp-content\/uploads\/sites\/3\/2024\/11\/Kalter-Schweiss-in-Bruessel-Trumps-Wahlsieg-sorgt-in-Europa-fuer.jpg\",\"contentUrl\":\"https:\/\/now-news.de\/de\/wp-content\/uploads\/sites\/3\/2024\/11\/Kalter-Schweiss-in-Bruessel-Trumps-Wahlsieg-sorgt-in-Europa-fuer.jpg\",\"width\":460,\"height\":259,\"caption\":\"Kalter Schwei\u00df in Br\u00fcssel: Trumps Wahlsieg sorgt in Europa f\u00fcr Panik\"},{\"@type\":\"BreadcrumbList\",\"@id\":\"https:\/\/now-news.de\/de\/deutschland\/kalter-schweiss-in-bruessel-trumps-wahlsieg-sorgt-in-europa-fuer-panik\/#breadcrumb\",\"itemListElement\":[{\"@type\":\"ListItem\",\"position\":1,\"name\":\"Home\",\"item\":\"https:\/\/now-news.de\/de\/\"},{\"@type\":\"ListItem\",\"position\":2,\"name\":\"Kalter Schwei\u00df in Br\u00fcssel: Trumps Wahlsieg sorgt in Europa f\u00fcr Panik\"}]},{\"@type\":\"WebSite\",\"@id\":\"https:\/\/now-news.de\/de\/#website\",\"url\":\"https:\/\/now-news.de\/de\/\",\"name\":\"just-now.NEWS Deutschland\",\"description\":\"Das Portal f\u00fcr unzensierte Nachrichten aus der Welt\",\"publisher\":{\"@id\":\"https:\/\/now-news.de\/de\/#organization\"},\"potentialAction\":[{\"@type\":\"SearchAction\",\"target\":{\"@type\":\"EntryPoint\",\"urlTemplate\":\"https:\/\/now-news.de\/de\/?s={search_term_string}\"},\"query-input\":\"required name=search_term_string\"}],\"inLanguage\":\"de\"},{\"@type\":\"Organization\",\"@id\":\"https:\/\/now-news.de\/de\/#organization\",\"name\":\"Just Now News\",\"url\":\"https:\/\/now-news.de\/de\/\",\"logo\":{\"@type\":\"ImageObject\",\"inLanguage\":\"de\",\"@id\":\"https:\/\/now-news.de\/de\/#\/schema\/logo\/image\/\",\"url\":\"http:\/\/just-now.news\/de\/wp-content\/uploads\/sites\/3\/2022\/04\/logo500x500.jpg\",\"contentUrl\":\"http:\/\/just-now.news\/de\/wp-content\/uploads\/sites\/3\/2022\/04\/logo500x500.jpg\",\"width\":500,\"height\":500,\"caption\":\"Just Now News\"},\"image\":{\"@id\":\"https:\/\/now-news.de\/de\/#\/schema\/logo\/image\/\"},\"sameAs\":[\"https:\/\/www.facebook.com\/wirmachenauf\",\"https:\/\/x.com\/WirMachenAuf_de\"]},{\"@type\":\"Person\",\"@id\":\"https:\/\/now-news.de\/de\/#\/schema\/person\/fb534a4e865501d8b3285208df34a9b5\",\"name\":\"rtnews\",\"image\":{\"@type\":\"ImageObject\",\"inLanguage\":\"de\",\"@id\":\"https:\/\/now-news.de\/de\/#\/schema\/person\/image\/\",\"url\":\"https:\/\/secure.gravatar.com\/avatar\/82aafea7d8127119dd649515f56e2117?s=96&d=mm&r=g\",\"contentUrl\":\"https:\/\/secure.gravatar.com\/avatar\/82aafea7d8127119dd649515f56e2117?s=96&d=mm&r=g\",\"caption\":\"rtnews\"},\"url\":\"https:\/\/now-news.de\/de\/author\/rnews\/\"}]}<\/script>\n<!-- \/ Yoast SEO Premium plugin. -->","yoast_head_json":{"title":"Kalter Schwei\u00df in Br\u00fcssel: Trumps Wahlsieg sorgt in Europa f\u00fcr Panik - just-now.NEWS Deutschland","robots":{"index":"index","follow":"follow","max-snippet":"max-snippet:-1","max-image-preview":"max-image-preview:large","max-video-preview":"max-video-preview:-1"},"canonical":"https:\/\/now-news.de\/de\/deutschland\/kalter-schweiss-in-bruessel-trumps-wahlsieg-sorgt-in-europa-fuer-panik\/","og_locale":"de_DE","og_type":"article","og_title":"Kalter Schwei\u00df in Br\u00fcssel: Trumps Wahlsieg sorgt in Europa f\u00fcr Panik","og_description":"Nach dem Wahlsieg Donald Trumps stehen die Regierungschefs der EU-Staaten vor einem doppelten Problem: Zum einen will Trump die Milit\u00e4rhilfe f\u00fcr die Ukraine beenden, zum anderen l\u00e4uft es auf einen Handelskrieg hinaus &#8211; nicht nur gegen\u00fcber China, sondern auch gegen\u00fcber der EU. Von Pierre L\u00e9vy F\u00fcr sie war es ein Schock. Die europ\u00e4ischen F\u00fchrer, die [&hellip;]","og_url":"https:\/\/now-news.de\/de\/deutschland\/kalter-schweiss-in-bruessel-trumps-wahlsieg-sorgt-in-europa-fuer-panik\/","og_site_name":"just-now.NEWS Deutschland","article_publisher":"https:\/\/www.facebook.com\/wirmachenauf","article_published_time":"2024-11-11T06:43:04+00:00","og_image":[{"url":"https:\/\/now-news.de\/de\/wp-content\/uploads\/sites\/3\/2024\/11\/6730eeeab480cc70c54bcaf9.jpg"}],"author":"rtnews","twitter_card":"summary_large_image","twitter_creator":"@WirMachenAuf_de","twitter_site":"@WirMachenAuf_de","twitter_misc":{"Verfasst von":"rtnews","Gesch\u00e4tzte Lesezeit":"7\u00a0Minuten"},"schema":{"@context":"https:\/\/schema.org","@graph":[{"@type":"Article","@id":"https:\/\/now-news.de\/de\/deutschland\/kalter-schweiss-in-bruessel-trumps-wahlsieg-sorgt-in-europa-fuer-panik\/#article","isPartOf":{"@id":"https:\/\/now-news.de\/de\/deutschland\/kalter-schweiss-in-bruessel-trumps-wahlsieg-sorgt-in-europa-fuer-panik\/"},"author":{"name":"rtnews","@id":"https:\/\/now-news.de\/de\/#\/schema\/person\/fb534a4e865501d8b3285208df34a9b5"},"headline":"Kalter Schwei\u00df in Br\u00fcssel: Trumps Wahlsieg sorgt in Europa f\u00fcr Panik","datePublished":"2024-11-11T06:43:04+00:00","dateModified":"2024-11-11T06:43:04+00:00","mainEntityOfPage":{"@id":"https:\/\/now-news.de\/de\/deutschland\/kalter-schweiss-in-bruessel-trumps-wahlsieg-sorgt-in-europa-fuer-panik\/"},"wordCount":1404,"commentCount":0,"publisher":{"@id":"https:\/\/now-news.de\/de\/#organization"},"image":{"@id":"https:\/\/now-news.de\/de\/deutschland\/kalter-schweiss-in-bruessel-trumps-wahlsieg-sorgt-in-europa-fuer-panik\/#primaryimage"},"thumbnailUrl":"https:\/\/now-news.de\/de\/wp-content\/uploads\/sites\/3\/2024\/11\/Kalter-Schweiss-in-Bruessel-Trumps-Wahlsieg-sorgt-in-Europa-fuer.jpg","keywords":["Br\u00fcssel","Europa","f\u00fcr","Kalter","Panik","Schwei\u00df","sorgt","Trumps","Wahlsieg"],"articleSection":["Deutschland","Russland"],"inLanguage":"de","potentialAction":[{"@type":"CommentAction","name":"Comment","target":["https:\/\/now-news.de\/de\/deutschland\/kalter-schweiss-in-bruessel-trumps-wahlsieg-sorgt-in-europa-fuer-panik\/#respond"]}]},{"@type":"WebPage","@id":"https:\/\/now-news.de\/de\/deutschland\/kalter-schweiss-in-bruessel-trumps-wahlsieg-sorgt-in-europa-fuer-panik\/","url":"https:\/\/now-news.de\/de\/deutschland\/kalter-schweiss-in-bruessel-trumps-wahlsieg-sorgt-in-europa-fuer-panik\/","name":"Kalter Schwei\u00df in Br\u00fcssel: Trumps Wahlsieg sorgt in Europa f\u00fcr Panik - just-now.NEWS Deutschland","isPartOf":{"@id":"https:\/\/now-news.de\/de\/#website"},"primaryImageOfPage":{"@id":"https:\/\/now-news.de\/de\/deutschland\/kalter-schweiss-in-bruessel-trumps-wahlsieg-sorgt-in-europa-fuer-panik\/#primaryimage"},"image":{"@id":"https:\/\/now-news.de\/de\/deutschland\/kalter-schweiss-in-bruessel-trumps-wahlsieg-sorgt-in-europa-fuer-panik\/#primaryimage"},"thumbnailUrl":"https:\/\/now-news.de\/de\/wp-content\/uploads\/sites\/3\/2024\/11\/Kalter-Schweiss-in-Bruessel-Trumps-Wahlsieg-sorgt-in-Europa-fuer.jpg","datePublished":"2024-11-11T06:43:04+00:00","dateModified":"2024-11-11T06:43:04+00:00","breadcrumb":{"@id":"https:\/\/now-news.de\/de\/deutschland\/kalter-schweiss-in-bruessel-trumps-wahlsieg-sorgt-in-europa-fuer-panik\/#breadcrumb"},"inLanguage":"de","potentialAction":[{"@type":"ReadAction","target":["https:\/\/now-news.de\/de\/deutschland\/kalter-schweiss-in-bruessel-trumps-wahlsieg-sorgt-in-europa-fuer-panik\/"]}]},{"@type":"ImageObject","inLanguage":"de","@id":"https:\/\/now-news.de\/de\/deutschland\/kalter-schweiss-in-bruessel-trumps-wahlsieg-sorgt-in-europa-fuer-panik\/#primaryimage","url":"https:\/\/now-news.de\/de\/wp-content\/uploads\/sites\/3\/2024\/11\/Kalter-Schweiss-in-Bruessel-Trumps-Wahlsieg-sorgt-in-Europa-fuer.jpg","contentUrl":"https:\/\/now-news.de\/de\/wp-content\/uploads\/sites\/3\/2024\/11\/Kalter-Schweiss-in-Bruessel-Trumps-Wahlsieg-sorgt-in-Europa-fuer.jpg","width":460,"height":259,"caption":"Kalter Schwei\u00df in Br\u00fcssel: Trumps Wahlsieg sorgt in Europa f\u00fcr Panik"},{"@type":"BreadcrumbList","@id":"https:\/\/now-news.de\/de\/deutschland\/kalter-schweiss-in-bruessel-trumps-wahlsieg-sorgt-in-europa-fuer-panik\/#breadcrumb","itemListElement":[{"@type":"ListItem","position":1,"name":"Home","item":"https:\/\/now-news.de\/de\/"},{"@type":"ListItem","position":2,"name":"Kalter Schwei\u00df in Br\u00fcssel: Trumps Wahlsieg sorgt in Europa f\u00fcr Panik"}]},{"@type":"WebSite","@id":"https:\/\/now-news.de\/de\/#website","url":"https:\/\/now-news.de\/de\/","name":"just-now.NEWS Deutschland","description":"Das Portal f\u00fcr unzensierte Nachrichten aus der Welt","publisher":{"@id":"https:\/\/now-news.de\/de\/#organization"},"potentialAction":[{"@type":"SearchAction","target":{"@type":"EntryPoint","urlTemplate":"https:\/\/now-news.de\/de\/?s={search_term_string}"},"query-input":"required name=search_term_string"}],"inLanguage":"de"},{"@type":"Organization","@id":"https:\/\/now-news.de\/de\/#organization","name":"Just Now News","url":"https:\/\/now-news.de\/de\/","logo":{"@type":"ImageObject","inLanguage":"de","@id":"https:\/\/now-news.de\/de\/#\/schema\/logo\/image\/","url":"http:\/\/just-now.news\/de\/wp-content\/uploads\/sites\/3\/2022\/04\/logo500x500.jpg","contentUrl":"http:\/\/just-now.news\/de\/wp-content\/uploads\/sites\/3\/2022\/04\/logo500x500.jpg","width":500,"height":500,"caption":"Just Now News"},"image":{"@id":"https:\/\/now-news.de\/de\/#\/schema\/logo\/image\/"},"sameAs":["https:\/\/www.facebook.com\/wirmachenauf","https:\/\/x.com\/WirMachenAuf_de"]},{"@type":"Person","@id":"https:\/\/now-news.de\/de\/#\/schema\/person\/fb534a4e865501d8b3285208df34a9b5","name":"rtnews","image":{"@type":"ImageObject","inLanguage":"de","@id":"https:\/\/now-news.de\/de\/#\/schema\/person\/image\/","url":"https:\/\/secure.gravatar.com\/avatar\/82aafea7d8127119dd649515f56e2117?s=96&d=mm&r=g","contentUrl":"https:\/\/secure.gravatar.com\/avatar\/82aafea7d8127119dd649515f56e2117?s=96&d=mm&r=g","caption":"rtnews"},"url":"https:\/\/now-news.de\/de\/author\/rnews\/"}]}},"_links":{"self":[{"href":"https:\/\/now-news.de\/de\/wp-json\/wp\/v2\/posts\/72356"}],"collection":[{"href":"https:\/\/now-news.de\/de\/wp-json\/wp\/v2\/posts"}],"about":[{"href":"https:\/\/now-news.de\/de\/wp-json\/wp\/v2\/types\/post"}],"author":[{"embeddable":true,"href":"https:\/\/now-news.de\/de\/wp-json\/wp\/v2\/users\/3"}],"replies":[{"embeddable":true,"href":"https:\/\/now-news.de\/de\/wp-json\/wp\/v2\/comments?post=72356"}],"version-history":[{"count":0,"href":"https:\/\/now-news.de\/de\/wp-json\/wp\/v2\/posts\/72356\/revisions"}],"wp:featuredmedia":[{"embeddable":true,"href":"https:\/\/now-news.de\/de\/wp-json\/wp\/v2\/media\/72357"}],"wp:attachment":[{"href":"https:\/\/now-news.de\/de\/wp-json\/wp\/v2\/media?parent=72356"}],"wp:term":[{"taxonomy":"category","embeddable":true,"href":"https:\/\/now-news.de\/de\/wp-json\/wp\/v2\/categories?post=72356"},{"taxonomy":"post_tag","embeddable":true,"href":"https:\/\/now-news.de\/de\/wp-json\/wp\/v2\/tags?post=72356"}],"curies":[{"name":"wp","href":"https:\/\/api.w.org\/{rel}","templated":true}]}}