{"id":72324,"date":"2024-11-10T11:59:56","date_gmt":"2024-11-10T09:59:56","guid":{"rendered":"https:\/\/now-news.de\/de\/deutschland\/wagenknecht-warnt-bsw-vor-verrat-an-waehlern\/"},"modified":"2024-11-10T11:59:56","modified_gmt":"2024-11-10T09:59:56","slug":"wagenknecht-warnt-bsw-vor-verrat-an-waehlern","status":"publish","type":"post","link":"https:\/\/now-news.de\/de\/deutschland\/wagenknecht-warnt-bsw-vor-verrat-an-waehlern\/","title":{"rendered":"Wagenknecht warnt BSW vor Verrat an W\u00e4hlern"},"content":{"rendered":"<p><img decoding=\"async\" src=\"https:\/\/now-news.de\/de\/wp-content\/uploads\/sites\/3\/2024\/11\/6730854e48fbef63036b435a.jpg\" \/><\/p>\n<div class=\"Text-root Text-type_1 \">\n                Sahra Wagenknecht hat sich gegen Regierungsbeteiligungen ausgesprochen, &#8220;bei denen die betreffenden Parteien ihre W\u00e4hler betr\u00fcgen&#8221;. Diese Aussage l\u00e4sst sich auch als Botschaft an die eigene Partei verstehen, die derzeit in Th\u00fcringen und Brandenburg \u00fcber eine m\u00f6gliche Regierungsbildung verhandelt.\n            <\/div>\n<p><\/p>\n<div class=\"Text-root Text-type_5 ArticleView-text ViewText-root \">\n<p>Die Gr\u00fcnderin des BSW, Sahra Wagenknecht, hat ihre Partei vor falschem Regieren und einem Verrat an ihren W\u00e4hlern gewarnt. Hintergrund der Warnung sind die laufenden Verhandlungen des BSW in ostdeutschen Bundesl\u00e4ndern. In einem <a rel=\"nofollow noopener\" target=\"_blank\" href=\"https:\/\/www.morgenpost.de\/politik\/article407601965\/wagenknecht-podcast-gab-momente-wo-ich-dachte-brich-das-ab.html\">Podcast<\/a> der Mediengruppe <em>Funke<\/em> erkl\u00e4rte die Bundestagsabgeordnete:<\/p>\n<p><em>&#8220;Was ich kritisiere, sind Regierungsbeteiligungen, bei denen die betreffenden Parteien ihre W\u00e4hler betr\u00fcgen.&#8221;<\/em><\/p>\n<p>Deswegen sei es so wichtig, dass eine Partei ein klares Profil behalte. Das bundesdeutsche System, so Wagenknecht, sei so ausgelegt,<\/p>\n<p><em>&#8220;dass es auch attraktiv gemacht wird zu regieren, also f\u00fcr die Betreffenden nat\u00fcrlich, die da verhandeln. Also, wenn man regiert, hat man Ministerposten. Das ist nat\u00fcrlich attraktiver als Parlamentsabgeordneter, was die Bez\u00fcge angeht, was die Pensionen angeht. Da gibt es ja schon viele Verf\u00fchrungen. Es gibt viele Staatssekret\u00e4re, die man dann berufen kann. F\u00fcr die ist das auch sehr attraktiv.&#8221;<\/em><\/p>\n<p>Es gebe damit &#8220;eine Verf\u00fchrung, die darauf hinwirkt, dass Parteien lieber in Regierungen gehen, als in der Opposition zu sitzen&#8221;, so Wagenknecht:<\/p>\n<p><em>&#8220;Und oft wirkt das so, dass sie ihre W\u00e4hler ziemlich verraten. Also dass sie sagen, okay, sie reden sich das Ergebnis sch\u00f6n.&#8221;<\/em><\/p>\n<p>Dabei wies die BSW-Chefin Vorw\u00fcrfe zur\u00fcck, ihr fehle es f\u00fcr eine Regierungsbeteiligung an Kompromissf\u00e4higkeit:<\/p>\n<p><em>&#8220;Das finde ich insoweit ungerecht, als ich nat\u00fcrlich, ich meine auch, warum habe ich eine neue Partei gegr\u00fcndet? Weil ich schon finde, ich bin ja einmal in die Politik gegangen, um die Gesellschaft zu verbessern, um Ver\u00e4nderungen zu erreichen.&#8221;<\/em><\/p>\n<p>Die Politikerin weiter:<\/p>\n<p><em>&#8220;Und ich hoffe, dass wir die Gelegenheit bekommen, wirklich unser Land zum Guten zu ver\u00e4ndern. Aus einer Landes- und vielleicht perspektivisch sogar Bundesregierung heraus. Aber da nat\u00fcrlich wir das nie alleine k\u00f6nnen, h\u00e4ngt es auch davon ab, ob andere Parteien bereit sind.&#8221;<\/em><\/p>\n<p>Wagenknecht erkl\u00e4rte, die Gr\u00fcndung des BSW sei die schwerste politische Entscheidung ihres Lebens gewesen:<\/p>\n<p><em>&#8220;Also ich habe mich noch nie in meinem Leben mit einer Entscheidung so schwergetan, so lange dar\u00fcber nachgedacht, war so lange auch hin- und hergerissen (&#8230;) Da gab es Momente, wo ich mir dachte: Brich das ab, mach es nicht, es ist zu viel, es ist ein solcher Berg, wir schaffen es nicht. Und ja, also da habe ich wirklich sehr, sehr lange auch mit vielen beraten, mit vielen gerungen, bevor wir uns dann dazu entschieden haben.&#8221;<\/em><\/p>\n<p>Auch wegen der absehbaren Sch\u00e4den f\u00fcr ihre alte Partei Die Linke habe sie lange gez\u00f6gert:<\/p>\n<p><em>&#8220;Ja, also auch das, weil, wenn wir jetzt\u00a0einen Flop gestartet\u00a0h\u00e4tten, dann h\u00e4tten wir auf der einen Seite etwas kaputt gemacht, ohne etwas Neues aufzubauen; und man wusste nicht im Vorfeld, ob es gelingt, ob es erfolgreich ist.&#8221;<\/em><\/p>\n<p>Parteigr\u00fcndungen seien in Deutschland schwerer als in anderen L\u00e4ndern, sagte Wagenknecht unter Verweis auf die Werteunion und die schon wieder aufgel\u00f6ste &#8220;blaue Partei&#8221;.<\/p>\n<p>Nach den drei Landtagswahlen im September verhandelt das BSW derzeit in Th\u00fcringen und Brandenburg \u00fcber eine Regierungsbeteiligung. Dabei versucht die Partei unter anderem, ihre Positionen wie die Ablehnung neuer US-amerikanischer Mittelstrecken- und Hyperschallraketen in Deutschland und weiterer Waffenlieferungen an die Ukraine einzubringen, mit denen sie im Wahlkampf gepunktet hatte. In Sachsen sind die Gespr\u00e4che mit CDU und SPD bereits gescheitert.<\/p>\n<p><strong>Mehr zum Thema<\/strong> &#8211; <a rel=\"nofollow noopener\" target=\"_blank\" href=\"https:\/\/freedert.online\/inland\/225331-medienbericht-sachsens-bsw-will-keine\/\">Medienbericht: Sachsens BSW will keine Minderheitsregierung tolerieren<\/a><\/p>\n<div class=\"EmbedBlock-root EmbedBlock-externalVideo EmbedBlock-rumble\">\n<div class=\"VkEmbed\"><iframe class=\"lazyload\" data-src=\"https:\/\/rumble.com\/embed\/v5kw4dq\" frameborder=\"0\" width=\"853\" height=\"480\" allowfullscreen><\/iframe><\/div>\n<\/div>\n<\/div>\n<p><br \/>\n<br \/><a href=\"https:\/\/de.rt.com\/inland\/225409-wagenknecht-warnt-bsw-vor-verrat\/\">Source link <\/a><\/p>\n","protected":false},"excerpt":{"rendered":"<p>Sahra Wagenknecht hat sich gegen Regierungsbeteiligungen ausgesprochen, &#8220;bei denen die betreffenden Parteien ihre W\u00e4hler betr\u00fcgen&#8221;. Diese Aussage l\u00e4sst sich auch als Botschaft an die eigene Partei verstehen, die derzeit in Th\u00fcringen und Brandenburg \u00fcber eine m\u00f6gliche Regierungsbildung verhandelt. Die Gr\u00fcnderin des BSW, Sahra Wagenknecht, hat ihre Partei vor falschem Regieren und einem Verrat an ihren [&hellip;]<\/p>\n","protected":false},"author":3,"featured_media":72325,"comment_status":"open","ping_status":"open","sticky":false,"template":"","format":"standard","meta":{"_yoast_indexnow_last_ping":["1731233653"],"wp_automatic_camp":["217"],"45511ed90e690062c9e84ec07c6b3298":["Wagenknecht warnt BSW vor Verrat an W\u00e4hlern"],"original_link":["https:\/\/de.rt.com\/inland\/225409-wagenknecht-warnt-bsw-vor-verrat\/"],"_thumbnail_id":["72325"],"_wptgpro_p2tg_sent2tg":["a:1:{i:23737;s:19:\"2024-11-10 12:15:15\";}"],"jnews_social_counter_last_update":["1777358044"]},"categories":[19,23],"tags":[51583,11360,320,17968,19345,912],"yoast_head":"<!-- This site is optimized with the Yoast SEO Premium plugin v22.7 (Yoast SEO v22.7) - https:\/\/yoast.com\/wordpress\/plugins\/seo\/ -->\n<title>Wagenknecht warnt BSW vor Verrat an W\u00e4hlern - just-now.NEWS Deutschland<\/title>\n<meta name=\"robots\" content=\"index, follow, max-snippet:-1, max-image-preview:large, max-video-preview:-1\" \/>\n<link rel=\"canonical\" href=\"https:\/\/now-news.de\/de\/deutschland\/wagenknecht-warnt-bsw-vor-verrat-an-waehlern\/\" \/>\n<meta property=\"og:locale\" content=\"de_DE\" \/>\n<meta property=\"og:type\" content=\"article\" \/>\n<meta property=\"og:title\" content=\"Wagenknecht warnt BSW vor Verrat an W\u00e4hlern\" \/>\n<meta property=\"og:description\" content=\"Sahra Wagenknecht hat sich gegen Regierungsbeteiligungen ausgesprochen, &#8220;bei denen die betreffenden Parteien ihre W\u00e4hler betr\u00fcgen&#8221;. Diese Aussage l\u00e4sst sich auch als Botschaft an die eigene Partei verstehen, die derzeit in Th\u00fcringen und Brandenburg \u00fcber eine m\u00f6gliche Regierungsbildung verhandelt. Die Gr\u00fcnderin des BSW, Sahra Wagenknecht, hat ihre Partei vor falschem Regieren und einem Verrat an ihren [&hellip;]\" \/>\n<meta property=\"og:url\" content=\"https:\/\/now-news.de\/de\/deutschland\/wagenknecht-warnt-bsw-vor-verrat-an-waehlern\/\" \/>\n<meta property=\"og:site_name\" content=\"just-now.NEWS Deutschland\" \/>\n<meta property=\"article:publisher\" content=\"https:\/\/www.facebook.com\/wirmachenauf\" \/>\n<meta property=\"article:published_time\" content=\"2024-11-10T09:59:56+00:00\" \/>\n<meta property=\"og:image\" content=\"https:\/\/now-news.de\/de\/wp-content\/uploads\/sites\/3\/2024\/11\/6730854e48fbef63036b435a.jpg\" \/>\n<meta name=\"author\" content=\"rtnews\" \/>\n<meta name=\"twitter:card\" content=\"summary_large_image\" \/>\n<meta name=\"twitter:creator\" content=\"@WirMachenAuf_de\" \/>\n<meta name=\"twitter:site\" content=\"@WirMachenAuf_de\" \/>\n<meta name=\"twitter:label1\" content=\"Verfasst von\" \/>\n\t<meta name=\"twitter:data1\" content=\"rtnews\" \/>\n\t<meta name=\"twitter:label2\" content=\"Gesch\u00e4tzte Lesezeit\" \/>\n\t<meta name=\"twitter:data2\" content=\"3\u00a0Minuten\" \/>\n<script type=\"application\/ld+json\" class=\"yoast-schema-graph\">{\"@context\":\"https:\/\/schema.org\",\"@graph\":[{\"@type\":\"Article\",\"@id\":\"https:\/\/now-news.de\/de\/deutschland\/wagenknecht-warnt-bsw-vor-verrat-an-waehlern\/#article\",\"isPartOf\":{\"@id\":\"https:\/\/now-news.de\/de\/deutschland\/wagenknecht-warnt-bsw-vor-verrat-an-waehlern\/\"},\"author\":{\"name\":\"rtnews\",\"@id\":\"https:\/\/now-news.de\/de\/#\/schema\/person\/fb534a4e865501d8b3285208df34a9b5\"},\"headline\":\"Wagenknecht warnt BSW vor Verrat an W\u00e4hlern\",\"datePublished\":\"2024-11-10T09:59:56+00:00\",\"dateModified\":\"2024-11-10T09:59:56+00:00\",\"mainEntityOfPage\":{\"@id\":\"https:\/\/now-news.de\/de\/deutschland\/wagenknecht-warnt-bsw-vor-verrat-an-waehlern\/\"},\"wordCount\":607,\"commentCount\":0,\"publisher\":{\"@id\":\"https:\/\/now-news.de\/de\/#organization\"},\"image\":{\"@id\":\"https:\/\/now-news.de\/de\/deutschland\/wagenknecht-warnt-bsw-vor-verrat-an-waehlern\/#primaryimage\"},\"thumbnailUrl\":\"https:\/\/now-news.de\/de\/wp-content\/uploads\/sites\/3\/2024\/11\/Wagenknecht-warnt-BSW-vor-Verrat-an-Waehlern.jpg\",\"keywords\":[\"BSW\",\"verr\u00e4t\",\"vor\",\"Wagenknecht\",\"W\u00e4hlern\",\"warnt\"],\"articleSection\":[\"Deutschland\",\"Russland\"],\"inLanguage\":\"de\",\"potentialAction\":[{\"@type\":\"CommentAction\",\"name\":\"Comment\",\"target\":[\"https:\/\/now-news.de\/de\/deutschland\/wagenknecht-warnt-bsw-vor-verrat-an-waehlern\/#respond\"]}]},{\"@type\":\"WebPage\",\"@id\":\"https:\/\/now-news.de\/de\/deutschland\/wagenknecht-warnt-bsw-vor-verrat-an-waehlern\/\",\"url\":\"https:\/\/now-news.de\/de\/deutschland\/wagenknecht-warnt-bsw-vor-verrat-an-waehlern\/\",\"name\":\"Wagenknecht warnt BSW vor Verrat an W\u00e4hlern - just-now.NEWS Deutschland\",\"isPartOf\":{\"@id\":\"https:\/\/now-news.de\/de\/#website\"},\"primaryImageOfPage\":{\"@id\":\"https:\/\/now-news.de\/de\/deutschland\/wagenknecht-warnt-bsw-vor-verrat-an-waehlern\/#primaryimage\"},\"image\":{\"@id\":\"https:\/\/now-news.de\/de\/deutschland\/wagenknecht-warnt-bsw-vor-verrat-an-waehlern\/#primaryimage\"},\"thumbnailUrl\":\"https:\/\/now-news.de\/de\/wp-content\/uploads\/sites\/3\/2024\/11\/Wagenknecht-warnt-BSW-vor-Verrat-an-Waehlern.jpg\",\"datePublished\":\"2024-11-10T09:59:56+00:00\",\"dateModified\":\"2024-11-10T09:59:56+00:00\",\"breadcrumb\":{\"@id\":\"https:\/\/now-news.de\/de\/deutschland\/wagenknecht-warnt-bsw-vor-verrat-an-waehlern\/#breadcrumb\"},\"inLanguage\":\"de\",\"potentialAction\":[{\"@type\":\"ReadAction\",\"target\":[\"https:\/\/now-news.de\/de\/deutschland\/wagenknecht-warnt-bsw-vor-verrat-an-waehlern\/\"]}]},{\"@type\":\"ImageObject\",\"inLanguage\":\"de\",\"@id\":\"https:\/\/now-news.de\/de\/deutschland\/wagenknecht-warnt-bsw-vor-verrat-an-waehlern\/#primaryimage\",\"url\":\"https:\/\/now-news.de\/de\/wp-content\/uploads\/sites\/3\/2024\/11\/Wagenknecht-warnt-BSW-vor-Verrat-an-Waehlern.jpg\",\"contentUrl\":\"https:\/\/now-news.de\/de\/wp-content\/uploads\/sites\/3\/2024\/11\/Wagenknecht-warnt-BSW-vor-Verrat-an-Waehlern.jpg\",\"width\":460,\"height\":259,\"caption\":\"Wagenknecht warnt BSW vor Verrat an W\u00e4hlern\"},{\"@type\":\"BreadcrumbList\",\"@id\":\"https:\/\/now-news.de\/de\/deutschland\/wagenknecht-warnt-bsw-vor-verrat-an-waehlern\/#breadcrumb\",\"itemListElement\":[{\"@type\":\"ListItem\",\"position\":1,\"name\":\"Home\",\"item\":\"https:\/\/now-news.de\/de\/\"},{\"@type\":\"ListItem\",\"position\":2,\"name\":\"Wagenknecht warnt BSW vor Verrat an W\u00e4hlern\"}]},{\"@type\":\"WebSite\",\"@id\":\"https:\/\/now-news.de\/de\/#website\",\"url\":\"https:\/\/now-news.de\/de\/\",\"name\":\"just-now.NEWS Deutschland\",\"description\":\"Das Portal f\u00fcr unzensierte Nachrichten aus der Welt\",\"publisher\":{\"@id\":\"https:\/\/now-news.de\/de\/#organization\"},\"potentialAction\":[{\"@type\":\"SearchAction\",\"target\":{\"@type\":\"EntryPoint\",\"urlTemplate\":\"https:\/\/now-news.de\/de\/?s={search_term_string}\"},\"query-input\":\"required name=search_term_string\"}],\"inLanguage\":\"de\"},{\"@type\":\"Organization\",\"@id\":\"https:\/\/now-news.de\/de\/#organization\",\"name\":\"Just Now News\",\"url\":\"https:\/\/now-news.de\/de\/\",\"logo\":{\"@type\":\"ImageObject\",\"inLanguage\":\"de\",\"@id\":\"https:\/\/now-news.de\/de\/#\/schema\/logo\/image\/\",\"url\":\"http:\/\/just-now.news\/de\/wp-content\/uploads\/sites\/3\/2022\/04\/logo500x500.jpg\",\"contentUrl\":\"http:\/\/just-now.news\/de\/wp-content\/uploads\/sites\/3\/2022\/04\/logo500x500.jpg\",\"width\":500,\"height\":500,\"caption\":\"Just Now News\"},\"image\":{\"@id\":\"https:\/\/now-news.de\/de\/#\/schema\/logo\/image\/\"},\"sameAs\":[\"https:\/\/www.facebook.com\/wirmachenauf\",\"https:\/\/x.com\/WirMachenAuf_de\"]},{\"@type\":\"Person\",\"@id\":\"https:\/\/now-news.de\/de\/#\/schema\/person\/fb534a4e865501d8b3285208df34a9b5\",\"name\":\"rtnews\",\"image\":{\"@type\":\"ImageObject\",\"inLanguage\":\"de\",\"@id\":\"https:\/\/now-news.de\/de\/#\/schema\/person\/image\/\",\"url\":\"https:\/\/secure.gravatar.com\/avatar\/82aafea7d8127119dd649515f56e2117?s=96&d=mm&r=g\",\"contentUrl\":\"https:\/\/secure.gravatar.com\/avatar\/82aafea7d8127119dd649515f56e2117?s=96&d=mm&r=g\",\"caption\":\"rtnews\"},\"url\":\"https:\/\/now-news.de\/de\/author\/rnews\/\"}]}<\/script>\n<!-- \/ Yoast SEO Premium plugin. -->","yoast_head_json":{"title":"Wagenknecht warnt BSW vor Verrat an W\u00e4hlern - just-now.NEWS Deutschland","robots":{"index":"index","follow":"follow","max-snippet":"max-snippet:-1","max-image-preview":"max-image-preview:large","max-video-preview":"max-video-preview:-1"},"canonical":"https:\/\/now-news.de\/de\/deutschland\/wagenknecht-warnt-bsw-vor-verrat-an-waehlern\/","og_locale":"de_DE","og_type":"article","og_title":"Wagenknecht warnt BSW vor Verrat an W\u00e4hlern","og_description":"Sahra Wagenknecht hat sich gegen Regierungsbeteiligungen ausgesprochen, &#8220;bei denen die betreffenden Parteien ihre W\u00e4hler betr\u00fcgen&#8221;. Diese Aussage l\u00e4sst sich auch als Botschaft an die eigene Partei verstehen, die derzeit in Th\u00fcringen und Brandenburg \u00fcber eine m\u00f6gliche Regierungsbildung verhandelt. Die Gr\u00fcnderin des BSW, Sahra Wagenknecht, hat ihre Partei vor falschem Regieren und einem Verrat an ihren [&hellip;]","og_url":"https:\/\/now-news.de\/de\/deutschland\/wagenknecht-warnt-bsw-vor-verrat-an-waehlern\/","og_site_name":"just-now.NEWS Deutschland","article_publisher":"https:\/\/www.facebook.com\/wirmachenauf","article_published_time":"2024-11-10T09:59:56+00:00","og_image":[{"url":"https:\/\/now-news.de\/de\/wp-content\/uploads\/sites\/3\/2024\/11\/6730854e48fbef63036b435a.jpg"}],"author":"rtnews","twitter_card":"summary_large_image","twitter_creator":"@WirMachenAuf_de","twitter_site":"@WirMachenAuf_de","twitter_misc":{"Verfasst von":"rtnews","Gesch\u00e4tzte Lesezeit":"3\u00a0Minuten"},"schema":{"@context":"https:\/\/schema.org","@graph":[{"@type":"Article","@id":"https:\/\/now-news.de\/de\/deutschland\/wagenknecht-warnt-bsw-vor-verrat-an-waehlern\/#article","isPartOf":{"@id":"https:\/\/now-news.de\/de\/deutschland\/wagenknecht-warnt-bsw-vor-verrat-an-waehlern\/"},"author":{"name":"rtnews","@id":"https:\/\/now-news.de\/de\/#\/schema\/person\/fb534a4e865501d8b3285208df34a9b5"},"headline":"Wagenknecht warnt BSW vor Verrat an W\u00e4hlern","datePublished":"2024-11-10T09:59:56+00:00","dateModified":"2024-11-10T09:59:56+00:00","mainEntityOfPage":{"@id":"https:\/\/now-news.de\/de\/deutschland\/wagenknecht-warnt-bsw-vor-verrat-an-waehlern\/"},"wordCount":607,"commentCount":0,"publisher":{"@id":"https:\/\/now-news.de\/de\/#organization"},"image":{"@id":"https:\/\/now-news.de\/de\/deutschland\/wagenknecht-warnt-bsw-vor-verrat-an-waehlern\/#primaryimage"},"thumbnailUrl":"https:\/\/now-news.de\/de\/wp-content\/uploads\/sites\/3\/2024\/11\/Wagenknecht-warnt-BSW-vor-Verrat-an-Waehlern.jpg","keywords":["BSW","verr\u00e4t","vor","Wagenknecht","W\u00e4hlern","warnt"],"articleSection":["Deutschland","Russland"],"inLanguage":"de","potentialAction":[{"@type":"CommentAction","name":"Comment","target":["https:\/\/now-news.de\/de\/deutschland\/wagenknecht-warnt-bsw-vor-verrat-an-waehlern\/#respond"]}]},{"@type":"WebPage","@id":"https:\/\/now-news.de\/de\/deutschland\/wagenknecht-warnt-bsw-vor-verrat-an-waehlern\/","url":"https:\/\/now-news.de\/de\/deutschland\/wagenknecht-warnt-bsw-vor-verrat-an-waehlern\/","name":"Wagenknecht warnt BSW vor Verrat an W\u00e4hlern - just-now.NEWS Deutschland","isPartOf":{"@id":"https:\/\/now-news.de\/de\/#website"},"primaryImageOfPage":{"@id":"https:\/\/now-news.de\/de\/deutschland\/wagenknecht-warnt-bsw-vor-verrat-an-waehlern\/#primaryimage"},"image":{"@id":"https:\/\/now-news.de\/de\/deutschland\/wagenknecht-warnt-bsw-vor-verrat-an-waehlern\/#primaryimage"},"thumbnailUrl":"https:\/\/now-news.de\/de\/wp-content\/uploads\/sites\/3\/2024\/11\/Wagenknecht-warnt-BSW-vor-Verrat-an-Waehlern.jpg","datePublished":"2024-11-10T09:59:56+00:00","dateModified":"2024-11-10T09:59:56+00:00","breadcrumb":{"@id":"https:\/\/now-news.de\/de\/deutschland\/wagenknecht-warnt-bsw-vor-verrat-an-waehlern\/#breadcrumb"},"inLanguage":"de","potentialAction":[{"@type":"ReadAction","target":["https:\/\/now-news.de\/de\/deutschland\/wagenknecht-warnt-bsw-vor-verrat-an-waehlern\/"]}]},{"@type":"ImageObject","inLanguage":"de","@id":"https:\/\/now-news.de\/de\/deutschland\/wagenknecht-warnt-bsw-vor-verrat-an-waehlern\/#primaryimage","url":"https:\/\/now-news.de\/de\/wp-content\/uploads\/sites\/3\/2024\/11\/Wagenknecht-warnt-BSW-vor-Verrat-an-Waehlern.jpg","contentUrl":"https:\/\/now-news.de\/de\/wp-content\/uploads\/sites\/3\/2024\/11\/Wagenknecht-warnt-BSW-vor-Verrat-an-Waehlern.jpg","width":460,"height":259,"caption":"Wagenknecht warnt BSW vor Verrat an W\u00e4hlern"},{"@type":"BreadcrumbList","@id":"https:\/\/now-news.de\/de\/deutschland\/wagenknecht-warnt-bsw-vor-verrat-an-waehlern\/#breadcrumb","itemListElement":[{"@type":"ListItem","position":1,"name":"Home","item":"https:\/\/now-news.de\/de\/"},{"@type":"ListItem","position":2,"name":"Wagenknecht warnt BSW vor Verrat an W\u00e4hlern"}]},{"@type":"WebSite","@id":"https:\/\/now-news.de\/de\/#website","url":"https:\/\/now-news.de\/de\/","name":"just-now.NEWS Deutschland","description":"Das Portal f\u00fcr unzensierte Nachrichten aus der Welt","publisher":{"@id":"https:\/\/now-news.de\/de\/#organization"},"potentialAction":[{"@type":"SearchAction","target":{"@type":"EntryPoint","urlTemplate":"https:\/\/now-news.de\/de\/?s={search_term_string}"},"query-input":"required name=search_term_string"}],"inLanguage":"de"},{"@type":"Organization","@id":"https:\/\/now-news.de\/de\/#organization","name":"Just Now News","url":"https:\/\/now-news.de\/de\/","logo":{"@type":"ImageObject","inLanguage":"de","@id":"https:\/\/now-news.de\/de\/#\/schema\/logo\/image\/","url":"http:\/\/just-now.news\/de\/wp-content\/uploads\/sites\/3\/2022\/04\/logo500x500.jpg","contentUrl":"http:\/\/just-now.news\/de\/wp-content\/uploads\/sites\/3\/2022\/04\/logo500x500.jpg","width":500,"height":500,"caption":"Just Now News"},"image":{"@id":"https:\/\/now-news.de\/de\/#\/schema\/logo\/image\/"},"sameAs":["https:\/\/www.facebook.com\/wirmachenauf","https:\/\/x.com\/WirMachenAuf_de"]},{"@type":"Person","@id":"https:\/\/now-news.de\/de\/#\/schema\/person\/fb534a4e865501d8b3285208df34a9b5","name":"rtnews","image":{"@type":"ImageObject","inLanguage":"de","@id":"https:\/\/now-news.de\/de\/#\/schema\/person\/image\/","url":"https:\/\/secure.gravatar.com\/avatar\/82aafea7d8127119dd649515f56e2117?s=96&d=mm&r=g","contentUrl":"https:\/\/secure.gravatar.com\/avatar\/82aafea7d8127119dd649515f56e2117?s=96&d=mm&r=g","caption":"rtnews"},"url":"https:\/\/now-news.de\/de\/author\/rnews\/"}]}},"_links":{"self":[{"href":"https:\/\/now-news.de\/de\/wp-json\/wp\/v2\/posts\/72324"}],"collection":[{"href":"https:\/\/now-news.de\/de\/wp-json\/wp\/v2\/posts"}],"about":[{"href":"https:\/\/now-news.de\/de\/wp-json\/wp\/v2\/types\/post"}],"author":[{"embeddable":true,"href":"https:\/\/now-news.de\/de\/wp-json\/wp\/v2\/users\/3"}],"replies":[{"embeddable":true,"href":"https:\/\/now-news.de\/de\/wp-json\/wp\/v2\/comments?post=72324"}],"version-history":[{"count":0,"href":"https:\/\/now-news.de\/de\/wp-json\/wp\/v2\/posts\/72324\/revisions"}],"wp:featuredmedia":[{"embeddable":true,"href":"https:\/\/now-news.de\/de\/wp-json\/wp\/v2\/media\/72325"}],"wp:attachment":[{"href":"https:\/\/now-news.de\/de\/wp-json\/wp\/v2\/media?parent=72324"}],"wp:term":[{"taxonomy":"category","embeddable":true,"href":"https:\/\/now-news.de\/de\/wp-json\/wp\/v2\/categories?post=72324"},{"taxonomy":"post_tag","embeddable":true,"href":"https:\/\/now-news.de\/de\/wp-json\/wp\/v2\/tags?post=72324"}],"curies":[{"name":"wp","href":"https:\/\/api.w.org\/{rel}","templated":true}]}}