{"id":72285,"date":"2024-11-09T13:36:59","date_gmt":"2024-11-09T11:36:59","guid":{"rendered":"https:\/\/now-news.de\/de\/deutschland\/habeck-will-kanzler-%e2%80%92-die-waehler-wollen-ihn-nicht\/"},"modified":"2024-11-09T13:36:59","modified_gmt":"2024-11-09T11:36:59","slug":"habeck-will-kanzler-%e2%80%92-die-waehler-wollen-ihn-nicht","status":"publish","type":"post","link":"https:\/\/now-news.de\/de\/deutschland\/habeck-will-kanzler-%e2%80%92-die-waehler-wollen-ihn-nicht\/","title":{"rendered":"Habeck will Kanzler \u2012 Die W\u00e4hler wollen ihn nicht"},"content":{"rendered":"<p><img decoding=\"async\" src=\"https:\/\/now-news.de\/de\/wp-content\/uploads\/sites\/3\/2024\/11\/672f211848fbef645a0d41b8.jpg\" \/><\/p>\n<div class=\"Text-root Text-type_1 \">\n                Robert Habeck will noch h\u00f6her hinaus. Der aktuelle Posten des Vize-Kanzlers entspricht nicht dem der pers\u00f6nlichen Eigenwahrnehmung. Nun m\u00f6chte Habeck &#8220;Kandidat f\u00fcr die Menschen in Deutschland&#8221; werden, also der empathische B\u00fcrgerkanzler. Autor Uli Gellermann erinnert an das j\u00fcngste politische Agieren des Karrieristen.\n            <\/div>\n<p><\/p>\n<div class=\"Text-root Text-type_5 ArticleView-text ViewText-root \">\n<p><em>Von Uli Gellermann<\/em><\/p>\n<p>Nun l\u00e4sst der Mann aus L\u00fcbeck seinen Ehrgeiz aus dem Sack.<\/p>\n<p>Robert Habeck will Kanzler werden. Aber vor das Wollen hat der W\u00e4hler das K\u00f6nnen gesetzt: In einer Insa-Umfrage von Ende September gaben 39 Prozent der Befragten an, weniger bereit zu sein, die Gr\u00fcnen zu w\u00e4hlen, sollte Habeck als Kanzlerkandidat antreten. Die Gr\u00fcnen sind ohnehin im Sinkflug: In der aktuellen Sonntagsfrage wollen es nur noch 12 Prozent der W\u00e4hler mit Gr\u00fcn versuchen. Aber Habeck kann das offensichtlich noch verschlechtern. Wollen kann der Mann allerlei, k\u00f6nnen kann er nicht viel.<\/p>\n<p><strong>F\u00fcr die Impfpflicht<\/strong><\/p>\n<p>Mit dem Wissen ist es auch nicht weit: Mit dem Satz &#8220;Wir k\u00f6nnen die Pandemie nur global bek\u00e4mpfen&#8221; hatte er sich brav bei den &#8220;Corona-Gl\u00e4ubigen&#8221; eingereiht\u00a0\u2012 einer Spezies, die zu bl\u00f6de war, die Gleichschaltung der Medien zu bemerken, und sich so der &#8220;Impfindustrie&#8221; gebeugt hat: Habeck <a rel=\"nofollow noopener\" target=\"_blank\" href=\"https:\/\/www.gruene-bundestag.de\/parlament\/bundestagsreden\/impfpflicht\">erz\u00e4hlte<\/a> am 17. M\u00e4rz 2022 im Bundestag, um dabei umgehend heftig f\u00fcr die Impfpflicht zu pl\u00e4dieren:<\/p>\n<p><em>&#8220;Wenn man sich klarmacht, worum es eigentlich geht, dann muss man Folgendes feststellen:<\/em><\/p>\n<p><em>Erstens. Das Virus ist t\u00fcckischer, fieser und mutantenreicher, als wir es uns vor zwei oder drei Jahren \u00fcberhaupt haben tr\u00e4umen lassen.<\/em><\/p>\n<p><em>Zweitens. Menschen sind aus guten oder schlechten Gr\u00fcnden widerwilliger, sich vor diesem Virus zu sch\u00fctzen, und damit bekommen wir keinen Grundschutz in der Gesellschaft.&#8221;<\/em><\/p>\n<p><strong>Sch\u00f6ner Diener<\/strong><\/p>\n<p>Im Beugen ist Habeck ein Meister: &#8220;Je st\u00e4rker Deutschland dient, umso gr\u00f6\u00dfer ist seine Rolle&#8221;, <a rel=\"nofollow noopener\" target=\"_blank\" href=\"https:\/\/www.focus.de\/politik\/deutschland\/besuch-in-den-usa-habeck-sieht-deutschland-in-einer-dienenden-fuehrungsrolle_id_61552626.html\">verzapfte<\/a> er verbal bei seinem Besuch in den USA. So einen sch\u00f6nen Diener kann man nicht alle Tage sehen \u2012 die Herren aus den USA werden es zu sch\u00e4tzen wissen. Denn nat\u00fcrlich hat der Diener auch seine Bereitschaft zu h\u00f6heren Milit\u00e4rausgaben sowie zu den Waffenlieferungen in die Ukraine erkl\u00e4rt.<\/p>\n<p><strong>US-Darling<\/strong><\/p>\n<p>Nach oben buckeln und nach unten treten \u2012 daran erkennt man den Liebediener, wenn Habeck das Wagenknecht-B\u00fcndnis als &#8220;komplett gekauft&#8221; diffamiert. Einer, der warm in der Tasche des Systems sitzt, muss andere hassen, wie der Hund den Wolf hasst. Und weil Habeck es noch w\u00e4rmer haben will, m\u00f6chte er an die Spitze der US-Darlings, in den kolonialen Mief des Mainstreams.<\/p>\n<p><strong>Merkels Mitl\u00e4ufer<\/strong><\/p>\n<p>Dieser Einschleimung dient auch dieser Habeck-Satz: &#8220;Die Sicherheit Israels ist <a rel=\"nofollow noopener\" target=\"_blank\" href=\"https:\/\/www.boell.de\/de\/2023\/12\/20\/israels-sicherheit-und-die-deutsche-staatsraeson\">unsere Verpflichtung<\/a>.&#8221; So ordnet sich der Kinderbuchautor der Angela-Merkel-Linie unter, die \u00fcber die toten Kinder im Gazastreifen im Sinne einer erfundenen Staatsr\u00e4son hinwegtrampelt. Als ob es in der deutschen Geschichte nicht schon genug Mitl\u00e4ufer gegeben h\u00e4tte.<\/p>\n<p><strong>Mitten in der Inflation\u00a0\u2012 Flucht ins Kanzleramt<\/strong><\/p>\n<p>Nat\u00fcrlich will der Unterordner Habeck auch im Ukraine-Krieg auf der scheinbar sicheren Seite sein und hat deshalb die Sanktionen gegen Russland bef\u00fcrwortet und prophezeit: &#8220;Die russische Wirtschaft bricht ein.&#8221; Nun ist die russische Wirtschaft immer noch nicht eingebrochen, w\u00e4hrend aber die Habecksche Ampel gerade zusammenbricht und auch die deutsche Wirtschaft.<\/p>\n<p>Der erfolglose Wirtschaftsminister will mitten in der Inflation, an der er mit seinem Sanktionseifer mit geheizt hat, in ein neues Amt wechseln. Wollen w\u00fcrde er schon wollen, aber k\u00f6nnen wird er nicht k\u00f6nnen.<\/p>\n<p><em><strong>Uli Gellermann<\/strong>\u00a0ist Filmemacher und Journalist. Seine Erfahrungen mit den \u00f6ffentlich-rechtlichen Sendern begr\u00fcnden seine Medienkritik. Er ist Betreiber der Internetseite\u00a0<a rel=\"nofollow noopener\" target=\"_blank\" href=\"https:\/\/www.rationalgalerie.de\/\">www.rationalgalerie.de<\/a>.<\/em><\/p>\n<p><em><\/em><em>Der Beitrag wurde zuerst am 8.\u00a0November 2024 auf\u00a0<a rel=\"nofollow noopener\" target=\"_blank\" href=\"https:\/\/www.rationalgalerie.de\/home\/habeck-will-kanzler\">www.rationalgalerie.de<\/a>\u00a0ver\u00f6ffentlicht.<\/em><\/p>\n<p><strong>Mehr zum Thema\u00a0\u2012\u00a0<\/strong><a rel=\"nofollow noopener\" target=\"_blank\" href=\"https:\/\/freedert.online\/meinung\/225060-koalitionsbruch-was-die-restkoalition-deutschland-und-der-ukraine-aufbuerdet\/\">Koalitionsbruch: Was die Restkoalition Deutschland und der Ukraine aufb\u00fcrdet<\/a><\/p>\n<\/p>\n<\/div>\n<p><br \/>\n<br \/><a href=\"https:\/\/de.rt.com\/meinung\/225319-habeck-will-kanzler-waehler-wollen\/\">Source link <\/a><\/p>\n","protected":false},"excerpt":{"rendered":"<p>Robert Habeck will noch h\u00f6her hinaus. Der aktuelle Posten des Vize-Kanzlers entspricht nicht dem der pers\u00f6nlichen Eigenwahrnehmung. Nun m\u00f6chte Habeck &#8220;Kandidat f\u00fcr die Menschen in Deutschland&#8221; werden, also der empathische B\u00fcrgerkanzler. Autor Uli Gellermann erinnert an das j\u00fcngste politische Agieren des Karrieristen. Von Uli Gellermann Nun l\u00e4sst der Mann aus L\u00fcbeck seinen Ehrgeiz aus dem [&hellip;]<\/p>\n","protected":false},"author":3,"featured_media":72286,"comment_status":"open","ping_status":"open","sticky":false,"template":"","format":"standard","meta":{"_yoast_indexnow_last_ping":["1731152711"],"wp_automatic_camp":["217"],"a2941223aa4496a88c0b806ce04a98a5":["Habeck will Kanzler \u2012 Die W\u00e4hler wollen ihn nicht"],"original_link":["https:\/\/de.rt.com\/meinung\/225319-habeck-will-kanzler-waehler-wollen\/"],"_thumbnail_id":["72286"],"_wptgpro_p2tg_sent2tg":["a:1:{i:23737;s:19:\"2024-11-09 13:46:15\";}"],"jnews_social_counter_last_update":["1776996801"]},"categories":[19,23],"tags":[45,911,6582,4907,800,13169,1050],"yoast_head":"<!-- This site is optimized with the Yoast SEO Premium plugin v22.7 (Yoast SEO v22.7) - https:\/\/yoast.com\/wordpress\/plugins\/seo\/ -->\n<title>Habeck will Kanzler \u2012 Die W\u00e4hler wollen ihn nicht - just-now.NEWS Deutschland<\/title>\n<meta name=\"robots\" content=\"index, follow, max-snippet:-1, max-image-preview:large, max-video-preview:-1\" \/>\n<link rel=\"canonical\" href=\"https:\/\/now-news.de\/de\/deutschland\/habeck-will-kanzler-\u2012-die-waehler-wollen-ihn-nicht\/\" \/>\n<meta property=\"og:locale\" content=\"de_DE\" \/>\n<meta property=\"og:type\" content=\"article\" \/>\n<meta property=\"og:title\" content=\"Habeck will Kanzler \u2012 Die W\u00e4hler wollen ihn nicht\" \/>\n<meta property=\"og:description\" content=\"Robert Habeck will noch h\u00f6her hinaus. Der aktuelle Posten des Vize-Kanzlers entspricht nicht dem der pers\u00f6nlichen Eigenwahrnehmung. Nun m\u00f6chte Habeck &#8220;Kandidat f\u00fcr die Menschen in Deutschland&#8221; werden, also der empathische B\u00fcrgerkanzler. Autor Uli Gellermann erinnert an das j\u00fcngste politische Agieren des Karrieristen. Von Uli Gellermann Nun l\u00e4sst der Mann aus L\u00fcbeck seinen Ehrgeiz aus dem [&hellip;]\" \/>\n<meta property=\"og:url\" content=\"https:\/\/now-news.de\/de\/deutschland\/habeck-will-kanzler-\u2012-die-waehler-wollen-ihn-nicht\/\" \/>\n<meta property=\"og:site_name\" content=\"just-now.NEWS Deutschland\" \/>\n<meta property=\"article:publisher\" content=\"https:\/\/www.facebook.com\/wirmachenauf\" \/>\n<meta property=\"article:published_time\" content=\"2024-11-09T11:36:59+00:00\" \/>\n<meta property=\"og:image\" content=\"https:\/\/now-news.de\/de\/wp-content\/uploads\/sites\/3\/2024\/11\/672f211848fbef645a0d41b8.jpg\" \/>\n<meta name=\"author\" content=\"rtnews\" \/>\n<meta name=\"twitter:card\" content=\"summary_large_image\" \/>\n<meta name=\"twitter:creator\" content=\"@WirMachenAuf_de\" \/>\n<meta name=\"twitter:site\" content=\"@WirMachenAuf_de\" \/>\n<meta name=\"twitter:label1\" content=\"Verfasst von\" \/>\n\t<meta name=\"twitter:data1\" content=\"rtnews\" \/>\n\t<meta name=\"twitter:label2\" content=\"Gesch\u00e4tzte Lesezeit\" \/>\n\t<meta name=\"twitter:data2\" content=\"3\u00a0Minuten\" \/>\n<script type=\"application\/ld+json\" class=\"yoast-schema-graph\">{\"@context\":\"https:\/\/schema.org\",\"@graph\":[{\"@type\":\"Article\",\"@id\":\"https:\/\/now-news.de\/de\/deutschland\/habeck-will-kanzler-%e2%80%92-die-waehler-wollen-ihn-nicht\/#article\",\"isPartOf\":{\"@id\":\"https:\/\/now-news.de\/de\/deutschland\/habeck-will-kanzler-%e2%80%92-die-waehler-wollen-ihn-nicht\/\"},\"author\":{\"name\":\"rtnews\",\"@id\":\"https:\/\/now-news.de\/de\/#\/schema\/person\/fb534a4e865501d8b3285208df34a9b5\"},\"headline\":\"Habeck will Kanzler \u2012 Die W\u00e4hler wollen ihn nicht\",\"datePublished\":\"2024-11-09T11:36:59+00:00\",\"dateModified\":\"2024-11-09T11:36:59+00:00\",\"mainEntityOfPage\":{\"@id\":\"https:\/\/now-news.de\/de\/deutschland\/habeck-will-kanzler-%e2%80%92-die-waehler-wollen-ihn-nicht\/\"},\"wordCount\":628,\"commentCount\":0,\"publisher\":{\"@id\":\"https:\/\/now-news.de\/de\/#organization\"},\"image\":{\"@id\":\"https:\/\/now-news.de\/de\/deutschland\/habeck-will-kanzler-%e2%80%92-die-waehler-wollen-ihn-nicht\/#primaryimage\"},\"thumbnailUrl\":\"https:\/\/now-news.de\/de\/wp-content\/uploads\/sites\/3\/2024\/11\/Habeck-will-Kanzler-\u2012-Die-Waehler-wollen-ihn-nicht.jpg\",\"keywords\":[\"die\",\"Habeck\",\"ihn\",\"Kanzler\",\"nicht\",\"W\u00e4hler\",\"wollen\"],\"articleSection\":[\"Deutschland\",\"Russland\"],\"inLanguage\":\"de\",\"potentialAction\":[{\"@type\":\"CommentAction\",\"name\":\"Comment\",\"target\":[\"https:\/\/now-news.de\/de\/deutschland\/habeck-will-kanzler-%e2%80%92-die-waehler-wollen-ihn-nicht\/#respond\"]}]},{\"@type\":\"WebPage\",\"@id\":\"https:\/\/now-news.de\/de\/deutschland\/habeck-will-kanzler-%e2%80%92-die-waehler-wollen-ihn-nicht\/\",\"url\":\"https:\/\/now-news.de\/de\/deutschland\/habeck-will-kanzler-%e2%80%92-die-waehler-wollen-ihn-nicht\/\",\"name\":\"Habeck will Kanzler \u2012 Die W\u00e4hler wollen ihn nicht - just-now.NEWS Deutschland\",\"isPartOf\":{\"@id\":\"https:\/\/now-news.de\/de\/#website\"},\"primaryImageOfPage\":{\"@id\":\"https:\/\/now-news.de\/de\/deutschland\/habeck-will-kanzler-%e2%80%92-die-waehler-wollen-ihn-nicht\/#primaryimage\"},\"image\":{\"@id\":\"https:\/\/now-news.de\/de\/deutschland\/habeck-will-kanzler-%e2%80%92-die-waehler-wollen-ihn-nicht\/#primaryimage\"},\"thumbnailUrl\":\"https:\/\/now-news.de\/de\/wp-content\/uploads\/sites\/3\/2024\/11\/Habeck-will-Kanzler-\u2012-Die-Waehler-wollen-ihn-nicht.jpg\",\"datePublished\":\"2024-11-09T11:36:59+00:00\",\"dateModified\":\"2024-11-09T11:36:59+00:00\",\"breadcrumb\":{\"@id\":\"https:\/\/now-news.de\/de\/deutschland\/habeck-will-kanzler-%e2%80%92-die-waehler-wollen-ihn-nicht\/#breadcrumb\"},\"inLanguage\":\"de\",\"potentialAction\":[{\"@type\":\"ReadAction\",\"target\":[\"https:\/\/now-news.de\/de\/deutschland\/habeck-will-kanzler-%e2%80%92-die-waehler-wollen-ihn-nicht\/\"]}]},{\"@type\":\"ImageObject\",\"inLanguage\":\"de\",\"@id\":\"https:\/\/now-news.de\/de\/deutschland\/habeck-will-kanzler-%e2%80%92-die-waehler-wollen-ihn-nicht\/#primaryimage\",\"url\":\"https:\/\/now-news.de\/de\/wp-content\/uploads\/sites\/3\/2024\/11\/Habeck-will-Kanzler-\u2012-Die-Waehler-wollen-ihn-nicht.jpg\",\"contentUrl\":\"https:\/\/now-news.de\/de\/wp-content\/uploads\/sites\/3\/2024\/11\/Habeck-will-Kanzler-\u2012-Die-Waehler-wollen-ihn-nicht.jpg\",\"width\":460,\"height\":259,\"caption\":\"Habeck will Kanzler \u2012 Die W\u00e4hler wollen ihn nicht\"},{\"@type\":\"BreadcrumbList\",\"@id\":\"https:\/\/now-news.de\/de\/deutschland\/habeck-will-kanzler-%e2%80%92-die-waehler-wollen-ihn-nicht\/#breadcrumb\",\"itemListElement\":[{\"@type\":\"ListItem\",\"position\":1,\"name\":\"Home\",\"item\":\"https:\/\/now-news.de\/de\/\"},{\"@type\":\"ListItem\",\"position\":2,\"name\":\"Habeck will Kanzler \u2012 Die W\u00e4hler wollen ihn nicht\"}]},{\"@type\":\"WebSite\",\"@id\":\"https:\/\/now-news.de\/de\/#website\",\"url\":\"https:\/\/now-news.de\/de\/\",\"name\":\"just-now.NEWS Deutschland\",\"description\":\"Das Portal f\u00fcr unzensierte Nachrichten aus der Welt\",\"publisher\":{\"@id\":\"https:\/\/now-news.de\/de\/#organization\"},\"potentialAction\":[{\"@type\":\"SearchAction\",\"target\":{\"@type\":\"EntryPoint\",\"urlTemplate\":\"https:\/\/now-news.de\/de\/?s={search_term_string}\"},\"query-input\":\"required name=search_term_string\"}],\"inLanguage\":\"de\"},{\"@type\":\"Organization\",\"@id\":\"https:\/\/now-news.de\/de\/#organization\",\"name\":\"Just Now News\",\"url\":\"https:\/\/now-news.de\/de\/\",\"logo\":{\"@type\":\"ImageObject\",\"inLanguage\":\"de\",\"@id\":\"https:\/\/now-news.de\/de\/#\/schema\/logo\/image\/\",\"url\":\"http:\/\/just-now.news\/de\/wp-content\/uploads\/sites\/3\/2022\/04\/logo500x500.jpg\",\"contentUrl\":\"http:\/\/just-now.news\/de\/wp-content\/uploads\/sites\/3\/2022\/04\/logo500x500.jpg\",\"width\":500,\"height\":500,\"caption\":\"Just Now News\"},\"image\":{\"@id\":\"https:\/\/now-news.de\/de\/#\/schema\/logo\/image\/\"},\"sameAs\":[\"https:\/\/www.facebook.com\/wirmachenauf\",\"https:\/\/x.com\/WirMachenAuf_de\"]},{\"@type\":\"Person\",\"@id\":\"https:\/\/now-news.de\/de\/#\/schema\/person\/fb534a4e865501d8b3285208df34a9b5\",\"name\":\"rtnews\",\"image\":{\"@type\":\"ImageObject\",\"inLanguage\":\"de\",\"@id\":\"https:\/\/now-news.de\/de\/#\/schema\/person\/image\/\",\"url\":\"https:\/\/secure.gravatar.com\/avatar\/82aafea7d8127119dd649515f56e2117?s=96&d=mm&r=g\",\"contentUrl\":\"https:\/\/secure.gravatar.com\/avatar\/82aafea7d8127119dd649515f56e2117?s=96&d=mm&r=g\",\"caption\":\"rtnews\"},\"url\":\"https:\/\/now-news.de\/de\/author\/rnews\/\"}]}<\/script>\n<!-- \/ Yoast SEO Premium plugin. -->","yoast_head_json":{"title":"Habeck will Kanzler \u2012 Die W\u00e4hler wollen ihn nicht - just-now.NEWS Deutschland","robots":{"index":"index","follow":"follow","max-snippet":"max-snippet:-1","max-image-preview":"max-image-preview:large","max-video-preview":"max-video-preview:-1"},"canonical":"https:\/\/now-news.de\/de\/deutschland\/habeck-will-kanzler-\u2012-die-waehler-wollen-ihn-nicht\/","og_locale":"de_DE","og_type":"article","og_title":"Habeck will Kanzler \u2012 Die W\u00e4hler wollen ihn nicht","og_description":"Robert Habeck will noch h\u00f6her hinaus. Der aktuelle Posten des Vize-Kanzlers entspricht nicht dem der pers\u00f6nlichen Eigenwahrnehmung. Nun m\u00f6chte Habeck &#8220;Kandidat f\u00fcr die Menschen in Deutschland&#8221; werden, also der empathische B\u00fcrgerkanzler. Autor Uli Gellermann erinnert an das j\u00fcngste politische Agieren des Karrieristen. Von Uli Gellermann Nun l\u00e4sst der Mann aus L\u00fcbeck seinen Ehrgeiz aus dem [&hellip;]","og_url":"https:\/\/now-news.de\/de\/deutschland\/habeck-will-kanzler-\u2012-die-waehler-wollen-ihn-nicht\/","og_site_name":"just-now.NEWS Deutschland","article_publisher":"https:\/\/www.facebook.com\/wirmachenauf","article_published_time":"2024-11-09T11:36:59+00:00","og_image":[{"url":"https:\/\/now-news.de\/de\/wp-content\/uploads\/sites\/3\/2024\/11\/672f211848fbef645a0d41b8.jpg"}],"author":"rtnews","twitter_card":"summary_large_image","twitter_creator":"@WirMachenAuf_de","twitter_site":"@WirMachenAuf_de","twitter_misc":{"Verfasst von":"rtnews","Gesch\u00e4tzte Lesezeit":"3\u00a0Minuten"},"schema":{"@context":"https:\/\/schema.org","@graph":[{"@type":"Article","@id":"https:\/\/now-news.de\/de\/deutschland\/habeck-will-kanzler-%e2%80%92-die-waehler-wollen-ihn-nicht\/#article","isPartOf":{"@id":"https:\/\/now-news.de\/de\/deutschland\/habeck-will-kanzler-%e2%80%92-die-waehler-wollen-ihn-nicht\/"},"author":{"name":"rtnews","@id":"https:\/\/now-news.de\/de\/#\/schema\/person\/fb534a4e865501d8b3285208df34a9b5"},"headline":"Habeck will Kanzler \u2012 Die W\u00e4hler wollen ihn nicht","datePublished":"2024-11-09T11:36:59+00:00","dateModified":"2024-11-09T11:36:59+00:00","mainEntityOfPage":{"@id":"https:\/\/now-news.de\/de\/deutschland\/habeck-will-kanzler-%e2%80%92-die-waehler-wollen-ihn-nicht\/"},"wordCount":628,"commentCount":0,"publisher":{"@id":"https:\/\/now-news.de\/de\/#organization"},"image":{"@id":"https:\/\/now-news.de\/de\/deutschland\/habeck-will-kanzler-%e2%80%92-die-waehler-wollen-ihn-nicht\/#primaryimage"},"thumbnailUrl":"https:\/\/now-news.de\/de\/wp-content\/uploads\/sites\/3\/2024\/11\/Habeck-will-Kanzler-\u2012-Die-Waehler-wollen-ihn-nicht.jpg","keywords":["die","Habeck","ihn","Kanzler","nicht","W\u00e4hler","wollen"],"articleSection":["Deutschland","Russland"],"inLanguage":"de","potentialAction":[{"@type":"CommentAction","name":"Comment","target":["https:\/\/now-news.de\/de\/deutschland\/habeck-will-kanzler-%e2%80%92-die-waehler-wollen-ihn-nicht\/#respond"]}]},{"@type":"WebPage","@id":"https:\/\/now-news.de\/de\/deutschland\/habeck-will-kanzler-%e2%80%92-die-waehler-wollen-ihn-nicht\/","url":"https:\/\/now-news.de\/de\/deutschland\/habeck-will-kanzler-%e2%80%92-die-waehler-wollen-ihn-nicht\/","name":"Habeck will Kanzler \u2012 Die W\u00e4hler wollen ihn nicht - just-now.NEWS Deutschland","isPartOf":{"@id":"https:\/\/now-news.de\/de\/#website"},"primaryImageOfPage":{"@id":"https:\/\/now-news.de\/de\/deutschland\/habeck-will-kanzler-%e2%80%92-die-waehler-wollen-ihn-nicht\/#primaryimage"},"image":{"@id":"https:\/\/now-news.de\/de\/deutschland\/habeck-will-kanzler-%e2%80%92-die-waehler-wollen-ihn-nicht\/#primaryimage"},"thumbnailUrl":"https:\/\/now-news.de\/de\/wp-content\/uploads\/sites\/3\/2024\/11\/Habeck-will-Kanzler-\u2012-Die-Waehler-wollen-ihn-nicht.jpg","datePublished":"2024-11-09T11:36:59+00:00","dateModified":"2024-11-09T11:36:59+00:00","breadcrumb":{"@id":"https:\/\/now-news.de\/de\/deutschland\/habeck-will-kanzler-%e2%80%92-die-waehler-wollen-ihn-nicht\/#breadcrumb"},"inLanguage":"de","potentialAction":[{"@type":"ReadAction","target":["https:\/\/now-news.de\/de\/deutschland\/habeck-will-kanzler-%e2%80%92-die-waehler-wollen-ihn-nicht\/"]}]},{"@type":"ImageObject","inLanguage":"de","@id":"https:\/\/now-news.de\/de\/deutschland\/habeck-will-kanzler-%e2%80%92-die-waehler-wollen-ihn-nicht\/#primaryimage","url":"https:\/\/now-news.de\/de\/wp-content\/uploads\/sites\/3\/2024\/11\/Habeck-will-Kanzler-\u2012-Die-Waehler-wollen-ihn-nicht.jpg","contentUrl":"https:\/\/now-news.de\/de\/wp-content\/uploads\/sites\/3\/2024\/11\/Habeck-will-Kanzler-\u2012-Die-Waehler-wollen-ihn-nicht.jpg","width":460,"height":259,"caption":"Habeck will Kanzler \u2012 Die W\u00e4hler wollen ihn nicht"},{"@type":"BreadcrumbList","@id":"https:\/\/now-news.de\/de\/deutschland\/habeck-will-kanzler-%e2%80%92-die-waehler-wollen-ihn-nicht\/#breadcrumb","itemListElement":[{"@type":"ListItem","position":1,"name":"Home","item":"https:\/\/now-news.de\/de\/"},{"@type":"ListItem","position":2,"name":"Habeck will Kanzler \u2012 Die W\u00e4hler wollen ihn nicht"}]},{"@type":"WebSite","@id":"https:\/\/now-news.de\/de\/#website","url":"https:\/\/now-news.de\/de\/","name":"just-now.NEWS Deutschland","description":"Das Portal f\u00fcr unzensierte Nachrichten aus der Welt","publisher":{"@id":"https:\/\/now-news.de\/de\/#organization"},"potentialAction":[{"@type":"SearchAction","target":{"@type":"EntryPoint","urlTemplate":"https:\/\/now-news.de\/de\/?s={search_term_string}"},"query-input":"required name=search_term_string"}],"inLanguage":"de"},{"@type":"Organization","@id":"https:\/\/now-news.de\/de\/#organization","name":"Just Now News","url":"https:\/\/now-news.de\/de\/","logo":{"@type":"ImageObject","inLanguage":"de","@id":"https:\/\/now-news.de\/de\/#\/schema\/logo\/image\/","url":"http:\/\/just-now.news\/de\/wp-content\/uploads\/sites\/3\/2022\/04\/logo500x500.jpg","contentUrl":"http:\/\/just-now.news\/de\/wp-content\/uploads\/sites\/3\/2022\/04\/logo500x500.jpg","width":500,"height":500,"caption":"Just Now News"},"image":{"@id":"https:\/\/now-news.de\/de\/#\/schema\/logo\/image\/"},"sameAs":["https:\/\/www.facebook.com\/wirmachenauf","https:\/\/x.com\/WirMachenAuf_de"]},{"@type":"Person","@id":"https:\/\/now-news.de\/de\/#\/schema\/person\/fb534a4e865501d8b3285208df34a9b5","name":"rtnews","image":{"@type":"ImageObject","inLanguage":"de","@id":"https:\/\/now-news.de\/de\/#\/schema\/person\/image\/","url":"https:\/\/secure.gravatar.com\/avatar\/82aafea7d8127119dd649515f56e2117?s=96&d=mm&r=g","contentUrl":"https:\/\/secure.gravatar.com\/avatar\/82aafea7d8127119dd649515f56e2117?s=96&d=mm&r=g","caption":"rtnews"},"url":"https:\/\/now-news.de\/de\/author\/rnews\/"}]}},"_links":{"self":[{"href":"https:\/\/now-news.de\/de\/wp-json\/wp\/v2\/posts\/72285"}],"collection":[{"href":"https:\/\/now-news.de\/de\/wp-json\/wp\/v2\/posts"}],"about":[{"href":"https:\/\/now-news.de\/de\/wp-json\/wp\/v2\/types\/post"}],"author":[{"embeddable":true,"href":"https:\/\/now-news.de\/de\/wp-json\/wp\/v2\/users\/3"}],"replies":[{"embeddable":true,"href":"https:\/\/now-news.de\/de\/wp-json\/wp\/v2\/comments?post=72285"}],"version-history":[{"count":0,"href":"https:\/\/now-news.de\/de\/wp-json\/wp\/v2\/posts\/72285\/revisions"}],"wp:featuredmedia":[{"embeddable":true,"href":"https:\/\/now-news.de\/de\/wp-json\/wp\/v2\/media\/72286"}],"wp:attachment":[{"href":"https:\/\/now-news.de\/de\/wp-json\/wp\/v2\/media?parent=72285"}],"wp:term":[{"taxonomy":"category","embeddable":true,"href":"https:\/\/now-news.de\/de\/wp-json\/wp\/v2\/categories?post=72285"},{"taxonomy":"post_tag","embeddable":true,"href":"https:\/\/now-news.de\/de\/wp-json\/wp\/v2\/tags?post=72285"}],"curies":[{"name":"wp","href":"https:\/\/api.w.org\/{rel}","templated":true}]}}