{"id":72265,"date":"2024-11-08T22:04:22","date_gmt":"2024-11-08T20:04:22","guid":{"rendered":"https:\/\/now-news.de\/de\/deutschland\/bericht-usa-verlegen-einen-weiteren-strategischen-bomber-nach-europa\/"},"modified":"2024-11-08T22:04:22","modified_gmt":"2024-11-08T20:04:22","slug":"bericht-usa-verlegen-einen-weiteren-strategischen-bomber-nach-europa","status":"publish","type":"post","link":"https:\/\/now-news.de\/de\/deutschland\/bericht-usa-verlegen-einen-weiteren-strategischen-bomber-nach-europa\/","title":{"rendered":"Bericht: USA verlegen einen weiteren strategischen Bomber nach Europa"},"content":{"rendered":"<p><img decoding=\"async\" src=\"https:\/\/now-news.de\/de\/wp-content\/uploads\/sites\/3\/2024\/11\/672e471b48fbef63036b4276.jpg\" \/><\/p>\n<div class=\"Text-root Text-type_1 \">\n                Britische Luftfahrtexperten sch\u00e4tzen, dass seit Anfang des Monats mindestens drei US-B-52 in das Land gekommen sind. Die B-52 wurde 1952 in Dienst gestellt und ist nach wie vor eine der S\u00e4ulen von Washingtons nuklearer Triade. Weitere werden auch erwartet.\n            <\/div>\n<p><\/p>\n<div class=\"Text-root Text-type_5 ArticleView-text ViewText-root \">\n<p>Ein strategischer US-Atombomber\u00a0vom Typ B-52 ist im Vereinigten K\u00f6nigreich gelandet, womit sich die Zahl der Landungen seit Anfang des Monats auf drei erh\u00f6ht hat, wie lokale Luftfahrtexperten berichten. Die US-Luftwaffe hatte zuvor eine bevorstehende Entsendung von Kampfflugzeugen nach Europa angek\u00fcndigt.<\/p>\n<p>Die B-52 wurde 1952 in Dienst gestellt und ist nach wie vor eine der S\u00e4ulen von Washingtons nuklearer Triade.<\/p>\n<p>Am Donnerstag meldete die Website RAF Fairford Movements, die auf die Verfolgung ein- und ausgehender Flugzeuge auf dem Luftwaffenst\u00fctzpunkt RAF Fairford in Gloucestershire spezialisiert ist, dass ein B52H-Bomber mit dem Codenamen ROPE32 gegen 14.30\u00a0Uhr Ortszeit eingetroffen sei.<\/p>\n<p>Nach Angaben von Luftfahrtexperten waren zwei weitere Kampfflugzeuge desselben Typs, FLUX11 und FLUX12, am Dienstag in Fairford gelandet.<\/p>\n<p>Lokalen Medien zufolge wird ein vierter US-amerikanischer strategischer Bomber voraussichtlich in den kommenden Tagen in Gro\u00dfbritannien eintreffen. Eines der Flugzeuge, das sich bereits auf dem Luftwaffenst\u00fctzpunkt befinden soll, hat Berichten zufolge vor seiner Landung im Vereinigten K\u00f6nigreich an \u00dcbungen mit den finnischen Luftstreitkr\u00e4ften teilgenommen.<\/p>\n<p>US-B-52-Flugzeuge waren bereits im Juni in Gro\u00dfbritannien eingetroffen.<\/p>\n<p>Am vergangenen Freitag gaben die US-Luftstreitkr\u00e4fte in Europa eine Erkl\u00e4rung ab, in der es hie\u00df, dass der &#8220;n\u00e4chste Einsatz der Bomber Task Force-Europe in den kommenden Tagen beginnen soll, wobei strategische US-Bomber vom US-Festland in den Zust\u00e4ndigkeitsbereich des US European Command verlegt werden&#8221;.<\/p>\n<p>Bei der &#8220;seit Langem geplanten&#8221;\u00a0\u00dcbung werden US-amerikanische Flugzeuge &#8220;mehrere Wochen lang an der Seite von NATO-Verb\u00fcndeten und Partnern trainieren und operieren und damit das Engagement der USA f\u00fcr globale Sicherheit und Stabilit\u00e4t demonstrieren&#8221;,\u00a0hei\u00dft es in der Erkl\u00e4rung weiter.<\/p>\n<p>Im vergangenen Oktober hatten die USA, Japan und S\u00fcdkorea zum ersten Mal gemeinsame Luft\u00fcbungen abgehalten, an denen auch mindestens ein US-amerikanischer B-52-Atombomber beteiligt gewesen war. Die Luftman\u00f6ver wurden von Nordkorea verurteilt, das solche \u00dcbungen als Vorbereitung auf eine m\u00f6gliche Aggression ansieht.<\/p>\n<p><strong>Mehr zum Thema \u2013\u00a0<\/strong><a rel=\"nofollow noopener\" target=\"_blank\" href=\"https:\/\/freedert.online\/international\/131481-liveticker-ukraine-krieg\/\">Liveticker Ukraine-Krieg<\/a><\/p>\n<\/div>\n<p><br \/>\n<br \/><a href=\"https:\/\/de.rt.com\/international\/225260-bericht-usa-verlegen-weiteren-strategischen-bomber-nach-europa\/\">Source link <\/a><\/p>\n","protected":false},"excerpt":{"rendered":"<p>Britische Luftfahrtexperten sch\u00e4tzen, dass seit Anfang des Monats mindestens drei US-B-52 in das Land gekommen sind. Die B-52 wurde 1952 in Dienst gestellt und ist nach wie vor eine der S\u00e4ulen von Washingtons nuklearer Triade. Weitere werden auch erwartet. Ein strategischer US-Atombomber\u00a0vom Typ B-52 ist im Vereinigten K\u00f6nigreich gelandet, womit sich die Zahl der Landungen [&hellip;]<\/p>\n","protected":false},"author":3,"featured_media":72266,"comment_status":"open","ping_status":"open","sticky":false,"template":"","format":"standard","meta":{"_yoast_indexnow_last_ping":["1731096612"],"wp_automatic_camp":["217"],"11504099b72ec5fc2e90a4b063434e2a":["Bericht: USA verlegen einen weiteren strategischen Bomber nach Europa"],"original_link":["https:\/\/de.rt.com\/international\/225260-bericht-usa-verlegen-weiteren-strategischen-bomber-nach-europa\/"],"_thumbnail_id":["72266"],"_wptgpro_p2tg_sent2tg":["a:1:{i:23737;s:19:\"2024-11-08 22:11:11\";}"],"jnews_social_counter_last_update":["1777324684"]},"categories":[19,23],"tags":[667,25410,768,1370,979,17065,193,24205,17302],"yoast_head":"<!-- This site is optimized with the Yoast SEO Premium plugin v22.7 (Yoast SEO v22.7) - https:\/\/yoast.com\/wordpress\/plugins\/seo\/ -->\n<title>Bericht: USA verlegen einen weiteren strategischen Bomber nach Europa - just-now.NEWS Deutschland<\/title>\n<meta name=\"robots\" content=\"index, follow, max-snippet:-1, max-image-preview:large, max-video-preview:-1\" \/>\n<link rel=\"canonical\" href=\"https:\/\/now-news.de\/de\/deutschland\/bericht-usa-verlegen-einen-weiteren-strategischen-bomber-nach-europa\/\" \/>\n<meta property=\"og:locale\" content=\"de_DE\" \/>\n<meta property=\"og:type\" content=\"article\" \/>\n<meta property=\"og:title\" content=\"Bericht: USA verlegen einen weiteren strategischen Bomber nach Europa\" \/>\n<meta property=\"og:description\" content=\"Britische Luftfahrtexperten sch\u00e4tzen, dass seit Anfang des Monats mindestens drei US-B-52 in das Land gekommen sind. Die B-52 wurde 1952 in Dienst gestellt und ist nach wie vor eine der S\u00e4ulen von Washingtons nuklearer Triade. Weitere werden auch erwartet. Ein strategischer US-Atombomber\u00a0vom Typ B-52 ist im Vereinigten K\u00f6nigreich gelandet, womit sich die Zahl der Landungen [&hellip;]\" \/>\n<meta property=\"og:url\" content=\"https:\/\/now-news.de\/de\/deutschland\/bericht-usa-verlegen-einen-weiteren-strategischen-bomber-nach-europa\/\" \/>\n<meta property=\"og:site_name\" content=\"just-now.NEWS Deutschland\" \/>\n<meta property=\"article:publisher\" content=\"https:\/\/www.facebook.com\/wirmachenauf\" \/>\n<meta property=\"article:published_time\" content=\"2024-11-08T20:04:22+00:00\" \/>\n<meta property=\"og:image\" content=\"https:\/\/now-news.de\/de\/wp-content\/uploads\/sites\/3\/2024\/11\/672e471b48fbef63036b4276.jpg\" \/>\n<meta name=\"author\" content=\"rtnews\" \/>\n<meta name=\"twitter:card\" content=\"summary_large_image\" \/>\n<meta name=\"twitter:creator\" content=\"@WirMachenAuf_de\" \/>\n<meta name=\"twitter:site\" content=\"@WirMachenAuf_de\" \/>\n<meta name=\"twitter:label1\" content=\"Verfasst von\" \/>\n\t<meta name=\"twitter:data1\" content=\"rtnews\" \/>\n\t<meta name=\"twitter:label2\" content=\"Gesch\u00e4tzte Lesezeit\" \/>\n\t<meta name=\"twitter:data2\" content=\"2\u00a0Minuten\" \/>\n<script type=\"application\/ld+json\" class=\"yoast-schema-graph\">{\"@context\":\"https:\/\/schema.org\",\"@graph\":[{\"@type\":\"Article\",\"@id\":\"https:\/\/now-news.de\/de\/deutschland\/bericht-usa-verlegen-einen-weiteren-strategischen-bomber-nach-europa\/#article\",\"isPartOf\":{\"@id\":\"https:\/\/now-news.de\/de\/deutschland\/bericht-usa-verlegen-einen-weiteren-strategischen-bomber-nach-europa\/\"},\"author\":{\"name\":\"rtnews\",\"@id\":\"https:\/\/now-news.de\/de\/#\/schema\/person\/fb534a4e865501d8b3285208df34a9b5\"},\"headline\":\"Bericht: USA verlegen einen weiteren strategischen Bomber nach Europa\",\"datePublished\":\"2024-11-08T20:04:22+00:00\",\"dateModified\":\"2024-11-08T20:04:22+00:00\",\"mainEntityOfPage\":{\"@id\":\"https:\/\/now-news.de\/de\/deutschland\/bericht-usa-verlegen-einen-weiteren-strategischen-bomber-nach-europa\/\"},\"wordCount\":373,\"commentCount\":0,\"publisher\":{\"@id\":\"https:\/\/now-news.de\/de\/#organization\"},\"image\":{\"@id\":\"https:\/\/now-news.de\/de\/deutschland\/bericht-usa-verlegen-einen-weiteren-strategischen-bomber-nach-europa\/#primaryimage\"},\"thumbnailUrl\":\"https:\/\/now-news.de\/de\/wp-content\/uploads\/sites\/3\/2024\/11\/Bericht-USA-verlegen-einen-weiteren-strategischen-Bomber-nach-Europa.jpg\",\"keywords\":[\"Bericht\",\"Bomber\",\"einen\",\"Europa\",\"nach\",\"strategischen\",\"USA\",\"verlegen\",\"weiteren\"],\"articleSection\":[\"Deutschland\",\"Russland\"],\"inLanguage\":\"de\",\"potentialAction\":[{\"@type\":\"CommentAction\",\"name\":\"Comment\",\"target\":[\"https:\/\/now-news.de\/de\/deutschland\/bericht-usa-verlegen-einen-weiteren-strategischen-bomber-nach-europa\/#respond\"]}]},{\"@type\":\"WebPage\",\"@id\":\"https:\/\/now-news.de\/de\/deutschland\/bericht-usa-verlegen-einen-weiteren-strategischen-bomber-nach-europa\/\",\"url\":\"https:\/\/now-news.de\/de\/deutschland\/bericht-usa-verlegen-einen-weiteren-strategischen-bomber-nach-europa\/\",\"name\":\"Bericht: USA verlegen einen weiteren strategischen Bomber nach Europa - just-now.NEWS Deutschland\",\"isPartOf\":{\"@id\":\"https:\/\/now-news.de\/de\/#website\"},\"primaryImageOfPage\":{\"@id\":\"https:\/\/now-news.de\/de\/deutschland\/bericht-usa-verlegen-einen-weiteren-strategischen-bomber-nach-europa\/#primaryimage\"},\"image\":{\"@id\":\"https:\/\/now-news.de\/de\/deutschland\/bericht-usa-verlegen-einen-weiteren-strategischen-bomber-nach-europa\/#primaryimage\"},\"thumbnailUrl\":\"https:\/\/now-news.de\/de\/wp-content\/uploads\/sites\/3\/2024\/11\/Bericht-USA-verlegen-einen-weiteren-strategischen-Bomber-nach-Europa.jpg\",\"datePublished\":\"2024-11-08T20:04:22+00:00\",\"dateModified\":\"2024-11-08T20:04:22+00:00\",\"breadcrumb\":{\"@id\":\"https:\/\/now-news.de\/de\/deutschland\/bericht-usa-verlegen-einen-weiteren-strategischen-bomber-nach-europa\/#breadcrumb\"},\"inLanguage\":\"de\",\"potentialAction\":[{\"@type\":\"ReadAction\",\"target\":[\"https:\/\/now-news.de\/de\/deutschland\/bericht-usa-verlegen-einen-weiteren-strategischen-bomber-nach-europa\/\"]}]},{\"@type\":\"ImageObject\",\"inLanguage\":\"de\",\"@id\":\"https:\/\/now-news.de\/de\/deutschland\/bericht-usa-verlegen-einen-weiteren-strategischen-bomber-nach-europa\/#primaryimage\",\"url\":\"https:\/\/now-news.de\/de\/wp-content\/uploads\/sites\/3\/2024\/11\/Bericht-USA-verlegen-einen-weiteren-strategischen-Bomber-nach-Europa.jpg\",\"contentUrl\":\"https:\/\/now-news.de\/de\/wp-content\/uploads\/sites\/3\/2024\/11\/Bericht-USA-verlegen-einen-weiteren-strategischen-Bomber-nach-Europa.jpg\",\"width\":460,\"height\":259,\"caption\":\"Bericht: USA verlegen einen weiteren strategischen Bomber nach Europa\"},{\"@type\":\"BreadcrumbList\",\"@id\":\"https:\/\/now-news.de\/de\/deutschland\/bericht-usa-verlegen-einen-weiteren-strategischen-bomber-nach-europa\/#breadcrumb\",\"itemListElement\":[{\"@type\":\"ListItem\",\"position\":1,\"name\":\"Home\",\"item\":\"https:\/\/now-news.de\/de\/\"},{\"@type\":\"ListItem\",\"position\":2,\"name\":\"Bericht: USA verlegen einen weiteren strategischen Bomber nach Europa\"}]},{\"@type\":\"WebSite\",\"@id\":\"https:\/\/now-news.de\/de\/#website\",\"url\":\"https:\/\/now-news.de\/de\/\",\"name\":\"just-now.NEWS Deutschland\",\"description\":\"Das Portal f\u00fcr unzensierte Nachrichten aus der Welt\",\"publisher\":{\"@id\":\"https:\/\/now-news.de\/de\/#organization\"},\"potentialAction\":[{\"@type\":\"SearchAction\",\"target\":{\"@type\":\"EntryPoint\",\"urlTemplate\":\"https:\/\/now-news.de\/de\/?s={search_term_string}\"},\"query-input\":\"required name=search_term_string\"}],\"inLanguage\":\"de\"},{\"@type\":\"Organization\",\"@id\":\"https:\/\/now-news.de\/de\/#organization\",\"name\":\"Just Now News\",\"url\":\"https:\/\/now-news.de\/de\/\",\"logo\":{\"@type\":\"ImageObject\",\"inLanguage\":\"de\",\"@id\":\"https:\/\/now-news.de\/de\/#\/schema\/logo\/image\/\",\"url\":\"http:\/\/just-now.news\/de\/wp-content\/uploads\/sites\/3\/2022\/04\/logo500x500.jpg\",\"contentUrl\":\"http:\/\/just-now.news\/de\/wp-content\/uploads\/sites\/3\/2022\/04\/logo500x500.jpg\",\"width\":500,\"height\":500,\"caption\":\"Just Now News\"},\"image\":{\"@id\":\"https:\/\/now-news.de\/de\/#\/schema\/logo\/image\/\"},\"sameAs\":[\"https:\/\/www.facebook.com\/wirmachenauf\",\"https:\/\/x.com\/WirMachenAuf_de\"]},{\"@type\":\"Person\",\"@id\":\"https:\/\/now-news.de\/de\/#\/schema\/person\/fb534a4e865501d8b3285208df34a9b5\",\"name\":\"rtnews\",\"image\":{\"@type\":\"ImageObject\",\"inLanguage\":\"de\",\"@id\":\"https:\/\/now-news.de\/de\/#\/schema\/person\/image\/\",\"url\":\"https:\/\/secure.gravatar.com\/avatar\/82aafea7d8127119dd649515f56e2117?s=96&d=mm&r=g\",\"contentUrl\":\"https:\/\/secure.gravatar.com\/avatar\/82aafea7d8127119dd649515f56e2117?s=96&d=mm&r=g\",\"caption\":\"rtnews\"},\"url\":\"https:\/\/now-news.de\/de\/author\/rnews\/\"}]}<\/script>\n<!-- \/ Yoast SEO Premium plugin. -->","yoast_head_json":{"title":"Bericht: USA verlegen einen weiteren strategischen Bomber nach Europa - just-now.NEWS Deutschland","robots":{"index":"index","follow":"follow","max-snippet":"max-snippet:-1","max-image-preview":"max-image-preview:large","max-video-preview":"max-video-preview:-1"},"canonical":"https:\/\/now-news.de\/de\/deutschland\/bericht-usa-verlegen-einen-weiteren-strategischen-bomber-nach-europa\/","og_locale":"de_DE","og_type":"article","og_title":"Bericht: USA verlegen einen weiteren strategischen Bomber nach Europa","og_description":"Britische Luftfahrtexperten sch\u00e4tzen, dass seit Anfang des Monats mindestens drei US-B-52 in das Land gekommen sind. Die B-52 wurde 1952 in Dienst gestellt und ist nach wie vor eine der S\u00e4ulen von Washingtons nuklearer Triade. Weitere werden auch erwartet. Ein strategischer US-Atombomber\u00a0vom Typ B-52 ist im Vereinigten K\u00f6nigreich gelandet, womit sich die Zahl der Landungen [&hellip;]","og_url":"https:\/\/now-news.de\/de\/deutschland\/bericht-usa-verlegen-einen-weiteren-strategischen-bomber-nach-europa\/","og_site_name":"just-now.NEWS Deutschland","article_publisher":"https:\/\/www.facebook.com\/wirmachenauf","article_published_time":"2024-11-08T20:04:22+00:00","og_image":[{"url":"https:\/\/now-news.de\/de\/wp-content\/uploads\/sites\/3\/2024\/11\/672e471b48fbef63036b4276.jpg"}],"author":"rtnews","twitter_card":"summary_large_image","twitter_creator":"@WirMachenAuf_de","twitter_site":"@WirMachenAuf_de","twitter_misc":{"Verfasst von":"rtnews","Gesch\u00e4tzte Lesezeit":"2\u00a0Minuten"},"schema":{"@context":"https:\/\/schema.org","@graph":[{"@type":"Article","@id":"https:\/\/now-news.de\/de\/deutschland\/bericht-usa-verlegen-einen-weiteren-strategischen-bomber-nach-europa\/#article","isPartOf":{"@id":"https:\/\/now-news.de\/de\/deutschland\/bericht-usa-verlegen-einen-weiteren-strategischen-bomber-nach-europa\/"},"author":{"name":"rtnews","@id":"https:\/\/now-news.de\/de\/#\/schema\/person\/fb534a4e865501d8b3285208df34a9b5"},"headline":"Bericht: USA verlegen einen weiteren strategischen Bomber nach Europa","datePublished":"2024-11-08T20:04:22+00:00","dateModified":"2024-11-08T20:04:22+00:00","mainEntityOfPage":{"@id":"https:\/\/now-news.de\/de\/deutschland\/bericht-usa-verlegen-einen-weiteren-strategischen-bomber-nach-europa\/"},"wordCount":373,"commentCount":0,"publisher":{"@id":"https:\/\/now-news.de\/de\/#organization"},"image":{"@id":"https:\/\/now-news.de\/de\/deutschland\/bericht-usa-verlegen-einen-weiteren-strategischen-bomber-nach-europa\/#primaryimage"},"thumbnailUrl":"https:\/\/now-news.de\/de\/wp-content\/uploads\/sites\/3\/2024\/11\/Bericht-USA-verlegen-einen-weiteren-strategischen-Bomber-nach-Europa.jpg","keywords":["Bericht","Bomber","einen","Europa","nach","strategischen","USA","verlegen","weiteren"],"articleSection":["Deutschland","Russland"],"inLanguage":"de","potentialAction":[{"@type":"CommentAction","name":"Comment","target":["https:\/\/now-news.de\/de\/deutschland\/bericht-usa-verlegen-einen-weiteren-strategischen-bomber-nach-europa\/#respond"]}]},{"@type":"WebPage","@id":"https:\/\/now-news.de\/de\/deutschland\/bericht-usa-verlegen-einen-weiteren-strategischen-bomber-nach-europa\/","url":"https:\/\/now-news.de\/de\/deutschland\/bericht-usa-verlegen-einen-weiteren-strategischen-bomber-nach-europa\/","name":"Bericht: USA verlegen einen weiteren strategischen Bomber nach Europa - just-now.NEWS Deutschland","isPartOf":{"@id":"https:\/\/now-news.de\/de\/#website"},"primaryImageOfPage":{"@id":"https:\/\/now-news.de\/de\/deutschland\/bericht-usa-verlegen-einen-weiteren-strategischen-bomber-nach-europa\/#primaryimage"},"image":{"@id":"https:\/\/now-news.de\/de\/deutschland\/bericht-usa-verlegen-einen-weiteren-strategischen-bomber-nach-europa\/#primaryimage"},"thumbnailUrl":"https:\/\/now-news.de\/de\/wp-content\/uploads\/sites\/3\/2024\/11\/Bericht-USA-verlegen-einen-weiteren-strategischen-Bomber-nach-Europa.jpg","datePublished":"2024-11-08T20:04:22+00:00","dateModified":"2024-11-08T20:04:22+00:00","breadcrumb":{"@id":"https:\/\/now-news.de\/de\/deutschland\/bericht-usa-verlegen-einen-weiteren-strategischen-bomber-nach-europa\/#breadcrumb"},"inLanguage":"de","potentialAction":[{"@type":"ReadAction","target":["https:\/\/now-news.de\/de\/deutschland\/bericht-usa-verlegen-einen-weiteren-strategischen-bomber-nach-europa\/"]}]},{"@type":"ImageObject","inLanguage":"de","@id":"https:\/\/now-news.de\/de\/deutschland\/bericht-usa-verlegen-einen-weiteren-strategischen-bomber-nach-europa\/#primaryimage","url":"https:\/\/now-news.de\/de\/wp-content\/uploads\/sites\/3\/2024\/11\/Bericht-USA-verlegen-einen-weiteren-strategischen-Bomber-nach-Europa.jpg","contentUrl":"https:\/\/now-news.de\/de\/wp-content\/uploads\/sites\/3\/2024\/11\/Bericht-USA-verlegen-einen-weiteren-strategischen-Bomber-nach-Europa.jpg","width":460,"height":259,"caption":"Bericht: USA verlegen einen weiteren strategischen Bomber nach Europa"},{"@type":"BreadcrumbList","@id":"https:\/\/now-news.de\/de\/deutschland\/bericht-usa-verlegen-einen-weiteren-strategischen-bomber-nach-europa\/#breadcrumb","itemListElement":[{"@type":"ListItem","position":1,"name":"Home","item":"https:\/\/now-news.de\/de\/"},{"@type":"ListItem","position":2,"name":"Bericht: USA verlegen einen weiteren strategischen Bomber nach Europa"}]},{"@type":"WebSite","@id":"https:\/\/now-news.de\/de\/#website","url":"https:\/\/now-news.de\/de\/","name":"just-now.NEWS Deutschland","description":"Das Portal f\u00fcr unzensierte Nachrichten aus der Welt","publisher":{"@id":"https:\/\/now-news.de\/de\/#organization"},"potentialAction":[{"@type":"SearchAction","target":{"@type":"EntryPoint","urlTemplate":"https:\/\/now-news.de\/de\/?s={search_term_string}"},"query-input":"required name=search_term_string"}],"inLanguage":"de"},{"@type":"Organization","@id":"https:\/\/now-news.de\/de\/#organization","name":"Just Now News","url":"https:\/\/now-news.de\/de\/","logo":{"@type":"ImageObject","inLanguage":"de","@id":"https:\/\/now-news.de\/de\/#\/schema\/logo\/image\/","url":"http:\/\/just-now.news\/de\/wp-content\/uploads\/sites\/3\/2022\/04\/logo500x500.jpg","contentUrl":"http:\/\/just-now.news\/de\/wp-content\/uploads\/sites\/3\/2022\/04\/logo500x500.jpg","width":500,"height":500,"caption":"Just Now News"},"image":{"@id":"https:\/\/now-news.de\/de\/#\/schema\/logo\/image\/"},"sameAs":["https:\/\/www.facebook.com\/wirmachenauf","https:\/\/x.com\/WirMachenAuf_de"]},{"@type":"Person","@id":"https:\/\/now-news.de\/de\/#\/schema\/person\/fb534a4e865501d8b3285208df34a9b5","name":"rtnews","image":{"@type":"ImageObject","inLanguage":"de","@id":"https:\/\/now-news.de\/de\/#\/schema\/person\/image\/","url":"https:\/\/secure.gravatar.com\/avatar\/82aafea7d8127119dd649515f56e2117?s=96&d=mm&r=g","contentUrl":"https:\/\/secure.gravatar.com\/avatar\/82aafea7d8127119dd649515f56e2117?s=96&d=mm&r=g","caption":"rtnews"},"url":"https:\/\/now-news.de\/de\/author\/rnews\/"}]}},"_links":{"self":[{"href":"https:\/\/now-news.de\/de\/wp-json\/wp\/v2\/posts\/72265"}],"collection":[{"href":"https:\/\/now-news.de\/de\/wp-json\/wp\/v2\/posts"}],"about":[{"href":"https:\/\/now-news.de\/de\/wp-json\/wp\/v2\/types\/post"}],"author":[{"embeddable":true,"href":"https:\/\/now-news.de\/de\/wp-json\/wp\/v2\/users\/3"}],"replies":[{"embeddable":true,"href":"https:\/\/now-news.de\/de\/wp-json\/wp\/v2\/comments?post=72265"}],"version-history":[{"count":0,"href":"https:\/\/now-news.de\/de\/wp-json\/wp\/v2\/posts\/72265\/revisions"}],"wp:featuredmedia":[{"embeddable":true,"href":"https:\/\/now-news.de\/de\/wp-json\/wp\/v2\/media\/72266"}],"wp:attachment":[{"href":"https:\/\/now-news.de\/de\/wp-json\/wp\/v2\/media?parent=72265"}],"wp:term":[{"taxonomy":"category","embeddable":true,"href":"https:\/\/now-news.de\/de\/wp-json\/wp\/v2\/categories?post=72265"},{"taxonomy":"post_tag","embeddable":true,"href":"https:\/\/now-news.de\/de\/wp-json\/wp\/v2\/tags?post=72265"}],"curies":[{"name":"wp","href":"https:\/\/api.w.org\/{rel}","templated":true}]}}