{"id":72263,"date":"2024-11-08T21:46:54","date_gmt":"2024-11-08T19:46:54","guid":{"rendered":"https:\/\/now-news.de\/de\/deutschland\/diplomatischer-eklat-israelische-polizei-nimmt-franzoesische-militaerangehoerige-in-jerusalem-fest\/"},"modified":"2024-11-08T21:46:54","modified_gmt":"2024-11-08T19:46:54","slug":"diplomatischer-eklat-israelische-polizei-nimmt-franzoesische-militaerangehoerige-in-jerusalem-fest","status":"publish","type":"post","link":"https:\/\/now-news.de\/de\/deutschland\/diplomatischer-eklat-israelische-polizei-nimmt-franzoesische-militaerangehoerige-in-jerusalem-fest\/","title":{"rendered":"Diplomatischer Eklat: Israelische Polizei nimmt franz\u00f6sische Milit\u00e4rangeh\u00f6rige in Jerusalem fest"},"content":{"rendered":"<p><img decoding=\"async\" src=\"https:\/\/now-news.de\/de\/wp-content\/uploads\/sites\/3\/2024\/11\/672e1257b480cc296247d842.jpg\" \/><\/p>\n<div class=\"Text-root Text-type_1 \">\n                Das von Frankreich verwaltete Kirchengel\u00e4nde im Osten Jerusalems ist am Donnerstag zum Schauplatz eines diplomatischen Zwischenfalls geworden. Die israelische Polizei nahm dabei in Jerusalem franz\u00f6sische Milit\u00e4rangeh\u00f6rige fest.\n            <\/div>\n<p><\/p>\n<div class=\"Text-root Text-type_5 ArticleView-text ViewText-root \">\n<p>Das\u00a0von Frankreich verwaltete Kirchengel\u00e4nde im Osten Jerusalems ist am Donnerstag zum Schauplatz eines diplomatischen Zwischenfalls geworden. Israelische Sicherheitskr\u00e4fte drangen unter Protest der anwesenden franz\u00f6sischen Sicherheitsbeamten in das Kirchengel\u00e4nde ein und nahmen zwei franz\u00f6sische Milit\u00e4rangeh\u00f6rige fest, die als Botschaftsangeh\u00f6rige eigentlich diplomatische Immunit\u00e4t genie\u00dfen.<\/p>\n<p data-v-755f0215=\"\" data-v-678c1b1c=\"\">Anwesende Journalisten filmten das rabiate Vorgehen der israelischen Sicherheitskr\u00e4fte, die einen der Gendarmen auf den Boden stie\u00dfen, obwohl dieser sie zuvor mit den Worten &#8220;Don&#8217;t touch me!&#8221; dazu aufgefordert hatte, ihn nicht zu ber\u00fchren. Beide Botschaftsangeh\u00f6rige, die am franz\u00f6sischen Generalkonsulat t\u00e4tig sind, wurden festgenommen und in Polizeiwagen verfrachtet. Sie kamen erst am Donnerstagabend wieder auf freien Fu\u00df.<\/p>\n<div class=\"EmbedBlock-root EmbedBlock-twitter\">\n<div class=\"TwitterEmbed\">\n<blockquote class=\"twitter-tweet lazyload\" data-twitter=\"twitter-tweet\">\n<p lang=\"en\" dir=\"ltr\">France has slammed Israel for compromising bilateral ties after Israeli forces stormed a Christian holy site under French administration in occupied east Jerusalem on 7 November, assaulting and detaining two gendarmes (French police officers) with French diplomatic status.The\u2026 <a rel=\"nofollow noopener\" target=\"_blank\" href=\"https:\/\/t.co\/1GGGUf3FsH\">pic.twitter.com\/1GGGUf3FsH<\/a><\/p>\n<p>\u2014 The Cradle (@TheCradleMedia) <a rel=\"nofollow noopener\" target=\"_blank\" href=\"https:\/\/twitter.com\/TheCradleMedia\/status\/1854855536967070104?ref_src=twsrc%5Etfw\">November 8, 2024<\/a><\/p><\/blockquote>\n<\/div>\n<\/div>\n<p data-v-755f0215=\"\" data-v-678c1b1c=\"\">Der franz\u00f6sische Au\u00dfenminister Jean-No\u00ebl Barrot ver\u00f6ffentlichte nach dem Vorfall eine Protestnote und bestellte den israelischen Botschafter in Paris &#8220;f\u00fcr die n\u00e4chsten Tage&#8221; ein. Auf den urspr\u00fcnglich geplanten Besuch der Paternoster-Kirche verzichtete er mit Verweis auf die nicht genehmigte Anwesenheit der israelischen Sicherheitsbeamten.<\/p>\n<p data-v-755f0215=\"\" data-v-678c1b1c=\"\">In Paris wird gemutma\u00dft, Israels Ministerpr\u00e4sident\u00a0Benjamin Netanjahu\u00a0habe Frankreich herausfordern wollen. Offiziell hat die UN-Vetomacht Frankreich die Besetzung Ost-Jerusalems durch Israel nicht anerkannt, de facto aber toleriert.<\/p>\n<p data-v-755f0215=\"\" data-v-678c1b1c=\"\">Die Beziehungen zwischen den beiden\u00a0Staaten sind bereits seit Juni angespannt. Damals wurde israelischen R\u00fcstungsunternehmen die Teilnahme an der R\u00fcstungsmesse Eurosatory in Frankreich verweigert. Als der franz\u00f6sische Pr\u00e4sident\u00a0Emmanuel Macron\u00a0Anfang Oktober ein Embargo f\u00fcr Waffenlieferungen an Israel forderte, nannte Netanjahu dessen \u00c4u\u00dferung eine &#8220;Schande&#8221;.<\/p>\n<p data-v-755f0215=\"\" data-v-678c1b1c=\"\"><strong>Mehr zum Thema<\/strong> &#8211; <a rel=\"nofollow noopener\" target=\"_blank\" href=\"https:\/\/freedert.online\/international\/225158-israels-parlament-verabschiedet-gesetz-um\/\">Israels Parlament verabschiedet Gesetz, um ganze Familien zu deportieren<\/a><\/p>\n<div class=\"EmbedBlock-root EmbedBlock-externalVideo EmbedBlock-vk\">\n<div class=\"VkEmbed\"><iframe class=\"lazyload\" data-src=\"https:\/\/vk.com\/video_ext.php?oid=-134310637&amp;id=456281138\" frameborder=\"0\" width=\"853\" height=\"480\" allowfullscreen><\/iframe><\/div>\n<\/div>\n<\/div>\n<p><script async src=\"https:\/\/platform.twitter.com\/widgets.js\" charset=\"utf-8\"><\/script><br \/>\n<br \/><br \/>\n<br \/><a href=\"https:\/\/de.rt.com\/der-nahe-osten\/225222-diplomatischer-eklat-israelische-polizei-nimmt\/\">Source link <\/a><\/p>\n","protected":false},"excerpt":{"rendered":"<p>Das von Frankreich verwaltete Kirchengel\u00e4nde im Osten Jerusalems ist am Donnerstag zum Schauplatz eines diplomatischen Zwischenfalls geworden. Die israelische Polizei nahm dabei in Jerusalem franz\u00f6sische Milit\u00e4rangeh\u00f6rige fest. Das\u00a0von Frankreich verwaltete Kirchengel\u00e4nde im Osten Jerusalems ist am Donnerstag zum Schauplatz eines diplomatischen Zwischenfalls geworden. Israelische Sicherheitskr\u00e4fte drangen unter Protest der anwesenden franz\u00f6sischen Sicherheitsbeamten in das Kirchengel\u00e4nde [&hellip;]<\/p>\n","protected":false},"author":3,"featured_media":72264,"comment_status":"open","ping_status":"open","sticky":false,"template":"","format":"standard","meta":{"_yoast_indexnow_last_ping":["1731095682"],"wp_automatic_camp":["217"],"4eead672162baea6eb1298dc4f11fa9e":["Diplomatischer Eklat: Israelische Polizei nimmt franz\u00f6sische Milit\u00e4rangeh\u00f6rige in Jerusalem fest"],"original_link":["https:\/\/de.rt.com\/der-nahe-osten\/225222-diplomatischer-eklat-israelische-polizei-nimmt\/"],"_thumbnail_id":["72264"],"_wptgpro_p2tg_sent2tg":["a:1:{i:23737;s:19:\"2024-11-08 21:56:43\";}"],"jnews_social_counter_last_update":["1777564554"]},"categories":[19,23],"tags":[31434,19866,19054,9969,1166,645,21822,5233,7579],"yoast_head":"<!-- This site is optimized with the Yoast SEO Premium plugin v22.7 (Yoast SEO v22.7) - https:\/\/yoast.com\/wordpress\/plugins\/seo\/ -->\n<title>Diplomatischer Eklat: Israelische Polizei nimmt franz\u00f6sische Milit\u00e4rangeh\u00f6rige in Jerusalem fest - just-now.NEWS Deutschland<\/title>\n<meta name=\"robots\" content=\"index, follow, max-snippet:-1, max-image-preview:large, max-video-preview:-1\" \/>\n<link rel=\"canonical\" href=\"https:\/\/now-news.de\/de\/deutschland\/diplomatischer-eklat-israelische-polizei-nimmt-franzoesische-militaerangehoerige-in-jerusalem-fest\/\" \/>\n<meta property=\"og:locale\" content=\"de_DE\" \/>\n<meta property=\"og:type\" content=\"article\" \/>\n<meta property=\"og:title\" content=\"Diplomatischer Eklat: Israelische Polizei nimmt franz\u00f6sische Milit\u00e4rangeh\u00f6rige in Jerusalem fest\" \/>\n<meta property=\"og:description\" content=\"Das von Frankreich verwaltete Kirchengel\u00e4nde im Osten Jerusalems ist am Donnerstag zum Schauplatz eines diplomatischen Zwischenfalls geworden. Die israelische Polizei nahm dabei in Jerusalem franz\u00f6sische Milit\u00e4rangeh\u00f6rige fest. Das\u00a0von Frankreich verwaltete Kirchengel\u00e4nde im Osten Jerusalems ist am Donnerstag zum Schauplatz eines diplomatischen Zwischenfalls geworden. Israelische Sicherheitskr\u00e4fte drangen unter Protest der anwesenden franz\u00f6sischen Sicherheitsbeamten in das Kirchengel\u00e4nde [&hellip;]\" \/>\n<meta property=\"og:url\" content=\"https:\/\/now-news.de\/de\/deutschland\/diplomatischer-eklat-israelische-polizei-nimmt-franzoesische-militaerangehoerige-in-jerusalem-fest\/\" \/>\n<meta property=\"og:site_name\" content=\"just-now.NEWS Deutschland\" \/>\n<meta property=\"article:publisher\" content=\"https:\/\/www.facebook.com\/wirmachenauf\" \/>\n<meta property=\"article:published_time\" content=\"2024-11-08T19:46:54+00:00\" \/>\n<meta property=\"og:image\" content=\"https:\/\/now-news.de\/de\/wp-content\/uploads\/sites\/3\/2024\/11\/672e1257b480cc296247d842.jpg\" \/>\n<meta name=\"author\" content=\"rtnews\" \/>\n<meta name=\"twitter:card\" content=\"summary_large_image\" \/>\n<meta name=\"twitter:creator\" content=\"@WirMachenAuf_de\" \/>\n<meta name=\"twitter:site\" content=\"@WirMachenAuf_de\" \/>\n<meta name=\"twitter:label1\" content=\"Verfasst von\" \/>\n\t<meta name=\"twitter:data1\" content=\"rtnews\" \/>\n\t<meta name=\"twitter:label2\" content=\"Gesch\u00e4tzte Lesezeit\" \/>\n\t<meta name=\"twitter:data2\" content=\"2\u00a0Minuten\" \/>\n<script type=\"application\/ld+json\" class=\"yoast-schema-graph\">{\"@context\":\"https:\/\/schema.org\",\"@graph\":[{\"@type\":\"Article\",\"@id\":\"https:\/\/now-news.de\/de\/deutschland\/diplomatischer-eklat-israelische-polizei-nimmt-franzoesische-militaerangehoerige-in-jerusalem-fest\/#article\",\"isPartOf\":{\"@id\":\"https:\/\/now-news.de\/de\/deutschland\/diplomatischer-eklat-israelische-polizei-nimmt-franzoesische-militaerangehoerige-in-jerusalem-fest\/\"},\"author\":{\"name\":\"rtnews\",\"@id\":\"https:\/\/now-news.de\/de\/#\/schema\/person\/fb534a4e865501d8b3285208df34a9b5\"},\"headline\":\"Diplomatischer Eklat: Israelische Polizei nimmt franz\u00f6sische Milit\u00e4rangeh\u00f6rige in Jerusalem fest\",\"datePublished\":\"2024-11-08T19:46:54+00:00\",\"dateModified\":\"2024-11-08T19:46:54+00:00\",\"mainEntityOfPage\":{\"@id\":\"https:\/\/now-news.de\/de\/deutschland\/diplomatischer-eklat-israelische-polizei-nimmt-franzoesische-militaerangehoerige-in-jerusalem-fest\/\"},\"wordCount\":354,\"commentCount\":0,\"publisher\":{\"@id\":\"https:\/\/now-news.de\/de\/#organization\"},\"image\":{\"@id\":\"https:\/\/now-news.de\/de\/deutschland\/diplomatischer-eklat-israelische-polizei-nimmt-franzoesische-militaerangehoerige-in-jerusalem-fest\/#primaryimage\"},\"thumbnailUrl\":\"https:\/\/now-news.de\/de\/wp-content\/uploads\/sites\/3\/2024\/11\/Diplomatischer-Eklat-Israelische-Polizei-nimmt-franzoesische-Militaerangehoerige-in-Jerusalem-fest.jpg\",\"keywords\":[\"Diplomatischer\",\"Eklat\",\"fest\",\"franz\u00f6sische\",\"Israelische\",\"Jerusalem\",\"Milit\u00e4rangeh\u00f6rige\",\"nimmt\",\"Polizei\"],\"articleSection\":[\"Deutschland\",\"Russland\"],\"inLanguage\":\"de\",\"potentialAction\":[{\"@type\":\"CommentAction\",\"name\":\"Comment\",\"target\":[\"https:\/\/now-news.de\/de\/deutschland\/diplomatischer-eklat-israelische-polizei-nimmt-franzoesische-militaerangehoerige-in-jerusalem-fest\/#respond\"]}]},{\"@type\":\"WebPage\",\"@id\":\"https:\/\/now-news.de\/de\/deutschland\/diplomatischer-eklat-israelische-polizei-nimmt-franzoesische-militaerangehoerige-in-jerusalem-fest\/\",\"url\":\"https:\/\/now-news.de\/de\/deutschland\/diplomatischer-eklat-israelische-polizei-nimmt-franzoesische-militaerangehoerige-in-jerusalem-fest\/\",\"name\":\"Diplomatischer Eklat: Israelische Polizei nimmt franz\u00f6sische Milit\u00e4rangeh\u00f6rige in Jerusalem fest - just-now.NEWS Deutschland\",\"isPartOf\":{\"@id\":\"https:\/\/now-news.de\/de\/#website\"},\"primaryImageOfPage\":{\"@id\":\"https:\/\/now-news.de\/de\/deutschland\/diplomatischer-eklat-israelische-polizei-nimmt-franzoesische-militaerangehoerige-in-jerusalem-fest\/#primaryimage\"},\"image\":{\"@id\":\"https:\/\/now-news.de\/de\/deutschland\/diplomatischer-eklat-israelische-polizei-nimmt-franzoesische-militaerangehoerige-in-jerusalem-fest\/#primaryimage\"},\"thumbnailUrl\":\"https:\/\/now-news.de\/de\/wp-content\/uploads\/sites\/3\/2024\/11\/Diplomatischer-Eklat-Israelische-Polizei-nimmt-franzoesische-Militaerangehoerige-in-Jerusalem-fest.jpg\",\"datePublished\":\"2024-11-08T19:46:54+00:00\",\"dateModified\":\"2024-11-08T19:46:54+00:00\",\"breadcrumb\":{\"@id\":\"https:\/\/now-news.de\/de\/deutschland\/diplomatischer-eklat-israelische-polizei-nimmt-franzoesische-militaerangehoerige-in-jerusalem-fest\/#breadcrumb\"},\"inLanguage\":\"de\",\"potentialAction\":[{\"@type\":\"ReadAction\",\"target\":[\"https:\/\/now-news.de\/de\/deutschland\/diplomatischer-eklat-israelische-polizei-nimmt-franzoesische-militaerangehoerige-in-jerusalem-fest\/\"]}]},{\"@type\":\"ImageObject\",\"inLanguage\":\"de\",\"@id\":\"https:\/\/now-news.de\/de\/deutschland\/diplomatischer-eklat-israelische-polizei-nimmt-franzoesische-militaerangehoerige-in-jerusalem-fest\/#primaryimage\",\"url\":\"https:\/\/now-news.de\/de\/wp-content\/uploads\/sites\/3\/2024\/11\/Diplomatischer-Eklat-Israelische-Polizei-nimmt-franzoesische-Militaerangehoerige-in-Jerusalem-fest.jpg\",\"contentUrl\":\"https:\/\/now-news.de\/de\/wp-content\/uploads\/sites\/3\/2024\/11\/Diplomatischer-Eklat-Israelische-Polizei-nimmt-franzoesische-Militaerangehoerige-in-Jerusalem-fest.jpg\",\"width\":460,\"height\":259,\"caption\":\"Diplomatischer Eklat: Israelische Polizei nimmt franz\u00f6sische Milit\u00e4rangeh\u00f6rige in Jerusalem fest\"},{\"@type\":\"BreadcrumbList\",\"@id\":\"https:\/\/now-news.de\/de\/deutschland\/diplomatischer-eklat-israelische-polizei-nimmt-franzoesische-militaerangehoerige-in-jerusalem-fest\/#breadcrumb\",\"itemListElement\":[{\"@type\":\"ListItem\",\"position\":1,\"name\":\"Home\",\"item\":\"https:\/\/now-news.de\/de\/\"},{\"@type\":\"ListItem\",\"position\":2,\"name\":\"Diplomatischer Eklat: Israelische Polizei nimmt franz\u00f6sische Milit\u00e4rangeh\u00f6rige in Jerusalem fest\"}]},{\"@type\":\"WebSite\",\"@id\":\"https:\/\/now-news.de\/de\/#website\",\"url\":\"https:\/\/now-news.de\/de\/\",\"name\":\"just-now.NEWS Deutschland\",\"description\":\"Das Portal f\u00fcr unzensierte Nachrichten aus der Welt\",\"publisher\":{\"@id\":\"https:\/\/now-news.de\/de\/#organization\"},\"potentialAction\":[{\"@type\":\"SearchAction\",\"target\":{\"@type\":\"EntryPoint\",\"urlTemplate\":\"https:\/\/now-news.de\/de\/?s={search_term_string}\"},\"query-input\":\"required name=search_term_string\"}],\"inLanguage\":\"de\"},{\"@type\":\"Organization\",\"@id\":\"https:\/\/now-news.de\/de\/#organization\",\"name\":\"Just Now News\",\"url\":\"https:\/\/now-news.de\/de\/\",\"logo\":{\"@type\":\"ImageObject\",\"inLanguage\":\"de\",\"@id\":\"https:\/\/now-news.de\/de\/#\/schema\/logo\/image\/\",\"url\":\"http:\/\/just-now.news\/de\/wp-content\/uploads\/sites\/3\/2022\/04\/logo500x500.jpg\",\"contentUrl\":\"http:\/\/just-now.news\/de\/wp-content\/uploads\/sites\/3\/2022\/04\/logo500x500.jpg\",\"width\":500,\"height\":500,\"caption\":\"Just Now News\"},\"image\":{\"@id\":\"https:\/\/now-news.de\/de\/#\/schema\/logo\/image\/\"},\"sameAs\":[\"https:\/\/www.facebook.com\/wirmachenauf\",\"https:\/\/x.com\/WirMachenAuf_de\"]},{\"@type\":\"Person\",\"@id\":\"https:\/\/now-news.de\/de\/#\/schema\/person\/fb534a4e865501d8b3285208df34a9b5\",\"name\":\"rtnews\",\"image\":{\"@type\":\"ImageObject\",\"inLanguage\":\"de\",\"@id\":\"https:\/\/now-news.de\/de\/#\/schema\/person\/image\/\",\"url\":\"https:\/\/secure.gravatar.com\/avatar\/82aafea7d8127119dd649515f56e2117?s=96&d=mm&r=g\",\"contentUrl\":\"https:\/\/secure.gravatar.com\/avatar\/82aafea7d8127119dd649515f56e2117?s=96&d=mm&r=g\",\"caption\":\"rtnews\"},\"url\":\"https:\/\/now-news.de\/de\/author\/rnews\/\"}]}<\/script>\n<!-- \/ Yoast SEO Premium plugin. -->","yoast_head_json":{"title":"Diplomatischer Eklat: Israelische Polizei nimmt franz\u00f6sische Milit\u00e4rangeh\u00f6rige in Jerusalem fest - just-now.NEWS Deutschland","robots":{"index":"index","follow":"follow","max-snippet":"max-snippet:-1","max-image-preview":"max-image-preview:large","max-video-preview":"max-video-preview:-1"},"canonical":"https:\/\/now-news.de\/de\/deutschland\/diplomatischer-eklat-israelische-polizei-nimmt-franzoesische-militaerangehoerige-in-jerusalem-fest\/","og_locale":"de_DE","og_type":"article","og_title":"Diplomatischer Eklat: Israelische Polizei nimmt franz\u00f6sische Milit\u00e4rangeh\u00f6rige in Jerusalem fest","og_description":"Das von Frankreich verwaltete Kirchengel\u00e4nde im Osten Jerusalems ist am Donnerstag zum Schauplatz eines diplomatischen Zwischenfalls geworden. Die israelische Polizei nahm dabei in Jerusalem franz\u00f6sische Milit\u00e4rangeh\u00f6rige fest. Das\u00a0von Frankreich verwaltete Kirchengel\u00e4nde im Osten Jerusalems ist am Donnerstag zum Schauplatz eines diplomatischen Zwischenfalls geworden. Israelische Sicherheitskr\u00e4fte drangen unter Protest der anwesenden franz\u00f6sischen Sicherheitsbeamten in das Kirchengel\u00e4nde [&hellip;]","og_url":"https:\/\/now-news.de\/de\/deutschland\/diplomatischer-eklat-israelische-polizei-nimmt-franzoesische-militaerangehoerige-in-jerusalem-fest\/","og_site_name":"just-now.NEWS Deutschland","article_publisher":"https:\/\/www.facebook.com\/wirmachenauf","article_published_time":"2024-11-08T19:46:54+00:00","og_image":[{"url":"https:\/\/now-news.de\/de\/wp-content\/uploads\/sites\/3\/2024\/11\/672e1257b480cc296247d842.jpg"}],"author":"rtnews","twitter_card":"summary_large_image","twitter_creator":"@WirMachenAuf_de","twitter_site":"@WirMachenAuf_de","twitter_misc":{"Verfasst von":"rtnews","Gesch\u00e4tzte Lesezeit":"2\u00a0Minuten"},"schema":{"@context":"https:\/\/schema.org","@graph":[{"@type":"Article","@id":"https:\/\/now-news.de\/de\/deutschland\/diplomatischer-eklat-israelische-polizei-nimmt-franzoesische-militaerangehoerige-in-jerusalem-fest\/#article","isPartOf":{"@id":"https:\/\/now-news.de\/de\/deutschland\/diplomatischer-eklat-israelische-polizei-nimmt-franzoesische-militaerangehoerige-in-jerusalem-fest\/"},"author":{"name":"rtnews","@id":"https:\/\/now-news.de\/de\/#\/schema\/person\/fb534a4e865501d8b3285208df34a9b5"},"headline":"Diplomatischer Eklat: Israelische Polizei nimmt franz\u00f6sische Milit\u00e4rangeh\u00f6rige in Jerusalem fest","datePublished":"2024-11-08T19:46:54+00:00","dateModified":"2024-11-08T19:46:54+00:00","mainEntityOfPage":{"@id":"https:\/\/now-news.de\/de\/deutschland\/diplomatischer-eklat-israelische-polizei-nimmt-franzoesische-militaerangehoerige-in-jerusalem-fest\/"},"wordCount":354,"commentCount":0,"publisher":{"@id":"https:\/\/now-news.de\/de\/#organization"},"image":{"@id":"https:\/\/now-news.de\/de\/deutschland\/diplomatischer-eklat-israelische-polizei-nimmt-franzoesische-militaerangehoerige-in-jerusalem-fest\/#primaryimage"},"thumbnailUrl":"https:\/\/now-news.de\/de\/wp-content\/uploads\/sites\/3\/2024\/11\/Diplomatischer-Eklat-Israelische-Polizei-nimmt-franzoesische-Militaerangehoerige-in-Jerusalem-fest.jpg","keywords":["Diplomatischer","Eklat","fest","franz\u00f6sische","Israelische","Jerusalem","Milit\u00e4rangeh\u00f6rige","nimmt","Polizei"],"articleSection":["Deutschland","Russland"],"inLanguage":"de","potentialAction":[{"@type":"CommentAction","name":"Comment","target":["https:\/\/now-news.de\/de\/deutschland\/diplomatischer-eklat-israelische-polizei-nimmt-franzoesische-militaerangehoerige-in-jerusalem-fest\/#respond"]}]},{"@type":"WebPage","@id":"https:\/\/now-news.de\/de\/deutschland\/diplomatischer-eklat-israelische-polizei-nimmt-franzoesische-militaerangehoerige-in-jerusalem-fest\/","url":"https:\/\/now-news.de\/de\/deutschland\/diplomatischer-eklat-israelische-polizei-nimmt-franzoesische-militaerangehoerige-in-jerusalem-fest\/","name":"Diplomatischer Eklat: Israelische Polizei nimmt franz\u00f6sische Milit\u00e4rangeh\u00f6rige in Jerusalem fest - just-now.NEWS Deutschland","isPartOf":{"@id":"https:\/\/now-news.de\/de\/#website"},"primaryImageOfPage":{"@id":"https:\/\/now-news.de\/de\/deutschland\/diplomatischer-eklat-israelische-polizei-nimmt-franzoesische-militaerangehoerige-in-jerusalem-fest\/#primaryimage"},"image":{"@id":"https:\/\/now-news.de\/de\/deutschland\/diplomatischer-eklat-israelische-polizei-nimmt-franzoesische-militaerangehoerige-in-jerusalem-fest\/#primaryimage"},"thumbnailUrl":"https:\/\/now-news.de\/de\/wp-content\/uploads\/sites\/3\/2024\/11\/Diplomatischer-Eklat-Israelische-Polizei-nimmt-franzoesische-Militaerangehoerige-in-Jerusalem-fest.jpg","datePublished":"2024-11-08T19:46:54+00:00","dateModified":"2024-11-08T19:46:54+00:00","breadcrumb":{"@id":"https:\/\/now-news.de\/de\/deutschland\/diplomatischer-eklat-israelische-polizei-nimmt-franzoesische-militaerangehoerige-in-jerusalem-fest\/#breadcrumb"},"inLanguage":"de","potentialAction":[{"@type":"ReadAction","target":["https:\/\/now-news.de\/de\/deutschland\/diplomatischer-eklat-israelische-polizei-nimmt-franzoesische-militaerangehoerige-in-jerusalem-fest\/"]}]},{"@type":"ImageObject","inLanguage":"de","@id":"https:\/\/now-news.de\/de\/deutschland\/diplomatischer-eklat-israelische-polizei-nimmt-franzoesische-militaerangehoerige-in-jerusalem-fest\/#primaryimage","url":"https:\/\/now-news.de\/de\/wp-content\/uploads\/sites\/3\/2024\/11\/Diplomatischer-Eklat-Israelische-Polizei-nimmt-franzoesische-Militaerangehoerige-in-Jerusalem-fest.jpg","contentUrl":"https:\/\/now-news.de\/de\/wp-content\/uploads\/sites\/3\/2024\/11\/Diplomatischer-Eklat-Israelische-Polizei-nimmt-franzoesische-Militaerangehoerige-in-Jerusalem-fest.jpg","width":460,"height":259,"caption":"Diplomatischer Eklat: Israelische Polizei nimmt franz\u00f6sische Milit\u00e4rangeh\u00f6rige in Jerusalem fest"},{"@type":"BreadcrumbList","@id":"https:\/\/now-news.de\/de\/deutschland\/diplomatischer-eklat-israelische-polizei-nimmt-franzoesische-militaerangehoerige-in-jerusalem-fest\/#breadcrumb","itemListElement":[{"@type":"ListItem","position":1,"name":"Home","item":"https:\/\/now-news.de\/de\/"},{"@type":"ListItem","position":2,"name":"Diplomatischer Eklat: Israelische Polizei nimmt franz\u00f6sische Milit\u00e4rangeh\u00f6rige in Jerusalem fest"}]},{"@type":"WebSite","@id":"https:\/\/now-news.de\/de\/#website","url":"https:\/\/now-news.de\/de\/","name":"just-now.NEWS Deutschland","description":"Das Portal f\u00fcr unzensierte Nachrichten aus der Welt","publisher":{"@id":"https:\/\/now-news.de\/de\/#organization"},"potentialAction":[{"@type":"SearchAction","target":{"@type":"EntryPoint","urlTemplate":"https:\/\/now-news.de\/de\/?s={search_term_string}"},"query-input":"required name=search_term_string"}],"inLanguage":"de"},{"@type":"Organization","@id":"https:\/\/now-news.de\/de\/#organization","name":"Just Now News","url":"https:\/\/now-news.de\/de\/","logo":{"@type":"ImageObject","inLanguage":"de","@id":"https:\/\/now-news.de\/de\/#\/schema\/logo\/image\/","url":"http:\/\/just-now.news\/de\/wp-content\/uploads\/sites\/3\/2022\/04\/logo500x500.jpg","contentUrl":"http:\/\/just-now.news\/de\/wp-content\/uploads\/sites\/3\/2022\/04\/logo500x500.jpg","width":500,"height":500,"caption":"Just Now News"},"image":{"@id":"https:\/\/now-news.de\/de\/#\/schema\/logo\/image\/"},"sameAs":["https:\/\/www.facebook.com\/wirmachenauf","https:\/\/x.com\/WirMachenAuf_de"]},{"@type":"Person","@id":"https:\/\/now-news.de\/de\/#\/schema\/person\/fb534a4e865501d8b3285208df34a9b5","name":"rtnews","image":{"@type":"ImageObject","inLanguage":"de","@id":"https:\/\/now-news.de\/de\/#\/schema\/person\/image\/","url":"https:\/\/secure.gravatar.com\/avatar\/82aafea7d8127119dd649515f56e2117?s=96&d=mm&r=g","contentUrl":"https:\/\/secure.gravatar.com\/avatar\/82aafea7d8127119dd649515f56e2117?s=96&d=mm&r=g","caption":"rtnews"},"url":"https:\/\/now-news.de\/de\/author\/rnews\/"}]}},"_links":{"self":[{"href":"https:\/\/now-news.de\/de\/wp-json\/wp\/v2\/posts\/72263"}],"collection":[{"href":"https:\/\/now-news.de\/de\/wp-json\/wp\/v2\/posts"}],"about":[{"href":"https:\/\/now-news.de\/de\/wp-json\/wp\/v2\/types\/post"}],"author":[{"embeddable":true,"href":"https:\/\/now-news.de\/de\/wp-json\/wp\/v2\/users\/3"}],"replies":[{"embeddable":true,"href":"https:\/\/now-news.de\/de\/wp-json\/wp\/v2\/comments?post=72263"}],"version-history":[{"count":0,"href":"https:\/\/now-news.de\/de\/wp-json\/wp\/v2\/posts\/72263\/revisions"}],"wp:featuredmedia":[{"embeddable":true,"href":"https:\/\/now-news.de\/de\/wp-json\/wp\/v2\/media\/72264"}],"wp:attachment":[{"href":"https:\/\/now-news.de\/de\/wp-json\/wp\/v2\/media?parent=72263"}],"wp:term":[{"taxonomy":"category","embeddable":true,"href":"https:\/\/now-news.de\/de\/wp-json\/wp\/v2\/categories?post=72263"},{"taxonomy":"post_tag","embeddable":true,"href":"https:\/\/now-news.de\/de\/wp-json\/wp\/v2\/tags?post=72263"}],"curies":[{"name":"wp","href":"https:\/\/api.w.org\/{rel}","templated":true}]}}