{"id":72162,"date":"2024-11-07T08:03:07","date_gmt":"2024-11-07T06:03:07","guid":{"rendered":"https:\/\/now-news.de\/de\/deutschland\/nach-ersten-geruechten-habeck-uebernimmt-doch-nicht-das-finanzministerium\/"},"modified":"2024-11-07T08:03:07","modified_gmt":"2024-11-07T06:03:07","slug":"nach-ersten-geruechten-habeck-uebernimmt-doch-nicht-das-finanzministerium","status":"publish","type":"post","link":"https:\/\/now-news.de\/de\/deutschland\/nach-ersten-geruechten-habeck-uebernimmt-doch-nicht-das-finanzministerium\/","title":{"rendered":"Nach ersten Ger\u00fcchten &#8211; Habeck \u00fcbernimmt doch nicht das Finanzministerium"},"content":{"rendered":"<p><img decoding=\"async\" src=\"https:\/\/now-news.de\/de\/wp-content\/uploads\/sites\/3\/2024\/11\/672c63d2b480cc324a13b789.jpg\" \/><\/p>\n<div class=\"Text-root Text-type_1 \">\n                In der Hauptstadt \u00fcberschlagen sich die Ereignisse. Nach der Entlassung von Finanzminister Lindner durch Bundeskanzler Scholz werden bisherige FDP-Ministerien kommissarisch von Gr\u00fcnen-Politikern \u00fcbernommen. Zudem wurde am Donnerstagmorgen bekannt, dass ein FDP-Minister der Regierung vorerst weiter als Parteiloser angeh\u00f6ren wird.\n            <\/div>\n<p><\/p>\n<div class=\"Text-root Text-type_5 ArticleView-text ViewText-root \">\n<p>Bundeskanzler Olaf Scholz hat den FDP-Vorsitzenden und Bundesfinanzminister Christian Lindner am Mittwochabend entlassen.<\/p>\n<p>Die Hauptstadtmedien berichteten am Donnerstagmorgen, dass die Spitzen der rot-gr\u00fcnen Regierung planen, dass nach dem Ende der Ampel bis auf Weiteres Wirtschaftsminister Robert Habeck den Finanzposten \u00fcbernehmen\u00a0wird.\u00a0Kurze Zeit sp\u00e4ter\u00a0erfolgten umgehende Dementis aus dem Kanzleramt. So informiert die <em>Bild<\/em>-Zeitung:<\/p>\n<p><em>&#8220;SPD-Generalsekret\u00e4r Matthias Miersch dementierte diese Meldung. &#8216;Es wird einen anderen Minister geben&#8217;, sagte er im ARD-Morgenmagazin. Wer es machen wird, sagte Miersch nicht.&#8221;<\/em><\/p>\n<p>Gegen 09:00 Uhr informiert dann die <em>ARD<\/em>-Tagesschau zu den vorerst j\u00fcngsten politischen Dynamiken innerhalb der Restregierung:<\/p>\n<p><em>&#8220;Der Nachfolger von Finanzminister Christian Lindner wird nach Informationen des ARD-Hauptstadtstudios J\u00f6rg Kukies. Er ist bislang Staatssekret\u00e4r im Kanzleramt und gilt als wichtiger Berater von Kanzler Scholz.&#8221;<\/em><\/p>\n<p>Bevor Kukies im Jahr 2021 in das Kanzleramt wechselte, war er Staatssekret\u00e4r im Bundesfinanzministerium,\u00a0geleitet vom vormaligen Finanzminister Olaf Scholz. Dazu hei\u00dft es in einem <a rel=\"nofollow noopener\" target=\"_blank\" href=\"https:\/\/www.freitag.de\/autoren\/werner-ruegemer\/die-im-dunkeln\">Artikel<\/a> aus dem Jahr 2018:<\/p>\n<p><em>&#8220;Rechnet man das hoch, d\u00fcrften also die Aktien, die Blackrock f\u00fcr seine Kunden allein in den 30 DAX-Konzernen h\u00e4lt, auf etwa 5.000 Briefkastenfirmen verteilt sein. Ob Bundesfinanzminister Olaf Scholz davon schon geh\u00f6rt hat? Was sagt sein Staatssekret\u00e4r J\u00f6rg Kukies dazu? Kukies war vormals bei Goldman Sachs \u2013 Blackrock ist dort Gro\u00dfaktion\u00e4r.&#8221;<\/em><\/p>\n<p>Die\u00a0<em>Bild<\/em>-Zeitung erfuhr zuvor, dass die Gr\u00fcnen damit &#8220;gleich drei der bislang vier FDP-Posten innerhalb der Bundesregierung \u00fcbernehmen sollen, solange Bundeskanzler Olaf Scholz\u00a0keine neuen Minister ernennt.&#8221;<\/p>\n<p>Zudem hie\u00df es, dass Innenministerin Nancy Faeser vorl\u00e4ufig die Amtsgesch\u00e4fte im Justizministerium von FDP-Mann Marco Buschmann \u00fcbernehmen k\u00f6nnte. Dazu informiert das Magazin <em>Der Spiegel<\/em> am fr\u00fchen Morgen:<\/p>\n<p><em>&#8220;Regierungskreise haben nun gegen\u00fcber dem Spiegel den Bild-Bericht dementiert. Unter anderem Verfassungsressorts wie etwa das Justizministerium und das Innenministerium d\u00fcrfen demnach gar nicht von ein und derselben Person geleitet werden. Habeck bezeichnete die Bild-Recherche im Deutschlandfunk als &#8216;Ente&#8217;. Das Finanzministerium strebe er demnach nicht an.&#8221;<\/em><\/p>\n<p>Mit der Entlassung von Christian Lindner waren auch die anderen FDP-Minister der Ampel zur\u00fcckgetreten.\u00a0Habeck \u00e4u\u00dferte sich am gestrigen Abend noch vor Journalisten zu den Hintergr\u00fcnden dieser Dynamik:<\/p>\n<div class=\"EmbedBlock-root EmbedBlock-twitter\">\n<div class=\"TwitterEmbed\">\n<blockquote class=\"twitter-tweet lazyload\" data-twitter=\"twitter-tweet\">\n<p lang=\"de\" dir=\"ltr\">Da ist Habeck, die Wahrheit raus gerutscht. Freudscher Versprecher <a rel=\"nofollow noopener\" target=\"_blank\" href=\"https:\/\/t.co\/A1zR9XejS5\">pic.twitter.com\/A1zR9XejS5<\/a><\/p>\n<p>\u2014 marc friedrich (@marcfriedrich7) <a rel=\"nofollow noopener\" target=\"_blank\" href=\"https:\/\/twitter.com\/marcfriedrich7\/status\/1854295096897802518?ref_src=twsrc%5Etfw\">November 6, 2024<\/a><\/p><\/blockquote>\n<\/div>\n<\/div>\n<p>Von den vier Ministerposten, die von der FDP besetzt wurden, sollen\u00a0nach bisherigen Pl\u00e4nen k\u00fcnftig\u00a0zumindest zwei von Gr\u00fcnen-Politikern besetzt werden. So hei\u00dft es laut vorl\u00e4ufigen Informationen aus dem Kanzleramt:<\/p>\n<p><em>&#8220;So vertritt die gr\u00fcne Familienministerin Lisa Paus die liberale Bildungsministerin Bettina Stark-Watzinger, die Aufgaben von Verkehrsminister Volker Wissing (FDP) \u00fcbernimmt Umweltministerin Steffi Lemke (Gr\u00fcne).&#8221;<\/em><\/p>\n<p>Aus der hauptst\u00e4dtischen Ger\u00fcchtek\u00fcche berichtete die\u00a0<em>Bild<\/em>-Zeitung wiederum, dass &#8220;Wissing m\u00f6glicherweise Minister bleiben wird und zur SPD \u00fcberlaufen k\u00f6nnte.&#8221; Dieses Ger\u00fccht wurde dann noch im Verlauf des Morgens politische Realit\u00e4t. So titelt das Springer-Blatt:<\/p>\n<p><em>&#8220;N\u00e4chster Ampel-Hammer: Wissing tritt aus FDP aus und bleibt Minister.&#8221;<\/em><\/p>\n<p>Der Bundeskanzler habe Wissing demnach &#8220;in einem pers\u00f6nlichen Gespr\u00e4ch&#8221; gefragt, ob er weiterhin Minister bleiben wolle,\u00a0erkl\u00e4rte\u00a0der nun Ex-FDPler in einer Pressekonferenz am Donnerstagmorgen, &#8220;er habe dies bejaht.&#8221; Weiter hei\u00dft es:<\/p>\n<p><em>&#8220;Das entspr\u00e4che seiner Vorstellung von Verantwortung und er habe deswegen &#8216;heute Morgen Christian Lindner meinen Austritt aus der Partei erkl\u00e4rt&#8217;.&#8221;<\/em><\/p>\n<p>Wissing erkl\u00e4rte zudem, dass er vorerst der Regierung als Parteiloser angeh\u00f6ren wird. Noch in der Nacht zuvor ver\u00f6ffentlichte Habeck ein offizielles Video-Statement:<\/p>\n<div class=\"EmbedBlock-root EmbedBlock-twitter\">\n<div class=\"TwitterEmbed\">\n<blockquote class=\"twitter-tweet lazyload\" data-twitter=\"twitter-tweet\">\n<p lang=\"de\" dir=\"ltr\">Bundesminister <a rel=\"nofollow noopener\" target=\"_blank\" href=\"https:\/\/twitter.com\/hashtag\/Habeck?src=hash&amp;ref_src=twsrc%5Etfw\">#Habeck<\/a>: &#8220;Inmitten der gro\u00dfen geopolitischen Herausforderungen ist die Regierungskoalition mit der FDP zerbrochen. Bis zu einer z\u00fcgigen Neuwahl werde ich mit gro\u00dfer Entschlossenheit die Regierungsgesch\u00e4fte weiterf\u00fchren, um das Land handlungsf\u00e4hig zu halten.&#8221; <a rel=\"nofollow noopener\" target=\"_blank\" href=\"https:\/\/t.co\/sf2mZ8zKcs\">pic.twitter.com\/sf2mZ8zKcs<\/a><\/p>\n<p>\u2014 Bundesministerium f\u00fcr Wirtschaft und Klimaschutz (@BMWK) <a rel=\"nofollow noopener\" target=\"_blank\" href=\"https:\/\/twitter.com\/BMWK\/status\/1854322148891922633?ref_src=twsrc%5Etfw\">November 7, 2024<\/a><\/p><\/blockquote>\n<\/div>\n<\/div>\n<p>Die SPD-Vorsitzende Esken erkl\u00e4rte gegen\u00fcber dem Sender\u00a0<em>RTL<\/em>\u00a0den vermeintlichen Ablauf im Kanzleramt:<\/p>\n<p><em>&#8220;Anderthalb bis zwei Stunden habe man verhandelt \u2013 am Ende stand\u00a0Christian Lindners (FDP)\u00a0Entlassung.\u00a0Das Problem sei die FDP gewesen, so Esken: &#8216;Dass wir nicht zu einer L\u00f6sung gekommen sind, lag nicht am Bundeskanzler.&#8217; Es sei besprochen worden, dass man es gemeinsam hinbekommen m\u00fcsse, mit einem Haushalt, der auch durchfinanziert sei. Lindner habe den Vorschlag von Kanzler\u00a0Olaf Scholz (SPD)\u00a0abgelehnt, wegen des Ukrainekrieges ein Notlageverfahren einzuleiten. &#8216;Und damit war f\u00fcr den Bundeskanzler die Notwendigkeit gegeben, zu sagen, gut: Dann m\u00fcssen wir es ohne Sie machen&#8217;, schilderte Esken. Das m\u00fcsse der Finanzminister dann hinnehmen, &#8216;und dann ist Lindner gegangen&#8217;, so Esken.&#8221;<\/em><\/p>\n<p>Der\u00a0Arbeitgeberverband Gesamtmetall hatte Bundeskanzler Olaf Scholz bereits am gestrigen Abend aufgefordert,\u00a0umgehend die Vertrauensfrage zu stellen und damit den Weg f\u00fcr Neuwahlen freizumachen. &#8220;Deutschland braucht eine Wirtschaftswende. Daf\u00fcr braucht es eine Richtungsentscheidung und handlungsf\u00e4hige Mehrheiten&#8221;, so Verbandspr\u00e4sident Stefan Wolf gegen\u00fcber der\u00a0<em>Bild<\/em>-Zeitung.<\/p>\n<p>Die AfD-Spitze bezeichnete das Ende der Ampel als &#8220;Befreiung&#8221;. Die Parteivorsitzende Alice Weidel forderte den Bundeskanzler Olaf Scholz im <em>MDR<\/em>\u00a0auf, die Vertrauensfrage sofort zu stellen.\u00a0Zuvor hatten bereits CDU-Chef Friedrich Merz und CSU-Chef Markus S\u00f6der dieselbe Forderung erhoben.<\/p>\n<p>Scholz gab dann am sp\u00e4ten Mittwochabend noch bekannt, dass vorgezogene Neuwahlen im M\u00e4rz 2025 angestrebt w\u00fcrden. Esken betonte gegen\u00fcber\u00a0<em>RTL<\/em>, dass\u00a0sie fest damit\u00a0rechne, dass Scholz erneut als Kanzlerkandidat antreten werde.<\/p>\n<p><em> &#8220;Wir gehen gemeinsam in den Wahlkampf, und wir sind \u00fcberzeugt, dass wir die Wahl auch gewinnen.&#8221;<\/em><\/p>\n<p><strong>Mehr zum Thema &#8211;<\/strong>\u00a0<a rel=\"nofollow noopener\" target=\"_blank\" href=\"https:\/\/freedert.online\/inland\/225032-nach-entlassung-von-lindner-scholz-strebt-neuwahlen-an\/\">Nach Entlassung von Lindner: Scholz strebt Neuwahlen im M\u00e4rz 2025 an<\/a><\/p>\n<div class=\"EmbedBlock-root EmbedBlock-externalVideo EmbedBlock-rumble\">\n<div class=\"VkEmbed\"><iframe class=\"lazyload\" data-src=\"https:\/\/rumble.com\/embed\/v5k7pk8\" frameborder=\"0\" width=\"853\" height=\"480\" allowfullscreen><\/iframe><\/div>\n<\/div>\n<\/div>\n<p><script async src=\"https:\/\/platform.twitter.com\/widgets.js\" charset=\"utf-8\"><\/script><br \/>\n<br \/><br \/>\n<br \/><a href=\"https:\/\/de.rt.com\/inland\/225041-berliner-geruechtekueche-habeck-uebernimmt-bis\/\">Source link <\/a><\/p>\n","protected":false},"excerpt":{"rendered":"<p>In der Hauptstadt \u00fcberschlagen sich die Ereignisse. Nach der Entlassung von Finanzminister Lindner durch Bundeskanzler Scholz werden bisherige FDP-Ministerien kommissarisch von Gr\u00fcnen-Politikern \u00fcbernommen. Zudem wurde am Donnerstagmorgen bekannt, dass ein FDP-Minister der Regierung vorerst weiter als Parteiloser angeh\u00f6ren wird. Bundeskanzler Olaf Scholz hat den FDP-Vorsitzenden und Bundesfinanzminister Christian Lindner am Mittwochabend entlassen. Die Hauptstadtmedien berichteten [&hellip;]<\/p>\n","protected":false},"author":3,"featured_media":72163,"comment_status":"open","ping_status":"open","sticky":false,"template":"","format":"standard","meta":{"_yoast_indexnow_last_ping":["1730970480"],"wp_automatic_camp":["217"],"bb972c6e709ad23e18d3859eb8b9a1e9":["Nach ersten Ger\u00fcchten - Habeck \u00fcbernimmt doch nicht das Finanzministerium"],"original_link":["https:\/\/de.rt.com\/inland\/225041-berliner-geruechtekueche-habeck-uebernimmt-bis\/"],"_thumbnail_id":["72163"],"jnews_social_counter_last_update":["1777103819"],"_wptgpro_p2tg_sent2tg":["a:1:{i:23737;s:19:\"2024-11-07 11:09:40\";}"]},"categories":[19,23],"tags":[427,9898,4899,20505,41552,911,979,800,10000],"yoast_head":"<!-- This site is optimized with the Yoast SEO Premium plugin v22.7 (Yoast SEO v22.7) - https:\/\/yoast.com\/wordpress\/plugins\/seo\/ -->\n<title>Nach ersten Ger\u00fcchten - Habeck \u00fcbernimmt doch nicht das Finanzministerium - just-now.NEWS Deutschland<\/title>\n<meta name=\"robots\" content=\"index, follow, max-snippet:-1, max-image-preview:large, max-video-preview:-1\" \/>\n<link rel=\"canonical\" href=\"https:\/\/now-news.de\/de\/deutschland\/nach-ersten-geruechten-habeck-uebernimmt-doch-nicht-das-finanzministerium\/\" \/>\n<meta property=\"og:locale\" content=\"de_DE\" \/>\n<meta property=\"og:type\" content=\"article\" \/>\n<meta property=\"og:title\" content=\"Nach ersten Ger\u00fcchten - Habeck \u00fcbernimmt doch nicht das Finanzministerium\" \/>\n<meta property=\"og:description\" content=\"In der Hauptstadt \u00fcberschlagen sich die Ereignisse. Nach der Entlassung von Finanzminister Lindner durch Bundeskanzler Scholz werden bisherige FDP-Ministerien kommissarisch von Gr\u00fcnen-Politikern \u00fcbernommen. Zudem wurde am Donnerstagmorgen bekannt, dass ein FDP-Minister der Regierung vorerst weiter als Parteiloser angeh\u00f6ren wird. Bundeskanzler Olaf Scholz hat den FDP-Vorsitzenden und Bundesfinanzminister Christian Lindner am Mittwochabend entlassen. Die Hauptstadtmedien berichteten [&hellip;]\" \/>\n<meta property=\"og:url\" content=\"https:\/\/now-news.de\/de\/deutschland\/nach-ersten-geruechten-habeck-uebernimmt-doch-nicht-das-finanzministerium\/\" \/>\n<meta property=\"og:site_name\" content=\"just-now.NEWS Deutschland\" \/>\n<meta property=\"article:publisher\" content=\"https:\/\/www.facebook.com\/wirmachenauf\" \/>\n<meta property=\"article:published_time\" content=\"2024-11-07T06:03:07+00:00\" \/>\n<meta property=\"og:image\" content=\"https:\/\/now-news.de\/de\/wp-content\/uploads\/sites\/3\/2024\/11\/672c63d2b480cc324a13b789.jpg\" \/>\n<meta name=\"author\" content=\"rtnews\" \/>\n<meta name=\"twitter:card\" content=\"summary_large_image\" \/>\n<meta name=\"twitter:creator\" content=\"@WirMachenAuf_de\" \/>\n<meta name=\"twitter:site\" content=\"@WirMachenAuf_de\" \/>\n<meta name=\"twitter:label1\" content=\"Verfasst von\" \/>\n\t<meta name=\"twitter:data1\" content=\"rtnews\" \/>\n\t<meta name=\"twitter:label2\" content=\"Gesch\u00e4tzte Lesezeit\" \/>\n\t<meta name=\"twitter:data2\" content=\"5\u00a0Minuten\" \/>\n<script type=\"application\/ld+json\" class=\"yoast-schema-graph\">{\"@context\":\"https:\/\/schema.org\",\"@graph\":[{\"@type\":\"Article\",\"@id\":\"https:\/\/now-news.de\/de\/deutschland\/nach-ersten-geruechten-habeck-uebernimmt-doch-nicht-das-finanzministerium\/#article\",\"isPartOf\":{\"@id\":\"https:\/\/now-news.de\/de\/deutschland\/nach-ersten-geruechten-habeck-uebernimmt-doch-nicht-das-finanzministerium\/\"},\"author\":{\"name\":\"rtnews\",\"@id\":\"https:\/\/now-news.de\/de\/#\/schema\/person\/fb534a4e865501d8b3285208df34a9b5\"},\"headline\":\"Nach ersten Ger\u00fcchten &#8211; Habeck \u00fcbernimmt doch nicht das Finanzministerium\",\"datePublished\":\"2024-11-07T06:03:07+00:00\",\"dateModified\":\"2024-11-07T06:03:07+00:00\",\"mainEntityOfPage\":{\"@id\":\"https:\/\/now-news.de\/de\/deutschland\/nach-ersten-geruechten-habeck-uebernimmt-doch-nicht-das-finanzministerium\/\"},\"wordCount\":946,\"commentCount\":0,\"publisher\":{\"@id\":\"https:\/\/now-news.de\/de\/#organization\"},\"image\":{\"@id\":\"https:\/\/now-news.de\/de\/deutschland\/nach-ersten-geruechten-habeck-uebernimmt-doch-nicht-das-finanzministerium\/#primaryimage\"},\"thumbnailUrl\":\"https:\/\/now-news.de\/de\/wp-content\/uploads\/sites\/3\/2024\/11\/Nach-ersten-Geruechten-Habeck-uebernimmt-doch-nicht-das-Finanzministerium.jpg\",\"keywords\":[\"das\",\"doch\",\"ersten\",\"Finanzministerium\",\"Ger\u00fcchten\",\"Habeck\",\"nach\",\"nicht\",\"\u00fcbernimmt\"],\"articleSection\":[\"Deutschland\",\"Russland\"],\"inLanguage\":\"de\",\"potentialAction\":[{\"@type\":\"CommentAction\",\"name\":\"Comment\",\"target\":[\"https:\/\/now-news.de\/de\/deutschland\/nach-ersten-geruechten-habeck-uebernimmt-doch-nicht-das-finanzministerium\/#respond\"]}]},{\"@type\":\"WebPage\",\"@id\":\"https:\/\/now-news.de\/de\/deutschland\/nach-ersten-geruechten-habeck-uebernimmt-doch-nicht-das-finanzministerium\/\",\"url\":\"https:\/\/now-news.de\/de\/deutschland\/nach-ersten-geruechten-habeck-uebernimmt-doch-nicht-das-finanzministerium\/\",\"name\":\"Nach ersten Ger\u00fcchten - Habeck \u00fcbernimmt doch nicht das Finanzministerium - just-now.NEWS Deutschland\",\"isPartOf\":{\"@id\":\"https:\/\/now-news.de\/de\/#website\"},\"primaryImageOfPage\":{\"@id\":\"https:\/\/now-news.de\/de\/deutschland\/nach-ersten-geruechten-habeck-uebernimmt-doch-nicht-das-finanzministerium\/#primaryimage\"},\"image\":{\"@id\":\"https:\/\/now-news.de\/de\/deutschland\/nach-ersten-geruechten-habeck-uebernimmt-doch-nicht-das-finanzministerium\/#primaryimage\"},\"thumbnailUrl\":\"https:\/\/now-news.de\/de\/wp-content\/uploads\/sites\/3\/2024\/11\/Nach-ersten-Geruechten-Habeck-uebernimmt-doch-nicht-das-Finanzministerium.jpg\",\"datePublished\":\"2024-11-07T06:03:07+00:00\",\"dateModified\":\"2024-11-07T06:03:07+00:00\",\"breadcrumb\":{\"@id\":\"https:\/\/now-news.de\/de\/deutschland\/nach-ersten-geruechten-habeck-uebernimmt-doch-nicht-das-finanzministerium\/#breadcrumb\"},\"inLanguage\":\"de\",\"potentialAction\":[{\"@type\":\"ReadAction\",\"target\":[\"https:\/\/now-news.de\/de\/deutschland\/nach-ersten-geruechten-habeck-uebernimmt-doch-nicht-das-finanzministerium\/\"]}]},{\"@type\":\"ImageObject\",\"inLanguage\":\"de\",\"@id\":\"https:\/\/now-news.de\/de\/deutschland\/nach-ersten-geruechten-habeck-uebernimmt-doch-nicht-das-finanzministerium\/#primaryimage\",\"url\":\"https:\/\/now-news.de\/de\/wp-content\/uploads\/sites\/3\/2024\/11\/Nach-ersten-Geruechten-Habeck-uebernimmt-doch-nicht-das-Finanzministerium.jpg\",\"contentUrl\":\"https:\/\/now-news.de\/de\/wp-content\/uploads\/sites\/3\/2024\/11\/Nach-ersten-Geruechten-Habeck-uebernimmt-doch-nicht-das-Finanzministerium.jpg\",\"width\":460,\"height\":259,\"caption\":\"Nach ersten Ger\u00fcchten - Habeck \u00fcbernimmt doch nicht das Finanzministerium\"},{\"@type\":\"BreadcrumbList\",\"@id\":\"https:\/\/now-news.de\/de\/deutschland\/nach-ersten-geruechten-habeck-uebernimmt-doch-nicht-das-finanzministerium\/#breadcrumb\",\"itemListElement\":[{\"@type\":\"ListItem\",\"position\":1,\"name\":\"Home\",\"item\":\"https:\/\/now-news.de\/de\/\"},{\"@type\":\"ListItem\",\"position\":2,\"name\":\"Nach ersten Ger\u00fcchten &#8211; Habeck \u00fcbernimmt doch nicht das Finanzministerium\"}]},{\"@type\":\"WebSite\",\"@id\":\"https:\/\/now-news.de\/de\/#website\",\"url\":\"https:\/\/now-news.de\/de\/\",\"name\":\"just-now.NEWS Deutschland\",\"description\":\"Das Portal f\u00fcr unzensierte Nachrichten aus der Welt\",\"publisher\":{\"@id\":\"https:\/\/now-news.de\/de\/#organization\"},\"potentialAction\":[{\"@type\":\"SearchAction\",\"target\":{\"@type\":\"EntryPoint\",\"urlTemplate\":\"https:\/\/now-news.de\/de\/?s={search_term_string}\"},\"query-input\":\"required name=search_term_string\"}],\"inLanguage\":\"de\"},{\"@type\":\"Organization\",\"@id\":\"https:\/\/now-news.de\/de\/#organization\",\"name\":\"Just Now News\",\"url\":\"https:\/\/now-news.de\/de\/\",\"logo\":{\"@type\":\"ImageObject\",\"inLanguage\":\"de\",\"@id\":\"https:\/\/now-news.de\/de\/#\/schema\/logo\/image\/\",\"url\":\"http:\/\/just-now.news\/de\/wp-content\/uploads\/sites\/3\/2022\/04\/logo500x500.jpg\",\"contentUrl\":\"http:\/\/just-now.news\/de\/wp-content\/uploads\/sites\/3\/2022\/04\/logo500x500.jpg\",\"width\":500,\"height\":500,\"caption\":\"Just Now News\"},\"image\":{\"@id\":\"https:\/\/now-news.de\/de\/#\/schema\/logo\/image\/\"},\"sameAs\":[\"https:\/\/www.facebook.com\/wirmachenauf\",\"https:\/\/x.com\/WirMachenAuf_de\"]},{\"@type\":\"Person\",\"@id\":\"https:\/\/now-news.de\/de\/#\/schema\/person\/fb534a4e865501d8b3285208df34a9b5\",\"name\":\"rtnews\",\"image\":{\"@type\":\"ImageObject\",\"inLanguage\":\"de\",\"@id\":\"https:\/\/now-news.de\/de\/#\/schema\/person\/image\/\",\"url\":\"https:\/\/secure.gravatar.com\/avatar\/82aafea7d8127119dd649515f56e2117?s=96&d=mm&r=g\",\"contentUrl\":\"https:\/\/secure.gravatar.com\/avatar\/82aafea7d8127119dd649515f56e2117?s=96&d=mm&r=g\",\"caption\":\"rtnews\"},\"url\":\"https:\/\/now-news.de\/de\/author\/rnews\/\"}]}<\/script>\n<!-- \/ Yoast SEO Premium plugin. -->","yoast_head_json":{"title":"Nach ersten Ger\u00fcchten - Habeck \u00fcbernimmt doch nicht das Finanzministerium - just-now.NEWS Deutschland","robots":{"index":"index","follow":"follow","max-snippet":"max-snippet:-1","max-image-preview":"max-image-preview:large","max-video-preview":"max-video-preview:-1"},"canonical":"https:\/\/now-news.de\/de\/deutschland\/nach-ersten-geruechten-habeck-uebernimmt-doch-nicht-das-finanzministerium\/","og_locale":"de_DE","og_type":"article","og_title":"Nach ersten Ger\u00fcchten - Habeck \u00fcbernimmt doch nicht das Finanzministerium","og_description":"In der Hauptstadt \u00fcberschlagen sich die Ereignisse. Nach der Entlassung von Finanzminister Lindner durch Bundeskanzler Scholz werden bisherige FDP-Ministerien kommissarisch von Gr\u00fcnen-Politikern \u00fcbernommen. Zudem wurde am Donnerstagmorgen bekannt, dass ein FDP-Minister der Regierung vorerst weiter als Parteiloser angeh\u00f6ren wird. Bundeskanzler Olaf Scholz hat den FDP-Vorsitzenden und Bundesfinanzminister Christian Lindner am Mittwochabend entlassen. Die Hauptstadtmedien berichteten [&hellip;]","og_url":"https:\/\/now-news.de\/de\/deutschland\/nach-ersten-geruechten-habeck-uebernimmt-doch-nicht-das-finanzministerium\/","og_site_name":"just-now.NEWS Deutschland","article_publisher":"https:\/\/www.facebook.com\/wirmachenauf","article_published_time":"2024-11-07T06:03:07+00:00","og_image":[{"url":"https:\/\/now-news.de\/de\/wp-content\/uploads\/sites\/3\/2024\/11\/672c63d2b480cc324a13b789.jpg"}],"author":"rtnews","twitter_card":"summary_large_image","twitter_creator":"@WirMachenAuf_de","twitter_site":"@WirMachenAuf_de","twitter_misc":{"Verfasst von":"rtnews","Gesch\u00e4tzte Lesezeit":"5\u00a0Minuten"},"schema":{"@context":"https:\/\/schema.org","@graph":[{"@type":"Article","@id":"https:\/\/now-news.de\/de\/deutschland\/nach-ersten-geruechten-habeck-uebernimmt-doch-nicht-das-finanzministerium\/#article","isPartOf":{"@id":"https:\/\/now-news.de\/de\/deutschland\/nach-ersten-geruechten-habeck-uebernimmt-doch-nicht-das-finanzministerium\/"},"author":{"name":"rtnews","@id":"https:\/\/now-news.de\/de\/#\/schema\/person\/fb534a4e865501d8b3285208df34a9b5"},"headline":"Nach ersten Ger\u00fcchten &#8211; Habeck \u00fcbernimmt doch nicht das Finanzministerium","datePublished":"2024-11-07T06:03:07+00:00","dateModified":"2024-11-07T06:03:07+00:00","mainEntityOfPage":{"@id":"https:\/\/now-news.de\/de\/deutschland\/nach-ersten-geruechten-habeck-uebernimmt-doch-nicht-das-finanzministerium\/"},"wordCount":946,"commentCount":0,"publisher":{"@id":"https:\/\/now-news.de\/de\/#organization"},"image":{"@id":"https:\/\/now-news.de\/de\/deutschland\/nach-ersten-geruechten-habeck-uebernimmt-doch-nicht-das-finanzministerium\/#primaryimage"},"thumbnailUrl":"https:\/\/now-news.de\/de\/wp-content\/uploads\/sites\/3\/2024\/11\/Nach-ersten-Geruechten-Habeck-uebernimmt-doch-nicht-das-Finanzministerium.jpg","keywords":["das","doch","ersten","Finanzministerium","Ger\u00fcchten","Habeck","nach","nicht","\u00fcbernimmt"],"articleSection":["Deutschland","Russland"],"inLanguage":"de","potentialAction":[{"@type":"CommentAction","name":"Comment","target":["https:\/\/now-news.de\/de\/deutschland\/nach-ersten-geruechten-habeck-uebernimmt-doch-nicht-das-finanzministerium\/#respond"]}]},{"@type":"WebPage","@id":"https:\/\/now-news.de\/de\/deutschland\/nach-ersten-geruechten-habeck-uebernimmt-doch-nicht-das-finanzministerium\/","url":"https:\/\/now-news.de\/de\/deutschland\/nach-ersten-geruechten-habeck-uebernimmt-doch-nicht-das-finanzministerium\/","name":"Nach ersten Ger\u00fcchten - Habeck \u00fcbernimmt doch nicht das Finanzministerium - just-now.NEWS Deutschland","isPartOf":{"@id":"https:\/\/now-news.de\/de\/#website"},"primaryImageOfPage":{"@id":"https:\/\/now-news.de\/de\/deutschland\/nach-ersten-geruechten-habeck-uebernimmt-doch-nicht-das-finanzministerium\/#primaryimage"},"image":{"@id":"https:\/\/now-news.de\/de\/deutschland\/nach-ersten-geruechten-habeck-uebernimmt-doch-nicht-das-finanzministerium\/#primaryimage"},"thumbnailUrl":"https:\/\/now-news.de\/de\/wp-content\/uploads\/sites\/3\/2024\/11\/Nach-ersten-Geruechten-Habeck-uebernimmt-doch-nicht-das-Finanzministerium.jpg","datePublished":"2024-11-07T06:03:07+00:00","dateModified":"2024-11-07T06:03:07+00:00","breadcrumb":{"@id":"https:\/\/now-news.de\/de\/deutschland\/nach-ersten-geruechten-habeck-uebernimmt-doch-nicht-das-finanzministerium\/#breadcrumb"},"inLanguage":"de","potentialAction":[{"@type":"ReadAction","target":["https:\/\/now-news.de\/de\/deutschland\/nach-ersten-geruechten-habeck-uebernimmt-doch-nicht-das-finanzministerium\/"]}]},{"@type":"ImageObject","inLanguage":"de","@id":"https:\/\/now-news.de\/de\/deutschland\/nach-ersten-geruechten-habeck-uebernimmt-doch-nicht-das-finanzministerium\/#primaryimage","url":"https:\/\/now-news.de\/de\/wp-content\/uploads\/sites\/3\/2024\/11\/Nach-ersten-Geruechten-Habeck-uebernimmt-doch-nicht-das-Finanzministerium.jpg","contentUrl":"https:\/\/now-news.de\/de\/wp-content\/uploads\/sites\/3\/2024\/11\/Nach-ersten-Geruechten-Habeck-uebernimmt-doch-nicht-das-Finanzministerium.jpg","width":460,"height":259,"caption":"Nach ersten Ger\u00fcchten - Habeck \u00fcbernimmt doch nicht das Finanzministerium"},{"@type":"BreadcrumbList","@id":"https:\/\/now-news.de\/de\/deutschland\/nach-ersten-geruechten-habeck-uebernimmt-doch-nicht-das-finanzministerium\/#breadcrumb","itemListElement":[{"@type":"ListItem","position":1,"name":"Home","item":"https:\/\/now-news.de\/de\/"},{"@type":"ListItem","position":2,"name":"Nach ersten Ger\u00fcchten &#8211; Habeck \u00fcbernimmt doch nicht das Finanzministerium"}]},{"@type":"WebSite","@id":"https:\/\/now-news.de\/de\/#website","url":"https:\/\/now-news.de\/de\/","name":"just-now.NEWS Deutschland","description":"Das Portal f\u00fcr unzensierte Nachrichten aus der Welt","publisher":{"@id":"https:\/\/now-news.de\/de\/#organization"},"potentialAction":[{"@type":"SearchAction","target":{"@type":"EntryPoint","urlTemplate":"https:\/\/now-news.de\/de\/?s={search_term_string}"},"query-input":"required name=search_term_string"}],"inLanguage":"de"},{"@type":"Organization","@id":"https:\/\/now-news.de\/de\/#organization","name":"Just Now News","url":"https:\/\/now-news.de\/de\/","logo":{"@type":"ImageObject","inLanguage":"de","@id":"https:\/\/now-news.de\/de\/#\/schema\/logo\/image\/","url":"http:\/\/just-now.news\/de\/wp-content\/uploads\/sites\/3\/2022\/04\/logo500x500.jpg","contentUrl":"http:\/\/just-now.news\/de\/wp-content\/uploads\/sites\/3\/2022\/04\/logo500x500.jpg","width":500,"height":500,"caption":"Just Now News"},"image":{"@id":"https:\/\/now-news.de\/de\/#\/schema\/logo\/image\/"},"sameAs":["https:\/\/www.facebook.com\/wirmachenauf","https:\/\/x.com\/WirMachenAuf_de"]},{"@type":"Person","@id":"https:\/\/now-news.de\/de\/#\/schema\/person\/fb534a4e865501d8b3285208df34a9b5","name":"rtnews","image":{"@type":"ImageObject","inLanguage":"de","@id":"https:\/\/now-news.de\/de\/#\/schema\/person\/image\/","url":"https:\/\/secure.gravatar.com\/avatar\/82aafea7d8127119dd649515f56e2117?s=96&d=mm&r=g","contentUrl":"https:\/\/secure.gravatar.com\/avatar\/82aafea7d8127119dd649515f56e2117?s=96&d=mm&r=g","caption":"rtnews"},"url":"https:\/\/now-news.de\/de\/author\/rnews\/"}]}},"_links":{"self":[{"href":"https:\/\/now-news.de\/de\/wp-json\/wp\/v2\/posts\/72162"}],"collection":[{"href":"https:\/\/now-news.de\/de\/wp-json\/wp\/v2\/posts"}],"about":[{"href":"https:\/\/now-news.de\/de\/wp-json\/wp\/v2\/types\/post"}],"author":[{"embeddable":true,"href":"https:\/\/now-news.de\/de\/wp-json\/wp\/v2\/users\/3"}],"replies":[{"embeddable":true,"href":"https:\/\/now-news.de\/de\/wp-json\/wp\/v2\/comments?post=72162"}],"version-history":[{"count":0,"href":"https:\/\/now-news.de\/de\/wp-json\/wp\/v2\/posts\/72162\/revisions"}],"wp:featuredmedia":[{"embeddable":true,"href":"https:\/\/now-news.de\/de\/wp-json\/wp\/v2\/media\/72163"}],"wp:attachment":[{"href":"https:\/\/now-news.de\/de\/wp-json\/wp\/v2\/media?parent=72162"}],"wp:term":[{"taxonomy":"category","embeddable":true,"href":"https:\/\/now-news.de\/de\/wp-json\/wp\/v2\/categories?post=72162"},{"taxonomy":"post_tag","embeddable":true,"href":"https:\/\/now-news.de\/de\/wp-json\/wp\/v2\/tags?post=72162"}],"curies":[{"name":"wp","href":"https:\/\/api.w.org\/{rel}","templated":true}]}}