{"id":72052,"date":"2024-11-05T17:59:27","date_gmt":"2024-11-05T15:59:27","guid":{"rendered":"https:\/\/now-news.de\/de\/deutschland\/saechsische-separatisten-razzia-festnahmen-und-schuesse-in-sachsen\/"},"modified":"2024-11-05T17:59:27","modified_gmt":"2024-11-05T15:59:27","slug":"saechsische-separatisten-razzia-festnahmen-und-schuesse-in-sachsen","status":"publish","type":"post","link":"https:\/\/now-news.de\/de\/deutschland\/saechsische-separatisten-razzia-festnahmen-und-schuesse-in-sachsen\/","title":{"rendered":"&quot;S\u00e4chsische Separatisten&quot;: Razzia, Festnahmen und Sch\u00fcsse in Sachsen"},"content":{"rendered":"<p><img decoding=\"async\" src=\"https:\/\/now-news.de\/de\/wp-content\/uploads\/sites\/3\/2024\/11\/672a37c7b480cc597b14f50a.jpg\" \/><\/p>\n<div class=\"Text-root Text-type_1 \">\n                Die Bundesanwaltschaft hat am Dienstag im s\u00e4chsischen Grimma sowie an anderen Orten in Sachsen, \u00d6sterreich und Polen Wohnungen mutma\u00dflicher Mitglieder der &#8220;Prepper&#8221;-Szene durchsuchen lassen, acht Personen wurden festgenommen. Ein AfD-Lokalpolitiker aus Grimma erlitt dabei Schussverletzungen.\n            <\/div>\n<p><\/p>\n<div class=\"Text-root Text-type_5 ArticleView-text ViewText-root \">\n<p>In der s\u00e4chsischen Stadt Grimma hat es am Dienstag eine Razzia bei angeblichen &#8220;S\u00e4chsischen Separatisten&#8221; gegeben, wobei es auch mindestens acht Festnahmen gab und Sch\u00fcsse gefallen sind.<\/p>\n<p>Nach Angaben des Generalbundesanwaltes, der das Ermittlungsverfahren f\u00fchrt, soll es sich bei den Verd\u00e4chtigen um eine &#8220;mutma\u00dfliche Neonazi-Terrorgruppe&#8221; handeln, &#8220;S\u00e4chsische Separatisten&#8221; (abgek\u00fcrzt &#8220;SS&#8221;) soll die Selbstbezeichnung der 2020 gegr\u00fcndeten Gruppe sein. Au\u00dfer in Grimma wurde auch in Leipzig, Dresden und an weiteren Orten in Deutschland, \u00d6sterreich und Polen durchsucht.\u00a0In Deutschland waren mehr als 450\u00a0Polizisten an der Razzia beteiligt.<\/p>\n<p>Medienberichten zufolge wurden insgesamt acht M\u00e4nner im Alter zwischen 21 und 25\u00a0Jahren verhaftet. Der Generalbundesanwalt wirft ihnen die Mitgliedschaft in einer terroristischen Vereinigung vor. <em>Der Spiegel<\/em> berichtet unter Verweis auf eigene Recherchen, dass sich unter den Festgenommenen die Br\u00fcder J\u00f6rg und J\u00f6rn S. befinden, die zur Familie eines bekannten Rechtsextremisten aus \u00d6sterreich geh\u00f6ren sollen.<\/p>\n<p>Verhaftet wurde zudem der s\u00e4chsische AfD-Politiker Kurt\u00a0H. Seit Oktober fungierte er als Schatzmeister des s\u00e4chsischen AfD-Jugendverbands Junge Alternative und ist Stadtrat der Stadt Grimma. H. erlitt bei seiner Festnahme Medienberichten zufolge Schussverletzungen am Kiefer. <em>Der Spiegel<\/em> berichtet unter Berufung auf Quellen in Sicherheitskreisen, dass bei H.s Verhaftung am Morgen in Grimma Sch\u00fcsse fielen. Der AfD-Politiker soll bei der Festnahme durch Spezialeinsatzkr\u00e4fte einen Karabiner ergriffen haben, woraufhin Beamte der Bundespolizei zwei &#8220;Warnsch\u00fcsse&#8221; abgegeben h\u00e4tten.<\/p>\n<p>H. wurde den Angaben zufolge in ein Krankenhaus gebracht und operiert. Lebensgefahr habe nicht bestanden, hie\u00df es. Es sei noch unklar, ob die Verletzung durch ein Projektil aus einer Polizeiwaffe oder aus dem Karabiner des Politikers verursacht wurde.<\/p>\n<p>Der s\u00e4chsische AfD-Landesverband wies jede inhaltliche oder organisatorische Verbindung zu der Gruppe zur\u00fcck. Parteisprecher Andreas Harla\u00df erkl\u00e4rte der <em>Deutschen Presse-Agentur<\/em>:<\/p>\n<blockquote>\n<p><em>&#8220;Wir kennen nur die bisherigen Presseberichte zu diesem Vorgang. Unsere Partei steht fest auf dem Boden der freiheitlich-demokratischen Grundordnung. Mit einer solchen mutma\u00dflich neonazistischen &#8216;Separatistengruppierung&#8217; verbindet uns weder inhaltlich noch organisatorisch irgendetwas.&#8221;<\/em><\/p>\n<\/blockquote>\n<p>Sollten sich die Vorw\u00fcrfe gegen den Kommunalpolitiker best\u00e4tigen, werde ein unverz\u00fcglicher Parteiausschluss vollzogen werden, k\u00fcndigte Harla\u00df an.<\/p>\n<p>Die Festgenommenen sollen am Mittwoch Ermittlungsrichtern des Bundesgerichtshofs vorgef\u00fchrt werden, die \u00fcber die Anordnung von Untersuchungshaft entscheiden werden. Angaben dazu, ob und gegebenenfalls was bei den Durchsuchungen sichergestellt werden konnte, gab es zun\u00e4chst nicht.<\/p>\n<p>Insgesamt sollen der Gruppe nach Angaben der Bundesanwaltschaft 15 bis 20\u00a0Personen angeh\u00f6rt haben. Die Informationen \u00fcber ihre Gesinnung, die von der Ermittlungsbeh\u00f6rde publik gemacht wurden, legen den Schluss nahe, dass sie zur sogenannten &#8220;Prepper&#8221;-Szene geh\u00f6rten. Im Fall eines Zusammenbruchs der Staatsgewalt wollten sie die Kontrolle im Land \u00fcbernehmen. Zitat aus der Mitteilung der Bundesanwaltschaft:<\/p>\n<blockquote>\n<p><em>&#8220;Bei dieser Gelegenheit m\u00f6chte die Gruppierung mit Waffengewalt Gebiete in Sachsen und gegebenenfalls auch in anderen ostdeutschen L\u00e4ndern erobern, um dort ein am Nationalsozialismus ausgerichtetes Staats- und Gesellschaftswesen zu errichten.&#8221;<\/em><\/p>\n<\/blockquote>\n<p>Angeblich plante man auch, &#8220;unerw\u00fcnschte Menschengruppen notfalls durch ethnische S\u00e4uberungen aus der Gegend&#8221; zu entfernen.<\/p>\n<p><strong>Mehr zum Thema \u2013\u00a0<\/strong><a rel=\"nofollow noopener\" target=\"_blank\" href=\"https:\/\/freedert.online\/meinung\/206620-klimakleber-versus-rollatorenputsch-wenn-staat\/\">Klimakleber versus Rollator-Putsch: wenn der Staat die Glac\u00e9handschuhe anlegt<\/a><\/p>\n<\/div>\n<p><br \/>\n<br \/><a href=\"https:\/\/de.rt.com\/inland\/224849-saechsische-separatisten-razzia-festnahmen-und-schuesse-in-sachsen\/\">Source link <\/a><\/p>\n","protected":false},"excerpt":{"rendered":"<p>Die Bundesanwaltschaft hat am Dienstag im s\u00e4chsischen Grimma sowie an anderen Orten in Sachsen, \u00d6sterreich und Polen Wohnungen mutma\u00dflicher Mitglieder der &#8220;Prepper&#8221;-Szene durchsuchen lassen, acht Personen wurden festgenommen. Ein AfD-Lokalpolitiker aus Grimma erlitt dabei Schussverletzungen. In der s\u00e4chsischen Stadt Grimma hat es am Dienstag eine Razzia bei angeblichen &#8220;S\u00e4chsischen Separatisten&#8221; gegeben, wobei es auch mindestens [&hellip;]<\/p>\n","protected":false},"author":3,"featured_media":72053,"comment_status":"open","ping_status":"open","sticky":false,"template":"","format":"standard","meta":{"_yoast_indexnow_last_ping":["1730822494"],"wp_automatic_camp":["217"],"8109f207f128e0707d025cab570ed7ab":["&quot;S\u00e4chsische Separatisten&quot;: Razzia, Festnahmen und Sch\u00fcsse in Sachsen"],"original_link":["https:\/\/de.rt.com\/inland\/224849-saechsische-separatisten-razzia-festnahmen-und-schuesse-in-sachsen\/"],"_thumbnail_id":["72053"],"_wptgpro_p2tg_sent2tg":["a:1:{i:23737;s:19:\"2024-11-05 18:02:45\";}"],"jnews_social_counter_last_update":["1777636716"]},"categories":[19,23],"tags":[16580,60019,1749,5488,1860,42930,140],"yoast_head":"<!-- This site is optimized with the Yoast SEO Premium plugin v22.7 (Yoast SEO v22.7) - https:\/\/yoast.com\/wordpress\/plugins\/seo\/ -->\n<title>&quot;S\u00e4chsische Separatisten&quot;: Razzia, Festnahmen und Sch\u00fcsse in Sachsen - just-now.NEWS Deutschland<\/title>\n<meta name=\"robots\" content=\"index, follow, max-snippet:-1, max-image-preview:large, max-video-preview:-1\" \/>\n<link rel=\"canonical\" href=\"https:\/\/now-news.de\/de\/deutschland\/saechsische-separatisten-razzia-festnahmen-und-schuesse-in-sachsen\/\" \/>\n<meta property=\"og:locale\" content=\"de_DE\" \/>\n<meta property=\"og:type\" content=\"article\" \/>\n<meta property=\"og:title\" content=\"&quot;S\u00e4chsische Separatisten&quot;: Razzia, Festnahmen und Sch\u00fcsse in Sachsen\" \/>\n<meta property=\"og:description\" content=\"Die Bundesanwaltschaft hat am Dienstag im s\u00e4chsischen Grimma sowie an anderen Orten in Sachsen, \u00d6sterreich und Polen Wohnungen mutma\u00dflicher Mitglieder der &#8220;Prepper&#8221;-Szene durchsuchen lassen, acht Personen wurden festgenommen. Ein AfD-Lokalpolitiker aus Grimma erlitt dabei Schussverletzungen. In der s\u00e4chsischen Stadt Grimma hat es am Dienstag eine Razzia bei angeblichen &#8220;S\u00e4chsischen Separatisten&#8221; gegeben, wobei es auch mindestens [&hellip;]\" \/>\n<meta property=\"og:url\" content=\"https:\/\/now-news.de\/de\/deutschland\/saechsische-separatisten-razzia-festnahmen-und-schuesse-in-sachsen\/\" \/>\n<meta property=\"og:site_name\" content=\"just-now.NEWS Deutschland\" \/>\n<meta property=\"article:publisher\" content=\"https:\/\/www.facebook.com\/wirmachenauf\" \/>\n<meta property=\"article:published_time\" content=\"2024-11-05T15:59:27+00:00\" \/>\n<meta property=\"og:image\" content=\"https:\/\/now-news.de\/de\/wp-content\/uploads\/sites\/3\/2024\/11\/672a37c7b480cc597b14f50a.jpg\" \/>\n<meta name=\"author\" content=\"rtnews\" \/>\n<meta name=\"twitter:card\" content=\"summary_large_image\" \/>\n<meta name=\"twitter:creator\" content=\"@WirMachenAuf_de\" \/>\n<meta name=\"twitter:site\" content=\"@WirMachenAuf_de\" \/>\n<meta name=\"twitter:label1\" content=\"Verfasst von\" \/>\n\t<meta name=\"twitter:data1\" content=\"rtnews\" \/>\n\t<meta name=\"twitter:label2\" content=\"Gesch\u00e4tzte Lesezeit\" \/>\n\t<meta name=\"twitter:data2\" content=\"3\u00a0Minuten\" \/>\n<script type=\"application\/ld+json\" class=\"yoast-schema-graph\">{\"@context\":\"https:\/\/schema.org\",\"@graph\":[{\"@type\":\"Article\",\"@id\":\"https:\/\/now-news.de\/de\/deutschland\/saechsische-separatisten-razzia-festnahmen-und-schuesse-in-sachsen\/#article\",\"isPartOf\":{\"@id\":\"https:\/\/now-news.de\/de\/deutschland\/saechsische-separatisten-razzia-festnahmen-und-schuesse-in-sachsen\/\"},\"author\":{\"name\":\"rtnews\",\"@id\":\"https:\/\/now-news.de\/de\/#\/schema\/person\/fb534a4e865501d8b3285208df34a9b5\"},\"headline\":\"&quot;S\u00e4chsische Separatisten&quot;: Razzia, Festnahmen und Sch\u00fcsse in Sachsen\",\"datePublished\":\"2024-11-05T15:59:27+00:00\",\"dateModified\":\"2024-11-05T15:59:27+00:00\",\"mainEntityOfPage\":{\"@id\":\"https:\/\/now-news.de\/de\/deutschland\/saechsische-separatisten-razzia-festnahmen-und-schuesse-in-sachsen\/\"},\"wordCount\":557,\"commentCount\":0,\"publisher\":{\"@id\":\"https:\/\/now-news.de\/de\/#organization\"},\"image\":{\"@id\":\"https:\/\/now-news.de\/de\/deutschland\/saechsische-separatisten-razzia-festnahmen-und-schuesse-in-sachsen\/#primaryimage\"},\"thumbnailUrl\":\"https:\/\/now-news.de\/de\/wp-content\/uploads\/sites\/3\/2024\/11\/quotSaechsische-Separatistenquot-Razzia-Festnahmen-und-Schuesse-in-Sachsen.jpg\",\"keywords\":[\"Festnahmen\",\"quotS\u00e4chsische\",\"Razzia\",\"Sachsen\",\"Sch\u00fcsse\",\"Separatistenquot\",\"und\"],\"articleSection\":[\"Deutschland\",\"Russland\"],\"inLanguage\":\"de\",\"potentialAction\":[{\"@type\":\"CommentAction\",\"name\":\"Comment\",\"target\":[\"https:\/\/now-news.de\/de\/deutschland\/saechsische-separatisten-razzia-festnahmen-und-schuesse-in-sachsen\/#respond\"]}]},{\"@type\":\"WebPage\",\"@id\":\"https:\/\/now-news.de\/de\/deutschland\/saechsische-separatisten-razzia-festnahmen-und-schuesse-in-sachsen\/\",\"url\":\"https:\/\/now-news.de\/de\/deutschland\/saechsische-separatisten-razzia-festnahmen-und-schuesse-in-sachsen\/\",\"name\":\"&quot;S\u00e4chsische Separatisten&quot;: Razzia, Festnahmen und Sch\u00fcsse in Sachsen - just-now.NEWS Deutschland\",\"isPartOf\":{\"@id\":\"https:\/\/now-news.de\/de\/#website\"},\"primaryImageOfPage\":{\"@id\":\"https:\/\/now-news.de\/de\/deutschland\/saechsische-separatisten-razzia-festnahmen-und-schuesse-in-sachsen\/#primaryimage\"},\"image\":{\"@id\":\"https:\/\/now-news.de\/de\/deutschland\/saechsische-separatisten-razzia-festnahmen-und-schuesse-in-sachsen\/#primaryimage\"},\"thumbnailUrl\":\"https:\/\/now-news.de\/de\/wp-content\/uploads\/sites\/3\/2024\/11\/quotSaechsische-Separatistenquot-Razzia-Festnahmen-und-Schuesse-in-Sachsen.jpg\",\"datePublished\":\"2024-11-05T15:59:27+00:00\",\"dateModified\":\"2024-11-05T15:59:27+00:00\",\"breadcrumb\":{\"@id\":\"https:\/\/now-news.de\/de\/deutschland\/saechsische-separatisten-razzia-festnahmen-und-schuesse-in-sachsen\/#breadcrumb\"},\"inLanguage\":\"de\",\"potentialAction\":[{\"@type\":\"ReadAction\",\"target\":[\"https:\/\/now-news.de\/de\/deutschland\/saechsische-separatisten-razzia-festnahmen-und-schuesse-in-sachsen\/\"]}]},{\"@type\":\"ImageObject\",\"inLanguage\":\"de\",\"@id\":\"https:\/\/now-news.de\/de\/deutschland\/saechsische-separatisten-razzia-festnahmen-und-schuesse-in-sachsen\/#primaryimage\",\"url\":\"https:\/\/now-news.de\/de\/wp-content\/uploads\/sites\/3\/2024\/11\/quotSaechsische-Separatistenquot-Razzia-Festnahmen-und-Schuesse-in-Sachsen.jpg\",\"contentUrl\":\"https:\/\/now-news.de\/de\/wp-content\/uploads\/sites\/3\/2024\/11\/quotSaechsische-Separatistenquot-Razzia-Festnahmen-und-Schuesse-in-Sachsen.jpg\",\"width\":460,\"height\":259,\"caption\":\"&quot;S\u00e4chsische Separatisten&quot;: Razzia, Festnahmen und Sch\u00fcsse in Sachsen\"},{\"@type\":\"BreadcrumbList\",\"@id\":\"https:\/\/now-news.de\/de\/deutschland\/saechsische-separatisten-razzia-festnahmen-und-schuesse-in-sachsen\/#breadcrumb\",\"itemListElement\":[{\"@type\":\"ListItem\",\"position\":1,\"name\":\"Home\",\"item\":\"https:\/\/now-news.de\/de\/\"},{\"@type\":\"ListItem\",\"position\":2,\"name\":\"&quot;S\u00e4chsische Separatisten&quot;: Razzia, Festnahmen und Sch\u00fcsse in Sachsen\"}]},{\"@type\":\"WebSite\",\"@id\":\"https:\/\/now-news.de\/de\/#website\",\"url\":\"https:\/\/now-news.de\/de\/\",\"name\":\"just-now.NEWS Deutschland\",\"description\":\"Das Portal f\u00fcr unzensierte Nachrichten aus der Welt\",\"publisher\":{\"@id\":\"https:\/\/now-news.de\/de\/#organization\"},\"potentialAction\":[{\"@type\":\"SearchAction\",\"target\":{\"@type\":\"EntryPoint\",\"urlTemplate\":\"https:\/\/now-news.de\/de\/?s={search_term_string}\"},\"query-input\":\"required name=search_term_string\"}],\"inLanguage\":\"de\"},{\"@type\":\"Organization\",\"@id\":\"https:\/\/now-news.de\/de\/#organization\",\"name\":\"Just Now News\",\"url\":\"https:\/\/now-news.de\/de\/\",\"logo\":{\"@type\":\"ImageObject\",\"inLanguage\":\"de\",\"@id\":\"https:\/\/now-news.de\/de\/#\/schema\/logo\/image\/\",\"url\":\"http:\/\/just-now.news\/de\/wp-content\/uploads\/sites\/3\/2022\/04\/logo500x500.jpg\",\"contentUrl\":\"http:\/\/just-now.news\/de\/wp-content\/uploads\/sites\/3\/2022\/04\/logo500x500.jpg\",\"width\":500,\"height\":500,\"caption\":\"Just Now News\"},\"image\":{\"@id\":\"https:\/\/now-news.de\/de\/#\/schema\/logo\/image\/\"},\"sameAs\":[\"https:\/\/www.facebook.com\/wirmachenauf\",\"https:\/\/x.com\/WirMachenAuf_de\"]},{\"@type\":\"Person\",\"@id\":\"https:\/\/now-news.de\/de\/#\/schema\/person\/fb534a4e865501d8b3285208df34a9b5\",\"name\":\"rtnews\",\"image\":{\"@type\":\"ImageObject\",\"inLanguage\":\"de\",\"@id\":\"https:\/\/now-news.de\/de\/#\/schema\/person\/image\/\",\"url\":\"https:\/\/secure.gravatar.com\/avatar\/82aafea7d8127119dd649515f56e2117?s=96&d=mm&r=g\",\"contentUrl\":\"https:\/\/secure.gravatar.com\/avatar\/82aafea7d8127119dd649515f56e2117?s=96&d=mm&r=g\",\"caption\":\"rtnews\"},\"url\":\"https:\/\/now-news.de\/de\/author\/rnews\/\"}]}<\/script>\n<!-- \/ Yoast SEO Premium plugin. -->","yoast_head_json":{"title":"&quot;S\u00e4chsische Separatisten&quot;: Razzia, Festnahmen und Sch\u00fcsse in Sachsen - just-now.NEWS Deutschland","robots":{"index":"index","follow":"follow","max-snippet":"max-snippet:-1","max-image-preview":"max-image-preview:large","max-video-preview":"max-video-preview:-1"},"canonical":"https:\/\/now-news.de\/de\/deutschland\/saechsische-separatisten-razzia-festnahmen-und-schuesse-in-sachsen\/","og_locale":"de_DE","og_type":"article","og_title":"&quot;S\u00e4chsische Separatisten&quot;: Razzia, Festnahmen und Sch\u00fcsse in Sachsen","og_description":"Die Bundesanwaltschaft hat am Dienstag im s\u00e4chsischen Grimma sowie an anderen Orten in Sachsen, \u00d6sterreich und Polen Wohnungen mutma\u00dflicher Mitglieder der &#8220;Prepper&#8221;-Szene durchsuchen lassen, acht Personen wurden festgenommen. Ein AfD-Lokalpolitiker aus Grimma erlitt dabei Schussverletzungen. In der s\u00e4chsischen Stadt Grimma hat es am Dienstag eine Razzia bei angeblichen &#8220;S\u00e4chsischen Separatisten&#8221; gegeben, wobei es auch mindestens [&hellip;]","og_url":"https:\/\/now-news.de\/de\/deutschland\/saechsische-separatisten-razzia-festnahmen-und-schuesse-in-sachsen\/","og_site_name":"just-now.NEWS Deutschland","article_publisher":"https:\/\/www.facebook.com\/wirmachenauf","article_published_time":"2024-11-05T15:59:27+00:00","og_image":[{"url":"https:\/\/now-news.de\/de\/wp-content\/uploads\/sites\/3\/2024\/11\/672a37c7b480cc597b14f50a.jpg"}],"author":"rtnews","twitter_card":"summary_large_image","twitter_creator":"@WirMachenAuf_de","twitter_site":"@WirMachenAuf_de","twitter_misc":{"Verfasst von":"rtnews","Gesch\u00e4tzte Lesezeit":"3\u00a0Minuten"},"schema":{"@context":"https:\/\/schema.org","@graph":[{"@type":"Article","@id":"https:\/\/now-news.de\/de\/deutschland\/saechsische-separatisten-razzia-festnahmen-und-schuesse-in-sachsen\/#article","isPartOf":{"@id":"https:\/\/now-news.de\/de\/deutschland\/saechsische-separatisten-razzia-festnahmen-und-schuesse-in-sachsen\/"},"author":{"name":"rtnews","@id":"https:\/\/now-news.de\/de\/#\/schema\/person\/fb534a4e865501d8b3285208df34a9b5"},"headline":"&quot;S\u00e4chsische Separatisten&quot;: Razzia, Festnahmen und Sch\u00fcsse in Sachsen","datePublished":"2024-11-05T15:59:27+00:00","dateModified":"2024-11-05T15:59:27+00:00","mainEntityOfPage":{"@id":"https:\/\/now-news.de\/de\/deutschland\/saechsische-separatisten-razzia-festnahmen-und-schuesse-in-sachsen\/"},"wordCount":557,"commentCount":0,"publisher":{"@id":"https:\/\/now-news.de\/de\/#organization"},"image":{"@id":"https:\/\/now-news.de\/de\/deutschland\/saechsische-separatisten-razzia-festnahmen-und-schuesse-in-sachsen\/#primaryimage"},"thumbnailUrl":"https:\/\/now-news.de\/de\/wp-content\/uploads\/sites\/3\/2024\/11\/quotSaechsische-Separatistenquot-Razzia-Festnahmen-und-Schuesse-in-Sachsen.jpg","keywords":["Festnahmen","quotS\u00e4chsische","Razzia","Sachsen","Sch\u00fcsse","Separatistenquot","und"],"articleSection":["Deutschland","Russland"],"inLanguage":"de","potentialAction":[{"@type":"CommentAction","name":"Comment","target":["https:\/\/now-news.de\/de\/deutschland\/saechsische-separatisten-razzia-festnahmen-und-schuesse-in-sachsen\/#respond"]}]},{"@type":"WebPage","@id":"https:\/\/now-news.de\/de\/deutschland\/saechsische-separatisten-razzia-festnahmen-und-schuesse-in-sachsen\/","url":"https:\/\/now-news.de\/de\/deutschland\/saechsische-separatisten-razzia-festnahmen-und-schuesse-in-sachsen\/","name":"&quot;S\u00e4chsische Separatisten&quot;: Razzia, Festnahmen und Sch\u00fcsse in Sachsen - just-now.NEWS Deutschland","isPartOf":{"@id":"https:\/\/now-news.de\/de\/#website"},"primaryImageOfPage":{"@id":"https:\/\/now-news.de\/de\/deutschland\/saechsische-separatisten-razzia-festnahmen-und-schuesse-in-sachsen\/#primaryimage"},"image":{"@id":"https:\/\/now-news.de\/de\/deutschland\/saechsische-separatisten-razzia-festnahmen-und-schuesse-in-sachsen\/#primaryimage"},"thumbnailUrl":"https:\/\/now-news.de\/de\/wp-content\/uploads\/sites\/3\/2024\/11\/quotSaechsische-Separatistenquot-Razzia-Festnahmen-und-Schuesse-in-Sachsen.jpg","datePublished":"2024-11-05T15:59:27+00:00","dateModified":"2024-11-05T15:59:27+00:00","breadcrumb":{"@id":"https:\/\/now-news.de\/de\/deutschland\/saechsische-separatisten-razzia-festnahmen-und-schuesse-in-sachsen\/#breadcrumb"},"inLanguage":"de","potentialAction":[{"@type":"ReadAction","target":["https:\/\/now-news.de\/de\/deutschland\/saechsische-separatisten-razzia-festnahmen-und-schuesse-in-sachsen\/"]}]},{"@type":"ImageObject","inLanguage":"de","@id":"https:\/\/now-news.de\/de\/deutschland\/saechsische-separatisten-razzia-festnahmen-und-schuesse-in-sachsen\/#primaryimage","url":"https:\/\/now-news.de\/de\/wp-content\/uploads\/sites\/3\/2024\/11\/quotSaechsische-Separatistenquot-Razzia-Festnahmen-und-Schuesse-in-Sachsen.jpg","contentUrl":"https:\/\/now-news.de\/de\/wp-content\/uploads\/sites\/3\/2024\/11\/quotSaechsische-Separatistenquot-Razzia-Festnahmen-und-Schuesse-in-Sachsen.jpg","width":460,"height":259,"caption":"&quot;S\u00e4chsische Separatisten&quot;: Razzia, Festnahmen und Sch\u00fcsse in Sachsen"},{"@type":"BreadcrumbList","@id":"https:\/\/now-news.de\/de\/deutschland\/saechsische-separatisten-razzia-festnahmen-und-schuesse-in-sachsen\/#breadcrumb","itemListElement":[{"@type":"ListItem","position":1,"name":"Home","item":"https:\/\/now-news.de\/de\/"},{"@type":"ListItem","position":2,"name":"&quot;S\u00e4chsische Separatisten&quot;: Razzia, Festnahmen und Sch\u00fcsse in Sachsen"}]},{"@type":"WebSite","@id":"https:\/\/now-news.de\/de\/#website","url":"https:\/\/now-news.de\/de\/","name":"just-now.NEWS Deutschland","description":"Das Portal f\u00fcr unzensierte Nachrichten aus der Welt","publisher":{"@id":"https:\/\/now-news.de\/de\/#organization"},"potentialAction":[{"@type":"SearchAction","target":{"@type":"EntryPoint","urlTemplate":"https:\/\/now-news.de\/de\/?s={search_term_string}"},"query-input":"required name=search_term_string"}],"inLanguage":"de"},{"@type":"Organization","@id":"https:\/\/now-news.de\/de\/#organization","name":"Just Now News","url":"https:\/\/now-news.de\/de\/","logo":{"@type":"ImageObject","inLanguage":"de","@id":"https:\/\/now-news.de\/de\/#\/schema\/logo\/image\/","url":"http:\/\/just-now.news\/de\/wp-content\/uploads\/sites\/3\/2022\/04\/logo500x500.jpg","contentUrl":"http:\/\/just-now.news\/de\/wp-content\/uploads\/sites\/3\/2022\/04\/logo500x500.jpg","width":500,"height":500,"caption":"Just Now News"},"image":{"@id":"https:\/\/now-news.de\/de\/#\/schema\/logo\/image\/"},"sameAs":["https:\/\/www.facebook.com\/wirmachenauf","https:\/\/x.com\/WirMachenAuf_de"]},{"@type":"Person","@id":"https:\/\/now-news.de\/de\/#\/schema\/person\/fb534a4e865501d8b3285208df34a9b5","name":"rtnews","image":{"@type":"ImageObject","inLanguage":"de","@id":"https:\/\/now-news.de\/de\/#\/schema\/person\/image\/","url":"https:\/\/secure.gravatar.com\/avatar\/82aafea7d8127119dd649515f56e2117?s=96&d=mm&r=g","contentUrl":"https:\/\/secure.gravatar.com\/avatar\/82aafea7d8127119dd649515f56e2117?s=96&d=mm&r=g","caption":"rtnews"},"url":"https:\/\/now-news.de\/de\/author\/rnews\/"}]}},"_links":{"self":[{"href":"https:\/\/now-news.de\/de\/wp-json\/wp\/v2\/posts\/72052"}],"collection":[{"href":"https:\/\/now-news.de\/de\/wp-json\/wp\/v2\/posts"}],"about":[{"href":"https:\/\/now-news.de\/de\/wp-json\/wp\/v2\/types\/post"}],"author":[{"embeddable":true,"href":"https:\/\/now-news.de\/de\/wp-json\/wp\/v2\/users\/3"}],"replies":[{"embeddable":true,"href":"https:\/\/now-news.de\/de\/wp-json\/wp\/v2\/comments?post=72052"}],"version-history":[{"count":0,"href":"https:\/\/now-news.de\/de\/wp-json\/wp\/v2\/posts\/72052\/revisions"}],"wp:featuredmedia":[{"embeddable":true,"href":"https:\/\/now-news.de\/de\/wp-json\/wp\/v2\/media\/72053"}],"wp:attachment":[{"href":"https:\/\/now-news.de\/de\/wp-json\/wp\/v2\/media?parent=72052"}],"wp:term":[{"taxonomy":"category","embeddable":true,"href":"https:\/\/now-news.de\/de\/wp-json\/wp\/v2\/categories?post=72052"},{"taxonomy":"post_tag","embeddable":true,"href":"https:\/\/now-news.de\/de\/wp-json\/wp\/v2\/tags?post=72052"}],"curies":[{"name":"wp","href":"https:\/\/api.w.org\/{rel}","templated":true}]}}