{"id":72003,"date":"2024-11-04T21:39:55","date_gmt":"2024-11-04T19:39:55","guid":{"rendered":"https:\/\/now-news.de\/de\/deutschland\/israel-raeumt-einsatz-von-bodentruppen-in-syrien-ein\/"},"modified":"2024-11-04T21:39:55","modified_gmt":"2024-11-04T19:39:55","slug":"israel-raeumt-einsatz-von-bodentruppen-in-syrien-ein","status":"publish","type":"post","link":"https:\/\/now-news.de\/de\/deutschland\/israel-raeumt-einsatz-von-bodentruppen-in-syrien-ein\/","title":{"rendered":"Israel r\u00e4umt Einsatz von Bodentruppen in Syrien ein"},"content":{"rendered":"<p><img decoding=\"async\" src=\"https:\/\/now-news.de\/de\/wp-content\/uploads\/sites\/3\/2024\/11\/67290656b480cc44f6529127.jpg\" \/><\/p>\n<div class=\"Text-root Text-type_1 \">\n                Israel hat zum ersten Mal seit der Eskalation des Nahostkonflikts im vergangenen Jahr einger\u00e4umt, Bodentruppen in Syrien eingesetzt zu haben. Der Bodenangriff hatte angeblich zum Ziel, einen mutma\u00dflich mit Iran verbundenen &#8220;Terroristen&#8221; festzunehmen, so Israels Milit\u00e4r.\n            <\/div>\n<p><\/p>\n<div class=\"Text-root Text-type_5 ArticleView-text ViewText-root \">\n<p>Israel hat eine Bodenoffensive in Syrien durchgef\u00fchrt und will dabei einen Spion f\u00fcr Iran gefasst haben, wie das israelische Milit\u00e4r am Sonntag erkl\u00e4rte. Die Aktion habe sich bereits in den vergangenen Monaten ereignet, hie\u00df es in einer Mitteilung. Weitere Details zum genauen Datum der Operation wurden nicht genannt. Dies ist das erste Mal seit der Eskalation des Nahostkonflikts im vergangenen Jahr, dass Israel zugegeben hat, dass seine Truppen auf syrischem Boden operiert haben.<\/p>\n<p>Die Truppen haben den syrischen Staatsb\u00fcrger demnach in der Gegend von Saida im S\u00fcden Syriens gefangen genommen und zum Verh\u00f6r nach Israel gebracht. Dem Mann, von dem die Israelischen Verteidigungsstreitkr\u00e4fte (IDF) behaupten, dass er f\u00fcr ein &#8220;iranisches Terrornetzwerk&#8221; t\u00e4tig sei, wurde vorgeworfen, im israelisch-syrischen Grenzgebiet geheimdienstliche Informationen \u00fcber Israels Truppen &#8220;f\u00fcr k\u00fcnftige Terroraktivit\u00e4ten des Netzwerks gesammelt&#8221; zu haben. Damit sein &#8220;ein Anschlag verhindert worden&#8221;. Der Mann, der in der Gegend von Saida, etwa 60 Kilometer\u00a0von der Grenze zu Israel entfernt, lebte, habe seit Monaten unter milit\u00e4rischer \u00dcberwachung gestanden und sei an iranischen Aktionen beteiligt gewesen, die auf die von Israel besetzten Golanh\u00f6hen abgezielt h\u00e4tten.\u00a0<\/p>\n<p>Aus Syrien gab es zun\u00e4chst keine Stellungnahme, am Sonntag berichtete sp\u00e4ter allerdings ein regierungsfreundlicher syrischer Radiosender, dass die israelischen Streitkr\u00e4fte im Sommer eine <em>&#8220;Entf\u00fchrungsoperation<\/em><em>&#8220;<\/em> durchgef\u00fchrt h\u00e4tten, die einen Mann im S\u00fcden des Landes zum Ziel hatte.<\/p>\n<p>Im vergangenen Jahr hat Israel mehrere Luftangriffe auf Syrien geflogen, die Mitglieder der Hisbollah und iranische Beamte zum Ziel hatten. Iran ist ein Verb\u00fcndeter sowohl der schiitischen Bewegung als auch von Damaskus. Die IDF haben bisher keinen Einsatz von Bodentruppen im Land bekannt gegeben.<\/p>\n<p>Im April hatte Israel einen Luftangriff auf den iranischen Botschaftskomplex in der syrischen Hauptstadt Damaskus durchgef\u00fchrt, bei dem 16 Menschen get\u00f6tet wurden, darunter acht Offiziere des Korps der Islamischen Revolutionsgarden (IRGC) und zwei syrische Zivilisten. In einer eskalierenden Gewaltspirale hat Israel in der vergangenen Woche auch eine Reihe von Angriffen auf iranische Ziele durchgef\u00fchrt, nachdem Iran Anfang Oktober eine Reihe von Raketen auf den j\u00fcdischen Staat abgefeuert hatte. Berichten zufolge plant Teheran einen Vergeltungsschlag gegen Israel noch vor den US-Pr\u00e4sidentschaftswahlen am 5. November.<\/p>\n<p><strong>Mehr zum Thema \u2012<\/strong>\u00a0<a rel=\"nofollow noopener\" target=\"_blank\" href=\"https:\/\/freedert.online\/kurzclips\/video\/222085-jerusalem-wird-sich-bis-damaskus-erstrecken-erdogan-warnt-vor-kruden-traeumen-israels\/\">&#8220;Jerusalem wird sich bis Damaskus erstrecken&#8221; \u2013 Erdo\u011fan warnt vor &#8220;kruden Tr\u00e4umen&#8221; Israels <\/a><\/p>\n<div class=\"EmbedBlock-root EmbedBlock-externalVideo EmbedBlock-rumble\">\n<div class=\"VkEmbed\"><iframe class=\"lazyload\" data-src=\"https:\/\/rumble.com\/embed\/v5g0hvl\" frameborder=\"0\" width=\"853\" height=\"480\" allowfullscreen><\/iframe><\/div>\n<\/div>\n<\/div>\n<p><br \/>\n<br \/><a href=\"https:\/\/de.rt.com\/der-nahe-osten\/224743-israel-raeumt-einsatz-von-bodentruppen\/\">Source link <\/a><\/p>\n","protected":false},"excerpt":{"rendered":"<p>Israel hat zum ersten Mal seit der Eskalation des Nahostkonflikts im vergangenen Jahr einger\u00e4umt, Bodentruppen in Syrien eingesetzt zu haben. Der Bodenangriff hatte angeblich zum Ziel, einen mutma\u00dflich mit Iran verbundenen &#8220;Terroristen&#8221; festzunehmen, so Israels Milit\u00e4r. Israel hat eine Bodenoffensive in Syrien durchgef\u00fchrt und will dabei einen Spion f\u00fcr Iran gefasst haben, wie das israelische [&hellip;]<\/p>\n","protected":false},"author":3,"featured_media":72004,"comment_status":"open","ping_status":"open","sticky":false,"template":"","format":"standard","meta":{"_yoast_indexnow_last_ping":["1730749264"],"wp_automatic_camp":["217"],"eef7cb016495e2c6a02bb261cdeaa058":["Israel r\u00e4umt Einsatz von Bodentruppen in Syrien ein"],"original_link":["https:\/\/de.rt.com\/der-nahe-osten\/224743-israel-raeumt-einsatz-von-bodentruppen\/"],"_thumbnail_id":["72004"],"_wptgpro_p2tg_sent2tg":["a:1:{i:23737;s:19:\"2024-11-04 21:42:18\";}"],"jnews_social_counter_last_update":["1777174297"]},"categories":[19,23],"tags":[45384,357,1021,432,3947,783,50],"yoast_head":"<!-- This site is optimized with the Yoast SEO Premium plugin v22.7 (Yoast SEO v22.7) - https:\/\/yoast.com\/wordpress\/plugins\/seo\/ -->\n<title>Israel r\u00e4umt Einsatz von Bodentruppen in Syrien ein - just-now.NEWS Deutschland<\/title>\n<meta name=\"robots\" content=\"index, follow, max-snippet:-1, max-image-preview:large, max-video-preview:-1\" \/>\n<link rel=\"canonical\" href=\"https:\/\/now-news.de\/de\/deutschland\/israel-raeumt-einsatz-von-bodentruppen-in-syrien-ein\/\" \/>\n<meta property=\"og:locale\" content=\"de_DE\" \/>\n<meta property=\"og:type\" content=\"article\" \/>\n<meta property=\"og:title\" content=\"Israel r\u00e4umt Einsatz von Bodentruppen in Syrien ein\" \/>\n<meta property=\"og:description\" content=\"Israel hat zum ersten Mal seit der Eskalation des Nahostkonflikts im vergangenen Jahr einger\u00e4umt, Bodentruppen in Syrien eingesetzt zu haben. Der Bodenangriff hatte angeblich zum Ziel, einen mutma\u00dflich mit Iran verbundenen &#8220;Terroristen&#8221; festzunehmen, so Israels Milit\u00e4r. Israel hat eine Bodenoffensive in Syrien durchgef\u00fchrt und will dabei einen Spion f\u00fcr Iran gefasst haben, wie das israelische [&hellip;]\" \/>\n<meta property=\"og:url\" content=\"https:\/\/now-news.de\/de\/deutschland\/israel-raeumt-einsatz-von-bodentruppen-in-syrien-ein\/\" \/>\n<meta property=\"og:site_name\" content=\"just-now.NEWS Deutschland\" \/>\n<meta property=\"article:publisher\" content=\"https:\/\/www.facebook.com\/wirmachenauf\" \/>\n<meta property=\"article:published_time\" content=\"2024-11-04T19:39:55+00:00\" \/>\n<meta property=\"og:image\" content=\"https:\/\/now-news.de\/de\/wp-content\/uploads\/sites\/3\/2024\/11\/67290656b480cc44f6529127.jpg\" \/>\n<meta name=\"author\" content=\"rtnews\" \/>\n<meta name=\"twitter:card\" content=\"summary_large_image\" \/>\n<meta name=\"twitter:creator\" content=\"@WirMachenAuf_de\" \/>\n<meta name=\"twitter:site\" content=\"@WirMachenAuf_de\" \/>\n<meta name=\"twitter:label1\" content=\"Verfasst von\" \/>\n\t<meta name=\"twitter:data1\" content=\"rtnews\" \/>\n\t<meta name=\"twitter:label2\" content=\"Gesch\u00e4tzte Lesezeit\" \/>\n\t<meta name=\"twitter:data2\" content=\"2\u00a0Minuten\" \/>\n<script type=\"application\/ld+json\" class=\"yoast-schema-graph\">{\"@context\":\"https:\/\/schema.org\",\"@graph\":[{\"@type\":\"Article\",\"@id\":\"https:\/\/now-news.de\/de\/deutschland\/israel-raeumt-einsatz-von-bodentruppen-in-syrien-ein\/#article\",\"isPartOf\":{\"@id\":\"https:\/\/now-news.de\/de\/deutschland\/israel-raeumt-einsatz-von-bodentruppen-in-syrien-ein\/\"},\"author\":{\"name\":\"rtnews\",\"@id\":\"https:\/\/now-news.de\/de\/#\/schema\/person\/fb534a4e865501d8b3285208df34a9b5\"},\"headline\":\"Israel r\u00e4umt Einsatz von Bodentruppen in Syrien ein\",\"datePublished\":\"2024-11-04T19:39:55+00:00\",\"dateModified\":\"2024-11-04T19:39:55+00:00\",\"mainEntityOfPage\":{\"@id\":\"https:\/\/now-news.de\/de\/deutschland\/israel-raeumt-einsatz-von-bodentruppen-in-syrien-ein\/\"},\"wordCount\":435,\"commentCount\":0,\"publisher\":{\"@id\":\"https:\/\/now-news.de\/de\/#organization\"},\"image\":{\"@id\":\"https:\/\/now-news.de\/de\/deutschland\/israel-raeumt-einsatz-von-bodentruppen-in-syrien-ein\/#primaryimage\"},\"thumbnailUrl\":\"https:\/\/now-news.de\/de\/wp-content\/uploads\/sites\/3\/2024\/11\/Israel-raeumt-Einsatz-von-Bodentruppen-in-Syrien-ein.jpg\",\"keywords\":[\"Bodentruppen\",\"ein\",\"Einsatz\",\"Israel\",\"r\u00e4umt\",\"Syrien\",\"von\"],\"articleSection\":[\"Deutschland\",\"Russland\"],\"inLanguage\":\"de\",\"potentialAction\":[{\"@type\":\"CommentAction\",\"name\":\"Comment\",\"target\":[\"https:\/\/now-news.de\/de\/deutschland\/israel-raeumt-einsatz-von-bodentruppen-in-syrien-ein\/#respond\"]}]},{\"@type\":\"WebPage\",\"@id\":\"https:\/\/now-news.de\/de\/deutschland\/israel-raeumt-einsatz-von-bodentruppen-in-syrien-ein\/\",\"url\":\"https:\/\/now-news.de\/de\/deutschland\/israel-raeumt-einsatz-von-bodentruppen-in-syrien-ein\/\",\"name\":\"Israel r\u00e4umt Einsatz von Bodentruppen in Syrien ein - just-now.NEWS Deutschland\",\"isPartOf\":{\"@id\":\"https:\/\/now-news.de\/de\/#website\"},\"primaryImageOfPage\":{\"@id\":\"https:\/\/now-news.de\/de\/deutschland\/israel-raeumt-einsatz-von-bodentruppen-in-syrien-ein\/#primaryimage\"},\"image\":{\"@id\":\"https:\/\/now-news.de\/de\/deutschland\/israel-raeumt-einsatz-von-bodentruppen-in-syrien-ein\/#primaryimage\"},\"thumbnailUrl\":\"https:\/\/now-news.de\/de\/wp-content\/uploads\/sites\/3\/2024\/11\/Israel-raeumt-Einsatz-von-Bodentruppen-in-Syrien-ein.jpg\",\"datePublished\":\"2024-11-04T19:39:55+00:00\",\"dateModified\":\"2024-11-04T19:39:55+00:00\",\"breadcrumb\":{\"@id\":\"https:\/\/now-news.de\/de\/deutschland\/israel-raeumt-einsatz-von-bodentruppen-in-syrien-ein\/#breadcrumb\"},\"inLanguage\":\"de\",\"potentialAction\":[{\"@type\":\"ReadAction\",\"target\":[\"https:\/\/now-news.de\/de\/deutschland\/israel-raeumt-einsatz-von-bodentruppen-in-syrien-ein\/\"]}]},{\"@type\":\"ImageObject\",\"inLanguage\":\"de\",\"@id\":\"https:\/\/now-news.de\/de\/deutschland\/israel-raeumt-einsatz-von-bodentruppen-in-syrien-ein\/#primaryimage\",\"url\":\"https:\/\/now-news.de\/de\/wp-content\/uploads\/sites\/3\/2024\/11\/Israel-raeumt-Einsatz-von-Bodentruppen-in-Syrien-ein.jpg\",\"contentUrl\":\"https:\/\/now-news.de\/de\/wp-content\/uploads\/sites\/3\/2024\/11\/Israel-raeumt-Einsatz-von-Bodentruppen-in-Syrien-ein.jpg\",\"width\":460,\"height\":259,\"caption\":\"Israel r\u00e4umt Einsatz von Bodentruppen in Syrien ein\"},{\"@type\":\"BreadcrumbList\",\"@id\":\"https:\/\/now-news.de\/de\/deutschland\/israel-raeumt-einsatz-von-bodentruppen-in-syrien-ein\/#breadcrumb\",\"itemListElement\":[{\"@type\":\"ListItem\",\"position\":1,\"name\":\"Home\",\"item\":\"https:\/\/now-news.de\/de\/\"},{\"@type\":\"ListItem\",\"position\":2,\"name\":\"Israel r\u00e4umt Einsatz von Bodentruppen in Syrien ein\"}]},{\"@type\":\"WebSite\",\"@id\":\"https:\/\/now-news.de\/de\/#website\",\"url\":\"https:\/\/now-news.de\/de\/\",\"name\":\"just-now.NEWS Deutschland\",\"description\":\"Das Portal f\u00fcr unzensierte Nachrichten aus der Welt\",\"publisher\":{\"@id\":\"https:\/\/now-news.de\/de\/#organization\"},\"potentialAction\":[{\"@type\":\"SearchAction\",\"target\":{\"@type\":\"EntryPoint\",\"urlTemplate\":\"https:\/\/now-news.de\/de\/?s={search_term_string}\"},\"query-input\":\"required name=search_term_string\"}],\"inLanguage\":\"de\"},{\"@type\":\"Organization\",\"@id\":\"https:\/\/now-news.de\/de\/#organization\",\"name\":\"Just Now News\",\"url\":\"https:\/\/now-news.de\/de\/\",\"logo\":{\"@type\":\"ImageObject\",\"inLanguage\":\"de\",\"@id\":\"https:\/\/now-news.de\/de\/#\/schema\/logo\/image\/\",\"url\":\"http:\/\/just-now.news\/de\/wp-content\/uploads\/sites\/3\/2022\/04\/logo500x500.jpg\",\"contentUrl\":\"http:\/\/just-now.news\/de\/wp-content\/uploads\/sites\/3\/2022\/04\/logo500x500.jpg\",\"width\":500,\"height\":500,\"caption\":\"Just Now News\"},\"image\":{\"@id\":\"https:\/\/now-news.de\/de\/#\/schema\/logo\/image\/\"},\"sameAs\":[\"https:\/\/www.facebook.com\/wirmachenauf\",\"https:\/\/x.com\/WirMachenAuf_de\"]},{\"@type\":\"Person\",\"@id\":\"https:\/\/now-news.de\/de\/#\/schema\/person\/fb534a4e865501d8b3285208df34a9b5\",\"name\":\"rtnews\",\"image\":{\"@type\":\"ImageObject\",\"inLanguage\":\"de\",\"@id\":\"https:\/\/now-news.de\/de\/#\/schema\/person\/image\/\",\"url\":\"https:\/\/secure.gravatar.com\/avatar\/82aafea7d8127119dd649515f56e2117?s=96&d=mm&r=g\",\"contentUrl\":\"https:\/\/secure.gravatar.com\/avatar\/82aafea7d8127119dd649515f56e2117?s=96&d=mm&r=g\",\"caption\":\"rtnews\"},\"url\":\"https:\/\/now-news.de\/de\/author\/rnews\/\"}]}<\/script>\n<!-- \/ Yoast SEO Premium plugin. -->","yoast_head_json":{"title":"Israel r\u00e4umt Einsatz von Bodentruppen in Syrien ein - just-now.NEWS Deutschland","robots":{"index":"index","follow":"follow","max-snippet":"max-snippet:-1","max-image-preview":"max-image-preview:large","max-video-preview":"max-video-preview:-1"},"canonical":"https:\/\/now-news.de\/de\/deutschland\/israel-raeumt-einsatz-von-bodentruppen-in-syrien-ein\/","og_locale":"de_DE","og_type":"article","og_title":"Israel r\u00e4umt Einsatz von Bodentruppen in Syrien ein","og_description":"Israel hat zum ersten Mal seit der Eskalation des Nahostkonflikts im vergangenen Jahr einger\u00e4umt, Bodentruppen in Syrien eingesetzt zu haben. Der Bodenangriff hatte angeblich zum Ziel, einen mutma\u00dflich mit Iran verbundenen &#8220;Terroristen&#8221; festzunehmen, so Israels Milit\u00e4r. Israel hat eine Bodenoffensive in Syrien durchgef\u00fchrt und will dabei einen Spion f\u00fcr Iran gefasst haben, wie das israelische [&hellip;]","og_url":"https:\/\/now-news.de\/de\/deutschland\/israel-raeumt-einsatz-von-bodentruppen-in-syrien-ein\/","og_site_name":"just-now.NEWS Deutschland","article_publisher":"https:\/\/www.facebook.com\/wirmachenauf","article_published_time":"2024-11-04T19:39:55+00:00","og_image":[{"url":"https:\/\/now-news.de\/de\/wp-content\/uploads\/sites\/3\/2024\/11\/67290656b480cc44f6529127.jpg"}],"author":"rtnews","twitter_card":"summary_large_image","twitter_creator":"@WirMachenAuf_de","twitter_site":"@WirMachenAuf_de","twitter_misc":{"Verfasst von":"rtnews","Gesch\u00e4tzte Lesezeit":"2\u00a0Minuten"},"schema":{"@context":"https:\/\/schema.org","@graph":[{"@type":"Article","@id":"https:\/\/now-news.de\/de\/deutschland\/israel-raeumt-einsatz-von-bodentruppen-in-syrien-ein\/#article","isPartOf":{"@id":"https:\/\/now-news.de\/de\/deutschland\/israel-raeumt-einsatz-von-bodentruppen-in-syrien-ein\/"},"author":{"name":"rtnews","@id":"https:\/\/now-news.de\/de\/#\/schema\/person\/fb534a4e865501d8b3285208df34a9b5"},"headline":"Israel r\u00e4umt Einsatz von Bodentruppen in Syrien ein","datePublished":"2024-11-04T19:39:55+00:00","dateModified":"2024-11-04T19:39:55+00:00","mainEntityOfPage":{"@id":"https:\/\/now-news.de\/de\/deutschland\/israel-raeumt-einsatz-von-bodentruppen-in-syrien-ein\/"},"wordCount":435,"commentCount":0,"publisher":{"@id":"https:\/\/now-news.de\/de\/#organization"},"image":{"@id":"https:\/\/now-news.de\/de\/deutschland\/israel-raeumt-einsatz-von-bodentruppen-in-syrien-ein\/#primaryimage"},"thumbnailUrl":"https:\/\/now-news.de\/de\/wp-content\/uploads\/sites\/3\/2024\/11\/Israel-raeumt-Einsatz-von-Bodentruppen-in-Syrien-ein.jpg","keywords":["Bodentruppen","ein","Einsatz","Israel","r\u00e4umt","Syrien","von"],"articleSection":["Deutschland","Russland"],"inLanguage":"de","potentialAction":[{"@type":"CommentAction","name":"Comment","target":["https:\/\/now-news.de\/de\/deutschland\/israel-raeumt-einsatz-von-bodentruppen-in-syrien-ein\/#respond"]}]},{"@type":"WebPage","@id":"https:\/\/now-news.de\/de\/deutschland\/israel-raeumt-einsatz-von-bodentruppen-in-syrien-ein\/","url":"https:\/\/now-news.de\/de\/deutschland\/israel-raeumt-einsatz-von-bodentruppen-in-syrien-ein\/","name":"Israel r\u00e4umt Einsatz von Bodentruppen in Syrien ein - just-now.NEWS Deutschland","isPartOf":{"@id":"https:\/\/now-news.de\/de\/#website"},"primaryImageOfPage":{"@id":"https:\/\/now-news.de\/de\/deutschland\/israel-raeumt-einsatz-von-bodentruppen-in-syrien-ein\/#primaryimage"},"image":{"@id":"https:\/\/now-news.de\/de\/deutschland\/israel-raeumt-einsatz-von-bodentruppen-in-syrien-ein\/#primaryimage"},"thumbnailUrl":"https:\/\/now-news.de\/de\/wp-content\/uploads\/sites\/3\/2024\/11\/Israel-raeumt-Einsatz-von-Bodentruppen-in-Syrien-ein.jpg","datePublished":"2024-11-04T19:39:55+00:00","dateModified":"2024-11-04T19:39:55+00:00","breadcrumb":{"@id":"https:\/\/now-news.de\/de\/deutschland\/israel-raeumt-einsatz-von-bodentruppen-in-syrien-ein\/#breadcrumb"},"inLanguage":"de","potentialAction":[{"@type":"ReadAction","target":["https:\/\/now-news.de\/de\/deutschland\/israel-raeumt-einsatz-von-bodentruppen-in-syrien-ein\/"]}]},{"@type":"ImageObject","inLanguage":"de","@id":"https:\/\/now-news.de\/de\/deutschland\/israel-raeumt-einsatz-von-bodentruppen-in-syrien-ein\/#primaryimage","url":"https:\/\/now-news.de\/de\/wp-content\/uploads\/sites\/3\/2024\/11\/Israel-raeumt-Einsatz-von-Bodentruppen-in-Syrien-ein.jpg","contentUrl":"https:\/\/now-news.de\/de\/wp-content\/uploads\/sites\/3\/2024\/11\/Israel-raeumt-Einsatz-von-Bodentruppen-in-Syrien-ein.jpg","width":460,"height":259,"caption":"Israel r\u00e4umt Einsatz von Bodentruppen in Syrien ein"},{"@type":"BreadcrumbList","@id":"https:\/\/now-news.de\/de\/deutschland\/israel-raeumt-einsatz-von-bodentruppen-in-syrien-ein\/#breadcrumb","itemListElement":[{"@type":"ListItem","position":1,"name":"Home","item":"https:\/\/now-news.de\/de\/"},{"@type":"ListItem","position":2,"name":"Israel r\u00e4umt Einsatz von Bodentruppen in Syrien ein"}]},{"@type":"WebSite","@id":"https:\/\/now-news.de\/de\/#website","url":"https:\/\/now-news.de\/de\/","name":"just-now.NEWS Deutschland","description":"Das Portal f\u00fcr unzensierte Nachrichten aus der Welt","publisher":{"@id":"https:\/\/now-news.de\/de\/#organization"},"potentialAction":[{"@type":"SearchAction","target":{"@type":"EntryPoint","urlTemplate":"https:\/\/now-news.de\/de\/?s={search_term_string}"},"query-input":"required name=search_term_string"}],"inLanguage":"de"},{"@type":"Organization","@id":"https:\/\/now-news.de\/de\/#organization","name":"Just Now News","url":"https:\/\/now-news.de\/de\/","logo":{"@type":"ImageObject","inLanguage":"de","@id":"https:\/\/now-news.de\/de\/#\/schema\/logo\/image\/","url":"http:\/\/just-now.news\/de\/wp-content\/uploads\/sites\/3\/2022\/04\/logo500x500.jpg","contentUrl":"http:\/\/just-now.news\/de\/wp-content\/uploads\/sites\/3\/2022\/04\/logo500x500.jpg","width":500,"height":500,"caption":"Just Now News"},"image":{"@id":"https:\/\/now-news.de\/de\/#\/schema\/logo\/image\/"},"sameAs":["https:\/\/www.facebook.com\/wirmachenauf","https:\/\/x.com\/WirMachenAuf_de"]},{"@type":"Person","@id":"https:\/\/now-news.de\/de\/#\/schema\/person\/fb534a4e865501d8b3285208df34a9b5","name":"rtnews","image":{"@type":"ImageObject","inLanguage":"de","@id":"https:\/\/now-news.de\/de\/#\/schema\/person\/image\/","url":"https:\/\/secure.gravatar.com\/avatar\/82aafea7d8127119dd649515f56e2117?s=96&d=mm&r=g","contentUrl":"https:\/\/secure.gravatar.com\/avatar\/82aafea7d8127119dd649515f56e2117?s=96&d=mm&r=g","caption":"rtnews"},"url":"https:\/\/now-news.de\/de\/author\/rnews\/"}]}},"_links":{"self":[{"href":"https:\/\/now-news.de\/de\/wp-json\/wp\/v2\/posts\/72003"}],"collection":[{"href":"https:\/\/now-news.de\/de\/wp-json\/wp\/v2\/posts"}],"about":[{"href":"https:\/\/now-news.de\/de\/wp-json\/wp\/v2\/types\/post"}],"author":[{"embeddable":true,"href":"https:\/\/now-news.de\/de\/wp-json\/wp\/v2\/users\/3"}],"replies":[{"embeddable":true,"href":"https:\/\/now-news.de\/de\/wp-json\/wp\/v2\/comments?post=72003"}],"version-history":[{"count":0,"href":"https:\/\/now-news.de\/de\/wp-json\/wp\/v2\/posts\/72003\/revisions"}],"wp:featuredmedia":[{"embeddable":true,"href":"https:\/\/now-news.de\/de\/wp-json\/wp\/v2\/media\/72004"}],"wp:attachment":[{"href":"https:\/\/now-news.de\/de\/wp-json\/wp\/v2\/media?parent=72003"}],"wp:term":[{"taxonomy":"category","embeddable":true,"href":"https:\/\/now-news.de\/de\/wp-json\/wp\/v2\/categories?post=72003"},{"taxonomy":"post_tag","embeddable":true,"href":"https:\/\/now-news.de\/de\/wp-json\/wp\/v2\/tags?post=72003"}],"curies":[{"name":"wp","href":"https:\/\/api.w.org\/{rel}","templated":true}]}}