{"id":71993,"date":"2024-11-04T19:57:08","date_gmt":"2024-11-04T17:57:08","guid":{"rendered":"https:\/\/now-news.de\/de\/deutschland\/die-franzoesische-kolonialkrise-erinnert-an-den-zusammenbruch-der-udssr\/"},"modified":"2024-11-04T19:57:08","modified_gmt":"2024-11-04T17:57:08","slug":"die-franzoesische-kolonialkrise-erinnert-an-den-zusammenbruch-der-udssr","status":"publish","type":"post","link":"https:\/\/now-news.de\/de\/deutschland\/die-franzoesische-kolonialkrise-erinnert-an-den-zusammenbruch-der-udssr\/","title":{"rendered":"Die franz\u00f6sische Kolonialkrise erinnert an den Zusammenbruch der UdSSR"},"content":{"rendered":"<p><img decoding=\"async\" src=\"https:\/\/now-news.de\/de\/wp-content\/uploads\/sites\/3\/2024\/11\/67262868b480cc6d074e5226.jpg\" \/><\/p>\n<div class=\"Text-root Text-type_1 \">\n                Die Krise in Frankreichs \u00dcberseegebieten weitet sich immer mehr aus. Nach Neukaledonien und Martinique ersch\u00fcttern Unruhen nun eine weitere ehemalige franz\u00f6sische Kolonie, n\u00e4mlich Guadeloupe. Trotz unterschiedlicher Ursachen haben alle eines gemeinsam, was auch beim Zusammenbruch der UdSSR zu beobachten war.\n            <\/div>\n<p><\/p>\n<div class=\"Text-root Text-type_5 ArticleView-text ViewText-root \">\n<p><em>Von Walerija Werbinina<\/em><\/p>\n<p>Seit einiger Zeit tauchen in den internationalen Nachrichten auch Regionen auf, die fr\u00fcher kaum erw\u00e4hnt wurden. Es handelt sich um die \u00dcberbleibsel der ehemaligen Kolonien Frankreichs, die als \u00fcberseeische Departements und Territorien mit Sonderstatus noch immer Teil des franz\u00f6sischen Staates sind. Sie liegen so weit von der Metropole entfernt, dass der Kreisstadtpolizeichef aus Gogols Kom\u00f6die wahrscheinlich sagen w\u00fcrde, man ben\u00f6tige drei Jahre, um dorthin zu gelangen. Nun sind diese Regionen zu einer Problemquelle f\u00fcr die franz\u00f6sischen Regierungsstellen geworden.<\/p>\n<p>Offensichtlich haben die COVID-Pandemie und die darauffolgende Wirtschaftskrise alle Widerspr\u00fcche in der Gesellschaft versch\u00e4rft, und Risse gibt es immer dort, wo es eine d\u00fcnne Stelle gibt. Die ehemaligen Kolonien erwiesen sich als ein solcher Schwachpunkt, zumal die Franzosen \u2013\u00a0um die Dinge beim Namen zu nennen \u2013 historisch gesehen nicht die besten Kolonisatoren und dann Mitb\u00fcrger f\u00fcr die einheimische Bev\u00f6lkerung waren.<\/p>\n<p>In einem Paradies wie Franz\u00f6sisch-Polynesien f\u00fchrten sie Dutzende von Nukleartests durch, in Martinique und Guadeloupe wurde das andernorts verbotene, krebserregende Pestizid Chlordecon eingesetzt und auf La R\u00e9union verwendeten sie das ebenfalls krebserregende Herbizid Glyphosat. Im Jahr 2023 wurde die Genehmigung f\u00fcr den Einsatz von Glyphosat um zehn Jahre verl\u00e4ngert, obwohl Pr\u00e4sident Macron bereits 2017 versprochen hatte, dessen Einsatz zu verbieten.<\/p>\n<p>&#8220;Die Konzentration von Glyphosat im Trinkwasser (auf der Insel La R\u00e9union) ist 20- bis 30-mal h\u00f6her als die WHO-Grenzwerte&#8221;, emp\u00f6ren sich lokale Aktivisten. &#8220;Das ist sehr schlimm, es handelt sich eindeutig um ein Verbrechen, denn Menschen sterben, Kinder werden krank, bevor sie geboren werden, und die Zahl der Krebskranken steigt.&#8221;<\/p>\n<p>Doch nicht nur die in der Landwirtschaft eingesetzten Chemikalien sorgten f\u00fcr Unzufriedenheit. Neukaledonien, das \u00fcber erhebliche Nickelreserven verf\u00fcgt, strebt seit langem die Unabh\u00e4ngigkeit an. Frankreich schaffte es jedoch, die Angelegenheit auf seine bevorzugte b\u00fcrokratische Art und Weise zu vereiteln: Zun\u00e4chst verz\u00f6gerte es den Prozess so lange wie m\u00f6glich, dann erzwang es drei aufeinanderfolgende Referenden, und das dritte Referendum wurde mitten in der Covid-Pandemie organisiert, sodass nicht alle daran teilnehmen konnten.<\/p>\n<p>Letztlich wurden die Ergebnisse von den lokalen Unabh\u00e4ngigkeitsbef\u00fcrwortern nicht akzeptiert, aber aus Sicht der franz\u00f6sischen Regierungsstellen ist alles absolut legal, und Neukaledonien mit seinen Nickelvorkommen und einer gro\u00dfen Milit\u00e4rbasis (auf der 1.500 Milit\u00e4rs stationiert sind) ist nun f\u00fcr immer ein franz\u00f6sisches Gebiet. Im Mai brachen anl\u00e4sslich des neuen Gesetzes \u00fcber Kommunalwahlen Unruhen auf der Insel aus \u2014 nat\u00fcrlich verbunden mit Pl\u00fcnderungen und Brandstiftung. Mehrere Menschen starben, Hunderte wurden verletzt, der Schaden belief sich auf mehr als zwei Milliarden Euro. Die Beh\u00f6rden verh\u00e4ngten eine Ausgangssperre von 22.00 Uhr bis 5.00 Uhr morgens, verboten das Waffentragen f\u00fcr Zivilisten und jegliche Demonstrationen. Doch die Unruhen lie\u00dfen nicht nach und die Beh\u00f6rden mussten zu radikalen Ma\u00dfnahmen greifen.<\/p>\n<p>Bis zum 3. November ist der Alkoholverkauf au\u00dferhalb von Bars und Restaurants auf der Insel verboten, ebenso wie der Verkauf von brennbaren Fl\u00fcssigkeiten (da diese f\u00fcr Brandstiftung und Molotow-Cocktails verwendet werden). Die Ausgangssperre wurde bis zum 4. November verl\u00e4ngert. Die Gendarmerie patrouilliert auf den Stra\u00dfen und die Polizei setzt Drohnen zur \u00dcberwachung der Ordnung ein.<\/p>\n<p>Die F\u00fchrer der Unabh\u00e4ngigkeitsbewegung wurden verhaftet und zum Gerichtsprozess in die Metropole gebracht.<\/p>\n<p>So wie Pawel Durow wegen Straftaten angeklagt wurde, bei denen Telegram von anderen in irgendeiner Weise genutzt wurde, wurden die Unabh\u00e4ngigkeitsbef\u00fcrworter wegen der w\u00e4hrend der Unruhen begangenen Raub\u00fcberf\u00e4lle und Morde angeklagt. Aus Sicht der Zentralbeh\u00f6rden ist dies eine Win-Win-Situation: Erstens m\u00fcssen die Angeklagten viel Zeit aufwenden, um ihre Unschuld zu beweisen, und zweitens k\u00f6nnen sie in dieser Zeit keine politischen Aktivit\u00e4ten aus\u00fcben. Die eigentlichen Ausl\u00f6ser der Unruhen, n\u00e4mlich Armut und Entm\u00fcndigung, bleiben jedoch bestehen.<\/p>\n<p>Unabh\u00e4ngig davon, wie viel Nickel es auf dem Archipel gibt, alle Einnahmen daraus flie\u00dfen in die richtigen Taschen, und die einheimische Bev\u00f6lkerung kann nur mit einem Job als Fabrikarbeiter oder als Angestellter im Dienstleistungssektor rechnen. In der Theorie herrscht nat\u00fcrlich Freiheit, Gleichheit und Br\u00fcderlichkeit, aber in der Realit\u00e4t \u00e4ndert sich das Bild seit den Kolonialzeiten kaum: Es gibt Herren, meist Wei\u00dfe, die alles und alle anderen beherrschen. Und wenn Jean-Jacques Brault, ehemaliger Republikvertreter in Neukaledonien, anmerkt, dass &#8220;das Geschehen \u00c4hnlichkeiten mit dem Entkolonialisierungskonflikt aufweist&#8221;, hat er im Gro\u00dfen und Ganzen Recht. Nur sollte man statt des gek\u00fcnstelten Begriffs &#8220;Entkolonialisierung&#8221; den Begriff &#8220;antikolonial&#8221; verwenden, der den Kern des Problems besser wiedergibt.<\/p>\n<p>W\u00e4hrend Neukaledonien \u00fcber enorme Nickelvorkommen verf\u00fcgt, sind die anderen franz\u00f6sischen \u00dcberseegebiete in dieser Hinsicht weniger attraktiv und vor allem durch ihre Landwirtschaft und Tourismusaktivit\u00e4ten von Bedeutung. Infolgedessen traf der allgemeine Wirtschaftsabschwung diese Regionen h\u00e4rter als die Metropole.<\/p>\n<p>Gleichzeitig wurden einige merkw\u00fcrdige Details aufgedeckt, z.\u00a0B. dass in Martinique und Guadeloupe Lebensmittel und viele Waren 40 Prozent teurer sind als im europ\u00e4ischen Teil Frankreichs.<\/p>\n<p>Die Einfuhr von billigen Lebensmitteln aus den Nachbarl\u00e4ndern ist verboten, denn wo sollen die franz\u00f6sischen Produzenten dann noch Profit machen? Selbstverst\u00e4ndlich entspricht das alles den gesetzlichen Bestimmungen: Die Lebensmittel m\u00fcssen den in Frankreich geltenden Normen entsprechen, und alles geschehe ausschlie\u00dflich aus Sorge um die Verbraucher. Die Bev\u00f6lkerung war jedoch nicht erfreut \u00fcber diese Sorge und es kam zu Protesten, Stra\u00dfenblockaden, Raub\u00fcberf\u00e4llen und Brandstiftungen.<\/p>\n<p>Zus\u00e4tzlichen Z\u00fcndstoff lieferte der Stromausfall in Guadeloupe am 25. Oktober, als der Strom komplett ausfiel. Trotz einer Ausgangssperre wurden Gesch\u00e4fte und Juwelierl\u00e4den ausgeraubt \u2014 nach Angaben der Einheimischen nur in den \u00e4rmeren Gegenden, w\u00e4hrend wohlhabende Wohnviertel bereits im Vorfeld gesichert wurden.<\/p>\n<p>Das Problem der hohen Preise wurde von den franz\u00f6sischen Regierungsstellen erkannt. Es wurde vorgeschlagen, die Mehrwertsteuer auf einige wesentliche G\u00fcter abzuschaffen, um die Preise langfristig um 20 Prozent zu senken. Obwohl das Gesetz erst von den zust\u00e4ndigen Instanzen gepr\u00fcft werden soll, steht schon jetzt fest, dass die Mehrwertsteuer k\u00fcnftig auf diejenigen Warenkategorien erhoben wird, die bisher in den \u00fcberseeischen Departements von der Mehrwertsteuer befreit waren.<\/p>\n<p>Noch interessanter als die Winkelz\u00fcge der Regierungsstellen ist jedoch die Reaktion der Mitb\u00fcrger im europ\u00e4ischen Teil Frankreichs auf das Geschehen. W\u00e4hrend in den Kommentaren von B\u00fcrgern \u00fcber das nickelreiche Neukaledonien zu lesen ist: &#8220;Sie sollen selbst f\u00fcr ihre Verluste aufkommen. Warum sollten wir das mit unseren Steuern bezahlen?&#8221;, ist die Haltung gegen\u00fcber den \u00e4rmeren \u00fcberseeischen Departements wesentlich sch\u00e4rfer.<\/p>\n<p>&#8220;Gebt ihnen die Unabh\u00e4ngigkeit und lasst sie ein zweites Haiti werden&#8221;, ist das Leitmotiv. Immer wieder wird suggeriert, dass Frankreich diese Gebiete nicht mehr braucht, weil sie eine Last sind und es sich nicht lohnt, sie finanziell zu unterst\u00fctzen. Zwar leben dort die gleichen Franzosen wie in Paris, Bordeaux oder Arles, aber von ihren europ\u00e4ischen Mitb\u00fcrgern werden sie schon anders wahrgenommen: als Fremde, und zwar als feindliche Fremde (worauf die Formulierung hindeutet, sie sollten das Schicksal eines v\u00f6llig verarmten Haiti erleben).<\/p>\n<p>Etwas \u00c4hnliches war in der UdSSR am Vorabend ihres Zusammenbruchs zu beobachten: gegenseitige Abneigung der Peripherie und des Zentrums, Betrachtung ganzer Territorien und ihrer Bewohner als Belastung sowie \u00e4hnliche Diskussionen dar\u00fcber, wer wen in welchem Umfang finanziell unterst\u00fctzt. Solche gesellschaftlichen Stimmungen entstehen nur in Momenten der Krise des Machtsystems, das seine Aufgaben nicht mehr bew\u00e4ltigen kann.<\/p>\n<p>Versch\u00e4rft sich die Krise und \u00fcberschreitet sie den Punkt, an dem es kein Zur\u00fcck mehr gibt, kann der Traum derjenigen, die Frankreich ohne \u00dcberseegebiete sehen wollen, in Erf\u00fcllung gehen. Mehr noch, denn auf Korsika und in der Bretagne herrschen starke separatistische Tendenzen, wobei die Bretagne eigentlich zu Europa geh\u00f6rt.<\/p>\n<div class=\"EmbedBlock-root EmbedBlock-externalVideo EmbedBlock-rumble\">\n<div class=\"VkEmbed\"><iframe class=\"lazyload\" data-src=\"https:\/\/rumble.com\/embed\/v5ipyxy\" frameborder=\"0\" width=\"853\" height=\"480\" allowfullscreen><\/iframe><\/div>\n<\/div>\n<p>Das erkl\u00e4rt, warum Macron und seine Nachfolger verhindern wollen, dass auch nur ein Gebiet Frankreich verl\u00e4sst: Wenn sich eines von Frankreich trennt, werden alle anderen ihm folgen. In der westlichen Politik ist die Entkolonialisierung eine ausschlie\u00dflich f\u00fcr den Export bestimmte &#8220;Ware&#8221;, die der Westen selbst nicht nutzen will. Den Verlust von Territorien und Menschen sollen andere hinnehmen.<\/p>\n<p><em>\u00dcbersetzt aus dem <a rel=\"nofollow noopener\" target=\"_blank\" href=\"https:\/\/vz.ru\/world\/2024\/11\/1\/1295543.html\">Russischen<\/a>. Der Artikel ist am 1. November 2024 zuerst auf der Seite der Zeitung Wsgljad erschienen.<\/em><\/p>\n<p><strong>Mehr zum Thema<\/strong> &#8211; <a rel=\"nofollow noopener\" target=\"_blank\" href=\"https:\/\/dert.site\/international\/223560-brics-wie-china-und-indien-in-kasan-russland-das-groesste-geschenk-gemacht-haben\/\">BRICS: Wie China und Indien in Kasan Russland das gr\u00f6\u00dfte Geschenk gemacht haben<\/a><\/p>\n<\/div>\n<p><br \/>\n<br \/><a href=\"https:\/\/de.rt.com\/international\/224499-franzoesische-kolonialkrise-erinnert-an-zusammenbruch\/\">Source link <\/a><\/p>\n","protected":false},"excerpt":{"rendered":"<p>Die Krise in Frankreichs \u00dcberseegebieten weitet sich immer mehr aus. Nach Neukaledonien und Martinique ersch\u00fcttern Unruhen nun eine weitere ehemalige franz\u00f6sische Kolonie, n\u00e4mlich Guadeloupe. Trotz unterschiedlicher Ursachen haben alle eines gemeinsam, was auch beim Zusammenbruch der UdSSR zu beobachten war. Von Walerija Werbinina Seit einiger Zeit tauchen in den internationalen Nachrichten auch Regionen auf, die [&hellip;]<\/p>\n","protected":false},"author":3,"featured_media":71994,"comment_status":"open","ping_status":"open","sticky":false,"template":"","format":"standard","meta":{"_yoast_indexnow_last_ping":["1730743497"],"wp_automatic_camp":["217"],"b4ebe67d112efcc6fd6fc85e7ece4f03":["Die franz\u00f6sische Kolonialkrise erinnert an den Zusammenbruch der UdSSR"],"original_link":["https:\/\/de.rt.com\/international\/224499-franzoesische-kolonialkrise-erinnert-an-zusammenbruch\/"],"_thumbnail_id":["71994"],"_wptgpro_p2tg_sent2tg":["a:1:{i:23737;s:19:\"2024-11-04 20:06:13\";}"],"jnews_social_counter_last_update":["1777556966"]},"categories":[19,23],"tags":[48,82,45,23552,9969,59990,25453,5603],"yoast_head":"<!-- This site is optimized with the Yoast SEO Premium plugin v22.7 (Yoast SEO v22.7) - https:\/\/yoast.com\/wordpress\/plugins\/seo\/ -->\n<title>Die franz\u00f6sische Kolonialkrise erinnert an den Zusammenbruch der UdSSR - just-now.NEWS Deutschland<\/title>\n<meta name=\"robots\" content=\"index, follow, max-snippet:-1, max-image-preview:large, max-video-preview:-1\" \/>\n<link rel=\"canonical\" href=\"https:\/\/now-news.de\/de\/deutschland\/die-franzoesische-kolonialkrise-erinnert-an-den-zusammenbruch-der-udssr\/\" \/>\n<meta property=\"og:locale\" content=\"de_DE\" \/>\n<meta property=\"og:type\" content=\"article\" \/>\n<meta property=\"og:title\" content=\"Die franz\u00f6sische Kolonialkrise erinnert an den Zusammenbruch der UdSSR\" \/>\n<meta property=\"og:description\" content=\"Die Krise in Frankreichs \u00dcberseegebieten weitet sich immer mehr aus. Nach Neukaledonien und Martinique ersch\u00fcttern Unruhen nun eine weitere ehemalige franz\u00f6sische Kolonie, n\u00e4mlich Guadeloupe. Trotz unterschiedlicher Ursachen haben alle eines gemeinsam, was auch beim Zusammenbruch der UdSSR zu beobachten war. Von Walerija Werbinina Seit einiger Zeit tauchen in den internationalen Nachrichten auch Regionen auf, die [&hellip;]\" \/>\n<meta property=\"og:url\" content=\"https:\/\/now-news.de\/de\/deutschland\/die-franzoesische-kolonialkrise-erinnert-an-den-zusammenbruch-der-udssr\/\" \/>\n<meta property=\"og:site_name\" content=\"just-now.NEWS Deutschland\" \/>\n<meta property=\"article:publisher\" content=\"https:\/\/www.facebook.com\/wirmachenauf\" \/>\n<meta property=\"article:published_time\" content=\"2024-11-04T17:57:08+00:00\" \/>\n<meta property=\"og:image\" content=\"https:\/\/now-news.de\/de\/wp-content\/uploads\/sites\/3\/2024\/11\/67262868b480cc6d074e5226.jpg\" \/>\n<meta name=\"author\" content=\"rtnews\" \/>\n<meta name=\"twitter:card\" content=\"summary_large_image\" \/>\n<meta name=\"twitter:creator\" content=\"@WirMachenAuf_de\" \/>\n<meta name=\"twitter:site\" content=\"@WirMachenAuf_de\" \/>\n<meta name=\"twitter:label1\" content=\"Verfasst von\" \/>\n\t<meta name=\"twitter:data1\" content=\"rtnews\" \/>\n\t<meta name=\"twitter:label2\" content=\"Gesch\u00e4tzte Lesezeit\" \/>\n\t<meta name=\"twitter:data2\" content=\"7\u00a0Minuten\" \/>\n<script type=\"application\/ld+json\" class=\"yoast-schema-graph\">{\"@context\":\"https:\/\/schema.org\",\"@graph\":[{\"@type\":\"Article\",\"@id\":\"https:\/\/now-news.de\/de\/deutschland\/die-franzoesische-kolonialkrise-erinnert-an-den-zusammenbruch-der-udssr\/#article\",\"isPartOf\":{\"@id\":\"https:\/\/now-news.de\/de\/deutschland\/die-franzoesische-kolonialkrise-erinnert-an-den-zusammenbruch-der-udssr\/\"},\"author\":{\"name\":\"rtnews\",\"@id\":\"https:\/\/now-news.de\/de\/#\/schema\/person\/fb534a4e865501d8b3285208df34a9b5\"},\"headline\":\"Die franz\u00f6sische Kolonialkrise erinnert an den Zusammenbruch der UdSSR\",\"datePublished\":\"2024-11-04T17:57:08+00:00\",\"dateModified\":\"2024-11-04T17:57:08+00:00\",\"mainEntityOfPage\":{\"@id\":\"https:\/\/now-news.de\/de\/deutschland\/die-franzoesische-kolonialkrise-erinnert-an-den-zusammenbruch-der-udssr\/\"},\"wordCount\":1423,\"commentCount\":0,\"publisher\":{\"@id\":\"https:\/\/now-news.de\/de\/#organization\"},\"image\":{\"@id\":\"https:\/\/now-news.de\/de\/deutschland\/die-franzoesische-kolonialkrise-erinnert-an-den-zusammenbruch-der-udssr\/#primaryimage\"},\"thumbnailUrl\":\"https:\/\/now-news.de\/de\/wp-content\/uploads\/sites\/3\/2024\/11\/Die-franzoesische-Kolonialkrise-erinnert-an-den-Zusammenbruch-der-UdSSR.jpg\",\"keywords\":[\"den\",\"der\",\"die\",\"ERINNERT\",\"franz\u00f6sische\",\"Kolonialkrise\",\"UdSSR\",\"Zusammenbruch\"],\"articleSection\":[\"Deutschland\",\"Russland\"],\"inLanguage\":\"de\",\"potentialAction\":[{\"@type\":\"CommentAction\",\"name\":\"Comment\",\"target\":[\"https:\/\/now-news.de\/de\/deutschland\/die-franzoesische-kolonialkrise-erinnert-an-den-zusammenbruch-der-udssr\/#respond\"]}]},{\"@type\":\"WebPage\",\"@id\":\"https:\/\/now-news.de\/de\/deutschland\/die-franzoesische-kolonialkrise-erinnert-an-den-zusammenbruch-der-udssr\/\",\"url\":\"https:\/\/now-news.de\/de\/deutschland\/die-franzoesische-kolonialkrise-erinnert-an-den-zusammenbruch-der-udssr\/\",\"name\":\"Die franz\u00f6sische Kolonialkrise erinnert an den Zusammenbruch der UdSSR - just-now.NEWS Deutschland\",\"isPartOf\":{\"@id\":\"https:\/\/now-news.de\/de\/#website\"},\"primaryImageOfPage\":{\"@id\":\"https:\/\/now-news.de\/de\/deutschland\/die-franzoesische-kolonialkrise-erinnert-an-den-zusammenbruch-der-udssr\/#primaryimage\"},\"image\":{\"@id\":\"https:\/\/now-news.de\/de\/deutschland\/die-franzoesische-kolonialkrise-erinnert-an-den-zusammenbruch-der-udssr\/#primaryimage\"},\"thumbnailUrl\":\"https:\/\/now-news.de\/de\/wp-content\/uploads\/sites\/3\/2024\/11\/Die-franzoesische-Kolonialkrise-erinnert-an-den-Zusammenbruch-der-UdSSR.jpg\",\"datePublished\":\"2024-11-04T17:57:08+00:00\",\"dateModified\":\"2024-11-04T17:57:08+00:00\",\"breadcrumb\":{\"@id\":\"https:\/\/now-news.de\/de\/deutschland\/die-franzoesische-kolonialkrise-erinnert-an-den-zusammenbruch-der-udssr\/#breadcrumb\"},\"inLanguage\":\"de\",\"potentialAction\":[{\"@type\":\"ReadAction\",\"target\":[\"https:\/\/now-news.de\/de\/deutschland\/die-franzoesische-kolonialkrise-erinnert-an-den-zusammenbruch-der-udssr\/\"]}]},{\"@type\":\"ImageObject\",\"inLanguage\":\"de\",\"@id\":\"https:\/\/now-news.de\/de\/deutschland\/die-franzoesische-kolonialkrise-erinnert-an-den-zusammenbruch-der-udssr\/#primaryimage\",\"url\":\"https:\/\/now-news.de\/de\/wp-content\/uploads\/sites\/3\/2024\/11\/Die-franzoesische-Kolonialkrise-erinnert-an-den-Zusammenbruch-der-UdSSR.jpg\",\"contentUrl\":\"https:\/\/now-news.de\/de\/wp-content\/uploads\/sites\/3\/2024\/11\/Die-franzoesische-Kolonialkrise-erinnert-an-den-Zusammenbruch-der-UdSSR.jpg\",\"width\":460,\"height\":259,\"caption\":\"Die franz\u00f6sische Kolonialkrise erinnert an den Zusammenbruch der UdSSR\"},{\"@type\":\"BreadcrumbList\",\"@id\":\"https:\/\/now-news.de\/de\/deutschland\/die-franzoesische-kolonialkrise-erinnert-an-den-zusammenbruch-der-udssr\/#breadcrumb\",\"itemListElement\":[{\"@type\":\"ListItem\",\"position\":1,\"name\":\"Home\",\"item\":\"https:\/\/now-news.de\/de\/\"},{\"@type\":\"ListItem\",\"position\":2,\"name\":\"Die franz\u00f6sische Kolonialkrise erinnert an den Zusammenbruch der UdSSR\"}]},{\"@type\":\"WebSite\",\"@id\":\"https:\/\/now-news.de\/de\/#website\",\"url\":\"https:\/\/now-news.de\/de\/\",\"name\":\"just-now.NEWS Deutschland\",\"description\":\"Das Portal f\u00fcr unzensierte Nachrichten aus der Welt\",\"publisher\":{\"@id\":\"https:\/\/now-news.de\/de\/#organization\"},\"potentialAction\":[{\"@type\":\"SearchAction\",\"target\":{\"@type\":\"EntryPoint\",\"urlTemplate\":\"https:\/\/now-news.de\/de\/?s={search_term_string}\"},\"query-input\":\"required name=search_term_string\"}],\"inLanguage\":\"de\"},{\"@type\":\"Organization\",\"@id\":\"https:\/\/now-news.de\/de\/#organization\",\"name\":\"Just Now News\",\"url\":\"https:\/\/now-news.de\/de\/\",\"logo\":{\"@type\":\"ImageObject\",\"inLanguage\":\"de\",\"@id\":\"https:\/\/now-news.de\/de\/#\/schema\/logo\/image\/\",\"url\":\"http:\/\/just-now.news\/de\/wp-content\/uploads\/sites\/3\/2022\/04\/logo500x500.jpg\",\"contentUrl\":\"http:\/\/just-now.news\/de\/wp-content\/uploads\/sites\/3\/2022\/04\/logo500x500.jpg\",\"width\":500,\"height\":500,\"caption\":\"Just Now News\"},\"image\":{\"@id\":\"https:\/\/now-news.de\/de\/#\/schema\/logo\/image\/\"},\"sameAs\":[\"https:\/\/www.facebook.com\/wirmachenauf\",\"https:\/\/x.com\/WirMachenAuf_de\"]},{\"@type\":\"Person\",\"@id\":\"https:\/\/now-news.de\/de\/#\/schema\/person\/fb534a4e865501d8b3285208df34a9b5\",\"name\":\"rtnews\",\"image\":{\"@type\":\"ImageObject\",\"inLanguage\":\"de\",\"@id\":\"https:\/\/now-news.de\/de\/#\/schema\/person\/image\/\",\"url\":\"https:\/\/secure.gravatar.com\/avatar\/82aafea7d8127119dd649515f56e2117?s=96&d=mm&r=g\",\"contentUrl\":\"https:\/\/secure.gravatar.com\/avatar\/82aafea7d8127119dd649515f56e2117?s=96&d=mm&r=g\",\"caption\":\"rtnews\"},\"url\":\"https:\/\/now-news.de\/de\/author\/rnews\/\"}]}<\/script>\n<!-- \/ Yoast SEO Premium plugin. -->","yoast_head_json":{"title":"Die franz\u00f6sische Kolonialkrise erinnert an den Zusammenbruch der UdSSR - just-now.NEWS Deutschland","robots":{"index":"index","follow":"follow","max-snippet":"max-snippet:-1","max-image-preview":"max-image-preview:large","max-video-preview":"max-video-preview:-1"},"canonical":"https:\/\/now-news.de\/de\/deutschland\/die-franzoesische-kolonialkrise-erinnert-an-den-zusammenbruch-der-udssr\/","og_locale":"de_DE","og_type":"article","og_title":"Die franz\u00f6sische Kolonialkrise erinnert an den Zusammenbruch der UdSSR","og_description":"Die Krise in Frankreichs \u00dcberseegebieten weitet sich immer mehr aus. Nach Neukaledonien und Martinique ersch\u00fcttern Unruhen nun eine weitere ehemalige franz\u00f6sische Kolonie, n\u00e4mlich Guadeloupe. Trotz unterschiedlicher Ursachen haben alle eines gemeinsam, was auch beim Zusammenbruch der UdSSR zu beobachten war. Von Walerija Werbinina Seit einiger Zeit tauchen in den internationalen Nachrichten auch Regionen auf, die [&hellip;]","og_url":"https:\/\/now-news.de\/de\/deutschland\/die-franzoesische-kolonialkrise-erinnert-an-den-zusammenbruch-der-udssr\/","og_site_name":"just-now.NEWS Deutschland","article_publisher":"https:\/\/www.facebook.com\/wirmachenauf","article_published_time":"2024-11-04T17:57:08+00:00","og_image":[{"url":"https:\/\/now-news.de\/de\/wp-content\/uploads\/sites\/3\/2024\/11\/67262868b480cc6d074e5226.jpg"}],"author":"rtnews","twitter_card":"summary_large_image","twitter_creator":"@WirMachenAuf_de","twitter_site":"@WirMachenAuf_de","twitter_misc":{"Verfasst von":"rtnews","Gesch\u00e4tzte Lesezeit":"7\u00a0Minuten"},"schema":{"@context":"https:\/\/schema.org","@graph":[{"@type":"Article","@id":"https:\/\/now-news.de\/de\/deutschland\/die-franzoesische-kolonialkrise-erinnert-an-den-zusammenbruch-der-udssr\/#article","isPartOf":{"@id":"https:\/\/now-news.de\/de\/deutschland\/die-franzoesische-kolonialkrise-erinnert-an-den-zusammenbruch-der-udssr\/"},"author":{"name":"rtnews","@id":"https:\/\/now-news.de\/de\/#\/schema\/person\/fb534a4e865501d8b3285208df34a9b5"},"headline":"Die franz\u00f6sische Kolonialkrise erinnert an den Zusammenbruch der UdSSR","datePublished":"2024-11-04T17:57:08+00:00","dateModified":"2024-11-04T17:57:08+00:00","mainEntityOfPage":{"@id":"https:\/\/now-news.de\/de\/deutschland\/die-franzoesische-kolonialkrise-erinnert-an-den-zusammenbruch-der-udssr\/"},"wordCount":1423,"commentCount":0,"publisher":{"@id":"https:\/\/now-news.de\/de\/#organization"},"image":{"@id":"https:\/\/now-news.de\/de\/deutschland\/die-franzoesische-kolonialkrise-erinnert-an-den-zusammenbruch-der-udssr\/#primaryimage"},"thumbnailUrl":"https:\/\/now-news.de\/de\/wp-content\/uploads\/sites\/3\/2024\/11\/Die-franzoesische-Kolonialkrise-erinnert-an-den-Zusammenbruch-der-UdSSR.jpg","keywords":["den","der","die","ERINNERT","franz\u00f6sische","Kolonialkrise","UdSSR","Zusammenbruch"],"articleSection":["Deutschland","Russland"],"inLanguage":"de","potentialAction":[{"@type":"CommentAction","name":"Comment","target":["https:\/\/now-news.de\/de\/deutschland\/die-franzoesische-kolonialkrise-erinnert-an-den-zusammenbruch-der-udssr\/#respond"]}]},{"@type":"WebPage","@id":"https:\/\/now-news.de\/de\/deutschland\/die-franzoesische-kolonialkrise-erinnert-an-den-zusammenbruch-der-udssr\/","url":"https:\/\/now-news.de\/de\/deutschland\/die-franzoesische-kolonialkrise-erinnert-an-den-zusammenbruch-der-udssr\/","name":"Die franz\u00f6sische Kolonialkrise erinnert an den Zusammenbruch der UdSSR - just-now.NEWS Deutschland","isPartOf":{"@id":"https:\/\/now-news.de\/de\/#website"},"primaryImageOfPage":{"@id":"https:\/\/now-news.de\/de\/deutschland\/die-franzoesische-kolonialkrise-erinnert-an-den-zusammenbruch-der-udssr\/#primaryimage"},"image":{"@id":"https:\/\/now-news.de\/de\/deutschland\/die-franzoesische-kolonialkrise-erinnert-an-den-zusammenbruch-der-udssr\/#primaryimage"},"thumbnailUrl":"https:\/\/now-news.de\/de\/wp-content\/uploads\/sites\/3\/2024\/11\/Die-franzoesische-Kolonialkrise-erinnert-an-den-Zusammenbruch-der-UdSSR.jpg","datePublished":"2024-11-04T17:57:08+00:00","dateModified":"2024-11-04T17:57:08+00:00","breadcrumb":{"@id":"https:\/\/now-news.de\/de\/deutschland\/die-franzoesische-kolonialkrise-erinnert-an-den-zusammenbruch-der-udssr\/#breadcrumb"},"inLanguage":"de","potentialAction":[{"@type":"ReadAction","target":["https:\/\/now-news.de\/de\/deutschland\/die-franzoesische-kolonialkrise-erinnert-an-den-zusammenbruch-der-udssr\/"]}]},{"@type":"ImageObject","inLanguage":"de","@id":"https:\/\/now-news.de\/de\/deutschland\/die-franzoesische-kolonialkrise-erinnert-an-den-zusammenbruch-der-udssr\/#primaryimage","url":"https:\/\/now-news.de\/de\/wp-content\/uploads\/sites\/3\/2024\/11\/Die-franzoesische-Kolonialkrise-erinnert-an-den-Zusammenbruch-der-UdSSR.jpg","contentUrl":"https:\/\/now-news.de\/de\/wp-content\/uploads\/sites\/3\/2024\/11\/Die-franzoesische-Kolonialkrise-erinnert-an-den-Zusammenbruch-der-UdSSR.jpg","width":460,"height":259,"caption":"Die franz\u00f6sische Kolonialkrise erinnert an den Zusammenbruch der UdSSR"},{"@type":"BreadcrumbList","@id":"https:\/\/now-news.de\/de\/deutschland\/die-franzoesische-kolonialkrise-erinnert-an-den-zusammenbruch-der-udssr\/#breadcrumb","itemListElement":[{"@type":"ListItem","position":1,"name":"Home","item":"https:\/\/now-news.de\/de\/"},{"@type":"ListItem","position":2,"name":"Die franz\u00f6sische Kolonialkrise erinnert an den Zusammenbruch der UdSSR"}]},{"@type":"WebSite","@id":"https:\/\/now-news.de\/de\/#website","url":"https:\/\/now-news.de\/de\/","name":"just-now.NEWS Deutschland","description":"Das Portal f\u00fcr unzensierte Nachrichten aus der Welt","publisher":{"@id":"https:\/\/now-news.de\/de\/#organization"},"potentialAction":[{"@type":"SearchAction","target":{"@type":"EntryPoint","urlTemplate":"https:\/\/now-news.de\/de\/?s={search_term_string}"},"query-input":"required name=search_term_string"}],"inLanguage":"de"},{"@type":"Organization","@id":"https:\/\/now-news.de\/de\/#organization","name":"Just Now News","url":"https:\/\/now-news.de\/de\/","logo":{"@type":"ImageObject","inLanguage":"de","@id":"https:\/\/now-news.de\/de\/#\/schema\/logo\/image\/","url":"http:\/\/just-now.news\/de\/wp-content\/uploads\/sites\/3\/2022\/04\/logo500x500.jpg","contentUrl":"http:\/\/just-now.news\/de\/wp-content\/uploads\/sites\/3\/2022\/04\/logo500x500.jpg","width":500,"height":500,"caption":"Just Now News"},"image":{"@id":"https:\/\/now-news.de\/de\/#\/schema\/logo\/image\/"},"sameAs":["https:\/\/www.facebook.com\/wirmachenauf","https:\/\/x.com\/WirMachenAuf_de"]},{"@type":"Person","@id":"https:\/\/now-news.de\/de\/#\/schema\/person\/fb534a4e865501d8b3285208df34a9b5","name":"rtnews","image":{"@type":"ImageObject","inLanguage":"de","@id":"https:\/\/now-news.de\/de\/#\/schema\/person\/image\/","url":"https:\/\/secure.gravatar.com\/avatar\/82aafea7d8127119dd649515f56e2117?s=96&d=mm&r=g","contentUrl":"https:\/\/secure.gravatar.com\/avatar\/82aafea7d8127119dd649515f56e2117?s=96&d=mm&r=g","caption":"rtnews"},"url":"https:\/\/now-news.de\/de\/author\/rnews\/"}]}},"_links":{"self":[{"href":"https:\/\/now-news.de\/de\/wp-json\/wp\/v2\/posts\/71993"}],"collection":[{"href":"https:\/\/now-news.de\/de\/wp-json\/wp\/v2\/posts"}],"about":[{"href":"https:\/\/now-news.de\/de\/wp-json\/wp\/v2\/types\/post"}],"author":[{"embeddable":true,"href":"https:\/\/now-news.de\/de\/wp-json\/wp\/v2\/users\/3"}],"replies":[{"embeddable":true,"href":"https:\/\/now-news.de\/de\/wp-json\/wp\/v2\/comments?post=71993"}],"version-history":[{"count":0,"href":"https:\/\/now-news.de\/de\/wp-json\/wp\/v2\/posts\/71993\/revisions"}],"wp:featuredmedia":[{"embeddable":true,"href":"https:\/\/now-news.de\/de\/wp-json\/wp\/v2\/media\/71994"}],"wp:attachment":[{"href":"https:\/\/now-news.de\/de\/wp-json\/wp\/v2\/media?parent=71993"}],"wp:term":[{"taxonomy":"category","embeddable":true,"href":"https:\/\/now-news.de\/de\/wp-json\/wp\/v2\/categories?post=71993"},{"taxonomy":"post_tag","embeddable":true,"href":"https:\/\/now-news.de\/de\/wp-json\/wp\/v2\/tags?post=71993"}],"curies":[{"name":"wp","href":"https:\/\/api.w.org\/{rel}","templated":true}]}}