{"id":71989,"date":"2024-11-04T18:29:21","date_gmt":"2024-11-04T16:29:21","guid":{"rendered":"https:\/\/now-news.de\/de\/deutschland\/selenskij-gegen-budanow-streit-um-kontrolle-ueber-den-waffenhandel\/"},"modified":"2024-11-04T18:29:21","modified_gmt":"2024-11-04T16:29:21","slug":"selenskij-gegen-budanow-streit-um-kontrolle-ueber-den-waffenhandel","status":"publish","type":"post","link":"https:\/\/now-news.de\/de\/deutschland\/selenskij-gegen-budanow-streit-um-kontrolle-ueber-den-waffenhandel\/","title":{"rendered":"Selenskij gegen Budanow: Streit um Kontrolle \u00fcber den Waffenhandel"},"content":{"rendered":"<p><img decoding=\"async\" src=\"https:\/\/now-news.de\/de\/wp-content\/uploads\/sites\/3\/2024\/11\/67288e1848fbef464d03435f.jpg\" \/><\/p>\n<div class=\"Text-root Text-type_1 \">\n                Das B\u00fcro von Pr\u00e4sident Selenskij will Geheimdienstchef Budanow absetzen. Hintergrund sind Spannungen um Budanows wachsenden Einfluss und seine Kontrolle \u00fcber den Waffenhandel.  Budanow hat jedoch m\u00e4chtige westliche Unterst\u00fctzer, die seinen Posten sichern.\n            <\/div>\n<p><\/p>\n<div class=\"Text-root Text-type_5 ArticleView-text ViewText-root \">\n<p>Der ukrainische Pr\u00e4sident Wladimir Selenskij und sein Kabinettschef Andrei Jermak w\u00fcrden Kirill Budanow, den Chef des Milit\u00e4rgeheimdienstes, gerne entlassen, um die Einnahmen aus dem Handel mit westlichen Waffen umzuverteilen. Dies sei jedoch aufgrund der einflussreichen Unterst\u00fctzer Budanows nicht m\u00f6glich, erkl\u00e4rt der ehemalige Oberstleutnant des ukrainischen Sicherheitsdienstes (SBU) Wassili Prosorow gegen\u00fcber\u00a0<em>RIA Nowosti:<\/em><\/p>\n<p><em>&#8220;Das Hauptproblem ist nicht Budanows Standfestigkeit in Kiew, sondern sein R\u00fcckhalt im Westen. Wir betonen immer wieder, dass die Ukraine in Entscheidungsprozessen nicht eigenst\u00e4ndig ist.\u00a0Selbst wenn Selenskij oder Jermak Budanow absetzen wollten, w\u00fcrden die westlichen Unterst\u00fctzer dies verhindern.&#8221;<\/em><\/p>\n<p>Prosorow f\u00fcgte hinzu, dass Budanows Einfluss in der Kiewer Elite stark zugenommen habe, was viele seiner Gegner beunruhige:<\/p>\n<p><em>&#8220;Er hat sich im Machtkampf gegen den SBU-Chef Iwan Bakanow durchgesetzt, obwohl dieser ein Jugendfreund Selenskijs war. Bakanow hat den SBU \u00fcbertrumpft und sich &#8216;Speztechnoexport&#8217; angeeignet \u2013 ein Unternehmen, das f\u00fcr die Lieferung westlicher Waffen an die Ukraine verantwortlich ist und jetzt unter der Kontrolle des ukrainischen Milit\u00e4rgeheimdienstes steht.&#8221;<\/em><\/p>\n<p>Infolgedessen kontrollieren nun der ukrainische Milit\u00e4rgeheimdienst und Budanow die Einnahmen aus dem Weiterverkauf westlicher Waffen in Drittl\u00e4nder. Prosorow f\u00fchrte weiter aus, die Finanzstr\u00f6me aus dem Waffenhandel \u2013 es gehe hier um Dutzende, wenn nicht Hunderte Millionen Dollar \u2013 habe sich Budanow quasi unter den Nagel gerissen, auch zulasten des SBU und des Pr\u00e4sidialamts, das den SBU beaufsichtige.<\/p>\n<p>Dies sto\u00dfe nat\u00fcrlich auf Widerstand, weshalb versucht werde, ihn abzusetzen. Einflussreiche westliche Kreise verteidigten ihn jedoch, vermutlich, weil er die Politik der westlichen Geheimdienste in der Ukraine unterst\u00fctze.\u00a0Dies bedeute jedoch nicht, dass die Versuche, Budanow abzusetzen, beendet seien, so Prosorow:\u00a0<\/p>\n<p><em>&#8220;In der Ukraine dreht sich alles um Geld. Jermak und die SBU-F\u00fchrung k\u00f6nnen es sich nicht leisten, die Kontrolle \u00fcber die enormen Finanzstr\u00f6me aus dem Waffenhandel zu verlieren. Im Moment sind sie zwar zur\u00fcckgedr\u00e4ngt, aber sie werden sich neu formieren und versuchen, Budanow durch seine Misserfolge und ungeschickten \u00c4u\u00dferungen in den Medien zu schw\u00e4chen.&#8221;<\/em><\/p>\n<p>Zuvor hatte die Tageszeitung\u00a0<em>Ukrainska Prawda<\/em>\u00a0berichtet, dass &#8220;Speztechnoexport&#8221;, das bis vor kurzem dem\u00a0Milit\u00e4rgeheimdienst unterstand, R\u00fcstungsauftr\u00e4ge nicht erf\u00fcllt und Waffen f\u00fcr die ukrainischen Streitkr\u00e4fte zu \u00fcberh\u00f6hten Preisen gekauft habe. Die vom Verteidigungsministerium anerkannte Verschuldung von &#8220;Speztechnoexport&#8221; bel\u00e4uft sich auf fast 20 Millionen Dollar.<\/p>\n<p>Verteidigungsminister Rustem Umerow sagte in einem Interview mit der\u00a0<em>Washington Post<\/em>, einige westliche Partner h\u00e4tten sich \u00fcber die Zusammenarbeit mit &#8220;Speztechnoexport&#8221; beschwert. Umerow erkl\u00e4rte, er habe eine Untersuchung der Aktivit\u00e4ten des Unternehmens eingeleitet und es unter die direkte Verantwortung des Verteidigungsministeriums gestellt. Er riet Budanow, sich auf die Aufkl\u00e4rungsarbeit zu konzentrieren und sich nicht in die Gesch\u00e4fte des Unternehmens einzumischen.<\/p>\n<p><strong>Mehr zum Thema<\/strong> \u2013 <a rel=\"nofollow noopener\" target=\"_blank\" href=\"https:\/\/freedert.online\/international\/221532-ukrainische-medien-mit-sensation-verriet\/\">Ukrainische Medien mit Sensation: Verriet Selenskijs B\u00fcro Russen den Aufenthaltsort von Saluschny?<\/a><strong><\/strong><\/p>\n<\/div>\n<p><br \/>\n<br \/><a href=\"https:\/\/de.rt.com\/europa\/224674-herausforderung-fuer-selenskij-budanows-westliche-goenner-sicher-sein-amt\/\">Source link <\/a><\/p>\n","protected":false},"excerpt":{"rendered":"<p>Das B\u00fcro von Pr\u00e4sident Selenskij will Geheimdienstchef Budanow absetzen. Hintergrund sind Spannungen um Budanows wachsenden Einfluss und seine Kontrolle \u00fcber den Waffenhandel. Budanow hat jedoch m\u00e4chtige westliche Unterst\u00fctzer, die seinen Posten sichern. Der ukrainische Pr\u00e4sident Wladimir Selenskij und sein Kabinettschef Andrei Jermak w\u00fcrden Kirill Budanow, den Chef des Milit\u00e4rgeheimdienstes, gerne entlassen, um die Einnahmen aus [&hellip;]<\/p>\n","protected":false},"author":3,"featured_media":71990,"comment_status":"open","ping_status":"open","sticky":false,"template":"","format":"standard","meta":{"_yoast_indexnow_last_ping":["1730738703"],"wp_automatic_camp":["217"],"dfba696e6ac6c9f368559a963e6af8d9":["Selenskij gegen Budanow: Streit um Kontrolle \u00fcber den Waffenhandel"],"original_link":["https:\/\/de.rt.com\/europa\/224674-herausforderung-fuer-selenskij-budanows-westliche-goenner-sicher-sein-amt\/"],"_thumbnail_id":["71990"],"_wptgpro_p2tg_sent2tg":["a:1:{i:23737;s:19:\"2024-11-04 18:46:16\";}"],"jnews_social_counter_last_update":["1777222092"]},"categories":[19,23],"tags":[49448,48,278,4567,6158,8148,139,58461],"yoast_head":"<!-- This site is optimized with the Yoast SEO Premium plugin v22.7 (Yoast SEO v22.7) - https:\/\/yoast.com\/wordpress\/plugins\/seo\/ -->\n<title>Selenskij gegen Budanow: Streit um Kontrolle \u00fcber den Waffenhandel - just-now.NEWS Deutschland<\/title>\n<meta name=\"robots\" content=\"index, follow, max-snippet:-1, max-image-preview:large, max-video-preview:-1\" \/>\n<link rel=\"canonical\" href=\"https:\/\/now-news.de\/de\/deutschland\/selenskij-gegen-budanow-streit-um-kontrolle-ueber-den-waffenhandel\/\" \/>\n<meta property=\"og:locale\" content=\"de_DE\" \/>\n<meta property=\"og:type\" content=\"article\" \/>\n<meta property=\"og:title\" content=\"Selenskij gegen Budanow: Streit um Kontrolle \u00fcber den Waffenhandel\" \/>\n<meta property=\"og:description\" content=\"Das B\u00fcro von Pr\u00e4sident Selenskij will Geheimdienstchef Budanow absetzen. Hintergrund sind Spannungen um Budanows wachsenden Einfluss und seine Kontrolle \u00fcber den Waffenhandel. Budanow hat jedoch m\u00e4chtige westliche Unterst\u00fctzer, die seinen Posten sichern. Der ukrainische Pr\u00e4sident Wladimir Selenskij und sein Kabinettschef Andrei Jermak w\u00fcrden Kirill Budanow, den Chef des Milit\u00e4rgeheimdienstes, gerne entlassen, um die Einnahmen aus [&hellip;]\" \/>\n<meta property=\"og:url\" content=\"https:\/\/now-news.de\/de\/deutschland\/selenskij-gegen-budanow-streit-um-kontrolle-ueber-den-waffenhandel\/\" \/>\n<meta property=\"og:site_name\" content=\"just-now.NEWS Deutschland\" \/>\n<meta property=\"article:publisher\" content=\"https:\/\/www.facebook.com\/wirmachenauf\" \/>\n<meta property=\"article:published_time\" content=\"2024-11-04T16:29:21+00:00\" \/>\n<meta property=\"og:image\" content=\"https:\/\/now-news.de\/de\/wp-content\/uploads\/sites\/3\/2024\/11\/67288e1848fbef464d03435f.jpg\" \/>\n<meta name=\"author\" content=\"rtnews\" \/>\n<meta name=\"twitter:card\" content=\"summary_large_image\" \/>\n<meta name=\"twitter:creator\" content=\"@WirMachenAuf_de\" \/>\n<meta name=\"twitter:site\" content=\"@WirMachenAuf_de\" \/>\n<meta name=\"twitter:label1\" content=\"Verfasst von\" \/>\n\t<meta name=\"twitter:data1\" content=\"rtnews\" \/>\n\t<meta name=\"twitter:label2\" content=\"Gesch\u00e4tzte Lesezeit\" \/>\n\t<meta name=\"twitter:data2\" content=\"3\u00a0Minuten\" \/>\n<script type=\"application\/ld+json\" class=\"yoast-schema-graph\">{\"@context\":\"https:\/\/schema.org\",\"@graph\":[{\"@type\":\"Article\",\"@id\":\"https:\/\/now-news.de\/de\/deutschland\/selenskij-gegen-budanow-streit-um-kontrolle-ueber-den-waffenhandel\/#article\",\"isPartOf\":{\"@id\":\"https:\/\/now-news.de\/de\/deutschland\/selenskij-gegen-budanow-streit-um-kontrolle-ueber-den-waffenhandel\/\"},\"author\":{\"name\":\"rtnews\",\"@id\":\"https:\/\/now-news.de\/de\/#\/schema\/person\/fb534a4e865501d8b3285208df34a9b5\"},\"headline\":\"Selenskij gegen Budanow: Streit um Kontrolle \u00fcber den Waffenhandel\",\"datePublished\":\"2024-11-04T16:29:21+00:00\",\"dateModified\":\"2024-11-04T16:29:21+00:00\",\"mainEntityOfPage\":{\"@id\":\"https:\/\/now-news.de\/de\/deutschland\/selenskij-gegen-budanow-streit-um-kontrolle-ueber-den-waffenhandel\/\"},\"wordCount\":516,\"commentCount\":0,\"publisher\":{\"@id\":\"https:\/\/now-news.de\/de\/#organization\"},\"image\":{\"@id\":\"https:\/\/now-news.de\/de\/deutschland\/selenskij-gegen-budanow-streit-um-kontrolle-ueber-den-waffenhandel\/#primaryimage\"},\"thumbnailUrl\":\"https:\/\/now-news.de\/de\/wp-content\/uploads\/sites\/3\/2024\/11\/Selenskij-gegen-Budanow-Streit-um-Kontrolle-ueber-den-Waffenhandel.jpg\",\"keywords\":[\"Budanow\",\"den\",\"gegen\",\"Kontrolle\",\"Selenskij\",\"Streit\",\"\u00fcber\",\"Waffenhandel\"],\"articleSection\":[\"Deutschland\",\"Russland\"],\"inLanguage\":\"de\",\"potentialAction\":[{\"@type\":\"CommentAction\",\"name\":\"Comment\",\"target\":[\"https:\/\/now-news.de\/de\/deutschland\/selenskij-gegen-budanow-streit-um-kontrolle-ueber-den-waffenhandel\/#respond\"]}]},{\"@type\":\"WebPage\",\"@id\":\"https:\/\/now-news.de\/de\/deutschland\/selenskij-gegen-budanow-streit-um-kontrolle-ueber-den-waffenhandel\/\",\"url\":\"https:\/\/now-news.de\/de\/deutschland\/selenskij-gegen-budanow-streit-um-kontrolle-ueber-den-waffenhandel\/\",\"name\":\"Selenskij gegen Budanow: Streit um Kontrolle \u00fcber den Waffenhandel - just-now.NEWS Deutschland\",\"isPartOf\":{\"@id\":\"https:\/\/now-news.de\/de\/#website\"},\"primaryImageOfPage\":{\"@id\":\"https:\/\/now-news.de\/de\/deutschland\/selenskij-gegen-budanow-streit-um-kontrolle-ueber-den-waffenhandel\/#primaryimage\"},\"image\":{\"@id\":\"https:\/\/now-news.de\/de\/deutschland\/selenskij-gegen-budanow-streit-um-kontrolle-ueber-den-waffenhandel\/#primaryimage\"},\"thumbnailUrl\":\"https:\/\/now-news.de\/de\/wp-content\/uploads\/sites\/3\/2024\/11\/Selenskij-gegen-Budanow-Streit-um-Kontrolle-ueber-den-Waffenhandel.jpg\",\"datePublished\":\"2024-11-04T16:29:21+00:00\",\"dateModified\":\"2024-11-04T16:29:21+00:00\",\"breadcrumb\":{\"@id\":\"https:\/\/now-news.de\/de\/deutschland\/selenskij-gegen-budanow-streit-um-kontrolle-ueber-den-waffenhandel\/#breadcrumb\"},\"inLanguage\":\"de\",\"potentialAction\":[{\"@type\":\"ReadAction\",\"target\":[\"https:\/\/now-news.de\/de\/deutschland\/selenskij-gegen-budanow-streit-um-kontrolle-ueber-den-waffenhandel\/\"]}]},{\"@type\":\"ImageObject\",\"inLanguage\":\"de\",\"@id\":\"https:\/\/now-news.de\/de\/deutschland\/selenskij-gegen-budanow-streit-um-kontrolle-ueber-den-waffenhandel\/#primaryimage\",\"url\":\"https:\/\/now-news.de\/de\/wp-content\/uploads\/sites\/3\/2024\/11\/Selenskij-gegen-Budanow-Streit-um-Kontrolle-ueber-den-Waffenhandel.jpg\",\"contentUrl\":\"https:\/\/now-news.de\/de\/wp-content\/uploads\/sites\/3\/2024\/11\/Selenskij-gegen-Budanow-Streit-um-Kontrolle-ueber-den-Waffenhandel.jpg\",\"width\":460,\"height\":259,\"caption\":\"Selenskij gegen Budanow: Streit um Kontrolle \u00fcber den Waffenhandel\"},{\"@type\":\"BreadcrumbList\",\"@id\":\"https:\/\/now-news.de\/de\/deutschland\/selenskij-gegen-budanow-streit-um-kontrolle-ueber-den-waffenhandel\/#breadcrumb\",\"itemListElement\":[{\"@type\":\"ListItem\",\"position\":1,\"name\":\"Home\",\"item\":\"https:\/\/now-news.de\/de\/\"},{\"@type\":\"ListItem\",\"position\":2,\"name\":\"Selenskij gegen Budanow: Streit um Kontrolle \u00fcber den Waffenhandel\"}]},{\"@type\":\"WebSite\",\"@id\":\"https:\/\/now-news.de\/de\/#website\",\"url\":\"https:\/\/now-news.de\/de\/\",\"name\":\"just-now.NEWS Deutschland\",\"description\":\"Das Portal f\u00fcr unzensierte Nachrichten aus der Welt\",\"publisher\":{\"@id\":\"https:\/\/now-news.de\/de\/#organization\"},\"potentialAction\":[{\"@type\":\"SearchAction\",\"target\":{\"@type\":\"EntryPoint\",\"urlTemplate\":\"https:\/\/now-news.de\/de\/?s={search_term_string}\"},\"query-input\":\"required name=search_term_string\"}],\"inLanguage\":\"de\"},{\"@type\":\"Organization\",\"@id\":\"https:\/\/now-news.de\/de\/#organization\",\"name\":\"Just Now News\",\"url\":\"https:\/\/now-news.de\/de\/\",\"logo\":{\"@type\":\"ImageObject\",\"inLanguage\":\"de\",\"@id\":\"https:\/\/now-news.de\/de\/#\/schema\/logo\/image\/\",\"url\":\"http:\/\/just-now.news\/de\/wp-content\/uploads\/sites\/3\/2022\/04\/logo500x500.jpg\",\"contentUrl\":\"http:\/\/just-now.news\/de\/wp-content\/uploads\/sites\/3\/2022\/04\/logo500x500.jpg\",\"width\":500,\"height\":500,\"caption\":\"Just Now News\"},\"image\":{\"@id\":\"https:\/\/now-news.de\/de\/#\/schema\/logo\/image\/\"},\"sameAs\":[\"https:\/\/www.facebook.com\/wirmachenauf\",\"https:\/\/x.com\/WirMachenAuf_de\"]},{\"@type\":\"Person\",\"@id\":\"https:\/\/now-news.de\/de\/#\/schema\/person\/fb534a4e865501d8b3285208df34a9b5\",\"name\":\"rtnews\",\"image\":{\"@type\":\"ImageObject\",\"inLanguage\":\"de\",\"@id\":\"https:\/\/now-news.de\/de\/#\/schema\/person\/image\/\",\"url\":\"https:\/\/secure.gravatar.com\/avatar\/82aafea7d8127119dd649515f56e2117?s=96&d=mm&r=g\",\"contentUrl\":\"https:\/\/secure.gravatar.com\/avatar\/82aafea7d8127119dd649515f56e2117?s=96&d=mm&r=g\",\"caption\":\"rtnews\"},\"url\":\"https:\/\/now-news.de\/de\/author\/rnews\/\"}]}<\/script>\n<!-- \/ Yoast SEO Premium plugin. -->","yoast_head_json":{"title":"Selenskij gegen Budanow: Streit um Kontrolle \u00fcber den Waffenhandel - just-now.NEWS Deutschland","robots":{"index":"index","follow":"follow","max-snippet":"max-snippet:-1","max-image-preview":"max-image-preview:large","max-video-preview":"max-video-preview:-1"},"canonical":"https:\/\/now-news.de\/de\/deutschland\/selenskij-gegen-budanow-streit-um-kontrolle-ueber-den-waffenhandel\/","og_locale":"de_DE","og_type":"article","og_title":"Selenskij gegen Budanow: Streit um Kontrolle \u00fcber den Waffenhandel","og_description":"Das B\u00fcro von Pr\u00e4sident Selenskij will Geheimdienstchef Budanow absetzen. Hintergrund sind Spannungen um Budanows wachsenden Einfluss und seine Kontrolle \u00fcber den Waffenhandel. Budanow hat jedoch m\u00e4chtige westliche Unterst\u00fctzer, die seinen Posten sichern. Der ukrainische Pr\u00e4sident Wladimir Selenskij und sein Kabinettschef Andrei Jermak w\u00fcrden Kirill Budanow, den Chef des Milit\u00e4rgeheimdienstes, gerne entlassen, um die Einnahmen aus [&hellip;]","og_url":"https:\/\/now-news.de\/de\/deutschland\/selenskij-gegen-budanow-streit-um-kontrolle-ueber-den-waffenhandel\/","og_site_name":"just-now.NEWS Deutschland","article_publisher":"https:\/\/www.facebook.com\/wirmachenauf","article_published_time":"2024-11-04T16:29:21+00:00","og_image":[{"url":"https:\/\/now-news.de\/de\/wp-content\/uploads\/sites\/3\/2024\/11\/67288e1848fbef464d03435f.jpg"}],"author":"rtnews","twitter_card":"summary_large_image","twitter_creator":"@WirMachenAuf_de","twitter_site":"@WirMachenAuf_de","twitter_misc":{"Verfasst von":"rtnews","Gesch\u00e4tzte Lesezeit":"3\u00a0Minuten"},"schema":{"@context":"https:\/\/schema.org","@graph":[{"@type":"Article","@id":"https:\/\/now-news.de\/de\/deutschland\/selenskij-gegen-budanow-streit-um-kontrolle-ueber-den-waffenhandel\/#article","isPartOf":{"@id":"https:\/\/now-news.de\/de\/deutschland\/selenskij-gegen-budanow-streit-um-kontrolle-ueber-den-waffenhandel\/"},"author":{"name":"rtnews","@id":"https:\/\/now-news.de\/de\/#\/schema\/person\/fb534a4e865501d8b3285208df34a9b5"},"headline":"Selenskij gegen Budanow: Streit um Kontrolle \u00fcber den Waffenhandel","datePublished":"2024-11-04T16:29:21+00:00","dateModified":"2024-11-04T16:29:21+00:00","mainEntityOfPage":{"@id":"https:\/\/now-news.de\/de\/deutschland\/selenskij-gegen-budanow-streit-um-kontrolle-ueber-den-waffenhandel\/"},"wordCount":516,"commentCount":0,"publisher":{"@id":"https:\/\/now-news.de\/de\/#organization"},"image":{"@id":"https:\/\/now-news.de\/de\/deutschland\/selenskij-gegen-budanow-streit-um-kontrolle-ueber-den-waffenhandel\/#primaryimage"},"thumbnailUrl":"https:\/\/now-news.de\/de\/wp-content\/uploads\/sites\/3\/2024\/11\/Selenskij-gegen-Budanow-Streit-um-Kontrolle-ueber-den-Waffenhandel.jpg","keywords":["Budanow","den","gegen","Kontrolle","Selenskij","Streit","\u00fcber","Waffenhandel"],"articleSection":["Deutschland","Russland"],"inLanguage":"de","potentialAction":[{"@type":"CommentAction","name":"Comment","target":["https:\/\/now-news.de\/de\/deutschland\/selenskij-gegen-budanow-streit-um-kontrolle-ueber-den-waffenhandel\/#respond"]}]},{"@type":"WebPage","@id":"https:\/\/now-news.de\/de\/deutschland\/selenskij-gegen-budanow-streit-um-kontrolle-ueber-den-waffenhandel\/","url":"https:\/\/now-news.de\/de\/deutschland\/selenskij-gegen-budanow-streit-um-kontrolle-ueber-den-waffenhandel\/","name":"Selenskij gegen Budanow: Streit um Kontrolle \u00fcber den Waffenhandel - just-now.NEWS Deutschland","isPartOf":{"@id":"https:\/\/now-news.de\/de\/#website"},"primaryImageOfPage":{"@id":"https:\/\/now-news.de\/de\/deutschland\/selenskij-gegen-budanow-streit-um-kontrolle-ueber-den-waffenhandel\/#primaryimage"},"image":{"@id":"https:\/\/now-news.de\/de\/deutschland\/selenskij-gegen-budanow-streit-um-kontrolle-ueber-den-waffenhandel\/#primaryimage"},"thumbnailUrl":"https:\/\/now-news.de\/de\/wp-content\/uploads\/sites\/3\/2024\/11\/Selenskij-gegen-Budanow-Streit-um-Kontrolle-ueber-den-Waffenhandel.jpg","datePublished":"2024-11-04T16:29:21+00:00","dateModified":"2024-11-04T16:29:21+00:00","breadcrumb":{"@id":"https:\/\/now-news.de\/de\/deutschland\/selenskij-gegen-budanow-streit-um-kontrolle-ueber-den-waffenhandel\/#breadcrumb"},"inLanguage":"de","potentialAction":[{"@type":"ReadAction","target":["https:\/\/now-news.de\/de\/deutschland\/selenskij-gegen-budanow-streit-um-kontrolle-ueber-den-waffenhandel\/"]}]},{"@type":"ImageObject","inLanguage":"de","@id":"https:\/\/now-news.de\/de\/deutschland\/selenskij-gegen-budanow-streit-um-kontrolle-ueber-den-waffenhandel\/#primaryimage","url":"https:\/\/now-news.de\/de\/wp-content\/uploads\/sites\/3\/2024\/11\/Selenskij-gegen-Budanow-Streit-um-Kontrolle-ueber-den-Waffenhandel.jpg","contentUrl":"https:\/\/now-news.de\/de\/wp-content\/uploads\/sites\/3\/2024\/11\/Selenskij-gegen-Budanow-Streit-um-Kontrolle-ueber-den-Waffenhandel.jpg","width":460,"height":259,"caption":"Selenskij gegen Budanow: Streit um Kontrolle \u00fcber den Waffenhandel"},{"@type":"BreadcrumbList","@id":"https:\/\/now-news.de\/de\/deutschland\/selenskij-gegen-budanow-streit-um-kontrolle-ueber-den-waffenhandel\/#breadcrumb","itemListElement":[{"@type":"ListItem","position":1,"name":"Home","item":"https:\/\/now-news.de\/de\/"},{"@type":"ListItem","position":2,"name":"Selenskij gegen Budanow: Streit um Kontrolle \u00fcber den Waffenhandel"}]},{"@type":"WebSite","@id":"https:\/\/now-news.de\/de\/#website","url":"https:\/\/now-news.de\/de\/","name":"just-now.NEWS Deutschland","description":"Das Portal f\u00fcr unzensierte Nachrichten aus der Welt","publisher":{"@id":"https:\/\/now-news.de\/de\/#organization"},"potentialAction":[{"@type":"SearchAction","target":{"@type":"EntryPoint","urlTemplate":"https:\/\/now-news.de\/de\/?s={search_term_string}"},"query-input":"required name=search_term_string"}],"inLanguage":"de"},{"@type":"Organization","@id":"https:\/\/now-news.de\/de\/#organization","name":"Just Now News","url":"https:\/\/now-news.de\/de\/","logo":{"@type":"ImageObject","inLanguage":"de","@id":"https:\/\/now-news.de\/de\/#\/schema\/logo\/image\/","url":"http:\/\/just-now.news\/de\/wp-content\/uploads\/sites\/3\/2022\/04\/logo500x500.jpg","contentUrl":"http:\/\/just-now.news\/de\/wp-content\/uploads\/sites\/3\/2022\/04\/logo500x500.jpg","width":500,"height":500,"caption":"Just Now News"},"image":{"@id":"https:\/\/now-news.de\/de\/#\/schema\/logo\/image\/"},"sameAs":["https:\/\/www.facebook.com\/wirmachenauf","https:\/\/x.com\/WirMachenAuf_de"]},{"@type":"Person","@id":"https:\/\/now-news.de\/de\/#\/schema\/person\/fb534a4e865501d8b3285208df34a9b5","name":"rtnews","image":{"@type":"ImageObject","inLanguage":"de","@id":"https:\/\/now-news.de\/de\/#\/schema\/person\/image\/","url":"https:\/\/secure.gravatar.com\/avatar\/82aafea7d8127119dd649515f56e2117?s=96&d=mm&r=g","contentUrl":"https:\/\/secure.gravatar.com\/avatar\/82aafea7d8127119dd649515f56e2117?s=96&d=mm&r=g","caption":"rtnews"},"url":"https:\/\/now-news.de\/de\/author\/rnews\/"}]}},"_links":{"self":[{"href":"https:\/\/now-news.de\/de\/wp-json\/wp\/v2\/posts\/71989"}],"collection":[{"href":"https:\/\/now-news.de\/de\/wp-json\/wp\/v2\/posts"}],"about":[{"href":"https:\/\/now-news.de\/de\/wp-json\/wp\/v2\/types\/post"}],"author":[{"embeddable":true,"href":"https:\/\/now-news.de\/de\/wp-json\/wp\/v2\/users\/3"}],"replies":[{"embeddable":true,"href":"https:\/\/now-news.de\/de\/wp-json\/wp\/v2\/comments?post=71989"}],"version-history":[{"count":0,"href":"https:\/\/now-news.de\/de\/wp-json\/wp\/v2\/posts\/71989\/revisions"}],"wp:featuredmedia":[{"embeddable":true,"href":"https:\/\/now-news.de\/de\/wp-json\/wp\/v2\/media\/71990"}],"wp:attachment":[{"href":"https:\/\/now-news.de\/de\/wp-json\/wp\/v2\/media?parent=71989"}],"wp:term":[{"taxonomy":"category","embeddable":true,"href":"https:\/\/now-news.de\/de\/wp-json\/wp\/v2\/categories?post=71989"},{"taxonomy":"post_tag","embeddable":true,"href":"https:\/\/now-news.de\/de\/wp-json\/wp\/v2\/tags?post=71989"}],"curies":[{"name":"wp","href":"https:\/\/api.w.org\/{rel}","templated":true}]}}