{"id":71946,"date":"2024-11-03T20:37:43","date_gmt":"2024-11-03T18:37:43","guid":{"rendered":"https:\/\/now-news.de\/de\/deutschland\/fico-beschuldigt-den-westen-die-friedensgespraeche-mit-der-ukraine-sabotiert-zu-haben\/"},"modified":"2024-11-03T20:37:43","modified_gmt":"2024-11-03T18:37:43","slug":"fico-beschuldigt-den-westen-die-friedensgespraeche-mit-der-ukraine-sabotiert-zu-haben","status":"publish","type":"post","link":"https:\/\/now-news.de\/de\/deutschland\/fico-beschuldigt-den-westen-die-friedensgespraeche-mit-der-ukraine-sabotiert-zu-haben\/","title":{"rendered":"Fico beschuldigt den Westen, die Friedensgespr\u00e4che mit der Ukraine sabotiert zu haben"},"content":{"rendered":"<p><img decoding=\"async\" src=\"https:\/\/now-news.de\/de\/wp-content\/uploads\/sites\/3\/2024\/11\/67279e06b480cc17122c0c91.jpg\" \/><\/p>\n<div class=\"Text-root Text-type_1 \">\n                Der slowakische Premierminister Robert Fico sagte, westliche Politiker h\u00e4tten alles getan, um die Friedensverhandlungen im Jahr 2022 zum Scheitern zu bringen. Der Konflikt werde jedoch nicht enden, solange westliche Staaten weiterhin Waffen nach Kiew schicken.\n            <\/div>\n<p><\/p>\n<div class=\"Text-root Text-type_5 ArticleView-text ViewText-root \">\n<p>Westliche Politiker h\u00e4tten alles getan, um die Friedensverhandlungen zwischen Russland und der Ukraine im Jahr 2022 zum Scheitern zu bringen, sagte der slowakische Premierminister Robert Fico.<\/p>\n<p>Der slowakische Premierminister ver\u00f6ffentlichte am Freitag nach seiner R\u00fcckkehr aus Peking, wo er sich mit dem chinesischen Pr\u00e4sidenten Xi Jinping traf, eine Videobotschaft in den sozialen Medien.<\/p>\n<p>Fico kritisierte offen das Eingreifen des Westens in den russisch-ukrainischen Konflikt und argumentierte, dass ein Ende der Feindseligkeiten nicht m\u00f6glich sei, solange Kiew weiterhin milit\u00e4rische und finanzielle Hilfe erhalte. Er lobte auch die Bem\u00fchungen Chinas, eine diplomatische L\u00f6sung zur Beendigung der K\u00e4mpfe zu finden.<\/p>\n<p><em>&#8220;<\/em><em>Wir sind der gleichen Meinung, dass es unm\u00f6glich ist, die K\u00e4mpfe sofort zu beenden, solange die Ukraine weiterhin milit\u00e4risch und finanziell vom Westen unterst\u00fctzt wird<\/em><em>&#8220;<\/em>, so der slowakische Politiker.<\/p>\n<p>Wie er hinzuf\u00fcgte, teile er die Sorge, dass die Spannungen zwischen Russland und der NATO zu einem Atomkrieg eskalieren k\u00f6nnten. Die Slowakei werde sich zudem der Plattform &#8220;<a rel=\"nofollow noopener\" target=\"_blank\" href=\"https:\/\/www.mfa.gov.cn\/eng\/wjbzhd\/202409\/t20240929_11500459.html\">Friends of Peace<\/a>&#8221; anschlie\u00dfen, die im September von China und Brasilien ins Leben gerufen wurde, um eine diplomatische L\u00f6sung des Konflikts zwischen Russland und der Ukraine zu f\u00f6rdern.<\/p>\n<p>Fico kritisierte zudem den britischen Botschafter in der Slowakei, Nigel Baker, an, der Anfang der Woche sagte, es sei &#8220;bedauerlich&#8221;, dass Fico dem russischen Fernsehsender <em>Rossija 1<\/em> ein Interview gegeben habe, und nannte Ficos Behauptung, der Westen sei nicht am Frieden interessiert<em>, <\/em>&#8220;unwahr&#8221;<em>. <\/em><em>Fico erwiderte daraufhin:<\/em><\/p>\n<blockquote>\n<p><em>&#8220;Die Slowakei ist keine Kolonie Gro\u00dfbritanniens.&#8221;<\/em><\/p>\n<\/blockquote>\n<p>Er f\u00fcgte hinzu, London habe kein Recht, sich \u00fcber seine Medienauftritte zu beschweren. F\u00fcr das Scheitern der Friedensverhandlungen im Fr\u00fchjahr 2022 machte er Kiews ausl\u00e4ndische Unterst\u00fctzer verantwortlich.<\/p>\n<p><em>&#8220;Es waren die westlichen Politiker, die im April 2022, kurz nach dem Ausbruch des Konflikts, alles getan haben, um die Unterzeichnung eines realistischen Friedensabkommens zu verhindern&#8221;<\/em>, sagte er. Den in der letzten Zeit diskutierten Vorschlag des ukrainischen Regierungschefs Wladimir Selenskij f\u00fcr seine &#8220;Friedensformel&#8221; wies Fico als &#8220;unrealistisch&#8221; zur\u00fcck<em>.<\/em><\/p>\n<p>Nach seinem Amtsantritt im Herbst 2023 setzte Fico die Milit\u00e4rhilfe Bratislavas f\u00fcr Kiew aus und forderte die EU wiederholt auf, sich auf die Diplomatie zu konzentrieren.<\/p>\n<p>Nach Angaben des russischen Pr\u00e4sidenten Wladimir Putin verlie\u00df die ukrainische Delegation im Jahr 2022 abrupt den Verhandlungstisch, obwohl sie zun\u00e4chst zugestimmt hatte, ihr Streben nach einem NATO-Beitritt aufzugeben und die Gr\u00f6\u00dfe ihrer Armee zu beschr\u00e4nken. Victoria Nuland, eine ehemalige hochrangige Mitarbeiterin des US-Au\u00dfenministeriums, gab\u00a0zwei\u00a0Jahre\u00a0sp\u00e4ter\u00a0zu, dass Washington Kiew geraten hatte, das mit Moskau ausgehandelte Abkommen nicht zu unterzeichnen.<\/p>\n<p><strong>Mehr zum Thema &#8211;<\/strong>\u00a0<a rel=\"nofollow noopener\" target=\"_blank\" href=\"https:\/\/freedert.online\/kurzclips\/video\/224577-slowakischer-ministerpraesident-robert-fico-ueber\/\">Slowakischer Ministerpr\u00e4sident Robert Fico \u00fcber Nord Stream <\/a><\/p>\n<div class=\"EmbedBlock-root EmbedBlock-externalVideo EmbedBlock-rumble\">\n<div class=\"VkEmbed\"><iframe class=\"lazyload\" data-src=\"https:\/\/rumble.com\/embed\/v5j6hok\" frameborder=\"0\" width=\"853\" height=\"480\" allowfullscreen><\/iframe><\/div>\n<\/div>\n<\/div>\n<p><br \/>\n<br \/><a href=\"https:\/\/de.rt.com\/europa\/224639-fico-beschuldigt-westen-friedensgespraeche-mit\/\">Source link <\/a><\/p>\n","protected":false},"excerpt":{"rendered":"<p>Der slowakische Premierminister Robert Fico sagte, westliche Politiker h\u00e4tten alles getan, um die Friedensverhandlungen im Jahr 2022 zum Scheitern zu bringen. Der Konflikt werde jedoch nicht enden, solange westliche Staaten weiterhin Waffen nach Kiew schicken. Westliche Politiker h\u00e4tten alles getan, um die Friedensverhandlungen zwischen Russland und der Ukraine im Jahr 2022 zum Scheitern zu bringen, [&hellip;]<\/p>\n","protected":false},"author":3,"featured_media":71947,"comment_status":"open","ping_status":"open","sticky":false,"template":"","format":"standard","meta":{"_yoast_indexnow_last_ping":["1730659494"],"wp_automatic_camp":["217"],"911e72e1727e7ef6a2f3ac5b7936a31c":["Fico beschuldigt den Westen, die Friedensgespr\u00e4che mit der Ukraine sabotiert zu haben"],"original_link":["https:\/\/de.rt.com\/europa\/224639-fico-beschuldigt-westen-friedensgespraeche-mit\/"],"_thumbnail_id":["71947"],"jnews_social_counter_last_update":["1777361710"],"_wptgpro_p2tg_sent2tg":["a:1:{i:23737;s:19:\"2024-11-03 20:46:19\";}"]},"categories":[19,23],"tags":[3645,48,82,45,49719,27113,771,419,33487,127,378],"yoast_head":"<!-- This site is optimized with the Yoast SEO Premium plugin v22.7 (Yoast SEO v22.7) - https:\/\/yoast.com\/wordpress\/plugins\/seo\/ -->\n<title>Fico beschuldigt den Westen, die Friedensgespr\u00e4che mit der Ukraine sabotiert zu haben - just-now.NEWS Deutschland<\/title>\n<meta name=\"robots\" content=\"index, follow, max-snippet:-1, max-image-preview:large, max-video-preview:-1\" \/>\n<link rel=\"canonical\" href=\"https:\/\/now-news.de\/de\/deutschland\/fico-beschuldigt-den-westen-die-friedensgespraeche-mit-der-ukraine-sabotiert-zu-haben\/\" \/>\n<meta property=\"og:locale\" content=\"de_DE\" \/>\n<meta property=\"og:type\" content=\"article\" \/>\n<meta property=\"og:title\" content=\"Fico beschuldigt den Westen, die Friedensgespr\u00e4che mit der Ukraine sabotiert zu haben\" \/>\n<meta property=\"og:description\" content=\"Der slowakische Premierminister Robert Fico sagte, westliche Politiker h\u00e4tten alles getan, um die Friedensverhandlungen im Jahr 2022 zum Scheitern zu bringen. Der Konflikt werde jedoch nicht enden, solange westliche Staaten weiterhin Waffen nach Kiew schicken. Westliche Politiker h\u00e4tten alles getan, um die Friedensverhandlungen zwischen Russland und der Ukraine im Jahr 2022 zum Scheitern zu bringen, [&hellip;]\" \/>\n<meta property=\"og:url\" content=\"https:\/\/now-news.de\/de\/deutschland\/fico-beschuldigt-den-westen-die-friedensgespraeche-mit-der-ukraine-sabotiert-zu-haben\/\" \/>\n<meta property=\"og:site_name\" content=\"just-now.NEWS Deutschland\" \/>\n<meta property=\"article:publisher\" content=\"https:\/\/www.facebook.com\/wirmachenauf\" \/>\n<meta property=\"article:published_time\" content=\"2024-11-03T18:37:43+00:00\" \/>\n<meta property=\"og:image\" content=\"https:\/\/now-news.de\/de\/wp-content\/uploads\/sites\/3\/2024\/11\/67279e06b480cc17122c0c91.jpg\" \/>\n<meta name=\"author\" content=\"rtnews\" \/>\n<meta name=\"twitter:card\" content=\"summary_large_image\" \/>\n<meta name=\"twitter:creator\" content=\"@WirMachenAuf_de\" \/>\n<meta name=\"twitter:site\" content=\"@WirMachenAuf_de\" \/>\n<meta name=\"twitter:label1\" content=\"Verfasst von\" \/>\n\t<meta name=\"twitter:data1\" content=\"rtnews\" \/>\n\t<meta name=\"twitter:label2\" content=\"Gesch\u00e4tzte Lesezeit\" \/>\n\t<meta name=\"twitter:data2\" content=\"2\u00a0Minuten\" \/>\n<script type=\"application\/ld+json\" class=\"yoast-schema-graph\">{\"@context\":\"https:\/\/schema.org\",\"@graph\":[{\"@type\":\"Article\",\"@id\":\"https:\/\/now-news.de\/de\/deutschland\/fico-beschuldigt-den-westen-die-friedensgespraeche-mit-der-ukraine-sabotiert-zu-haben\/#article\",\"isPartOf\":{\"@id\":\"https:\/\/now-news.de\/de\/deutschland\/fico-beschuldigt-den-westen-die-friedensgespraeche-mit-der-ukraine-sabotiert-zu-haben\/\"},\"author\":{\"name\":\"rtnews\",\"@id\":\"https:\/\/now-news.de\/de\/#\/schema\/person\/fb534a4e865501d8b3285208df34a9b5\"},\"headline\":\"Fico beschuldigt den Westen, die Friedensgespr\u00e4che mit der Ukraine sabotiert zu haben\",\"datePublished\":\"2024-11-03T18:37:43+00:00\",\"dateModified\":\"2024-11-03T18:37:43+00:00\",\"mainEntityOfPage\":{\"@id\":\"https:\/\/now-news.de\/de\/deutschland\/fico-beschuldigt-den-westen-die-friedensgespraeche-mit-der-ukraine-sabotiert-zu-haben\/\"},\"wordCount\":486,\"commentCount\":0,\"publisher\":{\"@id\":\"https:\/\/now-news.de\/de\/#organization\"},\"image\":{\"@id\":\"https:\/\/now-news.de\/de\/deutschland\/fico-beschuldigt-den-westen-die-friedensgespraeche-mit-der-ukraine-sabotiert-zu-haben\/#primaryimage\"},\"thumbnailUrl\":\"https:\/\/now-news.de\/de\/wp-content\/uploads\/sites\/3\/2024\/11\/Fico-beschuldigt-den-Westen-die-Friedensgespraeche-mit-der-Ukraine-sabotiert.jpg\",\"keywords\":[\"beschuldigt\",\"den\",\"der\",\"die\",\"Fico\",\"Friedensgespr\u00e4che\",\"haben\",\"mit\",\"sabotiert\",\"ukraine\",\"Westen\"],\"articleSection\":[\"Deutschland\",\"Russland\"],\"inLanguage\":\"de\",\"potentialAction\":[{\"@type\":\"CommentAction\",\"name\":\"Comment\",\"target\":[\"https:\/\/now-news.de\/de\/deutschland\/fico-beschuldigt-den-westen-die-friedensgespraeche-mit-der-ukraine-sabotiert-zu-haben\/#respond\"]}]},{\"@type\":\"WebPage\",\"@id\":\"https:\/\/now-news.de\/de\/deutschland\/fico-beschuldigt-den-westen-die-friedensgespraeche-mit-der-ukraine-sabotiert-zu-haben\/\",\"url\":\"https:\/\/now-news.de\/de\/deutschland\/fico-beschuldigt-den-westen-die-friedensgespraeche-mit-der-ukraine-sabotiert-zu-haben\/\",\"name\":\"Fico beschuldigt den Westen, die Friedensgespr\u00e4che mit der Ukraine sabotiert zu haben - just-now.NEWS Deutschland\",\"isPartOf\":{\"@id\":\"https:\/\/now-news.de\/de\/#website\"},\"primaryImageOfPage\":{\"@id\":\"https:\/\/now-news.de\/de\/deutschland\/fico-beschuldigt-den-westen-die-friedensgespraeche-mit-der-ukraine-sabotiert-zu-haben\/#primaryimage\"},\"image\":{\"@id\":\"https:\/\/now-news.de\/de\/deutschland\/fico-beschuldigt-den-westen-die-friedensgespraeche-mit-der-ukraine-sabotiert-zu-haben\/#primaryimage\"},\"thumbnailUrl\":\"https:\/\/now-news.de\/de\/wp-content\/uploads\/sites\/3\/2024\/11\/Fico-beschuldigt-den-Westen-die-Friedensgespraeche-mit-der-Ukraine-sabotiert.jpg\",\"datePublished\":\"2024-11-03T18:37:43+00:00\",\"dateModified\":\"2024-11-03T18:37:43+00:00\",\"breadcrumb\":{\"@id\":\"https:\/\/now-news.de\/de\/deutschland\/fico-beschuldigt-den-westen-die-friedensgespraeche-mit-der-ukraine-sabotiert-zu-haben\/#breadcrumb\"},\"inLanguage\":\"de\",\"potentialAction\":[{\"@type\":\"ReadAction\",\"target\":[\"https:\/\/now-news.de\/de\/deutschland\/fico-beschuldigt-den-westen-die-friedensgespraeche-mit-der-ukraine-sabotiert-zu-haben\/\"]}]},{\"@type\":\"ImageObject\",\"inLanguage\":\"de\",\"@id\":\"https:\/\/now-news.de\/de\/deutschland\/fico-beschuldigt-den-westen-die-friedensgespraeche-mit-der-ukraine-sabotiert-zu-haben\/#primaryimage\",\"url\":\"https:\/\/now-news.de\/de\/wp-content\/uploads\/sites\/3\/2024\/11\/Fico-beschuldigt-den-Westen-die-Friedensgespraeche-mit-der-Ukraine-sabotiert.jpg\",\"contentUrl\":\"https:\/\/now-news.de\/de\/wp-content\/uploads\/sites\/3\/2024\/11\/Fico-beschuldigt-den-Westen-die-Friedensgespraeche-mit-der-Ukraine-sabotiert.jpg\",\"width\":460,\"height\":259,\"caption\":\"Fico beschuldigt den Westen, die Friedensgespr\u00e4che mit der Ukraine sabotiert zu haben\"},{\"@type\":\"BreadcrumbList\",\"@id\":\"https:\/\/now-news.de\/de\/deutschland\/fico-beschuldigt-den-westen-die-friedensgespraeche-mit-der-ukraine-sabotiert-zu-haben\/#breadcrumb\",\"itemListElement\":[{\"@type\":\"ListItem\",\"position\":1,\"name\":\"Home\",\"item\":\"https:\/\/now-news.de\/de\/\"},{\"@type\":\"ListItem\",\"position\":2,\"name\":\"Fico beschuldigt den Westen, die Friedensgespr\u00e4che mit der Ukraine sabotiert zu haben\"}]},{\"@type\":\"WebSite\",\"@id\":\"https:\/\/now-news.de\/de\/#website\",\"url\":\"https:\/\/now-news.de\/de\/\",\"name\":\"just-now.NEWS Deutschland\",\"description\":\"Das Portal f\u00fcr unzensierte Nachrichten aus der Welt\",\"publisher\":{\"@id\":\"https:\/\/now-news.de\/de\/#organization\"},\"potentialAction\":[{\"@type\":\"SearchAction\",\"target\":{\"@type\":\"EntryPoint\",\"urlTemplate\":\"https:\/\/now-news.de\/de\/?s={search_term_string}\"},\"query-input\":\"required name=search_term_string\"}],\"inLanguage\":\"de\"},{\"@type\":\"Organization\",\"@id\":\"https:\/\/now-news.de\/de\/#organization\",\"name\":\"Just Now News\",\"url\":\"https:\/\/now-news.de\/de\/\",\"logo\":{\"@type\":\"ImageObject\",\"inLanguage\":\"de\",\"@id\":\"https:\/\/now-news.de\/de\/#\/schema\/logo\/image\/\",\"url\":\"http:\/\/just-now.news\/de\/wp-content\/uploads\/sites\/3\/2022\/04\/logo500x500.jpg\",\"contentUrl\":\"http:\/\/just-now.news\/de\/wp-content\/uploads\/sites\/3\/2022\/04\/logo500x500.jpg\",\"width\":500,\"height\":500,\"caption\":\"Just Now News\"},\"image\":{\"@id\":\"https:\/\/now-news.de\/de\/#\/schema\/logo\/image\/\"},\"sameAs\":[\"https:\/\/www.facebook.com\/wirmachenauf\",\"https:\/\/x.com\/WirMachenAuf_de\"]},{\"@type\":\"Person\",\"@id\":\"https:\/\/now-news.de\/de\/#\/schema\/person\/fb534a4e865501d8b3285208df34a9b5\",\"name\":\"rtnews\",\"image\":{\"@type\":\"ImageObject\",\"inLanguage\":\"de\",\"@id\":\"https:\/\/now-news.de\/de\/#\/schema\/person\/image\/\",\"url\":\"https:\/\/secure.gravatar.com\/avatar\/82aafea7d8127119dd649515f56e2117?s=96&d=mm&r=g\",\"contentUrl\":\"https:\/\/secure.gravatar.com\/avatar\/82aafea7d8127119dd649515f56e2117?s=96&d=mm&r=g\",\"caption\":\"rtnews\"},\"url\":\"https:\/\/now-news.de\/de\/author\/rnews\/\"}]}<\/script>\n<!-- \/ Yoast SEO Premium plugin. -->","yoast_head_json":{"title":"Fico beschuldigt den Westen, die Friedensgespr\u00e4che mit der Ukraine sabotiert zu haben - just-now.NEWS Deutschland","robots":{"index":"index","follow":"follow","max-snippet":"max-snippet:-1","max-image-preview":"max-image-preview:large","max-video-preview":"max-video-preview:-1"},"canonical":"https:\/\/now-news.de\/de\/deutschland\/fico-beschuldigt-den-westen-die-friedensgespraeche-mit-der-ukraine-sabotiert-zu-haben\/","og_locale":"de_DE","og_type":"article","og_title":"Fico beschuldigt den Westen, die Friedensgespr\u00e4che mit der Ukraine sabotiert zu haben","og_description":"Der slowakische Premierminister Robert Fico sagte, westliche Politiker h\u00e4tten alles getan, um die Friedensverhandlungen im Jahr 2022 zum Scheitern zu bringen. Der Konflikt werde jedoch nicht enden, solange westliche Staaten weiterhin Waffen nach Kiew schicken. Westliche Politiker h\u00e4tten alles getan, um die Friedensverhandlungen zwischen Russland und der Ukraine im Jahr 2022 zum Scheitern zu bringen, [&hellip;]","og_url":"https:\/\/now-news.de\/de\/deutschland\/fico-beschuldigt-den-westen-die-friedensgespraeche-mit-der-ukraine-sabotiert-zu-haben\/","og_site_name":"just-now.NEWS Deutschland","article_publisher":"https:\/\/www.facebook.com\/wirmachenauf","article_published_time":"2024-11-03T18:37:43+00:00","og_image":[{"url":"https:\/\/now-news.de\/de\/wp-content\/uploads\/sites\/3\/2024\/11\/67279e06b480cc17122c0c91.jpg"}],"author":"rtnews","twitter_card":"summary_large_image","twitter_creator":"@WirMachenAuf_de","twitter_site":"@WirMachenAuf_de","twitter_misc":{"Verfasst von":"rtnews","Gesch\u00e4tzte Lesezeit":"2\u00a0Minuten"},"schema":{"@context":"https:\/\/schema.org","@graph":[{"@type":"Article","@id":"https:\/\/now-news.de\/de\/deutschland\/fico-beschuldigt-den-westen-die-friedensgespraeche-mit-der-ukraine-sabotiert-zu-haben\/#article","isPartOf":{"@id":"https:\/\/now-news.de\/de\/deutschland\/fico-beschuldigt-den-westen-die-friedensgespraeche-mit-der-ukraine-sabotiert-zu-haben\/"},"author":{"name":"rtnews","@id":"https:\/\/now-news.de\/de\/#\/schema\/person\/fb534a4e865501d8b3285208df34a9b5"},"headline":"Fico beschuldigt den Westen, die Friedensgespr\u00e4che mit der Ukraine sabotiert zu haben","datePublished":"2024-11-03T18:37:43+00:00","dateModified":"2024-11-03T18:37:43+00:00","mainEntityOfPage":{"@id":"https:\/\/now-news.de\/de\/deutschland\/fico-beschuldigt-den-westen-die-friedensgespraeche-mit-der-ukraine-sabotiert-zu-haben\/"},"wordCount":486,"commentCount":0,"publisher":{"@id":"https:\/\/now-news.de\/de\/#organization"},"image":{"@id":"https:\/\/now-news.de\/de\/deutschland\/fico-beschuldigt-den-westen-die-friedensgespraeche-mit-der-ukraine-sabotiert-zu-haben\/#primaryimage"},"thumbnailUrl":"https:\/\/now-news.de\/de\/wp-content\/uploads\/sites\/3\/2024\/11\/Fico-beschuldigt-den-Westen-die-Friedensgespraeche-mit-der-Ukraine-sabotiert.jpg","keywords":["beschuldigt","den","der","die","Fico","Friedensgespr\u00e4che","haben","mit","sabotiert","ukraine","Westen"],"articleSection":["Deutschland","Russland"],"inLanguage":"de","potentialAction":[{"@type":"CommentAction","name":"Comment","target":["https:\/\/now-news.de\/de\/deutschland\/fico-beschuldigt-den-westen-die-friedensgespraeche-mit-der-ukraine-sabotiert-zu-haben\/#respond"]}]},{"@type":"WebPage","@id":"https:\/\/now-news.de\/de\/deutschland\/fico-beschuldigt-den-westen-die-friedensgespraeche-mit-der-ukraine-sabotiert-zu-haben\/","url":"https:\/\/now-news.de\/de\/deutschland\/fico-beschuldigt-den-westen-die-friedensgespraeche-mit-der-ukraine-sabotiert-zu-haben\/","name":"Fico beschuldigt den Westen, die Friedensgespr\u00e4che mit der Ukraine sabotiert zu haben - just-now.NEWS Deutschland","isPartOf":{"@id":"https:\/\/now-news.de\/de\/#website"},"primaryImageOfPage":{"@id":"https:\/\/now-news.de\/de\/deutschland\/fico-beschuldigt-den-westen-die-friedensgespraeche-mit-der-ukraine-sabotiert-zu-haben\/#primaryimage"},"image":{"@id":"https:\/\/now-news.de\/de\/deutschland\/fico-beschuldigt-den-westen-die-friedensgespraeche-mit-der-ukraine-sabotiert-zu-haben\/#primaryimage"},"thumbnailUrl":"https:\/\/now-news.de\/de\/wp-content\/uploads\/sites\/3\/2024\/11\/Fico-beschuldigt-den-Westen-die-Friedensgespraeche-mit-der-Ukraine-sabotiert.jpg","datePublished":"2024-11-03T18:37:43+00:00","dateModified":"2024-11-03T18:37:43+00:00","breadcrumb":{"@id":"https:\/\/now-news.de\/de\/deutschland\/fico-beschuldigt-den-westen-die-friedensgespraeche-mit-der-ukraine-sabotiert-zu-haben\/#breadcrumb"},"inLanguage":"de","potentialAction":[{"@type":"ReadAction","target":["https:\/\/now-news.de\/de\/deutschland\/fico-beschuldigt-den-westen-die-friedensgespraeche-mit-der-ukraine-sabotiert-zu-haben\/"]}]},{"@type":"ImageObject","inLanguage":"de","@id":"https:\/\/now-news.de\/de\/deutschland\/fico-beschuldigt-den-westen-die-friedensgespraeche-mit-der-ukraine-sabotiert-zu-haben\/#primaryimage","url":"https:\/\/now-news.de\/de\/wp-content\/uploads\/sites\/3\/2024\/11\/Fico-beschuldigt-den-Westen-die-Friedensgespraeche-mit-der-Ukraine-sabotiert.jpg","contentUrl":"https:\/\/now-news.de\/de\/wp-content\/uploads\/sites\/3\/2024\/11\/Fico-beschuldigt-den-Westen-die-Friedensgespraeche-mit-der-Ukraine-sabotiert.jpg","width":460,"height":259,"caption":"Fico beschuldigt den Westen, die Friedensgespr\u00e4che mit der Ukraine sabotiert zu haben"},{"@type":"BreadcrumbList","@id":"https:\/\/now-news.de\/de\/deutschland\/fico-beschuldigt-den-westen-die-friedensgespraeche-mit-der-ukraine-sabotiert-zu-haben\/#breadcrumb","itemListElement":[{"@type":"ListItem","position":1,"name":"Home","item":"https:\/\/now-news.de\/de\/"},{"@type":"ListItem","position":2,"name":"Fico beschuldigt den Westen, die Friedensgespr\u00e4che mit der Ukraine sabotiert zu haben"}]},{"@type":"WebSite","@id":"https:\/\/now-news.de\/de\/#website","url":"https:\/\/now-news.de\/de\/","name":"just-now.NEWS Deutschland","description":"Das Portal f\u00fcr unzensierte Nachrichten aus der Welt","publisher":{"@id":"https:\/\/now-news.de\/de\/#organization"},"potentialAction":[{"@type":"SearchAction","target":{"@type":"EntryPoint","urlTemplate":"https:\/\/now-news.de\/de\/?s={search_term_string}"},"query-input":"required name=search_term_string"}],"inLanguage":"de"},{"@type":"Organization","@id":"https:\/\/now-news.de\/de\/#organization","name":"Just Now News","url":"https:\/\/now-news.de\/de\/","logo":{"@type":"ImageObject","inLanguage":"de","@id":"https:\/\/now-news.de\/de\/#\/schema\/logo\/image\/","url":"http:\/\/just-now.news\/de\/wp-content\/uploads\/sites\/3\/2022\/04\/logo500x500.jpg","contentUrl":"http:\/\/just-now.news\/de\/wp-content\/uploads\/sites\/3\/2022\/04\/logo500x500.jpg","width":500,"height":500,"caption":"Just Now News"},"image":{"@id":"https:\/\/now-news.de\/de\/#\/schema\/logo\/image\/"},"sameAs":["https:\/\/www.facebook.com\/wirmachenauf","https:\/\/x.com\/WirMachenAuf_de"]},{"@type":"Person","@id":"https:\/\/now-news.de\/de\/#\/schema\/person\/fb534a4e865501d8b3285208df34a9b5","name":"rtnews","image":{"@type":"ImageObject","inLanguage":"de","@id":"https:\/\/now-news.de\/de\/#\/schema\/person\/image\/","url":"https:\/\/secure.gravatar.com\/avatar\/82aafea7d8127119dd649515f56e2117?s=96&d=mm&r=g","contentUrl":"https:\/\/secure.gravatar.com\/avatar\/82aafea7d8127119dd649515f56e2117?s=96&d=mm&r=g","caption":"rtnews"},"url":"https:\/\/now-news.de\/de\/author\/rnews\/"}]}},"_links":{"self":[{"href":"https:\/\/now-news.de\/de\/wp-json\/wp\/v2\/posts\/71946"}],"collection":[{"href":"https:\/\/now-news.de\/de\/wp-json\/wp\/v2\/posts"}],"about":[{"href":"https:\/\/now-news.de\/de\/wp-json\/wp\/v2\/types\/post"}],"author":[{"embeddable":true,"href":"https:\/\/now-news.de\/de\/wp-json\/wp\/v2\/users\/3"}],"replies":[{"embeddable":true,"href":"https:\/\/now-news.de\/de\/wp-json\/wp\/v2\/comments?post=71946"}],"version-history":[{"count":0,"href":"https:\/\/now-news.de\/de\/wp-json\/wp\/v2\/posts\/71946\/revisions"}],"wp:featuredmedia":[{"embeddable":true,"href":"https:\/\/now-news.de\/de\/wp-json\/wp\/v2\/media\/71947"}],"wp:attachment":[{"href":"https:\/\/now-news.de\/de\/wp-json\/wp\/v2\/media?parent=71946"}],"wp:term":[{"taxonomy":"category","embeddable":true,"href":"https:\/\/now-news.de\/de\/wp-json\/wp\/v2\/categories?post=71946"},{"taxonomy":"post_tag","embeddable":true,"href":"https:\/\/now-news.de\/de\/wp-json\/wp\/v2\/tags?post=71946"}],"curies":[{"name":"wp","href":"https:\/\/api.w.org\/{rel}","templated":true}]}}