{"id":71942,"date":"2024-11-03T19:50:54","date_gmt":"2024-11-03T17:50:54","guid":{"rendered":"https:\/\/now-news.de\/de\/deutschland\/bratislava-vertieft-handelsbeziehungen-zu-peking-trotz-spannungen-zwischen-eu-und-china\/"},"modified":"2024-11-03T19:50:54","modified_gmt":"2024-11-03T17:50:54","slug":"bratislava-vertieft-handelsbeziehungen-zu-peking-trotz-spannungen-zwischen-eu-und-china","status":"publish","type":"post","link":"https:\/\/now-news.de\/de\/deutschland\/bratislava-vertieft-handelsbeziehungen-zu-peking-trotz-spannungen-zwischen-eu-und-china\/","title":{"rendered":"Bratislava vertieft Handelsbeziehungen zu Peking trotz Spannungen zwischen EU und China"},"content":{"rendered":"<p><img decoding=\"async\" src=\"https:\/\/now-news.de\/de\/wp-content\/uploads\/sites\/3\/2024\/11\/67274fbfb480cc356b7ee40c.jpg\" \/><\/p>\n<div class=\"Text-root Text-type_1 \">\n                W\u00e4hrend die politischen und handelswirtschaftlichen Spannungen zwischen der EU und China zunehmen, hat die Slowakei in dieser Woche die gr\u00f6\u00dfte Delegation in ihrer Geschichte ins Reich der Mitte entsandt. Beide L\u00e4nder wollen den bilateralen Handel und Investitionen ankurbeln.\n            <\/div>\n<p><\/p>\n<div class=\"Text-root Text-type_5 ArticleView-text ViewText-root \">\n<p>Nachdem die EU-Kommission die Importz\u00f6lle auf Elektroautos aus China auf bis zu 35 Prozent erh\u00f6ht hat, spricht man immer \u00f6fter von einem Handelskrieg. Auch die politischen Spannungen zwischen Br\u00fcssel und Peking nehmen allm\u00e4hlich zu. Ein EU-Land steuert jedoch diesem negativen Trend entgegen.<\/p>\n<p>Am Freitag ist in Peking eine hochrangige Delegation aus Bratislava eingetroffen. An ihrer Spitze war der slowakische Ministerpr\u00e4sident Robert Fico, der sich mit dem chinesischen Staatschef Xi Jinping traf. Im Vorfeld der Reise hatte der EU-Politiker seinen Besuch in China als &#8220;entscheidend&#8221; bezeichnet, nachdem sich sein Land gegen die Strafz\u00f6lle auf chinesische E-Autos ausgesprochen hatte.<\/p>\n<p>Wie die Nachrichtenagentur <em>Xinhua<\/em> den chinesischen Politiker zitierte, habe er sich mit Fico darauf geeinigt, das Verh\u00e4ltnis zwischen den beiden L\u00e4ndern auf das Niveau einer &#8220;strategischen Assoziation&#8221; zu erheben. Dies stehe im Einklang mit den Bed\u00fcrfnissen Chinas und der Slowakei und werde der bilateralen Zusammenarbeit einen neuen und starken Impuls verleihen. Xi versprach unter anderem, chinesische Unternehmen anzuregen, in die Slowakei zu investieren. Zugleich lud er auch slowakische Unternehmen ein, den chinesischen Markt f\u00fcr sich zu erschlie\u00dfen. Chinas Staatschef setzte sich zudem daf\u00fcr ein, die bilaterale Kooperation bei erneuerbaren Energien, Logistik, Transportwesen und Infrastruktur zu st\u00e4rken.<\/p>\n<p>Zur Sprache kam auch die Ukraine-Krise. Xi lobte die Regierung von Fico f\u00fcr ihre &#8220;objektive, vern\u00fcnftige und unparteiische&#8221; Haltung.<\/p>\n<p>Im Rahmen des Besuchs wurden au\u00dferdem dreizehn Abkommen in Bereichen wie Wirtschaft, Tourismus und Verkehrswesen unterzeichnet. Dies war die gr\u00f6\u00dfte slowakische Delegation, bestehend aus Regierungsbeamten und Unternehmern, die Bratislava jemals ins Ausland geschickt hatte. Der slowakische Au\u00dfenminister Juraj Blan\u00e1r sagte in diesem Zusammenhang, diese Geste zeige klar das Vorhaben des EU-Landes, seine Assoziation mit China zu vertiefen. Der asiatische Riese sei der gr\u00f6\u00dfte Handelspartner der Slowakei au\u00dferhalb der EU.<\/p>\n<p><strong>Mehr zum Thema<\/strong> \u2013 <a rel=\"nofollow noopener\" target=\"_blank\" href=\"https:\/\/freedert.online\/inland\/224417-traditionskaufhaus-vor-aus-galeria-kaufhof\/\">Traditionskaufhaus vor dem Aus: Galeria Kaufhof schlie\u00dft Filiale am Alex<\/a><\/p>\n<\/div>\n<p><br \/>\n<br \/><a href=\"https:\/\/de.rt.com\/wirtschaft\/224593-slowakei-vertieft-handelsbeziehungen-zu-china\/\">Source link <\/a><\/p>\n","protected":false},"excerpt":{"rendered":"<p>W\u00e4hrend die politischen und handelswirtschaftlichen Spannungen zwischen der EU und China zunehmen, hat die Slowakei in dieser Woche die gr\u00f6\u00dfte Delegation in ihrer Geschichte ins Reich der Mitte entsandt. Beide L\u00e4nder wollen den bilateralen Handel und Investitionen ankurbeln. Nachdem die EU-Kommission die Importz\u00f6lle auf Elektroautos aus China auf bis zu 35 Prozent erh\u00f6ht hat, spricht [&hellip;]<\/p>\n","protected":false},"author":3,"featured_media":71943,"comment_status":"open","ping_status":"open","sticky":false,"template":"","format":"standard","meta":{"_yoast_indexnow_last_ping":["1730656572"],"wp_automatic_camp":["217"],"ec74127e3f8d6c4e5050bfe3d4a4776d":["Bratislava vertieft Handelsbeziehungen zu Peking trotz Spannungen zwischen EU und China"],"original_link":["https:\/\/de.rt.com\/wirtschaft\/224593-slowakei-vertieft-handelsbeziehungen-zu-china\/"],"_thumbnail_id":["71943"],"_wptgpro_p2tg_sent2tg":["a:1:{i:23737;s:19:\"2024-11-03 19:57:23\";}"],"jnews_social_counter_last_update":["1777376208"]},"categories":[19,23],"tags":[59953,192,22828,4117,4832,1381,140,50958,436],"yoast_head":"<!-- This site is optimized with the Yoast SEO Premium plugin v22.7 (Yoast SEO v22.7) - https:\/\/yoast.com\/wordpress\/plugins\/seo\/ -->\n<title>Bratislava vertieft Handelsbeziehungen zu Peking trotz Spannungen zwischen EU und China - just-now.NEWS Deutschland<\/title>\n<meta name=\"robots\" content=\"index, follow, max-snippet:-1, max-image-preview:large, max-video-preview:-1\" \/>\n<link rel=\"canonical\" href=\"https:\/\/now-news.de\/de\/deutschland\/bratislava-vertieft-handelsbeziehungen-zu-peking-trotz-spannungen-zwischen-eu-und-china\/\" \/>\n<meta property=\"og:locale\" content=\"de_DE\" \/>\n<meta property=\"og:type\" content=\"article\" \/>\n<meta property=\"og:title\" content=\"Bratislava vertieft Handelsbeziehungen zu Peking trotz Spannungen zwischen EU und China\" \/>\n<meta property=\"og:description\" content=\"W\u00e4hrend die politischen und handelswirtschaftlichen Spannungen zwischen der EU und China zunehmen, hat die Slowakei in dieser Woche die gr\u00f6\u00dfte Delegation in ihrer Geschichte ins Reich der Mitte entsandt. Beide L\u00e4nder wollen den bilateralen Handel und Investitionen ankurbeln. Nachdem die EU-Kommission die Importz\u00f6lle auf Elektroautos aus China auf bis zu 35 Prozent erh\u00f6ht hat, spricht [&hellip;]\" \/>\n<meta property=\"og:url\" content=\"https:\/\/now-news.de\/de\/deutschland\/bratislava-vertieft-handelsbeziehungen-zu-peking-trotz-spannungen-zwischen-eu-und-china\/\" \/>\n<meta property=\"og:site_name\" content=\"just-now.NEWS Deutschland\" \/>\n<meta property=\"article:publisher\" content=\"https:\/\/www.facebook.com\/wirmachenauf\" \/>\n<meta property=\"article:published_time\" content=\"2024-11-03T17:50:54+00:00\" \/>\n<meta property=\"og:image\" content=\"https:\/\/now-news.de\/de\/wp-content\/uploads\/sites\/3\/2024\/11\/67274fbfb480cc356b7ee40c.jpg\" \/>\n<meta name=\"author\" content=\"rtnews\" \/>\n<meta name=\"twitter:card\" content=\"summary_large_image\" \/>\n<meta name=\"twitter:creator\" content=\"@WirMachenAuf_de\" \/>\n<meta name=\"twitter:site\" content=\"@WirMachenAuf_de\" \/>\n<meta name=\"twitter:label1\" content=\"Verfasst von\" \/>\n\t<meta name=\"twitter:data1\" content=\"rtnews\" \/>\n\t<meta name=\"twitter:label2\" content=\"Gesch\u00e4tzte Lesezeit\" \/>\n\t<meta name=\"twitter:data2\" content=\"2\u00a0Minuten\" \/>\n<script type=\"application\/ld+json\" class=\"yoast-schema-graph\">{\"@context\":\"https:\/\/schema.org\",\"@graph\":[{\"@type\":\"Article\",\"@id\":\"https:\/\/now-news.de\/de\/deutschland\/bratislava-vertieft-handelsbeziehungen-zu-peking-trotz-spannungen-zwischen-eu-und-china\/#article\",\"isPartOf\":{\"@id\":\"https:\/\/now-news.de\/de\/deutschland\/bratislava-vertieft-handelsbeziehungen-zu-peking-trotz-spannungen-zwischen-eu-und-china\/\"},\"author\":{\"name\":\"rtnews\",\"@id\":\"https:\/\/now-news.de\/de\/#\/schema\/person\/fb534a4e865501d8b3285208df34a9b5\"},\"headline\":\"Bratislava vertieft Handelsbeziehungen zu Peking trotz Spannungen zwischen EU und China\",\"datePublished\":\"2024-11-03T17:50:54+00:00\",\"dateModified\":\"2024-11-03T17:50:54+00:00\",\"mainEntityOfPage\":{\"@id\":\"https:\/\/now-news.de\/de\/deutschland\/bratislava-vertieft-handelsbeziehungen-zu-peking-trotz-spannungen-zwischen-eu-und-china\/\"},\"wordCount\":370,\"commentCount\":0,\"publisher\":{\"@id\":\"https:\/\/now-news.de\/de\/#organization\"},\"image\":{\"@id\":\"https:\/\/now-news.de\/de\/deutschland\/bratislava-vertieft-handelsbeziehungen-zu-peking-trotz-spannungen-zwischen-eu-und-china\/#primaryimage\"},\"thumbnailUrl\":\"https:\/\/now-news.de\/de\/wp-content\/uploads\/sites\/3\/2024\/11\/Bratislava-vertieft-Handelsbeziehungen-zu-Peking-trotz-Spannungen-zwischen-EU-und.jpg\",\"keywords\":[\"Bratislava\",\"China\",\"Handelsbeziehungen\",\"Peking\",\"Spannungen\",\"Trotz\",\"und\",\"vertieft\",\"zwischen\"],\"articleSection\":[\"Deutschland\",\"Russland\"],\"inLanguage\":\"de\",\"potentialAction\":[{\"@type\":\"CommentAction\",\"name\":\"Comment\",\"target\":[\"https:\/\/now-news.de\/de\/deutschland\/bratislava-vertieft-handelsbeziehungen-zu-peking-trotz-spannungen-zwischen-eu-und-china\/#respond\"]}]},{\"@type\":\"WebPage\",\"@id\":\"https:\/\/now-news.de\/de\/deutschland\/bratislava-vertieft-handelsbeziehungen-zu-peking-trotz-spannungen-zwischen-eu-und-china\/\",\"url\":\"https:\/\/now-news.de\/de\/deutschland\/bratislava-vertieft-handelsbeziehungen-zu-peking-trotz-spannungen-zwischen-eu-und-china\/\",\"name\":\"Bratislava vertieft Handelsbeziehungen zu Peking trotz Spannungen zwischen EU und China - just-now.NEWS Deutschland\",\"isPartOf\":{\"@id\":\"https:\/\/now-news.de\/de\/#website\"},\"primaryImageOfPage\":{\"@id\":\"https:\/\/now-news.de\/de\/deutschland\/bratislava-vertieft-handelsbeziehungen-zu-peking-trotz-spannungen-zwischen-eu-und-china\/#primaryimage\"},\"image\":{\"@id\":\"https:\/\/now-news.de\/de\/deutschland\/bratislava-vertieft-handelsbeziehungen-zu-peking-trotz-spannungen-zwischen-eu-und-china\/#primaryimage\"},\"thumbnailUrl\":\"https:\/\/now-news.de\/de\/wp-content\/uploads\/sites\/3\/2024\/11\/Bratislava-vertieft-Handelsbeziehungen-zu-Peking-trotz-Spannungen-zwischen-EU-und.jpg\",\"datePublished\":\"2024-11-03T17:50:54+00:00\",\"dateModified\":\"2024-11-03T17:50:54+00:00\",\"breadcrumb\":{\"@id\":\"https:\/\/now-news.de\/de\/deutschland\/bratislava-vertieft-handelsbeziehungen-zu-peking-trotz-spannungen-zwischen-eu-und-china\/#breadcrumb\"},\"inLanguage\":\"de\",\"potentialAction\":[{\"@type\":\"ReadAction\",\"target\":[\"https:\/\/now-news.de\/de\/deutschland\/bratislava-vertieft-handelsbeziehungen-zu-peking-trotz-spannungen-zwischen-eu-und-china\/\"]}]},{\"@type\":\"ImageObject\",\"inLanguage\":\"de\",\"@id\":\"https:\/\/now-news.de\/de\/deutschland\/bratislava-vertieft-handelsbeziehungen-zu-peking-trotz-spannungen-zwischen-eu-und-china\/#primaryimage\",\"url\":\"https:\/\/now-news.de\/de\/wp-content\/uploads\/sites\/3\/2024\/11\/Bratislava-vertieft-Handelsbeziehungen-zu-Peking-trotz-Spannungen-zwischen-EU-und.jpg\",\"contentUrl\":\"https:\/\/now-news.de\/de\/wp-content\/uploads\/sites\/3\/2024\/11\/Bratislava-vertieft-Handelsbeziehungen-zu-Peking-trotz-Spannungen-zwischen-EU-und.jpg\",\"width\":460,\"height\":259,\"caption\":\"Bratislava vertieft Handelsbeziehungen zu Peking trotz Spannungen zwischen EU und China\"},{\"@type\":\"BreadcrumbList\",\"@id\":\"https:\/\/now-news.de\/de\/deutschland\/bratislava-vertieft-handelsbeziehungen-zu-peking-trotz-spannungen-zwischen-eu-und-china\/#breadcrumb\",\"itemListElement\":[{\"@type\":\"ListItem\",\"position\":1,\"name\":\"Home\",\"item\":\"https:\/\/now-news.de\/de\/\"},{\"@type\":\"ListItem\",\"position\":2,\"name\":\"Bratislava vertieft Handelsbeziehungen zu Peking trotz Spannungen zwischen EU und China\"}]},{\"@type\":\"WebSite\",\"@id\":\"https:\/\/now-news.de\/de\/#website\",\"url\":\"https:\/\/now-news.de\/de\/\",\"name\":\"just-now.NEWS Deutschland\",\"description\":\"Das Portal f\u00fcr unzensierte Nachrichten aus der Welt\",\"publisher\":{\"@id\":\"https:\/\/now-news.de\/de\/#organization\"},\"potentialAction\":[{\"@type\":\"SearchAction\",\"target\":{\"@type\":\"EntryPoint\",\"urlTemplate\":\"https:\/\/now-news.de\/de\/?s={search_term_string}\"},\"query-input\":\"required name=search_term_string\"}],\"inLanguage\":\"de\"},{\"@type\":\"Organization\",\"@id\":\"https:\/\/now-news.de\/de\/#organization\",\"name\":\"Just Now News\",\"url\":\"https:\/\/now-news.de\/de\/\",\"logo\":{\"@type\":\"ImageObject\",\"inLanguage\":\"de\",\"@id\":\"https:\/\/now-news.de\/de\/#\/schema\/logo\/image\/\",\"url\":\"http:\/\/just-now.news\/de\/wp-content\/uploads\/sites\/3\/2022\/04\/logo500x500.jpg\",\"contentUrl\":\"http:\/\/just-now.news\/de\/wp-content\/uploads\/sites\/3\/2022\/04\/logo500x500.jpg\",\"width\":500,\"height\":500,\"caption\":\"Just Now News\"},\"image\":{\"@id\":\"https:\/\/now-news.de\/de\/#\/schema\/logo\/image\/\"},\"sameAs\":[\"https:\/\/www.facebook.com\/wirmachenauf\",\"https:\/\/x.com\/WirMachenAuf_de\"]},{\"@type\":\"Person\",\"@id\":\"https:\/\/now-news.de\/de\/#\/schema\/person\/fb534a4e865501d8b3285208df34a9b5\",\"name\":\"rtnews\",\"image\":{\"@type\":\"ImageObject\",\"inLanguage\":\"de\",\"@id\":\"https:\/\/now-news.de\/de\/#\/schema\/person\/image\/\",\"url\":\"https:\/\/secure.gravatar.com\/avatar\/82aafea7d8127119dd649515f56e2117?s=96&d=mm&r=g\",\"contentUrl\":\"https:\/\/secure.gravatar.com\/avatar\/82aafea7d8127119dd649515f56e2117?s=96&d=mm&r=g\",\"caption\":\"rtnews\"},\"url\":\"https:\/\/now-news.de\/de\/author\/rnews\/\"}]}<\/script>\n<!-- \/ Yoast SEO Premium plugin. -->","yoast_head_json":{"title":"Bratislava vertieft Handelsbeziehungen zu Peking trotz Spannungen zwischen EU und China - just-now.NEWS Deutschland","robots":{"index":"index","follow":"follow","max-snippet":"max-snippet:-1","max-image-preview":"max-image-preview:large","max-video-preview":"max-video-preview:-1"},"canonical":"https:\/\/now-news.de\/de\/deutschland\/bratislava-vertieft-handelsbeziehungen-zu-peking-trotz-spannungen-zwischen-eu-und-china\/","og_locale":"de_DE","og_type":"article","og_title":"Bratislava vertieft Handelsbeziehungen zu Peking trotz Spannungen zwischen EU und China","og_description":"W\u00e4hrend die politischen und handelswirtschaftlichen Spannungen zwischen der EU und China zunehmen, hat die Slowakei in dieser Woche die gr\u00f6\u00dfte Delegation in ihrer Geschichte ins Reich der Mitte entsandt. Beide L\u00e4nder wollen den bilateralen Handel und Investitionen ankurbeln. Nachdem die EU-Kommission die Importz\u00f6lle auf Elektroautos aus China auf bis zu 35 Prozent erh\u00f6ht hat, spricht [&hellip;]","og_url":"https:\/\/now-news.de\/de\/deutschland\/bratislava-vertieft-handelsbeziehungen-zu-peking-trotz-spannungen-zwischen-eu-und-china\/","og_site_name":"just-now.NEWS Deutschland","article_publisher":"https:\/\/www.facebook.com\/wirmachenauf","article_published_time":"2024-11-03T17:50:54+00:00","og_image":[{"url":"https:\/\/now-news.de\/de\/wp-content\/uploads\/sites\/3\/2024\/11\/67274fbfb480cc356b7ee40c.jpg"}],"author":"rtnews","twitter_card":"summary_large_image","twitter_creator":"@WirMachenAuf_de","twitter_site":"@WirMachenAuf_de","twitter_misc":{"Verfasst von":"rtnews","Gesch\u00e4tzte Lesezeit":"2\u00a0Minuten"},"schema":{"@context":"https:\/\/schema.org","@graph":[{"@type":"Article","@id":"https:\/\/now-news.de\/de\/deutschland\/bratislava-vertieft-handelsbeziehungen-zu-peking-trotz-spannungen-zwischen-eu-und-china\/#article","isPartOf":{"@id":"https:\/\/now-news.de\/de\/deutschland\/bratislava-vertieft-handelsbeziehungen-zu-peking-trotz-spannungen-zwischen-eu-und-china\/"},"author":{"name":"rtnews","@id":"https:\/\/now-news.de\/de\/#\/schema\/person\/fb534a4e865501d8b3285208df34a9b5"},"headline":"Bratislava vertieft Handelsbeziehungen zu Peking trotz Spannungen zwischen EU und China","datePublished":"2024-11-03T17:50:54+00:00","dateModified":"2024-11-03T17:50:54+00:00","mainEntityOfPage":{"@id":"https:\/\/now-news.de\/de\/deutschland\/bratislava-vertieft-handelsbeziehungen-zu-peking-trotz-spannungen-zwischen-eu-und-china\/"},"wordCount":370,"commentCount":0,"publisher":{"@id":"https:\/\/now-news.de\/de\/#organization"},"image":{"@id":"https:\/\/now-news.de\/de\/deutschland\/bratislava-vertieft-handelsbeziehungen-zu-peking-trotz-spannungen-zwischen-eu-und-china\/#primaryimage"},"thumbnailUrl":"https:\/\/now-news.de\/de\/wp-content\/uploads\/sites\/3\/2024\/11\/Bratislava-vertieft-Handelsbeziehungen-zu-Peking-trotz-Spannungen-zwischen-EU-und.jpg","keywords":["Bratislava","China","Handelsbeziehungen","Peking","Spannungen","Trotz","und","vertieft","zwischen"],"articleSection":["Deutschland","Russland"],"inLanguage":"de","potentialAction":[{"@type":"CommentAction","name":"Comment","target":["https:\/\/now-news.de\/de\/deutschland\/bratislava-vertieft-handelsbeziehungen-zu-peking-trotz-spannungen-zwischen-eu-und-china\/#respond"]}]},{"@type":"WebPage","@id":"https:\/\/now-news.de\/de\/deutschland\/bratislava-vertieft-handelsbeziehungen-zu-peking-trotz-spannungen-zwischen-eu-und-china\/","url":"https:\/\/now-news.de\/de\/deutschland\/bratislava-vertieft-handelsbeziehungen-zu-peking-trotz-spannungen-zwischen-eu-und-china\/","name":"Bratislava vertieft Handelsbeziehungen zu Peking trotz Spannungen zwischen EU und China - just-now.NEWS Deutschland","isPartOf":{"@id":"https:\/\/now-news.de\/de\/#website"},"primaryImageOfPage":{"@id":"https:\/\/now-news.de\/de\/deutschland\/bratislava-vertieft-handelsbeziehungen-zu-peking-trotz-spannungen-zwischen-eu-und-china\/#primaryimage"},"image":{"@id":"https:\/\/now-news.de\/de\/deutschland\/bratislava-vertieft-handelsbeziehungen-zu-peking-trotz-spannungen-zwischen-eu-und-china\/#primaryimage"},"thumbnailUrl":"https:\/\/now-news.de\/de\/wp-content\/uploads\/sites\/3\/2024\/11\/Bratislava-vertieft-Handelsbeziehungen-zu-Peking-trotz-Spannungen-zwischen-EU-und.jpg","datePublished":"2024-11-03T17:50:54+00:00","dateModified":"2024-11-03T17:50:54+00:00","breadcrumb":{"@id":"https:\/\/now-news.de\/de\/deutschland\/bratislava-vertieft-handelsbeziehungen-zu-peking-trotz-spannungen-zwischen-eu-und-china\/#breadcrumb"},"inLanguage":"de","potentialAction":[{"@type":"ReadAction","target":["https:\/\/now-news.de\/de\/deutschland\/bratislava-vertieft-handelsbeziehungen-zu-peking-trotz-spannungen-zwischen-eu-und-china\/"]}]},{"@type":"ImageObject","inLanguage":"de","@id":"https:\/\/now-news.de\/de\/deutschland\/bratislava-vertieft-handelsbeziehungen-zu-peking-trotz-spannungen-zwischen-eu-und-china\/#primaryimage","url":"https:\/\/now-news.de\/de\/wp-content\/uploads\/sites\/3\/2024\/11\/Bratislava-vertieft-Handelsbeziehungen-zu-Peking-trotz-Spannungen-zwischen-EU-und.jpg","contentUrl":"https:\/\/now-news.de\/de\/wp-content\/uploads\/sites\/3\/2024\/11\/Bratislava-vertieft-Handelsbeziehungen-zu-Peking-trotz-Spannungen-zwischen-EU-und.jpg","width":460,"height":259,"caption":"Bratislava vertieft Handelsbeziehungen zu Peking trotz Spannungen zwischen EU und China"},{"@type":"BreadcrumbList","@id":"https:\/\/now-news.de\/de\/deutschland\/bratislava-vertieft-handelsbeziehungen-zu-peking-trotz-spannungen-zwischen-eu-und-china\/#breadcrumb","itemListElement":[{"@type":"ListItem","position":1,"name":"Home","item":"https:\/\/now-news.de\/de\/"},{"@type":"ListItem","position":2,"name":"Bratislava vertieft Handelsbeziehungen zu Peking trotz Spannungen zwischen EU und China"}]},{"@type":"WebSite","@id":"https:\/\/now-news.de\/de\/#website","url":"https:\/\/now-news.de\/de\/","name":"just-now.NEWS Deutschland","description":"Das Portal f\u00fcr unzensierte Nachrichten aus der Welt","publisher":{"@id":"https:\/\/now-news.de\/de\/#organization"},"potentialAction":[{"@type":"SearchAction","target":{"@type":"EntryPoint","urlTemplate":"https:\/\/now-news.de\/de\/?s={search_term_string}"},"query-input":"required name=search_term_string"}],"inLanguage":"de"},{"@type":"Organization","@id":"https:\/\/now-news.de\/de\/#organization","name":"Just Now News","url":"https:\/\/now-news.de\/de\/","logo":{"@type":"ImageObject","inLanguage":"de","@id":"https:\/\/now-news.de\/de\/#\/schema\/logo\/image\/","url":"http:\/\/just-now.news\/de\/wp-content\/uploads\/sites\/3\/2022\/04\/logo500x500.jpg","contentUrl":"http:\/\/just-now.news\/de\/wp-content\/uploads\/sites\/3\/2022\/04\/logo500x500.jpg","width":500,"height":500,"caption":"Just Now News"},"image":{"@id":"https:\/\/now-news.de\/de\/#\/schema\/logo\/image\/"},"sameAs":["https:\/\/www.facebook.com\/wirmachenauf","https:\/\/x.com\/WirMachenAuf_de"]},{"@type":"Person","@id":"https:\/\/now-news.de\/de\/#\/schema\/person\/fb534a4e865501d8b3285208df34a9b5","name":"rtnews","image":{"@type":"ImageObject","inLanguage":"de","@id":"https:\/\/now-news.de\/de\/#\/schema\/person\/image\/","url":"https:\/\/secure.gravatar.com\/avatar\/82aafea7d8127119dd649515f56e2117?s=96&d=mm&r=g","contentUrl":"https:\/\/secure.gravatar.com\/avatar\/82aafea7d8127119dd649515f56e2117?s=96&d=mm&r=g","caption":"rtnews"},"url":"https:\/\/now-news.de\/de\/author\/rnews\/"}]}},"_links":{"self":[{"href":"https:\/\/now-news.de\/de\/wp-json\/wp\/v2\/posts\/71942"}],"collection":[{"href":"https:\/\/now-news.de\/de\/wp-json\/wp\/v2\/posts"}],"about":[{"href":"https:\/\/now-news.de\/de\/wp-json\/wp\/v2\/types\/post"}],"author":[{"embeddable":true,"href":"https:\/\/now-news.de\/de\/wp-json\/wp\/v2\/users\/3"}],"replies":[{"embeddable":true,"href":"https:\/\/now-news.de\/de\/wp-json\/wp\/v2\/comments?post=71942"}],"version-history":[{"count":0,"href":"https:\/\/now-news.de\/de\/wp-json\/wp\/v2\/posts\/71942\/revisions"}],"wp:featuredmedia":[{"embeddable":true,"href":"https:\/\/now-news.de\/de\/wp-json\/wp\/v2\/media\/71943"}],"wp:attachment":[{"href":"https:\/\/now-news.de\/de\/wp-json\/wp\/v2\/media?parent=71942"}],"wp:term":[{"taxonomy":"category","embeddable":true,"href":"https:\/\/now-news.de\/de\/wp-json\/wp\/v2\/categories?post=71942"},{"taxonomy":"post_tag","embeddable":true,"href":"https:\/\/now-news.de\/de\/wp-json\/wp\/v2\/tags?post=71942"}],"curies":[{"name":"wp","href":"https:\/\/api.w.org\/{rel}","templated":true}]}}