{"id":71940,"date":"2024-11-03T18:50:27","date_gmt":"2024-11-03T16:50:27","guid":{"rendered":"https:\/\/now-news.de\/de\/deutschland\/wegen-honorarprofessur-in-moskau-aussenpolitischem-sprecher-der-afd-droht-absetzung\/"},"modified":"2024-11-03T18:50:27","modified_gmt":"2024-11-03T16:50:27","slug":"wegen-honorarprofessur-in-moskau-aussenpolitischem-sprecher-der-afd-droht-absetzung","status":"publish","type":"post","link":"https:\/\/now-news.de\/de\/deutschland\/wegen-honorarprofessur-in-moskau-aussenpolitischem-sprecher-der-afd-droht-absetzung\/","title":{"rendered":"Wegen Honorarprofessur in Moskau \u2013 Au\u00dfenpolitischem Sprecher der AfD droht Absetzung"},"content":{"rendered":"<p><img decoding=\"async\" src=\"https:\/\/now-news.de\/de\/wp-content\/uploads\/sites\/3\/2024\/11\/67264f08b480cc47030e3395.jpg\" \/><\/p>\n<div class=\"Text-root Text-type_1 \">\n                Nach einem Bericht vom t-online \u00fcber seine Honorarprofessur an einer Moskauer Musikhochschule steht der au\u00dfenpolitische Sprecher der AfD, Matthias Moosdorf, innerhalb der Partei massiv unter Druck. Anfang der Woche kommt sein angebliches Fehlverhalten auf die Tagesordnung mehrerer AfD-Gremien.\n            <\/div>\n<p><\/p>\n<div class=\"Text-root Text-type_5 ArticleView-text ViewText-root \">\n<p><em>Von Wladislaw Sankin<\/em><\/p>\n<p>Dem AfD-Abgeordneten Mathias <a rel=\"nofollow noopener\" target=\"_blank\" href=\"https:\/\/rumble.com\/embed\/v4z7f3m\/?pub=4\">Moosdorf<\/a> droht die Absetzung von seinem Amt als au\u00dfenpolitischer Sprecher der Fraktion. Laut einem <a rel=\"nofollow noopener\" target=\"_blank\" href=\"https:\/\/www.t-online.de\/nachrichten\/deutschland\/innenpolitik\/id_100522398\/setzt-die-afd-ihn-ab-fuer-moosdorf-wird-es-jetzt-ernst.html\">Bericht<\/a> von <em>t-o<\/em><em>nline<\/em> wird am Montag der Fraktionsvorstand \u00fcber sein angebliches Fehlverhalten diskutieren, am Dienstag der Arbeitskreis Au\u00dfen sowie die gesamte Fraktion. Auch die<em> ARD<\/em>-Tagesschau <a rel=\"nofollow noopener\" target=\"_blank\" href=\"https:\/\/www.tagesschau.de\/inland\/innenpolitik\/afd-moosdorf-russland-100.html\">berichtete<\/a> am Sonnabend ausf\u00fchrlich mit Verweisen auf interne Papiere und Quellen in der Fraktion \u00fcber die &#8220;Causa Moosdorf&#8221;.\u00a0<\/p>\n<p>Laut beiden Berichten gibt es innerhalb der Fraktion einflussreiche Kr\u00e4fte, die die &#8220;Nase voll von Moosdorf&#8221; haben und seine Absetzung bei der m\u00f6glichen Abstimmung durchsetzen wollen. Er h\u00e4tte ungenehmigte Reisen nach Russland unternommen, wof\u00fcr er schon einmal mit Bu\u00dfgeld in H\u00f6he von 1.000 Euro belegt worden sei. Eine Honorarprofessur an der angesehenen Gnessin-Akademie, die er im September angenommen habe, habe das &#8220;Fass zum \u00dcberlaufen&#8221; gebracht.\u00a0<\/p>\n<p>Das reichweitenstarke Nachrichtenportal <em>t-online<\/em> hatte als Erster kritisch \u00fcber die Honorarprofessur <a rel=\"nofollow noopener\" target=\"_blank\" href=\"https:\/\/www.t-online.de\/nachrichten\/deutschland\/innenpolitik\/id_100506170\/afd-bystron-nachfolger-moosdorf-tritt-professur-in-russland-an.html\">berichtet<\/a>. Mit der Recherche setzte es sich offen f\u00fcr die Absetzung von Moosdorf ein. Als\u00a0stramm proatlantisches Medium bezeichnete es die Hochschule als &#8220;Kreml-nah&#8221; und ihr angebliches Engagement f\u00fcr eine &#8220;multipolare Weltordnung&#8221; als fragw\u00fcrdig.\u00a0Der Abgeordnete geriet unter Rechtfertigungszwang.\u00a0\u00a0<\/p>\n<p>&#8220;Ich m\u00f6chte mit der \u00dcbernahme der Honorarprofessur ein Zeichen der Verst\u00e4ndigung senden und den jungen Leuten dort das Gef\u00fchl geben, in Europa nicht abgeh\u00e4ngt zu sein&#8221;, erkl\u00e4rte er <em>t-online<\/em>. &#8220;Musik kennt keine ideologischen Grenzen&#8221;, betonte Moosdorf. Vor seiner politischen Karriere, die er im Jahre 2017 begonnen hatte, war der geborene Leipziger viele Jahre erfolgreich als Cellist und Dozent t\u00e4tig.<\/p>\n<p>Als international agierender Musiker, Musikmanager und P\u00e4dagoge ist er nach eigenen Angaben auf allen Kontinenten bestens vernetzt.\u00a0Nun beabsichtige er, &#8220;einmal im Vierteljahr mehrere Tage&#8221; in Moskaus Ensembles Kammermusik zu unterrichten und w\u00fcrde daf\u00fcr nach international \u00fcblichen Honoraren bezahlt. Dabei w\u00fcrde die Verg\u00fctung f\u00fcr den Politiker keine Rolle spielen, denn die Honorarprofessur sei eine Ehrung. &#8220;Sie ist per definitionem nicht mit Geldzahlungen verbunden&#8221;, zitierte die Tagesschau Moosdorf.\u00a0<\/p>\n<p>Die Nebent\u00e4tigkeit an der Moskauer Hochschule ist legal und da sie die Aus\u00fcbung des gelernten Berufes ist, handelt es sich bei &#8220;Causa Moosdorf&#8221; nicht unbedingt um einen Interessenkonflikt mit dem politischen Amt. Doch da auch die AfD den russischen Milit\u00e4reinsatz in der Ukraine offiziell als &#8220;Angriffskrieg&#8221; verurteilt, hat die Honorarprofessur in Moskau eine &#8220;politische Komponente&#8221;, wie\u00a0Bernd Baumann, Erster Parlamentarischer Gesch\u00e4ftsf\u00fchrer, <a rel=\"nofollow noopener\" target=\"_blank\" href=\"https:\/\/www.t-online.de\/nachrichten\/deutschland\/innenpolitik\/id_100510216\/afd-abgeordneter-matthias-moosdorf-wegen-nebenjob-in-moskau-unter-druck-.html\">unterstrich.<\/a><\/p>\n<p>Doch es geht der AfD offenbar auch um Moosdorf als Gesamtfigur, die mit ihrem angeblich undisziplinierten Verhalten f\u00fcr die nach Koalitionen strebende Partei Schaden anrichtet. Der Vorstand sei laut Tagesschau genervt von Moosdorf st\u00e4ndigen &#8220;Ego-Trips&#8221; und er sei regelm\u00e4\u00dfig mit &#8220;Unwahrheiten&#8221; aufgefallen.\u00a0\u00a0<\/p>\n<p>Was aber bei der Berichterstattung \u00fcber den umtriebigen Abgeordneten ebenso auff\u00e4llt, ist, dass Korrespondenten mehrerer transatlantischen Medien sehr tiefe Einblicke in die Partei-Interna gew\u00e4hrt bekommen. Mit den Vertretern der sonst gerne verschm\u00e4hten Partei f\u00fchren sie vertrauliche Gespr\u00e4che, bekommen alle Unterlagen zugeschickt und\u00a0gewinnen eine ganze Reihe von Abgeordneten als Verb\u00fcndete.<\/p>\n<p>Wohl mit einem gemeinsamen Zweck: den\u00a0offenen &#8220;Prorussen&#8221; Moosdorf aus dem Amt zu entfernen. Daf\u00fcr werden auch Parallelen zu seinem Vorg\u00e4nger Petr Bystron nachgezeichnet, der wegen bislang nicht eindeutig nachgewiesener <a rel=\"nofollow noopener\" target=\"_blank\" href=\"https:\/\/freedert.online\/europa\/201509-vor-eu-wahl-enthuellt-afd-kandidat-pert-bystron-soll-geld-russland-bekommen-haben\/\">Zahlungen aus Russland<\/a> abgesetzt wurde (auch heute noch, sieben Monaten nach dem Beginn der Untersuchung, wird dar\u00fcber &#8220;gemutma\u00dft&#8221;).\u00a0<\/p>\n<p>Ob es sich bei der Absetzung von Moosdorf tats\u00e4chlich um einen geopolitischen Richtungswechsel in der Fraktion zugunsten der &#8220;Atlantiker&#8221; handelt, bleibt allerdings abzuwarten. Denn auch der als m\u00f6glicher Nachfolger gehandelte Stefan Keuter geh\u00f6rt zu denjenigen in der AfD, die in der Vergangenheit nach Russland als Wahlbeobachter reisten, die russische Botschaft zu Feiertagen besuchten und sich kritisch \u00fcber die &#8220;Propaganda in Medien&#8221; \u00e4u\u00dferten. Auch zu seiner Person hat es in der transatlantischen Presse schon einen entsprechenden Artikel <a rel=\"nofollow noopener\" target=\"_blank\" href=\"https:\/\/www.welt.de\/politik\/deutschland\/article252027174\/Stefan-Keuter-AfD-Fraktionsvize-feiert-in-russischer-Botschaft.html\">gegeben<\/a>. Derzeit befindet sich Keuter als Wahlbeobachter in den USA.\u00a0\u00a0<\/p>\n<p><strong>Mehr zum Thema<\/strong> \u2013 <a rel=\"nofollow noopener\" target=\"_blank\" href=\"https:\/\/freedert.online\/inland\/202774-noch-spiegel-erfindung-bystron-affaere-bystron-affaere-und-ihr-jahes-ende\/\">Nur eine Spiegel-Erfindung? Die Bystron-&#8220;Schmiergeld-Aff\u00e4re&#8221; und ihr j\u00e4hes Ende<\/a><\/p>\n<div class=\"EmbedBlock-root EmbedBlock-externalVideo EmbedBlock-rumble\">\n<div class=\"VkEmbed\"><iframe class=\"lazyload\" data-src=\"https:\/\/rumble.com\/embed\/v4z7f3m\" frameborder=\"0\" width=\"853\" height=\"480\" allowfullscreen><\/iframe><\/div>\n<\/div>\n<\/div>\n<p><br \/>\n<br \/><a href=\"https:\/\/de.rt.com\/inland\/224564-aussenpolitischer-sprecher-afd-moosdorf-kann-wegen-honorarprofessur-moskau-abgesetzt-werden\/\">Source link <\/a><\/p>\n","protected":false},"excerpt":{"rendered":"<p>Nach einem Bericht vom t-online \u00fcber seine Honorarprofessur an einer Moskauer Musikhochschule steht der au\u00dfenpolitische Sprecher der AfD, Matthias Moosdorf, innerhalb der Partei massiv unter Druck. Anfang der Woche kommt sein angebliches Fehlverhalten auf die Tagesordnung mehrerer AfD-Gremien. Von Wladislaw Sankin Dem AfD-Abgeordneten Mathias Moosdorf droht die Absetzung von seinem Amt als au\u00dfenpolitischer Sprecher der [&hellip;]<\/p>\n","protected":false},"author":3,"featured_media":71941,"comment_status":"open","ping_status":"open","sticky":false,"template":"","format":"standard","meta":{"_yoast_indexnow_last_ping":["1730652675"],"wp_automatic_camp":["217"],"1da53bca543a206a7887eeab76ae4201":["Wegen Honorarprofessur in Moskau \u2013 Au\u00dfenpolitischem Sprecher der AfD droht Absetzung"],"original_link":["https:\/\/de.rt.com\/inland\/224564-aussenpolitischer-sprecher-afd-moosdorf-kann-wegen-honorarprofessur-moskau-abgesetzt-werden\/"],"_thumbnail_id":["71941"],"_wptgpro_p2tg_sent2tg":["a:1:{i:23737;s:19:\"2024-11-03 18:52:26\";}"],"jnews_social_counter_last_update":["1777257143"]},"categories":[19,23],"tags":[53031,3815,59952,82,44,59951,946,19940,145],"yoast_head":"<!-- This site is optimized with the Yoast SEO Premium plugin v22.7 (Yoast SEO v22.7) - https:\/\/yoast.com\/wordpress\/plugins\/seo\/ -->\n<title>Wegen Honorarprofessur in Moskau \u2013 Au\u00dfenpolitischem Sprecher der AfD droht Absetzung - just-now.NEWS Deutschland<\/title>\n<meta name=\"robots\" content=\"index, follow, max-snippet:-1, max-image-preview:large, max-video-preview:-1\" \/>\n<link rel=\"canonical\" href=\"https:\/\/now-news.de\/de\/deutschland\/wegen-honorarprofessur-in-moskau-aussenpolitischem-sprecher-der-afd-droht-absetzung\/\" \/>\n<meta property=\"og:locale\" content=\"de_DE\" \/>\n<meta property=\"og:type\" content=\"article\" \/>\n<meta property=\"og:title\" content=\"Wegen Honorarprofessur in Moskau \u2013 Au\u00dfenpolitischem Sprecher der AfD droht Absetzung\" \/>\n<meta property=\"og:description\" content=\"Nach einem Bericht vom t-online \u00fcber seine Honorarprofessur an einer Moskauer Musikhochschule steht der au\u00dfenpolitische Sprecher der AfD, Matthias Moosdorf, innerhalb der Partei massiv unter Druck. Anfang der Woche kommt sein angebliches Fehlverhalten auf die Tagesordnung mehrerer AfD-Gremien. Von Wladislaw Sankin Dem AfD-Abgeordneten Mathias Moosdorf droht die Absetzung von seinem Amt als au\u00dfenpolitischer Sprecher der [&hellip;]\" \/>\n<meta property=\"og:url\" content=\"https:\/\/now-news.de\/de\/deutschland\/wegen-honorarprofessur-in-moskau-aussenpolitischem-sprecher-der-afd-droht-absetzung\/\" \/>\n<meta property=\"og:site_name\" content=\"just-now.NEWS Deutschland\" \/>\n<meta property=\"article:publisher\" content=\"https:\/\/www.facebook.com\/wirmachenauf\" \/>\n<meta property=\"article:published_time\" content=\"2024-11-03T16:50:27+00:00\" \/>\n<meta property=\"og:image\" content=\"https:\/\/now-news.de\/de\/wp-content\/uploads\/sites\/3\/2024\/11\/67264f08b480cc47030e3395.jpg\" \/>\n<meta name=\"author\" content=\"rtnews\" \/>\n<meta name=\"twitter:card\" content=\"summary_large_image\" \/>\n<meta name=\"twitter:creator\" content=\"@WirMachenAuf_de\" \/>\n<meta name=\"twitter:site\" content=\"@WirMachenAuf_de\" \/>\n<meta name=\"twitter:label1\" content=\"Verfasst von\" \/>\n\t<meta name=\"twitter:data1\" content=\"rtnews\" \/>\n\t<meta name=\"twitter:label2\" content=\"Gesch\u00e4tzte Lesezeit\" \/>\n\t<meta name=\"twitter:data2\" content=\"3\u00a0Minuten\" \/>\n<script type=\"application\/ld+json\" class=\"yoast-schema-graph\">{\"@context\":\"https:\/\/schema.org\",\"@graph\":[{\"@type\":\"Article\",\"@id\":\"https:\/\/now-news.de\/de\/deutschland\/wegen-honorarprofessur-in-moskau-aussenpolitischem-sprecher-der-afd-droht-absetzung\/#article\",\"isPartOf\":{\"@id\":\"https:\/\/now-news.de\/de\/deutschland\/wegen-honorarprofessur-in-moskau-aussenpolitischem-sprecher-der-afd-droht-absetzung\/\"},\"author\":{\"name\":\"rtnews\",\"@id\":\"https:\/\/now-news.de\/de\/#\/schema\/person\/fb534a4e865501d8b3285208df34a9b5\"},\"headline\":\"Wegen Honorarprofessur in Moskau \u2013 Au\u00dfenpolitischem Sprecher der AfD droht Absetzung\",\"datePublished\":\"2024-11-03T16:50:27+00:00\",\"dateModified\":\"2024-11-03T16:50:27+00:00\",\"mainEntityOfPage\":{\"@id\":\"https:\/\/now-news.de\/de\/deutschland\/wegen-honorarprofessur-in-moskau-aussenpolitischem-sprecher-der-afd-droht-absetzung\/\"},\"wordCount\":705,\"commentCount\":0,\"publisher\":{\"@id\":\"https:\/\/now-news.de\/de\/#organization\"},\"image\":{\"@id\":\"https:\/\/now-news.de\/de\/deutschland\/wegen-honorarprofessur-in-moskau-aussenpolitischem-sprecher-der-afd-droht-absetzung\/#primaryimage\"},\"thumbnailUrl\":\"https:\/\/now-news.de\/de\/wp-content\/uploads\/sites\/3\/2024\/11\/Wegen-Honorarprofessur-in-Moskau-\u2013-Aussenpolitischem-Sprecher-der-AfD-droht.jpg\",\"keywords\":[\"Absetzung\",\"AfD\",\"Au\u00dfenpolitischem\",\"der\",\"droht\",\"Honorarprofessur\",\"Moskau\",\"Sprecher\",\"wegen\"],\"articleSection\":[\"Deutschland\",\"Russland\"],\"inLanguage\":\"de\",\"potentialAction\":[{\"@type\":\"CommentAction\",\"name\":\"Comment\",\"target\":[\"https:\/\/now-news.de\/de\/deutschland\/wegen-honorarprofessur-in-moskau-aussenpolitischem-sprecher-der-afd-droht-absetzung\/#respond\"]}]},{\"@type\":\"WebPage\",\"@id\":\"https:\/\/now-news.de\/de\/deutschland\/wegen-honorarprofessur-in-moskau-aussenpolitischem-sprecher-der-afd-droht-absetzung\/\",\"url\":\"https:\/\/now-news.de\/de\/deutschland\/wegen-honorarprofessur-in-moskau-aussenpolitischem-sprecher-der-afd-droht-absetzung\/\",\"name\":\"Wegen Honorarprofessur in Moskau \u2013 Au\u00dfenpolitischem Sprecher der AfD droht Absetzung - just-now.NEWS Deutschland\",\"isPartOf\":{\"@id\":\"https:\/\/now-news.de\/de\/#website\"},\"primaryImageOfPage\":{\"@id\":\"https:\/\/now-news.de\/de\/deutschland\/wegen-honorarprofessur-in-moskau-aussenpolitischem-sprecher-der-afd-droht-absetzung\/#primaryimage\"},\"image\":{\"@id\":\"https:\/\/now-news.de\/de\/deutschland\/wegen-honorarprofessur-in-moskau-aussenpolitischem-sprecher-der-afd-droht-absetzung\/#primaryimage\"},\"thumbnailUrl\":\"https:\/\/now-news.de\/de\/wp-content\/uploads\/sites\/3\/2024\/11\/Wegen-Honorarprofessur-in-Moskau-\u2013-Aussenpolitischem-Sprecher-der-AfD-droht.jpg\",\"datePublished\":\"2024-11-03T16:50:27+00:00\",\"dateModified\":\"2024-11-03T16:50:27+00:00\",\"breadcrumb\":{\"@id\":\"https:\/\/now-news.de\/de\/deutschland\/wegen-honorarprofessur-in-moskau-aussenpolitischem-sprecher-der-afd-droht-absetzung\/#breadcrumb\"},\"inLanguage\":\"de\",\"potentialAction\":[{\"@type\":\"ReadAction\",\"target\":[\"https:\/\/now-news.de\/de\/deutschland\/wegen-honorarprofessur-in-moskau-aussenpolitischem-sprecher-der-afd-droht-absetzung\/\"]}]},{\"@type\":\"ImageObject\",\"inLanguage\":\"de\",\"@id\":\"https:\/\/now-news.de\/de\/deutschland\/wegen-honorarprofessur-in-moskau-aussenpolitischem-sprecher-der-afd-droht-absetzung\/#primaryimage\",\"url\":\"https:\/\/now-news.de\/de\/wp-content\/uploads\/sites\/3\/2024\/11\/Wegen-Honorarprofessur-in-Moskau-\u2013-Aussenpolitischem-Sprecher-der-AfD-droht.jpg\",\"contentUrl\":\"https:\/\/now-news.de\/de\/wp-content\/uploads\/sites\/3\/2024\/11\/Wegen-Honorarprofessur-in-Moskau-\u2013-Aussenpolitischem-Sprecher-der-AfD-droht.jpg\",\"width\":460,\"height\":259,\"caption\":\"Wegen Honorarprofessur in Moskau \u2013 Au\u00dfenpolitischem Sprecher der AfD droht Absetzung\"},{\"@type\":\"BreadcrumbList\",\"@id\":\"https:\/\/now-news.de\/de\/deutschland\/wegen-honorarprofessur-in-moskau-aussenpolitischem-sprecher-der-afd-droht-absetzung\/#breadcrumb\",\"itemListElement\":[{\"@type\":\"ListItem\",\"position\":1,\"name\":\"Home\",\"item\":\"https:\/\/now-news.de\/de\/\"},{\"@type\":\"ListItem\",\"position\":2,\"name\":\"Wegen Honorarprofessur in Moskau \u2013 Au\u00dfenpolitischem Sprecher der AfD droht Absetzung\"}]},{\"@type\":\"WebSite\",\"@id\":\"https:\/\/now-news.de\/de\/#website\",\"url\":\"https:\/\/now-news.de\/de\/\",\"name\":\"just-now.NEWS Deutschland\",\"description\":\"Das Portal f\u00fcr unzensierte Nachrichten aus der Welt\",\"publisher\":{\"@id\":\"https:\/\/now-news.de\/de\/#organization\"},\"potentialAction\":[{\"@type\":\"SearchAction\",\"target\":{\"@type\":\"EntryPoint\",\"urlTemplate\":\"https:\/\/now-news.de\/de\/?s={search_term_string}\"},\"query-input\":\"required name=search_term_string\"}],\"inLanguage\":\"de\"},{\"@type\":\"Organization\",\"@id\":\"https:\/\/now-news.de\/de\/#organization\",\"name\":\"Just Now News\",\"url\":\"https:\/\/now-news.de\/de\/\",\"logo\":{\"@type\":\"ImageObject\",\"inLanguage\":\"de\",\"@id\":\"https:\/\/now-news.de\/de\/#\/schema\/logo\/image\/\",\"url\":\"http:\/\/just-now.news\/de\/wp-content\/uploads\/sites\/3\/2022\/04\/logo500x500.jpg\",\"contentUrl\":\"http:\/\/just-now.news\/de\/wp-content\/uploads\/sites\/3\/2022\/04\/logo500x500.jpg\",\"width\":500,\"height\":500,\"caption\":\"Just Now News\"},\"image\":{\"@id\":\"https:\/\/now-news.de\/de\/#\/schema\/logo\/image\/\"},\"sameAs\":[\"https:\/\/www.facebook.com\/wirmachenauf\",\"https:\/\/x.com\/WirMachenAuf_de\"]},{\"@type\":\"Person\",\"@id\":\"https:\/\/now-news.de\/de\/#\/schema\/person\/fb534a4e865501d8b3285208df34a9b5\",\"name\":\"rtnews\",\"image\":{\"@type\":\"ImageObject\",\"inLanguage\":\"de\",\"@id\":\"https:\/\/now-news.de\/de\/#\/schema\/person\/image\/\",\"url\":\"https:\/\/secure.gravatar.com\/avatar\/82aafea7d8127119dd649515f56e2117?s=96&d=mm&r=g\",\"contentUrl\":\"https:\/\/secure.gravatar.com\/avatar\/82aafea7d8127119dd649515f56e2117?s=96&d=mm&r=g\",\"caption\":\"rtnews\"},\"url\":\"https:\/\/now-news.de\/de\/author\/rnews\/\"}]}<\/script>\n<!-- \/ Yoast SEO Premium plugin. -->","yoast_head_json":{"title":"Wegen Honorarprofessur in Moskau \u2013 Au\u00dfenpolitischem Sprecher der AfD droht Absetzung - just-now.NEWS Deutschland","robots":{"index":"index","follow":"follow","max-snippet":"max-snippet:-1","max-image-preview":"max-image-preview:large","max-video-preview":"max-video-preview:-1"},"canonical":"https:\/\/now-news.de\/de\/deutschland\/wegen-honorarprofessur-in-moskau-aussenpolitischem-sprecher-der-afd-droht-absetzung\/","og_locale":"de_DE","og_type":"article","og_title":"Wegen Honorarprofessur in Moskau \u2013 Au\u00dfenpolitischem Sprecher der AfD droht Absetzung","og_description":"Nach einem Bericht vom t-online \u00fcber seine Honorarprofessur an einer Moskauer Musikhochschule steht der au\u00dfenpolitische Sprecher der AfD, Matthias Moosdorf, innerhalb der Partei massiv unter Druck. Anfang der Woche kommt sein angebliches Fehlverhalten auf die Tagesordnung mehrerer AfD-Gremien. Von Wladislaw Sankin Dem AfD-Abgeordneten Mathias Moosdorf droht die Absetzung von seinem Amt als au\u00dfenpolitischer Sprecher der [&hellip;]","og_url":"https:\/\/now-news.de\/de\/deutschland\/wegen-honorarprofessur-in-moskau-aussenpolitischem-sprecher-der-afd-droht-absetzung\/","og_site_name":"just-now.NEWS Deutschland","article_publisher":"https:\/\/www.facebook.com\/wirmachenauf","article_published_time":"2024-11-03T16:50:27+00:00","og_image":[{"url":"https:\/\/now-news.de\/de\/wp-content\/uploads\/sites\/3\/2024\/11\/67264f08b480cc47030e3395.jpg"}],"author":"rtnews","twitter_card":"summary_large_image","twitter_creator":"@WirMachenAuf_de","twitter_site":"@WirMachenAuf_de","twitter_misc":{"Verfasst von":"rtnews","Gesch\u00e4tzte Lesezeit":"3\u00a0Minuten"},"schema":{"@context":"https:\/\/schema.org","@graph":[{"@type":"Article","@id":"https:\/\/now-news.de\/de\/deutschland\/wegen-honorarprofessur-in-moskau-aussenpolitischem-sprecher-der-afd-droht-absetzung\/#article","isPartOf":{"@id":"https:\/\/now-news.de\/de\/deutschland\/wegen-honorarprofessur-in-moskau-aussenpolitischem-sprecher-der-afd-droht-absetzung\/"},"author":{"name":"rtnews","@id":"https:\/\/now-news.de\/de\/#\/schema\/person\/fb534a4e865501d8b3285208df34a9b5"},"headline":"Wegen Honorarprofessur in Moskau \u2013 Au\u00dfenpolitischem Sprecher der AfD droht Absetzung","datePublished":"2024-11-03T16:50:27+00:00","dateModified":"2024-11-03T16:50:27+00:00","mainEntityOfPage":{"@id":"https:\/\/now-news.de\/de\/deutschland\/wegen-honorarprofessur-in-moskau-aussenpolitischem-sprecher-der-afd-droht-absetzung\/"},"wordCount":705,"commentCount":0,"publisher":{"@id":"https:\/\/now-news.de\/de\/#organization"},"image":{"@id":"https:\/\/now-news.de\/de\/deutschland\/wegen-honorarprofessur-in-moskau-aussenpolitischem-sprecher-der-afd-droht-absetzung\/#primaryimage"},"thumbnailUrl":"https:\/\/now-news.de\/de\/wp-content\/uploads\/sites\/3\/2024\/11\/Wegen-Honorarprofessur-in-Moskau-\u2013-Aussenpolitischem-Sprecher-der-AfD-droht.jpg","keywords":["Absetzung","AfD","Au\u00dfenpolitischem","der","droht","Honorarprofessur","Moskau","Sprecher","wegen"],"articleSection":["Deutschland","Russland"],"inLanguage":"de","potentialAction":[{"@type":"CommentAction","name":"Comment","target":["https:\/\/now-news.de\/de\/deutschland\/wegen-honorarprofessur-in-moskau-aussenpolitischem-sprecher-der-afd-droht-absetzung\/#respond"]}]},{"@type":"WebPage","@id":"https:\/\/now-news.de\/de\/deutschland\/wegen-honorarprofessur-in-moskau-aussenpolitischem-sprecher-der-afd-droht-absetzung\/","url":"https:\/\/now-news.de\/de\/deutschland\/wegen-honorarprofessur-in-moskau-aussenpolitischem-sprecher-der-afd-droht-absetzung\/","name":"Wegen Honorarprofessur in Moskau \u2013 Au\u00dfenpolitischem Sprecher der AfD droht Absetzung - just-now.NEWS Deutschland","isPartOf":{"@id":"https:\/\/now-news.de\/de\/#website"},"primaryImageOfPage":{"@id":"https:\/\/now-news.de\/de\/deutschland\/wegen-honorarprofessur-in-moskau-aussenpolitischem-sprecher-der-afd-droht-absetzung\/#primaryimage"},"image":{"@id":"https:\/\/now-news.de\/de\/deutschland\/wegen-honorarprofessur-in-moskau-aussenpolitischem-sprecher-der-afd-droht-absetzung\/#primaryimage"},"thumbnailUrl":"https:\/\/now-news.de\/de\/wp-content\/uploads\/sites\/3\/2024\/11\/Wegen-Honorarprofessur-in-Moskau-\u2013-Aussenpolitischem-Sprecher-der-AfD-droht.jpg","datePublished":"2024-11-03T16:50:27+00:00","dateModified":"2024-11-03T16:50:27+00:00","breadcrumb":{"@id":"https:\/\/now-news.de\/de\/deutschland\/wegen-honorarprofessur-in-moskau-aussenpolitischem-sprecher-der-afd-droht-absetzung\/#breadcrumb"},"inLanguage":"de","potentialAction":[{"@type":"ReadAction","target":["https:\/\/now-news.de\/de\/deutschland\/wegen-honorarprofessur-in-moskau-aussenpolitischem-sprecher-der-afd-droht-absetzung\/"]}]},{"@type":"ImageObject","inLanguage":"de","@id":"https:\/\/now-news.de\/de\/deutschland\/wegen-honorarprofessur-in-moskau-aussenpolitischem-sprecher-der-afd-droht-absetzung\/#primaryimage","url":"https:\/\/now-news.de\/de\/wp-content\/uploads\/sites\/3\/2024\/11\/Wegen-Honorarprofessur-in-Moskau-\u2013-Aussenpolitischem-Sprecher-der-AfD-droht.jpg","contentUrl":"https:\/\/now-news.de\/de\/wp-content\/uploads\/sites\/3\/2024\/11\/Wegen-Honorarprofessur-in-Moskau-\u2013-Aussenpolitischem-Sprecher-der-AfD-droht.jpg","width":460,"height":259,"caption":"Wegen Honorarprofessur in Moskau \u2013 Au\u00dfenpolitischem Sprecher der AfD droht Absetzung"},{"@type":"BreadcrumbList","@id":"https:\/\/now-news.de\/de\/deutschland\/wegen-honorarprofessur-in-moskau-aussenpolitischem-sprecher-der-afd-droht-absetzung\/#breadcrumb","itemListElement":[{"@type":"ListItem","position":1,"name":"Home","item":"https:\/\/now-news.de\/de\/"},{"@type":"ListItem","position":2,"name":"Wegen Honorarprofessur in Moskau \u2013 Au\u00dfenpolitischem Sprecher der AfD droht Absetzung"}]},{"@type":"WebSite","@id":"https:\/\/now-news.de\/de\/#website","url":"https:\/\/now-news.de\/de\/","name":"just-now.NEWS Deutschland","description":"Das Portal f\u00fcr unzensierte Nachrichten aus der Welt","publisher":{"@id":"https:\/\/now-news.de\/de\/#organization"},"potentialAction":[{"@type":"SearchAction","target":{"@type":"EntryPoint","urlTemplate":"https:\/\/now-news.de\/de\/?s={search_term_string}"},"query-input":"required name=search_term_string"}],"inLanguage":"de"},{"@type":"Organization","@id":"https:\/\/now-news.de\/de\/#organization","name":"Just Now News","url":"https:\/\/now-news.de\/de\/","logo":{"@type":"ImageObject","inLanguage":"de","@id":"https:\/\/now-news.de\/de\/#\/schema\/logo\/image\/","url":"http:\/\/just-now.news\/de\/wp-content\/uploads\/sites\/3\/2022\/04\/logo500x500.jpg","contentUrl":"http:\/\/just-now.news\/de\/wp-content\/uploads\/sites\/3\/2022\/04\/logo500x500.jpg","width":500,"height":500,"caption":"Just Now News"},"image":{"@id":"https:\/\/now-news.de\/de\/#\/schema\/logo\/image\/"},"sameAs":["https:\/\/www.facebook.com\/wirmachenauf","https:\/\/x.com\/WirMachenAuf_de"]},{"@type":"Person","@id":"https:\/\/now-news.de\/de\/#\/schema\/person\/fb534a4e865501d8b3285208df34a9b5","name":"rtnews","image":{"@type":"ImageObject","inLanguage":"de","@id":"https:\/\/now-news.de\/de\/#\/schema\/person\/image\/","url":"https:\/\/secure.gravatar.com\/avatar\/82aafea7d8127119dd649515f56e2117?s=96&d=mm&r=g","contentUrl":"https:\/\/secure.gravatar.com\/avatar\/82aafea7d8127119dd649515f56e2117?s=96&d=mm&r=g","caption":"rtnews"},"url":"https:\/\/now-news.de\/de\/author\/rnews\/"}]}},"_links":{"self":[{"href":"https:\/\/now-news.de\/de\/wp-json\/wp\/v2\/posts\/71940"}],"collection":[{"href":"https:\/\/now-news.de\/de\/wp-json\/wp\/v2\/posts"}],"about":[{"href":"https:\/\/now-news.de\/de\/wp-json\/wp\/v2\/types\/post"}],"author":[{"embeddable":true,"href":"https:\/\/now-news.de\/de\/wp-json\/wp\/v2\/users\/3"}],"replies":[{"embeddable":true,"href":"https:\/\/now-news.de\/de\/wp-json\/wp\/v2\/comments?post=71940"}],"version-history":[{"count":0,"href":"https:\/\/now-news.de\/de\/wp-json\/wp\/v2\/posts\/71940\/revisions"}],"wp:featuredmedia":[{"embeddable":true,"href":"https:\/\/now-news.de\/de\/wp-json\/wp\/v2\/media\/71941"}],"wp:attachment":[{"href":"https:\/\/now-news.de\/de\/wp-json\/wp\/v2\/media?parent=71940"}],"wp:term":[{"taxonomy":"category","embeddable":true,"href":"https:\/\/now-news.de\/de\/wp-json\/wp\/v2\/categories?post=71940"},{"taxonomy":"post_tag","embeddable":true,"href":"https:\/\/now-news.de\/de\/wp-json\/wp\/v2\/tags?post=71940"}],"curies":[{"name":"wp","href":"https:\/\/api.w.org\/{rel}","templated":true}]}}