{"id":71916,"date":"2024-11-02T22:40:02","date_gmt":"2024-11-02T20:40:02","guid":{"rendered":"https:\/\/now-news.de\/de\/deutschland\/der-umgang-mit-geschichte-beweist-letten-sind-keine-europaeer\/"},"modified":"2024-11-02T22:40:02","modified_gmt":"2024-11-02T20:40:02","slug":"der-umgang-mit-geschichte-beweist-letten-sind-keine-europaeer","status":"publish","type":"post","link":"https:\/\/now-news.de\/de\/deutschland\/der-umgang-mit-geschichte-beweist-letten-sind-keine-europaeer\/","title":{"rendered":"Der Umgang mit Geschichte beweist: Letten sind keine Europ\u00e4er"},"content":{"rendered":"<p><img decoding=\"async\" src=\"https:\/\/now-news.de\/de\/wp-content\/uploads\/sites\/3\/2024\/11\/67264a3648fbef3b6611b41e.jpg\" \/><\/p>\n<div class=\"Text-root Text-type_1 \">\n                Die in Lettland regierenden Nationalisten kennen in ihrem Russenhass offenbar keinen Halt mehr: Nach dem Verbot russischer Schulen, dem Abriss sowjetischer Denkm\u00e4ler f\u00fcr die Soldaten, die gegen Hitler k\u00e4mpften, und zuletzt des Puschkin-Denkmals, tilgen sie nun auch Pers\u00f6nlichkeiten der gesamteurop\u00e4ischen Geschichte aus dem Stadtbild.\n            <\/div>\n<p><\/p>\n<div class=\"Text-root Text-type_5 ArticleView-text ViewText-root \">\n<p><em>Von Anton Gentzen<\/em><\/p>\n<p>In der lettischen Hauptstadt Riga wurde in dieser Woche das Denkmal f\u00fcr einen der gr\u00f6\u00dften Feldherrn der napoleonischen Kriege, Michael\u00a0Barclay de Tolly, abgerissen. Mitten in der Nacht, wie es die lettischen Nationalisten zuvor schon beim Abriss der Denkm\u00e4ler f\u00fcr die im Zweiten Weltkrieg gefallenen sowjetischen Soldaten praktiziert hatten.<\/p>\n<p>Zur selben Zeit findet im milit\u00e4rhistorischen Museum in Dresden \u2013 in Tr\u00e4gerschaft der Bundeswehr \u2013 eine <a rel=\"nofollow noopener\" target=\"_blank\" href=\"https:\/\/www.mhmbw.de\/ausstellungen\/napoleon-muss-untergehen\">Ausstellung zu Ehren von Barclay de Tolly<\/a> statt und nichts verdeutlicht die Kluft zwischen der gesamteurop\u00e4ischen Tradition der Geschichtspflege und der Barbarei der baltischen Neueurop\u00e4er deutlicher als dieser Umstand.\u00a0<\/p>\n<p>Barclay, der Spross eines schottischen Geschlechts, war stolzer Sohn von Riga, sein Gro\u00dfvater gar Oberb\u00fcrgermeister dieser seit 1725 zum Russischen Imperium geh\u00f6renden Stadt. Die milit\u00e4rische Karriere von Michael im Dienste des Zaren begann im Jahr 1787, doch europaweit wurde er durch die zahlreichen Schlachten w\u00e4hrend der Kriege gegen Napoleon ber\u00fchmt.<\/p>\n<p>Er zeichnete sich in den Schlachten von Pultusk (1806) und Preu\u00dfisch-Eylau (1807) aus. In der letztgenannten Schlacht f\u00fchrte er einen Kavallerieangriff an und wurde durch einen Granatsplitter am Arm schwer verwundet. Die Wunde erwies sich als so schwer, dass der Arm amputiert werden sollte. Der eigens vom Zaren entsandte Armeechirurg James Willieu f\u00fchrte eine komplexe Operation durch, bei der er 32 Knochensplitter aus der Wunde entfernte. Michaels Arm wurde gerettet, aber die Wunde verursachte st\u00e4ndige Schmerzen, die den Kommandanten f\u00fcr den Rest seines Lebens qu\u00e4lten. Auf seinem Denkmal in Riga war die charakteristische &#8220;Barclay-Geste&#8221; zu sehen: Der General st\u00fctzte zeitlebens seinen wunden Arm mit dem anderen, gesunden, um den immerw\u00e4hrenden Schmerz zu lindern.<\/p>\n<p>W\u00e4hrend des russisch-schwedischen Krieges 1808\u20131809 befehligte Barclay de Tolly eines der Armeekorps und \u00fcberquerte das Eis des Kvarken (Bottnischer Meerbusen) in einer pr\u00e4zedenzlosen Weise. Vier Tage lang marschierten die Truppen bei f\u00fcnfzehn Grad Frost und b\u00f6igem Wind, ohne Feuer und warmes Essen, unter \u00dcberwindung von Eisstauungen, bis sie an die gegnerische K\u00fcste gelangten.<\/p>\n<p>Der General erinnerte sich sp\u00e4ter: &#8220;Die \u00dcberquerung war die schwierigste der vorstellbaren, die Soldaten gingen in tiefem Schnee, der oft bis zu den Knien reichte.\u00a0Die M\u00fchen, die die Truppen bei diesem \u00dcbergang auf sich nahmen, kann nur ein russischer Soldat ertragen.&#8221; Barclay selbst fror sich damals die F\u00fc\u00dfe ab, die Folgen davon sp\u00fcrte er ebenfalls zeitlebens. F\u00fcr diese kriegsentscheidende Operation erhielt er den Rang eines Generals der Infanterie.<\/p>\n<p>Im Januar 1810 wurde Barclay zum russischen Kriegsminister ernannt. Seit dem Fr\u00fchjahr 1812 war er gleichzeitig Oberbefehlshaber der 1. West-Armee Russlands. Als Minister f\u00fchrte er erstmals im Zarenreich einen milit\u00e4rischen Nachrichtendienst ein und etablierte an russischen Botschaften im Ausland Milit\u00e4rattach\u00e9s.<\/p>\n<p>Am Vorabend der Invasion Napoleons in Russland entwickelte Barclay de Tolly einen detaillierten Plan f\u00fcr den geplanten Feldzug gegen die Franzosen und machte eine Reihe von Vorschl\u00e4gen. Die ganze Genialit\u00e4t des strategischen R\u00fcckzugs, den Barclay brillant umsetzte, bestand darin, dass er Napoleons Pl\u00e4ne, die russische Armee in den Grenzschlachten st\u00fcckweise zu besiegen, zunichtemachte. Doch die \u00f6ffentliche Meinung misstraute Barclay, und so wurde Michail Golenischtschew-Kutusow (1745\u20131813) zum neuen Oberbefehlshaber ernannt.<\/p>\n<p>W\u00e4hrend der Schlacht von Borodino leitete Barclay die Aktionen der Truppen an der rechten Flanke und im Zentrum der russischen Stellung. Nach den Worten des Offiziers Fjodor Glinka &#8220;war es unm\u00f6glich, ohne besondere Ehrfurcht zuzuschauen, denn dieser Mann stellte sich durch Willenskraft und moralische Regeln \u00fcber die menschliche Natur!\u00a0Mit einer eisigen K\u00fchle, die selbst die Hitze der Schlacht von Borodino nicht zu schmelzen vermochte, stie\u00df er an die gef\u00e4hrlichsten Stellen vor.&#8221;<\/p>\n<p>Napoleon selbst w\u00fcrdigte Barclay als &#8220;den besten General im feindlichen Lager&#8221;. In einem kritischen Moment der Schlacht f\u00fchrte Michael die Regimenter der Kavallerie und der Horse Guards in einem berittenen Angriff an. Sechs seiner neun Adjutanten fielen. Unter ihm starben f\u00fcnf Pferde, seine Uniform war blutverschmiert, aber er selbst blieb unversehrt.<\/p>\n<p>Nach dem Tod von Kutusow, w\u00e4hrend des Auslandsfeldzugs des Jahres 1813, wird Barclay de Tolly zum Oberbefehlshaber der verb\u00fcndeten russisch-preu\u00dfischen Armeen ernannt. In dieser Eigenschaft ist er auch Sieger der ber\u00fchmten und kriegsentscheidenden V\u00f6lkerschlacht bei Leipzig. &#8220;Dies ist der Mann, der mehr als jeder andere dazu beigetragen hat, die Macht Napoleons zu brechen&#8221;, urteilte\u00a0F\u00fcrst Michail Woronzow \u00fcber Barclay.<\/p>\n<p>Bei seinem Einzug in Paris 1814 erh\u00e4lt Barclay den Stab eines Feldmarschalls und den F\u00fcrstentitel. Die franz\u00f6sischen, holl\u00e4ndischen und s\u00e4chsischen K\u00f6nige verliehen dem russischen Feldherrn ihre h\u00f6chsten Orden. Die \u00d6sterreicher verliehen dem russischen Feldmarschall gar das Komturkreuz des Maria-Theresien-Ordens, das Ausl\u00e4ndern eigentlich nicht verliehen werden sollte. Wie soll man noch zum Ausdruck bringen, dass dieser Mann unausl\u00f6schlicher Teil der gesamteurop\u00e4ischen Geschichte ist?<\/p>\n<p>Sein Denkmal in Riga wurde vor dem Ersten Weltkrieg errichtet, finanziert von Spenden der B\u00fcrger der Stadt. Leider ging es im Ersten Weltkrieg w\u00e4hrend der Evakuierung verloren und wurde im Jahr 2002 originalgetreu wiederaufgebaut, finanziert von Gomberg, einem Kunstm\u00e4zen und Patrioten aus Riga.<\/p>\n<p>Barclay stand vor dem Geb\u00e4ude des lettischen Ministerkabinetts. Auf der rechten Seite befindet sich die orthodoxe Kathedrale, die den lettischen Nationalisten ein Dorn im Auge ist. Sie ist das n\u00e4chste Ziel der Zerst\u00f6rungswut.<\/p>\n<p>Im Herbst 2022 sprengten die lettischen Machthaber das Denkmal f\u00fcr die Befreier Rigas vom Faschismus, demolierten viele \u00e4hnliche Denkm\u00e4ler und Gedenkst\u00e4tten und sch\u00e4ndeten die Gebeine der hier gefallenen Rotarmisten. Nun machen sie sich an den Denkm\u00e4lern einer \u00e4lteren Epoche zu schaffen: Puschkin, die B\u00fcste von Anna Kern und eben Barclay. Die baltischen Neueurop\u00e4er, die Hitler-Apologeten und Waffen-SS-Huldiger in Riga hassen die Rote Armee, Barclay de Tolly, die orthodoxe Kirche und die linken Letten gleicherma\u00dfen.<\/p>\n<p>Das Andenken an den bemerkenswerten lettischen Klassizisten Vilis L\u0101cis wurde ausgel\u00f6scht, das Denkmal f\u00fcr den sowjetischen Akademiker und Schriftsteller Andrejs Up\u012bts soll zers\u00e4gt werden, das Andenken an den besten lettischen Dichter, Oj\u0101rs V\u0101cietis, wurde getilgt. Vielleicht weil dessen Frau Russin war?<\/p>\n<p>Das Europa, das wir lieben und bislang kannten, das ist ein Kontinent, der die Gesamtheit seiner Geschichte und Kultur in Ehren h\u00e4lt. Europa ist, wenn Napoleon mitten in Paris in einem eigens daf\u00fcr errichteten Dom bestattet ist und der gr\u00f6\u00dfte Bahnhof Londons Waterloo hei\u00dft. Europa ist, wenn die Stra\u00dfen in Pariser Vororten nach Lenin, Gagarin und der Schlacht von Stalingrad benannt sind und der bekannteste Platz Berlins nach einem russischen Zaren. Europa ist, wenn es keine russische Stadt ohne Luxemburg- und Liebknechtstra\u00dfe gibt und kein russisches Opernhaus ohne Wagner und Verdi.\u00a0<\/p>\n<p>Europa ist zudem, wenn Antifaschisten und die Soldaten und Gener\u00e4le der Anti-Hitler-Koalition geehrt werden, und nicht, wie in Lettland oder seit zehn Jahren in der Ukraine \u00fcblich, die Bastarde der Waffen-SS und sonstige Kollaborateure des Nazismus.<\/p>\n<p>Barclay de Tolly ist Symbol daf\u00fcr, dass Europa mehr mit Russland verbindet als mit den bilderst\u00fcrmenden Vandalen in Lettland und anderswo im Osten der EU. Leider versuchen Letztere, das &#8220;alte&#8221; Europa mit ihrem gl\u00fchenden Russenhass anzustecken. Wenn wir nicht bald anfangen, uns dagegen zu wehren, verliert auch das alte Europa seine Geschichte und seine Seele. So wie Riga sie schon verloren hat.<\/p>\n<p><em>Beim Verfassen des historischen Teils wurden Ausschnitte aus einem f\u00fcr die Plattform Regnum verfassten <a rel=\"nofollow noopener\" target=\"_blank\" href=\"https:\/\/regnum.ru\/article\/3922830\">Artikel<\/a> von Igor Gussew verwendet.<\/em><\/p>\n<p><strong>Mehr zum Thema<\/strong> &#8211; <a rel=\"nofollow noopener\" target=\"_blank\" href=\"https:\/\/freedert.online\/europa\/166994-ausloeschung-geschichte-wie-russische-gedenkstaetten\/\">Ausl\u00f6schung der Geschichte: Russische Denkm\u00e4ler werden in Europa gesch\u00e4ndet und abgerissen<\/a><\/p>\n<div class=\"EmbedBlock-root EmbedBlock-externalVideo EmbedBlock-odysee\">\n<div class=\"VkEmbed\"><iframe class=\"lazyload\" data-src=\"https:\/\/odysee.com\/%24\/embed\/%40RTDE%3Ae%2F-Unertr%C3%A4gliches-Denkmal--%E2%80%93Monument-der-polnisch-sowjetischen-Waffenbr%C3%BCderschaft-in-Polen-abgerissen%3Ad\" frameborder=\"0\" width=\"853\" height=\"480\" allowfullscreen><\/iframe><\/div>\n<\/div>\n<\/div>\n<p><br \/>\n<br \/><a href=\"https:\/\/de.rt.com\/meinung\/224544-umgang-mit-geschichte-beweist-letten-keine-europaer\/\">Source link <\/a><\/p>\n","protected":false},"excerpt":{"rendered":"<p>Die in Lettland regierenden Nationalisten kennen in ihrem Russenhass offenbar keinen Halt mehr: Nach dem Verbot russischer Schulen, dem Abriss sowjetischer Denkm\u00e4ler f\u00fcr die Soldaten, die gegen Hitler k\u00e4mpften, und zuletzt des Puschkin-Denkmals, tilgen sie nun auch Pers\u00f6nlichkeiten der gesamteurop\u00e4ischen Geschichte aus dem Stadtbild. Von Anton Gentzen In der lettischen Hauptstadt Riga wurde in dieser [&hellip;]<\/p>\n","protected":false},"author":3,"featured_media":71917,"comment_status":"open","ping_status":"open","sticky":false,"template":"","format":"standard","meta":{"_yoast_indexnow_last_ping":["1730580029"],"wp_automatic_camp":["217"],"f1f113e1dfbb84166061d5bc6f9c6a90":["Der Umgang mit Geschichte beweist: Letten sind keine Europ\u00e4er"],"original_link":["https:\/\/de.rt.com\/meinung\/224544-umgang-mit-geschichte-beweist-letten-keine-europaer\/"],"_thumbnail_id":["71917"],"_wptgpro_p2tg_sent2tg":["a:1:{i:23737;s:19:\"2024-11-02 22:42:34\";}"],"jnews_social_counter_last_update":["1777271872"]},"categories":[19,23],"tags":[17767,82,9477,851,375,39792,419,1046,6306],"yoast_head":"<!-- This site is optimized with the Yoast SEO Premium plugin v22.7 (Yoast SEO v22.7) - https:\/\/yoast.com\/wordpress\/plugins\/seo\/ -->\n<title>Der Umgang mit Geschichte beweist: Letten sind keine Europ\u00e4er - just-now.NEWS Deutschland<\/title>\n<meta name=\"robots\" content=\"index, follow, max-snippet:-1, max-image-preview:large, max-video-preview:-1\" \/>\n<link rel=\"canonical\" href=\"https:\/\/now-news.de\/de\/deutschland\/der-umgang-mit-geschichte-beweist-letten-sind-keine-europaeer\/\" \/>\n<meta property=\"og:locale\" content=\"de_DE\" \/>\n<meta property=\"og:type\" content=\"article\" \/>\n<meta property=\"og:title\" content=\"Der Umgang mit Geschichte beweist: Letten sind keine Europ\u00e4er\" \/>\n<meta property=\"og:description\" content=\"Die in Lettland regierenden Nationalisten kennen in ihrem Russenhass offenbar keinen Halt mehr: Nach dem Verbot russischer Schulen, dem Abriss sowjetischer Denkm\u00e4ler f\u00fcr die Soldaten, die gegen Hitler k\u00e4mpften, und zuletzt des Puschkin-Denkmals, tilgen sie nun auch Pers\u00f6nlichkeiten der gesamteurop\u00e4ischen Geschichte aus dem Stadtbild. Von Anton Gentzen In der lettischen Hauptstadt Riga wurde in dieser [&hellip;]\" \/>\n<meta property=\"og:url\" content=\"https:\/\/now-news.de\/de\/deutschland\/der-umgang-mit-geschichte-beweist-letten-sind-keine-europaeer\/\" \/>\n<meta property=\"og:site_name\" content=\"just-now.NEWS Deutschland\" \/>\n<meta property=\"article:publisher\" content=\"https:\/\/www.facebook.com\/wirmachenauf\" \/>\n<meta property=\"article:published_time\" content=\"2024-11-02T20:40:02+00:00\" \/>\n<meta property=\"og:image\" content=\"https:\/\/now-news.de\/de\/wp-content\/uploads\/sites\/3\/2024\/11\/67264a3648fbef3b6611b41e.jpg\" \/>\n<meta name=\"author\" content=\"rtnews\" \/>\n<meta name=\"twitter:card\" content=\"summary_large_image\" \/>\n<meta name=\"twitter:creator\" content=\"@WirMachenAuf_de\" \/>\n<meta name=\"twitter:site\" content=\"@WirMachenAuf_de\" \/>\n<meta name=\"twitter:label1\" content=\"Verfasst von\" \/>\n\t<meta name=\"twitter:data1\" content=\"rtnews\" \/>\n\t<meta name=\"twitter:label2\" content=\"Gesch\u00e4tzte Lesezeit\" \/>\n\t<meta name=\"twitter:data2\" content=\"6\u00a0Minuten\" \/>\n<script type=\"application\/ld+json\" class=\"yoast-schema-graph\">{\"@context\":\"https:\/\/schema.org\",\"@graph\":[{\"@type\":\"Article\",\"@id\":\"https:\/\/now-news.de\/de\/deutschland\/der-umgang-mit-geschichte-beweist-letten-sind-keine-europaeer\/#article\",\"isPartOf\":{\"@id\":\"https:\/\/now-news.de\/de\/deutschland\/der-umgang-mit-geschichte-beweist-letten-sind-keine-europaeer\/\"},\"author\":{\"name\":\"rtnews\",\"@id\":\"https:\/\/now-news.de\/de\/#\/schema\/person\/fb534a4e865501d8b3285208df34a9b5\"},\"headline\":\"Der Umgang mit Geschichte beweist: Letten sind keine Europ\u00e4er\",\"datePublished\":\"2024-11-02T20:40:02+00:00\",\"dateModified\":\"2024-11-02T20:40:02+00:00\",\"mainEntityOfPage\":{\"@id\":\"https:\/\/now-news.de\/de\/deutschland\/der-umgang-mit-geschichte-beweist-letten-sind-keine-europaeer\/\"},\"wordCount\":1296,\"commentCount\":0,\"publisher\":{\"@id\":\"https:\/\/now-news.de\/de\/#organization\"},\"image\":{\"@id\":\"https:\/\/now-news.de\/de\/deutschland\/der-umgang-mit-geschichte-beweist-letten-sind-keine-europaeer\/#primaryimage\"},\"thumbnailUrl\":\"https:\/\/now-news.de\/de\/wp-content\/uploads\/sites\/3\/2024\/11\/Der-Umgang-mit-Geschichte-beweist-Letten-sind-keine-Europaeer.jpg\",\"keywords\":[\"beweist\",\"der\",\"Europ\u00e4er\",\"Geschichte\",\"keine\",\"Letten\",\"mit\",\"sind\",\"Umgang\"],\"articleSection\":[\"Deutschland\",\"Russland\"],\"inLanguage\":\"de\",\"potentialAction\":[{\"@type\":\"CommentAction\",\"name\":\"Comment\",\"target\":[\"https:\/\/now-news.de\/de\/deutschland\/der-umgang-mit-geschichte-beweist-letten-sind-keine-europaeer\/#respond\"]}]},{\"@type\":\"WebPage\",\"@id\":\"https:\/\/now-news.de\/de\/deutschland\/der-umgang-mit-geschichte-beweist-letten-sind-keine-europaeer\/\",\"url\":\"https:\/\/now-news.de\/de\/deutschland\/der-umgang-mit-geschichte-beweist-letten-sind-keine-europaeer\/\",\"name\":\"Der Umgang mit Geschichte beweist: Letten sind keine Europ\u00e4er - just-now.NEWS Deutschland\",\"isPartOf\":{\"@id\":\"https:\/\/now-news.de\/de\/#website\"},\"primaryImageOfPage\":{\"@id\":\"https:\/\/now-news.de\/de\/deutschland\/der-umgang-mit-geschichte-beweist-letten-sind-keine-europaeer\/#primaryimage\"},\"image\":{\"@id\":\"https:\/\/now-news.de\/de\/deutschland\/der-umgang-mit-geschichte-beweist-letten-sind-keine-europaeer\/#primaryimage\"},\"thumbnailUrl\":\"https:\/\/now-news.de\/de\/wp-content\/uploads\/sites\/3\/2024\/11\/Der-Umgang-mit-Geschichte-beweist-Letten-sind-keine-Europaeer.jpg\",\"datePublished\":\"2024-11-02T20:40:02+00:00\",\"dateModified\":\"2024-11-02T20:40:02+00:00\",\"breadcrumb\":{\"@id\":\"https:\/\/now-news.de\/de\/deutschland\/der-umgang-mit-geschichte-beweist-letten-sind-keine-europaeer\/#breadcrumb\"},\"inLanguage\":\"de\",\"potentialAction\":[{\"@type\":\"ReadAction\",\"target\":[\"https:\/\/now-news.de\/de\/deutschland\/der-umgang-mit-geschichte-beweist-letten-sind-keine-europaeer\/\"]}]},{\"@type\":\"ImageObject\",\"inLanguage\":\"de\",\"@id\":\"https:\/\/now-news.de\/de\/deutschland\/der-umgang-mit-geschichte-beweist-letten-sind-keine-europaeer\/#primaryimage\",\"url\":\"https:\/\/now-news.de\/de\/wp-content\/uploads\/sites\/3\/2024\/11\/Der-Umgang-mit-Geschichte-beweist-Letten-sind-keine-Europaeer.jpg\",\"contentUrl\":\"https:\/\/now-news.de\/de\/wp-content\/uploads\/sites\/3\/2024\/11\/Der-Umgang-mit-Geschichte-beweist-Letten-sind-keine-Europaeer.jpg\",\"width\":460,\"height\":259,\"caption\":\"Der Umgang mit Geschichte beweist: Letten sind keine Europ\u00e4er\"},{\"@type\":\"BreadcrumbList\",\"@id\":\"https:\/\/now-news.de\/de\/deutschland\/der-umgang-mit-geschichte-beweist-letten-sind-keine-europaeer\/#breadcrumb\",\"itemListElement\":[{\"@type\":\"ListItem\",\"position\":1,\"name\":\"Home\",\"item\":\"https:\/\/now-news.de\/de\/\"},{\"@type\":\"ListItem\",\"position\":2,\"name\":\"Der Umgang mit Geschichte beweist: Letten sind keine Europ\u00e4er\"}]},{\"@type\":\"WebSite\",\"@id\":\"https:\/\/now-news.de\/de\/#website\",\"url\":\"https:\/\/now-news.de\/de\/\",\"name\":\"just-now.NEWS Deutschland\",\"description\":\"Das Portal f\u00fcr unzensierte Nachrichten aus der Welt\",\"publisher\":{\"@id\":\"https:\/\/now-news.de\/de\/#organization\"},\"potentialAction\":[{\"@type\":\"SearchAction\",\"target\":{\"@type\":\"EntryPoint\",\"urlTemplate\":\"https:\/\/now-news.de\/de\/?s={search_term_string}\"},\"query-input\":\"required name=search_term_string\"}],\"inLanguage\":\"de\"},{\"@type\":\"Organization\",\"@id\":\"https:\/\/now-news.de\/de\/#organization\",\"name\":\"Just Now News\",\"url\":\"https:\/\/now-news.de\/de\/\",\"logo\":{\"@type\":\"ImageObject\",\"inLanguage\":\"de\",\"@id\":\"https:\/\/now-news.de\/de\/#\/schema\/logo\/image\/\",\"url\":\"http:\/\/just-now.news\/de\/wp-content\/uploads\/sites\/3\/2022\/04\/logo500x500.jpg\",\"contentUrl\":\"http:\/\/just-now.news\/de\/wp-content\/uploads\/sites\/3\/2022\/04\/logo500x500.jpg\",\"width\":500,\"height\":500,\"caption\":\"Just Now News\"},\"image\":{\"@id\":\"https:\/\/now-news.de\/de\/#\/schema\/logo\/image\/\"},\"sameAs\":[\"https:\/\/www.facebook.com\/wirmachenauf\",\"https:\/\/x.com\/WirMachenAuf_de\"]},{\"@type\":\"Person\",\"@id\":\"https:\/\/now-news.de\/de\/#\/schema\/person\/fb534a4e865501d8b3285208df34a9b5\",\"name\":\"rtnews\",\"image\":{\"@type\":\"ImageObject\",\"inLanguage\":\"de\",\"@id\":\"https:\/\/now-news.de\/de\/#\/schema\/person\/image\/\",\"url\":\"https:\/\/secure.gravatar.com\/avatar\/82aafea7d8127119dd649515f56e2117?s=96&d=mm&r=g\",\"contentUrl\":\"https:\/\/secure.gravatar.com\/avatar\/82aafea7d8127119dd649515f56e2117?s=96&d=mm&r=g\",\"caption\":\"rtnews\"},\"url\":\"https:\/\/now-news.de\/de\/author\/rnews\/\"}]}<\/script>\n<!-- \/ Yoast SEO Premium plugin. -->","yoast_head_json":{"title":"Der Umgang mit Geschichte beweist: Letten sind keine Europ\u00e4er - just-now.NEWS Deutschland","robots":{"index":"index","follow":"follow","max-snippet":"max-snippet:-1","max-image-preview":"max-image-preview:large","max-video-preview":"max-video-preview:-1"},"canonical":"https:\/\/now-news.de\/de\/deutschland\/der-umgang-mit-geschichte-beweist-letten-sind-keine-europaeer\/","og_locale":"de_DE","og_type":"article","og_title":"Der Umgang mit Geschichte beweist: Letten sind keine Europ\u00e4er","og_description":"Die in Lettland regierenden Nationalisten kennen in ihrem Russenhass offenbar keinen Halt mehr: Nach dem Verbot russischer Schulen, dem Abriss sowjetischer Denkm\u00e4ler f\u00fcr die Soldaten, die gegen Hitler k\u00e4mpften, und zuletzt des Puschkin-Denkmals, tilgen sie nun auch Pers\u00f6nlichkeiten der gesamteurop\u00e4ischen Geschichte aus dem Stadtbild. Von Anton Gentzen In der lettischen Hauptstadt Riga wurde in dieser [&hellip;]","og_url":"https:\/\/now-news.de\/de\/deutschland\/der-umgang-mit-geschichte-beweist-letten-sind-keine-europaeer\/","og_site_name":"just-now.NEWS Deutschland","article_publisher":"https:\/\/www.facebook.com\/wirmachenauf","article_published_time":"2024-11-02T20:40:02+00:00","og_image":[{"url":"https:\/\/now-news.de\/de\/wp-content\/uploads\/sites\/3\/2024\/11\/67264a3648fbef3b6611b41e.jpg"}],"author":"rtnews","twitter_card":"summary_large_image","twitter_creator":"@WirMachenAuf_de","twitter_site":"@WirMachenAuf_de","twitter_misc":{"Verfasst von":"rtnews","Gesch\u00e4tzte Lesezeit":"6\u00a0Minuten"},"schema":{"@context":"https:\/\/schema.org","@graph":[{"@type":"Article","@id":"https:\/\/now-news.de\/de\/deutschland\/der-umgang-mit-geschichte-beweist-letten-sind-keine-europaeer\/#article","isPartOf":{"@id":"https:\/\/now-news.de\/de\/deutschland\/der-umgang-mit-geschichte-beweist-letten-sind-keine-europaeer\/"},"author":{"name":"rtnews","@id":"https:\/\/now-news.de\/de\/#\/schema\/person\/fb534a4e865501d8b3285208df34a9b5"},"headline":"Der Umgang mit Geschichte beweist: Letten sind keine Europ\u00e4er","datePublished":"2024-11-02T20:40:02+00:00","dateModified":"2024-11-02T20:40:02+00:00","mainEntityOfPage":{"@id":"https:\/\/now-news.de\/de\/deutschland\/der-umgang-mit-geschichte-beweist-letten-sind-keine-europaeer\/"},"wordCount":1296,"commentCount":0,"publisher":{"@id":"https:\/\/now-news.de\/de\/#organization"},"image":{"@id":"https:\/\/now-news.de\/de\/deutschland\/der-umgang-mit-geschichte-beweist-letten-sind-keine-europaeer\/#primaryimage"},"thumbnailUrl":"https:\/\/now-news.de\/de\/wp-content\/uploads\/sites\/3\/2024\/11\/Der-Umgang-mit-Geschichte-beweist-Letten-sind-keine-Europaeer.jpg","keywords":["beweist","der","Europ\u00e4er","Geschichte","keine","Letten","mit","sind","Umgang"],"articleSection":["Deutschland","Russland"],"inLanguage":"de","potentialAction":[{"@type":"CommentAction","name":"Comment","target":["https:\/\/now-news.de\/de\/deutschland\/der-umgang-mit-geschichte-beweist-letten-sind-keine-europaeer\/#respond"]}]},{"@type":"WebPage","@id":"https:\/\/now-news.de\/de\/deutschland\/der-umgang-mit-geschichte-beweist-letten-sind-keine-europaeer\/","url":"https:\/\/now-news.de\/de\/deutschland\/der-umgang-mit-geschichte-beweist-letten-sind-keine-europaeer\/","name":"Der Umgang mit Geschichte beweist: Letten sind keine Europ\u00e4er - just-now.NEWS Deutschland","isPartOf":{"@id":"https:\/\/now-news.de\/de\/#website"},"primaryImageOfPage":{"@id":"https:\/\/now-news.de\/de\/deutschland\/der-umgang-mit-geschichte-beweist-letten-sind-keine-europaeer\/#primaryimage"},"image":{"@id":"https:\/\/now-news.de\/de\/deutschland\/der-umgang-mit-geschichte-beweist-letten-sind-keine-europaeer\/#primaryimage"},"thumbnailUrl":"https:\/\/now-news.de\/de\/wp-content\/uploads\/sites\/3\/2024\/11\/Der-Umgang-mit-Geschichte-beweist-Letten-sind-keine-Europaeer.jpg","datePublished":"2024-11-02T20:40:02+00:00","dateModified":"2024-11-02T20:40:02+00:00","breadcrumb":{"@id":"https:\/\/now-news.de\/de\/deutschland\/der-umgang-mit-geschichte-beweist-letten-sind-keine-europaeer\/#breadcrumb"},"inLanguage":"de","potentialAction":[{"@type":"ReadAction","target":["https:\/\/now-news.de\/de\/deutschland\/der-umgang-mit-geschichte-beweist-letten-sind-keine-europaeer\/"]}]},{"@type":"ImageObject","inLanguage":"de","@id":"https:\/\/now-news.de\/de\/deutschland\/der-umgang-mit-geschichte-beweist-letten-sind-keine-europaeer\/#primaryimage","url":"https:\/\/now-news.de\/de\/wp-content\/uploads\/sites\/3\/2024\/11\/Der-Umgang-mit-Geschichte-beweist-Letten-sind-keine-Europaeer.jpg","contentUrl":"https:\/\/now-news.de\/de\/wp-content\/uploads\/sites\/3\/2024\/11\/Der-Umgang-mit-Geschichte-beweist-Letten-sind-keine-Europaeer.jpg","width":460,"height":259,"caption":"Der Umgang mit Geschichte beweist: Letten sind keine Europ\u00e4er"},{"@type":"BreadcrumbList","@id":"https:\/\/now-news.de\/de\/deutschland\/der-umgang-mit-geschichte-beweist-letten-sind-keine-europaeer\/#breadcrumb","itemListElement":[{"@type":"ListItem","position":1,"name":"Home","item":"https:\/\/now-news.de\/de\/"},{"@type":"ListItem","position":2,"name":"Der Umgang mit Geschichte beweist: Letten sind keine Europ\u00e4er"}]},{"@type":"WebSite","@id":"https:\/\/now-news.de\/de\/#website","url":"https:\/\/now-news.de\/de\/","name":"just-now.NEWS Deutschland","description":"Das Portal f\u00fcr unzensierte Nachrichten aus der Welt","publisher":{"@id":"https:\/\/now-news.de\/de\/#organization"},"potentialAction":[{"@type":"SearchAction","target":{"@type":"EntryPoint","urlTemplate":"https:\/\/now-news.de\/de\/?s={search_term_string}"},"query-input":"required name=search_term_string"}],"inLanguage":"de"},{"@type":"Organization","@id":"https:\/\/now-news.de\/de\/#organization","name":"Just Now News","url":"https:\/\/now-news.de\/de\/","logo":{"@type":"ImageObject","inLanguage":"de","@id":"https:\/\/now-news.de\/de\/#\/schema\/logo\/image\/","url":"http:\/\/just-now.news\/de\/wp-content\/uploads\/sites\/3\/2022\/04\/logo500x500.jpg","contentUrl":"http:\/\/just-now.news\/de\/wp-content\/uploads\/sites\/3\/2022\/04\/logo500x500.jpg","width":500,"height":500,"caption":"Just Now News"},"image":{"@id":"https:\/\/now-news.de\/de\/#\/schema\/logo\/image\/"},"sameAs":["https:\/\/www.facebook.com\/wirmachenauf","https:\/\/x.com\/WirMachenAuf_de"]},{"@type":"Person","@id":"https:\/\/now-news.de\/de\/#\/schema\/person\/fb534a4e865501d8b3285208df34a9b5","name":"rtnews","image":{"@type":"ImageObject","inLanguage":"de","@id":"https:\/\/now-news.de\/de\/#\/schema\/person\/image\/","url":"https:\/\/secure.gravatar.com\/avatar\/82aafea7d8127119dd649515f56e2117?s=96&d=mm&r=g","contentUrl":"https:\/\/secure.gravatar.com\/avatar\/82aafea7d8127119dd649515f56e2117?s=96&d=mm&r=g","caption":"rtnews"},"url":"https:\/\/now-news.de\/de\/author\/rnews\/"}]}},"_links":{"self":[{"href":"https:\/\/now-news.de\/de\/wp-json\/wp\/v2\/posts\/71916"}],"collection":[{"href":"https:\/\/now-news.de\/de\/wp-json\/wp\/v2\/posts"}],"about":[{"href":"https:\/\/now-news.de\/de\/wp-json\/wp\/v2\/types\/post"}],"author":[{"embeddable":true,"href":"https:\/\/now-news.de\/de\/wp-json\/wp\/v2\/users\/3"}],"replies":[{"embeddable":true,"href":"https:\/\/now-news.de\/de\/wp-json\/wp\/v2\/comments?post=71916"}],"version-history":[{"count":0,"href":"https:\/\/now-news.de\/de\/wp-json\/wp\/v2\/posts\/71916\/revisions"}],"wp:featuredmedia":[{"embeddable":true,"href":"https:\/\/now-news.de\/de\/wp-json\/wp\/v2\/media\/71917"}],"wp:attachment":[{"href":"https:\/\/now-news.de\/de\/wp-json\/wp\/v2\/media?parent=71916"}],"wp:term":[{"taxonomy":"category","embeddable":true,"href":"https:\/\/now-news.de\/de\/wp-json\/wp\/v2\/categories?post=71916"},{"taxonomy":"post_tag","embeddable":true,"href":"https:\/\/now-news.de\/de\/wp-json\/wp\/v2\/tags?post=71916"}],"curies":[{"name":"wp","href":"https:\/\/api.w.org\/{rel}","templated":true}]}}