{"id":71908,"date":"2024-11-02T21:09:32","date_gmt":"2024-11-02T19:09:32","guid":{"rendered":"https:\/\/now-news.de\/de\/deutschland\/wegen-kritik-an-der-diskriminierung-ungeimpfter-gruene-werfen-streeck-holocaust-relativierung-vor\/"},"modified":"2024-11-02T21:09:32","modified_gmt":"2024-11-02T19:09:32","slug":"wegen-kritik-an-der-diskriminierung-ungeimpfter-gruene-werfen-streeck-holocaust-relativierung-vor","status":"publish","type":"post","link":"https:\/\/now-news.de\/de\/deutschland\/wegen-kritik-an-der-diskriminierung-ungeimpfter-gruene-werfen-streeck-holocaust-relativierung-vor\/","title":{"rendered":"Wegen Kritik an der Diskriminierung &quot;Ungeimpfter&quot;: Gr\u00fcne werfen Streeck Holocaust-Relativierung vor"},"content":{"rendered":"<p><img decoding=\"async\" src=\"https:\/\/now-news.de\/de\/wp-content\/uploads\/sites\/3\/2024\/11\/6726606948fbef03f253412e.jpg\" \/><\/p>\n<div class=\"Text-root Text-type_1 \">\n                W\u00e4hrend der Corona-Jahre hatte sich der Bonner Virologe Hendrik Streeck als moderater Kritiker der staatlichen Ma\u00dfnahmen einen Namen gemacht. Der Mediziner bleibt bei seinen Positionen \u2013 und muss sich nun vorwerfen lassen, den Holocaust zu verharmlosen.\n            <\/div>\n<p><\/p>\n<div class=\"Text-root Text-type_5 ArticleView-text ViewText-root \">\n<p>Der 47-j\u00e4hrige Medizinprofessor\u00a0Hendrik Streeck hatte vor wenigen Tagen der Zeitschrift <em>Focus<\/em> ein Interview <a rel=\"nofollow noopener\" target=\"_blank\" href=\"https:\/\/www.focus.de\/gesundheit\/coronavirus\/virologe-streeck-beim-thema-impfen-sind-schnell-zwei-fehler-passiert_id_260418400.html\">gegeben<\/a>. Wie schon zu Zeiten der Corona-Politik \u00e4u\u00dferte sich Streeck darin verhalten kritisch zu den Ma\u00dfnahmen selbst, aber auch \u00fcber die Folgen der Corona-Jahre f\u00fcr die Gesellschaft.<\/p>\n<p>Streeck m\u00f6chte sozusagen beim n\u00e4chsten Mal alles besser machen. Zudem hat der Mediziner politische Ambitionen und will bei der n\u00e4chsten Bundestagswahl f\u00fcr die CDU kandidieren.<\/p>\n<p>Nun werfen ihm Politiker von B\u00fcndnis\u00a090\/Die Gr\u00fcnen vor, mit seinen Interview-Aussagen den Holocaust zu verharmlosen. Die <em>J\u00fcdische Allgemeine<\/em>\u00a0<a rel=\"nofollow noopener\" target=\"_blank\" href=\"https:\/\/www.juedische-allgemeine.de\/politik\/virologe-streeck-vergleicht-corona-ungeimpfte-mit-juden\/?q=Streeck\">titelt<\/a>: &#8220;Virologe Streeck vergleicht Corona-Ungeimpfte mit Juden&#8221;. Die bayerische Bundestagsabgeordnete Marlene Sch\u00f6neberger schrieb auf X, Streeck klinge &#8220;nach verschw\u00f6rungstheoretischem Milieu&#8221; und seine Aussagen seien &#8220;uns\u00e4glich, Shoa relativierend und ein Tabubruch&#8221;.<\/p>\n<div class=\"EmbedBlock-root EmbedBlock-twitter\">\n<div class=\"TwitterEmbed\">\n<blockquote class=\"twitter-tweet lazyload\" data-twitter=\"twitter-tweet\">\n<p lang=\"de\" dir=\"ltr\">Das ist uns\u00e4glich, Shoa relativierend und ein Tabubruch. Streeck klingt nach verschw\u00f6rungsideologischem Milieu. Er will f\u00fcr die <a rel=\"nofollow noopener\" target=\"_blank\" href=\"https:\/\/twitter.com\/CDU?ref_src=twsrc%5Etfw\">@CDU<\/a> in den Bundestag?! <a rel=\"nofollow noopener\" target=\"_blank\" href=\"https:\/\/t.co\/CYcrVJmvTw\">pic.twitter.com\/CYcrVJmvTw<\/a><\/p>\n<p>\u2014 Marlene Sch\u00f6nberger (@lime_green_leni) <a rel=\"nofollow noopener\" target=\"_blank\" href=\"https:\/\/twitter.com\/lime_green_leni\/status\/1852463442231456147?ref_src=twsrc%5Etfw\">November 1, 2024<\/a><\/p><\/blockquote>\n<\/div>\n<\/div>\n<p>Auch Bundestagsvizepr\u00e4sidentin Katrin G\u00f6ring-Eckardt lie\u00df per X wissen, dass sie einem anderen Posting zustimme, in dem behauptet wird, Streeck habe die Lage von &#8220;Ungeimpften&#8221; mit der &#8220;Situation der Juden w\u00e4hrend der Pest&#8221; verglichen.<\/p>\n<div class=\"EmbedBlock-root EmbedBlock-twitter\">\n<div class=\"TwitterEmbed\">\n<blockquote class=\"twitter-tweet lazyload\" data-twitter=\"twitter-tweet\">\n<p lang=\"de\" dir=\"ltr\">Alles, was <a rel=\"nofollow noopener\" target=\"_blank\" href=\"https:\/\/twitter.com\/IsabelRuland?ref_src=twsrc%5Etfw\">@IsabelRuland<\/a> zu Streeck sagt! <a rel=\"nofollow noopener\" target=\"_blank\" href=\"https:\/\/t.co\/pzUIE0daRA\">https:\/\/t.co\/pzUIE0daRA<\/a><\/p>\n<p>\u2014 Katrin G\u00f6ring-Eckardt (@GoeringEckardt) <a rel=\"nofollow noopener\" target=\"_blank\" href=\"https:\/\/twitter.com\/GoeringEckardt\/status\/1852626582680044017?ref_src=twsrc%5Etfw\">November 2, 2024<\/a><\/p><\/blockquote>\n<\/div>\n<\/div>\n<p>Schweres Gesch\u00fctz gegen Streeck fuhr auch der Bundestagsabgeordnete Janosch Dahmen auf, ebenfalls Mitglied der Gr\u00fcnen und Mediziner. Er schrieb auf X mit Bezug auf den Artikel der <em>J\u00fcdischen Allgemeinen<\/em>:<\/p>\n<blockquote>\n<p><em>&#8220;Pandemie-Schutzma\u00dfnahmen f\u00fcr Ungeimpfte mit der Verfolgung j\u00fcdischer Menschen zu vergleichen, verharmlost Antisemitismus &amp; die Schrecken der Geschichte. Millionen verdanken der Corona-Impfung ihr Leben. Solche Vergleiche sind geschichtsvergessen &amp; unw\u00fcrdig.&#8221;<\/em><\/p>\n<\/blockquote>\n<div class=\"EmbedBlock-root EmbedBlock-twitter\">\n<div class=\"TwitterEmbed\">\n<blockquote class=\"twitter-tweet lazyload\" data-twitter=\"twitter-tweet\">\n<p lang=\"de\" dir=\"ltr\">Pandemie-Schutzma\u00dfnahmen f\u00fcr Ungeimpfte mit der Verfolgung j\u00fcdischer Menschen zu vergleichen, verharmlost Antisemitismus &amp; die Schrecken der Geschichte. Millionen verdanken der Corona-Impfung ihr Leben. Solche Vergleiche sind geschichtsvergessen &amp; unw\u00fcrdig.<a rel=\"nofollow noopener\" target=\"_blank\" href=\"https:\/\/t.co\/2ZHpbx1WQk\">https:\/\/t.co\/2ZHpbx1WQk<\/a><\/p>\n<p>\u2014 Janosch Dahmen (@janoschdahmen) <a rel=\"nofollow noopener\" target=\"_blank\" href=\"https:\/\/twitter.com\/janoschdahmen\/status\/1852450283885932621?ref_src=twsrc%5Etfw\">November 1, 2024<\/a><\/p><\/blockquote>\n<\/div>\n<\/div>\n<p>Schlie\u00dflich warf Konstantin von Notz, stellvertretender Fraktionsvorsitzender von B\u00fcndnis\u00a090\/Die Gr\u00fcnen im Bundestag, dem Bonner Professor vor, mit seiner Kritik am staatlichen Handeln anschlussf\u00e4hig zu sein f\u00fcr Positionen, die von Notz den sogenannten &#8220;CoronaGegnern&#8221;\u00a0und&#8221;Schwurblern&#8221; zuordnete:<\/p>\n<blockquote>\n<p><em>&#8220;Das Problem des Vergleichs von #Streeck ist, dass er an die Narrative der &#8216;CoronaGegner&#8217;, Schwurbler, Verschw\u00f6rungstheoretiker und Reichsb\u00fcrger ankn\u00fcpft, die seit Jahren mit angesteckten Judensternen und geschichtsvergessenen Vergleichen gegen die Schutzma\u00dfnahmen polemisieren.&#8221;<\/em><\/p>\n<\/blockquote>\n<div class=\"EmbedBlock-root EmbedBlock-twitter\">\n<div class=\"TwitterEmbed\">\n<blockquote class=\"twitter-tweet lazyload\" data-twitter=\"twitter-tweet\">\n<p lang=\"de\" dir=\"ltr\">Das Problem des Vergleichs von <a rel=\"nofollow noopener\" target=\"_blank\" href=\"https:\/\/twitter.com\/hashtag\/Streeck?src=hash&amp;ref_src=twsrc%5Etfw\">#Streeck<\/a> ist, dass er an die Narrative der \u201eCoronaGegner\u201c, Schwurbler, Verschw\u00f6rungstheoretiker und Reichsb\u00fcrger ankn\u00fcpft, die seit Jahren mit angesteckten Judensternen und geschichtsvergessenen Vergleichen gegen die Schutzma\u00dfnahmen polemisieren.<\/p>\n<p>\u2014 Konstantin v. Notz (@KonstantinNotz) <a rel=\"nofollow noopener\" target=\"_blank\" href=\"https:\/\/twitter.com\/KonstantinNotz\/status\/1852638775714734537?ref_src=twsrc%5Etfw\">November 2, 2024<\/a><\/p><\/blockquote>\n<\/div>\n<\/div>\n<p>Im Gespr\u00e4ch mit dem <em>Focus<\/em> hatte der Bonner Professor die extreme gesellschaftliche Spaltung beklagt, die seit Corona festzustellen sei. Man habe es mit einer der &#8220;schwerwiegendsten Krisen seit dem Zweiten Weltkrieg&#8221; zu tun. Nun m\u00fcsse wieder Vertrauen geschaffen und die Spaltung \u00fcberwunden werden. Streeck geht es darum, Schl\u00fcsse f\u00fcr das Handeln in der Zukunft zu ziehen, also &#8220;wie wir es als Gesellschaft in k\u00fcnftigen Krisen anders und besser machen k\u00f6nnen&#8221;.<\/p>\n<p>Dabei stellt er weder die Pandemie noch die staatlichen Ma\u00dfnahmen als solche in Frage. So fordert er beispielsweise in Reaktion auf die freigeklagten\/freigegebenen RKI-Protokolle, das Robert Koch-Institut zu reformieren\u00a0\u2013 man brauche ein &#8220;durchsetzungsf\u00e4higes und von politischen Weisungen unabh\u00e4ngiges RKI&#8221;. Das Institut m\u00fcsse &#8220;eigene Studien durchf\u00fchren k\u00f6nnen, es muss unabh\u00e4ngig vom Bundesgesundheitsministerium arbeiten&#8221;.<\/p>\n<p>Ein Fehler sei es gewesen, den Schutz vor Infektionen \u00fcber alles zu stellen. Der behauptete Schutz durch die &#8220;Impfungen&#8221; sei &#8220;aber nicht gut durch klinische Studien belegt&#8221; gewesen. Man habe &#8220;also etwas kommuniziert, was so am Ende nicht haltbar war&#8221;. Milde Kritik \u00e4u\u00dfert Streeck auch an Gesundheitsminister Karl Lauterbach: &#8220;Ja, auch die Kommunikation, dass die Impfung &#8216;nebenwirkungsfrei&#8217; sei, war wirklich nicht gut.&#8221;<\/p>\n<p>Und schlie\u00dflich sei der gesellschaftliche Umgang mit Kritikern zu kritisieren:<\/p>\n<blockquote>\n<p><em>&#8220;Wir, als Gesellschaft, sind mit Menschen, die sich nicht impfen lassen wollten, nicht gut umgegangen. Man hat sie zum Teil ausgegrenzt, diffamiert, diskreditiert. Man hat ihnen die Schuld an dieser Pandemie gegeben. Das war einfach falsch. Da ist man mit einem Anteil der Bev\u00f6lkerung, rund 20\u00a0Prozent, nicht gut umgegangen.&#8221;<\/em><\/p>\n<\/blockquote>\n<p>Der Medizinprofessor zog dann sogar einen historischen Vergleich:<\/p>\n<blockquote>\n<p><em>&#8220;Es wurden Schuldige gesucht, wie es bei der Pest mit den Juden gemacht wurde und bei HIV mit den Homosexuellen. Wir haben aus unserer Geschichte nicht gelernt. Der wahre Feind ist doch das Virus, nicht der Mensch.&#8221;<\/em><\/p>\n<\/blockquote>\n<p>Allerdings verlagerte Streeck die tats\u00e4chliche Ausgrenzung durch die staatlichen Ma\u00dfnahmen dann in die Sph\u00e4re der blo\u00df subjektiven Wahrnehmung: &#8220;Viele Menschen f\u00fchlten sich nicht mehr als Teil des gesellschaftlichen Lebens.&#8221; Der Virologe ging dann noch auf weitere Aspekte ein, die seiner Meinung nach in die Nachbereitung der Ma\u00dfnahmen einzugehen h\u00e4tten.<\/p>\n<div class=\"EmbedBlock-root EmbedBlock-externalVideo EmbedBlock-rumble\">\n<div class=\"VkEmbed\"><iframe class=\"lazyload\" data-src=\"https:\/\/rumble.com\/embed\/v5eslmy\" frameborder=\"0\" width=\"853\" height=\"480\" allowfullscreen><\/iframe><\/div>\n<\/div>\n<p>Streecks einerseits mutige, andererseits vorsichtige und moderate Kritik an den Ma\u00dfnahmen und an der faktischen Diskriminierung von &#8220;Ungeimpften&#8221; <a rel=\"nofollow noopener\" target=\"_blank\" href=\"https:\/\/www.spiegel.de\/politik\/deutschland\/corona-virologe-streeck-kritisiert-ausgrenzung-von-ungeimpften-mit-juden-a-adde27aa-f796-42be-a6e7-46ece4f1c0a3\">veranlasste<\/a> den <em>Spiegel<\/em> zu der verk\u00fcrzten Aussage &#8220;Virologe Streeck vergleicht Corona-Ungeimpfte mit Juden&#8221;. Darauf verteidigte sich Streeck auf\u00a0X. Gerade die Deutschen m\u00fcssten aus der Geschichte lernen. Die Stilisierung bestimmter gesellschaftlicher Gruppen zu Schuldigen und deren Ausgrenzung m\u00fcsse der Vergangenheit angeh\u00f6ren.<\/p>\n<div class=\"EmbedBlock-root EmbedBlock-twitter\">\n<div class=\"TwitterEmbed\">\n<blockquote class=\"twitter-tweet lazyload\" data-twitter=\"twitter-tweet\">\n<p lang=\"de\" dir=\"ltr\">Der Spiegel schrieb: \u201cVirologe Streeck vergleicht Corona-Ungeimpfte mit Juden\u201d. Nein, das tut er nicht! Eine Debatte die der Kurzform eines Tweets nicht angemessen ist\u2026 Daher: <a rel=\"nofollow noopener\" target=\"_blank\" href=\"https:\/\/t.co\/yG64DwgPGZ\">pic.twitter.com\/yG64DwgPGZ<\/a><\/p>\n<p>\u2014 Hendrik Streeck (@hendrikstreeck) <a rel=\"nofollow noopener\" target=\"_blank\" href=\"https:\/\/twitter.com\/hendrikstreeck\/status\/1852495176670880212?ref_src=twsrc%5Etfw\">November 1, 2024<\/a><\/p><\/blockquote>\n<\/div>\n<\/div>\n<p>Streeck verwahrte sich dagegen, das &#8220;Leid der Ausgrenzung&#8221; zu vergleichen, und unterstrich, ihm gehe es um den &#8220;Mechanismus, mit welchem Menschen zu Feindbildern gemacht werden&#8221;. Als Gesellschaft m\u00fcsse man &#8220;auf solche Mechanismen aufmerksam machen&#8221;, und zwar, wie er betonte, &#8220;<strong>bevor<\/strong> sie vergleichbar werden \u2013 nicht erst in der traurigen R\u00fcckschau&#8221;.<\/p>\n<p><strong>Mehr zum Thema<\/strong> &#8211; <a rel=\"nofollow noopener\" target=\"_blank\" href=\"https:\/\/dert.site\/gesellschaft\/224168-in-militaerischen-logik-von-befehl\/\">In der milit\u00e4rischen Logik von &#8220;Befehl ist Befehl&#8221;: Die NATO und die &#8220;Gesundheit&#8221; <\/a><\/p>\n<\/div>\n<p><script async src=\"https:\/\/platform.twitter.com\/widgets.js\" charset=\"utf-8\"><\/script><br \/>\n<br \/><br \/>\n<br \/><a href=\"https:\/\/de.rt.com\/gesellschaft\/224569-wegen-kritik-an-diskriminierung-ungeimpfter-streeck-holocaust-relativierung\/\">Source link <\/a><\/p>\n","protected":false},"excerpt":{"rendered":"<p>W\u00e4hrend der Corona-Jahre hatte sich der Bonner Virologe Hendrik Streeck als moderater Kritiker der staatlichen Ma\u00dfnahmen einen Namen gemacht. Der Mediziner bleibt bei seinen Positionen \u2013 und muss sich nun vorwerfen lassen, den Holocaust zu verharmlosen. Der 47-j\u00e4hrige Medizinprofessor\u00a0Hendrik Streeck hatte vor wenigen Tagen der Zeitschrift Focus ein Interview gegeben. Wie schon zu Zeiten der [&hellip;]<\/p>\n","protected":false},"author":3,"featured_media":71909,"comment_status":"open","ping_status":"open","sticky":false,"template":"","format":"standard","meta":{"_yoast_indexnow_last_ping":["1730575203"],"wp_automatic_camp":["217"],"d9c579c1104aa79eb2c4b7a25004d60a":["Wegen Kritik an der Diskriminierung &quot;Ungeimpfter&quot;: Gr\u00fcne werfen Streeck Holocaust-Relativierung vor"],"original_link":["https:\/\/de.rt.com\/gesellschaft\/224569-wegen-kritik-an-diskriminierung-ungeimpfter-streeck-holocaust-relativierung\/"],"_thumbnail_id":["71909"],"_wptgpro_p2tg_sent2tg":["a:1:{i:23737;s:19:\"2024-11-02 21:21:26\";}"],"jnews_social_counter_last_update":["1777124782"]},"categories":[19,23],"tags":[82,22188,1434,59936,935,59935,25902,320,145,19331],"yoast_head":"<!-- This site is optimized with the Yoast SEO Premium plugin v22.7 (Yoast SEO v22.7) - https:\/\/yoast.com\/wordpress\/plugins\/seo\/ -->\n<title>Wegen Kritik an der Diskriminierung &quot;Ungeimpfter&quot;: Gr\u00fcne werfen Streeck Holocaust-Relativierung vor - just-now.NEWS Deutschland<\/title>\n<meta name=\"robots\" content=\"index, follow, max-snippet:-1, max-image-preview:large, max-video-preview:-1\" \/>\n<link rel=\"canonical\" href=\"https:\/\/now-news.de\/de\/deutschland\/wegen-kritik-an-der-diskriminierung-ungeimpfter-gruene-werfen-streeck-holocaust-relativierung-vor\/\" \/>\n<meta property=\"og:locale\" content=\"de_DE\" \/>\n<meta property=\"og:type\" content=\"article\" \/>\n<meta property=\"og:title\" content=\"Wegen Kritik an der Diskriminierung &quot;Ungeimpfter&quot;: Gr\u00fcne werfen Streeck Holocaust-Relativierung vor\" \/>\n<meta property=\"og:description\" content=\"W\u00e4hrend der Corona-Jahre hatte sich der Bonner Virologe Hendrik Streeck als moderater Kritiker der staatlichen Ma\u00dfnahmen einen Namen gemacht. Der Mediziner bleibt bei seinen Positionen \u2013 und muss sich nun vorwerfen lassen, den Holocaust zu verharmlosen. Der 47-j\u00e4hrige Medizinprofessor\u00a0Hendrik Streeck hatte vor wenigen Tagen der Zeitschrift Focus ein Interview gegeben. Wie schon zu Zeiten der [&hellip;]\" \/>\n<meta property=\"og:url\" content=\"https:\/\/now-news.de\/de\/deutschland\/wegen-kritik-an-der-diskriminierung-ungeimpfter-gruene-werfen-streeck-holocaust-relativierung-vor\/\" \/>\n<meta property=\"og:site_name\" content=\"just-now.NEWS Deutschland\" \/>\n<meta property=\"article:publisher\" content=\"https:\/\/www.facebook.com\/wirmachenauf\" \/>\n<meta property=\"article:published_time\" content=\"2024-11-02T19:09:32+00:00\" \/>\n<meta property=\"og:image\" content=\"https:\/\/now-news.de\/de\/wp-content\/uploads\/sites\/3\/2024\/11\/6726606948fbef03f253412e.jpg\" \/>\n<meta name=\"author\" content=\"rtnews\" \/>\n<meta name=\"twitter:card\" content=\"summary_large_image\" \/>\n<meta name=\"twitter:creator\" content=\"@WirMachenAuf_de\" \/>\n<meta name=\"twitter:site\" content=\"@WirMachenAuf_de\" \/>\n<meta name=\"twitter:label1\" content=\"Verfasst von\" \/>\n\t<meta name=\"twitter:data1\" content=\"rtnews\" \/>\n\t<meta name=\"twitter:label2\" content=\"Gesch\u00e4tzte Lesezeit\" \/>\n\t<meta name=\"twitter:data2\" content=\"5\u00a0Minuten\" \/>\n<script type=\"application\/ld+json\" class=\"yoast-schema-graph\">{\"@context\":\"https:\/\/schema.org\",\"@graph\":[{\"@type\":\"Article\",\"@id\":\"https:\/\/now-news.de\/de\/deutschland\/wegen-kritik-an-der-diskriminierung-ungeimpfter-gruene-werfen-streeck-holocaust-relativierung-vor\/#article\",\"isPartOf\":{\"@id\":\"https:\/\/now-news.de\/de\/deutschland\/wegen-kritik-an-der-diskriminierung-ungeimpfter-gruene-werfen-streeck-holocaust-relativierung-vor\/\"},\"author\":{\"name\":\"rtnews\",\"@id\":\"https:\/\/now-news.de\/de\/#\/schema\/person\/fb534a4e865501d8b3285208df34a9b5\"},\"headline\":\"Wegen Kritik an der Diskriminierung &quot;Ungeimpfter&quot;: Gr\u00fcne werfen Streeck Holocaust-Relativierung vor\",\"datePublished\":\"2024-11-02T19:09:32+00:00\",\"dateModified\":\"2024-11-02T19:09:32+00:00\",\"mainEntityOfPage\":{\"@id\":\"https:\/\/now-news.de\/de\/deutschland\/wegen-kritik-an-der-diskriminierung-ungeimpfter-gruene-werfen-streeck-holocaust-relativierung-vor\/\"},\"wordCount\":1023,\"commentCount\":0,\"publisher\":{\"@id\":\"https:\/\/now-news.de\/de\/#organization\"},\"image\":{\"@id\":\"https:\/\/now-news.de\/de\/deutschland\/wegen-kritik-an-der-diskriminierung-ungeimpfter-gruene-werfen-streeck-holocaust-relativierung-vor\/#primaryimage\"},\"thumbnailUrl\":\"https:\/\/now-news.de\/de\/wp-content\/uploads\/sites\/3\/2024\/11\/Wegen-Kritik-an-der-Diskriminierung-quotUngeimpfterquot-Gruene-werfen-Streeck-Holocaust-Relativierung.jpg\",\"keywords\":[\"der\",\"Diskriminierung\",\"Gr\u00fcne\",\"HolocaustRelativierung\",\"Kritik\",\"quotUngeimpfterquot\",\"Streeck\",\"vor\",\"wegen\",\"werfen\"],\"articleSection\":[\"Deutschland\",\"Russland\"],\"inLanguage\":\"de\",\"potentialAction\":[{\"@type\":\"CommentAction\",\"name\":\"Comment\",\"target\":[\"https:\/\/now-news.de\/de\/deutschland\/wegen-kritik-an-der-diskriminierung-ungeimpfter-gruene-werfen-streeck-holocaust-relativierung-vor\/#respond\"]}]},{\"@type\":\"WebPage\",\"@id\":\"https:\/\/now-news.de\/de\/deutschland\/wegen-kritik-an-der-diskriminierung-ungeimpfter-gruene-werfen-streeck-holocaust-relativierung-vor\/\",\"url\":\"https:\/\/now-news.de\/de\/deutschland\/wegen-kritik-an-der-diskriminierung-ungeimpfter-gruene-werfen-streeck-holocaust-relativierung-vor\/\",\"name\":\"Wegen Kritik an der Diskriminierung &quot;Ungeimpfter&quot;: Gr\u00fcne werfen Streeck Holocaust-Relativierung vor - just-now.NEWS Deutschland\",\"isPartOf\":{\"@id\":\"https:\/\/now-news.de\/de\/#website\"},\"primaryImageOfPage\":{\"@id\":\"https:\/\/now-news.de\/de\/deutschland\/wegen-kritik-an-der-diskriminierung-ungeimpfter-gruene-werfen-streeck-holocaust-relativierung-vor\/#primaryimage\"},\"image\":{\"@id\":\"https:\/\/now-news.de\/de\/deutschland\/wegen-kritik-an-der-diskriminierung-ungeimpfter-gruene-werfen-streeck-holocaust-relativierung-vor\/#primaryimage\"},\"thumbnailUrl\":\"https:\/\/now-news.de\/de\/wp-content\/uploads\/sites\/3\/2024\/11\/Wegen-Kritik-an-der-Diskriminierung-quotUngeimpfterquot-Gruene-werfen-Streeck-Holocaust-Relativierung.jpg\",\"datePublished\":\"2024-11-02T19:09:32+00:00\",\"dateModified\":\"2024-11-02T19:09:32+00:00\",\"breadcrumb\":{\"@id\":\"https:\/\/now-news.de\/de\/deutschland\/wegen-kritik-an-der-diskriminierung-ungeimpfter-gruene-werfen-streeck-holocaust-relativierung-vor\/#breadcrumb\"},\"inLanguage\":\"de\",\"potentialAction\":[{\"@type\":\"ReadAction\",\"target\":[\"https:\/\/now-news.de\/de\/deutschland\/wegen-kritik-an-der-diskriminierung-ungeimpfter-gruene-werfen-streeck-holocaust-relativierung-vor\/\"]}]},{\"@type\":\"ImageObject\",\"inLanguage\":\"de\",\"@id\":\"https:\/\/now-news.de\/de\/deutschland\/wegen-kritik-an-der-diskriminierung-ungeimpfter-gruene-werfen-streeck-holocaust-relativierung-vor\/#primaryimage\",\"url\":\"https:\/\/now-news.de\/de\/wp-content\/uploads\/sites\/3\/2024\/11\/Wegen-Kritik-an-der-Diskriminierung-quotUngeimpfterquot-Gruene-werfen-Streeck-Holocaust-Relativierung.jpg\",\"contentUrl\":\"https:\/\/now-news.de\/de\/wp-content\/uploads\/sites\/3\/2024\/11\/Wegen-Kritik-an-der-Diskriminierung-quotUngeimpfterquot-Gruene-werfen-Streeck-Holocaust-Relativierung.jpg\",\"width\":460,\"height\":259,\"caption\":\"Wegen Kritik an der Diskriminierung &quot;Ungeimpfter&quot;: Gr\u00fcne werfen Streeck Holocaust-Relativierung vor\"},{\"@type\":\"BreadcrumbList\",\"@id\":\"https:\/\/now-news.de\/de\/deutschland\/wegen-kritik-an-der-diskriminierung-ungeimpfter-gruene-werfen-streeck-holocaust-relativierung-vor\/#breadcrumb\",\"itemListElement\":[{\"@type\":\"ListItem\",\"position\":1,\"name\":\"Home\",\"item\":\"https:\/\/now-news.de\/de\/\"},{\"@type\":\"ListItem\",\"position\":2,\"name\":\"Wegen Kritik an der Diskriminierung &quot;Ungeimpfter&quot;: Gr\u00fcne werfen Streeck Holocaust-Relativierung vor\"}]},{\"@type\":\"WebSite\",\"@id\":\"https:\/\/now-news.de\/de\/#website\",\"url\":\"https:\/\/now-news.de\/de\/\",\"name\":\"just-now.NEWS Deutschland\",\"description\":\"Das Portal f\u00fcr unzensierte Nachrichten aus der Welt\",\"publisher\":{\"@id\":\"https:\/\/now-news.de\/de\/#organization\"},\"potentialAction\":[{\"@type\":\"SearchAction\",\"target\":{\"@type\":\"EntryPoint\",\"urlTemplate\":\"https:\/\/now-news.de\/de\/?s={search_term_string}\"},\"query-input\":\"required name=search_term_string\"}],\"inLanguage\":\"de\"},{\"@type\":\"Organization\",\"@id\":\"https:\/\/now-news.de\/de\/#organization\",\"name\":\"Just Now News\",\"url\":\"https:\/\/now-news.de\/de\/\",\"logo\":{\"@type\":\"ImageObject\",\"inLanguage\":\"de\",\"@id\":\"https:\/\/now-news.de\/de\/#\/schema\/logo\/image\/\",\"url\":\"http:\/\/just-now.news\/de\/wp-content\/uploads\/sites\/3\/2022\/04\/logo500x500.jpg\",\"contentUrl\":\"http:\/\/just-now.news\/de\/wp-content\/uploads\/sites\/3\/2022\/04\/logo500x500.jpg\",\"width\":500,\"height\":500,\"caption\":\"Just Now News\"},\"image\":{\"@id\":\"https:\/\/now-news.de\/de\/#\/schema\/logo\/image\/\"},\"sameAs\":[\"https:\/\/www.facebook.com\/wirmachenauf\",\"https:\/\/x.com\/WirMachenAuf_de\"]},{\"@type\":\"Person\",\"@id\":\"https:\/\/now-news.de\/de\/#\/schema\/person\/fb534a4e865501d8b3285208df34a9b5\",\"name\":\"rtnews\",\"image\":{\"@type\":\"ImageObject\",\"inLanguage\":\"de\",\"@id\":\"https:\/\/now-news.de\/de\/#\/schema\/person\/image\/\",\"url\":\"https:\/\/secure.gravatar.com\/avatar\/82aafea7d8127119dd649515f56e2117?s=96&d=mm&r=g\",\"contentUrl\":\"https:\/\/secure.gravatar.com\/avatar\/82aafea7d8127119dd649515f56e2117?s=96&d=mm&r=g\",\"caption\":\"rtnews\"},\"url\":\"https:\/\/now-news.de\/de\/author\/rnews\/\"}]}<\/script>\n<!-- \/ Yoast SEO Premium plugin. -->","yoast_head_json":{"title":"Wegen Kritik an der Diskriminierung &quot;Ungeimpfter&quot;: Gr\u00fcne werfen Streeck Holocaust-Relativierung vor - just-now.NEWS Deutschland","robots":{"index":"index","follow":"follow","max-snippet":"max-snippet:-1","max-image-preview":"max-image-preview:large","max-video-preview":"max-video-preview:-1"},"canonical":"https:\/\/now-news.de\/de\/deutschland\/wegen-kritik-an-der-diskriminierung-ungeimpfter-gruene-werfen-streeck-holocaust-relativierung-vor\/","og_locale":"de_DE","og_type":"article","og_title":"Wegen Kritik an der Diskriminierung &quot;Ungeimpfter&quot;: Gr\u00fcne werfen Streeck Holocaust-Relativierung vor","og_description":"W\u00e4hrend der Corona-Jahre hatte sich der Bonner Virologe Hendrik Streeck als moderater Kritiker der staatlichen Ma\u00dfnahmen einen Namen gemacht. Der Mediziner bleibt bei seinen Positionen \u2013 und muss sich nun vorwerfen lassen, den Holocaust zu verharmlosen. Der 47-j\u00e4hrige Medizinprofessor\u00a0Hendrik Streeck hatte vor wenigen Tagen der Zeitschrift Focus ein Interview gegeben. Wie schon zu Zeiten der [&hellip;]","og_url":"https:\/\/now-news.de\/de\/deutschland\/wegen-kritik-an-der-diskriminierung-ungeimpfter-gruene-werfen-streeck-holocaust-relativierung-vor\/","og_site_name":"just-now.NEWS Deutschland","article_publisher":"https:\/\/www.facebook.com\/wirmachenauf","article_published_time":"2024-11-02T19:09:32+00:00","og_image":[{"url":"https:\/\/now-news.de\/de\/wp-content\/uploads\/sites\/3\/2024\/11\/6726606948fbef03f253412e.jpg"}],"author":"rtnews","twitter_card":"summary_large_image","twitter_creator":"@WirMachenAuf_de","twitter_site":"@WirMachenAuf_de","twitter_misc":{"Verfasst von":"rtnews","Gesch\u00e4tzte Lesezeit":"5\u00a0Minuten"},"schema":{"@context":"https:\/\/schema.org","@graph":[{"@type":"Article","@id":"https:\/\/now-news.de\/de\/deutschland\/wegen-kritik-an-der-diskriminierung-ungeimpfter-gruene-werfen-streeck-holocaust-relativierung-vor\/#article","isPartOf":{"@id":"https:\/\/now-news.de\/de\/deutschland\/wegen-kritik-an-der-diskriminierung-ungeimpfter-gruene-werfen-streeck-holocaust-relativierung-vor\/"},"author":{"name":"rtnews","@id":"https:\/\/now-news.de\/de\/#\/schema\/person\/fb534a4e865501d8b3285208df34a9b5"},"headline":"Wegen Kritik an der Diskriminierung &quot;Ungeimpfter&quot;: Gr\u00fcne werfen Streeck Holocaust-Relativierung vor","datePublished":"2024-11-02T19:09:32+00:00","dateModified":"2024-11-02T19:09:32+00:00","mainEntityOfPage":{"@id":"https:\/\/now-news.de\/de\/deutschland\/wegen-kritik-an-der-diskriminierung-ungeimpfter-gruene-werfen-streeck-holocaust-relativierung-vor\/"},"wordCount":1023,"commentCount":0,"publisher":{"@id":"https:\/\/now-news.de\/de\/#organization"},"image":{"@id":"https:\/\/now-news.de\/de\/deutschland\/wegen-kritik-an-der-diskriminierung-ungeimpfter-gruene-werfen-streeck-holocaust-relativierung-vor\/#primaryimage"},"thumbnailUrl":"https:\/\/now-news.de\/de\/wp-content\/uploads\/sites\/3\/2024\/11\/Wegen-Kritik-an-der-Diskriminierung-quotUngeimpfterquot-Gruene-werfen-Streeck-Holocaust-Relativierung.jpg","keywords":["der","Diskriminierung","Gr\u00fcne","HolocaustRelativierung","Kritik","quotUngeimpfterquot","Streeck","vor","wegen","werfen"],"articleSection":["Deutschland","Russland"],"inLanguage":"de","potentialAction":[{"@type":"CommentAction","name":"Comment","target":["https:\/\/now-news.de\/de\/deutschland\/wegen-kritik-an-der-diskriminierung-ungeimpfter-gruene-werfen-streeck-holocaust-relativierung-vor\/#respond"]}]},{"@type":"WebPage","@id":"https:\/\/now-news.de\/de\/deutschland\/wegen-kritik-an-der-diskriminierung-ungeimpfter-gruene-werfen-streeck-holocaust-relativierung-vor\/","url":"https:\/\/now-news.de\/de\/deutschland\/wegen-kritik-an-der-diskriminierung-ungeimpfter-gruene-werfen-streeck-holocaust-relativierung-vor\/","name":"Wegen Kritik an der Diskriminierung &quot;Ungeimpfter&quot;: Gr\u00fcne werfen Streeck Holocaust-Relativierung vor - just-now.NEWS Deutschland","isPartOf":{"@id":"https:\/\/now-news.de\/de\/#website"},"primaryImageOfPage":{"@id":"https:\/\/now-news.de\/de\/deutschland\/wegen-kritik-an-der-diskriminierung-ungeimpfter-gruene-werfen-streeck-holocaust-relativierung-vor\/#primaryimage"},"image":{"@id":"https:\/\/now-news.de\/de\/deutschland\/wegen-kritik-an-der-diskriminierung-ungeimpfter-gruene-werfen-streeck-holocaust-relativierung-vor\/#primaryimage"},"thumbnailUrl":"https:\/\/now-news.de\/de\/wp-content\/uploads\/sites\/3\/2024\/11\/Wegen-Kritik-an-der-Diskriminierung-quotUngeimpfterquot-Gruene-werfen-Streeck-Holocaust-Relativierung.jpg","datePublished":"2024-11-02T19:09:32+00:00","dateModified":"2024-11-02T19:09:32+00:00","breadcrumb":{"@id":"https:\/\/now-news.de\/de\/deutschland\/wegen-kritik-an-der-diskriminierung-ungeimpfter-gruene-werfen-streeck-holocaust-relativierung-vor\/#breadcrumb"},"inLanguage":"de","potentialAction":[{"@type":"ReadAction","target":["https:\/\/now-news.de\/de\/deutschland\/wegen-kritik-an-der-diskriminierung-ungeimpfter-gruene-werfen-streeck-holocaust-relativierung-vor\/"]}]},{"@type":"ImageObject","inLanguage":"de","@id":"https:\/\/now-news.de\/de\/deutschland\/wegen-kritik-an-der-diskriminierung-ungeimpfter-gruene-werfen-streeck-holocaust-relativierung-vor\/#primaryimage","url":"https:\/\/now-news.de\/de\/wp-content\/uploads\/sites\/3\/2024\/11\/Wegen-Kritik-an-der-Diskriminierung-quotUngeimpfterquot-Gruene-werfen-Streeck-Holocaust-Relativierung.jpg","contentUrl":"https:\/\/now-news.de\/de\/wp-content\/uploads\/sites\/3\/2024\/11\/Wegen-Kritik-an-der-Diskriminierung-quotUngeimpfterquot-Gruene-werfen-Streeck-Holocaust-Relativierung.jpg","width":460,"height":259,"caption":"Wegen Kritik an der Diskriminierung &quot;Ungeimpfter&quot;: Gr\u00fcne werfen Streeck Holocaust-Relativierung vor"},{"@type":"BreadcrumbList","@id":"https:\/\/now-news.de\/de\/deutschland\/wegen-kritik-an-der-diskriminierung-ungeimpfter-gruene-werfen-streeck-holocaust-relativierung-vor\/#breadcrumb","itemListElement":[{"@type":"ListItem","position":1,"name":"Home","item":"https:\/\/now-news.de\/de\/"},{"@type":"ListItem","position":2,"name":"Wegen Kritik an der Diskriminierung &quot;Ungeimpfter&quot;: Gr\u00fcne werfen Streeck Holocaust-Relativierung vor"}]},{"@type":"WebSite","@id":"https:\/\/now-news.de\/de\/#website","url":"https:\/\/now-news.de\/de\/","name":"just-now.NEWS Deutschland","description":"Das Portal f\u00fcr unzensierte Nachrichten aus der Welt","publisher":{"@id":"https:\/\/now-news.de\/de\/#organization"},"potentialAction":[{"@type":"SearchAction","target":{"@type":"EntryPoint","urlTemplate":"https:\/\/now-news.de\/de\/?s={search_term_string}"},"query-input":"required name=search_term_string"}],"inLanguage":"de"},{"@type":"Organization","@id":"https:\/\/now-news.de\/de\/#organization","name":"Just Now News","url":"https:\/\/now-news.de\/de\/","logo":{"@type":"ImageObject","inLanguage":"de","@id":"https:\/\/now-news.de\/de\/#\/schema\/logo\/image\/","url":"http:\/\/just-now.news\/de\/wp-content\/uploads\/sites\/3\/2022\/04\/logo500x500.jpg","contentUrl":"http:\/\/just-now.news\/de\/wp-content\/uploads\/sites\/3\/2022\/04\/logo500x500.jpg","width":500,"height":500,"caption":"Just Now News"},"image":{"@id":"https:\/\/now-news.de\/de\/#\/schema\/logo\/image\/"},"sameAs":["https:\/\/www.facebook.com\/wirmachenauf","https:\/\/x.com\/WirMachenAuf_de"]},{"@type":"Person","@id":"https:\/\/now-news.de\/de\/#\/schema\/person\/fb534a4e865501d8b3285208df34a9b5","name":"rtnews","image":{"@type":"ImageObject","inLanguage":"de","@id":"https:\/\/now-news.de\/de\/#\/schema\/person\/image\/","url":"https:\/\/secure.gravatar.com\/avatar\/82aafea7d8127119dd649515f56e2117?s=96&d=mm&r=g","contentUrl":"https:\/\/secure.gravatar.com\/avatar\/82aafea7d8127119dd649515f56e2117?s=96&d=mm&r=g","caption":"rtnews"},"url":"https:\/\/now-news.de\/de\/author\/rnews\/"}]}},"_links":{"self":[{"href":"https:\/\/now-news.de\/de\/wp-json\/wp\/v2\/posts\/71908"}],"collection":[{"href":"https:\/\/now-news.de\/de\/wp-json\/wp\/v2\/posts"}],"about":[{"href":"https:\/\/now-news.de\/de\/wp-json\/wp\/v2\/types\/post"}],"author":[{"embeddable":true,"href":"https:\/\/now-news.de\/de\/wp-json\/wp\/v2\/users\/3"}],"replies":[{"embeddable":true,"href":"https:\/\/now-news.de\/de\/wp-json\/wp\/v2\/comments?post=71908"}],"version-history":[{"count":0,"href":"https:\/\/now-news.de\/de\/wp-json\/wp\/v2\/posts\/71908\/revisions"}],"wp:featuredmedia":[{"embeddable":true,"href":"https:\/\/now-news.de\/de\/wp-json\/wp\/v2\/media\/71909"}],"wp:attachment":[{"href":"https:\/\/now-news.de\/de\/wp-json\/wp\/v2\/media?parent=71908"}],"wp:term":[{"taxonomy":"category","embeddable":true,"href":"https:\/\/now-news.de\/de\/wp-json\/wp\/v2\/categories?post=71908"},{"taxonomy":"post_tag","embeddable":true,"href":"https:\/\/now-news.de\/de\/wp-json\/wp\/v2\/tags?post=71908"}],"curies":[{"name":"wp","href":"https:\/\/api.w.org\/{rel}","templated":true}]}}