{"id":71878,"date":"2024-11-02T11:28:36","date_gmt":"2024-11-02T09:28:36","guid":{"rendered":"https:\/\/now-news.de\/de\/deutschland\/brombeer-koalition-thueringer-bsw-abgeordnete-durchkreuzt-plaene-der-landesspitze\/"},"modified":"2024-11-02T11:28:36","modified_gmt":"2024-11-02T09:28:36","slug":"brombeer-koalition-thueringer-bsw-abgeordnete-durchkreuzt-plaene-der-landesspitze","status":"publish","type":"post","link":"https:\/\/now-news.de\/de\/deutschland\/brombeer-koalition-thueringer-bsw-abgeordnete-durchkreuzt-plaene-der-landesspitze\/","title":{"rendered":"Brombeer-Koalition: Th\u00fcringer BSW-Abgeordnete durchkreuzt Pl\u00e4ne der Landesspitze"},"content":{"rendered":"<p><img decoding=\"async\" src=\"https:\/\/now-news.de\/de\/wp-content\/uploads\/sites\/3\/2024\/11\/6725ebba48fbef464d034273.jpg\" \/><\/p>\n<div class=\"Text-root Text-type_1 \">\n                Sie sei nicht zum BSW gewechselt, um nach wenigen Monaten den Gr\u00fcndungskonsens aufzuk\u00fcndigen, schreibt die Abgeordnete Anke Wirsing. Sie distanziert sich damit vom Th\u00fcringer Landesvorstand und stellt sich hinter die Bundesvorsitzenden. Eine Brombeer-Koalition wird damit unwahrscheinlicher.\n            <\/div>\n<p><\/p>\n<div class=\"Text-root Text-type_5 ArticleView-text ViewText-root \">\n<p>Nachdem die Bundesspitze des BSW zum Th\u00fcringer Landesverband auf Distanz gegangen ist, werden nun auch Risse innerhalb des Th\u00fcringer BSW deutlich. Die BSV-Landtagsabgeordnete Anke Wirsing ver\u00f6ffentlichte auf ihrem Facebook-Kanal ein Statement, in dem sie deutlich auf Distanz zur Landesvorsitzenden Wolf und ihren Koalitionsabsichten mit CDU und SPD geht und sich hinter den Bundesvorstand stellt.<\/p>\n<p>Sie schreibt:<\/p>\n<p><em>&#8220;Ich habe nicht mit Sahra Wagenknecht DIE LINKE verlassen, um nach wenigen Monaten den Gr\u00fcndungskonsens aufzuk\u00fcndigen. Ich werde nicht gegen den Bundesvorstand agieren. Es ist mir wichtig, auch weiterhin die Interessen der W\u00e4hlerinnen und W\u00e4hler des B\u00fcndnis Sahra Wagenknecht zu vertreten.&#8221;<\/em><\/p>\n<div class=\"EmbedBlock-root EmbedBlock-twitter\">\n<div class=\"TwitterEmbed\">\n<blockquote class=\"twitter-tweet lazyload\" data-twitter=\"twitter-tweet\">\n<p lang=\"de\" dir=\"ltr\">Kritik an Katja <a rel=\"nofollow noopener\" target=\"_blank\" href=\"https:\/\/twitter.com\/hashtag\/Wolf?src=hash&amp;ref_src=twsrc%5Etfw\">#Wolf<\/a> und den Th\u00fcringer Koalitionsverhandlungen kommt jetzt auch aus der <a rel=\"nofollow noopener\" target=\"_blank\" href=\"https:\/\/twitter.com\/hashtag\/BSW?src=hash&amp;ref_src=twsrc%5Etfw\">#BSW<\/a>-Landtagsfraktion!Anke Wirsing:\u201eIch bin seit Jahr und Tag ein Anh\u00e4nger von Sahra <a rel=\"nofollow noopener\" target=\"_blank\" href=\"https:\/\/twitter.com\/hashtag\/Wagenknecht?src=hash&amp;ref_src=twsrc%5Etfw\">#Wagenknecht<\/a>. Frieden ist unverhandelbar und das Fundament f\u00fcr alles was uns umgibt.\u201c <a rel=\"nofollow noopener\" target=\"_blank\" href=\"https:\/\/t.co\/dmu7E8lkcq\">pic.twitter.com\/dmu7E8lkcq<\/a><\/p>\n<p>\u2014 Demokratischer Sozialist (@DSozialismus) <a rel=\"nofollow noopener\" target=\"_blank\" href=\"https:\/\/twitter.com\/DSozialismus\/status\/1852410158254539121?ref_src=twsrc%5Etfw\">November 1, 2024<\/a><\/p><\/blockquote>\n<\/div>\n<\/div>\n<p>Zwischen dem Bundesvorstand und dem Landesverband des BSW ist ein Richtungsstreit entbrannt. Die Th\u00fcringer Landesvorsitzenden des BSW, Katja Wolf und Steffen Schulz, sind bereit, f\u00fcr eine Regierungsbeteiligung zentrale Wahlversprechen zu brechen und aufzuweichen. Streit gibt es vor allem um eine Absage an die bisherige Ukraine-Politik der etablierten Parteien und zur Stationierung von US-Mittelstreckenwaffen in Deutschland.<\/p>\n<p>In einem Sondierungspapier zwischen BSW, CDU und SPD\u00a0taucht die friedenspolitische Position des BSW nur stark verw\u00e4ssert auf. Aber auch zu anderen Themen wie dem Standorterhalt von Krankenh\u00e4usern und der Durchsetzung eines Amnestiegesetzes zur Rehabilitierung der Opfer des Corona-Regimes weicht das Papier stark von den Versprechen ab, die das Th\u00fcringer BSW seinen W\u00e4hlern im Wahlkampf gemacht hat.\u00a0<\/p>\n<p>Der Bundesvorstand forderte daher Nachbesserungen. &#8220;Wir bedauern, dass das Th\u00fcringer Sondierungspapier in vielen f\u00fcr uns wichtigen Fragen \u00e4u\u00dferst vage bleibt&#8221; hei\u00dft es in einem im Bundesvorstand abgestimmten Papier.<\/p>\n<p>Nun geht mit Anke Wirsing auch ein Mitglied der Th\u00fcringer Landtagsfraktion des BSW auf Distanz zum eingeschlagenen Kurs. Mit Wirsings deutlicher Distanzierung wird das Zustandekommen einer Brombeer-Koalition aus BSW, CDU und SPD immer unwahrscheinlicher.<\/p>\n<p><strong>Mehr zum Thema<\/strong>\u00a0\u2013\u00a0<a rel=\"nofollow noopener\" target=\"_blank\" href=\"https:\/\/freedert.online\/inland\/224250-medienbericht-bsw-bundesspitze-stellt-thueringer\/\">Medienbericht: BSW-Bundesspitze stellt Th\u00fcringer Landesverband Bedingungen f\u00fcr Regierungsbildung<\/a><\/p>\n<div class=\"EmbedBlock-root EmbedBlock-externalVideo EmbedBlock-rumble\">\n<div class=\"VkEmbed\"><iframe class=\"lazyload\" data-src=\"https:\/\/rumble.com\/embed\/v5ivgab\" frameborder=\"0\" width=\"853\" height=\"480\" allowfullscreen><\/iframe><\/div>\n<\/div>\n<\/div>\n<p><script async src=\"https:\/\/platform.twitter.com\/widgets.js\" charset=\"utf-8\"><\/script><br \/>\n<br \/><br \/>\n<br \/><a href=\"https:\/\/de.rt.com\/inland\/224506-brombeer-koalition-thueringer-bsw-abgeordnete\/\">Source link <\/a><\/p>\n","protected":false},"excerpt":{"rendered":"<p>Sie sei nicht zum BSW gewechselt, um nach wenigen Monaten den Gr\u00fcndungskonsens aufzuk\u00fcndigen, schreibt die Abgeordnete Anke Wirsing. Sie distanziert sich damit vom Th\u00fcringer Landesvorstand und stellt sich hinter die Bundesvorsitzenden. Eine Brombeer-Koalition wird damit unwahrscheinlicher. Nachdem die Bundesspitze des BSW zum Th\u00fcringer Landesverband auf Distanz gegangen ist, werden nun auch Risse innerhalb des Th\u00fcringer [&hellip;]<\/p>\n","protected":false},"author":3,"featured_media":71879,"comment_status":"open","ping_status":"open","sticky":false,"template":"","format":"standard","meta":{"_yoast_indexnow_last_ping":["1730540430"],"wp_automatic_camp":["217"],"73af2a1eb6c9610c15a53abe9b50c25c":["Brombeer-Koalition: Th\u00fcringer BSW-Abgeordnete durchkreuzt Pl\u00e4ne der Landesspitze"],"original_link":["https:\/\/de.rt.com\/inland\/224506-brombeer-koalition-thueringer-bsw-abgeordnete\/"],"_thumbnail_id":["71879"],"_wptgpro_p2tg_sent2tg":["a:1:{i:23737;s:19:\"2024-11-02 11:42:54\";}"],"jnews_social_counter_last_update":["1777148514"]},"categories":[19,23],"tags":[59921,59412,82,33827,59922,5349,33298],"yoast_head":"<!-- This site is optimized with the Yoast SEO Premium plugin v22.7 (Yoast SEO v22.7) - https:\/\/yoast.com\/wordpress\/plugins\/seo\/ -->\n<title>Brombeer-Koalition: Th\u00fcringer BSW-Abgeordnete durchkreuzt Pl\u00e4ne der Landesspitze - just-now.NEWS Deutschland<\/title>\n<meta name=\"robots\" content=\"index, follow, max-snippet:-1, max-image-preview:large, max-video-preview:-1\" \/>\n<link rel=\"canonical\" href=\"https:\/\/now-news.de\/de\/deutschland\/brombeer-koalition-thueringer-bsw-abgeordnete-durchkreuzt-plaene-der-landesspitze\/\" \/>\n<meta property=\"og:locale\" content=\"de_DE\" \/>\n<meta property=\"og:type\" content=\"article\" \/>\n<meta property=\"og:title\" content=\"Brombeer-Koalition: Th\u00fcringer BSW-Abgeordnete durchkreuzt Pl\u00e4ne der Landesspitze\" \/>\n<meta property=\"og:description\" content=\"Sie sei nicht zum BSW gewechselt, um nach wenigen Monaten den Gr\u00fcndungskonsens aufzuk\u00fcndigen, schreibt die Abgeordnete Anke Wirsing. Sie distanziert sich damit vom Th\u00fcringer Landesvorstand und stellt sich hinter die Bundesvorsitzenden. Eine Brombeer-Koalition wird damit unwahrscheinlicher. Nachdem die Bundesspitze des BSW zum Th\u00fcringer Landesverband auf Distanz gegangen ist, werden nun auch Risse innerhalb des Th\u00fcringer [&hellip;]\" \/>\n<meta property=\"og:url\" content=\"https:\/\/now-news.de\/de\/deutschland\/brombeer-koalition-thueringer-bsw-abgeordnete-durchkreuzt-plaene-der-landesspitze\/\" \/>\n<meta property=\"og:site_name\" content=\"just-now.NEWS Deutschland\" \/>\n<meta property=\"article:publisher\" content=\"https:\/\/www.facebook.com\/wirmachenauf\" \/>\n<meta property=\"article:published_time\" content=\"2024-11-02T09:28:36+00:00\" \/>\n<meta property=\"og:image\" content=\"https:\/\/now-news.de\/de\/wp-content\/uploads\/sites\/3\/2024\/11\/6725ebba48fbef464d034273.jpg\" \/>\n<meta name=\"author\" content=\"rtnews\" \/>\n<meta name=\"twitter:card\" content=\"summary_large_image\" \/>\n<meta name=\"twitter:creator\" content=\"@WirMachenAuf_de\" \/>\n<meta name=\"twitter:site\" content=\"@WirMachenAuf_de\" \/>\n<meta name=\"twitter:label1\" content=\"Verfasst von\" \/>\n\t<meta name=\"twitter:data1\" content=\"rtnews\" \/>\n\t<meta name=\"twitter:label2\" content=\"Gesch\u00e4tzte Lesezeit\" \/>\n\t<meta name=\"twitter:data2\" content=\"2\u00a0Minuten\" \/>\n<script type=\"application\/ld+json\" class=\"yoast-schema-graph\">{\"@context\":\"https:\/\/schema.org\",\"@graph\":[{\"@type\":\"Article\",\"@id\":\"https:\/\/now-news.de\/de\/deutschland\/brombeer-koalition-thueringer-bsw-abgeordnete-durchkreuzt-plaene-der-landesspitze\/#article\",\"isPartOf\":{\"@id\":\"https:\/\/now-news.de\/de\/deutschland\/brombeer-koalition-thueringer-bsw-abgeordnete-durchkreuzt-plaene-der-landesspitze\/\"},\"author\":{\"name\":\"rtnews\",\"@id\":\"https:\/\/now-news.de\/de\/#\/schema\/person\/fb534a4e865501d8b3285208df34a9b5\"},\"headline\":\"Brombeer-Koalition: Th\u00fcringer BSW-Abgeordnete durchkreuzt Pl\u00e4ne der Landesspitze\",\"datePublished\":\"2024-11-02T09:28:36+00:00\",\"dateModified\":\"2024-11-02T09:28:36+00:00\",\"mainEntityOfPage\":{\"@id\":\"https:\/\/now-news.de\/de\/deutschland\/brombeer-koalition-thueringer-bsw-abgeordnete-durchkreuzt-plaene-der-landesspitze\/\"},\"wordCount\":405,\"commentCount\":0,\"publisher\":{\"@id\":\"https:\/\/now-news.de\/de\/#organization\"},\"image\":{\"@id\":\"https:\/\/now-news.de\/de\/deutschland\/brombeer-koalition-thueringer-bsw-abgeordnete-durchkreuzt-plaene-der-landesspitze\/#primaryimage\"},\"thumbnailUrl\":\"https:\/\/now-news.de\/de\/wp-content\/uploads\/sites\/3\/2024\/11\/Brombeer-Koalition-Thueringer-BSW-Abgeordnete-durchkreuzt-Plaene-der-Landesspitze.jpg\",\"keywords\":[\"BrombeerKoalition\",\"BSWAbgeordnete\",\"der\",\"durchkreuzt\",\"Landesspitze\",\"Pl\u00e4ne\",\"Th\u00fcringer\"],\"articleSection\":[\"Deutschland\",\"Russland\"],\"inLanguage\":\"de\",\"potentialAction\":[{\"@type\":\"CommentAction\",\"name\":\"Comment\",\"target\":[\"https:\/\/now-news.de\/de\/deutschland\/brombeer-koalition-thueringer-bsw-abgeordnete-durchkreuzt-plaene-der-landesspitze\/#respond\"]}]},{\"@type\":\"WebPage\",\"@id\":\"https:\/\/now-news.de\/de\/deutschland\/brombeer-koalition-thueringer-bsw-abgeordnete-durchkreuzt-plaene-der-landesspitze\/\",\"url\":\"https:\/\/now-news.de\/de\/deutschland\/brombeer-koalition-thueringer-bsw-abgeordnete-durchkreuzt-plaene-der-landesspitze\/\",\"name\":\"Brombeer-Koalition: Th\u00fcringer BSW-Abgeordnete durchkreuzt Pl\u00e4ne der Landesspitze - just-now.NEWS Deutschland\",\"isPartOf\":{\"@id\":\"https:\/\/now-news.de\/de\/#website\"},\"primaryImageOfPage\":{\"@id\":\"https:\/\/now-news.de\/de\/deutschland\/brombeer-koalition-thueringer-bsw-abgeordnete-durchkreuzt-plaene-der-landesspitze\/#primaryimage\"},\"image\":{\"@id\":\"https:\/\/now-news.de\/de\/deutschland\/brombeer-koalition-thueringer-bsw-abgeordnete-durchkreuzt-plaene-der-landesspitze\/#primaryimage\"},\"thumbnailUrl\":\"https:\/\/now-news.de\/de\/wp-content\/uploads\/sites\/3\/2024\/11\/Brombeer-Koalition-Thueringer-BSW-Abgeordnete-durchkreuzt-Plaene-der-Landesspitze.jpg\",\"datePublished\":\"2024-11-02T09:28:36+00:00\",\"dateModified\":\"2024-11-02T09:28:36+00:00\",\"breadcrumb\":{\"@id\":\"https:\/\/now-news.de\/de\/deutschland\/brombeer-koalition-thueringer-bsw-abgeordnete-durchkreuzt-plaene-der-landesspitze\/#breadcrumb\"},\"inLanguage\":\"de\",\"potentialAction\":[{\"@type\":\"ReadAction\",\"target\":[\"https:\/\/now-news.de\/de\/deutschland\/brombeer-koalition-thueringer-bsw-abgeordnete-durchkreuzt-plaene-der-landesspitze\/\"]}]},{\"@type\":\"ImageObject\",\"inLanguage\":\"de\",\"@id\":\"https:\/\/now-news.de\/de\/deutschland\/brombeer-koalition-thueringer-bsw-abgeordnete-durchkreuzt-plaene-der-landesspitze\/#primaryimage\",\"url\":\"https:\/\/now-news.de\/de\/wp-content\/uploads\/sites\/3\/2024\/11\/Brombeer-Koalition-Thueringer-BSW-Abgeordnete-durchkreuzt-Plaene-der-Landesspitze.jpg\",\"contentUrl\":\"https:\/\/now-news.de\/de\/wp-content\/uploads\/sites\/3\/2024\/11\/Brombeer-Koalition-Thueringer-BSW-Abgeordnete-durchkreuzt-Plaene-der-Landesspitze.jpg\",\"width\":460,\"height\":259,\"caption\":\"Brombeer-Koalition: Th\u00fcringer BSW-Abgeordnete durchkreuzt Pl\u00e4ne der Landesspitze\"},{\"@type\":\"BreadcrumbList\",\"@id\":\"https:\/\/now-news.de\/de\/deutschland\/brombeer-koalition-thueringer-bsw-abgeordnete-durchkreuzt-plaene-der-landesspitze\/#breadcrumb\",\"itemListElement\":[{\"@type\":\"ListItem\",\"position\":1,\"name\":\"Home\",\"item\":\"https:\/\/now-news.de\/de\/\"},{\"@type\":\"ListItem\",\"position\":2,\"name\":\"Brombeer-Koalition: Th\u00fcringer BSW-Abgeordnete durchkreuzt Pl\u00e4ne der Landesspitze\"}]},{\"@type\":\"WebSite\",\"@id\":\"https:\/\/now-news.de\/de\/#website\",\"url\":\"https:\/\/now-news.de\/de\/\",\"name\":\"just-now.NEWS Deutschland\",\"description\":\"Das Portal f\u00fcr unzensierte Nachrichten aus der Welt\",\"publisher\":{\"@id\":\"https:\/\/now-news.de\/de\/#organization\"},\"potentialAction\":[{\"@type\":\"SearchAction\",\"target\":{\"@type\":\"EntryPoint\",\"urlTemplate\":\"https:\/\/now-news.de\/de\/?s={search_term_string}\"},\"query-input\":\"required name=search_term_string\"}],\"inLanguage\":\"de\"},{\"@type\":\"Organization\",\"@id\":\"https:\/\/now-news.de\/de\/#organization\",\"name\":\"Just Now News\",\"url\":\"https:\/\/now-news.de\/de\/\",\"logo\":{\"@type\":\"ImageObject\",\"inLanguage\":\"de\",\"@id\":\"https:\/\/now-news.de\/de\/#\/schema\/logo\/image\/\",\"url\":\"http:\/\/just-now.news\/de\/wp-content\/uploads\/sites\/3\/2022\/04\/logo500x500.jpg\",\"contentUrl\":\"http:\/\/just-now.news\/de\/wp-content\/uploads\/sites\/3\/2022\/04\/logo500x500.jpg\",\"width\":500,\"height\":500,\"caption\":\"Just Now News\"},\"image\":{\"@id\":\"https:\/\/now-news.de\/de\/#\/schema\/logo\/image\/\"},\"sameAs\":[\"https:\/\/www.facebook.com\/wirmachenauf\",\"https:\/\/x.com\/WirMachenAuf_de\"]},{\"@type\":\"Person\",\"@id\":\"https:\/\/now-news.de\/de\/#\/schema\/person\/fb534a4e865501d8b3285208df34a9b5\",\"name\":\"rtnews\",\"image\":{\"@type\":\"ImageObject\",\"inLanguage\":\"de\",\"@id\":\"https:\/\/now-news.de\/de\/#\/schema\/person\/image\/\",\"url\":\"https:\/\/secure.gravatar.com\/avatar\/82aafea7d8127119dd649515f56e2117?s=96&d=mm&r=g\",\"contentUrl\":\"https:\/\/secure.gravatar.com\/avatar\/82aafea7d8127119dd649515f56e2117?s=96&d=mm&r=g\",\"caption\":\"rtnews\"},\"url\":\"https:\/\/now-news.de\/de\/author\/rnews\/\"}]}<\/script>\n<!-- \/ Yoast SEO Premium plugin. -->","yoast_head_json":{"title":"Brombeer-Koalition: Th\u00fcringer BSW-Abgeordnete durchkreuzt Pl\u00e4ne der Landesspitze - just-now.NEWS Deutschland","robots":{"index":"index","follow":"follow","max-snippet":"max-snippet:-1","max-image-preview":"max-image-preview:large","max-video-preview":"max-video-preview:-1"},"canonical":"https:\/\/now-news.de\/de\/deutschland\/brombeer-koalition-thueringer-bsw-abgeordnete-durchkreuzt-plaene-der-landesspitze\/","og_locale":"de_DE","og_type":"article","og_title":"Brombeer-Koalition: Th\u00fcringer BSW-Abgeordnete durchkreuzt Pl\u00e4ne der Landesspitze","og_description":"Sie sei nicht zum BSW gewechselt, um nach wenigen Monaten den Gr\u00fcndungskonsens aufzuk\u00fcndigen, schreibt die Abgeordnete Anke Wirsing. Sie distanziert sich damit vom Th\u00fcringer Landesvorstand und stellt sich hinter die Bundesvorsitzenden. Eine Brombeer-Koalition wird damit unwahrscheinlicher. Nachdem die Bundesspitze des BSW zum Th\u00fcringer Landesverband auf Distanz gegangen ist, werden nun auch Risse innerhalb des Th\u00fcringer [&hellip;]","og_url":"https:\/\/now-news.de\/de\/deutschland\/brombeer-koalition-thueringer-bsw-abgeordnete-durchkreuzt-plaene-der-landesspitze\/","og_site_name":"just-now.NEWS Deutschland","article_publisher":"https:\/\/www.facebook.com\/wirmachenauf","article_published_time":"2024-11-02T09:28:36+00:00","og_image":[{"url":"https:\/\/now-news.de\/de\/wp-content\/uploads\/sites\/3\/2024\/11\/6725ebba48fbef464d034273.jpg"}],"author":"rtnews","twitter_card":"summary_large_image","twitter_creator":"@WirMachenAuf_de","twitter_site":"@WirMachenAuf_de","twitter_misc":{"Verfasst von":"rtnews","Gesch\u00e4tzte Lesezeit":"2\u00a0Minuten"},"schema":{"@context":"https:\/\/schema.org","@graph":[{"@type":"Article","@id":"https:\/\/now-news.de\/de\/deutschland\/brombeer-koalition-thueringer-bsw-abgeordnete-durchkreuzt-plaene-der-landesspitze\/#article","isPartOf":{"@id":"https:\/\/now-news.de\/de\/deutschland\/brombeer-koalition-thueringer-bsw-abgeordnete-durchkreuzt-plaene-der-landesspitze\/"},"author":{"name":"rtnews","@id":"https:\/\/now-news.de\/de\/#\/schema\/person\/fb534a4e865501d8b3285208df34a9b5"},"headline":"Brombeer-Koalition: Th\u00fcringer BSW-Abgeordnete durchkreuzt Pl\u00e4ne der Landesspitze","datePublished":"2024-11-02T09:28:36+00:00","dateModified":"2024-11-02T09:28:36+00:00","mainEntityOfPage":{"@id":"https:\/\/now-news.de\/de\/deutschland\/brombeer-koalition-thueringer-bsw-abgeordnete-durchkreuzt-plaene-der-landesspitze\/"},"wordCount":405,"commentCount":0,"publisher":{"@id":"https:\/\/now-news.de\/de\/#organization"},"image":{"@id":"https:\/\/now-news.de\/de\/deutschland\/brombeer-koalition-thueringer-bsw-abgeordnete-durchkreuzt-plaene-der-landesspitze\/#primaryimage"},"thumbnailUrl":"https:\/\/now-news.de\/de\/wp-content\/uploads\/sites\/3\/2024\/11\/Brombeer-Koalition-Thueringer-BSW-Abgeordnete-durchkreuzt-Plaene-der-Landesspitze.jpg","keywords":["BrombeerKoalition","BSWAbgeordnete","der","durchkreuzt","Landesspitze","Pl\u00e4ne","Th\u00fcringer"],"articleSection":["Deutschland","Russland"],"inLanguage":"de","potentialAction":[{"@type":"CommentAction","name":"Comment","target":["https:\/\/now-news.de\/de\/deutschland\/brombeer-koalition-thueringer-bsw-abgeordnete-durchkreuzt-plaene-der-landesspitze\/#respond"]}]},{"@type":"WebPage","@id":"https:\/\/now-news.de\/de\/deutschland\/brombeer-koalition-thueringer-bsw-abgeordnete-durchkreuzt-plaene-der-landesspitze\/","url":"https:\/\/now-news.de\/de\/deutschland\/brombeer-koalition-thueringer-bsw-abgeordnete-durchkreuzt-plaene-der-landesspitze\/","name":"Brombeer-Koalition: Th\u00fcringer BSW-Abgeordnete durchkreuzt Pl\u00e4ne der Landesspitze - just-now.NEWS Deutschland","isPartOf":{"@id":"https:\/\/now-news.de\/de\/#website"},"primaryImageOfPage":{"@id":"https:\/\/now-news.de\/de\/deutschland\/brombeer-koalition-thueringer-bsw-abgeordnete-durchkreuzt-plaene-der-landesspitze\/#primaryimage"},"image":{"@id":"https:\/\/now-news.de\/de\/deutschland\/brombeer-koalition-thueringer-bsw-abgeordnete-durchkreuzt-plaene-der-landesspitze\/#primaryimage"},"thumbnailUrl":"https:\/\/now-news.de\/de\/wp-content\/uploads\/sites\/3\/2024\/11\/Brombeer-Koalition-Thueringer-BSW-Abgeordnete-durchkreuzt-Plaene-der-Landesspitze.jpg","datePublished":"2024-11-02T09:28:36+00:00","dateModified":"2024-11-02T09:28:36+00:00","breadcrumb":{"@id":"https:\/\/now-news.de\/de\/deutschland\/brombeer-koalition-thueringer-bsw-abgeordnete-durchkreuzt-plaene-der-landesspitze\/#breadcrumb"},"inLanguage":"de","potentialAction":[{"@type":"ReadAction","target":["https:\/\/now-news.de\/de\/deutschland\/brombeer-koalition-thueringer-bsw-abgeordnete-durchkreuzt-plaene-der-landesspitze\/"]}]},{"@type":"ImageObject","inLanguage":"de","@id":"https:\/\/now-news.de\/de\/deutschland\/brombeer-koalition-thueringer-bsw-abgeordnete-durchkreuzt-plaene-der-landesspitze\/#primaryimage","url":"https:\/\/now-news.de\/de\/wp-content\/uploads\/sites\/3\/2024\/11\/Brombeer-Koalition-Thueringer-BSW-Abgeordnete-durchkreuzt-Plaene-der-Landesspitze.jpg","contentUrl":"https:\/\/now-news.de\/de\/wp-content\/uploads\/sites\/3\/2024\/11\/Brombeer-Koalition-Thueringer-BSW-Abgeordnete-durchkreuzt-Plaene-der-Landesspitze.jpg","width":460,"height":259,"caption":"Brombeer-Koalition: Th\u00fcringer BSW-Abgeordnete durchkreuzt Pl\u00e4ne der Landesspitze"},{"@type":"BreadcrumbList","@id":"https:\/\/now-news.de\/de\/deutschland\/brombeer-koalition-thueringer-bsw-abgeordnete-durchkreuzt-plaene-der-landesspitze\/#breadcrumb","itemListElement":[{"@type":"ListItem","position":1,"name":"Home","item":"https:\/\/now-news.de\/de\/"},{"@type":"ListItem","position":2,"name":"Brombeer-Koalition: Th\u00fcringer BSW-Abgeordnete durchkreuzt Pl\u00e4ne der Landesspitze"}]},{"@type":"WebSite","@id":"https:\/\/now-news.de\/de\/#website","url":"https:\/\/now-news.de\/de\/","name":"just-now.NEWS Deutschland","description":"Das Portal f\u00fcr unzensierte Nachrichten aus der Welt","publisher":{"@id":"https:\/\/now-news.de\/de\/#organization"},"potentialAction":[{"@type":"SearchAction","target":{"@type":"EntryPoint","urlTemplate":"https:\/\/now-news.de\/de\/?s={search_term_string}"},"query-input":"required name=search_term_string"}],"inLanguage":"de"},{"@type":"Organization","@id":"https:\/\/now-news.de\/de\/#organization","name":"Just Now News","url":"https:\/\/now-news.de\/de\/","logo":{"@type":"ImageObject","inLanguage":"de","@id":"https:\/\/now-news.de\/de\/#\/schema\/logo\/image\/","url":"http:\/\/just-now.news\/de\/wp-content\/uploads\/sites\/3\/2022\/04\/logo500x500.jpg","contentUrl":"http:\/\/just-now.news\/de\/wp-content\/uploads\/sites\/3\/2022\/04\/logo500x500.jpg","width":500,"height":500,"caption":"Just Now News"},"image":{"@id":"https:\/\/now-news.de\/de\/#\/schema\/logo\/image\/"},"sameAs":["https:\/\/www.facebook.com\/wirmachenauf","https:\/\/x.com\/WirMachenAuf_de"]},{"@type":"Person","@id":"https:\/\/now-news.de\/de\/#\/schema\/person\/fb534a4e865501d8b3285208df34a9b5","name":"rtnews","image":{"@type":"ImageObject","inLanguage":"de","@id":"https:\/\/now-news.de\/de\/#\/schema\/person\/image\/","url":"https:\/\/secure.gravatar.com\/avatar\/82aafea7d8127119dd649515f56e2117?s=96&d=mm&r=g","contentUrl":"https:\/\/secure.gravatar.com\/avatar\/82aafea7d8127119dd649515f56e2117?s=96&d=mm&r=g","caption":"rtnews"},"url":"https:\/\/now-news.de\/de\/author\/rnews\/"}]}},"_links":{"self":[{"href":"https:\/\/now-news.de\/de\/wp-json\/wp\/v2\/posts\/71878"}],"collection":[{"href":"https:\/\/now-news.de\/de\/wp-json\/wp\/v2\/posts"}],"about":[{"href":"https:\/\/now-news.de\/de\/wp-json\/wp\/v2\/types\/post"}],"author":[{"embeddable":true,"href":"https:\/\/now-news.de\/de\/wp-json\/wp\/v2\/users\/3"}],"replies":[{"embeddable":true,"href":"https:\/\/now-news.de\/de\/wp-json\/wp\/v2\/comments?post=71878"}],"version-history":[{"count":0,"href":"https:\/\/now-news.de\/de\/wp-json\/wp\/v2\/posts\/71878\/revisions"}],"wp:featuredmedia":[{"embeddable":true,"href":"https:\/\/now-news.de\/de\/wp-json\/wp\/v2\/media\/71879"}],"wp:attachment":[{"href":"https:\/\/now-news.de\/de\/wp-json\/wp\/v2\/media?parent=71878"}],"wp:term":[{"taxonomy":"category","embeddable":true,"href":"https:\/\/now-news.de\/de\/wp-json\/wp\/v2\/categories?post=71878"},{"taxonomy":"post_tag","embeddable":true,"href":"https:\/\/now-news.de\/de\/wp-json\/wp\/v2\/tags?post=71878"}],"curies":[{"name":"wp","href":"https:\/\/api.w.org\/{rel}","templated":true}]}}