{"id":71874,"date":"2024-11-02T10:23:34","date_gmt":"2024-11-02T08:23:34","guid":{"rendered":"https:\/\/now-news.de\/de\/deutschland\/zwischen-austin-powers-und-reinhard-heydrich-von-der-leyens-eu-cia\/"},"modified":"2024-11-02T10:23:34","modified_gmt":"2024-11-02T08:23:34","slug":"zwischen-austin-powers-und-reinhard-heydrich-von-der-leyens-eu-cia","status":"publish","type":"post","link":"https:\/\/now-news.de\/de\/deutschland\/zwischen-austin-powers-und-reinhard-heydrich-von-der-leyens-eu-cia\/","title":{"rendered":"Zwischen Austin Powers und Reinhard Heydrich: Von der Leyens &quot;EU-CIA&quot;"},"content":{"rendered":"<p><img decoding=\"async\" src=\"https:\/\/now-news.de\/de\/wp-content\/uploads\/sites\/3\/2024\/11\/6723e25448fbef7ca53a9b28.jpg\" \/><\/p>\n<div class=\"Text-root Text-type_1 \">\n                Es gibt Menschen, denen kann man beim Essen mit Messer und Gabel nicht zusehen, weil das in ihren H\u00e4nden schon zu gef\u00e4hrliche Instrumente sind. Und es gibt Strukturen, die auf keinen Fall \u00fcber so etwas wie Geheimdienste verf\u00fcgen sollten.\n            <\/div>\n<p><\/p>\n<div class=\"Text-root Text-type_5 ArticleView-text ViewText-root \">\n<p><em>Von Dagmar Henn<\/em><\/p>\n<p>Soso, jetzt will Br\u00fcssel also auch noch einen eigenen Geheimdienst. Man soll sich da nicht t\u00e4uschen lassen\u00a0\u2013 das, was da so scheinbar unverf\u00e4nglich \u00fcber einen Bericht lanciert wird, ist das, was vorher bestellt wurde. So l\u00e4uft das Spiel, gerade auf Ebene der EU: Man bestellt sich einen scheinbar neutralen Bericht von einer Sprechpuppe, dann tut man etwas verbl\u00fcfft, wenn das vorgeschlagen wird, was man haben wollte, ziert sich ein wenig, und dann sorgt man daf\u00fcr, dass man es bekommt. Vielleicht sogar mit einem Umweg \u00fcber das EU-Parlament, das ja ohnehin gerne immer noch viel fanatischer agiert als die nationalen Parlamente.<\/p>\n<p>Wenn <em>Politico<\/em> das Ganze als EU-CIA <a rel=\"nofollow noopener\" target=\"_blank\" href=\"https:\/\/www.politico.eu\/article\/europe-spy-service-cia-ursula-von-der-leyen\/\">einsortiert<\/a>, liegt\u00a0es sicher nicht ganz daneben. Wobei man nicht vergessen darf, dass die EU bereits jetzt zwar nicht offiziell, aber inoffiziell geheimdienstlich t\u00e4tig ist, au\u00dferhalb der EU, und durchaus operativ, und nicht nur im Sinne der Informationsbeschaffung\u00a0\u2013 wie anders sollte man die von der EU ausgereichten F\u00f6rderungen f\u00fcr die ber\u00fcchtigten NGOs wie auch deren politische Steuerung klassifizieren? Faktisch ist das l\u00e4ngst Agentent\u00e4tigkeit im gro\u00dfen Stil, nur dass sie sich in anderen Haushaltsposten verbirgt und dabei kein eigener B\u00fcropalast in Br\u00fcssel mit Fahrdienst, Budget und Kantine abf\u00e4llt.<\/p>\n<p>Der eine Teil dieser b\u00f6sen Absichten besteht also schlicht darin, sich einen weiteren Aspekt der Staatlichkeit zu sichern. Das l\u00e4uft Steinchen f\u00fcr Steinchen, wie aus dem Lego-Baukasten. Erst einen Au\u00dfenminister, dann einen Verteidigungsminister, erst ein Budget, dann das Recht, eigene Steuern zu erheben (an dem bereits aktiv gearbeitet wird), mit Eugendfor wurden schon vor Jahren Schritte in Richtung einer von Br\u00fcssel kommandierten Polizei gegangen, und jetzt eben einen Geheimdienst.<\/p>\n<p>Die nachrichtendienstliche Seite daran d\u00fcrfte relativ ungef\u00e4hrlich sein. Die Analyse von Informationen leidet schlie\u00dflich unter einer zu durchdringenden Ideologisierung der Struktur; das kann man immer wieder h\u00f6ren, wenn man Ex-CIA-Leuten wie Ray McGovern und Larry Johnson lauscht. Selbst wenn im Bereich der Analyse noch einige kluge K\u00f6pfe \u00fcbrig sind, je gr\u00f6\u00dfer die Zahl stromlinienf\u00f6rmiger Karrieristen in einem Dienst ist, desto unwahrscheinlicher wird es, dass relevante Informationen es von unten nach oben schaffen. Selbst dann nicht, wenn sich diese Br\u00fcsseler Fantasie \u00fcber alle einzelnen nationalen Dienste stellen sollte. Und was die Zahl der stromlinienf\u00f6rmigen Karrieristen angeht, d\u00fcrfte Br\u00fcssel bestenfalls noch in Washington einen Konkurrenten haben.<\/p>\n<p>Es gibt aber eine ausgesprochen unheimliche Seite, bereits an diesem Vorschlag. Denn es soll ja offiziell vor allem darum gehen, &#8220;spezifische Aufgaben der Spionageabwehr zu koordinieren&#8221;. Man kann sich nat\u00fcrlich einreden, Abwehr sei nicht so schlimm\u00a0\u2013 was aber, wenn man dann daran denkt, wie die Br\u00fcsseler Reaktion auf abweichende Positionen wie beispielsweise jene Ungarns oder der Slowakei aussieht? Wenn es jetzt bereits immer hei\u00dft, das sei &#8220;russischer Einfluss&#8221;? Dann wird aus der angeblichen Abwehr ein nach innen gerichteter Geheimdienst, irgendwo zwischen Verfassungsschutz und Gestapo, wobei in den letzten Jahren die Tendenzen doch eher in Richtung Gestapo gehen.<\/p>\n<p>Und was, wenn sich diese Struktur unter dem Kommando Ursula von der Leyens eine Abteilung f\u00fcr Wet Jobs zulegt? W\u00fcrde dann der n\u00e4chste Mordanschlag auf Robert Fico aus Br\u00fcssel befohlen? Sicher, das muss man sich jetzt bereits fragen; aber eines kann man garantieren: Wenn es daf\u00fcr einen offiziellen Haushaltsposten gibt, vervielfachen sich die Aktivit\u00e4ten. Da kann man im Grunde nur noch hoffen, dass die ganzen verschiedenen Dienste, Verfassungsschutz, CIA und dann eben die Br\u00fcsseler Schlapph\u00fcte, einander m\u00f6glichst effizient im Weg stehen. Allein die Vorstellung, von der Leyen k\u00f6nnte die Entscheidung \u00fcber Mordanschl\u00e4ge treffen, l\u00f6st den instinktiven Wunsch aus, sich eine Waffe zu beschaffen.<\/p>\n<p>Im Grunde w\u00e4re das bereits v\u00f6llig verschwendet, die Br\u00fcsseler B\u00fcrokratie ist so gut in Zerst\u00f6rung, darin, alles mit b\u00fcrokratischen Auflagen zu strangulieren, dass sie zumindest nach innen gar nicht auf eine solche Einrichtung angewiesen ist. G\u00e4be es ein Tor zur EU, man m\u00fcsste es mit einem Zitat von Dante dekorieren: Lasciate ogni speranza, voi che entrate. Ihr, die ihr hier eintretet, lasst alle Hoffnung fahren. Der Satz, der nach Dante den Eingang zur H\u00f6lle ziert.<\/p>\n<p>Und nat\u00fcrlich kann man sich damit tr\u00f6sten, dass der Papierkrieg, den Br\u00fcssel entfalten d\u00fcrfte, selbst die angeh\u00e4ufte b\u00fcrokratische Inkompetenz, die Herbert Rosendorfer in seinem BND-Roman &#8220;Das Messingherz&#8221; karikierte, ohne Anlauf und M\u00fche \u00fcbertreffen d\u00fcrfte. Derartige Einrichtungen haben immer eine Neigung, in Dokumentationsregeln zu versinken, was ja auch Wladimir Putins sch\u00f6ner KGB-Witz <a rel=\"nofollow noopener\" target=\"_blank\" href=\"https:\/\/www.youtube.com\/watch?v=_rBs4WWCnWQ\">belegt<\/a>; aber eine Kreuzung aus Nachrichten- oder Geheimdienst und Br\u00fcssel, das d\u00fcrfte wohl kaum mehr zu \u00fcbertreffen sein. Dazu dann noch eine Kompetenz auf dem Niveau von Austin Powers\u00a0&#8230;<\/p>\n<p>In Br\u00fcssel kann man jedenfalls Parkinsons Gesetz in voller Bl\u00fcte erblicken\u00a0\u2013 jene nur scheinbar satirische alte Beschreibung, nach der jeder Beamte danach strebt, mindestens zwei weitere Beamte unter sich zu haben, was zu einer endlosen Vervielf\u00e4ltigung derartiger Apparate f\u00fchrt. Die aktuelle Br\u00fcsseler Variante kombiniert gut mit dem Streben nach exekutiver Macht, sie verschmilzt mit dem Begehren nach immer neuen T\u00e4tigkeitsfeldern und immer weiterer Kontrolle.<\/p>\n<p>F\u00fcr die zuk\u00fcnftige Entwicklung der EU wird das auf jeden Fall verheerend. Nicht nur, dass damit Br\u00fcssel mit geradezu toxischen F\u00e4higkeiten versehen werden w\u00fcrde, und die eigentlich politischen Auseinandersetzungen, sobald sie der Br\u00fcsseler Ideologie widersprechen, sich in unsichtbare Gefechte subtilerer staatlicher Organe verwandeln. Man denke sich einmal die EU-Vorstellungen zur Netzkontrolle in geheimdienstliches Handeln umgesetzt. Oder die Durchsetzung von so was wie von der Leyens Pfizer-Deal. Oder schlicht einen Dienst, der die Fantasien der baltischen Irren auslebt. Das Wort Demokratie lie\u00dfe sich in solchen Zusammenh\u00e4ngen nicht einmal mehr denken.<\/p>\n<p>Nein, der wirklich kritische Punkt ist, wie sich das Ende der EU dadurch ver\u00e4ndern w\u00fcrde. Dieser parastaatliche Metaparasit w\u00fcrde jedes Mittel nutzen, um sich zu erhalten, und nicht im Mindesten davor zur\u00fcckschrecken, die einzelnen EU-Mitgliedsl\u00e4nder (oder was von ihnen dann noch \u00fcbrig ist) gegeneinander zu stellen wie Schachfiguren, sobald die Br\u00fcsseler Macht bedroht ist\u00a0\u2013 unter Einsatz ebendieser EU-CIA. Was die Konsequenz haben k\u00f6nnte, dass diese EU-B\u00fcrokratie nicht mehr schlicht von der B\u00fchne verschwindet, weil ein Land nach dem anderen herausbricht, oder die politischen Tendenzen zur\u00fcck zu mehr Souver\u00e4nit\u00e4t auf vielleicht chaotische, aber friedliche Weise die Macht von der Leyens und ihresgleichen auf dem M\u00fcllhaufen der Geschichte entsorgen.<\/p>\n<p>Die schlimmste denkbare Konsequenz w\u00e4re, dass diese EU mit ihrem eigenen Machtstreben einen gewaltsamen Bruch mit entsprechenden K\u00e4mpfen zwischen Fraktionen aus unterschiedlichen L\u00e4ndern ausl\u00f6st, wenn sie nicht durch ihr aggressives Handeln nach au\u00dfen zuvor daf\u00fcr sorgt, dass sie ihren gew\u00fcnschten Krieg gegen Russland bekommt und dann den kollektiven Napoleon gibt (was dann die Wahl Br\u00fcssels zur &#8220;EU-Hauptstadt&#8221; mit zus\u00e4tzlicher historischer Logik versieht\u00a0\u2013 Waterloo ist nur 15\u00a0Kilometer entfernt).<\/p>\n<p>Je mehr staatliche Macht Br\u00fcssel an sich zu rei\u00dfen vermag, desto wahrscheinlicher wird es, dass den Menschen in den Mitgliedsl\u00e4ndern nur noch die Wahl bleibt, sich wie die Ukrainer zum Kanonenfutter machen zu lassen oder aus dem System der EU gewaltsam auszubrechen, gleichsam den aufgezwungenen Pseudostaat in einem B\u00fcrgerkrieg untergehen zu lassen. Nichts, wirklich nichts an der Vorstellung eines EU-Geheimdienstes kann positive Erwartungen ausl\u00f6sen. Niemand braucht diese Kreuzung aus Austin Powers und Reinhard Heydrich, auch dann nicht, wenn die Person an der Spitze eine blonde Betonfrisur tr\u00e4gt und angeblich einst auf den Namen &#8220;R\u00f6schen&#8221; h\u00f6rte.<\/p>\n<p><strong>Mehr zum Thema \u2013\u00a0<\/strong><a rel=\"nofollow noopener\" target=\"_blank\" href=\"https:\/\/freedert.online\/meinung\/221323-warum-die-eu-nicht-zum-frieden-faehig-ist\/\">Warum die EU nicht zum Frieden f\u00e4hig ist<\/a><\/p>\n<div class=\"EmbedBlock-root EmbedBlock-externalVideo EmbedBlock-rumble\">\n<div class=\"VkEmbed\"><iframe class=\"lazyload\" data-src=\"https:\/\/rumble.com\/embed\/v5ft4u5\" frameborder=\"0\" width=\"853\" height=\"480\" allowfullscreen><\/iframe><\/div>\n<\/div>\n<\/div>\n<p><br \/>\n<br \/><a href=\"https:\/\/de.rt.com\/meinung\/224354-zwischen-austin-powers-und-reinhard\/\">Source link <\/a><\/p>\n","protected":false},"excerpt":{"rendered":"<p>Es gibt Menschen, denen kann man beim Essen mit Messer und Gabel nicht zusehen, weil das in ihren H\u00e4nden schon zu gef\u00e4hrliche Instrumente sind. Und es gibt Strukturen, die auf keinen Fall \u00fcber so etwas wie Geheimdienste verf\u00fcgen sollten. Von Dagmar Henn Soso, jetzt will Br\u00fcssel also auch noch einen eigenen Geheimdienst. Man soll sich [&hellip;]<\/p>\n","protected":false},"author":3,"featured_media":71875,"comment_status":"open","ping_status":"open","sticky":false,"template":"","format":"standard","meta":{"_yoast_indexnow_last_ping":["1730536561"],"wp_automatic_camp":["217"],"d3521123366403a26056d4c6c4b9548d":["Zwischen Austin Powers und Reinhard Heydrich: Von der Leyens &quot;EU-CIA&quot;"],"original_link":["https:\/\/de.rt.com\/meinung\/224354-zwischen-austin-powers-und-reinhard\/"],"_thumbnail_id":["71875"],"_wptgpro_p2tg_sent2tg":["a:1:{i:23737;s:19:\"2024-11-02 10:37:09\";}"],"jnews_social_counter_last_update":["1777635729"]},"categories":[19,23],"tags":[2485,82,59919,26960,59918,59920,18030,140,50,436],"yoast_head":"<!-- This site is optimized with the Yoast SEO Premium plugin v22.7 (Yoast SEO v22.7) - https:\/\/yoast.com\/wordpress\/plugins\/seo\/ -->\n<title>Zwischen Austin Powers und Reinhard Heydrich: Von der Leyens &quot;EU-CIA&quot; - just-now.NEWS Deutschland<\/title>\n<meta name=\"robots\" content=\"index, follow, max-snippet:-1, max-image-preview:large, max-video-preview:-1\" \/>\n<link rel=\"canonical\" href=\"https:\/\/now-news.de\/de\/deutschland\/zwischen-austin-powers-und-reinhard-heydrich-von-der-leyens-eu-cia\/\" \/>\n<meta property=\"og:locale\" content=\"de_DE\" \/>\n<meta property=\"og:type\" content=\"article\" \/>\n<meta property=\"og:title\" content=\"Zwischen Austin Powers und Reinhard Heydrich: Von der Leyens &quot;EU-CIA&quot;\" \/>\n<meta property=\"og:description\" content=\"Es gibt Menschen, denen kann man beim Essen mit Messer und Gabel nicht zusehen, weil das in ihren H\u00e4nden schon zu gef\u00e4hrliche Instrumente sind. Und es gibt Strukturen, die auf keinen Fall \u00fcber so etwas wie Geheimdienste verf\u00fcgen sollten. Von Dagmar Henn Soso, jetzt will Br\u00fcssel also auch noch einen eigenen Geheimdienst. Man soll sich [&hellip;]\" \/>\n<meta property=\"og:url\" content=\"https:\/\/now-news.de\/de\/deutschland\/zwischen-austin-powers-und-reinhard-heydrich-von-der-leyens-eu-cia\/\" \/>\n<meta property=\"og:site_name\" content=\"just-now.NEWS Deutschland\" \/>\n<meta property=\"article:publisher\" content=\"https:\/\/www.facebook.com\/wirmachenauf\" \/>\n<meta property=\"article:published_time\" content=\"2024-11-02T08:23:34+00:00\" \/>\n<meta property=\"og:image\" content=\"https:\/\/now-news.de\/de\/wp-content\/uploads\/sites\/3\/2024\/11\/6723e25448fbef7ca53a9b28.jpg\" \/>\n<meta name=\"author\" content=\"rtnews\" \/>\n<meta name=\"twitter:card\" content=\"summary_large_image\" \/>\n<meta name=\"twitter:creator\" content=\"@WirMachenAuf_de\" \/>\n<meta name=\"twitter:site\" content=\"@WirMachenAuf_de\" \/>\n<meta name=\"twitter:label1\" content=\"Verfasst von\" \/>\n\t<meta name=\"twitter:data1\" content=\"rtnews\" \/>\n\t<meta name=\"twitter:label2\" content=\"Gesch\u00e4tzte Lesezeit\" \/>\n\t<meta name=\"twitter:data2\" content=\"7\u00a0Minuten\" \/>\n<script type=\"application\/ld+json\" class=\"yoast-schema-graph\">{\"@context\":\"https:\/\/schema.org\",\"@graph\":[{\"@type\":\"Article\",\"@id\":\"https:\/\/now-news.de\/de\/deutschland\/zwischen-austin-powers-und-reinhard-heydrich-von-der-leyens-eu-cia\/#article\",\"isPartOf\":{\"@id\":\"https:\/\/now-news.de\/de\/deutschland\/zwischen-austin-powers-und-reinhard-heydrich-von-der-leyens-eu-cia\/\"},\"author\":{\"name\":\"rtnews\",\"@id\":\"https:\/\/now-news.de\/de\/#\/schema\/person\/fb534a4e865501d8b3285208df34a9b5\"},\"headline\":\"Zwischen Austin Powers und Reinhard Heydrich: Von der Leyens &quot;EU-CIA&quot;\",\"datePublished\":\"2024-11-02T08:23:34+00:00\",\"dateModified\":\"2024-11-02T08:23:34+00:00\",\"mainEntityOfPage\":{\"@id\":\"https:\/\/now-news.de\/de\/deutschland\/zwischen-austin-powers-und-reinhard-heydrich-von-der-leyens-eu-cia\/\"},\"wordCount\":1327,\"commentCount\":0,\"publisher\":{\"@id\":\"https:\/\/now-news.de\/de\/#organization\"},\"image\":{\"@id\":\"https:\/\/now-news.de\/de\/deutschland\/zwischen-austin-powers-und-reinhard-heydrich-von-der-leyens-eu-cia\/#primaryimage\"},\"thumbnailUrl\":\"https:\/\/now-news.de\/de\/wp-content\/uploads\/sites\/3\/2024\/11\/Zwischen-Austin-Powers-und-Reinhard-Heydrich-Von-der-Leyens-quotEU-CIAquot.jpg\",\"keywords\":[\"austin\",\"der\",\"Heydrich\",\"Leyens\",\"Powers\",\"quotEUCIAquot\",\"Reinhard\",\"und\",\"von\",\"zwischen\"],\"articleSection\":[\"Deutschland\",\"Russland\"],\"inLanguage\":\"de\",\"potentialAction\":[{\"@type\":\"CommentAction\",\"name\":\"Comment\",\"target\":[\"https:\/\/now-news.de\/de\/deutschland\/zwischen-austin-powers-und-reinhard-heydrich-von-der-leyens-eu-cia\/#respond\"]}]},{\"@type\":\"WebPage\",\"@id\":\"https:\/\/now-news.de\/de\/deutschland\/zwischen-austin-powers-und-reinhard-heydrich-von-der-leyens-eu-cia\/\",\"url\":\"https:\/\/now-news.de\/de\/deutschland\/zwischen-austin-powers-und-reinhard-heydrich-von-der-leyens-eu-cia\/\",\"name\":\"Zwischen Austin Powers und Reinhard Heydrich: Von der Leyens &quot;EU-CIA&quot; - just-now.NEWS Deutschland\",\"isPartOf\":{\"@id\":\"https:\/\/now-news.de\/de\/#website\"},\"primaryImageOfPage\":{\"@id\":\"https:\/\/now-news.de\/de\/deutschland\/zwischen-austin-powers-und-reinhard-heydrich-von-der-leyens-eu-cia\/#primaryimage\"},\"image\":{\"@id\":\"https:\/\/now-news.de\/de\/deutschland\/zwischen-austin-powers-und-reinhard-heydrich-von-der-leyens-eu-cia\/#primaryimage\"},\"thumbnailUrl\":\"https:\/\/now-news.de\/de\/wp-content\/uploads\/sites\/3\/2024\/11\/Zwischen-Austin-Powers-und-Reinhard-Heydrich-Von-der-Leyens-quotEU-CIAquot.jpg\",\"datePublished\":\"2024-11-02T08:23:34+00:00\",\"dateModified\":\"2024-11-02T08:23:34+00:00\",\"breadcrumb\":{\"@id\":\"https:\/\/now-news.de\/de\/deutschland\/zwischen-austin-powers-und-reinhard-heydrich-von-der-leyens-eu-cia\/#breadcrumb\"},\"inLanguage\":\"de\",\"potentialAction\":[{\"@type\":\"ReadAction\",\"target\":[\"https:\/\/now-news.de\/de\/deutschland\/zwischen-austin-powers-und-reinhard-heydrich-von-der-leyens-eu-cia\/\"]}]},{\"@type\":\"ImageObject\",\"inLanguage\":\"de\",\"@id\":\"https:\/\/now-news.de\/de\/deutschland\/zwischen-austin-powers-und-reinhard-heydrich-von-der-leyens-eu-cia\/#primaryimage\",\"url\":\"https:\/\/now-news.de\/de\/wp-content\/uploads\/sites\/3\/2024\/11\/Zwischen-Austin-Powers-und-Reinhard-Heydrich-Von-der-Leyens-quotEU-CIAquot.jpg\",\"contentUrl\":\"https:\/\/now-news.de\/de\/wp-content\/uploads\/sites\/3\/2024\/11\/Zwischen-Austin-Powers-und-Reinhard-Heydrich-Von-der-Leyens-quotEU-CIAquot.jpg\",\"width\":460,\"height\":259,\"caption\":\"Zwischen Austin Powers und Reinhard Heydrich: Von der Leyens &quot;EU-CIA&quot;\"},{\"@type\":\"BreadcrumbList\",\"@id\":\"https:\/\/now-news.de\/de\/deutschland\/zwischen-austin-powers-und-reinhard-heydrich-von-der-leyens-eu-cia\/#breadcrumb\",\"itemListElement\":[{\"@type\":\"ListItem\",\"position\":1,\"name\":\"Home\",\"item\":\"https:\/\/now-news.de\/de\/\"},{\"@type\":\"ListItem\",\"position\":2,\"name\":\"Zwischen Austin Powers und Reinhard Heydrich: Von der Leyens &quot;EU-CIA&quot;\"}]},{\"@type\":\"WebSite\",\"@id\":\"https:\/\/now-news.de\/de\/#website\",\"url\":\"https:\/\/now-news.de\/de\/\",\"name\":\"just-now.NEWS Deutschland\",\"description\":\"Das Portal f\u00fcr unzensierte Nachrichten aus der Welt\",\"publisher\":{\"@id\":\"https:\/\/now-news.de\/de\/#organization\"},\"potentialAction\":[{\"@type\":\"SearchAction\",\"target\":{\"@type\":\"EntryPoint\",\"urlTemplate\":\"https:\/\/now-news.de\/de\/?s={search_term_string}\"},\"query-input\":\"required name=search_term_string\"}],\"inLanguage\":\"de\"},{\"@type\":\"Organization\",\"@id\":\"https:\/\/now-news.de\/de\/#organization\",\"name\":\"Just Now News\",\"url\":\"https:\/\/now-news.de\/de\/\",\"logo\":{\"@type\":\"ImageObject\",\"inLanguage\":\"de\",\"@id\":\"https:\/\/now-news.de\/de\/#\/schema\/logo\/image\/\",\"url\":\"http:\/\/just-now.news\/de\/wp-content\/uploads\/sites\/3\/2022\/04\/logo500x500.jpg\",\"contentUrl\":\"http:\/\/just-now.news\/de\/wp-content\/uploads\/sites\/3\/2022\/04\/logo500x500.jpg\",\"width\":500,\"height\":500,\"caption\":\"Just Now News\"},\"image\":{\"@id\":\"https:\/\/now-news.de\/de\/#\/schema\/logo\/image\/\"},\"sameAs\":[\"https:\/\/www.facebook.com\/wirmachenauf\",\"https:\/\/x.com\/WirMachenAuf_de\"]},{\"@type\":\"Person\",\"@id\":\"https:\/\/now-news.de\/de\/#\/schema\/person\/fb534a4e865501d8b3285208df34a9b5\",\"name\":\"rtnews\",\"image\":{\"@type\":\"ImageObject\",\"inLanguage\":\"de\",\"@id\":\"https:\/\/now-news.de\/de\/#\/schema\/person\/image\/\",\"url\":\"https:\/\/secure.gravatar.com\/avatar\/82aafea7d8127119dd649515f56e2117?s=96&d=mm&r=g\",\"contentUrl\":\"https:\/\/secure.gravatar.com\/avatar\/82aafea7d8127119dd649515f56e2117?s=96&d=mm&r=g\",\"caption\":\"rtnews\"},\"url\":\"https:\/\/now-news.de\/de\/author\/rnews\/\"}]}<\/script>\n<!-- \/ Yoast SEO Premium plugin. -->","yoast_head_json":{"title":"Zwischen Austin Powers und Reinhard Heydrich: Von der Leyens &quot;EU-CIA&quot; - just-now.NEWS Deutschland","robots":{"index":"index","follow":"follow","max-snippet":"max-snippet:-1","max-image-preview":"max-image-preview:large","max-video-preview":"max-video-preview:-1"},"canonical":"https:\/\/now-news.de\/de\/deutschland\/zwischen-austin-powers-und-reinhard-heydrich-von-der-leyens-eu-cia\/","og_locale":"de_DE","og_type":"article","og_title":"Zwischen Austin Powers und Reinhard Heydrich: Von der Leyens &quot;EU-CIA&quot;","og_description":"Es gibt Menschen, denen kann man beim Essen mit Messer und Gabel nicht zusehen, weil das in ihren H\u00e4nden schon zu gef\u00e4hrliche Instrumente sind. Und es gibt Strukturen, die auf keinen Fall \u00fcber so etwas wie Geheimdienste verf\u00fcgen sollten. Von Dagmar Henn Soso, jetzt will Br\u00fcssel also auch noch einen eigenen Geheimdienst. Man soll sich [&hellip;]","og_url":"https:\/\/now-news.de\/de\/deutschland\/zwischen-austin-powers-und-reinhard-heydrich-von-der-leyens-eu-cia\/","og_site_name":"just-now.NEWS Deutschland","article_publisher":"https:\/\/www.facebook.com\/wirmachenauf","article_published_time":"2024-11-02T08:23:34+00:00","og_image":[{"url":"https:\/\/now-news.de\/de\/wp-content\/uploads\/sites\/3\/2024\/11\/6723e25448fbef7ca53a9b28.jpg"}],"author":"rtnews","twitter_card":"summary_large_image","twitter_creator":"@WirMachenAuf_de","twitter_site":"@WirMachenAuf_de","twitter_misc":{"Verfasst von":"rtnews","Gesch\u00e4tzte Lesezeit":"7\u00a0Minuten"},"schema":{"@context":"https:\/\/schema.org","@graph":[{"@type":"Article","@id":"https:\/\/now-news.de\/de\/deutschland\/zwischen-austin-powers-und-reinhard-heydrich-von-der-leyens-eu-cia\/#article","isPartOf":{"@id":"https:\/\/now-news.de\/de\/deutschland\/zwischen-austin-powers-und-reinhard-heydrich-von-der-leyens-eu-cia\/"},"author":{"name":"rtnews","@id":"https:\/\/now-news.de\/de\/#\/schema\/person\/fb534a4e865501d8b3285208df34a9b5"},"headline":"Zwischen Austin Powers und Reinhard Heydrich: Von der Leyens &quot;EU-CIA&quot;","datePublished":"2024-11-02T08:23:34+00:00","dateModified":"2024-11-02T08:23:34+00:00","mainEntityOfPage":{"@id":"https:\/\/now-news.de\/de\/deutschland\/zwischen-austin-powers-und-reinhard-heydrich-von-der-leyens-eu-cia\/"},"wordCount":1327,"commentCount":0,"publisher":{"@id":"https:\/\/now-news.de\/de\/#organization"},"image":{"@id":"https:\/\/now-news.de\/de\/deutschland\/zwischen-austin-powers-und-reinhard-heydrich-von-der-leyens-eu-cia\/#primaryimage"},"thumbnailUrl":"https:\/\/now-news.de\/de\/wp-content\/uploads\/sites\/3\/2024\/11\/Zwischen-Austin-Powers-und-Reinhard-Heydrich-Von-der-Leyens-quotEU-CIAquot.jpg","keywords":["austin","der","Heydrich","Leyens","Powers","quotEUCIAquot","Reinhard","und","von","zwischen"],"articleSection":["Deutschland","Russland"],"inLanguage":"de","potentialAction":[{"@type":"CommentAction","name":"Comment","target":["https:\/\/now-news.de\/de\/deutschland\/zwischen-austin-powers-und-reinhard-heydrich-von-der-leyens-eu-cia\/#respond"]}]},{"@type":"WebPage","@id":"https:\/\/now-news.de\/de\/deutschland\/zwischen-austin-powers-und-reinhard-heydrich-von-der-leyens-eu-cia\/","url":"https:\/\/now-news.de\/de\/deutschland\/zwischen-austin-powers-und-reinhard-heydrich-von-der-leyens-eu-cia\/","name":"Zwischen Austin Powers und Reinhard Heydrich: Von der Leyens &quot;EU-CIA&quot; - just-now.NEWS Deutschland","isPartOf":{"@id":"https:\/\/now-news.de\/de\/#website"},"primaryImageOfPage":{"@id":"https:\/\/now-news.de\/de\/deutschland\/zwischen-austin-powers-und-reinhard-heydrich-von-der-leyens-eu-cia\/#primaryimage"},"image":{"@id":"https:\/\/now-news.de\/de\/deutschland\/zwischen-austin-powers-und-reinhard-heydrich-von-der-leyens-eu-cia\/#primaryimage"},"thumbnailUrl":"https:\/\/now-news.de\/de\/wp-content\/uploads\/sites\/3\/2024\/11\/Zwischen-Austin-Powers-und-Reinhard-Heydrich-Von-der-Leyens-quotEU-CIAquot.jpg","datePublished":"2024-11-02T08:23:34+00:00","dateModified":"2024-11-02T08:23:34+00:00","breadcrumb":{"@id":"https:\/\/now-news.de\/de\/deutschland\/zwischen-austin-powers-und-reinhard-heydrich-von-der-leyens-eu-cia\/#breadcrumb"},"inLanguage":"de","potentialAction":[{"@type":"ReadAction","target":["https:\/\/now-news.de\/de\/deutschland\/zwischen-austin-powers-und-reinhard-heydrich-von-der-leyens-eu-cia\/"]}]},{"@type":"ImageObject","inLanguage":"de","@id":"https:\/\/now-news.de\/de\/deutschland\/zwischen-austin-powers-und-reinhard-heydrich-von-der-leyens-eu-cia\/#primaryimage","url":"https:\/\/now-news.de\/de\/wp-content\/uploads\/sites\/3\/2024\/11\/Zwischen-Austin-Powers-und-Reinhard-Heydrich-Von-der-Leyens-quotEU-CIAquot.jpg","contentUrl":"https:\/\/now-news.de\/de\/wp-content\/uploads\/sites\/3\/2024\/11\/Zwischen-Austin-Powers-und-Reinhard-Heydrich-Von-der-Leyens-quotEU-CIAquot.jpg","width":460,"height":259,"caption":"Zwischen Austin Powers und Reinhard Heydrich: Von der Leyens &quot;EU-CIA&quot;"},{"@type":"BreadcrumbList","@id":"https:\/\/now-news.de\/de\/deutschland\/zwischen-austin-powers-und-reinhard-heydrich-von-der-leyens-eu-cia\/#breadcrumb","itemListElement":[{"@type":"ListItem","position":1,"name":"Home","item":"https:\/\/now-news.de\/de\/"},{"@type":"ListItem","position":2,"name":"Zwischen Austin Powers und Reinhard Heydrich: Von der Leyens &quot;EU-CIA&quot;"}]},{"@type":"WebSite","@id":"https:\/\/now-news.de\/de\/#website","url":"https:\/\/now-news.de\/de\/","name":"just-now.NEWS Deutschland","description":"Das Portal f\u00fcr unzensierte Nachrichten aus der Welt","publisher":{"@id":"https:\/\/now-news.de\/de\/#organization"},"potentialAction":[{"@type":"SearchAction","target":{"@type":"EntryPoint","urlTemplate":"https:\/\/now-news.de\/de\/?s={search_term_string}"},"query-input":"required name=search_term_string"}],"inLanguage":"de"},{"@type":"Organization","@id":"https:\/\/now-news.de\/de\/#organization","name":"Just Now News","url":"https:\/\/now-news.de\/de\/","logo":{"@type":"ImageObject","inLanguage":"de","@id":"https:\/\/now-news.de\/de\/#\/schema\/logo\/image\/","url":"http:\/\/just-now.news\/de\/wp-content\/uploads\/sites\/3\/2022\/04\/logo500x500.jpg","contentUrl":"http:\/\/just-now.news\/de\/wp-content\/uploads\/sites\/3\/2022\/04\/logo500x500.jpg","width":500,"height":500,"caption":"Just Now News"},"image":{"@id":"https:\/\/now-news.de\/de\/#\/schema\/logo\/image\/"},"sameAs":["https:\/\/www.facebook.com\/wirmachenauf","https:\/\/x.com\/WirMachenAuf_de"]},{"@type":"Person","@id":"https:\/\/now-news.de\/de\/#\/schema\/person\/fb534a4e865501d8b3285208df34a9b5","name":"rtnews","image":{"@type":"ImageObject","inLanguage":"de","@id":"https:\/\/now-news.de\/de\/#\/schema\/person\/image\/","url":"https:\/\/secure.gravatar.com\/avatar\/82aafea7d8127119dd649515f56e2117?s=96&d=mm&r=g","contentUrl":"https:\/\/secure.gravatar.com\/avatar\/82aafea7d8127119dd649515f56e2117?s=96&d=mm&r=g","caption":"rtnews"},"url":"https:\/\/now-news.de\/de\/author\/rnews\/"}]}},"_links":{"self":[{"href":"https:\/\/now-news.de\/de\/wp-json\/wp\/v2\/posts\/71874"}],"collection":[{"href":"https:\/\/now-news.de\/de\/wp-json\/wp\/v2\/posts"}],"about":[{"href":"https:\/\/now-news.de\/de\/wp-json\/wp\/v2\/types\/post"}],"author":[{"embeddable":true,"href":"https:\/\/now-news.de\/de\/wp-json\/wp\/v2\/users\/3"}],"replies":[{"embeddable":true,"href":"https:\/\/now-news.de\/de\/wp-json\/wp\/v2\/comments?post=71874"}],"version-history":[{"count":0,"href":"https:\/\/now-news.de\/de\/wp-json\/wp\/v2\/posts\/71874\/revisions"}],"wp:featuredmedia":[{"embeddable":true,"href":"https:\/\/now-news.de\/de\/wp-json\/wp\/v2\/media\/71875"}],"wp:attachment":[{"href":"https:\/\/now-news.de\/de\/wp-json\/wp\/v2\/media?parent=71874"}],"wp:term":[{"taxonomy":"category","embeddable":true,"href":"https:\/\/now-news.de\/de\/wp-json\/wp\/v2\/categories?post=71874"},{"taxonomy":"post_tag","embeddable":true,"href":"https:\/\/now-news.de\/de\/wp-json\/wp\/v2\/tags?post=71874"}],"curies":[{"name":"wp","href":"https:\/\/api.w.org\/{rel}","templated":true}]}}