{"id":71872,"date":"2024-11-02T09:41:40","date_gmt":"2024-11-02T07:41:40","guid":{"rendered":"https:\/\/now-news.de\/de\/deutschland\/weil-usa-und-israel-es-wollen-kuba-blockade-bleibt-bestehen\/"},"modified":"2024-11-02T09:41:40","modified_gmt":"2024-11-02T07:41:40","slug":"weil-usa-und-israel-es-wollen-kuba-blockade-bleibt-bestehen","status":"publish","type":"post","link":"https:\/\/now-news.de\/de\/deutschland\/weil-usa-und-israel-es-wollen-kuba-blockade-bleibt-bestehen\/","title":{"rendered":"Weil USA und Israel es wollen: Kuba-Blockade bleibt bestehen"},"content":{"rendered":"<p><img decoding=\"async\" src=\"https:\/\/now-news.de\/de\/wp-content\/uploads\/sites\/3\/2024\/11\/6724d85148fbef63d33e0af6.jpg\" \/><\/p>\n<div class=\"Text-root Text-type_1 \">\n                Erneut forderte die UN-Generalversammlung ein Ende der US-Blockade gegen Kuba. Nur die USA und Israel votierten als einzige Staaten gegen den Rest der Welt. Argentiniens Pr\u00e4sident Milei will sich den beiden k\u00fcnftig anschlie\u00dfen: Er feuert seine Ministerin, weil diese sich ihm widersetzt hat.\n            <\/div>\n<p><\/p>\n<div class=\"Text-root Text-type_5 ArticleView-text ViewText-root \">\n<p><em>Von Susan Bonath<\/em><\/p>\n<p>So deutlich wie in dieser Woche entpuppte sich das Geschw\u00e4tz von &#8220;westlichen Werten&#8221; und &#8220;Demokratie&#8221; selten als blo\u00dfe Show \u2013 und die Vereinten Nationen (UN) als ein zahnloser Tiger. In der realen Welt gilt noch immer das Recht der st\u00e4rksten Imperialmacht: Als einzige Staaten der Welt stimmten die USA und ihre Nahost-Milit\u00e4renklave Israel am Mittwoch in der UN-Generalversammlung dagegen, die seit rund 64 Jahren bestehende Wirtschaftsblockade gegen den friedlichen Inselstaat Kuba aufzuheben.<\/p>\n<p>Dem Zweiergespann USA und Israel wird sich demn\u00e4chst wohl Argentinien unter Pr\u00e4sident Javier Milei anschlie\u00dfen. Der selbsterkl\u00e4rte &#8220;libert\u00e4re&#8221; Staatschef, der einen harten neoliberalen Kurs verfolgt und seit seinem Amtsantritt vor einem knappen Jahr sein Land de facto an US-Konzerne verscherbelt, hat seine Au\u00dfenministerin Diana Mondino entlassen, weil sie, wie bisher auch, f\u00fcr einen Blockadestopp votierte.<\/p>\n<p><strong>USA und Israel gegen 187 Staaten<\/strong><\/p>\n<p>Seit 1960 versuchen die USA, Kuba mit einer harten Blockade wirtschaftlich zu zerst\u00f6ren, um den kleinen Inselstaat vor ihrer Haust\u00fcr in den Vasallenstatus zur\u00fcckzuzwingen. Ihr erkl\u00e4rtes Ziel von 1961 war es, dort &#8220;das wirtschaftliche Leben zu schw\u00e4chen (\u2026), um Hunger, Verzweiflung und den Sturz der Regierung zu erreichen&#8221;. Ein Gro\u00dfteil der Welt stellt sich dagegen, so auch am Mittwoch in der UN-Generalversammlung.<\/p>\n<p>187 Staaten forderten in einer neuen\u00a0<a rel=\"nofollow noopener\" target=\"_blank\" href=\"https:\/\/news.un.org\/en\/story\/2024\/10\/1156316\">Resolution<\/a>\u00a0ein sofortiges Ende des Embargos. Das wie \u00fcblich nicht bindende Dokument tr\u00e4gt den Titel &#8220;Notwendigkeit der Beendigung des von den Vereinigten Staaten von Amerika gegen Kuba verh\u00e4ngten Wirtschafts-, Handels- und Finanzembargos&#8221;. Nur die USA und Israel stimmten erwartungsgem\u00e4\u00df dagegen, Moldawien enthielt sich. Alle anderen Staaten, darunter Deutschland und Russland, votierten f\u00fcr ein Ende der Sanktionen.<\/p>\n<p>Ein gro\u00dfes Thema f\u00fcr die deutschen Leitmedien war das diesmal nicht. Die\u00a0<em>ARD-Tagesschau<\/em>, das deutsche Meinungsschlachtschiff, \u00fcberging es v\u00f6llig. Vor allem kleinere Medien berichteten ausf\u00fchrlicher, darunter\u00a0<a rel=\"nofollow noopener\" target=\"_blank\" href=\"https:\/\/amerika21.de\/2024\/10\/272196\/welt-fordert-von-usa-ende-der-blockade\"><em>Amerika21<\/em><\/a>\u00a0und der\u00a0<a rel=\"nofollow noopener\" target=\"_blank\" href=\"https:\/\/www.lokalkompass.de\/dortmund\/c-politik\/un-generalversammlung-187-staaten-stimmen-gegen-voelkerrechtswidrige-us-blockade-und-fuer-kuba_a1998017\"><em>Dortmunder Lokalkompass<\/em><\/a>. Die marxistische Tageszeitung\u00a0<a rel=\"nofollow noopener\" target=\"_blank\" href=\"https:\/\/www.jungewelt.de\/artikel\/486959.moralischer-sieg.html\"><em>junge Welt<\/em><\/a>\u00a0bezeichnete das Votum als &#8220;moralischen Sieg&#8221; f\u00fcr Kuba.\u00a0<\/p>\n<p><strong>&#8220;\u00d6konomischer Terrorismus&#8221;<\/strong><\/p>\n<p>In den zahlreich abgelieferten Statements bezeichneten Gegner der Dauerblockade die US-Politik unter anderem als &#8220;r\u00fccksichtslosen Versto\u00df gegen die UN-Charta und Prinzipien des internationalen Friedens&#8221;. Vorw\u00fcrfe wurden mit Begriffen wie &#8220;Wirtschaftskrieg&#8221; und &#8220;\u00f6konomischer Terrorismus&#8221; beschrieben.<\/p>\n<p>Einige Staaten wiesen darauf hin, dass Kuba ein friedfertiger Staat sei, der anderen armen L\u00e4ndern selbstlos helfe, etwa durch medizinische Eins\u00e4tze und Medikamentenlieferungen sowie die Vergabe tausender Stipendien f\u00fcr junge Menschen aus L\u00e4ndern des &#8220;Globalen S\u00fcdens&#8221;. Gelobt wurde Kubas Moderation bei Friedensverhandlungen zwischen Kolumbiens Regierung und der Guerillagruppe FARC. Trotz erheblicher Entbehrungen erm\u00f6gliche Kuba allen Menschen im Land gute Bildung und medizinische Versorgung.<\/p>\n<p><strong>Milei macht Argentinien zum US-Vasall<\/strong><\/p>\n<p>Bisher votierte auch der s\u00fcdamerikanische Staat Argentinien stets daf\u00fcr, die Kuba-Blockade aufzuheben. Das soll sich nun unter Pr\u00e4sident Javier Milei \u00e4ndern. Die argentinische Au\u00dfenministerin Diana Mondino hatte es gewagt, sich Mileis pro-US-amerikanischen Kurs in diesem Punkt zu widersetzen \u2013 und wurde laut\u00a0<em><a rel=\"nofollow noopener\" target=\"_blank\" href=\"https:\/\/www.reuters.com\/world\/americas\/argentinas-milei-fires-foreign-minister-after-vote-lift-embargo-against-cuba-2024-10-30\/\">Reuters<\/a><\/em>\u00a0prompt von ihm entlassen.<\/p>\n<p>Milei f\u00fchlt sich den marktradikalen Doktrinen der neoliberalen Chicagoer Denkschule in den USA verpflichtet. Von dort wurde dereinst auch der chilenische Putsch im Jahr 1973 gegen den Sozialisten Salvador Allende unterst\u00fctzt und der an die Macht gehievte faschistische Diktator Augusto Pinochet gef\u00f6rdert.<\/p>\n<p>Milei versprach, sein Land mit radikalem Sozialabbau und Privatisierungen aus der Rezession zu holen. Er verabschiedete sich von den BRICS-Staaten und bekennt sich uneingeschr\u00e4nkt zur Dominanz der USA und Unterst\u00fctzung Israels. Bereits im ersten Jahr seiner Amtszeit f\u00fchrte sein Kurs offenbar zu einem\u00a0<a rel=\"nofollow noopener\" target=\"_blank\" href=\"https:\/\/amerika21.de\/blog\/2024\/10\/271932\/indigener-protest-zwangsraeumungen-argent\">dramatischen Anstieg von Umweltzerst\u00f6rung, Verarmung, Obdachlosigkeit und Gewalt im Land<\/a>.\u00a0<\/p>\n<p><strong>Sanktionen treffen Kubas Bev\u00f6lkerung<\/strong>\u00a0<\/p>\n<p>Die US-Blockadepolitik schadet Kubas wirtschaftlicher Entwicklung massiv. Sie verhindert den Handel und sch\u00e4digt damit nicht nur kubanische Unternehmen, Banken und Organisationen. Die USA bedrohen sogar ausl\u00e4ndische Akteure, die mit Firmen oder Institutionen in Kuba kooperieren, mit hohen Geldstrafen. Nach eigenem Bekunden setzt die selbst ernannte &#8220;Weltpolizei&#8221; auf eine &#8220;Politik der Angst&#8221;.<\/p>\n<p>Das wirkt sich dramatisch auf die kubanische Bev\u00f6lkerung aus: Angeh\u00f6rige im Ausland k\u00f6nnen ihren Familien in Kuba kein Geld \u00fcberweisen. Entwicklungs- und Gesundheitsprojekte mit ausl\u00e4ndischer Unterst\u00fctzung sind praktisch nicht m\u00f6glich. Wichtige Medikamente und Rohstoffe k\u00f6nnen nicht eingef\u00fchrt werden, und wenn doch, dann nur \u00fcber Umwege und massiv \u00fcberteuert. Dadurch ist auch die Stromversorgung eingeschr\u00e4nkt.<\/p>\n<p>Dies sorgt daf\u00fcr, dass der Lebensstandard in Kuba niedrig bleibt und viele Waren selten oder gar nicht verf\u00fcgbar sind. Gleichwohl ist in Kuba der Bildungsstandard vergleichsweise hoch und das soziale Gef\u00e4lle gering. Elendsslums wie in den USA und zunehmend auch in Europa findet man dort nicht.<\/p>\n<p><strong>Kriegerische Dominanz \u2013 neoliberale M\u00e4rchen<\/strong><\/p>\n<p>Nun f\u00fchrte die Blockade bekanntlich, wie der\u00a0<em><a rel=\"nofollow noopener\" target=\"_blank\" href=\"https:\/\/www.deutschlandfunk.de\/das-kuba-embargo-60-jahre-us-sanktionen-ohne-den-100.html\">Deutschlandfunk<\/a><\/em>\u00a0schon 2020 feststellte, in 60 Jahren nicht zur Aufgabe des sozialistischen Ziels der kubanischen Regierung, wie von den USA erhofft. Dennoch versch\u00e4rfte der damalige US-Pr\u00e4sident und Neuanw\u00e4rter f\u00fcr diesen Posten, Donald Trump, die Sanktionen sogar, um Kuba noch vollst\u00e4ndiger von dringend ben\u00f6tigten Devisen abzuschneiden. So lassen die USA etwa ihre B\u00fcrger nicht einmal mehr f\u00fcr einen Urlaub nach Kuba einreisen.<\/p>\n<p>Tats\u00e4chlich ist der niedrige Lebensstandard in Kuba also vor allem eine Folge der Blockade. Die USA und der gesamte Westen drehen den argumentativen Spie\u00df bekanntlich gerne um: Die sozialistische Regierung sei schuld, lautet eine beliebte faktenwidrige Behauptung.<\/p>\n<p>So belassen es denn auch die Regierungen Deutschlands und anderer EU- und NATO-Staaten beim stillen Votum. Ansonsten h\u00e4lt man es im Westen unter US-Diktat wie immer: Man l\u00e4sst das Unrecht weiter geschehen und sieht dabei zu \u2013 ganz so, als w\u00e4re die globale Dominanz des US-Imperialismus \u2013 auf der Basis neoliberaler M\u00e4rchenb\u00fccher und brutaler Wirtschaftskriege \u2013 das oberste Gesetz.<\/p>\n<p><strong>Mehr zum Thema<\/strong> &#8211; <a rel=\"nofollow noopener\" target=\"_blank\" href=\"https:\/\/freedert.online\/international\/188446-bruesseler-tribunal-zur-verurteilung-der-usa-fuer-kuba-blockade\/\">Br\u00fcsseler Tribunal: Verurteilung der jahrzehntelangen Blockade Kubas durch die USA<\/a><\/p>\n<\/p>\n<\/div>\n<p><br \/>\n<br \/><a href=\"https:\/\/de.rt.com\/international\/224415-weil-usa-und-israel-es-wollen-kubablockade\/\">Source link <\/a><\/p>\n","protected":false},"excerpt":{"rendered":"<p>Erneut forderte die UN-Generalversammlung ein Ende der US-Blockade gegen Kuba. Nur die USA und Israel votierten als einzige Staaten gegen den Rest der Welt. Argentiniens Pr\u00e4sident Milei will sich den beiden k\u00fcnftig anschlie\u00dfen: Er feuert seine Ministerin, weil diese sich ihm widersetzt hat. Von Susan Bonath So deutlich wie in dieser Woche entpuppte sich das [&hellip;]<\/p>\n","protected":false},"author":3,"featured_media":71873,"comment_status":"open","ping_status":"open","sticky":false,"template":"","format":"standard","meta":{"_yoast_indexnow_last_ping":["1730533687"],"wp_automatic_camp":["217"],"4d72fd83307bb2db2a5d3195e1c3d9d7":["Weil USA und Israel es wollen: Kuba-Blockade bleibt bestehen"],"original_link":["https:\/\/de.rt.com\/international\/224415-weil-usa-und-israel-es-wollen-kubablockade\/"],"_thumbnail_id":["71873"],"_wptgpro_p2tg_sent2tg":["a:1:{i:23737;s:19:\"2024-11-02 09:49:22\";}"],"jnews_social_counter_last_update":["1777594464"]},"categories":[19,23],"tags":[22518,487,432,59917,140,193,9228,1050],"yoast_head":"<!-- This site is optimized with the Yoast SEO Premium plugin v22.7 (Yoast SEO v22.7) - https:\/\/yoast.com\/wordpress\/plugins\/seo\/ -->\n<title>Weil USA und Israel es wollen: Kuba-Blockade bleibt bestehen - just-now.NEWS Deutschland<\/title>\n<meta name=\"robots\" content=\"index, follow, max-snippet:-1, max-image-preview:large, max-video-preview:-1\" \/>\n<link rel=\"canonical\" href=\"https:\/\/now-news.de\/de\/deutschland\/weil-usa-und-israel-es-wollen-kuba-blockade-bleibt-bestehen\/\" \/>\n<meta property=\"og:locale\" content=\"de_DE\" \/>\n<meta property=\"og:type\" content=\"article\" \/>\n<meta property=\"og:title\" content=\"Weil USA und Israel es wollen: Kuba-Blockade bleibt bestehen\" \/>\n<meta property=\"og:description\" content=\"Erneut forderte die UN-Generalversammlung ein Ende der US-Blockade gegen Kuba. Nur die USA und Israel votierten als einzige Staaten gegen den Rest der Welt. Argentiniens Pr\u00e4sident Milei will sich den beiden k\u00fcnftig anschlie\u00dfen: Er feuert seine Ministerin, weil diese sich ihm widersetzt hat. Von Susan Bonath So deutlich wie in dieser Woche entpuppte sich das [&hellip;]\" \/>\n<meta property=\"og:url\" content=\"https:\/\/now-news.de\/de\/deutschland\/weil-usa-und-israel-es-wollen-kuba-blockade-bleibt-bestehen\/\" \/>\n<meta property=\"og:site_name\" content=\"just-now.NEWS Deutschland\" \/>\n<meta property=\"article:publisher\" content=\"https:\/\/www.facebook.com\/wirmachenauf\" \/>\n<meta property=\"article:published_time\" content=\"2024-11-02T07:41:40+00:00\" \/>\n<meta property=\"og:image\" content=\"https:\/\/now-news.de\/de\/wp-content\/uploads\/sites\/3\/2024\/11\/6724d85148fbef63d33e0af6.jpg\" \/>\n<meta name=\"author\" content=\"rtnews\" \/>\n<meta name=\"twitter:card\" content=\"summary_large_image\" \/>\n<meta name=\"twitter:creator\" content=\"@WirMachenAuf_de\" \/>\n<meta name=\"twitter:site\" content=\"@WirMachenAuf_de\" \/>\n<meta name=\"twitter:label1\" content=\"Verfasst von\" \/>\n\t<meta name=\"twitter:data1\" content=\"rtnews\" \/>\n\t<meta name=\"twitter:label2\" content=\"Gesch\u00e4tzte Lesezeit\" \/>\n\t<meta name=\"twitter:data2\" content=\"5\u00a0Minuten\" \/>\n<script type=\"application\/ld+json\" class=\"yoast-schema-graph\">{\"@context\":\"https:\/\/schema.org\",\"@graph\":[{\"@type\":\"Article\",\"@id\":\"https:\/\/now-news.de\/de\/deutschland\/weil-usa-und-israel-es-wollen-kuba-blockade-bleibt-bestehen\/#article\",\"isPartOf\":{\"@id\":\"https:\/\/now-news.de\/de\/deutschland\/weil-usa-und-israel-es-wollen-kuba-blockade-bleibt-bestehen\/\"},\"author\":{\"name\":\"rtnews\",\"@id\":\"https:\/\/now-news.de\/de\/#\/schema\/person\/fb534a4e865501d8b3285208df34a9b5\"},\"headline\":\"Weil USA und Israel es wollen: Kuba-Blockade bleibt bestehen\",\"datePublished\":\"2024-11-02T07:41:40+00:00\",\"dateModified\":\"2024-11-02T07:41:40+00:00\",\"mainEntityOfPage\":{\"@id\":\"https:\/\/now-news.de\/de\/deutschland\/weil-usa-und-israel-es-wollen-kuba-blockade-bleibt-bestehen\/\"},\"wordCount\":1007,\"commentCount\":0,\"publisher\":{\"@id\":\"https:\/\/now-news.de\/de\/#organization\"},\"image\":{\"@id\":\"https:\/\/now-news.de\/de\/deutschland\/weil-usa-und-israel-es-wollen-kuba-blockade-bleibt-bestehen\/#primaryimage\"},\"thumbnailUrl\":\"https:\/\/now-news.de\/de\/wp-content\/uploads\/sites\/3\/2024\/11\/Weil-USA-und-Israel-es-wollen-Kuba-Blockade-bleibt-bestehen.jpg\",\"keywords\":[\"bestehen\",\"bleibt\",\"Israel\",\"KubaBlockade\",\"und\",\"USA\",\"weil\",\"wollen\"],\"articleSection\":[\"Deutschland\",\"Russland\"],\"inLanguage\":\"de\",\"potentialAction\":[{\"@type\":\"CommentAction\",\"name\":\"Comment\",\"target\":[\"https:\/\/now-news.de\/de\/deutschland\/weil-usa-und-israel-es-wollen-kuba-blockade-bleibt-bestehen\/#respond\"]}]},{\"@type\":\"WebPage\",\"@id\":\"https:\/\/now-news.de\/de\/deutschland\/weil-usa-und-israel-es-wollen-kuba-blockade-bleibt-bestehen\/\",\"url\":\"https:\/\/now-news.de\/de\/deutschland\/weil-usa-und-israel-es-wollen-kuba-blockade-bleibt-bestehen\/\",\"name\":\"Weil USA und Israel es wollen: Kuba-Blockade bleibt bestehen - just-now.NEWS Deutschland\",\"isPartOf\":{\"@id\":\"https:\/\/now-news.de\/de\/#website\"},\"primaryImageOfPage\":{\"@id\":\"https:\/\/now-news.de\/de\/deutschland\/weil-usa-und-israel-es-wollen-kuba-blockade-bleibt-bestehen\/#primaryimage\"},\"image\":{\"@id\":\"https:\/\/now-news.de\/de\/deutschland\/weil-usa-und-israel-es-wollen-kuba-blockade-bleibt-bestehen\/#primaryimage\"},\"thumbnailUrl\":\"https:\/\/now-news.de\/de\/wp-content\/uploads\/sites\/3\/2024\/11\/Weil-USA-und-Israel-es-wollen-Kuba-Blockade-bleibt-bestehen.jpg\",\"datePublished\":\"2024-11-02T07:41:40+00:00\",\"dateModified\":\"2024-11-02T07:41:40+00:00\",\"breadcrumb\":{\"@id\":\"https:\/\/now-news.de\/de\/deutschland\/weil-usa-und-israel-es-wollen-kuba-blockade-bleibt-bestehen\/#breadcrumb\"},\"inLanguage\":\"de\",\"potentialAction\":[{\"@type\":\"ReadAction\",\"target\":[\"https:\/\/now-news.de\/de\/deutschland\/weil-usa-und-israel-es-wollen-kuba-blockade-bleibt-bestehen\/\"]}]},{\"@type\":\"ImageObject\",\"inLanguage\":\"de\",\"@id\":\"https:\/\/now-news.de\/de\/deutschland\/weil-usa-und-israel-es-wollen-kuba-blockade-bleibt-bestehen\/#primaryimage\",\"url\":\"https:\/\/now-news.de\/de\/wp-content\/uploads\/sites\/3\/2024\/11\/Weil-USA-und-Israel-es-wollen-Kuba-Blockade-bleibt-bestehen.jpg\",\"contentUrl\":\"https:\/\/now-news.de\/de\/wp-content\/uploads\/sites\/3\/2024\/11\/Weil-USA-und-Israel-es-wollen-Kuba-Blockade-bleibt-bestehen.jpg\",\"width\":460,\"height\":259,\"caption\":\"Weil USA und Israel es wollen: Kuba-Blockade bleibt bestehen\"},{\"@type\":\"BreadcrumbList\",\"@id\":\"https:\/\/now-news.de\/de\/deutschland\/weil-usa-und-israel-es-wollen-kuba-blockade-bleibt-bestehen\/#breadcrumb\",\"itemListElement\":[{\"@type\":\"ListItem\",\"position\":1,\"name\":\"Home\",\"item\":\"https:\/\/now-news.de\/de\/\"},{\"@type\":\"ListItem\",\"position\":2,\"name\":\"Weil USA und Israel es wollen: Kuba-Blockade bleibt bestehen\"}]},{\"@type\":\"WebSite\",\"@id\":\"https:\/\/now-news.de\/de\/#website\",\"url\":\"https:\/\/now-news.de\/de\/\",\"name\":\"just-now.NEWS Deutschland\",\"description\":\"Das Portal f\u00fcr unzensierte Nachrichten aus der Welt\",\"publisher\":{\"@id\":\"https:\/\/now-news.de\/de\/#organization\"},\"potentialAction\":[{\"@type\":\"SearchAction\",\"target\":{\"@type\":\"EntryPoint\",\"urlTemplate\":\"https:\/\/now-news.de\/de\/?s={search_term_string}\"},\"query-input\":\"required name=search_term_string\"}],\"inLanguage\":\"de\"},{\"@type\":\"Organization\",\"@id\":\"https:\/\/now-news.de\/de\/#organization\",\"name\":\"Just Now News\",\"url\":\"https:\/\/now-news.de\/de\/\",\"logo\":{\"@type\":\"ImageObject\",\"inLanguage\":\"de\",\"@id\":\"https:\/\/now-news.de\/de\/#\/schema\/logo\/image\/\",\"url\":\"http:\/\/just-now.news\/de\/wp-content\/uploads\/sites\/3\/2022\/04\/logo500x500.jpg\",\"contentUrl\":\"http:\/\/just-now.news\/de\/wp-content\/uploads\/sites\/3\/2022\/04\/logo500x500.jpg\",\"width\":500,\"height\":500,\"caption\":\"Just Now News\"},\"image\":{\"@id\":\"https:\/\/now-news.de\/de\/#\/schema\/logo\/image\/\"},\"sameAs\":[\"https:\/\/www.facebook.com\/wirmachenauf\",\"https:\/\/x.com\/WirMachenAuf_de\"]},{\"@type\":\"Person\",\"@id\":\"https:\/\/now-news.de\/de\/#\/schema\/person\/fb534a4e865501d8b3285208df34a9b5\",\"name\":\"rtnews\",\"image\":{\"@type\":\"ImageObject\",\"inLanguage\":\"de\",\"@id\":\"https:\/\/now-news.de\/de\/#\/schema\/person\/image\/\",\"url\":\"https:\/\/secure.gravatar.com\/avatar\/82aafea7d8127119dd649515f56e2117?s=96&d=mm&r=g\",\"contentUrl\":\"https:\/\/secure.gravatar.com\/avatar\/82aafea7d8127119dd649515f56e2117?s=96&d=mm&r=g\",\"caption\":\"rtnews\"},\"url\":\"https:\/\/now-news.de\/de\/author\/rnews\/\"}]}<\/script>\n<!-- \/ Yoast SEO Premium plugin. -->","yoast_head_json":{"title":"Weil USA und Israel es wollen: Kuba-Blockade bleibt bestehen - just-now.NEWS Deutschland","robots":{"index":"index","follow":"follow","max-snippet":"max-snippet:-1","max-image-preview":"max-image-preview:large","max-video-preview":"max-video-preview:-1"},"canonical":"https:\/\/now-news.de\/de\/deutschland\/weil-usa-und-israel-es-wollen-kuba-blockade-bleibt-bestehen\/","og_locale":"de_DE","og_type":"article","og_title":"Weil USA und Israel es wollen: Kuba-Blockade bleibt bestehen","og_description":"Erneut forderte die UN-Generalversammlung ein Ende der US-Blockade gegen Kuba. Nur die USA und Israel votierten als einzige Staaten gegen den Rest der Welt. Argentiniens Pr\u00e4sident Milei will sich den beiden k\u00fcnftig anschlie\u00dfen: Er feuert seine Ministerin, weil diese sich ihm widersetzt hat. Von Susan Bonath So deutlich wie in dieser Woche entpuppte sich das [&hellip;]","og_url":"https:\/\/now-news.de\/de\/deutschland\/weil-usa-und-israel-es-wollen-kuba-blockade-bleibt-bestehen\/","og_site_name":"just-now.NEWS Deutschland","article_publisher":"https:\/\/www.facebook.com\/wirmachenauf","article_published_time":"2024-11-02T07:41:40+00:00","og_image":[{"url":"https:\/\/now-news.de\/de\/wp-content\/uploads\/sites\/3\/2024\/11\/6724d85148fbef63d33e0af6.jpg"}],"author":"rtnews","twitter_card":"summary_large_image","twitter_creator":"@WirMachenAuf_de","twitter_site":"@WirMachenAuf_de","twitter_misc":{"Verfasst von":"rtnews","Gesch\u00e4tzte Lesezeit":"5\u00a0Minuten"},"schema":{"@context":"https:\/\/schema.org","@graph":[{"@type":"Article","@id":"https:\/\/now-news.de\/de\/deutschland\/weil-usa-und-israel-es-wollen-kuba-blockade-bleibt-bestehen\/#article","isPartOf":{"@id":"https:\/\/now-news.de\/de\/deutschland\/weil-usa-und-israel-es-wollen-kuba-blockade-bleibt-bestehen\/"},"author":{"name":"rtnews","@id":"https:\/\/now-news.de\/de\/#\/schema\/person\/fb534a4e865501d8b3285208df34a9b5"},"headline":"Weil USA und Israel es wollen: Kuba-Blockade bleibt bestehen","datePublished":"2024-11-02T07:41:40+00:00","dateModified":"2024-11-02T07:41:40+00:00","mainEntityOfPage":{"@id":"https:\/\/now-news.de\/de\/deutschland\/weil-usa-und-israel-es-wollen-kuba-blockade-bleibt-bestehen\/"},"wordCount":1007,"commentCount":0,"publisher":{"@id":"https:\/\/now-news.de\/de\/#organization"},"image":{"@id":"https:\/\/now-news.de\/de\/deutschland\/weil-usa-und-israel-es-wollen-kuba-blockade-bleibt-bestehen\/#primaryimage"},"thumbnailUrl":"https:\/\/now-news.de\/de\/wp-content\/uploads\/sites\/3\/2024\/11\/Weil-USA-und-Israel-es-wollen-Kuba-Blockade-bleibt-bestehen.jpg","keywords":["bestehen","bleibt","Israel","KubaBlockade","und","USA","weil","wollen"],"articleSection":["Deutschland","Russland"],"inLanguage":"de","potentialAction":[{"@type":"CommentAction","name":"Comment","target":["https:\/\/now-news.de\/de\/deutschland\/weil-usa-und-israel-es-wollen-kuba-blockade-bleibt-bestehen\/#respond"]}]},{"@type":"WebPage","@id":"https:\/\/now-news.de\/de\/deutschland\/weil-usa-und-israel-es-wollen-kuba-blockade-bleibt-bestehen\/","url":"https:\/\/now-news.de\/de\/deutschland\/weil-usa-und-israel-es-wollen-kuba-blockade-bleibt-bestehen\/","name":"Weil USA und Israel es wollen: Kuba-Blockade bleibt bestehen - just-now.NEWS Deutschland","isPartOf":{"@id":"https:\/\/now-news.de\/de\/#website"},"primaryImageOfPage":{"@id":"https:\/\/now-news.de\/de\/deutschland\/weil-usa-und-israel-es-wollen-kuba-blockade-bleibt-bestehen\/#primaryimage"},"image":{"@id":"https:\/\/now-news.de\/de\/deutschland\/weil-usa-und-israel-es-wollen-kuba-blockade-bleibt-bestehen\/#primaryimage"},"thumbnailUrl":"https:\/\/now-news.de\/de\/wp-content\/uploads\/sites\/3\/2024\/11\/Weil-USA-und-Israel-es-wollen-Kuba-Blockade-bleibt-bestehen.jpg","datePublished":"2024-11-02T07:41:40+00:00","dateModified":"2024-11-02T07:41:40+00:00","breadcrumb":{"@id":"https:\/\/now-news.de\/de\/deutschland\/weil-usa-und-israel-es-wollen-kuba-blockade-bleibt-bestehen\/#breadcrumb"},"inLanguage":"de","potentialAction":[{"@type":"ReadAction","target":["https:\/\/now-news.de\/de\/deutschland\/weil-usa-und-israel-es-wollen-kuba-blockade-bleibt-bestehen\/"]}]},{"@type":"ImageObject","inLanguage":"de","@id":"https:\/\/now-news.de\/de\/deutschland\/weil-usa-und-israel-es-wollen-kuba-blockade-bleibt-bestehen\/#primaryimage","url":"https:\/\/now-news.de\/de\/wp-content\/uploads\/sites\/3\/2024\/11\/Weil-USA-und-Israel-es-wollen-Kuba-Blockade-bleibt-bestehen.jpg","contentUrl":"https:\/\/now-news.de\/de\/wp-content\/uploads\/sites\/3\/2024\/11\/Weil-USA-und-Israel-es-wollen-Kuba-Blockade-bleibt-bestehen.jpg","width":460,"height":259,"caption":"Weil USA und Israel es wollen: Kuba-Blockade bleibt bestehen"},{"@type":"BreadcrumbList","@id":"https:\/\/now-news.de\/de\/deutschland\/weil-usa-und-israel-es-wollen-kuba-blockade-bleibt-bestehen\/#breadcrumb","itemListElement":[{"@type":"ListItem","position":1,"name":"Home","item":"https:\/\/now-news.de\/de\/"},{"@type":"ListItem","position":2,"name":"Weil USA und Israel es wollen: Kuba-Blockade bleibt bestehen"}]},{"@type":"WebSite","@id":"https:\/\/now-news.de\/de\/#website","url":"https:\/\/now-news.de\/de\/","name":"just-now.NEWS Deutschland","description":"Das Portal f\u00fcr unzensierte Nachrichten aus der Welt","publisher":{"@id":"https:\/\/now-news.de\/de\/#organization"},"potentialAction":[{"@type":"SearchAction","target":{"@type":"EntryPoint","urlTemplate":"https:\/\/now-news.de\/de\/?s={search_term_string}"},"query-input":"required name=search_term_string"}],"inLanguage":"de"},{"@type":"Organization","@id":"https:\/\/now-news.de\/de\/#organization","name":"Just Now News","url":"https:\/\/now-news.de\/de\/","logo":{"@type":"ImageObject","inLanguage":"de","@id":"https:\/\/now-news.de\/de\/#\/schema\/logo\/image\/","url":"http:\/\/just-now.news\/de\/wp-content\/uploads\/sites\/3\/2022\/04\/logo500x500.jpg","contentUrl":"http:\/\/just-now.news\/de\/wp-content\/uploads\/sites\/3\/2022\/04\/logo500x500.jpg","width":500,"height":500,"caption":"Just Now News"},"image":{"@id":"https:\/\/now-news.de\/de\/#\/schema\/logo\/image\/"},"sameAs":["https:\/\/www.facebook.com\/wirmachenauf","https:\/\/x.com\/WirMachenAuf_de"]},{"@type":"Person","@id":"https:\/\/now-news.de\/de\/#\/schema\/person\/fb534a4e865501d8b3285208df34a9b5","name":"rtnews","image":{"@type":"ImageObject","inLanguage":"de","@id":"https:\/\/now-news.de\/de\/#\/schema\/person\/image\/","url":"https:\/\/secure.gravatar.com\/avatar\/82aafea7d8127119dd649515f56e2117?s=96&d=mm&r=g","contentUrl":"https:\/\/secure.gravatar.com\/avatar\/82aafea7d8127119dd649515f56e2117?s=96&d=mm&r=g","caption":"rtnews"},"url":"https:\/\/now-news.de\/de\/author\/rnews\/"}]}},"_links":{"self":[{"href":"https:\/\/now-news.de\/de\/wp-json\/wp\/v2\/posts\/71872"}],"collection":[{"href":"https:\/\/now-news.de\/de\/wp-json\/wp\/v2\/posts"}],"about":[{"href":"https:\/\/now-news.de\/de\/wp-json\/wp\/v2\/types\/post"}],"author":[{"embeddable":true,"href":"https:\/\/now-news.de\/de\/wp-json\/wp\/v2\/users\/3"}],"replies":[{"embeddable":true,"href":"https:\/\/now-news.de\/de\/wp-json\/wp\/v2\/comments?post=71872"}],"version-history":[{"count":0,"href":"https:\/\/now-news.de\/de\/wp-json\/wp\/v2\/posts\/71872\/revisions"}],"wp:featuredmedia":[{"embeddable":true,"href":"https:\/\/now-news.de\/de\/wp-json\/wp\/v2\/media\/71873"}],"wp:attachment":[{"href":"https:\/\/now-news.de\/de\/wp-json\/wp\/v2\/media?parent=71872"}],"wp:term":[{"taxonomy":"category","embeddable":true,"href":"https:\/\/now-news.de\/de\/wp-json\/wp\/v2\/categories?post=71872"},{"taxonomy":"post_tag","embeddable":true,"href":"https:\/\/now-news.de\/de\/wp-json\/wp\/v2\/tags?post=71872"}],"curies":[{"name":"wp","href":"https:\/\/api.w.org\/{rel}","templated":true}]}}