{"id":71825,"date":"2024-11-01T16:01:30","date_gmt":"2024-11-01T14:01:30","guid":{"rendered":"https:\/\/now-news.de\/de\/deutschland\/viktor-orban-dieser-krieg-ist-fuer-die-ukraine-verloren\/"},"modified":"2024-11-01T16:01:30","modified_gmt":"2024-11-01T14:01:30","slug":"viktor-orban-dieser-krieg-ist-fuer-die-ukraine-verloren","status":"publish","type":"post","link":"https:\/\/now-news.de\/de\/deutschland\/viktor-orban-dieser-krieg-ist-fuer-die-ukraine-verloren\/","title":{"rendered":"Viktor Orb\u00e1n: &quot;Dieser Krieg ist f\u00fcr die Ukraine verloren!&quot;"},"content":{"rendered":"<div class=\"Text-root Text-type_1 \">\n                Am 31. Oktober fand in Wien ein &#8220;Friedensgipfel&#8221; statt, bei dem Ungarns Ministerpr\u00e4sident Viktor Orb\u00e1n und Altkanzler Gerhard Schr\u00f6der die zentralen Redner waren. Die beiden Politiker sprachen sich klar f\u00fcr einen schnellen Waffenstillstand im Ukraine-Krieg aus und kritisierten die europ\u00e4ische Unterst\u00fctzungspolitik als realit\u00e4tsfern und kostspielig.\n            <\/div>\n<p><\/p>\n<div class=\"Text-root Text-type_5 ArticleView-text ViewText-root \">\n<p>In Wien trat Ungarns Ministerpr\u00e4sident Viktor Orb\u00e1n k\u00fcrzlich bei einem Podiumsgespr\u00e4ch der <a rel=\"nofollow noopener\" target=\"_blank\" href=\"https:\/\/weltwoche.ch\/daily\/viktor-orban-dieser-krieg-ist-fuer-die-ukraine-verloren\/\"><em>Weltwoche<\/em><\/a> auf, wo er sich in \u00fcberraschender Einigkeit mit Altkanzler Gerhard Schr\u00f6der zeigte: Die beiden Veteranen der europ\u00e4ischen Politik forderten ein Umdenken im Ukraine-Konflikt und einen raschen Waffenstillstand.<\/p>\n<p>Der Krieg, so Orb\u00e1n, sei f\u00fcr die Ukraine milit\u00e4risch verloren\u00a0\u2013 und eine Fortf\u00fchrung nur noch ein Weg in die Zerst\u00f6rung. Eine Chance zur Friedensinitiative, sagte Orb\u00e1n, bestehe durch die USA\u00a0im Falle einer Wiederwahl Donald Trumps.<\/p>\n<div class=\"EmbedBlock-root EmbedBlock-twitter\">\n<div class=\"TwitterEmbed\">\n<blockquote class=\"twitter-tweet lazyload\" data-twitter=\"twitter-tweet\">\n<p lang=\"en\" dir=\"ltr\">Had a great meeting today with FP\u00d6-President Herbert <a rel=\"nofollow noopener\" target=\"_blank\" href=\"https:\/\/twitter.com\/hashtag\/Kickl?src=hash&amp;ref_src=twsrc%5Etfw\">#Kickl<\/a>. We reaffirmed our alliance by signing the Vienna Declaration. It\u2019s worth the read! <a rel=\"nofollow noopener\" target=\"_blank\" href=\"https:\/\/twitter.com\/hashtag\/Patriots?src=hash&amp;ref_src=twsrc%5Etfw\">#Patriots<\/a><a rel=\"nofollow noopener\" target=\"_blank\" href=\"https:\/\/twitter.com\/hashtag\/MakeEuropeGreatAgain?src=hash&amp;ref_src=twsrc%5Etfw\">#MakeEuropeGreatAgain<\/a><a rel=\"nofollow noopener\" target=\"_blank\" href=\"https:\/\/t.co\/MFsLP74WUs\">https:\/\/t.co\/MFsLP74WUs<\/a><\/p>\n<p>\u2014 Orb\u00e1n Viktor (@PM_ViktorOrban) <a rel=\"nofollow noopener\" target=\"_blank\" href=\"https:\/\/twitter.com\/PM_ViktorOrban\/status\/1852005607236043182?ref_src=twsrc%5Etfw\">October 31, 2024<\/a><\/p><\/blockquote>\n<\/div>\n<\/div>\n<p>Im Saal der Wiener Sofiens\u00e4le applaudierten rund 400 G\u00e4ste, die in Orb\u00e1ns und Schr\u00f6ders Positionen eine notwendige Gegenstimme zur aktuellen EU-Politik sahen.<\/p>\n<p>Orb\u00e1n \u00fcbte scharfe Kritik an den Regierungen Europas, die sich seiner Meinung nach einem unm\u00f6glichen Sieg verschrieben haben. Ursula von der Leyen und andere Spitzenpolitiker der EU-Kommission seien von der Idee besessen, Russland zu besiegen, doch sie verkennen die Realit\u00e4t, so der ungarische Ministerpr\u00e4sident.<\/p>\n<p>Solange Europa keine eigenen Truppen entsenden wolle, m\u00fcsse es einsehen, dass ein milit\u00e4rischer Erfolg nicht erreichbar sei.<\/p>\n<div class=\"EmbedBlock-root EmbedBlock-twitter\">\n<div class=\"TwitterEmbed\">\n<blockquote class=\"twitter-tweet lazyload\" data-twitter=\"twitter-tweet\">\n<p lang=\"en\" dir=\"ltr\">A busy day in Vienna. First stop: meeting with the new President of the National Council, Walter Rosenkranz. All eyes on the <a rel=\"nofollow noopener\" target=\"_blank\" href=\"https:\/\/twitter.com\/PatriotsEU?ref_src=twsrc%5Etfw\">@PatriotsEU<\/a> \ud83d\ude0e <a rel=\"nofollow noopener\" target=\"_blank\" href=\"https:\/\/t.co\/z1y3QpOiSR\">pic.twitter.com\/z1y3QpOiSR<\/a><\/p>\n<p>\u2014 Orb\u00e1n Viktor (@PM_ViktorOrban) <a rel=\"nofollow noopener\" target=\"_blank\" href=\"https:\/\/twitter.com\/PM_ViktorOrban\/status\/1851926130657313149?ref_src=twsrc%5Etfw\">October 31, 2024<\/a><\/p><\/blockquote>\n<\/div>\n<\/div>\n<p>Die europ\u00e4ische Au\u00dfenpolitik, die jegliche Kommunikation mit Russland verweigere, sei eine Form diplomatischen Analphabetismus, bemerkte Orb\u00e1n.<\/p>\n<p>Schr\u00f6der, der in der Vergangenheit als russlandfreundlicher Politiker in Deutschland heftig kritisiert wurde, stimmte zu.<\/p>\n<blockquote>\n<p><em>&#8220;Seit wann wird man f\u00fcr eine Friedensinitiative gescholten?&#8221;,\u00a0<a rel=\"nofollow noopener\" target=\"_blank\" href=\"https:\/\/exxpress.at\/politik\/schroeder-und-orban-setzen-auf-trump-und-frieden-in-europa\/\">fragte<\/a> der Altkanzler und kritisierte die Haltung vieler EU-L\u00e4nder als ideologisch verengt.<\/em><\/p>\n<\/blockquote>\n<p>Europa scheine nicht mehr souver\u00e4n genug, um eigene Entscheidungen zu treffen, sondern folge blind einer Eskalationspolitik, die auf Kosten der Stabilit\u00e4t des Kontinents gehe.<\/p>\n<figure class=\"RTImage-root\">\n<div class=\"RTImage-image RTImage-original\"><picture class=\"Picture-root Picture-original\"><!--[if IE 9]><video style=\"display: none;\"><![endif]--><source media=\"(-webkit-min-device-pixel-ratio: 2) and (min-resolution: 120dpi)\" data-srcset=\" \nhttps:\/\/now-news.de\/de\/wp-content\/uploads\/sites\/3\/2024\/11\/6724cef648fbef656a2e34b0.jpg 850w,\n                https:\/\/now-news.de\/de\/wp-content\/uploads\/sites\/3\/2024\/11\/6724cef648fbef656a2e34b0.jpg 1960w,            \" ><source data-srcset=\" \nhttps:\/\/now-news.de\/de\/wp-content\/uploads\/sites\/3\/2024\/11\/6724cef648fbef656a2e34b0.jpg 460w,\n              https:\/\/now-news.de\/de\/wp-content\/uploads\/sites\/3\/2024\/11\/6724cef648fbef656a2e34b0.jpg 980w,\n            \" ><!--[if IE 9]><\/video><![endif]--><img decoding=\"async\" data- src=\"data:image\/png;base64,iVBORw0KGgoAAAANSUhEUgAAABAAAAAJCAQAAACRI2S5AAAAEElEQVR42mNkIAAYRxWAAQAG9gAKqv6+AwAAAABJRU5ErkJggg==\" class=\"Picture-root Picture-original lazyload\" data-src=\"https:\/\/now-news.de\/de\/wp-content\/uploads\/sites\/3\/2024\/11\/6724cef648fbef656a2e34b0.jpg\" alt=\"\"><\/source><\/source><\/picture><!-- noscript pattern --><noscript><img decoding=\"async\" src=\"https:\/\/now-news.de\/de\/wp-content\/uploads\/sites\/3\/2024\/11\/6724cef648fbef656a2e34b0.jpg\" alt=\"\"><\/noscript><\/div><figcaption class=\"RTImage-footer\"><span class=\"RTImage-caption\"><span class=\"RTImage-captionItem\">Gerhard Schr\u00f6der und Viktor Orb\u00e1n setzen auf Frieden in Europa.<\/span><\/span><span class=\"RTImage-source\"><span class=\"RTImage-captionItem\">x<\/span><\/span><\/figcaption><\/figure>\n<p>Orb\u00e1n hob hervor, dass es bereits im Fr\u00fchjahr\u00a02022 eine Friedensm\u00f6glichkeit gegeben habe, die jedoch durch die Weigerung des damaligen britischen Premiers Boris Johnson vereitelt worden sei.<\/p>\n<p>Wladimir Putin habe Garantien gefordert, dass die Ukraine eine Feuerpause nicht zur Aufr\u00fcstung nutzen w\u00fcrde\u00a0\u2013 ein Anliegen, das Orb\u00e1n als durchaus berechtigt ansieht. Die EU, die diese diplomatischen Bem\u00fchungen unterst\u00fctzt und flankiert haben k\u00f6nnte, blieb jedoch stumm.<\/p>\n<p>Die europ\u00e4ische Unterst\u00fctzung f\u00fcr die Ukraine f\u00fchre in eine wirtschaftliche Sackgasse, so die beiden Politiker. Schr\u00f6der bezeichnete Trump als Hoffnungstr\u00e4ger, der im Falle einer Wiederwahl mit Putin an einem Friedensabkommen arbeiten k\u00f6nnte.<\/p>\n<p>F\u00fcr Orb\u00e1n ist klar: Ein Frieden in Europa wird nicht durch das Festhalten an alten Feindbildern erreicht. Die Europ\u00e4er m\u00fcssten vielmehr ihre Interessen und die Realit\u00e4t anerkennen, um eine diplomatische L\u00f6sung zu finden.<\/p>\n<p>Europa, sagte Orb\u00e1n, stehe wirtschaftlich am Abgrund. Die enorm hohen Energiepreise im Vergleich zu den USA seien f\u00fcr die europ\u00e4ische Wirtschaft t\u00f6dlich.<\/p>\n<blockquote>\n<p><em>&#8220;Wenn wir das nicht \u00e4ndern, werden wir verrecken.&#8221;<\/em><\/p>\n<\/blockquote>\n<p>Eine multipolare Welt bringe Vorteile, aber Europa drohe zu scheitern, wenn es sich nicht an seine St\u00e4rken erinnere. In der j\u00fcngeren Geschichte h\u00e4tten Europ\u00e4er sich in Weltkriegen selbst zerfleischt, und nun st\u00fcnden sie vor neuen Herausforderungen\u00a0\u2013 Migration, Krieg und Identit\u00e4tsfragen\u00a0\u2013, f\u00fcr die es eine neue Mitte und neue F\u00fchrungspers\u00f6nlichkeiten brauche.<\/p>\n<p>Am Ende der Veranstaltung blieb eine zentrale Botschaft: Europas Zukunft h\u00e4ngt an seiner F\u00e4higkeit, sich aus den Klauen einer unbedingten Kriegslogik zu l\u00f6sen und einen eigenen Weg zu finden\u00a0\u2013 einen Weg, der der Realit\u00e4t ins Auge sieht und eine Chance auf Frieden nicht von vornherein ausschlie\u00dft.<\/p>\n<p><strong>Mehr zum Thema \u2013\u00a0<\/strong><a rel=\"nofollow noopener\" target=\"_blank\" href=\"https:\/\/test.rtde.tech\/inland\/146930-faktencheck-warum-strompreise-wirklich-durch\/\">Faktencheck: Warum die Strompreise wirklich durch die Decke gehen<\/a><\/p>\n<div class=\"EmbedBlock-root EmbedBlock-externalVideo EmbedBlock-rumble\">\n<div class=\"VkEmbed\"><iframe class=\"lazyload\" data-src=\"https:\/\/rumble.com\/embed\/v5ivhpr\" frameborder=\"0\" width=\"853\" height=\"480\" allowfullscreen><\/iframe><\/div>\n<\/div>\n<\/div>\n<p><script async src=\"https:\/\/platform.twitter.com\/widgets.js\" charset=\"utf-8\"><\/script><br \/>\n<br \/><br \/>\n<br \/><a href=\"https:\/\/de.rt.com\/oesterreich\/224420-viktor-orban-dieser-krieg-ist-fuer-die-ukraine-verloren\/\">Source link <\/a><\/p>\n","protected":false},"excerpt":{"rendered":"<p>Am 31. Oktober fand in Wien ein &#8220;Friedensgipfel&#8221; statt, bei dem Ungarns Ministerpr\u00e4sident Viktor Orb\u00e1n und Altkanzler Gerhard Schr\u00f6der die zentralen Redner waren. Die beiden Politiker sprachen sich klar f\u00fcr einen schnellen Waffenstillstand im Ukraine-Krieg aus und kritisierten die europ\u00e4ische Unterst\u00fctzungspolitik als realit\u00e4tsfern und kostspielig. In Wien trat Ungarns Ministerpr\u00e4sident Viktor Orb\u00e1n k\u00fcrzlich bei einem [&hellip;]<\/p>\n","protected":false},"author":3,"featured_media":71826,"comment_status":"open","ping_status":"open","sticky":false,"template":"","format":"standard","meta":{"_yoast_indexnow_last_ping":["1730470019"],"wp_automatic_camp":["217"],"547d85f1536ff6e559b28c7c5cd886ec":["Viktor Orb\u00e1n: &quot;Dieser Krieg ist f\u00fcr die Ukraine verloren!&quot;"],"original_link":["https:\/\/de.rt.com\/oesterreich\/224420-viktor-orban-dieser-krieg-ist-fuer-die-ukraine-verloren\/"],"_thumbnail_id":["71826"],"_wptgpro_p2tg_sent2tg":["a:1:{i:23737;s:19:\"2024-11-01 16:08:09\";}"],"jnews_social_counter_last_update":["1777357321"]},"categories":[19,23],"tags":[45,221,414,130,6397,32497,127,36213,29570],"yoast_head":"<!-- This site is optimized with the Yoast SEO Premium plugin v22.7 (Yoast SEO v22.7) - https:\/\/yoast.com\/wordpress\/plugins\/seo\/ -->\n<title>Viktor Orb\u00e1n: &quot;Dieser Krieg ist f\u00fcr die Ukraine verloren!&quot; - just-now.NEWS Deutschland<\/title>\n<meta name=\"robots\" content=\"index, follow, max-snippet:-1, max-image-preview:large, max-video-preview:-1\" \/>\n<link rel=\"canonical\" href=\"https:\/\/now-news.de\/de\/deutschland\/viktor-orban-dieser-krieg-ist-fuer-die-ukraine-verloren\/\" \/>\n<meta property=\"og:locale\" content=\"de_DE\" \/>\n<meta property=\"og:type\" content=\"article\" \/>\n<meta property=\"og:title\" content=\"Viktor Orb\u00e1n: &quot;Dieser Krieg ist f\u00fcr die Ukraine verloren!&quot;\" \/>\n<meta property=\"og:description\" content=\"Am 31. Oktober fand in Wien ein &#8220;Friedensgipfel&#8221; statt, bei dem Ungarns Ministerpr\u00e4sident Viktor Orb\u00e1n und Altkanzler Gerhard Schr\u00f6der die zentralen Redner waren. Die beiden Politiker sprachen sich klar f\u00fcr einen schnellen Waffenstillstand im Ukraine-Krieg aus und kritisierten die europ\u00e4ische Unterst\u00fctzungspolitik als realit\u00e4tsfern und kostspielig. In Wien trat Ungarns Ministerpr\u00e4sident Viktor Orb\u00e1n k\u00fcrzlich bei einem [&hellip;]\" \/>\n<meta property=\"og:url\" content=\"https:\/\/now-news.de\/de\/deutschland\/viktor-orban-dieser-krieg-ist-fuer-die-ukraine-verloren\/\" \/>\n<meta property=\"og:site_name\" content=\"just-now.NEWS Deutschland\" \/>\n<meta property=\"article:publisher\" content=\"https:\/\/www.facebook.com\/wirmachenauf\" \/>\n<meta property=\"article:published_time\" content=\"2024-11-01T14:01:30+00:00\" \/>\n<meta property=\"og:image\" content=\"https:\/\/now-news.de\/de\/wp-content\/uploads\/sites\/3\/2024\/11\/6724cef648fbef656a2e34b0.jpg\" \/>\n<meta name=\"author\" content=\"rtnews\" \/>\n<meta name=\"twitter:card\" content=\"summary_large_image\" \/>\n<meta name=\"twitter:creator\" content=\"@WirMachenAuf_de\" \/>\n<meta name=\"twitter:site\" content=\"@WirMachenAuf_de\" \/>\n<meta name=\"twitter:label1\" content=\"Verfasst von\" \/>\n\t<meta name=\"twitter:data1\" content=\"rtnews\" \/>\n\t<meta name=\"twitter:label2\" content=\"Gesch\u00e4tzte Lesezeit\" \/>\n\t<meta name=\"twitter:data2\" content=\"4\u00a0Minuten\" \/>\n<script type=\"application\/ld+json\" class=\"yoast-schema-graph\">{\"@context\":\"https:\/\/schema.org\",\"@graph\":[{\"@type\":\"Article\",\"@id\":\"https:\/\/now-news.de\/de\/deutschland\/viktor-orban-dieser-krieg-ist-fuer-die-ukraine-verloren\/#article\",\"isPartOf\":{\"@id\":\"https:\/\/now-news.de\/de\/deutschland\/viktor-orban-dieser-krieg-ist-fuer-die-ukraine-verloren\/\"},\"author\":{\"name\":\"rtnews\",\"@id\":\"https:\/\/now-news.de\/de\/#\/schema\/person\/fb534a4e865501d8b3285208df34a9b5\"},\"headline\":\"Viktor Orb\u00e1n: &quot;Dieser Krieg ist f\u00fcr die Ukraine verloren!&quot;\",\"datePublished\":\"2024-11-01T14:01:30+00:00\",\"dateModified\":\"2024-11-01T14:01:30+00:00\",\"mainEntityOfPage\":{\"@id\":\"https:\/\/now-news.de\/de\/deutschland\/viktor-orban-dieser-krieg-ist-fuer-die-ukraine-verloren\/\"},\"wordCount\":721,\"commentCount\":0,\"publisher\":{\"@id\":\"https:\/\/now-news.de\/de\/#organization\"},\"image\":{\"@id\":\"https:\/\/now-news.de\/de\/deutschland\/viktor-orban-dieser-krieg-ist-fuer-die-ukraine-verloren\/#primaryimage\"},\"thumbnailUrl\":\"https:\/\/now-news.de\/de\/wp-content\/uploads\/sites\/3\/2024\/11\/Viktor-Orban-quotDieser-Krieg-ist-fuer-die-Ukraine-verlorenquot.jpg\",\"keywords\":[\"die\",\"f\u00fcr\",\"ist\",\"krieg\",\"Orb\u00e1n\",\"quotDieser\",\"ukraine\",\"verlorenquot\",\"Viktor\"],\"articleSection\":[\"Deutschland\",\"Russland\"],\"inLanguage\":\"de\",\"potentialAction\":[{\"@type\":\"CommentAction\",\"name\":\"Comment\",\"target\":[\"https:\/\/now-news.de\/de\/deutschland\/viktor-orban-dieser-krieg-ist-fuer-die-ukraine-verloren\/#respond\"]}]},{\"@type\":\"WebPage\",\"@id\":\"https:\/\/now-news.de\/de\/deutschland\/viktor-orban-dieser-krieg-ist-fuer-die-ukraine-verloren\/\",\"url\":\"https:\/\/now-news.de\/de\/deutschland\/viktor-orban-dieser-krieg-ist-fuer-die-ukraine-verloren\/\",\"name\":\"Viktor Orb\u00e1n: &quot;Dieser Krieg ist f\u00fcr die Ukraine verloren!&quot; - just-now.NEWS Deutschland\",\"isPartOf\":{\"@id\":\"https:\/\/now-news.de\/de\/#website\"},\"primaryImageOfPage\":{\"@id\":\"https:\/\/now-news.de\/de\/deutschland\/viktor-orban-dieser-krieg-ist-fuer-die-ukraine-verloren\/#primaryimage\"},\"image\":{\"@id\":\"https:\/\/now-news.de\/de\/deutschland\/viktor-orban-dieser-krieg-ist-fuer-die-ukraine-verloren\/#primaryimage\"},\"thumbnailUrl\":\"https:\/\/now-news.de\/de\/wp-content\/uploads\/sites\/3\/2024\/11\/Viktor-Orban-quotDieser-Krieg-ist-fuer-die-Ukraine-verlorenquot.jpg\",\"datePublished\":\"2024-11-01T14:01:30+00:00\",\"dateModified\":\"2024-11-01T14:01:30+00:00\",\"breadcrumb\":{\"@id\":\"https:\/\/now-news.de\/de\/deutschland\/viktor-orban-dieser-krieg-ist-fuer-die-ukraine-verloren\/#breadcrumb\"},\"inLanguage\":\"de\",\"potentialAction\":[{\"@type\":\"ReadAction\",\"target\":[\"https:\/\/now-news.de\/de\/deutschland\/viktor-orban-dieser-krieg-ist-fuer-die-ukraine-verloren\/\"]}]},{\"@type\":\"ImageObject\",\"inLanguage\":\"de\",\"@id\":\"https:\/\/now-news.de\/de\/deutschland\/viktor-orban-dieser-krieg-ist-fuer-die-ukraine-verloren\/#primaryimage\",\"url\":\"https:\/\/now-news.de\/de\/wp-content\/uploads\/sites\/3\/2024\/11\/Viktor-Orban-quotDieser-Krieg-ist-fuer-die-Ukraine-verlorenquot.jpg\",\"contentUrl\":\"https:\/\/now-news.de\/de\/wp-content\/uploads\/sites\/3\/2024\/11\/Viktor-Orban-quotDieser-Krieg-ist-fuer-die-Ukraine-verlorenquot.jpg\",\"width\":1620,\"height\":1080,\"caption\":\"Viktor Orb\u00e1n: &quot;Dieser Krieg ist f\u00fcr die Ukraine verloren!&quot;\"},{\"@type\":\"BreadcrumbList\",\"@id\":\"https:\/\/now-news.de\/de\/deutschland\/viktor-orban-dieser-krieg-ist-fuer-die-ukraine-verloren\/#breadcrumb\",\"itemListElement\":[{\"@type\":\"ListItem\",\"position\":1,\"name\":\"Home\",\"item\":\"https:\/\/now-news.de\/de\/\"},{\"@type\":\"ListItem\",\"position\":2,\"name\":\"Viktor Orb\u00e1n: &quot;Dieser Krieg ist f\u00fcr die Ukraine verloren!&quot;\"}]},{\"@type\":\"WebSite\",\"@id\":\"https:\/\/now-news.de\/de\/#website\",\"url\":\"https:\/\/now-news.de\/de\/\",\"name\":\"just-now.NEWS Deutschland\",\"description\":\"Das Portal f\u00fcr unzensierte Nachrichten aus der Welt\",\"publisher\":{\"@id\":\"https:\/\/now-news.de\/de\/#organization\"},\"potentialAction\":[{\"@type\":\"SearchAction\",\"target\":{\"@type\":\"EntryPoint\",\"urlTemplate\":\"https:\/\/now-news.de\/de\/?s={search_term_string}\"},\"query-input\":\"required name=search_term_string\"}],\"inLanguage\":\"de\"},{\"@type\":\"Organization\",\"@id\":\"https:\/\/now-news.de\/de\/#organization\",\"name\":\"Just Now News\",\"url\":\"https:\/\/now-news.de\/de\/\",\"logo\":{\"@type\":\"ImageObject\",\"inLanguage\":\"de\",\"@id\":\"https:\/\/now-news.de\/de\/#\/schema\/logo\/image\/\",\"url\":\"http:\/\/just-now.news\/de\/wp-content\/uploads\/sites\/3\/2022\/04\/logo500x500.jpg\",\"contentUrl\":\"http:\/\/just-now.news\/de\/wp-content\/uploads\/sites\/3\/2022\/04\/logo500x500.jpg\",\"width\":500,\"height\":500,\"caption\":\"Just Now News\"},\"image\":{\"@id\":\"https:\/\/now-news.de\/de\/#\/schema\/logo\/image\/\"},\"sameAs\":[\"https:\/\/www.facebook.com\/wirmachenauf\",\"https:\/\/x.com\/WirMachenAuf_de\"]},{\"@type\":\"Person\",\"@id\":\"https:\/\/now-news.de\/de\/#\/schema\/person\/fb534a4e865501d8b3285208df34a9b5\",\"name\":\"rtnews\",\"image\":{\"@type\":\"ImageObject\",\"inLanguage\":\"de\",\"@id\":\"https:\/\/now-news.de\/de\/#\/schema\/person\/image\/\",\"url\":\"https:\/\/secure.gravatar.com\/avatar\/82aafea7d8127119dd649515f56e2117?s=96&d=mm&r=g\",\"contentUrl\":\"https:\/\/secure.gravatar.com\/avatar\/82aafea7d8127119dd649515f56e2117?s=96&d=mm&r=g\",\"caption\":\"rtnews\"},\"url\":\"https:\/\/now-news.de\/de\/author\/rnews\/\"}]}<\/script>\n<!-- \/ Yoast SEO Premium plugin. -->","yoast_head_json":{"title":"Viktor Orb\u00e1n: &quot;Dieser Krieg ist f\u00fcr die Ukraine verloren!&quot; - just-now.NEWS Deutschland","robots":{"index":"index","follow":"follow","max-snippet":"max-snippet:-1","max-image-preview":"max-image-preview:large","max-video-preview":"max-video-preview:-1"},"canonical":"https:\/\/now-news.de\/de\/deutschland\/viktor-orban-dieser-krieg-ist-fuer-die-ukraine-verloren\/","og_locale":"de_DE","og_type":"article","og_title":"Viktor Orb\u00e1n: &quot;Dieser Krieg ist f\u00fcr die Ukraine verloren!&quot;","og_description":"Am 31. Oktober fand in Wien ein &#8220;Friedensgipfel&#8221; statt, bei dem Ungarns Ministerpr\u00e4sident Viktor Orb\u00e1n und Altkanzler Gerhard Schr\u00f6der die zentralen Redner waren. Die beiden Politiker sprachen sich klar f\u00fcr einen schnellen Waffenstillstand im Ukraine-Krieg aus und kritisierten die europ\u00e4ische Unterst\u00fctzungspolitik als realit\u00e4tsfern und kostspielig. In Wien trat Ungarns Ministerpr\u00e4sident Viktor Orb\u00e1n k\u00fcrzlich bei einem [&hellip;]","og_url":"https:\/\/now-news.de\/de\/deutschland\/viktor-orban-dieser-krieg-ist-fuer-die-ukraine-verloren\/","og_site_name":"just-now.NEWS Deutschland","article_publisher":"https:\/\/www.facebook.com\/wirmachenauf","article_published_time":"2024-11-01T14:01:30+00:00","og_image":[{"url":"https:\/\/now-news.de\/de\/wp-content\/uploads\/sites\/3\/2024\/11\/6724cef648fbef656a2e34b0.jpg"}],"author":"rtnews","twitter_card":"summary_large_image","twitter_creator":"@WirMachenAuf_de","twitter_site":"@WirMachenAuf_de","twitter_misc":{"Verfasst von":"rtnews","Gesch\u00e4tzte Lesezeit":"4\u00a0Minuten"},"schema":{"@context":"https:\/\/schema.org","@graph":[{"@type":"Article","@id":"https:\/\/now-news.de\/de\/deutschland\/viktor-orban-dieser-krieg-ist-fuer-die-ukraine-verloren\/#article","isPartOf":{"@id":"https:\/\/now-news.de\/de\/deutschland\/viktor-orban-dieser-krieg-ist-fuer-die-ukraine-verloren\/"},"author":{"name":"rtnews","@id":"https:\/\/now-news.de\/de\/#\/schema\/person\/fb534a4e865501d8b3285208df34a9b5"},"headline":"Viktor Orb\u00e1n: &quot;Dieser Krieg ist f\u00fcr die Ukraine verloren!&quot;","datePublished":"2024-11-01T14:01:30+00:00","dateModified":"2024-11-01T14:01:30+00:00","mainEntityOfPage":{"@id":"https:\/\/now-news.de\/de\/deutschland\/viktor-orban-dieser-krieg-ist-fuer-die-ukraine-verloren\/"},"wordCount":721,"commentCount":0,"publisher":{"@id":"https:\/\/now-news.de\/de\/#organization"},"image":{"@id":"https:\/\/now-news.de\/de\/deutschland\/viktor-orban-dieser-krieg-ist-fuer-die-ukraine-verloren\/#primaryimage"},"thumbnailUrl":"https:\/\/now-news.de\/de\/wp-content\/uploads\/sites\/3\/2024\/11\/Viktor-Orban-quotDieser-Krieg-ist-fuer-die-Ukraine-verlorenquot.jpg","keywords":["die","f\u00fcr","ist","krieg","Orb\u00e1n","quotDieser","ukraine","verlorenquot","Viktor"],"articleSection":["Deutschland","Russland"],"inLanguage":"de","potentialAction":[{"@type":"CommentAction","name":"Comment","target":["https:\/\/now-news.de\/de\/deutschland\/viktor-orban-dieser-krieg-ist-fuer-die-ukraine-verloren\/#respond"]}]},{"@type":"WebPage","@id":"https:\/\/now-news.de\/de\/deutschland\/viktor-orban-dieser-krieg-ist-fuer-die-ukraine-verloren\/","url":"https:\/\/now-news.de\/de\/deutschland\/viktor-orban-dieser-krieg-ist-fuer-die-ukraine-verloren\/","name":"Viktor Orb\u00e1n: &quot;Dieser Krieg ist f\u00fcr die Ukraine verloren!&quot; - just-now.NEWS Deutschland","isPartOf":{"@id":"https:\/\/now-news.de\/de\/#website"},"primaryImageOfPage":{"@id":"https:\/\/now-news.de\/de\/deutschland\/viktor-orban-dieser-krieg-ist-fuer-die-ukraine-verloren\/#primaryimage"},"image":{"@id":"https:\/\/now-news.de\/de\/deutschland\/viktor-orban-dieser-krieg-ist-fuer-die-ukraine-verloren\/#primaryimage"},"thumbnailUrl":"https:\/\/now-news.de\/de\/wp-content\/uploads\/sites\/3\/2024\/11\/Viktor-Orban-quotDieser-Krieg-ist-fuer-die-Ukraine-verlorenquot.jpg","datePublished":"2024-11-01T14:01:30+00:00","dateModified":"2024-11-01T14:01:30+00:00","breadcrumb":{"@id":"https:\/\/now-news.de\/de\/deutschland\/viktor-orban-dieser-krieg-ist-fuer-die-ukraine-verloren\/#breadcrumb"},"inLanguage":"de","potentialAction":[{"@type":"ReadAction","target":["https:\/\/now-news.de\/de\/deutschland\/viktor-orban-dieser-krieg-ist-fuer-die-ukraine-verloren\/"]}]},{"@type":"ImageObject","inLanguage":"de","@id":"https:\/\/now-news.de\/de\/deutschland\/viktor-orban-dieser-krieg-ist-fuer-die-ukraine-verloren\/#primaryimage","url":"https:\/\/now-news.de\/de\/wp-content\/uploads\/sites\/3\/2024\/11\/Viktor-Orban-quotDieser-Krieg-ist-fuer-die-Ukraine-verlorenquot.jpg","contentUrl":"https:\/\/now-news.de\/de\/wp-content\/uploads\/sites\/3\/2024\/11\/Viktor-Orban-quotDieser-Krieg-ist-fuer-die-Ukraine-verlorenquot.jpg","width":1620,"height":1080,"caption":"Viktor Orb\u00e1n: &quot;Dieser Krieg ist f\u00fcr die Ukraine verloren!&quot;"},{"@type":"BreadcrumbList","@id":"https:\/\/now-news.de\/de\/deutschland\/viktor-orban-dieser-krieg-ist-fuer-die-ukraine-verloren\/#breadcrumb","itemListElement":[{"@type":"ListItem","position":1,"name":"Home","item":"https:\/\/now-news.de\/de\/"},{"@type":"ListItem","position":2,"name":"Viktor Orb\u00e1n: &quot;Dieser Krieg ist f\u00fcr die Ukraine verloren!&quot;"}]},{"@type":"WebSite","@id":"https:\/\/now-news.de\/de\/#website","url":"https:\/\/now-news.de\/de\/","name":"just-now.NEWS Deutschland","description":"Das Portal f\u00fcr unzensierte Nachrichten aus der Welt","publisher":{"@id":"https:\/\/now-news.de\/de\/#organization"},"potentialAction":[{"@type":"SearchAction","target":{"@type":"EntryPoint","urlTemplate":"https:\/\/now-news.de\/de\/?s={search_term_string}"},"query-input":"required name=search_term_string"}],"inLanguage":"de"},{"@type":"Organization","@id":"https:\/\/now-news.de\/de\/#organization","name":"Just Now News","url":"https:\/\/now-news.de\/de\/","logo":{"@type":"ImageObject","inLanguage":"de","@id":"https:\/\/now-news.de\/de\/#\/schema\/logo\/image\/","url":"http:\/\/just-now.news\/de\/wp-content\/uploads\/sites\/3\/2022\/04\/logo500x500.jpg","contentUrl":"http:\/\/just-now.news\/de\/wp-content\/uploads\/sites\/3\/2022\/04\/logo500x500.jpg","width":500,"height":500,"caption":"Just Now News"},"image":{"@id":"https:\/\/now-news.de\/de\/#\/schema\/logo\/image\/"},"sameAs":["https:\/\/www.facebook.com\/wirmachenauf","https:\/\/x.com\/WirMachenAuf_de"]},{"@type":"Person","@id":"https:\/\/now-news.de\/de\/#\/schema\/person\/fb534a4e865501d8b3285208df34a9b5","name":"rtnews","image":{"@type":"ImageObject","inLanguage":"de","@id":"https:\/\/now-news.de\/de\/#\/schema\/person\/image\/","url":"https:\/\/secure.gravatar.com\/avatar\/82aafea7d8127119dd649515f56e2117?s=96&d=mm&r=g","contentUrl":"https:\/\/secure.gravatar.com\/avatar\/82aafea7d8127119dd649515f56e2117?s=96&d=mm&r=g","caption":"rtnews"},"url":"https:\/\/now-news.de\/de\/author\/rnews\/"}]}},"_links":{"self":[{"href":"https:\/\/now-news.de\/de\/wp-json\/wp\/v2\/posts\/71825"}],"collection":[{"href":"https:\/\/now-news.de\/de\/wp-json\/wp\/v2\/posts"}],"about":[{"href":"https:\/\/now-news.de\/de\/wp-json\/wp\/v2\/types\/post"}],"author":[{"embeddable":true,"href":"https:\/\/now-news.de\/de\/wp-json\/wp\/v2\/users\/3"}],"replies":[{"embeddable":true,"href":"https:\/\/now-news.de\/de\/wp-json\/wp\/v2\/comments?post=71825"}],"version-history":[{"count":0,"href":"https:\/\/now-news.de\/de\/wp-json\/wp\/v2\/posts\/71825\/revisions"}],"wp:featuredmedia":[{"embeddable":true,"href":"https:\/\/now-news.de\/de\/wp-json\/wp\/v2\/media\/71826"}],"wp:attachment":[{"href":"https:\/\/now-news.de\/de\/wp-json\/wp\/v2\/media?parent=71825"}],"wp:term":[{"taxonomy":"category","embeddable":true,"href":"https:\/\/now-news.de\/de\/wp-json\/wp\/v2\/categories?post=71825"},{"taxonomy":"post_tag","embeddable":true,"href":"https:\/\/now-news.de\/de\/wp-json\/wp\/v2\/tags?post=71825"}],"curies":[{"name":"wp","href":"https:\/\/api.w.org\/{rel}","templated":true}]}}