{"id":71783,"date":"2024-10-31T22:46:38","date_gmt":"2024-10-31T20:46:38","guid":{"rendered":"https:\/\/now-news.de\/de\/deutschland\/lukaschenko-im-ukraine-konflikt-ist-ein-remis-moeglich\/"},"modified":"2024-10-31T22:46:38","modified_gmt":"2024-10-31T20:46:38","slug":"lukaschenko-im-ukraine-konflikt-ist-ein-remis-moeglich","status":"publish","type":"post","link":"https:\/\/now-news.de\/de\/deutschland\/lukaschenko-im-ukraine-konflikt-ist-ein-remis-moeglich\/","title":{"rendered":"Lukaschenko: Im Ukraine-Konflikt ist ein Remis m\u00f6glich"},"content":{"rendered":"<p><img decoding=\"async\" src=\"https:\/\/now-news.de\/de\/wp-content\/uploads\/sites\/3\/2024\/10\/6723ee9048fbef5c636b2dab.jpg\" \/><\/p>\n<div class=\"Text-root Text-type_1 \">\n                Wenn sich die Konfliktparteien heute an den Verhandlungstisch setzen w\u00fcrden, w\u00e4re ein Gleichstand in der Ukraine m\u00f6glich, sagt der wei\u00dfrussische Pr\u00e4sident Alexander Lukaschenko. Es sei sinnlos, jetzt \u00fcber die Ursachen des Konflikts zu streiten. Das Problem m\u00fcsse durch Verhandlungen gel\u00f6st werden.\n            <\/div>\n<p><\/p>\n<div class=\"Text-root Text-type_5 ArticleView-text ViewText-root \">\n<p>Auf der zweiten internationalen Konferenz zur eurasischen Sicherheit in Minsk hat der wei\u00dfrussische Pr\u00e4sident Alexander Lukaschenko \u00fcber die M\u00f6glichkeit einer friedlichen L\u00f6sung im Ukraine-Konflikt gesprochen.<\/p>\n<p>Bei den j\u00fcngsten Kontakten mit Vertretern des Westens sah Lukaschenko eine Tendenz zur L\u00f6sung der Krise. Der Westen habe endlich die Notwendigkeit von Verhandlungen verstanden. Wenn man heute Gespr\u00e4che starten w\u00fcrde, w\u00e4re es m\u00f6glich, ein Remis zu erreichen.<\/p>\n<p>Was m\u00f6gliche Friedensgespr\u00e4che betrifft, so h\u00e4ngt bisher alles von einem Mann ab, und zwar dem Pr\u00e4sidenten der Ukraine, Wladimir Selenskij, und seinen Ambitionen, sagte Lukaschenko weiter.\u00a0 Inzwischen m\u00f6chte der Westen unter diesen Umst\u00e4nden das Gesicht wahren. Hierbei zog Lukaschenko Parallelen zu Afghanistan. Die staatliche Nachrichtenagentur <em>Belta<\/em> zitierte wie folgt:<\/p>\n<blockquote>\n<p><em>&#8220;Das geht nicht, wie in Afghanistan. Sie k\u00f6nnen nicht einfach so weggehen, sie haben Wladimir Selenskij versprochen, der Ukraine bestimmte G\u00fcter in Form von Waffen und Munition zu geben und ihr zu helfen, bis der letzte Ukrainer stirbt. Sie wollen ihr Gesicht wahren.&#8221;<\/em><\/p>\n<\/blockquote>\n<p>Vor allem ukrainische Milit\u00e4rangeh\u00f6rige w\u00fcnschen ein Ende des Konflikts. Die Ukraine k\u00f6nne auf dem Schlachtfeld nicht gewinnen, dies sollten sowohl Ukrainer als auch der Westen verstehen.<\/p>\n<p>Au\u00dferdem\u00a0wies der Pr\u00e4sident auf die Gefahr einer Eskalation hin, indem insbesondere die ukrainische Seite die Frage der Beteiligung von nordkoreanischen Soldaten am Konflikt hochkochen lasse. Dadurch m\u00f6chte man Druck auf die Europ\u00e4ische Union aus\u00fcben und die NATO zur Entsendung von Truppen\u00a0in die Konfliktzone provozieren, sonst st\u00fcnde die Ukraine vor einer Niederlage.<\/p>\n<p>Lukaschenko rief alle Konfliktparteien auf, sich ohne Vorbedingungen an den Verhandlungstisch zu setzen. Es sei derzeit sinnlos, \u00fcber die Ursachen des Konflitks zu diskutieren und Schuldige zu suchen:<\/p>\n<blockquote>\n<p><em>&#8220;Mit den Ursachen werden wir uns sp\u00e4ter befassen. Wir m\u00fcssen damit beginnen, das Problem am Verhandlungstisch zu l\u00f6sen. Dann ist es m\u00f6glich, die Feindseligkeiten unter bestimmten Bedingungen einzustellen, die Truppen von der Frontlinie abzuziehen. Alles ist m\u00f6glich. \u00dcber die\u00a0Ursachen w\u00fcrden wir sp\u00e4ter\u00a0diskutieren.&#8221;<\/em><\/p>\n<\/blockquote>\n<p><strong>Mehr zum Thema\u00a0\u2013 <\/strong><a rel=\"nofollow noopener\" target=\"_blank\" href=\"https:\/\/freedert.online\/international\/221723-kiew-fantasiert-von-angriff-auf\/\">Kiew fantasiert von Angriff auf Wei\u00dfrussland<\/a><\/p>\n<div class=\"EmbedBlock-root EmbedBlock-externalVideo EmbedBlock-rumble\">\n<div class=\"VkEmbed\"><iframe class=\"lazyload\" data-src=\"https:\/\/rumble.com\/embed\/v5inoc8\" frameborder=\"0\" width=\"853\" height=\"480\" allowfullscreen><\/iframe><\/div>\n<\/div>\n<\/div>\n<p><br \/>\n<br \/><a href=\"https:\/\/de.rt.com\/europa\/224328-lukaschenko-im-ukraine-konflikt-ist\/\">Source link <\/a><\/p>\n","protected":false},"excerpt":{"rendered":"<p>Wenn sich die Konfliktparteien heute an den Verhandlungstisch setzen w\u00fcrden, w\u00e4re ein Gleichstand in der Ukraine m\u00f6glich, sagt der wei\u00dfrussische Pr\u00e4sident Alexander Lukaschenko. Es sei sinnlos, jetzt \u00fcber die Ursachen des Konflikts zu streiten. Das Problem m\u00fcsse durch Verhandlungen gel\u00f6st werden. Auf der zweiten internationalen Konferenz zur eurasischen Sicherheit in Minsk hat der wei\u00dfrussische Pr\u00e4sident [&hellip;]<\/p>\n","protected":false},"author":3,"featured_media":71784,"comment_status":"open","ping_status":"open","sticky":false,"template":"","format":"standard","meta":{"_yoast_indexnow_last_ping":["1730408097"],"wp_automatic_camp":["217"],"e5f16c23da8a17c5a5fc4b631be6b08c":["Lukaschenko: Im Ukraine-Konflikt ist ein Remis m\u00f6glich"],"original_link":["https:\/\/de.rt.com\/europa\/224328-lukaschenko-im-ukraine-konflikt-ist\/"],"_thumbnail_id":["71784"],"jnews_social_counter_last_update":["1777153668"],"_wptgpro_p2tg_sent2tg":["a:1:{i:23737;s:19:\"2024-10-31 22:56:02\";}"]},"categories":[19,23],"tags":[357,414,21453,2123,58494,1173],"yoast_head":"<!-- This site is optimized with the Yoast SEO Premium plugin v22.7 (Yoast SEO v22.7) - https:\/\/yoast.com\/wordpress\/plugins\/seo\/ -->\n<title>Lukaschenko: Im Ukraine-Konflikt ist ein Remis m\u00f6glich - just-now.NEWS Deutschland<\/title>\n<meta name=\"robots\" content=\"index, follow, max-snippet:-1, max-image-preview:large, max-video-preview:-1\" \/>\n<link rel=\"canonical\" href=\"https:\/\/now-news.de\/de\/deutschland\/lukaschenko-im-ukraine-konflikt-ist-ein-remis-moeglich\/\" \/>\n<meta property=\"og:locale\" content=\"de_DE\" \/>\n<meta property=\"og:type\" content=\"article\" \/>\n<meta property=\"og:title\" content=\"Lukaschenko: Im Ukraine-Konflikt ist ein Remis m\u00f6glich\" \/>\n<meta property=\"og:description\" content=\"Wenn sich die Konfliktparteien heute an den Verhandlungstisch setzen w\u00fcrden, w\u00e4re ein Gleichstand in der Ukraine m\u00f6glich, sagt der wei\u00dfrussische Pr\u00e4sident Alexander Lukaschenko. Es sei sinnlos, jetzt \u00fcber die Ursachen des Konflikts zu streiten. Das Problem m\u00fcsse durch Verhandlungen gel\u00f6st werden. Auf der zweiten internationalen Konferenz zur eurasischen Sicherheit in Minsk hat der wei\u00dfrussische Pr\u00e4sident [&hellip;]\" \/>\n<meta property=\"og:url\" content=\"https:\/\/now-news.de\/de\/deutschland\/lukaschenko-im-ukraine-konflikt-ist-ein-remis-moeglich\/\" \/>\n<meta property=\"og:site_name\" content=\"just-now.NEWS Deutschland\" \/>\n<meta property=\"article:publisher\" content=\"https:\/\/www.facebook.com\/wirmachenauf\" \/>\n<meta property=\"article:published_time\" content=\"2024-10-31T20:46:38+00:00\" \/>\n<meta property=\"og:image\" content=\"https:\/\/now-news.de\/de\/wp-content\/uploads\/sites\/3\/2024\/10\/6723ee9048fbef5c636b2dab.jpg\" \/>\n<meta name=\"author\" content=\"rtnews\" \/>\n<meta name=\"twitter:card\" content=\"summary_large_image\" \/>\n<meta name=\"twitter:creator\" content=\"@WirMachenAuf_de\" \/>\n<meta name=\"twitter:site\" content=\"@WirMachenAuf_de\" \/>\n<meta name=\"twitter:label1\" content=\"Verfasst von\" \/>\n\t<meta name=\"twitter:data1\" content=\"rtnews\" \/>\n\t<meta name=\"twitter:label2\" content=\"Gesch\u00e4tzte Lesezeit\" \/>\n\t<meta name=\"twitter:data2\" content=\"2\u00a0Minuten\" \/>\n<script type=\"application\/ld+json\" class=\"yoast-schema-graph\">{\"@context\":\"https:\/\/schema.org\",\"@graph\":[{\"@type\":\"Article\",\"@id\":\"https:\/\/now-news.de\/de\/deutschland\/lukaschenko-im-ukraine-konflikt-ist-ein-remis-moeglich\/#article\",\"isPartOf\":{\"@id\":\"https:\/\/now-news.de\/de\/deutschland\/lukaschenko-im-ukraine-konflikt-ist-ein-remis-moeglich\/\"},\"author\":{\"name\":\"rtnews\",\"@id\":\"https:\/\/now-news.de\/de\/#\/schema\/person\/fb534a4e865501d8b3285208df34a9b5\"},\"headline\":\"Lukaschenko: Im Ukraine-Konflikt ist ein Remis m\u00f6glich\",\"datePublished\":\"2024-10-31T20:46:38+00:00\",\"dateModified\":\"2024-10-31T20:46:38+00:00\",\"mainEntityOfPage\":{\"@id\":\"https:\/\/now-news.de\/de\/deutschland\/lukaschenko-im-ukraine-konflikt-ist-ein-remis-moeglich\/\"},\"wordCount\":410,\"commentCount\":0,\"publisher\":{\"@id\":\"https:\/\/now-news.de\/de\/#organization\"},\"image\":{\"@id\":\"https:\/\/now-news.de\/de\/deutschland\/lukaschenko-im-ukraine-konflikt-ist-ein-remis-moeglich\/#primaryimage\"},\"thumbnailUrl\":\"https:\/\/now-news.de\/de\/wp-content\/uploads\/sites\/3\/2024\/10\/Lukaschenko-Im-Ukraine-Konflikt-ist-ein-Remis-moeglich.jpg\",\"keywords\":[\"ein\",\"ist\",\"Lukaschenko\",\"m\u00f6glich\",\"Remis\",\"UkraineKonflikt\"],\"articleSection\":[\"Deutschland\",\"Russland\"],\"inLanguage\":\"de\",\"potentialAction\":[{\"@type\":\"CommentAction\",\"name\":\"Comment\",\"target\":[\"https:\/\/now-news.de\/de\/deutschland\/lukaschenko-im-ukraine-konflikt-ist-ein-remis-moeglich\/#respond\"]}]},{\"@type\":\"WebPage\",\"@id\":\"https:\/\/now-news.de\/de\/deutschland\/lukaschenko-im-ukraine-konflikt-ist-ein-remis-moeglich\/\",\"url\":\"https:\/\/now-news.de\/de\/deutschland\/lukaschenko-im-ukraine-konflikt-ist-ein-remis-moeglich\/\",\"name\":\"Lukaschenko: Im Ukraine-Konflikt ist ein Remis m\u00f6glich - just-now.NEWS Deutschland\",\"isPartOf\":{\"@id\":\"https:\/\/now-news.de\/de\/#website\"},\"primaryImageOfPage\":{\"@id\":\"https:\/\/now-news.de\/de\/deutschland\/lukaschenko-im-ukraine-konflikt-ist-ein-remis-moeglich\/#primaryimage\"},\"image\":{\"@id\":\"https:\/\/now-news.de\/de\/deutschland\/lukaschenko-im-ukraine-konflikt-ist-ein-remis-moeglich\/#primaryimage\"},\"thumbnailUrl\":\"https:\/\/now-news.de\/de\/wp-content\/uploads\/sites\/3\/2024\/10\/Lukaschenko-Im-Ukraine-Konflikt-ist-ein-Remis-moeglich.jpg\",\"datePublished\":\"2024-10-31T20:46:38+00:00\",\"dateModified\":\"2024-10-31T20:46:38+00:00\",\"breadcrumb\":{\"@id\":\"https:\/\/now-news.de\/de\/deutschland\/lukaschenko-im-ukraine-konflikt-ist-ein-remis-moeglich\/#breadcrumb\"},\"inLanguage\":\"de\",\"potentialAction\":[{\"@type\":\"ReadAction\",\"target\":[\"https:\/\/now-news.de\/de\/deutschland\/lukaschenko-im-ukraine-konflikt-ist-ein-remis-moeglich\/\"]}]},{\"@type\":\"ImageObject\",\"inLanguage\":\"de\",\"@id\":\"https:\/\/now-news.de\/de\/deutschland\/lukaschenko-im-ukraine-konflikt-ist-ein-remis-moeglich\/#primaryimage\",\"url\":\"https:\/\/now-news.de\/de\/wp-content\/uploads\/sites\/3\/2024\/10\/Lukaschenko-Im-Ukraine-Konflikt-ist-ein-Remis-moeglich.jpg\",\"contentUrl\":\"https:\/\/now-news.de\/de\/wp-content\/uploads\/sites\/3\/2024\/10\/Lukaschenko-Im-Ukraine-Konflikt-ist-ein-Remis-moeglich.jpg\",\"width\":460,\"height\":259,\"caption\":\"Lukaschenko: Im Ukraine-Konflikt ist ein Remis m\u00f6glich\"},{\"@type\":\"BreadcrumbList\",\"@id\":\"https:\/\/now-news.de\/de\/deutschland\/lukaschenko-im-ukraine-konflikt-ist-ein-remis-moeglich\/#breadcrumb\",\"itemListElement\":[{\"@type\":\"ListItem\",\"position\":1,\"name\":\"Home\",\"item\":\"https:\/\/now-news.de\/de\/\"},{\"@type\":\"ListItem\",\"position\":2,\"name\":\"Lukaschenko: Im Ukraine-Konflikt ist ein Remis m\u00f6glich\"}]},{\"@type\":\"WebSite\",\"@id\":\"https:\/\/now-news.de\/de\/#website\",\"url\":\"https:\/\/now-news.de\/de\/\",\"name\":\"just-now.NEWS Deutschland\",\"description\":\"Das Portal f\u00fcr unzensierte Nachrichten aus der Welt\",\"publisher\":{\"@id\":\"https:\/\/now-news.de\/de\/#organization\"},\"potentialAction\":[{\"@type\":\"SearchAction\",\"target\":{\"@type\":\"EntryPoint\",\"urlTemplate\":\"https:\/\/now-news.de\/de\/?s={search_term_string}\"},\"query-input\":\"required name=search_term_string\"}],\"inLanguage\":\"de\"},{\"@type\":\"Organization\",\"@id\":\"https:\/\/now-news.de\/de\/#organization\",\"name\":\"Just Now News\",\"url\":\"https:\/\/now-news.de\/de\/\",\"logo\":{\"@type\":\"ImageObject\",\"inLanguage\":\"de\",\"@id\":\"https:\/\/now-news.de\/de\/#\/schema\/logo\/image\/\",\"url\":\"http:\/\/just-now.news\/de\/wp-content\/uploads\/sites\/3\/2022\/04\/logo500x500.jpg\",\"contentUrl\":\"http:\/\/just-now.news\/de\/wp-content\/uploads\/sites\/3\/2022\/04\/logo500x500.jpg\",\"width\":500,\"height\":500,\"caption\":\"Just Now News\"},\"image\":{\"@id\":\"https:\/\/now-news.de\/de\/#\/schema\/logo\/image\/\"},\"sameAs\":[\"https:\/\/www.facebook.com\/wirmachenauf\",\"https:\/\/x.com\/WirMachenAuf_de\"]},{\"@type\":\"Person\",\"@id\":\"https:\/\/now-news.de\/de\/#\/schema\/person\/fb534a4e865501d8b3285208df34a9b5\",\"name\":\"rtnews\",\"image\":{\"@type\":\"ImageObject\",\"inLanguage\":\"de\",\"@id\":\"https:\/\/now-news.de\/de\/#\/schema\/person\/image\/\",\"url\":\"https:\/\/secure.gravatar.com\/avatar\/82aafea7d8127119dd649515f56e2117?s=96&d=mm&r=g\",\"contentUrl\":\"https:\/\/secure.gravatar.com\/avatar\/82aafea7d8127119dd649515f56e2117?s=96&d=mm&r=g\",\"caption\":\"rtnews\"},\"url\":\"https:\/\/now-news.de\/de\/author\/rnews\/\"}]}<\/script>\n<!-- \/ Yoast SEO Premium plugin. -->","yoast_head_json":{"title":"Lukaschenko: Im Ukraine-Konflikt ist ein Remis m\u00f6glich - just-now.NEWS Deutschland","robots":{"index":"index","follow":"follow","max-snippet":"max-snippet:-1","max-image-preview":"max-image-preview:large","max-video-preview":"max-video-preview:-1"},"canonical":"https:\/\/now-news.de\/de\/deutschland\/lukaschenko-im-ukraine-konflikt-ist-ein-remis-moeglich\/","og_locale":"de_DE","og_type":"article","og_title":"Lukaschenko: Im Ukraine-Konflikt ist ein Remis m\u00f6glich","og_description":"Wenn sich die Konfliktparteien heute an den Verhandlungstisch setzen w\u00fcrden, w\u00e4re ein Gleichstand in der Ukraine m\u00f6glich, sagt der wei\u00dfrussische Pr\u00e4sident Alexander Lukaschenko. Es sei sinnlos, jetzt \u00fcber die Ursachen des Konflikts zu streiten. Das Problem m\u00fcsse durch Verhandlungen gel\u00f6st werden. Auf der zweiten internationalen Konferenz zur eurasischen Sicherheit in Minsk hat der wei\u00dfrussische Pr\u00e4sident [&hellip;]","og_url":"https:\/\/now-news.de\/de\/deutschland\/lukaschenko-im-ukraine-konflikt-ist-ein-remis-moeglich\/","og_site_name":"just-now.NEWS Deutschland","article_publisher":"https:\/\/www.facebook.com\/wirmachenauf","article_published_time":"2024-10-31T20:46:38+00:00","og_image":[{"url":"https:\/\/now-news.de\/de\/wp-content\/uploads\/sites\/3\/2024\/10\/6723ee9048fbef5c636b2dab.jpg"}],"author":"rtnews","twitter_card":"summary_large_image","twitter_creator":"@WirMachenAuf_de","twitter_site":"@WirMachenAuf_de","twitter_misc":{"Verfasst von":"rtnews","Gesch\u00e4tzte Lesezeit":"2\u00a0Minuten"},"schema":{"@context":"https:\/\/schema.org","@graph":[{"@type":"Article","@id":"https:\/\/now-news.de\/de\/deutschland\/lukaschenko-im-ukraine-konflikt-ist-ein-remis-moeglich\/#article","isPartOf":{"@id":"https:\/\/now-news.de\/de\/deutschland\/lukaschenko-im-ukraine-konflikt-ist-ein-remis-moeglich\/"},"author":{"name":"rtnews","@id":"https:\/\/now-news.de\/de\/#\/schema\/person\/fb534a4e865501d8b3285208df34a9b5"},"headline":"Lukaschenko: Im Ukraine-Konflikt ist ein Remis m\u00f6glich","datePublished":"2024-10-31T20:46:38+00:00","dateModified":"2024-10-31T20:46:38+00:00","mainEntityOfPage":{"@id":"https:\/\/now-news.de\/de\/deutschland\/lukaschenko-im-ukraine-konflikt-ist-ein-remis-moeglich\/"},"wordCount":410,"commentCount":0,"publisher":{"@id":"https:\/\/now-news.de\/de\/#organization"},"image":{"@id":"https:\/\/now-news.de\/de\/deutschland\/lukaschenko-im-ukraine-konflikt-ist-ein-remis-moeglich\/#primaryimage"},"thumbnailUrl":"https:\/\/now-news.de\/de\/wp-content\/uploads\/sites\/3\/2024\/10\/Lukaschenko-Im-Ukraine-Konflikt-ist-ein-Remis-moeglich.jpg","keywords":["ein","ist","Lukaschenko","m\u00f6glich","Remis","UkraineKonflikt"],"articleSection":["Deutschland","Russland"],"inLanguage":"de","potentialAction":[{"@type":"CommentAction","name":"Comment","target":["https:\/\/now-news.de\/de\/deutschland\/lukaschenko-im-ukraine-konflikt-ist-ein-remis-moeglich\/#respond"]}]},{"@type":"WebPage","@id":"https:\/\/now-news.de\/de\/deutschland\/lukaschenko-im-ukraine-konflikt-ist-ein-remis-moeglich\/","url":"https:\/\/now-news.de\/de\/deutschland\/lukaschenko-im-ukraine-konflikt-ist-ein-remis-moeglich\/","name":"Lukaschenko: Im Ukraine-Konflikt ist ein Remis m\u00f6glich - just-now.NEWS Deutschland","isPartOf":{"@id":"https:\/\/now-news.de\/de\/#website"},"primaryImageOfPage":{"@id":"https:\/\/now-news.de\/de\/deutschland\/lukaschenko-im-ukraine-konflikt-ist-ein-remis-moeglich\/#primaryimage"},"image":{"@id":"https:\/\/now-news.de\/de\/deutschland\/lukaschenko-im-ukraine-konflikt-ist-ein-remis-moeglich\/#primaryimage"},"thumbnailUrl":"https:\/\/now-news.de\/de\/wp-content\/uploads\/sites\/3\/2024\/10\/Lukaschenko-Im-Ukraine-Konflikt-ist-ein-Remis-moeglich.jpg","datePublished":"2024-10-31T20:46:38+00:00","dateModified":"2024-10-31T20:46:38+00:00","breadcrumb":{"@id":"https:\/\/now-news.de\/de\/deutschland\/lukaschenko-im-ukraine-konflikt-ist-ein-remis-moeglich\/#breadcrumb"},"inLanguage":"de","potentialAction":[{"@type":"ReadAction","target":["https:\/\/now-news.de\/de\/deutschland\/lukaschenko-im-ukraine-konflikt-ist-ein-remis-moeglich\/"]}]},{"@type":"ImageObject","inLanguage":"de","@id":"https:\/\/now-news.de\/de\/deutschland\/lukaschenko-im-ukraine-konflikt-ist-ein-remis-moeglich\/#primaryimage","url":"https:\/\/now-news.de\/de\/wp-content\/uploads\/sites\/3\/2024\/10\/Lukaschenko-Im-Ukraine-Konflikt-ist-ein-Remis-moeglich.jpg","contentUrl":"https:\/\/now-news.de\/de\/wp-content\/uploads\/sites\/3\/2024\/10\/Lukaschenko-Im-Ukraine-Konflikt-ist-ein-Remis-moeglich.jpg","width":460,"height":259,"caption":"Lukaschenko: Im Ukraine-Konflikt ist ein Remis m\u00f6glich"},{"@type":"BreadcrumbList","@id":"https:\/\/now-news.de\/de\/deutschland\/lukaschenko-im-ukraine-konflikt-ist-ein-remis-moeglich\/#breadcrumb","itemListElement":[{"@type":"ListItem","position":1,"name":"Home","item":"https:\/\/now-news.de\/de\/"},{"@type":"ListItem","position":2,"name":"Lukaschenko: Im Ukraine-Konflikt ist ein Remis m\u00f6glich"}]},{"@type":"WebSite","@id":"https:\/\/now-news.de\/de\/#website","url":"https:\/\/now-news.de\/de\/","name":"just-now.NEWS Deutschland","description":"Das Portal f\u00fcr unzensierte Nachrichten aus der Welt","publisher":{"@id":"https:\/\/now-news.de\/de\/#organization"},"potentialAction":[{"@type":"SearchAction","target":{"@type":"EntryPoint","urlTemplate":"https:\/\/now-news.de\/de\/?s={search_term_string}"},"query-input":"required name=search_term_string"}],"inLanguage":"de"},{"@type":"Organization","@id":"https:\/\/now-news.de\/de\/#organization","name":"Just Now News","url":"https:\/\/now-news.de\/de\/","logo":{"@type":"ImageObject","inLanguage":"de","@id":"https:\/\/now-news.de\/de\/#\/schema\/logo\/image\/","url":"http:\/\/just-now.news\/de\/wp-content\/uploads\/sites\/3\/2022\/04\/logo500x500.jpg","contentUrl":"http:\/\/just-now.news\/de\/wp-content\/uploads\/sites\/3\/2022\/04\/logo500x500.jpg","width":500,"height":500,"caption":"Just Now News"},"image":{"@id":"https:\/\/now-news.de\/de\/#\/schema\/logo\/image\/"},"sameAs":["https:\/\/www.facebook.com\/wirmachenauf","https:\/\/x.com\/WirMachenAuf_de"]},{"@type":"Person","@id":"https:\/\/now-news.de\/de\/#\/schema\/person\/fb534a4e865501d8b3285208df34a9b5","name":"rtnews","image":{"@type":"ImageObject","inLanguage":"de","@id":"https:\/\/now-news.de\/de\/#\/schema\/person\/image\/","url":"https:\/\/secure.gravatar.com\/avatar\/82aafea7d8127119dd649515f56e2117?s=96&d=mm&r=g","contentUrl":"https:\/\/secure.gravatar.com\/avatar\/82aafea7d8127119dd649515f56e2117?s=96&d=mm&r=g","caption":"rtnews"},"url":"https:\/\/now-news.de\/de\/author\/rnews\/"}]}},"_links":{"self":[{"href":"https:\/\/now-news.de\/de\/wp-json\/wp\/v2\/posts\/71783"}],"collection":[{"href":"https:\/\/now-news.de\/de\/wp-json\/wp\/v2\/posts"}],"about":[{"href":"https:\/\/now-news.de\/de\/wp-json\/wp\/v2\/types\/post"}],"author":[{"embeddable":true,"href":"https:\/\/now-news.de\/de\/wp-json\/wp\/v2\/users\/3"}],"replies":[{"embeddable":true,"href":"https:\/\/now-news.de\/de\/wp-json\/wp\/v2\/comments?post=71783"}],"version-history":[{"count":0,"href":"https:\/\/now-news.de\/de\/wp-json\/wp\/v2\/posts\/71783\/revisions"}],"wp:featuredmedia":[{"embeddable":true,"href":"https:\/\/now-news.de\/de\/wp-json\/wp\/v2\/media\/71784"}],"wp:attachment":[{"href":"https:\/\/now-news.de\/de\/wp-json\/wp\/v2\/media?parent=71783"}],"wp:term":[{"taxonomy":"category","embeddable":true,"href":"https:\/\/now-news.de\/de\/wp-json\/wp\/v2\/categories?post=71783"},{"taxonomy":"post_tag","embeddable":true,"href":"https:\/\/now-news.de\/de\/wp-json\/wp\/v2\/tags?post=71783"}],"curies":[{"name":"wp","href":"https:\/\/api.w.org\/{rel}","templated":true}]}}