{"id":71779,"date":"2024-10-31T21:27:28","date_gmt":"2024-10-31T19:27:28","guid":{"rendered":"https:\/\/now-news.de\/de\/deutschland\/bemuehungen-um-annaeherung-zwischen-kurden-und-ankara-was-treibt-erdogan-an\/"},"modified":"2024-10-31T21:27:28","modified_gmt":"2024-10-31T19:27:28","slug":"bemuehungen-um-annaeherung-zwischen-kurden-und-ankara-was-treibt-erdogan-an","status":"publish","type":"post","link":"https:\/\/now-news.de\/de\/deutschland\/bemuehungen-um-annaeherung-zwischen-kurden-und-ankara-was-treibt-erdogan-an\/","title":{"rendered":"Bem\u00fchungen um Ann\u00e4herung zwischen Kurden und Ankara: Was treibt Erdo\u011fan an?"},"content":{"rendered":"<p><img decoding=\"async\" src=\"https:\/\/now-news.de\/de\/wp-content\/uploads\/sites\/3\/2024\/10\/67238085b480cc5cf40c713b.jpg\" \/><\/p>\n<div class=\"Text-root Text-type_1 \">\n                Die zunehmende Instabilit\u00e4t in der Region sowie die Eskalation der Gewalt in Nahost veranlassten Ankara dazu, andernorts die Risiken zu minimieren. Mache Beobachter sehen auch die Haupttriebkraft f\u00fcr die j\u00fcngsten Entwicklungen in der Innenpolitik.\n            <\/div>\n<p><\/p>\n<div class=\"Text-root Text-type_5 ArticleView-text ViewText-root \">\n<p>Die wachsende regionale Instabilit\u00e4t und die sich ver\u00e4ndernde politische Dynamik haben dazu gef\u00fchrt, dass die t\u00fcrkische Regierung zum ersten Mal seit einem Jahrzehnt einen Versuch unternimmt, den seit 40\u00a0Jahren andauernden Konflikt zwischen der T\u00fcrkei und kurdischen K\u00e4mpfern zu beenden.<\/p>\n<p>Mehrere Politiker und Analysten erkl\u00e4rten\u00a0<em>Reuters<\/em>, dass der Friedensvorschlag eines engen Verb\u00fcndeten von Recep Tayyip Erdo\u011fan sowohl Hoffnung als auch Ungewissheit \u00fcber das weitere Vorgehen des Pr\u00e4sidenten geweckt habe.<\/p>\n<p>Anfang Oktober hatte Erdo\u011fans Verb\u00fcndeter Devlet Bah\u00e7eli\u00a0von der ultranationalistischen MHP dem Vorsitzenden der prokurdischen Partei DEM \u00f6ffentlich die Hand gereicht. Angesichts der minderheitenfeindlichen Politik der MHP war das ein au\u00dfergew\u00f6hnlicher Schritt, da er sie seit Langem als Werkzeuge der Arbeiterpartei Kurdistans (PKK) verurteilt.<\/p>\n<p>Im Konflikt der T\u00fcrkei mit der PKK, die auch von Ankaras westlichen Verb\u00fcndeten als terroristische Vereinigung eingestuft wird, sind mehr als 40.000\u00a0Menschen get\u00f6tet worden.<\/p>\n<p>Am Mittwoch bezeichnete Erdo\u011fan den Vorschlag Bah\u00e7elis als &#8220;historische Chance&#8221; und forderte die Kurden auf, die ausgestreckte Hand zu\u00a0ergreifen.<\/p>\n<p>Wie schwierig es sein wird, die Friedensgespr\u00e4che wiederaufzunehmen, zeigt die Tatsache, dass sich die PKK nach den letzten Friedensbem\u00fchungen in den Jahren 2013\u00a0bis 2015 letzte Woche zu einem\u00a0Anschlag in Ankara bekannte, bei dem f\u00fcnf Menschen get\u00f6tet wurden.<\/p>\n<p>Ein Frieden w\u00fcrde der T\u00fcrkei jedoch gro\u00dfe Vorteile bringen: Er w\u00fcrde die Sicherheitskr\u00e4fte entlasten, die unterentwickelte Wirtschaft des \u00fcberwiegend kurdischen S\u00fcdostens ankurbeln und die sozialen Spannungen abbauen.\u00a0<\/p>\n<p>Nun macht sich Ankara vor allem \u00fcber die Auswirkungen eines m\u00f6glichen Krieges zwischen Israel und Iran Sorgen.\u00a0&#8220;Einer der wichtigsten Gr\u00fcnde ist die regionale Dynamik, denn die Destabilisierung des Nahen Ostens f\u00fchrt zu h\u00f6heren Kosten f\u00fcr die T\u00fcrkei in der Kurdenfrage&#8221;, so Vahap\u00a0Co\u015fkun, Rechtsdozent an der Dicle-Universit\u00e4t in der zweitgr\u00f6\u00dften Stadt des S\u00fcdostens, Diyarbak\u0131r.<\/p>\n<p>Die T\u00fcrkei ist in den letzten zehn Jahren in Nordsyrien eingedrungen und hat kurdische Kr\u00e4fte ins Visier genommen, die sie f\u00fcr eng mit der PKK verbundene Terroristen h\u00e4lt, die aber ein wichtiger Partner der von den USA gef\u00fchrten Koalition gegen den &#8220;Islamischen Staat&#8221; sind. Ankara dr\u00e4ngt Bagdad auch zu einer st\u00e4rkeren Zusammenarbeit bei der Bek\u00e4mpfung kurdischer K\u00e4mpfer im Nordirak, wo Angriffe t\u00fcrkischer Kampfflugzeuge und Drohnen der PKK gro\u00dfe Verluste zugef\u00fcgt haben.<\/p>\n<p>Die Kurden sind\u00a0derzeit\u00a0in der Defensive,\u00a0da die Ungewissheit \u00fcber die k\u00fcnftige US-Truppenpr\u00e4senz in Syrien immer gr\u00f6\u00dfer wird.\u00a0Erst recht gilt das f\u00fcr den Fall eines Wahlsiegs von Donald Trump, der alle US-Soldaten umgehend aus dem B\u00fcrgerkriegsland abziehen m\u00f6chte. Die US-Amerikaner sind die engsten Verb\u00fcndeten der kurdischen Milizen in Syrien.\u00a0Dabei ist anzumerken, dass US-Truppen v\u00f6lkerrechtswidrig\u00a0in Syrien stationiert sind.<\/p>\n<p>Einigen Kommentatoren zufolge k\u00f6nnte das t\u00fcrkische Regierungsb\u00fcndnis durch den Wunsch motiviert sein, die Unterst\u00fctzung der DEM f\u00fcr eine Verfassungs\u00e4nderung zu gewinnen, die Erdo\u011fans Aussichten bei den f\u00fcr 2028 geplanten Wahlen verbessern k\u00f6nnte.<\/p>\n<p>Der t\u00fcrkische Pr\u00e4sident zeigte sich zudem offen f\u00fcr einen Vorsto\u00df zur Freilassung des PKK-Chefs, wenn dieser der Gewalt abschw\u00f6rt. Ungewissheit herrscht auch \u00fcber das Ausma\u00df der Autorit\u00e4t, die \u00d6calan aus dem Gef\u00e4ngnis heraus immer noch \u00fcber die PKK aus\u00fcbt. In einer Erkl\u00e4rung bezeichnete die PKK \u00d6calan als ihren Gespr\u00e4chspartner in allen Gespr\u00e4chen mit Ankara, doch ist unklar, was sie von einem Friedensprozess erwarten w\u00fcrde.<\/p>\n<p><strong>Mehr zum Thema \u2013\u00a0<\/strong><a rel=\"nofollow noopener\" target=\"_blank\" href=\"https:\/\/freedert.online\/international\/220567-goldenes-zahnrad-eurasiens-tuerkei-bald-brics-mitglied\/\">Goldenes Zahnrad Eurasiens \u2013 T\u00fcrkei bald BRICS-Mitglied<\/a><\/p>\n<div class=\"EmbedBlock-root EmbedBlock-externalVideo EmbedBlock-rumble\">\n<div class=\"VkEmbed\"><iframe class=\"lazyload\" data-src=\"https:\/\/rumble.com\/embed\/v5baqtf\" frameborder=\"0\" width=\"853\" height=\"480\" allowfullscreen><\/iframe><\/div>\n<\/div>\n<\/div>\n<p><br \/>\n<br \/><a href=\"https:\/\/de.rt.com\/der-nahe-osten\/224288-bemuehungen-um-annaeherung-zwischen-kurden-und-ankara-was-treibt-erdogan-an\/\">Source link <\/a><\/p>\n","protected":false},"excerpt":{"rendered":"<p>Die zunehmende Instabilit\u00e4t in der Region sowie die Eskalation der Gewalt in Nahost veranlassten Ankara dazu, andernorts die Risiken zu minimieren. Mache Beobachter sehen auch die Haupttriebkraft f\u00fcr die j\u00fcngsten Entwicklungen in der Innenpolitik. Die wachsende regionale Instabilit\u00e4t und die sich ver\u00e4ndernde politische Dynamik haben dazu gef\u00fchrt, dass die t\u00fcrkische Regierung zum ersten Mal seit [&hellip;]<\/p>\n","protected":false},"author":3,"featured_media":71780,"comment_status":"open","ping_status":"open","sticky":false,"template":"","format":"standard","meta":{"_yoast_indexnow_last_ping":["1730403306"],"wp_automatic_camp":["217"],"f903ad3e4768d708f2f135d31b7a6570":["Bem\u00fchungen um Ann\u00e4herung zwischen Kurden und Ankara: Was treibt Erdo\u011fan an?"],"original_link":["https:\/\/de.rt.com\/der-nahe-osten\/224288-bemuehungen-um-annaeherung-zwischen-kurden-und-ankara-was-treibt-erdogan-an\/"],"_thumbnail_id":["71780"],"_wptgpro_p2tg_sent2tg":["a:1:{i:23737;s:19:\"2024-10-31 21:36:19\";}"],"jnews_social_counter_last_update":["1777180689"]},"categories":[19,23],"tags":[1800,18748,9048,13697,960,16011,140,436],"yoast_head":"<!-- This site is optimized with the Yoast SEO Premium plugin v22.7 (Yoast SEO v22.7) - https:\/\/yoast.com\/wordpress\/plugins\/seo\/ -->\n<title>Bem\u00fchungen um Ann\u00e4herung zwischen Kurden und Ankara: Was treibt Erdo\u011fan an? - just-now.NEWS Deutschland<\/title>\n<meta name=\"robots\" content=\"index, follow, max-snippet:-1, max-image-preview:large, max-video-preview:-1\" \/>\n<link rel=\"canonical\" href=\"https:\/\/now-news.de\/de\/deutschland\/bemuehungen-um-annaeherung-zwischen-kurden-und-ankara-was-treibt-erdogan-an\/\" \/>\n<meta property=\"og:locale\" content=\"de_DE\" \/>\n<meta property=\"og:type\" content=\"article\" \/>\n<meta property=\"og:title\" content=\"Bem\u00fchungen um Ann\u00e4herung zwischen Kurden und Ankara: Was treibt Erdo\u011fan an?\" \/>\n<meta property=\"og:description\" content=\"Die zunehmende Instabilit\u00e4t in der Region sowie die Eskalation der Gewalt in Nahost veranlassten Ankara dazu, andernorts die Risiken zu minimieren. Mache Beobachter sehen auch die Haupttriebkraft f\u00fcr die j\u00fcngsten Entwicklungen in der Innenpolitik. Die wachsende regionale Instabilit\u00e4t und die sich ver\u00e4ndernde politische Dynamik haben dazu gef\u00fchrt, dass die t\u00fcrkische Regierung zum ersten Mal seit [&hellip;]\" \/>\n<meta property=\"og:url\" content=\"https:\/\/now-news.de\/de\/deutschland\/bemuehungen-um-annaeherung-zwischen-kurden-und-ankara-was-treibt-erdogan-an\/\" \/>\n<meta property=\"og:site_name\" content=\"just-now.NEWS Deutschland\" \/>\n<meta property=\"article:publisher\" content=\"https:\/\/www.facebook.com\/wirmachenauf\" \/>\n<meta property=\"article:published_time\" content=\"2024-10-31T19:27:28+00:00\" \/>\n<meta property=\"og:image\" content=\"https:\/\/now-news.de\/de\/wp-content\/uploads\/sites\/3\/2024\/10\/67238085b480cc5cf40c713b.jpg\" \/>\n<meta name=\"author\" content=\"rtnews\" \/>\n<meta name=\"twitter:card\" content=\"summary_large_image\" \/>\n<meta name=\"twitter:creator\" content=\"@WirMachenAuf_de\" \/>\n<meta name=\"twitter:site\" content=\"@WirMachenAuf_de\" \/>\n<meta name=\"twitter:label1\" content=\"Verfasst von\" \/>\n\t<meta name=\"twitter:data1\" content=\"rtnews\" \/>\n\t<meta name=\"twitter:label2\" content=\"Gesch\u00e4tzte Lesezeit\" \/>\n\t<meta name=\"twitter:data2\" content=\"3\u00a0Minuten\" \/>\n<script type=\"application\/ld+json\" class=\"yoast-schema-graph\">{\"@context\":\"https:\/\/schema.org\",\"@graph\":[{\"@type\":\"Article\",\"@id\":\"https:\/\/now-news.de\/de\/deutschland\/bemuehungen-um-annaeherung-zwischen-kurden-und-ankara-was-treibt-erdogan-an\/#article\",\"isPartOf\":{\"@id\":\"https:\/\/now-news.de\/de\/deutschland\/bemuehungen-um-annaeherung-zwischen-kurden-und-ankara-was-treibt-erdogan-an\/\"},\"author\":{\"name\":\"rtnews\",\"@id\":\"https:\/\/now-news.de\/de\/#\/schema\/person\/fb534a4e865501d8b3285208df34a9b5\"},\"headline\":\"Bem\u00fchungen um Ann\u00e4herung zwischen Kurden und Ankara: Was treibt Erdo\u011fan an?\",\"datePublished\":\"2024-10-31T19:27:28+00:00\",\"dateModified\":\"2024-10-31T19:27:28+00:00\",\"mainEntityOfPage\":{\"@id\":\"https:\/\/now-news.de\/de\/deutschland\/bemuehungen-um-annaeherung-zwischen-kurden-und-ankara-was-treibt-erdogan-an\/\"},\"wordCount\":647,\"commentCount\":0,\"publisher\":{\"@id\":\"https:\/\/now-news.de\/de\/#organization\"},\"image\":{\"@id\":\"https:\/\/now-news.de\/de\/deutschland\/bemuehungen-um-annaeherung-zwischen-kurden-und-ankara-was-treibt-erdogan-an\/#primaryimage\"},\"thumbnailUrl\":\"https:\/\/now-news.de\/de\/wp-content\/uploads\/sites\/3\/2024\/10\/Bemuehungen-um-Annaeherung-zwischen-Kurden-und-Ankara-Was-treibt-Erdogan.jpg\",\"keywords\":[\"Ankara\",\"Ann\u00e4herung\",\"Bem\u00fchungen\",\"Erdo\u011fan\",\"Kurden\",\"treibt\",\"und\",\"zwischen\"],\"articleSection\":[\"Deutschland\",\"Russland\"],\"inLanguage\":\"de\",\"potentialAction\":[{\"@type\":\"CommentAction\",\"name\":\"Comment\",\"target\":[\"https:\/\/now-news.de\/de\/deutschland\/bemuehungen-um-annaeherung-zwischen-kurden-und-ankara-was-treibt-erdogan-an\/#respond\"]}]},{\"@type\":\"WebPage\",\"@id\":\"https:\/\/now-news.de\/de\/deutschland\/bemuehungen-um-annaeherung-zwischen-kurden-und-ankara-was-treibt-erdogan-an\/\",\"url\":\"https:\/\/now-news.de\/de\/deutschland\/bemuehungen-um-annaeherung-zwischen-kurden-und-ankara-was-treibt-erdogan-an\/\",\"name\":\"Bem\u00fchungen um Ann\u00e4herung zwischen Kurden und Ankara: Was treibt Erdo\u011fan an? - just-now.NEWS Deutschland\",\"isPartOf\":{\"@id\":\"https:\/\/now-news.de\/de\/#website\"},\"primaryImageOfPage\":{\"@id\":\"https:\/\/now-news.de\/de\/deutschland\/bemuehungen-um-annaeherung-zwischen-kurden-und-ankara-was-treibt-erdogan-an\/#primaryimage\"},\"image\":{\"@id\":\"https:\/\/now-news.de\/de\/deutschland\/bemuehungen-um-annaeherung-zwischen-kurden-und-ankara-was-treibt-erdogan-an\/#primaryimage\"},\"thumbnailUrl\":\"https:\/\/now-news.de\/de\/wp-content\/uploads\/sites\/3\/2024\/10\/Bemuehungen-um-Annaeherung-zwischen-Kurden-und-Ankara-Was-treibt-Erdogan.jpg\",\"datePublished\":\"2024-10-31T19:27:28+00:00\",\"dateModified\":\"2024-10-31T19:27:28+00:00\",\"breadcrumb\":{\"@id\":\"https:\/\/now-news.de\/de\/deutschland\/bemuehungen-um-annaeherung-zwischen-kurden-und-ankara-was-treibt-erdogan-an\/#breadcrumb\"},\"inLanguage\":\"de\",\"potentialAction\":[{\"@type\":\"ReadAction\",\"target\":[\"https:\/\/now-news.de\/de\/deutschland\/bemuehungen-um-annaeherung-zwischen-kurden-und-ankara-was-treibt-erdogan-an\/\"]}]},{\"@type\":\"ImageObject\",\"inLanguage\":\"de\",\"@id\":\"https:\/\/now-news.de\/de\/deutschland\/bemuehungen-um-annaeherung-zwischen-kurden-und-ankara-was-treibt-erdogan-an\/#primaryimage\",\"url\":\"https:\/\/now-news.de\/de\/wp-content\/uploads\/sites\/3\/2024\/10\/Bemuehungen-um-Annaeherung-zwischen-Kurden-und-Ankara-Was-treibt-Erdogan.jpg\",\"contentUrl\":\"https:\/\/now-news.de\/de\/wp-content\/uploads\/sites\/3\/2024\/10\/Bemuehungen-um-Annaeherung-zwischen-Kurden-und-Ankara-Was-treibt-Erdogan.jpg\",\"width\":460,\"height\":259,\"caption\":\"Bem\u00fchungen um Ann\u00e4herung zwischen Kurden und Ankara: Was treibt Erdo\u011fan an?\"},{\"@type\":\"BreadcrumbList\",\"@id\":\"https:\/\/now-news.de\/de\/deutschland\/bemuehungen-um-annaeherung-zwischen-kurden-und-ankara-was-treibt-erdogan-an\/#breadcrumb\",\"itemListElement\":[{\"@type\":\"ListItem\",\"position\":1,\"name\":\"Home\",\"item\":\"https:\/\/now-news.de\/de\/\"},{\"@type\":\"ListItem\",\"position\":2,\"name\":\"Bem\u00fchungen um Ann\u00e4herung zwischen Kurden und Ankara: Was treibt Erdo\u011fan an?\"}]},{\"@type\":\"WebSite\",\"@id\":\"https:\/\/now-news.de\/de\/#website\",\"url\":\"https:\/\/now-news.de\/de\/\",\"name\":\"just-now.NEWS Deutschland\",\"description\":\"Das Portal f\u00fcr unzensierte Nachrichten aus der Welt\",\"publisher\":{\"@id\":\"https:\/\/now-news.de\/de\/#organization\"},\"potentialAction\":[{\"@type\":\"SearchAction\",\"target\":{\"@type\":\"EntryPoint\",\"urlTemplate\":\"https:\/\/now-news.de\/de\/?s={search_term_string}\"},\"query-input\":\"required name=search_term_string\"}],\"inLanguage\":\"de\"},{\"@type\":\"Organization\",\"@id\":\"https:\/\/now-news.de\/de\/#organization\",\"name\":\"Just Now News\",\"url\":\"https:\/\/now-news.de\/de\/\",\"logo\":{\"@type\":\"ImageObject\",\"inLanguage\":\"de\",\"@id\":\"https:\/\/now-news.de\/de\/#\/schema\/logo\/image\/\",\"url\":\"http:\/\/just-now.news\/de\/wp-content\/uploads\/sites\/3\/2022\/04\/logo500x500.jpg\",\"contentUrl\":\"http:\/\/just-now.news\/de\/wp-content\/uploads\/sites\/3\/2022\/04\/logo500x500.jpg\",\"width\":500,\"height\":500,\"caption\":\"Just Now News\"},\"image\":{\"@id\":\"https:\/\/now-news.de\/de\/#\/schema\/logo\/image\/\"},\"sameAs\":[\"https:\/\/www.facebook.com\/wirmachenauf\",\"https:\/\/x.com\/WirMachenAuf_de\"]},{\"@type\":\"Person\",\"@id\":\"https:\/\/now-news.de\/de\/#\/schema\/person\/fb534a4e865501d8b3285208df34a9b5\",\"name\":\"rtnews\",\"image\":{\"@type\":\"ImageObject\",\"inLanguage\":\"de\",\"@id\":\"https:\/\/now-news.de\/de\/#\/schema\/person\/image\/\",\"url\":\"https:\/\/secure.gravatar.com\/avatar\/82aafea7d8127119dd649515f56e2117?s=96&d=mm&r=g\",\"contentUrl\":\"https:\/\/secure.gravatar.com\/avatar\/82aafea7d8127119dd649515f56e2117?s=96&d=mm&r=g\",\"caption\":\"rtnews\"},\"url\":\"https:\/\/now-news.de\/de\/author\/rnews\/\"}]}<\/script>\n<!-- \/ Yoast SEO Premium plugin. -->","yoast_head_json":{"title":"Bem\u00fchungen um Ann\u00e4herung zwischen Kurden und Ankara: Was treibt Erdo\u011fan an? - just-now.NEWS Deutschland","robots":{"index":"index","follow":"follow","max-snippet":"max-snippet:-1","max-image-preview":"max-image-preview:large","max-video-preview":"max-video-preview:-1"},"canonical":"https:\/\/now-news.de\/de\/deutschland\/bemuehungen-um-annaeherung-zwischen-kurden-und-ankara-was-treibt-erdogan-an\/","og_locale":"de_DE","og_type":"article","og_title":"Bem\u00fchungen um Ann\u00e4herung zwischen Kurden und Ankara: Was treibt Erdo\u011fan an?","og_description":"Die zunehmende Instabilit\u00e4t in der Region sowie die Eskalation der Gewalt in Nahost veranlassten Ankara dazu, andernorts die Risiken zu minimieren. Mache Beobachter sehen auch die Haupttriebkraft f\u00fcr die j\u00fcngsten Entwicklungen in der Innenpolitik. Die wachsende regionale Instabilit\u00e4t und die sich ver\u00e4ndernde politische Dynamik haben dazu gef\u00fchrt, dass die t\u00fcrkische Regierung zum ersten Mal seit [&hellip;]","og_url":"https:\/\/now-news.de\/de\/deutschland\/bemuehungen-um-annaeherung-zwischen-kurden-und-ankara-was-treibt-erdogan-an\/","og_site_name":"just-now.NEWS Deutschland","article_publisher":"https:\/\/www.facebook.com\/wirmachenauf","article_published_time":"2024-10-31T19:27:28+00:00","og_image":[{"url":"https:\/\/now-news.de\/de\/wp-content\/uploads\/sites\/3\/2024\/10\/67238085b480cc5cf40c713b.jpg"}],"author":"rtnews","twitter_card":"summary_large_image","twitter_creator":"@WirMachenAuf_de","twitter_site":"@WirMachenAuf_de","twitter_misc":{"Verfasst von":"rtnews","Gesch\u00e4tzte Lesezeit":"3\u00a0Minuten"},"schema":{"@context":"https:\/\/schema.org","@graph":[{"@type":"Article","@id":"https:\/\/now-news.de\/de\/deutschland\/bemuehungen-um-annaeherung-zwischen-kurden-und-ankara-was-treibt-erdogan-an\/#article","isPartOf":{"@id":"https:\/\/now-news.de\/de\/deutschland\/bemuehungen-um-annaeherung-zwischen-kurden-und-ankara-was-treibt-erdogan-an\/"},"author":{"name":"rtnews","@id":"https:\/\/now-news.de\/de\/#\/schema\/person\/fb534a4e865501d8b3285208df34a9b5"},"headline":"Bem\u00fchungen um Ann\u00e4herung zwischen Kurden und Ankara: Was treibt Erdo\u011fan an?","datePublished":"2024-10-31T19:27:28+00:00","dateModified":"2024-10-31T19:27:28+00:00","mainEntityOfPage":{"@id":"https:\/\/now-news.de\/de\/deutschland\/bemuehungen-um-annaeherung-zwischen-kurden-und-ankara-was-treibt-erdogan-an\/"},"wordCount":647,"commentCount":0,"publisher":{"@id":"https:\/\/now-news.de\/de\/#organization"},"image":{"@id":"https:\/\/now-news.de\/de\/deutschland\/bemuehungen-um-annaeherung-zwischen-kurden-und-ankara-was-treibt-erdogan-an\/#primaryimage"},"thumbnailUrl":"https:\/\/now-news.de\/de\/wp-content\/uploads\/sites\/3\/2024\/10\/Bemuehungen-um-Annaeherung-zwischen-Kurden-und-Ankara-Was-treibt-Erdogan.jpg","keywords":["Ankara","Ann\u00e4herung","Bem\u00fchungen","Erdo\u011fan","Kurden","treibt","und","zwischen"],"articleSection":["Deutschland","Russland"],"inLanguage":"de","potentialAction":[{"@type":"CommentAction","name":"Comment","target":["https:\/\/now-news.de\/de\/deutschland\/bemuehungen-um-annaeherung-zwischen-kurden-und-ankara-was-treibt-erdogan-an\/#respond"]}]},{"@type":"WebPage","@id":"https:\/\/now-news.de\/de\/deutschland\/bemuehungen-um-annaeherung-zwischen-kurden-und-ankara-was-treibt-erdogan-an\/","url":"https:\/\/now-news.de\/de\/deutschland\/bemuehungen-um-annaeherung-zwischen-kurden-und-ankara-was-treibt-erdogan-an\/","name":"Bem\u00fchungen um Ann\u00e4herung zwischen Kurden und Ankara: Was treibt Erdo\u011fan an? - just-now.NEWS Deutschland","isPartOf":{"@id":"https:\/\/now-news.de\/de\/#website"},"primaryImageOfPage":{"@id":"https:\/\/now-news.de\/de\/deutschland\/bemuehungen-um-annaeherung-zwischen-kurden-und-ankara-was-treibt-erdogan-an\/#primaryimage"},"image":{"@id":"https:\/\/now-news.de\/de\/deutschland\/bemuehungen-um-annaeherung-zwischen-kurden-und-ankara-was-treibt-erdogan-an\/#primaryimage"},"thumbnailUrl":"https:\/\/now-news.de\/de\/wp-content\/uploads\/sites\/3\/2024\/10\/Bemuehungen-um-Annaeherung-zwischen-Kurden-und-Ankara-Was-treibt-Erdogan.jpg","datePublished":"2024-10-31T19:27:28+00:00","dateModified":"2024-10-31T19:27:28+00:00","breadcrumb":{"@id":"https:\/\/now-news.de\/de\/deutschland\/bemuehungen-um-annaeherung-zwischen-kurden-und-ankara-was-treibt-erdogan-an\/#breadcrumb"},"inLanguage":"de","potentialAction":[{"@type":"ReadAction","target":["https:\/\/now-news.de\/de\/deutschland\/bemuehungen-um-annaeherung-zwischen-kurden-und-ankara-was-treibt-erdogan-an\/"]}]},{"@type":"ImageObject","inLanguage":"de","@id":"https:\/\/now-news.de\/de\/deutschland\/bemuehungen-um-annaeherung-zwischen-kurden-und-ankara-was-treibt-erdogan-an\/#primaryimage","url":"https:\/\/now-news.de\/de\/wp-content\/uploads\/sites\/3\/2024\/10\/Bemuehungen-um-Annaeherung-zwischen-Kurden-und-Ankara-Was-treibt-Erdogan.jpg","contentUrl":"https:\/\/now-news.de\/de\/wp-content\/uploads\/sites\/3\/2024\/10\/Bemuehungen-um-Annaeherung-zwischen-Kurden-und-Ankara-Was-treibt-Erdogan.jpg","width":460,"height":259,"caption":"Bem\u00fchungen um Ann\u00e4herung zwischen Kurden und Ankara: Was treibt Erdo\u011fan an?"},{"@type":"BreadcrumbList","@id":"https:\/\/now-news.de\/de\/deutschland\/bemuehungen-um-annaeherung-zwischen-kurden-und-ankara-was-treibt-erdogan-an\/#breadcrumb","itemListElement":[{"@type":"ListItem","position":1,"name":"Home","item":"https:\/\/now-news.de\/de\/"},{"@type":"ListItem","position":2,"name":"Bem\u00fchungen um Ann\u00e4herung zwischen Kurden und Ankara: Was treibt Erdo\u011fan an?"}]},{"@type":"WebSite","@id":"https:\/\/now-news.de\/de\/#website","url":"https:\/\/now-news.de\/de\/","name":"just-now.NEWS Deutschland","description":"Das Portal f\u00fcr unzensierte Nachrichten aus der Welt","publisher":{"@id":"https:\/\/now-news.de\/de\/#organization"},"potentialAction":[{"@type":"SearchAction","target":{"@type":"EntryPoint","urlTemplate":"https:\/\/now-news.de\/de\/?s={search_term_string}"},"query-input":"required name=search_term_string"}],"inLanguage":"de"},{"@type":"Organization","@id":"https:\/\/now-news.de\/de\/#organization","name":"Just Now News","url":"https:\/\/now-news.de\/de\/","logo":{"@type":"ImageObject","inLanguage":"de","@id":"https:\/\/now-news.de\/de\/#\/schema\/logo\/image\/","url":"http:\/\/just-now.news\/de\/wp-content\/uploads\/sites\/3\/2022\/04\/logo500x500.jpg","contentUrl":"http:\/\/just-now.news\/de\/wp-content\/uploads\/sites\/3\/2022\/04\/logo500x500.jpg","width":500,"height":500,"caption":"Just Now News"},"image":{"@id":"https:\/\/now-news.de\/de\/#\/schema\/logo\/image\/"},"sameAs":["https:\/\/www.facebook.com\/wirmachenauf","https:\/\/x.com\/WirMachenAuf_de"]},{"@type":"Person","@id":"https:\/\/now-news.de\/de\/#\/schema\/person\/fb534a4e865501d8b3285208df34a9b5","name":"rtnews","image":{"@type":"ImageObject","inLanguage":"de","@id":"https:\/\/now-news.de\/de\/#\/schema\/person\/image\/","url":"https:\/\/secure.gravatar.com\/avatar\/82aafea7d8127119dd649515f56e2117?s=96&d=mm&r=g","contentUrl":"https:\/\/secure.gravatar.com\/avatar\/82aafea7d8127119dd649515f56e2117?s=96&d=mm&r=g","caption":"rtnews"},"url":"https:\/\/now-news.de\/de\/author\/rnews\/"}]}},"_links":{"self":[{"href":"https:\/\/now-news.de\/de\/wp-json\/wp\/v2\/posts\/71779"}],"collection":[{"href":"https:\/\/now-news.de\/de\/wp-json\/wp\/v2\/posts"}],"about":[{"href":"https:\/\/now-news.de\/de\/wp-json\/wp\/v2\/types\/post"}],"author":[{"embeddable":true,"href":"https:\/\/now-news.de\/de\/wp-json\/wp\/v2\/users\/3"}],"replies":[{"embeddable":true,"href":"https:\/\/now-news.de\/de\/wp-json\/wp\/v2\/comments?post=71779"}],"version-history":[{"count":0,"href":"https:\/\/now-news.de\/de\/wp-json\/wp\/v2\/posts\/71779\/revisions"}],"wp:featuredmedia":[{"embeddable":true,"href":"https:\/\/now-news.de\/de\/wp-json\/wp\/v2\/media\/71780"}],"wp:attachment":[{"href":"https:\/\/now-news.de\/de\/wp-json\/wp\/v2\/media?parent=71779"}],"wp:term":[{"taxonomy":"category","embeddable":true,"href":"https:\/\/now-news.de\/de\/wp-json\/wp\/v2\/categories?post=71779"},{"taxonomy":"post_tag","embeddable":true,"href":"https:\/\/now-news.de\/de\/wp-json\/wp\/v2\/tags?post=71779"}],"curies":[{"name":"wp","href":"https:\/\/api.w.org\/{rel}","templated":true}]}}