{"id":71754,"date":"2024-10-31T15:11:07","date_gmt":"2024-10-31T13:11:07","guid":{"rendered":"https:\/\/now-news.de\/de\/deutschland\/harald-kujat-selenskijs-drohung-mit-atomwaffen-haette-harte-reaktion-des-westens-erfordert\/"},"modified":"2024-10-31T15:11:07","modified_gmt":"2024-10-31T13:11:07","slug":"harald-kujat-selenskijs-drohung-mit-atomwaffen-haette-harte-reaktion-des-westens-erfordert","status":"publish","type":"post","link":"https:\/\/now-news.de\/de\/deutschland\/harald-kujat-selenskijs-drohung-mit-atomwaffen-haette-harte-reaktion-des-westens-erfordert\/","title":{"rendered":"Harald Kujat: Selenskijs Drohung mit Atomwaffen &quot;h\u00e4tte harte Reaktion des Westens erfordert&quot;"},"content":{"rendered":"<p><img decoding=\"async\" src=\"https:\/\/now-news.de\/de\/wp-content\/uploads\/sites\/3\/2024\/10\/67237accb480cc5b9072ddc4.jpg\" \/><\/p>\n<div class=\"Text-root Text-type_1 \">\n                Die milit\u00e4rische Lage im Ukraine-Krieg wird f\u00fcr die Ukraine mit jedem Tag hoffnungsloser, meint Ex-General Harald Kujat. Wladimir Selenskijs Strategie, die NATO in den Konflikt zu ziehen, sei hochgef\u00e4hrlich. Angriffe auf Russland w\u00e4ren nicht geeignet, eine Wende herbeizuf\u00fchren. Es brauche Verhandlungen.\n            <\/div>\n<p><\/p>\n<div class=\"Text-root Text-type_5 ArticleView-text ViewText-root \">\n<p>In einem <a rel=\"nofollow noopener\" target=\"_blank\" href=\"https:\/\/www.nachdenkseiten.de\/?p=123938\">Interview <\/a>mit dem Nachrichtenportal <em>NachDenkSeiten<\/em> skizziert General a.\u00a0D. Harald Kujat die milit\u00e4rische Situation im Ukraine-Krieg. Die Ukraine ist in der Defensive. Sie verliert t\u00e4glich an Gel\u00e4nde. Russland kommt dagegen seinem Ziel, den gesamten Donbass zu befreien, mit jedem Tag n\u00e4her. Der Ukraine droht eine milit\u00e4rische Niederlage.<\/p>\n<p><em>&#8220;Es kann nicht mehr l\u00e4nger geleugnet werden, dass die Lage der Ukraine t\u00e4glich schwieriger wird. Das politische Ziel der Ukraine, die territoriale Integrit\u00e4t des Landes in den Grenzen von 1991 mit milit\u00e4rischen Mitteln wiederherzustellen, ist unerreichbar. Die ukrainischen Streitkr\u00e4fte befinden sich in einer kritischen Lage, die von Tag zu Tag unhaltbarer wird.&#8221;<\/em><\/p>\n<p>Vor diesem Hintergrund ist das Vorpreschen Wladimir Selenskijs verst\u00e4ndlich. Der ukrainische Machthaber fordert eine unmittelbare Einladung zum NATO-Beitritt. Kujat verweist jedoch darauf, dass eine NATO-Mitgliedschaft zum jetzigen Zeitpunkt gleichbedeutend mit dem Kriegseintritt der NATO w\u00e4re. Selenskij handele aus Verzweiflung, sein Anliegen m\u00fcsse aber dennoch zur\u00fcckgewiesen werden. Das gilt auch f\u00fcr seine Forderung nach der Lieferung weitreichender Waffen.<\/p>\n<p><em>&#8220;Offenbar sieht Selenskij das direkte milit\u00e4rische Eingreifen der NATO in den Krieg als einzigen Ausweg aus der sich anbahnenden Katastrophe. Deshalb verlangt er die Lieferung und Freigabe weitreichender westlicher Waffensysteme f\u00fcr den Einsatz gegen Ziele in der Tiefe Russlands und eine bedingungslose NATO-Mitgliedschaft.&#8221;<\/em><\/p>\n<p>Als Alternative zur Einladung zum NATO-Beitritt brachte Selenskij den Einsatz von Atomwaffen gegen Russland ins Spiel. Selenskij forderte, der Ukraine Nuklearwaffen zur Verf\u00fcgung zu stellen, und verwies in diesem Zusammenhang auf das Budapester Memorandum. Eine h\u00e4ufig vorgetragene Interpretation des Memorandums ist, die Ukraine habe nach dem Zusammenbruch der Sowjetunion auf die in der Ukraine stationierten Nuklearwaffen verzichtet. Kujat korrigiert diese Auffassung und meint, der Westen h\u00e4tte hart auf die Drohung Selenskijs reagieren m\u00fcssen.<\/p>\n<p><em>&#8220;Bei allem Verst\u00e4ndnis f\u00fcr die verzweifelte Lage der Ukraine ist das eine Drohung, die eine harte Reaktion des Westens erfordert h\u00e4tte. Sie wirft ein Licht auf die Unberechenbarkeit des ukrainischen Pr\u00e4sidenten und die politischen Beschr\u00e4nkungen, die sich der Westen mit seiner So-lange-wie-n\u00f6tig-Politik auferlegt hat.&#8221;<\/em><\/p>\n<p>Faktisch waren die in der Ukraine stationierten Atomwaffen genauso wenig im Besitz der Ukraine, wie die Atomwaffen in B\u00fcchel im Besitz der Bundesrepublik sind. Die in der Ukraine stationierten Waffen standen unter dem Kommando Russlands. Die Ukraine hatte keine Verf\u00fcgungsgewalt und verf\u00fcgt auch nicht \u00fcber die Mittel, die zur Instandhaltung der entsprechenden Infrastruktur notwendig w\u00e4ren, f\u00fchrt Kujat aus.<\/p>\n<p>Selenskijs Strategie ist, den Westen in den Krieg zu ziehen, wird aus den Ausf\u00fchrungen Kujats deutlich. Die Lieferung weitreichender Waffen w\u00fcrde an der milit\u00e4rischen Lage nichts \u00e4ndern. Der Westen hat immer umfangreicher Waffen geliefert und die Ukraine mit gro\u00dfen Summen unterst\u00fctzt. Dennoch wurde die Lage f\u00fcr die Ukraine immer prek\u00e4rer. Die Fortsetzung dieses Weges f\u00fchre zur milit\u00e4rischen Niederlage der Ukraine.<\/p>\n<p><em>&#8220;Eine rationale strategische Bewertung der Zweck-Mittel-Relation zeigt \u00fcbrigens, dass der Einsatz weitreichender westlicher Waffensysteme weder geeignet ist, die Bedrohung durch russische Gleitbomben-Angriffe abzuwenden, noch eine \u00c4nderung der strategischen Lage zugunsten der Ukraine herbeizuf\u00fchren.&#8221;<\/em><\/p>\n<p>Es brauche Verhandlungen. Am aussichtsreichsten sei der chinesische Vorschlag, an die Verhandlungen vom Fr\u00fchjahr\u00a02022 anzukn\u00fcpfen,\u00a0bei denen bereits eine umfassende Einigung zwischen Russland und der Ukraine erzielt wurde. Russland sei grunds\u00e4tzlich bereit, zu verhandeln, hebt Kujat hervor. Die Weigerung von Bundeskanzler Olaf Scholz, der Ukraine Taurus zur Verf\u00fcgung zu stellen, sei rational und richtig. Gleichzeitig habe sich der Westen mit der Formel, die Ukraine werde &#8220;so lange wie n\u00f6tig&#8221; unterst\u00fctzt, in eine Sackgasse gefahren, da Selenskij nicht zu bilateralen Verhandlungen bereit ist und seine Friedensformel nicht geeignet ist, den Konflikt zu beenden.<\/p>\n<p>Die Forderung von CDU-Chef Friedrich Merz nach Lieferung von Taurus-Marschflugk\u00f6rpern an die Ukraine weigert sich Kujat zu kommentieren. Aus dem Gesagten ist jedoch klar ersichtlich, dass er Merz&#8217; Forderung f\u00fcr nicht zielf\u00fchrend und sogar gef\u00e4hrlich h\u00e4lt. Sie w\u00fcrde Deutschland der Kriegsbeteiligung einen gro\u00dfen Schritt n\u00e4her bringen.<\/p>\n<p><strong>Mehr zum Thema<\/strong>\u00a0\u2013 <a rel=\"nofollow noopener\" target=\"_blank\" href=\"https:\/\/freedert.online\/international\/224149-erreicht-sogar-ural-pentagon-diskutiert\/\">&#8220;Erreicht sogar den Ural&#8221;: Pentagon diskutiert \u00fcber ein neues &#8220;Geschenk&#8221; f\u00fcr Kiews Armee<\/a><\/p>\n<div class=\"EmbedBlock-root EmbedBlock-externalVideo EmbedBlock-rumble\">\n<div class=\"VkEmbed\"><iframe class=\"lazyload\" data-src=\"https:\/\/rumble.com\/embed\/v4khion\" frameborder=\"0\" width=\"853\" height=\"480\" allowfullscreen><\/iframe><\/div>\n<\/div>\n<\/div>\n<p><br \/>\n<br \/><a href=\"https:\/\/de.rt.com\/europa\/224276-harald-kujat-selenskijs-drohung-mit\/\">Source link <\/a><\/p>\n","protected":false},"excerpt":{"rendered":"<p>Die milit\u00e4rische Lage im Ukraine-Krieg wird f\u00fcr die Ukraine mit jedem Tag hoffnungsloser, meint Ex-General Harald Kujat. Wladimir Selenskijs Strategie, die NATO in den Konflikt zu ziehen, sei hochgef\u00e4hrlich. Angriffe auf Russland w\u00e4ren nicht geeignet, eine Wende herbeizuf\u00fchren. Es brauche Verhandlungen. In einem Interview mit dem Nachrichtenportal NachDenkSeiten skizziert General a.\u00a0D. Harald Kujat die milit\u00e4rische [&hellip;]<\/p>\n","protected":false},"author":3,"featured_media":71755,"comment_status":"open","ping_status":"open","sticky":false,"template":"","format":"standard","meta":{"_yoast_indexnow_last_ping":["1730381108"],"wp_automatic_camp":["217"],"d9491ed5aa14c3f676260a05a7e67088":["Harald Kujat: Selenskijs Drohung mit Atomwaffen &quot;h\u00e4tte harte Reaktion des Westens erfordert&quot;"],"original_link":["https:\/\/de.rt.com\/europa\/224276-harald-kujat-selenskijs-drohung-mit\/"],"_thumbnail_id":["71755"],"jnews_social_counter_last_update":["1777405913"],"_wptgpro_p2tg_sent2tg":["a:1:{i:23737;s:19:\"2024-10-31 15:26:13\";}"]},"categories":[19,23],"tags":[7620,583,18037,59861,39411,19512,34303,419,59860,158,1290,3117],"yoast_head":"<!-- This site is optimized with the Yoast SEO Premium plugin v22.7 (Yoast SEO v22.7) - https:\/\/yoast.com\/wordpress\/plugins\/seo\/ -->\n<title>Harald Kujat: Selenskijs Drohung mit Atomwaffen &quot;h\u00e4tte harte Reaktion des Westens erfordert&quot; - just-now.NEWS Deutschland<\/title>\n<meta name=\"robots\" content=\"index, follow, max-snippet:-1, max-image-preview:large, max-video-preview:-1\" \/>\n<link rel=\"canonical\" href=\"https:\/\/now-news.de\/de\/deutschland\/harald-kujat-selenskijs-drohung-mit-atomwaffen-haette-harte-reaktion-des-westens-erfordert\/\" \/>\n<meta property=\"og:locale\" content=\"de_DE\" \/>\n<meta property=\"og:type\" content=\"article\" \/>\n<meta property=\"og:title\" content=\"Harald Kujat: Selenskijs Drohung mit Atomwaffen &quot;h\u00e4tte harte Reaktion des Westens erfordert&quot;\" \/>\n<meta property=\"og:description\" content=\"Die milit\u00e4rische Lage im Ukraine-Krieg wird f\u00fcr die Ukraine mit jedem Tag hoffnungsloser, meint Ex-General Harald Kujat. Wladimir Selenskijs Strategie, die NATO in den Konflikt zu ziehen, sei hochgef\u00e4hrlich. Angriffe auf Russland w\u00e4ren nicht geeignet, eine Wende herbeizuf\u00fchren. Es brauche Verhandlungen. In einem Interview mit dem Nachrichtenportal NachDenkSeiten skizziert General a.\u00a0D. Harald Kujat die milit\u00e4rische [&hellip;]\" \/>\n<meta property=\"og:url\" content=\"https:\/\/now-news.de\/de\/deutschland\/harald-kujat-selenskijs-drohung-mit-atomwaffen-haette-harte-reaktion-des-westens-erfordert\/\" \/>\n<meta property=\"og:site_name\" content=\"just-now.NEWS Deutschland\" \/>\n<meta property=\"article:publisher\" content=\"https:\/\/www.facebook.com\/wirmachenauf\" \/>\n<meta property=\"article:published_time\" content=\"2024-10-31T13:11:07+00:00\" \/>\n<meta property=\"og:image\" content=\"https:\/\/now-news.de\/de\/wp-content\/uploads\/sites\/3\/2024\/10\/67237accb480cc5b9072ddc4.jpg\" \/>\n<meta name=\"author\" content=\"rtnews\" \/>\n<meta name=\"twitter:card\" content=\"summary_large_image\" \/>\n<meta name=\"twitter:creator\" content=\"@WirMachenAuf_de\" \/>\n<meta name=\"twitter:site\" content=\"@WirMachenAuf_de\" \/>\n<meta name=\"twitter:label1\" content=\"Verfasst von\" \/>\n\t<meta name=\"twitter:data1\" content=\"rtnews\" \/>\n\t<meta name=\"twitter:label2\" content=\"Gesch\u00e4tzte Lesezeit\" \/>\n\t<meta name=\"twitter:data2\" content=\"4\u00a0Minuten\" \/>\n<script type=\"application\/ld+json\" class=\"yoast-schema-graph\">{\"@context\":\"https:\/\/schema.org\",\"@graph\":[{\"@type\":\"Article\",\"@id\":\"https:\/\/now-news.de\/de\/deutschland\/harald-kujat-selenskijs-drohung-mit-atomwaffen-haette-harte-reaktion-des-westens-erfordert\/#article\",\"isPartOf\":{\"@id\":\"https:\/\/now-news.de\/de\/deutschland\/harald-kujat-selenskijs-drohung-mit-atomwaffen-haette-harte-reaktion-des-westens-erfordert\/\"},\"author\":{\"name\":\"rtnews\",\"@id\":\"https:\/\/now-news.de\/de\/#\/schema\/person\/fb534a4e865501d8b3285208df34a9b5\"},\"headline\":\"Harald Kujat: Selenskijs Drohung mit Atomwaffen &quot;h\u00e4tte harte Reaktion des Westens erfordert&quot;\",\"datePublished\":\"2024-10-31T13:11:07+00:00\",\"dateModified\":\"2024-10-31T13:11:07+00:00\",\"mainEntityOfPage\":{\"@id\":\"https:\/\/now-news.de\/de\/deutschland\/harald-kujat-selenskijs-drohung-mit-atomwaffen-haette-harte-reaktion-des-westens-erfordert\/\"},\"wordCount\":743,\"commentCount\":0,\"publisher\":{\"@id\":\"https:\/\/now-news.de\/de\/#organization\"},\"image\":{\"@id\":\"https:\/\/now-news.de\/de\/deutschland\/harald-kujat-selenskijs-drohung-mit-atomwaffen-haette-harte-reaktion-des-westens-erfordert\/#primaryimage\"},\"thumbnailUrl\":\"https:\/\/now-news.de\/de\/wp-content\/uploads\/sites\/3\/2024\/10\/Harald-Kujat-Selenskijs-Drohung-mit-Atomwaffen-quothaette-harte-Reaktion-des.jpg\",\"keywords\":[\"Atomwaffen\",\"des\",\"drohung\",\"erfordertquot\",\"Harald\",\"Harte\",\"Kujat\",\"mit\",\"quoth\u00e4tte\",\"reaktion\",\"Selenskijs\",\"Westens\"],\"articleSection\":[\"Deutschland\",\"Russland\"],\"inLanguage\":\"de\",\"potentialAction\":[{\"@type\":\"CommentAction\",\"name\":\"Comment\",\"target\":[\"https:\/\/now-news.de\/de\/deutschland\/harald-kujat-selenskijs-drohung-mit-atomwaffen-haette-harte-reaktion-des-westens-erfordert\/#respond\"]}]},{\"@type\":\"WebPage\",\"@id\":\"https:\/\/now-news.de\/de\/deutschland\/harald-kujat-selenskijs-drohung-mit-atomwaffen-haette-harte-reaktion-des-westens-erfordert\/\",\"url\":\"https:\/\/now-news.de\/de\/deutschland\/harald-kujat-selenskijs-drohung-mit-atomwaffen-haette-harte-reaktion-des-westens-erfordert\/\",\"name\":\"Harald Kujat: Selenskijs Drohung mit Atomwaffen &quot;h\u00e4tte harte Reaktion des Westens erfordert&quot; - just-now.NEWS Deutschland\",\"isPartOf\":{\"@id\":\"https:\/\/now-news.de\/de\/#website\"},\"primaryImageOfPage\":{\"@id\":\"https:\/\/now-news.de\/de\/deutschland\/harald-kujat-selenskijs-drohung-mit-atomwaffen-haette-harte-reaktion-des-westens-erfordert\/#primaryimage\"},\"image\":{\"@id\":\"https:\/\/now-news.de\/de\/deutschland\/harald-kujat-selenskijs-drohung-mit-atomwaffen-haette-harte-reaktion-des-westens-erfordert\/#primaryimage\"},\"thumbnailUrl\":\"https:\/\/now-news.de\/de\/wp-content\/uploads\/sites\/3\/2024\/10\/Harald-Kujat-Selenskijs-Drohung-mit-Atomwaffen-quothaette-harte-Reaktion-des.jpg\",\"datePublished\":\"2024-10-31T13:11:07+00:00\",\"dateModified\":\"2024-10-31T13:11:07+00:00\",\"breadcrumb\":{\"@id\":\"https:\/\/now-news.de\/de\/deutschland\/harald-kujat-selenskijs-drohung-mit-atomwaffen-haette-harte-reaktion-des-westens-erfordert\/#breadcrumb\"},\"inLanguage\":\"de\",\"potentialAction\":[{\"@type\":\"ReadAction\",\"target\":[\"https:\/\/now-news.de\/de\/deutschland\/harald-kujat-selenskijs-drohung-mit-atomwaffen-haette-harte-reaktion-des-westens-erfordert\/\"]}]},{\"@type\":\"ImageObject\",\"inLanguage\":\"de\",\"@id\":\"https:\/\/now-news.de\/de\/deutschland\/harald-kujat-selenskijs-drohung-mit-atomwaffen-haette-harte-reaktion-des-westens-erfordert\/#primaryimage\",\"url\":\"https:\/\/now-news.de\/de\/wp-content\/uploads\/sites\/3\/2024\/10\/Harald-Kujat-Selenskijs-Drohung-mit-Atomwaffen-quothaette-harte-Reaktion-des.jpg\",\"contentUrl\":\"https:\/\/now-news.de\/de\/wp-content\/uploads\/sites\/3\/2024\/10\/Harald-Kujat-Selenskijs-Drohung-mit-Atomwaffen-quothaette-harte-Reaktion-des.jpg\",\"width\":460,\"height\":259,\"caption\":\"Harald Kujat: Selenskijs Drohung mit Atomwaffen &quot;h\u00e4tte harte Reaktion des Westens erfordert&quot;\"},{\"@type\":\"BreadcrumbList\",\"@id\":\"https:\/\/now-news.de\/de\/deutschland\/harald-kujat-selenskijs-drohung-mit-atomwaffen-haette-harte-reaktion-des-westens-erfordert\/#breadcrumb\",\"itemListElement\":[{\"@type\":\"ListItem\",\"position\":1,\"name\":\"Home\",\"item\":\"https:\/\/now-news.de\/de\/\"},{\"@type\":\"ListItem\",\"position\":2,\"name\":\"Harald Kujat: Selenskijs Drohung mit Atomwaffen &quot;h\u00e4tte harte Reaktion des Westens erfordert&quot;\"}]},{\"@type\":\"WebSite\",\"@id\":\"https:\/\/now-news.de\/de\/#website\",\"url\":\"https:\/\/now-news.de\/de\/\",\"name\":\"just-now.NEWS Deutschland\",\"description\":\"Das Portal f\u00fcr unzensierte Nachrichten aus der Welt\",\"publisher\":{\"@id\":\"https:\/\/now-news.de\/de\/#organization\"},\"potentialAction\":[{\"@type\":\"SearchAction\",\"target\":{\"@type\":\"EntryPoint\",\"urlTemplate\":\"https:\/\/now-news.de\/de\/?s={search_term_string}\"},\"query-input\":\"required name=search_term_string\"}],\"inLanguage\":\"de\"},{\"@type\":\"Organization\",\"@id\":\"https:\/\/now-news.de\/de\/#organization\",\"name\":\"Just Now News\",\"url\":\"https:\/\/now-news.de\/de\/\",\"logo\":{\"@type\":\"ImageObject\",\"inLanguage\":\"de\",\"@id\":\"https:\/\/now-news.de\/de\/#\/schema\/logo\/image\/\",\"url\":\"http:\/\/just-now.news\/de\/wp-content\/uploads\/sites\/3\/2022\/04\/logo500x500.jpg\",\"contentUrl\":\"http:\/\/just-now.news\/de\/wp-content\/uploads\/sites\/3\/2022\/04\/logo500x500.jpg\",\"width\":500,\"height\":500,\"caption\":\"Just Now News\"},\"image\":{\"@id\":\"https:\/\/now-news.de\/de\/#\/schema\/logo\/image\/\"},\"sameAs\":[\"https:\/\/www.facebook.com\/wirmachenauf\",\"https:\/\/x.com\/WirMachenAuf_de\"]},{\"@type\":\"Person\",\"@id\":\"https:\/\/now-news.de\/de\/#\/schema\/person\/fb534a4e865501d8b3285208df34a9b5\",\"name\":\"rtnews\",\"image\":{\"@type\":\"ImageObject\",\"inLanguage\":\"de\",\"@id\":\"https:\/\/now-news.de\/de\/#\/schema\/person\/image\/\",\"url\":\"https:\/\/secure.gravatar.com\/avatar\/82aafea7d8127119dd649515f56e2117?s=96&d=mm&r=g\",\"contentUrl\":\"https:\/\/secure.gravatar.com\/avatar\/82aafea7d8127119dd649515f56e2117?s=96&d=mm&r=g\",\"caption\":\"rtnews\"},\"url\":\"https:\/\/now-news.de\/de\/author\/rnews\/\"}]}<\/script>\n<!-- \/ Yoast SEO Premium plugin. -->","yoast_head_json":{"title":"Harald Kujat: Selenskijs Drohung mit Atomwaffen &quot;h\u00e4tte harte Reaktion des Westens erfordert&quot; - just-now.NEWS Deutschland","robots":{"index":"index","follow":"follow","max-snippet":"max-snippet:-1","max-image-preview":"max-image-preview:large","max-video-preview":"max-video-preview:-1"},"canonical":"https:\/\/now-news.de\/de\/deutschland\/harald-kujat-selenskijs-drohung-mit-atomwaffen-haette-harte-reaktion-des-westens-erfordert\/","og_locale":"de_DE","og_type":"article","og_title":"Harald Kujat: Selenskijs Drohung mit Atomwaffen &quot;h\u00e4tte harte Reaktion des Westens erfordert&quot;","og_description":"Die milit\u00e4rische Lage im Ukraine-Krieg wird f\u00fcr die Ukraine mit jedem Tag hoffnungsloser, meint Ex-General Harald Kujat. Wladimir Selenskijs Strategie, die NATO in den Konflikt zu ziehen, sei hochgef\u00e4hrlich. Angriffe auf Russland w\u00e4ren nicht geeignet, eine Wende herbeizuf\u00fchren. Es brauche Verhandlungen. In einem Interview mit dem Nachrichtenportal NachDenkSeiten skizziert General a.\u00a0D. Harald Kujat die milit\u00e4rische [&hellip;]","og_url":"https:\/\/now-news.de\/de\/deutschland\/harald-kujat-selenskijs-drohung-mit-atomwaffen-haette-harte-reaktion-des-westens-erfordert\/","og_site_name":"just-now.NEWS Deutschland","article_publisher":"https:\/\/www.facebook.com\/wirmachenauf","article_published_time":"2024-10-31T13:11:07+00:00","og_image":[{"url":"https:\/\/now-news.de\/de\/wp-content\/uploads\/sites\/3\/2024\/10\/67237accb480cc5b9072ddc4.jpg"}],"author":"rtnews","twitter_card":"summary_large_image","twitter_creator":"@WirMachenAuf_de","twitter_site":"@WirMachenAuf_de","twitter_misc":{"Verfasst von":"rtnews","Gesch\u00e4tzte Lesezeit":"4\u00a0Minuten"},"schema":{"@context":"https:\/\/schema.org","@graph":[{"@type":"Article","@id":"https:\/\/now-news.de\/de\/deutschland\/harald-kujat-selenskijs-drohung-mit-atomwaffen-haette-harte-reaktion-des-westens-erfordert\/#article","isPartOf":{"@id":"https:\/\/now-news.de\/de\/deutschland\/harald-kujat-selenskijs-drohung-mit-atomwaffen-haette-harte-reaktion-des-westens-erfordert\/"},"author":{"name":"rtnews","@id":"https:\/\/now-news.de\/de\/#\/schema\/person\/fb534a4e865501d8b3285208df34a9b5"},"headline":"Harald Kujat: Selenskijs Drohung mit Atomwaffen &quot;h\u00e4tte harte Reaktion des Westens erfordert&quot;","datePublished":"2024-10-31T13:11:07+00:00","dateModified":"2024-10-31T13:11:07+00:00","mainEntityOfPage":{"@id":"https:\/\/now-news.de\/de\/deutschland\/harald-kujat-selenskijs-drohung-mit-atomwaffen-haette-harte-reaktion-des-westens-erfordert\/"},"wordCount":743,"commentCount":0,"publisher":{"@id":"https:\/\/now-news.de\/de\/#organization"},"image":{"@id":"https:\/\/now-news.de\/de\/deutschland\/harald-kujat-selenskijs-drohung-mit-atomwaffen-haette-harte-reaktion-des-westens-erfordert\/#primaryimage"},"thumbnailUrl":"https:\/\/now-news.de\/de\/wp-content\/uploads\/sites\/3\/2024\/10\/Harald-Kujat-Selenskijs-Drohung-mit-Atomwaffen-quothaette-harte-Reaktion-des.jpg","keywords":["Atomwaffen","des","drohung","erfordertquot","Harald","Harte","Kujat","mit","quoth\u00e4tte","reaktion","Selenskijs","Westens"],"articleSection":["Deutschland","Russland"],"inLanguage":"de","potentialAction":[{"@type":"CommentAction","name":"Comment","target":["https:\/\/now-news.de\/de\/deutschland\/harald-kujat-selenskijs-drohung-mit-atomwaffen-haette-harte-reaktion-des-westens-erfordert\/#respond"]}]},{"@type":"WebPage","@id":"https:\/\/now-news.de\/de\/deutschland\/harald-kujat-selenskijs-drohung-mit-atomwaffen-haette-harte-reaktion-des-westens-erfordert\/","url":"https:\/\/now-news.de\/de\/deutschland\/harald-kujat-selenskijs-drohung-mit-atomwaffen-haette-harte-reaktion-des-westens-erfordert\/","name":"Harald Kujat: Selenskijs Drohung mit Atomwaffen &quot;h\u00e4tte harte Reaktion des Westens erfordert&quot; - just-now.NEWS Deutschland","isPartOf":{"@id":"https:\/\/now-news.de\/de\/#website"},"primaryImageOfPage":{"@id":"https:\/\/now-news.de\/de\/deutschland\/harald-kujat-selenskijs-drohung-mit-atomwaffen-haette-harte-reaktion-des-westens-erfordert\/#primaryimage"},"image":{"@id":"https:\/\/now-news.de\/de\/deutschland\/harald-kujat-selenskijs-drohung-mit-atomwaffen-haette-harte-reaktion-des-westens-erfordert\/#primaryimage"},"thumbnailUrl":"https:\/\/now-news.de\/de\/wp-content\/uploads\/sites\/3\/2024\/10\/Harald-Kujat-Selenskijs-Drohung-mit-Atomwaffen-quothaette-harte-Reaktion-des.jpg","datePublished":"2024-10-31T13:11:07+00:00","dateModified":"2024-10-31T13:11:07+00:00","breadcrumb":{"@id":"https:\/\/now-news.de\/de\/deutschland\/harald-kujat-selenskijs-drohung-mit-atomwaffen-haette-harte-reaktion-des-westens-erfordert\/#breadcrumb"},"inLanguage":"de","potentialAction":[{"@type":"ReadAction","target":["https:\/\/now-news.de\/de\/deutschland\/harald-kujat-selenskijs-drohung-mit-atomwaffen-haette-harte-reaktion-des-westens-erfordert\/"]}]},{"@type":"ImageObject","inLanguage":"de","@id":"https:\/\/now-news.de\/de\/deutschland\/harald-kujat-selenskijs-drohung-mit-atomwaffen-haette-harte-reaktion-des-westens-erfordert\/#primaryimage","url":"https:\/\/now-news.de\/de\/wp-content\/uploads\/sites\/3\/2024\/10\/Harald-Kujat-Selenskijs-Drohung-mit-Atomwaffen-quothaette-harte-Reaktion-des.jpg","contentUrl":"https:\/\/now-news.de\/de\/wp-content\/uploads\/sites\/3\/2024\/10\/Harald-Kujat-Selenskijs-Drohung-mit-Atomwaffen-quothaette-harte-Reaktion-des.jpg","width":460,"height":259,"caption":"Harald Kujat: Selenskijs Drohung mit Atomwaffen &quot;h\u00e4tte harte Reaktion des Westens erfordert&quot;"},{"@type":"BreadcrumbList","@id":"https:\/\/now-news.de\/de\/deutschland\/harald-kujat-selenskijs-drohung-mit-atomwaffen-haette-harte-reaktion-des-westens-erfordert\/#breadcrumb","itemListElement":[{"@type":"ListItem","position":1,"name":"Home","item":"https:\/\/now-news.de\/de\/"},{"@type":"ListItem","position":2,"name":"Harald Kujat: Selenskijs Drohung mit Atomwaffen &quot;h\u00e4tte harte Reaktion des Westens erfordert&quot;"}]},{"@type":"WebSite","@id":"https:\/\/now-news.de\/de\/#website","url":"https:\/\/now-news.de\/de\/","name":"just-now.NEWS Deutschland","description":"Das Portal f\u00fcr unzensierte Nachrichten aus der Welt","publisher":{"@id":"https:\/\/now-news.de\/de\/#organization"},"potentialAction":[{"@type":"SearchAction","target":{"@type":"EntryPoint","urlTemplate":"https:\/\/now-news.de\/de\/?s={search_term_string}"},"query-input":"required name=search_term_string"}],"inLanguage":"de"},{"@type":"Organization","@id":"https:\/\/now-news.de\/de\/#organization","name":"Just Now News","url":"https:\/\/now-news.de\/de\/","logo":{"@type":"ImageObject","inLanguage":"de","@id":"https:\/\/now-news.de\/de\/#\/schema\/logo\/image\/","url":"http:\/\/just-now.news\/de\/wp-content\/uploads\/sites\/3\/2022\/04\/logo500x500.jpg","contentUrl":"http:\/\/just-now.news\/de\/wp-content\/uploads\/sites\/3\/2022\/04\/logo500x500.jpg","width":500,"height":500,"caption":"Just Now News"},"image":{"@id":"https:\/\/now-news.de\/de\/#\/schema\/logo\/image\/"},"sameAs":["https:\/\/www.facebook.com\/wirmachenauf","https:\/\/x.com\/WirMachenAuf_de"]},{"@type":"Person","@id":"https:\/\/now-news.de\/de\/#\/schema\/person\/fb534a4e865501d8b3285208df34a9b5","name":"rtnews","image":{"@type":"ImageObject","inLanguage":"de","@id":"https:\/\/now-news.de\/de\/#\/schema\/person\/image\/","url":"https:\/\/secure.gravatar.com\/avatar\/82aafea7d8127119dd649515f56e2117?s=96&d=mm&r=g","contentUrl":"https:\/\/secure.gravatar.com\/avatar\/82aafea7d8127119dd649515f56e2117?s=96&d=mm&r=g","caption":"rtnews"},"url":"https:\/\/now-news.de\/de\/author\/rnews\/"}]}},"_links":{"self":[{"href":"https:\/\/now-news.de\/de\/wp-json\/wp\/v2\/posts\/71754"}],"collection":[{"href":"https:\/\/now-news.de\/de\/wp-json\/wp\/v2\/posts"}],"about":[{"href":"https:\/\/now-news.de\/de\/wp-json\/wp\/v2\/types\/post"}],"author":[{"embeddable":true,"href":"https:\/\/now-news.de\/de\/wp-json\/wp\/v2\/users\/3"}],"replies":[{"embeddable":true,"href":"https:\/\/now-news.de\/de\/wp-json\/wp\/v2\/comments?post=71754"}],"version-history":[{"count":0,"href":"https:\/\/now-news.de\/de\/wp-json\/wp\/v2\/posts\/71754\/revisions"}],"wp:featuredmedia":[{"embeddable":true,"href":"https:\/\/now-news.de\/de\/wp-json\/wp\/v2\/media\/71755"}],"wp:attachment":[{"href":"https:\/\/now-news.de\/de\/wp-json\/wp\/v2\/media?parent=71754"}],"wp:term":[{"taxonomy":"category","embeddable":true,"href":"https:\/\/now-news.de\/de\/wp-json\/wp\/v2\/categories?post=71754"},{"taxonomy":"post_tag","embeddable":true,"href":"https:\/\/now-news.de\/de\/wp-json\/wp\/v2\/tags?post=71754"}],"curies":[{"name":"wp","href":"https:\/\/api.w.org\/{rel}","templated":true}]}}