{"id":71727,"date":"2024-10-31T10:03:34","date_gmt":"2024-10-31T08:03:34","guid":{"rendered":"https:\/\/now-news.de\/de\/deutschland\/spanien-bis-zu-100-tote-und-weiterhin-vermisste-nach-extremregen-und-sturzfluten\/"},"modified":"2024-10-31T10:03:34","modified_gmt":"2024-10-31T08:03:34","slug":"spanien-bis-zu-100-tote-und-weiterhin-vermisste-nach-extremregen-und-sturzfluten","status":"publish","type":"post","link":"https:\/\/now-news.de\/de\/deutschland\/spanien-bis-zu-100-tote-und-weiterhin-vermisste-nach-extremregen-und-sturzfluten\/","title":{"rendered":"Spanien: Bis zu 100 Tote und weiterhin Vermisste nach Extremregen und Sturzfluten"},"content":{"rendered":"<p><img decoding=\"async\" src=\"https:\/\/now-news.de\/de\/wp-content\/uploads\/sites\/3\/2024\/10\/67231e0b48fbef223d38b442.jpg\" \/><\/p>\n<div class=\"Text-root Text-type_1 \">\n                Starke Regenf\u00e4lle und sturzflutartige Ereignisse sorgten in den Provinzen Castell\u00f3n und Tarragona und im S\u00fcdosten Spaniens f\u00fcr mindestens 95 Tote und weiterhin Vermisste.\n            <\/div>\n<p><\/p>\n<div class=\"Text-root Text-type_5 ArticleView-text ViewText-root \">\n<p>Bei einem unerwarteten Wetterph\u00e4nomen in Spanien sind nach bisherigen Erkenntnissen mindestens 95 Menschen ums Leben gekommen. Davon starben alleine 92 in der besonders betroffenen Stadt Valencia, im \u00f6stlichen Teil Spaniens. Bei den schweren Unwettern wurden Stra\u00dfen \u00fcbersp\u00fclt und Br\u00fccken weggerissen. B\u00e4ume, Autos, wie auch gro\u00dfe Lastwagen, wurden von den Wassermassen mitgerissen. Neben den heftigen Regenf\u00e4llen gab es extremen Hagel und starke Windb\u00f6en. Das Wetterph\u00e4nomen wurde durch eine K\u00e4ltewelle ausgel\u00f6st.\u00a0<\/p>\n<p>Der spanische Wetterdienst hatte zu Wochenbeginn vor starken Wolkenbr\u00fcchen in der Provinz Valencia gewarnt, jedoch wurden die Bewohner dann zur Wochenmitte von der St\u00e4rke und Wucht der Ereignisse vollkommen \u00fcberrascht. Bei extrem starkem Niederschlag fiel in den betroffenen Gebieten innerhalb von einem Tag so viel Regen wie sonst in einem Jahr. Bereits am Dienstag traten immer mehr Fl\u00fcsse \u00fcber die Ufer und sorgten f\u00fcr Sturzfluten in den St\u00e4dten und D\u00f6rfern.\u00a0<\/p>\n<div class=\"EmbedBlock-root EmbedBlock-twitter\">\n<div class=\"TwitterEmbed\">\n<blockquote class=\"twitter-tweet lazyload\" data-twitter=\"twitter-tweet\" data-media-max-width=\"560\">\n<p lang=\"en\" dir=\"ltr\">Spain floods.Paiporta. Valencia.Terrific images&#8230; \ud83d\ude30 <a rel=\"nofollow noopener\" target=\"_blank\" href=\"https:\/\/t.co\/Skj3V2Z3xs\">pic.twitter.com\/Skj3V2Z3xs<\/a><\/p>\n<p>\u2014 Tandros (@Tandros_MS) <a rel=\"nofollow noopener\" target=\"_blank\" href=\"https:\/\/twitter.com\/Tandros_MS\/status\/1851617515941536089?ref_src=twsrc%5Etfw\">October 30, 2024<\/a><\/p><\/blockquote>\n<\/div>\n<\/div>\n<p>Weitere betroffene Regionen am Mittelmeer sind Andalusien und Murcia sowie Kastilien-La Mancha. Eine offizielle Gesamtzahl der Vermissten liegt nicht vor.\u00a0<\/p>\n<p>Seitens der Beh\u00f6rden wird jedoch bef\u00fcrchtet, dass die Zahl noch steigen k\u00f6nnte, da eine unbestimmte Anzahl von Menschen weiterhin vermisst wird. Die Rettungsarbeiten werden fortgesetzt, an denen sich tausende Mitglieder milit\u00e4rischer Notfalleinheiten sowie tausende Beamte der Guardia Civil, der Feuerwehr und die Bewohner der betroffenen Regionen beteiligen. Das Video zeigt die dramatischen Ereignisse vom Mittwoch in der besonders betroffenen Stadt Valencia.<\/p>\n<div class=\"EmbedBlock-root EmbedBlock-twitter\">\n<div class=\"TwitterEmbed\">\n<blockquote class=\"twitter-tweet lazyload\" data-twitter=\"twitter-tweet\">\n<p lang=\"es\" dir=\"ltr\">Mi solidaridad y oraci\u00f3n por los fallecidos y damnificados por las lluvias torrenciales en Valencia Espa\u00f1a \ud83c\uddea\ud83c\uddf8. <a rel=\"nofollow noopener\" target=\"_blank\" href=\"https:\/\/t.co\/2gJaXyTMJn\">pic.twitter.com\/2gJaXyTMJn<\/a><\/p>\n<p>\u2014 Padre Eduardo Hayen Cuar\u00f3n \ud83c\uddf2\ud83c\uddfd\ud83c\uddea\ud83c\uddf8\ud83c\uddfa\ud83c\uddf8 (@padrehayen) <a rel=\"nofollow noopener\" target=\"_blank\" href=\"https:\/\/twitter.com\/padrehayen\/status\/1851626893893668950?ref_src=twsrc%5Etfw\">October 30, 2024<\/a><\/p><\/blockquote>\n<\/div>\n<\/div>\n<p>Bilder aus der Gro\u00dfstadt in den sozialen Medien zeigen einen Ort der Verw\u00fcstung und die fatalen Kr\u00e4fte der Sturzfluten.<\/p>\n<div class=\"EmbedBlock-root EmbedBlock-twitter\">\n<div class=\"TwitterEmbed\">\n<blockquote class=\"twitter-tweet lazyload\" data-twitter=\"twitter-tweet\">\n<p lang=\"pt\" dir=\"ltr\">Assim amanheceu Valencia, Espanha. At\u00e9 agora deixou 62 vitimas \ud83e\udd7aQue Deus tenha miseric\u00f3rdia!!! \ud83d\ude4f\ud83c\udffb\ud83d\ude4c\ud83c\udffb <a rel=\"nofollow noopener\" target=\"_blank\" href=\"https:\/\/t.co\/oVKBKdAYyP\">pic.twitter.com\/oVKBKdAYyP<\/a><\/p>\n<p>\u2014 Adriana Santos (@Adriana89899448) <a rel=\"nofollow noopener\" target=\"_blank\" href=\"https:\/\/twitter.com\/Adriana89899448\/status\/1851832311311896855?ref_src=twsrc%5Etfw\">October 31, 2024<\/a><\/p><\/blockquote>\n<\/div>\n<\/div>\n<p>Tausende Bewohner in den betroffenen Region m\u00fcssen immer noch ohne Strom in ihren H\u00e4usern auskommen, die materiellen Sch\u00e4den sind noch nicht absehbar. In der Provinz Valencia sind noch immer zahlreiche Stra\u00dfen gesperrt, da Tausende Autos von den Fluten mitgerissen wurden. Laut Berichten von Bewohnern gegen\u00fcber spanischen Medien hatte es zehn Stunden lang ununterbrochen geregnet.<\/p>\n<p>In der Nacht zu Donnerstag waren dabei zahlreiche Autobahnen und Landstra\u00dfen weiter unbefahrbar. Auch der Bahnverkehr wurde erheblich beeintr\u00e4chtigt. Rund 115.000 Haushalte waren laut\u00a0<em>El Pa\u00eds<\/em>\u00a0in den betroffenen Gebieten ohne Strom, zudem gab es fortdauernde Probleme mit dem Mobilfunknetz. Ein Sprecher der Polizeieinheit Guardia Civil sch\u00e4tzte am Mittwochabend, dass auf den f\u00fcr Pendler wichtigen Autobahnen A3 und A7 &#8220;noch 1.200 Menschen in Autos, Bussen oder Lastwagen gefangen sind&#8221;. Demnach w\u00fcrden in Valencia rund 5.000 Autos ger\u00e4umt werden m\u00fcssen, die gr\u00f6\u00dftenteils von den Besitzern und Mitfahrern verlassen wurden.<\/p>\n<p>Der Zugverkehr zwischen Madrid und der Region Valencia sowie der Mittelmeerkorridor nach Barcelona ist weiterhin unterbrochen, ebenso wie die meisten Vorortz\u00fcge.<\/p>\n<p>Ab Donnerstag gilt landesweit eine dreit\u00e4gige Staatstrauer, so der Territorial-Minister Torres laut spanischen Medien.<\/p>\n<p><strong>Mehr zum Thema &#8211;<\/strong>\u00a0<a rel=\"nofollow noopener\" target=\"_blank\" href=\"https:\/\/freedert.online\/kurzclips\/video\/223558-riesige-staubteufel-fegen-ueber-vereinigte\/\">Riesige &#8220;Staubteufel&#8221; fegen \u00fcber Vereinigte Arabische Emirate hinweg <\/a><\/p>\n<div class=\"EmbedBlock-root EmbedBlock-externalVideo EmbedBlock-rumble\">\n<div class=\"VkEmbed\"><iframe class=\"lazyload\" data-src=\"https:\/\/rumble.com\/embed\/v5igr98\" frameborder=\"0\" width=\"853\" height=\"480\" allowfullscreen><\/iframe><\/div>\n<\/div>\n<\/div>\n<p><script async src=\"https:\/\/platform.twitter.com\/widgets.js\" charset=\"utf-8\"><\/script><br \/>\n<br \/><br \/>\n<br \/><a href=\"https:\/\/de.rt.com\/europa\/224223-spanien-bis-zu-100-tote\/\">Source link <\/a><\/p>\n","protected":false},"excerpt":{"rendered":"<p>Starke Regenf\u00e4lle und sturzflutartige Ereignisse sorgten in den Provinzen Castell\u00f3n und Tarragona und im S\u00fcdosten Spaniens f\u00fcr mindestens 95 Tote und weiterhin Vermisste. Bei einem unerwarteten Wetterph\u00e4nomen in Spanien sind nach bisherigen Erkenntnissen mindestens 95 Menschen ums Leben gekommen. Davon starben alleine 92 in der besonders betroffenen Stadt Valencia, im \u00f6stlichen Teil Spaniens. Bei den [&hellip;]<\/p>\n","protected":false},"author":3,"featured_media":71728,"comment_status":"open","ping_status":"open","sticky":false,"template":"","format":"standard","meta":{"_yoast_indexnow_last_ping":["1730361904"],"wp_automatic_camp":["217"],"f44bae2b75672b94dbb65960e3016121":["Spanien: Bis zu 100 Tote und weiterhin Vermisste nach Extremregen und Sturzfluten"],"original_link":["https:\/\/de.rt.com\/europa\/224223-spanien-bis-zu-100-tote\/"],"_thumbnail_id":["71728"],"_wptgpro_p2tg_sent2tg":["a:1:{i:23737;s:19:\"2024-10-31 10:06:25\";}"],"jnews_social_counter_last_update":["1777566157"]},"categories":[19,23],"tags":[843,59843,979,1271,59844,3233,140,41969,4250],"yoast_head":"<!-- This site is optimized with the Yoast SEO Premium plugin v22.7 (Yoast SEO v22.7) - https:\/\/yoast.com\/wordpress\/plugins\/seo\/ -->\n<title>Spanien: Bis zu 100 Tote und weiterhin Vermisste nach Extremregen und Sturzfluten - just-now.NEWS Deutschland<\/title>\n<meta name=\"robots\" content=\"index, follow, max-snippet:-1, max-image-preview:large, max-video-preview:-1\" \/>\n<link rel=\"canonical\" href=\"https:\/\/now-news.de\/de\/deutschland\/spanien-bis-zu-100-tote-und-weiterhin-vermisste-nach-extremregen-und-sturzfluten\/\" \/>\n<meta property=\"og:locale\" content=\"de_DE\" \/>\n<meta property=\"og:type\" content=\"article\" \/>\n<meta property=\"og:title\" content=\"Spanien: Bis zu 100 Tote und weiterhin Vermisste nach Extremregen und Sturzfluten\" \/>\n<meta property=\"og:description\" content=\"Starke Regenf\u00e4lle und sturzflutartige Ereignisse sorgten in den Provinzen Castell\u00f3n und Tarragona und im S\u00fcdosten Spaniens f\u00fcr mindestens 95 Tote und weiterhin Vermisste. Bei einem unerwarteten Wetterph\u00e4nomen in Spanien sind nach bisherigen Erkenntnissen mindestens 95 Menschen ums Leben gekommen. Davon starben alleine 92 in der besonders betroffenen Stadt Valencia, im \u00f6stlichen Teil Spaniens. Bei den [&hellip;]\" \/>\n<meta property=\"og:url\" content=\"https:\/\/now-news.de\/de\/deutschland\/spanien-bis-zu-100-tote-und-weiterhin-vermisste-nach-extremregen-und-sturzfluten\/\" \/>\n<meta property=\"og:site_name\" content=\"just-now.NEWS Deutschland\" \/>\n<meta property=\"article:publisher\" content=\"https:\/\/www.facebook.com\/wirmachenauf\" \/>\n<meta property=\"article:published_time\" content=\"2024-10-31T08:03:34+00:00\" \/>\n<meta property=\"og:image\" content=\"https:\/\/now-news.de\/de\/wp-content\/uploads\/sites\/3\/2024\/10\/67231e0b48fbef223d38b442.jpg\" \/>\n<meta name=\"author\" content=\"rtnews\" \/>\n<meta name=\"twitter:card\" content=\"summary_large_image\" \/>\n<meta name=\"twitter:creator\" content=\"@WirMachenAuf_de\" \/>\n<meta name=\"twitter:site\" content=\"@WirMachenAuf_de\" \/>\n<meta name=\"twitter:label1\" content=\"Verfasst von\" \/>\n\t<meta name=\"twitter:data1\" content=\"rtnews\" \/>\n\t<meta name=\"twitter:label2\" content=\"Gesch\u00e4tzte Lesezeit\" \/>\n\t<meta name=\"twitter:data2\" content=\"3\u00a0Minuten\" \/>\n<script type=\"application\/ld+json\" class=\"yoast-schema-graph\">{\"@context\":\"https:\/\/schema.org\",\"@graph\":[{\"@type\":\"Article\",\"@id\":\"https:\/\/now-news.de\/de\/deutschland\/spanien-bis-zu-100-tote-und-weiterhin-vermisste-nach-extremregen-und-sturzfluten\/#article\",\"isPartOf\":{\"@id\":\"https:\/\/now-news.de\/de\/deutschland\/spanien-bis-zu-100-tote-und-weiterhin-vermisste-nach-extremregen-und-sturzfluten\/\"},\"author\":{\"name\":\"rtnews\",\"@id\":\"https:\/\/now-news.de\/de\/#\/schema\/person\/fb534a4e865501d8b3285208df34a9b5\"},\"headline\":\"Spanien: Bis zu 100 Tote und weiterhin Vermisste nach Extremregen und Sturzfluten\",\"datePublished\":\"2024-10-31T08:03:34+00:00\",\"dateModified\":\"2024-10-31T08:03:34+00:00\",\"mainEntityOfPage\":{\"@id\":\"https:\/\/now-news.de\/de\/deutschland\/spanien-bis-zu-100-tote-und-weiterhin-vermisste-nach-extremregen-und-sturzfluten\/\"},\"wordCount\":570,\"commentCount\":0,\"publisher\":{\"@id\":\"https:\/\/now-news.de\/de\/#organization\"},\"image\":{\"@id\":\"https:\/\/now-news.de\/de\/deutschland\/spanien-bis-zu-100-tote-und-weiterhin-vermisste-nach-extremregen-und-sturzfluten\/#primaryimage\"},\"thumbnailUrl\":\"https:\/\/now-news.de\/de\/wp-content\/uploads\/sites\/3\/2024\/10\/Spanien-Bis-zu-100-Tote-und-weiterhin-Vermisste-nach-Extremregen.jpg\",\"keywords\":[\"bis\",\"Extremregen\",\"nach\",\"Spanien\",\"Sturzfluten\",\"Tote\",\"und\",\"Vermisste\",\"weiterhin\"],\"articleSection\":[\"Deutschland\",\"Russland\"],\"inLanguage\":\"de\",\"potentialAction\":[{\"@type\":\"CommentAction\",\"name\":\"Comment\",\"target\":[\"https:\/\/now-news.de\/de\/deutschland\/spanien-bis-zu-100-tote-und-weiterhin-vermisste-nach-extremregen-und-sturzfluten\/#respond\"]}]},{\"@type\":\"WebPage\",\"@id\":\"https:\/\/now-news.de\/de\/deutschland\/spanien-bis-zu-100-tote-und-weiterhin-vermisste-nach-extremregen-und-sturzfluten\/\",\"url\":\"https:\/\/now-news.de\/de\/deutschland\/spanien-bis-zu-100-tote-und-weiterhin-vermisste-nach-extremregen-und-sturzfluten\/\",\"name\":\"Spanien: Bis zu 100 Tote und weiterhin Vermisste nach Extremregen und Sturzfluten - just-now.NEWS Deutschland\",\"isPartOf\":{\"@id\":\"https:\/\/now-news.de\/de\/#website\"},\"primaryImageOfPage\":{\"@id\":\"https:\/\/now-news.de\/de\/deutschland\/spanien-bis-zu-100-tote-und-weiterhin-vermisste-nach-extremregen-und-sturzfluten\/#primaryimage\"},\"image\":{\"@id\":\"https:\/\/now-news.de\/de\/deutschland\/spanien-bis-zu-100-tote-und-weiterhin-vermisste-nach-extremregen-und-sturzfluten\/#primaryimage\"},\"thumbnailUrl\":\"https:\/\/now-news.de\/de\/wp-content\/uploads\/sites\/3\/2024\/10\/Spanien-Bis-zu-100-Tote-und-weiterhin-Vermisste-nach-Extremregen.jpg\",\"datePublished\":\"2024-10-31T08:03:34+00:00\",\"dateModified\":\"2024-10-31T08:03:34+00:00\",\"breadcrumb\":{\"@id\":\"https:\/\/now-news.de\/de\/deutschland\/spanien-bis-zu-100-tote-und-weiterhin-vermisste-nach-extremregen-und-sturzfluten\/#breadcrumb\"},\"inLanguage\":\"de\",\"potentialAction\":[{\"@type\":\"ReadAction\",\"target\":[\"https:\/\/now-news.de\/de\/deutschland\/spanien-bis-zu-100-tote-und-weiterhin-vermisste-nach-extremregen-und-sturzfluten\/\"]}]},{\"@type\":\"ImageObject\",\"inLanguage\":\"de\",\"@id\":\"https:\/\/now-news.de\/de\/deutschland\/spanien-bis-zu-100-tote-und-weiterhin-vermisste-nach-extremregen-und-sturzfluten\/#primaryimage\",\"url\":\"https:\/\/now-news.de\/de\/wp-content\/uploads\/sites\/3\/2024\/10\/Spanien-Bis-zu-100-Tote-und-weiterhin-Vermisste-nach-Extremregen.jpg\",\"contentUrl\":\"https:\/\/now-news.de\/de\/wp-content\/uploads\/sites\/3\/2024\/10\/Spanien-Bis-zu-100-Tote-und-weiterhin-Vermisste-nach-Extremregen.jpg\",\"width\":460,\"height\":259,\"caption\":\"Spanien: Bis zu 100 Tote und weiterhin Vermisste nach Extremregen und Sturzfluten\"},{\"@type\":\"BreadcrumbList\",\"@id\":\"https:\/\/now-news.de\/de\/deutschland\/spanien-bis-zu-100-tote-und-weiterhin-vermisste-nach-extremregen-und-sturzfluten\/#breadcrumb\",\"itemListElement\":[{\"@type\":\"ListItem\",\"position\":1,\"name\":\"Home\",\"item\":\"https:\/\/now-news.de\/de\/\"},{\"@type\":\"ListItem\",\"position\":2,\"name\":\"Spanien: Bis zu 100 Tote und weiterhin Vermisste nach Extremregen und Sturzfluten\"}]},{\"@type\":\"WebSite\",\"@id\":\"https:\/\/now-news.de\/de\/#website\",\"url\":\"https:\/\/now-news.de\/de\/\",\"name\":\"just-now.NEWS Deutschland\",\"description\":\"Das Portal f\u00fcr unzensierte Nachrichten aus der Welt\",\"publisher\":{\"@id\":\"https:\/\/now-news.de\/de\/#organization\"},\"potentialAction\":[{\"@type\":\"SearchAction\",\"target\":{\"@type\":\"EntryPoint\",\"urlTemplate\":\"https:\/\/now-news.de\/de\/?s={search_term_string}\"},\"query-input\":\"required name=search_term_string\"}],\"inLanguage\":\"de\"},{\"@type\":\"Organization\",\"@id\":\"https:\/\/now-news.de\/de\/#organization\",\"name\":\"Just Now News\",\"url\":\"https:\/\/now-news.de\/de\/\",\"logo\":{\"@type\":\"ImageObject\",\"inLanguage\":\"de\",\"@id\":\"https:\/\/now-news.de\/de\/#\/schema\/logo\/image\/\",\"url\":\"http:\/\/just-now.news\/de\/wp-content\/uploads\/sites\/3\/2022\/04\/logo500x500.jpg\",\"contentUrl\":\"http:\/\/just-now.news\/de\/wp-content\/uploads\/sites\/3\/2022\/04\/logo500x500.jpg\",\"width\":500,\"height\":500,\"caption\":\"Just Now News\"},\"image\":{\"@id\":\"https:\/\/now-news.de\/de\/#\/schema\/logo\/image\/\"},\"sameAs\":[\"https:\/\/www.facebook.com\/wirmachenauf\",\"https:\/\/x.com\/WirMachenAuf_de\"]},{\"@type\":\"Person\",\"@id\":\"https:\/\/now-news.de\/de\/#\/schema\/person\/fb534a4e865501d8b3285208df34a9b5\",\"name\":\"rtnews\",\"image\":{\"@type\":\"ImageObject\",\"inLanguage\":\"de\",\"@id\":\"https:\/\/now-news.de\/de\/#\/schema\/person\/image\/\",\"url\":\"https:\/\/secure.gravatar.com\/avatar\/82aafea7d8127119dd649515f56e2117?s=96&d=mm&r=g\",\"contentUrl\":\"https:\/\/secure.gravatar.com\/avatar\/82aafea7d8127119dd649515f56e2117?s=96&d=mm&r=g\",\"caption\":\"rtnews\"},\"url\":\"https:\/\/now-news.de\/de\/author\/rnews\/\"}]}<\/script>\n<!-- \/ Yoast SEO Premium plugin. -->","yoast_head_json":{"title":"Spanien: Bis zu 100 Tote und weiterhin Vermisste nach Extremregen und Sturzfluten - just-now.NEWS Deutschland","robots":{"index":"index","follow":"follow","max-snippet":"max-snippet:-1","max-image-preview":"max-image-preview:large","max-video-preview":"max-video-preview:-1"},"canonical":"https:\/\/now-news.de\/de\/deutschland\/spanien-bis-zu-100-tote-und-weiterhin-vermisste-nach-extremregen-und-sturzfluten\/","og_locale":"de_DE","og_type":"article","og_title":"Spanien: Bis zu 100 Tote und weiterhin Vermisste nach Extremregen und Sturzfluten","og_description":"Starke Regenf\u00e4lle und sturzflutartige Ereignisse sorgten in den Provinzen Castell\u00f3n und Tarragona und im S\u00fcdosten Spaniens f\u00fcr mindestens 95 Tote und weiterhin Vermisste. Bei einem unerwarteten Wetterph\u00e4nomen in Spanien sind nach bisherigen Erkenntnissen mindestens 95 Menschen ums Leben gekommen. Davon starben alleine 92 in der besonders betroffenen Stadt Valencia, im \u00f6stlichen Teil Spaniens. Bei den [&hellip;]","og_url":"https:\/\/now-news.de\/de\/deutschland\/spanien-bis-zu-100-tote-und-weiterhin-vermisste-nach-extremregen-und-sturzfluten\/","og_site_name":"just-now.NEWS Deutschland","article_publisher":"https:\/\/www.facebook.com\/wirmachenauf","article_published_time":"2024-10-31T08:03:34+00:00","og_image":[{"url":"https:\/\/now-news.de\/de\/wp-content\/uploads\/sites\/3\/2024\/10\/67231e0b48fbef223d38b442.jpg"}],"author":"rtnews","twitter_card":"summary_large_image","twitter_creator":"@WirMachenAuf_de","twitter_site":"@WirMachenAuf_de","twitter_misc":{"Verfasst von":"rtnews","Gesch\u00e4tzte Lesezeit":"3\u00a0Minuten"},"schema":{"@context":"https:\/\/schema.org","@graph":[{"@type":"Article","@id":"https:\/\/now-news.de\/de\/deutschland\/spanien-bis-zu-100-tote-und-weiterhin-vermisste-nach-extremregen-und-sturzfluten\/#article","isPartOf":{"@id":"https:\/\/now-news.de\/de\/deutschland\/spanien-bis-zu-100-tote-und-weiterhin-vermisste-nach-extremregen-und-sturzfluten\/"},"author":{"name":"rtnews","@id":"https:\/\/now-news.de\/de\/#\/schema\/person\/fb534a4e865501d8b3285208df34a9b5"},"headline":"Spanien: Bis zu 100 Tote und weiterhin Vermisste nach Extremregen und Sturzfluten","datePublished":"2024-10-31T08:03:34+00:00","dateModified":"2024-10-31T08:03:34+00:00","mainEntityOfPage":{"@id":"https:\/\/now-news.de\/de\/deutschland\/spanien-bis-zu-100-tote-und-weiterhin-vermisste-nach-extremregen-und-sturzfluten\/"},"wordCount":570,"commentCount":0,"publisher":{"@id":"https:\/\/now-news.de\/de\/#organization"},"image":{"@id":"https:\/\/now-news.de\/de\/deutschland\/spanien-bis-zu-100-tote-und-weiterhin-vermisste-nach-extremregen-und-sturzfluten\/#primaryimage"},"thumbnailUrl":"https:\/\/now-news.de\/de\/wp-content\/uploads\/sites\/3\/2024\/10\/Spanien-Bis-zu-100-Tote-und-weiterhin-Vermisste-nach-Extremregen.jpg","keywords":["bis","Extremregen","nach","Spanien","Sturzfluten","Tote","und","Vermisste","weiterhin"],"articleSection":["Deutschland","Russland"],"inLanguage":"de","potentialAction":[{"@type":"CommentAction","name":"Comment","target":["https:\/\/now-news.de\/de\/deutschland\/spanien-bis-zu-100-tote-und-weiterhin-vermisste-nach-extremregen-und-sturzfluten\/#respond"]}]},{"@type":"WebPage","@id":"https:\/\/now-news.de\/de\/deutschland\/spanien-bis-zu-100-tote-und-weiterhin-vermisste-nach-extremregen-und-sturzfluten\/","url":"https:\/\/now-news.de\/de\/deutschland\/spanien-bis-zu-100-tote-und-weiterhin-vermisste-nach-extremregen-und-sturzfluten\/","name":"Spanien: Bis zu 100 Tote und weiterhin Vermisste nach Extremregen und Sturzfluten - just-now.NEWS Deutschland","isPartOf":{"@id":"https:\/\/now-news.de\/de\/#website"},"primaryImageOfPage":{"@id":"https:\/\/now-news.de\/de\/deutschland\/spanien-bis-zu-100-tote-und-weiterhin-vermisste-nach-extremregen-und-sturzfluten\/#primaryimage"},"image":{"@id":"https:\/\/now-news.de\/de\/deutschland\/spanien-bis-zu-100-tote-und-weiterhin-vermisste-nach-extremregen-und-sturzfluten\/#primaryimage"},"thumbnailUrl":"https:\/\/now-news.de\/de\/wp-content\/uploads\/sites\/3\/2024\/10\/Spanien-Bis-zu-100-Tote-und-weiterhin-Vermisste-nach-Extremregen.jpg","datePublished":"2024-10-31T08:03:34+00:00","dateModified":"2024-10-31T08:03:34+00:00","breadcrumb":{"@id":"https:\/\/now-news.de\/de\/deutschland\/spanien-bis-zu-100-tote-und-weiterhin-vermisste-nach-extremregen-und-sturzfluten\/#breadcrumb"},"inLanguage":"de","potentialAction":[{"@type":"ReadAction","target":["https:\/\/now-news.de\/de\/deutschland\/spanien-bis-zu-100-tote-und-weiterhin-vermisste-nach-extremregen-und-sturzfluten\/"]}]},{"@type":"ImageObject","inLanguage":"de","@id":"https:\/\/now-news.de\/de\/deutschland\/spanien-bis-zu-100-tote-und-weiterhin-vermisste-nach-extremregen-und-sturzfluten\/#primaryimage","url":"https:\/\/now-news.de\/de\/wp-content\/uploads\/sites\/3\/2024\/10\/Spanien-Bis-zu-100-Tote-und-weiterhin-Vermisste-nach-Extremregen.jpg","contentUrl":"https:\/\/now-news.de\/de\/wp-content\/uploads\/sites\/3\/2024\/10\/Spanien-Bis-zu-100-Tote-und-weiterhin-Vermisste-nach-Extremregen.jpg","width":460,"height":259,"caption":"Spanien: Bis zu 100 Tote und weiterhin Vermisste nach Extremregen und Sturzfluten"},{"@type":"BreadcrumbList","@id":"https:\/\/now-news.de\/de\/deutschland\/spanien-bis-zu-100-tote-und-weiterhin-vermisste-nach-extremregen-und-sturzfluten\/#breadcrumb","itemListElement":[{"@type":"ListItem","position":1,"name":"Home","item":"https:\/\/now-news.de\/de\/"},{"@type":"ListItem","position":2,"name":"Spanien: Bis zu 100 Tote und weiterhin Vermisste nach Extremregen und Sturzfluten"}]},{"@type":"WebSite","@id":"https:\/\/now-news.de\/de\/#website","url":"https:\/\/now-news.de\/de\/","name":"just-now.NEWS Deutschland","description":"Das Portal f\u00fcr unzensierte Nachrichten aus der Welt","publisher":{"@id":"https:\/\/now-news.de\/de\/#organization"},"potentialAction":[{"@type":"SearchAction","target":{"@type":"EntryPoint","urlTemplate":"https:\/\/now-news.de\/de\/?s={search_term_string}"},"query-input":"required name=search_term_string"}],"inLanguage":"de"},{"@type":"Organization","@id":"https:\/\/now-news.de\/de\/#organization","name":"Just Now News","url":"https:\/\/now-news.de\/de\/","logo":{"@type":"ImageObject","inLanguage":"de","@id":"https:\/\/now-news.de\/de\/#\/schema\/logo\/image\/","url":"http:\/\/just-now.news\/de\/wp-content\/uploads\/sites\/3\/2022\/04\/logo500x500.jpg","contentUrl":"http:\/\/just-now.news\/de\/wp-content\/uploads\/sites\/3\/2022\/04\/logo500x500.jpg","width":500,"height":500,"caption":"Just Now News"},"image":{"@id":"https:\/\/now-news.de\/de\/#\/schema\/logo\/image\/"},"sameAs":["https:\/\/www.facebook.com\/wirmachenauf","https:\/\/x.com\/WirMachenAuf_de"]},{"@type":"Person","@id":"https:\/\/now-news.de\/de\/#\/schema\/person\/fb534a4e865501d8b3285208df34a9b5","name":"rtnews","image":{"@type":"ImageObject","inLanguage":"de","@id":"https:\/\/now-news.de\/de\/#\/schema\/person\/image\/","url":"https:\/\/secure.gravatar.com\/avatar\/82aafea7d8127119dd649515f56e2117?s=96&d=mm&r=g","contentUrl":"https:\/\/secure.gravatar.com\/avatar\/82aafea7d8127119dd649515f56e2117?s=96&d=mm&r=g","caption":"rtnews"},"url":"https:\/\/now-news.de\/de\/author\/rnews\/"}]}},"_links":{"self":[{"href":"https:\/\/now-news.de\/de\/wp-json\/wp\/v2\/posts\/71727"}],"collection":[{"href":"https:\/\/now-news.de\/de\/wp-json\/wp\/v2\/posts"}],"about":[{"href":"https:\/\/now-news.de\/de\/wp-json\/wp\/v2\/types\/post"}],"author":[{"embeddable":true,"href":"https:\/\/now-news.de\/de\/wp-json\/wp\/v2\/users\/3"}],"replies":[{"embeddable":true,"href":"https:\/\/now-news.de\/de\/wp-json\/wp\/v2\/comments?post=71727"}],"version-history":[{"count":0,"href":"https:\/\/now-news.de\/de\/wp-json\/wp\/v2\/posts\/71727\/revisions"}],"wp:featuredmedia":[{"embeddable":true,"href":"https:\/\/now-news.de\/de\/wp-json\/wp\/v2\/media\/71728"}],"wp:attachment":[{"href":"https:\/\/now-news.de\/de\/wp-json\/wp\/v2\/media?parent=71727"}],"wp:term":[{"taxonomy":"category","embeddable":true,"href":"https:\/\/now-news.de\/de\/wp-json\/wp\/v2\/categories?post=71727"},{"taxonomy":"post_tag","embeddable":true,"href":"https:\/\/now-news.de\/de\/wp-json\/wp\/v2\/tags?post=71727"}],"curies":[{"name":"wp","href":"https:\/\/api.w.org\/{rel}","templated":true}]}}