{"id":71709,"date":"2024-10-30T20:21:42","date_gmt":"2024-10-30T18:21:42","guid":{"rendered":"https:\/\/now-news.de\/de\/deutschland\/slowakischer-premier-fico-gibt-russischem-tv-interview-am-9-mai-will-ich-nach-moskau-kommen\/"},"modified":"2024-10-30T20:21:42","modified_gmt":"2024-10-30T18:21:42","slug":"slowakischer-premier-fico-gibt-russischem-tv-interview-am-9-mai-will-ich-nach-moskau-kommen","status":"publish","type":"post","link":"https:\/\/now-news.de\/de\/deutschland\/slowakischer-premier-fico-gibt-russischem-tv-interview-am-9-mai-will-ich-nach-moskau-kommen\/","title":{"rendered":"Slowakischer Premier Fico gibt russischem TV Interview: &quot;Am 9. Mai will ich nach Moskau kommen&quot;"},"content":{"rendered":"<div class=\"Text-root Text-type_1 \">\n                Der slowakische Premier Robert Fico gab dem russischen staatlichen Fernsehsender Rossija-1 ein ausf\u00fchrliches Interview. Er \u00e4u\u00dferte sich kritisch gegen\u00fcber Geschichtsrevisionismus und der russophoben Politik des Westens und ehrte die sowjetischen Soldaten des Zweiten Weltkriegs.\n            <\/div>\n<p><\/p>\n<div class=\"Text-root Text-type_5 ArticleView-text ViewText-root \">\n<p>Der slowakische Premierminister Robert Fico w\u00fcrde sich geehrt f\u00fchlen, im Jahr 2025\u00a0an den Feierlichkeiten zum 80. Jahrestag des Sieges im Gro\u00dfen Vaterl\u00e4ndischen Krieg in Moskau teilnehmen zu k\u00f6nnen. Diesen Wunsch \u00e4u\u00dferte er in einem Interview f\u00fcr die Sendung <em>60 Minuten<\/em> des Fernsehsenders <em>Rossija-1<\/em>. Folgenden Ausschnitt aus dem Interview hat die <em>WGTRK<\/em>-Moderatorin Olga Skabejewa auf ihrem Telegram-Kanal <a rel=\"nofollow noopener\" target=\"_blank\" href=\"https:\/\/t.me\/skabeeva\/32259\">ver\u00f6ffentlicht<\/a>.<\/p>\n<blockquote>\n<p><em>&#8220;Ich w\u00fcrde sehr zufrieden sein. Ich w\u00fcrde es als eine Ehre betrachten, nach Moskau zu kommen, um an den Feierlichkeiten zum 80. Jahrestag des Endes des Zweiten Weltkriegs und vor allem des Sieges \u00fcber den Faschismus teilzunehmen. Ich empfinde es als meine pers\u00f6nliche Pflicht&#8221;<\/em>, sagte er.<\/p>\n<\/blockquote>\n<figure class=\"RTImage-root\">\n<div class=\"RTImage-image RTImage-original\"><picture class=\"Picture-root Picture-original\"><!--[if IE 9]><video style=\"display: none;\"><![endif]--><source media=\"(-webkit-min-device-pixel-ratio: 2) and (min-resolution: 120dpi)\" data-srcset=\" \nhttps:\/\/now-news.de\/de\/wp-content\/uploads\/sites\/3\/2024\/10\/6722659348fbef1bce4ae3a1.JPG 850w,\n                https:\/\/now-news.de\/de\/wp-content\/uploads\/sites\/3\/2024\/10\/6722659348fbef1bce4ae3a1.JPG 1960w,            \" ><source data-srcset=\" \nhttps:\/\/now-news.de\/de\/wp-content\/uploads\/sites\/3\/2024\/10\/6722659348fbef1bce4ae3a1.JPG 460w,\n              https:\/\/now-news.de\/de\/wp-content\/uploads\/sites\/3\/2024\/10\/6722659348fbef1bce4ae3a1.JPG 980w,\n            \" ><!--[if IE 9]><\/video><![endif]--><img decoding=\"async\" data- src=\"data:image\/png;base64,iVBORw0KGgoAAAANSUhEUgAAABAAAAAJCAQAAACRI2S5AAAAEElEQVR42mNkIAAYRxWAAQAG9gAKqv6+AwAAAABJRU5ErkJggg==\" class=\"Picture-root Picture-original lazyload\" data-src=\"https:\/\/now-news.de\/de\/wp-content\/uploads\/sites\/3\/2024\/10\/6722659348fbef1bce4ae3a1.JPG\" alt=\"\"><\/source><\/source><\/picture><!-- noscript pattern --><noscript><img decoding=\"async\" src=\"https:\/\/now-news.de\/de\/wp-content\/uploads\/sites\/3\/2024\/10\/6722659348fbef1bce4ae3a1.JPG\" alt=\"\"><\/noscript><\/div><figcaption class=\"RTImage-footer\"><span class=\"RTImage-caption\"><span class=\"RTImage-captionItem\">Robert Fico im Gespr\u00e4ch mit Olga Skabejewa am 30. Oktober<\/span><\/span><span class=\"RTImage-source\"><span class=\"RTImage-captionItem\">Screenshot<\/span><\/span><\/figcaption><\/figure>\n<p>Fico erinnerte daran, dass er wiederholt das Heldentum der sowjetischen Soldaten und der V\u00f6lker der ehemaligen UdSSR gew\u00fcrdigt hat, so auch in diesem Jahr bei den Feierlichkeiten zum Jahrestag des Beginns des Slowakischen Nationalaufstands und zum 80. Jahrestag der Karpaten-Duklaer-Offensive\u00a0der Roten Armee. Au\u00dferdem sagte der Premierminister, dass der Befehlshaber der Operation, Marschall der Sowjetunion Iwan Konew, &#8220;ein Denkmal in der Slowakei verdient&#8221; habe.<\/p>\n<p>Der slowakische Premier\u00a0und die Moderatorin der Sendung deuteten an, dass eine offizielle Einladung zur Teilnahme an den Siegesfeierlichkeiten von russischer Seite bald an Fico verschickt werden k\u00f6nnte.\u00a0Robert Fico ist seit\u00a02023 erneut\u00a0Ministerpr\u00e4sident\u00a0der\u00a0Slowakei\u00a0\u2013 dieses Amt hatte er bereits von 2006 bis 2010 und von 2012 bis 2018 inne. In dieser Zeit hat er Moskau mehrfach im Rahmen von Arbeitsvisiten besucht.\u00a0<\/p>\n<figure class=\"RTImage-root\">\n<div class=\"RTImage-image RTImage-original\"><picture class=\"Picture-root Picture-original\"><!--[if IE 9]><video style=\"display: none;\"><![endif]--><source media=\"(-webkit-min-device-pixel-ratio: 2) and (min-resolution: 120dpi)\" data-srcset=\" \nhttps:\/\/now-news.de\/de\/wp-content\/uploads\/sites\/3\/2024\/10\/672265da48fbef223d38b42a.jpg 850w,\n                https:\/\/now-news.de\/de\/wp-content\/uploads\/sites\/3\/2024\/10\/672265da48fbef223d38b42a.jpg 1960w,            \" ><source data-srcset=\" \nhttps:\/\/now-news.de\/de\/wp-content\/uploads\/sites\/3\/2024\/10\/672265da48fbef223d38b42a.jpg 460w,\n              https:\/\/now-news.de\/de\/wp-content\/uploads\/sites\/3\/2024\/10\/672265da48fbef223d38b42a.jpg 980w,\n            \" ><!--[if IE 9]><\/video><![endif]--><img decoding=\"async\" data- src=\"data:image\/png;base64,iVBORw0KGgoAAAANSUhEUgAAABAAAAAJCAQAAACRI2S5AAAAEElEQVR42mNkIAAYRxWAAQAG9gAKqv6+AwAAAABJRU5ErkJggg==\" class=\"Picture-root Picture-original lazyload\" data-src=\"https:\/\/now-news.de\/de\/wp-content\/uploads\/sites\/3\/2024\/10\/672265da48fbef223d38b42a.jpg\" alt=\"\"><\/source><\/source><\/picture><!-- noscript pattern --><noscript><img decoding=\"async\" src=\"https:\/\/now-news.de\/de\/wp-content\/uploads\/sites\/3\/2024\/10\/672265da48fbef223d38b42a.jpg\" alt=\"\"><\/noscript><\/div><figcaption class=\"RTImage-footer\"><span class=\"RTImage-caption\"><span class=\"RTImage-captionItem\">Robert Fico trifft sich mit dem russischen Pr\u00e4sidenten Wladimir Putin in Moskau, 2016<\/span><\/span><span class=\"RTImage-source\"><span class=\"RTImage-captionItem\">TASS<\/span><\/span><\/figcaption><\/figure>\n<p>Das etwa 30-min\u00fctige Interview wurde am Mittwochvormittag <a rel=\"nofollow noopener\" target=\"_blank\" href=\"https:\/\/ok.ru\/video\/8457973598831?fromTime=1517\">ausgestrahlt<\/a>. Es hat seit Jahren keine Gespr\u00e4che von F\u00fchrungspolitikern aus dem NATO- oder EU-Raum mit russischen\u00a0Journalisten in diesem Format\u00a0gegeben. Der slowakische Premier sagte im Interview mit Nachdruck, dass er zur Russland- und Ukraine-Politik eine andere Meinung vertrete als Br\u00fcssel. Dar\u00fcber hinaus hat er Wladimir Selenskij f\u00fcr seine Terminabsage an den UN-Generalsekret\u00e4r\u00a0Ant\u00f3nio Guterres kritisiert. Es sei unerh\u00f6rt, dass der Pr\u00e4sident eines Landes, das sich im Krieg befindet, den Besuch des UN-Generalsekret\u00e4rs verweigert, sagte Fico.<\/p>\n<p>Au\u00dferdem nannte der Politiker Details zum zweiten <a rel=\"nofollow noopener\" target=\"_blank\" href=\"https:\/\/freedert.online\/international\/223885-wegen-ukraine-politik-slowakischer-ministerpraesident\/\">Attentatversuch<\/a> auf seine Person. Ihm zufolge wollte ein Mann mit geladener Pistole\u00a0zum\u00a0VIP-Bereich w\u00e4hrend eines diplomatischen Treffens mit Fico vordringen.\u00a0Der mutma\u00dfliche Attent\u00e4ter\u00a0sei ein Gegner\u00a0von Ficos Position zur Ukraine gewesen, sagte der slowakische Premier. Im Gespr\u00e4ch mit der russischen Journalistin betonte er die Wichtigkeit, sich politisch und wirtschaftlich &#8220;allen vier Seiten&#8221; zu \u00f6ffnen, und k\u00fcndigte seine mehrt\u00e4gige Reise nach China an, die er am 30. Oktober antritt.\u00a0\u00a0<\/p>\n<p><strong>Mehr zum Thema<\/strong>\u00a0\u2012\u00a0<a rel=\"nofollow noopener\" target=\"_blank\" href=\"https:\/\/freedert.online\/international\/223885-wegen-ukraine-politik-slowakischer-ministerpraesident\/\">Wegen Ukraine-Politik: Slowakischer Ministerpr\u00e4sident Fico offenbart zweites Attentat auf ihn<\/a><\/p>\n<div class=\"EmbedBlock-root EmbedBlock-externalVideo EmbedBlock-rumble\">\n<div class=\"VkEmbed\"><iframe class=\"lazyload\" data-src=\"https:\/\/rumble.com\/embed\/v5gwanp\" frameborder=\"0\" width=\"853\" height=\"480\" allowfullscreen><\/iframe><\/div>\n<\/div>\n<\/div>\n<p><br \/>\n<br \/><a href=\"https:\/\/de.rt.com\/europa\/224180-slowakiens-premier-fico-gibt-interview-fernsehen-9-mai-will-ich-nach-moskau-kommen\/\">Source link <\/a><\/p>\n","protected":false},"excerpt":{"rendered":"<p>Der slowakische Premier Robert Fico gab dem russischen staatlichen Fernsehsender Rossija-1 ein ausf\u00fchrliches Interview. Er \u00e4u\u00dferte sich kritisch gegen\u00fcber Geschichtsrevisionismus und der russophoben Politik des Westens und ehrte die sowjetischen Soldaten des Zweiten Weltkriegs. Der slowakische Premierminister Robert Fico w\u00fcrde sich geehrt f\u00fchlen, im Jahr 2025\u00a0an den Feierlichkeiten zum 80. Jahrestag des Sieges im Gro\u00dfen [&hellip;]<\/p>\n","protected":false},"author":3,"featured_media":71710,"comment_status":"open","ping_status":"open","sticky":false,"template":"","format":"standard","meta":{"_yoast_indexnow_last_ping":["1730312641"],"wp_automatic_camp":["217"],"05179ca87fcf455f315ffdd2f72aad8e":["Slowakischer Premier Fico gibt russischem TV Interview: &quot;Am 9. Mai will ich nach Moskau kommen&quot;"],"original_link":["https:\/\/de.rt.com\/europa\/224180-slowakiens-premier-fico-gibt-interview-fernsehen-9-mai-will-ich-nach-moskau-kommen\/"],"_thumbnail_id":["71710"],"_wptgpro_p2tg_sent2tg":["a:1:{i:23737;s:19:\"2024-10-30 20:25:13\";}"],"jnews_social_counter_last_update":["1777259190"]},"categories":[19,23],"tags":[49719,1002,410,122,24829,9933,946,979,9770,7170,915,41148],"yoast_head":"<!-- This site is optimized with the Yoast SEO Premium plugin v22.7 (Yoast SEO v22.7) - https:\/\/yoast.com\/wordpress\/plugins\/seo\/ -->\n<title>Slowakischer Premier Fico gibt russischem TV Interview: &quot;Am 9. Mai will ich nach Moskau kommen&quot; - just-now.NEWS Deutschland<\/title>\n<meta name=\"robots\" content=\"index, follow, max-snippet:-1, max-image-preview:large, max-video-preview:-1\" \/>\n<link rel=\"canonical\" href=\"https:\/\/now-news.de\/de\/deutschland\/slowakischer-premier-fico-gibt-russischem-tv-interview-am-9-mai-will-ich-nach-moskau-kommen\/\" \/>\n<meta property=\"og:locale\" content=\"de_DE\" \/>\n<meta property=\"og:type\" content=\"article\" \/>\n<meta property=\"og:title\" content=\"Slowakischer Premier Fico gibt russischem TV Interview: &quot;Am 9. Mai will ich nach Moskau kommen&quot;\" \/>\n<meta property=\"og:description\" content=\"Der slowakische Premier Robert Fico gab dem russischen staatlichen Fernsehsender Rossija-1 ein ausf\u00fchrliches Interview. Er \u00e4u\u00dferte sich kritisch gegen\u00fcber Geschichtsrevisionismus und der russophoben Politik des Westens und ehrte die sowjetischen Soldaten des Zweiten Weltkriegs. Der slowakische Premierminister Robert Fico w\u00fcrde sich geehrt f\u00fchlen, im Jahr 2025\u00a0an den Feierlichkeiten zum 80. Jahrestag des Sieges im Gro\u00dfen [&hellip;]\" \/>\n<meta property=\"og:url\" content=\"https:\/\/now-news.de\/de\/deutschland\/slowakischer-premier-fico-gibt-russischem-tv-interview-am-9-mai-will-ich-nach-moskau-kommen\/\" \/>\n<meta property=\"og:site_name\" content=\"just-now.NEWS Deutschland\" \/>\n<meta property=\"article:publisher\" content=\"https:\/\/www.facebook.com\/wirmachenauf\" \/>\n<meta property=\"article:published_time\" content=\"2024-10-30T18:21:42+00:00\" \/>\n<meta property=\"og:image\" content=\"https:\/\/now-news.de\/de\/wp-content\/uploads\/sites\/3\/2024\/10\/6722659348fbef1bce4ae3a1.JPG\" \/>\n<meta name=\"author\" content=\"rtnews\" \/>\n<meta name=\"twitter:card\" content=\"summary_large_image\" \/>\n<meta name=\"twitter:creator\" content=\"@WirMachenAuf_de\" \/>\n<meta name=\"twitter:site\" content=\"@WirMachenAuf_de\" \/>\n<meta name=\"twitter:label1\" content=\"Verfasst von\" \/>\n\t<meta name=\"twitter:data1\" content=\"rtnews\" \/>\n\t<meta name=\"twitter:label2\" content=\"Gesch\u00e4tzte Lesezeit\" \/>\n\t<meta name=\"twitter:data2\" content=\"2\u00a0Minuten\" \/>\n<script type=\"application\/ld+json\" class=\"yoast-schema-graph\">{\"@context\":\"https:\/\/schema.org\",\"@graph\":[{\"@type\":\"Article\",\"@id\":\"https:\/\/now-news.de\/de\/deutschland\/slowakischer-premier-fico-gibt-russischem-tv-interview-am-9-mai-will-ich-nach-moskau-kommen\/#article\",\"isPartOf\":{\"@id\":\"https:\/\/now-news.de\/de\/deutschland\/slowakischer-premier-fico-gibt-russischem-tv-interview-am-9-mai-will-ich-nach-moskau-kommen\/\"},\"author\":{\"name\":\"rtnews\",\"@id\":\"https:\/\/now-news.de\/de\/#\/schema\/person\/fb534a4e865501d8b3285208df34a9b5\"},\"headline\":\"Slowakischer Premier Fico gibt russischem TV Interview: &quot;Am 9. Mai will ich nach Moskau kommen&quot;\",\"datePublished\":\"2024-10-30T18:21:42+00:00\",\"dateModified\":\"2024-10-30T18:21:42+00:00\",\"mainEntityOfPage\":{\"@id\":\"https:\/\/now-news.de\/de\/deutschland\/slowakischer-premier-fico-gibt-russischem-tv-interview-am-9-mai-will-ich-nach-moskau-kommen\/\"},\"wordCount\":510,\"commentCount\":0,\"publisher\":{\"@id\":\"https:\/\/now-news.de\/de\/#organization\"},\"image\":{\"@id\":\"https:\/\/now-news.de\/de\/deutschland\/slowakischer-premier-fico-gibt-russischem-tv-interview-am-9-mai-will-ich-nach-moskau-kommen\/#primaryimage\"},\"thumbnailUrl\":\"https:\/\/now-news.de\/de\/wp-content\/uploads\/sites\/3\/2024\/10\/Slowakischer-Premier-Fico-gibt-russischem-TV-Interview-quotAm-9-Mai.JPG\",\"keywords\":[\"Fico\",\"gibt\",\"Ich\",\"interview\",\"kommenquot\",\"Mai\",\"Moskau\",\"nach\",\"Premier\",\"quotAm\",\"russischem\",\"Slowakischer\"],\"articleSection\":[\"Deutschland\",\"Russland\"],\"inLanguage\":\"de\",\"potentialAction\":[{\"@type\":\"CommentAction\",\"name\":\"Comment\",\"target\":[\"https:\/\/now-news.de\/de\/deutschland\/slowakischer-premier-fico-gibt-russischem-tv-interview-am-9-mai-will-ich-nach-moskau-kommen\/#respond\"]}]},{\"@type\":\"WebPage\",\"@id\":\"https:\/\/now-news.de\/de\/deutschland\/slowakischer-premier-fico-gibt-russischem-tv-interview-am-9-mai-will-ich-nach-moskau-kommen\/\",\"url\":\"https:\/\/now-news.de\/de\/deutschland\/slowakischer-premier-fico-gibt-russischem-tv-interview-am-9-mai-will-ich-nach-moskau-kommen\/\",\"name\":\"Slowakischer Premier Fico gibt russischem TV Interview: &quot;Am 9. Mai will ich nach Moskau kommen&quot; - just-now.NEWS Deutschland\",\"isPartOf\":{\"@id\":\"https:\/\/now-news.de\/de\/#website\"},\"primaryImageOfPage\":{\"@id\":\"https:\/\/now-news.de\/de\/deutschland\/slowakischer-premier-fico-gibt-russischem-tv-interview-am-9-mai-will-ich-nach-moskau-kommen\/#primaryimage\"},\"image\":{\"@id\":\"https:\/\/now-news.de\/de\/deutschland\/slowakischer-premier-fico-gibt-russischem-tv-interview-am-9-mai-will-ich-nach-moskau-kommen\/#primaryimage\"},\"thumbnailUrl\":\"https:\/\/now-news.de\/de\/wp-content\/uploads\/sites\/3\/2024\/10\/Slowakischer-Premier-Fico-gibt-russischem-TV-Interview-quotAm-9-Mai.JPG\",\"datePublished\":\"2024-10-30T18:21:42+00:00\",\"dateModified\":\"2024-10-30T18:21:42+00:00\",\"breadcrumb\":{\"@id\":\"https:\/\/now-news.de\/de\/deutschland\/slowakischer-premier-fico-gibt-russischem-tv-interview-am-9-mai-will-ich-nach-moskau-kommen\/#breadcrumb\"},\"inLanguage\":\"de\",\"potentialAction\":[{\"@type\":\"ReadAction\",\"target\":[\"https:\/\/now-news.de\/de\/deutschland\/slowakischer-premier-fico-gibt-russischem-tv-interview-am-9-mai-will-ich-nach-moskau-kommen\/\"]}]},{\"@type\":\"ImageObject\",\"inLanguage\":\"de\",\"@id\":\"https:\/\/now-news.de\/de\/deutschland\/slowakischer-premier-fico-gibt-russischem-tv-interview-am-9-mai-will-ich-nach-moskau-kommen\/#primaryimage\",\"url\":\"https:\/\/now-news.de\/de\/wp-content\/uploads\/sites\/3\/2024\/10\/Slowakischer-Premier-Fico-gibt-russischem-TV-Interview-quotAm-9-Mai.JPG\",\"contentUrl\":\"https:\/\/now-news.de\/de\/wp-content\/uploads\/sites\/3\/2024\/10\/Slowakischer-Premier-Fico-gibt-russischem-TV-Interview-quotAm-9-Mai.JPG\",\"width\":1725,\"height\":973,\"caption\":\"Slowakischer Premier Fico gibt russischem TV Interview: &quot;Am 9. Mai will ich nach Moskau kommen&quot;\"},{\"@type\":\"BreadcrumbList\",\"@id\":\"https:\/\/now-news.de\/de\/deutschland\/slowakischer-premier-fico-gibt-russischem-tv-interview-am-9-mai-will-ich-nach-moskau-kommen\/#breadcrumb\",\"itemListElement\":[{\"@type\":\"ListItem\",\"position\":1,\"name\":\"Home\",\"item\":\"https:\/\/now-news.de\/de\/\"},{\"@type\":\"ListItem\",\"position\":2,\"name\":\"Slowakischer Premier Fico gibt russischem TV Interview: &quot;Am 9. Mai will ich nach Moskau kommen&quot;\"}]},{\"@type\":\"WebSite\",\"@id\":\"https:\/\/now-news.de\/de\/#website\",\"url\":\"https:\/\/now-news.de\/de\/\",\"name\":\"just-now.NEWS Deutschland\",\"description\":\"Das Portal f\u00fcr unzensierte Nachrichten aus der Welt\",\"publisher\":{\"@id\":\"https:\/\/now-news.de\/de\/#organization\"},\"potentialAction\":[{\"@type\":\"SearchAction\",\"target\":{\"@type\":\"EntryPoint\",\"urlTemplate\":\"https:\/\/now-news.de\/de\/?s={search_term_string}\"},\"query-input\":\"required name=search_term_string\"}],\"inLanguage\":\"de\"},{\"@type\":\"Organization\",\"@id\":\"https:\/\/now-news.de\/de\/#organization\",\"name\":\"Just Now News\",\"url\":\"https:\/\/now-news.de\/de\/\",\"logo\":{\"@type\":\"ImageObject\",\"inLanguage\":\"de\",\"@id\":\"https:\/\/now-news.de\/de\/#\/schema\/logo\/image\/\",\"url\":\"http:\/\/just-now.news\/de\/wp-content\/uploads\/sites\/3\/2022\/04\/logo500x500.jpg\",\"contentUrl\":\"http:\/\/just-now.news\/de\/wp-content\/uploads\/sites\/3\/2022\/04\/logo500x500.jpg\",\"width\":500,\"height\":500,\"caption\":\"Just Now News\"},\"image\":{\"@id\":\"https:\/\/now-news.de\/de\/#\/schema\/logo\/image\/\"},\"sameAs\":[\"https:\/\/www.facebook.com\/wirmachenauf\",\"https:\/\/x.com\/WirMachenAuf_de\"]},{\"@type\":\"Person\",\"@id\":\"https:\/\/now-news.de\/de\/#\/schema\/person\/fb534a4e865501d8b3285208df34a9b5\",\"name\":\"rtnews\",\"image\":{\"@type\":\"ImageObject\",\"inLanguage\":\"de\",\"@id\":\"https:\/\/now-news.de\/de\/#\/schema\/person\/image\/\",\"url\":\"https:\/\/secure.gravatar.com\/avatar\/82aafea7d8127119dd649515f56e2117?s=96&d=mm&r=g\",\"contentUrl\":\"https:\/\/secure.gravatar.com\/avatar\/82aafea7d8127119dd649515f56e2117?s=96&d=mm&r=g\",\"caption\":\"rtnews\"},\"url\":\"https:\/\/now-news.de\/de\/author\/rnews\/\"}]}<\/script>\n<!-- \/ Yoast SEO Premium plugin. -->","yoast_head_json":{"title":"Slowakischer Premier Fico gibt russischem TV Interview: &quot;Am 9. Mai will ich nach Moskau kommen&quot; - just-now.NEWS Deutschland","robots":{"index":"index","follow":"follow","max-snippet":"max-snippet:-1","max-image-preview":"max-image-preview:large","max-video-preview":"max-video-preview:-1"},"canonical":"https:\/\/now-news.de\/de\/deutschland\/slowakischer-premier-fico-gibt-russischem-tv-interview-am-9-mai-will-ich-nach-moskau-kommen\/","og_locale":"de_DE","og_type":"article","og_title":"Slowakischer Premier Fico gibt russischem TV Interview: &quot;Am 9. Mai will ich nach Moskau kommen&quot;","og_description":"Der slowakische Premier Robert Fico gab dem russischen staatlichen Fernsehsender Rossija-1 ein ausf\u00fchrliches Interview. Er \u00e4u\u00dferte sich kritisch gegen\u00fcber Geschichtsrevisionismus und der russophoben Politik des Westens und ehrte die sowjetischen Soldaten des Zweiten Weltkriegs. Der slowakische Premierminister Robert Fico w\u00fcrde sich geehrt f\u00fchlen, im Jahr 2025\u00a0an den Feierlichkeiten zum 80. Jahrestag des Sieges im Gro\u00dfen [&hellip;]","og_url":"https:\/\/now-news.de\/de\/deutschland\/slowakischer-premier-fico-gibt-russischem-tv-interview-am-9-mai-will-ich-nach-moskau-kommen\/","og_site_name":"just-now.NEWS Deutschland","article_publisher":"https:\/\/www.facebook.com\/wirmachenauf","article_published_time":"2024-10-30T18:21:42+00:00","og_image":[{"url":"https:\/\/now-news.de\/de\/wp-content\/uploads\/sites\/3\/2024\/10\/6722659348fbef1bce4ae3a1.JPG"}],"author":"rtnews","twitter_card":"summary_large_image","twitter_creator":"@WirMachenAuf_de","twitter_site":"@WirMachenAuf_de","twitter_misc":{"Verfasst von":"rtnews","Gesch\u00e4tzte Lesezeit":"2\u00a0Minuten"},"schema":{"@context":"https:\/\/schema.org","@graph":[{"@type":"Article","@id":"https:\/\/now-news.de\/de\/deutschland\/slowakischer-premier-fico-gibt-russischem-tv-interview-am-9-mai-will-ich-nach-moskau-kommen\/#article","isPartOf":{"@id":"https:\/\/now-news.de\/de\/deutschland\/slowakischer-premier-fico-gibt-russischem-tv-interview-am-9-mai-will-ich-nach-moskau-kommen\/"},"author":{"name":"rtnews","@id":"https:\/\/now-news.de\/de\/#\/schema\/person\/fb534a4e865501d8b3285208df34a9b5"},"headline":"Slowakischer Premier Fico gibt russischem TV Interview: &quot;Am 9. Mai will ich nach Moskau kommen&quot;","datePublished":"2024-10-30T18:21:42+00:00","dateModified":"2024-10-30T18:21:42+00:00","mainEntityOfPage":{"@id":"https:\/\/now-news.de\/de\/deutschland\/slowakischer-premier-fico-gibt-russischem-tv-interview-am-9-mai-will-ich-nach-moskau-kommen\/"},"wordCount":510,"commentCount":0,"publisher":{"@id":"https:\/\/now-news.de\/de\/#organization"},"image":{"@id":"https:\/\/now-news.de\/de\/deutschland\/slowakischer-premier-fico-gibt-russischem-tv-interview-am-9-mai-will-ich-nach-moskau-kommen\/#primaryimage"},"thumbnailUrl":"https:\/\/now-news.de\/de\/wp-content\/uploads\/sites\/3\/2024\/10\/Slowakischer-Premier-Fico-gibt-russischem-TV-Interview-quotAm-9-Mai.JPG","keywords":["Fico","gibt","Ich","interview","kommenquot","Mai","Moskau","nach","Premier","quotAm","russischem","Slowakischer"],"articleSection":["Deutschland","Russland"],"inLanguage":"de","potentialAction":[{"@type":"CommentAction","name":"Comment","target":["https:\/\/now-news.de\/de\/deutschland\/slowakischer-premier-fico-gibt-russischem-tv-interview-am-9-mai-will-ich-nach-moskau-kommen\/#respond"]}]},{"@type":"WebPage","@id":"https:\/\/now-news.de\/de\/deutschland\/slowakischer-premier-fico-gibt-russischem-tv-interview-am-9-mai-will-ich-nach-moskau-kommen\/","url":"https:\/\/now-news.de\/de\/deutschland\/slowakischer-premier-fico-gibt-russischem-tv-interview-am-9-mai-will-ich-nach-moskau-kommen\/","name":"Slowakischer Premier Fico gibt russischem TV Interview: &quot;Am 9. Mai will ich nach Moskau kommen&quot; - just-now.NEWS Deutschland","isPartOf":{"@id":"https:\/\/now-news.de\/de\/#website"},"primaryImageOfPage":{"@id":"https:\/\/now-news.de\/de\/deutschland\/slowakischer-premier-fico-gibt-russischem-tv-interview-am-9-mai-will-ich-nach-moskau-kommen\/#primaryimage"},"image":{"@id":"https:\/\/now-news.de\/de\/deutschland\/slowakischer-premier-fico-gibt-russischem-tv-interview-am-9-mai-will-ich-nach-moskau-kommen\/#primaryimage"},"thumbnailUrl":"https:\/\/now-news.de\/de\/wp-content\/uploads\/sites\/3\/2024\/10\/Slowakischer-Premier-Fico-gibt-russischem-TV-Interview-quotAm-9-Mai.JPG","datePublished":"2024-10-30T18:21:42+00:00","dateModified":"2024-10-30T18:21:42+00:00","breadcrumb":{"@id":"https:\/\/now-news.de\/de\/deutschland\/slowakischer-premier-fico-gibt-russischem-tv-interview-am-9-mai-will-ich-nach-moskau-kommen\/#breadcrumb"},"inLanguage":"de","potentialAction":[{"@type":"ReadAction","target":["https:\/\/now-news.de\/de\/deutschland\/slowakischer-premier-fico-gibt-russischem-tv-interview-am-9-mai-will-ich-nach-moskau-kommen\/"]}]},{"@type":"ImageObject","inLanguage":"de","@id":"https:\/\/now-news.de\/de\/deutschland\/slowakischer-premier-fico-gibt-russischem-tv-interview-am-9-mai-will-ich-nach-moskau-kommen\/#primaryimage","url":"https:\/\/now-news.de\/de\/wp-content\/uploads\/sites\/3\/2024\/10\/Slowakischer-Premier-Fico-gibt-russischem-TV-Interview-quotAm-9-Mai.JPG","contentUrl":"https:\/\/now-news.de\/de\/wp-content\/uploads\/sites\/3\/2024\/10\/Slowakischer-Premier-Fico-gibt-russischem-TV-Interview-quotAm-9-Mai.JPG","width":1725,"height":973,"caption":"Slowakischer Premier Fico gibt russischem TV Interview: &quot;Am 9. Mai will ich nach Moskau kommen&quot;"},{"@type":"BreadcrumbList","@id":"https:\/\/now-news.de\/de\/deutschland\/slowakischer-premier-fico-gibt-russischem-tv-interview-am-9-mai-will-ich-nach-moskau-kommen\/#breadcrumb","itemListElement":[{"@type":"ListItem","position":1,"name":"Home","item":"https:\/\/now-news.de\/de\/"},{"@type":"ListItem","position":2,"name":"Slowakischer Premier Fico gibt russischem TV Interview: &quot;Am 9. Mai will ich nach Moskau kommen&quot;"}]},{"@type":"WebSite","@id":"https:\/\/now-news.de\/de\/#website","url":"https:\/\/now-news.de\/de\/","name":"just-now.NEWS Deutschland","description":"Das Portal f\u00fcr unzensierte Nachrichten aus der Welt","publisher":{"@id":"https:\/\/now-news.de\/de\/#organization"},"potentialAction":[{"@type":"SearchAction","target":{"@type":"EntryPoint","urlTemplate":"https:\/\/now-news.de\/de\/?s={search_term_string}"},"query-input":"required name=search_term_string"}],"inLanguage":"de"},{"@type":"Organization","@id":"https:\/\/now-news.de\/de\/#organization","name":"Just Now News","url":"https:\/\/now-news.de\/de\/","logo":{"@type":"ImageObject","inLanguage":"de","@id":"https:\/\/now-news.de\/de\/#\/schema\/logo\/image\/","url":"http:\/\/just-now.news\/de\/wp-content\/uploads\/sites\/3\/2022\/04\/logo500x500.jpg","contentUrl":"http:\/\/just-now.news\/de\/wp-content\/uploads\/sites\/3\/2022\/04\/logo500x500.jpg","width":500,"height":500,"caption":"Just Now News"},"image":{"@id":"https:\/\/now-news.de\/de\/#\/schema\/logo\/image\/"},"sameAs":["https:\/\/www.facebook.com\/wirmachenauf","https:\/\/x.com\/WirMachenAuf_de"]},{"@type":"Person","@id":"https:\/\/now-news.de\/de\/#\/schema\/person\/fb534a4e865501d8b3285208df34a9b5","name":"rtnews","image":{"@type":"ImageObject","inLanguage":"de","@id":"https:\/\/now-news.de\/de\/#\/schema\/person\/image\/","url":"https:\/\/secure.gravatar.com\/avatar\/82aafea7d8127119dd649515f56e2117?s=96&d=mm&r=g","contentUrl":"https:\/\/secure.gravatar.com\/avatar\/82aafea7d8127119dd649515f56e2117?s=96&d=mm&r=g","caption":"rtnews"},"url":"https:\/\/now-news.de\/de\/author\/rnews\/"}]}},"_links":{"self":[{"href":"https:\/\/now-news.de\/de\/wp-json\/wp\/v2\/posts\/71709"}],"collection":[{"href":"https:\/\/now-news.de\/de\/wp-json\/wp\/v2\/posts"}],"about":[{"href":"https:\/\/now-news.de\/de\/wp-json\/wp\/v2\/types\/post"}],"author":[{"embeddable":true,"href":"https:\/\/now-news.de\/de\/wp-json\/wp\/v2\/users\/3"}],"replies":[{"embeddable":true,"href":"https:\/\/now-news.de\/de\/wp-json\/wp\/v2\/comments?post=71709"}],"version-history":[{"count":0,"href":"https:\/\/now-news.de\/de\/wp-json\/wp\/v2\/posts\/71709\/revisions"}],"wp:featuredmedia":[{"embeddable":true,"href":"https:\/\/now-news.de\/de\/wp-json\/wp\/v2\/media\/71710"}],"wp:attachment":[{"href":"https:\/\/now-news.de\/de\/wp-json\/wp\/v2\/media?parent=71709"}],"wp:term":[{"taxonomy":"category","embeddable":true,"href":"https:\/\/now-news.de\/de\/wp-json\/wp\/v2\/categories?post=71709"},{"taxonomy":"post_tag","embeddable":true,"href":"https:\/\/now-news.de\/de\/wp-json\/wp\/v2\/tags?post=71709"}],"curies":[{"name":"wp","href":"https:\/\/api.w.org\/{rel}","templated":true}]}}