{"id":71705,"date":"2024-10-30T19:25:27","date_gmt":"2024-10-30T17:25:27","guid":{"rendered":"https:\/\/now-news.de\/de\/deutschland\/orban-zwei-in-der-eu-fuehrende-deutsche-wollen-regimewechsel-in-ungarn\/"},"modified":"2024-10-30T19:25:27","modified_gmt":"2024-10-30T17:25:27","slug":"orban-zwei-in-der-eu-fuehrende-deutsche-wollen-regimewechsel-in-ungarn","status":"publish","type":"post","link":"https:\/\/now-news.de\/de\/deutschland\/orban-zwei-in-der-eu-fuehrende-deutsche-wollen-regimewechsel-in-ungarn\/","title":{"rendered":"Orb\u00e1n: Zwei in der EU f\u00fchrende Deutsche wollen &quot;Regimewechsel&quot; in Ungarn"},"content":{"rendered":"<p><img decoding=\"async\" src=\"https:\/\/now-news.de\/de\/wp-content\/uploads\/sites\/3\/2024\/10\/6722624eb480cc157553af18.jpg\" \/><\/p>\n<div class=\"Text-root Text-type_1 \">\n                Zwei Deutsche in Br\u00fcsseler F\u00fchrungspositionen wollten in Ungarn Marionetten einsetzen, sagte Premierminister Viktor Orb\u00e1n. Die EU wolle per Regime-Change eine &#8220;Jawohl-Regierung&#8221; installieren, so wie sie es im vergangenen Jahr bereits in Polen getan h\u00e4tte.\n            <\/div>\n<p><\/p>\n<div class=\"Text-root Text-type_5 ArticleView-text ViewText-root \">\n<p>Die Europ\u00e4ische Union hoffe, in Ungarn eine &#8220;Jawohl-Regierung&#8221; zu installieren, wie sie es in Polen getan hat,\u00a0 erkl\u00e4rte Ministerpr\u00e4sident Viktor Orb\u00e1n und versprach, sich solchen Pl\u00e4nen zu widersetzen.<\/p>\n<p>Orb\u00e1n wurde am Montag von 13 EU-Mitgliedsstaaten angegriffen, nachdem er Georgien besucht und die dortige Regierung f\u00fcr faire und demokratische Wahlen gelobt hatte. W\u00e4hrenddessen unterst\u00fctzt die EU-F\u00fchrung die Behauptung der georgischen Opposition, die Wahl sei durch Unregelm\u00e4\u00dfigkeiten beeintr\u00e4chtigt worden.<\/p>\n<p>In einem <a rel=\"nofollow noopener\" target=\"_blank\" href=\"https:\/\/x.com\/PM_ViktorOrban\/status\/1851251550586273925\">Beitrag auf X<\/a> erinnerte der ungarische Premier am Dienstag daran, dass zwei m\u00e4chtige deutsche Beamte in Br\u00fcssel seine Regierung durch eine willigere ersetzen wollten, die ihren Befehlen gehorchte. Im vergangenen Jahr h\u00e4tten sie sich damit gebr\u00fcstet, dies in Polen zu tun.\u00a0Orb\u00e1n teilte mit:<\/p>\n<blockquote>\n<p><em>&#8220;Es gibt eine offene Verschw\u00f6rung gegen Ungarn, angef\u00fchrt von Manfred Weber und Pr\u00e4sidentin [Ursula] von der Leyen.&#8221;<\/em><\/p>\n<p><em>&#8220;Sie haben zugegeben, dass es ihr Ziel ist, die ungarische Regierung durch eine neue &#8216;Jawohl-Regierung&#8217;\u00a0zu ersetzen, genau wie die derzeitige polnische.<\/em>\u00a0<em>Das werden wir nicht zulassen!&#8221;<\/em><\/p>\n<\/blockquote>\n<p>Er f\u00fcgte ein einmin\u00fctiges Video aus seinem j\u00fcngsten Radiointerview bei, in dem er das Thema im Detail erl\u00e4uterte. Im Video erkl\u00e4rten EU-Beamte, dass die ungarische Regierung durch die Opposition ersetzt werden solle. Dabei br\u00fcsteten sie sich auch damit, dass sie dies im vergangenen Jahr in Polen getan h\u00e4tten. Dessen vorherige Regierung habe sich ebenfalls vielen Befehlen aus Br\u00fcssel widersetzt. Dort habe man deshalb den ehemaligen Vorsitzenden des Europ\u00e4ischen Rates, Donald Tusk, als Premierminister eingesetzt.<\/p>\n<div class=\"EmbedBlock-root EmbedBlock-twitter\">\n<div class=\"TwitterEmbed\">\n<blockquote class=\"twitter-tweet lazyload\" data-twitter=\"twitter-tweet\" data-media-max-width=\"560\">\n<p lang=\"en\" dir=\"ltr\">There\u2019s an open conspiracy against Hungary led by <a rel=\"nofollow noopener\" target=\"_blank\" href=\"https:\/\/twitter.com\/ManfredWeber?ref_src=twsrc%5Etfw\">@ManfredWeber<\/a> and President <a rel=\"nofollow noopener\" target=\"_blank\" href=\"https:\/\/twitter.com\/vonderleyen?ref_src=twsrc%5Etfw\">@vonderleyen<\/a> . They admitted that their aim is to replace the Hungarian government with a new \u201cJawohl government\u201d, just like the current Polish one. We will not let this happen! <a rel=\"nofollow noopener\" target=\"_blank\" href=\"https:\/\/t.co\/HWIpYFKaDy\">pic.twitter.com\/HWIpYFKaDy<\/a><\/p>\n<p>\u2014 Orb\u00e1n Viktor (@PM_ViktorOrban) <a rel=\"nofollow noopener\" target=\"_blank\" href=\"https:\/\/twitter.com\/PM_ViktorOrban\/status\/1851251550586273925?ref_src=twsrc%5Etfw\">October 29, 2024<\/a><\/p><\/blockquote>\n<\/div>\n<\/div>\n<p>&#8220;Jawohl&#8221; ist das deutsche Wort, mit dem man Befehle entgegennimmt. Orb\u00e1n benutzte es, weil sowohl der Fraktionsvorsitzende der Europ\u00e4ischen Volkspartei (EVP) im EU-Parlament, Manfred Weber, als auch die Pr\u00e4sidentin der Europ\u00e4ischen Kommission, Ursula von der Leyen, Deutsche sind. Dazu erkl\u00e4rte der ungarische Staatschef am Freitag gegen\u00fcber dem staatlichen Sender <em>Kossuth<\/em>:<\/p>\n<blockquote>\n<p><em>&#8220;Wir nennen das, was sie wollen, eine &#8216;Jawohl-Regierung&#8217;.<\/em>\u00a0<em>Man bekommt also einen Anruf aus Br\u00fcssel oder Berlin, und dann muss man &#8216;Jawohl&#8217; sagen!<\/em>\u00a0<em>Und dann muss es so gemacht werden.&#8221;<\/em>\u00a0<\/p>\n<\/blockquote>\n<p>Des Weiteren f\u00fcgt er hinzu: &#8220;Die Polen sind auch ihren eigenen Weg gegangen. [&#8230;] Sie verfolgten auch ihre eigene unabh\u00e4ngige polnische Politik in den Bereichen Migration, Gender und Wirtschaft.\u00a0In Bezug auf den [Russland-Ukraine-Konflikt] waren sie auf derselben Seite wie die Westler, aber nicht in allen anderen Fragen.&#8221; Die EVP k\u00fcndigte daraufhin offen an, dass die konservative polnische Regierung abtreten und durch eine andere ersetzt werden w\u00fcrde. Orb\u00e1n f\u00fchrte aus:<\/p>\n<blockquote>\n<p><em>&#8220;So wurde unser Freund Tusk Ministerpr\u00e4sident in Polen.<\/em>\u00a0<em>Jetzt gibt es das gleiche Szenario im Fall von Ungarn.&#8221;<\/em><\/p>\n<p><em>&#8220;Das ist nicht einmal eine geheime Verschw\u00f6rung gegen Ungarn, das ist ein Plan, den sie offen angek\u00fcndigt haben [&#8230;]\u00a0<\/em><em>Ich sa\u00df dort, sie haben es mir ins Gesicht gesagt.&#8221;<\/em><\/p>\n<\/blockquote>\n<p><strong>Mehr zum Thema<\/strong>\u00a0\u2012 <a rel=\"nofollow noopener\" target=\"_blank\" href=\"https:\/\/dert.online\/europa\/223498-serbien-ungarn-und-slowakei-schliessen\/\">Serbien, Ungarn und Slowakei schlie\u00dfen B\u00fcndnis gegen EU-Migrationspakt<\/a><\/p>\n<div class=\"EmbedBlock-root EmbedBlock-externalVideo EmbedBlock-rumble\">\n<div class=\"VkEmbed\"><iframe class=\"lazyload\" data-src=\"https:\/\/rumble.com\/embed\/v5icr3e\" frameborder=\"0\" width=\"853\" height=\"480\" allowfullscreen><\/iframe><\/div>\n<\/div>\n<p>\u00a0<\/p>\n<\/div>\n<p><script async src=\"https:\/\/platform.twitter.com\/widgets.js\" charset=\"utf-8\"><\/script><br \/>\n<br \/><br \/>\n<br \/><a href=\"https:\/\/de.rt.com\/europa\/224185-orban-zwei-in-eu-fuehrende\/\">Source link <\/a><\/p>\n","protected":false},"excerpt":{"rendered":"<p>Zwei Deutsche in Br\u00fcsseler F\u00fchrungspositionen wollten in Ungarn Marionetten einsetzen, sagte Premierminister Viktor Orb\u00e1n. Die EU wolle per Regime-Change eine &#8220;Jawohl-Regierung&#8221; installieren, so wie sie es im vergangenen Jahr bereits in Polen getan h\u00e4tte. Die Europ\u00e4ische Union hoffe, in Ungarn eine &#8220;Jawohl-Regierung&#8221; zu installieren, wie sie es in Polen getan hat,\u00a0 erkl\u00e4rte Ministerpr\u00e4sident Viktor Orb\u00e1n [&hellip;]<\/p>\n","protected":false},"author":3,"featured_media":71706,"comment_status":"open","ping_status":"open","sticky":false,"template":"","format":"standard","meta":{"_yoast_indexnow_last_ping":["1730309758"],"wp_automatic_camp":["217"],"307f092c442247465a883816c86c08ec":["Orb\u00e1n: Zwei in der EU f\u00fchrende Deutsche wollen &quot;Regimewechsel&quot; in Ungarn"],"original_link":["https:\/\/de.rt.com\/europa\/224185-orban-zwei-in-eu-fuehrende\/"],"_thumbnail_id":["71706"],"_wptgpro_p2tg_sent2tg":["a:1:{i:23737;s:19:\"2024-10-30 19:37:05\";}"],"jnews_social_counter_last_update":["1777199956"]},"categories":[19,23],"tags":[82,2374,22204,6397,40255,11664,1050,1003],"yoast_head":"<!-- This site is optimized with the Yoast SEO Premium plugin v22.7 (Yoast SEO v22.7) - https:\/\/yoast.com\/wordpress\/plugins\/seo\/ -->\n<title>Orb\u00e1n: Zwei in der EU f\u00fchrende Deutsche wollen &quot;Regimewechsel&quot; in Ungarn - just-now.NEWS Deutschland<\/title>\n<meta name=\"robots\" content=\"index, follow, max-snippet:-1, max-image-preview:large, max-video-preview:-1\" \/>\n<link rel=\"canonical\" href=\"https:\/\/now-news.de\/de\/deutschland\/orban-zwei-in-der-eu-fuehrende-deutsche-wollen-regimewechsel-in-ungarn\/\" \/>\n<meta property=\"og:locale\" content=\"de_DE\" \/>\n<meta property=\"og:type\" content=\"article\" \/>\n<meta property=\"og:title\" content=\"Orb\u00e1n: Zwei in der EU f\u00fchrende Deutsche wollen &quot;Regimewechsel&quot; in Ungarn\" \/>\n<meta property=\"og:description\" content=\"Zwei Deutsche in Br\u00fcsseler F\u00fchrungspositionen wollten in Ungarn Marionetten einsetzen, sagte Premierminister Viktor Orb\u00e1n. Die EU wolle per Regime-Change eine &#8220;Jawohl-Regierung&#8221; installieren, so wie sie es im vergangenen Jahr bereits in Polen getan h\u00e4tte. Die Europ\u00e4ische Union hoffe, in Ungarn eine &#8220;Jawohl-Regierung&#8221; zu installieren, wie sie es in Polen getan hat,\u00a0 erkl\u00e4rte Ministerpr\u00e4sident Viktor Orb\u00e1n [&hellip;]\" \/>\n<meta property=\"og:url\" content=\"https:\/\/now-news.de\/de\/deutschland\/orban-zwei-in-der-eu-fuehrende-deutsche-wollen-regimewechsel-in-ungarn\/\" \/>\n<meta property=\"og:site_name\" content=\"just-now.NEWS Deutschland\" \/>\n<meta property=\"article:publisher\" content=\"https:\/\/www.facebook.com\/wirmachenauf\" \/>\n<meta property=\"article:published_time\" content=\"2024-10-30T17:25:27+00:00\" \/>\n<meta property=\"og:image\" content=\"https:\/\/now-news.de\/de\/wp-content\/uploads\/sites\/3\/2024\/10\/6722624eb480cc157553af18.jpg\" \/>\n<meta name=\"author\" content=\"rtnews\" \/>\n<meta name=\"twitter:card\" content=\"summary_large_image\" \/>\n<meta name=\"twitter:creator\" content=\"@WirMachenAuf_de\" \/>\n<meta name=\"twitter:site\" content=\"@WirMachenAuf_de\" \/>\n<meta name=\"twitter:label1\" content=\"Verfasst von\" \/>\n\t<meta name=\"twitter:data1\" content=\"rtnews\" \/>\n\t<meta name=\"twitter:label2\" content=\"Gesch\u00e4tzte Lesezeit\" \/>\n\t<meta name=\"twitter:data2\" content=\"3\u00a0Minuten\" \/>\n<script type=\"application\/ld+json\" class=\"yoast-schema-graph\">{\"@context\":\"https:\/\/schema.org\",\"@graph\":[{\"@type\":\"Article\",\"@id\":\"https:\/\/now-news.de\/de\/deutschland\/orban-zwei-in-der-eu-fuehrende-deutsche-wollen-regimewechsel-in-ungarn\/#article\",\"isPartOf\":{\"@id\":\"https:\/\/now-news.de\/de\/deutschland\/orban-zwei-in-der-eu-fuehrende-deutsche-wollen-regimewechsel-in-ungarn\/\"},\"author\":{\"name\":\"rtnews\",\"@id\":\"https:\/\/now-news.de\/de\/#\/schema\/person\/fb534a4e865501d8b3285208df34a9b5\"},\"headline\":\"Orb\u00e1n: Zwei in der EU f\u00fchrende Deutsche wollen &quot;Regimewechsel&quot; in Ungarn\",\"datePublished\":\"2024-10-30T17:25:27+00:00\",\"dateModified\":\"2024-10-30T17:25:27+00:00\",\"mainEntityOfPage\":{\"@id\":\"https:\/\/now-news.de\/de\/deutschland\/orban-zwei-in-der-eu-fuehrende-deutsche-wollen-regimewechsel-in-ungarn\/\"},\"wordCount\":590,\"commentCount\":0,\"publisher\":{\"@id\":\"https:\/\/now-news.de\/de\/#organization\"},\"image\":{\"@id\":\"https:\/\/now-news.de\/de\/deutschland\/orban-zwei-in-der-eu-fuehrende-deutsche-wollen-regimewechsel-in-ungarn\/#primaryimage\"},\"thumbnailUrl\":\"https:\/\/now-news.de\/de\/wp-content\/uploads\/sites\/3\/2024\/10\/Orban-Zwei-in-der-EU-fuehrende-Deutsche-wollen-quotRegimewechselquot-in.jpg\",\"keywords\":[\"der\",\"Deutsche\",\"f\u00fchrende\",\"Orb\u00e1n\",\"quotRegimewechselquot\",\"Ungarn\",\"wollen\",\"zwei\"],\"articleSection\":[\"Deutschland\",\"Russland\"],\"inLanguage\":\"de\",\"potentialAction\":[{\"@type\":\"CommentAction\",\"name\":\"Comment\",\"target\":[\"https:\/\/now-news.de\/de\/deutschland\/orban-zwei-in-der-eu-fuehrende-deutsche-wollen-regimewechsel-in-ungarn\/#respond\"]}]},{\"@type\":\"WebPage\",\"@id\":\"https:\/\/now-news.de\/de\/deutschland\/orban-zwei-in-der-eu-fuehrende-deutsche-wollen-regimewechsel-in-ungarn\/\",\"url\":\"https:\/\/now-news.de\/de\/deutschland\/orban-zwei-in-der-eu-fuehrende-deutsche-wollen-regimewechsel-in-ungarn\/\",\"name\":\"Orb\u00e1n: Zwei in der EU f\u00fchrende Deutsche wollen &quot;Regimewechsel&quot; in Ungarn - just-now.NEWS Deutschland\",\"isPartOf\":{\"@id\":\"https:\/\/now-news.de\/de\/#website\"},\"primaryImageOfPage\":{\"@id\":\"https:\/\/now-news.de\/de\/deutschland\/orban-zwei-in-der-eu-fuehrende-deutsche-wollen-regimewechsel-in-ungarn\/#primaryimage\"},\"image\":{\"@id\":\"https:\/\/now-news.de\/de\/deutschland\/orban-zwei-in-der-eu-fuehrende-deutsche-wollen-regimewechsel-in-ungarn\/#primaryimage\"},\"thumbnailUrl\":\"https:\/\/now-news.de\/de\/wp-content\/uploads\/sites\/3\/2024\/10\/Orban-Zwei-in-der-EU-fuehrende-Deutsche-wollen-quotRegimewechselquot-in.jpg\",\"datePublished\":\"2024-10-30T17:25:27+00:00\",\"dateModified\":\"2024-10-30T17:25:27+00:00\",\"breadcrumb\":{\"@id\":\"https:\/\/now-news.de\/de\/deutschland\/orban-zwei-in-der-eu-fuehrende-deutsche-wollen-regimewechsel-in-ungarn\/#breadcrumb\"},\"inLanguage\":\"de\",\"potentialAction\":[{\"@type\":\"ReadAction\",\"target\":[\"https:\/\/now-news.de\/de\/deutschland\/orban-zwei-in-der-eu-fuehrende-deutsche-wollen-regimewechsel-in-ungarn\/\"]}]},{\"@type\":\"ImageObject\",\"inLanguage\":\"de\",\"@id\":\"https:\/\/now-news.de\/de\/deutschland\/orban-zwei-in-der-eu-fuehrende-deutsche-wollen-regimewechsel-in-ungarn\/#primaryimage\",\"url\":\"https:\/\/now-news.de\/de\/wp-content\/uploads\/sites\/3\/2024\/10\/Orban-Zwei-in-der-EU-fuehrende-Deutsche-wollen-quotRegimewechselquot-in.jpg\",\"contentUrl\":\"https:\/\/now-news.de\/de\/wp-content\/uploads\/sites\/3\/2024\/10\/Orban-Zwei-in-der-EU-fuehrende-Deutsche-wollen-quotRegimewechselquot-in.jpg\",\"width\":460,\"height\":259,\"caption\":\"Orb\u00e1n: Zwei in der EU f\u00fchrende Deutsche wollen &quot;Regimewechsel&quot; in Ungarn\"},{\"@type\":\"BreadcrumbList\",\"@id\":\"https:\/\/now-news.de\/de\/deutschland\/orban-zwei-in-der-eu-fuehrende-deutsche-wollen-regimewechsel-in-ungarn\/#breadcrumb\",\"itemListElement\":[{\"@type\":\"ListItem\",\"position\":1,\"name\":\"Home\",\"item\":\"https:\/\/now-news.de\/de\/\"},{\"@type\":\"ListItem\",\"position\":2,\"name\":\"Orb\u00e1n: Zwei in der EU f\u00fchrende Deutsche wollen &quot;Regimewechsel&quot; in Ungarn\"}]},{\"@type\":\"WebSite\",\"@id\":\"https:\/\/now-news.de\/de\/#website\",\"url\":\"https:\/\/now-news.de\/de\/\",\"name\":\"just-now.NEWS Deutschland\",\"description\":\"Das Portal f\u00fcr unzensierte Nachrichten aus der Welt\",\"publisher\":{\"@id\":\"https:\/\/now-news.de\/de\/#organization\"},\"potentialAction\":[{\"@type\":\"SearchAction\",\"target\":{\"@type\":\"EntryPoint\",\"urlTemplate\":\"https:\/\/now-news.de\/de\/?s={search_term_string}\"},\"query-input\":\"required name=search_term_string\"}],\"inLanguage\":\"de\"},{\"@type\":\"Organization\",\"@id\":\"https:\/\/now-news.de\/de\/#organization\",\"name\":\"Just Now News\",\"url\":\"https:\/\/now-news.de\/de\/\",\"logo\":{\"@type\":\"ImageObject\",\"inLanguage\":\"de\",\"@id\":\"https:\/\/now-news.de\/de\/#\/schema\/logo\/image\/\",\"url\":\"http:\/\/just-now.news\/de\/wp-content\/uploads\/sites\/3\/2022\/04\/logo500x500.jpg\",\"contentUrl\":\"http:\/\/just-now.news\/de\/wp-content\/uploads\/sites\/3\/2022\/04\/logo500x500.jpg\",\"width\":500,\"height\":500,\"caption\":\"Just Now News\"},\"image\":{\"@id\":\"https:\/\/now-news.de\/de\/#\/schema\/logo\/image\/\"},\"sameAs\":[\"https:\/\/www.facebook.com\/wirmachenauf\",\"https:\/\/x.com\/WirMachenAuf_de\"]},{\"@type\":\"Person\",\"@id\":\"https:\/\/now-news.de\/de\/#\/schema\/person\/fb534a4e865501d8b3285208df34a9b5\",\"name\":\"rtnews\",\"image\":{\"@type\":\"ImageObject\",\"inLanguage\":\"de\",\"@id\":\"https:\/\/now-news.de\/de\/#\/schema\/person\/image\/\",\"url\":\"https:\/\/secure.gravatar.com\/avatar\/82aafea7d8127119dd649515f56e2117?s=96&d=mm&r=g\",\"contentUrl\":\"https:\/\/secure.gravatar.com\/avatar\/82aafea7d8127119dd649515f56e2117?s=96&d=mm&r=g\",\"caption\":\"rtnews\"},\"url\":\"https:\/\/now-news.de\/de\/author\/rnews\/\"}]}<\/script>\n<!-- \/ Yoast SEO Premium plugin. -->","yoast_head_json":{"title":"Orb\u00e1n: Zwei in der EU f\u00fchrende Deutsche wollen &quot;Regimewechsel&quot; in Ungarn - just-now.NEWS Deutschland","robots":{"index":"index","follow":"follow","max-snippet":"max-snippet:-1","max-image-preview":"max-image-preview:large","max-video-preview":"max-video-preview:-1"},"canonical":"https:\/\/now-news.de\/de\/deutschland\/orban-zwei-in-der-eu-fuehrende-deutsche-wollen-regimewechsel-in-ungarn\/","og_locale":"de_DE","og_type":"article","og_title":"Orb\u00e1n: Zwei in der EU f\u00fchrende Deutsche wollen &quot;Regimewechsel&quot; in Ungarn","og_description":"Zwei Deutsche in Br\u00fcsseler F\u00fchrungspositionen wollten in Ungarn Marionetten einsetzen, sagte Premierminister Viktor Orb\u00e1n. Die EU wolle per Regime-Change eine &#8220;Jawohl-Regierung&#8221; installieren, so wie sie es im vergangenen Jahr bereits in Polen getan h\u00e4tte. Die Europ\u00e4ische Union hoffe, in Ungarn eine &#8220;Jawohl-Regierung&#8221; zu installieren, wie sie es in Polen getan hat,\u00a0 erkl\u00e4rte Ministerpr\u00e4sident Viktor Orb\u00e1n [&hellip;]","og_url":"https:\/\/now-news.de\/de\/deutschland\/orban-zwei-in-der-eu-fuehrende-deutsche-wollen-regimewechsel-in-ungarn\/","og_site_name":"just-now.NEWS Deutschland","article_publisher":"https:\/\/www.facebook.com\/wirmachenauf","article_published_time":"2024-10-30T17:25:27+00:00","og_image":[{"url":"https:\/\/now-news.de\/de\/wp-content\/uploads\/sites\/3\/2024\/10\/6722624eb480cc157553af18.jpg"}],"author":"rtnews","twitter_card":"summary_large_image","twitter_creator":"@WirMachenAuf_de","twitter_site":"@WirMachenAuf_de","twitter_misc":{"Verfasst von":"rtnews","Gesch\u00e4tzte Lesezeit":"3\u00a0Minuten"},"schema":{"@context":"https:\/\/schema.org","@graph":[{"@type":"Article","@id":"https:\/\/now-news.de\/de\/deutschland\/orban-zwei-in-der-eu-fuehrende-deutsche-wollen-regimewechsel-in-ungarn\/#article","isPartOf":{"@id":"https:\/\/now-news.de\/de\/deutschland\/orban-zwei-in-der-eu-fuehrende-deutsche-wollen-regimewechsel-in-ungarn\/"},"author":{"name":"rtnews","@id":"https:\/\/now-news.de\/de\/#\/schema\/person\/fb534a4e865501d8b3285208df34a9b5"},"headline":"Orb\u00e1n: Zwei in der EU f\u00fchrende Deutsche wollen &quot;Regimewechsel&quot; in Ungarn","datePublished":"2024-10-30T17:25:27+00:00","dateModified":"2024-10-30T17:25:27+00:00","mainEntityOfPage":{"@id":"https:\/\/now-news.de\/de\/deutschland\/orban-zwei-in-der-eu-fuehrende-deutsche-wollen-regimewechsel-in-ungarn\/"},"wordCount":590,"commentCount":0,"publisher":{"@id":"https:\/\/now-news.de\/de\/#organization"},"image":{"@id":"https:\/\/now-news.de\/de\/deutschland\/orban-zwei-in-der-eu-fuehrende-deutsche-wollen-regimewechsel-in-ungarn\/#primaryimage"},"thumbnailUrl":"https:\/\/now-news.de\/de\/wp-content\/uploads\/sites\/3\/2024\/10\/Orban-Zwei-in-der-EU-fuehrende-Deutsche-wollen-quotRegimewechselquot-in.jpg","keywords":["der","Deutsche","f\u00fchrende","Orb\u00e1n","quotRegimewechselquot","Ungarn","wollen","zwei"],"articleSection":["Deutschland","Russland"],"inLanguage":"de","potentialAction":[{"@type":"CommentAction","name":"Comment","target":["https:\/\/now-news.de\/de\/deutschland\/orban-zwei-in-der-eu-fuehrende-deutsche-wollen-regimewechsel-in-ungarn\/#respond"]}]},{"@type":"WebPage","@id":"https:\/\/now-news.de\/de\/deutschland\/orban-zwei-in-der-eu-fuehrende-deutsche-wollen-regimewechsel-in-ungarn\/","url":"https:\/\/now-news.de\/de\/deutschland\/orban-zwei-in-der-eu-fuehrende-deutsche-wollen-regimewechsel-in-ungarn\/","name":"Orb\u00e1n: Zwei in der EU f\u00fchrende Deutsche wollen &quot;Regimewechsel&quot; in Ungarn - just-now.NEWS Deutschland","isPartOf":{"@id":"https:\/\/now-news.de\/de\/#website"},"primaryImageOfPage":{"@id":"https:\/\/now-news.de\/de\/deutschland\/orban-zwei-in-der-eu-fuehrende-deutsche-wollen-regimewechsel-in-ungarn\/#primaryimage"},"image":{"@id":"https:\/\/now-news.de\/de\/deutschland\/orban-zwei-in-der-eu-fuehrende-deutsche-wollen-regimewechsel-in-ungarn\/#primaryimage"},"thumbnailUrl":"https:\/\/now-news.de\/de\/wp-content\/uploads\/sites\/3\/2024\/10\/Orban-Zwei-in-der-EU-fuehrende-Deutsche-wollen-quotRegimewechselquot-in.jpg","datePublished":"2024-10-30T17:25:27+00:00","dateModified":"2024-10-30T17:25:27+00:00","breadcrumb":{"@id":"https:\/\/now-news.de\/de\/deutschland\/orban-zwei-in-der-eu-fuehrende-deutsche-wollen-regimewechsel-in-ungarn\/#breadcrumb"},"inLanguage":"de","potentialAction":[{"@type":"ReadAction","target":["https:\/\/now-news.de\/de\/deutschland\/orban-zwei-in-der-eu-fuehrende-deutsche-wollen-regimewechsel-in-ungarn\/"]}]},{"@type":"ImageObject","inLanguage":"de","@id":"https:\/\/now-news.de\/de\/deutschland\/orban-zwei-in-der-eu-fuehrende-deutsche-wollen-regimewechsel-in-ungarn\/#primaryimage","url":"https:\/\/now-news.de\/de\/wp-content\/uploads\/sites\/3\/2024\/10\/Orban-Zwei-in-der-EU-fuehrende-Deutsche-wollen-quotRegimewechselquot-in.jpg","contentUrl":"https:\/\/now-news.de\/de\/wp-content\/uploads\/sites\/3\/2024\/10\/Orban-Zwei-in-der-EU-fuehrende-Deutsche-wollen-quotRegimewechselquot-in.jpg","width":460,"height":259,"caption":"Orb\u00e1n: Zwei in der EU f\u00fchrende Deutsche wollen &quot;Regimewechsel&quot; in Ungarn"},{"@type":"BreadcrumbList","@id":"https:\/\/now-news.de\/de\/deutschland\/orban-zwei-in-der-eu-fuehrende-deutsche-wollen-regimewechsel-in-ungarn\/#breadcrumb","itemListElement":[{"@type":"ListItem","position":1,"name":"Home","item":"https:\/\/now-news.de\/de\/"},{"@type":"ListItem","position":2,"name":"Orb\u00e1n: Zwei in der EU f\u00fchrende Deutsche wollen &quot;Regimewechsel&quot; in Ungarn"}]},{"@type":"WebSite","@id":"https:\/\/now-news.de\/de\/#website","url":"https:\/\/now-news.de\/de\/","name":"just-now.NEWS Deutschland","description":"Das Portal f\u00fcr unzensierte Nachrichten aus der Welt","publisher":{"@id":"https:\/\/now-news.de\/de\/#organization"},"potentialAction":[{"@type":"SearchAction","target":{"@type":"EntryPoint","urlTemplate":"https:\/\/now-news.de\/de\/?s={search_term_string}"},"query-input":"required name=search_term_string"}],"inLanguage":"de"},{"@type":"Organization","@id":"https:\/\/now-news.de\/de\/#organization","name":"Just Now News","url":"https:\/\/now-news.de\/de\/","logo":{"@type":"ImageObject","inLanguage":"de","@id":"https:\/\/now-news.de\/de\/#\/schema\/logo\/image\/","url":"http:\/\/just-now.news\/de\/wp-content\/uploads\/sites\/3\/2022\/04\/logo500x500.jpg","contentUrl":"http:\/\/just-now.news\/de\/wp-content\/uploads\/sites\/3\/2022\/04\/logo500x500.jpg","width":500,"height":500,"caption":"Just Now News"},"image":{"@id":"https:\/\/now-news.de\/de\/#\/schema\/logo\/image\/"},"sameAs":["https:\/\/www.facebook.com\/wirmachenauf","https:\/\/x.com\/WirMachenAuf_de"]},{"@type":"Person","@id":"https:\/\/now-news.de\/de\/#\/schema\/person\/fb534a4e865501d8b3285208df34a9b5","name":"rtnews","image":{"@type":"ImageObject","inLanguage":"de","@id":"https:\/\/now-news.de\/de\/#\/schema\/person\/image\/","url":"https:\/\/secure.gravatar.com\/avatar\/82aafea7d8127119dd649515f56e2117?s=96&d=mm&r=g","contentUrl":"https:\/\/secure.gravatar.com\/avatar\/82aafea7d8127119dd649515f56e2117?s=96&d=mm&r=g","caption":"rtnews"},"url":"https:\/\/now-news.de\/de\/author\/rnews\/"}]}},"_links":{"self":[{"href":"https:\/\/now-news.de\/de\/wp-json\/wp\/v2\/posts\/71705"}],"collection":[{"href":"https:\/\/now-news.de\/de\/wp-json\/wp\/v2\/posts"}],"about":[{"href":"https:\/\/now-news.de\/de\/wp-json\/wp\/v2\/types\/post"}],"author":[{"embeddable":true,"href":"https:\/\/now-news.de\/de\/wp-json\/wp\/v2\/users\/3"}],"replies":[{"embeddable":true,"href":"https:\/\/now-news.de\/de\/wp-json\/wp\/v2\/comments?post=71705"}],"version-history":[{"count":0,"href":"https:\/\/now-news.de\/de\/wp-json\/wp\/v2\/posts\/71705\/revisions"}],"wp:featuredmedia":[{"embeddable":true,"href":"https:\/\/now-news.de\/de\/wp-json\/wp\/v2\/media\/71706"}],"wp:attachment":[{"href":"https:\/\/now-news.de\/de\/wp-json\/wp\/v2\/media?parent=71705"}],"wp:term":[{"taxonomy":"category","embeddable":true,"href":"https:\/\/now-news.de\/de\/wp-json\/wp\/v2\/categories?post=71705"},{"taxonomy":"post_tag","embeddable":true,"href":"https:\/\/now-news.de\/de\/wp-json\/wp\/v2\/tags?post=71705"}],"curies":[{"name":"wp","href":"https:\/\/api.w.org\/{rel}","templated":true}]}}