{"id":71686,"date":"2024-10-30T15:43:18","date_gmt":"2024-10-30T13:43:18","guid":{"rendered":"https:\/\/now-news.de\/de\/deutschland\/vormarsch-am-frontabschnitt-donezk-eine-sache-der-juengeren\/"},"modified":"2024-10-30T15:43:18","modified_gmt":"2024-10-30T13:43:18","slug":"vormarsch-am-frontabschnitt-donezk-eine-sache-der-juengeren","status":"publish","type":"post","link":"https:\/\/now-news.de\/de\/deutschland\/vormarsch-am-frontabschnitt-donezk-eine-sache-der-juengeren\/","title":{"rendered":"Vormarsch am Frontabschnitt Donezk: Eine Sache der J\u00fcngeren"},"content":{"rendered":"<p><img decoding=\"async\" src=\"https:\/\/now-news.de\/de\/wp-content\/uploads\/sites\/3\/2024\/10\/672229ceb480cc4e195d8384.jpg\" \/><\/p>\n<div class=\"Text-root Text-type_1 \">\n                Die auf der Grundlage des 1. Armeekorps der Donezker Volksrepublik aufgestellte russische 51. Armee ist einer der erfolgreichsten Verb\u00e4nde am Donezker Frontabschnitt. Menschliche Faktoren und eine unorthodoxe Kaderpolitik bilden ihr Erfolgsrezept.\n            <\/div>\n<p><\/p>\n<div class=\"Text-root Text-type_5 ArticleView-text ViewText-root \">\n<p><em>Von Semjon Pegow<\/em><\/p>\n<p>Ich w\u00fcrde nicht l\u00fcgen, wenn ich sage, dass der Donezker Frontabschnitt, wo wir aktiv vorr\u00fccken, im Verlauf des vergangenen Jahres f\u00fcr uns der spektakul\u00e4rste und erfolgreichste war. Die schillerndsten Siege der Saison errangen wir ausgerechnet hier: Im Winter wurde Awdejewka befreit, im Sommer fanden die beispiellosen Sturmangriffe auf Krasnogorowka und New York statt, im Herbst befreiten wir Ugledar, Ukrainsk, Selidowo, und zu Beginn des Winters r\u00fccken wir in Dserschinsk vor und schlagen uns nach Kurachowo durch, den wichtigsten Verkehrsknoten der Region.<\/p>\n<p>Die ersehnten Namen, die die Erinnerung der Volksmilizion\u00e4re des Russischen Fr\u00fchlings schmerzlich aufw\u00fchlen\u00a0\u2013 Druschkowka, Kramatorsk, Konstantinowka, Slawjansk, die im Sommer 2014 verlassen wurden \u2013, kehren wieder ins allt\u00e4gliche Frontlexikon zur\u00fcck. Im Grunde bleiben etwa bis Konstacha, wie die Einheimischen im Donbass Konstantinowka nennen, knapp \u00fcber zehn Kilometer. Auf den Stabsmonitoren unserer Truppen bei Dserschinsk kann man regelm\u00e4\u00dfig beobachten, wie Russlands Luftstreitkr\u00e4fte mit FAB-Bomben ukrainische St\u00fctzpunkte zerst\u00f6ren. Bisher liegen sie im Hinterland, die schnell vorr\u00fcckende Front wird sie aber ganz bald zum Teil der Kontaktlinie werden lassen.<\/p>\n<p>Ohne die Verdienste anderer Verb\u00e4nde zu schm\u00e4lern, erfolgte der Durchbruch der russischen Armee vor allem dank der K\u00e4mpfer und Kommandeure der 51. Armee \u2013 eines neuen Donezker Verbands, der auf Grundlage des legend\u00e4ren und absolut heldenhaften 1. Donezker Armeekorps aufgestellt wurde.<\/p>\n<p>Seinerzeit bildeten seinen Kern gerade jene Freiwilligen und faktischen Partisanen, die im Fr\u00fchling 2014 als erste in den bewaffneten Kampf gegen die Neonazis zogen, die einen Putsch in Kiew veranstaltet und ihre Gesch\u00fctze auf die russischen St\u00e4dte des Donbass gerichtetet hatten.<\/p>\n<p>In diesem Zusammenhang ist wichtig,\u00a0zu verstehen: Auch wenn es Ideengeber gab, die wie Arsen &#8220;Motorola&#8221; Pawlow als Freiwillige &#8220;vom Festland&#8221; kamen, griffen in Slawjansk, Kramatorsk und Konstacha vor alle die Einheimischen zu den Waffen. Viele von ihnen mussten sp\u00e4ter ihre H\u00e4user verlassen, und seit nunmehr zehn Jahren leben sie mit dem Traum von der R\u00fcckkehr in ihre Heimatst\u00e4dte. Offensichtlich verleiht dieser Faktor den Sturmangriffen der 51. Armee zus\u00e4tzlichen Schwung. Doch meiner Meinung nach (und ich begleite das Vorr\u00fccken der 51. Armee und des Donezker Korps praktisch w\u00e4hrend der gesamten Milit\u00e4roperation), ist das nicht der einzige Grund.<\/p>\n<p>In den vergangenen Tagen fuhr ich gerade an die Front bei Dserschinsk und unterhielt mich nicht nur mit einfachen Infanteristen und Artilleristen, sondern auch mit Kommandeuren von Bataillonen, Brigaden, Regimentern \u2013 und merkte, dass an es an den verantwortlichen Stellen sehr viele ganz junge Offiziere gibt. In einigen habe ich die Sturmk\u00e4mpfer von gestern wiedererkannt, die als erste nach Wolnowacha st\u00fcrmten und mit dem MG in der Hand Mariupol befreiten. Inzwischen sind sie zu erfahrenen, selbstbewussten Kommandeuren herangewachsen.<\/p>\n<p>Ein Bataillons- oder Regimentskommandeur oder gar ein stellvertretender Brigadekommandeur im Alter unter 30 ist f\u00fcr die 51. Armee eine gew\u00f6hnliche Sache. Die Sachkundigen werden best\u00e4tigen, dass dies f\u00fcr eine Armee in Friedenszeiten schlicht unsinnig ist. Und es ist spitze, dass im Fall des Donezker Korps das Kommando keinen stereotypischen und rein formalen Weg eingeschlagen hat \u2013 hier erhalten junge und vielversprechende Offiziere, die ihre Autorit\u00e4t und Erfahrung bei realen Sturmangriffen erk\u00e4mpft haben, eine Art Blankoscheck. Immerhin kann man nirgendwo besser k\u00e4mpfen lernen als im Krieg, und keine Akademien k\u00f6nnen das ersetzen.<\/p>\n<p>Wenn man also \u00fcber unser Erfolgsgeheimnis am Donezker Frontabschnitt nachdenkt, kann man sagen, dass neben der rein menschlichen Motivation (die Helden des Russischen Fr\u00fchlings dr\u00e4ngen nach Hause!) eine der Hauptrollen gerade die Kaderpolitik des Kommandos spielt. In der 51. Armee gelang es, ein Team aus im positiven Sinne leidenschaftlichen und ambitionierten jungen Offizieren zu bilden, die aus eigener Erfahrung wissen, wie das Leben eines einfachen Infanteristen oder Sturmk\u00e4mpfers aussieht, aber auch in der Lage sind, gewagte Entscheidungen zu treffen. Ich bin mir sicher, dass dieses Team dem Gegner noch viele unangenehme \u00dcberraschungen\u00a0bereiten wird,\u00a0und uns viele angenehme!<\/p>\n<p><em>\u00dcbersetzt aus dem <a rel=\"nofollow noopener\" target=\"_blank\" href=\"https:\/\/russian.rt.com\/opinion\/1389189-pegov-svo-dzerzhinsk-dnr\">Russischen<\/a>. Verfasst speziell f\u00fcr RT am 29. Oktober.<\/em><\/p>\n<p><em>Semjon Pegow, Jahrgang 1985, ist ein russischer Journalist und Kriegsberichterstatter, Schriftsteller und Blogger. Er berichtet regelm\u00e4\u00dfig \u00fcber den Konflikt in der Ukraine. Man kann ihm auf seinem Telegram-Kanal <\/em><em><a rel=\"nofollow noopener\" target=\"_blank\" href=\"https:\/\/t.me\/wargonzo\">WarGonzo<\/a><\/em><em> folgen.<\/em><\/p>\n<p><strong>Mehr zum Thema:<\/strong>\u00a0<a rel=\"nofollow noopener\" target=\"_blank\" href=\"https:\/\/freedert.online\/international\/223966-ukrainischer-general-front-im-donbass\/\">Zusammenbruch der Donbass-Front \u2013 Best\u00e4tigung durch Generalmajor der ukrainischen Armee<\/a><\/p>\n<div class=\"EmbedBlock-root EmbedBlock-externalVideo EmbedBlock-rumble\">\n<div class=\"VkEmbed\"><iframe class=\"lazyload\" data-src=\"https:\/\/rumble.com\/embed\/v5iclnt\" frameborder=\"0\" width=\"853\" height=\"480\" allowfullscreen><\/iframe><\/div>\n<\/div>\n<\/div>\n<p><br \/>\n<br \/><a href=\"https:\/\/de.rt.com\/meinung\/224137-sache-jungen\/\">Source link <\/a><\/p>\n","protected":false},"excerpt":{"rendered":"<p>Die auf der Grundlage des 1. Armeekorps der Donezker Volksrepublik aufgestellte russische 51. Armee ist einer der erfolgreichsten Verb\u00e4nde am Donezker Frontabschnitt. Menschliche Faktoren und eine unorthodoxe Kaderpolitik bilden ihr Erfolgsrezept. Von Semjon Pegow Ich w\u00fcrde nicht l\u00fcgen, wenn ich sage, dass der Donezker Frontabschnitt, wo wir aktiv vorr\u00fccken, im Verlauf des vergangenen Jahres f\u00fcr [&hellip;]<\/p>\n","protected":false},"author":3,"featured_media":71687,"comment_status":"open","ping_status":"open","sticky":false,"template":"","format":"standard","meta":{"_yoast_indexnow_last_ping":["1730296144"],"wp_automatic_camp":["217"],"f172e065724a79bc91076e3ec3922ee7":["Vormarsch am Frontabschnitt Donezk: Eine Sache der J\u00fcngeren"],"original_link":["https:\/\/de.rt.com\/meinung\/224137-sache-jungen\/"],"_thumbnail_id":["71687"],"_wptgpro_p2tg_sent2tg":["a:1:{i:23737;s:19:\"2024-10-30 15:50:13\";}"],"jnews_social_counter_last_update":["1777083521"]},"categories":[19,23],"tags":[82,19050,275,42465,26504,11394,23230],"yoast_head":"<!-- This site is optimized with the Yoast SEO Premium plugin v22.7 (Yoast SEO v22.7) - https:\/\/yoast.com\/wordpress\/plugins\/seo\/ -->\n<title>Vormarsch am Frontabschnitt Donezk: Eine Sache der J\u00fcngeren - just-now.NEWS Deutschland<\/title>\n<meta name=\"robots\" content=\"index, follow, max-snippet:-1, max-image-preview:large, max-video-preview:-1\" \/>\n<link rel=\"canonical\" href=\"https:\/\/now-news.de\/de\/deutschland\/vormarsch-am-frontabschnitt-donezk-eine-sache-der-juengeren\/\" \/>\n<meta property=\"og:locale\" content=\"de_DE\" \/>\n<meta property=\"og:type\" content=\"article\" \/>\n<meta property=\"og:title\" content=\"Vormarsch am Frontabschnitt Donezk: Eine Sache der J\u00fcngeren\" \/>\n<meta property=\"og:description\" content=\"Die auf der Grundlage des 1. Armeekorps der Donezker Volksrepublik aufgestellte russische 51. Armee ist einer der erfolgreichsten Verb\u00e4nde am Donezker Frontabschnitt. Menschliche Faktoren und eine unorthodoxe Kaderpolitik bilden ihr Erfolgsrezept. Von Semjon Pegow Ich w\u00fcrde nicht l\u00fcgen, wenn ich sage, dass der Donezker Frontabschnitt, wo wir aktiv vorr\u00fccken, im Verlauf des vergangenen Jahres f\u00fcr [&hellip;]\" \/>\n<meta property=\"og:url\" content=\"https:\/\/now-news.de\/de\/deutschland\/vormarsch-am-frontabschnitt-donezk-eine-sache-der-juengeren\/\" \/>\n<meta property=\"og:site_name\" content=\"just-now.NEWS Deutschland\" \/>\n<meta property=\"article:publisher\" content=\"https:\/\/www.facebook.com\/wirmachenauf\" \/>\n<meta property=\"article:published_time\" content=\"2024-10-30T13:43:18+00:00\" \/>\n<meta property=\"og:image\" content=\"https:\/\/now-news.de\/de\/wp-content\/uploads\/sites\/3\/2024\/10\/672229ceb480cc4e195d8384.jpg\" \/>\n<meta name=\"author\" content=\"rtnews\" \/>\n<meta name=\"twitter:card\" content=\"summary_large_image\" \/>\n<meta name=\"twitter:creator\" content=\"@WirMachenAuf_de\" \/>\n<meta name=\"twitter:site\" content=\"@WirMachenAuf_de\" \/>\n<meta name=\"twitter:label1\" content=\"Verfasst von\" \/>\n\t<meta name=\"twitter:data1\" content=\"rtnews\" \/>\n\t<meta name=\"twitter:label2\" content=\"Gesch\u00e4tzte Lesezeit\" \/>\n\t<meta name=\"twitter:data2\" content=\"4\u00a0Minuten\" \/>\n<script type=\"application\/ld+json\" class=\"yoast-schema-graph\">{\"@context\":\"https:\/\/schema.org\",\"@graph\":[{\"@type\":\"Article\",\"@id\":\"https:\/\/now-news.de\/de\/deutschland\/vormarsch-am-frontabschnitt-donezk-eine-sache-der-juengeren\/#article\",\"isPartOf\":{\"@id\":\"https:\/\/now-news.de\/de\/deutschland\/vormarsch-am-frontabschnitt-donezk-eine-sache-der-juengeren\/\"},\"author\":{\"name\":\"rtnews\",\"@id\":\"https:\/\/now-news.de\/de\/#\/schema\/person\/fb534a4e865501d8b3285208df34a9b5\"},\"headline\":\"Vormarsch am Frontabschnitt Donezk: Eine Sache der J\u00fcngeren\",\"datePublished\":\"2024-10-30T13:43:18+00:00\",\"dateModified\":\"2024-10-30T13:43:18+00:00\",\"mainEntityOfPage\":{\"@id\":\"https:\/\/now-news.de\/de\/deutschland\/vormarsch-am-frontabschnitt-donezk-eine-sache-der-juengeren\/\"},\"wordCount\":743,\"commentCount\":0,\"publisher\":{\"@id\":\"https:\/\/now-news.de\/de\/#organization\"},\"image\":{\"@id\":\"https:\/\/now-news.de\/de\/deutschland\/vormarsch-am-frontabschnitt-donezk-eine-sache-der-juengeren\/#primaryimage\"},\"thumbnailUrl\":\"https:\/\/now-news.de\/de\/wp-content\/uploads\/sites\/3\/2024\/10\/Vormarsch-am-Frontabschnitt-Donezk-Eine-Sache-der-Juengeren.jpg\",\"keywords\":[\"der\",\"Donezk\",\"eine\",\"Frontabschnitt\",\"j\u00fcngeren\",\"Sache\",\"Vormarsch\"],\"articleSection\":[\"Deutschland\",\"Russland\"],\"inLanguage\":\"de\",\"potentialAction\":[{\"@type\":\"CommentAction\",\"name\":\"Comment\",\"target\":[\"https:\/\/now-news.de\/de\/deutschland\/vormarsch-am-frontabschnitt-donezk-eine-sache-der-juengeren\/#respond\"]}]},{\"@type\":\"WebPage\",\"@id\":\"https:\/\/now-news.de\/de\/deutschland\/vormarsch-am-frontabschnitt-donezk-eine-sache-der-juengeren\/\",\"url\":\"https:\/\/now-news.de\/de\/deutschland\/vormarsch-am-frontabschnitt-donezk-eine-sache-der-juengeren\/\",\"name\":\"Vormarsch am Frontabschnitt Donezk: Eine Sache der J\u00fcngeren - just-now.NEWS Deutschland\",\"isPartOf\":{\"@id\":\"https:\/\/now-news.de\/de\/#website\"},\"primaryImageOfPage\":{\"@id\":\"https:\/\/now-news.de\/de\/deutschland\/vormarsch-am-frontabschnitt-donezk-eine-sache-der-juengeren\/#primaryimage\"},\"image\":{\"@id\":\"https:\/\/now-news.de\/de\/deutschland\/vormarsch-am-frontabschnitt-donezk-eine-sache-der-juengeren\/#primaryimage\"},\"thumbnailUrl\":\"https:\/\/now-news.de\/de\/wp-content\/uploads\/sites\/3\/2024\/10\/Vormarsch-am-Frontabschnitt-Donezk-Eine-Sache-der-Juengeren.jpg\",\"datePublished\":\"2024-10-30T13:43:18+00:00\",\"dateModified\":\"2024-10-30T13:43:18+00:00\",\"breadcrumb\":{\"@id\":\"https:\/\/now-news.de\/de\/deutschland\/vormarsch-am-frontabschnitt-donezk-eine-sache-der-juengeren\/#breadcrumb\"},\"inLanguage\":\"de\",\"potentialAction\":[{\"@type\":\"ReadAction\",\"target\":[\"https:\/\/now-news.de\/de\/deutschland\/vormarsch-am-frontabschnitt-donezk-eine-sache-der-juengeren\/\"]}]},{\"@type\":\"ImageObject\",\"inLanguage\":\"de\",\"@id\":\"https:\/\/now-news.de\/de\/deutschland\/vormarsch-am-frontabschnitt-donezk-eine-sache-der-juengeren\/#primaryimage\",\"url\":\"https:\/\/now-news.de\/de\/wp-content\/uploads\/sites\/3\/2024\/10\/Vormarsch-am-Frontabschnitt-Donezk-Eine-Sache-der-Juengeren.jpg\",\"contentUrl\":\"https:\/\/now-news.de\/de\/wp-content\/uploads\/sites\/3\/2024\/10\/Vormarsch-am-Frontabschnitt-Donezk-Eine-Sache-der-Juengeren.jpg\",\"width\":460,\"height\":259,\"caption\":\"Vormarsch am Frontabschnitt Donezk: Eine Sache der J\u00fcngeren\"},{\"@type\":\"BreadcrumbList\",\"@id\":\"https:\/\/now-news.de\/de\/deutschland\/vormarsch-am-frontabschnitt-donezk-eine-sache-der-juengeren\/#breadcrumb\",\"itemListElement\":[{\"@type\":\"ListItem\",\"position\":1,\"name\":\"Home\",\"item\":\"https:\/\/now-news.de\/de\/\"},{\"@type\":\"ListItem\",\"position\":2,\"name\":\"Vormarsch am Frontabschnitt Donezk: Eine Sache der J\u00fcngeren\"}]},{\"@type\":\"WebSite\",\"@id\":\"https:\/\/now-news.de\/de\/#website\",\"url\":\"https:\/\/now-news.de\/de\/\",\"name\":\"just-now.NEWS Deutschland\",\"description\":\"Das Portal f\u00fcr unzensierte Nachrichten aus der Welt\",\"publisher\":{\"@id\":\"https:\/\/now-news.de\/de\/#organization\"},\"potentialAction\":[{\"@type\":\"SearchAction\",\"target\":{\"@type\":\"EntryPoint\",\"urlTemplate\":\"https:\/\/now-news.de\/de\/?s={search_term_string}\"},\"query-input\":\"required name=search_term_string\"}],\"inLanguage\":\"de\"},{\"@type\":\"Organization\",\"@id\":\"https:\/\/now-news.de\/de\/#organization\",\"name\":\"Just Now News\",\"url\":\"https:\/\/now-news.de\/de\/\",\"logo\":{\"@type\":\"ImageObject\",\"inLanguage\":\"de\",\"@id\":\"https:\/\/now-news.de\/de\/#\/schema\/logo\/image\/\",\"url\":\"http:\/\/just-now.news\/de\/wp-content\/uploads\/sites\/3\/2022\/04\/logo500x500.jpg\",\"contentUrl\":\"http:\/\/just-now.news\/de\/wp-content\/uploads\/sites\/3\/2022\/04\/logo500x500.jpg\",\"width\":500,\"height\":500,\"caption\":\"Just Now News\"},\"image\":{\"@id\":\"https:\/\/now-news.de\/de\/#\/schema\/logo\/image\/\"},\"sameAs\":[\"https:\/\/www.facebook.com\/wirmachenauf\",\"https:\/\/x.com\/WirMachenAuf_de\"]},{\"@type\":\"Person\",\"@id\":\"https:\/\/now-news.de\/de\/#\/schema\/person\/fb534a4e865501d8b3285208df34a9b5\",\"name\":\"rtnews\",\"image\":{\"@type\":\"ImageObject\",\"inLanguage\":\"de\",\"@id\":\"https:\/\/now-news.de\/de\/#\/schema\/person\/image\/\",\"url\":\"https:\/\/secure.gravatar.com\/avatar\/82aafea7d8127119dd649515f56e2117?s=96&d=mm&r=g\",\"contentUrl\":\"https:\/\/secure.gravatar.com\/avatar\/82aafea7d8127119dd649515f56e2117?s=96&d=mm&r=g\",\"caption\":\"rtnews\"},\"url\":\"https:\/\/now-news.de\/de\/author\/rnews\/\"}]}<\/script>\n<!-- \/ Yoast SEO Premium plugin. -->","yoast_head_json":{"title":"Vormarsch am Frontabschnitt Donezk: Eine Sache der J\u00fcngeren - just-now.NEWS Deutschland","robots":{"index":"index","follow":"follow","max-snippet":"max-snippet:-1","max-image-preview":"max-image-preview:large","max-video-preview":"max-video-preview:-1"},"canonical":"https:\/\/now-news.de\/de\/deutschland\/vormarsch-am-frontabschnitt-donezk-eine-sache-der-juengeren\/","og_locale":"de_DE","og_type":"article","og_title":"Vormarsch am Frontabschnitt Donezk: Eine Sache der J\u00fcngeren","og_description":"Die auf der Grundlage des 1. Armeekorps der Donezker Volksrepublik aufgestellte russische 51. Armee ist einer der erfolgreichsten Verb\u00e4nde am Donezker Frontabschnitt. Menschliche Faktoren und eine unorthodoxe Kaderpolitik bilden ihr Erfolgsrezept. Von Semjon Pegow Ich w\u00fcrde nicht l\u00fcgen, wenn ich sage, dass der Donezker Frontabschnitt, wo wir aktiv vorr\u00fccken, im Verlauf des vergangenen Jahres f\u00fcr [&hellip;]","og_url":"https:\/\/now-news.de\/de\/deutschland\/vormarsch-am-frontabschnitt-donezk-eine-sache-der-juengeren\/","og_site_name":"just-now.NEWS Deutschland","article_publisher":"https:\/\/www.facebook.com\/wirmachenauf","article_published_time":"2024-10-30T13:43:18+00:00","og_image":[{"url":"https:\/\/now-news.de\/de\/wp-content\/uploads\/sites\/3\/2024\/10\/672229ceb480cc4e195d8384.jpg"}],"author":"rtnews","twitter_card":"summary_large_image","twitter_creator":"@WirMachenAuf_de","twitter_site":"@WirMachenAuf_de","twitter_misc":{"Verfasst von":"rtnews","Gesch\u00e4tzte Lesezeit":"4\u00a0Minuten"},"schema":{"@context":"https:\/\/schema.org","@graph":[{"@type":"Article","@id":"https:\/\/now-news.de\/de\/deutschland\/vormarsch-am-frontabschnitt-donezk-eine-sache-der-juengeren\/#article","isPartOf":{"@id":"https:\/\/now-news.de\/de\/deutschland\/vormarsch-am-frontabschnitt-donezk-eine-sache-der-juengeren\/"},"author":{"name":"rtnews","@id":"https:\/\/now-news.de\/de\/#\/schema\/person\/fb534a4e865501d8b3285208df34a9b5"},"headline":"Vormarsch am Frontabschnitt Donezk: Eine Sache der J\u00fcngeren","datePublished":"2024-10-30T13:43:18+00:00","dateModified":"2024-10-30T13:43:18+00:00","mainEntityOfPage":{"@id":"https:\/\/now-news.de\/de\/deutschland\/vormarsch-am-frontabschnitt-donezk-eine-sache-der-juengeren\/"},"wordCount":743,"commentCount":0,"publisher":{"@id":"https:\/\/now-news.de\/de\/#organization"},"image":{"@id":"https:\/\/now-news.de\/de\/deutschland\/vormarsch-am-frontabschnitt-donezk-eine-sache-der-juengeren\/#primaryimage"},"thumbnailUrl":"https:\/\/now-news.de\/de\/wp-content\/uploads\/sites\/3\/2024\/10\/Vormarsch-am-Frontabschnitt-Donezk-Eine-Sache-der-Juengeren.jpg","keywords":["der","Donezk","eine","Frontabschnitt","j\u00fcngeren","Sache","Vormarsch"],"articleSection":["Deutschland","Russland"],"inLanguage":"de","potentialAction":[{"@type":"CommentAction","name":"Comment","target":["https:\/\/now-news.de\/de\/deutschland\/vormarsch-am-frontabschnitt-donezk-eine-sache-der-juengeren\/#respond"]}]},{"@type":"WebPage","@id":"https:\/\/now-news.de\/de\/deutschland\/vormarsch-am-frontabschnitt-donezk-eine-sache-der-juengeren\/","url":"https:\/\/now-news.de\/de\/deutschland\/vormarsch-am-frontabschnitt-donezk-eine-sache-der-juengeren\/","name":"Vormarsch am Frontabschnitt Donezk: Eine Sache der J\u00fcngeren - just-now.NEWS Deutschland","isPartOf":{"@id":"https:\/\/now-news.de\/de\/#website"},"primaryImageOfPage":{"@id":"https:\/\/now-news.de\/de\/deutschland\/vormarsch-am-frontabschnitt-donezk-eine-sache-der-juengeren\/#primaryimage"},"image":{"@id":"https:\/\/now-news.de\/de\/deutschland\/vormarsch-am-frontabschnitt-donezk-eine-sache-der-juengeren\/#primaryimage"},"thumbnailUrl":"https:\/\/now-news.de\/de\/wp-content\/uploads\/sites\/3\/2024\/10\/Vormarsch-am-Frontabschnitt-Donezk-Eine-Sache-der-Juengeren.jpg","datePublished":"2024-10-30T13:43:18+00:00","dateModified":"2024-10-30T13:43:18+00:00","breadcrumb":{"@id":"https:\/\/now-news.de\/de\/deutschland\/vormarsch-am-frontabschnitt-donezk-eine-sache-der-juengeren\/#breadcrumb"},"inLanguage":"de","potentialAction":[{"@type":"ReadAction","target":["https:\/\/now-news.de\/de\/deutschland\/vormarsch-am-frontabschnitt-donezk-eine-sache-der-juengeren\/"]}]},{"@type":"ImageObject","inLanguage":"de","@id":"https:\/\/now-news.de\/de\/deutschland\/vormarsch-am-frontabschnitt-donezk-eine-sache-der-juengeren\/#primaryimage","url":"https:\/\/now-news.de\/de\/wp-content\/uploads\/sites\/3\/2024\/10\/Vormarsch-am-Frontabschnitt-Donezk-Eine-Sache-der-Juengeren.jpg","contentUrl":"https:\/\/now-news.de\/de\/wp-content\/uploads\/sites\/3\/2024\/10\/Vormarsch-am-Frontabschnitt-Donezk-Eine-Sache-der-Juengeren.jpg","width":460,"height":259,"caption":"Vormarsch am Frontabschnitt Donezk: Eine Sache der J\u00fcngeren"},{"@type":"BreadcrumbList","@id":"https:\/\/now-news.de\/de\/deutschland\/vormarsch-am-frontabschnitt-donezk-eine-sache-der-juengeren\/#breadcrumb","itemListElement":[{"@type":"ListItem","position":1,"name":"Home","item":"https:\/\/now-news.de\/de\/"},{"@type":"ListItem","position":2,"name":"Vormarsch am Frontabschnitt Donezk: Eine Sache der J\u00fcngeren"}]},{"@type":"WebSite","@id":"https:\/\/now-news.de\/de\/#website","url":"https:\/\/now-news.de\/de\/","name":"just-now.NEWS Deutschland","description":"Das Portal f\u00fcr unzensierte Nachrichten aus der Welt","publisher":{"@id":"https:\/\/now-news.de\/de\/#organization"},"potentialAction":[{"@type":"SearchAction","target":{"@type":"EntryPoint","urlTemplate":"https:\/\/now-news.de\/de\/?s={search_term_string}"},"query-input":"required name=search_term_string"}],"inLanguage":"de"},{"@type":"Organization","@id":"https:\/\/now-news.de\/de\/#organization","name":"Just Now News","url":"https:\/\/now-news.de\/de\/","logo":{"@type":"ImageObject","inLanguage":"de","@id":"https:\/\/now-news.de\/de\/#\/schema\/logo\/image\/","url":"http:\/\/just-now.news\/de\/wp-content\/uploads\/sites\/3\/2022\/04\/logo500x500.jpg","contentUrl":"http:\/\/just-now.news\/de\/wp-content\/uploads\/sites\/3\/2022\/04\/logo500x500.jpg","width":500,"height":500,"caption":"Just Now News"},"image":{"@id":"https:\/\/now-news.de\/de\/#\/schema\/logo\/image\/"},"sameAs":["https:\/\/www.facebook.com\/wirmachenauf","https:\/\/x.com\/WirMachenAuf_de"]},{"@type":"Person","@id":"https:\/\/now-news.de\/de\/#\/schema\/person\/fb534a4e865501d8b3285208df34a9b5","name":"rtnews","image":{"@type":"ImageObject","inLanguage":"de","@id":"https:\/\/now-news.de\/de\/#\/schema\/person\/image\/","url":"https:\/\/secure.gravatar.com\/avatar\/82aafea7d8127119dd649515f56e2117?s=96&d=mm&r=g","contentUrl":"https:\/\/secure.gravatar.com\/avatar\/82aafea7d8127119dd649515f56e2117?s=96&d=mm&r=g","caption":"rtnews"},"url":"https:\/\/now-news.de\/de\/author\/rnews\/"}]}},"_links":{"self":[{"href":"https:\/\/now-news.de\/de\/wp-json\/wp\/v2\/posts\/71686"}],"collection":[{"href":"https:\/\/now-news.de\/de\/wp-json\/wp\/v2\/posts"}],"about":[{"href":"https:\/\/now-news.de\/de\/wp-json\/wp\/v2\/types\/post"}],"author":[{"embeddable":true,"href":"https:\/\/now-news.de\/de\/wp-json\/wp\/v2\/users\/3"}],"replies":[{"embeddable":true,"href":"https:\/\/now-news.de\/de\/wp-json\/wp\/v2\/comments?post=71686"}],"version-history":[{"count":0,"href":"https:\/\/now-news.de\/de\/wp-json\/wp\/v2\/posts\/71686\/revisions"}],"wp:featuredmedia":[{"embeddable":true,"href":"https:\/\/now-news.de\/de\/wp-json\/wp\/v2\/media\/71687"}],"wp:attachment":[{"href":"https:\/\/now-news.de\/de\/wp-json\/wp\/v2\/media?parent=71686"}],"wp:term":[{"taxonomy":"category","embeddable":true,"href":"https:\/\/now-news.de\/de\/wp-json\/wp\/v2\/categories?post=71686"},{"taxonomy":"post_tag","embeddable":true,"href":"https:\/\/now-news.de\/de\/wp-json\/wp\/v2\/tags?post=71686"}],"curies":[{"name":"wp","href":"https:\/\/api.w.org\/{rel}","templated":true}]}}